{"id":96,"date":"2022-11-27T19:11:49","date_gmt":"2022-11-27T18:11:49","guid":{"rendered":"https:\/\/encyklopedia.mielec.pl\/?p=96"},"modified":"2023-02-06T11:58:15","modified_gmt":"2023-02-06T10:58:15","slug":"litera-c-2","status":"publish","type":"post","link":"https:\/\/encyklopedia.mielec.pl\/?p=96","title":{"rendered":"Litera \u0106"},"content":{"rendered":"\r\n<p><strong>\u0106MIELOWSKI JAN<\/strong>, mieszkaniec Mielca, uczestnik powstania styczniowego 1863 r. Walczy\u0142 w oddziale p\u0142k. Dionizego Czachowskiego i zosta\u0142 ranny w nog\u0119 w bitwie z wojskiem rosyjskim pod Rybnic\u0105 (w Kieleckiem) 20 X 1863 r.<\/p>\r\n\r\n\r\n\r\n<p><strong>\u0106WI\u0104KA\u0141A FRANCISZEK<\/strong>, urodzony 6 II 1952 r. we Wroc\u0142awiu, syn Edwarda i Bronis\u0142awy z domu Kampinos. Zamieszka\u0142y w Mielcu. Absolwent Technikum Mechanicznego (specjalno\u015b\u0107: obr\u00f3bka skrawaniem) w Mielcu. Pracowa\u0142 w WSK \u201ePZL-Mielec do 1993 r., z dwuletni\u0105 przerw\u0105 na kontrakt zagraniczny, a nast\u0119pnie w mieleckiej Fabryce Samochod\u00f3w \u201eGEPARD\u201d i KIRHAM-MOTOR-SPORT. Od 1973 r. jest cz\u0142onkiem Klubu Honorowych Dawc\u00f3w Krwi im. J. Aleksandrowicza przy WSK \u201ePZL-Mielec\u201d. Do 2000 r. odda\u0142 32 500 ml krwi.<\/p>\r\n\r\n\r\n\r\n<p><strong><img loading=\"lazy\" decoding=\"async\" class=\"alignleft size-full wp-image-872\" src=\"https:\/\/encyklopedia.mielec.pl\/wp-content\/uploads\/2022\/11\/cwieka_annna2.jpg\" alt=\"\" width=\"115\" height=\"150\" \/>\u0106WI\u0118KA ANNA PATRICIA\u00a0<\/strong>urodzona 4 XII 1989 r. w Walnut Creek (USA), c\u00f3rka Mieczys\u0142awa i Krystyny z domu Piszczek. Absolwentka II Liceum Og\u00f3lnokszta\u0142c\u0105cego im. M. Kopernika w Mielcu, matur\u0119 zda\u0142a w 2008 r. W konkursie og\u00f3lnopolskim wygra\u0142a indeks i stypendium naukowe w Warszawskiej Szkole Filmowej Bogus\u0142awa Lindy i Macieja \u015alesickiego. Studia na Wydziale Aktorskim tej uczelni uko\u0144czy\u0142a w 2010 r. Uzyska\u0142a tak\u017ce dyplom Spo\u0142ecznej Akademii Nauk \u2013 Dziennikarstwo i Komunikacja Spo\u0142eczna (specjalizacja telewizyjna). Uczestniczy\u0142a w wielu warsztatach specjalistycznych, m.in. telewizyjnych, radiowych, prasowych, pantomimicznych i piosenkarskich oraz obozie konno-szermierczym i kaskaderskim. W czasie studi\u00f3w w WSF zagra\u0142a w sztukach teatralnych: *2008 r. &#8211; Z\u0142oty ch\u0142opak Cliford Odets, rola: Lorna (re\u017c. Krzysztof Rogulski), *2009 r. \u2013 Przerwana lekcja muzyki Susanny Keysen, rola: Susanna (re\u017c. El\u017cbieta S\u0142oboda), Tramwaj zwany po\u017c\u0105daniem Tenessee Wiliams, rola: Blanche (re\u017c. El\u017cbieta S\u0142oboda), *2010 r. \u2013 Idiota Fiodora Dostojewskiego, rola: Ag\u0142aja (re\u017c. Andrzej Domalik), Hamlet Wiliama Szekspira, rola: Ofelia (rez. Andrzej Domalik), Damska toaleta Rudolfo Santany, rola: Dilka (re\u017c. El\u017cbieta S\u0142oboda, Ma\u0142gorzata \u0141azarkiewicz), Cokolwiek si\u0119 zdarzy, kocham ci\u0119 Przemys\u0142awa Wojcieszka, rola: Magda (re\u017c. E. S\u0142oboda), Top Girls Caryl Churchill, rola: Joyce (rez. E. S\u0142oboda) i Blask \u017cycia Rebeca Gilman, rola: Lisa (re\u017c. E. S\u0142oboda). Gra\u0142a r\u00f3wnie\u017c w filmach: *2010 r.: Usta usta (rola: Dziewczyna) &#8211; TVN, Malanowski i partnerzy (rola: Sara Ko\u0142odziejczyk) &#8211; Polsat, Knorr (rola: G\u00f3ralka), Oni nielegalni \u2013 Jolanta R., *2011 r.: Na dobre i na z\u0142e (rola: piel\u0119gniarka Kinga) \u2013 TVP 2, S\u0119dzia Anna Maria Weso\u0142owska (rola: Protokolantka Ania) \u2013 TVN, M jak Mi\u0142o\u015b\u0107 (rola: Nadia) \u2013 TVP 2, Prosto w serce (rola: Kasjerka) &#8211; TVN, G\u0142\u0119boka cisza (rola: Monika Zawadzka) \u2013 Danten-film, *2012 r.: Barwy szcz\u0119\u015bcia (rola: Klientka) \u2013 TVP 2, M jak Mi\u0142o\u015b\u0107 (rola: Aneta) \u2013 TVP 2, Na Wsp\u00f3lnej (rola: Natalia) \u2013 TVN. *2013 r.: Na dobre i z\u0142e (rola: piel\u0119gniarka Kinga), Barwy szcz\u0119\u015bcia (rola: klientka fitness-clubu). *2014 r.: Na dobre i z\u0142e (rola: piel\u0119gniarka Kinga), Barwy szcz\u0119\u015bcia (rola: klientka fitness-clubu). *2015 r.: Na dobre i z\u0142e (rola: piel\u0119gniarka Kinga), Barwy szcz\u0119\u015bcia (rola: klientka fitness-clubu), Na sygnale (rola: piel\u0119gniarka). Ponadto: do 2019 r. Na Wsp\u00f3lnej (2 role: Natalia, recepcjonistka) i do 2019 r. Klan (rola: piel\u0119gniarka w Centrum Medycznym &#8222;El-Med&#8221;).<\/p>\r\n\r\n\r\n\r\n<p><strong><img loading=\"lazy\" decoding=\"async\" class=\"alignleft  wp-image-3868\" src=\"https:\/\/encyklopedia.mielec.pl\/wp-content\/uploads\/2022\/11\/Cwieka-Agata-230x300.jpg\" alt=\"\" width=\"123\" height=\"160\" srcset=\"https:\/\/encyklopedia.mielec.pl\/wp-content\/uploads\/2022\/11\/Cwieka-Agata-230x300.jpg 230w, https:\/\/encyklopedia.mielec.pl\/wp-content\/uploads\/2022\/11\/Cwieka-Agata-785x1024.jpg 785w, https:\/\/encyklopedia.mielec.pl\/wp-content\/uploads\/2022\/11\/Cwieka-Agata-768x1002.jpg 768w, https:\/\/encyklopedia.mielec.pl\/wp-content\/uploads\/2022\/11\/Cwieka-Agata.jpg 1074w\" sizes=\"auto, (max-width: 123px) 100vw, 123px\" \/>\u0106WI\u0118KA AGATA MARIA (z domu CZERWI\u0143SKA)<\/strong>, urodzona 2 II 1971 r. w Mielcu, c\u00f3rka Teodora i Florentyny z domu Bratek. Absolwentka Liceum Medycznego w Mielcu z matur\u0105 w 1991 r. Rada Pedagogiczna LM nada\u0142a jej Odznak\u0119 \u201eWyr\u00f3\u017cniona za Prac\u0119 Spo\u0142eczn\u0105\u201d. W latach 1996-2000 pracowa\u0142a jako piel\u0119gniarka w Lokalnym Domu Pomocy Spo\u0142ecznej w Mielcu. R\u00f3wnocze\u015bnie studiowa\u0142a na Wydziale Prawa i Administracji (kierunek: administracja) Uniwersytetu Marii Curie-Sk\u0142odowskiej w Lublinie Filia w Rzeszowie i w 2001 r. otrzyma\u0142a tytu\u0142 magistra, a nast\u0119pnie uko\u0144czy\u0142a studia podyplomowe na kierunku: organizacja pomocy spo\u0142ecznej w Uniwersytecie Rzeszowskim. W latach 2000-2001 pe\u0142ni\u0142a funkcj\u0119 kierownika dzia\u0142u opieku\u0144czo-terapeutycznego w mieleckim Domu Pomocy Spo\u0142ecznej. W 2001 r. zosta\u0142a zast\u0119pc\u0105 dyrektora Domu Pomocy Spo\u0142ecznej i na tym stanowisku pracowa\u0142a do 2015 r. Podnosz\u0105c swoje kwalifikacje, w Wy\u017cszej Szkole In\u017cynieryjno-Ekonomicznej w Rzeszowie uko\u0144czy\u0142a studia licencjackie na kierunku: nauki o rodzinie, specjalno\u015b\u0107: praca socjalna. W 2016 r. powierzono jej funkcj\u0119 naczelnika Wydzia\u0142u Spraw Spo\u0142ecznych i Zdrowia Urz\u0119du Miejskiego w Mielcu. Anga\u017cuje si\u0119 spo\u0142ecznie, m.in. od 2011 r. jest przewodnicz\u0105c\u0105 Rady Rodzic\u00f3w Zespo\u0142u Szk\u00f3\u0142 w Podleszanach. Od 2015 r. jest cz\u0142onkiem Mieleckiej Rady Dzia\u0142alno\u015bci Po\u017cytku Publicznego w Mielcu jako przedstawiciel Prezydenta Miasta Mielca.<\/p>\r\n\r\n\r\n\r\n<p><strong>\u0106WI\u0118KA\u0141A TADEUSZ<\/strong>, urodzony 20 I 1935 r. w Zakopanem, syn W\u0142adys\u0142awa i Marii z domu Dzik. W latach pi\u0119\u0107dziesi\u0105tych przyby\u0142 do Mielca i zosta\u0142 zatrudniony w WSK oraz przyj\u0119ty do sekcji siatk\u00f3wki \u201eStali\u201d. Graj\u0105c w jej barwach, przyczyni\u0142 si\u0119 do awansu do II ligi w 1957 r., a nast\u0119pnie awansu do ekstraklasy w 1959 r. P\u00f3\u017aniej kilkakrotnie doznawa\u0142 goryczy spadku do II ligi oraz rado\u015bci z kolejnych awans\u00f3w do ekstraklasy i zdobycia kilku cennych trofe\u00f3w, m.in. Pucharu CRZZ w 1960 r. Karier\u0119 wyczynow\u0105 sko\u0144czy\u0142 w 1970 r. W p\u00f3\u017aniejszych latach prowadzi\u0142 us\u0142ugi transportowe (taxi) i prywatn\u0105 dzia\u0142alno\u015b\u0107 gospodarcz\u0105. Zmar\u0142 27 II 1998 r. Pochowany na cmentarzu komunalnym w Mielcu.<\/p>\r\n\r\n\r\n\r\n<p><strong><img loading=\"lazy\" decoding=\"async\" class=\"alignleft size-full wp-image-873\" src=\"https:\/\/encyklopedia.mielec.pl\/wp-content\/uploads\/2022\/11\/cwik_bartosz.jpg\" alt=\"\" width=\"116\" height=\"150\" \/>\u0106WIK BARTOSZ JACEK<\/strong>, urodzony 16 II 1987 r. w Mielcu, syn Janusza i Anny z Modelskich. Absolwent Technikum Samochodowego w Zespole Szk\u00f3\u0142 Technicznych w Mielcu. Trial rowerowy \u2013 konkurencj\u0119 kolarsk\u0105 polegaj\u0105c\u0105 na pokonywaniu naturalnych i sztucznych przeszk\u00f3d rowerem \u2013 zacz\u0105\u0142 uprawia\u0107 w 2004 r. jako cz\u0142onek sekcji kolarskiej \u201eGo \u2013 Ride\u201d w ramach Automobilklubu Mieleckiego. W latach 2005-2007 by\u0142 cz\u0142onkiem Towarzystwa Gimnastycznego \u201eSok\u00f3\u0142\u201d. W tym czasie dru\u017cyna \u201eSoko\u0142a\u201d w sk\u0142adzie: Bartosz \u0106wik, \u0141ukasz Szcz\u0119sny, Maciej Maruszak, Mateusz Mulica, Kornel Krawczyk i Sylwia Przetacznik dwukrotnie (2006, 2007) zdoby\u0142a br\u0105zowe medale na Dru\u017cynowych Mistrzostwach Polski w Trialu Rowerowym. W 2007 r. na Mistrzostwach Polski indywidualnie w kategorii \u201eElita 26\u201d zdoby\u0142 4. miejsce i zadebiutowa\u0142 w reprezentacji Polski na Mistrzostwach Europy w Trialu Rowerowym w Ksi\u0105\u017cu. Od 2008 r. jest zawodnikiem Stowarzyszenia Kolarskiego Stal Mielec i kolarzem Teamu koxx.pl \u2013 francuskiego producenta rower\u00f3w. W czasie Indywidualnych Mistrzostw Polski \u2013 2008 w \u015awidniku w kategorii \u201eElita 26\u201d zdoby\u0142 srebrny medal. Ponadto wielokrotnie stawa\u0142 na podium zawod\u00f3w trialowych w krajowej i mi\u0119dzynarodowej obsadzie. Dla spopularyzowania trialu rowerowego od 2006 r. wraz z ojcem (by\u0142ym lekkoatlet\u0105 &#8211; biegaczem Stali Mielec) w czasie wakacji prowadzi\u0142 cykl zaj\u0119\u0107 dla dzieci i m\u0142odzie\u017cy \u201eWakacje z trialem\u201d. Bierze te\u017c udzia\u0142 w pokazach oraz spotkaniach, kt\u00f3rych celem jest propagowanie bezpiecznej jazdy na rowerze. Startowa\u0142 w trialu kolarskim, jako zawodnik Stowarzyszenia Kolarskiego Stal Mielec i reprezentant Polski. Osi\u0105gni\u0119cia: *2009 r. \u2013 Mi\u0119dzynarodowe Zawody Silesia Cup Trial (Katowice) \u2013 2. miejsce, Underground Trial Challange (Zabrze) \u2013 1. miejsce; *2010 r. \u2013 Mistrzostwa Polski (\u015awidnik) \u2013 wicemistrzostwo Polski w kategorii Elita 26, Silesia Cup Trial (Katowice) \u2013 2. miejsce, Hitachi Cup Trial (Mielec) \u2013 1. miejsce w kategorii Elita 26, Puchar Europy, runda fina\u0142owa (Sucha Beskidzka) \u2013 4. miejsce, Dru\u017cynowe Mistrzostwa Polski \u2013 3. miejsce (w dru\u017cynie Stal Mielec); *2011 r. \u2013 Mistrzostwa Polski (Sucha Beskidzka) &#8211; III miejsce i tytu\u0142 II wicemistrza Polski w kategorii Elita 26, Puchar \u015awiata w Trialu (Ksi\u0105\u017c ko\u0142o Wa\u0142brzycha) \u2013 21. miejsce; *2012 r. \u2013 Mistrzostwa Polski (Tarnawa i Strysz\u00f3w) \u2013 5. miejsce w kategorii Elita, I runda Dru\u017cynowych Mistrzostw Polski (My\u015blenice) \u2013 3. miejsce w kategorii Elita i 3. miejsce dru\u017cynowo (Stal Mielec), II runda Dru\u017cynowych Mistrzostw Polski (Zawoja) \u2013 3. miejsce w kategorii Elita i 4. miejsce dru\u017cynowo (Stal Mielec).<\/p>\r\n\r\n\r\n\r\n<p><strong>\u0106WIKLI\u0143SKIEJ MIECZYS\u0141AWY (ULICA)<\/strong>, jedna z d\u0142u\u017cszych ulic (621 m) na terenie G\u00f3rki Wojs\u0142awskiej, na osiedlu Wolno\u015bci. Biegnie od ul. J. Korczaka, pomi\u0119dzy domami jednorodzinnymi, do ul. J. Korczaka po linii zbli\u017conej kszta\u0142tem do litery F. Stoj\u0105 przy niej niewielkie, ale wa\u017cne obiekty \u2013 kapliczka Matki Bo\u017cej i obelisk upami\u0119tniaj\u0105cy ofiary hitlerowskiej akcji odwetowej. Status ulicy i nazw\u0119 otrzyma\u0142a w 1973 r., ale istnia\u0142a znacznie wcze\u015bniej. W 2012 r. wykonano remont ulicy, w ramach kt\u00f3rego po\u0142o\u017cono now\u0105 nawierzchni\u0119 asfaltow\u0105 i chodniki z p\u0142ytek betonowych.<\/p>\r\n\r\n\r\n\r\n<p>Jej patronk\u0105 jest jedna z najwybitniejszych artystek polskiego teatru i filmu \u2013 MIECZYS\u0141AWA \u0106WIKLI\u0143SKA (1880-1972). W teatrze gra\u0142a od 1900 r., a w filmie od 1933 r. w niezliczonej ilo\u015bci r\u00f3l, najcz\u0119\u015bciej g\u0142\u00f3wnych.<\/p>\r\n\r\n\r\n\r\n<p><strong>\u0106WIK\u0141A KRZYSZTOF<\/strong>, urodzony 7 VII 1966 r. w Nowej Sarzynie. Pierwsze treningi lekkoatletyczne odbywa\u0142 w szkolnym klubie w Kury\u0142\u00f3wce pod opiek\u0105 nauczyciela S. Josse. Stamt\u0105d \u015bci\u0105gn\u0105\u0142 go do Mielca i trenowa\u0142 w Stali Stanis\u0142aw Zio\u0142o. Zdoby\u0142 te\u017c wykszta\u0142cenie zawodowe w Zespole Szk\u00f3\u0142 Technicznych w Mielcu. Specjalizowa\u0142 si\u0119 w biegach \u015brednich. W 1985 r. zdoby\u0142 w Rzeszowie tytu\u0142 mistrza Polski junior\u00f3w na dystansie 1 500 m (3:51,34) Zosta\u0142 powo\u0142any do kadry narodowej junior\u00f3w, a nast\u0119pnie do kadry m\u0142odzie\u017cowej i kilkakrotnie reprezentowa\u0142 Polsk\u0119 na zawodach mi\u0119dzypa\u0144stwowych. By\u0142 wsp\u00f3\u0142autorem awansu dru\u017cyny lekkoatletycznej Stali Mielec do ekstraklasy. W okresie 1986-1988 w ramach s\u0142u\u017cby wojskowej startowa\u0142 w barwach Wawelu Krak\u00f3w, po czym powr\u00f3ci\u0142 do Mielca. Ju\u017c jako senior zdoby\u0142 br\u0105zowe medale Halowych MP w biegu na 1 500 m w 1990 r. i 1991 r. oraz z\u0142oty medal i tytu\u0142 mistrza Polski w HMP w biegu na 1 500 m w 1992 r. (3:50,95). Reprezentowa\u0142 Polsk\u0119 m.in. w sze\u015bciomeczu halowym w paryskiej hali \u201eBarcy\u201d. Karier\u0119 sportow\u0105 sko\u0144czy\u0142 w 1993 r. Przez pewien czas przebywa\u0142 za granic\u0105, a po powrocie prowadzi w\u0142asn\u0105 dzia\u0142alno\u015b\u0107 gospodarcz\u0105.<\/p>\r\n\r\n\r\n\r\n<p><strong><img loading=\"lazy\" decoding=\"async\" class=\"alignleft size-full wp-image-874\" src=\"https:\/\/encyklopedia.mielec.pl\/wp-content\/uploads\/2022\/11\/cwiok_stefan.jpg\" alt=\"\" width=\"116\" height=\"150\" \/>\u0106WIOK STEFAN<\/strong>, urodzony 8 V 1931 r. w Jastrz\u0105bce Starej, powiat d\u0119bicki, syn Franciszka i Marii Jawie\u0144. Absolwent Gimnazjum w Tarnowie. Po maturze w 1951 r. rozpocz\u0105\u0142 prac\u0119 zawodow\u0105 w mieleckim MZBM jako rachmistrz, ale jeszcze w tym samym roku zosta\u0142 powo\u0142any do s\u0142u\u017cby wojskowej. W latach 1954-1958 pracowa\u0142 jako zast\u0119pca Powiatowego Pe\u0142nomocnika Ministra Skupu w Mielcu, a w latach 1959-1973 w Prezydium Powiatowej Rady Narodowej w Mielcu pe\u0142ni\u0142 funkcje: kierownika Wydzia\u0142u Skupu, kierownika Wydzia\u0142u Organizacyjno-Prawnego i przewodnicz\u0105cego Powiatowej Komisji Planowania Gospodarczego. W 1970 r. uko\u0144czy\u0142 studia na Wydziale Prawa i Administracji Uniwersytetu Jagiello\u0144skiego w Krakowie i otrzyma\u0142 tytu\u0142 magistra administracji. 9 XII 1973 r. zosta\u0142 powo\u0142any na stanowisko naczelnika powiatu mieleckiego, a po likwidacji powiat\u00f3w (w ramach reformy podzia\u0142u administracyjnego Polski) 16 VI 1975 r. powierzono mu stanowisko naczelnika miasta Mielca. Obejmowa\u0142 je do 30 IX 1978 r. Sprawuj\u0105c te wa\u017cne funkcje, przyczyni\u0142 si\u0119 do dynamicznego rozwoju Mielca i powiatu mieleckiego. W okresie od 1 X 1978 r. do 31 XII 1981 r. pracowa\u0142 w Mieleckim Przedsi\u0119biorstwie Budowlanym jako g\u0142\u00f3wny specjalista ds. zatrudnienia i p\u0142ac, a 1 I 1982 r. przeszed\u0142 na wcze\u015bniejsz\u0105 emerytur\u0119. Odznaczony m.in. Krzy\u017cem Kawalerskim OOP i szeregiem odznacze\u0144 resortowych. Zmar\u0142 3 III 1997 r. Pochowany na cmentarzu komunalnym w Mielcu.<\/p>\r\n","protected":false},"excerpt":{"rendered":"<p>\u0106MIELOWSKI JAN, mieszkaniec Mielca, uczestnik powstania styczniowego 1863 r. Walczy\u0142 w oddziale p\u0142k. Dionizego Czachowskiego i zosta\u0142 ranny w nog\u0119 w bitwie z wojskiem rosyjskim pod Rybnic\u0105 (w Kieleckiem) 20 X 1863 r. \u0106WI\u0104KA\u0141A FRANCISZEK, urodzony 6 II 1952 r. we Wroc\u0142awiu, syn Edwarda i Bronis\u0142awy z domu Kampinos. Zamieszka\u0142y w Mielcu. Absolwent Technikum Mechanicznego [&hellip;]<\/p>\n","protected":false},"author":1,"featured_media":0,"comment_status":"closed","ping_status":"open","sticky":false,"template":"","format":"standard","meta":{"footnotes":""},"categories":[3],"tags":[],"class_list":["post-96","post","type-post","status-publish","format-standard","hentry","category-hasla"],"_links":{"self":[{"href":"https:\/\/encyklopedia.mielec.pl\/index.php?rest_route=\/wp\/v2\/posts\/96","targetHints":{"allow":["GET"]}}],"collection":[{"href":"https:\/\/encyklopedia.mielec.pl\/index.php?rest_route=\/wp\/v2\/posts"}],"about":[{"href":"https:\/\/encyklopedia.mielec.pl\/index.php?rest_route=\/wp\/v2\/types\/post"}],"author":[{"embeddable":true,"href":"https:\/\/encyklopedia.mielec.pl\/index.php?rest_route=\/wp\/v2\/users\/1"}],"replies":[{"embeddable":true,"href":"https:\/\/encyklopedia.mielec.pl\/index.php?rest_route=%2Fwp%2Fv2%2Fcomments&post=96"}],"version-history":[{"count":0,"href":"https:\/\/encyklopedia.mielec.pl\/index.php?rest_route=\/wp\/v2\/posts\/96\/revisions"}],"wp:attachment":[{"href":"https:\/\/encyklopedia.mielec.pl\/index.php?rest_route=%2Fwp%2Fv2%2Fmedia&parent=96"}],"wp:term":[{"taxonomy":"category","embeddable":true,"href":"https:\/\/encyklopedia.mielec.pl\/index.php?rest_route=%2Fwp%2Fv2%2Fcategories&post=96"},{"taxonomy":"post_tag","embeddable":true,"href":"https:\/\/encyklopedia.mielec.pl\/index.php?rest_route=%2Fwp%2Fv2%2Ftags&post=96"}],"curies":[{"name":"wp","href":"https:\/\/api.w.org\/{rel}","templated":true}]}}