{"id":88,"date":"2022-11-27T18:39:59","date_gmt":"2022-11-27T17:39:59","guid":{"rendered":"https:\/\/encyklopedia.mielec.pl\/?p=88"},"modified":"2024-06-14T08:28:40","modified_gmt":"2024-06-14T06:28:40","slug":"litera-v","status":"publish","type":"post","link":"https:\/\/encyklopedia.mielec.pl\/?p=88","title":{"rendered":"Litera V"},"content":{"rendered":"\r\n<p><strong><img loading=\"lazy\" decoding=\"async\" class=\"alignleft size-full wp-image-3004\" src=\"https:\/\/encyklopedia.mielec.pl\/wp-content\/uploads\/2022\/11\/verstandig_mark.jpg\" alt=\"\" width=\"112\" height=\"150\" \/>VERSTANDIG MARK<\/strong>, urodzony 7 I 1912 r. w Mielcu, w chasydzkiej rodzinie \u017cydowskiej. Absolwent Pa\u0144stwowego Gimnazjum im. S. Konarskiego w Mielcu, matur\u0119 zda\u0142 w 1932 r. W 1936 r. uko\u0144czy\u0142 studia prawnicze na Uniwersytecie Jagiello\u0144skim w Krakowie. Powr\u00f3ci\u0142 do Mielca i za\u0142o\u017cy\u0142 kancelari\u0119 prawnicz\u0105. Funkcjonowa\u0142a tak\u017ce w czasie okupacji hitlerowskiej do pierwszych dni marca 1942 r., kiedy to Niemcy deportowali \u017byd\u00f3w z Mielca. M. Verstandigowi i jego \u017conie Friedzie uda\u0142o si\u0119 uciec przed deportacj\u0105 i prze\u017cy\u0107 wojn\u0119 w skrytkach u kilku polskich rodzin, najd\u0142u\u017cej u Stefanii i Franciszka Markowskich w Chrz\u0105stowie. W 1946 r. wyjechali z Polski i zamieszkali w Monachium, a nast\u0119pnie w Pary\u017cu. W 1952 r. zdecydowali si\u0119 na opuszczenie Europy, wyemigrowali do Australii i w Melbourne zamieszkali na sta\u0142e. W 1995 r. M. V. wyda\u0142 w Melbourne ksi\u0105\u017ck\u0119 w j\u0119zyku angielskim \u201eI rest my case\u201d (\u201eNa tym chcia\u0142bym zako\u0144czy\u0107\u201d). Opisa\u0142 w niej swoje \u017cycie, sporo miejsca po\u015bwi\u0119caj\u0105c Mielcowi i ukrywaniu si\u0119 u Markowskich w Chrz\u0105stowie. Zmar\u0142 30 VI 2002 r. w Melbourne.<\/p>\r\n\r\n\r\n\r\n<p><strong>VIDOK SP. Z O.O.<\/strong>, firma produkuj\u0105ca elementy budowlane z tworzyw sztucznych. Powsta\u0142a w 1993 r. Siedziba sp\u00f3\u0142ki znajduje si\u0119 w Rudnej Ma\u0142ej. Wysoka jako\u015b\u0107 wytwarzanych produkt\u00f3w spowodowa\u0142a, \u017ce firma systematycznie rozwija\u0142a si\u0119 i w kr\u00f3tkim czasie sta\u0142a si\u0119 czo\u0142owym producentem wymienionego asortymentu w kraju. Jako EUROCAST Sp. z o.o. otrzyma\u0142a zezwolenie na prowadzenie dzia\u0142alno\u015bci gospodarczej na terenie SSE EURO-PARK MIELEC 9 VII 1996 r. P\u00f3\u017aniej zmieni\u0142a nazw\u0119 na VIDOK. Jej mielecki zak\u0142ad ulokowano\u00a0 w zachodniej cz\u0119\u015bci SSE, przy ul. Strefowej. \u00a0\u00a0<\/p>\r\n\r\n\r\n\r\n<p><strong>VILA NOVA DE POIARES<\/strong>, portugalskie miasto partnerskie Mielca. Le\u017cy w centralnej cz\u0119\u015bci Portugalii (dystrykt Coimbra), w dorzeczu rzeki Mondego, u podn\u00f3\u017ca pasma g\u00f3rskiego Serra da Estrela. Jest siedzib\u0105 gminy. Liczy oko\u0142o 7 500 mieszka\u0144c\u00f3w. Posiada rozwini\u0119te r\u0119kodzielnictwo, kt\u00f3re chlubi si\u0119 bogatymi tradycjami. Szczeg\u00f3lnie wysoki poziom prezentuj\u0105 wyroby garncarskie i koszykarskie. Pomy\u015blnie rozwija si\u0119 strefa przemys\u0142owa, w kt\u00f3rej przewa\u017caj\u0105 inwestorzy zagraniczni. Baz\u0119 o\u015bwiatow\u0105 stanowi\u0105 2 szko\u0142y \u015brednie, gimnazjum i szko\u0142y podstawowe. Wa\u017cn\u0105 rol\u0119 w \u017cyciu spo\u0142ecznym miasta odgrywa stra\u017c po\u017carna. Kontakty Mielca z Vila Nova de Poiares rozpocz\u0119\u0142y si\u0119 w 1997 r. od spotkania delegacji miast we francuskim Douchy-les-Mines, kt\u00f3re jest dla obu miastem partnerskim. Gor\u0105cym or\u0119downikiem nawi\u0105zania wsp\u00f3\u0142pracy by\u0142 mer miasta portugalskiego Jaime Carlos Marta Soares. W czasie jego wizyty w Mielcu w 1998 r. uzgodniono zakres i rozpocz\u0119cie planowej wsp\u00f3\u0142pracy. W 2000 r. trzy wymienione miasta zorganizowa\u0142y Mi\u0119dzynarodowy Konkurs Fotograficzny \u201eMoje miasto w obiektywie 2000\u201d. W czerwcu 2001 r. zesp\u00f3\u0142 folklorystyczny z Vila Nova de Poiares uczestniczy\u0142 w M\u0142odzie\u017cowym Tygodniu Integracji Europejskiej w Mielcu. Z zespo\u0142em go\u015bci\u0142a delegacja w\u0142adz miasta i podpisano \u201eUmow\u0119 o wymianie kulturalnej, sportowej i gospodarczej\u201d. W rewan\u017cu grupa m\u0142odzie\u017cy z Zespo\u0142u Szk\u00f3\u0142 Technicznych przebywa\u0142a w Portugalii w dniach 30 XI \u2013 9 XII 2001 r. W kolejnych latach rozwijano wsp\u00f3\u0142prac\u0119 poprzez wizyty grup m\u0142odzie\u017cowych, a w 2006 r. go\u015bci\u0142 w Portugalii ZPiT \u201eRzeszowiacy\u201d. W 2022 r. delegacja miasta i zesp\u00f3\u0142 ludowy go\u015bci\u0142y w Mielcu na Spotkaniu Miasta Partnerskich Mielca. W 2022 r. rozpocz\u0119to realizacj\u0119 projektu mi\u0119dzynarodowego pt. Digital\u00a0 &amp; Dematerialization Municipalities w ramach programu Erazmus Plus, z udzia\u0142em miast: Vila Nova de Poiares, Mielec i Liepaja (\u0141otwa) oraz portugalskiej organizacji IEBA Centro de Iniciativas Empresarias e Sociais, w zakresie cyfryzacji us\u0142ug publicznych. W 12-15 VI 2024 r. go\u015bci\u0142a w Mielcu delegacja miasta w ramach projektu Active Ageing Exchange (AAE) &#8211; aktywizacja os\u00f3b starszych.<\/p>\r\n<p>Merowie od 1997 r.: Jaime Carlos Marta Soares (-2013), Joao Miguel Henriques (2013-nadal).<\/p>\r\n\r\n\r\n\r\n<p><strong>VILLA GLASS STUDIO SP. Z O.O.<\/strong>, firma dzia\u0142aj\u0105ca w SSE EURO-PARK MIELEC od wrze\u015bnia 2001 r. na podstawie zezwolenia z 5 XII 2000 r. Zosta\u0142a utworzona przez kro\u015bnie\u0144sk\u0105 firm\u0119 VILLA WIES\u0141AWA OWOC \u2013 producenta \u017celu parafinowego. Adres: ul. Wojska Polskiego 3.<\/p>\r\n","protected":false},"excerpt":{"rendered":"<p>VERSTANDIG MARK, urodzony 7 I 1912 r. w Mielcu, w chasydzkiej rodzinie \u017cydowskiej. Absolwent Pa\u0144stwowego Gimnazjum im. S. Konarskiego w Mielcu, matur\u0119 zda\u0142 w 1932 r. W 1936 r. uko\u0144czy\u0142 studia prawnicze na Uniwersytecie Jagiello\u0144skim w Krakowie. Powr\u00f3ci\u0142 do Mielca i za\u0142o\u017cy\u0142 kancelari\u0119 prawnicz\u0105. Funkcjonowa\u0142a tak\u017ce w czasie okupacji hitlerowskiej do pierwszych dni marca 1942 [&hellip;]<\/p>\n","protected":false},"author":1,"featured_media":0,"comment_status":"closed","ping_status":"open","sticky":false,"template":"","format":"standard","meta":{"footnotes":""},"categories":[3],"tags":[],"class_list":["post-88","post","type-post","status-publish","format-standard","hentry","category-hasla"],"_links":{"self":[{"href":"https:\/\/encyklopedia.mielec.pl\/index.php?rest_route=\/wp\/v2\/posts\/88","targetHints":{"allow":["GET"]}}],"collection":[{"href":"https:\/\/encyklopedia.mielec.pl\/index.php?rest_route=\/wp\/v2\/posts"}],"about":[{"href":"https:\/\/encyklopedia.mielec.pl\/index.php?rest_route=\/wp\/v2\/types\/post"}],"author":[{"embeddable":true,"href":"https:\/\/encyklopedia.mielec.pl\/index.php?rest_route=\/wp\/v2\/users\/1"}],"replies":[{"embeddable":true,"href":"https:\/\/encyklopedia.mielec.pl\/index.php?rest_route=%2Fwp%2Fv2%2Fcomments&post=88"}],"version-history":[{"count":0,"href":"https:\/\/encyklopedia.mielec.pl\/index.php?rest_route=\/wp\/v2\/posts\/88\/revisions"}],"wp:attachment":[{"href":"https:\/\/encyklopedia.mielec.pl\/index.php?rest_route=%2Fwp%2Fv2%2Fmedia&parent=88"}],"wp:term":[{"taxonomy":"category","embeddable":true,"href":"https:\/\/encyklopedia.mielec.pl\/index.php?rest_route=%2Fwp%2Fv2%2Fcategories&post=88"},{"taxonomy":"post_tag","embeddable":true,"href":"https:\/\/encyklopedia.mielec.pl\/index.php?rest_route=%2Fwp%2Fv2%2Ftags&post=88"}],"curies":[{"name":"wp","href":"https:\/\/api.w.org\/{rel}","templated":true}]}}