{"id":86,"date":"2022-11-27T18:40:49","date_gmt":"2022-11-27T17:40:49","guid":{"rendered":"https:\/\/encyklopedia.mielec.pl\/?p=86"},"modified":"2026-01-17T17:48:41","modified_gmt":"2026-01-17T16:48:41","slug":"litera-u","status":"publish","type":"post","link":"https:\/\/encyklopedia.mielec.pl\/?p=86","title":{"rendered":"Litera U"},"content":{"rendered":"\r\n<p><strong>UCZNIOWSKIE KLUBY SPORTOWE<\/strong>, stowarzyszenia sportowe dzia\u0142aj\u0105ce przy szko\u0142ach. Ich g\u0142\u00f3wnym celem jest upowszechnianie sportu i rekreacji w\u015br\u00f3d uczni\u00f3w szko\u0142y macierzystej, a ponadto organizowanie r\u00f3\u017cnych form wsp\u00f3\u0142zawodnictwa sportowego. Pierwszym klubem tego typu w Mielcu by\u0142 UKS \u201eOrlik\u201d przy Szkole Podstawowej nr 8, kt\u00f3ry zosta\u0142 zarejestrowany w Urz\u0119dzie Wojew\u00f3dzkim w Rzeszowie 26 V 1994 r. Wi\u0119ksze mo\u017cliwo\u015bci organizacyjne i finansowe \u201eOrlika\u201d, jako stowarzyszenia, poparte sukcesami ju\u017c na pocz\u0105tku dzia\u0142alno\u015bci, sta\u0142y si\u0119 bod\u017acem do powstawania nast\u0119pnych UKS-\u00f3w. Aktualnie funkcjonuj\u0105: \u201eJedynka\u201d przy SP 1, \u201eMustang\u201d przy SP 3, \u201eIkar\u201d przy SP 6, \u201eSprinter\u201d przy SP 9, \u201eOlimp\u201d przy SP-11, \u201eOrlik\u201d przy Zespole Szk\u00f3\u0142 nr 1, \u201eGepard\u201d i \u201eVolant\u201d przy Zespole Szk\u00f3\u0142 nr 2, \u201eAtak\u201d przy Gimnazjum nr 1 i \u201eAtlas\u201d przy Gimnazjum nr 2 oraz \u201eSz\u00f3stka\u201c przy SP nr 6.<\/p>\r\n\r\n\r\n\r\n<p><strong>UKS SZ\u00d3STKA MIELEC<\/strong>,<strong>\u00a0SPS STAL MIELEC,<\/strong>\u00a0klub sportowy powsta\u0142y w 2011 r. z inicjatywy Beaty Cetnar (nauczycielki wychowania fizycznego i j\u0119zyka angielskiego w Szkole Podstawowej nr 6 w Mielcu), na bazie jej autorskiego projektu \u201eAkademia Siatk\u00f3wki\u201d, przy Szkole Podstawowej nr 6 w Mielcu. Po upadku klubu pi\u0142ki siatkowej Stal Mielec S.A., jako podstawowy cel dzia\u0142alno\u015bci przyj\u0105\u0142 odbudow\u0119 siatk\u00f3wki kobiet w Mielcu. W 2013 r. przej\u0105\u0142 od Stali grupy m\u0142odzie\u017cowe i rozszerzy\u0142 struktur\u0119 o grupy pi\u0142ki siatkowej dziewcz\u0105t i kobiet. Wsp\u00f3\u0142pracuje ze Szko\u0142\u0105 Mistrzostwa Sportowego im. G. Lato w Mielcu, prowadz\u0105c\u0105 m.in. klasy siatkarskie. Do rozgrywek w sezonie 2013\/2014 zg\u0142osi\u0142 dru\u017cyny: seniorek (III liga, trener Roman Murdza), juniorek (trener Roman Murdza), kadetek (trener Zbigniew Modras) i m\u0142odziczek (trenerzy Grzegorz Cibicki i Anna Wojtas). Ponadto grup\u0119 treningow\u0105 prowadzi trener Anna Skuci\u0144ska. Seniorki zaj\u0119\u0142y w III lidze miejsce premiowane awansem do rozgrywek o wej\u015bcie do II ligi i po pokonaniu Atomu II Trefl Sopot 1:3, 3:1 (ma\u0142e punkty \u2013 188:183) awansowa\u0142y do II ligi. W sezonie 2014\/2015 zesp\u00f3\u0142 UKS \u201eSz\u00f3stka\u201d zaj\u0105\u0142 5. miejsce w II lidze, w sezonie 2015\/2016 &#8211; 6. miejsce w II lidze, a w sezonie 2016\/2017 &#8211; 2. miejsce. W rozgrywkach o wej\u015bcie do I ligi mielczanki przegra\u0142y z AZS AWF Warszawa 0:3 i 2:3 (w) oraz 0:3 (d) i odpad\u0142y z rozgrywek. Bardzo dobra praca z m\u0142odzie\u017c\u0105 przynios\u0142a sukcesy w Igrzyskach M\u0142odzie\u017cy Szkolnej i Mistrzostwach Polski Juniorek. W 2015 r. mielczanki zdoby\u0142y wicemistrzostwo Polski podczas Igrzysk M\u0142odzie\u017c Szkolnej w G\u0142ucho\u0142azach. Po zdobyciu mistrzostwa Podkarpacia UKS Sz\u00f3stka trzykrotnie zakwalifikowa\u0142a si\u0119 do fina\u0142\u00f3w MP Juniorek i zaj\u0119\u0142a w 2016 r. &#8211; 8. miejsce, w 2017 r. &#8211; 4. miejsce i w 2018 r. &#8211; 7. miejsce. W sezonie 2017\/2018 zesp\u00f3\u0142 seniorek zaj\u0105\u0142 2. miejsce w II lidze z bilansem: 20 52:12 i zakwalifikowa\u0142 si\u0119 do bara\u017cy o wej\u015bcie do I ligi. W bara\u017cach zwyci\u0119\u017cy\u0142 Jedynk\u0119 Siewierz 3:0 (w) i 3:0 (d), Tomasovi\u0119 Tomasz\u00f3w Lubelski 3:1 (d) i 3:1 (d) oraz 3:0 (w). W p\u00f3\u0142finale wygra\u0142y z NOSiR Nowy Dw\u00f3r Mazowiecki 3:0 i SAN Pajda Jaros\u0142aw 3:2 oraz przegra\u0142y z Mazovi\u0105 Warszawa 0:3, ale zaj\u0119\u0142y 2. miejsce i zakwalifikowa\u0142y si\u0119 do fina\u0142u. W finale, rozegranym we W\u0142oc\u0142awku, wygra\u0142y z WTS KDBS Bank W\u0142oc\u0142awek 3:0 i Mazovi\u0105 Warszawa 3:1 oraz przegra\u0142y 1:3 z Poloni\u0105 \u015awidnica. Zaj\u0119\u0142y 1. miejsce i awansowa\u0142y do 1. ligi (drugi stopie\u0144 rozgrywek krajowych). W rundzie zasadniczej sezonu 2018\/2019 mielczanki zaj\u0119\u0142y 13. miejsce (przedostatnie) w 1. lidze (26\u00a0 14\u00a0 25:69). W bara\u017cu o pozostanie w lidze zwyci\u0119\u017cy\u0142y BlueSoft Mazovia Warszawa 3:2 (3:1 i 3:1 w Warszawie, 1:3 i 2:3 w Mielcu i 3:0 w Warszawie!) i utrzyma\u0142y status pierwszoligowy. Przed sezonem 2019\/2020 sk\u0142ad powa\u017cnie si\u0119 zmieni\u0142. UKS Sz\u00f3stka powr\u00f3ci\u0142a do dawnej nazwy Stal Mielec W ostatnim powa\u017cniejszym sprawdzianie -Turnieju o Puchar Prezydenta Miasta Mielca &#8211; Stal zaj\u0119\u0142a 2.miejsce. Sezon 2019\/2020 od strony sportowej by\u0142 znacznie lepszy. W trakcie sezonu nast\u0105pi\u0142a zmiana trenera; zas\u0142u\u017conego Romana Murdz\u0119 zast\u0105pi\u0142a Agnieszka Rabka, by\u0142a zawodniczka KPKS Stal Mielec, w\u00f3wczas \u015arutowska. Po pierwszej cz\u0119\u015bci rozgrywek Stal zaj\u0119\u0142a 8. miejsce z bilansem 23 29 40:51 i zakwalifikowa\u0142a do play-off\u00f3w. Niestety, z powodu pandemii COVID-19 zako\u0144czono rozgrywki i usankcjonowano dotychczasowy uk\u0142ad tabeli. W rundzie jesiennej sezonu 2020\/2021 rozgrywki by\u0142y przerywane z powodu zara\u017ca\u0144 koronawirusem (na kwarantannie by\u0142y te\u017c mieleckie siatkarki). Po wznowieniu i rozegraniu sezonu &#8211; mielczanki zaj\u0119\u0142y 3. miejsce z bilansem: 24\u00a0 46\u00a0 56:38. W rozgrywkach play off o wej\u015bcie do ekstraklasy pokona\u0142y zesp\u00f3\u0142 ENEA Energetyk Pozna\u0144 3:0 (w) i 3:2 (d), a nast\u0119pnie w finale przegra\u0142y 1:3 z UNI Opole 0:3 (w), 0:3 (w), 3:2 (d) i 1:3 (d). W tabeli ko\u0144cowej I ligi sezonu 2020\/2021 zaj\u0119\u0142y 2. miejsce. \u00a0 Przed sezonem 2021\/2022 uda\u0142o si\u0119 pozyska\u0107 sponsora strategicznego i jego nazw\u0119 przyj\u0119to do nazwy klubu: ITA TOOLS Stal Mielec.<\/p>\r\n\r\n\r\n\r\n<p><strong>Prezes Klubu:<\/strong> Beata Cetnar (2011-2019), Bogdan Czerniakowski (2019-2021).<\/p>\r\n\r\n\r\n\r\n<p><strong>I trener:<\/strong>\u00a0Roman Murdza (2011-2019), Agnieszka Rabka (2020), Adam Grabowski (2021)<\/p>\r\n\r\n\r\n\r\n<p><strong>Zawodniczki I zespo\u0142u w latach 2014-2021:<\/strong> Hanna Artiushenko (Ukraina), Zuzanna Bab\u015b, Katarzyna Bryda, Agnieszka Cur, Aleksandra Cygan, Kaja Daniluk, Maria Duda, Kamila Dydu\u0142a, Martyna Dzida, Klaudia Felak, Gabriela Fryc, Katarzyna Galica, Paulina G\u0142az, Martyna Gorzkiewicz, Kinga Hatala, Hocho\u0142owska, Jagoda Kardy\u015b, Agnieszka Konieczny, Ma\u0142gorzata Konieczny, Dominika Kopci\u0144ska, Julia Koza, Aleksandra Krycka, Klaudia Krzysztofik, Zuzanna Kuci\u0144ska, Sylwia Kusik, \u0141ucja Laskowska, Hanna \u0141ukasiewicz, Aleksandra Mich, Agata Michalewicz, Dominika Miko\u0142ajewska, Julita Molenda, Dominika Mras, Natalia Murdza, Wiktoria Murdza, Magdalena Pajda, Pelaczarska, Pamela Petrykowska, Inez Pfeifer-Jucha, Sylwia Piechota, Barbara Pikusa, Katarzyna Pisarczyk, Katarzyna P\u00f3\u0142ch\u0142opek, Dorota Pykosz, Maria Raszek, Katarzyna Rusek, Edyta Rzenno, Olga Samul (libero), Katarzyna S\u0142omba, Aleksandra Stachowicz, Paulina Stroiw\u0105s, Aleksandra Szyma\u0144ska, El\u017cbieta Szyma\u0144ska, Dorota \u015aciurka,\u00a0 Patrycja Ward\u0119ga (libero), Paulina W\u0119grzyn, Urszula Wiercigroch, Magdalena Wo\u017aniczka, Patrycja Z\u0105bek, Katarzyna \u017babi\u0144ska, Kamila \u017belazko.<\/p>\r\n\r\n\r\n\r\n<p><strong><img loading=\"lazy\" decoding=\"async\" class=\"alignleft size-full wp-image-2715\" src=\"https:\/\/encyklopedia.mielec.pl\/wp-content\/uploads\/2022\/11\/uminski_jozef.jpg\" alt=\"\" width=\"112\" height=\"150\" \/>UMI\u0143SKI J\u00d3ZEF<\/strong>, urodzony w 1885 r. w Ulanowie n\/Sanem, syn Franciszka i Anieli z domu Bis. Studia prawnicze odby\u0142 we Lwowie (1908-1911), a nast\u0119pnie w Krakowie (1911-1914). Uzyska\u0142 stopie\u0144 doktora praw. Jako ochotnik uczestniczy\u0142 w wojnie polsko-bolszewickiej w 1920 r. Po powrocie z wojny pracowa\u0142 jako adwokat w Ulanowie. Pod koniec lat 20. przyby\u0142 do Mielca i prowadzi\u0142 kancelari\u0119 adwokack\u0105 przy ul. T. Ko\u015bciuszki do 1949 r. W latach powojennych broni\u0142 osoby s\u0105dzone z powod\u00f3w politycznych. W 1949 r. zosta\u0142 uwi\u0119ziony i skazany \u201eza niew\u0142a\u015bciwe politycznie fragmenty mowy obro\u0144czej\u201d w procesie pewnego rolnika z podmieleckiej wsi. Zmar\u0142 w 1954 r. Spoczywa na cmentarzu parafialnym w Ulanowie.<\/p>\r\n\r\n\r\n\r\n<p>&nbsp;<\/p>\r\n<p><strong><img loading=\"lazy\" decoding=\"async\" class=\"alignleft size-full wp-image-2716\" src=\"https:\/\/encyklopedia.mielec.pl\/wp-content\/uploads\/2022\/11\/uminski_jozef_jan.jpg\" alt=\"\" width=\"115\" height=\"150\" \/>UMI\u0143SKI J\u00d3ZEF JAN<\/strong>, urodzony 8 XI 1928 r. w Ulanowie nad Sanem, syn J\u00f3zefa i Stanis\u0142awy z domu Chmura. Po uko\u0144czeniu szko\u0142y powszechnej w Mielcu w czasie okupacji hitlerowskiej (1941) ucz\u0119szcza\u0142 na tajne komplety z zakresu szko\u0142y \u015bredniej. W latach szkolnych nale\u017ca\u0142 do harcerstwa. 7 IV 1940 r. wraz ze Zbigniewem Maziarzewskim i Stanis\u0142awem Wn\u0119kiem za\u0142o\u017cy\u0142 konspiracyjn\u0105 organizacj\u0119 Zwi\u0105zek Przysz\u0142ych Polskich \u017bo\u0142nierzy (ZPP\u017b) w Mielcu i zosta\u0142 jej dow\u00f3dc\u0105. W zimie 1942\/1943 grup\u0119 t\u0119 w\u0142\u0105czono do Szarych Szereg\u00f3w AK i przekszta\u0142cono w zast\u0119py \u201eRysi\u00f3w\u201d i \u201eOr\u0142\u00f3w\u201d. J. Umi\u0144ski (R.1) zosta\u0142 zast\u0119powym \u201eRysi\u00f3w\u201d. Wiosn\u0105 1944 r. doprowadzi\u0142 do utworzenia dru\u017cyny im. Jeremiego Wi\u015bniowieckiego i obj\u0105\u0142 funkcj\u0119 dru\u017cynowego. Organizowa\u0142 dzia\u0142alno\u015b\u0107 wywiadowcz\u0105 i akcje \u201ema\u0142ego sabota\u017cu\u201d. Po wyzwoleniu spod okupacji hitlerowskiej (6 VII 1944 r.) zaniepokojony nieprzyjazn\u0105 dzia\u0142alno\u015bci\u0105 nowych w\u0142adz i s\u0142u\u017cb bezpiecze\u0144stwa wobec zwolennik\u00f3w rz\u0105du RP w Londynie, pozosta\u0142 z dru\u017cyn\u0105 w konspiracji. Tajna Niepodleg\u0142o\u015bciowa Dru\u017cyna Harcerska im. J. Wi\u015bniowieckiego, maj\u0105ca tak\u017ce kryptonimy \u201eStalowi Polacy\u201d i p\u00f3\u017aniej \u201eWolno\u015b\u0107 i Sprawiedliwo\u015b\u0107\u201d (WiS) przeprowadzi\u0142a w latach 1945-1951 szereg akcji propagandowych i rekwizycyjnych. R\u00f3wnocze\u015bnie kontynuowa\u0142 nauk\u0119 w Liceum im. S. Konarskiego i zda\u0142 matur\u0119 w 1946 r. Studia na Wydziale Prawa Uniwersytetu Jagiello\u0144skiego w Krakowie i w Szkole Nauk Politycznych przy Wydziale Prawa UJ uko\u0144czy\u0142 w 1950 r. i uzyska\u0142 tytu\u0142 magistra prawa. W listopadzie 1951 r. zosta\u0142 aresztowany po przypadkowym zdekonspirowaniu si\u0119 WiS i po pokazowym procesie skazany na kar\u0119 wi\u0119zienia. Po wydarzeniach pa\u017adziernikowych 1956 r. zosta\u0142 wypuszczony na wolno\u015b\u0107. W latach 1958-1990 pracowa\u0142 na stanowisku radcy prawnego \u015al\u0105skiej Dyrekcji Kolei Pa\u0144stwowych w Katowicach. Z dniem 31 III 1990 r. przeszed\u0142 na emerytur\u0119. Sprawuje funkcj\u0119 przewodnicz\u0105cego Samodzielnego Kr\u0119gu Stowarzyszenia Szarych Szereg\u00f3w. W 1997 r. wyda\u0142 w Mielcu ksi\u0105\u017ck\u0119 Stawiali\u015bmy op\u00f3r&#8230;Dwana\u015bcie lat (1940-1951) zbrojnej harcerskiej konspiracji niepodleg\u0142o\u015bciowej Dru\u017cyny Szarych Szereg\u00f3w im. Jeremiego Wi\u015bniowieckiego. Wyr\u00f3\u017cniony m.in. Krzy\u017cem Kawalerskim OOP, Krzy\u017cem Armii Krajowej, Krzy\u017cem Niez\u0142omnych, Z\u0142ot\u0105 Odznak\u0105 \u201ePrzoduj\u0105cy Kolejarz\u201d i tytu\u0142em Weterana Walk o Wolno\u015b\u0107 i Niepodleg\u0142o\u015b\u0107 Ojczyzny. Zmar\u0142 29 X 2013 r. Spoczywa na cmentarzu w Ulanowie nad Sanem.<\/p>\r\n\r\n\r\n\r\n<p><strong><img loading=\"lazy\" decoding=\"async\" class=\"alignleft size-full wp-image-2717\" src=\"https:\/\/encyklopedia.mielec.pl\/wp-content\/uploads\/2022\/11\/ungeheuer_adam.jpg\" alt=\"\" width=\"115\" height=\"150\" \/>UNGEHEUER ADAM<\/strong>, urodzony 1 XI 1900 r. w D\u0119bicy, syn Micha\u0142a i Agnieszki z domu Kluz. Ucz\u0119szcza\u0142 do Gimnazjum w D\u0119bicy (1911-1919). Uczestniczy\u0142 w wojnie polsko-bolszewickiej, a nast\u0119pnie uko\u0144czy\u0142 VIII klas\u0119 i zda\u0142 egzamin dojrza\u0142o\u015bci w ramach specjalnego kursu dla uczni\u00f3w \u2013 \u017co\u0142nierzy we Lwowie w 1921 r. Po wyj\u015bciu z wojska uko\u0144czy\u0142 w 1922 r. kurs abiturient\u00f3w szk\u00f3\u0142 \u015brednich na Akademii Handlowej w Krakowie. W latach mi\u0119dzywojennych pracowa\u0142 w mieleckich bankach, m.in. pe\u0142ni\u0142 funkcj\u0119 dyrektora Komunalnej Kasy Oszcz\u0119dno\u015bci przy ul. T. Ko\u015bciuszki. W czasie okupacji hitlerowskiej wspiera\u0142 dzia\u0142alno\u015b\u0107 legalnie dzia\u0142aj\u0105cej Sp\u00f3\u0142dzielni Spo\u017cywc\u00f3w \u201eKonsum\u201d w Mielcu i by\u0142 cz\u0142onkiem jej Rady Nadzorczej. W 1950 r. uko\u0144czy\u0142 Kurs Nowoczesnej Ksi\u0119gowo\u015bci Przebitkowej w Cz\u0119stochowie, a w 1951 r. \u2013 Kurs specjalistyczny z pe\u0142nego zakresu zagadnie\u0144 inwestycyjnych, zorganizowany przez Centralny Zarz\u0105d Kopalnictwa Rud \u017belaza w Cz\u0119stochowie i zatwierdzony przez Ministerstwo Przemys\u0142u Ci\u0119\u017ckiego. Przez pewien czas pracowa\u0142 w Cz\u0119stochowskim Przedsi\u0119biorstwie Budownictwa Miejskiego w Cz\u0119stochowie. W zwi\u0105zku z pogarszaj\u0105cym si\u0119 stanem zdrowia powr\u00f3ci\u0142 do Mielca. Zmar\u0142 17 V 1963 r. Pochowany na cmentarzu parafialnym w Mielcu przy ul. H. Sienkiewicza.<\/p>\r\n\r\n\r\n\r\n<p><strong><img loading=\"lazy\" decoding=\"async\" class=\"alignleft size-full wp-image-2718\" src=\"https:\/\/encyklopedia.mielec.pl\/wp-content\/uploads\/2022\/11\/ungeheuer_alicja.jpg\" alt=\"\" width=\"112\" height=\"150\" \/>UNGEHEUER\u2013GO\u0141\u0104B ALICJA ANNA (z domu UNGEHEUER)<\/strong>, urodzona 22 III 1962 r. w Mielcu, c\u00f3rka Stanis\u0142awa i Ady z domu Kie\u0142bowicz. Absolwentka II Liceum Og\u00f3lnokszta\u0142c\u0105cego im. M. Kopernika w Mielcu, matur\u0119 zda\u0142a w 1980 r. W latach szkolnych by\u0142a dwukrotn\u0105 laureatk\u0105 og\u00f3lnopolskich konkurs\u00f3w recytatorskich oraz cz\u0142onkini\u0105 zespo\u0142\u00f3w artystycznych RCK w Mielcu \u2013 ZPiT \u201eRzeszowiacy i zespo\u0142u teatralnego. Studia na Wydziale Spo\u0142eczno-Pedagogicznym Wy\u017cszej Szko\u0142y Pedagogicznej w Rzeszowie (kierunek: nauczanie pocz\u0105tkowe) uko\u0144czy\u0142a w 1988 r., uzyskuj\u0105c tytu\u0142 magistra pedagogiki w zakresie nauczania pocz\u0105tkowego. W latach 1988-1989 pracowa\u0142a jako nauczycielka w Szkole Podstawowej nr 3 w Mielcu oraz jako sta\u017cystka w Instytucie Pedagogiki Wy\u017cszej Szko\u0142y Pedagogicznej w Rzeszowie. W latach 1989-1998 by\u0142a asystentk\u0105 w Instytucie Pedagogiki WSP, a od 1998 r. pracuje na stanowisku adiunkta w Instytucie Pedagogiki Uniwersytetu Rzeszowskiego w Rzeszowie. Uzyska\u0142a tytu\u0142 doktora nauk humanistycznych na podstawie rozprawy<em>\u00a0Odbi\u00f3r poezji dla najm\u0142odszych (formy ekspresji).<\/em>\u00a0By\u0142a wsp\u00f3\u0142organizatorem i sekretarzem kilkunastu konferencji naukowych og\u00f3lnopolskich i mi\u0119dzynarodowych, organizowanych przez Instytut Pedagogiki UR oraz opiekunem Ko\u0142a Naukowego Animator\u00f3w Kultury przy UR. Napisa\u0142a ksi\u0105\u017ck\u0119 Poezja dzieci\u0144stwa, czyli droga ku wra\u017cliwo\u015bci (Rzesz\u00f3w 1999) i kilkadziesi\u0105t artyku\u0142\u00f3w z zakresu bada\u0144 nad literatur\u0105 dzieci\u0119c\u0105. R\u00f3wnocze\u015bnie kontynuowa\u0142a dzia\u0142alno\u015b\u0107 artystyczn\u0105. W latach 1983-1990 ta\u0144czy\u0142a w Studenckim ZPiT \u201eResovia Saltans\u201d przy WSP, a w latach 1987-1991 by\u0142a choreografem Harcerskiego Artystycznego Zespo\u0142u Tanecznego \u201eU\u015bmiech\u201d w Rzeszowie. Uzyska\u0142a I kategori\u0119 instruktorsk\u0105 w zakresie ta\u0144ca. Ponadto w latach 1999-2004 prowadzi\u0142a spo\u0142ecznie zaj\u0119cia parateatralne w Szkole Podstawowej nr 13 w Rzeszowie. Odr\u0119bn\u0105 dziedzin\u0105 jej dzia\u0142alno\u015bci jest tw\u00f3rczo\u015b\u0107 poetycka. Debiutowa\u0142a w latach 80. w grupie poet\u00f3w \u201eNowej Fali\u201d, publikuj\u0105c w \u201ePrometeju\u201d, \u201eWidnokr\u0119gu\u201d, \u201eAkancie\u201d i \u201eFrazie\u201d oraz pisz\u0105c teksty dla dzieci w czasopismach \u201eMi\u015b\u201d i \u201eKapitan Muzyczka\u201d. Podczas studi\u00f3w zwi\u0105za\u0142a si\u0119 z Sekcj\u0105 Literack\u0105 Student\u00f3w Wydzia\u0142u Filologicznego WSP w Rzeszowie. Jest autork\u0105 tomik\u00f3w poezji\u00a0<em>Dotkni\u0119cia<\/em>\u00a0(Rzesz\u00f3w 2001) i\u00a0<em>K\u0119sy \u017cycia<\/em>\u00a0(Rzesz\u00f3w 2004). Pisa\u0142a teksty piosenek do przedstawie\u0144 Teatru \u201eMaska\u201d w Rzeszowie \u2013\u00a0<em>Kopciuszek<\/em>\u00a0(2002) i\u00a0<em>Malutka Czarownica<\/em>\u00a0(2003) oraz teksty piosenek dla zespo\u0142u szantowego \u201eKlang\u201d (kaseta, dwie p\u0142yty \u2013 2000, 2006). W latach 1999-2005 by\u0142a redaktorem literackim og\u00f3lnopolskiego pisma dla dzieci \u201eKapitan Muzyczka\u201d. Jest cz\u0142onkiem: Stowarzyszenia Pomocy Osobom z Chorob\u0105 Alzheimera, Mi\u0119dzynarodowego Stowarzyszenia Wychowania przez Sztuk\u0119 (InSEA) i Mi\u0119dzynarodowego Stowarzyszenia Bada\u0144 nad Literatur\u0105 Dzieci\u0119c\u0105 (IRSCL). Wyr\u00f3\u017cniona, m.in. Nagrod\u0105 w Konkursie \u201eO Li\u015b\u0107 D\u0119bu\u201d (P\u0142ock 2001) oraz Z\u0142ot\u0105 Odznak\u0105 Recytatorsk\u0105. Jest pracownikiem naukowo-dydaktycznym Wydzia\u0142u Pedagogiczno-Artystycznego Uniwersytetu Rzeszowskiego oraz cz\u0142onkiem Rady Wydzia\u0142u. Wchodzi w sk\u0142ad Rady Bibliotecznej. W 2011 r. uzyska\u0142a na Uniwersytecie Pedagogicznym w Krakowie habilitacj\u0119 na podstawie rozprawy:\u00a0<em>Wzorce ruchowe utwor\u00f3w dla dzieci. O literaturze dzieci\u0119cej jako w\u0119dr\u00f3wce, walce, tajemnicy, bezpiecznym miejscu i zabawie<\/em>. Tak\u017ce w 2011 r. otrzyma\u0142a tytu\u0142 profesora URz. Pe\u0142ni funkcj\u0119 kierownika w Zak\u0142adzie Pedagogiki Tw\u00f3rczo\u015bci i Literatury Dzieci\u0119cej w Instytucie Pedagogiki. Sprawuje opiek\u0119 nad Studenckim Ko\u0142em Naukowym Animator\u00f3w Kultury Literackiej Dzieci. Poza prac\u0105 dydaktyczn\u0105 zajmuje si\u0119 literatur\u0105 dzieci\u0119c\u0105, a efektem tych bada\u0144 s\u0105 kolejne autorskie ksi\u0105\u017cki, m.in.\u00a0<em>Tekst poetycki w edukacji estetycznej dziecka<\/em>\u00a0(Rzesz\u00f3w 2007),\u00a0<em>Wzorce ruchowe utwor\u00f3w dla dzieci. O literaturze dzieci\u0119cej jako w\u0119dr\u00f3wce, walce, tajemnicy, bezpiecznym miejscu i zabawie (<\/em>Rzesz\u00f3w 2009), podr\u0119cznik\u00a0<em>Rozw\u00f3j kontakt\u00f3w ma\u0142ego dziecka z literatur\u0105<\/em>\u00a0(Warszawa 2011),\u00a0<em>Literackie inspiracje w rozwoju przedszkolaka<\/em>\u00a0(Warszawa 2012) oraz liczne artyku\u0142y. Pod jej redakcj\u0105 ukaza\u0142y si\u0119:\u00a0<em>W pobli\u017cu literatury dzieci\u0119cej<\/em>\u00a0(Rzesz\u00f3w 2008),\u00a0<em>Noosfera literacka. Problemy wychowania i terapii poprzez literatur\u0119 dla dzieci \u2013 wsp\u00f3\u0142autor Ma\u0142gorzata Chrobak<\/em>\u00a0(Rzesz\u00f3w 2012). Jej niekt\u00f3re utwory liryczne przet\u0142umaczono na j\u0119zyk czeski, m.in. fragmenty cyklu\u00a0<em>Od c\u00f3rki \u00a0<\/em>(\u201eAkord\u201d,\u00a0<em>Revue pro literaturu,<\/em>\u00a0Brno-Praha 2010) i wiersze z tomiku\u00a0<em>Dotkni\u0119cia<\/em>\u00a0\u00a0(\u201ePruhledy\u201d 2\/2010). Napisa\u0142a dla dzieci:\u00a0<em>Taju, Jasiu i Rowerku<\/em>\u00a0(Krak\u00f3w 2009),\u00a0<em>Dooko\u0142a Ciebie,<\/em>\u00a0Krak\u00f3w 2010,\u00a0<em>Przygody Je\u017cyka spod Jab\u0142oni<\/em> (Krak\u00f3w 2011). Aktualnie pracuje na stanowisku kierowniczym w Zak\u0142adzie Edukacji Literackiej Dziecka Uniwersytetu Rzeszowskiego. Jest doktorem habilitowanym i profesorem nadzwyczajnym. Jej tematami badawczymi s\u0105: literatura dzieci\u0119c\u0105 i jej odbi\u00f3r przez ma\u0142e dziecko, literacka edukacja ma\u0142ego dziecka, obcowanie dziecka ze sztuk\u0105, problematyka przek\u0142adu intersemiotycznego, terapeutyczne funkcje literatury dzieci\u0119cej i tematy pokrewne. Jest tw\u00f3rczyni\u0105 metody ekspresywnego wykonania utwor\u00f3w poetyckich. Prowadzi warsztaty, m.in. na temat pracy z utworem literackim z elementami teatralizacji, dramy i ekspresji cia\u0142a. Jest autork\u0105 wielu ksi\u0105\u017cek i artyku\u0142\u00f3w w wydawnictwach zbiorowych. Sprawuje opiek\u0119 nad Studenckim Ko\u0142em Naukowym Animator\u00f3w Kultury Literackiej Dzieci. Uczestniczy w konferencjach naukowych. Jest cz\u0142onkini\u0105 mi\u0119dzynarodowych i krajowych organizacji naukowych, m.in. Rady Programowej Centrum Literatury Dzieci\u0119cej.<\/p>\r\n\r\n\r\n\r\n<p><strong><img loading=\"lazy\" decoding=\"async\" class=\"alignleft size-full wp-image-2719\" src=\"https:\/\/encyklopedia.mielec.pl\/wp-content\/uploads\/2022\/11\/ungiert_rafal.jpg\" alt=\"\" width=\"112\" height=\"150\" \/>UNGIERT RAFA\u0141 FRANCISZEK<\/strong>, urodzony 24 X 1901 r. w Knihininie ko\u0142o Stanis\u0142awowa, syn Kazimierza i hr. Marii (Marianny) z Laskowskich. Uko\u0144czy\u0142 seminarium nauczycielskie. Uczy\u0142 si\u0119 tak\u017ce w konserwatorium muzycznym, prawdopodobnie we Lwowie. W latach 20. odby\u0142 s\u0142u\u017cb\u0119 wojskow\u0105. W latach 30. pracowa\u0142 jako nauczyciel w okolicach Lwowa, m.in. w Malczycach i Jamelnej. Nie wiadomo, czy uczestniczy\u0142 w kampanii wrze\u015bniowej. W czasie okupacji hitlerowskiej ukrywa\u0142 si\u0119 we Lwowie. Po odej\u015bciu frontu na zach\u00f3d i zaj\u0119ciu Lwowa przez w\u0142adze radzieckie przeni\u00f3s\u0142 si\u0119 do Mielca. Tu pracowa\u0142 jako nauczyciel j\u0119zyka rosyjskiego i \u015bpiewu w Gimnazjum i Liceum im. S. Konarskiego (1948-1952, 1959-1963) oraz j\u0119zyka rosyjskiego i muzyki w Liceum Pedagogicznym (1948?-1965) W latach 40. prowadzi\u0142 ch\u00f3r na terenie Osiedla Fabrycznego WSK. Posiada\u0142 te\u017c nieprzeci\u0119tne zdolno\u015bci plastyczne. Malowa\u0142 obrazy i wykonywa\u0142 dekoracje, m.in. dla Liceum Pedagogicznego i teatru nauczycielskiego. Zmar\u0142 15 I 1965 r. Spoczywa na cmentarzu parafialnym w Mielcu przy ul. H. Sienkiewicza.<\/p>\r\n\r\n\r\n\r\n<p><strong>UNIA DEMOKRATYCZNA (UD)<\/strong>, partia polityczna utworzona pod koniec 1990 r. Jej za\u0142o\u017cycielami byli cz\u0142onkowie Ruchu Obywatelskiego-Akcja Demokratyczna (ROAD), Forum Prawicy Demokratycznej (FPD) i komitet\u00f3w wyborczych Tadeusza Mazowieckiego w wyborach prezydenckich w listopadzie 1990 r. W programie nawi\u0105zywa\u0142a do idea\u0142\u00f3w NSZZ Solidarno\u015b\u0107 i warto\u015bci chrze\u015bcija\u0144skich. Mielecka kom\u00f3rka organizacyjna UD powsta\u0142a w grudniu 1990 r. i aktywnie uczestniczy\u0142a w \u017cyciu spo\u0142eczno-politycznym miasta, g\u0142\u00f3wnie w latach wybor\u00f3w parlamentarnych i samorz\u0105dowych. Z jej listy w 1993 r. wybrany zosta\u0142 na pos\u0142a mielczanin Zbigniew M\u0105czka. W kwietniu 1994 r. po\u0142\u0105czy\u0142a si\u0119 z Kongresem Liberalno-Demokratycznym (KLD) w Uni\u0119 Wolno\u015bci (UW).<\/p>\r\n\r\n\r\n\r\n<p><strong>UNIA POLITYKI REALNEJ (UPR)<\/strong>, partia polityczna o programie konserwatywno-liberalnym utworzona w 1989 r. Jej za\u0142o\u017cycielem by\u0142 Janusz Korwin-Mikke. W Mielcu Ko\u0142o UPR powsta\u0142o w 1991 r., ale nie rozwin\u0119\u0142o szerszej dzia\u0142alno\u015bci i aktywizowa\u0142o si\u0119 niemal wy\u0142\u0105cznie w czasie wybor\u00f3w do parlamentu i lokalnych samorz\u0105d\u00f3w. Cz\u0142onek mieleckiego Ko\u0142a UPR\u2013 lekarz Tadeusz Zi\u0119ba by\u0142 radnym Rady Powiatu Mieleckiego.<\/p>\r\n\r\n\r\n\r\n<p><strong>UNIA PRACY (UP)<\/strong>, partia polityczna utworzona w czerwcu 1992 r. Posiada program o charakterze socjaldemokratycznym. W Mielcu dzia\u0142a\u0142a aktywnie w latach 1993-1994, startuj\u0105c w wyborach samorz\u0105dowych i do parlamentu \u2013 w ramach Forum Wyborczego Lewicy. P\u00f3\u017aniej aktywizowa\u0142a si\u0119 tylko w okresach wybor\u00f3w, z regu\u0142y tworz\u0105c wsp\u00f3lne z SLD komitety wyborcze.<\/p>\r\n\r\n\r\n\r\n<p><strong>UNIA WOLNO\u015aCI (UW)<\/strong>, partia polityczna powsta\u0142a w kwietniu 1994 r. z po\u0142\u0105czenia Unii Demokratycznej i Kongresu Liberalno-Demokratycznego. W rezultacie tej fuzji skupia osoby o wielu orientacjach ideowych i politycznych, g\u0142\u00f3wnie liberalno-spo\u0142ecznych, konserwatywno-liberalnych i chrze\u015bcija\u0144sko-demokratycznych. W Mielcu Ko\u0142o UW powsta\u0142o w 1994 r. i aktywnie funkcjonowa\u0142o do 2005 r., szczeg\u00f3lnie anga\u017cuj\u0105c si\u0119 w okresach wybor\u00f3w do parlamentu RP i Parlamentu Europejskiego oraz samorz\u0105d\u00f3w lokalnych.<\/p>\r\n\r\n\r\n\r\n<p><strong>UNIJNE \u015aRODKI DLA GMINY MIEJSKIEJ MIELEC<\/strong>; bezzwrotna pomoc finansowa Unii Europejskiej dla pa\u0144stw Europy \u015arodkowej (w tym Polski) i Wschodniej w celu przyspieszenia reform gospodarczych, trafi\u0142a tak\u017ce wielokrotnie do Mielca. Realizowana by\u0142a na podstawie projekt\u00f3w, kt\u00f3re samorz\u0105d miasta sk\u0142ada\u0142 do organ\u00f3w zarz\u0105dzaj\u0105cych poszczeg\u00f3lnymi programami. Nie wszystkie sk\u0142adane projekty uzyska\u0142y akceptacj\u0119 i dofinansowanie, g\u0142\u00f3wnie ze wzgl\u0119du na ograniczone mo\u017cliwo\u015bci finansowe program\u00f3w. Niniejsze zestawienie przedstawia wi\u0119ksze projekty, kt\u00f3re zosta\u0142y zrealizowane przez samorz\u0105d miasta \u00a0Mielca w latach 1994-2013, przy dofinansowaniu z funduszy unijnych.\u00a0<\/p>\r\n\r\n\r\n\r\n<p>Program PHARE Struder (Program Strukturalnego Rozwoju Wybranych Region\u00f3w, w tym woj. podkarpackiego): *1. \u201eBudowa sieci telekomunikacyjnej w zakresie sprz\u0119tu komutacyjnego\u201d. Zakres: rozbudowa centrali g\u0142\u00f3wnej SSE, centrala na osiedlu Smoczka, trakt \u015bwiat\u0142owodowy. Realizacja (od podpisania umowy do zako\u0144czenia inwestycji): XII 1994 r. \u2013 IX 1997 r. Koszty \u2013 2 042 965,63 z\u0142, w tym: \u015brodki Gminy Miejskiej Mielec (GMM) \u2013 916 116,63 z\u0142, \u015brodki PHARE \u2013 1 126 849,00 z\u0142.<\/p>\r\n\r\n\r\n\r\n<p>Program PHARE Rapid (m.in. wspieranie ma\u0142ych projekt\u00f3w infrastrukturalnych): *1. \u201eBudowa Centrum Wystawienniczo-Promocyjnego w Mielcu\u201d. Zakres: modernizacja sali konferencyjno-koncertowej, budowa sali wystawienniczej. Realizacja: III kwarta\u0142 1998 r. \u2013 III kw. 1999 r. Koszty \u2013 2 288 712,86 z\u0142, w tym: \u015brodki GMM \u2013 1 611 424,86 z\u0142, \u015brodki PHARE \u2013 677 288,00 z\u0142.\u00a0<\/p>\r\n\r\n\r\n\r\n<p>Program PHARE 2000 (tworzenie warunk\u00f3w dla osi\u0105gni\u0119cia wi\u0119kszej sp\u00f3jno\u015bci spo\u0142ecznej i gospodarczej, m.in. woj. podkarpackiego): *1. \u201eModernizacja infrastruktury drogowej w regionie \u2013 obszar p\u00f3\u0142nocno-zachodni \u2013 obwodnica wewn\u0119trzna Mielca \u2013 I etap\u201d. Zakres: przebudowa ulic W. Witosa i Partyzant\u00f3w oraz skrzy\u017cowa\u0144 ulic Wolno\u015bci, Partyzant\u00f3w i Wojska Polskiego, a tak\u017ce budowa po\u0142\u0105czenia ul. Jagiello\u0144czyka z ul. Wojska Polskiego. Realizacja: I kw. 2002 r. \u2013 IV kw. 2003 r. Koszty \u2013 10 120 859,65 r., w tym: \u015brodki GMM \u2013 566 896,81 z\u0142, bud\u017cet powiatu mieleckiego \u2013 1 963 317,09 z\u0142, \u015brodki PHARE \u2013 7 590 645,75 z\u0142.<\/p>\r\n\r\n\r\n\r\n<p>Program PHARE 2002 (sp\u00f3jno\u015b\u0107 spo\u0142eczna i gospodarcza, wsparcie ma\u0142ych i \u015brednich przedsi\u0119biorstw): *1. \u201eRozw\u00f3j ma\u0142ej i \u015bredniej przedsi\u0119biorczo\u015bci w okolicach Mielca\u201d. Zakres: budowa odcinka drogi od skrzy\u017cowania z ul. Legion\u00f3w do skrzy\u017cowania z ul. J. Kili\u0144skiego, budowa nowego odcinka ul. Wojska Polskiego, przebudowa skrzy\u017cowania ul. Wojska Polskiego z ul. Cyranowsk\u0105, budowa po\u0142\u0105czenia ul. Wojska Polskiego z drog\u0105 wojew\u00f3dzk\u0105 nr 985, budowa skrzy\u017cowania ul. Wojska Polskiego z lini\u0105 kolejow\u0105 \u0141\u00f3d\u017a-D\u0119bica. Realizacja: X 2004 r. \u2013 XI 2005 r. Koszty &#8211; 15 132 238,33 z\u0142, w tym: \u015brodki GMM \u2013 2 811 450,84 z\u0142, bud\u017cet woj. podkarpackiego \u2013 1 700 000 z\u0142, \u015brodki PHARE \u2013 10 620 787,49 z\u0142.\u00a0<\/p>\r\n\r\n\r\n\r\n<p>ZPORR (Zintegrowany Program Operacyjny Rozwoju Regionalnego, jeden z sze\u015bciu program\u00f3w s\u0142u\u017c\u0105cych realizacji Narodowego Programu Rozwoju): *1. \u201eRozbudowa uk\u0142adu drogowego \u0142\u0105cz\u0105cego mieleckie dzielnice przemys\u0142owe z regionem.\u201d Zakres: przed\u0142u\u017cenie ul. W. Szafera od ul. M. Raciborskiego do al. Kwiatkowskiego, przed\u0142u\u017cenie ul. Powsta\u0144c\u00f3w Warszawy do ul. W. Witosa, remont dotychczasowego odcinka ul. W. Szafera, budowa ul. \u015bw. Kingi \u0142\u0105cz\u0105cej ul. Wolno\u015bci z ul. Powsta\u0144c\u00f3w Warszawy, budowa ulicy \u0142\u0105cz\u0105cej ul. \u015bw. Kingi z ul. S. Wyszy\u0144skiego, budowa dw\u00f3ch dr\u00f3g dojazdowych \u2013 \u0142\u0105cznik\u00f3w do ul. Powsta\u0144c\u00f3w Warszawy i ul. Witosa wraz z towarzysz\u0105c\u0105 infrastruktur\u0105. Realizacja: I 2005 r. \u2013 X 2006 r. Koszty \u2013 11 698 514,79 z\u0142, w tym: \u015brodki GMM \u2013 3 067 503,70 z\u0142, \u015brodki Europejskiego Funduszu Rozwoju Regionalnego (EFRR) \u2013 8 631 011,09 z\u0142. *2. \u201eOd przedszkola do matury: adaptacja bazy edukacyjno-sportowej w Mielcu do kszta\u0142cenia integralnego\u201d. Zakres: m.in. modernizacja 4 sal gimnastycznych, budowa 4 boisk do gier zespo\u0142owych, modernizacja 2 boisk, modernizacja placu rekreacyjnego, modernizacja integracyjnego placu zabaw dla dzieci. Realizacja: III kw. 2006 r. \u2013 II kw. 2008 r. Koszty: 3 831 340,50 z\u0142, w tym: \u015brodki GMM \u2013 2 631 372, \u015brodki z bud\u017cetu pa\u0144stwa \u2013 199 995,00 z\u0142, \u015brodki unijne \u2013 999 973,00 z\u0142. *3. \u201eTworzenie sieci wsp\u00f3\u0142pracy pomi\u0119dzy sektorem nauki, samorz\u0105dami i przedsi\u0119biorcami w celu wytworzenia systemu wspomagania przedsi\u0119biorstw innowacyjnych\u201d. Zakres: m.in. przeprowadzenie 6 seminari\u00f3w na temat pozyskiwania funduszy UE na rozw\u00f3j innowacji, opracowanie i wydanie publikacji Koncepcja rozwoju przedsi\u0119wzi\u0119\u0107 innowacyjnych w oparciu o tradycje lotnicze regionu. Realizacja: IV kw. 2006 r. \u2013 I kw. 2008 r. Koszty: \u015brodki GMM \u2013 7 320,00 z\u0142, \u015brodki unijne \u2013 237 173,94 z\u0142.\u00a0<\/p>\r\n\r\n\r\n\r\n<p>Program ISPA (ujednolicenie poziomu infrastruktury technicznej w zakresie transportu i ochrony \u015brodowiska): *1. \u201eUporz\u0105dkowanie systemu zbierania i oczyszczania \u015bciek\u00f3w dla miasta Mielca i okolicznych gmin\u201d. Zakres: budowa oczyszczalni, likwidacja wylot\u00f3w kolektor\u00f3w og\u00f3lnosp\u0142awnych, rozdzielenie zlewni kanalizacji og\u00f3lnosp\u0142awnej od sanitarnej i ograniczenie nap\u0142ywu w\u00f3d infiltracyjnych, rozbudowa sieci kanalizacyjnej na obszarach mieszkaniowych. Realizacja: II kw. 2005 r. \u2013 I kw. 2009 r. Koszty: 26 860 000 Euro (ok. 102 068 000 z\u0142), w tym: \u015brodki GMM i MPGK \u2013 336 422,20 Euro, po\u017cyczka NFO\u015aIGW \u2013 7 721 597,80 Euro, ISPA (Fundusz Sp\u00f3jno\u015bci) \u2013 18 802 000 Euro.\u00a0<\/p>\r\n\r\n\r\n\r\n<p>SPO-WKP (Wzrost konkurencyjno\u015bci przedsi\u0119biorstw, lata 2004-2006): *1. \u201eUtworzenie Mieleckiego Parku Przemys\u0142owego\u201d. Wnioskodawca: Agencja Rozwoju Regionalnego MARR SA, partner: Gmina Miejska Mielec. Zakres: m.in. wybudowanie infrastruktury drogowej i 2 hal produkcyjnych, adaptacja hali produkcyjnej, uzbrojenie terenu, wybudowanie parking\u00f3w. Realizacja: 2006 \u2013 2008, w dw\u00f3ch etapach. Koszty &#8211; 28 870 000,00 z\u0142, w tym: \u015brodki GMM \u2013 2 957 991,80 z\u0142, \u015brodki z bud\u017cetu pa\u0144stwa \u2013 2 957 991,80 z\u0142, \u015brodki EFRR \u2013 17 747 950,82 z\u0142.<\/p>\r\n\r\n\r\n\r\n<p>Regionalny Program Operacyjny Wojew\u00f3dztwa Podkarpackiego (RPO WP) na lata 2007-2013 (Dokument planistyczny zawieraj\u0105cy dzia\u0142ania podejmowane przez samorz\u0105d wojew\u00f3dztwa na rzecz rozwoju Podkarpacia oraz jego \u00a0powiat\u00f3w i gmin. Wynika ze strategii rozwoju. Jest wsp\u00f3\u0142finansowany z Europejskiego Funduszu Rozwoju Regionalnego (EFRR) w ramach polityki sp\u00f3jno\u015bci Unii Europejskiej.) *1. \u201eRegulacja ciek\u00f3w wodnych na terenie miasta Mielca i gminy Mielec\u201d. Dotyczy Rowu Z\u0142otnicko-Berdechowskiego, Rowu Kisiel i Rowu Z\u0142otnicko-Mieleckiego. Realizacja: 26 III 2009 r. (data podpisania umowy) \u2013 7 VI 2010 r. (zako\u0144czenie projektu). Koszty: 7 299 320,70 z\u0142, w tym: \u015brodki Gminy Miejskiej Mielec (15 %) \u2013 1 090 116,14 z\u0142 (w tym \u015brodki Partnera Projektu \u2013 Gminy Mielec \u2013 248 388,14 z\u0142), \u015brodki EFRR (85 %) \u2013 6 177 324,74 z\u0142. *2. \u201eBudowa ulicy nowoprojektowanej, stanowi\u0105cej dojazd do drogi powiatowej oraz modernizacja wybranych odcink\u00f3w dr\u00f3g gminnych w celu wyr\u00f3wnania poziomu obs\u0142ugi komunikacyjnej na obszarze Mielca\u201d. Dotyczy: ul. Sportowej oraz dr\u00f3g gminnych \u2013 \u00a0ulic: \u00a0K. K. Baczy\u0144skiego, Nowy Rynek, Lelewela, W\u0105skiej, Zagrody, Flisak\u00f3w, S. Staszica (+ ekrany akustyczne), M. Reja, M. Kasprzaka, S. Moniuszki, Kolejowej, D\u0142ugiej, R. Traugutta i parkingu przy ul. Obro\u0144c\u00f3w Pokoju. Realizacja: 2 X 2009 r. \u2013 9 XI 2009 r. \u00a0Koszty: 8 968 565,38 z\u0142, w tym: \u015brodki GMM (41,47 %) \u2013 3 251 095,32 z\u0142 + koszty niekwalifikowane 1 128 933,56 z\u0142, \u015brodki EFRR (58,53 %) \u2013 4 588 536,50 z\u0142. *3. \u201eUsprawnienie systemu komunikacji w centralnej cz\u0119\u015bci Mielca i jego powi\u0105zanie z modernizowanym uk\u0142adem dr\u00f3g wojew\u00f3dzkich poprzez przebudow\u0119 odcink\u00f3w dr\u00f3g powiatowych nr 1192R, 1193R i 1195R.\u201d Dotyczy ulic: Ducha \u015awi\u0119tego, Jadernych, A. Mickiewicza i Wolno\u015bci. Realizacja: 26 VII 2009 r. \u2013 11 XII 2009 r. Koszty: 7 650 524,14 z\u0142, w tym: \u015brodki GMM (30 %) \u2013 1 977 868,16 z\u0142, \u015brodki EFRR (70 %) \u2013 4 615 025,71 z\u0142. *4. \u201ePoprawa atrakcyjno\u015bci infrastruktury sportowej poprzez budow\u0119 Euroboiska w Mielcu\u201d. Dotyczy Euroboiska przy ul. Warszawskiej 5. Realizacja: 30 III 2010 r. \u2013 31 V 2011 r. Koszty: 1 442 815,47 z\u0142, w tym: \u015brodki GMM (45,37 %) \u2013 648 384,94 z\u0142 + koszty niekwalifikowane 13 710,00 z\u0142, \u015brodki EFRR \u00a0(54,63 %) \u2013 780 720,06 z\u0142. *5. \u201ePrzebudowa drogi wojew\u00f3dzkiej nr 984 na odcinku od skrzy\u017cowania z Al. Jana Paw\u0142a II do skrzy\u017cowania z ul. H. Sienkiewicza oraz cz\u0119\u015bci ul. Jagiello\u0144czyka w ci\u0105gu drogi wojew\u00f3dzkiej nr 875 w Mielcu.\u201d Dotyczy ulic: Legion\u00f3w, Rynek, A. Mickiewicza (984) oraz ul. Jagiello\u0144czyka (875). Realizacja: 20 IV 2010 r. \u2013 17 VII 2011 r. Koszty: 10 518 527,45 z\u0142, w tym: \u015brodki GMM (30 %) \u2013 2 881 081,38 z\u0142 + koszty niekwalifikowane 914 922,86 z\u0142, \u015brodki EFRR (70 %) \u2013 6 722 523,20 z\u0142. *6. \u201eRacjonalizacja gospodarki cieplnej krytej p\u0142ywalni MOSiR przy ul. Powsta\u0144c\u00f3w Warszawy poprzez zastosowanie odnawialnych \u017ar\u00f3de\u0142 energii\u201d. Dotyczy instalacji wspomagaj\u0105cej ogrzewanie wody basenowej za pomoc\u0105 kolektor\u00f3w s\u0142onecznych i pomp ciep\u0142a dla basenu krytego. Realizacja: 30 IX 2010 \u2013 2 XI 2010 r. Koszty: 1 737 338,06 z\u0142, w tym: \u015brodki GMM (15 %) \u2013 234 472,24 z\u0142 + koszty niekwalifikowane 174 189,79 z\u0142, \u015brodki EFRR (85 %) \u2013 1 328 676,03 z\u0142. *7. \u201eTermoizolacja budynk\u00f3w Przedszkola nr 9 przy ul. M. Pisarka i Przedszkola nr 13 przy ul. I. \u0141ukasiewicza\u201d. Realizacja: 16 XI 2010 r. \u2013 26 XI 2012 r. Koszty: 1 239 433,37 z\u0142, w tym: \u015brodki GMM (15 %) \u2013 133 406,99 z\u0142 + koszty niekwalifikowane 350 053,48 z\u0142, \u015brodki EFRR (85 %) \u2013 755 972,90 z\u0142. *8. \u201eWsparcie rozwoju spo\u0142eczno-gospodarczego poprzez utworzenie elektronicznej platformy informacyjno-us\u0142ugowej na terenie miasta Mielca.\u201d Realizacja: 26 VIII 2011 r. \u2013 9 III 2012 r. Koszty: 1 674 485,38 z\u0142, w tym: \u015brodki GMM (15 %) \u2013 244 715,45 z\u0142 + koszty niekwalifikowane 43 049,11 z\u0142, \u015brodki EFRR (85 %) \u2013 1 386 720,82 z\u0142. *9. \u201ePrzebudowa ulic: B. Czecha, J. Korczaka, Kosmonaut\u00f3w, Orlej i Szybowcowej w celu poprawy dost\u0119pno\u015bci komunikacyjnej stref aktywno\u015bci gospodarczej i lotniska w Mielcu\u201d. Realizacja: 26 XI 2010 r. \u2013 26 VIII 2011 r. Koszty: 3 073 270,35 z\u0142, w tym: \u015brodki GMM (34,12 %) \u2013 1 035 055,33 z\u0142 + koszty niekwalifikowane 39 696,69 z\u0142, \u015brodki EFRR (65,88 %) \u2013 1 998 518,33 z\u0142. *10. \u201ePoprawa warunk\u00f3w ruchu w centrum Mielca oraz dost\u0119pno\u015bci do kluczowych szlak\u00f3w transportowych poprzez przebudow\u0119 ulic: S. Drzewieckiego, B. G\u0142owackiego, T. Ko\u015bciuszki, G. Narutowicza i S. \u017beromskiego.\u201d Realizacja: 30 XI 2010 r. \u2013 2 IX 2011 r. Koszty: 7 084 576,83 z\u0142, w tym: \u015brodki EMM (30 %) \u2013 2 014 513,02 z\u0142 + koszty niekwalifikowane 369 533,44 z\u0142, \u015brodki EFRR (70 %) \u2013 4 700 530,37 z\u0142. *11. \u201eOchrona przed powodzi\u0105 i racjonalna gospodarka zasobami wodnymi zlewni rowu Trze\u015b\u0144 G\u0142\u00f3wna, z uwzgl\u0119dnieniem obszaru przemys\u0142owego w Mielcu.\u201d Realizacja: 7 X 2011 r. \u2013 7 X 2013 r. Koszty: 3 784 339,15 z\u0142, w tym: \u015brodki GMM (15 %) \u2013 545 378,88 z\u0142 + koszty niekwalifikowane 148 480,00 z\u0142, \u015brodki EFRR (85 %) \u2013 3 090 480,27 z\u0142. \u00a0*12. \u201ePrzywr\u00f3cenie historycznej funkcji centrum handlowo-rekreacyjnego miasta Mielca zabytkowemu \u015ar\u00f3dmie\u015bciu z rynkiem i bazylik\u0105 mniejsz\u0105 \u015bw. Mateusza\u201d. Zakres: przebudowa rynku Starego Miasta, remont ul. T. Ko\u015bciuszki (od rynku do ul. Po\u0142anieckiej), poprawa bezpiecze\u0144stwa i estetyki ul. Po\u0142anieckiej, rewitalizacja teren\u00f3w zielonych mi\u0119dzy ul. Rzeczn\u0105 a wa\u0142em, odnowa Parku Inwalid\u00f3w Wojennych przy ul. S. Staszica, modernizacja bazyliki mn. \u015bw. Mateusza wraz z otoczeniem i ul. b\u0142. ks. R. Sitki, modernizacja ko\u015bcio\u0142a \u015bw. Marka wraz z otoczeniem i ul. Rzeczn\u0105, promocja projektu. Realizacja: 13 X 2011 r. \u2013 20 IX 2013 r. Koszty: 8 861 706,38 z\u0142, w tym: \u015brodki Gminy Miejskiej Mielec \u2013 801 239,37 z\u0142, \u015brodki Parafii \u015bw. Mateusza \u2013 486 741,82 z\u0142 i 421 462,58 z\u0142 na koszty niekwalifikowane, \u015brodki z EFRR (84,74 %) \u2013 7 152 262,61 z\u0142. \u00a0*13. \u201eRewitalizacja terenu by\u0142ego prowizorycznego osiedla barak\u00f3w mieszkalnych w Mielcu, wybudowanego w latach 50. XX w. dla jednostek paramilitarnych i m\u0142odych robotnik\u00f3w.\u201d Dotyczy Miasteczka M\u0142odego Robotnika za G\u00f3r\u0105 Cyranowsk\u0105. Realizacja: 21 XII 2012 r. \u2013 5 V 2014 r. Koszty: 9 276 437,57 z\u0142, w tym: \u015brodki Gminy Miejskiej Mielec (23,07 %) \u2013 1 929 047,26 z\u0142, \u015brodki Ministra Rozwoju Regionalnego (47,85 %) \u2013 4 001 079,73 z\u0142, \u015brodki z EFRR (29,08 %) \u2013 2 431 586,17 z\u0142. \u00a0*14. \u201eRozw\u00f3j infrastruktury pomocy spo\u0142ecznej poprzez utworzenie Klubu Integracji Spo\u0142ecznej i modernizacj\u0119 obiektu MOPS w Mielcu. Realizacja: &#8230;.. \u2013 III 2013 r. Koszty: 817 777,15 z\u0142, w tym: \u015brodki Gminy Miejskiej Mielec (30 %) \u2013 235 310,39 z\u0142 i 33 409,22 z\u0142 na koszty niekwalifikowane, \u015brodki z EFRR (70 %) \u2013 549 057,54 z\u0142. *15. \u201ePoprawa efektywno\u015bci energetycznej obiekt\u00f3w MOSiR przy ul. L. Solskiego w Mielcu poprzez monta\u017c instalacji solarnej.\u201d Realizacja: 20 VI 2013 r. \u2013 3 XII 2013 r. Koszty: 787 687,00 z\u0142, w tym: \u015brodki Gminy Miejskiej Mielec (15 %) \u2013 118 134,46 z\u0142 i 123,00 z\u0142 na koszty niekwalifikowane, \u015brodki z EFRR (85 %) \u2013 669 428,54 z\u0142.<\/p>\r\n\r\n\r\n\r\n<p><strong>UNIJNE \u015aRODKI DLA MIELCA POPRZEZ POWIAT MIELECKI<\/strong>; pomoc finansowa Unii Europejskiej dociera\u0142a do Mielca tak\u017ce poprzez Powiat Mielecki. \u00a0Dotyczy\u0142a inwestycji w instytucjach i urz\u0105dzeniach podleg\u0142ych Powiatowi, a znajduj\u0105cych si\u0119 w Mielcu. \u015arodki pozyskiwano na podstawie projekt\u00f3w, kt\u00f3re sk\u0142ada\u0142 Powiat Mielecki do organ\u00f3w zarz\u0105dzaj\u0105cych poszczeg\u00f3lnymi programami.<\/p>\r\n\r\n\r\n\r\n<p>Regionalny Program Operacyjny Wojew\u00f3dztwa Podkarpackiego (RPO WP) na lata 2007-2013; *1. \u201eRegionalne Centrum Transferu Nowoczesnych Technologii Wytwarzania\u201d. Dotyczy nowego obiektu przy ul. Wojska Polskiego 2B. Realizacja: 5 III 2008 r. \u2013 30 VI 2013. Koszty: 15 340 543,35 z\u0142, w tym: bud\u017cet Powiatu Mieleckiego (PM) \u2013 2 307 881,51 z\u0142, \u00a0\u015brodki EFRR \u2013 13 032 661,84 z\u0142. *2. \u201eRozbudowa i przebudowa Specjalnego O\u015brodka Szkolno-Wychowawczego w Mielcu \u2013 etap 1a\u201d. Realizacja: 31 X 2008 r. \u2013 30 VI 2011 r. Koszty: 7 280 590,81 z\u0142, w tym: bud\u017cet PM \u2013 2 831 441,35 z\u0142, \u015brodki EFRR \u2013 4 449 149,46 z\u0142. *3. \u201eWymiana ambulans\u00f3w ratunkowych z doposa\u017ceniem o system dysponowania zespo\u0142\u00f3w wyjazdowych dla Powiatowej Stacji Pogotowia Ratunkowego SPZ w Mielcu\u201d. Realizacja: VIII \u2013 X 2009 r. Koszty: 819 441,40 z\u0142, w tym: bud\u017cet PM \u2013 122 916,21 z\u0142, \u015brodki EFRR \u2013 696 525,19 z\u0142. *4. \u201ePrzebudowa drogi powiatowej Nr 1 194 R ul. S\u0119kowskiego w Mielcu na odcinku o d\u0142ugo\u015bci 0,650 km\u201d. Realizacja: 16 III 2010 r. \u2013 16 XI 2012 r. Koszty: 1 061 942,90 z\u0142, w tym: bud\u017cet PM \u2013 318 582,87 z\u0142, \u015brodki EFRR \u2013 743 360,03 z\u0142. *5. \u201eBezpiecze\u0144stwo zdrowotne najm\u0142odszych pacjent\u00f3w i przysz\u0142ych mam \u2013 projekt poprawy dost\u0119pno\u015bci us\u0142ug medycznych w Szpitalu Powiatowym im. E. Biernackiego w Mielcu\u201d. Realizacja: 30 III 2010 r. \u2013 31 XII 2010 r. Koszty: 1 277 747,71 z\u0142, w tym: bud\u017cet PM \u2013 383 324,32 z\u0142, \u015brodki EFRR \u2013 894 423,39 z\u0142. *6. \u201eKompleksowa przebudowa systemu ogrzewania przy zastosowaniu odnawialnych \u017ar\u00f3de\u0142 energii \u2013 pomp ciep\u0142a i kolektor\u00f3w s\u0142onecznych w obiektach ZST w Mielcu\u201d. Realizacja: 23 VI 2010 r. \u2013 30 VII 2011 r. Koszty: 4 171 851,54 z\u0142, w tym: bud\u017cet PM \u2013 702 004,49 z\u0142, \u015brodki EFRR \u2013 3 469 847,05 z\u0142. *7. \u201eChcemy i mo\u017cemy Ci pom\u00f3c w ka\u017cdej sytuacji \u2013 budowa l\u0105dowiska dla \u015bmig\u0142owc\u00f3w sanitarnych na terenie Szpitala Powiatowego im. E. Biernackiego w Mielcu. Realizacja: 1 III 2011 r. \u2013 30 VI 2012 r. Koszty: 3 215 412,00 z\u0142, w tym: bud\u017cet PM \u2013 482 312,00 z\u0142, \u015brodki EFRR \u2013 2 733 100,00 z\u0142. \u00a0*8. Kompleksowa informatyzacja Szpitala Powiatowego im. E. Biernackiego w Mielcu\u201d. Realizacja: 1 III 2011 r. \u2013 30 VI 2012 r. Koszty: 4 445 278,50 z\u0142, w tym: bud\u017cet PM \u2013 666 791,78 z\u0142, \u015brodki EFRR \u2013 3 778 486,72 z\u0142. *9. \u201eBudowa Systemu Informacji Przestrzennej w powiecie mieleckim wspomagaj\u0105cego \u015bwiadczenie us\u0142ug drog\u0105 elektroniczn\u0105 wraz ze zwi\u0119kszeniem ich zakresu dost\u0119pno\u015bci i jako\u015bci\u201d. Dotyczy m.in. unowocze\u015bnienia funkcjonowania Starostwa Powiatowego w Mielcu. Realizacja: 7 V 2012 r. \u2013 13 VI 2014. Koszty: 2 760 000,00 z\u0142, w tym: bud\u017cet PM \u2013 423 545,50 z\u0142, \u015brodki EFRR \u2013 2 336 454,50 z\u0142. *10. \u201eInstalacja kolektor\u00f3w s\u0142onecznych do wspomagania wytwarzania ciep\u0142ej wody u\u017cytkowej na potrzeby Domu Pomocy Spo\u0142ecznej w Mielcu\u201d. Realizacja: 17 VII 2012 r. \u2013 31 X 2013 r. Koszty: 462 596,12 z\u0142, w tym: bud\u017cet PM &#8211; 85 758,38 z\u0142, \u015brodki EFRR \u2013 376 837,74 z\u0142. *11. \u201eKompleksowa termomodernizacja obiekt\u00f3w szko\u0142y Specjalnego O\u015brodka Szkolno-Wychowawczego w Mielcu przy ul. Kr\u00f3lowej Jadwigi 1\u201d. Realizacja: 31 X 2013 r. \u2013 20 V 2014 r. Koszty: 3 049 575,45 z\u0142, w tym: bud\u017cet PM -265 038,84 z\u0142, \u015brodki Narodowego Funduszu Ochrony \u015arodowiska i Gospodarki Wodnej \u2013 784 793,00 z\u0142, \u015brodki EFRR \u2013 1 999 743,61 z\u0142.<\/p>\r\n\r\n\r\n\r\n<p><strong>UPAMI\u0118TNIENIE AGROLOTNIK\u00d3W \u2013 OFIAR WYPADK\u00d3W LOTNICZYCH<\/strong>, g\u0142az umieszczony w p\u00f3\u0142nocno-wschodniej cz\u0119\u015bci mieleckiego lotniska, obok bazy EADS (wcze\u015bniej ZUA Mielec). Z inicjatyw\u0105 upami\u0119tnienia agrolotnik\u00f3w z okazji 30-lecia ZUA wyst\u0105pi\u0142a jego dyrekcja, a wspar\u0142a j\u0105 za\u0142oga ZUA Mielec. G\u0142az z jasnego piaskowca \u00a0ma nieregularny kszta\u0142t. Wysoko\u015b\u0107 \u2013 oko\u0142o 2,50 m. Jest posadowiony na p\u0142ycie z piaskowca, tak\u017ce o nieregularnym kszta\u0142cie. Oba kamienie ufundowa\u0142 i przywi\u00f3z\u0142 do Mielca Zbigniew Kowalski \u2013 pilot z Sieradza, zatrudniony w ZUA Mielec. Z prawej strony \u015bciany przedniej g\u0142azu wyryto znak krzy\u017ca, a z lewej, nieco ni\u017cej, umieszczono tablic\u0119 z tekstem: \u201ePami\u0119ci Koleg\u00f3w i Wsp\u00f3\u0142tw\u00f3rc\u00f3w naszej Firmy, kt\u00f3rzy przedwcze\u015bnie odeszli &#8211; w 30-lecie ZUA Kole\u017canki i Koledzy &#8211; 2002 r.\u201d Pod p\u0142yt\u0105 umieszczono zamkni\u0119ty pojemnik z list\u0105 polskich agrolotnik\u00f3w, kt\u00f3rzy zgin\u0119li w wypadkach lotniczych podczas wykonywania obowi\u0105zk\u00f3w s\u0142u\u017cbowych w kraju i poza jego granicami. Uroczysto\u015b\u0107 ods\u0142oni\u0119cia i po\u015bwi\u0119cenia odby\u0142a si\u0119 9 X 2002 r., a po\u015bwi\u0119cenia dokonali ks. pra\u0142at Kazimierz Czesak \u2013 proboszcz parafii MBNP w Mielcu i o. Dominik M. Orczykowski \u2013 zakonnik z Krakowa, kapelan lotnik\u00f3w. Lista agrolotnik\u00f3w \u2013 ofiar wypadk\u00f3w lotniczych (uk\u0142ad jak w oryginale pod obeliskiem): *POLSKA: 1965 \u2013 Bronikowski Przemys\u0142aw, 1968 \u2013 Weber Leszek, 1969 \u2013 Adamczewski Marek, 1971 \u2013 Wysocki Jan, Przybylski Seweryn, 1975 \u2013 Kaczmarek Henryk, Szczeg\u00f3lew Robert, 1976 \u2013 Makulski Witold, Witkowski Wies\u0142aw, 1978 \u2013 Nyderek Zenon, Hebda Wies\u0142aw, 1980 \u2013 Cicho\u0144 Grzegorz, Grze\u015bk\u00f3w Miros\u0142aw, Wyrzykowski Marian, Bociarn Kazimierz, Lichnerowicz Eugeniusz, 1982 \u2013 Bera Kazimierz, Ciszewski Marek, 1986 \u2013 Matuszewski Ryszard, 1988 \u2013 Ko\u015bcielniak Andrzej, Lewandowski Andrzej, Wolny S\u0142awomir, 1989 \u2013 Sikora Jan, 1990 \u2013 Samul Piotr, Krakowiak Kazimierz, 1992 &#8211; Gutsche Krzysztof, 1995 \u2013 Kr\u00f3l Janusz, 2001 \u2013 Smyk Krzysztof, 2005 \u2013 Gaudy Piotr; *\u015aMIG\u0141OWCE: 1987 \u2013 Ciesielski Grzegorz, G\u0142owacz Marek, 1988 \u2013 Jukowski Andrzej, Banecki Marek, Ma\u0144ka Tomasz, Sad\u0142o Jerzy, Tworek Zbigniew, 1989 \u2013 Goluch Jerzy, Ku\u017clik Wies\u0142aw, G\u00f3ralski Adam, 1996 \u2013 Drzazga Jan, 2009 \u2013 Cyga\u0144ski Janusz; *ZAGRANICA: 1966 \u2013 Wasilewski Henryk, 1971 \u2013 Dziedzic Bogdan, 1973 \u2013 Gromadzki Antoni, 1974 \u2013 Jakubisiak Zdzis\u0142aw, Papszun Zdzis\u0142aw, 1975 \u2013 \u0141uszpi\u0144ski Marian, 1976 \u2013 Zapa\u015bnik Ireneusz, 1977 \u2013 Kowalski J\u00f3zef, Walasek Marek, Tomaszewski Jan, Plichta Jerzy, 1978 \u2013 Lewandowski Ziemowit, Jankowski Lucjan, Przybyszewski Henryk, 1981 \u2013 Timoszyk Ryszard, 1982 \u2013 Powierza Zbigniew, 1984 \u2013 Wyrzykowski Witold, Gracz J\u00f3zef, \u00a01987 \u2013 Konieczka Henryk, Murzyn Roman, 1988 \u2013 Majewska Pelagia, Golonka Micha\u0142, Stefaniak Andrzej, Kacprowski Janusz, 1999 \u2013 Gajda J\u00f3zef, 2003 \u2013 Brzoza Zdzis\u0142aw. Wymienieni w wypadkach zagranicznych \u00a0zmarli w: Egipcie \u2013 15, Sudanie \u2013 6, Iranie \u2013 1, Austrii \u2013 1, Portugalii \u2013 1, Hiszpanii \u2013 1 i na W\u0119grzech \u2013 2. Indeks samolot\u00f3w w wymienionych wypadkach: An-2 \u2013 20 agrolotnik\u00f3w, PZL 101 \u2013 19, PZL 104 \u2013 3, PZL 105 \u2013 7, M18 \u2013 5, ZLIN \u2013 1, MI2 \u2013 11.<\/p>\r\n\r\n\r\n\r\n<p><strong>URBAN<\/strong>, w\u00f3jt rzochowski, wzmiankowany w latach 1447\u20131452. By\u0142 szlachcicem i dziedzicem m.in. wsi Jod\u0142\u00f3wka.<\/p>\r\n<p><b>URBAN ZBIGNIEW<\/b>, urodzony 17 III 1924 r. w Salumin (Francja), syn Bronis\u0142awa i Lidii z Dobrowolskich. Uko\u0144czy\u0142 szko\u0142\u0119 malarstwa i sztuk pi\u0119knych w Pary\u017cu. Od 1939 r. mieszka\u0142 w Mielcu. W czasie okupacji hitlerowskiej pracowa\u0142 w zarz\u0105dzanej przez Niemc\u00f3w fabryce samolot\u00f3w (FWM) w Mielcu \u2013 Cyrance. Po wyzwoleniu Mielca spod okupacji hitlerowskiej zg\u0142osi\u0142 si\u0119 do II Armii Wojska Polskiego i jako podoficer X Sudeckiej Dywizji Piechoty bra\u0142 udzia\u0142 w ostatnich miesi\u0105cach II wojny \u015bwiatowej. Po wojnie zosta\u0142 zdemobilizowany i powr\u00f3ci\u0142 do mieleckich PZL \u2013 Zak\u0142ad nr 1. Z powodu kontuzji odniesionej na froncie i pogarszaj\u0105cego si\u0119 stanu zdrowia przeszed\u0142 na rent\u0119. Jego pozazawodow\u0105 pasj\u0105 by\u0142o malarstwo olejne. Specjalizowa\u0142 si\u0119 w pejza\u017cach, tak\u017ce okolic Mielca. Jego obrazy by\u0142y ch\u0119tnie kupowane, tote\u017c znalaz\u0142y si\u0119 w licznych zbiorach w kraju i poza jego granicami. Od 1981 r. nale\u017ca\u0142 do Klubu \u015arodowisk Tw\u00f3rczych TMZM i wzi\u0105\u0142 udzia\u0142 w jego pierwszych wystawach zbiorowych.\u00a0 By\u0142 cz\u0142onkiem mieleckiego Ko\u0142a ZBoWiD. Zmar\u0142 8 VII 1983 r. i zosta\u0142 pochowany na cmentarzu komunalnym w Mielcu przy ul. Kr\u00f3lowej Jadwigi.<\/p>\r\n<p><b><img loading=\"lazy\" decoding=\"async\" class=\"alignleft  wp-image-6813\" src=\"https:\/\/encyklopedia.mielec.pl\/wp-content\/uploads\/2022\/11\/Urbaniak-Ignacy-200x300.jpg\" alt=\"\" width=\"113\" height=\"170\" srcset=\"https:\/\/encyklopedia.mielec.pl\/wp-content\/uploads\/2022\/11\/Urbaniak-Ignacy-200x300.jpg 200w, https:\/\/encyklopedia.mielec.pl\/wp-content\/uploads\/2022\/11\/Urbaniak-Ignacy-683x1024.jpg 683w, https:\/\/encyklopedia.mielec.pl\/wp-content\/uploads\/2022\/11\/Urbaniak-Ignacy-768x1152.jpg 768w, https:\/\/encyklopedia.mielec.pl\/wp-content\/uploads\/2022\/11\/Urbaniak-Ignacy.jpg 1024w\" sizes=\"auto, (max-width: 113px) 100vw, 113px\" \/>URBANIAK IGNACY, <\/b>urodzony 19 VII 1906 r. w Winiarach, syn Piotra i Franciszki z domu Tritt. Po uzyskaniu uprawnie\u0144 zawodowych w 1932 r. pracowa\u0142 jako cie\u015bla w Poznaniu. W 1940 r., w ramach niemieckiej akcji przesiedlania polskiej ludno\u015bci z Wielkopolski, zosta\u0142 wraz z bratem Franciszkiem przewieziony transportem kolejowym do Mielca. Zamieszka\u0142 w domu Podolskich przy ul. Kolbuszowastrasse (od 1944 r. \u2013 ul. Wolno\u015bci). Pomaga\u0142 W\u0142adys\u0142awie Podolskiej w prowadzeniu zak\u0142adu fotograficznego FOTO KAMERA i w 1947 r. zawar\u0142 z ni\u0105 ma\u0142\u017ce\u0144stwo cywilne. Po zdaniu egzaminu w dniu 22 III 1949 r. uzyska\u0142 tytu\u0142 czeladnika w zawodzie fotograf. Poza prowadzeniem zak\u0142adu fotograficznego Urbaniakowie hodowali nutrie w domu rodzinnym W\u0142adys\u0142awy przy ul. Wolno\u015bci w Mielcu. Po \u015bmierci \u017cony (28 II 1980 r.) wr\u00f3ci\u0142 do Poznania i tam zmar\u0142 w dniu 2 VIII 1980 r. Zosta\u0142 pochowany na Cmentarzu Parafialnym \u015bw. Stanis\u0142awa Kostki w Poznaniu.<\/p>\r\n<p>&nbsp;<\/p>\r\n<p><b><img loading=\"lazy\" decoding=\"async\" class=\"alignleft  wp-image-6814\" src=\"https:\/\/encyklopedia.mielec.pl\/wp-content\/uploads\/2022\/11\/Urbaniak-Wladyslawa-224x300.jpg\" alt=\"\" width=\"115\" height=\"154\" srcset=\"https:\/\/encyklopedia.mielec.pl\/wp-content\/uploads\/2022\/11\/Urbaniak-Wladyslawa-224x300.jpg 224w, https:\/\/encyklopedia.mielec.pl\/wp-content\/uploads\/2022\/11\/Urbaniak-Wladyslawa-764x1024.jpg 764w, https:\/\/encyklopedia.mielec.pl\/wp-content\/uploads\/2022\/11\/Urbaniak-Wladyslawa-768x1030.jpg 768w, https:\/\/encyklopedia.mielec.pl\/wp-content\/uploads\/2022\/11\/Urbaniak-Wladyslawa.jpg 1024w\" sizes=\"auto, (max-width: 115px) 100vw, 115px\" \/>URBANIAK W\u0141ADYS\u0141AWA WIKTORIA (z domu PODOLSKA),<\/b> urodzona 19 XII 1912 r. w Mielcu, c\u00f3rka Jana i Wiktorii z domu Wanatowicz. Uko\u0144czy\u0142a szko\u0142\u0119 haftu w Makowie Podhala\u0144skim. Zajmowa\u0142a si\u0119 te\u017c fotografi\u0105 i prawdopodobnie od 1938 r. wykonywa\u0142a us\u0142ugi fotograficzne.\u00a0 2 VIII 1942 r. uzyska\u0142a dyplom mistrzowski w zawodzie fotografa. Po wojnie uruchomi\u0142a Zak\u0142ad Fotograficzny FOTO KAMERA przy ul. Ignacego Daszy\u0144skiego (p\u00f3\u017aniej J\u00f3zefa Stalina i Adama Mickiewicza). W 1947 r. wysz\u0142a za m\u0105\u017c za Ignacego Urbaniaka, kt\u00f3ry przyby\u0142 do Mielca w 1940 r. w ramach akcji przesiedlania Wielkopolan przez okupant\u00f3w niemieckich. Ignacy Urbaniak uzyska\u0142 uprawnienia czeladnicze w zawodzie fotografa po zdaniu egzaminu 22 III 1949 r. Z powodu choroby m\u0119\u017ca zak\u0142ad dzia\u0142a\u0142 z przerwami. W\u0142adys\u0142awa wyst\u0119powa\u0142a do Cechu Rzemie\u015blniczego w Mielcu z pro\u015bbami o zwolnienie z p\u0142acenia sk\u0142adek cz\u0142onkowskich lub przydzielenie zapom\u00f3g, co za\u0142atwiano najcz\u0119\u015bciej pozytywnie. Urbaniakowie byli tak\u017ce hodowcami nutrii w domu rodzinnym W\u0142adys\u0142awy przy ul. Wolno\u015bci w Mielcu.\u00a0 Od 1967 r. tak\u017ce i ona zachorowa\u0142a. Zak\u0142ad funkcjonowa\u0142 prawdopodobnie do jej \u015bmierci w dniu 28 II 1980 r. Zosta\u0142a pochowana na cmentarzu parafialnym w Mielcu przy ul. H. Sienkiewicza.\u00a0<\/p>\r\n\r\n\r\n\r\n<p><strong><img loading=\"lazy\" decoding=\"async\" class=\"alignleft size-full wp-image-2720\" src=\"https:\/\/encyklopedia.mielec.pl\/wp-content\/uploads\/2022\/11\/urbanski_janusz.jpg\" alt=\"\" width=\"112\" height=\"150\" \/>URBA\u0143SKI JANUSZ<\/strong>, urodzony 15 VI 1933 r. w Warszawie, syn Aleksandra i Marii z domu Golec. Absolwent Liceum Og\u00f3lnokszta\u0142c\u0105cego im. J. I. Kraszewskiego w Bia\u0142ej Podlaskiej, matur\u0119 zda\u0142 w 1951 r. Studia na Wydziale Lotniczym Politechniki Warszawskiej (kierunek: budowa silnik\u00f3w) uko\u0144czy\u0142 w 1955 r. i uzyska\u0142 tytu\u0142 in\u017cyniera lotnictwa. Z dniem 31 VIII 1955 r. zosta\u0142 zatrudniony w WSK Mielec na stanowisku mistrza, a nast\u0119pnie pracowa\u0142 jako starszy technolog, zast\u0119pca kierownika wydzia\u0142u i zast\u0119pca g\u0142\u00f3wnego technologa. W latach 1963\u20131978 pe\u0142ni\u0142 funkcj\u0119 g\u0142\u00f3wnego technologa, a p\u00f3\u017aniej by\u0142 zast\u0119pc\u0105 dyrektora ds. technicznych Zak\u0142adu Aparatury Paliwowej i g\u0142\u00f3wnym specjalist\u0105 ds. technicznych. W 1977 r. uzyska\u0142 specjalizacj\u0119 zawodow\u0105. W latach 1987\u20131990 kierowa\u0142 serwisem w USA, a nast\u0119pnie by\u0142 kierownikiem sekcji w serwisie lotniczym. Pe\u0142ni\u0142 tak\u017ce funkcje spo\u0142eczne, m.in. by\u0142 przewodnicz\u0105cym Klubu Techniki i Racjonalizacji w WSK Mielec, przewodnicz\u0105cym Komitetu Opieku\u0144czego Szko\u0142y Podstawowej nr 6 w Mielcu oraz przewodnicz\u0105cym Komitetu Rodzicielskiego II Liceum Og\u00f3lnokszta\u0142c\u0105cego im. M. Kopernika w Mielcu. Od 1 IX 1996 r. pracowa\u0142 w FTH \u201eAnkol\u201d, ostatnio jako starszy specjalista ds. marketingu. Wyr\u00f3\u017cniony m.in.: Krzy\u017cem Kawalerskim OOP, Z\u0142otym Krzy\u017cem Zas\u0142ugi, Srebrnym Krzy\u017cem Zas\u0142ugi, Medalami 30\u2013lecia i 40\u2013lecia Polski Ludowej oraz wpisem do Ksi\u0119gi Zas\u0142u\u017conych dla Miasta Mielca w 1983 r. Zmar\u0142 30 XII 2019 r. Pochowany na cmentarzu komunalnym w Mielcu przy ul. Kr\u00f3lowej Jadwigi.<\/p>\r\n\r\n\r\n\r\n<p><strong><img loading=\"lazy\" decoding=\"async\" class=\"alignleft size-full wp-image-2721\" src=\"https:\/\/encyklopedia.mielec.pl\/wp-content\/uploads\/2022\/11\/urbanski_krzysztof.jpg\" alt=\"\" width=\"112\" height=\"150\" \/>URBA\u0143SKI KRZYSZTOF<\/strong>, urodzony 7 VIII 1975 r. w Kielcach, syn Jerzego i Danuty z domu Kula. Absolwent Technikum Mechanicznego nr 1 w Kielcach, matur\u0119 zda\u0142 w 1995 r. Pracowa\u0142 w Centrum Muzycznym VANAX Kielce (akustyk), Radio FAMA Kielce (1995-1997, realizator audycji, dziennikarz i prezenter), Radio TAK Kielce (1998-1999, kierownik techniczny, prezenter) i ponownie Centrum Muzycznym VANAX Kielce (1999-2001, prezenter, akustyk). W 2000 r. uko\u0144czy\u0142 Wy\u017csz\u0105 Szko\u0142\u0119 Dziennikarsk\u0105 w Warszawie i uzyska\u0142 tytu\u0142 licencjata. W 2001 r. zosta\u0142 zatrudniony w Radio PULS FM Mielec na stanowisku zast\u0119pcy redaktora naczelnego i prezentera, a w 2004 r. powierzono mu funkcj\u0119 redaktora naczelnego tego radia. R\u00f3wnocze\u015bnie w latach 2001-2004 by\u0142 wsp\u00f3\u0142pracownikiem i korespondentem rzeszowskich gazet codziennych \u201eSuper Nowo\u015bci\u201d i \u201eNowiny\u201d, Polskiego Radia Rzesz\u00f3w, Telewizji Polskiej Oddzia\u0142 Rzesz\u00f3w i Radia RDN Ma\u0142opolska. W 2006 r. zosta\u0142 zatrudniony w Urz\u0119dzie Miejskim w Mielcu na stanowisku g\u0142\u00f3wnego specjalisty w Biurze Promocji i Informacji, a w 2009 r. powierzono mu funkcj\u0119 rzecznika prasowego Prezydenta Miasta Mielca. Od XI 2012 r. do VI 2015 r. kierowa\u0142 Biurem Promocji i Informacji, a nast\u0119pnie by\u0142 g\u0142\u00f3wnym specjalist\u0105 w tym\u017ce BPI. W czerwcu 2016 r. przeszed\u0142 do Domu Kultury SCK w Mielcu na stanowisko kierownika Dzia\u0142u Organizacji Imprez i Wystaw Artystycznych. Po reorganizacji kom\u00f3rek organizacyjnych Urz\u0119du Miejskiego w Mielcu, w lutym 2018 r. powierzono mu stanowisko kierownika Biura Promocji i Sportu i pe\u0142ni\u0142 je do 30 IX 2019 r. Od 1 X 2019 r. by\u0142 pracownikiem Biura Promocji i Sportu UM. Od 2020 r. pe\u0142ni funkcj\u0119 dyrektora Domu Kultury w Przec\u0142awiu. Jest inicjatorem i organizatorem wielu niekonwencjonalnych przedsi\u0119wzi\u0119\u0107 kulturalnych. Studiowa\u0142 w Wy\u017cszej Szkole Informatyki i Zarz\u0105dzania w Rzeszowie i w 2010 r. uzyska\u0142 tytu\u0142 magistra. Wsp\u00f3\u0142organizator i konferansjer wielu wydarze\u0144 artystycznych i sportowych, m.in. Mistrzostw Europy w Pi\u0142ce R\u0119cznej do lat 18 w Gda\u0144sku i Gdyni (2014), oficjalnego powitania reprezentacji Polski \u2013 br\u0105zowych medalist\u00f3w Mistrzostw \u015awiata w Pi\u0142ce R\u0119cznej w Katarze (2015) i oficjalnego powitania polskich skoczk\u00f3w narciarskich po Olimpiadzie w Pjongczangu (Korea Po\u0142udniowa, 2018). Wykona\u0142 szereg dokumentacji fotograficznych z wydarze\u0144 w Mielcu w latach 2001-2018. Wiele z tych zdj\u0119\u0107 zamieszczono w niniejszej <em>Encyklopedii miasta Mielca.<\/em>\u00a0W latach 2007-2011 by\u0142 cz\u0142onkiem Rady Osiedla Niepodleg\u0142o\u015bci, a od 2010 r. zosta\u0142 wybrany na przewodnicz\u0105cego Rady Rodzic\u00f3w Szko\u0142y Podstawowej nr 3 im. Wojska Polskiego w Mielcu. Wyr\u00f3\u017cniony m.in. Srebrn\u0105 Odznak\u0105 Przyjaciel ZHP, Br\u0105zowym Medalem \u201eZas\u0142u\u017cony dla Po\u017carnictwa\u201d i Nagrod\u0105 Wydawnictwa Orcla Presse za reporta\u017c prasowy 2003.<\/p>\r\n<p><strong>URZ\u0104D MIEJSKI (ZARZ\u0104D GMINNY, MAGISTRAT, ZARZ\u0104D MIEJSKI, PREZYDIUM MIEJSKIEJ RADY NARODOWEJ)<\/strong>, funkcjonowa\u0142 w r\u00f3\u017cnych formach organizacyjnych od pierwszych lat powstania miasta. Przez kilka setek lat jego siedzib\u0105 by\u0142 ratusz, kt\u00f3ry sta\u0142 na rynku i by\u0142 siedzib\u0105 \u0142awy s\u0105dowej i rady miejskiej. Na czele \u0142awy sta\u0142 w\u00f3jt, a administracj\u0105 miasta zajmowa\u0142 si\u0119 burmistrz. Nie wiadomo, ilu zatrudniano w\u00f3wczas urz\u0119dnik\u00f3w. Z pewno\u015bci\u0105 jednak zatrudniony by\u0142 pisarz, kt\u00f3ry prowadzi\u0142 ksi\u0119g\u0119 w\u00f3jtowsko-\u0142awnicz\u0105. Zatrudniano te\u017c stra\u017c miejsk\u0105, kt\u00f3ra pilnowa\u0142a porz\u0105dku w mie\u015bcie. Ponadto wiele zada\u0144 dotycz\u0105cych funkcjonowania miasta wykonywali w imieniu w\u0142a\u015bcicieli miasta ich faktorzy i s\u0142udzy. Nie wiadomo te\u017c, na kim spoczywa\u0142 obowi\u0105zek naliczania, pobierania i rozliczania r\u00f3\u017cnych podatk\u00f3w oraz egzekwowania kar pieni\u0119\u017cnych, ale z pewno\u015bci\u0105 kto\u015b wykonywa\u0142 te zadania. Nie wiadomo, kiedy rozebrano ratusz, bowiem w dost\u0119pnych dokumentach nic na ten temat si\u0119 nie pisze. Zadania urz\u0119du miejskiego nie zmieni\u0142y si\u0119 wiele po I rozbiorze Polski (1772), kiedy Mielec znalaz\u0142 si\u0119 pod zaborem austriackim. W sk\u0142ad urz\u0119du, kt\u00f3ry nadal uto\u017csamiano z w\u0142adz\u0105 miejsk\u0105, wchodzili: w\u00f3jt, podw\u00f3jci, burmistrz, \u0142awnicy i pisarz. Utrzymywano tak\u017ce stra\u017c miejsk\u0105. W 1785 r. w\u0142adze austriackie wprowadzi\u0142y podzia\u0142 osad miejskich na miasta i miasteczka i w tych drugich znacznie ograniczono kompetencje urz\u0119d\u00f3w. Mielec zaliczono do miasteczek, ale dokumenty nie potwierdzaj\u0105 wyra\u017anego ograniczenia obowi\u0105zk\u00f3w urz\u0119d\u00f3w, mo\u017ce dlatego, \u017ce Mielec by\u0142 miastem prywatnym. Do najwa\u017cniejszych zada\u0144 urz\u0119du nale\u017ca\u0142y: zarz\u0105dzanie miastem, kontrolowanie spraw zwi\u0105zanych z handlem i us\u0142ugami, czuwanie nad \u0142adem i porz\u0105dkiem, dozorowanie zabudowy i ochrona przeciwpo\u017carowa. Ponadto s\u0105d miejski rozstrzyga\u0142 w sprawach cywilnych i karnych oraz prowadzi\u0142 ksi\u0119gi gruntowe (hipoteczne). W\u0142a\u015bciciele miasta sprawowali nadz\u00f3r nad urz\u0119dem poprzez justycjariuszy. Od urz\u0119dnik\u00f3w (zw\u0142aszcza pisarza) wymagano znajomo\u015bci j\u0119zyka niemieckiego i wpis\u00f3w do ksi\u0119gi po niemiecku, ale w praktyce rzadko realizowano to zalecenie i pisano po polsku. Zaprzestano te\u017c zapis\u00f3w po \u0142acinie. Doda\u0107 trzeba, \u017ce poza s\u0105dem miejskim dzia\u0142a\u0142 s\u0105d \u017cydowski (rabinacki).\u00a0<\/p>\r\n\r\n\r\n\r\n\r\n\r\n\r\n\r\n<p><strong>Lata 1867-1914<\/strong>\u00a0Od 11 II 1867 r., w rezultacie wprowadzenia nowej Ustawy gminnej i ordynacji wyborczej w Galicji z dnia 12 VIII 1866 r., rozpocz\u0105\u0142 dzia\u0142alno\u015b\u0107 \u201enowoczesny samorz\u0105d miejski\u201d. Organem wykonawczym uczyniono Zwierzchno\u015b\u0107 Gminn\u0105 (Zarz\u0105d Gminny), w sk\u0142ad kt\u00f3rej wchodzili pocz\u0105tkowo: naczelnik (burmistrz), zast\u0119pca naczelnika (burmistrza) i 6 asesor\u00f3w. Ze wzgl\u0119du na niewielkie dochody miasta w pierwszym roku nie pobierali oni \u017cadnego wynagrodzenia. Pierwszymi etatowymi pracownikami Zarz\u0105du (urz\u0119du miejskiego) byli: sekretarz, kt\u00f3ry pe\u0142ni\u0142 tak\u017ce funkcj\u0119 rewizora policji, dwaj policjanci i trzej nocni str\u00f3\u017cowie. Spo\u0142ecznym kasjerem by\u0142 jeden z radnych. Na pierwsz\u0105 siedzib\u0119 w\u0142adz miejskich wynaj\u0119to dwa pokoje w domu Ludwika i Franciszki Wanatowicz\u00f3w. Urz\u0105d zajmowa\u0142 si\u0119 wykonywaniem uchwa\u0142 Rady Miejskiej, pozyskiwaniem dochod\u00f3w i realizowaniem wydatk\u00f3w oraz bie\u017c\u0105cymi sprawami miasta. W latach 70. burmistrz pobiera\u0142 ju\u017c wynagrodzenie. Zatrudniono te\u017c lekarza miejskiego i akuszerk\u0119. Taki stan trwa\u0142 niemal bez zmian do ko\u0144ca XIX w. Prawdopodobnie w 1904 r. przeniesiono siedzib\u0119 w\u0142adz miejskich na I pi\u0119tro nowo wybudowanej okaza\u0142ej kamienicy \u0141ojczyk\u00f3w przy ul. Pa\u0144skiej. Rosn\u0105ce wymogi w zakresie ochrony zdrowia spowodowa\u0142y konieczno\u015b\u0107 zatrudnienia weterynarza miejskiego oraz zast\u0119pc\u00f3w lekarza i weterynarza, a wzgl\u0119dy bezpiecze\u0144stwa wymusi\u0142y zwi\u0119kszenie stanu osobowego policji. W 1906 r. poza wy\u017cej wymienionymi zatrudniano m.in. 6 policjant\u00f3w (w tym plutonowego), 3 lampiarzy, dr\u00f3\u017cnika, polowego i le\u015bnego. Rozdzielono te\u017c funkcje sekretarza i rewizora policji. Od 1908 r. utworzono etat budowniczego. W 1914 r. Zarz\u0105d Gminny zatrudnia\u0142 18-19 os\u00f3b.\u00a0<\/p>\r\n\r\n\r\n\r\n<p><strong>Burmistrze, wiceburmistrze, komisarze rz\u0105dowi i pracownicy<\/strong>\u00a0\u2013 wymienieni w ha\u015ble \u201eRada Miejska\u201d.\u00a0<\/p>\r\n\r\n\r\n\r\n<p><strong>Lata 1914-1918<\/strong>\u00a0W latach I wojny \u015bwiatowej w\u0142adze miasta pracowa\u0142y w znacznie zmienionym sk\u0142adzie. Burmistrza miasta zast\u0105pi\u0142 c.k. komisarz rz\u0105dowy, a Rad\u0119 Gminn\u0105 \u2013 Rada Przyboczna. Urz\u0105d miejski pracowa\u0142 w niemal niezmienionym sk\u0142adzie. (Zwolniono jedynie lekarza weterynarii.)\u00a0<\/p>\r\n\r\n\r\n\r\n<p><strong>Lata 1918-1939<\/strong>\u00a0Siedzib\u0105 w\u0142adz miasta nadal by\u0142 budynek \u0141ojczyk\u00f3w. W 1921 r. zatrudniano w Urz\u0119dzie Miejskim: burmistrza, sekretarza, kancelist\u0119, pomoc kancelisty, inspektora policji, lekarza gminnego, weterynarza, plutonowego policji i 4 policjant\u00f3w, 2 str\u00f3\u017c\u00f3w, furmana, le\u015bnego, polowego i ogl\u0105dacza byd\u0142a w rze\u017ani. Rozw\u00f3j miasta po odbudowie ze zniszcze\u0144 wojennych wymaga\u0142 coraz sprawniejszej administracji, zw\u0142aszcza w sprawach finansowych. W 1924 r. utworzono wi\u0119c nowe stanowiska: rachmistrza i egzekutora gminnego. Uchwa\u0142\u0105 z 14 II 1931 r. Rada Gminna Mielca przyj\u0119\u0142a statut etat\u00f3w s\u0142u\u017cbowych Magistratu miasta Mielca. Na tej podstawie utworzono stanowiska: sekretarza, referenta podatkowego, urz\u0119dnika rachunkowego, oficjalistk\u0119-maszynistk\u0119, lekarza miejskiego, inspektora milicji miejskiej, kasjera, technika gminy, weterynarza, wo\u017anego, ogl\u0105dacza rze\u017ani miejskiej, pomocnic\u0119 pisarsk\u0105, plutonowego milicji, kaprala i 4 milicjant\u00f3w miejskich, dw\u00f3ch furman\u00f3w do koni, str\u00f3\u017ca rze\u017ani miejskiej, str\u00f3\u017ca stajen sp\u0119dowych, polowego gminnego i dr\u00f3\u017cnika gminnego. Powo\u0142ano Oddzia\u0142y: Prezydialny i sekretariat, Wojskowy, Meldunkowy, Finansowo-Podatkowy oraz Bezpiecze\u0144stwa i zdrowia publicznego. W nast\u0119pnych latach jeszcze kilkakrotnie dokonywano zmian w statucie, m.in. wprowadzono stra\u017c miejsk\u0105 porz\u0105dkow\u0105 w miejsce milicji i powierzono jej dowodzenie komendantowi.<\/p>\r\n\r\n\r\n\r\n<p><strong>Burmistrzowie, zast\u0119pcy burmistrz\u00f3w i komisarze rz\u0105dowi w latach 1918-1939<\/strong>\u00a0\u2013 wymienieni w ha\u015ble \u201eRada Miejska\u201d.<\/p>\r\n\r\n\r\n\r\n<p><strong>Pracownicy w latach 1918-1939:<\/strong>\u00a0J\u00f3zef Bory\u0144ski, Andrzej Bro\u017conowicz, Zofia Bro\u017conowicz, W\u0142adys\u0142aw Chocho\u0142owski, Marian Cyz, Adam D\u0105browski, Lucjan Gawendo, Jan Karbowski, Zofia Kazana, J\u00f3zef \u0141ach, Tadeusz Michnik, Norbert Obrowicz, A. P\u0142ask\u00f3rnicki, Jan Siero\u0144, Helena Wery\u0144ska, Ludwik Wery\u0144ski (lista niekompletna, stra\u017cnicy miejscy wymienieni w ha\u015ble \u201eStra\u017c Miejska\u201d).<\/p>\r\n\r\n\r\n\r\n<p><strong>Lata 1939-1944 (okupacja hitlerowska)<\/strong>\u00a0Wieczorem 7 IX 1939 r., tu\u017c przed wkroczeniem wojsk niemieckich do Mielca, wyje\u017cd\u017caj\u0105cy z Mielca burmistrz F. Kazana i jego zast\u0119pca W\u0142adys\u0142aw Kania wr\u0119czyli nominacj\u0119 na burmistrza J\u00f3zefowi Bory\u0144skiemu. Ten jednak 16 IX \u2013 z powodu nieznajomo\u015bci j\u0119zyka niemieckiego \u2013 w obecno\u015bci Rady Przybocznej \u00a0przekaza\u0142 w\u0142adz\u0119 burmistrzowsk\u0105 mieleckiemu lekarzowi Apolinaremu Frankowi, a nast\u0119pnie wyrazi\u0142 zgod\u0119 na pe\u0142nienie funkcji wiceburmistrza. Nazajutrz (17 IX) obie kandydatury zatwierdzi\u0142 niemiecki feldkomendant miasta Mielca. W okresie pe\u0142nienia funkcji przez A. Franka struktura Zarz\u0105du Miejskiego (tak\u0105 nazw\u0119 nadano urz\u0119dowi w czasie okupacji) pozostawa\u0142a bez zmian, ale prawdopodobnie od 1941 r., kiedy burmistrzem zosta\u0142 kolonista niemiecki J. Zimmermann, wprowadzono nowe stanowiska: referenta aprowizacji, referenta meldunkowego i jego pomocnika. Zar\u00f3wno urz\u0119dnicy jak i milicjanci miejscy w komplecie wywodzili si\u0119 ze \u015brodowiska mieleckiego lub okolicznych miejscowo\u015bci. Urz\u0119dnicy pracowali w bardzo trudnych warunkach i nieustaj\u0105cym niebezpiecze\u0144stwie wynikaj\u0105cym z bezpo\u015brednich kontakt\u00f3w z okupantem i mieszka\u0144cami miasta przy za\u0142atwianiu wielu trudnych spraw. Starali si\u0119 pomaga\u0107 mielczanom i innym mieszka\u0144com w miar\u0119 swych skromnych mo\u017cliwo\u015bci. Nie wytykano urz\u0119dnikom zachowa\u0144 dyskwalifikuj\u0105cych ich jako Polak\u00f3w i do dzi\u015b nic na ten temat si\u0119 nie m\u00f3wi. Jeszcze bardziej skomplikowan\u0105 prac\u0119 mieli milicjanci miejscy, kt\u00f3rych zadaniem by\u0142o utrzymywanie porz\u0105dku w mie\u015bcie. Jeden z nich (J\u00f3zef Smaczny z Wojs\u0142awia), podejrzany o kontakty z gestapo, zosta\u0142 zastrzelony 19 VII 1943 r. w drodze do pracy. Po wyzwoleniu Mielca spod okupacji hitlerowskiej pracownicy Zarz\u0105du Miejskiego podj\u0119li prac\u0119, a dotychczasowy sekretarz Zarz\u0105du Jerzy Lubos zosta\u0142 pierwszym powojennym starost\u0105 mieleckim.<\/p>\r\n\r\n\r\n\r\n<p><strong>Burmistrzowie:<\/strong>\u00a0J\u00f3zef Bory\u0144ski (7 IX \u2013 16 IX 1939 r.), Apolinary Frank (17 IX 1939 r. \u2013 III 1941 r.), Johann Zimmermann (III 1941 r. \u2013 VIII 1944 r.).<\/p>\r\n\r\n\r\n\r\n<p><strong>Pracownicy:<\/strong>\u00a0Feliks Adamiecki, J\u00f3zef Bory\u0144ski, Jan Bury, W\u0142adys\u0142aw Chocho\u0142owski, Jan Chomenko, Katarzyna Dziekan, Stanis\u0142aw Dziekan, Jan Jarosz, W\u0142adys\u0142aw Kielawa, Stanis\u0142aw Knot, Eugeniusz Kobyla\u0144ski, W\u0142adys\u0142aw Kolasi\u0144ski, Jan Korbiczek, El\u017cbieta Korpant\u00f3wna, Franciszek Kozik, Jerzy Lubos (sekretarz), Tadeusz Michnik, W\u0142adys\u0142aw Milewski, Stanis\u0142aw Mroczek, Marek Osmola, Jan Pluta, J\u00f3zef Smaczny, W\u0142adys\u0142aw Smaczny, Mateusz Strz\u0119pa, Ludwik Wery\u0144ski. (Lista niekompletna.)<\/p>\r\n\r\n\r\n\r\n<p><strong>Lata 1944-1950<\/strong>\u00a0W pierwszych miesi\u0105cach po wyzwoleniu Mielca spod okupacji hitlerowskiej (6 VIII 1944 r.) administracja miasta pracowa\u0142a niemal w niezmienionym sk\u0142adzie. Funkcj\u0119 urz\u0119du miejskiego pe\u0142ni\u0142 nadal Zarz\u0105d Miejski, kt\u00f3ry stanowi\u0142 jedyn\u0105 w\u0142adz\u0119 w mie\u015bcie. Jego siedzib\u0105 g\u0142\u00f3wn\u0105 by\u0142 budynek \u0141ojczyk\u00f3w. Prac\u0105 Zarz\u0105du kierowa\u0142 burmistrz miasta przy pomocy wiceburmistrza, a poszczeg\u00f3lnymi dziedzinami \u017cycia miasta zajmowa\u0142y si\u0119 referaty. Od 18 VI 1945 r. Zarz\u0105d pracowa\u0142 jako kolegium w sk\u0142adzie: burmistrz, I i II zast\u0119pca oraz cz\u0142onek, a od 2 V 1946 r. sk\u0142ad ten zwi\u0119kszono o 3 cz\u0142onk\u00f3w. Po wykszta\u0142ceniu si\u0119 nowej w\u0142adzy centralnej administracja terenowa otrzyma\u0142a wiele nowych zada\u0144, zwi\u0105zanych g\u0142\u00f3wnie z odbudow\u0105 kraju ze zniszcze\u0144 wojennych oraz wdra\u017caniem nowego ustroju pa\u0144stwa. Priorytetowymi zadaniami by\u0142y w\u00f3wczas: remonty budynk\u00f3w u\u017cyteczno\u015bci publicznej, ulic i chodnik\u00f3w, budowa i rozbudowa wodoci\u0105g\u00f3w oraz gospodarowanie maj\u0105tkiem miejskim. Dla realizowania tych zada\u0144 zwi\u0119kszono obsad\u0119 stanowisk umys\u0142owych jak i fizycznych. W 1946 r. zatrudniano og\u00f3\u0142em 58 pracownik\u00f3w, a w nast\u0119pnych latach, wraz z rozwojem miasta, ich liczba ros\u0142a. 16 VI 1950 r. &#8211; na podstawie ustawy o terenowych organach jednolitej w\u0142adzy pa\u0144stwowej z 20 III 1950 r. \u2013 Zarz\u0105d Miejski i funkcja burmistrza zosta\u0142y zlikwidowane, a na ich miejsce powo\u0142ano Prezydium Miejskiej Rady Narodowej.<\/p>\r\n\r\n\r\n\r\n<p><strong>Lata 1950-1974<\/strong>\u00a0Prezydium MRN by\u0142o terenowym organem administracji pa\u0144stwowej i organem wykonawczym MRN. Przewodnicz\u0105cy Prezydium \u2013 pe\u0142ni\u0105cego funkcj\u0119 urz\u0119du miejskiego &#8211; przewodzi\u0142 Miejskiej Radzie Narodowej i kierowa\u0142 podleg\u0142ym urz\u0119dem przy pomocy zast\u0119pcy. Struktur\u0119 Prezydium stanowi\u0142o 5 referat\u00f3w: Og\u00f3lno-Administracyjny, Finansowy, Spraw Socjalnych i Kulturalnych, Spraw Wojskowych oraz Gospodarki Komunalnej i Mieszkaniowej. Wkr\u00f3tce potem utworzono Referat Przemys\u0142u i Handlu oraz w\u0142\u0105czono w struktur\u0119 PMRN Urz\u0105d Stanu Cywilnego. Siedzib\u0119 kierownictwa Prezydium i cz\u0119\u015b\u0107 jego kom\u00f3rek (w tym USC) umieszczono w budynku przy ul. A. Mickiewicza 13. Dynamiczny rozw\u00f3j Mielca spowodowa\u0142 znaczne zwi\u0119kszenie si\u0119 ilo\u015bci zada\u0144, dlatego te\u017c rozbudowano struktur\u0119 PMRN. W miejsce 3 referat\u00f3w utworzono wieloosobowe Wydzia\u0142y: Og\u00f3lno-Administracyjny, Finansowy oraz Gospodarki Komunalnej i Mieszkaniowej, a w 1965 r. powo\u0142ano Samodzielny Referat Spraw Lokalowych. W 1970 r. powsta\u0142y Wydzia\u0142 O\u015bwiaty, Kultury i Spraw Socjalnych oraz Wydzia\u0142 Spraw Wewn\u0119trznych. 22 XI 1973 r. ustawa o zmianie konstytucji wprowadzi\u0142a zmiany w terenowych organach administracji pa\u0144stwowej. W Mielcu z dniem 31 XII 1973 r. zlikwidowano Prezydium MRN, a od 1 I 1974 r. rozpocz\u0105\u0142 prac\u0119 Urz\u0105d Miejski, kt\u00f3rego kierownikiem zosta\u0142 Naczelnik Miasta. W 1975 r. zlikwidowano powiaty (w tym mielecki) i du\u017co ich zada\u0144 przekazano urz\u0119dom miejskim. Wtedy te\u017c nast\u0105pi\u0142o przeniesienie siedziby Urz\u0119du Miejskiego do budynku po Przedsi\u0119biorstwie Kopalnictwa Naftowego przy ul. S. \u017beromskiego 26. W pierwszej po\u0142owie lat 80. struktura organizacyjna Urz\u0119du Miejskiego w Mielcu przedstawia\u0142a si\u0119 nast\u0119puj\u0105co: Naczelnik Miasta, Zast\u0119pca Naczelnika Miasta i podporz\u0105dkowane im wydzia\u0142y lub inne formy organizacyjne: Wydzia\u0142 Finansowy, Wydzia\u0142 Gospodarki Terenowej i Ochrony \u015arodowiska, Wydzia\u0142 Handlu i Us\u0142ug, Wydzia\u0142 Komunikacji, Wydzia\u0142 Kultury, Kultury Fizycznej i Turystyki, Miejska Komisja Planowania, Wydzia\u0142 Og\u00f3lny, Wydzia\u0142 O\u015bwiaty i Wychowania, Wydzia\u0142 Rolnictwa, Gospodarki \u017bywno\u015bciowej i Le\u015bnictwa, Wydzia\u0142 Spraw Spo\u0142eczno-Administracyjnych, Urz\u0105d Stanu Cywilnego, Wydzia\u0142 Zatrudnienia i Spraw Socjalnych, Miejski Inspektorat Obrony Cywilnej, Wydzia\u0142 Architektury i Nadzoru Budowlanego, Zesp\u00f3\u0142 ds. obs\u0142ugi MRN i jej organ\u00f3w oraz podporz\u0105dkowane jednostki i instytucje. Ponadto przez kilka lat funkcjonowa\u0142 Wydzia\u0142 Zdrowia i Opieki Spo\u0142ecznej. W zwi\u0105zku z konieczno\u015bci\u0105 dalszej rozbudowy miasta od 1 I 1985 r. w jego granicach znalaz\u0142y si\u0119 okoliczne wsie: Mo\u015bciska, Smoczka, Wojs\u0142aw i Rzoch\u00f3w. Liczba ludno\u015bci przekroczy\u0142a 50 tysi\u0119cy i zgodnie z prawem dotychczasowy naczelnik zosta\u0142 mianowany prezydentem miasta. Struktura UM w Mielcu pozosta\u0142a bez zmian, ale wzmocniono osobowo niekt\u00f3re wydzia\u0142y. Kolejne zmiany organizacyjne spowodowane zosta\u0142y przez utworzenie w 1990 r. urz\u0119d\u00f3w rejonowych, kt\u00f3re przej\u0119\u0142y cz\u0119\u015b\u0107 zada\u0144 od urz\u0119d\u00f3w miejskich i gminnych, m.in. sprawy komunikacji, ochrony \u015brodowiska i zatrudnienia oraz cz\u0119\u015b\u0107 spraw socjalnych. Wiele pozytywnych nowo\u015bci, zw\u0142aszcza w zakresie samorz\u0105dno\u015bci (m.in. zdecydowanie wi\u0119cej kompetencji) wprowadzi\u0142a ustawa z dnia 8 III 1990 r. o samorz\u0105dzie terytorialnym. Dla realizacji tych zada\u0144 powo\u0142ano zarz\u0105d i utworzono funkcje: prezydenta (b\u0119d\u0105cego przewodnicz\u0105cym zarz\u0105du), dw\u00f3ch zast\u0119pc\u00f3w, sekretarza i skarbnika, na kt\u00f3re wybierano lub desygnowano osoby ka\u017cdorazowo na pocz\u0105tku kadencji rady miejskiej. Pozostawiono urz\u0105d miejski jako aparat pomocniczy zarz\u0105du miasta. Dla realizacji zada\u0144 w\u0142asnych i zleconych w Urz\u0119dzie Miejskim w Mielcu w latach 90. utworzono nast\u0119puj\u0105ce kom\u00f3rki organizacyjne: Wydzia\u0142 Organizacyjno-Administracyjny z Biurem Obs\u0142ugi Mieszka\u0144c\u00f3w, Wydzia\u0142 Finansowy, Biuro Inwestycyjno-Techniczne, Wydzia\u0142 In\u017cynierii Miejskiej, Wydzia\u0142 Urbanistyki, Gospodarki Gruntami i Geodezji, Wydzia\u0142 Edukacji i Spraw Spo\u0142ecznych, Biuro Pozyskiwania Funduszy i Rozwoju Miasta, Biuro Promocji i Informacji, Urz\u0105d Stanu Cywilnego, Inspektorat Obrony Cywilnej, Biuro Rady Miejskiej i Stra\u017c Miejsk\u0105. \u0141\u0105cznie pod koniec XX w. zatrudniano oko\u0142o 100 pracownik\u00f3w, a w pierwszych latach XXI w. przyby\u0142o kilka os\u00f3b. W 2006 r. zlikwidowano Inspektorat Obrony Cywilnej, a utworzono Biuro ds. Zarz\u0105dzania Kryzysowego Ochrony Ludno\u015bci i Spraw Obronnych. Gruntownie wyremontowano, zmodernizowano i unowocze\u015bniono budynek urz\u0119du. Dostosowano wej\u015bcie dla potrzeb niepe\u0142nosprawnych oraz urz\u0105dzono Biuro Obs\u0142ugi Mieszka\u0144c\u00f3w. Uczestniczono w presti\u017cowych formach og\u00f3lnopolskiego wsp\u00f3\u0142zawodnictwa samorz\u0105d\u00f3w, zdobywaj\u0105c m.in. tytu\u0142y: \u201eGminy Fair Play \u2013 2004\u201d w konkursie Krajowej Izby Gospodarczej, laureata w rankingu \u201eRzeczypospolitej\u201d &#8211; \u201eNajlepsza Gmina Miejska 2005\u201d, certyfikat i wyr\u00f3\u017cnienie w akcji \u201ePrzejrzysta Polska-2005\u201d, laureata rankingu \u201eWsp\u00f3lnoty\u201d \u2013 \u201eNajta\u0144szy Urz\u0105d\u201d (2004, 2005, 2006, 2007), I miejsce w wojew\u00f3dztwie podkarpackim w rankingu \u201eEuropejska gmina, europejskie miasto\u201d organizowanym przez Ministerstwo Rozwoju Regionalnego, \u201eGazety Prawnej\u201d i Banku Gospodarstwa Krajowego (2007), nominacj\u0119 do Znaku Promocyjnego \u201eTeraz Polska &#8211; 2008\u201d oraz wyr\u00f3\u017cnienie w Konkursie \u201eSamorz\u0105d Przyjazny Przedsi\u0119biorcom \u2013 2008\u201d pod patronatem Ministerstwa Rozwoju Regionalnego. Na realizacj\u0119 szeregu projekt\u00f3w inwestycyjnych i program\u00f3w pozyskano dofinansowania z UE. W 2009 r. Urz\u0105d przyczyni\u0142 si\u0119 do zdobycia przez Gmin\u0119 Miejsk\u0105 Mielec Znaku Promocyjnego \u201eTeraz Polska\u201d oraz w 2010 r. II miejsca i Srebrnej Statuetki i w 2011 r. I miejsca i Z\u0142otej Statuetki w og\u00f3lnopolskim konkursie \u201eSamorz\u0105d Przyjazny Przedsi\u0119biorcom\u201d. Utrzymano tak\u017ce przoduj\u0105c\u0105 pozycj\u0119 \u201eNajta\u0144szego Urz\u0119du\u201d w rankingu \u201eWsp\u00f3lnoty\u201d. W 2013 r. utworzono Biuro Spraw Spo\u0142ecznych, a jego kierownikiem zosta\u0142a Jolanta Markowska-Rze\u017anik. W 2015 r. Gmina Miejska Mielec otrzyma\u0142a po raz drugi Znak Promocyjny \u201eTeraz Polska\u201d. Tak\u017ce w 2015 r. przeprowadzono reorganizacj\u0119 Urz\u0119du, w rezultacie kt\u00f3rej powsta\u0142y nast\u0119puj\u0105ce kom\u00f3rki organizacyjne: Wydzia\u0142 Organizacyjno-Administracyjny; Wydzia\u0142 Finansowy; Wydzia\u0142 Ksi\u0119gowo-Rachunkowy; Wydzia\u0142 Zam\u00f3wie\u0144 Publicznych; Wydzia\u0142 Edukacji; Wydzia\u0142 Spraw Spo\u0142ecznych i Zdrowia; Wydzia\u0142 Inwestycji, Transportu i Gospodarki Komunalnej; Wydzia\u0142 Dr\u00f3g, Zieleni i Energetyki; Wydzia\u0142 Urbanistyki, Gospodarki Nieruchomo\u015bciami i Geodezji; Biuro Rady Miejskiej; Biuro Promocji i Informacji; Biuro Kontroli Wewn\u0119trznej; Biuro Obs\u0142ugi Prawnej; Biuro Gospodarki Lokalami i Mieniem; Biuro ds. Zarz\u0105dzania Kryzysowego; Urz\u0105d Stanu Cywilnego, Stra\u017c Miejska oraz: Doradca Prezydenta Miasta; Rzecznik Prasowy Prezydenta Miasta; G\u0142\u00f3wny specjalista koordynator ds. przedszkoli; Audytor Wewn\u0119trzny, Pe\u0142nomocnik ds. Ochrony Informacji Niejawnych; G\u0142\u00f3wny specjalista ds. bhp i ppo\u017c.; Koordynator kontroli zarz\u0105dczej. Wprowadzono stanowisko naczelnika wydzia\u0142u w miejsce dotychczasowego kierownika wydzia\u0142u.<\/p>\r\n\r\n\r\n\r\n<p><strong>Burmistrzowie w latach 1944-1950:<\/strong>\u00a0Antoni Droba (1944-1948), Stanis\u0142aw Bittner (1948-1950).\u00a0<\/p>\r\n\r\n\r\n\r\n<p><strong>Przewodnicz\u0105cy PMRN w latach 1950-1973:<\/strong>\u00a0Mieczys\u0142aw Gebel (1950-1951), W\u0142adys\u0142aw Majewski (1951-1953), Stanis\u0142aw Ciach (1953-1955), Jan Wirth (1955-1957), Jan Sieprawski (1957-1960), Antoni Wr\u00f3bel (1960-1971), Stanis\u0142aw Ciach (1971-1972), Jerzy Korz\u0119pa (1972-1973).<\/p>\r\n\r\n\r\n\r\n<p><strong>Naczelnicy miasta w latach 1974-1985:<\/strong>\u00a0Zdzis\u0142aw Dziedzic (1973-1975), Stefan \u0106wiok (1975-1978), Jan Kr\u00f3l (1978-1981), Lucjan Surowiec (1981-1985).<\/p>\r\n<p><strong>Zast\u0119pcy naczelnika miasta w latach 1974-1985:<\/strong> Miros\u0142aw M\u0142ynarczyk, Bronis\u0142aw Oko\u0144, Edmund Sobczak, Edward \u017burek, Lucjan Surowiec, Kazimierz Ryszard Trela.<\/p>\r\n\r\n\r\n\r\n<p><strong>Prezydenci miasta w latach 1985-2024:<\/strong> Lucjan Surowiec (1985-1990), W\u0142adys\u0142aw Bieniek (1990-1994), Janusz Chodorowski (1994-2014), Daniel Kozd\u0119ba (2014-2018), Fryderyk Kapinos (p.o. 2018), Jacek Wi\u015bniewski (2018-2024), Rados\u0142aw Sw\u00f3\u0142 (2024-nadal)<\/p>\r\n<p><strong>Zast\u0119pcy prezydenta miasta w latach 1985-2023:<\/strong> Jan Bury (1985-1990), Mieczys\u0142aw Wdowiarz (1987-1990, 1998-2006, 2010-2014), Marian Strycharz (1990-1998), Krzysztof Popio\u0142ek (1994-1998, 2006-2007), Bogdan Bieniek (1998-2014), Fryderyk Kapinos (2007-2010), Jan My\u015bliwiec (2014-2018), Tadeusz Siemek (2014-2018), Pawe\u0142 Pazdan (2018- 12 II 2023), Adriana Mi\u0142o\u015b (2018-2024), Tomasz Leyko (2024-nadal), Krzysztof Szostak (2024-nadal).<\/p>\r\n\r\n\r\n\r\n<p><strong>Pracownicy Urz\u0119du Miejskiego (Zarz\u0105du Miejskiego, Prezydium MRN) w latach 1944-2018:\u00a0<\/strong>Emilia Achtyl, Jan Achtyl (kierownik wydzia\u0142u, sekretarz), Krystyna Achtyl, Pawe\u0142 Adamczyk, Feliks Adamiecki, Marek Ambroziak (kier. wydz.), Antoni Anuszewski, Barbara Anuszewska, Beata Arabasz-Chmara, Aleksander Babula, Arkadiusz Babula, Danuta Babula, Kazimierz Babula, Marian Babula, Zbigniew Babula, Danuta Banasik, Maria Banasik, Ignacy Ba\u0144ka, Stanis\u0142aw Baran, Jaros\u0142aw Bargiel, Genowefa Barna\u015b, Beata Barszcz, Wies\u0142aw Batog, Jan Baun, Maria Baum, Ludwik B\u0105ba, Krystyna B\u0105bi\u0144ska, Piotr Bednarczyk, Krystyna Bednarek, Stanis\u0142aw Bednarski, Jakub Betlej, Barbara Bezak, Franciszek Bia\u0142o, Adolf Bienias, Bogdan Bieniek (z-ca prezydenta), Stanis\u0142aw Bik, Zdzis\u0142aw Blicharz, Halina B\u0142achowicz, Marta B\u0142achowicz, Tadeusz B\u0142achowicz (kier. wydz.), Stanis\u0142aw B\u0142a\u017cejczak, W\u0142adys\u0142awa Bojda, Jacek Borowiec, Zofia Borowiec, J\u00f3zef Bo\u017cek, Stanis\u0142aw Bratek, Barbara Bronowicka, Irena Bry\u0142a, Janina Bry\u0142a, Krystyna Brzoza, Stanis\u0142aw Budzeniusz, W\u0142adys\u0142awa Bu\u0142awa, Barbara Bundyra, Jan Bundyra, Lidia Burczyk (kier. wydz.), Jan Bury (kier. wydz., z-ca prezydenta), Renata Bury, Wojciech Bury, Jolanta Bu\u015b, Lucyna Byczek, Diana Celibe\u0144ko, Anna Chatys, Barbara Chmaj, Ryszard Chmaj (kier. wydz.), W\u0142adys\u0142aw Chocho\u0142owski, J\u00f3zef Cicho\u0144, Justyna Cicho\u0144, Marta Cichowska, Stanis\u0142aw Ciejka (szef MIOC), Teresa Cisi\u0144ska, Tadeusz Cis\u0142o, Stanis\u0142awa Cygan, Renata Cyran, Micha\u0142 Czachor, Diana Celibe\u0144ko, Karolina Czaja, Lucyna Czaja, Magdalena Czarnik, Jolanta Czepi\u017cak, Wies\u0142awa Czepi\u017cak, Daniela Czerwi\u0144ska, Agata \u0106wi\u0119ka (kier. wydz.), Helena Czerwi\u0144ska, Sabina Daniel, Karol D\u0105bek, Adam D\u0105browski (sekretarz), Apolinary D\u0105browski, Jan D\u0105browski, Pawe\u0142 D\u0119bicki, Barbara D\u0119bowska, Lidia Drabik, Eugeniusz Dro\u017adziak, Bronis\u0142aw Dryczulka, Lidia Dubiel, Barbara Duda, Krystyna Dudek kier. biura), Marian Dudek (kier. wydz.), Wanda Dudek, Wies\u0142awa Dudek, Maciej Dudzik, Ewelina Dul, Teresa Dulik, Aneta Durda, Anna Duszkiewicz, Zofia Duszkiewicz, Czes\u0142aw Dybski (kier. wydz.), Stanis\u0142aw Dybski, Grzegorz Dymek (kier. wydz.), Maria Dymowska, Stefan Dymowski, Magdalena Dytman, Halina Dzia\u0142o, El\u017cbieta Dzia\u0142o-Zi\u0119ba, Janina Dzia\u0142owska, Zdzis\u0142aw Dziedzic (kier. wydz.), Bronis\u0142awa Dziekan, Katarzyna Dziekan, Leszek Dziekan, Roman Dziekan, Robert Dziewit, Stanis\u0142aw Dziewit, Piotr Etz, Bogus\u0142awa Fleszar (kier. wydz.), Jan Foryt, Monika Furdyna, Antonina Galas, Arkadiusz Ga\u0142kowski (kier. wydz.), Bo\u017cena Gan, Ludwik Gardulski, Agnieszka Garncarz kier. biura), Ewa Garncarz, Lucjan Gawendo, Ma\u0142gorzata Gawlik, Maria Gawlik, Aleksandra Gawry\u015b, Szczepan G\u0105ska, Zofia G\u0105ska (kier. wydz.), Zofia Gembalska, J\u00f3zef Getinger, Helena Giba\u0142a, Urszula Gierczak, Dorota Gil, Krzysztof Gil, Janina Gi\u017ca, Micha\u0142 G\u0142uch (wiceburmistrz), Anna Go\u0142\u0119biowska, Ewa Gorazd,\u00a0 Joanna Grabiec, Bogumi\u0142a Graniczka, Edward Grembosz, Robert Gr\u0119bosz, J\u00f3zef Gr\u0119bosz (kier. wydz.), Jadwiga Groele (kier. ref.), Rafa\u0142 Groele, Robert Groele (kier. biura), Wanda Gruchacz, Janina Gruszecka, Andrzej Gruszecki, Robert Grygiel (kier. USC), Anna Grzech, Barbara Grzech (koordynator), Marta Grzech, Zbigniew Grzech, Stanis\u0142aw Gul, Augustyn Gunia, J\u00f3zef Gustkowicz, Katarzyna Hajduk, Zofia Hajduk, Alina Hamala, Aniela Hariasz, Jerzy Harsze, Magdalena Hasek, Magdalena Heller, J\u00f3zef Herda, Marta Hinzmann, Janina Homecka, Adam Hrycyna, Teodora Huci\u0144ska, Antoni Hyjek, Maciej Hyjek, Renata Hyjek, El\u017cbieta Jacek, Wojciech Jacek (kier. USC), El\u017cbieta Jach\u00f3wna, J\u00f3zef Jachym, Joanna Jackowska, Norbert Jackowski (kier. wydz.), Mateusz Jadach, W\u0142adys\u0142aw Jagie\u0142\u0142o, Anna Jakubowicz, Helena Janeczek, Ma\u0142gorzata Jarecka, Dorota Jaroch-Kapinos, Jan Jarochowski, Maria Jarosz, Stanis\u0142aw Jasi\u0144ski, Janina Jaskot, Franciszek Jemio\u0142o, Zofia J\u0119drusiak, Marian J\u0119drzejewski, S\u0142awomir J\u00f3\u017awik, J\u00f3zefa Juras, Wojciech Jurasz (kier. wydz.), Zbigniew Jurek, Maria Juszczyk, Ma\u0142gorzata Kagan, Gra\u017cyna Kaleta, Urszula Kalicka, Wac\u0142aw Ka\u0142u\u017cny, Anna Kamuda, Aneta Kapel, Dorota Kapinos, Fryderyk Kapinos (z-ca prezydenta), Katarzyna Karolak, Anna Karwacka (kier. biura), Tadeusz Kasprowicz, Maria Kasprzak, Barbara Kasprzykowska, Joanna Kasza, Zofia Kazana, J\u00f3zef Kazimierski, El\u017cbieta K\u0105dzio\u0142ka, Barbara K\u0119dzior, Gra\u017cyna K\u0119dzior, Marian K\u0119dzior, Mieczys\u0142aw Keller, Gra\u017cyna K\u0119dzior, Zofia K\u0119pa, Irena Kielawa, W\u0142adys\u0142aw Kielawa, J\u00f3zefa Kielian, Eugeniusz Kie\u0142b, Stefan Kie\u0142b, Alicja Kiepek (kier. wydz.), Stefan Klecha, Grzegorz Kmie\u0107, Kazimiera Kmie\u0107, W\u0142adys\u0142aw Kmie\u0107 (kier. wydz.), Zbigniew Kmie\u0107 (kier. wydz.), Stanis\u0142aw Kned, Janina Koba, Tadeusz Koba, Anna Kobylarz (g\u0142\u00f3wny ksi\u0119gowy), W\u0142adys\u0142aw Kolasi\u0144ski, Zbigniew Kolb, Lucyna Kolisz, Ma\u0142gorzata Kolisz, Konrad Ko\u0142acz, W\u0142adys\u0142aw Ko\u0142acz, Aleksander Ko\u0142chowski, Ma\u0142gorzata Ko\u0142odziejczyk, Ryszard Konieczny, Bogus\u0142aw Konik, Jan Ko\u0144, Maria Kopacz, Olga Kopacz, Anna Kopala, Agnieszka Kopera kier. biura), Jerzy Kopy\u015b, Janusz Kornecki, Aniela Korona, Anna Korpanty, El\u017cbieta Korpanty, Jan Korpanty, Tadeusz Korpanty, W\u0142adys\u0142aw Korpanty, Maria Korze\u0144, Jan Ko\u015bci\u00f3\u0142ek, Tadeusz Kotlarz, Danuta Kotra, Ewa Kowalik, Tadeusz Kowalski, Irena Kowieska (skarbnik miasta), W\u0142adys\u0142awa Kozak (sekretarz miasta, kier. wydz.), Jan Kozdemba, Andrzej Kozik, Bo\u017cena Kozik, Franciszek Kozik, Stanis\u0142aw Kozik, Jacek Krawczyk (kier. wydz.), Ma\u0142gorzata Krempa (kier. wydz.), Zygmunt Krempa, Barbara Kr\u0119pa, Konstanty Kr\u0119pa (kier. wydz.), Wanda Kr\u0119pa, Gra\u017cyna Kr\u00f3l, Kazimierz Kr\u00f3l, Waldemar Kr\u00f3l, Genowefa Kr\u00f3likowska, Edyta Kru\u017cel, \u0141ucja Kru\u017cel, Wies\u0142awa Krzaczkowska, Ewa Krzak, Jacek Krzy\u017cewski, Urszula Krzy\u017ckowska-Dymek, Roman Kubik, Gra\u017cyna Kubit, \u0141ukasz Kucharewicz, Agnieszka Kucharska, Anna Kuciemba,\u00a0 Artur Kudrycz, Aniela Kukli\u0144ska, W\u0142adys\u0142aw Kukulski (z-ca przew. PMRN), Jan Kula (kier. wydz.), Maria Kularz, W\u0142adys\u0142aw Kulig, Jerzy Kumaniecki, Adam Kupiec, Julian Kurgan,\u00a0\u00a0Stanis\u0142aw Kurlej (kier. biura) Irena Kurmaniak, Kazimiera Kuro\u0144, Piotr Kusak, J\u00f3zef Kusek, W\u0142adys\u0142awa Kusek, Bogdan Kusina, Teresa Kut, Ireneusz Kuzara, Marian Ku\u017cd\u017ca\u0142, Leon Kwa\u015bniewski, Monika Kwiatek, Agata Laska, Monika Lata\u0142a, Barbara Leo, Andrzej Le\u015b, El\u017cbieta Le\u015b, W\u0142adys\u0142awa Le\u015b, Stanis\u0142aw Le\u015bniak, Kazimierz Lewandowski, J\u00f3zef Lewczak (sekretarz), Maria Le\u017co\u0144, Ewelina Lorenc, Barbara Lubaska, Krystyna \u0141azarek, Tadeusz \u0141azarek, Aleksander \u0141ojczyk, J\u00f3zef \u0141opuszy\u0144ski (kier. wydz.), Andrzej \u0141o\u015b, Weronika \u0141uczak (kier. wydz.), Andrzej Maciejczuk, Wojciech Maciuba, Zbigniew Maciuba (kier. wydz.),\u00a0 Wioletta Madej, Marzanna Madejska-Patyk, W\u0142adys\u0142awa Mado\u0144, Jan Magda (kier. wydz.), Wies\u0142aw Magda, Tadeusz Magdziarz, Wincenty Magryta, Helena Majcherkiewicz, Anna Majewska, Roman Majewski, J\u00f3zef Makso\u0144, Anna Makuch, Natalia Makuch, Zenon Malcewicz, Jan Malec, Maria Malicka, Micha\u0142 Malicki, Damian Ma\u0142ek, Zofia Ma\u0142ek, Jan Maniak, Janina Marczewska, Marta Marek, Anna Markowska, Jolanta Markowska-Rze\u017anik (kier. ref.), Zbigniew Markowski (kier. wydz.), Dorota Maryniak, J\u00f3zef Maryniak, Zuzanna Matusiak, Bernardyna Maziarska, Edwin Maziarz, Wojciech Maziarz (kier. wydz.), Bo\u017cena Mazur, El\u017cbieta Mazur, Gra\u017cyna Mazur, J\u00f3zef Mazur, Krystyna Mazur, Stanis\u0142awa Mazur, Zofia Mazur, Jolanta Metlak, Kazimierz Michalski, Tadeusz Michnik, Edward Michocki, Anna Micho\u0144ska, Arkadiusz Midura, Jan Midura, Stanis\u0142aw Midura, Urszula Mi\u0119ko\u015b, Gra\u017cyna Migas, J\u00f3zefa Mika, Ludwik Mika, J\u00f3zef Misiak (kier. wydz.), Katarzyna Misiak, Teresa Misiak, W\u0142adys\u0142aw Misi\u0105g, Miros\u0142aw M\u0142ynarczyk (z-ca naczelnika), Maria M\u0142yniec, Piotr Moczarski, Ewa Mokrzycka, Wies\u0142awa Momola, Stanis\u0142awa Momot, Anna Mordec, Maria Moryl, Ma\u0142gorzata Mosior, Dorota Moskal, Marian Moskal (kier. wydz.), Jolanta Lucyna Mroczek, Stanis\u0142aw Mroczek, W\u0142adys\u0142aw Mroczek, Beata Mrozik, J\u00f3zefa Mrozi\u0144ska, J\u00f3zef Mr\u00f3z, Stanis\u0142awa Mr\u00f3z, Jan Mycek (kier. wydz.), Dariusz Mysona, Tadeusz Mysona, Jan My\u015bliwiec (z-ca prezydenta), J\u00f3zef Naga\u015b, Zygmunt Naja, Ewa Naprawa, Jakub Nawalany, Aniela Niedba\u0142a, Jan Nikiel, Florian Nizio\u0142ek, Izabela Nizio\u0142ek, Izabela Nizio\u0142ek, Lucjan Nizio\u0142ek (kier. wydz.), Bo\u017cena Nowak, El\u017cbieta Nowak, Emilia Nowak, Jacek Nowak, Kazimiera Nowak, Leonard Nowak (kier. wydz.), Renata Nowak, \u0141ukasz Obierak, J\u00f3zef Ochalik, Jan Ochota, Bronis\u0142aw Oko\u0144 (z-ca naczelnika), Jerzy Oleksi\u0144ski, Kazimierz Olesiak, Albert Oleszkowicz, Alina Olszewska, Iwona Olter, Anna Omasta, Arkadiusz Ortyl, Bronis\u0142aw Ortyl, Jadwiga Ortyl, Maria Ortyl, Wojciech Ortyl, Ma\u0142gorzata Osak, Urszula Pacholarz, Urszula Padyku\u0142a, Teresa Pakocka, Krzysztof Paluch, Marek Paprocki, Maria Pasieka, Maria Pasternak, Janusz Pa\u015bko, Renata Paterak, Marek Patyk, Stanis\u0142aw Pawelec, Janina Pawe\u0142czak, W\u0142adys\u0142aw Pawe\u0142czak, Andrzej Pawlak, Jan Paw\u0142owski, Danuta Pazdro, Jerzy Penderecki, Dorota Per\u0142owska, Eugeniusz Petrykowski, \u0141ukasz Pezda, Antonina P\u0119giel, Stanis\u0142awa P\u0119giel, Zbigniew P\u0119giel (kier. wydz.), Magdalena P\u0119kalska (kier. biura), Leszek Piasecki, Bo\u017cena Pi\u0105tek, Iwona Piechota, Anna Piecuch, Zofia Piekarska, Jan Piekarski, Kazimiera Pier\u00f3g, Stefan Pier\u00f3g, Izabela Piestrzy\u0144ska, Anna Pietruszka, Jadwiga Pietryka, Magdalena Pietryka, Zdzis\u0142awa Pietrykowska, Waldemar Piotrowski, Kazimierz Plaskota, W\u0142adys\u0142aw P\u0142achta, Zofia P\u0142atek, Regina P\u0142aza, Robert P\u0142oszaj, El\u017cbieta Podolska, Jan Podolski, Janusz Podolski, Barbara Pogoda, Kazimiera Pogoda, Leokadia Pogoda, Marek Polczak, Agata Pomyka\u0142a, Jacek Pomyka\u0142a, Krzysztof Popio\u0142ek (z-ca prezydenta), Krystyna Prade, Ireneusz Przebieda, Jerzy Przygoda, Maria Pszeniczna, Antoni Ptak, Krystyna Przybylska, Marek Pustu\u0142ka (sekretarz, kier. wydz.), Renata Pytlak, Stanis\u0142awa Pyrzy\u0144ska, Kazimierz Pyrzy\u0144ski (kier. wydz.), Tomasz Pyrzy\u0144ski, Renata Pytlak, Alina Py\u017a, Maria Py\u017a, Micha\u0142 Py\u017a, J\u00f3zef Rajpold, Andrzej Rak, Maria Rak, Bo\u017cena Rams, Andrzej Rokoszak, Magdalena Rosenbeiger, Rados\u0142aw Rostocki, Urszula Rozmus, Piotr Ro\u017cnia\u0142 (kier. wydz.), Lidia Rudolf, El\u017cbieta Ruman, Franciszek Ryba, Zbigniew Ryba, Lidia Rybak, Ryszard Rybak, Halina Rybska, Gra\u017cyna Rykowska, Ireneusz Rymanowski, Jolanta Ryniewicz, Franciszka Ry\u015b,\u00a0 Beata Rz\u0105dzka, Katarzyna Rz\u0105dzka, Alina Rzeszutek, Anna Rze\u017anik, Stanis\u0142awa Rze\u017anik, Dariusz R\u017cany, Marian R\u017cany, Agnieszka Sablik, Krystyna Salnikow-Bochenek (kier. wydz.), Danuta Salwierz, Ewelina Serafin, Mieczys\u0142aw Serafin, Andrzej Setera, Stefania Sidza\u0142a, Renata Siembab, Aleksander Siemek, Tadeusz Siemek (kier. wydz., z-ca prezydenta), Julian Siemion, Agnieszka Sierak, Magdalena Sierak, Bo\u017cena Sieroci\u0144ska, Danuta Siero\u0144, Janina Sierpina, Sylwia Sikora, Teresa Skiba, Barbara Skop, Krystyna Skopi\u0144ska (kier. wydz.), Maria Skorek-Burdzy, El\u017cbieta Skotnicka-Wr\u00f3bel, Aleksandra Skowron (kier. ref.), Danuta Skowron, Monika Skowro\u0144ska-Ziomek (kier. wydz.), Anna Skrzypek, Danuta Skrzypek, Maria S\u0142awi\u0144ska, Aleksander S\u0142odzi\u0144ski, Anetta Smaczniak, Stanis\u0142aw Smaczniak, Teresa Smykla, J\u00f3zef Sobolewski, J\u00f3zefa Soko\u0142owska, Zygmunt Sok\u00f3\u0142, Henryka Solarska, Jan Sowa, J\u00f3zef Stachowicz, Maria Stachura, Tadeusz Stachura, Bo\u017cena Starosielec, Bogus\u0142awa Stefanik, Czes\u0142aw Stopi\u0144ski (szef MIOC), Bogumi\u0142a Straub, Maria Str\u0105k, Marian Strycharz (z-ca prezydenta), Anna Synowiec kier. ref.), J\u00f3zef Syper (z-ca przew. PMRN), Lidia Szczepanik, Monika Szczodry (kier. wydz., sekretarz miasta), Bronis\u0142aw Szczurek, Boles\u0142aw Szczurka, Aleksander Szczygie\u0142, Danuta Szelest, Barbara Szelwicka, Lucyna Sz\u0119szo\u0142, Tadeusz Szkotnicki, J\u00f3zef Szkwara, Micha\u0142 Sznajder, Bogdan Szpara, Joanna Szteliga-Pomyka\u0142a, Bogumi\u0142a Szulc, Zdzis\u0142aw Szyfner, Micha\u0142 Szymczak, Bernat Szypu\u0142a, Danuta Szyszka, Teresa Szyszka, Maria \u015al\u0119zak, Stanis\u0142awa \u015aliwa, Bogus\u0142awa \u015anie\u017cek, Gra\u017cyna \u015anie\u017cek, Krystyna \u015apiewak, Maria \u015apiewak, Stanis\u0142aw \u015apiewak, Stanis\u0142aw \u015ar\u0119ba, El\u017cbieta \u015awiatowiec, Henryk \u015awiatowiec, J\u00f3zef \u015awiatowiec, Krystyna \u015awiatowiec, Stanis\u0142aw \u015awiatowiec, Marek \u015awi\u0105tek, Sabina \u015awi\u0105tkiewicz, Wac\u0142aw \u015awierczy\u0144ski (kier. wydz.), Wies\u0142aw \u015awierczy\u0144ski, Ma\u0142gorzata \u015awi\u0119to\u0144, Irena \u015awist, Stefan \u015awistak, Edward Tabor, Helena Tabor, Wojciech Tambor, Mieczys\u0142awa Tarapata, Wac\u0142aw Timorski, Danuta Toczy\u0144ska, Piotr Toczy\u0144ski (kier. wydz.), Zenon Tokarski (kier. wydz.), Agata To\u0142stow, Wanda Tomza, Jan Torba (kier. wydz.), Kazimierz Tracz, Maria Trela, Ryszard Trela (z-ca prezydenta), Maria Trojanowska, Roman Trojanowski, El\u017cbieta Trojnacka, Tadeusz Tuczy\u0144ski, Stanis\u0142aw Tuleja, Magdalena Twardy, Jaros\u0142aw Tychanowicz, Janina Tymkowska, Pawe\u0142 Tyniec, Teresa Urban, Agnieszka Urbaniak, Agnieszka Urba\u0144ska, Andrzej Urba\u0144ski, Krzysztof Urba\u0144ski kier. biura), Kazimiera Uzar, Franciszek Wa\u0142ek, Janina Wanatowicz, Dorota Warcha\u0142owska, Bogdan Warcha\u0142owski, Anna Warcholak, Marek Warcho\u0142, Stanis\u0142aw Warias, Zofia Warias, Bo\u017cena Wawrylak, Zofia W\u0105tor, Adam W\u0105tr\u00f3bski, Joanna Wdowiarz, Mieczys\u0142aw Wdowiarz (z-ca prezydenta), Micha\u0142 Wery\u0144ski, Paulina W\u0119glarz, Jolanta W\u0119grzyn, Waldemar Wi\u0105cek (kier. wydz.), Marcin Wiciejewski (szef MIOC), J\u00f3zef Wieczerzak, Anna Wieczorek, Dariusz Wi\u0119c\u0142awski, Anna Wilk, El\u017cbieta Wilk, J\u00f3zef Wilkowicz, J\u00f3zef Witek (kier. wydz.), Tadeusz Witek (kier. wydz.), El\u017cbieta Wlezie\u0144, J\u00f3zef W\u0142odo\u0144, Halina Wnuk, Krystyna Wnuk, Stefan Wodiczko, Wojciech Wodliczko, Mieczys\u0142aw Wojdat, Katarzyna Wojdylak (kier. ref.), Bogdan Wojdy\u0142a, J\u00f3zef Wojnarowski, Beata Wojtas, Janina Wojtat, Ma\u0142gorzata Wojtusiak, J\u00f3zef Wolak, Krzysztof Wolicki (kier ZR), El\u017cbieta Woszczyna, Aneta Wo\u017aniak, Tadeusz Wo\u017aniak, Andrzej W\u00f3jcik, Barbara W\u00f3jcik (skarbnik miasta), Maria Wrona (dyr. SP 5), Stanis\u0142aw Wrona, Artur Wr\u00f3bel, Sabina Wr\u00f3bel, Piotr Wrze\u015bniak, Maria W\u00f3jtowicz, Maria Wydro, Ewa Wypar\u0142o, Lidia Wysocka, Renata Wyzga, Ma\u0142gorzata Zadora, Adam Zajdel, Czes\u0142aw Zaradniewicz, Piotr Zawada, Anna Z\u0105bek, Anna Zdanowska, Adam Ziarek, Kazimiera Zieli\u0144ska, Adam Zieli\u0144ski, Micha\u0142 Zi\u0119ba, Wojciech Ziemba, Marzena \u017bak, Stefan \u017belasko, Gra\u017cyna \u017bmuda, Edward \u017burek (kier. wydz.).<\/p>\r\n<p><strong>*Stan osobowy UM na dzie\u0144 31 V 2023 r.<\/strong>: Prezydent miasta &#8211; Jacek Wi\u015bniewski; zast\u0119pca prezydenta miasta- Adrtiana Mi\u0142o\u015b; sekretarz miasta &#8211; Monika Szczodry; skarbnik miasta &#8211; Anna Kobylarz; *Biuro Planowania i Realizacji Bud\u017cetu &#8211; Piotr Moczarski (kierownik), Pawe\u0142 Tyniec: *Biuro Ochrony Informacji &#8211; Robert P\u0142oszaj (kierownik), Jacek Pomyka\u0142a; *Biuro Obs\u0142ugi Prawnej &#8211; Joanna Grabiec (koordynator), Marcin Parys, Stanis\u0142aw Kurlej, Beata Wojtas; *Biuro Przedszkoli &#8211; Patrycja M\u0105dry (kierownik), Agata To\u0142stow; *Biuro Promocji i Sportu &#8211; Joanna Szteliga-Pomyka\u0142a (kierownik), \u0141ukasz Janyst, Marietta Mateja-Nowak, Anna Wojtas, Anna Jajkiewicz, Weronika Krzak, Edward Tabor; *Biuro Rady Miejskiej &#8211; Magdalena P\u0119kalska, Ma\u0142gorzata Kie\u0142b; *Biuro Obs\u0142ugi Teleinformatycznej &#8211; Robert Groele (kierownik), Bogdan Kusina (z-ca kierownika), \u0141ukasz Kilian, Zbigniew Serafin, Andrzej Kozik; *Wydzia\u0142 Dr\u00f3g, Transportu, Energetyki i Dzia\u0142alno\u015bci Gospodarczej &#8211; Monika Skowro\u0144ska Ziomek (naczelnik), Beata Barszcz (z-ca naczelnika), Ma\u0142gorzata Mosior, Kazimierz Olesiak, Artur Wr\u00f3bel, Maciej Dudzik, Waldemar Kr\u00f3l, Stanis\u0142aw Budzeniusz, Rados\u0142aw Kozio\u0142, Karolina Latawiec, Wioletta Madej, Karolina Michalska, Gra\u017cyna Migas; *Wydzia\u0142 Edukacji &#8211; Miros\u0142aw Kapinos (naczelnik),\u00a0 Anna Markowska, Iwona Przybek, Monika Furdyna, Joanna Jackowska, Ma\u0142gorzata Wojtusiak, Monika Wilk; *Wydzia\u0142 Ksi\u0119gowo-Rachunkowy &#8211; Urszula Pacholarz (g\u0142\u00f3wny ksi\u0119gowy), Ewelina Dul, Anna Duszkiewicz, Marta Hinzmann, Edyta Kru\u017cel, Magdalena Pietryka, Sylwia Daszewska, Bogus\u0142aw Konik, Maria Korze\u0144 Wojciechowska, Jan Midura, Anna Piecuch, Magdalena Rosenbeiger, Marzena Matuszkiewicz, Beata Strycharz, Agnieszka Kucharska; *Wydzia\u0142 Gospodarki Lokalowej &#8211; Aleksandra Skowron (naczelnik), Marek Ambroziak, Aneta Trzpis, Magdalena Twardy, Justyna P\u0119k; Referat Dodatk\u00f3w Mieszkaniowych, Energetycznych i Pomocy Materialnej dla Uczni\u00f3w &#8211; Agata Kurgan (kierownik), Teresa Betleja-My\u015bliwiec, Beata Markulis; *Wydzia\u0142 Inwestycji &#8211; Andrzej J\u0119drychowski (naczelnik), Ireneusz Kuzara (z-ca naczelnika), Andrzej Le\u015b, Piotr Ro\u017cnia\u0142, Krzysztof Moli\u0144ski; *Wydzia\u0142 Organizacyjno-Administracyjny &#8211; Barbara Duda, Iwona Buczek, Marlena Krawczyk, El\u017cbieta Mazur, Renata Czo\u0142nowska, Anna Myjak, Katarzyna Popio\u0142ek, Bo\u017cena Kozik, Karolina Mojek, Lidia Szczepanik, Krzysztof Paluch, Mariusz Makusak, Pawe\u0142 Wilk, Leszek Dziekan; Referat Spraw Obywatelskich &#8211; Jadwiga Groele (kierownik), Sabina Daniel, Marta Marek, Ma\u0142gorzata Bujak, Marta Grzech, Renata Hyjek, Wojciech Palej, Lidia Rudolf, Ewelina Serafin; *Wydzia\u0142 Ochrony \u015arodowiska i Gospodarki Odpadami &#8211; Agnieszka Garncarz (naczelnik), Lucjan Nizio\u0142ek (z-ca naczelnika), Jan Bundyra, Aleksander Babula, Anna Szot, Agnieszka Urba\u0144ska, Paulina W\u0119glarz, El\u017cbieta \u017belazny, Eryka Bajor G\u0105sior, Ma\u0142gorzata Mikielewicz, Teresa Smykla , Joanna Wiatr; Referat Zieleni &#8211; Anna Synowiec (kierownik), Justyna Cicho\u0144, Beata Rz\u0105dzka, Angelika Augustyn-Zieli\u0144ska, Magdalena Kopacz; *Biuro Pozyskiwania Funduszy &#8211; Agnieszka Kopera (kierownik), Anna Zdanowska, Aleksandra Szarama, Ewa Iwasieczko, Bernadetta Szelest; *Audytor Wewn\u0119trzny &#8211; Jacek Borowiec; *Specjalista ds. BHP i Ppo\u017c &#8211; Andrzej Sokalski; *Pe\u0142nomocnik ds. Ochrony Informacji Niejawnych &#8211; Krystian \u017bar\u00f3w; *Wydzia\u0142 Spraw Spo\u0142ecznych i Zdrowia &#8211; Agata \u0106wi\u0119ka (naczelnik), Aneta Durda (z-ca naczelnika), Jolanta Markowska -Rze\u017anik, El\u017cbieta Dzia\u0142o-Zi\u0119ba, Ewa Gorazd, Monika Ciejka, Izabela Piestrzy\u0144ska, Anna Maciaszek; *Wydzia\u0142 Urbanistyki, Gospodarki Nieruchomo\u015bciami i Geodezji &#8211; Waldemar Wi\u0105cek (naczelnik), Referat Gospodarki Nieruchomo\u015bciami &#8211; Joanna Kasza (kierownik), Monika Lata\u0142a, Bogus\u0142awa Stefanik, Dorota Warcha\u0142owska, Marek Warcho\u0142, Marcin Paluszek, Aneta Domaga\u0142a, Katarzyna Krzystyniak; Referat Urbanistyki &#8211; Jaros\u0142aw Tychanowicz (kierownik), Jaros\u0142aw Markulis, Renata Paterak, Andrzej Urba\u0144ski, Agnieszka Godek, Aneta Nycek, Monika Barzan; *Urz\u0105d Stanu Cywilnego &#8211; Robert Grygiel (kierownik), Lidia Burczyk (z-ca kierownika), Ryszard Chmaj (z-ca kierownika), Barbara Kr\u0119oa, Anita Gw\u00f3\u017ad\u017a; *Wydzia\u0142 Podatk\u00f3w i Kontroli Podatkowej &#8211; Anna Rze\u017anik (naczelnik), Sylwia Sikora, Jolanta W\u0119grzyn, Lidia Dubiel, Wojciech Maciuba, Iwona Olter, Iwona Piechota, Edyta G\u0142owania, Ma\u0142gorzata Kusek, Gra\u017cyna Mazur, Ewelina Parys, Joanna S\u0142omba, Magdalena Wiktor; *Biuro Zarz\u0105dzania Kryzysowego &#8211; Zeno n Tokarski (kierownik), Dawid Babula; *Biuro Zam\u00f3wie\u0144 Publicznych &#8211; Ma\u0142gorzata Basiak (kierownik), Magdalena Heller, Ewelina Lorenc, Judyta Barycz.<\/p>\r\n\r\n\r\n\r\n<p><strong>Stra\u017c Miejska w latach 1944-2018:<\/strong>\u00a0Wies\u0142aw Barszcz, Tadeusz B\u0142achowicz (komendant), Stanis\u0142aw B\u0142asiak, Gotfryd Bo\u017cek, Tomasz Czaja, Anna Dubiel, Tomasz Dusza, Roman Dziekan, Stefan Kie\u0142b, Miros\u0142aw Kmie\u0107, Bogus\u0142aw Konik, Tadeusz Kowalski, Kazimierz Lewandowski (komendant), Krzysztof Lewandowski, Jan Maniak (komendant), Andrzej Mi\u0142o\u015b, Arkadiusz Misiak (komendant), Stanis\u0142aw Mroczek, Stefan Pier\u00f3g, Andrzej Rokoszak, Zygmunt Sok\u00f3\u0142, Eugeniusz Stefa\u0144ski (komendant), Jacek Szwedo, Zdzis\u0142aw Szyfner, Zenon Tokarski.<\/p>\r\n<p><strong>Stra\u017c Miejska w latach 2023-: <\/strong>Arkadiusz Misiak (komendant), Wies\u0142aw Barszcz, Tomasz Czaja, Anna Dubiel, Tomasz Dusza, Pawe\u0142 Kagan, Miros\u0142aw Kmiec, Krzysztof Lewandowski, Andrzej Mi\u0142o\u015b, Jacek Szwedo.<strong><br \/><\/strong><\/p>\r\n\r\n\r\n\r\n<p><strong>URZ\u0104D POWIATOWY<\/strong>, zob. RADA POWIATOWA<\/p>\r\n\r\n\r\n\r\n<p><strong>URZ\u0104D PRACY<\/strong>, zob. POWIATOWY URZ\u0104D PRACY<\/p>\r\n\r\n\r\n\r\n<p><strong>URZ\u0104D REJONOWY<\/strong>, zosta\u0142 utworzony w Mielcu 27 VIII 1990 r. Pocz\u0105tkowo terenem jego dzia\u0142alno\u015bci by\u0142y: miasto Mielec, gmina Mielec (wiejska), miasto i gmina Kolbuszowa oraz gminy: Borowa, Cmolas, Czermin, Niwiska, Przec\u0142aw, Rani\u017c\u00f3w, Stary Dzikowiec i Tusz\u00f3w Narodowy. Kierownikiem zosta\u0142 mianowany Leon Skiba, a zast\u0119pc\u0105 \u2013 Stanis\u0142aw Moryl. Do realizowania zada\u0144 powierzonych urz\u0119dowi powo\u0142ano 5 Oddzia\u0142\u00f3w: Architektury i Nadzoru Budowlanego (kierownik \u2013 Jan Marzec), Geodezji i Gospodarki Gruntami (kierownik \u2013 J\u00f3zef Jurkowski), Komunikacji (kierownik \u2013 Stanis\u0142aw Cygan), Ochrony \u015arodowiska (kierownik \u2013 Wies\u0142aw Magda) i Organizacyjny (kierownik \u2013 MarekPustu\u0142ka) oraz Rejonowe Biuro Pracy (kierownik \u2013 J\u00f3zef Malczy\u0144ski). Siedzib\u0119 UR ulokowano w budynku przy ul. S. \u017beromskiego 13, a nast\u0119pnie przeniesiono do willi przy ul. F. Chopina 16a i 16. W zwi\u0105zku z protestami spo\u0142ecznymi mieszka\u0144c\u00f3w Kolbuszowej i okolicy w lutym 1991 r. utworzono Urz\u0105d Rejonowy w Kolbuszowej, kt\u00f3ry obj\u0105\u0142 dzia\u0142alno\u015bci\u0105: miasto i gmin\u0119 Kolbuszowa oraz gminy: Cmolas, Niwiska, Rani\u017c\u00f3w i Stary Dzikowiec. W latach 90. dokonano kilku zmian personalnych. Po Leonie Skibie, kt\u00f3ry pe\u0142ni\u0142 funkcj\u0119 do 14 II 1997 r., kierownikiem UR by\u0142 J\u00f3zef Smaczny (15 II \u2013 5 XI 1998 r.), a nast\u0119pnie Stanis\u0142aw G\u0142odzik (6 XI 1998 r. \u2013 31 XII 1998 r.). Oddzia\u0142em Organizacyjnym od 1996 r. kierowa\u0142 Jan Kozek, Oddzia\u0142em Komunikacji od 1997 r. \u2013 Zbigniew Kmie\u0107, a po przej\u015bciu Jana Marca na emerytur\u0119 w 1996 r. kierownikiem, Oddzia\u0142u Architektury i Nadzoru Budowlanego zosta\u0142 Apolinary Rzadkowski. Rejonowym Biurem Pracy kierowa\u0142y Krystyna Jajkiewicz i Bogus\u0142awa Fleszar. W 1993 r. po przekszta\u0142ceniu RBP na Rejonowy Urz\u0105d Pracy jego kierownikiem zosta\u0142 Stanis\u0142aw Stachowicz. Wed\u0142ug stanu na dzie\u0144 31 XII 1998 r. w mieleckim UR zatrudnionych by\u0142o 42 pracownik\u00f3w. W rezultacie reformy administracyjnej pa\u0144stwa od 1 I 1999 r. reaktywowano powiaty, w tym r\u00f3wnie\u017c mielecki, a na bazie Urz\u0119du Rejonowego utworzono Starostwo Powiatowe w Mielcu.\u00a0<\/p>\r\n\r\n\r\n\r\n<p><strong>Pracownicy w 1990 r.:<\/strong>\u00a0Maria Adamczyk, Bogus\u0142awa Borowiec,Maria Bartnik, Stanis\u0142aw Babula, Stanis\u0142aw Cygan (kier. Oddzia\u0142u), Jacek Cija, Andrzej \u0106wiok, Barbara D\u0119bowska, Bogus\u0142awa Fleszar, J\u00f3zef Getinger, Iwona Gubernat, Maria Jarosz, Janina Jackowska, J\u00f3zef Jurkowski (kier. Oddzia\u0142u), Zbigniew Kmie\u0107, Feliks Krajewski, Mieczys\u0142aw Kruk, Wies\u0142aw Magda (kier. Oddzia\u0142u), J\u00f3zef Maryniak, Anna Mordec, Jan Marzec (kier. Oddzia\u0142u), Edward Ma\u0142ek, Iwona Mojek, Andrzej Maciejczuk, Anna Pietruszka, Bogdan Paw\u0142owski, Marek Pustu\u0142ka (kier. Oddzia\u0142u), Barbara Skop, Marek \u015awi\u0105tek, Tadeusz Stachura (radca prawny), Jan Sojka, Krystyna Skotarek, Danuta Tarnowska, Anna Wydro, Krystyna Wnuk, Mieczys\u0142aw Wdowiarz, Barbara Wilk, August Wi\u0105cek.<\/p>\r\n\r\n\r\n\r\n<p><strong>URZ\u0104D SKARBOWY<\/strong>, powsta\u0142 w 1919 r. na podstawie ustawy o tymczasowej organizacji w\u0142adz i urz\u0119d\u00f3w skarbowych z 31 VII 1919 r., uchwalonej w celu ujednolicenia systemu podatkowego na ziemiach polskich po odzyskaniu niepodleg\u0142o\u015bci. Podlega\u0142 Izbie Skarbowej w Krakowie. Funkcjonowa\u0142 do wybuchu wojny w 1939 r.W 1944 r. (lub 1945 r.) wznowiono jego dzia\u0142alno\u015b\u0107. W 1950 r. izby i urz\u0119dy skarbowe zosta\u0142y zlikwidowane, a ich funkcje przej\u0119\u0142y wydzia\u0142y finansowe prezydi\u00f3w rad narodowych. W Mielcu by\u0142 nim Wydzia\u0142 Finansowy Prezydium Powiatowej Rady Narodowej. Po reformie podzia\u0142u administracyjnego pa\u0144stwa i likwidacji powiat\u00f3w administracj\u0119 skarbow\u0105 tworzy\u0142y okr\u0119gowe zarz\u0105dy dochod\u00f3w pa\u0144stwa i kontroli finansowej, niezale\u017cne od organ\u00f3w administracji terenowej. Powr\u00f3t do izb i urz\u0119d\u00f3w skarbowych (w tym w Mielcu) nast\u0105pi\u0142 1 I 1983 r. na podstawie ustawy z 29 XII 1982 r. o Urz\u0119dzie Ministra Finans\u00f3w oraz urz\u0119dach i izbach skarbowych. Do jego zada\u0144 nale\u017c\u0105: ustalanie i pob\u00f3r podatk\u00f3w i niepodatkowych nale\u017cno\u015bci bud\u017cetowych od jednostek gospodarki uspo\u0142ecznionej, ustalanie i pob\u00f3r podatk\u00f3w od jednostek gospodarki nieuspo\u0142ecznionej i os\u00f3b fizycznych, wykonywanie kontroli podatkowej, prowadzenie dochodze\u0144 w sprawach karno-skarbowych, orzecznictwo UKS i egzekucja administracyjna. Siedzib\u0105 Urz\u0119du zosta\u0142 budynek przy ul. S. \u017beromskiego 13. W latach 1983-1999 Urz\u0105d obejmowa\u0142 swym zasi\u0119giem miasto Mielec oraz gminy: Borowa, Czermin, Mielec, Przec\u0142aw i Tusz\u00f3w Narodowy, a ponadto od 1 I 1999 r. miasto i gmin\u0119 Radomy\u015bl Wielki oraz gminy Padew Narodowa i Wadowice G\u00f3rne. W 2013, 2014 i 2015 r. uzyska\u0142 tytu\u0142 \u201eUrz\u0105d Skarbowy Przyjazny Przedsi\u0119biorcy\u201d w konkursie Business Centre Club i Ministerstwa.<\/p>\r\n\r\n\r\n\r\n<p><strong>Naczelnicy w latach 1983-2007:<\/strong> Jan Mycek (1983-2003), Bogdan Zygmunt Selwa (2003-2007), Jan \u015awi\u0119tek (2007-2016), Urszula Zborowska (p.o. 2016-2017), Urszula Zborowska (2017-2018), Anna Paulina G\u0142az (2018-2024), Ma\u0142gorzata Wi\u015bniewska (2024-nadal).<\/p>\r\n\r\n\r\n\r\n<p><strong>URZ\u0104D STANU CYWILNEGO (USC)<\/strong>, organ administracji pa\u0144stwowej prowadz\u0105cy rejestracj\u0119 stanu cywilnego obywateli (m.in. w Mielcu) powsta\u0142 na podstawie dekretu z dnia 25 IX 1945 r. i rozpocz\u0105\u0142 dzia\u0142alno\u015b\u0107 od 1 I 1946 roku. Tym samym na terenie Polski zacz\u0119\u0142a obowi\u0105zywa\u0107 pa\u0144stwowa, powszechna i jednolita rejestracja stanu cywilnego.<\/p>\r\n\r\n\r\n\r\n<p>*Historia rejestracji stanu cywilnego na ziemiach polskich jest \u015bci\u015ble zwi\u0105zana z histori\u0105 Ko\u015bcio\u0142a Rzymskokatolickiego. Sob\u00f3r Trydencki (1545-1563) zobowi\u0105za\u0142 parafie do prowadzenia rejestracji spo\u0142eczno\u015bci wyznaniowej w urz\u0119dowych ksi\u0119gach (metrykach) chrzt\u00f3w, \u015blub\u00f3w i pogrzeb\u00f3w. Na ich podstawie wydawano za\u015bwiadczenia uwierzytelnione piecz\u0119ci\u0105 ko\u015bcieln\u0105 i by\u0142y to dokumenty wiary publicznej. Po I rozbiorze Polski (1772), na ziem polskich, kt\u00f3ra znalaz\u0142a si\u0119 pod panowaniem cesarstwa austriackiego, podstawowym aktem prawnym okre\u015blaj\u0105cym instytucje i spos\u00f3b prowadzenia ksi\u0105g metrykalnych by\u0142 Patent Cesarski z dnia 20 lutego 1784 roku. Nak\u0142ada\u0142 on na proboszcz\u00f3w obowi\u0105zek prowadzenia w parafiach trzech oddzielnych ksi\u0105g: urodze\u0144 (liber natorum), ma\u0142\u017ce\u0144stw (liber copulatorum) i zgon\u00f3w (liber mortuorum), a tak\u017ce okre\u015bla\u0142 dane, jakie powinny zawiera\u0107 te ksi\u0119gi. Ustawa z 25 maja 1868 roku o przywr\u00f3ceniu ustawodawstwa i s\u0105downictwa w sprawach ma\u0142\u017ce\u0144skich i o warunkowej mo\u017cliwo\u015bci zawierania ma\u0142\u017ce\u0144stw wobec w\u0142adz \u015bwieckich, prawo do udzielania ma\u0142\u017ce\u0144stwa uzyska\u0142a w\u0142adza pa\u0144stwowa szczebla powiatowego oraz w\u0142adze gminne w Krakowie i we Lwowie. Urz\u0119dy te og\u0142asza\u0142y zapowiedzi, wystawia\u0142y r\u00f3wnie\u017c \u015bwiadectwa \u015blubu, kt\u00f3re przesy\u0142a\u0142y do parafii, do kt\u00f3rej nale\u017celi ma\u0142\u017conkowie. Proboszcz, kt\u00f3ry zg\u0142aszaj\u0105cym si\u0119 do niego narzeczonym odm\u00f3wi\u0142 zgody na zawarcie ma\u0142\u017ce\u0144stwa, po otrzymaniu urz\u0119dowego \u015bwiadectwa mia\u0142 obowi\u0105zek zarejestrowa\u0107 ten zwi\u0105zek ma\u0142\u017ce\u0144ski w ksi\u0119dze metrykalnej. Prawo austriackie regulowa\u0142o r\u00f3wnie\u017c zawieranie ma\u0142\u017ce\u0144stw mieszanych (r\u00f3\u017cnych wyzna\u0144). Pierwsze\u0144stwo zapisu takiego zwi\u0105zku mia\u0142 duszpasterz, kt\u00f3ry pierwszy przyj\u0105\u0142 o\u015bwiadczenie narzeczonych i udzieli\u0142 b\u0142ogos\u0142awie\u0144stwa. Od 1918 r. do ko\u0144ca 1945 r. obowi\u0105zywa\u0142y dzielnicowe przepisy dotycz\u0105ce rejestracji stanu cywilnego, pochodz\u0105ce z okresu rozbior\u00f3w, oraz r\u00f3\u017cne systemy rejestracji. Ujednolicenie przepis\u00f3w dotycz\u0105cych rejestracji stanu cywilnego odby\u0142o si\u0119 w ramach przeprowadzonej w latach 1945 -1946 reformy prawa cywilnego, kt\u00f3ra zmierza\u0142a do zast\u0105pienia przepis\u00f3w dzielnicowych nowymi przepisami jednolitymi dla ca\u0142ego kraju. P\u00f3\u017aniej wprowadzano szereg poprawek, ale dopiero wprowadzona w \u017cycie 1 III 1987 r. ustawa z 29 IX 1986 r. wnios\u0142a zmiany w prawie o aktach stanu cywilnego, ale nie narusza\u0142a og\u00f3lnych zasad charakteryzuj\u0105cych obowi\u0105zuj\u0105cy od 1946 roku system tej rejestracji. Istotn\u0105 zmian\u0119 wprowadzono natomiast od 15 XI 1998 r. w zwi\u0105zku z ratyfikacj\u0105 Konkordatu zawartego mi\u0119dzy Stolic\u0105 Apostolsk\u0105 i Rzeczpospolit\u0105 Polsk\u0105, pozwalaj\u0105ca na zawieranie ma\u0142\u017ce\u0144stw wyznaniowych ze skutkami cywilnymi. W Mielcu USC usytuowany by\u0142 pocz\u0105tkowo w strukturze Prezydium Miejskiej Rady Narodowej, a nast\u0119pnie \u2013 Urz\u0119du Miejskiego, a siedzibami by\u0142y lokale w\u0142adz miejskich przy ul. A. Mickiewicza 13 i ul. S. \u017beromskiego 26.<\/p>\r\n\r\n\r\n\r\n<p><strong>Kierownicy w latach 1946-2021:<\/strong>\u00a0Wojciech Jacek, Wac\u0142aw Timorski, J\u00f3zef Makso\u0144, Krystyna Skopi\u0144ska, Lidia Burczyk, Robert Grygiel.<\/p>\r\n\r\n\r\n\r\n<p><strong>Zast\u0119pcy kierownik\u00f3w i pracownicy w latach 1946-2021:<\/strong> Lidia Burczyk, Anna Chatys, Ryszard Chmaj, Teresa Cisi\u0144ska, Daniela Czerwi\u0144ska, Anita Gw\u00f3\u017ad\u017a, Gra\u017cyna Kaleta, Barbara Kr\u0119pa, Genowefa Kr\u00f3likowska, Stanis\u0142awa Momot, Gra\u017cyna Rykowska, Maria Str\u0105k, Ma\u0142gorzata Zadora, Gra\u017cyna \u017bmuda.<\/p>\r\n\r\n\r\n\r\n<p><strong>URZ\u0118DOWSKI JAN<\/strong>, kantor mielecki w latach 1709 \u2013 1711.<\/p>\r\n\r\n\r\n\r\n<p><strong>US\u0141UGI<\/strong>, dzia\u0142alno\u015b\u0107 gospodarcza os\u00f3b fizycznych i prawnych polegaj\u0105ca na wykonywaniu \u015bwiadcze\u0144, kt\u00f3re nie s\u0105 wytwarzaniem d\u00f3br materialnych (produkcj\u0105). S\u0105 jednym z g\u0142\u00f3wnych sektor\u00f3w gospodarki narodowej (obok przemys\u0142u i rolnictwa). Zatrudnienie w us\u0142ugach jest syntetyczn\u0105 miar\u0105 rozwoju gospodarczego.<\/p>\r\n\r\n\r\n\r\n<p>Historia Dzieje us\u0142ug wi\u0105\u017c\u0105 si\u0119 z dzia\u0142alno\u015bci\u0105 grup ludzkich, tote\u017c ich funkcjonowanie w Mielcu jest tak d\u0142ugie, jak jego historia. Gryfici-Mieleccy (w\u0142a\u015bciciele w XV i XVI w.) starali si\u0119 o rozw\u00f3j miasta poprzez czasowe zwolnienia z podatk\u00f3w os\u00f3b osiedlaj\u0105cych si\u0119 w Mielcu oraz stwarzali mo\u017cliwo\u015bci dla handlu (targi, jarmarki). W\u015br\u00f3d pierwszych mieszka\u0144c\u00f3w byli rzemie\u015blnicy wykonuj\u0105cy us\u0142ugi budowlane oraz rzemie\u015blnicy, kt\u00f3rzy \u0142\u0105czyli produkcj\u0119 z us\u0142ugami. Warsztaty kowalskie i \u015blusarskie, krawieckie, ku\u015bnierskie, szewskie, ciesielskie, murarskie, b\u0142oniarskie (p\u00f3\u017aniej szklarskie), stolarskie, garncarskie, kotlarskie, rymarskie, siodlarskie, wikliniarskie czy z\u0142otnicze od pocz\u0105tku swej dzia\u0142alno\u015bci nie tylko wytwarza\u0142y nowe produkty, ale te\u017c naprawia\u0142y (cho\u0107 w drugiej kolejno\u015bci) uszkodzenia i uzupe\u0142nia\u0142y ubytki. Potwierdzeniem obecno\u015bci tych profesji w Mielcu jest wielokrotne wyst\u0119powanie w ksi\u0119gach metrykalnych nazwisk: Kowalski, Kowal, Krawiec, Ku\u015bnierz, Szewc, Cie\u015bla, B\u0142oniarz, Garncarz, Kotlarz, Stolarz, Szklarz i Rymarz. (Nazwiska te s\u0105 do dzi\u015b spotykane w Mielcu.) Zdarza\u0142o si\u0119 te\u017c, \u017ce do miasta przybywali w\u0119drowni rzemie\u015blnicy, kt\u00f3rzy chodzili od domu do domu i naprawiali zepsute przedmioty. R\u00f3wnocze\u015bnie rozwija\u0142a si\u0119 dzia\u0142alno\u015b\u0107 gospodarcza maj\u0105ca g\u0142\u00f3wnie charakter us\u0142ugowy. Byli to aptekarze, cyrulicy i balwierze, akuszerki (us\u0142ugi medyczne i kosmetyczne), konowa\u0142y (leczenie zwierz\u0105t), \u0142aziebnicy, grabarze, murarze, wozacy i z\u0142otnicy. Ju\u017c w XVI i XVII w. znana by\u0142a dzia\u0142alno\u015b\u0107 niekt\u00f3rych os\u00f3b, \u00a0m.in. Wojciecha Aptekarza (1595 r.), Adama Cyrulika (XVII w.), Stanis\u0142awa Konowa\u0142a (1629 r.), Katarzyny Konowa\u0142ki (1675 r.), Jana \u0141aziebnika (1527 r.), Grigiela Z\u0142otnika, J\u0119drzeja Z\u0142otnika i Matiasa Z\u0142otnika (XVII w.). (Szerzej w ha\u015ble rzemios\u0142o. Rozwija\u0142a si\u0119 te\u017c dzia\u0142alno\u015b\u0107 kupiecka. (szerzej w ha\u015ble handel \u00a0w tomie 1. Codzienne handlowanie na rynku, cotygodniowe targi i doroczne jarmarki, \u015bwi\u0119ta i zabawy wytwarza\u0142y zapotrzebowanie na us\u0142ugi gastronomiczne, tote\u017c przy rynku powsta\u0142a najpierw karczma, a p\u00f3\u017aniej liczne wyszynki, tak\u017ce przy pobliskich ulicach. Wi\u0119kszo\u015b\u0107 z nich prowadzili \u017bydzi, kt\u00f3rzy przybyli do Mielca pod koniec XVI w. Sporo os\u00f3b wykonywa\u0142o us\u0142ugi zwi\u0105zane z rolnictwem, hodowl\u0105 zwierz\u0105t (m.in. pasienie), sadownictwem i le\u015bnictwem. \u00a0W\u0142a\u015bciciele miasta posiadali bowiem du\u017ce maj\u0105tki (tereny rolnicze, sady, lasy, stawy rybne) i ich prawid\u0142owa eksploatacja wymaga\u0142a du\u017cego nak\u0142adu si\u0142. Tak\u017ce wielu mieszczan mieleckich mia\u0142o pola uprawne i sady, ale \u00a0nie zawsze by\u0142o w stanie podo\u0142a\u0107 wszystkim obowi\u0105zkom. Osoby \u015bwiadcz\u0105ce takie us\u0142ugi w spos\u00f3b fachowy by\u0142y niekiedy przyjmowane na sta\u0142e, ale zdecydowana wi\u0119kszo\u015b\u0107 nie by\u0142a dobrze wynagradzana, a cz\u0119sto jedyn\u0105 zap\u0142at\u0105 by\u0142o wy\u017cywienie i miejsce do spania. O \u017cywych tradycjach tych profesji \u015bwiadcz\u0105 takie nazwiska jak m.in. Bykowy, Dworak, Furman, Gaj, Gajewski, Gajowiec, Koniuszy, Le\u015bniak, Le\u015bniowski, Pasterz, Pastuszka, Ptasznik, Rybak, Rybarczyk, Sadowy, Sadowski, \u015awiniuch, Wo\u017anicki. Awans miasta na siedzib\u0119 powiatu mieleckiego (1853 r.) oraz autonomia Galicji i narodziny samorz\u0105du miejskiego (1867 r.), spowodowa\u0142y rozw\u00f3j nowych rodzaj\u00f3w us\u0142ug. Pojawi\u0142y si\u0119 bowiem urz\u0119dy z us\u0142ugami administracyjnymi (zarz\u0105d gminny, starostwo powiatowe), instytucje zwi\u0105zane z wymiarem sprawiedliwo\u015bci (s\u0105d, adwokaci, prokuratorzy), notariaty, poczta, instytucje finansowe (banki) i ubezpieczeniowe. R\u00f3wnocze\u015bnie poprawia\u0142y si\u0119 us\u0142ugi medyczne, bo cho\u0107 ju\u017c od po\u0142owy XVII w. dzia\u0142ali w Mielcu pojedynczy wykszta\u0142ceni lekarze i aptekarze, to ich liczba wyra\u017anie wzros\u0142a dopiero w 2. po\u0142owie XIX w. (Szerzej w ha\u015ble S\u0142u\u017cba zdrowia. Podobnie dzia\u0142o si\u0119 w dziedzinie o\u015bwiaty, zw\u0142aszcza po rozdzieleniu szko\u0142y mieszanej na m\u0119sk\u0105 i \u017ce\u0144sk\u0105 (1893 r.) i utworzeniu w 1905 r. c.k. Gimnazjum Pa\u0144stwowego. (Szerzej w ha\u015ble Szkolnictwo i o\u015bwiata. Funkcje us\u0142ugowe w dziedzinie kultury, kultury fizycznej i rekreacji podj\u0119\u0142y stowarzyszenia, a zw\u0142aszcza Towarzystwo Ochotniczej Stra\u017cy Po\u017carnej (od 1868 r.), Towarzystwo Gimnastyczne \u201eSok\u00f3\u0142\u201d (od 1893 r.) i kluby sportowe (od 1909 r.). W tym czasie pojawili si\u0119 w Mielcu pierwsi fotografowie, a rodzina Jadernych (dw\u00f3ch wybitnych fotograf\u00f3w) sta\u0142a si\u0119 wkr\u00f3tce jednym z lider\u00f3w \u017cycia kulturalnego miasta. Wyra\u017ana poprawa w zakresie us\u0142ug komunikacyjnych i transportowych nast\u0105pi\u0142a po oddaniu do u\u017cytku w 1887 r. linii kolejowej D\u0119bica-Rozwad\u00f3w-Nadbrzezie ze stacj\u0105 osobow\u0105 i towarow\u0105 w Mielcu. Stopniowo do us\u0142ug transportowych wchodzi\u0142y te\u017c automobile (samochody) osobowe i ci\u0119\u017carowe, m.in. w 1911 r. uruchomiono pierwsz\u0105 lini\u0119 mi\u0119dzymiastow\u0105 osobow\u0105 Mielec-Tarn\u00f3w, w okresie mi\u0119dzywojennym czynne by\u0142y prywatne linie autobusowe do Tarnowa, D\u0119bicy i Tarnobrzega. Po zniszczeniach wojennych w latach 1914-1915 (wtedy przez Mielec kilkakrotnie przeszed\u0142 front), a p\u00f3\u017aniej w pierwszych latach po odzyskaniu niepodleg\u0142o\u015bci o\u017cywi\u0142y si\u0119 us\u0142ugi budowlane i remontowe. \u015awiatowy kryzys gospodarczy i k\u0142opoty polskiej gospodarki na pocz\u0105tku lat 30. XX w. da\u0142y si\u0119 wyra\u017anie odczu\u0107 tak\u017ce w Mielcu. K\u0142opoty organizacyjne i finansowe prze\u017cywa\u0142y zar\u00f3wno firmy produkcyjne i us\u0142ugowe jak i obs\u0142uguj\u0105ce je instytucje. T\u0119 sytuacj\u0119 w Mielcu diametralnie zmieni\u0142a rz\u0105dowa decyzja o utworzeniu Centralnego Okr\u0119gu Przemys\u0142owego i budowie w jego ramach fabryki samolot\u00f3w w podmieleckiej Cyrance (1936-1939). Gwa\u0142townie wzros\u0142o zapotrzebowanie na r\u00f3\u017cnego typu us\u0142ugi, a zw\u0142aszcza budowlane, transportowe i komunalne. Budowano nie tylko fabryk\u0119 i lotnisko oraz towarzysz\u0105c\u0105 im infrastruktur\u0119, ale tak\u017ce osiedle mieszkaniowe (koloni\u0119 fabryczn\u0105) ze wszystkimi znanymi w\u00f3wczas urz\u0105dzeniami. Pojawi\u0142y si\u0119 us\u0142ugi nowego typu, m.in. mechanika pojazdowa, blacharstwo pojazdowe, instalatorstwo elektryczne, instalatorstwo sanitarne, obs\u0142uga maszyn produkcji rolnej, elektromechanika, galwanizatorstwo, wulkanizatorstwo i zegarmistrzostwo. W czasie okupacji hitlerowskiej (niemieckiej) w latach 1939-1944 najwi\u0119ksze firmy produkcyjne przej\u0119li Niemcy, a zak\u0142ady us\u0142ugowe pozostawiono w r\u0119kach miejscowych fachowc\u00f3w. W zimie 1939\/1940 przybyli wysiedle\u0144cy z Wielkopolski, z kt\u00f3rych kilkudziesi\u0119ciu zaj\u0119\u0142o si\u0119 prowadzeniem firm us\u0142ugowych, m.in. handlowych, instalatorskich, fotograficznych i fryzjerskich. Du\u017ce zmiany nast\u0105pi\u0142y po wyprowadzeniu \u017byd\u00f3w z Mielca przez hitlerowc\u00f3w (9 III 1942 r.), bowiem do pustych dom\u00f3w wprowadzili si\u0119 g\u0142\u00f3wnie Niemcy, folksdojcze i zniemczeni Ukrai\u0144cy, a wielu z nich przej\u0119\u0142o pozostawione warsztaty \u017cydowskie. W czasie okupacji niekt\u00f3re mieleckie warsztaty by\u0142y miejscami spotka\u0144 konspiracyjnych, a kilkadziesi\u0105t os\u00f3b prowadz\u0105cych dzia\u0142alno\u015b\u0107 us\u0142ugow\u0105 nale\u017ca\u0142o do ZWZ-AK. Czo\u0142owymi postaciami ruchu oporu byli: krawiec Stanis\u0142aw Dolina \u2013 dow\u00f3dca grup dywersyjno-sabota\u017cowych, mechanicy samochodowi Jan Ortyl i Roman Ortyl, technik dentysta W\u0142adys\u0142aw Ka\u0142o\u0144, \u015blusarz Stanis\u0142aw Mr\u00f3z, kolejarz Tadeusz Magdali\u0144ski, nadle\u015bniczy Pawe\u0142 Puzio, kasjer Marian Turkowski oraz grupa nauczycieli. Udzia\u0142 w konspiracji kilku z nich przep\u0142aci\u0142o \u017cyciem, m.in. Jan Ortyl, Tadeusz Magdali\u0144ski, Marian Turkowski. Po kr\u00f3tkiej przerwie, zwi\u0105zanej z przej\u015bciem przez Mielec frontu (4-6 VIII) i ucieczk\u0105 wszystkich zwi\u0105zanych z niemieckimi okupantami, wi\u0119kszo\u015b\u0107 mieleckich w\u0142a\u015bcicieli firm us\u0142ugowych wznowi\u0142a dzia\u0142alno\u015b\u0107. Zawierucha wojenna sprawi\u0142a, \u017ce cz\u0119\u015b\u0107 przedwojennych firm, w tym wszystkie \u017cydowskie, przesta\u0142a istnie\u0107. Do Mielca przyby\u0142o natomiast wielu Polak\u00f3w z przedwojennych polskich ziem wschodnich i ci podejmowali prac\u0119 w przemy\u015ble, rzemio\u015ble i us\u0142ugach. Nowa w\u0142adza ju\u017c od jesieni 1944 r. wspiera\u0142a sp\u00f3\u0142dzielczo\u015b\u0107, a z biegiem lat coraz ostrzej zwalcza\u0142a prywatne firmy (m.in. \u201ebitwa o handel\u201d). Us\u0142ugi zosta\u0142y zdominowane przez sp\u00f3\u0142dzielnie, a na pocz\u0105tku lat 50. ju\u017c tylko nieliczne osoby wykonywa\u0142y us\u0142ugi prywatne. Do wi\u0119kszych zak\u0142ad\u00f3w pracy nale\u017ca\u0142y: Sp\u00f3\u0142dzielnia \u201eKonsum\u201d, Sp\u00f3\u0142dzielnia \u201ePZL\u201d, Sp\u00f3\u0142dzielnia \u201eKolejarz i Drogowiec\u201d i Sp\u00f3\u0142dzielnia \u201eRobotnik\u201d (z tych czterech powsta\u0142a w 1948 r. Powszechna Sp\u00f3\u0142dzielnia Spo\u017cywc\u00f3w \u201eSpo\u0142em\u201d), Kobieca Sp\u00f3\u0142dzielnia Wyrob\u00f3w Dzianych (p\u00f3\u017aniej Sp\u00f3\u0142dzielnia Pracy \u201eOdzie\u017c\u201d), Budowlana Sp\u00f3\u0142dzielnia Pracy \u201ePion\u201d (p\u00f3\u017aniej Powiatowa Sp\u00f3\u0142dzielnia Pracy Us\u0142ug Wielobran\u017cowych), Sp\u00f3\u0142dzielnia Pracy Us\u0142ug R\u00f3\u017cnych, Sp\u00f3\u0142dzielnia Pomocnicza Szewc\u00f3w i Cholewkarzy (p\u00f3\u017aniej Sp\u00f3\u0142dzielnia Pracy \u201ePok\u00f3j\u201d), Gminne Sp\u00f3\u0142dzielnie \u201eSamopomoc Ch\u0142opska\u201d, Sp\u00f3\u0142dzielnia Pracy Piaskarzy \u201eDostawa\u201d w Rzochowie, Rzemie\u015blnicza Sp\u00f3\u0142dzielnia Pracy Bran\u017cy Sk\u00f3rzanej (p\u00f3\u017aniej Sp\u00f3\u0142dzielnia Pracy Us\u0142ug Przemys\u0142owych, a nast\u0119pnie Powiatowa Sp\u00f3\u0142dzielnia Pracy Us\u0142ug Wielobran\u017cowych). Znana by\u0142a te\u017c dzia\u0142alno\u015b\u0107 filii i plac\u00f3wek sp\u00f3\u0142dzielni z innych miast, m.in. Sp\u00f3\u0142dzielni Pracy \u201ePrzewo\u017anik\u201d z D\u0119bicy (transport konny), Sp\u00f3\u0142dzielni Pracy Us\u0142ug Pralniczych \u201eMalwa\u201d w Rzeszowie, Krajowej Sp\u00f3\u0142dzielni Pracy Us\u0142ug Kominiarskich i Mi\u0119dzywojew\u00f3dzkiej Us\u0142ugowej Sp\u00f3\u0142dzielni Inwalid\u00f3w w Rzeszowie (doz\u00f3r mienia) oraz Przedsi\u0119biorstwa Upowszechniania Prasy i Ksi\u0105\u017cki (p\u00f3\u017aniej Robotnicza Sp\u00f3\u0142dzielnia Wydawnicza Prasa-Ksi\u0105\u017cka-Ruch\u201d). Dominacja sp\u00f3\u0142dzielczo\u015bci trwa\u0142a, cho\u0107 z kilkoma kryzysami, do ko\u0144ca lat 80. W tym czasie wielokrotnie zmieniano nazwy sp\u00f3\u0142dzielni, dzielono je i \u0142\u0105czono , tworzono r\u00f3\u017cne struktury i podporz\u0105dkowania. Stopniowe \u0142agodzenie przepis\u00f3w w latach 70. o\u015bmiela\u0142o ludzi kreatywnych, tote\u017c szereg os\u00f3b zwalnia\u0142o si\u0119 z pa\u0144stwowych zak\u0142ad\u00f3w (g\u0142\u00f3wnie WSK) i zak\u0142ada\u0142o swoje firmy. W nast\u0119pstwie rozwoju technicznego powsta\u0142y nowe rodzaje us\u0142ug, m.in. naprawy sprz\u0119tu radiowego i telewizyjnego oraz artyku\u0142\u00f3w gospodarstwa domowego, taks\u00f3wki osobowe i baga\u017cowe. R\u00f3wnocze\u015bnie od pierwszych lat powojennych rozwija\u0142y dzia\u0142alno\u015b\u0107 us\u0142ugow\u0105 instytucje pa\u0144stwowe, a zw\u0142aszcza Polskie Koleje Pa\u0144stwowe, Pa\u0144stwowa Komunikacja Samochodowa, Poczta i Telekomunikacja, szko\u0142y, przedszkola i \u017c\u0142obki, szpitale i przychodnie lekarskie, biblioteki i Miejski O\u015brodek Sportu i Rekreacji. Jeszcze innym torem nast\u0119powa\u0142 rozw\u00f3j us\u0142ug kulturalno-artystycznych, sportowo-rekreacyjnych i turystycznych. W Mielcu g\u0142\u00f3wn\u0105 rol\u0119 odgrywa\u0142y Zak\u0142adowy Dom Kultury (p\u00f3\u017aniej Robotnicze Centrum Kultury) i Fabryczny Klub Sportowy Stal, zorganizowane i finansowane przez WSK \u201ePZL-Mielec\u201d. Tak\u017ce sp\u00f3\u0142dzielnie i inne zak\u0142ady pracy mia\u0142y swoje plac\u00f3wki kultury (Osiedlowy Dom Kultury MSM, \u015bwietlice zak\u0142adowe). \u00a0WSK i zak\u0142ady pracy organizowa\u0142y te\u017c us\u0142ugi medyczne, hotelarskie, wypoczynkowe (wczasy, kolonie) i turystyczne. Obok us\u0142ug \u015bwiadczonych przez zak\u0142ady dzia\u0142a\u0142y na podstawie odr\u0119bnych przepis\u00f3w \u00a0 kluby sportowe (MKS Gryf, LKS T\u0119cza, Smoczanka, Rzochowianka) oraz stowarzyszenia kulturalne o charakterze lokalnym (Towarzystwo Mi\u0142o\u015bnik\u00f3w Ziemi Mieleckiej, Towarzystwo \u015apiewacze \u201eMelodia\u201d) i b\u0119d\u0105ce oddzia\u0142em powiatowym (miejskim), np. Towarzystwo Wiedzy Powszechnej (us\u0142ugi o\u015bwiatowe), \u00a0Polskie Towarzystwo Turystyczno-Krajoznawcze i Towarzystwo Krzewienia Kultury Fizycznej. Zdecydowane zmiany w zakresie us\u0142ug wprowadzi\u0142y 23 XII 1988 r. nowe przepisy o dzia\u0142alno\u015bci gospodarczej, a g\u0142\u0119bokie przemiany ustrojowe po 1989 r. wyzwoli\u0142y przedsi\u0119biorczo\u015b\u0107 i aktywno\u015b\u0107 obywatelsk\u0105. Systematycznie ros\u0142a ilo\u015b\u0107 prywatnych podmiot\u00f3w gospodarczych, a zdecydowana ich wi\u0119kszo\u015b\u0107 mia\u0142a charakter us\u0142ugowy lub produkcyjno-us\u0142ugowy. W 1989 r. zarejestrowano 1091 podmiot\u00f3w, w 1991 r. \u2013 2132, w 1993 r. \u2013 3034, w 1995 r. \u2013 3442, a w 1998 r. \u2013 3834 i odt\u0105d ich liczba oscylowa\u0142a w granicach 3550-3800. Upada\u0142y sp\u00f3\u0142dzielnie, z kt\u00f3rych utrzyma\u0142y si\u0119 jedynie Rzemie\u015blnicza Sp\u00f3\u0142dzielnia Wielobran\u017cowa i Gminna Sp\u00f3\u0142dzielnia \u201eSamopomoc Ch\u0142opska\u201d. Ros\u0142a natomiast liczba sp\u00f3\u0142ek prawa handlowego. W dziedzinie us\u0142ug du\u017cy wzrost ilo\u015bciowy nast\u0105pi\u0142 w handlu, gastronomii, transporcie, \u0142\u0105czno\u015bci i komunikacji, administracji, o\u015bwiacie, s\u0142u\u017cbie zdrowia, opiece spo\u0142ecznej, instytucjach finansowych (banki) i ubezpieczeniowych, wymiarze sprawiedliwo\u015bci, gospodarce komunalnej, obs\u0142udze rynku nieruchomo\u015bci, gospodarce magazynowej. Zaktywizowa\u0142y dzia\u0142alno\u015b\u0107 organizacje spo\u0142eczne (stowarzyszenia, organizacje religijne, partie i stronnictwa polityczne, komitety wyborcze). Rozwin\u0119\u0142y si\u0119 te\u017c us\u0142ugi osobiste: piel\u0119gniarskie i rehabilitacyjne, sportowe (si\u0142ownie, fitness-cluby), kosmetyczne i fryzjerskie. W pierwszych latach XXI w. w dziedzinie us\u0142ug nast\u0105pi\u0142 du\u017cy wzrost ilo\u015bciowy w handlu, gastronomii, transporcie, \u0142\u0105czno\u015bci i komunikacji, administracji, o\u015bwiacie, s\u0142u\u017cbie zdrowia, opiece spo\u0142ecznej, instytucjach finansowych (banki) i ubezpieczeniowych, wymiarze sprawiedliwo\u015bci, gospodarce komunalnej, obs\u0142udze rynku nieruchomo\u015bci, gospodarce magazynowej. Zaktywizowa\u0142y dzia\u0142alno\u015b\u0107 organizacje spo\u0142eczne (stowarzyszenia, organizacje religijne, partie i stronnictwa polityczne, komitety wyborcze). Rozwin\u0119\u0142y si\u0119 te\u017c us\u0142ugi osobiste: piel\u0119gniarskie i rehabilitacyjne, sportowo-rekreacyjne (si\u0142ownie, fitness-cluby, sale do zabaw dla dzieci), kosmetyczne i fryzjerskie. \u00a0Ponadto upowszechni\u0142y si\u0119 us\u0142ugi zwi\u0105zane z komputeryzacj\u0105, ochron\u0105 mienia i monitoringiem, doradztwem r\u00f3\u017cnego typu, \u00a0ksi\u0119gowo\u015bci\u0105, reklam\u0105 i promocj\u0105 oraz us\u0142ugi rozrywkowe dla dzieci (du\u017ce sale zabaw).<\/p>\r\n\r\n\r\n\r\n<p><strong>US\u0141UGOWA<\/strong>, kr\u00f3tka (101 m) i \u015blepa ulica miejska w p\u00f3\u0142nocnej cz\u0119\u015bci osiedla Borek. S\u0142u\u017cy jako droga dojazdowa do grupy dom\u00f3w jednorodzinnych. Zbiega si\u0119 z inn\u0105 podobn\u0105 ulic\u0105 Jesionow\u0105. Od 2003 r. posiada asfaltow\u0105 nawierzchni\u0119 i chodniki z kostki po obu stronach. Miejscowi wnioskodawcy nazwy przewidywali rozw\u00f3j r\u00f3\u017cnych us\u0142ug na tym terenie i st\u0105d nazwa inna od przyj\u0119tego dla ulic z tej cz\u0119\u015bci osiedla klucza nazw gatunk\u00f3w drzew.<\/p>\r\n\r\n\r\n\r\n<p><strong>US\u0141UGOWO \u2013 WYTW\u00d3RCZA SP\u00d3\u0141DZIELNIA PRACY \u201ePRZYSZ\u0141O\u015a\u0106\u201d<\/strong>; powsta\u0142a na zebraniu za\u0142o\u017cycielskim 12 XII 1952 r. jako Sp\u00f3\u0142dzielnia Pracy Us\u0142ug R\u00f3\u017cnych (SPUR). Pocz\u0105tkowo prowadzi\u0142a dwa zak\u0142ady us\u0142ugowe \u2013fryzjerski i prze\u0142adunkowy, a w maju 1953 r. skupia\u0142a ju\u017c 7 zak\u0142ad\u00f3w us\u0142ugowych. 30 VII 1953 r. po\u0142\u0105czy\u0142a si\u0119 z SPUR w Tarnobrzegu, utrzymuj\u0105c siedzib\u0119 g\u0142\u00f3wn\u0105 w Mielcu. Fuzja ta trwa\u0142a do 1956 r., bowiem wtedy sp\u00f3\u0142dzielnia tarnobrzeska usamodzielni\u0142a si\u0119. Do mieleckiej sp\u00f3\u0142dzielni przy\u0142\u0105cza\u0142y si\u0119 natomiast niewielkie zak\u0142ady us\u0142ugowe, kt\u00f3re nie by\u0142y w stanie utrzyma\u0107 si\u0119 samodzielnie. 9 XI 1956 r. \u2013 na polecenie wojew\u00f3dzkich w\u0142adz sp\u00f3\u0142dzielczych \u2013 przej\u0119to kilka zak\u0142ad\u00f3w us\u0142ugowych od Rzemie\u015blniczej Sp\u00f3\u0142dzielni Pracy w Mielcu i zak\u0142ady us\u0142ugowe krawieckie od Sp\u00f3\u0142dzielni Pracy Konfekcyjnej im. M. Fornalskiej w Mielcu. Nie uda\u0142o si\u0119 jednak w pe\u0142ni zintegrowa\u0107 zak\u0142ad\u00f3w wywodz\u0105cych si\u0119 z r\u00f3\u017cnych \u015brodowisk sp\u00f3\u0142dzielczych. Przeszkod\u0105 w rozwoju by\u0142y te\u017c cz\u0119ste zmiany zarz\u0105du. Podejmowano pr\u00f3by unormowania sytuacji poprzez zmiany organizacyjne, m.in. przyj\u0119cie nazwy Powiatowa Sp\u00f3\u0142dzielnia Pracy Us\u0142ug Rzemie\u015blniczych i uchwalenie nowego statutu (18 V 1959 r.), zmian\u0119 nazwy na Powiatowa Sp\u00f3\u0142dzielnia Pracy Us\u0142ug Wielobran\u017cowych wraz ze zmian\u0105 statutu (30 VI 1962 r.), a tak\u017ce po\u0142\u0105czenie si\u0119 ze Sp\u00f3\u0142dzielni\u0105 Pracy Us\u0142ug Przemys\u0142owych w Mielcu, z pozostawieniem nazwy w\u0142asnej (1 I 1964 r.) oraz przyj\u0119cie nazwy \u201ePrzysz\u0142o\u015b\u0107\u201d (28 VI 1966 r.). Sp\u00f3\u0142dzielnia mia\u0142a w\u00f3wczas 36 zak\u0142ad\u00f3w us\u0142ugowych, w kt\u00f3rych pracowa\u0142o oko\u0142o 180 os\u00f3b. Po kolejnych zmianach kadrowych i organizacyjnych rok 1966 zamkni\u0119to zyskiem 180 tysi\u0119cy z\u0142. Od tego czasu rozpocz\u0105\u0142 si\u0119 dynamiczny rozw\u00f3j \u201ePrzysz\u0142o\u015bci\u201d. Przeprowadzono szereg remont\u00f3w i modernizacji zak\u0142ad\u00f3w. Uzupe\u0142niono i unowocze\u015bniono park maszynowy. Wprowadzono wsp\u00f3\u0142zawodnictwo pracy o tytu\u0142 przoduj\u0105cego zak\u0142adu us\u0142ugowego. Po tych gruntownych zmianach w 1969 wypracowano zysk roczny w wysoko\u015bci 1 miliona z\u0142. W klasyfikacji na najlepsz\u0105 sp\u00f3\u0142dzielni\u0119 pracy us\u0142ug wielobran\u017cowych mielecka \u201ePrzysz\u0142o\u015b\u0107\u201d zdoby\u0142a 1. miejsce w wojew\u00f3dztwie rzeszowskim i 4. miejsce w kraju. Podobne wyniki osi\u0105gn\u0119\u0142a w 1971 r. Optymistyczne krajowe prognozy w sprawie dalszego rozwoju produkcji i us\u0142ug sprawi\u0142y, \u017ce 22 VI 1973 r. postanowiono powi\u0119kszy\u0107 potencja\u0142 poprzez po\u0142\u0105czenie si\u0119 z coraz gorzej prosperuj\u0105c\u0105 Wielobran\u017cow\u0105 Sp\u00f3\u0142dzielni\u0105 Pracy \u201ePok\u00f3j\u201d, zachowuj\u0105c za obop\u00f3ln\u0105 zgod\u0105 nazw\u0119 \u201ePrzysz\u0142o\u015b\u0107\u201d. Po roku uda\u0142o si\u0119 scali\u0107 sp\u00f3\u0142dzielnie i przyj\u0105\u0107 program rozwoju adekwatny do coraz wi\u0119kszych mo\u017cliwo\u015bci. Rozbudowano obiekty na terenie bazy przy ul. T. Ko\u015bciuszki. Dla potrzeb zak\u0142ad\u00f3w us\u0142ugowych wybudowano dwukondygnacyjne pawilon przy ul. L. Wary\u0144skiego (dzi\u015b ul. Sandomierska) i ul. K. Pu\u0142askiego oraz kilka parterowych pawilon\u00f3w w centralnych osiedlach miasta. Rozwini\u0119to ruch racjonalizatorski. Pomy\u015blnie i na szerok\u0105 skal\u0119 kooperowano z WSK Mielec i innymi przedsi\u0119biorstwami w Mielcu i okolicy. \u201ePrzysz\u0142o\u015b\u0107\u201d w\u0142\u0105cza\u0142a si\u0119 te\u017c do wielu akcji spo\u0142ecznych, m.in. na rzecz plac\u00f3wek o\u015bwiatowych i opieku\u0144czych. Po likwidacji powiat\u00f3w, w tym mieleckiego, w\u0142adze wojew\u00f3dzkie zreorganizowa\u0142y sp\u00f3\u0142dzielczo\u015b\u0107 us\u0142ugow\u0105, a w Mielcu powo\u0142a\u0142y Oddzia\u0142 Wojew\u00f3dzkiej Us\u0142ugowej Sp\u00f3\u0142dzielni Pracy w Rzeszowie. T\u0105 decyzj\u0105 znacznie ograniczono samodzielno\u015b\u0107 terenowych sp\u00f3\u0142dzielni i spowolniono ich rozw\u00f3j. Od 1977 r. rozpocz\u0119\u0142o si\u0119 niepokoj\u0105ce zjawisko zmniejszania si\u0119 ilo\u015bci zak\u0142ad\u00f3w us\u0142ugowych (ze 118 w styczniu do 100 w grudniu). Mimo to prosperowano nadal pomy\u015blnie. Wybudowano kolejne pawilony us\u0142ugowe, sukcesywnie unowocze\u015bniano wyposa\u017cenie zak\u0142ad\u00f3w. Znacznie powi\u0119kszono ilo\u015b\u0107 w\u0142asnych \u015brodk\u00f3w transportu oraz wybudowano warsztat samochodowy. \u00a0Przy\u0142\u0105czono si\u0119 te\u017c do rozbudowy O\u015brodka Wypoczynkowego w Woli Zdakowskiej, wykonuj\u0105c trzy domki z 12 miejscami noclegowymi. Po kilku latach funkcjonowania Wojew\u00f3dzkiej Us\u0142ugowej Sp\u00f3\u0142dzielni Pracy w Rzeszowie okaza\u0142o si\u0119, \u017ce nie spe\u0142nia nale\u017cycie powierzonych zada\u0144 i 1 VII 1979 r. zosta\u0142a zlikwidowana, a poszczeg\u00f3lnym sp\u00f3\u0142dzielniom przywr\u00f3cono wzgl\u0119dn\u0105 samodzielno\u015b\u0107. W Mielcu przyj\u0119to nazw\u0119 Us\u0142ugowo-Wytw\u00f3rcza Sp\u00f3\u0142dzielnia Pracy \u201ePrzysz\u0142o\u015b\u0107\u201d. Perturbacje kadrowe w zarz\u0105dzie, spowodowane ingerencj\u0105 Wojew\u00f3dzkiego Zwi\u0105zku Sp\u00f3\u0142dzielczo\u015bci Pracy, zmuszenie do przekazania cz\u0119\u015bci zak\u0142ad\u00f3w innym sp\u00f3\u0142dzielniom i strajki za\u0142ogi w 1980 r. powa\u017cnie zdestabilizowa\u0142y funkcjonowanie mieleckiej sp\u00f3\u0142dzielni. W latach 1980-1984 jej potencja\u0142 nie by\u0142 wykorzystywany w pe\u0142ni, gdy\u017c w warunkach krajowego kryzysu spo\u0142eczno-gospodarczego coraz cz\u0119\u015bciej wyst\u0119powa\u0142y dotkliwe braki w zaopatrzeniu materia\u0142owym. Negatywny wp\u0142yw mia\u0142y te\u017c pogarszaj\u0105ce si\u0119 relacje z kooperantami, wynikaj\u0105ce z niedotrzymywania termin\u00f3w i zator\u00f3w p\u0142atniczych. W 1985 r. uroczy\u015bcie obchodzono 35-lecie \u201ePrzysz\u0142o\u015bci\u201d. Z tej okazji ufundowano jej sztandar, a wielu zas\u0142u\u017conych pracownik\u00f3w uhonorowano wysokimi odznaczeniami pa\u0144stwowymi. W nast\u0119pnych latach systematycznie pogarsza\u0142a si\u0119 sytuacja ekonomiczna. Ujawniono nadu\u017cycia finansowe. Ros\u0142o zad\u0142u\u017cenie wobec dostawc\u00f3w, ale r\u00f3wnocze\u015bnie powi\u0119ksza\u0142a si\u0119 liczba d\u0142u\u017cnik\u00f3w. Coraz cz\u0119\u015bciej brakowa\u0142o \u015brodk\u00f3w finansowych na p\u0142ace. 28 XI 1989 r. bank odm\u00f3wi\u0142 kredytowania Sp\u00f3\u0142dzielni. Zmniejszano zatrudnienie (1989 \u2013 398 os\u00f3b, 1990 \u2013 193 osoby). W 1990 r. &#8211; po ujawnieniu wielko\u015bci d\u0142ugu (1 miliard z\u0142) innych firm wobec \u201ePrzysz\u0142o\u015bci\u201d \u2013 Bank Sp\u00f3\u0142dzielczy podj\u0105\u0142 si\u0119 j\u0105 finansowa\u0107 i udzieli\u0142 kredytu w wysoko\u015bci 200 milion\u00f3w z\u0142. Nie przynios\u0142o to wi\u0119kszych efekt\u00f3w, tote\u017c Sp\u00f3\u0142dzielnia rozpocz\u0119\u0142a likwidowanie zak\u0142ad\u00f3w produkcyjnych i us\u0142ugowych oraz wielu stanowisk w administracji. W latach 1991-1992 sytuacja nadal dramatycznie si\u0119 pogarsza\u0142a. 5 II 1993 r. Nadzwyczajne Walne Zgromadzenie przyj\u0119\u0142o wniosek o postawienie Us\u0142ugowo-Wytw\u00f3rczej Sp\u00f3\u0142dzielni Pracy \u201ePrzysz\u0142o\u015b\u0107\u201d w stan likwidacji. Proces ten przeprowadzono od 1 III 1993 r. do 8 XI 1995 r., a do za\u0142atwienia pozosta\u0142ych czynno\u015bci ustanowiono syndyka masy upad\u0142o\u015bciowej.<\/p>\r\n\r\n\r\n\r\n<p><strong>Prezesi:<\/strong>\u00a0Kazimierz Bara\u0144ski (1952-1953), Czes\u0142aw Zaradniewicz (1953-1954), Stanis\u0142aw Sadowski (1954-1957), Aniela Kulczy\u0144ska (1957-1958), Jan Stankiewicz (1958-1959), Czes\u0142aw \u017belasko (1959-1960), Jan Rusek (1960-1963), Edward \u017bywiecki (1963-1965), Jan Magda (1965-1979), Jan Wilusz (1979-1982), Ryszard Janeczek (1982-1987), W\u0142adys\u0142aw Kowalski (1987-1989), Andrzej Grzelak (1989-1990), Micha\u0142 Rze\u017anik (1990-1992), Wac\u0142aw \u015awierczy\u0144ski (1992-1993).<\/p>\r\n\r\n\r\n\r\n<p><strong>USZACKI ANTONI<\/strong>, urodzony 23 V 1903 r. w Pu\u0142tusku, syn Kazimierza i Antoniny z Grotkowskich. Ucz\u0119szcza\u0142 do \u015aredniej Szko\u0142y Mechaniczno-Technicznej H. Wawelberga i S. Rotwanda. Nale\u017ca\u0142 do harcerstwa i Polskiej Organizacji Wojskowej (POW). Uczestniczy\u0142 \u00a0w rozbrajaniu Niemc\u00f3w w listopadzie 1918 r. W latach 1919-1924 pracowa\u0142 w Biurze Technicznym Zak\u0142ad\u00f3w Mechanicznych E. Plage i T. La\u015bkiewicz w Lublinie jako kre\u015blarz i technik konstruktor. W 1924 r. zosta\u0142 powo\u0142any do s\u0142u\u017cby wojskowej i skierowany do Biura Konstrukcyjnego Wojskowej Centrali Bada\u0144 Lotniczych w Warszawie, gdzie zajmowa\u0142 si\u0119 m.in. konstrukcj\u0105 podwozia samolotu WZ-X oraz opracowa\u0142 projekt szybowca lotni KSL-I. (Powsta\u0142y 3 sztuki tego szybowca.) Po odbyciu s\u0142u\u017cby powr\u00f3ci\u0142 do Lublina i bra\u0142 udzia\u0142 w pracach nad konstrukcj\u0105 samolotu wywiadowczo-bombowego Lublin R-VIII oraz skonstruowa\u0142 z J. D\u0105browskim do\u015bwiadczalny samolot sportowy DUS-III (s\u0142ynny \u201ePta-Pta\u201d), kt\u00f3ry wykonano w 1928 r. W tym roku przeszed\u0142 do Podlaskiej Wytw\u00f3rni Samolot\u00f3w (PWS) i tam projektowa\u0142 (wsp\u00f3lnie z innymi konstruktorami) nowe typy samolot\u00f3w o r\u00f3\u017cnym przeznaczeniu: PWS-20 (pasa\u017cerski), PWS-22 B3N i PWS-23 B3N (bombowe nocne), PWS-19 (rozpoznawczo-bombowy), PWS-17 M2 (my\u015bliwski eskortuj\u0105co-patrolowy), PWS U-6 (towarzysz\u0105cy), PWS-52 (sportowy), PWS-54 (pasa\u017cerski) i PWS-42 (my\u015bliwski). Kierowa\u0142 zespo\u0142em, kt\u00f3ry dokona\u0142 modyfikacji konstrukcji angielskiego samolotu Avro 621 \u201eTutor\u201d i nazwano go PWS-18. (Wyprodukowano 45 sztuk tego samolotu.) By\u0142 te\u017c szefem zespo\u0142u \u00a0opracowuj\u0105cego licencyjn\u0105 dokumentacj\u0119 seryjn\u0105 samolotu RWD8pws dla potrzeb polskiego lotnictwa. Wiele czasu po\u015bwi\u0119ca\u0142 pracy spo\u0142ecznej w Klubie Lotniczym PWS, pe\u0142ni\u0105c r\u00f3\u017cne funkcje w jego zarz\u0105dzie. Uzyska\u0142 kategori\u0119 \u201eC\u201d pilota szybowcowego, uprawnienia instruktorskie i licencj\u0119 pilota samolotowego (1932). Uczestniczy\u0142 w zawodach samolotowych i jako pilot kilkakrotnie uplasowa\u0142 si\u0119 w \u015bcis\u0142ej czo\u0142\u00f3wce. Pe\u0142ni\u0142 te\u017c funkcj\u0119 komisarza technicznego Komisji Sportowej Aeroklubu RP. Propagowa\u0142 sporty samolotowe i modelarstwo w\u015br\u00f3d m\u0142odzie\u017cy. W czasie okupacji hitlerowskiej przebywa\u0142 w Bia\u0142ej Podlaskiej i dzia\u0142a\u0142 w konspiracyjnym wydziale lotniczym AK. W latach 1948-1950 pracowa\u0142 w wytw\u00f3rni samolot\u00f3w w Mielcu jako kierownik Biura Przygotowania Produkcji samolotu CSS-13 na licencji radzieckiej PO-2. W 1950 r. otrzyma\u0142 przeniesienie s\u0142u\u017cbowe do Fabryki Kot\u0142\u00f3w Wysokopr\u0119\u017cnych i Parowozowych w Sosnowcu, a wkr\u00f3tce zosta\u0142 starszym projektantem w Biurze Konstrukcyjnym Maszyn G\u00f3rniczych. Po uzyskaniu tytu\u0142u in\u017cyniera mechanika na Politechnice Wroc\u0142awskiej (1957) pracowa\u0142 w firmie \u201eSeperator\u201d w Katowicach jako projektant. Na emerytur\u0119 przeszed\u0142 w 1971 r. Wyr\u00f3\u017cniony m.in. Srebrnym Krzy\u017cem Zas\u0142ugi i Z\u0142otym Honorowym Odznaczeniem Ligi Obrony Powietrznej i Przeciwgazowej. Zmar\u0142 7 II 1986 r. w Sosnowcu. Spoczywa na cmentarzu w Sosnowcu.<\/p>\r\n\r\n\r\n\r\n<p><strong><img loading=\"lazy\" decoding=\"async\" class=\"alignleft size-full wp-image-2722\" src=\"https:\/\/encyklopedia.mielec.pl\/wp-content\/uploads\/2022\/11\/uzar_wladyslaw.jpg\" alt=\"\" width=\"112\" height=\"150\" \/>UZAR W\u0141ADYS\u0141AW WILHELM,<\/strong>\u00a0urodzony 15 XII 1912 r. w Padwi Narodowej, pow. mielecki. Absolwent Pa\u0144stwowego Gimnazjum M\u0119skiego im. S. Konarskiego w Mielcu, matur\u0119 zda\u0142 w 1931 r. Studia na Wydziale Prawa i Administracji Uniwersytetu Jagiello\u0144skiego w Krakowie uko\u0144czy\u0142 w 1936 r., uzyskuj\u0105c tytu\u0142 magistra. S\u0142u\u017cb\u0119 wojskow\u0105 odby\u0142 w Szkole Podchor\u0105\u017cych Rezerwy Piechoty w Zambrowie oraz w 80. pu\u0142ku piechoty w S\u0142onimie. W latach 1937-1938 pracowa\u0142 jako aplikant w mieleckim s\u0105dzie. Przed wybuchem II wojny \u015bwiatowej zosta\u0142 ponownie powo\u0142any do s\u0142u\u017cby wojskowej. Bra\u0142 udzia\u0142 w kampanii wrze\u015bniowej 1939 r. i w Stanis\u0142awowie zosta\u0142 internowany. Szcz\u0119\u015bliwym zbiegiem okoliczno\u015bci uda\u0142o mu si\u0119 uciec i powr\u00f3ci\u0107 do Padwi. Podj\u0105\u0142 prac\u0119 w mieleckim oddziale Powszechnego Zak\u0142adu Ubezpiecze\u0144 Wzajemnych. W maju 1940 r. w\u0142\u0105czy\u0142 si\u0119 do dzia\u0142a\u0144 konspiracyjnego Zwi\u0105zku Walki Zbrojnej. Pos\u0142ugiwa\u0142 si\u0119 pseudonimami \u201eRewicz\u201d i \u201eS\u0119p\u201d. Zosta\u0142 mianowany komendantem SOP-u, a nast\u0119pnie WSOP-u (Wojskowej S\u0142u\u017cby Ochrony Powstania). Od maja 1944 r. by\u0142 oficerem wywiadu Inspektoratu AK Tarnobrzeg. Po wojnie ujawni\u0142 si\u0119 i zosta\u0142 zweryfikowany do stopnia starszego kapitana piechoty. Podj\u0105\u0142 aplikacj\u0119 s\u0105dow\u0105 w Krakowie i tam zda\u0142 egzamin s\u0119dziowski w 1948 r. Pracowa\u0142 w szeregu instytucji krakowskich, m.in. w s\u0105downictwie i Centralnym Zarz\u0105dzie Przemys\u0142u Mi\u0119snego. Zmar\u0142 17 VII 1983 r. Pochowany zosta\u0142 na cmentarzu parafialnym w Padwi Narodowej, zgodnie z wielokrotnie wyra\u017can\u0105 wol\u0105.<\/p>\r\n","protected":false},"excerpt":{"rendered":"<p>UCZNIOWSKIE KLUBY SPORTOWE, stowarzyszenia sportowe dzia\u0142aj\u0105ce przy szko\u0142ach. Ich g\u0142\u00f3wnym celem jest upowszechnianie sportu i rekreacji w\u015br\u00f3d uczni\u00f3w szko\u0142y macierzystej, a ponadto organizowanie r\u00f3\u017cnych form wsp\u00f3\u0142zawodnictwa sportowego. Pierwszym klubem tego typu w Mielcu by\u0142 UKS \u201eOrlik\u201d przy Szkole Podstawowej nr 8, kt\u00f3ry zosta\u0142 zarejestrowany w Urz\u0119dzie Wojew\u00f3dzkim w Rzeszowie 26 V 1994 r. Wi\u0119ksze mo\u017cliwo\u015bci [&hellip;]<\/p>\n","protected":false},"author":1,"featured_media":0,"comment_status":"closed","ping_status":"open","sticky":false,"template":"","format":"standard","meta":{"footnotes":""},"categories":[3],"tags":[],"class_list":["post-86","post","type-post","status-publish","format-standard","hentry","category-hasla"],"_links":{"self":[{"href":"https:\/\/encyklopedia.mielec.pl\/index.php?rest_route=\/wp\/v2\/posts\/86","targetHints":{"allow":["GET"]}}],"collection":[{"href":"https:\/\/encyklopedia.mielec.pl\/index.php?rest_route=\/wp\/v2\/posts"}],"about":[{"href":"https:\/\/encyklopedia.mielec.pl\/index.php?rest_route=\/wp\/v2\/types\/post"}],"author":[{"embeddable":true,"href":"https:\/\/encyklopedia.mielec.pl\/index.php?rest_route=\/wp\/v2\/users\/1"}],"replies":[{"embeddable":true,"href":"https:\/\/encyklopedia.mielec.pl\/index.php?rest_route=%2Fwp%2Fv2%2Fcomments&post=86"}],"version-history":[{"count":0,"href":"https:\/\/encyklopedia.mielec.pl\/index.php?rest_route=\/wp\/v2\/posts\/86\/revisions"}],"wp:attachment":[{"href":"https:\/\/encyklopedia.mielec.pl\/index.php?rest_route=%2Fwp%2Fv2%2Fmedia&parent=86"}],"wp:term":[{"taxonomy":"category","embeddable":true,"href":"https:\/\/encyklopedia.mielec.pl\/index.php?rest_route=%2Fwp%2Fv2%2Fcategories&post=86"},{"taxonomy":"post_tag","embeddable":true,"href":"https:\/\/encyklopedia.mielec.pl\/index.php?rest_route=%2Fwp%2Fv2%2Ftags&post=86"}],"curies":[{"name":"wp","href":"https:\/\/api.w.org\/{rel}","templated":true}]}}