{"id":58,"date":"2022-11-27T19:06:00","date_gmt":"2022-11-27T18:06:00","guid":{"rendered":"https:\/\/encyklopedia.mielec.pl\/?p=58"},"modified":"2025-08-27T08:51:10","modified_gmt":"2025-08-27T06:51:10","slug":"litera-h","status":"publish","type":"post","link":"https:\/\/encyklopedia.mielec.pl\/?p=58","title":{"rendered":"Litera H"},"content":{"rendered":"\r\n<p><strong>HADRAWA ADAM<\/strong>, urodzony 1 VIII 1913 r. w Komarnie, wojew\u00f3dztwo lwowskie. Absolwent Pa\u0144stwowej Szko\u0142y Technicznej we Lwowie, matur\u0119 zda\u0142 w 1934 r. i otrzyma\u0142 tytu\u0142 technika mechanika. Uko\u0144czy\u0142 te\u017c kurs wojskowy i szkolenie szybowcowe. W 1937 r. zosta\u0142 zatrudniony w Podlaskiej Wytw\u00f3rni Samolot\u00f3w w Bia\u0142ej Podlaskiej jako m\u0142odszy konstruktor. W czasie okupacji hitlerowskiej nale\u017ca\u0142 do AK. Po II wojnie \u015bwiatowej pracowa\u0142 w r\u00f3\u017cnych zak\u0142adach przemys\u0142owych, m.in. w Krakowie i na \u015al\u0105sku. W 1950 r. uko\u0144czy\u0142 studia I stopnia na Politechnice \u015al\u0105skiej i uzyska\u0142 tytu\u0142 in\u017cyniera mechanika. W 1951 r. podj\u0105\u0142 prac\u0119 w WSK Mielec. Jako jeden z nielicznych w\u00f3wczas fachowc\u00f3w lotniczych by\u0142 dla mieleckich konstruktor\u00f3w pedagogiem i wychowawc\u0105. Kolejnym miejscem zatrudnienia by\u0142a WSK w \u015awidniku, gdzie jako kierownik Dzia\u0142u Inwestycji przyczyni\u0142 si\u0119 do rozwoju tego zak\u0142adu. W 1953 r. zosta\u0142 przeniesiony do Fabryki Samochod\u00f3w Ci\u0119\u017carowych w Lublinie i tam zaprojektowa\u0142 odlewni\u0119, a nast\u0119pnie by\u0142 jej g\u0142\u00f3wnym mechanikiem. W 1959 r. powr\u00f3ci\u0142 do WSK \u015awidnik i pracowa\u0142 na stanowiskach: kierownika Dzia\u0142u Post\u0119pu Technicznego, kierownika O\u015brodka Szkolenia Zawodowego, dyrektora Zespo\u0142u Szk\u00f3\u0142 Technicznych oraz kierownika Zak\u0142adowego O\u015brodka Informacji Naukowo-Technicznej i Ekonomicznej. W 1969 r. uko\u0144czy\u0142 studia II stopnia (kierunek pedagogiczny) na UMCS w Lublinie i uzyska\u0142 tytu\u0142 magistra. Anga\u017cowa\u0142 si\u0119 spo\u0142ecznie, g\u0142\u00f3wnie w Stowarzyszeniu In\u017cynier\u00f3w i Technik\u00f3w Mechanik\u00f3w Polskich. Pe\u0142ni\u0142 m.in. funkcje przewodnicz\u0105cego Zarz\u0105du Ko\u0142a Zak\u0142adowego w WSK \u015awidnik, przewodnicz\u0105cego Zarz\u0105du Ko\u0142a Zak\u0142adowego w FSC Lublin i cz\u0142onka Zarz\u0105du Oddzia\u0142u Wojew\u00f3dzkiego w Lublinie. W sierpniu 1978 r. przeszed\u0142 na emerytur\u0119. Nie zaprzesta\u0142 dzia\u0142alno\u015bci w SIMP i w 1983 r. zosta\u0142 przewodnicz\u0105cym zarz\u0105du nowo utworzonego Ko\u0142a Senior\u00f3w przy Oddziale Wojew\u00f3dzkim w Lublinie. Gromadzi\u0142 materia\u0142y do wydawnictwa o WSK \u015awidnik i kroniki SIMP, opracowywa\u0142 biogramy zas\u0142u\u017conych os\u00f3b, zainicjowa\u0142 pisanie pami\u0119tnik\u00f3w in\u017cynier\u00f3w. Wyr\u00f3\u017cniony m.in. Krzy\u017cem Kawalerskim Orderu Odrodzenia Polski, Z\u0142ot\u0105 Honorow\u0105 Odznak\u0105 SIMP, Z\u0142ot\u0105 Honorow\u0105 Odznak\u0105 NOT oraz tytu\u0142em Zas\u0142u\u017conego Seniora SIMP. Zmar\u0142 w 1989 r. Spoczywa na cmentarzu na Majdanku w Lublinie.<\/p>\r\n<p><strong><img loading=\"lazy\" decoding=\"async\" class=\"alignleft  wp-image-6544\" src=\"https:\/\/encyklopedia.mielec.pl\/wp-content\/uploads\/2022\/11\/Hadro-Joanna-232x300.jpg\" alt=\"\" width=\"113\" height=\"146\" srcset=\"https:\/\/encyklopedia.mielec.pl\/wp-content\/uploads\/2022\/11\/Hadro-Joanna-232x300.jpg 232w, https:\/\/encyklopedia.mielec.pl\/wp-content\/uploads\/2022\/11\/Hadro-Joanna.jpg 551w\" sizes=\"auto, (max-width: 113px) 100vw, 113px\" \/>HADRO JOANNA URSZULA (z domu OLEKSIAK), <\/strong>urodzona 2 VI 1964 r. w Mielcu, c\u00f3rka J\u00f3zefa i Urszuli z domu Krawczak. Absolwentka II Liceum Og\u00f3lnokszta\u0142c\u0105cego im. Miko\u0142aja Kopernika w Mielcu z matur\u0105 w 1983 r. Od dzieci\u0144stwa trenowa\u0142a p\u0142ywanie w FKS Stal Mielec i specjalizowa\u0142a si\u0119 w stylu dowolnym. Osi\u0105gn\u0119\u0142a wiele sukces\u00f3w, zw\u0142aszcza w kategoriach m\u0142odzie\u017cowych. Zdoby\u0142a kilkana\u015bcie medali\u00a0 w mistrzostwach Polski. By\u0142a reprezentantk\u0105 Polski w kategorii junior\u00f3w i zwyci\u0119\u017ca\u0142a w zawodach mi\u0119dzynarodowych. W kategorii seniorek wielokrotnie plasowa\u0142a si\u0119 w czo\u0142\u00f3wce. Studiowa\u0142a na Wydziale Lekarskim Pomorskiej Akademii Medycznej w Szczecinie i w 1989 r. uzyska\u0142a tytu\u0142 lekarza medycyny. W czasie studi\u00f3w startowa\u0142a w barwach AZS PAM Szczecin i osi\u0105ga\u0142a bardzo dobre wyniki. W uznaniu tych sukces\u00f3w przyznano jej tytu\u0142 najlepszej sportsmenki Pomorskiej Akademii Medycznej w roku akademickim 1984\/1985. Po studiach odby\u0142a sta\u017c w Zespole Opieki Zdrowotnej w Mielcu. W 1990 r. zosta\u0142a zatrudniona na Oddziale Neurologii Szpitala Rejonowego (p\u00f3\u017aniej Specjalistycznego) im. Edmunda Biernackiego w Mielcu na stanowisku m\u0142odszego, a p\u00f3\u017aniej asystenta i starszego asystenta. W 1996 r. uzyska\u0142a specjalizacj\u0119 I stopnia z neurologii, a w 2001 r. &#8211; specjalizacj\u0119 II stopnia z neurologii. Ponadto przez pewien czas pracowa\u0142a w poradni neurologicznej. W latach 2013-2014 uczestniczy\u0142a w szkoleniu w zakresie interpretacji zapis\u00f3w elektroencefalografii w Instytucie Psychiatrii i Neurologii w Warszawie.\u00a0\u00a0<\/p>\r\n<p><b><img loading=\"lazy\" decoding=\"async\" class=\"alignleft  wp-image-6726\" src=\"https:\/\/encyklopedia.mielec.pl\/wp-content\/uploads\/2022\/11\/Hajduk-Katarzyna-Maria-200x300.jpg\" alt=\"\" width=\"119\" height=\"179\" srcset=\"https:\/\/encyklopedia.mielec.pl\/wp-content\/uploads\/2022\/11\/Hajduk-Katarzyna-Maria-200x300.jpg 200w, https:\/\/encyklopedia.mielec.pl\/wp-content\/uploads\/2022\/11\/Hajduk-Katarzyna-Maria-682x1024.jpg 682w, https:\/\/encyklopedia.mielec.pl\/wp-content\/uploads\/2022\/11\/Hajduk-Katarzyna-Maria-768x1152.jpg 768w, https:\/\/encyklopedia.mielec.pl\/wp-content\/uploads\/2022\/11\/Hajduk-Katarzyna-Maria.jpg 769w\" sizes=\"auto, (max-width: 119px) 100vw, 119px\" \/>HAJDUK KATARZYNA MARIA<\/b>, urodzona 2 IV 1990 r. w Mielcu, c\u00f3rka Krzysztofa i Jadwigi z domu Strasi\u0144ska. Absolwentka II Liceum Og\u00f3lnokszta\u0142c\u0105cego im. Miko\u0142aja Kopernika w Mielcu (profil: prawniczo-ekonomiczny) z matur\u0105 w 2009 r. oraz Pa\u0144stwowej Szko\u0142y Muzycznej I i II st. im. M. Kar\u0142owicza w Mielcu \u2013 I st., klasa alt\u00f3wki (2006 r.). Studiowa\u0142a na Wydziale Ekonomii (specjalno\u015b\u0107: gospodarka regionalna i lokalne) Uniwersytetu Rzeszowskiego w Rzeszowie i uzyska\u0142a w 2012 r. licencjat, a w 2014 r. tytu\u0142 magistra. Prac\u0119 zawodow\u0105 rozpocz\u0119\u0142a w 2014 r. w Urz\u0119dzie Gminy w Tuszowie Narodowym jako sta\u017cystka i pomoc administracyjna. Od 2015 r. do 2022 r. pracowa\u0142a w Urz\u0119dzie Miejskim w Mielcu na stanowiskach: sta\u017cysty i pomocy administracyjnej w Wydziale Organizacyjno-Administracyjnym, podinspektora ds. prawid\u0142owo\u015bci opodatkowania i podinspektora ds. ksi\u0119gowo\u015bci bud\u017cetowej w Wydziale Finansowym. W tym czasie uko\u0144czy\u0142a studia podyplomowe (kierunek: rachunkowo\u015b\u0107, finanse i system podatkowy) w WSPiA Rzeszowska Szko\u0142a Wy\u017csza w Rzeszowie (2018 r.). Kolejnym miejscem zatrudnienia by\u0142y Polskie Zak\u0142ady Lotnicze Sp. z o.o., gdzie by\u0142a m\u0142odszym analitykiem finansowym w Dziale Kontroli Wewn\u0119trznej i Zgodno\u015bci U.S.Government (1 VIII 2022 r. \u2013 30 IX 2024 r.). Od 1 X 2024 r. pracuje w Biurze Promocji i Informacji Starostwa Powiatowego w Mielcu, a od 1 V 2025 r. pe\u0142ni funkcj\u0119 kierownika tego Biura. R\u00f3wnocze\u015bnie uko\u0144czy\u0142a szereg kurs\u00f3w, m.in.: samodzielnego ksi\u0119gowego I st., j\u0119zyka angielskiego i specjalistyczne zwi\u0105zane z zajmowanymi stanowiskami. Poza etatow\u0105 prac\u0105 zawodow\u0105 anga\u017cowa\u0142a si\u0119 do r\u00f3\u017cnych przedsi\u0119wzi\u0119\u0107 muzycznych i wolontariatu. By\u0142a m.in.: cz\u0142onkiem orkiestry Zespo\u0142u Pie\u015bni i Ta\u0144ca Rzeszowiacy im. Janusza Mejzy w Mielcu (2007-2017), instruktorem zaj\u0119\u0107 muzycznych w Gminnym O\u015brodku Kultury w Borowej (2017-2023) i cz\u0142onkiem \u2013 skrzypkiem\u00a0 Kapeli Ludowej Padwianie w Padwi Narodowej (2017-2022). Od 2015 r. udziela si\u0119\u00a0 jako\u00a0 wolontariusz w mieleckim sztabie WO\u015aP, a od 2022 r. wsp\u00f3\u0142pracuje spo\u0142ecznie z grupami wolontariuszy organizuj\u0105cych zbi\u00f3rki charytatywne na leczenie chorych dzieci za pomoc\u0105 siepomaga.pl (zbi\u00f3rki na m.in. SMA i DMD). W 2018 r. zosta\u0142a przyj\u0119ta do Stowarzyszenia Ksi\u0119gowych w Polsce \u2013 Oddzia\u0142 w Rzeszowie.<\/p>\r\n\r\n\r\n\r\n<p><strong><img loading=\"lazy\" decoding=\"async\" class=\"alignleft size-full wp-image-1310\" src=\"https:\/\/encyklopedia.mielec.pl\/wp-content\/uploads\/2022\/11\/hajduk_pawel.jpg\" alt=\"\" width=\"110\" height=\"150\" \/>HAJDUK PAWE\u0141<\/strong>, urodzony 26 IV 1896 r. w Borkach Nizi\u0144skich, powiat mielecki, syn Andrzeja i Katarzyny z domu Kr\u0119pa. Uczy\u0142 si\u0119 w c.k. Gimnazjum w Mielcu, Korpusie Kadet\u00f3w Kawalerii w Modlingu ko\u0142o Wiednia i szkole realnej w Tarnowie. Nale\u017ca\u0142 do skautingu i Zwi\u0105zku Strzeleckiego. Od 19 IX 1914 r. rozpocz\u0105\u0142 s\u0142u\u017cb\u0119 w wojsku austriackim i bra\u0142 udzia\u0142 w pierwszych potyczkach z oddzia\u0142ami rosyjskimi. Pod koniec listopada tego roku zosta\u0142 wzi\u0119ty do niewoli przez Rosjan, ale nied\u0142ugo potem uciek\u0142 i 15 V 1915 r. powr\u00f3ci\u0142 do wojska austriackiego. W czerwcu 1915 r. zda\u0142 matur\u0119 w Wiedniu, po czym zosta\u0142 skierowany do 57 pu\u0142ku piechoty, a potem przeniesiony do 17 pu\u0142ku piechoty. Otrzyma\u0142 stopie\u0144 kaprala (1915), a nast\u0119pnie plutonowego (1916). Uko\u0144czy\u0142 szko\u0142\u0119 oficer\u00f3w rezerwy w Lubaczowie (III 1916 r.) i bra\u0142 udzia\u0142 w walkach na froncie wschodnim. Zosta\u0142 ranny (VII 1916 r.), a w okresie rekonwalescencji ucz\u0119szcza\u0142 na kurs uzupe\u0142niaj\u0105cy w Opawie. W styczniu 1917 r. otrzyma\u0142 awans na stopie\u0144 chor\u0105\u017cego, a po miesi\u0105cu, kiedy walczy\u0142 na froncie alba\u0144skim, na stopie\u0144 podporucznika. Z powodu choroby w pa\u017adzierniku 1918 r. zosta\u0142 urlopowany, ale po odzyskaniu niepodleg\u0142o\u015bci przez Polsk\u0119 zg\u0142osi\u0142 si\u0119 do polskiego wojska i walczy\u0142 w obronie Przemy\u015bla i Lwowa. W wojnie polsko-bolszewickiej walczy\u0142 w 7 pu\u0142ku piechoty jako dow\u00f3dca kompanii i dniach 20-21 IX 1920 r. ws\u0142awi\u0142 si\u0119 brawurowymi akcjami, za co otrzyma\u0142 Srebrny Krzy\u017c Orderu Virtuti Militari. W latach II Rzeczypospolitej s\u0142u\u017cy\u0142 w wojsku, najd\u0142u\u017cej w Korpusie Ochrony Pogranicza. Otrzyma\u0142 odznaczenia: Krzy\u017c Walecznych, Z\u0142oty Krzy\u017c Zas\u0142ugi, Medal Dziesi\u0119ciolecia Odzyskanej Niepodleg\u0142o\u015bci i Medal Pami\u0105tkowy za Wojn\u0119 1918-1921. W czasie kampanii wrze\u015bniowej 1939 r. walczy\u0142 w 72 pu\u0142ku piechoty. Po naje\u017adzie sowieckim na Polsk\u0119 (17 IX 1939 r.) dosta\u0142 si\u0119 do niewoli i uwi\u0119ziono go w obozie NKWD w Starobielsku. W kwietniu lub maju 1940 r. zosta\u0142 przewieziony do Charkowa (numer ewidencyjny akt \u2013 386\/3509) i rozstrzelany. Pochowany zosta\u0142 w Charkowie (ZSRR, aktualnie \u2013 Ukraina).<\/p>\r\n\r\n\r\n\r\n<p><strong><img loading=\"lazy\" decoding=\"async\" class=\"alignleft size-full wp-image-1311\" src=\"https:\/\/encyklopedia.mielec.pl\/wp-content\/uploads\/2022\/11\/hajec_jan.jpg\" alt=\"\" width=\"110\" height=\"150\" \/>HAJEC JAN<\/strong>, urodzony 1 XII 1891 r. w Ksi\u0105\u017cnicach k\/Mielca, syn Jana i Marianny. Absolwent gimnazjum w Krakowie. Po maturze w 1910 r. rozpocz\u0105\u0142 studia na Wydziale Prawa Uniwersytetu Jagiello\u0144skiego w Krakowie, ale ich nie uko\u0144czy\u0142. W tym okresie aktywnie dzia\u0142a\u0142 w Dru\u017cynach Strzeleckich. W 1911 r. zosta\u0142 zatrudniony w Mielcu na stanowisku urz\u0119dnika adwokackiego. Kontynuowa\u0142 tak\u017ce dzia\u0142alno\u015b\u0107 niepodleg\u0142o\u015bciow\u0105 w mieleckim Towarzystwie Gimnastycznym \u201eSok\u00f3\u0142\u201d i doskonali\u0142 umiej\u0119tno\u015bci bojowe w czasie \u0107wicze\u0144 sportowo-obronnych dru\u017cyn sokolich. W 1913 r. przeni\u00f3s\u0142 si\u0119 do Nowego Targu i tam utworzy\u0142 dru\u017cyn\u0119 strzeleck\u0105 w ramach Polskich Dru\u017cyn Strzeleckich. Uko\u0144czy\u0142 te\u017c kurs podoficerski i zosta\u0142 mianowany zast\u0119pc\u0105 komendanta okr\u0119gu PDS. Po wybuchu I wojny \u015bwiatowej (1 VIII 1914) i og\u0142oszeniu mobilizacji przez J\u00f3zefa Pi\u0142sudskiego przyprowadzi\u0142 dru\u017cyn\u0119 z Nowego Targu do Krakowa, gdzie zosta\u0142 w\u0142\u0105czony (wraz z dru\u017cyn\u0105) do 2 kompanii kadrowej. Po przekszta\u0142ceniu polskich oddzia\u0142\u00f3w w Legiony Polskie (walcz\u0105ce u boku Austro-W\u0119gier i Niemiec przeciwko Rosji) dru\u017cyna J. Hajca wesz\u0142a w sk\u0142ad 1 pu\u0142ku piechoty, a p\u00f3\u017aniej 5. p.p. I Brygady Legion\u00f3w i uczestniczy\u0142a w bitwach pod Nowym Korczynem i Opatowcem (19-23 IX 1914, J. Hajec zosta\u0142 ranny), Krzywop\u0142otami (16-19 XI), \u0141owcz\u00f3wkiem (22-25 XII), nad rzek\u0105 Nid\u0105 (3 III-11 V 1915), pod W\u0142ostowem, Kozinkiem i Swojkowem (11-23 V), Konarami (23 V-23 VI), Korsami i Str\u00f3\u017cami (23-27 VI), Tar\u0142owem (1-21 VII), Janowem i Zemborzynem (2 VII), Wy\u017cniank\u0105 (7-11 VII), Urz\u0119dowem (16-19 VII), Bobinem (24-30 VII), Jastkowem (30 VII-2 VIII), Majdanem Krasieni\u0144skim (3 VIII), Kamionk\u0105 i Siedliskami (4-8 VIII), Ciepielami i Maniewiczami (24 VIII), Zarzeczem i nad rzek\u0105 Stoch\u00f3d (16-19 IX), pod Kopcz\u0105 i Czebeniem (20-28 IX), Stowyhoro\u017cem (1-6 X), pod Koszyszczami (10 X \u2013 27 XI), ponownie Stowyhoro\u017cem (27 XI-10 XII), Jeziercami (11 II \u2013 20 IV 1916) i Kostiuchn\u00f3wk\u0105, gdzie 5 VII 1916 r. poleg\u0142 bohatersk\u0105 \u015bmierci\u0105 w czasie os\u0142aniania ewakuuj\u0105cej si\u0119 z okr\u0105\u017cenia komendy 5 p.p. z dow\u00f3dc\u0105 p\u0142k. Leonem Berbeckim na czele. Pochowany zosta\u0142 na cmentarzu wojskowym na Wo\u0142yniu. Za wielk\u0105 odwag\u0119, zdolno\u015bci przyw\u00f3dcze i g\u0142\u0119boko patriotyczn\u0105 postaw\u0119 Jan Hajec by\u0142 wielokrotnie wyr\u00f3\u017cniany. 31 X 1914 r. zosta\u0142 mianowany dow\u00f3dc\u0105 plutonu, 5 I 1915 r. otrzyma\u0142 stopie\u0144 podporucznika, a 16 XII \u2013 porucznika. Po\u015bmiertnie odznaczono go Krzy\u017cem Virtuti Militari V klasy (nr 6472), Orderem Odrodzenia Polski, Krzy\u017cem Niepodleg\u0142o\u015bci i Z\u0142otym Krzy\u017cem Zas\u0142ugi. W 2018 r. w Ksi\u0105\u017cnicach upami\u0119tniono go zasadzeniem D\u0119bu Niepodleg\u0142o\u015bci, Kamieniem Pami\u0119ci i muralem na \u015bcianie budynku Zespo\u0142u Szkolno-Przedszkolnego.<\/p>\r\n\r\n\r\n\r\n<p><strong>HADASIK STANIS\u0141AW (ksi\u0105dz)<\/strong>, urodzony w 1784 r. \u015awi\u0119cenia kap\u0142a\u0144skie przyj\u0105\u0142 w 1810 r. Pracowa\u0142 jako wikary w Pil\u017anie i Przec\u0142awiu, a w 1820 r. zosta\u0142 administratorem i wkr\u00f3tce potem proboszczem w Ja\u015blanach. W 1823 r. otrzyma\u0142 przeniesienie na probostwo w Rzochowie. Od 1834 r. pe\u0142ni\u0142 funkcj\u0119 wicedziekana dekanatu mieleckiego. Dwa lata p\u00f3\u017aniej zrezygnowa\u0142 z tych funkcji i obj\u0105\u0142 parafi\u0119 w Dobczycach. Zmar\u0142 30 VI 1847 r. Pochowany prawdopodobnie na cmentarzu w Dobczycach.<\/p>\r\n<p><strong>HAJDUK JULIAN WOJCIECH,<\/strong> urodzony 8 II 1925 r. w Tarnowie, syn Jana i Zofii z domu Bieniek.\u00a0 Uko\u0144czy\u0142 szko\u0142\u0119 \u015bredni\u0105 oraz studia z tytu\u0142em in\u017cyniera. Prac\u0119 zawodow\u0105 rozpocz\u0105\u0142 w Zak\u0142adach Chemicznych w K\u0119dzierzynie. Uczestniczy\u0142 w odbudowie fabryki po zniszczeniach wojennych, a nast\u0119pnie w rozwijaniu jej produkcji. Na pocz\u0105tku lat 50. przeni\u00f3s\u0142 si\u0119 (lub zosta\u0142 skierowany) do buduj\u0105cych si\u0119 niemal od podstaw zniszczonych i okradzionych z wyposa\u017cenia w czasie okupacji hitlerowskiej Zak\u0142ad\u00f3w Chemicznych w Tarnowie \u2013 Mo\u015bcicach. W 1956 r. zosta\u0142 zatrudniony w WSK Mielec jako starszy mistrz. Kolejnymi stanowiskami by\u0142y: zast\u0119pca kierownika wydzia\u0142u i kierownik wydzia\u0142u. Wni\u00f3s\u0142 znacz\u0105cy wk\u0142ad w organizowanie i przygotowanie produkcji w wydzia\u0142ach: 32, 33, 34, 35. Wykazane umiej\u0119tno\u015bci zadecydowa\u0142y o powierzeniu mu kierownictwa TT-2 (dzia\u0142u wykorzystania zdolno\u015bci produkcyjnej), gdzie prowadzi\u0142 organizacj\u0119 kalkulacji na wyroby zak\u0142adu. Uczestniczy\u0142 te\u017c m.in. w opracowaniu dokumentacji technologicznej na wykonawstwo samolotu M-15. Zmar\u0142 3 III 2012 r. Pochowany na cmentarzu komunalnym w Mielcu przy ul. Kr\u00f3lowej Jadwigi.<\/p>\r\n\r\n\r\n\r\n<p><strong>HALA SPORTOWO \u2013 WIDOWISKOWA\u00a0<\/strong><strong>(\u201eHANGAR ARENA\u201d)<\/strong>, najwi\u0119kszy w Mielcu i jeden z najwi\u0119kszych w Polsce po\u0142udniowo-wschodniej kryty obiekt do cel\u00f3w sportowych, rekreacyjnych, kulturalnych i rozrywkowych. Inicjatorem jej budowy by\u0142 Mieczys\u0142aw Gronek \u2013 dyrektor WSK Mielec. Pod koniec lat 50. podj\u0119to decyzj\u0119 o jej lokalizacji na terenie obok g\u0142\u00f3wnego boiska pi\u0142karskiego (przy ul. J. Kusoci\u0144skiego) oraz przekazano na ten cel stalow\u0105 konstrukcj\u0119 pozyskan\u0105 z by\u0142ych hangar\u00f3w lotniczych pod K\u0119trzynem. 6 XI 1960 r. dokonano wmurowania aktu erekcyjnego pod budow\u0119 hali, a 9 XI 1963 r. oddano do u\u017cytku jej g\u0142\u00f3wn\u0105 cz\u0119\u015b\u0107 \u2013 boisko do gier zespo\u0142owych o wymiarach 47 m x 23 m (powierzchnia 1081 m2) i dwie trybuny o \u0142\u0105cznej ilo\u015bci 2356 miejsc (po zamontowaniu krzese\u0142ek \u2013 2200 miejsc). 17 IV 1967 r. przekazano do eksploatacji drug\u0105 cz\u0119\u015b\u0107 hali \u2013 basen kryty o wymiarach 25 m x 12,5 m i dwie boczne sale treningowe, jedna o powierzchni 373 m2, a druga \u2013 356 m2. \u0141\u0105czna powierzchnia hali to ok. 4,5 tys. m2, wysoko\u015b\u0107 \u2013 10,65 m, d\u0142ugo\u015b\u0107 \u2013 90 m i szeroko\u015b\u0107 \u2013 50 m. G\u0142\u00f3wnym projektantem hali by\u0142 Zbigniew Tomaszewski. G\u0142\u00f3wnym wykonawc\u0105 rob\u00f3t budowlanych by\u0142o Rzeszowskie Przedsi\u0119biorstwo Budownictwa Przemys\u0142owego, a g\u0142\u00f3wnym wykonawc\u0105 rob\u00f3t monta\u017cowych \u2013 Przedsi\u0119biorstwo \u201eEnergomonta\u017c\u201d z Katowic. G\u0142\u00f3wnym inwestorem by\u0142a mielecka WSK, a ponadto \u015brodki finansowe na budow\u0119 hali przekazali: G\u0142\u00f3wny Komitet Kultury Fizycznej i Turystyki, Powiatowa Rada Narodowa w Mielcu, Miejska Rada Narodowa w Mielcu i Spo\u0142eczny Fundusz Odbudowy Stolicy. Wysoki standard obiektu upowa\u017cnia\u0142 go do organizacji nie tylko mecz\u00f3w krajowych i mi\u0119dzynarodowych, ale nawet mi\u0119dzypa\u0144stwowych. W latach 1963-2000 w mieleckiej hali rozegrano m.in. kilkana\u015bcie spotka\u0144 reprezentacji Polski w siatk\u00f3wce kobiet i m\u0119\u017cczyzn oraz pi\u0142ce r\u0119cznej m\u0119\u017cczyzn, Jubileuszowe 40. Mistrzostwa Polski w Boksie oraz dwukrotnie Puchar Interwizji w Gimnastyce Artystycznej. Hala zosta\u0142a wyposa\u017cona w du\u017c\u0105 sk\u0142adan\u0105 scen\u0119 i oko\u0142o 1,5 tysi\u0105ca krzese\u0142 (rozk\u0142adanych na parkiecie), co umo\u017cliwia\u0142o organizacj\u0119 koncert\u00f3w dla oko\u0142o 4,5 tysi\u0105ca widz\u00f3w. Przed mieleck\u0105 publiczno\u015bci\u0105 wyst\u0119powa\u0142y m.in.: PZPiT \u201eMazowsze\u201d, PZPiT \u015al\u0105sk\u201d i Centralny Zesp\u00f3\u0142 Artystyczny Wojska Polskiego oraz czo\u0142owe zespo\u0142y polskiej muzyki rozrywkowej. Hala by\u0142a r\u00f3wnie\u017c miejscem wa\u017cnych konferencji politycznych i zwi\u0105zkowych, akademii i uroczysto\u015bci og\u00f3lnopolskich oraz kilku edycji Mieleckich Targ\u00f3w Wielobran\u017cowych. Administratorem hali w latach 1963-1997 by\u0142a specjalna kom\u00f3rka organizacyjna WSK Mielec, kt\u00f3r\u0105 kierowali: Edward Wasylczyk, J\u00f3zef Kr\u00f3l, ponownie E. Wasylczyk, Henryk Dro\u017cd\u017cowski i Edward \u015awi\u0105tek. Od 1996 r., na podstawie porozumienia WSK i Zarz\u0105du Miasta Mielca o przekazaniu obiektu na rzecz miasta, hal\u0105 zarz\u0105dza Miejski O\u015brodek Sportu i Rekreacji, kt\u00f3rego dyrektorem by\u0142 Janusz Godek, nast\u0119pnie Zygmunt Ko\u0142odziej, a od 2016 &#8211; Andrzej J\u0119drychowski. W latach 2005-2012 wykonano szereg prac remontowo-modernizacyjnych wewn\u0105trz obiektu, m.in. wymieniono parkiet i siedzenia na trybunach. Stan techniczny hali wci\u0105\u017c si\u0119 pogarsza\u0142 i na podstawie ekspertyzy z dniem 31 XII 2015 r. decyzj\u0105 Prezydenta Miasta Mielca zosta\u0142a zamkni\u0119ta. Prace rozbi\u00f3rkowe trwa\u0142y od grudnia 2016 r do ko\u0144ca lutego 2017 r. \u00a0W miejscu starej hali w\u0142adze Gminy Miejskiej Mielec postanowi\u0142y zbudowa\u0107 nowy obiekt.<\/p>\r\n\r\n\r\n\r\n<p><strong>HALA SPORTOWO-WIDOWISKOWA<\/strong> (nowa), obiekt usytuowany na miejscu rozburzonej starej hali przy ul. L. Solskiego. 18 X 2018 r. Gmina Miejska Mielec podpisa\u0142a\u00a0 umow\u0119 na budow\u0119 nowej hali z wykonawc\u0105 konsorcjum firm: Mosty \u0141\u00f3d\u017a SA &#8211; lider, Balzola Polska Sp. z o.o. w Warszawie &#8211; partner, Construccionesy Promociones Balzola SA Bilbao (Hiszpania) &#8211; partner. Warto\u015b\u0107 prac do zrealizowania wg umowy &#8211; 136 723 503,60 z\u0142.\u00a0 W pierwszej po\u0142owie 2019 r. rozpocz\u0119to budow\u0119. Hala sk\u0142ada si\u0119 z hali (areny) widowiskowo-sportowej, sali treningowej z zapleczem oraz basenu. Cz\u0119\u015b\u0107 basenowa sk\u0142ada si\u0119 z basenu p\u0142ywackiego (25 m x 21 m), basenu do nauki p\u0142ywania (21 m x 7,5 m), basenu rekreacyjnego z brodzikiem dla dzieci i 2 wanien z hydromasa\u017cem (\u015brednica &#8211; 2,5 m). Inne wybrane parametry techniczne: wysoko\u015b\u0107 &#8211; 18,10 m, ilo\u015b\u0107 kondygnacji &#8211; 3 (1 podziemna), kubatura brutto &#8211; ok. 145 185 m3; miejsc dla widz\u00f3w w hali g\u0142\u00f3wnej &#8211; 3 056, a w p\u0142ywalni &#8211; 404, w hali treningowej &#8211; 48. Uroczyste otwarcie hali odby\u0142o si\u0119 2 VIII 2023 r. Pierwszymi (i niezwykle atrakcyjnymi) imprezami, ju\u017c w dniach 4 i 5 VIII, by\u0142y towarzyskie mi\u0119dzypa\u0144stwowe mecze pi\u0142ki siatkowej kobiet Polska &#8211; Turcja, czyli trzeciej i pierwszej dru\u017cyny Ligi Narod\u00f3w &#8211; 2023. Pierwszy mecz wygra\u0142a Turcja 3:2, a drugi Polska 3:1. Na podstawie uchwa\u0142y Rady Miejskiej w Mielcu &#8211; hala otrzyma\u0142a imi\u0119 Kazimierza Kazimierskiego &#8211; wybitnego dzia\u0142acza i symbolu sukces\u00f3w Stali Mielec w latach 60., 70. i 80. XX w. Uroczysto\u015b\u0107 ods\u0142oni\u0119cia pami\u0105tkowego muralu o Patronie odby\u0142a si\u0119 w czasie Gali Mieleckiego Sportu w dniu 5 I 2024 r.<\/p>\r\n\r\n\r\n\r\n<p><strong>HALA TARGOWA<\/strong>, jeden z najwi\u0119kszych obiekt\u00f3w handlowych w Mielcu, zbudowany w latach 1991-1992 na terenie przy ul. Wolno\u015bci. Inwestorem zast\u0119pczym (w zast\u0119pstwie inwestor\u00f3w prywatnych wykupuj\u0105cych poszczeg\u00f3lne stoiska) by\u0142 Zarz\u0105d Miasta Mielca. Projekt wykona\u0142 zesp\u00f3\u0142 pod kierownictwem Apolinarego Rzadkowskiego. Wykonawc\u0105 by\u0142a firma budowlana Juliusza Podolskiego z Mielca. W hali o powierzchni ok. 4000 m2 urz\u0105dzono pocz\u0105tkowo 53 lokale. Otwarcie hali odby\u0142o si\u0119 1 IV 1992 r. Przed hal\u0105 od ul. Wolno\u015bci urz\u0105dzono bazar letni o powierzchni 2 150 m2, od strony p\u00f3\u0142nocnej \u2013 p\u0142yt\u0119 boczn\u0105 z parkingiem o powierzchni 1 800 m2 i od strony wschodniej \u2013 p\u0142yt\u0119 tyln\u0105 o powierzchni 1 400 m2. Administratorem hali by\u0142 pocz\u0105tkowo Miejski Zarz\u0105d Budynk\u00f3w Mieszkalnych, a od 19 IV 1996 r. &#8211; \u201eHala Targowa\u201d Sp\u00f3\u0142ka z o.o. Pierwszym prezesem Zarz\u0105du Sp\u00f3\u0142ki zosta\u0142 Jan Bana\u015b. Udzia\u0142owcami Sp\u00f3\u0142ki w momencie jej za\u0142o\u017cenia by\u0142o 48 podmiot\u00f3w gospodarczych. W 2005 r. przeprowadzono remont hali, m.in. wykonano now\u0105 elewacj\u0119, a w nast\u0119pnych latach wyremontowano otoczenie hali. Kolejn\u0105 przebudow\u0119 i modernizacj\u0119 jej otoczenia (m.in. bazaru) wykonano w latach 2020-2021.<\/p>\r\n\r\n\r\n\r\n<p>Prezesi zarz\u0105du: Jan Bana\u015b (1996-2002), Stanis\u0142aw Sztuka (2002-2020), Teresa Szewczyk (2021-nadal)<\/p>\r\n\r\n\r\n\r\n<p><strong><img loading=\"lazy\" decoding=\"async\" class=\"alignleft size-full wp-image-1314\" src=\"https:\/\/encyklopedia.mielec.pl\/wp-content\/uploads\/2022\/11\/halik-janusz.jpg\" alt=\"\" width=\"104\" height=\"150\" \/>HALIK JANUSZ MICHA\u0141(ksi\u0105dz),\u00a0<\/strong>urodzony 1 IV 1951 r. w Kie\u0142kowie, powiat mielecki, syn J\u00f3zefa i Stanis\u0142awy z domu \u0141opata. Absolwent I Liceum Og\u00f3lnokszta\u0142c\u0105cego w Mielcu, matur\u0119 zda\u0142 w 1969 r. Po uko\u0144czeniu studi\u00f3w teologicznych na Wy\u017cszym Seminarium Duchownym w Tarnowie przyj\u0105\u0142 \u015bwi\u0119cenia kap\u0142a\u0144skie. Ponadto studiowa\u0142 na Katolickim Uniwersytecie Lubelskim i uzyska\u0142 tytu\u0142 magistra teologii dogmatycznej. Od 1975 r. do 1994 r. pracowa\u0142 jako wikariusz w parafiach rzymskokatolickich w \u0141\u0105czkach Kucharskich, Tarnowie \u2013 Mo\u015bcicach, Nowym S\u0105czu (pw. Matki Bo\u017cej Niepokalanej) i \u0141ososinie G\u00f3rnej. W 1994 r. zosta\u0142 mianowany proboszczem parafii \u015bw. Andrzeja Boboli w Szarwarku k\/D\u0105browy Tarnowskiej, a w 2012 r. zosta\u0142 przeniesiony na probostwo w parafii \u015bw. Stanis\u0142aw Kostki w Tarnowie. Funkcj\u0119 t\u0119 pe\u0142ni\u0142 do 2014 r., ale ze wzgl\u0119du na stan zdrowia musia\u0142 zrezygnowa\u0107. W czasie pracy w szko\u0142ach otrzyma\u0142 stopie\u0144 nauczyciela dyplomowanego.By\u0142 tak\u017ce kapelanem DPS przy ul. Czarna Droga w Tarnowie oraz dekanalnym asystentem Akcji Katolickiej. Od 16 VIII 2014 r. by\u0142 emerytem \u2013 rezydentem w parafii \u015bw. Mateusza w Mielcu, a nast\u0119pnie powr\u00f3ci\u0142 do rodzinnego Kie\u0142kowa i jest rezydentem w tamtejszej parafii.<\/p>\r\n\r\n\r\n\r\n<p><strong><img loading=\"lazy\" decoding=\"async\" class=\"alignleft size-full wp-image-1315\" src=\"https:\/\/encyklopedia.mielec.pl\/wp-content\/uploads\/2022\/11\/halisz_janusz-c.jpg\" alt=\"\" width=\"110\" height=\"150\" \/>HALISZ JANUSZ<\/strong>, urodzony 6 III 1968 r. w Mielcu, syn W\u0142adys\u0142awa i Marii z domu Dydo. Absolwent II Liceum Og\u00f3lnokszta\u0142c\u0105cego im. M. Kopernika w Mielcu, matur\u0119 zda\u0142 w 1987 r. Od 1 X 1987 r., z przerw\u0105 na s\u0142u\u017cb\u0119 wojskow\u0105, pracuje w Muzeum Regionalnym w Mielcu \u2013 Oddzia\u0142 Fotograficzny (\u201eJadern\u00f3wka\u201d). S\u0142u\u017cb\u0119 wojskow\u0105 odby\u0142 w latach 1988-1990 w Marynarce Wojennej, pocz\u0105tkowo w CSS MW, a nast\u0119pnie na ORP \u201eGryf\u201d. Od wielu lat w r\u00f3\u017cnych formach popularyzuje wiedz\u0119 o Mielcu i jego regionie. Jest autorem lub wsp\u00f3\u0142autorem oko\u0142o 120 wystaw muzealnych, g\u0142\u00f3wnie fotograficznych, a tak\u017ce autorem opracowa\u0144, m.in.\u00a0<em>Dwa pokolenia Jadernych<\/em>\u00a0i\u00a0<em>Franciszek Kazana 1887-1957<\/em>\u00a0oraz wsp\u00f3\u0142autorem opracowa\u0144:<em>\u00a0Mielec \u2013 \u015bladami starej fotografii, Polonia Restituta<\/em>\u00a0i\u00a0<em>Poczet Kr\u00f3l\u00f3w Polskich<\/em>, kt\u00f3re zosta\u0142y wydane jako suplement do wystaw o takich samych tytu\u0142ach. Jest tak\u017ce autorem albumu\u00a0<em>Mielec w starej fotografii,<\/em>\u00a0zawieraj\u0105cego fotografie Augusta i Wiktora Jadernych, wydanego w 1998 r. W latach 1997-1998 prowadzi\u0142 autorskie programy historyczne w mieleckiej telewizji kablowej. Opublikowa\u0142 szereg artyku\u0142\u00f3w na temat historii Mielca i regionu w miejscowej prasie: \u201eKorso\u201d, \u201eWizjerze Regionalnym\u201d, \u201eMegatiku\u201d i \u201eGazecie Mieleckiej\u201d. Od 1999 r. studiowa\u0142 na Wydziale Historycznym Uniwersytetu Jagiello\u0144skiego w Krakowie. Jest cz\u0142onkiem Towarzystwa Mi\u0142o\u015bnik\u00f3w Ziemi Mieleckiej. W 2003 r. zosta\u0142 kierownikiem Dzia\u0142u Fotografii Muzeum Regionalnego w Mielcu, mieszcz\u0105cym si\u0119 w \u201eJadern\u00f3wce\u201d (dwa po\u0142\u0105czone budynki pozyskane od rodzin Jadernych i Skrzyniarz\u00f3w). Uko\u0144czy\u0142 studia na Wydziale Historycznym Uniwersytetu Jagiello\u0144skiego w Krakowie i uzyska\u0142 tytu\u0142 magistra historii (2004) oraz Podyplomowe Studium Muzeologiczne UJ w Krakowie z tytu\u0142em kustosza (2007). W 2006 r. wsp\u00f3lnie z Piotrem Miodunk\u0105 opracowa\u0142 ksi\u0105\u017ck\u0119<em>\u00a0Gmina Mielec. Pami\u0105tki przesz\u0142o\u015bci w krajobrazie wsi<\/em>\u00a0(Mielec 2006). Uczestniczy\u0142 w pracach nad nowym programem \u201eJadern\u00f3wki\u201d po remoncie kapitalnym i modernizacji w latach 2010-2011. W 2011 r. wydano ksi\u0105\u017ck\u0119 jego autorstwa<em>\u00a0Z historii mieleckiej fotografii 1869-1989<\/em>, a w 2018 r.\u00a0<em>August Jaderny. Fotografista.\u00a0<\/em> Po restrukturyzacji Samorz\u0105dowego Centrum Kultury w Mielcu, od I 2019 r. pracuje na stanowisku kierownika Muzeum Historii Fotografii &#8222;Jadern\u00f3wka&#8221;. Jest wsp\u00f3\u0142autorem ksi\u0105\u017cek: <em>Pozdrowienia z Mielca<\/em>, z Jerzym Skrzypczakiem (Mielec 2018) i\u00a0<em>Mielec 1939-1945. Tajemnice militarne i historie wojenne<\/em>, z Andrzejem Kremp\u0105 (Mielec 2019). Wsp\u00f3\u0142pracuje z innymi muzeami na terenie woj. podkarpackiego, m.in. jest autorem wystaw w Muzeum Zamku w Baranowie Sandomierskim, Muzeum Regionalnym w D\u0119bicy i Muzeum Okr\u0119gowym w Kro\u015bnie oraz aran\u017cacji wn\u0119trza domu fotografa w Miasteczku Galicyjskim w Muzeum Budownictwa Ludowego w Sanoku. Wyr\u00f3\u017cniony m.in. Odznak\u0105 &#8222;Zas\u0142u\u017cony dla Kultury Polskiej&#8221;.<\/p>\r\n\r\n\r\n\r\n<p><strong>HALOTA JANUSZ<\/strong>, urodzony 22 V 1962 r. w Mielcu, syn J\u00f3zefa i Marii z domu \u0141abaj. Absolwent Zasadniczej Szko\u0142y Przyzak\u0142adowej ZST w Mielcu. Od 1977 r. pracowa\u0142 w WSK Mielec, od 1995 r. w Zak\u0142adzie Lotniczym \u201ePZL-Mielec\u201d Sp. z o.o., a od 1999 r. w Polskich Zak\u0142adach Lotniczych Sp. z o.o. Jest d\u0142ugoletnim Honorowym Dawc\u0105 Krwi, cz\u0142onkiem Klubu HDK im. J. Aleksandrowicza przy WSK \u201ePZL-Mielec\u201d. Pierwszy raz odda\u0142 krew 10 IV 1981 r. Do ko\u0144ca 2000 r. odda\u0142 26 950 ml krwi. Wyr\u00f3\u017cniony Odznakami HDK I, II i III stopnia.<\/p>\r\n<p><strong>HALOTA J\u00d3ZEF,<\/strong> urodzony 19 III 1931 r. w Tr\u0105bkach, syn Stanis\u0142awa i Marcjanny. Pracowa\u0142 w WSK Mielec jako \u015blusarz brygadzista w Wydziale 30. Kierowana przeze\u0144 brygada by\u0142a uznawana za jedn\u0105 w najlepszych w przedsi\u0119biorstwie. Poza prac\u0105 zawodow\u0105 udziela\u0142 si\u0119 spo\u0142ecznie jako dzia\u0142acz zwi\u0105zkowy. Pe\u0142ni\u0142 r\u00f3\u017cne funkcje, m.in. jako cz\u0142onek prezydium Rady Zak\u0142adowej Zak\u0142adu Produkcji Lotniczej, cz\u0142onek Zwi\u0105zkowej Rady Przedsi\u0119biorstwa i delegat do Samorz\u0105du Robotniczego w Zjednoczeniu Przemys\u0142u Lotniczego i Silnikowego. By\u0142 te\u017c cz\u0142onkiem Klubu Oficer\u00f3w Rezerwy i prowadzi\u0142 zaj\u0119cia w LOK z kandydatami do Podoficerskich Szk\u00f3\u0142 S\u0142u\u017cby Zawodowej. W latach 70. by\u0142 wybierany na radnego Powiatowej Rady Narodowej w Mielcu, a nast\u0119pnie do Wojew\u00f3dzkiej Rady Narodowej w Rzeszowie, gdzie pracowa\u0142 w Komisji Gospodarki Komunalnej, Komunikacji i \u0141\u0105czno\u015bci. Wyr\u00f3\u017cniony: Srebrnym Krzy\u017cem Zas\u0142ugi, Br\u0105zowym Krzy\u017cem Zas\u0142ugi, Medalem 30-lecia PRL, Br\u0105zowym Medalem \u201eZa Zas\u0142ugi dla Obronno\u015bci Kraju\u201d, Odznak\u0105 \u201eZas\u0142u\u017cony dla wojew\u00f3dztwa rzeszowskiego\u201d, Z\u0142ot\u0105 Odznak\u0105 ZZM, Odznak\u0105 \u201eZas\u0142u\u017cony Pracownik WSK PZL Mielec\u201d, Odznak\u0105 \u201eZas\u0142u\u017cony Przodownik Pracy Socjalistycznej\u201d i Odznak\u0105 \u201eZas\u0142u\u017cony Dzia\u0142acz LOK\u201d. Zmar\u0142 22 XI 2020 r. i zosta\u0142 pochowany na cmentarzu komunalnym w Mielcu przy ul. Kr\u00f3lowej Jadwigi.<\/p>\r\n\r\n\r\n\r\n<p><strong><img loading=\"lazy\" decoding=\"async\" class=\"alignleft  wp-image-3364\" src=\"https:\/\/encyklopedia.mielec.pl\/wp-content\/uploads\/2022\/11\/Haladej_Izydor-210x300.jpg\" alt=\"\" width=\"111\" height=\"159\" srcset=\"https:\/\/encyklopedia.mielec.pl\/wp-content\/uploads\/2022\/11\/Haladej_Izydor-210x300.jpg 210w, https:\/\/encyklopedia.mielec.pl\/wp-content\/uploads\/2022\/11\/Haladej_Izydor.jpg 704w\" sizes=\"auto, (max-width: 111px) 100vw, 111px\" \/>HA\u0141ADEJ IZYDOR<\/strong>, urodzony 10 V 1895 r. w Pe\u0142kiniach, pow. jaros\u0142awski, syn Jana i Zofii z Krzyszkowskich. Absolwent c.k. Gimnazjum w Mielcu, matur\u0119 zda\u0142 w 1913 r. Studia na Akademii Handlowej w Antwerpii przerwa\u0142 w pa\u017adzierniku 1914 r., aby zg\u0142osi\u0107 si\u0119 do powstaj\u0105cych Legion\u00f3w Polskich J. Pi\u0142sudskiego. Pocz\u0105tkowo wcielono go do batalionu uzupe\u0142niaj\u0105cego 4 pu\u0142ku piechoty, a po uko\u0144czeniu kursu oficer\u00f3w w Wiedniu zosta\u0142 przydzielony do Komendy Grupy Legion\u00f3w w stopniu aspiranta, a nast\u0119pnie podchor\u0105\u017cego. 28 VIII 1915 r. powr\u00f3ci\u0142 do 4 p.p. na funkcj\u0119 oficera prowiantowego i pe\u0142ni\u0142 j\u0105 do ko\u0144ca 1915 r. W 1916 r. zosta\u0142 awansowany do stopnia podporucznika, ale 11 I 1917 r. z powodu z\u0142ego stanu zdrowia zosta\u0142 zwolniony ze s\u0142u\u017cby. 29 VIII 1919 r. zg\u0142osi\u0142 si\u0119 do Wojska Polskiego i pracowa\u0142 w Sekcji Opieki w Departamencie Sanitarnym, m.in. jako kierownik Biura Loterii na Inwalid\u00f3w Wojennych. 29 V 1922 r. zweryfikowano go w stopniu kapitana ze starsze\u0144stwem od 1 VI 1919 r. Po uko\u0144czeniu kursu w Wy\u017cszej Szkole Intendentury w 1925 r. zosta\u0142 awansowany do stopnia majora. Od marca 1929 r. pracowa\u0142 na stanowisku kierownika referatu w Departamencie Intendentury Ministerstwa Spraw Wojskowych, a w lipcu tego roku zosta\u0142 mianowany szefem Wydzia\u0142u Budownictwa Wojskowego w tym\u017ce departamencie. W 1931 r. zako\u0144czy\u0142 s\u0142u\u017cb\u0119 wojskow\u0105 i za\u0142o\u017cy\u0142 firm\u0119 handlow\u0105, specjalizuj\u0105c\u0105 si\u0119 w eksporcie \u017cywno\u015bci. Ponadto pozostawa\u0142 cz\u0142onkiem Komisji Zakupu Koni dla Wojska. W sierpniu 1939 r. zosta\u0142 zmobilizowany i skierowany do s\u0142u\u017cby pomocniczej. Wobec szybko zbli\u017caj\u0105cych wojsk niemieckich i wej\u015bcia wojsk radzieckich na polskie ziemie wschodnie \u2013 17 IX ewakuowa\u0142 si\u0119 wraz rodzin\u0105 do Rumunii, a nast\u0119pnie \u2013 poprzez Turcj\u0119 i Palestyn\u0119 \u2013 dotar\u0142 do II Korpusu Wojska Polskiego. Otrzyma\u0142 przydzia\u0142 do Centrum Wyszkolenia Broni i S\u0142u\u017cb i zajmowa\u0142 si\u0119 \u017co\u0142niersk\u0105 kas\u0105 oszcz\u0119dno\u015bciow\u0105. Otrzyma\u0142 awans do stopnia podpu\u0142kownika. Przeszed\u0142 szlak bojowy II Korpusu, kt\u00f3rego koniec wojny zasta\u0142 we W\u0142oszech. Po wojnie zamieszka\u0142 z rodzin\u0105 w Anglii i prowadzi\u0142 niewielki hotel. Wyr\u00f3\u017cniony m.in. Krzy\u017cem Niepodleg\u0142o\u015bci, Z\u0142otym Krzy\u017cem Zas\u0142ugi z Mieczami, Medalem Pami\u0105tkowym za Wojn\u0119 1918-1921 i Medalem Dziesi\u0119ciolecia Odzyskanej Niepodleg\u0142o\u015bci, a tak\u017ce odznaczeniami brytyjskimi i w\u0142oskimi. Zmar\u0142 26 III 1982 r. Spoczywa na jednym z londy\u0144skich cmentarzy.<\/p>\r\n\r\n\r\n\r\n<p><strong><img loading=\"lazy\" decoding=\"async\" class=\"alignleft size-full wp-image-1312\" src=\"https:\/\/encyklopedia.mielec.pl\/wp-content\/uploads\/2022\/11\/haladej_jan.jpg\" alt=\"\" width=\"110\" height=\"150\" \/>HA\u0141ADEJ JAN<\/strong>, urodzony 20 IV 1864 r. w Rudniku nad Sanem, syn Miko\u0142aja i Katarzyny. W latach 1885-1892 studiowa\u0142 na Wydziale In\u017cynierii c.k. Szko\u0142y Politechnicznej i otrzyma\u0142 tytu\u0142 in\u017cyniera melioranta. Jako in\u017cynier Krajowego Biura Melioracyjnego we Lwowie (i bliski wsp\u00f3\u0142pracownik dr. in\u017c. Andrzeja K\u0119dziora) kierowa\u0142 cz\u0119\u015bci\u0105 prac melioracyjnych na terenie powiatu mieleckiego na prze\u0142omie XIX i XX w. By\u0142 kierownikiem odcink\u00f3w budowy row\u00f3w: rzochowsko-zar\u00f3wnia\u0144skiego, chorzelowsko-ja\u015bla\u0144skiego i wojs\u0142awsko-cyranowskiego. W 1907 r.(?) zamieszka\u0142 w Mielcu i aktywnie w\u0142\u0105czy\u0142 si\u0119 w jego \u017cycie gospodarcze i spo\u0142eczne. Pocz\u0105tkowo pe\u0142ni\u0142 funkcj\u0119 radcy budowlanego w Krajowym Biurze Melioracyjnym w Mielcu, w latach 20. by\u0142 nadradc\u0105 Dyrekcji Rob\u00f3t Publicznych w Mielcu, a w latach 30. \u2013 inspektorem samorz\u0105du gminy. Posiada\u0142 du\u017cy autorytet, tote\u017c powierzano mu odpowiedzialne funkcje. Wielokrotnie wybierano go do Rady Miejskiej, w czasie I wojny \u015bwiatowej by\u0142 cz\u0142onkiem Rady Przybocznej delegata rz\u0105dowego, w latach 1916-1918 sprawowa\u0142 funkcj\u0119 przewodnicz\u0105cego komisji m\u0119\u017c\u00f3w zaufania do spraw odszkodowa\u0144 wojennych, w listopadzie 1918 r. by\u0142 cz\u0142onkiem delegacji miejskiej w sprawie ustalenia porz\u0105dku w mie\u015bcie (po odzyskaniu niepodleg\u0142o\u015bci przez Polsk\u0119), w latach 20. przewodniczy\u0142 Radzie Szkolnej Miejscowej oraz uczestniczy\u0142 w pracach Komisji Opieki Spo\u0142ecznej, a w okresie od 12 VII 1929 r. do 13 XII 1930 r., po rozwi\u0105zaniu Rady Miejskiej, pe\u0142ni\u0142 funkcj\u0119 kierownika tymczasowego Zarz\u0105du Miejskiego. Pe\u0142ni\u0105c t\u0119 rol\u0119, wita\u0142 w imieniu mielczan prezydenta RP Ignacego Mo\u015bcickiego, goszcz\u0105cego w Mielcu 29 VII 1929 r. Przyczyni\u0142 si\u0119 do wybudowania wielu obiekt\u00f3w u\u017cyteczno\u015bci publicznej, m.in. nadzorowa\u0142 budow\u0119 bursy gimnazjalnej, przewodniczy\u0142 komisji budowlanej budowy gmachu szkolnego przy ul. J. Kili\u0144skiego dla seminarium nauczycielskiego (aktualnie jest to budynek SP Nr 1), prowadzi\u0142 budow\u0119 lotniska turystycznego, by\u0142 jednym z inicjator\u00f3w rozbudowy i modernizacji budynku Szko\u0142y M\u0119skiej (aktualnie SP Nr 2) oraz budowy pomnika J. Kili\u0144skiego (Wolno\u015bci). Przyczyni\u0142 si\u0119 te\u017c do wybudowania i utrzymywania Domu Sierot (tzw. \u201eochronki\u201d). By\u0142 autorem szeregu projekt\u00f3w budowlanych, m.in. projektu przebudowy sieci ulicznej w Mielcu i planu rozkopania G\u00f3rki Cyranowskiej dla powi\u0119kszenia terenu lotniska turystycznego. Politycznie anga\u017cowa\u0142 si\u0119 w ruchu ludowym, m.in. w 1916 r. prezesowa\u0142 miejscowemu Zwi\u0105zkowi Ludowemu, a w 1922 r. by\u0142 kandydatem na pos\u0142a z ramienia PSL \u201ePiast\u201d. Udziela\u0142 si\u0119 tak\u017ce w pracach zarz\u0105d\u00f3w wielu instytucji i organizacji spo\u0142ecznych, m.in. Kasy Stefczyka (by\u0142 jej wsp\u00f3\u0142za\u0142o\u017cycielem w 1909 r.), Sp\u00f3\u0142dzielni \u201eKonsum Urz\u0119dniczy\u201d, Mieszcza\u0144skiego Towarzystwa \u201eOjczyzna\u201d (by\u0142 jego wiceprezesem przez 25 lat) i LOPP, a ponadto by\u0142 aktywnym cz\u0142onkiem Oddzia\u0142u \u201eCaritas\u201d, Towarzystwa \u015bw. Wincentego a` Paulo, Towarzystwa Bursy, Towarzystwa Szko\u0142y Ludowej i Okr\u0119gowego Towarzystwa Rolniczego. W uznaniu dla tych nieprzeci\u0119tnych zas\u0142ug mieleckie organizacje spo\u0142eczne wyr\u00f3\u017cnia\u0142y go okoliczno\u015bciowymi dyplomami, a Towarzystwo Gimnastyczne \u201eSok\u00f3\u0142\u201d i Mieszcza\u0144skie Towarzystwo \u201eOjczyzna\u201d nada\u0142y mu tytu\u0142y Honorowego Cz\u0142onka. W czasie okupacji i po II wojnie \u015bwiatowej, g\u0142\u00f3wnie ze wzgl\u0119du na podesz\u0142y wiek, nie anga\u017cowa\u0142 si\u0119 w dzia\u0142alno\u015b\u0107 spo\u0142eczn\u0105. Zmar\u0142 29 IX 1961 r. Spoczywa na cmentarzu parafialnym w Mielcu przy ul. H. Sienkiewicza.<\/p>\r\n\r\n\r\n\r\n<p><strong>HA\u0141ADEJ ZOFIA<\/strong>, urodzona 17 VI 1869 r. Wywodzi\u0142a si\u0119 z rodziny Odrow\u0105\u017c\u00f3w Krzyszkowskich. Wspiera\u0142a m\u0119\u017ca (Jana) w jego licznych przedsi\u0119wzi\u0119ciach na rzecz miasta Mielca. By\u0142a inspiratork\u0105 i organizatork\u0105 wielu akcji opieku\u0144czych i charytatywnych.\u00a0W 1914 r. pracowa\u0142a w komitecie organizacyjnym wyposa\u017caj\u0105cym w ekwipunek mieleckich ochotnik\u00f3w do oddzia\u0142\u00f3w J. Pi\u0142sudskiego, sama szy\u0142a m.in. plecaki i wykonywa\u0142a inne potrzebne rzeczy. W czasie I wojny \u015bwiatowej, dzia\u0142aj\u0105c z ramienia Towarzystwa \u015bw. Wincentego a` Paulo, za\u0142o\u017cy\u0142a Dom Sierot i zabiega\u0142a o jego utrzymanie. Od pocz\u0105tku wojny pracowa\u0142a jako sanitariuszka w mieleckim szpitalu, za co zosta\u0142a odznaczona przez Czerwony Krzy\u017c Srebrnym Medalem i dyplomem honorowym. Opiekowa\u0142a si\u0119 kaplic\u0105 gimnazjaln\u0105, wykonywa\u0142a i naprawia\u0142a ornaty. W latach 30. pe\u0142ni\u0142a funkcj\u0119 prezydentki Sodalicji Pa\u0144, a ponadto pracowa\u0142a w sekcji opieki nad s\u0142u\u017c\u0105cymi. Zmar\u0142a 10 X 1935 r. Spoczywa na cmentarzu parafialnym w Mielcu przy ul. H. Sienkiewicza.<\/p>\r\n\r\n\r\n\r\n<p><strong>HA\u0141ADEJA JANA (ULICA)<\/strong>, niewielka (243 m), w\u0105ska ulica na osiedlu Cyranka, w grupie dom\u00f3w za Hotelem \u201ePolskim\u201d i laskiem komunalnym. \u0141\u0105czy ulice: Leona Lachnita, Walerego Wr\u00f3blewskiego i Stanis\u0142awa Skar\u017cy\u0144skiego. Po obu jej stronach znajduj\u0105 si\u0119 okaza\u0142e domy jednorodzinne z ogr\u00f3dkami. Posiada nawierzchni\u0119 asfaltow\u0105 i chodniki po obu stronach. Status ulicy i nazw\u0119 otrzyma\u0142a 28 III 1973 r. W 2012 r. wykonano remont, w ramach kt\u00f3rego po\u0142o\u017cono now\u0105 nawierzchni\u0119 asfaltow\u0105 i chodniki z p\u0142ytek betonowych.<\/p>\r\n\r\n\r\n\r\n<p><strong><img loading=\"lazy\" decoding=\"async\" class=\"alignleft size-full wp-image-1313\" src=\"https:\/\/encyklopedia.mielec.pl\/wp-content\/uploads\/2022\/11\/halas_antoni.jpg\" alt=\"\" width=\"110\" height=\"150\" \/>HA\u0141AS ANTONI (ksi\u0105dz)<\/strong>, urodzony 31 I 1905 r. w Berlinie. Absolwent gimnazjum w Bydgoszczy. Po studiach teologicznych w 1928 r. przyj\u0105\u0142 \u015bwi\u0119cenia kap\u0142a\u0144skie. Jako wikariusz pracowa\u0142 w parafiach w P\u0119powie, Zb\u0105szyniu, Ko\u015bcianie i przy ko\u015bciele \u015bw. Marcina w Poznaniu. 1 IX 1935 r. zosta\u0142 mianowany proboszczem nowo utworzonej parafii Matki Boskiej Cz\u0119stochowskiej w Naramowicach, posiadaj\u0105cej jedynie nowo wybudowany ko\u015bci\u00f3\u0142 ze skromnym wyposa\u017ceniem. Pozyska\u0142 wszystkie niezb\u0119dne paramenty ko\u015bcielne i wyposa\u017cenie wn\u0119trza \u015bwi\u0105tyni. Doprowadzi\u0142 do wybudowania plebanii, a nast\u0119pnie urz\u0105dzenia otoczenia ko\u015bcio\u0142a i budowy cmentarza. Rozwin\u0105\u0142 \u017cycie religijne parafii oraz wsp\u00f3\u0142pracowa\u0142 z Akcj\u0105 Katolick\u0105 i innymi stowarzyszeniami. Rozpocz\u0119t\u0105 w marcu 1939 r. budow\u0119 domu katolickiego przerwa\u0142a wojna. Od pocz\u0105tku okupacji hitlerowskiej \u017cycie parafialne zosta\u0142o sparali\u017cowane. W lutym 1940 r. zosta\u0142 wywieziony (wraz z wieloma mieszka\u0144cami Poznania) do Mielca, gdzie pe\u0142ni\u0142 pos\u0142ug\u0119 kap\u0142a\u0144sk\u0105 w parafii \u015bw. Mateusza. Po wyzwoleniu Mielca spod okupacji hitlerowskiej od wrze\u015bnia 1944 r. pe\u0142ni\u0142 funkcje katechety i prefekta bursy Gimnazjum i Liceum im. S. Konarskiego w Mielcu. Zgin\u0105\u0142 13 XI 1944 r. w wyniku wybuchu pocisku w piwnicy bursy w czasie niemieckiego ostrza\u0142u artyleryjskiego zza Wis\u0142oki. Pochowany na mieleckim cmentarzu, a po wojnie spocz\u0105\u0142 w specjalnym grobowcu na cmentarzu w Naramowicach.<\/p>\r\n\r\n\r\n\r\n<p><strong><img loading=\"lazy\" decoding=\"async\" class=\"alignleft size-full wp-image-1316\" src=\"https:\/\/encyklopedia.mielec.pl\/wp-content\/uploads\/2022\/11\/halun_jadwiga.jpg\" alt=\"\" width=\"110\" height=\"150\" \/>HA\u0141UN JADWIGA<\/strong>, urodzona 10 X 1920 r. w Podleszanach, c\u00f3rka Karola i Heleny z domu \u017bola. W latach 1945-1947 by\u0142a sekretarzem Zarz\u0105du Sp\u00f3\u0142dzielni Kobiecej Wyrob\u00f3w Dzianych w Mielcu. W tym czasie uko\u0144czy\u0142a Pa\u0144stwow\u0105 Szko\u0142\u0119 Zawodow\u0105 w Makowie \u2013 Oddzia\u0142 w Mielcu, a w 1948 r. specjalistyczny kurs w Centrum Szkolenia w \u0141odzi. W latach 1949-1952 pracowa\u0142a w Domu Matki i Dziecka w Lubzinie, a w latach 1952-1960\u00a0w Domu Dziecka w Przemy\u015blu. W 1960 r. powr\u00f3ci\u0142a do Mielca i przez 20 lat pe\u0142ni\u0142a funkcj\u0119 kierownika Poradni Krawieckiej (posiada\u0142a tytu\u0142 mistrza krawieckiego), a nast\u0119pnie w 1980 r. przesz\u0142a na emerytur\u0119. Udziela\u0142a si\u0119 w pracy spo\u0142ecznej. W latach 1946-1986 nale\u017ca\u0142a do Ligi Kobiet (p\u00f3\u017aniej Ligi Kobiet Polskich) w Mielcu i pe\u0142ni\u0142a w niej r\u00f3\u017cne funkcje. Dzia\u0142a\u0142a te\u017c w Komitetach Cz\u0142onkowskich PSS \u201eSpo\u0142em\u201d w Mielcu. Od roku 1976 jest cz\u0142onkiem Klubu Seniora \u201eZ\u0142ota Jesie\u0144\u201d przy Sp\u00f3\u0142dzielczym Domu Kultury MSM, a od 1987 r. jest jego przewodnicz\u0105c\u0105. Za d\u0142ugoletni\u0105 prac\u0119 spo\u0142eczn\u0105 wyr\u00f3\u017cniona zosta\u0142a odznaczeniami organizacyjnymi, m.in. Honorow\u0105 Odznak\u0105 Ligi Kobiet. Zmar\u0142a 30 III 2011 r. Spoczywa na cmentarzu komunalnym w Mielcu przy ul. Kr\u00f3lowej Jadwigi.<\/p>\r\n\r\n\r\n\r\n<p><strong>HAMEL WERNER<\/strong>, urodzony 4 X 1940 r. w L\u00f6hne (Niemcy), syn Fridricha i Friedy z domu Nagel. Uko\u0144czy\u0142 szko\u0142\u0119 zawodow\u0105 w zawodzie \u015blusarz w L\u00f6hne, a nast\u0119pnie Szko\u0142\u0119 Zwi\u0105zk\u00f3w Zawodowych\u00a0w Lohe i Dortmundzie. Prac\u0119 zawodow\u0105 rozpocz\u0105\u0142 w 1957 r. jako \u015blusarz w fabryce w Bad Oeynhausen. W 1971 r. przeszed\u0142 do miejskiej oczyszczalni \u015bciek\u00f3w w L\u00f6hne na stanowisko zast\u0119pcy kierownika. W latach 1975-1996 by\u0142 radnym Rady Miejskiej w L\u00f6hne i przewodnicz\u0105cym komisji socjalnej tej Rady, a w latach 1982-1996 cz\u0142onkiem komisji do spraw m\u0142odzie\u017cy. Od 1992 r. do 1996 r. sprawowa\u0142 funkcj\u0119 spo\u0142ecznego burmistrza L\u00f6hne,\u00a0a w 1996 r. zosta\u0142 wybrany na etatowego burmistrza tego miasta. Poza dzia\u0142alno\u015bci\u0105 administracyjn\u0105 wiele czasu po\u015bwi\u0119ca\u0142 wsp\u00f3\u0142pracy mi\u0119dzynarodowej. By\u0142 inicjatorem nawi\u0105zania kontakt\u00f3w partnerskich z miastami Condega (Nikaragua), Columbus (USA) i R\u00f6bel (Niemcy) oraz jednym z inicjator\u00f3w i organizator\u00f3w wsp\u00f3\u0142pracy z Mielcem. W 2004 r. przeszed\u0142 na emerytur\u0119. W latach 2004-2011 przewodniczy\u0142 organizacji charytatywnej AWO. Utrzymuje systematyczne kontakty z Mielcem, m.in. uczestniczy\u0142 w uroczysto\u015bciach 10-lecia wsp\u00f3\u0142pracy Mielec &#8211; L\u00f6hne w Mielcu (29-30 IX 2012 r.). Wyr\u00f3\u017cniony godno\u015bci\u0105 Honorowego Obywatela Miasta Condega (Nikaragua) i Honorowego Obywatela Miasta Spittal (Austria) oraz Medalem \u201ePrzyjaciel Miasta Mielca\u201d.<\/p>\r\n\r\n\r\n\r\n<p><strong>HANDEL<\/strong>, wymiana towar\u00f3w lub ich sprzeda\u017c w osadzie i potem w mie\u015bcie Mielcu ma tak d\u0142ug\u0105 histori\u0119 jak jego istnienie, bowiem dolin\u0105 rzeki Wis\u0142oki, obok Mielca, wi\u00f3d\u0142 prastary szlak handlowy. Zintensyfikowanie handlu w Mielcu nast\u0105pi\u0142o po za\u0142o\u017ceniu miasta przez Jana i Bernardyna Mieleckich (18 XI 1470 r.) W akcie lokacyjnym za\u0142o\u017cyciele tak okre\u015blili warunki handlu: \u201e&#8230; Na targ tygodniowy w tym naszym mie\u015bcie (wyznaczamy) sobot\u0119, na kt\u00f3rym wszyscy przybywaj\u0105cy b\u0119d\u0105 mogli swobodnie i bez przeszk\u00f3d sprzeda\u0107 przywiezione rzeczy swoje, w\u0142asne towary i inne, po iszczeniu jednak op\u0142aty targowej zwanej targowym, zwyczajem innych miast. Natomiast jarmark\u00f3w czyli targ\u00f3w rocznych (nadajemy) dwa w roku. Jeden na \u015awi\u0119to \u015awi\u0119tej i Nierozdzielnej Tr\u00f3jcy, drugi na \u015awi\u0119to \u015aw. Mateusza Ewangelisty w jesieni (21 IX)&#8230;\u201d Rozw\u00f3j miasta, a zw\u0142aszcza rzemios\u0142a, skutecznie przyci\u0105ga\u0142 coraz wi\u0119ksz\u0105 ilo\u015b\u0107 kupc\u00f3w i to z kolei wp\u0142ywa\u0142o na wzrost obrot\u00f3w towarowych. Tak dzia\u0142o si\u0119 do po\u0142owy XVII w. Centrum handlowym by\u0142 rynek i kramy przystawione z trzech stron do ratusza. Handlowano codziennie, ale w targowe soboty i w czasie dorocznych jarmark\u00f3w zje\u017cd\u017cali kupcy z odleg\u0142ych miejscowo\u015bci. (Odnotowano na przyk\u0142ad, \u017ce w latach 1614-1624 przybywali do Mielca kupcy krakowscy Piotr Bezokowicz i Jan Pusz.) Na co dzie\u0144 handlowano prawie wszystkim, a zw\u0142aszcza wyrobami mieleckiego rzemios\u0142a i produktami z podmieleckich wsi. Dokumenty z tamtych lat po\u015bwiadczaj\u0105 istnienie w Mielcu takich rzemios\u0142 jak bednarstwo, b\u0142oniarstwo, garncarstwo, grzebieniarstwo, ko\u0142odziejstwo, kowalstwo, krawiectwo, ku\u015bnierstwo, miecznictwo, m\u0142ynarstwo, piekarnictwo, piwowarstwo, rymarstwo, rze\u017anictwo, s\u0142odownictwo, stolarstwo, sukiennictwo, \u015blusarstwo, tkactwo i z\u0142otnictwo. Je\u015bli doda\u0107 do tego r\u00f3\u017cnorakie towary przywiezione z zewn\u0105trz, to oferta handlowa \u00f3wczesnego Mielca by\u0142a do\u015b\u0107 bogata. Doda\u0107 trzeba, \u017ce zdarza\u0142y si\u0119 tak\u017ce kramy z towarami wschodnimi, sprowadzonymi poprzez rynek jaros\u0142awski. Z kolei mieleccy kupcy wyje\u017cd\u017cali do pobliskich miast i osad, gdzie zbywali towary wyprodukowane w Mielcu i jego okolicach, m.in. olej, mi\u00f3d, susz, sk\u00f3ry, konopie i wosk oraz artyku\u0142y rzemie\u015blnicze. Wyje\u017cd\u017cano tak\u017ce do wi\u0119kszych miast: Pilzna, Rzeszowa, Tarnowa czy Jaros\u0142awia, a nawet do Krakowa. Prawdopodonie najaktywniejszym spo\u015br\u00f3d mieleckich kupc\u00f3w by\u0142 Jan B\u0142oniarz, goszcz\u0105cy w samym Krakowie kilkadziesi\u0105t razy. Wielokrotnie bywali tam tak\u017ce Jadwiga Kramarka i Sebastian Fastrzygowicz (Pastrzygowicz?). W ostatniej \u0107wierci XVI w. zaznaczyli sw\u0105 obecno\u015b\u0107 w Mielcu pierwsi handlarze \u017cydowscy. Tendencje rozwojowe wsparte zosta\u0142y kolejnymi przywilejami handlowymi. W 1611 r. miasto otrzyma\u0142o drugie targi cotygodniowe we wtorki i trzeci doroczny jarmark. Zniszczenia w czasie najazdu szwedzkiego (1655) i rajd\u00f3w wojsk ksi\u0119cia Rakoczego spowodowa\u0142y zahamowanie rozwoju miasta i jego dzia\u0142alno\u015bci handlowej. Zmiany na lepsze nast\u0105pi\u0142y sto lat p\u00f3\u017aniej, kiedy wyra\u017anie wzros\u0142a liczba mieszka\u0144c\u00f3w. Nadal wiod\u0105c\u0105 rol\u0119 odgrywali miejscowi kupcy i rzemie\u015blnicy, ale systematycznie ros\u0142a ilo\u015b\u0107 handlarzy \u017cydowskich. Na mieleckim rynku go\u015bcili te\u017c handlarze przyjezdni, cho\u0107 na skutek stara\u0144 miejscowych cech\u00f3w byli ob\u0142o\u017ceni podwy\u017cszonymi op\u0142atami targowymi. Ostatnie lata XVIII w. i 1 po\u0142. XIX w. by\u0142y okresem stagnacji. Korzystnym impulsem by\u0142 natomiast akt cesarza Ferdynanda z 6 V 1845 r., kt\u00f3ry ustanawia\u0142 odbywanie pi\u0119ciu jarmark\u00f3w w roku: \u201e&#8230;2 II (po \u015bwi\u0119cie Matki Boskiej Gromnicznej), 7 czerwca (po \u015bwi\u0119cie Tr\u00f3jcy \u015awi\u0119tej), 15 VIII (po \u015bwi\u0119cie Wniebowzi\u0119cia), 21 IX (po \u015bwi\u0119cie Mateusza Aposto\u0142a) i 11 XI oraz cotygodniowe targi w czwartki\u201d. Kolejnymi sprzyjaj\u0105cymi czynnikami dla rozwoju handlu by\u0142y: utworzenie powiatu mieleckiego (1853 r.), powo\u0142anie nowo\u017cytnego samorz\u0105du miejskiego (1867) i oddanie do u\u017cytku linii kolejowej D\u0119bica \u2013 Rozwad\u00f3w, ze stacj\u0105 osobowo-towarow\u0105 w Mielcu (1887). Poniewa\u017c okaza\u0142o si\u0119, \u017ce jeden dzie\u0144 targowy w tygodniu nie wystarcza, Rada Miejska wprowadzi\u0142a dodatkowo cotygodniowy targ w poniedzia\u0142ek, ale nie dla wszystkich towar\u00f3w. Nadal centrum handlowym pozostawa\u0142 rynek, ale coraz cz\u0119\u015bciej zdarza\u0142o si\u0119, \u017ce nie mie\u015bci\u0142 wszystkich handluj\u0105cych. W ostatnich dniach 1882 r. rozpocz\u0119to starania o uruchomienie drugiego placu targowego. Coraz popularniejsze stawa\u0142y si\u0119 sklepy i lokale gastronomiczne, kt\u00f3re lokalizowano przy rynku i g\u0142\u00f3wnych ulicach. Pod koniec XIX w. samych tylko szynk\u00f3w by\u0142o 18 i to g\u0142\u00f3wnie prowadzonych przez \u017byd\u00f3w. Funkcjonowa\u0142y te\u017c herbaciarnie, jad\u0142odajnie i winiarnie. W\u015br\u00f3d 45 sklep\u00f3w dominowa\u0142y korzenne i mi\u0119sne (tzw. jatki). Mimo trudnej sytuacji gospodarczej w Mielcu i jego powiecie rozwini\u0119to hodowl\u0119 byd\u0142a i trzody chlewnej oraz handlowano tym \u017cywym towarem przez okr\u0105g\u0142y tydzie\u0144. Wysy\u0142ano te\u017c transporty z mi\u0119sem wieprzowym i ciel\u0119cym nawet do sto\u0142ecznego Wiednia. Na prze\u0142omie wiek\u00f3w XIX i XX w mieleckim handlu pojawi\u0142y si\u0119 sp\u00f3\u0142ki i sp\u00f3\u0142dzielnie handlowe, co zaostrzy\u0142o rywalizacj\u0119 w produkcji i handlu. I wojna \u015bwiatowa, zw\u0142aszcza w latach 1914 i 1915, kiedy przez Mielec kilkakrotnie przetoczy\u0142 si\u0119 front, doprowadzi\u0142a do zniszczenia i upadku wielu plac\u00f3wek handlowych i gastronomicznych. W latach 1917-1918 cz\u0119\u015b\u0107 z nich uzyska\u0142a odszkodowania wojenne z Centrali Krajowej dla Gospodarczej Odbudowy Galicji i ponownie uruchomi\u0142a dzia\u0142alno\u015b\u0107. Nieustaj\u0105ce du\u017ce potrzeby wojenne powodowa\u0142y jednak chroniczny brak towar\u00f3w, a zw\u0142aszcza \u017cywno\u015bci. Taki stan zaopatrzenia miasta utrzymywa\u0142 si\u0119 w pierwszych latach po odzyskaniu niepodleg\u0142o\u015bci. Szerz\u0105ca si\u0119 lichwa i podejrzenia o ukrywanie przez niekt\u00f3rych sklepikarzy \u017cydowskich towar\u00f3w w celu podniesienia ich cen sprawi\u0142y, \u017ce 1 V 1919 r. dosz\u0142o do rozruch\u00f3w i rozbijania \u017cydowskich sklep\u00f3w. Normalizuj\u0105ca si\u0119 sytuacja spo\u0142eczno-gospodarcza sprawi\u0142a, \u017ce pod koniec lat 20. handel zn\u00f3w wyra\u017anie si\u0119 rozwija\u0142. Czynnych by\u0142o ponad 40 sklep\u00f3w i oko\u0142o 20 restauracji, w wi\u0119kszo\u015bci \u017cydowskich, cho\u0107 nie brakowa\u0142o tak\u017ce katolickich. Te ostatnie skupione by\u0142y g\u0142\u00f3wnie przy ul. J. Pi\u0142sudskiego (aktualnie ul. A. Mickiewicza), T. Ko\u015bciuszki i Targowej. Cotygodniowe targi odbywa\u0142y si\u0119 tradycyjnie w czwartki, nadal na rynku. W latach 30. ponowiono starania o wyprowadzenie handlu z rynku, w celu poprawienia stanu higieny, estetyki i bezpiecze\u0144stwa w centrum miasta, a tak\u017ce znacznego zwi\u0119kszenia terenu dla handluj\u0105cych. Burmistrzowi Franciszkowi Kazanie uda\u0142o si\u0119 do tego doprowadzi\u0107 w po\u0142owie lat 30., mimo du\u017cego oporu niekt\u00f3rych radnych (zw\u0142aszcza kupc\u00f3w) i nawet pr\u00f3b odwo\u0142ania go z funkcji. Przeniesienie handlu na plac targowy przy zbiegu ul. Sandomierskiej i S. S\u0119kowskiego oznacza\u0142o bowiem utrat\u0119 wielu klient\u00f3w dla sklep\u00f3w i plac\u00f3wek gastronomicznych umieszczonych przy rynku i przyleg\u0142ych ulicach. Handel byd\u0142em odbywa\u0142 si\u0119 przy ul. G. Narutowicza (teren ten nazywano \u201etargowic\u0105\u201d), a dr\u00f3b i nabia\u0142 oraz inne drobne towary (w tym warzywa i owoce) sprzedawano na niewielkim placu pomi\u0119dzy ul. Sandomiersk\u0105, Kr\u00f3tk\u0105 (zwan\u0105 te\u017c \u201ekurz\u0105\u201d) i 3 Maja. Region mielecki mia\u0142 rozwini\u0119t\u0105 hodowl\u0119 byd\u0142a, tote\u017c niekt\u00f3rzy mieleccy kupcy eksportowali ten \u017cywy towar do Austrii, Czechos\u0142owacji i W\u0142och. W czasie budowy kolonii (osiedla) fabrycznej PZL pod koniec lat 30. powsta\u0142y pierwsze sklepy w tej nowej cz\u0119\u015bci miasta. W czasie II wojny \u015bwiatowej, a zw\u0142aszcza w okresie okupacji hitlerowskiej wszelkie oficjalne formy handlu by\u0142y z roku na rok ograniczane, g\u0142\u00f3wnie z powodu braku wi\u0119kszo\u015bci towar\u00f3w, zw\u0142aszcza \u017cywno\u015bciowych. (W\u0142adze okupacyjne wprowadzi\u0142y ich reglamentacj\u0119 poprzez karty \u017cywno\u015bciowe.) Pozostawiono istniej\u0105ce miejsca targowe i czwartkowe targi, ale ruch na nich by\u0142 niewielki. Pojawi\u0142 si\u0119 te\u017c handel nielegalny, nierzadko z Niemcami. Po 9 III 1942 r., kiedy hitlerowcy wyprowadzili z miasta spo\u0142eczno\u015b\u0107 \u017cydowsk\u0105, wszystkie sklepy i restauracje \u017cydowskie zosta\u0142y zlikwidowane. Cz\u0119\u015b\u0107 z nich zosta\u0142a zagospodarowana przez miejscowych kupc\u00f3w i wysiedle\u0144c\u00f3w z Pozna\u0144skiego, a cz\u0119\u015b\u0107 przeznaczono na inne cele. W pierwszych latach po wyzwoleniu spod okupacji hitlerowskiej w organizacji mieleckiego handlu nie zasz\u0142y powa\u017cniejsze zmiany. Dominowa\u0142y bowiem prywatne sklepy i lokale gastronomiczne. Powo\u0142ano co prawda Pa\u0144stwow\u0105 Central\u0119 Handlow\u0105, ale nie odgrywa\u0142a ona powa\u017cniejszej roli. Istotnym wydarzeniem by\u0142o po\u0142\u0105czenie si\u0119 w 1948 r. kilku ma\u0142ych sp\u00f3\u0142dzielni zwi\u0105zkowych (\u201eKonsum\u201d, \u201ePZL\u201d, \u201eKolejarz i Drogowiec\u201d, \u201eRobotnik\u201d) w Powszechn\u0105 Sp\u00f3\u0142dzielni\u0119 Spo\u017cywc\u00f3w (PSS), kt\u00f3ra odt\u0105d z ka\u017cdym rokiem powi\u0119ksza\u0142a sie\u0107 plac\u00f3wek handlowych i gastronomicznych. Nasili\u0142a si\u0119 te\u017c rywalizacja plac\u00f3wek handlu uspo\u0142ecznionego z prywatnym. Na pocz\u0105tku lat 50. \u201ebitwa o handel\u201d zako\u0144czy\u0142a si\u0119 zmuszeniem (przez organy pa\u0144stwowe) w\u0142a\u015bcicieli sklep\u00f3w prywatnych do przekazania ich instytucjom handlu uspo\u0142ecznionego. W 1951 r. powsta\u0142o Pa\u0144stwowe Przedsi\u0119biorstwo Miejski Handel Detaliczny (MHD), kt\u00f3re szybko rozwin\u0119\u0142o sie\u0107 punkt\u00f3w detalicznych, w du\u017cej cz\u0119\u015bci w lokalach po sklepach prywatnych. R\u00f3wnocze\u015bnie dynamiczny rozw\u00f3j WSK i jego osiedla fabrycznego spowodowa\u0142 dalszy wzrost ilo\u015bci plac\u00f3wek handlowych. By\u0142y one organizowane w specjalnych lokalach na parterach wielorodzinnych budynk\u00f3w mieszkalnych (blok\u00f3w), najwi\u0119cej przy g\u0142\u00f3wnej ulicy osiedla (od 1957 r. ul. 22 Lipca, od 1990 r. al. Niepodleg\u0142o\u015bci). W tym okresie pojawi\u0142y si\u0119 sklepy specjalistyczne, m.in. \u201eFoto-Optyka\u201c, \u201eJubiler\u201c, \u201eMotozbyt\u201c, Zak\u0142ady Us\u0142ug Radiowo-Telewizyjnych i Wojew\u00f3dzkie Przedsi\u0119biorstwo Handlu Meblami. Po \u201eodwil\u017cy\u201c w 1956 r. rozpocz\u0119to, cho\u0107 z du\u017cymi oporami, zwracanie lokali prywatnym kupcom. Pocz\u0105tkowo by\u0142y to rzadkie przypadki, ale z biegiem lat coraz cz\u0119stsze, cho\u0107 nie powszechne i nie we wszystkich dziedzinach handlu. Prywatny handel rozwija\u0142 si\u0119 g\u0142\u00f3wnie poprzez drewniane kioski rozsiane po mie\u015bcie i stragany na placu przy ul. L. Wary\u0144skiego (Sandomierska) i Kr\u00f3tkiej, a z biegiem lat w sklepach w rejonie Starego Miasta. Ponadto placami targowymi, szczeg\u00f3lnie o\u017cywionymi w czwartki, by\u0142y tereny przy ul. Torowej i przy ul. J. Kili\u0144skiego (aktualnie pusty plac przy POD \u201eRelaks\u201c). Zlikwidowano natomiast \u201etargowic\u0119\u201c przy ul. G. Narutowicza i \u201erynek zbo\u017cowy\u201c przy ul. L. Wary\u0144skiego (Sandomierska). Na prze\u0142omie lat 1972 i 1973 zreorganizowano handel pa\u0144stwowy. W miejsce MHD utworzono oddzia\u0142y przedsi\u0119biorstw wojew\u00f3dzkich, m.in. Wojew\u00f3dzkiego Przedsi\u0119biorstwa Handlu Spo\u017cywczego, WP Handlu Artyku\u0142ami Przemys\u0142owymi, WP Tekstylno-Odzie\u017cowego, WP Handlowo-Us\u0142ugowego \u201eArged\u201c, WP Artyku\u0142ami Papierniczymi i Sportowymi, WP Handlu Opa\u0142em i Materia\u0142ami Budowlanymi, WP Handlu Obuwiem itp. Liderem w handlu sp\u00f3\u0142dzielczym pozostawa\u0142a PSS \u201eSpo\u0142em\u201c, przekszta\u0142cona w 1969 r. w Oddzia\u0142 WSS Rzesz\u00f3w w Mielcu. Ona to wprowadzi\u0142a pierwsze sklepy samoobs\u0142ugowe (pierwszym by\u0142 w 1960 r. sklep spo\u017cywczy przy placu gen. K. \u015awierczewskiego &#8211; rynek) i od lat 70. du\u017ce domy handlowe. Pierwszym by\u0142 \u201eIkar\u201c przy ul. A. Mickiewicza (1975 r.), a kolejne, ju\u017c w latach 80., powstawa\u0142y na nowych osiedlach mieszkaniowych MSM: \u201eZenit\u201d i \u201eDedal\u201d przy ul. J. Gagarina (p\u00f3\u017aniej al. Ducha \u015aw.), \u201e\u015awit\u201d przy ul. Drzewieckiego i \u201eMini-Sam\u201d przy ul. F. Dzier\u017cy\u0144skiego (p\u00f3\u017aniej ul. S. S\u0119kowskiego). Po reformie polskiego handlu w 1976 r. Oddzia\u0142 WSS przej\u0105\u0142 kilkadziesi\u0105t sklep\u00f3w spo\u017cywczych od innych przedsi\u0119biorstw handlowych, a odda\u0142 kilkana\u015bcie przemys\u0142owych. W rezultacie tych ofensywnych dzia\u0142a\u0144 PSS \u201eSpo\u0142em\u201d (powr\u00f3cono do tej nazwy w 1981 r.) pod koniec 1988 r. posiada\u0142a 96 sklep\u00f3w, 20 kiosk\u00f3w i 20 plac\u00f3wek gastronomicznych. Handel r\u00f3\u017cnymi towarami prowadzi\u0142y tak\u017ce inne sp\u00f3\u0142dzielnie: PZGS \u201eSamopomoc Ch\u0142opska\u201c, Sp\u00f3\u0142dzielnia Ogrodniczo-Pszczelarska, Okr\u0119gowa Sp\u00f3\u0142dzielnia Mleczarska, Robotnicza Sp\u00f3\u0142dzielnia Wydawnicza \u201ePrasa-Ksi\u0105\u017cka-Ruch\u201d, \u201eRzemie\u015blnicza Sp\u00f3\u0142dzielnia \u201eWielobran\u017cowa\u201d oraz przedsi\u0119biorstwa handlowe: WPHW, PHS, Zak\u0142ad Handlu, \u201eDom Ksi\u0105\u017cki\u201d, \u201eCepelia\u201d, \u201eIgloopol\u201d, \u201eDomar\u201d, \u201ePolmozbyt\u201d i szereg pomniejszych firm. Powsta\u0142 plac targowy przy ul. Dworcowej, za\u015b zlikwidowano plac przy ul. Torowej. Kryzys gospodarczy i spo\u0142eczny w kraju po 1975 r. by\u0142 odczuwalny z roku na rok coraz bardziej, szczeg\u00f3lnie w handlu. Brakowa\u0142o coraz wi\u0119cej produkt\u00f3w, zw\u0142aszcza \u017cywno\u015bci. Pojawi\u0142y si\u0119 sklepy komercyjne, w kt\u00f3rych mo\u017cna by\u0142o kupi\u0107 mi\u0119so lub w\u0119dlin\u0119, ale za cen\u0119 znacznie wy\u017csz\u0105. W wi\u0119kszo\u015bci sklep\u00f3w ustawia\u0142y si\u0119 coraz d\u0142u\u017csze kolejki po ka\u017cdy niemal towar. Wreszcie sytuacja rynkowa by\u0142a tak z\u0142a, \u017ce od 1 IV 1981 r. wprowadzono sprzeda\u017c reglamentowan\u0105 (na kartki) mi\u0119sa, w\u0119dlin, mas\u0142a i produkt\u00f3w zbo\u017cowych, a w p\u00f3\u017aniejszym czasie tak\u017ce innych produkt\u00f3w \u017cywno\u015bciowych. W pierwszym okresie po wprowadzeniu stanu wojennego (13 XII 1981 r.) tworzy\u0142y si\u0119 kolejki nawet po chleb, cukier i m\u0105k\u0119. Za artyku\u0142ami gospodarstwa domowego i meblami kolejki sta\u0142y dniem i noc\u0105, nadzorowane przez specjalne komitety kolejkowe i dokumentowane zapisami w specjalnych zeszytach kolejkowych. Pojawi\u0142 si\u0119 nawet nieformalny zaw\u00f3d \u201estacza\u201d, kt\u00f3ry wielogodzinne wystawanie w kolejce dyskontowa\u0142 pobraniem wynagrodzenia od zainteresowanych os\u00f3b za odst\u0105pienie miejsca w kolejce tu\u017c przed wykupem danego towaru. Z biegiem lat 80., w miar\u0119 polepszania si\u0119 zaopatrzenia, wycofywano reglamentacj\u0119 artyku\u0142\u00f3w spo\u017cywczych. Trudna sytuacja w handlu zacz\u0119\u0142a zdecydowanie poprawia\u0107 si\u0119 pod koniec lat 80. Znaczny wp\u0142yw wywar\u0142a na\u0144 ustawa z 23 XII 1988 r. o dzia\u0142alno\u015bci gospodarczej. Wyzwoli\u0142a ona aktywno\u015b\u0107 wielu przedsi\u0119biorczych os\u00f3b i spowodowa\u0142a powstawanie wielu sklep\u00f3w prywatnych o estetycznym wygl\u0105dzie i z dobrym zaopatrzeniem. Pojawi\u0142y si\u0119 te\u017c grupy handlarzy zza wschodniej granicy. Pocz\u0105tkowo ulokowano ich przy ul. J. Lelewela i Ma\u0142ym Rynku, a od lutego 1990 r. przeniesiono na nowo otwarty czwartkowo-sobotni bazar na obiektach FKS \u201eStal\u201d. W 1992 r. oddano do u\u017cytku Hal\u0119 Targow\u0105 przy ul. Wolno\u015bci i r\u00f3wnocze\u015bnie zlikwidowano plac targowy przy ul. Dworcowej. Z biegiem lat 90. systematycznie mala\u0142a ilo\u015b\u0107 plac\u00f3wek handlu uspo\u0142ecznionego (w tym sp\u00f3\u0142dzielczego), a ros\u0142a ilo\u015b\u0107 sklep\u00f3w prywatnych, tak\u017ce w lokalach odebranych w 1950 r. na handel uspo\u0142eczniony. Istotnym wydarzeniem dla mieleckiego handlu by\u0142o otwarcie w 1996 r. okaza\u0142ego Centrum Handlowego \u201ePasa\u017c\u201d przy ul. Dworcowej. Rosn\u0105ca konkurencja spowodowa\u0142a wiele pozytywnych zmian w handlu, m.in. obfito\u015b\u0107 towar\u00f3w, estetyczne wn\u0119trza sklep\u00f3w i polepszenie jako\u015bci obs\u0142ugi. Wybudowano \u201eZielony rynek\u201d przy ul. Sandomierskiej na tradycyjnym miejscu handlu warzywami i owocami. Powsta\u0142o Mieleckie Towarzystwo Kupieckie. Przy ko\u0144cu lat 90. wprowadzi\u0142y si\u0119 do Mielca supermarkety: \u201eBiedronka\u201d (kapita\u0142 portugalski), \u201eJedynka\u201d (kapita\u0142 polski), \u201eSzalony Max\u201d \u2013 p\u00f3\u017aniej \u201eAlbert\u201d (kapita\u0142 niemiecki) i \u201eLider Market\u201d (kapita\u0142 niemiecki) i MiniMal (kapita\u0142 niemiecki) oraz A&amp;K (kapita\u0142 miejscowy). Spowodowa\u0142o to znaczne pogorszenie si\u0119 kondycji wielu ma\u0142ych sklep\u00f3w prywatnych, a cz\u0119sto nawet ich likwidacj\u0119. W pierwszych latach XXI w. systematycznie ros\u0142a dominacja supermarket\u00f3w. Wprawdzie zako\u0144czy\u0142 dzia\u0142alno\u015b\u0107 Sklep Polski Jedynka przy ul. Kazimierza Jagiello\u0144czyka, ale na jego miejscu powsta\u0142 o wiele wi\u0119kszy hipermarket TESCO, a p\u00f3\u017aniej jego filia przy al. Ducha \u015awi\u0119tego (wcze\u015bniej \u201eLider Market\u201d). Powsta\u0142y dwie sieci sklep\u00f3w wielkopowierzchniowych: A&amp;K (3 plac\u00f3wki) i \u201eBiedronka\u201d (6 plac\u00f3wek), a ponadto \u201eAura\u201d przy ul. E. Biernackiego 2, FRAC przy ul. A. Kocjana (wcze\u015bniej \u201eSzalony Max\u201d, \u201eAlbert\u201d i \u201eCarrefour\u201d) i \u201eSmoczka\u201d przy ul. W. Szafera. Funkcjonowa\u0142y nadal dwa du\u017ce zespo\u0142y prywatnych sklep\u00f3w i zak\u0142ad\u00f3w us\u0142ugowych \u2013 CHU \u201ePasa\u017c\u201d przy ul. Dworcowej i Hala Targowa przy ul. Wolno\u015bci. Zmniejsza\u0142a si\u0119 ilo\u015b\u0107 ma\u0142ych sklep\u00f3w prywatnych, g\u0142\u00f3wnie z artyku\u0142ami spo\u017cywczymi, przemys\u0142owymi i chemicznymi. Ros\u0142a natomiast ilo\u015b\u0107 sklep\u00f3w z zachodni\u0105 odzie\u017c\u0105 u\u017cywan\u0105. Coraz wi\u0119ksze znaczenie odgrywa\u0142y towary produkcji chi\u0144skiej, obecne w niemal ka\u017cdym sklepie odzie\u017cowym i przemys\u0142owym. Powsta\u0142o nawet kilka sklep\u00f3w chi\u0144skich, ale tylko DELIR Centrum Chi\u0144skie przy ul. Sienkiewicza 12 (czynny od 1 III 2012 r.) utrzyma\u0142 si\u0119 d\u0142u\u017cej na mieleckim rynku i po kilku latach zosta\u0142 zlikwidowany. Znaczn\u0105 rol\u0119 odgrywa\u0142y nadal targi czwartkowe i sobotnie na terenach MOSiR Mielec, najpierw przy stadionie g\u0142\u00f3wnym i na boiskach asfaltowych przy ul. L. Solskiego, a od wiosny 2013 r. na specjalnie przygotowanej p\u0142ycie targowej przy ul. Sportowej. Skokiem jako\u015bciowym mieleckiego handlu by\u0142o oddanie do u\u017cytku w 2016 r. kompleksu du\u017cych plac\u00f3wek handlowych przy ul. Powsta\u0144c\u00f3w Warszawy. W listopadzie tego roku otwarto pierwsz\u0105 galeri\u0119 z prawdziwego zdarzenia &#8211; &#8222;Navigator&#8221;, a nieco p\u00f3\u017aniej market &#8222;Leroy Merlin&#8221;. Troch\u0119 w cieniu tych wydarze\u0144 otwarto w tym czasie kolejny du\u017cy sklep mieleckiej sp\u00f3\u0142ki A&amp;K przy ul. Legion\u00f3w. Ofensywa A&amp;K trwa\u0142a nadal w 2017 r., bowiem nast\u0119pny sklep tej firmy otwarto w Centrum Handlowym &#8222;Smoczka&#8221;. Kolejny kompleks obiekt\u00f3w handlowych wyr\u00f3s\u0142 przy wje\u017adzie do Mielca, od strony zachodniej, przy kompleksie obiekt\u00f3w Reg-Benz i ul. Legion\u00f3w. W 2018 r. przy ul. Kazimierza Jagiello\u0144czyka i przeje\u017adzie przez tory kolejowe oddano do u\u017cytku kolejn\u0105 &#8222;Biedronk\u0119&#8221;. Systematycznie rozrastaj\u0105ca si\u0119 sie\u0107 handlowych plac\u00f3wek wielkopowierzchniowych spowodowa\u0142a likwidacj\u0119 wielu ma\u0142ych prywatnych sklep\u00f3w. W 2020 r., w zwi\u0105zku z pandemi\u0105 koronawirusa COVID-19, wprowadzono we wszystkich plac\u00f3wkach handlowych obowi\u0105zek zakrywania nosa i ust maseczkami. W sierpniu 2020 r. rozpocz\u0119\u0142a dzia\u0142alno\u015b\u0107 &#8222;\u017babka&#8221; w nowym budynku przy zbiegu ulic ks. P. Skargi i L. Staffa, a 31 VIII 2020 r. (o godz. 23,30 &#8211; jak skrz\u0119tnie kto\u015b odnotowa\u0142) zako\u0144czy\u0142 dzia\u0142alno\u015b\u0107 hipermarket Tesco przy ul. Kazimierza Jagiello\u0144czyka. Po 2010 r., a zw\u0142aszcza w okresie pandemii COVID-19 (2020, 2021) upowszechni\u0142y si\u0119 us\u0142ugi cateringowe, polegaj\u0105ce na dowo\u017ceniu towar\u00f3w i da\u0144 restauracyjnych na zam\u00f3wienie do dom\u00f3w. Po os\u0142abni\u0119ciu pandemii do ofensywy ruszy\u0142y plac\u00f3wki wielkopowierzchniowe. Przy zbiegu ulic S. Drzewieckiego i H. Sienkiewicza zbudowano i otwarto sklep niemieckiej firmy ALDI, a pod koniec 2022 r. rozpocz\u0105\u0142 dzia\u0142alno\u015b\u0107 zbudowany na terenie po Tesco park handlowy VENDO PARK z 13 sklepami r\u00f3\u017cnych firm. Bez wi\u0119kszego ha\u0142asu, ale konsekwentnie rozszerza\u0142a swoj\u0105 sie\u0107 &#8222;\u017babka&#8221;.<\/p>\r\n\r\n\r\n\r\n<p><strong><img loading=\"lazy\" decoding=\"async\" class=\"alignleft  wp-image-3366\" src=\"https:\/\/encyklopedia.mielec.pl\/wp-content\/uploads\/2022\/11\/Hanek-Franciszek-184x300.jpg\" alt=\"\" width=\"89\" height=\"145\" srcset=\"https:\/\/encyklopedia.mielec.pl\/wp-content\/uploads\/2022\/11\/Hanek-Franciszek-184x300.jpg 184w, https:\/\/encyklopedia.mielec.pl\/wp-content\/uploads\/2022\/11\/Hanek-Franciszek.jpg 238w\" sizes=\"auto, (max-width: 89px) 100vw, 89px\" \/>HANEK FRANCISZEK TADEUSZ (ksi\u0105dz)<\/strong>, urodzony 23 VII 1921 r. w Mielcu, syn Stanis\u0142awa i Julii z domu Kru\u017cel. Absolwent Pa\u0144stwowego Gimnazjum i Liceum im. S. Konarskiego w Mielcu, egzaminy maturalne zda\u0142 w 1945 r. Po uko\u0144czeniu studi\u00f3w na Wydziale Teologicznym Uniwersytetu Jagiello\u0144skiego w Krakowie \u2013 4 VI 1951 r. przyj\u0105\u0142 we Wroc\u0142awiu \u015bwi\u0119cenia kap\u0142a\u0144skie. W latach 1951-1953 pracowa\u0142 jako wikary w Boles\u0142awcu \u015al\u0105skim, a nast\u0119pnie we Wroc\u0142awiu. Od 1953 r., ju\u017c jako proboszcz, prowadzi\u0142 prac\u0119 duszpastersk\u0105 w parafiach diecezji wroc\u0142awskiej: Szewcach ko\u0142o Trzebnicy (3 lata), \u0141osiowie (15 lat) i Kostom\u0142otach (25 lat). Przyczyni\u0142 si\u0119 do odbudowy ze zniszcze\u0144 wojennych lub wyremontowania 13 ko\u015bcio\u0142\u00f3w i 1 kaplicy. By\u0142 ojcem duchownym. Pisa\u0142 artyku\u0142y do lokalnych pism ko\u015bcielnych. Otrzyma\u0142 godno\u015b\u0107 kanonika. W 1996 r. przeszed\u0142 na emerytur\u0119 i powr\u00f3ci\u0142 do rodziny w Mielcu. Jest rezydentem w parafii \u015bw. Mateusza w Mielcu. 23 VII 2021 r. rado\u015bnie i uroczy\u015bcie obchodzono 100-lecie Jego urodzin. Odznaczony Krzy\u017cem Komandorskim OOP. Zmar\u0142 7 XII 2021 r.<\/p>\r\n\r\n\r\n\r\n<p><strong><img loading=\"lazy\" decoding=\"async\" class=\"alignleft size-full wp-image-1317\" src=\"https:\/\/encyklopedia.mielec.pl\/wp-content\/uploads\/2022\/11\/hanek_leon.jpg\" alt=\"\" width=\"110\" height=\"150\" \/>HANEK LEON EDWARD<\/strong>, urodzony 19 IX 1925 r. w Mielcu, syn Stanis\u0142awa i Julii z domu Kru\u017cel. Absolwent Pa\u0144stwowego Gimnazjum i Liceum im. S. Konarskiego w Mielcu, egzaminy maturalne zda\u0142 w 1946 r. W 1952 r. uko\u0144czy\u0142 studia w zakresie muzykologii na Uniwersytecie Wroc\u0142awskim i uzyska\u0142 tytu\u0142 magistra, w 1954 r. uko\u0144czy\u0142 dyrygentur\u0119 w Pa\u0144stwowej Wy\u017cszej Szkole Muzycznej we Wroc\u0142awiu, w 1970 r. zako\u0144czy\u0142 przew\u00f3d kwalifikacyjny II stopnia, a w 1988 r. otrzyma\u0142 tytu\u0142 profesora. Dzia\u0142alno\u015b\u0107 artystyczn\u0105 rozpocz\u0105\u0142 w Bia\u0142ymstoku jako dyrektor i kierownik artystyczny Filharmonii Bia\u0142ostockiej (1956-1960), a prac\u0119 pedagogiczn\u0105 w 1960 r. w Akademii Muzycznej we Wroc\u0142awiu. W uczelni tej pracowa\u0142 do 1999 r., m.in. jako prorektor (1970-1978), kierownik Katedry Wychowania Muzycznego (1980-1996), dziekan Wydzia\u0142u Wychowania Muzycznego (1981-1986) i ponownie prorektor (1987-1990). W 1989 r. stworzy\u0142 w AM pierwszy w Polsce Zak\u0142ad Arteterapii. Wyk\u0142ada\u0142 tak\u017ce w Wy\u017cszej Szkole Pedagogicznej w Zielonej G\u00f3rze (1974-1980). Ponadto w latach 1960-1970 kierowa\u0142 redakcj\u0105 muzyczn\u0105 Rozg\u0142o\u015bni Polskiego Radia we Wroc\u0142awiu. By\u0142 kierownikiem artystycznym Festiwali: Moniuszkowskiego w Kudowie Zdroju (1961-1967) oraz Muzyki Rosyjskiej i Radzieckiej w L\u0105dku Zdroju (1966-1968), a tak\u017ce Og\u00f3lnopolskiego Przegl\u0105du i Festiwalu Zespo\u0142\u00f3w Amatorskich w Jeleniej G\u00f3rze (1963-1965). Bra\u0142 udzia\u0142 w organizacji Festiwali Chopinowskich w Dusznikach Zdroju (1961-1965). Zainicjowa\u0142 Festiwale Organowe we Wroc\u0142awiu (od 1964 r.).\u00a0W wielu konkursach muzycznych uczestniczy\u0142 jako juror. By\u0142 i pozostaje cz\u0142onkiem szeregu stowarzysze\u0144, m.in. Dolno\u015bl\u0105skiego Towarzystwa Muzycznego (od 1961 r.) i SPAM (od 1970 r.). W 1979 r. by\u0142 cz\u0142onkiem Instytutu Pedagogiki Muzycznej w Warszawie.\u00a0W jego dorobku tw\u00f3rczym znajduje si\u0119 ponad 80 prac z zakresu wychowania muzycznego, muzykoterapii, arteterapii i historii muzyki, zamieszczonych w wydawnictwach zbiorowych i czasopismach krajowych i zagranicznych. Opublikowa\u0142 ksi\u0105\u017cki: TRcje chopinowskie (Warszawa, 1980), Wroc\u0142awscy kompozytorzy, muzykolodzy i publicy\u015bci (Wroc\u0142aw, 1985) i monografi\u0119 Ignacy Feliks Dobrzy\u0144ski (Wroc\u0142aw 1980). Uprawia\u0142 publicystyk\u0119 radiow\u0105 i telewizyjn\u0105. Tworzy\u0142 tak\u017ce muzyk\u0119, g\u0142\u00f3wnie kameraln\u0105. Cz\u0119\u015b\u0107 kompozycji nagrano w PR Wroc\u0142aw w latach 1962-1970. Pisa\u0142 te\u017c muzyk\u0119 dla Teatru Lalek w Wa\u0142brzychu (1967-1969). Uzyska\u0142 m.in. I Nagrod\u0119\u00a0w konkursie na sygna\u0142 TV Wroc\u0142aw, II Nagrod\u0119 za piosenk\u0119 o Po\u0142czynie Zdroju (1968). Zdoby\u0142 I miejsce w konkursie Towarzystwa im. Fryderyka Chopina za publikacj\u0119\u00a0<em>Festiwale Chopinowskie w Dusznikach<\/em>\u00a0(1976) i I miejsce w Turnieju Uczelni Artystycznych (1980). Wyr\u00f3\u017cniony m.in. Krzy\u017cem Kawalerskim OOP (1985), Medalem 30-lecia Polskiego Radia Wroc\u0142aw (1976), Medalem Komisji Edukacji Narodowej, Odznak\u0105 \u201eZas\u0142u\u017cony Dzia\u0142acz Kultury\u201d, Br\u0105zowym Medalem za Zas\u0142ugi dla Obronno\u015bci Kraju oraz nagrodami Ministra Kultury i Sztuki I i II stopnia. Zmar\u0142 21 XI 2013 r. Pochowany na cmentarzu parafialnym w Borku Fa\u0142\u0119ckim przy ul. Zawi\u0142ej w Krakowie.<\/p>\r\n\r\n\r\n\r\n<p><strong>HANKE FRYDERYK,<\/strong> urodzony w 1864 r. Po uzyskaniu uprawnie\u0144 nauczycielskich pracowa\u0142 w IV Gimnazjum w Krakowie (1901-1905), a nast\u0119pnie w I Gimnazjum w Rzeszowie (1905-1906). W 1906 r. zosta\u0142 przeniesiony do Gimnazjum w Mielcu. Uczy\u0142 j\u0119zyk\u00f3w: \u0142aci\u0144skiego, niemieckiego i greckiego oraz kaligrafii i historii naturalnej (botanika). Od roku szkolnego 1909\/1910 by\u0142 nauczycielem, a nast\u0119pnie profesorem Gimnazjum w Wadowicach. Udziela\u0142 si\u0119 spo\u0142ecznie jako cz\u0142onek komitetu \u201ePatriotycznej Wojennej Zbi\u00f3rki Metali\u201d w Wadowicach. Przed rokiem szkolnym 1920\/1921 zosta\u0142 przeniesiony na stanowisko profesora w Gimnazjum Realnym w Chrzanowie. Dalsze losy nieznane.<\/p>\r\n\r\n\r\n\r\n<p><strong><img loading=\"lazy\" decoding=\"async\" class=\"alignleft  wp-image-1319\" src=\"https:\/\/encyklopedia.mielec.pl\/wp-content\/uploads\/2022\/11\/hansel_eryk_ks.jpg\" alt=\"\" width=\"84\" height=\"115\" \/>HANSEL ERYK<\/strong>, urodzony 10 VI 1941 r. w Bielsku-Bia\u0142ej. W latach 60. gra\u0142 w pi\u0142k\u0119 no\u017cn\u0105 w BBTS Bielsko. Do III-ligowej Stali Mielec przyby\u0142 w 1965 r. i przyczyni\u0142 si\u0119 do jej sukces\u00f3w latach 1969-1973: awansu do II ligi (1969), awansu do I ligi (1970), zwyci\u0119stwa w grupie mi\u0119dzynarodowego Pucharu Lata (1971), 5. miejsca w I lidze (1972) i mistrzostwa Polski (1973). By\u0142 obro\u0144c\u0105 i pe\u0142ni\u0142 funkcj\u0119 kapitana dru\u017cyny. Og\u00f3\u0142em w barwach Stali zagra\u0142 oko\u0142o 250 mecz\u00f3w, w tym w I lidze \u2013 74. W 1974 r. wyjecha\u0142 do Kanady i zamieszka\u0142 w pobli\u017cu Toronto. Pracowa\u0142 w zak\u0142adach samolotowych Boeinga. Gra\u0142 (m.in. z Henrykiem Ja\u0142och\u0105 i Krzysztofem Rze\u015bnym) w polonijnej dru\u017cynie Falcons Toronto i zdoby\u0142 z ni\u0105 mistrzostwo i Puchar Kanady. Rekordowo d\u0142ug\u0105 karier\u0119 sportow\u0105 zako\u0144czy\u0142 w 1988 r.\u00a0<\/p>\r\n<p>&nbsp;<\/p>\r\n\r\n\r\n\r\n<p><strong>HA\u0143DEREK MIECZYS\u0141AW WALENTY<\/strong>, urodzony 24 IX 1929 r. w Bielsku-Bia\u0142ej, syn Jana i Heleny ze Szklarskich. Absolwent Gimnazjum Mechanicznego (1948), Liceum Mechaniczno-Lotniczego w Bielsku-Bia\u0142ej (matura w 1951 r.) i Technicznej Szko\u0142y Wojsk Lotniczych w Zamo\u015bciu (1952). Po uko\u0144czeniu TSWL (w stopniu chor\u0105\u017cego) zosta\u0142 skierowany do pracy w 21 Przedstawicielstwie Wojskowym przy WSK Mielec. W tej instytucji pracowa\u0142, z ma\u0142\u0105 przerw\u0105, blisko 40 lat, przechodz\u0105c przez wszystkie stopnie, od stanowiska pomocnika Szefa PW do funkcji Szefa PW w stopniu pu\u0142kownika. Z racji pe\u0142nionych funkcji uczestniczy\u0142 w pracach komisji oceniaj\u0105cej walory techniczno-bojowe samolot\u00f3w produkowanych przez WSK Mielec na eksport. Bra\u0142 tak\u017ce udzia\u0142 w pr\u00f3bach seryjnych i kwalifikowanych tych\u017ce samolot\u00f3w. Uzyska\u0142 uprawnienia nawigatora wojskowego i wylata\u0142 3587 godzin na r\u00f3\u017cnych typach mieleckich samolot\u00f3w: An-2, An-28, TS-11 \u201eIskra\u201d i M-15. W 1964 r. uko\u0144czy\u0142 studia na Wydziale Mechanicznym Politechniki Krakowskiej i otrzyma\u0142 tytu\u0142 in\u017cyniera mechanika. W 1990 r. zako\u0144czy\u0142 s\u0142u\u017cb\u0119 wojskow\u0105. Poza prac\u0105 zawodow\u0105 uczestniczy\u0142 w r\u00f3\u017cnych formach dzia\u0142alno\u015bci spo\u0142ecznej. W 1955 r. by\u0142 wsp\u00f3\u0142za\u0142o\u017cycielem, a p\u00f3\u017aniej aktywnym cz\u0142onkiem Ko\u0142a \u0141owieckiego \u201eS\u0119p\u201d. Od 1991 r. nale\u017ca\u0142 do mieleckiego Ko\u0142a Zwi\u0105zku By\u0142ych \u017bo\u0142nierzy Zawodowych i tak\u017ce wyr\u00f3\u017cnia\u0142 si\u0119 aktywno\u015bci\u0105. Odznaczony m.in. Krzy\u017cem Kawalerskim OOP, Z\u0142otym Krzy\u017cem Zas\u0142ugi, Medalami 30-lecia i 40-lecia Polski Ludowej i licznymi odznaczeniami resortowymi. W 1986 r. wpisany do \u201eKsi\u0119gi Zas\u0142u\u017conych dla Miasta Mielca\u201d. Zmar\u0142 1 VIII 1999 r. Pochowany na cmentarzu komunalnym w Mielcu przy ul. Kr\u00f3lowej Jadwigi.<\/p>\r\n\r\n\r\n\r\n<p><strong><img loading=\"lazy\" decoding=\"async\" class=\"alignleft size-full wp-image-1318\" src=\"https:\/\/encyklopedia.mielec.pl\/wp-content\/uploads\/2022\/11\/hanko-jozef.jpg\" alt=\"\" width=\"110\" height=\"150\" \/>HA\u0143KO vel HA\u0143KA<\/strong>\u00a0(od 1995 r.)\u00a0<strong>J\u00d3ZEF JAN<\/strong>, urodzony 9 IV 1941 r. w Przymi\u0142owie, syn J\u00f3zefa i Stanis\u0142awy z Kaczorowskich. Uko\u0144czy\u0142 Technikum Budowy Maszyn w \u0141odzi z matur\u0105 w 1959 r., a nast\u0119pnie Techniczn\u0105 Oficersk\u0105 Szko\u0142\u0119 Wojsk Lotniczych w Ole\u015bnicy \u015al\u0105skiej i otrzyma\u0142 stopie\u0144 podchor\u0105\u017cego. S\u0142u\u017cy\u0142 w Jednostce Wojskowej w Miros\u0142awcu jako dow\u00f3dca klucza osprz\u0119tu lotniczego. Od 1967 r. studiowa\u0142 w Wojskowej Akademii Technicznej w Warszawie (kierunek: uzbrojenie lotnicze) i w 1971 r. uzyska\u0142 tytu\u0142 magistra in\u017cyniera. W latach 1971-1982 pracowa\u0142 jako starszy wyk\u0142adowca w Centralnym O\u015brodku Specjalist\u00f3w Technicznych Wojsk Lotniczych w Ole\u015bnicy \u015al\u0105skiej. W 1982 r. zosta\u0142 przeniesiony do 21 Przedstawicielstwa Wojskowego\u00a0w Mielcu na stanowisko samodzielnego specjalisty ERNOiUL (elektro-radio-nawigacja-osprz\u0119t i uzbrojenie lotnicze) i in\u017cyniera pok\u0142adowego. W 1996 r. przeszed\u0142 na emerytur\u0119 w stopniu podpu\u0142kownika rezerwy Wojska Polskiego. Dzia\u0142a\u0142 spo\u0142ecznie w Zwi\u0105zku By\u0142ych \u017bo\u0142nierzy Zawodowych WP, a nast\u0119pnie w Zwi\u0105zku \u017bo\u0142nierzy Wojska Polskiego jako cz\u0142onek zarz\u0105du \u2013 skarbnik Ko\u0142a w Mielcu. Wyr\u00f3\u017cniony m.in. Z\u0142otym Krzy\u017cem Zas\u0142ugi i medalami resortowymi. Zmar\u0142 10 VII 2014 r. Pochowany na cmentarzu w \u0141odzi.<\/p>\r\n\r\n\r\n\r\n<p><strong><img loading=\"lazy\" decoding=\"async\" class=\"alignleft  wp-image-3368\" src=\"https:\/\/encyklopedia.mielec.pl\/wp-content\/uploads\/2022\/11\/Haptas-Krzysztof.jpg\" alt=\"\" width=\"126\" height=\"158\" \/>HAPTA\u015a KRZYSZTOF<\/strong>, urodzony w 1975 r. w Mielcu, syn Stanis\u0142awa i Marii. absolwent I Liceum Og\u00f3lnokszta\u0142c\u0105cego im. S. Konarskiego w Mielcu z matur\u0105 w 1994 r. Studiowa\u0142 na Uniwersytecie Marii Curie-Sk\u0142odowskiej w Lublinie, na kierunkach: bibliotekoznawstwo i informacja naukowo-techniczna (magister, 1999 r.) oraz historia (magister, 2002 r.).\u00a0 W 2023 r. na podstawie rozprawy doktorskiej pt. <em>Mielec i jego mieszka\u0144cy na \u0142amach &#8222;Czasu&#8221; i &#8222;Gazety Lwowskiej&#8221; w latach 1867-1914<\/em> uzyska\u0142 na Uniwersytecie Papieskim Jana Paw\u0142a II w Krakowie stopie\u0144 doktora nauk humanistycznych w dyscyplinie historia. Jest d\u0142ugoletnim pracownikiem merytorycznym Samorz\u0105dowego Centrum Kultury\u00a0 w Mielcu, najpierw Miejskiej Biblioteki Publicznej SCK, a od 2003 r. Muzeum Regionalnego SCK. Od 2019 r. pe\u0142ni funkcj\u0119 kierownika Muzeum Historii Regionalnej \u201ePa\u0142acyk Oborskich\u201d. Jest przewodnikiem wycieczek po Mielcu, wsp\u00f3\u0142organizatorem i uczestnikiem wielu konferencji naukowych, g\u0142\u00f3wnie na terenie Podkarpacia. Autor i wsp\u00f3\u0142autor scenariuszy wystaw i imprez muzealnych. Cz\u0142onek redakcji \u201eRocznika Mieleckiego\u201d od 2007 r. i autor wielu artyku\u0142\u00f3w w tym periodyku, m.in. biogram\u00f3w, przyczynk\u00f3w i komunikat\u00f3w. Systematycznie wsp\u00f3\u0142pracuje z licznymi czasopismami naukowymi i popularnonaukowymi. Jest autorem, wsp\u00f3\u0142autorem i redaktorem ponad 300 artyku\u0142\u00f3w naukowych, popularnonaukowych oraz ksi\u0105\u017cek, m.in.:<em>\u00a0Liber copulatorum parafii pw. \u015bw. Mateusza Aposto\u0142a i Ewangelisty w Mielcu 1762-1777<\/em> (z Piotrem Miodunk\u0105, Mielec 2006); <em>Dzieje lokalne po\u015br\u00f3d wydarze\u0144 i proces\u00f3w historycznych. Materia\u0142y z sesji naukowej zorganizowanej pod patronatem honorowym Uniwersytetu Jagiello\u0144skiego, wydane z okazji 550. Rocznicy zezwolenia kr\u00f3lewskiego na za\u0142o\u017cenie miasta Mielca<\/em> (red., Mielec 2007); <em>Zarys historii Parafii pw. \u015bw. Mateusza Aposto\u0142a i Ewangelisty w Mielcu<\/em> (z Piotrem Miodunk\u0105, Mielec 2011); <em>Zarys historii Bursy gimnazjalnej im. ks. Stanis\u0142awa Konarskiego w Mielcu<\/em> (Mielec 2012); <em>Karol Popiel (1887-1977). Polityk z Galicji<\/em> (red, Mielec 2012); <em>Walenty Dzia\u0142owski (1848-1918). Rzemie\u015blnik. Powstaniec styczniowy. Ojciec rodziny<\/em> (Mielec 2013); <em>Kronika parafii Rzoch\u00f3w 1837-1971<\/em> ( Kolbuszowa 2014); <em>Ko\u015bci\u00f3\u0142 parafialny pw. \u015bw. Wojciecha Biskupa M\u0119czennika w Gaw\u0142uszowicach<\/em> (Gaw\u0142uszowice 2015); <em>Ko\u015bci\u00f3\u0142 parafialny pw. Wniebowzi\u0119cia Naj\u015bwi\u0119tszej Maryi Panny w Przec\u0142awiu<\/em> (Przec\u0142aw 2016); <em>Organy i organi\u015bci Parafii pw. \u015bw. Marka Ewangelisty w Rzochowie<\/em> (Mielec 2017); <em>Sanktuarium Matki Bo\u017cej Kr\u00f3lowej Rodzin Pani Ziemi Mieleckiej<\/em> (z Markiem Graniczkowskim, Mielec 2017); <em>Wiara i tradycja. Gaw\u0142uszowice. Parafia z osiemsetletni\u0105 histori\u0105<\/em> (Gaw\u0142uszowice 2020); <em>Mielecka podr\u00f3\u017c w czasie 1470-2020. 55 historii na 550 lat miasta Mielca<\/em> (red., Mielec 2020); <em>Proboszczowie Parafii pw. \u015bw. Wojciecha Biskupa i M\u0119czennika w Gaw\u0142uszowicach. Osiem stuleci pos\u0142ugi duszpasterskiej (XIII-XXI),<\/em> Gaw\u0142uszowice 2022; <em>Mielec w PRL. Od A do Z,<\/em> red. K. Hapta\u015b, Mielec 2023; <em>Miasto. Region. Ludzie. W 550. rocznic\u0119 lokacji miasta Mielca 1470-2020,<\/em> red. K. Hapta\u015b, Mielec 2023; <em>Ziemia baranowska i jej mieszka\u0144cy. Zarys dziej\u00f3w. Cz\u0119\u015b\u0107 I<\/em>, red. K. Hapta\u015b, Baran\u00f3w Sandomierski 2024. Cz\u0142onek Komisji ds. Dziedzictwa Diecezji Tarnowskiej V Synodu Diecezji Tarnowskiej (2018-2023). Uczestnik grantu badawczego pt. \u201eCh\u0142opi wobec kryzys\u00f3w \u017cywno\u015bciowych od XVII do po\u0142owy XIX wieku (na przyk\u0142adzie po\u0142udniowej Polski)\u201d, kierowanego przez dr. Piotra Miodunk\u0119 z Uniwersytetu Ekonomicznego w Krakowie. Laureat Nagrody im. dra Kazimierza Skowro\u0144skiego przyznanej przez Zarz\u0105d Regionalnego Towarzystwa Kultury im. Juliana Macieja Goslara w Kolbuszowej (2017 r.).<\/p>\r\n<p><strong>HAPTA\u015a MARIA (z domu DEPA),<\/strong> urodzona 1 V 1935 r. w Hucinie, powiat kolbuszowski, c\u00f3rka J\u00f3zefa i Heleny z domu Antoszczak. Absolwentka Pa\u0144stwowej Og\u00f3lnokszta\u0142c\u0105cej Szko\u0142y Stopnia Licealnego w Kolbuszowej z matur\u0105 w 1953 r. i kursu pedagogicznego w tym samym roku. Pierwszym miejscem jej pracy nauczycielskiej by\u0142a Szko\u0142a Podstawowa w Trz\u0119s\u00f3wce (1953-1954), a nast\u0119pnie uczy\u0142a w szko\u0142ach podstawowych w Ostrowach Baranowskich (1954-1958), Siedlance (1958-1962) i Tuszymie (1962-1964). W 1958 r. uko\u0144czy\u0142a Zaoczne Studium Nauczycielskie na kierunku matematyczno-fizycznym w Rzeszowie. Od roku szkolnego 1964\/1965 zosta\u0142a zatrudniona w Szkole Podstawowej nr 3 im. Gen. Karola \u015awierczewskiego \u201eWaltera\u201d w Mielcu jako nauczycielka matematyki. W 1969 r. uko\u0144czy\u0142a studia w zakresie matematyki na Wydziale Matematyczno-Fizycznym i Wychowania Technicznego Wy\u017cszej Szko\u0142y Pedagogicznej w Rzeszowie z tytu\u0142em magistra matematyki. Wyr\u00f3\u017cnia\u0142a si\u0119 wynikami uczni\u00f3w i aktywno\u015bci\u0105 w zakresie doskonalenia warsztatu pedagogicznego, tote\u017c powierzono jej funkcj\u0119 kierownika ogniska metodycznego w Mielcu. W latach 1972-1975 by\u0142a powiatowym wizytatorem \u2013 metodykiem Wydzia\u0142u O\u015bwiaty i Wychowania Urz\u0119du Powiatowego w Mielcu. Po likwidacji powiat\u00f3w (1975) zosta\u0142a zatrudniona od roku szkolnego 1975\/1976 w II Liceum Og\u00f3lnokszta\u0142c\u0105cym im. M. Kopernika jako nauczycielka matematyki. Zorganizowa\u0142a i prowadzi\u0142a pracowni\u0119 matematyki. Uhonorowana zosta\u0142a m.in. Z\u0142otym Krzy\u017cem Zas\u0142ugi i nagrodami Kuratora O\u015bwiaty i Wychowania w Rzeszowie. Na emerytur\u0119 przesz\u0142a w1984 r., ale jeszcze do 1991 r. pracowa\u0142a w II LO w niepe\u0142nym wymiarze godzin. Zmar\u0142a 30 IX 2019 r. i zosta\u0142a pochowana na Cmentarzu Komunalnym w Mielcu przy ul. Kr\u00f3lowej Jadwigi.<\/p>\r\n\r\n\r\n\r\n<p><strong>HARCBAT<\/strong>, bieg harcerski organizowany od 1989 r. przez 14 Mieleck\u0105 Dru\u017cyn\u0119 Harcerzy \u201eHADES\u201d im. Gen. Stanis\u0142awa Sosabowskiego Zwi\u0105zku Harcerstwa Rzeczypospolitej. Odbywa\u0142 si\u0119 wiosn\u0105 na terenach le\u015bnych w okolicach Mielca i by\u0142 rozpocz\u0119ciem sezonu wiosennych w\u0119dr\u00f3wek. Ka\u017cdorazowo trwa\u0142 trzy dni i posiada\u0142 r\u00f3\u017cn\u0105 tematyk\u0119, m.in.: Oddzia\u0142 Partyzancki \u201eJ\u0119drusie\u201d, Kosmos, Zjazd Gnie\u017anie\u0144ski, Market Garden, Akcja pod Arsena\u0142em. Na program sk\u0142ada\u0142y si\u0119: le\u015bny bieg na orientacj\u0119, konkursy i festiwal piosenki harcerskiej. Uczestnikami by\u0142y dotychczas dru\u017cyny ZHR i ZHP z Mielca oraz z innych miast. Baz\u0105 biegu by\u0142 najcz\u0119\u015bciej obiekt Szko\u0142y Podstawowej Nr 13 im. Jana Bytnara \u201eRudego\u201d w Mielcu.<\/p>\r\n\r\n\r\n\r\n<p><strong>HARCERSKA AKCJA LETNIA<\/strong>, skoordynowana organizacja letniego wypoczynku dla harcerzy i zuch\u00f3w, g\u0142\u00f3wnie w formach wyjazdowych oboz\u00f3w harcerskich i kolonii zuchowych oraz zaj\u0119\u0107 harcerskich i zuchowych w miejscu zamieszkania (\u201eNieobozowa Akcja Letnia\u201d). Pierwszy letni sta\u0142y ob\u00f3z harcerski zorganizowa\u0142a mielecka Komenda Hufca ZHP w lipcu 1926 r. w Barcicach k\/Nowego S\u0105cza. W kolejnych latach organizowano obozy sta\u0142e, m.in. w \u0141\u0105cku k\/Nowego S\u0105cza, Zawadzie k\/D\u0119bicy, Mszanie Dolnej, Dobrej k\/Limanowej, Sidzinie k\/Jordanowa i Starym S\u0105czu oraz w\u0119drowne, m.in. na Huculszczy\u017anie. Od 1930 r. prowadzono \u017ce\u0144skie kolonie harcerskie, m.in. w Mszanie G\u00f3rnej, Majdanie k\/Lwowa i \u0141u\u017cnej k\/Gorlic. Ostatni ob\u00f3z przed wybuchem wojny zorganizowano w Hykach-D\u0119biakach (28 VI-12 VII 1939 r.). Ponadto mieleccy harcerze uczestniczyli w og\u00f3lnopolskich zlotach harcerskich, np. w Poznaniu (1929 r.). Po wyzwoleniu spod okupacji hitlerowskiej, ze wzgl\u0119du na brak odpowiedniego sprz\u0119tu, nie organizowano oboz\u00f3w, ale poszczeg\u00f3lne dru\u017cyny wyrusza\u0142y na letnie w\u0119dr\u00f3wki lub biwaki. Wznowienie organizacji letnich oboz\u00f3w harcerskich przez Komend\u0119 Hufca ZHP nast\u0105pi\u0142o w roku 1957; \u017ce\u0144ski ob\u00f3z ulokowa\u0142 si\u0119 w Szymbarku, a m\u0119ski w Sichowie. Od tego czasu co roku akcja organizacji oboz\u00f3w harcerskich prowadzona by\u0142a systematycznie i z coraz wi\u0119kszym rozmachem, a miejscami oboz\u00f3w by\u0142y m.in.: Jab\u0142onki, Cisna, Dwernik, Wetlina, Ostoj\u00f3w, Tursko, U\u015bcie k\/Gorlic, Rebizanty n\/Tanwi\u0105, Dar\u0142owek, Majdan Sopocki, P\u0142aska, Krempna, Chotowa k\/D\u0119bicy, Zyndranowa (wielokrotnie), Drawsko Pomorskie i Widowo. Od 1986 r. obozy organizowane s\u0105 na terenie sta\u0142ej bazy KH ZHP Mielec w B\u0142otach Karwie\u0144skich nad Morzem Ba\u0142tyckim. Poza turnusami dla harcerzy i zuch\u00f3w udost\u0119pniano baz\u0119 dla zorganizowanych grup dzieci i m\u0142odzie\u017cy oraz prowadzono \u201ehotelik\u201d dla go\u015bci, a dochody przeznaczano na zakup wyposa\u017cenia i najpilniejsze potrzeby hufca. Od 1958 r. uczestniczono te\u017c w og\u00f3lnopolskich harcerskich akcjach letnich, m.in.: w Operacji Bieszczady (mieleccy harcerze pracowali przy Sztabie Centralnym i prowadzili \u201ehotelik dla go\u015bci\u201d) i Operacji \u201eFrombork 1001\u201d oraz w Zlocie Grunwaldzkim. Opr\u00f3cz oboz\u00f3w organizowano wielokrotnie kolonie zuchowe i stanice harcerskie dla dochodz\u0105cych (w podmieleckich lasach) oraz codzienne zaj\u0119cia w pawilonie KH ZHP przy ul. A. Asnyka. Od 1989 r. odr\u0119bn\u0105 \u201eharcersk\u0105 akcj\u0119 letni\u0105\u201d prowadzi\u0142y tak\u017ce mieleckie Hufce ZHR \u2013 \u017be\u0144ski i M\u0119ski. Organizowa\u0142y one letnie obozy, biwaki i kolonie wy\u0142\u0105cznie dla dru\u017cyn prowadz\u0105cych dzia\u0142alno\u015b\u0107 w roku szkolnym, oddzielnie dla harcerek i harcerzy. W latach 1989-2000 mieleckie dru\u017cyny ZHR wyje\u017cd\u017ca\u0142y m.in. do: Papierni k\/Rzemienia, Olsztyka k\/Cz\u0119stochowy, \u017bycin, Gabonia, Jab\u0142onicy Ruskiej, Folusza, Cieklina, Bodak\u00f3w, Brz\u00f3zy Kr\u00f3lewskiej, \u017bydowskich, Lipin, Momot\u00f3w G\u00f3rnych, Ro\u017cnowa, Arco we W\u0142oszech, Toporowa, Harasiuk\u00f3w, Huty Komorowskiej, Wylowa, Kro\u015bcienka, Jab\u0142onki Orawskiej, Lednicy, Gr\u00f3dka i Roveretto w Dolomitach (W\u0142ochy). Ponadto od wielu lat KH ZHP organizuje p\u00f3\u0142kolonie w czasie letnich wakacji.(Dzia\u0142alno\u015b\u0107 ZHR dok\u0142adniej opisana w oddzielnym ha\u015ble.)<\/p>\r\n\r\n\r\n\r\n<p><strong>HARCERSKA \u201eBIA\u0141A S\u0141U\u017bBA\u201d \u2013 SPRAWNO\u015a\u0106 \u201eBIA\u0141EJ S\u0141U\u017bBY\u201d<\/strong>, sprawno\u015b\u0107 harcerska zdobywana w czasie pielgrzymek papie\u017ca Jana Paw\u0142a II do Polski. Posiada ona dwa wymiary: duchowy, bowiem daje mo\u017cliwo\u015b\u0107 niepowtarzalnego i bezpo\u015bredniego zapoznania si\u0119 z nauk\u0105 Ko\u015bcio\u0142a, g\u0142oszon\u0105 przez samego Ojca \u015awi\u0119tego, a tak\u017ce fizyczny, poniewa\u017c daje harcerzom szans\u0119 pracy na rzecz innego cz\u0142owieka, np. pe\u0142nienie s\u0142u\u017cby porz\u0105dkowej, sanitarnej i informacyjnej, udzielanie pomocy zagubionym dzieciom i osobom doros\u0142ym, roznoszenie wody i wykonywanie innych prac wynikaj\u0105cych z potrzeb organizacyjnych. Wymy\u015blona zosta\u0142a przez niezale\u017cne \u015brodowiska harcerskie przed II pielgrzymk\u0105 (1983 r.). Pierwsze zadania \u201eBia\u0142ej S\u0142u\u017cby\u201d realizowane by\u0142y w\u0142a\u015bnie w czasie II pielgrzymki, w Cz\u0119stochowie. Mieleccy harcerze brali w niej udzia\u0142 po raz pierwszy w czasie III pielgrzymki (1987 r.) na spotkaniu z Ojcem \u015awi\u0119tym w Tarnowie. \u201eBia\u0142\u0105 S\u0142u\u017cb\u0119\u201d pe\u0142nili tak\u017ce w czasie IV pielgrzymki Jana Paw\u0142a II (1991 r.) na spotkaniach w Rzeszowie i Przemy\u015blu. \u201eBS\u201d prowadzono tak\u017ce podczas VI \u015awiatowego Dnia M\u0142odzie\u017cy na Jasnej G\u00f3rze w Cz\u0119stochowie i tam r\u00f3wnie\u017c pracowali harcerze z Mielca (oko\u0142o 80 os\u00f3b). Podobnie by\u0142o na Jubileuszowym Zlocie 80-lecia Harcerstwa w Olsztynie k\/Cz\u0119stochowy. W 1993 r., z inicjatywy ZHR, \u201eBS\u201d pe\u0142niona by\u0142a poza granicami Polski \u2013 na Litwie i \u0141otwie. Dwa lata p\u00f3\u017aniej, kiedy Jan Pawe\u0142 II\u00a0w czasie pielgrzymki do Czech go\u015bci\u0142 w Skoczowie, oko\u0142o 80 mieleckich harcerek i harcerzy pe\u0142ni\u0142o s\u0142u\u017cb\u0119 w trudnych warunkach atmosferycznych. W czasie VI pielgrzymki (czerwiec 1997 r.) grupa harcerek ZHR pe\u0142ni\u0142a \u201eBS\u201d na Kongresie Eucharystycznym we Wroc\u0142awiu, a nast\u0119pnie w Kro\u015bnie pracowali harcerze z obu mieleckich organizacji harcerskich \u2013 ZHR i ZHP. Na sektorze obs\u0142ugiwanym przez ZHR mieleccy harcerze zawiesili transparent z napisem: \u201eZwi\u0105zek Harcerstwa Rzeczypospolitej \u2013 Czuwamy\u201d. W przem\u00f3wieniu po Mszy \u015aw. Jan Pawe\u0142 II nawi\u0105za\u0142 do tre\u015bci napisu i powiedzia\u0142: \u201ePatrz\u0105c na harcerskie czuwaj m\u00f3wi\u0119 wszystkim \u2013 czuwajcie\u201d. Kolejny raz pe\u0142niono s\u0142u\u017cb\u0119 w czerwcu 1999 r. w czasie VII pielgrzymki, najpierw na uroczysto\u015bciach w Krakowie i Starym S\u0105czu, a nast\u0119pnie w Sandomierzu, gdzie wsp\u00f3\u0142organizatorem \u201eBS\u201d by\u0142 Podkarpacki Okr\u0119g ZHR. Tam s\u0142u\u017cb\u0119 wykonywa\u0142o oko\u0142o 100 harcerek i harcerzy z Mielca.<\/p>\r\n\r\n\r\n\r\n<p><strong>HARCERSKI RAJD PO ZIEMI MIELECKIEJ<\/strong>, coroczny rajd pieszy organizowany od 1972 r. przez Komend\u0119 Hufca Zwi\u0105zku Harcerstwa Polskiego w Mielcu. Jego trasy przebiega\u0142y ka\u017cdorazowo przez ziemi\u0119 mieleck\u0105, a zw\u0142aszcza przez tereny le\u015bne. Uczestnikami by\u0142y nie tylko dru\u017cyny z Mielca i okolic, ale tak\u017ce z innych miast i miejscowo\u015bci wojew\u00f3dztwa rzeszowskiego (p\u00f3\u017aniej podkarpackiego). W ka\u017cdym rajdzie bra\u0142o udzia\u0142 kilkaset harcerek i harcerzy, np. w rajdzie inauguracyjnym oko\u0142o 400. W czasie rajdu prowadzona by\u0142a rywalizacja w zakresie umiej\u0119tno\u015bci praktycznych i sprawno\u015bciowych. W organizacji tego du\u017cego przedsi\u0119wzi\u0119cia ka\u017cdorazowo pomaga\u0142y dyrekcje szk\u00f3\u0142 i mieszka\u0144cy miejscowo\u015bci, przez kt\u00f3re przechodzi\u0142 rajd. Zako\u0144czenie imprezy odbywa\u0142o si\u0119 zwykle na terenie Mielca w formie apelu, od po\u0142owy lat 90. poprzedzonego polow\u0105 Msz\u0105 \u015awi\u0119t\u0105, z udzia\u0142em rodzic\u00f3w harcerzy i zuch\u00f3w oraz innych przyjaci\u00f3\u0142 harcerstwa. W p\u00f3\u017aniejszych latach rajd nie odbywa\u0142 regularnie, np. w 2015 r. mia\u0142 numer 38. i przebiega\u0142 pod has\u0142em &#8222;12 zada\u0144 Herkulesa&#8221; z fina\u0142em z Zespole Szk\u00f3\u0142 w Woli Mieleckiej.<\/p>\r\n\r\n\r\n\r\n<p><strong>HARCERSTWO<\/strong>, polski ruch spo\u0142eczno-wychowawczy zwany pocz\u0105tkowo skautingiem, zorganizowany w latach 1910-1911, na wz\u00f3r skautingu stworzonego przez angielskiego genera\u0142a Roberta Stephensona Smytha Boden-Powella w latach 1907-1908. Ideologia polskiego skautingu zamyka\u0142a si\u0119 w s\u0142owach \u201eS\u0142u\u017cba Bogu, Ojczy\u017anie, Bli\u017anim\u201d. Du\u017cy wp\u0142yw na jego program dydaktyczno-wychowawczy mia\u0142y tak\u017ce ideologie Polskiego Towarzystwa Gimnastycznego \u201eSok\u00f3\u0142\u201d, tajnej organizacji niepodleg\u0142o\u015bciowej \u201eZarzewie\u201d i stowarzyszenia abstynenckiego \u201eEleusis\u201d. W Mielcu pierwsza dru\u017cyna skautowa powsta\u0142a ju\u017c w pa\u017adzierniku 1911 r. Jej za\u0142o\u017cycielem by\u0142 nauczyciel c.k Gimnazjum Pa\u0144stwowego w Mielcu Franciszek Siorek, a cz\u0142onkami \u2013 uczniowie tego\u017c gimnazjum. Za patrona przyj\u0119to Tadeusza Ko\u015bciuszk\u0119, a pe\u0142na jej nazwa brzmia\u0142a: I Mielecka Dru\u017cyna Skautowa im. T. Ko\u015bciuszki w gnie\u017adzie Polskiego Towarzystwa Gimnastycznego \u201eSok\u00f3\u0142\u201d w Mielcu. Dzia\u0142alno\u015b\u0107 prowadzona by\u0142a oficjalnie, za wiedz\u0105 dyrekcji i w\u0142adz o\u015bwiatowych, w ramach dzia\u0142alno\u015bci dydaktyczno-wychowawczej szko\u0142y. Po utworzeniu dru\u017cyna zosta\u0142a zg\u0142oszona do Zwi\u0105zkowego Naczelnictwa Skautowego we Lwowie, kt\u00f3re mianowa\u0142o F. Siorka dru\u017cynowym. 16 III 1912 r. w\u0142\u0105czona zosta\u0142a w struktur\u0119 PTG \u201eSok\u00f3\u0142\u201d w Mielcu, kt\u00f3ry mianowa\u0142 F. Siorka komendantem dru\u017cyny, a Stefana Chciuka i J\u00f3zefa Ziemskiego (nauczycieli gimnazjalnych i cz\u0142onk\u00f3w \u201eSoko\u0142a\u201d) \u2013 instruktorami. W latach 1912-1914 dru\u017cyna umacnia\u0142a si\u0119 organizacyjnie i prowadzi\u0142a \u017cyw\u0105 dzia\u0142alno\u015b\u0107. Wspierali j\u0105 tak\u017ce duchowni \u2013 przez pewien czas jej kapelanem by\u0142 ks. Roman Sitko. Zast\u0119py liczy\u0142y od 8 do 12 cz\u0142onk\u00f3w i przyjmowa\u0142y za swe god\u0142a nazwy zwierz\u0105t (Wilk, Jastrz\u0105b, Orze\u0142 itp.). Regulaminowy str\u00f3j sk\u0142ada\u0142 si\u0119 z zielonego mundurka i kapelusza oraz pasa, a wyposa\u017ceniem by\u0142a laska (150 cm) i plecak. Pozdrawiano si\u0119 przy\u0142o\u017ceniem do kapelusza prawej d\u0142oni z wyprostowanymi trzema palcami i odpowiadano s\u0142owem \u201eczuwaj\u201d. Surowe zasady (np. ca\u0142kowity zakaz picia alkoholu i palenia tytoniu) oraz trudna, ale ciekawa i urozmaicona dzia\u0142alno\u015b\u0107 (zw\u0142aszcza \u0107wiczenia w terenie, zbli\u017cone skal\u0105 trudno\u015bci do wojskowych) oraz marzenia o udziale w wywalczeniu niepodleg\u0142o\u015bci dla Polski fascynowa\u0142y m\u0119sk\u0105 m\u0142odzie\u017c, tote\u017c dru\u017cyna wci\u0105\u017c si\u0119 powi\u0119ksza\u0142a. Nagrod\u0105 za wyrzeczenia i dobre sprawowanie by\u0142y wycieczki, m.in. do Krynicy Zdroju, Sandomierza i Warszawy oraz na W\u0119gry. Pierwsze \u015blubowanie skautowe odby\u0142o si\u0119 31 V 1912 r. Wraz z rozwojem mieleckiego gimnazjum rozwija\u0142y si\u0119 r\u00f3\u017cne organizacje m\u0142odzie\u017cowe, w tym konspiracyjne organizacje niepodleg\u0142o\u015bciowe: \u201eZarzewie\u201d, \u201eOrze\u0142 Bia\u0142y\u201d- ?, \u201eZwi\u0105zek Jastrz\u0119bi\u201d, \u201eKo\u0142o Filaret\u00f3w\u201d, \u201ePromie\u0144\u201d, \u201eTeka\u201d, \u201ePrzebojem\u201d, \u201e\u015awit\u201d. Po wybuchu I wojny \u015bwiatowej i rozpocz\u0119ciu przez J\u00f3zefa Pi\u0142sudskiego formowania polskiego wojska, grupa nauczycieli i uczni\u00f3w gimnazjalnych \u2013 cz\u0142onk\u00f3w dru\u017cyny skautowej &#8211; znalaz\u0142a si\u0119 w szeregach Legion\u00f3w Polskich i walczy\u0142a na r\u00f3\u017cnych frontach, a nast\u0119pnie bra\u0142a udzia\u0142 w wojnie polsko-bolszewickiej. Mobilizacj\u0105 obj\u0119to tak\u017ce F. Siorka, kt\u00f3ry przekaza\u0142 prowadzenie dru\u017cyny W\u0142odzimierzowi Kondratiukowi. W latach 1914-1915, kiedy przez Mielec kilkakrotnie przetoczy\u0142 si\u0119 front, nie prowadzono dzia\u0142alno\u015bci. Pr\u00f3bowa\u0142 j\u0105 wznowi\u0107 w roku szkolnym 1915\/1916 Stanis\u0142aw Franciszek Piechoci\u0144ski, ale pr\u00f3ba nie powiod\u0142a si\u0119. Na dodatek w czasie pobytu wojsk obu walcz\u0105cych stron w Mielcu zagin\u0105\u0142 ca\u0142y maj\u0105tek dru\u017cyny. Wiosn\u0105 1917 r. prowadzenia dru\u017cyny podj\u0119li si\u0119 J\u00f3zef Gnida i Jan Bohdan Wronka, a opiek\u0119 z ramienia Rady Pedagogicznej powierzono J\u00f3zefowi Niemcowi. Rok p\u00f3\u017aniej J. Gnida (dru\u017cynowy) i Jan Boles\u0142aw Gallus (zast\u0119pca) zintensyfikowali prac\u0119 dru\u017cyny i urz\u0105dzili izb\u0119 harcersk\u0105 oraz zakupili najpotrzebniejszy sprz\u0119t. Po odej\u015bciu J. Gnidy do wojska dru\u017cyn\u0119 przej\u0105\u0142 J. B. Gallus, kt\u00f3ry w 1919 r. tak\u017ce podj\u0105\u0142 s\u0142u\u017cb\u0119 w Wojsku Polskim. Kolejnym dru\u017cynowym zosta\u0142 Marian Jan Lubaska. W 1918 r., przed odzyskaniem niepodleg\u0142o\u015bci przez Polsk\u0119, powsta\u0142 Zwi\u0105zek Harcerstwa Polskiego i jeszcze w tym samym roku utworzy\u0142 struktury terenowe. (Odt\u0105d dotychczasowych skaut\u00f3w nazywano oficjalnie harcerzami. Nazwa harcerz powsta\u0142a od s\u0142owa harc = pojedynek rycerzy ochotnik\u00f3w przed bitw\u0105, popis zr\u0119czno\u015bci, zabawa.) Ros\u0142a popularno\u015b\u0107 harcerstwa, tote\u017c w 1918 r. ks. Jan Dec i Edward Krymski za\u0142o\u017cyli Dru\u017cyn\u0119 Rzemie\u015blnicz\u0105 im. Jana Kili\u0144skiego dla ch\u0119tnych spoza gimnazjum, m.in. uczni\u00f3w (terminator\u00f3w) zak\u0142ad\u00f3w rzemie\u015blniczych i szko\u0142y m\u0119skiej. Z pocz\u0105tkiem roku szkolnego 1919\/1920 rozpocz\u0119\u0142a dzia\u0142alno\u015b\u0107 \u017be\u0144ska Dru\u017cyna Harcerek im. Emilii Plater przy Prywatnym Seminarium Nauczania \u017be\u0144skiego w Mielcu. Pierwsz\u0105 dru\u017cynow\u0105 zosta\u0142a Stanis\u0142awa W\u00f3jcik\u00f3wna. W 1921 r. rozpocz\u0119\u0142a dzia\u0142alno\u015b\u0107 II \u017be\u0144ska Dru\u017cyna Harcerek im. Marii Konopnickiej. Dru\u017cyna m\u0119ska, po powrocie J. Gallusa z wojny polsko-bolszewickiej, tak\u017ce wyra\u017anie si\u0119 o\u017cywi\u0142a. Ros\u0142a ilo\u015b\u0107 ch\u0119tnych, a nauczyciele i duchowni tworzyli pozytywny klimat wok\u00f3\u0142 harcerzy. Dobrze oceniano t\u0119 dzia\u0142alno\u015b\u0107 w spo\u0142ecze\u0144stwie, tote\u017c harcerstwu przybywa\u0142o sympatyk\u00f3w i przyjaci\u00f3\u0142. W celu dostosowania organizacji pracy do struktur i wymaga\u0144 ZHP \u2013 18 XII 1921 r. utworzono hufiec ZHP w Mielcu. W jego sk\u0142ad wesz\u0142y dru\u017cyny \u017ce\u0144skie i m\u0119ska. Pierwszym komendantem (hufcowym) zosta\u0142 W\u0142adys\u0142aw Kania, nauczyciel gimnazjum. Przed harcerstwem postawiono ambitne zadanie wychowania m\u0142odego pokolenia Polak\u00f3w na dobrych obywateli, patriot\u00f3w i katolik\u00f3w, a przy tym wszechstronnie wykszta\u0142conych i sprawnych fizycznie. Kontynuowano tradycyjne zaj\u0119cia harcerskie (zbi\u00f3rki, zaj\u0119cia terenowe, zdobywanie sprawno\u015bci i stopni), ale do\u0142\u0105czono do tego organizacj\u0119 patriotycznych uroczysto\u015bci i imprez oraz zaj\u0119cia artystyczne. W czasie uroczysto\u015bci z okazji 131 rocznicy uchwalenia Konstytucji 3 maja \u2013 3 V 1922 r. odby\u0142o si\u0119 uroczyste przyrzeczenie harcerskie. W styczniu 1923 r. komendantem hufca zosta\u0142 W\u0142adys\u0142aw Kawa, nauczyciel mieleckiego gimnazjum, kt\u00f3ry zintensyfikowa\u0142 zaj\u0119cia terenowe i turystyk\u0119 krajoznawcz\u0105. 16 IV 1923 r. kapelanem hufca zosta\u0142 ks. Walenty Chrobak. Kilka miesi\u0119cy p\u00f3\u017aniej, z okazji 132 rocznicy Konstytucji 3 maja, harcerze uczestniczyli w przygotowaniu i wydaniu okoliczno\u015bciowej \u201eJednodni\u00f3wki\u201d (prawdopodobnie by\u0142o to pierwsze wydawnictwo mieleckiej m\u0142odzie\u017cy). W 1924 r. powsta\u0142a Mielecka Dru\u017cyna Harcerzy im. Ks. J\u00f3zefa Poniatowskiego, kt\u00f3ra opr\u00f3cz w\u0142asnego zaci\u0105gu przej\u0119\u0142a cz\u0119\u015b\u0107 harcerzy z nieczynnej ju\u017c Dru\u017cyny im. J. Kili\u0144skiego. Na pocz\u0105tku roku szkolnego 1924\/1925 nast\u0105pi\u0142a kolejna zmiana hufcowego, kt\u00f3rym zosta\u0142 ks. dr Wawrzyniec Dudziak. Jako jedno z priorytetowych zada\u0144 przyj\u0119to zdobycie odpowiednich funduszy na wykonanie sztandaru dla hufca. Na pocz\u0105tku 1925 r., na podstawie zalecenia w\u0142adz ZHP, mielecki hufiec zosta\u0142 podzielony na m\u0119ski i \u017ce\u0144ski. Hufcowym pozosta\u0142 ks. W. Dudziak, a funkcj\u0119 hufcowej powierzono Antoninie Wo\u017aniak\u00f3wnie \u2013 harcmistrzyni, nauczycielce wychowania fizycznego w \u017be\u0144skim Seminarium Nauczycielskim. Uroczysto\u015b\u0107 po\u015bwi\u0119cenia sztandaru odby\u0142a si\u0119 14 VI 1925 r., a aktu po\u015bwi\u0119cenia dokona\u0142 ks. dr Roman Sitko, kanclerz Kurii Diecezjalnej w Tarnowie, dawny kapelan mieleckiego harcerstwa. Od tego czasu harcerski poczet sztandarowy uczestniczy\u0142 we wszystkich uroczysto\u015bciach miejskich i szkolnych. Z jego udzia\u0142em 12 VI 1927 r. uroczy\u015bcie obchodzono 15-lecie mieleckiego harcerstwa. Odprawiono nabo\u017ce\u0144stwo, zorganizowano poranek z udzia\u0142em miejscowych przyjaci\u00f3\u0142 harcerstwa i go\u015bci z s\u0105siednich miejscowo\u015bci oraz \u0107wiczenia gimnastyczne. Dzia\u0142acz harcerski Edward Krymski wyg\u0142osi\u0142 referat okoliczno\u015bciowy, a ponadto wys\u0142ano specjalne depesze do prezydenta RP Ignacego Mo\u015bcickiego i biskupa tarnowskiego Leona Wa\u0142\u0119gi. W roku 1926 zorganizowano pierwszy letni ob\u00f3z hufcowy w Barcicach k\/Nowego S\u0105cza (5-27 VII). Odt\u0105d, z niewielkimi wyj\u0105tkami, a\u017c do 1939 r. organizowano corocznie letnie obozy hufcowe (odr\u0119bne has\u0142o). W styczniu 1927 r. harcerze wystawili \u201eJase\u0142ka\u201d, a kilka miesi\u0119cy p\u00f3\u017aniej wyst\u0105pili ze sztuk\u0105 Tadeusza Bili\u0144skiego \u201e\u015aluby milczenia\u201d. Doch\u00f3d przeznaczono na potrzeby hufca m\u0119skiego. W jubileuszowym roku szkolnym 1926\/1927 M\u0119ski Hufiec Harcerski tworzyli: komendant \u2013 ks. dr Wawrzyniec Dudziak, opiekun \u2013 prof. Piotr Jasi\u0144ski, lekarz \u2013 dr Lucjan Gawendo, przyboczny \u2013 Micha\u0142 Rojowski, sekretarz \u2013 W\u0142adys\u0142aw Wr\u00f3bel, dru\u017cynowy I Dru\u017cyny \u2013 Wincenty Tyran, dru\u017cynowy II Dru\u017cyny \u2013 J\u00f3zef \u015awi\u0105tek, I Dru\u017cyna im. T. Ko\u015bciuszki \u2013 34 harcerzy i II Dru\u017cyna im. ks. J. Poniatowskiego \u2013 36 harcerzy, \u0142\u0105cznie 70 harcerzy. W latach 1927-1929 du\u017c\u0105 pomoc\u0105 s\u0142u\u017cy\u0142 harcerstwu dr W\u0142adys\u0142aw Szczygie\u0142, nauczyciel gimnazjum. On to w\u0142a\u015bnie by\u0142 jednym z inicjator\u00f3w wydawania gimnazjalnego czasopisma uczniowskiego \u201eDziewanna\u201d, w kt\u00f3rym artyku\u0142y publikowali m.in. harcerze. O tym, \u017ce nie zaniedbywano te\u017c podstawowych \u0107wicze\u0144 harcerskich, przekonano si\u0119 na II Zlocie Narodowym ZHP w Poznaniu (14-23 VII 1929 r.), kiedy to ekipa mieleckich harcerzy pod komend\u0105 Karola Ma\u0142eskiego zdoby\u0142a I miejsce w konkurencji rozbijania obozu i II miejsce w pionierce obozowej. W listopadzie tego\u017c roku I MDH wystawi\u0142a sztuk\u0119 Obrona Lwowa w re\u017cyserii prof. Tadeusza Zawadzkiego, za\u015b w styczniu 1930 r. Jase\u0142ka. Doch\u00f3d z bilet\u00f3w przeznaczono na sp\u0142at\u0119 zakupionych namiot\u00f3w i na wakacyjny ob\u00f3z. (Ciesz\u0105ce si\u0119 du\u017cym powodzeniem Jase\u0142ka by\u0142y wystawiane tak\u017ce w kolejnych latach.) Z inicjatywy hufcowego ks. dr. W. Dudziaka 3 IV 1930 r. w hallu gmachu gimnazjalnego uroczy\u015bcie ods\u0142oni\u0119to tablic\u0119 po\u015bwi\u0119con\u0105 pami\u0119ci poleg\u0142ych w walkach o niepodleg\u0142o\u015b\u0107 Polski w latach 1914-1920: prof. J. Ziemskiego i 26 uczni\u00f3w gimnazjum, w tym wielu harcerzy. \u017be\u0144ski Hufiec Harcerski rozpocz\u0105\u0142 dzia\u0142alno\u015b\u0107 w roku szkolnym 1930\/1931 w nast\u0119puj\u0105cym stanie organizacyjnym: komendantka \u2013 Antonina Wo\u017aniak\u00f3wna, I Dru\u017cyna im. E. Plater: opiekunka \u2013 Zofia Wagnerowa, dru\u017cynowa \u2013 Leokadia Borz\u0119cka; II Dru\u017cyna im. K. Potockiej: opiekunka \u2013 Zofia Modrzejewska, dru\u017cynowa \u2013 Zofia Hammer\u00f3wna; III Dru\u017cyna im. M. Mo\u015bcickiej: opiekunka \u2013 Zofia Figwerowa, dru\u017cynowa \u2013 Krystyna Ziemska. \u0141\u0105cznie wymienione dru\u017cyny (I i II w seminarium nauczycielskim, III w 2 \u017ce\u0144skich szko\u0142ach podstawowych) liczy\u0142y 96 harcerek. Podstawowymi zaj\u0119ciami harcerek by\u0142y tak\u017ce zbi\u00f3rki, zdobywanie sprawno\u015bci i stopni. Organizowano tak\u017ce uroczysto\u015bci patriotyczne, m.in. harcerki przygotowa\u0142y wieczornic\u0119 z okazji 100 rocznicy powstania listopadowego, a tak\u017ce spektakle teatralne, np. w maju 1931 r. II Dru\u017cyna \u017be\u0144ska wystawi\u0142a sztuk\u0119 \u201e\u0141obzowianie\u201d, z kt\u00f3rej doch\u00f3d przeznaczono na koloni\u0119 letni\u0105. (Kolonie letnie organizowane by\u0142y przez Hufiec \u017be\u0144ski od 1930 r.) Mieleccy harcerze uczestniczyli tak\u017ce w uroczysto\u015bciach og\u00f3lnopolskich i mi\u0119dzynarodowych. 2 V 1931 r. ich delegacja bra\u0142a udzia\u0142 w obchodach 10 rocznicy III powstania \u015bl\u0105skiego w Katowicach, a w czerwcu tego\u017c roku Zofia Hammer\u00f3wna i Zbigniew Ziemski go\u015bcili na Zlocie Skaut\u00f3w S\u0142owia\u0144skich w Pradze. Pod koniec roku szkolnego 1930\/1931 m\u0119ski hufiec liczy\u0142 60 harcerzy \u2013 29 w I Dru\u017cynie im. T. Ko\u015bciuszki i 31 w II Dru\u017cynie im. ks. J. Poniatowskiego. Hufcowym by\u0142 nadal ks. dr W. Dudziak, opiekunem I Dru\u017cyny \u2013 prof. P. Jasi\u0144ski, opiekunem II Dru\u017cyny \u2013 prof. A. Bulanda, przybocznym \u2013 Boles\u0142aw Miga, dru\u017cynowym I Dru\u017cyny \u2013 Kazimierz Sabbat, sekretarzem i dru\u017cynowym II Dru\u017cyny \u2013 Andrzej Zbyszewski, skarbnikiem i bibliotekarzem \u2013 Henryk Odemski i izbiennym \u2013 Roman Klapa. Na pocz\u0105tku roku szkolnego 1931\/1932 w ramach hufca m\u0119skiego utworzono III Dru\u017cyn\u0119 (Zuchow\u0105) im. Kazimierza Pu\u0142askiego, a funkcj\u0119 opiekunki powierzono nauczycielce Marii Gwo\u017adziowskiej. W hufcu \u017ce\u0144skim nast\u0105pi\u0142a istotna zmiana, bowiem po wyje\u017adzie hm Antoniny Wo\u017aniak\u00f3wny do Ko\u0144skich komendantk\u0105 hufca \u017ce\u0144skiego zosta\u0142a Maria Szafer (Warcho\u0142), a wkr\u00f3tce potem funkcj\u0119 t\u0119 pe\u0142ni\u0142y Janina Toczek i Ewa Kowal (Korpanty). W grudniu 1931 r. harcerze zorganizowali imprez\u0119 \u201eWiecz\u00f3r \u015bw. Miko\u0142aja\u201d, a nast\u0119pnie wystawili sztuk\u0119 Betlejem Polskie L. Rydla w re\u017cyserii prof. P. Jasi\u0144skiego. Doch\u00f3d przeznaczono na ob\u00f3z letni. W lutym 1932 r., w zwi\u0105zku z ust\u0105pieniem uczni\u00f3w klas maturalnych z funkcji harcerskich, do sk\u0142adu komendy m\u0119skiego hufca weszli: Zbigniew Ziemski \u2013 przyboczny i dru\u017cynowy II Dru\u017cyny, W\u0142odzimierz Kania \u2013 sekretarz, Micha\u0142 Lewicki \u2013 skarbnik i dru\u017cynowy I Dru\u017cyny oraz Stanis\u0142aw Cielenkiewicz \u2013 izbienny, bibliotekarz i dru\u017cynowy III Dru\u017cyny. Rok szkolny 1933\/1934 przyni\u00f3s\u0142 znaczne zmiany. W styczniu 1934 r. przeniesiony zosta\u0142 do Nowego S\u0105cza ks. dr W. Dudziak, d\u0142ugoletni hufcowy. Komendantem M\u0119skiego Hufca ZHP zosta\u0142 prof. Zdzis\u0142aw Wagner, nauczyciel gimnazjum. Zako\u0144czy\u0142y dzia\u0142alno\u015b\u0107 I Dru\u017cyna im. T. Ko\u015bciuszki i II Dru\u017cyna im. ks. J. Poniatowskiego, za\u015b powsta\u0142a Dru\u017cyna \u017beglarska im. Zawiszy Czarnego. Hufcow\u0105 \u017be\u0144skiego Hufca ZHP zosta\u0142a Irena Lewicka. W czasie wielkiej powodzi (13-15 VII 1934 r.) mieleccy harcerze opiekowali si\u0119 osobami w podesz\u0142ym wieku, organizowali p\u00f3\u0142kolonie dla dzieci i do\u017cywianie dla ubogich. Rok 1935 \u017ale zapisa\u0142 si\u0119 w historii harcerstwa \u017ce\u0144skiego. W zwi\u0105zku z zako\u0144czeniem dzia\u0142alno\u015bci przez Koncesjonowane Gimnazjum Prywatne \u017be\u0144skie im. E. Plater dzia\u0142alno\u015b\u0107 hufca os\u0142ab\u0142a tak dalece, \u017ce zosta\u0142 rozwi\u0105zany, a istniej\u0105ce dru\u017cyny podporz\u0105dkowano bezpo\u015brednio Komendzie Chor\u0105gwi w Krakowie. W 1938 r. reaktywowano hufiec \u017ce\u0144ski i utworzono Pogotowie Harcerek w celu przeszkolenia harcerek do s\u0142u\u017cby pomocniczej na wypadek wojny. Hufcow\u0105 zosta\u0142a Helena Myrdek. R\u00f3wnie\u017c aktywno\u015b\u0107 hufca m\u0119skiego, po okresie stagnacji w latach 1935-1937, wyra\u017anie wzros\u0142a po przybyciu do Mielca w 1938 r. Karola Trojanowskiego (by\u0142ego hufcowego w Krakowie) i obj\u0119ciu przeze\u0144 funkcji hufcowego. K. Trojanowskiemu uda\u0142o si\u0119 m.in. doprowadzi\u0107 do zorganizowania letniego obozu harcerskiego w Hykach-D\u0119biakach (28 VI \u2013 12 VII 1939 r.) Wkr\u00f3tce po powrocie z obozu, niemal w przededniu wybuchu wojny, powo\u0142ano Pogotowie Wojenne Harcerzy przy Zwi\u0105zku Strzeleckim, podleg\u0142e w\u0142adzom wojskowym. Jego komendantem zosta\u0142 hufcowy K. Trojanowski. Szybkie zako\u0144czenie wojny na ziemi mieleckiej (ju\u017c 8 IX 1939 r. Niemcy zaj\u0119li Mielec) nie pozwoli\u0142o na d\u0142u\u017csze efektywne dzia\u0142ania tej organizacji. W pierwszych miesi\u0105cach okupacji hitlerowskiej centralne w\u0142adze ZHP przyj\u0119\u0142y konspiracyjny kryptonim \u201eSzare Szeregi\u201d i wytyczy\u0142y program walki z okupantem, a tak\u017ce zaleci\u0142y tajne nauczanie i samokszta\u0142cenie. G\u0142\u00f3wna Kwatera otrzyma\u0142a kryptonim \u201ePasieka\u201d, chor\u0105gwie \u2013 \u201eule\u201d, hufce \u2013 \u201eroje\u201d, dru\u017cyny \u2013 \u201erodziny\u201d, a zast\u0119py \u2013 \u201epszczo\u0142y\u201d. Dla organizacji podziemnych struktur harcerskich Komenda Chor\u0105gwi w Krakowie wyznaczy\u0142a na rejon D\u0119bica-S\u0119dzisz\u00f3w-Mielec-Tarnobrzeg instruktora J\u00f3zefa Kreta z Rzeszowa. W pierwszym okresie okupacji niekt\u00f3rych starszych mieleckich harcerzy zaanga\u017cowano do kolportowania prasy podziemnej, ale wpadka przy przewo\u017ceniu gazety \u201eOdwet\u201d w 1941 r. spowodowa\u0142a aresztowania i w efekcie czasowe zaprzestanie tej dzia\u0142alno\u015bci na terenie miasta. Jesieni\u0105 1939 r. i zim\u0105 1939\/1940 przyby\u0142a do Mielca du\u017ca grupa wysiedle\u0144c\u00f3w z Pozna\u0144skiego, a w niej kilkunastu do\u015bwiadczonych harcerzy. Po okresie adaptacji i nawi\u0105zaniu kontakt\u00f3w z harcerzami mieleckimi uda\u0142o si\u0119 w 1942 r. zintegrowa\u0107 \u015brodowisko starszoharcerskie na terenie Starego Miasta. Do grupy tej nale\u017celi m.in. Stanis\u0142aw Konarski, Jerzy Ho\u0142dowski, Mieczys\u0142aw Ho\u0142dowski, Aleksander Niedzielski, W\u0142odzimierz Pi\u0105tek, Ryszard St\u00f3pka, Ryszard Kowalczyk, Jerzy Kowalczyk i W\u0142odzimierz Szymanowski. G\u0142\u00f3wnymi formami pracy by\u0142y: wywiad dla potrzeb akcji dywersyjnych i zbrojnych, kolporta\u017c prasy podziemnej i wst\u0119pne szkolenie wojskowe. Drugie \u015brodowisko starszoharcerskie, niezale\u017cne od pierwszego, powsta\u0142o z grona instruktor\u00f3w harcerskich \u2013 pracownik\u00f3w mieleckich zak\u0142ad\u00f3w lotniczych (Flugzeugwerk Mielec). W grupie tej dzia\u0142ali m.in.: Lech Ziemski (delegat \u201ePasieki\u201d), Ludomir Ho\u0142dowski, Czes\u0142awa Motzek (Trzci\u0144ska), Juliusz Motzek, Zenobia Pi\u0105tek (Kr\u00f3l), Janina Piechowiak (Ceyrowska), Kazimiera Szczepan (Langer), W\u0142adys\u0142awa Szymanowska (Kielawa) i Miros\u0142awa Waltratus. Prowadzono obserwacj\u0119 dzia\u0142a\u0144 okupanta w fabryce i na lotnisku, a zebrane informacje przekazywano wywiadowi AK, kolportowano pras\u0119 podziemn\u0105, pomagano osobom ukrywaj\u0105cym si\u0119. Trzeci nurt podziemnego mieleckiego harcerstwa zrodzi\u0142 si\u0119 w\u015br\u00f3d 12-letnich ch\u0142opc\u00f3w na terenie Starego Mielca (J\u00f3zef Umi\u0144ski, Zbigniew Maziarzewski, Stanis\u0142aw Wn\u0119k), kt\u00f3rzy 7 IV 1940 r. za\u0142o\u017cyli konspiracyjny Zwi\u0105zek Przysz\u0142ych Polskich \u017bo\u0142nierzy, ale nied\u0142ugo potem przekszta\u0142cili go w zast\u0119p harcerzy \u201eRysie\u201d. Zast\u0119powym zosta\u0142 J. Umi\u0144ski. Prowadzono typowe zaj\u0119cia harcerskie, zw\u0142aszcza szkolenie terenowe, najcz\u0119\u015bciej w \u201ek\u0119pie\u201d nad Wis\u0142ok\u0105. Organizowano te\u017c liczne akcje ma\u0142ego sabota\u017cu. W roku 1942 Z. Maziarzewski utworzy\u0142 drugi zast\u0119p \u2013 \u201eOr\u0142y\u201d i zosta\u0142 jego zast\u0119powym. Uporz\u0105dkowanie dzia\u0142a\u0144 podziemnego harcerstwa nast\u0105pi\u0142o w 1942 r., kiedy to powo\u0142ano konspiracyjny hufiec harcerzy \u2013 \u201eR\u00f3j\u201d, wsp\u00f3\u0142pracuj\u0105cy z Plac\u00f3wk\u0105 AK \u201e60\u201d (Mielec). Funkcj\u0119 komendanta obj\u0105\u0142 phm W\u0142adys\u0142aw Talaga (ps. \u201eBeduin\u201d). W sk\u0142ad komendy, kt\u00f3ra ukszta\u0142towa\u0142a si\u0119 w latach 1942-1944, wchodzili tak\u017ce: Janusz Ratajczak \u2013 zast\u0119pca komendanta, Mieczys\u0142aw \u015awi\u0105tek \u2013 przyboczny, Eugeniusz Markowski \u2013 sekretarz, kronikarz i skarbnik oraz Tadeusz Malinowski \u2013 dru\u017cynowy DH im. B. Chrobrego i Tadeusz Szermer \u2013 dru\u017cynowy DH w Wojs\u0142awiu. W 1943 r. W. Szymanowska zorganizowa\u0142a zast\u0119p harcerek \u201eSzarotki\u201d, kt\u00f3ry szkoli\u0142 si\u0119 w zakresie \u201esamarytanki\u201d. Na wiosn\u0119 1944 r. powsta\u0142y dwa kolejne zast\u0119py harcerzy: \u201eBobry\u201d i \u201eWilki\u201d. Spowodowa\u0142o to m.in. potrzeb\u0119 powo\u0142ania dru\u017cyny, kt\u00f3ra przyj\u0119\u0142a imi\u0119 J. Wi\u015bniowieckiego. Jej dru\u017cynowym zosta\u0142 J. Umi\u0144ski, a przybocznym Zbigniew Maziarzewski. Komendzie hufca podlega\u0142y wi\u0119c dwie dru\u017cyny: I DH im. B. Chrobrego (zast\u0119py: \u201eLisy\u201d, \u201eBobry\u201d i \u017bbiki\u201d) i II DH im. J. Wi\u015bniowieckiego (zast\u0119py: \u201eRysie\u201d, \u201eOr\u0142y\u201d i \u201eWilki\u201d). W okresie poprzedzaj\u0105cym ofensyw\u0119 wojsk radzieckich na wschodniej cz\u0119\u015bci ziemi mieleckiej (V-VII 1944 r.) harcerze wykonywali liczne zadania wywiadowcze na zlecenie Komendy Obwodu AK \u201eMleko\u201d (Mielec), ale podczas walk o ziemi\u0119 mieleck\u0105 (Akcja \u201eBurza\u201d, VIII 1944 r.) nie byli anga\u017cowani. 25 XII 1944 r. zorganizowano w Hykach-D\u0119biakach ognisko, w czasie kt\u00f3rego Dru\u017cyna Harcerzy im. Boles\u0142awa Chrobrego otrzyma\u0142a sztandar, a kilku jej cz\u0142onk\u00f3w z\u0142o\u017cy\u0142o przyrzeczenie harcerskie. Opisuj\u0105c histori\u0119 konspiracyjnego harcerstwa nie spos\u00f3b pomin\u0105\u0107 nieprzeci\u0119tnych zas\u0142ug w walce z hitlerowskim okupantem szeregu os\u00f3b wyros\u0142ych w mieleckim harcerstwie. Do nich nale\u017c\u0105 w pierwszej kolejno\u015bci: W\u0142adys\u0142aw Jasi\u0144ski \u201eJ\u0119dru\u015b\u201d\u2013 za\u0142o\u017cyciel i pierwszy dow\u00f3dca oddzia\u0142u partyzanckiego \u201eJ\u0119drusie\u201d i J\u00f3zefa Czaja \u201eZiuta\u201d z Padwi, jedna z organizatorek ruchu oporu w Padwi. Po wyzwoleniu Mielca spod okupacji hitlerowskiej \u015brodowisko harcerskie podzieli\u0142o si\u0119 w ocenie sytuacji politycznej. Cz\u0119\u015b\u0107 (m.in. zast\u0119p \u201eRysi\u00f3w\u201d) nie ujawni\u0142a si\u0119 i pozosta\u0142a w konspiracji. (Dalsza dzia\u0142alno\u015b\u0107 tej grupy harcerzy zosta\u0142a opisana przy ha\u015ble \u201eDru\u017cyna Harcerska im. J. Wi\u015bniowieckiego.) Ujawni\u0142 si\u0119 natomiast Z. Maziarzewski z zast\u0119pem \u201eOr\u0142y\u201d i po wyst\u0105pieniu z DH im. J. Wi\u015bniowieckiego 1 XI 1944 r. utworzy\u0142 jawnie dzia\u0142aj\u0105c\u0105 DH im. W. Sikorskiego. W grudniu 1944 r. Komenda Chor\u0105gwi w Rzeszowie mianowa\u0142a K. Trojanowskiego komendantem Hufca ZHP w Mielcu i powierzy\u0142a mu zadanie budowy harcerstwa na terenie powiatu mieleckiego, a w Mielcu mia\u0142 go wspiera\u0107 Edward Krymski. W lutym 1946 r. K. Trojanowski otrzyma\u0142 nakaz zawieszenia pracy w ZHP, a nast\u0119pnie przes\u0142uchiwano go w PUBP. Nie zosta\u0142 aresztowany, ale te\u017c na funkcj\u0119 hufcowego ju\u017c nie powr\u00f3ci\u0142. W latach 1947-1949 hufcowymi byli: Leopold Mysi\u0144ski, Tadeusz Sobusiak i Stanis\u0142aw Jachyra. W kolejnych latach 40. powstawa\u0142y co prawda dru\u017cyny harcerskie, ale w pogarszaj\u0105cej si\u0119 sytuacji polityczno-gospodarczej nie rozwin\u0119\u0142y szerszej dzia\u0142alno\u015bci. Du\u017cym os\u0142abieniem dla organizacji by\u0142y tak\u017ce wyjazdy najzdolniejszej m\u0142odzie\u017cy na studia. W 1950 r. ZHP zosta\u0142o w\u0142\u0105czone w struktury Zwi\u0105zku M\u0142odzie\u017cy Polskiej (ZMP) i przemianowany na Organizacj\u0119 Harcersk\u0105 (OH) ZMP. Z programu usuni\u0119to dotychczasow\u0105 ideologi\u0119, symbolik\u0119 i metodyk\u0119 harcersk\u0105, a tak\u017ce odsuni\u0119to od pracy z m\u0142odzie\u017c\u0105 niepokornych instruktor\u00f3w. Za\u0142o\u017cono natomiast, \u017ce organizacja b\u0119dzie obejmowa\u0107 dzia\u0142alno\u015bci\u0105 m\u0142odzie\u017c do lat 14 i przygotowywa\u0107 do cz\u0142onkostwa w ZMP. Dla potrzeb kulturalno-o\u015bwiatowych OH zorganizowano \u201eDom Harcerza\u201d, kt\u00f3ry mie\u015bci\u0142 si\u0119 na parterze budynku przy alei J. Stalina 13 (dzisiejsza ul. A. Mickiewicza). Do czo\u0142owych dzia\u0142aczy harcerskich tego okresu nale\u017celi: W\u0142odzimierz Bajger, Adam Jemio\u0142o, Zofia Jung, Tadeusz Markowski, J\u00f3zef Mieszkowski i J\u00f3zef Nakoneczny. Spora grupa instruktor\u00f3w harcerskich, mimo zasadniczych opor\u00f3w wobec ideologii ZMP, postanowi\u0142a nie opuszcza\u0107 wychowank\u00f3w i pozornie podporz\u0105dkowa\u0142a si\u0119 nowej organizacji. Kiedy wi\u0119c zaistnia\u0142y mo\u017cliwo\u015bci usamodzielnienia si\u0119, doprowadzono w 1956 r. do powstania autonomicznej Organizacji Harcerskiej Polski Ludowej (OH PL), a na Zje\u017adzie Dzia\u0142aczy Harcerskich w \u0141odzi (8-10 XII 1956 r.) reaktywowano samodzielny ZHP. Powr\u00f3cono do tradycyjnych form pracy i symboliki harcerskiej. W za\u0142o\u017ceniach ideologicznych nie przywr\u00f3cono sformu\u0142owania \u201es\u0142u\u017cba Bogu\u201d, pozostawiaj\u0105c \u015bwiecki charakter organizacji. W 1956 r. odby\u0142o si\u0119 w Mielcu, z inicjatywy Jana Armatysa \u2013 dyrektora szko\u0142y og\u00f3lnokszta\u0142c\u0105cej, spotkanie by\u0142ych instruktor\u00f3w i harcerzy ZHP (dzia\u0142aj\u0105cych w latach 40.), w kt\u00f3rym wzi\u0119li udzia\u0142 m.in.: Jadwiga Augustyn, Halina i Feliks Borodzikowie, Eugeniusz Filipecki, Mieczys\u0142awa Jankowska, Irena K\u0119dzierska, Wanda Korpanty, Stefan Kulig, Halina Mielniczek, Marian Narowski, Maria i Stanis\u0142aw Orczykowscy, Zdzis\u0142aw Slany i Julian Szume\u0142da. Przedmiotem narady by\u0142o odbudowanie i rozw\u00f3j mieleckiego harcerstwa. Nieco p\u00f3\u017aniej do grupy tej do\u0142\u0105czyli m.in.: Lucjan Borek, Zbigniew Danel, Ryszard Feizettel, Mieczys\u0142aw Kluka i Edward Krymski. Wymienieni i inni terenowi dzia\u0142acze harcerscy, zach\u0119ceni klimatem \u201eodwil\u017cy\u201d w Polsce, z du\u017cym zapa\u0142em podj\u0119li prac\u0119 z m\u0142odzie\u017c\u0105 i dzie\u0107mi. W 1956 r. powsta\u0142a Komenda Hufca ZHP w Mielcu, a jej komendantem mianowano Tadeusza Markowskiego, ale jeszcze w tym samym roku hufcowym zosta\u0142 E. Krymski. W 1957 r. zorganizowano pierwsze przyrzeczenie harcerzy, kt\u00f3re odebra\u0142 kolejny komendant hufca Feliks Borodzik, a tak\u017ce pierwsze obozy: \u017ce\u0144ski w Szymbarku (komendantka: H. Mielniczek) i m\u0119ski w Sichowie (komendant: J. Szume\u0142da). 27 IV 1958 r. odby\u0142a si\u0119 uroczysto\u015b\u0107 wr\u0119czenia przez WSK sztandaru dla Szczepu ZHP Osiedle. W tym roku harcerze uczestniczyli w pomocy powodzianom, zbieraj\u0105c dla\u0144, w ramach \u201eAkcji \u017bywio\u0142\u201d, pieni\u0105dze, odzie\u017c i \u017cywno\u015b\u0107. Latem 1958 r. 13. Wodna DH (z dru\u017cynowym Z. Danelem) zorganizowa\u0142a sp\u0142yw kajakowy na trasie: Mielec-Sandomierz-Pu\u0142awy-Warszawa-Zakroczyn-Bydgoszcz-Tczew-Gda\u0144sk. Tak\u017ce w lecie tego roku uczestniczono \u2013 po raz pierwszy \u2013 w Harcerskiej Akcji Letniej M\u0142odzie\u017cy Starszej \u201eBieszczady\u201d. Istotnym wydarzeniem by\u0142o powstanie Kr\u0119gu Instruktorskiego \u201eLawina\u201d (z inspiracji Stanis\u0142awa W\u0142odarczyka). W 1959 r. komendantem hufca zosta\u0142 J. Szume\u0142da, w latach 1960-1961 funkcj\u0119 t\u0119 pe\u0142ni\u0142a Maria Orczykowska, a w roku szkolnym 1961\/1962 Leonard Nowak. Utworzono stanic\u0119 techniczn\u0105 ZHP (komendant &#8211; E. Orczykowski), uruchomiono Harcersk\u0105 Fabryk\u0119 Fajnych Rzeczy (W. Korpanty), rozpocz\u0119to wydawanie czasopisma \u201eSakwa W\u0142\u00f3czykija\u201d i uruchomiono pracowni\u0119 fotograficzn\u0105 \u201ePstryk\u201d (Stanis\u0142aw Str\u0105k). Uczestniczono tak\u017ce w czynach spo\u0142ecznych, m.in. w budowie linii kolejowej Rzesz\u00f3w-Werynia. W latach 1962-1965 funkcj\u0119 komendantki hufca pe\u0142ni\u0142a H. Mielniczek. Wtedy to umieszczono Komend\u0119 Hufca w pawilonie przy ul. A. Asnyka. Wiele wysi\u0142ku po\u015bwi\u0119cono teraz rozwojowi dru\u017cyn zuchowych, kt\u00f3rych ilo\u015b\u0107 wzros\u0142a od 51 (1962 r.) do 74 (1964 r.) i w nast\u0119pnych latach nadal ros\u0142a. W 1964 r. hufiec skupia\u0142 71 dru\u017cyn harcerskich i 12 starszoharcerskich. Od 1964 r. organizowano tak\u017ce coroczn\u0105 \u201eNieobozow\u0105 Akcj\u0119 Letni\u0105\u201d oraz Festiwal Piosenki Harcerskiej. Od 1965 r. (do 1980 r.) uczestniczono w Alercie Naczelnika ZHP, centralnej akcji programowej, kt\u00f3rej przes\u0142aniem by\u0142a ka\u017cdorazowo wa\u017cna sprawa spo\u0142eczna (np. opieka nad Miejscami Pami\u0119ci Narodowej, wsp\u00f3\u0142praca z kombatantami, wsp\u00f3\u0142praca z wojskiem, likwidacja szk\u00f3d popowodziowych). W latach 1965-1968 hufcem kierowa\u0142 Zdzis\u0142aw Bia\u0142orucki, a w latach 1968-1971 komendantem hufca by\u0142 W\u0142adys\u0142aw Korze\u0144. W tym okresie czyniono wiele, aby zwi\u0119kszy\u0107 ilo\u015b\u0107 dru\u017cyn starszoharcerskich (og\u00f3lnopolska kampania \u201eNatarcie od A do Z\u201d), ale nie osi\u0105gni\u0119to zadowalaj\u0105cych rezultat\u00f3w. Niew\u0105tpliwym sukcesem mieleckiego harcerstwa by\u0142o natomiast zorganizowanie I Centralnych Manewr\u00f3w Techniczno-Obronnych w lasach obok Mielca (14-16 IX 1968 r.). 25 X 1970 r. odby\u0142a si\u0119 podnios\u0142a uroczysto\u015b\u0107 wr\u0119czenia sztandaru mieleckiemu Hufcowi ZHP. Od lutego do ko\u0144ca sierpnia 1971 r. hufcow\u0105 by\u0142a Krystyna Samogranicka, a 1 IX 1971 r. komendantk\u0105 Hufca zosta\u0142a ponownie H. Mielniczek. Lata 70. charakteryzowa\u0142y si\u0119 dynamicznym wzrostem ilo\u015bci dru\u017cyn, zar\u00f3wno harcerskich jak i zuchowych. W 1973 r. stan organizacyjny Hufca (obejmuj\u0105cego powiat mielecki) przedstawia\u0142 si\u0119 nast\u0119puj\u0105co: 38 dru\u017cyn zuchowych, 17 dru\u017cyn harcerskich i 37 dru\u017cyn starszoharcerskich, a w 1979 r. by\u0142o ju\u017c 56 dru\u017cyn zuchowych (1.380 zuch\u00f3w), 29 dru\u017cyn harcerskich (896 harcerzy) i 89 dru\u017cyn starszoharcerskich (2.567 harcerzy) oraz 272 instruktor\u00f3w. Sta\u0142o si\u0119 tak mimo odej\u015bcia w 1975 r. wszystkich dru\u017cyn z terenu powiatu i stworzenia odr\u0119bnych hufc\u00f3w gminnych. Du\u017cy wzrost ilo\u015bci dru\u017cyn starszoharcerskich nast\u0105pi\u0142 w rezultacie wprowadzenia w szko\u0142ach \u015brednich od 1973 r. Harcerskiej S\u0142u\u017cby Polsce Socjalistycznej (HSPS), wsp\u00f3\u0142tworz\u0105cej z innymi zwi\u0105zkami m\u0142odzie\u017cy Federacj\u0119 Socjalistycznych Zwi\u0105zk\u00f3w M\u0142odzie\u017cy Polskiej. Z regu\u0142y przy ka\u017cdej szkole dzia\u0142a\u0142 szczep, a w zdecydowanej wi\u0119kszo\u015bci klas dru\u017cyny. W latach 1975-1980 odby\u0142y si\u0119 kampanie programowe szczep\u00f3w przy szko\u0142ach, kt\u00f3rych celem by\u0142o uzyskanie imienia bohatera szczepu i sztandaru. Od 1975 r. mieleccy harcerze uczestniczyli w Harcerskiej Akcji Bieszczady 40, obs\u0142uguj\u0105c Sztab Centralny Akcji. Hufiec by\u0142 wsp\u00f3\u0142organizatorem szeregu dalszych og\u00f3lnopolskich przedsi\u0119wzi\u0119\u0107, m.in. miejskich eliminacji Olimpiady Wiedzy o Polsce i \u015awiecie Wsp\u00f3\u0142czesnym, kampanii \u201eHarcerze Wsp\u00f3\u0142gospodarzami Osiedla\u201d, \u201eHarcerskich Trybun Obywatelskich\u201d, \u201eHarcerskich Laur\u00f3w Naukowych\u201d, \u201e\u015awi\u0105t Osiedli\u201d, \u201eTurnieju Wiedzy Obywatelskiej\u201d (w dru\u017cynach m\u0142odszoharcerskich i zuchowych) i szeregu imprez z okazji Mi\u0119dzynarodowego Roku Dziecka \u2013 1979. Du\u017ce powodzenie uzyska\u0142y coroczne przegl\u0105dy grup wokalnych \u201e\u015apiewaj\u0105ce 6\u201d. Wydarzeniami 1980 r. by\u0142y IV Forum Harcerzy Starszych \u201eMy nie chcemy \u017cy\u0107 na spocznij\u201d i otrzymanie przez Szczep \u201eKomputery\u201d przy ZST presti\u017cowego tytu\u0142u \u201eZas\u0142u\u017conego Bieszczadom\u201d. Lata 1980-1981 by\u0142y w historii polskiego harcerstwa okresem ostrej krytyki takich dzia\u0142a\u0144 jak m.in. d\u0105\u017cenie do masowo\u015bci, dyrektywno\u015b\u0107 programowa i os\u0142abienie pozycji dru\u017cyny. VII Zjazd ZHP (15-18 III 1981 r.) uchwali\u0142 m.in. wyst\u0105pienie ZHP z FSZMP. Zrezygnowano r\u00f3wnie\u017c z formu\u0142y HSPS i jego masowo\u015bci. Na pog\u0142\u0119bienie si\u0119 kryzysu organizacji mia\u0142 tak\u017ce wp\u0142yw stan wojenny (13 XII 1981 r. \u2013 22 VII 1983 r.), w czasie kt\u00f3rego niemal ca\u0142e polskie spo\u0142ecze\u0144stwo popad\u0142o w apati\u0119 i znacznie obni\u017cy\u0142o aktywno\u015b\u0107 spo\u0142eczn\u0105. Z biegiem lat 80. zmniejszy\u0142a si\u0119 liczebno\u015b\u0107 harcerstwa, ale umocni\u0142o si\u0119 ono programowo. Ju\u017c w zimie 1982 r. zorganizowano Zimowe Pogotowie Harcerskie, kt\u00f3re pomaga\u0142o ludziom starszym i rozwozi\u0142o zagraniczne dary. W ramach akcji \u201eWyjd\u017a w \u015bwiat, zobacz, pomy\u015bl i pom\u00f3\u017c\u201d dru\u017cyny starszoharcerskie otoczy\u0142y sta\u0142\u0105 opiek\u0105 70 starszych os\u00f3b. W zwi\u0105zku z wylewem Wis\u0142y zebrano i przekazano powodzianom w okolicach P\u0142ocka ponad 160 tys. z\u0142 i 45 paczek. 6 III 1982 r. podj\u0119to uchwa\u0142\u0119 o ponownym po\u0142\u0105czeniu si\u0119 hufc\u00f3w gminnych z miejskim. Pod koniec tego roku mielecki hufiec (po\u0142\u0105czony z gminnymi) liczy\u0142 81 dru\u017cyn zuchowych (947 zuch\u00f3w), 67 dru\u017cyn harcerskich (683 harcerzy) i 45 dru\u017cyn starszoharcerskich (1.454 harcerzy) i 206 instruktor\u00f3w. W 1983 r. komendantk\u0105 Hufca Mielec zosta\u0142a wybrana Maria Koziara. Uczestniczono w\u00f3wczas w Alercie \u201eLas potrzebuje pomocy\u201d, wykonuj\u0105c r\u00f3\u017cne prace w podmieleckich lasach. Sukcesem organizacyjnym i zwyci\u0119stwem w ko\u0144cowej klasyfikacji zako\u0144czy\u0142 si\u0119 X Og\u00f3lnopolski Harcerski Turniej Lotniczy \u201eIkar\u201d, kt\u00f3ry odby\u0142 si\u0119 w Mielcu w czerwcu 1984 r. Statuetk\u0119 \u201eIkara\u201d zdoby\u0142a 9 DH z mieleckiego Szczepu \u201eKomputery\u201d przy ZST. Szczep ten, za trzykrotne wygranie Turnieju w latach 1983-1985, zdoby\u0142 puchar \u201eIkara\u201d na w\u0142asno\u015b\u0107. Anga\u017cowano si\u0119 tak\u017ce w uroczyste obchody 40-lecia Chor\u0105gwi Rzeszowskiej. W latach 1985-1988 funkcj\u0119 komendanta Hufca pe\u0142nili: Zygmunt Ko\u0142odziej, Rozalia Baszura i Krzysztof Grzebyk (p.o.) W lipcu 1985 r. mieleccy harcerze prowadzili Mi\u0119dzynarodowy Ob\u00f3z Harcerski. Rok 1986 zapisa\u0142 si\u0119 rozpocz\u0119ciem akcji letniej w nowej sta\u0142ej bazie wypoczynku letniego Hufca ZHP Mielec w B\u0142otach Karwie\u0144skich. W zimie 1986\/1987 og\u0142oszono \u201eZimowe Pogotowie Harcerek i Harcerzy\u201d, kt\u00f3rego celem by\u0142a pomoc potrzebuj\u0105cym, zar\u00f3wno ludziom jak i zwierz\u0119tom. Rok 1987 zaznaczy\u0142 si\u0119 reaktywowaniem dzia\u0142alno\u015bci 13 K\u00f3\u0142 Przyjaci\u00f3\u0142 Harcerstwa. W roku 1988 uczestniczono w Og\u00f3lnopolskim Turnieju \u201eO Srebrn\u0105 Lilijk\u0119\u201d, sk\u0142adaj\u0105cym si\u0119 z trzech blok\u00f3w tematycznych: \u201eNasz zast\u0119p\u201d, \u201eWok\u00f3\u0142 nas\u201d i \u201eZast\u0119p na harcach\u201d oraz w Alercie \u201eZdrowa przyroda \u2013 zdrowy cz\u0142owiek\u201d, w czasie kt\u00f3rego rejestrowano Pomniki Przyrody i opisywano ich stan. Mielecki hufiec by\u0142 tak\u017ce wsp\u00f3\u0142organizatorem X Chor\u0105gwianych Manewr\u00f3w Techniczno-Obronnych. Rok 1989 wpisa\u0142 si\u0119 w histori\u0119 Polski rozpocz\u0119ciem g\u0142\u0119bokich przemian ustrojowych pa\u0144stwa. Tak\u017ce w polskim harcerstwie nast\u0105pi\u0142y zasadnicze zmiany. Cz\u0119\u015b\u0107 dotychczasowych instruktor\u00f3w i harcerzy ZHP, nie godz\u0105cych si\u0119 z jego ideologi\u0105 i programem, od\u0142\u0105czy\u0142o si\u0119 i utworzy\u0142o kilka niezale\u017cnych organizacji harcerskich, spo\u015br\u00f3d kt\u00f3rych zasi\u0119g og\u00f3lnopolski osi\u0105gn\u0119\u0142y: \u201eZHP rok za\u0142o\u017cenia 1918\u201d i Zwi\u0105zek Harcerstwa Rzeczypospolitej (ZHR), kt\u00f3re w ideologii i za\u0142o\u017ceniach programowych nawi\u0105za\u0142y do pierwszych lat polskiego harcerstwa (m.in. przywr\u00f3ci\u0142y formu\u0142\u0119 \u201es\u0142u\u017cby Bogu\u201d). W Mielcu, z inicjatywy by\u0142ych instruktor\u00f3w ZHP \u2013 Renaty Dzieszko i Ireneusza Dzieszko, powsta\u0142y dwie dru\u017cyny \u201eZHP r.z. 1918\u201d, nawi\u0105zuj\u0105ce do bogatych tradycji I Mieleckiej Dru\u017cyny Harcerzy im. T. Ko\u015bciuszki i I Mieleckiej Dru\u017cyny Harcerek im. E. Plater. W latach 1989-1992 Dzieszkowie uczestniczyli w pracach centralnego zespo\u0142u przygotowuj\u0105cego po\u0142\u0105czenie \u201eZHP r.z. 1918\u201d z ZHR, a nast\u0119pnie R. Dzieszko bra\u0142a udzia\u0142 w Zje\u017adzie Po\u0142\u0105czeniowym, na kt\u00f3rym utworzono jedn\u0105 organizacj\u0119 \u2013 Zwi\u0105zek Harcerstwa Rzeczypospolitej. (Dalsza dzia\u0142alno\u015b\u0107 ZHP i ZHR oraz ich czo\u0142owych instruktor\u00f3w przedstawiona w oddzielnych has\u0142ach.) Stan ilo\u015bciowy Zwi\u0105zku Harcerstwa Polskiego, po przemianach w latach 1989-1992 oraz odej\u015bciu cz\u0119\u015bci instruktor\u00f3w i dru\u017cyn do innych organizacji harcerskich, znacznie si\u0119 zmniejszy\u0142. Wprowadzono istotne zmiany w programie, m.in. powracaj\u0105c do dawnych za\u0142o\u017ce\u0144 programowych, zasad, form i metod. W 1996 r. organizacja zosta\u0142a przyj\u0119ta do Mi\u0119dzynarodowego Biura Skaut\u00f3w. W po\u0142owie lat 90. Hufiec w Mielcu liczy\u0142 8 dru\u017cyn harcerskich w Mielcu, w tym dru\u017cyny nieprzetartego szlaku (dzieci i m\u0142odzie\u017c niepe\u0142nosprawna) i 11 dru\u017cyn w okolicach miasta. Ponadto za\u0142o\u017cono Harcerski Klub Ekologiczny oraz grup\u0119 ratownik\u00f3w medycznych. Siedzib\u0105 g\u0142\u00f3wn\u0105 pozostawa\u0142 pawilon przy ul. A. Asnyka, a ponadto dzia\u0142a\u0142y harc\u00f3wki w niekt\u00f3rych szko\u0142ach podstawowych. Kontynuowano sprawdzone formy dzia\u0142alno\u015bci, w tym cykliczne: Chor\u0105gwian\u0105 Amatorsk\u0105 Olimpiad\u0119 Sportow\u0105 (ChAOS), SNOP, Dni Hufca, Mielecki Bieg Harcerzy Nie Wtajemniczonych (MBHNW), \u201eRajd po Ziemi Mieleckiej\u201d, Hufcowy Festiwal Piosenki, Festiwal Teatrzyk\u00f3w Zuchowych oraz obozy letnie we w\u0142asnej bazie w B\u0142otach Karwie\u0144skich nad Morzem Ba\u0142tyckim.. Mieleccy harcerze uczestniczyli w uroczysto\u015bciach patriotycznych i religijnych oraz mi\u0119dzynarodowej akcji skautowskiej \u201eBetlejemskie \u015awiate\u0142ko Pokoju\u201d, prowadzonej w Polsce od 1990 r., a od 2007 r. organizuj\u0105 uroczysto\u015b\u0107 przekazania \u201e\u015awiate\u0142ka\u201d na placu AK. Bior\u0105 tak\u017ce udzia\u0142 w harcerskich konkursach i przegl\u0105dach artystycznych, zawodach sportowych i imprezach turystycznych, a tak\u017ce r\u00f3\u017cnych formach edukacyjnych. Po zako\u0144czeniu kampanii \u201eBohater\u201d 21 XI 1999 r. Hufiec ZHP Mielec przyj\u0105\u0142 imi\u0119 dh Antoniny G\u0119bicowej \u2013 pierwszej komendantki Mieleckiego Hufca Harcerek. Po utworzeniu powiatu mieleckiego opiek\u0105 Hufca obj\u0119to dru\u017cyny ZHP z terenu powiatu, powi\u0119kszaj\u0105c ilo\u015b\u0107 dru\u017cyn do oko\u0142o 30 po minimum 16 os\u00f3b ka\u017cda. W 2000 r. 50-osobowa reprezentacja mieleckiego ZHP wzi\u0119\u0142a udzia\u0142 w \u015awiatowym Zlocie Harcerstwa Polskiego Gniezno-2000 w Bednarach ko\u0142o Gniezna. Pod koniec 2006 r. wsp\u00f3lnie z ZHR powo\u0142ano Komitet Obchod\u00f3w 100-lecia Powstania Skautingu i Harcerstwa w Mielcu. W ramach jego dzia\u0142alno\u015bci organizowane s\u0105 uroczysto\u015bci patriotyczne i imprezy zwi\u0105zane z histori\u0105 skautingu i harcerstwa. Od 2007 r. organizowany jest przed \u015awi\u0119tem Niepodleg\u0142o\u015bci \u2013 wsp\u00f3lnie z ZHR &#8211; \u201eWiecz\u00f3r pie\u015bni patriotycznej\u201d. W 2011 r. odby\u0142y si\u0119 fina\u0142owe uroczysto\u015bci 100-lecia Powstania Skautingu i Harcerstwa w Mielcu, m.in. zorganizowano du\u017c\u0105 imprez\u0119 plenerow\u0105 w Parku Oborskich, a w Pa\u0142acyku Oborskich (siedzibie Muzeum Regionalnego) otwarto wystaw\u0119 na temat 100-lecia dzia\u0142alno\u015bci mieleckich skaut\u00f3w i harcerzy. W zwi\u0105zku z pogarszaj\u0105cym si\u0119 stanem pawilonu przy ul. A. Asnyka, przeniesiono siedzib\u0119 KH ZHP z tego budynku do pawilonu MOSiR przy ul. J. Kusoci\u0144skiego. W 2017 r. do mieleckiego ZHP nale\u017ca\u0142o oko\u0142o 300 os\u00f3b: zuch\u00f3w, harcerzy i instruktor\u00f3w harcerskich. W zwi\u0105zku z przebudow\u0105 i rozbudow\u0105 zespo\u0142u basen\u00f3w (w tym pawilonu przy ul. J. Kusoci\u0144skiego) w 2018 r. zn\u00f3w zmieniono siedzib\u0119. Przeniesienie w 2018 r. siedziby mieleckiego Hufca ZHP do lokalu przy ul. Botanicznej 1 (osiedle\u00a0 W. Szafera) i jej urz\u0105dzanie spowodowa\u0142o pewne perturbacje w funkcjonowaniu, ale ostatecznie uporano si\u0119 z tym problemem. Uroczy\u015bcie obchodzono w tym roku 100-lecie odzyskania niepodleg\u0142o\u015bci przez Polsk\u0119 oraz 100-lecie powstania Zwi\u0105zku Harcerstwa Polskiego i 60-lecie Nieprzetartego Szlaku ZHP. 24 XI 2018 r. zorganizowano w Mielcu Gal\u0119 Harcersk\u0105 po\u0142\u0105czon\u0105 z ods\u0142oni\u0119ciem pami\u0105tkowego g\u0142azu w Parku Stulecia Harcerstwa. Tak\u0105 nazw\u0119 nada\u0142a Rada Miejska skwerowi za pomnikiem Wolno\u015bci (J. Kili\u0144skiego), pomi\u0119dzy ulicami Wolno\u015bci i Jadernych. (Od tego wydarzenia w tym miejscu odbywaj\u0105 si\u0119 okoliczno\u015bciowe spotkania harcerskie.) Z kolei podczas Wielkiej Gali Wolontariatu w Rzeszowie wyr\u00f3\u017cniono wielu instruktor\u00f3w ZHP (tak\u017ce mieleckich) dzia\u0142aj\u0105cych na Nieprzetartym Szlaku (NS). Wielk\u0105 ich zas\u0142ug\u0105 by\u0142o w\u0142\u0105czanie dru\u017cyn NS do niemal wszystkich form dzia\u0142alno\u015bci harcerskiej. Reprezentacja Hufca ZHP Mielec uczestniczy\u0142a w Zlocie ZHP \u201eGda\u0144sk 2018\u201d oraz wzi\u0119\u0142a udzia\u0142 w Wyprawie Pami\u0119ci Monte Cassino 2018. Systematycznie prowadzono tradycyjne harcerskie formy dzia\u0142alno\u015bci: zbi\u00f3rki, wykonywanie zada\u0144 przez harcerzy z otwart\u0105 pr\u00f3b\u0105 pwd, Harcersk\u0105 Akcj\u0119 Letni\u0105 (turnusy obozowe we w\u0142asnej bazie w Karwie\u0144skich B\u0142otach nad Ba\u0142tykiem, kolonie zuchowe, kolonie dla dzieci, p\u00f3\u0142kolonie, Nieobozow\u0105 Akcj\u0119 Letni\u0105, biwaki i w\u0119dr\u00f3wki dru\u017cyn), Akcj\u0119 Zimow\u0105, Harcerski Rajd po Ziemi Mieleckiej, biwak w\u0119drowny \u201eGrom\u201d, udzia\u0142 w grze na orientacj\u0119 Mielecki Zielony Punkt Kontrolny, Z\u0142az Hufca ZHP Mielec i gr\u0119 terenow\u0105 na zako\u0144czenie roku harcerskiego. W ramach \u201es\u0142u\u017cby\u201d: organizowano \u201eHarcerski Start\u201d, wsp\u00f3\u0142organizowano \u201eWigili\u0119 miejsk\u0105 dla samotnych\u201d na placu Armii Krajowej, kwestowano\u00a0 na rzecz schronisk dla bezdomnych, zbierano karm\u0119 dla schroniska dla zwierz\u0105t oraz wykonywano harcersk\u0105 s\u0142u\u017cb\u0119 seniorom w czasie pandemii choroby COVID-19. W\u0142\u0105czano si\u0119 w obchody \u015bwi\u0105t pa\u0144stwowych (\u015awi\u0119to Niepodleg\u0142o\u015bci, 3 Maja) i uroczysto\u015bci religijne, m.in. przekazywano Betlejemskie \u015awiat\u0142o Pokoju i pielgrzymowano na Jasn\u0105 G\u00f3r\u0119. Hufiec ZHP Mielec od lat by\u0142 i pozostaje nadal g\u0142\u00f3wnym organizatorem Fina\u0142u Wielkiej Orkiestry \u015awi\u0105tecznej Pomocy w Mielcu. Ponadto harcerze i instruktorzy aktywnie uczestniczyli w akcjach i innych przedsi\u0119wzi\u0119ciach zwi\u0105zkowych, og\u00f3lnopolskich i chor\u0105gwianych oraz Festiwalu Piosenki Harcerskiej HIT w Le\u017cajsku. Mielecki hufiec uczestniczy\u0142 te\u017c w projekcie \u201ePodkarpacka Sie\u0107 Wsparcia Wychowawczej Funkcji Rodziny\u201d, realizowanym przez Chor\u0105giew Podkarpack\u0105 ZHP w ramach RPO Wojew\u00f3dztwa Podkarpackiego na lata 2014-2020. Ponadto trzy dru\u017cyny Nieprzetartego Szlaku, dzia\u0142aj\u0105ce w SOSW im. \u015bw. Jadwigi\u00a0 w Mielcu, s\u0105 organizatorami corocznych chor\u0105gwianych biwak\u00f3w dla harcerzy Nieprzetartego Szlaku z plac\u00f3wek szkolnictwa specjalnego z ca\u0142ej Polski, wojew\u00f3dzkich rozgrywek w bule oraz gry terenowej dla niepe\u0142nosprawnej m\u0142odzie\u017cy. Promocj\u0119 hufca prowadzono poprzez kontakty z mieleckimi mediami, stron\u0119 na portalu spo\u0142eczno\u015bciowym Facebook, stron\u0119 na portalu YouTube, swoje konto na portalu Instagram i konto na portalu spo\u0142eczno\u015bciowym TikTok. Hufiec posiada te\u017c sw\u00f3j logotyp, b\u0119d\u0105cy kompilacj\u0105 lilijki harcerskiej i element\u00f3w herbu miasta Mielca. Od 2004 r. za wyr\u00f3\u017cniaj\u0105c\u0105 si\u0119 prac\u0119 z dzie\u0107mi i m\u0142odzie\u017c\u0105 przyznawane jest instruktorom hufcowe odznaczenie PRIMUS INTER PARES (\u201epierwszy w\u015br\u00f3d r\u00f3wnych sobie\u201d). Wed\u0142ug stanu na 1 X 2021 r. Hufiec ZHP Mielec liczy\u0142 290 cz\u0142onk\u00f3w, w tym 33 instruktor\u00f3w. Dzia\u0142alno\u015b\u0107 prowadzi\u0142y grupy zuchowe: 5 GZ \u201eDzielne Skrzaty\u201d, 6 GZ \u201ePrzyjaciele Kubusia Puchatka\u201d, 7 Pr\u00f3bna GZ, 8 GZ \u201eLe\u015bna Gromada\u201d, 9 GZ \u201eWeso\u0142e Ludki\u201d i 16 GZ NS \u201ePracowite Krasnale\u201d oraz dru\u017cyny harcerskie: 3 DH \u201eOrion\u201d, 4 DH \u201e\u0141aziki\u201d, 6 DH \u201eNieprzemakalni\u201d, 7 DH \u201eGalimatias\u201d, 8 DH \u201eOmega\u201d, 8 WDH \u201eEureka\u201d, 9 Mielecka Dru\u017cyna Harcerska, 10 DH \u201eZielony P\u0142omie\u0144\u201d, 2 DH NS \u201eDiablice\u201d, 13 DH NS \u201eOr\u0142y\u201d, 14 DH NS \u201eLe\u015bne Ludy\u201d, 15 DH NS \u201eM\u0142ode D\u0119by\u201d. Ponadto od 2019 r. przy hufcu za\u0142o\u017cono Kr\u0105g Instruktor\u00f3w i Starszyzny \u201eDalej Razem\u201d, zrzeszaj\u0105cy by\u0142ych i obecnych doros\u0142ych instruktor\u00f3w.<\/p>\r\n\r\n\r\n\r\n<p><strong>Komendanci Hufca w latach 1944-2023:<\/strong> Edward Krymski (1944-1947), Tadeusz Trojanowski (1944-1947), Leopold Mysi\u0144ski (1947-1949), Jan Jachyra (1949), Stanis\u0142aw Jachyra (1949), Tadeusz Sobusiak (1949-?), w latach 1950-1956 nie funkcjonowa\u0142a samodzielna organizacja harcerska, Tadeusz Markowski (1956-1957), hm Edward Krymski (1957), hm Feliks Borodzik (1957-1959), hm Julian Szume\u0142da (1959-1960), hm Maria Orczykowska (1960-1961), phm Leonard Nowak (1961), hm Halina Mielniczek (1962-1965), hm Zdzis\u0142aw Bia\u0142orucki (1965-1969), hm W\u0142adys\u0142aw Korze\u0144 (1969-1971), hm Krystyna Samogranicka 1971), hm Halina Mielniczek (1971-1983), hm Maria Koziara (1983-1985), hm Zygmunt Ko\u0142odziej (1985), hm Rozalia Basztura (1985-1988), hm Krzysztof Grzebyk (1988-1989), hm Marek Paprocki (1989-1990), hm Dorota Cierpik (1991-1994), hm Halina Ko\u0142odziej (1994-2003), hm Miros\u0142aw Pietrzak (2003-2005), hm Halina Ko\u0142odziej (2005-2007), hm Anna Marek (2007-2015), hm Bart\u0142omiej Maryniak (2015-nadal).<\/p>\r\n\r\n\r\n\r\n<p><strong>HARENDA STEFAN<\/strong>, urodzony 26 VII 1913 r. w Gelsenkirchen (Niemcy), syn Piotra i Stanis\u0142awy z Kubackich. Po odzyskaniu przez Polsk\u0119 niepodleg\u0142o\u015bci zamieszka\u0142 z rodzicami na terenie Wielkopolski. Uczy\u0142 si\u0119 w szkole \u015bredniej przemys\u0142owej oraz uzyska\u0142 uprawnienia pilota szybowcowego. By\u0142 cz\u0142onkiem Aeroklubu Pozna\u0144skiego. Od 1934 r. s\u0142u\u017cy\u0142 w wojsku, ucz\u0105c si\u0119 pilota\u017cu w 3 pu\u0142ku lotniczym w Poznaniu, a nast\u0119pnie w Lotniczej Szkole Strzelania i Bombardowania w Grudzi\u0105dzu. Po odbyciu tych szkole\u0144 powr\u00f3ci\u0142 do macierzystego pu\u0142ku w Poznaniu i w stopniu plutonowego pilota s\u0142u\u017cy\u0142 do wybuchu wojny. Przy ko\u0144cu sierpnia 1939 r. zosta\u0142 w\u0142\u0105czony do 34 Eskadry Rozpoznawczej wspomagaj\u0105cej Armi\u0119 \u201ePozna\u0144\u201d. W pierwszym dniu wojny odby\u0142 kilka lot\u00f3w na samolocie PZL P-23B \u201eKara\u015b\u201d, ale ju\u017c 2 IX zosta\u0142 ranny w czasie lotu rozpoznawczego i musia\u0142 l\u0105dowa\u0107 na lotnisku w pobli\u017cu Konina. Nie mog\u0105c dalej lata\u0107, bo samolot tak\u017ce zosta\u0142 zniszczony, przedosta\u0142 si\u0119 wraz z innymi lotnikami do Warszawy, a po jej kapitulacji zosta\u0142 wzi\u0119ty przez Niemc\u00f3w do niewoli. Przez ca\u0142\u0105 wojn\u0119 przebywa\u0142 w obozach jenieckich, najd\u0142u\u017cej w Stalagu II C. Po wojnie powr\u00f3ci\u0142 do kraju, zdoby\u0142 kwalifikacje pilota komunikacyjnego i od VII do X 1945 r. pracowa\u0142 w Polskich Liniach Lotniczych \u201eLOT\u201d w Warszawie. Od 1 XI 1945 r. do 14 VI 1946 r. pracowa\u0142 w PZL Mielec jako pilot samolotu \u0142\u0105cznikowego Po-2, kursuj\u0105cego pomi\u0119dzy PZL w Mielcu i Rzeszowie a Warszaw\u0105 i innymi o\u015brodkami lotniczymi w kraju. By\u0142 prawdopodobnie pierwszym etatowym pilotem zatrudnionym po II wojnie \u015bwiatowej w PZL Mielec. 15 VI 1946 r. powr\u00f3ci\u0142 do Warszawy i uczestniczy\u0142 w kursie pilot\u00f3w PLL \u201eLOT\u201d, a nast\u0119pnie pracowa\u0142 w tym przedsi\u0119biorstwie jako pilot komunikacyjny do 1969 r., lataj\u0105c m.in. na samolotach Li-2 i DC-3, prawdopodobnie wyremontowanych w Mielcu. W latach 1946-1969 przebywa\u0142 za sterami samolot\u00f3w oko\u0142o 15 tysi\u0119cy godzin i przelecia\u0142 oko\u0142o 5 milion\u00f3w kilometr\u00f3w. W lipcu 1969 r. zako\u0144czy\u0142 prac\u0119 pilota i zosta\u0142 przeniesiony na stanowisko kierownika Wydzia\u0142u Nawigacji PLL \u201eLOT\u201d, a nast\u0119pnie powierzono mu funkcj\u0119 inspektora d\/s bezpiecze\u0144stwa ruchu lotniczego. W 1976 r. przeszed\u0142 na rent\u0119 i p\u00f3\u017aniej na emerytur\u0119. Za d\u0142ugoletni\u0105 prac\u0119 w lotnictwie wojskowym i cywilnym zosta\u0142 wyr\u00f3\u017cniony odznaczeniami pa\u0144stwowymi i resortowymi. Zmar\u0142 4 IX 1983 r. Spoczywa na cmentarzu parafialnym w Rembertowie.<\/p>\r\n\r\n\r\n\r\n<p><strong>HAR\u0118\u017bLAK RYSZARD<\/strong>, urodzony 1 III 1941 r. w Bielsku-Bia\u0142ej, syn Alojzego i Hildegardy z domu Kaczmarczyk. Wychowanek sekcji pi\u0142ki no\u017cnej \u201eW\u0142\u00f3kniarza\u201d Bielsko-Bia\u0142a. W latach 1958-1961 gra\u0142 w BBTS Bielsko-Bia\u0142a. W tym czasie powo\u0142ywany by\u0142 do kadry narodowej junior\u00f3w. Od 1961 r. do 1964 r. reprezentowa\u0142 barwy \u201eStali\u201d Mielec, kt\u00f3ra w latach 1961-1962 wyst\u0119powa\u0142a w I lidze (rozegra\u0142 25 mecz\u00f3w i zdoby\u0142 6 bramek), a nast\u0119pnie w II lidze. W Mielcu uko\u0144czy\u0142 tak\u017ce Technikum Mechaniczne. Od 1964 r. do 1973 r. gra\u0142 ponownie w BBTS Bielsko-Bia\u0142a (liga \u015bl\u0105ska) oraz trenowa\u0142 w tym klubie junior\u00f3w i p\u00f3\u017aniej senior\u00f3w. W latach 1973-1974 wyst\u0119powa\u0142, jako graj\u0105cy trener, w \u201ePolonii\u201d Toronto (Kanada), a nast\u0119pnie powr\u00f3ci\u0142 do BBTS i awansowa\u0142 z nim (jako trener) do III ligi. W roku 1974 podj\u0105\u0142 studia w katowickiej AWF. Pod koniec lat 70. trenowa\u0142 dru\u017cyn\u0119 \u201eWalcowni\u201d Czechowice (liga okr\u0119gowa), a w latach 1982-1984 prowadzi\u0142 III-ligow\u0105 dru\u017cyn\u0119 BKS \u201eStal\u201d Bielsko-Bia\u0142a. W 1982 r. uko\u0144czy\u0142 studia i otrzyma\u0142 tytu\u0142 magistra sportu oraz trenera pi\u0142ki no\u017cnej II klasy. Ponadto po uko\u0144czeniu studi\u00f3w zaj\u0105\u0142 si\u0119 gimnastyk\u0105 korekcyjn\u0105. W latach 1984-1986 ponownie trenowa\u0142 \u201eWalcowni\u0119\u201d Czechowice, w latach 1986-1987 \u201ePoloni\u0119\u201d Toronto, w latach 1987-1991 BBTS (w sezonie 1989\/1990 awansowa\u0142 z nim do III ligi), a w latach 1991-1994 (po raz trzeci) \u201eWalcowni\u0119\u201d. R\u00f3wnocze\u015bnie (od 1992 r.) pracowa\u0142 w Wojew\u00f3dzkim O\u015brodku Gimnastyki Korekcyjnej w Bielsku Bia\u0142ej, pocz\u0105tkowo jako nauczyciel, a nast\u0119pnie jako kierownik dzia\u0142u, zast\u0119pca dyrektora d\/s dydaktycznych i od 1997 r. dyrektor. Opracowa\u0142 i wdro\u017cy\u0142 now\u0105 koncepcj\u0119 gimnastyki w zakresie leczenia skolioz, prowadzon\u0105 na przyrz\u0105dach wykonanych wed\u0142ug w\u0142asnego pomys\u0142u. Doprowadzi\u0142 tak\u017ce do wybudowania i oddania do u\u017cytku basenu krytego przy wymienionym wcze\u015bniej O\u015brodku. Trenowa\u0142 zespo\u0142y pi\u0142ki no\u017cnej, ostatnim by\u0142 RKS Cukrownik Chybie w sezonie 2002\/2003. Do 2008 r. pracowa\u0142 w Bielskim Szkolnym O\u015brodku Gimnastyki Korekcyjno-Kompensacyjnej im. R. Liszki. Opracowa\u0142 w\u0142asn\u0105 koncepcj\u0119 asymetrycznej korekcji skolioz i propaguje j\u0105 na konferencjach oraz w publikacjach, m.in. \u0106wiczenia asymetryczne w korekcji skolioz. Wychowanie Fizyczne i Zdrowotne 2005. By\u0142 ekspertem Ministerstwa Edukacji Narodowej i doradc\u0105 metodycznym z zakresu gimnastyki korekcyjnej, ekspertem i wyk\u0142adowc\u0105 Centrum KKKF. Aktualnie jest g\u0142\u00f3wnym konsultantem Stowarzyszenia \u201eDbaj o kr\u0119gos\u0142up\u201d w Bielsku-Bia\u0142ej. (Zainteresowani jego metod\u0105 przyje\u017cd\u017caj\u0105 z ca\u0142ego kraju.) Wsp\u00f3\u0142pracuje z uczelniami w zakresie gimnastyki korekcyjnej, m.in. z AWF w Katowicach (prof. Jan \u015al\u0119\u017cy\u0144ski) i AWF Krak\u00f3w (prof. Tadeusz Kasperczyk). Wyr\u00f3\u017cniony m.in. Z\u0142otym Krzy\u017cem Zas\u0142ugi i Z\u0142ot\u0105 Odznak\u0105 PZPN.<\/p>\r\n\r\n\r\n\r\n<p><strong><img loading=\"lazy\" decoding=\"async\" class=\"alignleft size-full wp-image-1321\" src=\"https:\/\/encyklopedia.mielec.pl\/wp-content\/uploads\/2022\/11\/hariasz_zbigniew.jpg\" alt=\"\" width=\"110\" height=\"150\" \/>HARIASZ ZBIGNIEW ROBERT<\/strong>, urodzony 17 V 1962 r. w Mielcu, syn Czes\u0142awa i Marii z Mokrzyckich. Absolwent Technikum Mechanicznego w Mielcu, matur\u0119 zda\u0142 w 1982 r. By\u0142 zawodnikiem m\u0142odzie\u017cowych zespo\u0142\u00f3w FKS \u201eStal\u201d Mielec, ale kontuzja przerwa\u0142a dalszy rozw\u00f3j kariery. Studia na Akademii Wychowania Fizycznego w Warszawie uko\u0144czy\u0142 w 1986 r., uzyskuj\u0105c tytu\u0142y magistra wychowania fizycznego i trenera pi\u0142ki no\u017cnej II klasy. Pracowa\u0142 jako instruktor pi\u0142ki no\u017cnej w klubie \u201eSarmata\u201d Warszawa (1986), a nast\u0119pnie jako trener junior\u00f3w ZKS \u201eStal\u201d Stalowa Wola (1986-1987). Od pocz\u0105tku roku 1988 pracowa\u0142 w Mielcu jako: nauczyciel wychowania fizycznego w Szkole Podstawowej nr 9 (1 I \u2013 31 VIII 1988 r.), trener pi\u0142ki no\u017cnej w FKS \u201eStal\u201d Mielec (1 IX 1988 r. \u2013 31 VIII 1990 r.), trener \u2013 nauczyciel w. f. w Szkole Podstawowej nr 6 (1 IX 1990 r. \u2013 31 VIII 2000 r.) i nauczyciel w. f. w Gimnazjum nr 1 (1 IX 2000 r. i nadal). Jest tak\u017ce rejonowym organizatorem sportu w Mielcu\u00a0w pionie gimnazjalnym. W pracy trenerskiej i nauczycielskiej osi\u0105gn\u0105\u0142 szereg sukces\u00f3w. By\u0142 trenerem dru\u017cyny, kt\u00f3ra zdoby\u0142a tytu\u0142 mistrza Polski \u201epi\u0142karskich pi\u0105tek\u201d w Elbl\u0105gu w 1990 r., trenerem reprezentacji wojew\u00f3dztwa podkarpackiego w latach 2000-2004. Od VII 2006 r. jest II trenerem reprezentacji Polski \u2013 rocznik 1992. Trener I klasy. W 2005 r. by\u0142 jednym z inicjator\u00f3w powstania Szko\u0142y Mistrzostwa Sportowego im. Grzegorza Lato\u00a0w Mielcu i zosta\u0142 jej wsp\u00f3\u0142w\u0142a\u015bcicielem. Jest te\u017c wsp\u00f3\u0142autorem ksi\u0105\u017cki\u00a0<em>Konspekty zaj\u0119\u0107 treningowych w nauczaniu wst\u0119pnym 8-10 lat<\/em>. Uko\u0144czy\u0142 kurs trenerski I klasy UEFA. Wyr\u00f3\u017cniony m.in. Medalem \u201eZa Zas\u0142ugi w Rozwoju Sportu Szkolnego\u201d. Wiosn\u0105 2009 r. powierzono mu prowadzenie III-ligowej dru\u017cyny Stali Mielec i mimo bardzo trudnej sytuacji w tabeli pom\u00f3g\u0142 w utrzymaniu si\u0119 w III lidze. W sezonie 2009\/2010 pocz\u0105tkowo by\u0142 II trenerem (I trener \u2013 Janusz Bia\u0142ek), a po odej\u015bciu Bia\u0142ka do Stalowej Woli zn\u00f3w zosta\u0142 I trenerem i pe\u0142ni\u0142 t\u0119 funkcj\u0119 do 22 VII 2010 r. Ponadto przez pewien czas pracowa\u0142 w zarz\u0105dzie Stal Mielec. Od VII 2006 r. do I 2013 r. by\u0142 trenerem reprezentacji Polski U-17, a od I 2013 r. by\u0142 II trenerem reprezentacji U-17 i U-16. W 2015 r. uzyska\u0142 trenersk\u0105 licencj\u0119 UEFA \u201eA\u201d Elite Youth (jako pierwszy trener z Podkarpacia).<\/p>\r\n\r\n\r\n\r\n<p><strong><img loading=\"lazy\" decoding=\"async\" class=\"alignleft size-full wp-image-1322\" src=\"https:\/\/encyklopedia.mielec.pl\/wp-content\/uploads\/2022\/11\/harla_stanislaw.jpg\" alt=\"\" width=\"110\" height=\"150\" \/>HARLA STANIS\u0141AW<\/strong>, urodzony 20 VII 1912 r. w Zaborczu, powiat mielecki. Uczy\u0142 si\u0119 w mieleckim gimnazjum, ale nie uko\u0144czy\u0142 go z powodu \u015bmierci ojca i konieczno\u015bci zaj\u0119cia si\u0119 gospodarstwem. Od wczesnej m\u0142odo\u015bci pisa\u0142 wiersze. Dzia\u0142a\u0142 si\u0119 tak\u017ce w ruchu ludowym. W 1934 r. uczestniczy\u0142 w Zje\u017adzie Pisarzy Ludowych w Krakowie. Po II wojnie \u015bwiatowej kontynuowa\u0142 dzia\u0142alno\u015b\u0107 tw\u00f3rcz\u0105. Tematem wi\u0119kszo\u015bci jego utwor\u00f3w poetyckich by\u0142a ziemia rodzinna (Zagon, Orz\u0119, Mocarz, Moja, Pas\u0119), ale nie unika\u0142 te\u017c refleksji nad niepodleg\u0142o\u015bci\u0105 i wolno\u015bci\u0105 Ojczyzny czy stanami uczuciowymi cz\u0142owieka (\u017bycie, Krzy\u017c, Muzie, Drogi, Matce, Lec\u0119). W 1965 r. wzi\u0105\u0142 udzia\u0142 w Zje\u017adzie Pisarzy Ludowych w Lublinie i odt\u0105d nale\u017ca\u0142 do Mi\u0119dzywojew\u00f3dzkiego Klubu Pisarzy Ludowych, a p\u00f3\u017aniej do Stowarzyszenia Tw\u00f3rc\u00f3w Ludowych \u2013 Oddzia\u0142 w Rzeszowie. Jego utwory opublikowano\u00a0w kilku antologiach i almanachach, m.in. Od Bugu do Ba\u0142tyku (1965 r.), Wie\u015b tworz\u0105ca T.2 (1966 r.), T.3 (1968 r.) i T.4 (1970 r.) oraz w\u00a0<em>Antologii poezji ludowej<\/em>\u00a0(1985 r.). Pojedyncze wiersze zamieszczane by\u0142y w czasopismach literackich (m.in. \u201eKamena\u201d) oraz w gazetach og\u00f3lnopolskich (m.in. \u201eCh\u0142opska Droga\u201d, \u201eGromada \u2013 Rolnik Polski\u201d) i regionalnych (\u201eNowiny Rzeszowskie\u201d, \u201eG\u0142os Za\u0142ogi\u201d, \u201eMegatik\u201d \u201eWie\u015bci Regionalne\u201d). W latach 1968-1975 nale\u017ca\u0142 do Ko\u0142a Tw\u00f3rc\u00f3w Amator\u00f3w Ziemi Mieleckiej przy Powiatowej Poradni Kulturalno-O\u015bwiatowej w Mielcu. Zmar\u0142 w 1977 r.\u00a0W 1986 r. odby\u0142 si\u0119 I Konkurs Recytatorski im. Stanis\u0142awa Harli w Gminnym O\u015brodku Kultury w Przec\u0142awiu, a w 1997 r. w Samorz\u0105dowym O\u015brodku Kultury i Sportu w Chorzelowie zorganizowano I Ma\u0142opolski Konkurs Poezji Ludowej im. S. Harli. Z tej okazji TMZM w Mielcu wyda\u0142o okoliczno\u015bciowy zbiorek wierszy S. Harli \u201e \u2013<em>\u00a0i jeszcze jeden krzy\u017c<\/em>\u201d.<\/p>\r\n\r\n\r\n\r\n<p><strong><img loading=\"lazy\" decoding=\"async\" class=\"alignleft size-full wp-image-1323\" src=\"https:\/\/encyklopedia.mielec.pl\/wp-content\/uploads\/2022\/11\/harla_studzinska_halina.jpg\" alt=\"\" width=\"110\" height=\"150\" \/>HARLA \u2013 STUDZI\u0143SKA HALINA (z domu Dzia\u0142o)<\/strong>, urodzona 12 II 1943 r. w Sadkowej G\u00f3rze, powiat mielecki, c\u00f3rka J\u00f3zefa i Marii z domu Bator. Absolwentka Studium Pedagogicznego (1964 r.) i Studium Administracyjno-Biurowego przy Liceum Ekonomicznym w Mielcu z matur\u0105 w 1968 r. Uzyska\u0142a tak\u017ce kwalifikacje mistrzowskie w zawodzie krawieckim oraz uko\u0144czy\u0142a 2-letnie studium gospodarstwa domowego. Prac\u0119 zawodow\u0105 rozpocz\u0119\u0142a w 1964 r. jako nauczycielka zawodu w Zak\u0142adzie Doskonalenia Zawodowego w Rzeszowie \u2013 O\u015brodek w Mielcu. W latach 1967-1969 pe\u0142ni\u0142a funkcje mistrza i instruktora w Sp\u00f3\u0142dzielni Pracy \u201eOdzie\u017c\u201d, od 1969 r. do 1973 r. kierowa\u0142a Zak\u0142adem Krawieckim Powiatowej Sp\u00f3\u0142dzielni Pracy Us\u0142ug Wielobran\u017cowych \u201ePrzysz\u0142o\u015b\u0107\u201d, a w latach 1973-1976 ponownie pracowa\u0142a w Zak\u0142adzie Doskonalenia Zawodowego jako nauczyciel zawodu. Od 15 VIII 1976 r. do 31 VIII 1985 r. zatrudniona by\u0142a jako nauczycielka w O\u015brodku Spo\u0142eczno-Wychowawczym w Smoczce, a z dniem 1 IX 1985 r. przesz\u0142a do Zespo\u0142u Szk\u00f3\u0142 Specjalnych im. J. Korczaka na stanowisko kierownika \u015bwietlicy. 1 XI 1985 r. powierzono jej obowi\u0105zki dyrektora ZSS, a 1 IX 1986 r. mianowano j\u0105 dyrektorem. W ci\u0105gu kilkunastu lat pe\u0142nienia tej funkcji doprowadzi\u0142a do modernizacji i unowocze\u015bnienia plac\u00f3wki oraz rozwoju dzia\u0142alno\u015bci dydaktyczno-wychowawczej z dzie\u0107mi specjalnej troski. Dokszta\u0142ca\u0142a si\u0119; w 1984 r. uko\u0144czy\u0142a studia z zakresu pedagogiki specjalnej na Wydziale Pedagogiki i Psychologii UMCS w Lublinie i otrzyma\u0142a tytu\u0142 magistra pedagogiki specjalnej, w 1988 r. uko\u0144czy\u0142a specjalistyczny kurs z zakresu terapii pedagogicznej w Rzeszowie, a w 1989 r. Studium Organizacji i Zarz\u0105dzania w Rzeszowie. Udziela\u0142a si\u0119 spo\u0142ecznie. W latach 80. by\u0142a cz\u0142onkiem Zarz\u0105du Miejskiego Ligi Kobiet Polskich w Mielcu, a w latach 1988-1990 (skr\u00f3cona kadencja) pe\u0142ni\u0142a funkcj\u0119 radnej Miejskiej Rady Narodowej w Mielcu. Za wyr\u00f3\u017cniaj\u0105c\u0105 si\u0119 prac\u0119 pedagogiczn\u0105 otrzyma\u0142a odznaczenia pa\u0144stwowe i resortowe. W 2003 r. przesz\u0142a na emerytur\u0119.<\/p>\r\n\r\n\r\n\r\n<p><strong>HAS KAZIMIERA<\/strong>, urodzona 2 VI 1953 r. w miejscowo\u015bci Kornie ko\u0142o Tomaszowa Lubelskiego, c\u00f3rka Jana i Dominiki z \u0141apczy\u0144skich. Absolwentka Liceum Medycznego w Tomaszowie Lubelskim. Matur\u0119 zda\u0142a w 1972 r., a w 1973 r. otrzyma\u0142a dyplom piel\u0119gniarki. W latach 1973-1975 pracowa\u0142a w Pa\u0144stwowym Specjalistycznym Zespole Opieki Zdrowotnej w Lublinie. Od 1975 r. studiowa\u0142a na Wydziale Piel\u0119gniarskim Akademii Medycznej w Lublinie i w 1979 r. uzyska\u0142a tytu\u0142 magistra piel\u0119gniarstwa. W tym roku podj\u0119\u0142a prac\u0119 w Zespole Opieki Zdrowotnej w Mielcu na stanowisku m\u0142odszego asystenta, a nast\u0119pnie pe\u0142ni\u0142a funkcje prze\u0142o\u017conej piel\u0119gniarek Podstawowej Opieki Zdrowotnej (1980-1991) i naczelnej piel\u0119gniarki (1991-2000). R\u00f3wnocze\u015bnie uzyska\u0142a specjalizacj\u0119 I stopnia z zakresu medycyny spo\u0142ecznej na Akademii Medycznej w Lublinie (1995 r.) i specjalizacj\u0119 II stopnia z organizacji ochrony zdrowia w Centrum Medycznym Kszta\u0142cenia Podyplomowego w Warszawie (1998 r.). Od 2001 r. pracuje jako piel\u0119gniarka epidemiologiczna w Szpitalu Powiatowym w Mielcu. W 2007 r. uko\u0144czy\u0142a specjalizacj\u0119 z dziedziny piel\u0119gniarstwa epidemiologicznego w O\u015brodku Kszta\u0142cenia Podyplomowego Piel\u0119gniarek i Po\u0142o\u017cnych w Rzeszowie. Wyr\u00f3\u017cniona m.in. Br\u0105zowym Krzy\u017cem Zas\u0142ugi.<\/p>\r\n\r\n\r\n\r\n<p><strong>HEBENSTREIT MARIAN<\/strong>, urodzony 13 VIII 1899 r. w Hlibowie, woj. tarnopolskie, syn Franciszka i Eugenii z domu Wazl. Absolwent II Gimnazjum Matematyczno-Fizycznego w Krakowie, egzaminy maturalne zda\u0142 w 1918 r. W latach 1919-1923 studiowa\u0142 na Uniwersytecie Jagiello\u0144skim w Krakowie i otrzyma\u0142 tytu\u0142 magistra filozofii. Pracowa\u0142 jako nauczyciel matematyki i fizyki w Prywatnym Gimnazjum \u017be\u0144skim w Wieliczce (1921-1922) i Pa\u0144stwowym Gimnazjum w Ja\u015ble (1923-1929) oraz uczy\u0142 matematyki, fizyki i j\u0119zyka niemieckiego w Pa\u0144stwowym Seminarium Nauczycielskim w J\u0119drzejowie (1929-1934). W latach 1934-1939 by\u0142 nauczycielem matematyki i fizyki w Pa\u0144stwowym Gimnazjum i Liceum im. Stanis\u0142awa Konarskiego w Mielcu. W czasie okupacji hitlerowskiej pracowa\u0142 jako robotnik fizyczny w firmie drogowej i budowlanej J. Henniga w Mielcu. Uczestniczy\u0142 tak\u017ce w tajnym nauczaniu m\u0142odzie\u017cy gimnazjalnej. Po wyzwoleniu Mielca, od 1 IX 1944 r. do 28 II 1946 r., ponownie uczy\u0142 w mieleckim Pa\u0144stwowym Gimnazjum i Liceum im. S. Konarskiego. Z dniem 1 III 1946 r., na w\u0142asn\u0105 pro\u015bb\u0119, zosta\u0142 przeniesiony do Gliwic. Dalsze losy nieznane.<\/p>\r\n\r\n\r\n\r\n<p><strong>HEINKEL<\/strong>, niemieckie zak\u0142ady lotnicze za\u0142o\u017cone przez konstruktora lotniczego in\u017c. Ernsta Heinkla w Warnemunde w 1922 r. Pocz\u0105tkowo wykonywano w nich prototypy i wzorcowe serie samolot\u00f3w dla zak\u0142ad\u00f3w lotniczych w Szwecji, Japonii, Danii, Jugos\u0142awii, ZSRR i na W\u0119grzech. Od 1932 r., w zwi\u0105zku z rozbudow\u0105 niemieckich si\u0142 powietrznych, zbudowano fili\u0119 zak\u0142ad\u00f3w w Rostocku-Marienehe i nast\u0119pnie przeniesiono do\u0144 siedzib\u0119 g\u0142\u00f3wn\u0105. Po napa\u015bci na Polsk\u0119 w 1939 r. i rozpocz\u0119ciu jej okupacji \u2013 polskie zak\u0142ady lotnicze, w tym PZL Mielec pod nazw\u0105 \u201eFlugzeugwerk Mielec\u201d, zosta\u0142y w\u0142\u0105czone w sie\u0107 zak\u0142ad\u00f3w Heinkla. W Mielcu produkowano m.in. cz\u0119\u015bci i zespo\u0142y, dokonywano monta\u017cu zespo\u0142\u00f3w usterzenia i remontowano samoloty bombowe He-111 oraz produkowano cz\u0119\u015bci i zespo\u0142y usterzenia do samolotu dalekiego zasi\u0119gu He-177. Ponadto od czerwca 1941 r. do lipca 1944 r. w mieleckiej fabryce remontowano niemieckie samoloty my\u015bliwskie, transportowe i bombowe uszkodzone w dzia\u0142aniach wojennych.\u00a0<\/p>\r\n\r\n\r\n\r\n<p><strong>HE-111<\/strong>, niemiecki p\u0142atowiec dwusilnikowy, w 1936 r. samolot komunikacyjny. W zwi\u0105zku z potrzebami wojska, ju\u017c na prze\u0142omie 1936\/1937 r. dostosowano go do zada\u0144 bojowych, a od 1938 r., po zmodyfikowaniu i uzbrojeniu, rozpocz\u0119to produkcj\u0119 jego wersji bombowej. W czasie najazdu na Polsk\u0119 w 1939 r. w sk\u0142ad Luftwaffe wchodzi\u0142o m.in. 470 samolot\u00f3w bombowych He-111. W latach 1936-1944 wytw\u00f3rnie lotnicze b\u0119d\u0105ce w dyspozycji III Rzeszy wyprodukowa\u0142y ponad 7400 samolot\u00f3w r\u00f3\u017cnych generacji He-111.\u00a0<\/p>\r\n\r\n\r\n\r\n<p><strong>HE-177<\/strong>, niemiecki p\u0142atowiec dwusilnikowy, ci\u0119\u017cki samolot dalekiego zasi\u0119gu. Jego produkcj\u0119 rozpocz\u0119to na pocz\u0105tku lat 40. Do wyposa\u017cenia niemieckiego lotnictwa wszed\u0142 w 1942 r. Z r\u00f3\u017cnych przyczyn jego produkcja nie rozwin\u0119\u0142a si\u0119 w planowanym zakresie.<\/p>\r\n\r\n\r\n\r\n<p><strong>HEJ.MIELEC.PL<\/strong>\u00a0( ), mielecki serwis informacyjny. Funkcjonuje od 22 XII 2007 r. Dzia\u0142y: miasto, kultura, sport, kobieta, czas wolny, biznes, foto, informator, opinie. Pierwszym redaktorem naczelnym zosta\u0142 Przemys\u0142aw Cynkier. W 2021 r. wyr\u00f3\u017cniony Medalem 75-lecia LZS.<\/p>\r\n\r\n\r\n\r\n<p><strong>HEJMIELEC<\/strong>, gazeta bezp\u0142atna wydawana w Mielcu przez mieleck\u0105 firm\u0119 MAGED od wrze\u015bnia 2011 r. Nak\u0142ad \u2013 12 000 egzemplarzy (2012 r.). Siedziba Redakcji: ul. E. Biernackiego 1\/36. Redaktor naczelny: Zdzis\u0142aw Orze\u0142, sekretarz: Ma\u0142gorzata Rojkowicz (od 2012 r.), redaktorzy: Przemys\u0142aw Cynkier, Monika Konefa\u0142, Grzegorz Niewiadomski, Kacper Strykowski, Leszek \u015aledziona. Reklama: Luiza Barleska, Grzegorz Buczek, Zofia Zara\u015b. W kolejnym roku zaprzestano jej wydawanie.<\/p>\r\n\r\n\r\n\r\n<p><strong>HELIPORT<\/strong>, l\u0105dowisko sanitarne ca\u0142odobowe dla \u015bmig\u0142owc\u00f3w (helikopter\u00f3w) sanitarnych transportuj\u0105cych chorych do Szpitala Powiatowego w Mielcu. Zosta\u0142o zbudowane na terenie szpitalnym i po\u0142\u0105czone ze Szpitalnym Oddzia\u0142em Ratunkowym specjaln\u0105 infrastruktur\u0105 drogow\u0105. Oficjalne oddanie obiektu do u\u017cytku nast\u0105pi\u0142o 16 XI 2011 r.<\/p>\r\n\r\n\r\n\r\n<p><strong><img loading=\"lazy\" decoding=\"async\" class=\"alignleft size-full wp-image-1325\" src=\"https:\/\/encyklopedia.mielec.pl\/wp-content\/uploads\/2022\/11\/hemerling_kazimierz.jpg\" alt=\"\" width=\"110\" height=\"150\" \/>HEMERLING KAZIMIERZ KAROL WIKTOR<\/strong>, urodzony 4 III 1859 r. w Przemy\u015blu, syn J\u00f3zefa i Emilii ze Stoja\u0142owskich. Studiowa\u0142 prawo we Lwowie. W latach szkolnych uprawia\u0142 szereg dyscyplin sportowych, m.in. gimnastyk\u0119, jazd\u0119 konn\u0105, p\u0142ywanie, turystyk\u0119 i wio\u015blarstwo. W czasie studi\u00f3w wst\u0105pi\u0142 do Towarzystwa Gimnastycznego \u201eSok\u00f3\u0142\u201d i by\u0142 jego aktywnym cz\u0142onkiem. Po studiach pracowa\u0142 w Jaros\u0142awiu i Rawie Ruskiej, gdzie tak\u017ce udziela\u0142 si\u0119 w TG \u201eSok\u00f3\u0142\u201d. Nauczy\u0142 si\u0119 je\u017adzi\u0107 na rowerze, co w tym czasie by\u0142o sztuk\u0105. W latach 80. przebywa\u0142 m.in. w Mielcu jako urz\u0119dnik kolejowy przy budowie kolei D\u0119bica-Rozwad\u00f3w. Wtedy to zakupi\u0142 we Wiedniu dwa rowery angielskie i zach\u0119ca\u0142 m\u0142odych ludzi do uprawiania turystyki rowerowej. W zimie zmobilizowa\u0142 mieleck\u0105 m\u0142odzie\u017c do budowy toru \u0142y\u017cwiarskiego i uczy\u0142 jazdy na \u0142y\u017cwach. Zach\u0119ca\u0142 tak\u017ce do uprawiania innych dyscyplin sportowych i ruchu na \u015bwie\u017cym powietrzu. Po przeniesieniu s\u0142u\u017cbowym do Lwowa zosta\u0142 cz\u0142onkiem Lwowskiego Klubu Cyklist\u00f3w i za\u0142o\u017cy\u0142 w \u201eSokole Macierzy\u201d sekcj\u0119 kolarsk\u0105. W 1894 r. doprowadzi\u0142 do powstania we Lwowie toru kolarskiego, na kt\u00f3rym przez szereg lat rozgrywano zawody kolarskie. R\u00f3wnocze\u015bnie od 1892 r., po zakupieniu nart we Wiedniu, propagowa\u0142 narciarstwo. Poza praktycznym uczeniem kolarstwa i narciarstwa, wiele czasu po\u015bwi\u0119ca\u0142 publicystyce sportowej. By\u0142 cz\u0142onkiem redakcji \u201ePrzewodnika Gimnastycznego\u201d \u2013 organu TG \u201eSok\u00f3\u0142\u201d we Lwowie, redaktorem i wydawc\u0105 czasopisma \u201eKo\u0142o\u201d (tematyka kolarska) oraz redaktorem sportowym \u201eS\u0142owa Polskiego\u201d i \u201eNowego Wieku\u201d. W 1904 r. by\u0142 wsp\u00f3\u0142za\u0142o\u017cycielem Towarzystwa Zabaw Ludu i M\u0142odzie\u017cy we Lwowie, a w 1912 r. zosta\u0142 cz\u0142onkiem wydzia\u0142u Polskiego Zwi\u0105zku Pi\u0142ki No\u017cnej. Jako redaktor sportowy-sprawozdawca uczestniczy\u0142 w Igrzyskach Olimpijskich w Sztokholmie (1912). W 1923 r. przyczyni\u0142 si\u0119 do powstania Lwowskiego Ko\u0142a Dziennikarzy Sportowych (pierwszego w Polsce), a w 1925 r. zosta\u0142 wybrany na przewodnicz\u0105cego I Zjazdu Dziennikarzy Sportowych w Warszawie. Nowo powsta\u0142y Zwi\u0105zek Dziennikarzy i Publicyst\u00f3w Sportowych RP nadal mu godno\u015b\u0107 honorowego cz\u0142onka. Nazywano go ojcem polskiego dziennikarstwa sportowego. Mimo zaawansowanego wieku przez ca\u0142y okres mi\u0119dzywojenny wsp\u00f3\u0142pracowa\u0142 z najwi\u0119kszymi czasopismami sportowymi, m.in. \u201ePrzegl\u0105dem Sportowym\u201d, \u201eSportem\u201d, \u201eSportem Polskim\u201d i \u201eStadionem\u201d. Zmar\u0142 13 I 1939 r. Pochowany na Cmentarzu \u0141yczakowskim we Lwowie.<\/p>\r\n\r\n\r\n\r\n<p><strong><img loading=\"lazy\" decoding=\"async\" class=\"alignleft  wp-image-3371\" src=\"https:\/\/encyklopedia.mielec.pl\/wp-content\/uploads\/2022\/11\/Hempel-Stanislaw-300x300.jpg\" alt=\"\" width=\"158\" height=\"158\" srcset=\"https:\/\/encyklopedia.mielec.pl\/wp-content\/uploads\/2022\/11\/Hempel-Stanislaw.jpg 300w, https:\/\/encyklopedia.mielec.pl\/wp-content\/uploads\/2022\/11\/Hempel-Stanislaw-150x150.jpg 150w\" sizes=\"auto, (max-width: 158px) 100vw, 158px\" \/>HEMPEL STANIS\u0141AW,<\/strong>\u00a0urodzony 6 XI 1892 r. w Tucznej. Studiowa\u0142 na Uniwersytecie Technicznym w Grazu i uzyska\u0142 licencjat. W 1914 r. zosta\u0142 powo\u0142any do wojska rosyjskiego. Bra\u0142 udzia\u0142 w I wojnie \u015bwiatowej, kieruj\u0105c budow\u0105 most\u00f3w dla potrzeb wojskowych m.in. na Berezynie, Dnieprze, D\u017awinie i Prypeci. Po wojnie powr\u00f3ci\u0142 do odrodzonej Polski i podj\u0105\u0142 studia w zakresie budownictwa przemys\u0142owego na Politechnice Warszawskiej. W 1925 r. zosta\u0142 zatrudniony na tej\u017ce Politechnice jako asystent, a w 1926 r. uko\u0144czy\u0142 studia z tytu\u0142em in\u017cyniera. W Politechnice pracowa\u0142 do ko\u0144ca \u017cycia w 1954 r., m.in. jako kierownik katedry i wyk\u0142adowca. Ponadto w latach 1926-1931 by\u0142 zatrudniony w Departamencie Budownictwa Ministerstwa Spraw Wojskowych. W 1934 r. uzyska\u0142 doktorat. Wykona\u0142 projekty i nadzorowa\u0142 wykonanie wielu znacz\u0105cych obiekt\u00f3w, m.in. hali \u017celbetowej PZL Wytw\u00f3rnia P\u0142atowc\u00f3w nr 2 w Mielcu-Cyrance. W czasie okupacji hitlerowskiej prowadzi\u0142 tajne nauczanie, a jego mieszkanie by\u0142o punktem kontaktowym batalionu AK \u201eWigry\u201d. Oficjalnie pracowa\u0142 w Firmie \u201eK. Rudzki i S-ka\u201d. Po wojnie by\u0142 jednym z pracownik\u00f3w Biura Odbudowy Stolicy i nadzorowa\u0142 odbudow\u0119 wielu warszawskich zabytk\u00f3w. Otrzyma\u0142 tytu\u0142 profesora nadzwyczajnego (1946 r.) i profesora zwyczajnego (1949 r.). Wyr\u00f3\u017cniony m.in. Krzy\u017cem Komandorskim OOP. Zmar\u0142 16 VI 1954 r. Pochowany na Cmentarzu Pow\u0105zkowskim w Warszawie.<\/p>\r\n\r\n\r\n\r\n<p><strong>HENNIG JOHAN<\/strong>, niemiecki in\u017cynier, w\u0142a\u015bciciel firmy budowlanej maj\u0105cej od lat 30. XX w. siedzib\u0119 g\u0142\u00f3wn\u0105 w Mielcu przy ul.\u00a0G. Narutowicza. Ponadto posiada\u0142 maj\u0105tek w okolicach Warszawy. W czasie okupacji hitlerowskiej jego firma wykonywa\u0142a prace budowlane na terenie Generalnej Guberni (m.in. w Mielcu, Rymanowie, Rawie Ruskiej, Stanis\u0142awowie, Lwowie i Lublinie). Budowa\u0142a drogi, tory kolejowe i obiekty obozowe dla \u017co\u0142nierzy i je\u0144c\u00f3w. Zatrudnia\u0142 Polak\u00f3w i \u017byd\u00f3w, w tym wielu mieszka\u0144c\u00f3w Mielca, co chroni\u0142o ich przed wywozem na roboty do Niemiec. Sympatyzowa\u0142 z polskim ruchem oporu, m.in. po akcji dywersyjnej ZWZ na torach kolejowych w Ja\u015blanach i wykolejeniu si\u0119 poci\u0105gu, obarczy\u0142 win\u0105 w\u0142asn\u0105 firm\u0119, kt\u00f3ra budowa\u0142a te tory i tym samym ocali\u0142 mieszka\u0144c\u00f3w Ja\u015blan przed represjami. W lecie 1944 r., przed nadej\u015bciem frontu i wyzwoleniem Mielca, przeni\u00f3s\u0142 firm\u0119 do Cz\u0119stochowy, a nast\u0119pnie wyjecha\u0142 do Niemiec. Dalsze losy nieznane.<\/p>\r\n<p><b><img loading=\"lazy\" decoding=\"async\" class=\"alignleft  wp-image-6743\" src=\"https:\/\/encyklopedia.mielec.pl\/wp-content\/uploads\/2022\/11\/Henriques-Joao-Souza-300x300.jpg\" alt=\"\" width=\"152\" height=\"152\" srcset=\"https:\/\/encyklopedia.mielec.pl\/wp-content\/uploads\/2022\/11\/Henriques-Joao-Souza-300x300.jpg 300w, https:\/\/encyklopedia.mielec.pl\/wp-content\/uploads\/2022\/11\/Henriques-Joao-Souza-150x150.jpg 150w, https:\/\/encyklopedia.mielec.pl\/wp-content\/uploads\/2022\/11\/Henriques-Joao-Souza-768x768.jpg 768w, https:\/\/encyklopedia.mielec.pl\/wp-content\/uploads\/2022\/11\/Henriques-Joao-Souza.jpg 960w\" sizes=\"auto, (max-width: 152px) 100vw, 152px\" \/>HENRIQUES JO\u0102O MIGUEL SOUSA, <\/b>urodzony 29 IX 1971 r. w Portugalii; od 22 X 2013 r. prezydent Gminy Vila Nova de Poiares \u2013 miasta partnerskiego Mielca. Wykszta\u0142cenie: licencjat w Wy\u017cszej Szkole Pedagogicznej (kierunek: kszta\u0142cenie nauczycieli szko\u0142y podstawowej, specjalizacja: wychowanie fizyczne) w 1996 r., studia podyplomowe z zakresu prawa oraz zarz\u0105dzania i kierowania organizacjami szkolnymi w Coimbra Business School \u2013 ISCAC w 2013 r., studia podyplomowe z zakresu zarz\u0105dzania finansami samorz\u0105dowymi w Coimbra Business School \u2013 ISCAC w 2016 r. oraz kurs konwersacyjny j\u0119zyka angielskiego dla samorz\u0105dowc\u00f3w w 2022 r. W latach 1990-2013 pracowa\u0142 jako nauczyciel wychowania fizycznego i sportu szkolnego w II lub III etapie edukacyjnym w szko\u0142ach: EB 2,3 de Coja (1991\/1992), EB 2,3\/S de Miranda do Corvo (1991\/1992), EBB 2,3\/S Dr. Daniel de Matos w Vila Nova de Poiares (1992-1995), III etap edukacyjny i Liceum w Penacova (1995\/1996), III etap edukacyjny i Liceum w Arganii (1996\/1997), II etap edukacyjny w szkole podstawowej II etapu w T\u00e1bua (1997\/1998), II i III etap edukacyjny w szkole EB 2,3 w G\u00f3is (1998-2003), II etap edukacyjny w szkole podstawowej Dr. Jo\u00e4o de Barros w Figueira da Foz (2003\/2004), EB 2,3\/S w Miranda do Corvo (2004\/2005), szko\u0142a podstawowa II i III etapu w G\u00f3is (2005\/2006), szko\u0142a podstawowa II i III etapu w S\u00e4o Pedro de Alva (2006-2009), szko\u0142a EB 2,3\/S w Penacova (2009-2013) i Zesp\u00f3\u0142 Szk\u00f3\u0142 w Miranda do Corvo (rok szkolny 2013\/2014, do 22 X 2013 r.). Ponadto w latach 1993-1995 by\u0142 trenerem koszyk\u00f3wki II stopnia oraz s\u0119dzi\u0105 pi\u0142ki no\u017cnej we wszystkich kategoriach rozgrywek (1990-2013), w tym I lidze krajowej w sezonie 2004\/2005. W wyborach samorz\u0105dowych 2013 r. w Portugalii zosta\u0142 wybrany na prezydenta Gminy Vila Nova de Poiares i obj\u0105\u0142 urz\u0105d od 22 X 2013 r. W latach 2013-2015 doprowadzi\u0142 do usuni\u0119cia nadmiernego zad\u0142u\u017cenia miasta i odzyskania autonomii finansowej. Zrealizowano wa\u017cne inwestycje: drugi kompleks przemys\u0142owy (Polo II Parque Industrial), modernizacj\u0119 targowiska miejskiego, stref\u0119 odpoczynku i ekologii (Louredo Natura Parque), sie\u0107 tras rowerowych i chodnik\u00f3w oraz modernizacj\u0119 dr\u00f3g z doprowadzeniem sieci kanalizacyjnej. Realizowano programy aktywizuj\u0105ce mieszka\u0144c\u00f3w i m.in. utworzono Centrum Kompetencji dla Aktywnego Starzenia si\u0119. Zbudowano 24 mieszkania socjalne i adoptowano budynek po szkole w Alga\u00e7a na tymczasowe schronienie. Propagowa\u0142 polityk\u0119 rewitalizacji sektora hodowli kozic. Przewodniczy\u0142 lokalnemu Centrum Kompetencji. Wprowadzi\u0142 ograniczenie stosowania plastiku poprzez wprowadzanie zamiennik\u00f3w w instytucjach publicznych. Doprowadzi\u0142 do uruchomienia programu \u201eCapacita Jovem\u201d dla zacie\u015bnienia relacji m\u0142odzie\u017c \u2013 lokalny rynek pracy. Znacz\u0105co zintensyfikowa\u0142 wsp\u00f3\u0142prac\u0119 z miastami partnerskimi, w tym z Mielcem, g\u0142\u00f3wnie poprzez wymiany grup senioralnych i realizacj\u0119 wsp\u00f3lnych projekt\u00f3w mi\u0119dzynarodowych, m.in. Active Ageing Exchange. Poza prac\u0105 zawodow\u0105 anga\u017cowa\u0142 si\u0119 spo\u0142ecznie. Pe\u0142ni\u0142 lub nadal pe\u0142ni funkcje: cz\u0142onka Rady Administracyjnej Stowarzyszenia Informatyki w Coimbrze \u2013 AIRC (od 2013 r.), przewodnicz\u0105cego Komisji Zarz\u0105dzaj\u0105cej Centrum Kompetencji w Zakresie Hodowli K\u00f3z w Vila Nova de Poiares (od 2016 r.), skarbnika Stowarzyszenia na Rzecz Rozwoju Lokalnego DUECEIRA (od 2017 r.), cz\u0142onka Rad Konsultacyjnych sp\u00f3\u0142ek Residuos S\u00f3lidos do Centro S.A.\u00a0 \u2013 ERSUC (od 2017 r.) i sp\u00f3\u0142ki \u00c1guas Centro Literal S.A. (od 2017 r.), cz\u0142onka Komisji Rewizyjnej Krajowego Zwi\u0105zku Gmin Portugalskich \u2013 ANMP (od 2017 r.), przewodnicz\u0105cego Walnego Zgromadzenia Stowarzyszenia Informatyki w Coimbrze \u2013 AIRC (2017-2021), przedstawiciela Wsp\u00f3lnot Mi\u0119dzygminnych regionu Centrum (CIM) w Radzie Konsultacyjnej Portugalskiego Instytutu Sportu i M\u0142odzie\u017cy \u2013 IPDJ (2017-2022), przewodnicz\u0105cego Rady Administracyjnej Sp\u00f3\u0142ki \u015arodowiskowej Pinhal Interior \u2013 APIN (od 2021 r.), cz\u0142onka Komisji Zarz\u0105dzaj\u0105cej Wy\u017cszej Szko\u0142y Miguel Torga \u2013 ISMT (od 2021 r.) i wiceprezesa Zwi\u0105zku Pi\u0142ki No\u017cnej w Coimbrze (od 2023 r.). W czasie jego prezydentury kontakty Vila Nova de Poiares z Mielcem znacz\u0105co si\u0119 o\u017cywi\u0142y.\u00a0<\/p>\r\n\r\n\r\n\r\n<p><strong>HERB MIELCA<\/strong>, oznaka miasta u\u017cywana od jego lokacji w 1470 r. (Ka\u017cde miasto musia\u0142o mie\u0107 dla cel\u00f3w administracyjnych piecz\u0119\u0107 z god\u0142em.) Najcz\u0119\u015bciej, tak\u017ce w Mielcu, god\u0142o przekszta\u0142ca\u0142o si\u0119 z czasem w herb miasta. Wprawdzie nie zachowa\u0142y si\u0119 najstarsze mieleckie piecz\u0119cie, ale zachowa\u0142 si\u0119 odcisk piecz\u0119ci na dokumencie z 1535 r. (znajduje si\u0119 w Muzeum Narodowym w Krakowie). Oto jego opis (wg mieleckiego historyka dr. Miros\u0142awa Maci\u0105gi): \u201e&#8230;W polu piecz\u0119tnym posiada uncjaln\u0105 liter\u0119 M, do\u015b\u0107 grub\u0105 i niekszta\u0142tn\u0105, powy\u017cej szyszak rycerski z dwoma rogami zachodz\u0105cymi na g\u00f3rn\u0105 cz\u0119\u015b\u0107 otoku. Lewy r\u00f3g jest prosty, prawy rozga\u0142\u0119ziony, a legenda wykonana gotyck\u0105 majusku\u0142\u0105&#8230;\u201d (W legendzie, bardzo niewyra\u017anej, wida\u0107 m.in. s\u0142owo \u201eMIELECI\u201d.) U\u017cycie do oznaki miasta takich element\u00f3w wskazuje, \u017ce jego autorami by\u0142y w\u0142adze miejskie. Nie przyj\u0119to bowiem herbu pierwszych w\u0142a\u015bcicieli Mielca \u2013 Gryfa. Prawdopodobnie w XVI w. zmieniono piecz\u0119\u0107 z god\u0142em. Wg M. Maci\u0105gi: \u201e&#8230; litera M o kszta\u0142cie kapita\u0142owym, zosta\u0142a tu przedstawiona na \u015bredniowiecznej tarczy z wyci\u0119ciem, zachodz\u0105cej na doln\u0105 cz\u0119\u015b\u0107 otoku. Centraln\u0105 cz\u0119\u015b\u0107 pola piecz\u0119tnego zajmuje szyszak rycerski ozdobiony sp\u0142ywaj\u0105cymi na tarcz\u0119 labrami. Ponad szyszakiem znajduj\u0105 si\u0119 wertykalnie u\u0142o\u017cone rogi \u017cubra i jelenia. Pole \u015brodkowe otacza wst\u0119ga o zawini\u0119tych zako\u0144czeniach, z legend\u0105 wykonan\u0105 gotyck\u0105 minusku\u0142\u0105: SIGILLUM CIVITATIS MIELIEC&#8230;\u201d Zasadnicza zmiana herbu zosta\u0142a dokonana po uzyskaniu autonomii przez miasta galicyjskie w 1867 r. Nawi\u0105zano w\u00f3wczas do herbu Mieleckich &#8211; za\u0142o\u017cycieli i pierwszych w\u0142a\u015bcicieli miasta. By\u0142 to (opis M. Maci\u0105gi): \u201e&#8230; bia\u0142y Gryf w polu czerwonym\u00a0z nosem i przednimi nogami koloru z\u0142otego oraz ze znajduj\u0105cym si\u0119 ponad tarcz\u0105 klejnotem, przedstawiaj\u0105cym koron\u0119 i p\u00f3\u0142gryfa siedz\u0105cego na tr\u0105bce&#8230;\u201d Herb ten by\u0142 u\u017cywany do 1957 r. Wtedy to, z okazji uroczysto\u015bci 500-lecia miasta, powr\u00f3cono do herbu\u00a0z okresu przedrozbiorowego (do 1772 r.) Przyj\u0119to przy tym kolorystyk\u0119 opracowan\u0105 przez historyka Mariana Gumowskiego w 1938 r. Ostatni\u0105 wersj\u0119 tego herbu, ubogacon\u0105 przez M. Maci\u0105g\u0119, przyj\u0119\u0142a Rada Miejska w Mielcu 11 IX 1991 r. Opisuje go M. Maci\u0105ga w nast\u0119puj\u0105cy spos\u00f3b: \u201eNa tarczy koloru niebieskiego, w dolnej cz\u0119\u015bci uncjalna litera M barwy \u017c\u00f3\u0142tej, powy\u017cej szyszak rycerski zwr\u00f3cony w lewo, koloru czarnego. Wychodz\u0105ce z niego rogi \u2013 lewy prosty, prawy rozga\u0142\u0119ziony, czerwone. Tarcza herbowa na kartuszu koloru szarego, otoczona z trzech stron wij\u0105c\u0105 si\u0119 wst\u0119g\u0105 o barwie \u017c\u00f3\u0142tej, uj\u0119tej obramieniem czerwonym. W dolnej cz\u0119\u015bci wst\u0119gi napis MIELEC.\u201d W rozwa\u017caniach na temat herbu nale\u017cy nadmieni\u0107, \u017ce inicja\u0142 M to pierwsza litera nazwy miasta i nazwiska jego pierwszych w\u0142a\u015bcicieli, a szyszak z rogami to elementy szlacheckiego herbu Rogala (jeden r\u00f3g jelenia i jeden \u017cubra); przypuszcza si\u0119, \u017ce pierwszy lub jeden z pierwszych w\u00f3jt\u00f3w miasta mia\u0142 zwi\u0105zek z tym rodem i w takiej formie zadba\u0142 o jego upami\u0119tnienie.<\/p>\r\n\r\n\r\n\r\n<p><strong>HERB RZOCHOWA<\/strong>, dotychczasowe badania piecz\u0119ci miasta Rzochowa wskazuj\u0105, \u017ce znak miasta zosta\u0142 wzi\u0119ty od herbu Leliwa, nale\u017c\u0105cego do za\u0142o\u017cycieli miasta i jego pierwszych w\u0142a\u015bcicieli \u2013 Tarnowskich. (Podobnym herbem pos\u0142ugiwa\u0142y si\u0119 inne miasta Tarnowskich, m.in. Tarn\u00f3w, Tarnobrzeg i Przeworsk.) Przedstawia p\u00f3\u0142ksi\u0119\u017cyc i gwiazd\u0119 (z\u0142ote) na b\u0142\u0119kitnym polu.<\/p>\r\n\r\n\r\n\r\n<p><strong><img loading=\"lazy\" decoding=\"async\" class=\"alignleft size-full wp-image-1327\" src=\"https:\/\/encyklopedia.mielec.pl\/wp-content\/uploads\/2022\/11\/herchel_jozef.jpg\" alt=\"\" width=\"110\" height=\"150\" \/>HERCHEL J\u00d3ZEF<\/strong>, urodzony 28 XI 1941 r. w Wampierzowie, syn Micha\u0142a i Marii z domu Marnik. Absolwent Liceum Og\u00f3lnokszta\u0142c\u0105cego Nr 26 w Mielcu (p\u00f3\u017aniej I LO), egzaminy maturalne zda\u0142 w 1959 r. Od roku szkolnego 1963\/1964 pracowa\u0142 jako nauczyciel wychowania fizycznego w Szkole Podstawowej Nr 1 w Mielcu i by\u0142 inicjatorem budowy sali gimnastycznej przy tej szkole. Od 1 IX 1971 r. pracowa\u0142 w I Liceum Og\u00f3lnokszta\u0142c\u0105cym im. S. Konarskiego w Mielcu tak\u017ce jako nauczyciel wychowania fizycznego. W 1974 r. uko\u0144czy\u0142 studia w krakowskiej AWF i otrzyma\u0142 tytu\u0142y magistra w. f. oraz trenera II klasy pi\u0142ki r\u0119cznej. Poza prac\u0105 zawodow\u0105 w szko\u0142ach anga\u017cowa\u0142 si\u0119 w dzia\u0142alno\u015b\u0107 sekcji pi\u0142ki r\u0119cznej FKS \u201eStal\u201d Mielec. W 1964 r. by\u0142 graj\u0105cym trenerem I dru\u017cyny senior\u00f3w, a od 1965 r. przez ponad 20 lat trenowa\u0142 grupy m\u0142odzie\u017cowe. Wielu z jego wychowank\u00f3w wyst\u0119powa\u0142o p\u00f3\u017aniej w ekstraklasowej dru\u017cynie \u201eStali\u201d i kadrze narodowej. Wyr\u00f3\u017cniony odznaczeniami pa\u0144stwowymi i sportowymi, m.in. Z\u0142ot\u0105 Odznak\u0105 Polskiego Zwi\u0105zku Pi\u0142ki R\u0119cznej. W 2001 r. przeszed\u0142 na emerytur\u0119, ale jeszcze kilka lat pracowa\u0142 (w niepe\u0142nym wymiarze godzin) w I Liceum Og\u00f3lnokszta\u0142c\u0105cym im. S. Konarskiego w Mielcu.<\/p>\r\n<p><strong><img loading=\"lazy\" decoding=\"async\" class=\"alignleft  wp-image-6491\" src=\"https:\/\/encyklopedia.mielec.pl\/wp-content\/uploads\/2022\/11\/Herchel-Malgorzata-253x300.jpg\" alt=\"\" width=\"126\" height=\"150\" srcset=\"https:\/\/encyklopedia.mielec.pl\/wp-content\/uploads\/2022\/11\/Herchel-Malgorzata-253x300.jpg 253w, https:\/\/encyklopedia.mielec.pl\/wp-content\/uploads\/2022\/11\/Herchel-Malgorzata.jpg 420w\" sizes=\"auto, (max-width: 126px) 100vw, 126px\" \/>HERCHEL MA\u0141GORZATA EL\u017bBIETA (z domu PALUCH),<\/strong> urodzona 8 VII 1980 r. w Mielcu, c\u00f3rka Stanis\u0142awa i Ewy z domu Majka. Absolwentka II Liceum Og\u00f3lnokszta\u0142c\u0105cego im. M. Kopernika w Mielcu z matur\u0105 w 1999 r. Studia z zakresu filologii polskiej na Uniwersytecie Jagiello\u0144skim w Krakowie uko\u0144czy\u0142a w 2004 r. z tytu\u0142em magistra, na podstawie pracy pt. \u00a0<em>Inskrypcje nagrobne cmentarza parafialnego w Mielcu<\/em>. Prac\u0119 zawodow\u0105 rozpocz\u0119\u0142a od roku szkolnego 2004\/2005 jako nauczyciel j\u0119zyka polskiego w Zespole Szk\u00f3\u0142 Og\u00f3lnokszta\u0142c\u0105cych nr 1 w Mielcu. R\u00f3wnocze\u015bnie w 2005 r. rozpocz\u0119\u0142a studia doktoranckie w Katedrze Lingwistyki Kulturowej i Socjolingwistyki na Wydziale Polonistyki UJ i na podstawie rozprawy doktorskiej pt. <em>J\u0119zykowo-kulturowy obraz \u015bwiata wpisany w inskrypcje nagrobne cmentarzy wiejskich (na przyk\u0142adzie wybranych wsi ma\u0142opolskich)<\/em> w 2011 r. otrzyma\u0142a stopie\u0144 doktora nauk humanistycznych w zakresie j\u0119zykoznawstwa. By\u0142a inicjatork\u0105 wielu projekt\u00f3w na terenie szko\u0142y. Systematycznie dokszta\u0142ca\u0142a si\u0119 poprzez liczne szkolenia oraz kolejne studia podyplomowe, g\u0142\u00f3wnie w Tarnowskiej Szkole Wy\u017cszej, w zakresie: Diagnoza i terapia pedagogiczna, Edukacja i rehabilitacja os\u00f3b z wadami s\u0142uchu (surdopedagogika), Edukacja i rehabilitacja os\u00f3b z wadami wzroku (tyflopedagogika), Edukacja i rehabilitacja os\u00f3b z niepe\u0142nosprawno\u015bci\u0105 intelektualn\u0105 (oligofrenopedagogika), Edukacja i rehabilitacja os\u00f3b z zaburzeniami ze spektrum autyzmu, Edukacja i rehabilitacja os\u00f3b z niepe\u0142nosprawno\u015bci\u0105 ruchow\u0105 i przewlekle chorych (pedagogika terapeutyczna). Po zdobyciu odpowiednich kwalifikacji zosta\u0142a tak\u017ce nauczycielem prowadz\u0105cym rewalidacj\u0119 indywidualn\u0105. Ponadto w latach 2007-2010 i 2019-2022 pracowa\u0142a w Niepublicznej Szkole Mistrzostwa Sportowego w Mielcu jako nauczyciel j\u0119zyka polskiego, a w latach 2009-2011 by\u0142a lektorem j\u0119zyka polskiego jako obcego w Szkole J\u0119zyk\u00f3w Obcych \u201eEureka\u201d w Mielcu. Od wrze\u015bnia 2019 r. pe\u0142ni funkcj\u0119 wicedyrektora w Szkole Podstawowej nr 8 z Oddzia\u0142ami Integracyjnymi w Mielcu. W semestrze zimowym roku akademickiego 2022\/2023 by\u0142a wyk\u0142adowc\u0105 w Tarnowskiej Szkole Wy\u017cszej Akademii Nauk Stosowanych w Tarnowie. Uczestniczy\u0142a w konferencjach naukowych, m.in. w Krakowie, Rzeszowie, Gnie\u017anie i Ostro\u0142\u0119ce.<\/p>\r\n<p><strong><img loading=\"lazy\" decoding=\"async\" class=\"alignleft  wp-image-3289\" src=\"https:\/\/encyklopedia.mielec.pl\/wp-content\/uploads\/2022\/11\/Heresniak-Jozef-ksiadz.jpg\" alt=\"\" width=\"112\" height=\"158\" \/>HERE\u015aNIAK J\u00d3ZEF (ksi\u0105dz),<\/strong> urodzony 26 VII 1919 r. w Gorzycach, syn Jana i Marii z domu Mosio. Absolwent Pa\u0144stwowego Gimnazjum i Liceum im. K. Brodzi\u0144skiego w Tarnowie z matur\u0105 w 1939 r. Studia teologiczne w Wy\u017cszym Seminarium Duchownym w Tarnowie uko\u0144czy\u0142 w 1945 r. i przyj\u0105\u0142 \u015bwi\u0119cenia kap\u0142a\u0144skie. Jako wikariusz pracowa\u0142 w Zawadzie ko\u0142o D\u0119bicy (1945) i parafii pw. \u015bw. Jadwigi w D\u0119bicy (1945-1951). W 1951 r. zosta\u0142 skierowany do parafii pw. \u015bw. Mateusza w Mielcu i jako wikariusz pracowa\u0142 w niej rekordowo d\u0142ugo, bo a\u017c 20 lat. Prac\u0105 duszpastersk\u0105 i \u017cyczliwo\u015bci\u0105 w kontaktach z lud\u017ami zdoby\u0142 sobie w Mielcu du\u017cy autorytet i szacunek. W latach 1971 \u2013 1975 pe\u0142ni\u0142 funkcj\u0119 kapelana si\u00f3str Urszulanek w Lipnicy Murowanej. W 1975 r. zosta\u0142 mianowany proboszczem w parafii pw. Narodzenia \u015bw. Jana Chrzciciela w Brze\u017anicy ko\u0142o D\u0119bicy i pe\u0142ni\u0142 t\u0119 funkcj\u0119 do przej\u015bcia na emerytur\u0119 w 1987 r. Od tego czasu mieszka\u0142 w Domu Ksi\u0119\u017cy Emeryt\u00f3w w Tarnowie. Uhonorowany EC i RM. W 2010 r. z okazji 55-lecia kap\u0142a\u0144stwa go\u015bci\u0142 w Mielcu i odprawi\u0142 Msz\u0119 \u015awi\u0119t\u0105. Wizyta w Mielcu by\u0142a okazj\u0105 do spotka\u0144 z dawnymi znajomymi i wspomnie\u0144 z czas\u00f3w pracy duszpasterskiej w naszym mie\u015bcie. Zmar\u0142 31 III 2012 r. Pochowany na cmentarzu parafialnym w Brze\u017anicy.<\/p>\r\n\r\n\r\n\r\n<p><strong>HERMELE IZRAEL<\/strong>, jeden z najbogatszych mieleckich \u017byd\u00f3w w okresie od pierwszych lat XX w. do okupacji hitlerowskiej. By\u0142 w\u0142a\u015bcicielem d\u00f3br i kupcem, posiada\u0142 kilka sklep\u00f3w na terenie Mielca. W 1914 r. zosta\u0142 wybrany do Polskiego Komitetu Narodowego w Mielcu. By\u0142 jednym z prezes\u00f3w \u017cydowskiego Towarzystwa Handlowego w Mielcu, dzia\u0142aj\u0105cego w latach 1910-1935. Prawdopodobnie zmar\u0142 lub zosta\u0142 zamordowany z rodzin\u0105 w czasie okupacji hitlerowskiej, bowiem w wykazie mieleckich \u017byd\u00f3w, kt\u00f3rzy prze\u017cyli II wojn\u0119 \u015bwiatow\u0105, nie ma nazwiska Hermele.<\/p>\r\n\r\n\r\n\r\n<p><strong><img loading=\"lazy\" decoding=\"async\" class=\"alignleft size-full wp-image-1328\" src=\"https:\/\/encyklopedia.mielec.pl\/wp-content\/uploads\/2022\/11\/hernik_teofil.jpg\" alt=\"\" width=\"110\" height=\"150\" \/>HERNIK TEOFIL<\/strong>, urodzony 2 I 1930 r. w Pionkach. Uko\u0144czy\u0142 Technikum Mechaniczne w Mielcu, matur\u0119 zda\u0142 w 1960 r. Pracowa\u0142 w Fabryce Amunicji My\u015bliwskiej w Pionkach (1947-1950), Przedsi\u0119biorstwie Rob\u00f3t In\u017cynieryjnych \u201eHYDROTREST\u201d w Nowej Hucie (1950-1951), Ekspozyturze \u201eHYDROTRESTU\u201d w Mielcu (1951-1953) i w latach 1953-1990 w WSK Mielec na stanowiskach: technologa, technologa prowadz\u0105cego i kierownika sekcji w gospodarce narz\u0119dziowej. Nale\u017ca\u0142 do Zak\u0142adowego Ko\u0142a SIMP. Z dniem 31 VII 1990 r. przeszed\u0142 na emerytur\u0119. Od 1953 r. by\u0142 czo\u0142owym zawodnikiem sekcji tenisa sto\u0142owego i sekcji tenisa ziemnego \u201eStali\u201d Mielec. W 1954 r. uko\u0144czy\u0142 kurs instruktora tenisa ziemnego w Kudowie Zdroju. W 1957 r. by\u0142 cz\u0142onkiem dru\u017cyny tenisa sto\u0142owego \u201eStali\u201d, kt\u00f3ra wywalczy\u0142a awans do II ligi, a w 1961 r. do I ligi, w kt\u00f3rej wyst\u0119powa\u0142a przez jeden sezon. W latach 60. zako\u0144czy\u0142 wyczynowe uprawianie sportu, ale nadal gra\u0142 rekreacyjnie. Sporo czasu po\u015bwi\u0119ca\u0142 pracy spo\u0142ecznej w FKS \u201eStal\u201d Mielec. W latach 1975-1989 by\u0142 kierownikiem dru\u017cyny siatk\u00f3wki m\u0119\u017cczyzn wyst\u0119puj\u0105cej w I, a p\u00f3\u017aniej w II lidze. Od 1 VI 1990 r. pe\u0142ni\u0142 funkcj\u0119 wiceprezesa, a w od 20 VII 1990 r. do 31 III 1992 r. &#8211; funkcj\u0119 prezesa Zarz\u0105du FKS \u201eStal\u201d Mielec. Wyr\u00f3\u017cniony m.in. Srebrnym Krzy\u017cem Zas\u0142ugi, Medalem 40-lecia Polski Ludowej i Srebrn\u0105 Honorow\u0105 Odznak\u0105 Polskiego Zwi\u0105zku Pi\u0142ki Siatkowej. Zmar\u0142 12 IX 2021 r.<\/p>\r\n\r\n\r\n\r\n<p><strong>HERSKI J\u00d3ZEF<\/strong>, s\u0119dzia wojskowy w Krakowie. W latach 20. XX w. pracowa\u0142 jako s\u0119dzia powiatowy w S\u0105dzie Powiatowym w Mielcu. W 1925 r. zosta\u0142 przeniesiony s\u0142u\u017cbowo na stanowisko s\u0119dziego w S\u0105dzie Okr\u0119gowym w Krakowie. Dalsze losy nieznane.<\/p>\r\n\r\n\r\n\r\n<p><strong>HETMA\u0143SKA (ULICA)<\/strong>, nied\u0142uga (190 m) ulica na osiedlu T. Ko\u015bciuszki. Biegnie od ul. Legion\u00f3w do ul. B\u0142. Ks. Romana Sitki, krzy\u017cuj\u0105c si\u0119 z ul. Zawale i Krakowsk\u0105. Posiada asfaltow\u0105 nawierzchni\u0119 i chodniki po obu stronach. Jest jedn\u0105 z najstarszych ulic w mie\u015bcie. Powsta\u0142a w okresie pierwszej zabudowy miasta w XV w., w bezpo\u015brednim s\u0105siedztwie rynku. Nazw\u0119 nada\u0142y jej w\u0142adze miasta prawdopodobnie w XIX w., po otrzymaniu autonomii przez miasta galicyjskie (1867 r.). Kilkakrotnie jej drewniana zabudowa ulega\u0142a spaleniu lub zniszczeniu w wyniku dzia\u0142a\u0144 wojennych. Murowana zabudowa, kt\u00f3ra zachowa\u0142a si\u0119 do naszych czas\u00f3w, powsta\u0142a ju\u017c w XX w., g\u0142\u00f3wnie w okresie mi\u0119dzywojennym. Jedynym obiektem, odr\u00f3\u017cniaj\u0105cym si\u0119 wyra\u017anie od niewielkich budynk\u00f3w mieszkalnych, jest bar \u201eWiarus\u201d, wybudowany w latach 70.Intencj\u0105 autor\u00f3w nazwy by\u0142o zapewne upami\u0119tnienie zwi\u0105zk\u00f3w Mielca z wielkimi hetmanami \u2013 Miko\u0142ajem Mieleckim i Janem Karolem Chodkiewiczem \u2013 jego wsp\u00f3\u0142w\u0142a\u015bcicielami w XVI i XVII w. W ramach remontu w 2002 r. po\u0142o\u017cono now\u0105 nawierzchni\u0119 asfaltow\u0105 i chodniki z kostki betonowej.<\/p>\r\n<p><strong><img loading=\"lazy\" decoding=\"async\" class=\"alignleft  wp-image-6585\" src=\"https:\/\/encyklopedia.mielec.pl\/wp-content\/uploads\/2022\/11\/Heclik-Struzik-Halina-253x300.jpg\" alt=\"\" width=\"123\" height=\"146\" srcset=\"https:\/\/encyklopedia.mielec.pl\/wp-content\/uploads\/2022\/11\/Heclik-Struzik-Halina-253x300.jpg 253w, https:\/\/encyklopedia.mielec.pl\/wp-content\/uploads\/2022\/11\/Heclik-Struzik-Halina.jpg 414w\" sizes=\"auto, (max-width: 123px) 100vw, 123px\" \/>H\u0118CLIK \u2013 STRUZIK HALINA (z domu H\u0118CLIK),<\/strong> urodzona 13 VI 1956 r. w Jaros\u0142awiu, c\u00f3rka Jana i Weroniki z domu Florek. Absolwentka I Liceum Og\u00f3lnokszta\u0142c\u0105cego w Jaros\u0142awiu z matur\u0105 w 1975 r. Studia na Wydziale Lekarskim Akademii Medycznej w \u0141odzi uko\u0144czy\u0142a w 1981 r. z tytu\u0142em lekarza medycyny. Prac\u0119 zawodow\u0105 rozpocz\u0119\u0142a na Oddziale Wewn\u0119trznym Szpitala Rejonowego ZOZ w Mielcu i r\u00f3wnocze\u015bnie jako lekarz w Przyzak\u0142adowej Przychodni Zdrowia w Wytw\u00f3rni Sprz\u0119tu Komunikacyjnego PZL w Mielcu (do 1983 r.). Od 1983 r. pe\u0142ni\u0142a obowi\u0105zki kierownika Przyzak\u0142adowej Przychodni w Mieleckim Przedsi\u0119biorstwie Budowlanym. W 1988 r. uzyska\u0142a I stopie\u0144 specjalizacji w zakresie chor\u00f3b wewn\u0119trznych, a w 1998 r. \u2013 II stopie\u0144 specjalizacji z zakresu medycyny og\u00f3lnej. W 1998 r. zako\u0144czy\u0142a prac\u0119 w MBP z powodu likwidacji tamtejszej przychodni. W 1998 r. uzyska\u0142a uprawnienia do przeprowadzania bada\u0144 profilaktycznych, a w 2000 r. \u2013 do przeprowadzania bada\u0144 lekarskich kierowc\u00f3w i os\u00f3b ubiegaj\u0105cych si\u0119 o uprawnienia do kierowania pojazdami. Z dniem 31 XII 2000 r. zako\u0144czy\u0142a prac\u0119 w Szpitalu Powiatowym w Mielcu. (W 1999 r. Szpital Rejonowy przemianowano na Powiatowy.)\u00a0 Po utworzeniu w 2001 r. Niepublicznego Zespo\u0142u Opieki Zdrowotnej \u201eSALUS\u201d Sp. z o.o. (w budynku dawnej Przychodni nr 4 przy ul. S. \u017beromskiego 17 ), pe\u0142ni\u0142a funkcj\u0119 wiceprezesa sp\u00f3\u0142ki i pracowa\u0142a jako lekarz medycyny rodzinnej. Ponadto w latach 2010-2017 pracowa\u0142a w Powiatowej Komisji Lekarskiej w Mielcu orzekaj\u0105cej o stanie zdolno\u015bci do czynnej s\u0142u\u017cby wojskowej, a od 2012 r. do 2017 r. pe\u0142ni\u0142a funkcj\u0119 przewodnicz\u0105cej tej Komisji. Jako cz\u0142onek Polskiego Towarzystwa Lekarskiego uczestniczy\u0142a w sympozjach i konferencjach tematycznych. W 2017 r. przesz\u0142a na emerytur\u0119, ale nadal pracowa\u0142a w NZOZ \u201eSALUS\u201d, kt\u00f3ry dzia\u0142a\u0142 do 31 VIII 2022 r. Od 1 IX 2022 r. pracuje jako lekarz rodzinny w CenterMed Mielec.<\/p>\r\n\r\n\r\n\r\n<p><strong><img loading=\"lazy\" decoding=\"async\" class=\"alignleft size-full wp-image-1324\" src=\"https:\/\/encyklopedia.mielec.pl\/wp-content\/uploads\/2022\/11\/hedrzak_anna.jpg\" alt=\"\" width=\"110\" height=\"150\" \/>H\u0118DRZAK ANNA<\/strong>, urodzona 2 X 1973 r. w Mielcu, c\u00f3rka Jerzego i Bo\u017ceny z Toczy\u0144skich. Absolwentka Liceum Og\u00f3lnokszta\u0142c\u0105cego im. A. Mickiewicza w Kro\u015bnie, matur\u0119 zda\u0142a w 1992 r. Podj\u0119\u0142a prac\u0119 jako nauczycielka j\u0119zyka angielskiego w Szkole Podstawowej im. Prof. S. Pigonia w Komborni (1993), a nast\u0119pnie w Szkole Podstawowej nr 15 w Kro\u015bnie (1993-1994) i Szkole Podstawowej nr 9 w Kro\u015bnie (1994-1995). Pracowa\u0142a tak\u017ce jako Office Manager w ROAM DESIGN (huta szk\u0142a artystycznego) w 1994 r. i w dziale handlowym firmy KRASNOLEN (1995). W 1995 r. uko\u0144czy\u0142a Nauczycielskie Kolegium J\u0119zyk\u00f3w Obcych i uzyska\u0142a dyplom licencjata. W latach 1996-1997 by\u0142a nauczycielk\u0105 j. angielskiego w I Prywatnym Liceum Og\u00f3lnokszta\u0142c\u0105cym w Krakowie, a w latach 1996-1997 \u2013 lektorem w Profesjonalnej Szkole Biznesu w Krakowie. Od 1997 r. pracowa\u0142a w firmie Professional Systems jako t\u0142umacz, a nast\u0119pnie Marketing Manager. R\u00f3wnolegle dokszta\u0142ca\u0142a si\u0119; w 1998 r. uko\u0144czy\u0142a Podyplomowe Studia dla T\u0142umaczy na UJ w Krakowie, a w 2000 r. uzyska\u0142a dyplom magistra w Instytucie Filologii Angielskiej UJ. W 2000 r. zosta\u0142a zatrudniona na stanowisku dyrektora Oddzia\u0142u CITY Magazine w Krakowie, a w 2001 r. powierzono jej funkcj\u0119 koordynatora d.s. rozwoju regionalnego tego Oddzia\u0142u jako Sp. z o.o. W latach 2002-2003 pracowa\u0142a na stanowisku koordynatora d.s. marketingu w pionie czasopism AGORA S.A., a w latach 2003-2004 by\u0142a dyrektorem d.s. sprzeda\u017cy i marketingu Centrum T\u0142umacze\u0144 Specjalistycznych GET IT (biuro t\u0142umacze\u0144). Od XI 2004 r. pracuje w The Economist, Ltd, Europen Voice w Brukseli jako Senior Dispay Sales Executive. Przez ca\u0142y czas pracy zawodowej dokonywa\u0142a na zlecenia t\u0142umaczenia, m.in. dla Urz\u0119du Miejskiego w Kro\u015bnie, organizator\u00f3w konferencji i sympozj\u00f3w w Katowicach i Krakowie, firm zajmuj\u0105cych si\u0119 badaniem rynku w Krakowie, Telewizji TVN i PPA Bank w Krakowie. T\u0142umaczy\u0142a te\u017c ksi\u0105\u017cki: Zarz\u0105dzanie personelem, Planowanie i projektowanie program\u00f3w szkoleniowych, Sprzeda\u017c z g\u0142ow\u0105 i Metodologia zarz\u0105dzania projektami Prince 2 (po\u015bwi\u0119cona zarz\u0105dzaniu projektami) w ramach wsp\u00f3\u0142pracy z wydawnictwem ABC (p\u00f3\u017aniej Wolters Kluwer Polska) w Krakowie. Od 31 III 2008 r. do 30 IV 2010 r. pracowa\u0142a w Europejskim Stowarzyszeniu Energetyki Wiatrowej w Brukseli jako kierownik Dzia\u0142u Cz\u0142onkostwa, Sprzeda\u017cy i Marketingu, a nast\u0119pnie (3 V 2010 r. \u2013 31 X 2011 r.) by\u0142a zatrudniona w MCI Benelux w Brukseli na stanowisku menad\u017cera ds. rozwoju nowego biznesu. 3 XI 2011 r. podj\u0119\u0142a prac\u0119 w dziale t\u0142umacze\u0144 Komisji Europejskiej w Luxemburgu.<\/p>\r\n\r\n\r\n\r\n<p><strong><img loading=\"lazy\" decoding=\"async\" class=\"alignleft size-full wp-image-1329\" src=\"https:\/\/encyklopedia.mielec.pl\/wp-content\/uploads\/2022\/11\/hill_belhaune-malgorzata.jpg\" alt=\"\" width=\"110\" height=\"150\" \/>HILL-BELHAOUANE MAGDALENA (z domu HILL)<\/strong>, urodzona 27 VIII 1979 r. w Mielcu, c\u00f3rka Zbigniewa i El\u017cbiety z domu Musia\u0142. Absolwentka I Liceum Og\u00f3lnokszta\u0142c\u0105cego im. S. Konarskiego w Mielcu, matur\u0119 zda\u0142a w 1998 r. Uko\u0144czy\u0142a studia ekonomiczne (kierunek: eurogospodarka i strategie rozwoju) w Wy\u017cszej Szkole Gospodarki i Zarz\u0105dzania w Mielcu (2006) oraz studia na kierunku: architektura wn\u0119trz w Progress Rzesz\u00f3w, uzyskuj\u0105c tytu\u0142 specjalisty architektury wn\u0119trz. Pracowa\u0142a w firmach: \u201eTechmix\u201d (pomoc drukarza, 2003-2007), \u201eAdform\u201d (plastyk, 2007), \u201eDere\u0144\u201d Jan Dere\u0144 Zak\u0142ad Stolarski (plastyk witra\u017cysta, 2007) i \u201eTermico\u201d (projektant wn\u0119trz, 2008-2011). Od 2011 r. prowadzi w\u0142asn\u0105 dzia\u0142alno\u015b\u0107 gospodarcz\u0105 \u2013 firm\u0119 \u201eMILLA studio\u201d, kt\u00f3ra wykonuje prace z zakresu architektury wn\u0119trz i r\u0119kodzie\u0142a artystycznego. Jej pasj\u0105 jest malarstwo olejne i akwarelowe, a ponadto zajmuje si\u0119 tkactwem artystycznym i zdobieniem szk\u0142a. G\u0142\u00f3wn\u0105 tematyk\u0105 tw\u00f3rczo\u015bci jest natura, a zw\u0142aszcza pejza\u017ce, ro\u015bliny i architektura. Jest cz\u0142onkiem Klubu \u015arodowisk Tw\u00f3rczych przy Towarzystwie Mi\u0142o\u015bnik\u00f3w Ziemi Mieleckiej oraz Stowarzyszenia Tw\u00f3rc\u00f3w Kultury Plastycznej im. J. Stanis\u0142awskiego przy Samorz\u0105dowym Centrum Kultury w Mielcu. Uczestniczy\u0142a w wystawach zbiorowych, m.in. w Mielcu, Rzeszowie, Strzy\u017cowie. Mia\u0142a tak\u017ce wystawy indywidualne. Otrzyma\u0142a wyr\u00f3\u017cnienie na VIII Mi\u0119dzywojew\u00f3dzkiej Wystawie Akwareli im. M. Stro\u0144skiego \u201e\u015aciana Wschodnia\u201d w WDK Rzesz\u00f3w (2006).<\/p>\r\n\r\n\r\n\r\n<p><strong><img loading=\"lazy\" decoding=\"async\" class=\"alignleft size-full wp-image-1330\" src=\"https:\/\/encyklopedia.mielec.pl\/wp-content\/uploads\/2022\/11\/hillenbrand_adam.jpg\" alt=\"\" width=\"110\" height=\"150\" \/>HILLENBRAND ADAM<\/strong>, urodzony w 1916 r. Ucze\u0144 Pa\u0144stwowego Gimnazjum i Liceum im. S. Konarskiego\u00a0w Mielcu. Pracowa\u0142 jako kolejarz w Mielcu. W czasie okupacji hitlerowskiej nale\u017ca\u0142 do ZWZ-AK. Po \u201ewpadce\u201d w czasie przewo\u017cenia w wagonie kolejowym konspiracyjnej prasy przez pewien czas ukrywa\u0142 si\u0119. S\u0105dz\u0105c, \u017ce sprawa \u201eprzycich\u0142a\u201d, powr\u00f3ci\u0142 do pracy na pocz\u0105tku 1943 r. i zosta\u0142 aresztowany w Chorzelowie. Wi\u0119ziono go w Tarnowie i na Montelupich w Krakowie. Rozstrzelany zosta\u0142 w grupie 25 zak\u0142adnik\u00f3w 19 X 1943 r. w Charzewicach, w odwecie za akcj\u0119 partyzant\u00f3w na dw\u00f3r w Charzewicach i zastrzelenie 3-osobowej rodziny niemieckiej. W dniach 25-26 X 1947 r. jego zw\u0142oki (i kilku innych mieleckich partyzant\u00f3w) zosta\u0142y ekshumowane ze zbiorowej mogi\u0142y w Charzewicach i z\u0142o\u017cone do zbiorowej mogi\u0142y na cmentarzu parafialnym w Mielcu przy ul. H. Sienkiewicza.<\/p>\r\n\r\n\r\n\r\n<p><strong>HISTORIA MIELCA<\/strong>. P r a d z i e j e. Najstarsze \u015blady celowej dzia\u0142alno\u015bci cz\u0142owieka, m.in. kamienne toporki, znalezione na terenie Mielca (osiedle Wojs\u0142aw) \u015bwiadcz\u0105, \u017ce funkcjonowa\u0142a tu osada ludzka w neolicie (4 500 \u2013 1 800 lat p.n.e.). Znano ju\u017c wtedy budow\u0119 drewnianych dom\u00f3w, uprawiano ziemi\u0119 i hodowano byd\u0142o. Podstawowym zaj\u0119ciem m\u0119\u017cczyzn by\u0142o jednak my\u015blistwo. W epoce br\u0105zu (1 800 \u2013 650 lat p.n.e.) ludno\u015b\u0107 mieszkaj\u0105ca nad rzek\u0105 Wis\u0142ok\u0105 pozostawa\u0142a pod wp\u0142ywem kultury Ch\u0142opice \u2013 Vesele. Nowo\u015bci\u0105 by\u0142o wprowadzenie wyrob\u00f3w z br\u0105zu i p\u00f3\u017aniej z \u017celaza. W II w. n.e. dotar\u0142a tu kultura przeworska. Nadal zajmowano si\u0119 \u0142owiectwem i rybo\u0142\u00f3wstwem oraz uprawiano rol\u0119 i hodowano byd\u0142o, ale pojawi\u0142y si\u0119 takie rzemios\u0142a jak m.in. garncarstwo, tkactwo i prymitywne hutnictwo. Zapewne w tych czasach prowadzono handel z p\u00f3\u0142nocnymi prowincjami Cesarstwa Rzymskiego, poniewa\u017c wzd\u0142u\u017c Wis\u0142oki prowadzi\u0142 jeden ze szlak\u00f3w handlowych na p\u00f3\u0142noc. Pod\u0105\u017cali nim rzymscy kupcy, mo\u017ce nawet do brzeg\u00f3w Morza Ba\u0142tyckiego. \u015awiadectwem ich pobytu by\u0142y znaleziska monet rzymskich. Kultura przeworska zosta\u0142a zniszczona w IV i V w. n. e. po najazdach Hun\u00f3w \u2013 ludu koczowniczego pochodzenia tureckiego lub mongolskiego.<\/p>\r\n\r\n\r\n\r\n<p>\u015a r e d n i o w i e c z e. W IX i X w. ziemia mielecka wchodzi\u0142a w sk\u0142ad terytorium Wi\u015blan, a nast\u0119pnie Polan. Pod koniec X w. przesz\u0142a pod w\u0142adanie Mieszka I i tym samym znalaz\u0142a si\u0119 w granicach pierwszego pa\u0144stwa polskiego. W strukturze administracyjnej pa\u0144stwa Piast\u00f3w podlega\u0142a kasztelanii wi\u015blickiej, kt\u00f3ra z kolei nale\u017ca\u0142a do dzielnicy sandomierskiej. Pierwsza pisana wzmianka o Mielcu pochodzi z 1224 r. W protokole z przys\u0105dzenia przez ksi\u0119cia Leszka Bia\u0142ego biskupowi krakowskiemu Iwonowi Odrow\u0105\u017cowi posiad\u0142o\u015bci w Po\u0142czyskach k\/Wi\u015blicy oraz rozgraniczenia tej posiad\u0142o\u015bci przez wojewod\u0119 krakowskiego Pakos\u0142awa \u2013 w\u015br\u00f3d \u015bwiadk\u00f3w wymieniony jest \u201ePaulik de Melcha\u201d (Pawlik z Mielca). Bulla papie\u017ca Grzegorza IX z 1229 r. wspomina o dziesi\u0119cinie z dw\u00f3ch Mielc\u00f3w (Mielca i prawdopodobnie Woli Mieleckiej) dla opactwa benedyktyn\u00f3w w Ty\u0144cu. Tak wi\u0119c \u017cywot osady Mielec rozpocz\u0105\u0142 si\u0119 z pewno\u015bci\u0105 w pierwszej \u0107wierci XIII w. a mo\u017ce nawet wcze\u015bniej. W 1269 r. pojawia si\u0119 pierwsza wzmianka o Wojs\u0142awiu. Przy zamianie Wojs\u0142awia za wie\u015b Grzegorzowice, dokonanej przez rycerza \u017begot\u0119 z klasztorem na \u0141ysej G\u00f3rze, ksi\u0105\u017c\u0119 Boles\u0142aw Wstydliwy nada\u0142 Wojs\u0142awowi szeroki immunitet i prawo niemieckie. Z kolei w 1339 r. w dokumencie o sk\u0142adzie d\u00f3br Pe\u0142ki (nie\u015blubnego syna kr\u00f3la Kazimierza Wielkiego) \u2013 kasztelana sieciechowskiego i jego \u017cony Ma\u0142gorzaty, po raz pierwszy wymieniany jest Sochow (Rzoch\u00f3w). (Dzieje Wojs\u0142awia, Rzochowa i innych miejscowo\u015bci przy\u0142\u0105czonych do Mielca opisane w oddzielnych has\u0142ach.) Oko\u0142o 1373 r. powsta\u0142a w Mielcu parafia rzymskokatolicka. Wybudowano w\u00f3wczas drewniany ko\u015bci\u00f3\u0142 pod wezwaniem Tr\u00f3jcy \u015awi\u0119tej (?). Prawdopodobnie tak\u017ce wtedy za\u0142o\u017cono pierwsz\u0105 szk\u00f3\u0142k\u0119 parafialn\u0105 dla ch\u0142opc\u00f3w. (Takie by\u0142y zalecenia \u00f3wczesnych w\u0142adz ko\u015bcielnych.) Powstawanie i rozw\u00f3j polskich miast oraz post\u0119puj\u0105ca stabilizacja w pa\u0144stwie za panowania kr\u00f3la Kazimierza Wielkiego spowodowa\u0142y w XIV w. rozwini\u0119cie si\u0119 ruchu handlowego na szlakach po obu stronach Wis\u0142oki oraz na tzw. go\u015bci\u0144cu ruskim, prowadz\u0105cym z zachodu na wsch\u00f3d przez Rzoch\u00f3w. W 1405 r. dobra mieleckie otrzyma\u0142 Jan Trestka (\u017buk) z rodu Gryfit\u00f3w, za\u0142o\u017cyciel rodu Mieleckich. Zapewne przy jego pomocy zbudowano w roku 1429 nowy ko\u015bci\u00f3\u0142 pod wezwaniem \u015bw. Mateusza Ewangelisty i Naj\u015bwi\u0119tszej Maryi Panny oraz erygowano parafi\u0119 pod wezwaniem \u015bw. Mateusza, a 30 XI 1429 r. biskup krakowski Zbigniew Ole\u015bnicki potwierdzi\u0142 erekcj\u0119 tego\u017c ko\u015bcio\u0142a.\u00a0<\/p>\r\n\r\n\r\n\r\n<p>L a t a 1 4 5 7 &#8211; 1 7 7 2. Na skutek stara\u0144 Jana (II \u2013 umownie przyjmuj\u0105c) z Mielca, syna Jana (I) Trestki, 17 III 1457 r. kr\u00f3l Kazimierz Jagiello\u0144czyk, przebywaj\u0105cy na sejmie walnym w Piotrkowie, wyda\u0142 zgod\u0119 na za\u0142o\u017cenie miasta Mielca. Trudno jednoznacznie stwierdzi\u0107, dlaczego w\u00f3wczas nie dosz\u0142o do lokacji miasta. Uczynili to natomiast synowie tego\u017c Jana (II) \u2013 Jan (III) i Bernard \u2013 wydaj\u0105c 18 XI 1470 r. dokument lokacyjny miasta Mielca na prawie magdeburskim. Pierwsza zabudowa miasta, z ratuszem i kramami po\u015brodku, wykonana zosta\u0142a z drewna, kt\u00f3re pozyskiwano z karczunku miejscowych las\u00f3w. Do nowego miasta zacz\u0119li przybywa\u0107 rzemie\u015blnicy i kupcy, zach\u0119ceni zwolnieniami od op\u0142at i rosn\u0105cymi potrzebami mieszka\u0144c\u00f3w. Potwierdzeniem dzia\u0142alno\u015bci szko\u0142y parafialnej by\u0142o zapisanie si\u0119 w 1494 r. na Akademi\u0119 Krakowsk\u0105 pierwszych mieszka\u0144c\u00f3w Mielca: Miko\u0142aja (syna Klemensa) i Walentego (syna Stanis\u0142awa). Po \u015bmierci za\u0142o\u017cycieli Mielca jego w\u0142a\u015bcicielem zosta\u0142 Stanis\u0142aw Mielecki, syn Jana (III). Pod koniec wrze\u015bnia 1502 r. miasto prze\u017cy\u0142o pierwsz\u0105 wielk\u0105 tragedi\u0119 \u2013 najazd, mordy i spalenie przez Tatar\u00f3w perekopskich. (Podobnie sta\u0142o si\u0119 z wieloma innymi miastami w wojew\u00f3dztwie sandomierskim.) Stanis\u0142aw Mielecki doprowadzi\u0142 do odbudowania miasta i wybudowania dla jego ochrony warownego zamku na wzg\u00f3rzu przy Wis\u0142oce. Prawdopodobnie w\u0142a\u015bnie w nim, z inicjatywy wojewody krakowskiego Krzysztofa Szyd\u0142owieckiego, odby\u0142 si\u0119 w 1516 r. zjazd senator\u00f3w i magnat\u00f3w, w czasie kt\u00f3rego naradzano si\u0119 nad zabezpieczeniem kraju przed najazdami Tatar\u00f3w. W 1. po\u0142owie XVI w. miasto rozwija\u0142o si\u0119 pomy\u015blnie. Jego centrum stanowi\u0142y: rynek z ratuszem obstawionym kramami, ko\u015bci\u00f3\u0142 parafialny p.w. \u015bw. Mateusza i Naj\u015bwi\u0119tszej Maryi Panny z cmentarzem, plebania, szko\u0142a i szpital dla ubogich z kaplic\u0105 \u015awi\u0119tego Ducha oraz \u0142a\u017ania. Wok\u00f3\u0142 rynku i przy przyleg\u0142ych do\u0144 uliczkach budowano drewniane domy. Przez miasto przechodzi\u0142 go\u015bciniec sandomierski, krzy\u017cuj\u0105cy si\u0119 z \u201eulic\u0105 ku zamkowi\u201d i drog\u0105 na wsch\u00f3d. Ponadto funkcjonowa\u0142o kilka ma\u0142ych ko\u015bcio\u0142\u00f3w, fundowanych przez w\u0142a\u015bcicieli lub bogatych mieszczan. Rzemios\u0142o rozwin\u0119\u0142o si\u0119 na tyle, i\u017c w 1522 r. powsta\u0142 cech zbiorowy kowalski, a w p\u00f3\u017aniejszych latach XVI w. utworzy\u0142y si\u0119 cechy: krawiecki, garncarski, szewski, sukienniczy i p\u0142\u00f3ciennik\u00f3w. Przy mieleckiej parafii powsta\u0142o religijne Bractwo Literat\u00f3w, skupiaj\u0105ce \u015bwiat\u0142ych mieszczan umiej\u0105cych czyta\u0107. 26 VII 1526 r. Stanis\u0142aw Mielecki, kasztelan zawichojski, ufundowa\u0142 prepozytur\u0119 w Mielcu, a erygowa\u0142 j\u0105 biskup Piotr Tomicki. Po \u015bmierci Stanis\u0142awa Mieleckiego (1532 r.) nast\u0105pi\u0142 w 1542 r. rozdzia\u0142 d\u00f3br pomi\u0119dzy jego trzech syn\u00f3w: Jana (IV), Sebastiana i Waleriana. Ka\u017cdy z nich otrzyma\u0142 trzeci\u0105 cz\u0119\u015b\u0107 miasta, zamku i posiad\u0142o\u015bci ziemskich wok\u00f3\u0142 Mielca. Decyzja ta, na skutek p\u00f3\u017aniejszych cz\u0119stych zmian w\u0142a\u015bcicieli, powodowa\u0142a sporo zamieszania w zarz\u0105dzaniu miastem. W 1550 r. zosta\u0142o ono powa\u017cnie zniszczone przez po\u017car. Aby zmobilizowa\u0107 mieszka\u0144c\u00f3w do jego odbudowy, w\u0142a\u015bciciele zwolnili ich od wszelkich podatk\u00f3w na okres 10 lat. Oko\u0142o 1573 r. zamieszkali w Mielcu pierwsi \u017bydzi \u2013 Izrael i Barbara. Odt\u0105d z biegiem lat spo\u0142eczno\u015b\u0107 \u017cydowska systematycznie si\u0119 powi\u0119ksza\u0142a, a przy drodze do Cyranki powsta\u0142 cmentarz \u017cydowski. W 1575 r. zn\u00f3w cz\u0119\u015b\u0107 miasta spali\u0142a si\u0119 i zwolniono mieszczan z p\u0142acenia cz\u0119\u015bci podatk\u00f3w. Z kolei rok 1579 zapisa\u0142 si\u0119 w historii Mielca wa\u017cnym wydarzeniem; jego wsp\u00f3\u0142w\u0142a\u015bciciel Miko\u0142aj Mielecki zosta\u0142 mianowany hetmanem wielkim koronnym. W 1593 r. c\u00f3rka Miko\u0142aja &#8211; Zofia, wsp\u00f3\u0142w\u0142a\u015bcicielka miasta, wysz\u0142a za m\u0105\u017c za hetmana Jana Karola Chodkiewicza. Oko\u0142o 1595 r. biskup krakowski, kardyna\u0142 Jerzy Radziwi\u0142\u0142 utworzy\u0142 dekanat mielecki. Pod koniec XVI w. Mielec liczy\u0142 oko\u0142o 800 mieszka\u0144c\u00f3w. W 1602 r. miasto nawiedzi\u0142a zaraza morowa (d\u017cuma), powoduj\u0105c wiele \u015bmiertelnych ofiar, a w 1604 r. sp\u0142on\u0105\u0142 ko\u015bci\u00f3\u0142 parafialny. Od 1608 r do 1610 r. trwa\u0142a budowa nowego ko\u015bcio\u0142a, kt\u00f3rego kolatorami byli wsp\u00f3\u0142w\u0142a\u015bciciele miasta: hetman Jana Karol Chodkiewicz, Joachim Ocieski i Marcin Mielecki. Oko\u0142o 1611 r. J. K. Chodkiewicz sprzeda\u0142 swoj\u0105 cz\u0119\u015b\u0107 miasta i okoliczne dobra Janowi Zbigniewowi Ossoli\u0144skiemu za 130 000 z\u0142 polskich. Ten\u017ce w 1616 r. naby\u0142 od Anny z Mieleckich drug\u0105 z cz\u0119\u015bci Mielca. (Trzecia cz\u0119\u015b\u0107 pozosta\u0142a w r\u0119kach Mieleckich.) W 1620 r. J. Z. Ossoli\u0144ski podzieli\u0142 maj\u0105tek pomi\u0119dzy trzech syn\u00f3w, ale Mielec (i inne dobra) przekaza\u0142 w ca\u0142o\u015bci Maksymilianowi. Mimo okresowych nieszcz\u0119\u015b\u0107 w XVI w. i w 1 po\u0142. XVII w. miasto rozwija\u0142o si\u0119 pomy\u015blnie, bowiem przemo\u017cni w\u0142a\u015bciciele (Mieleccy, Ossoli\u0144scy) dobrze nim si\u0119 opiekowali i nadawali mu liczne przywileje. Eksportowano r\u00f3\u017cne towary, cz\u0119sto a\u017c do portowego Gda\u0144ska. Handlowano z innymi miastami, nawet z Krakowem, a kupcy z zewn\u0105trz tak\u017ce cz\u0119sto go\u015bcili na jarmarkach w Mielcu. Seri\u0119 nieszcz\u0119\u015b\u0107 przynios\u0142y lata 50. XVII w. W latach 1652-1653 \u015bmiertelne \u017cniwo zebra\u0142o morowe powietrze, a w latach 1655-1657 najpierw szwedzki \u201epotop\u201d, a potem oddzia\u0142y ksi\u0119cia Rakoczego zniszczy\u0142y du\u017c\u0105 cz\u0119\u015b\u0107 miasta i zburzy\u0142y zamek. W roku 1661 zn\u00f3w szala\u0142a zaraza morowa. Po tych nieszcz\u0119\u015bciach liczba mieszka\u0144c\u00f3w Mielca w 1662 r. spad\u0142a do 458. W czasie rokoszu Lubomirskiego, prawdopodobnie w nocy z 31 VII na 1 VIII 1665 r., w Mielcu stacjonowa\u0142 z wojskiem hetman wielki koronny Jan Sobieski, kt\u00f3ry pod\u0105\u017ca\u0142 w kierunku zbuntowanych oddzia\u0142\u00f3w. Optymistycznym akcentem tego okresu by\u0142o wybudowanie w latach 1678-1721 murowanego ko\u015bcio\u0142a parafialnego pw. \u015bw. Mateusza (przetrwa\u0142 do naszych czas\u00f3w). Ufundowali go Ossoli\u0144scy, tote\u017c na fasadzie umieszczono barokowy portal z czarnego marmuru z herbem Ossoli\u0144skich (Top\u00f3r). Kolejna seria nieszcz\u0119\u015b\u0107 spad\u0142a na Mielec w pierwszych latach XVIII w. W 1704 r., w czasie wojny domowej, miasto spustoszy\u0142y wojska polskie i szwedzkie pod dow\u00f3dztwem genera\u0142a Magnusa Stenbocka. W latach 1710-1711 kolejny raz spad\u0142o na miasto \u015bmierciono\u015bne \u201epowietrze morowe\u201d, a w 1715 r. gro\u017any po\u017car strawi\u0142 wiele dom\u00f3w, za\u015b w 1721 r. wielkie szkody wyrz\u0105dzi\u0142 wylew Wis\u0142oki i nast\u0119pny po\u017car. W mi\u0119dzyczasie (oko\u0142o 1715 r.) w\u0142a\u015bciciel trzeciej cz\u0119\u015bci Mielca \u2013 Rafa\u0142 Mielecki zastawi\u0142 j\u0105 za d\u0142ugi Stanis\u0142awowi Morsztynowi, wojewodzie sandomierskiemu. Mimo wielu kl\u0119sk wsp\u00f3\u0142w\u0142a\u015bciciele miasta nie poddawali si\u0119. W 1721 r. wystarali si\u0119 u kr\u00f3la Augusta II o przywilej na 3 nowe jarmarki. Zn\u00f3w liczba ludno\u015bci Mielca zacz\u0119\u0142a rosn\u0105\u0107 i w 2 po\u0142. XVIII w. przekroczy\u0142a 3000 os\u00f3b. Helena Morsztynowa, wdowa po Antonim Morsztynie, synu Stanis\u0142awa, zbudowa\u0142a w 1759 r. przy go\u015bci\u0144cu sandomierskim klasztor trynitarzy, a na pocz\u0105tku 1760 r. przekaza\u0142a im na w\u0142asno\u015b\u0107 ko\u015bci\u00f3\u0142 Naj\u015bwi\u0119tszej Maryi Panny, po\u0142o\u017cony w pobli\u017cu klasztoru. Nieco wcze\u015bniej wci\u0105\u017c powi\u0119kszaj\u0105ca si\u0119 spo\u0142eczno\u015b\u0107 \u017cydowska (w 1765 r. liczy\u0142a 914 os\u00f3b) zbudowa\u0142a w pobli\u017cu rynku bo\u017cnic\u0119 (synagog\u0119). W czasie konfederacji barskiej (1768-1772) w okolicach Mielca rozegra\u0142o si\u0119 kilka potyczek konfederat\u00f3w z wojskami rosyjskimi. Tragiczny w dziejach Polski rok 1772 zapisa\u0142 si\u0119 najpierw wielk\u0105 powodzi\u0105, kt\u00f3ra na ziemi mieleckiej spowodowa\u0142a olbrzymie szkody, a nast\u0119pnie I rozbiorem Polski (5 VIII). Na podstawie 3 traktat\u00f3w rozbiorowych, podpisanych w Petersburgu, Austria zaj\u0119\u0142a du\u017c\u0105 cz\u0119\u015b\u0107 po\u0142udniowych ziem Polski, m.in. po\u0142udniow\u0105 cz\u0119\u015b\u0107 wojew\u00f3dztw krakowskiego i sandomierskiego (w tym Mielec). Ziemie te otrzyma\u0142y nazw\u0119 \u201eKr\u00f3lestwo Galicji i Lodomerii\u201d.<\/p>\r\n\r\n\r\n\r\n<p>P o d \u00a0z a b o r e m \u00a0a u s t r i a c k i m (1772-1918). W sierpniu 1772 r. do Mielca wkroczy\u0142o wojsko austriackie. Na niebogate miasto narzucono szereg obowi\u0105zk\u00f3w i p\u0142atno\u015bci, zwi\u0105zanych g\u0142\u00f3wnie z utrzymaniem wojska i prowadzeniem przez Austri\u0119 wojen. Wprowadzono wiele nowych uregulowa\u0144 prawnych. W 1774 r., w ramach reformy szkolnictwa, w Mielcu utworzono dystrykt szkolny. Cztery lata p\u00f3\u017aniej wprowadzono w \u017cycie now\u0105 ordynacj\u0119 cechow\u0105; w Mielcu funkcjonowa\u0142o w\u00f3wczas 5 cech\u00f3w: garncarski, kowalski, krawiecki, szewski i sukienniczy. 22 III 1782 r. utworzono cyrku\u0142y \u2013 jedyne jednostki administracyjne na terenie Galicji, w tym cyrku\u0142 tarnowski, na kt\u00f3rego terenie znalaz\u0142 si\u0119 Mielec. W tym samym roku, na mocy dekretu cesarza J\u00f3zefa II o zniesieniu zakon\u00f3w, mielecki klasztor trynitarzy zosta\u0142 zlikwidowany, a jego budynki przeznaczono na cele wojskowe. Dwa lata p\u00f3\u017aniej, realizuj\u0105c dekret J\u00f3zefa II o przenoszeniu nekropolii poza tereny zabudowane, nad Wis\u0142ok\u0105 urz\u0105dzono nowy cmentarz oraz wybudowano tam kaplic\u0119 cmentarn\u0105 (ko\u015bci\u00f3\u0142ek \u015bw. Marka). Wa\u017cnym wydarzeniem roku 1784 by\u0142o oddanie do u\u017cytku \u201emurowanego go\u015bci\u0144ca\u201d od D\u0119bicy do Mielca. W 1786 r. erygowano diecezj\u0119 tarnowsk\u0105. Obj\u0119\u0142a ona swoim zasi\u0119giem m.in. dekanat mielecki. Sporz\u0105dzona w 1788 r. \u201eMetryka J\u00f3zefi\u0144ska\u201d (spis) m.in. stwierdza\u0142a, \u017ce w\u0142a\u015bcicielami dw\u00f3ch cz\u0119\u015bci Mielca pozostawali Ossoli\u0144scy (w\u00f3wczas Micha\u0142), a jednej \u2013 Ma\u0142achowscy (po Morsztynach). Ostatnie lata XVIII w. obfitowa\u0142y w wa\u017cne dla miasta wydarzenia. Wspomniane dwie cz\u0119\u015bci Mielca Ossoli\u0144skich przej\u0105\u0142 w 1795 r. Jan Odrow\u0105\u017c Pieni\u0105\u017cek, podkomorzy lwowski, po \u015blubie z Ann\u0105 \u2013 c\u00f3rk\u0105 Miko\u0142aja Ossoli\u0144skiego, za\u015b trzeci\u0105 cz\u0119\u015b\u0107 przej\u0105\u0142 od Ma\u0142achowskich Apolinary baron Lewartowski. Pocz\u0105tki dzia\u0142alno\u015bci J. Pieni\u0105\u017cka by\u0142y pozytywne, bowiem przeprowadzi\u0142 remont dworu (ok. 1800 r.). P\u00f3\u017aniej okaza\u0142 si\u0119 jednak bardzo surowym egzekutorem swych praw w\u0142a\u015bcicielskich i nie waha\u0142 si\u0119 nawet bezprawnie aresztowa\u0107 przedstawicieli w\u0142adz miejskich w celu zmuszenia ich do uleg\u0142o\u015bci. Miasto w tym okresie niemal zupe\u0142nie si\u0119 nie rozwija\u0142o. Jedynie w latach 1792-1795 dobudowano wie\u017c\u0119 do ko\u015bcio\u0142a \u015bw. Mateusza, a w roku 1792 zorganizowano szko\u0142\u0119 trywialn\u0105 i umieszczono j\u0105 w budynku murowanym s\u0105siaduj\u0105cym z ko\u015bcio\u0142em parafialnym. Tradycja g\u0142osi, \u017ce mielecka m\u0142odzie\u017c uczestniczy\u0142a w powstaniu ko\u015bciuszkowskim, a po jego kl\u0119sce w niejednym domu ukrywano powsta\u0144c\u00f3w. W 1799 r. mieszka\u0142o w Mielcu 2950 os\u00f3b, w tym 1008 \u017byd\u00f3w, a dane\u00a0z 1807 r. informowa\u0142y, \u017ce zabudowa miasta sk\u0142ada\u0142a si\u0119 z 366 dom\u00f3w. W maju 1809 r. prze\u017cywano chwile rado\u015bci po wkroczeniu do Mielca wojska polskiego z Ksi\u0119stwa Warszawskiego, kt\u00f3re po potyczce z Austriakami (9 VI) wycofa\u0142o si\u0119 za Wis\u0142\u0119. Oko\u0142o 1830 r. w pobli\u017cu ko\u015bcio\u0142a \u015bw. Mateusza stan\u0105\u0142 klasycystyczny dworek, zbudowany przez Suchorzewskich. W powstaniu 1830-1831 (listopadowym) na terenie Kr\u00f3lestwa Polskiego uczestniczy\u0142a grupa mielczan, g\u0142\u00f3wnie w Legii Nadwi\u015bla\u0144skiej i 5 pu\u0142ku u\u0142an\u00f3w. Lata 30. i 40. przynios\u0142y miastu kolejn\u0105 seri\u0119 nieszcz\u0119\u015b\u0107. W sierpniu 1831 r. panowa\u0142a epidemia cholery. Po upadku powstania listopadowego zn\u00f3w ukrywano jego uczestnik\u00f3w przed represjami zaborc\u00f3w. W 1833 r. niepowodzeniem zako\u0144czy\u0142a si\u0119 wyprawa oddzia\u0142u p\u0142k. J\u00f3zefa Zaliwskiego z dworu w Wojs\u0142awiu na teren Kr\u00f3lestwa w celu wywo\u0142ania kolejnego powstania narodowego. W 1836 r. epidemia cholery w Mielcu u\u015bmierci\u0142a ponad 100 os\u00f3b. W 1839 r. rozstrzygni\u0119ty zosta\u0142 d\u0142ugoletni sp\u00f3r miasta\u00a0z w\u0142a\u015bcicielem mieleckich d\u00f3br, Janem Odrow\u0105\u017cem Pieni\u0105\u017ckiem, o b\u0142onia po\u0142o\u017cone przy drodze do Z\u0142otnik. S\u0105d przyzna\u0142 b\u0142onia miastu, ale r\u00f3wnocze\u015bnie nakaza\u0142 zap\u0142acenie zaleg\u0142ych podatk\u00f3w za te grunty. Liczba ludno\u015bci Mielca spada\u0142a z roku na rok i w 1843 r. wynosi\u0142a 2475 os\u00f3b. Czyniono wi\u0119c starania o o\u017cywienie miasta, m.in. w 1845 r. cesarz austriacki Ferdynand potwierdzi\u0142 prawa Mielca do organizowania 5 jarmark\u00f3w w roku i cotygodniowych targ\u00f3w w czwartki. Seria nieszcz\u0119\u015b\u0107 (nieurodzaje, powodzie, epidemie, g\u0142\u00f3d) w latach 40. oraz apel starosty tarnowskiego do ch\u0142op\u00f3w o stawianie oporu szlachcie (mia\u0142o to na celu zlikwidowanie w zarodku powstania narodowego) spowodowa\u0142y w lutym 1846 r. na terenach nadwis\u0142ocza\u0144skich niekontrolowany wybuch ch\u0142opskiej agresji. Tragicznym rezultatem rabacji w okolicach Mielca by\u0142o nie tylko rozbrojenie oddzia\u0142u powsta\u0144czego z Wojs\u0142awia (dw\u00f3r w Wojs\u0142awiu by\u0142 jednym z g\u0142\u00f3wnych o\u015brodk\u00f3w przygotowania powstania), ale tak\u017ce zamordowanie oko\u0142o 50 os\u00f3b (g\u0142\u00f3wnie w\u0142a\u015bcicieli ziemskich i ich rodzin) oraz zniszczenie kilkudziesi\u0119ciu dwor\u00f3w. Sam Mielec ocala\u0142 dzi\u0119ki zdecydowanej postawie w\u0142a\u015bcicieli i w\u0142adz miasta oraz mieszczan, a tak\u017ce dobrze zorganizowanej obronie na Wis\u0142oce. Ocala\u0142y te\u017c wszystkie rodziny ziemia\u0144skie, kt\u00f3re schroni\u0142y si\u0119 w mie\u015bcie. Sytuacja zosta\u0142a ostatecznie opanowana po rych\u0142ym przybyciu wojska austriackiego. W 1847 r. Mielec i jego okolice kolejny raz prze\u017cywa\u0142y g\u0142\u00f3d i epidemi\u0119 tyfusu. Na pocz\u0105tku lat 50. liczba ludno\u015bci nieco wzros\u0142a (2509 os\u00f3b w 1851 r.). Impulsem do rozwoju miasta by\u0142a przeprowadzona w latach 1850-1853 r. reforma podzia\u0142u administracyjnego Galicji, w ramach kt\u00f3rej utworzono powiaty administracyjne i s\u0105dowe, a w\u015br\u00f3d nich powiat mielecki z siedzib\u0105 w\u0142adz powiatowych w Mielcu. Proces tworzenia si\u0119 powiat\u00f3w trwa\u0142 do 1855 r., a ich granice (tak\u017ce mieleckiego) ustabilizowa\u0142y si\u0119 dopiero w 1878 r. Powstanie urz\u0119d\u00f3w i instytucji powiatowych spowodowa\u0142o przyp\u0142yw inteligencji do miasta. Odt\u0105d Mielec sta\u0142 si\u0119 faktycznym o\u015brodkiem administracyjnym, gospodarczym\u00a0i spo\u0142ecznym dla teren\u00f3w wchodz\u0105cych w sk\u0142ad powiatu mieleckiego. Rado\u015b\u0107 z awansu miasta zosta\u0142a zm\u0105cona w 1856 r., kiedy to na skutek po\u017caru zniszczeniu uleg\u0142o oko\u0142o 60 dom\u00f3w oraz drewniana bo\u017cnica, a oko\u0142o \u201e1000 os\u00f3b zosta\u0142o bez chleba i dachu nad g\u0142ow\u0105\u201d. Wie\u015b\u0107 o tym tragicznym po\u017carze rozesz\u0142a si\u0119 po ca\u0142ej Galicji i przyczyni\u0142a si\u0119 bezpo\u015brednio do powstania w Krakowie Towarzystwa Wzajemnych Ubezpiecze\u0144 \u201eFlorianka\u201d. Oko\u0142o 1860 r. za\u0142o\u017cono nowy cmentarz na wzniesieniu obok by\u0142ego klasztoru trynitarzy, bowiem dotychczasowy nad Wis\u0142ok\u0105 by\u0142 wielokrotnie podmywany i niszczony przez wylewy rzeki. Na wie\u015b\u0107 o wybuchu w styczniu 1863 r. kolejnego powstania narodowego wielu mielczan zasili\u0142o szeregi powsta\u0144c\u00f3w. Sam Mielec by\u0142 jednym z najaktywniejszych miast galicyjskich wspieraj\u0105cych powstanie, a g\u0142\u00f3wnym miejscem tej konspiracyjnej dzia\u0142alno\u015bci by\u0142 dworek starosty Ignacego Suchorzewskiego. W wielu mieleckich domach przechowywano i leczono rannych powsta\u0144c\u00f3w. W lutym 1864 r. rewizja przeprowadzona przez Austriak\u00f3w wykry\u0142a liczne dowody na \u015bcis\u0142\u0105 wsp\u00f3\u0142prac\u0119 starosty z powsta\u0144cami i w sierpniu tego\u017c roku I. Suchorzewski zosta\u0142 skazany przez s\u0105d wojskowy w Tarnowie na 1 rok wi\u0119zienia, a jego \u017cona Paulina na kar\u0119 pieni\u0119\u017cn\u0105. Tak\u017ce w 1864 r. wybuch\u0142 w Mielcu kolejny po\u017car, tym razem w ko\u015bciele parafialnym. 21 III 1867 r., z okazji wprowadzenia w \u017cycie ustawy Sejmu Galicyjskiego o samorz\u0105dzie gminnym, odby\u0142y si\u0119 uroczysto\u015bci, m.in. nabo\u017ce\u0144stwo i festyn z iluminacjami i wystrza\u0142ami z mo\u017adzierzy. Zdecydowanie wi\u0119ksze uprawnienia Rady Miejskiej i szereg nowych rozwi\u0105za\u0144 prawnych w zakresie administrowania miastem wyzwoli\u0142 aktywno\u015b\u0107 w\u0142adz i mieszka\u0144c\u00f3w Mielca. W 1868 r. powsta\u0142o Towarzystwo Ochotniczej Stra\u017cy Po\u017carnej, a w 1873 r. oddano do u\u017cytku budynek murowany dla czteroklasowej szko\u0142y g\u0142\u00f3wnej. Oko\u0142o 1875 r. powsta\u0142o Towarzystwo Zaliczkowe, kt\u00f3rego celem by\u0142o kredytowanie rzemios\u0142a, kupiectwa i rolnictwa. Do miasta przyby\u0142o wielu uczestnik\u00f3w powstania styczniowego, pozbawionych maj\u0105tku lub represjonowanych na terenach Kr\u00f3lestwa Polskiego. Widocznym efektem rozwoju miasta by\u0142 wzrost liczby jego mieszka\u0144c\u00f3w (4177 os\u00f3b w 1869 r. \u2013 4981 os\u00f3b w 1880 r.), a tak\u017ce awans z miasteczka na miasto (1876 r.). Od 1881 r. rozpocz\u0105\u0142 funkcjonowanie Szpital Fundacji im. Pinkasa Krauza, kt\u00f3ry pe\u0142ni\u0142 rol\u0119 przytu\u0142ku dla ubogich. W 1887 r. Mielec otrzyma\u0142 po\u0142\u0105czenie kolejowe z D\u0119bic\u0105 i Rozwadowem, co o\u017cywi\u0142o kontakty handlowe. Rozpocz\u0119\u0142a dzia\u0142alno\u015b\u0107 komunikacja miejska \u2013 4 konne doro\u017cki \u2013 kursuj\u0105ca g\u0142\u00f3wnie pomi\u0119dzy rynkiem i stacj\u0105 kolejow\u0105. Niemal niezauwa\u017calnie zmieniali si\u0119 w\u0142a\u015bciciele d\u00f3br mieleckich, w tym dworu z parkiem nad Wis\u0142ok\u0105. Poprzez ma\u0142\u017ce\u0144stwo z Paulin\u0105 Pieni\u0105\u017cek (c\u00f3rk\u0105 Jana), ich w\u0142a\u015bcicielem zosta\u0142 Ignacy Suchorzewski, a w 1874 r. naby\u0142 je Ludwik Starze\u0144ski. W 1884 r. maj\u0105tek ten zakupili Grossowie (rodzina \u017cydowska) i w 1891 r. odsprzedali go Oborskim. W latach 80. i 90. rozwin\u0119\u0142a si\u0119 emigracja zarobkowa, g\u0142\u00f3wnie do Ameryki P\u00f3\u0142nocnej i kraj\u00f3w Europy Zachodniej. Zjawisko to wp\u0142yn\u0119\u0142o na spadek liczby mieszka\u0144c\u00f3w Mielca, kt\u00f3ry w 1900 r. liczy\u0142 4909 os\u00f3b. Ko\u0144cowe lata XIX w. obfitowa\u0142y w wa\u017cne dla miasta wydarzenia. W roku 1890 powsta\u0142o Towarzystwo \u015bw. Wincentego a Paulo, kt\u00f3rego g\u0142\u00f3wnym celem by\u0142a dzia\u0142alno\u015b\u0107 charytatywna, a zw\u0142aszcza opieka nad sierotami i ubogimi. Dwa lata p\u00f3\u017aniej przewodnicz\u0105ca Towarzystwa hr. Konstancja Oborska ufundowa\u0142a ochronk\u0119 z przedszkolem oraz szwalni\u0119 i kuchni\u0119 dla ubogich. 30 VIII 1892 r. po\u015bwi\u0119cono i oddano do u\u017cytku jednopi\u0119trowy murowany budynek gminny (naprzeciw ko\u015bcio\u0142a \u015bw. Mateusza). W 1893 r. szko\u0142\u0119 mieszan\u0105 (wcze\u015bniej g\u0142\u00f3wn\u0105) rozdzielono na dwie r\u00f3wnorz\u0119dne; \u017ce\u0144sk\u0105 przeniesiono do nowego budynku gminnego, a m\u0119ska pozosta\u0142a w dotychczasowym. W tym czasie wybudowano z fundacji \u017cydowskiego barona Maurycego Hirscha budynek szkolny dla m\u0142odzie\u017cy \u017cydowskiej, ale po pewnym czasie \u017bydzi udost\u0119pnili go katolikom do wsp\u00f3lnego u\u017cytkowania i utrzymywania. Ponadto w 1893 r. utworzono ko\u0142o Towarzystwa Szko\u0142y Ludowej, kt\u00f3rego podstawowym zadaniem by\u0142a dzia\u0142alno\u015b\u0107 kulturalno-o\u015bwiatowa na terenach wiejskich. W 1894 r. powsta\u0142o Towarzystwo Gimnastyczne \u201eSok\u00f3\u0142\u201d, kt\u00f3rego g\u0142\u00f3wnym celem by\u0142o prowadzenie dzia\u0142alno\u015bci sportowej i patriotycznej. W tym okresie \u017bydzi zako\u0144czyli budow\u0119 okaza\u0142ej murowanej synagogi z dwiema wie\u017cami. W 1899 r. za\u0142o\u017cono Komunaln\u0105 Kas\u0119 Oszcz\u0119dno\u015bci. Rok 1900 zapisa\u0142 si\u0119 w historii Mielca olbrzymim po\u017carem starej, drewnianej zabudowy centrum miasta. Ogie\u0144 strawi\u0142 oko\u0142o 75 % dom\u00f3w (z podcieniami) przy rynku i dochodz\u0105cych do\u0144 ulicach. Aby nie dopu\u015bci\u0107 do podobnych nieszcz\u0119\u015b\u0107 w przysz\u0142o\u015bci, Wydzia\u0142 Powiatowy podj\u0105\u0142 w 1901 r. uchwa\u0142\u0119 o budowaniu w centralnej cz\u0119\u015bci miasta wy\u0142\u0105cznie murowanych budynk\u00f3w, a przy rynku obowi\u0105zkowo jednopi\u0119trowych. Ruszy\u0142a wielka odbudowa miasta i wkr\u00f3tce okaza\u0142o si\u0119, \u017ce budynki jednopi\u0119trowe budowane s\u0105 nie tylko przy rynku, ale tak\u017ce przy ulicach g\u0142\u00f3wnych i do\u0144 przyleg\u0142ych. Dbano przy tym o bogat\u0105 dekoracj\u0119 fronton\u00f3w kamienic. Na zlecenie hr. Wac\u0142awa Oborskiego oko\u0142o 1905 r. zako\u0144czono budow\u0119 pa\u0142acyku po\u0142\u0105czonego z dotychczas funkcjonuj\u0105cym dworem z XVIII w. Rozwini\u0119to akcj\u0119 estetyzacji miasta poprzez sadzenie drzew na rynku i przy ulicach oraz uk\u0142adanie chodnik\u00f3w. Pozytywne zmiany zosta\u0142y dostrze\u017cone \u2013 Mielec zaliczono do grupy 131 wa\u017cniejszych miast w Galicji. W 1905 r. rozpocz\u0119\u0142o dzia\u0142alno\u015b\u0107 8-klasowe c.k. Gimnazjum (typu humanistycznego). Pocz\u0105tkowo nauka odbywa\u0142a si\u0119 w budynku szko\u0142y \u017ce\u0144skiej naprzeciw ko\u015bcio\u0142a parafialnego, a w kolejnych latach tak\u017ce w innych budynkach na terenie miasta. Oko\u0142o 1908 r. na ulicach Mielca pojawi\u0142y si\u0119 pierwsze bicykle (rowery), kt\u00f3re powodowa\u0142y zamieszanie i niekiedy pop\u0142och z powodu zbyt szybkiej jazdy. W 1909 r. oddano do u\u017cytku budynek Rady Powiatowej z sal\u0105 posiedze\u0144 przyozdobion\u0105 portretami wszystkich w\u0142adc\u00f3w Polski przedrozbiorowej (nazwano j\u0105 p\u00f3\u017aniej \u201eSal\u0105 Kr\u00f3lewsk\u0105\u201d). Rok 1910 przebiega\u0142 pod znakiem obchod\u00f3w 500-lecia bitwy pod Grunwaldem. Prawdopodobnie w tym\u017ce roku na ulicach miasta pojawi\u0142 si\u0119 pierwszy prywatny samoch\u00f3d osobowy, a w 1911 r. uruchomiono prywatn\u0105 lini\u0119 komunikacji samochodowej Mielec-Tarn\u00f3w. W latach 1910-1912 zbudowano okaza\u0142y gmach gimnazjalny (okre\u015blono go jako \u201ejeden z najwi\u0119kszych i najpi\u0119kniejszych w Galicji\u201d), burs\u0119 gimnazjaln\u0105 i budynek z sal\u0105 gimnastyczn\u0105. Dzia\u0142alno\u015b\u0107 gimnazjum z roku na rok coraz bardziej wp\u0142ywa\u0142a na \u017cycie spo\u0142eczno-kulturalne miasta. Gimnazjalna m\u0142odzie\u017c tworzy\u0142a szereg tajnych organizacji niepodleg\u0142o\u015bciowych (\u201eZarzewie\u201d, Zwi\u0105zek Filaret\u00f3w, Dru\u017cyny Strzeleckie, \u201eTeka\u201d, \u201e\u015awit\u201d, \u201ePrzebojem\u201d, \u201eOrganizacja Or\u0142a Bia\u0142ego\u201d). Oficjaln\u0105 organizacj\u0105 by\u0142a natomiast gimnazjalna dru\u017cyna skautowa, za\u0142o\u017cona w 1911 r. Z pocz\u0105tkiem roku 1912 w budynku Szko\u0142y M\u0119skiej rozpocz\u0119\u0142a dzia\u0142alno\u015b\u0107 Szko\u0142a Przemys\u0142owa Uzupe\u0142niaj\u0105ca \u2013 pierwsza plac\u00f3wka szkolnictwa zawodowego. U schy\u0142ku 1913 r. zorganizowano Prywatne \u017be\u0144skie Seminarium Nauczycielskie, a jego zaj\u0119cia odbywa\u0142y si\u0119 w gmachu gimnazjalnym. Trwa\u0142a rozbudowa miasta. Szereg okaza\u0142ych kamienic i willi wyr\u00f3s\u0142 przy ul. Pa\u0144skiej i T. Ko\u015bciuszki, a ponadto intensywnie budowano w \u015br\u00f3dmie\u015bciu i przy ulicach wjazdowych: Sandomierskiej, Tarnobrzeskiej i Tarnowskiej. Wolno, ale systematycznie ros\u0142a liczba ludno\u015bci. W 1914 r. Mielec zamieszkiwa\u0142o oko\u0142o 6500 os\u00f3b. Nasila\u0142y si\u0119 d\u0105\u017cenia niepodleg\u0142o\u015bciowe. Powstawa\u0142y dru\u017cyny Zwi\u0105zku Strzeleckiego i Polskie Dru\u017cyny Strzeleckie. W latach 1912-1914 w lasach ko\u0142o Mielca organizowano obozy szkoleniowe dla oddzia\u0142\u00f3w Zwi\u0105zku Strzeleckiego, w kt\u00f3rych uczestniczy\u0142 m.in. J\u00f3zef Pi\u0142sudski. W 1914 r. powsta\u0142a Sodalicja Pa\u0144, realizuj\u0105ca cele religijno-filantropijne w trzech sekcjach: charytatywnej, eucharystycznej i odczytowej.<\/p>\r\n\r\n\r\n\r\n<p>I \u00a0w o j n a \u00a0\u015b w i a t o w a (1914 \u2013 1918) W nocy z 31 VII na 1 VIII 1914 r. og\u0142oszono powszechn\u0105 mobilizacj\u0119 do wojska austriackiego. Zmobilizowanych m\u0119\u017cczyzn z Mielca (i powiatu mieleckiego) przewieziono do Rzeszowa i wcielono do 40 pu\u0142ku liniowego oraz 17 pu\u0142ku obrony krajowej. 1 VIII wybuch\u0142a wojna. Gmach gimnazjalny zosta\u0142 przej\u0119ty przez wojsko na koszary. 26 VIII na specjalnym zebraniu z udzia\u0142em delegat\u00f3w Naczelnego Komitetu Narodowego przedstawiciele mieleckich stowarzysze\u0144 i partii politycznych wybrali Powiatowy Komitet Narodowy. W tym samym dniu pierwszy oddzia\u0142 mieleckich ochotnik\u00f3w ze \u201eZwi\u0105zku Strzeleckiego\u201d wyruszy\u0142 do Krakowa i tam zosta\u0142 w\u0142\u0105czony do tworz\u0105cych si\u0119 Legion\u00f3w Polskich pod dow\u00f3dztwem J. Pi\u0142sudskiego. We wrze\u015bniu jeszcze dwie grupy ochotnik\u00f3w mieleckich do\u0142\u0105czy\u0142y do polskiego wojska (walczy\u0142y p\u00f3\u017aniej w 2. i 3. pu\u0142ku piechoty Legion\u00f3w). Po pierwszych sukcesach wojsk austriackich nast\u0105pi\u0142a kontrofensywa Rosjan, kt\u00f3rzy 21 IX wkroczyli do Mielca i do 25 IX opanowali ca\u0142y powiat mielecki. Administracja powiatowa zd\u0105\u017cy\u0142a si\u0119 ewakuowa\u0107. Okupacja rosyjska trwa\u0142a do 6 X, kiedy to wspieraj\u0105ce Austriak\u00f3w wojska niemieckie wypar\u0142y Rosjan z Mielca. Do miasta powr\u00f3ci\u0142 starosta z urz\u0119dnikami i pracownikami innych urz\u0119d\u00f3w. 28 X Prezydium C. K. Namiestnictwa we Lwowie rozwi\u0105za\u0142o reprezentacje gminne, w tym r\u00f3wnie\u017c Rad\u0119 Gminn\u0105 w Mielcu. W\u0142adz\u0119 w mie\u015bcie sprawowa\u0107 mia\u0142 odt\u0105d komisarz rz\u0105dowy przy pomocy Rady Przybocznej z\u0142o\u017conej z mielczan ciesz\u0105cych si\u0119 niekwestionowanym autorytetem. W rezultacie drugiej ofensywy Rosjan (\u201erosyjski walec parowy\u201d) m.in. Mielec (od 7 XI) i ca\u0142a ziemia mielecka (od 10 XI) znalaz\u0142y si\u0119 po raz drugi pod okupacj\u0105 rosyjsk\u0105. (W\u0142adze powiatowe ponownie si\u0119 ewakuowa\u0142y.) W marcu 1915 r. sensacj\u0119 wzbudzi\u0142o wyl\u0105dowanie na mieleckich b\u0142oniach (przez pomy\u0142k\u0119 pilota) austriackiego samolotu. Ponowna kontrofensywa Niemc\u00f3w w dniu 11 V wypar\u0142a Rosjan z Mielca, a nast\u0119pnie z ca\u0142ej Galicji. Kilkakrotne przetoczenie si\u0119 frontu przez ziemi\u0119 mieleck\u0105 oraz restrykcje wojskowe (rekwirowanie \u017cywno\u015bci i mienia publicznego, s\u0105downictwo wojenne) sprawi\u0142y, \u017ce Mielec\u00a0i jego okolice zosta\u0142y mocno zniszczone. Mimo trudnej sytuacji podj\u0119to wysi\u0142ki w kierunku odbudowy \u017cycia gospodarczego oraz pobudzenia aktywno\u015bci spo\u0142ecznej. Wznowiono dzia\u0142alno\u015b\u0107 wi\u0119kszo\u015bci zak\u0142ad\u00f3w produkcyjnych i us\u0142ugowych. W lipcu ponownie wybrano Powiatowy Komitet Narodowy oraz rozpocz\u0119to nauk\u0119 w gimnazjum i innych szko\u0142ach. W 1916 r. powo\u0142ano Powiatowy Komitet Opieki nad Inwalidami Wojennymi oraz Powiatowe Biuro Po\u015brednictwa Pracy dla Inwalid\u00f3w Wojennych, kt\u00f3rych ilo\u015b\u0107 lawinowo ros\u0142a. W 1917 r. rozpocz\u0119\u0142y dzia\u0142alno\u015b\u0107 m.in.: Kasa R\u0119kodzielnicza (inicjatywa bankowa rzemios\u0142a) i Sk\u0142adnica K\u00f3\u0142ek Rolniczych. Zorganizowano Dom Sierot dla dzieci, kt\u00f3re utraci\u0142y rodzic\u00f3w w czasie wojny. Wyj\u0105tkowo bogatym w wydarzenia okaza\u0142 si\u0119 rok 1918. 3 III Rada Administracyjna we Lwowie przyzna\u0142a gminie miejskiej w Mielcu 94 tys. koron na odbudow\u0119 miasta ze zniszcze\u0144 wojennych. (By\u0142o to ledwie 20 % nale\u017cnych odszkodowa\u0144 w wysoko\u015bci 470 tys. koron.) 10 V zorganizowano \u201eSzwalni\u0119 Zwi\u0105zkow\u0105\u201d, w kt\u00f3rej znalaz\u0142o zatrudnienie kilkadziesi\u0105t kobiet, a 11 V w gmachu S\u0105du Powiatowego odby\u0142o si\u0119 spotkanie za\u0142o\u017cycielskie \u201eS\u0105dowej Sp\u00f3\u0142ki Spo\u017cywczej w Mielcu\u201d. Od 31 X na terenie Galicji rozbrajano wojsko austriackie oraz tworzono polsk\u0105 administracj\u0119. W Mielcu misj\u0119 jej zorganizowania otrzyma\u0142 Stefan R\u00f3\u017cecki \u2013 dotychczasowy starosta. Powiat mielecki w\u0142\u0105czono do wojew\u00f3dztwa krakowskiego. 2 XI ostatni komisarz wojenny dr Stanis\u0142aw \u0141ojasiewicz przekaza\u0142 w\u0142adz\u0119 w mie\u015bcie burmistrzowi Andrzejowi Pawlikowskiemu. (Po tygodniu A. Pawlikowski zrezygnowa\u0142 i burmistrzem zosta\u0142 J\u00f3zef Kolasi\u0144ski. W kolejnych latach zmiany burmistrz\u00f3w nast\u0119powa\u0142y cz\u0119sto \u2013 indeks burmistrz\u00f3w jest oddzielnym has\u0142em.) W dniach 4-7 XI du\u017ce grupy ludno\u015bci wiejskiej i rozbrojonego wojska zaborczego napada\u0142y na sklepy \u017cydowskie i grabi\u0142y je. Stra\u017c obywatelska, policja miejska i przyby\u0142y na pomoc pododdzia\u0142 polskiego wojska z D\u0119bicy opanowa\u0142y sytuacj\u0119 i 7 XI usun\u0119\u0142y napastnik\u00f3w z miasta. (W starciach zgin\u0105\u0142 1 policjant i by\u0142o wielu rannych.) Na wie\u015b\u0107 o zako\u0144czeniu wojny i powstaniu \u201eZjednoczonej Polski\u201d 11 XI w mieleckim ko\u015bciele parafialnym \u015bw. Mateusza odprawiono uroczyste nabo\u017ce\u0144stwo.<\/p>\r\n\r\n\r\n\r\n<p>L a t a 1 9 1 8 \u2013 1 9 3 9. Odzyskanie niepodleg\u0142o\u015bci przez Polsk\u0119 wyzwoli\u0142o du\u017c\u0105 aktywno\u015b\u0107 polityczn\u0105, spo\u0142eczn\u0105 i gospodarcz\u0105 mielczan. Powsta\u0142o Mieszcza\u0144skie Towarzystwo \u201eOjczyzna\u201d, kt\u00f3re rozpocz\u0119\u0142o kampani\u0119 przedwyborcz\u0105 do pierwszego, po odzyskaniu niepodleg\u0142o\u015bci, polskiego sejmu. Zawi\u0105za\u0142o si\u0119 tak\u017ce Ko\u0142o Polityczne Kobiet, kt\u00f3re postawi\u0142o sobie za cele zwi\u0119kszenie udzia\u0142u kobiet w zarz\u0105dzaniu miastem oraz wspieranie og\u00f3lnopolskich akcji r\u00f3\u017cnego typu, m.in. urz\u0105dza\u0142o zbi\u00f3rki z\u0142ota i srebra dla polskiego skarbu. Wznowi\u0142y dzia\u0142alno\u015b\u0107 kluby sportowe. 23 I 1919 r. powo\u0142ano Powiatow\u0105 Komisj\u0119 Opieki Spo\u0142ecznej. W wyborach do sejmu (26 I 1919 r.) z powiatu mieleckiego mandaty poselskie uzyskali m.in. dr in\u017c. Andrzej K\u0119dzior i Franciszek Krempa. W zwi\u0105zku z zapowiedzi\u0105 przeprowadzenia reformy rolnej wielcy posiadacze maj\u0105tk\u00f3w ziemskich, m.in. Oborscy z Mielca, rozpocz\u0119li wyprzeda\u017c ziemi. Trwa\u0142o naprawianie szk\u00f3d wojennych. 19 VIII wznowi\u0142 dzia\u0142alno\u015b\u0107 cech rzemie\u015blniczy. Powstawa\u0142y nowe (niewielkie) zak\u0142ady produkcyjne i us\u0142ugowe oraz sklepy i plac\u00f3wki gastronomiczne. W 1920 r. utworzono mielecki Oddzia\u0142 Krakowskiej Kongregacji Kupieckiej. W latach 20. nie nast\u0105pi\u0142 spodziewany rozw\u00f3j gospodarczy i przestrzenny miasta. (Kryzys gospodarczy nasili\u0142 si\u0119 w ca\u0142ym pa\u0144stwie.) Powsta\u0142o ledwie kilka niewielkich przedsi\u0119biorstw. Tak\u017ce mieleckie rzemios\u0142o prze\u017cywa\u0142o kryzys, kt\u00f3ry zosta\u0142 opanowany dopiero po zjednoczeniu si\u0119 w Powiatowy Zwi\u0105zek Rzemie\u015blniczy (25 III 1928 r.). Budownictwo mieszkaniowe r\u00f3wnie\u017c nie rozwija\u0142o si\u0119 w spodziewanym tempie. Ros\u0142o natomiast bezrobocie. Coraz wi\u0119cej os\u00f3b emigrowa\u0142o do Ameryki P\u00f3\u0142nocnej i Europy Zachodniej. Mimo tej trudnej sytuacji w\u0142adze miasta, instytucje i organizacje spo\u0142eczne podejmowa\u0142y wysi\u0142ki w celu podwy\u017cszania standardu \u017cycia mieszka\u0144c\u00f3w. W latach 1922-1925 Zygmunt Rymanowski zbudowa\u0142 pierwsz\u0105 w Mielcu elektrowni\u0119, kt\u00f3ra zapewni\u0142a miastu dostaw\u0119 energii elektrycznej. Pierwsz\u0105 instytucj\u0105, w kt\u00f3rej zab\u0142ys\u0142o \u015bwiat\u0142o elektryczne, by\u0142a Szko\u0142a M\u0119ska (14 I 1924 r.). Oddano do u\u017cytku ogr\u00f3d stra\u017cacki z urz\u0105dzeniami do \u0107wicze\u0144 fizycznych i rekreacji (1922). Podwy\u017cszono wie\u017c\u0119 ko\u015bcio\u0142a \u015bw. Mateusza i wykonano na niej he\u0142m, a tak\u017ce dobudowano przedsionek po\u0142udniowy i wie\u017cyczk\u0119 na sygnaturk\u0119 (1924). Wybudowano m.in. nowe schronisko dla ubogich (1925) i budynek dla Prywatnego Seminarium Nauczycielskiego \u017be\u0144skiego (1928) oraz rozbudowano Szko\u0142\u0119 M\u0119sk\u0105 (1928) i przeprowadzono remont kapitalny Domu Sierot. W latach 1925-1928 wykonano sie\u0107 kanalizacji og\u00f3lnosp\u0142awnej. Rozwija\u0142o si\u0119 \u017cycie polityczne i kulturalno-o\u015bwiatowe. Reaktywowano zawieszone lub tworzono nowe ugrupowania polityczne i stowarzyszenia (m.in. Bezpartyjny Blok Wsp\u00f3\u0142pracy z Rz\u0105dem, Chrze\u015bcija\u0144skie Zjednoczenie Mieszczan, Polska Partia Socjalistyczna, Oddzia\u0142 Zwi\u0105zku Strzeleckiego im. p\u0142k. Leopolda Lisa-Kuli, Towarzystwo Chrze\u015bcija\u0144skich Robotnik\u00f3w). Organizowano liczne uroczysto\u015bci patriotyczne, m.in. z okazji kolejnych rocznic Odrodzenia Polski, uchwalenia Konstytucji 3 maja, powsta\u0144 narodowych i innych wielkich wydarze\u0144 w historii Polski. Fundowano i po\u015bwi\u0119cano sztandary dla organizacji spo\u0142ecznych i szk\u00f3\u0142. Wiod\u0105c\u0105 rol\u0119 w organizacji imprez odgrywa\u0142o gimnazjum, kt\u00f3re wystawia\u0142o sztuki teatralne, urz\u0105dza\u0142o koncerty i imprezy sportowo-rekreacyjne. Du\u017c\u0105 aktywno\u015b\u0107 przejawia\u0142o harcerstwo. Od 1926 r. rozpocz\u0119\u0142o dzia\u0142alno\u015b\u0107 Mieszcza\u0144skie K\u00f3\u0142ko Amatorskie, skupiaj\u0105c w zespo\u0142ach artystycznych blisko 100 os\u00f3b. W kilku lokalach na terenie miasta wy\u015bwietlano filmy. \u017byw\u0105 i wszechstronn\u0105 dzia\u0142alno\u015b\u0107 prowadzi\u0142y kluby sportowe, a zw\u0142aszcza Towarzystwo Gimnastyczne \u201eSok\u00f3\u0142\u201d i \u201eKruki\u201d (katolickie) oraz \u201eMakkabi\u201d (\u017cydowski). W czerwcu 1927 r. sensacj\u0119 wywo\u0142a\u0142o kr\u0105\u017cenie nad miastem i wyl\u0105dowanie na b\u0142oniach samolotu CAUDRON G-3, pilotowanego przez mielczanina Stanis\u0142awa Dzia\u0142owskiego, kt\u00f3remu towarzyszy\u0142 brat Mieczys\u0142aw. W 1928 r. powsta\u0142 oddzia\u0142 terenowy Ligi Obrony Powietrznej i Przeciwgazowej (LOPP), kt\u00f3ry ju\u017c w tym samym roku zorganizowa\u0142 (wsp\u00f3lnie z LOPP w Krakowie) Wielki Festyn Lotniczy na b\u0142oniach za lasem miejskim. Doch\u00f3d z imprezy przeznaczono na budow\u0119 lotniska turystycznego. W tym\u017ce roku powo\u0142ano te\u017c Komitet Budowy Lotniska w Mielcu. Rok 1929 zdominowa\u0142y dwa wydarzenia. Pierwszym by\u0142o rozwi\u0105zanie Rady Gminnej i jej organu wykonawczego oraz powo\u0142anie komisarza i tymczasowego Zarz\u0105du Miejskiego (16 VII), za\u015b drugim \u2013 wizyta Prezydenta Rzeczypospolitej Polskiej prof. dr. Ignacego Mo\u015bcickiego (23 VII). Na pocz\u0105tku lat 30. miasto liczy\u0142o 8352 mieszka\u0144c\u00f3w (1931 r.), spo\u015br\u00f3d kt\u00f3rych oko\u0142o 25 % utrzymywa\u0142o si\u0119 z rzemios\u0142a, ok. 30 % z pracy najemnej, ok. 20 % z handlu, ok. 15 % z uprawy ziemi i ok. 10 % z pracy umys\u0142owej. Pod koniec 1930 r. zako\u0144czy\u0142 si\u0119 kryzys w samorz\u0105dzie miasta, bowiem wybrano Rad\u0119 Gminn\u0105 i burmistrza. Lata 30. by\u0142y jednym z pomy\u015blniejszych, cho\u0107 burzliwych, okres\u00f3w w historii miasta. W 1931 r. oddano do u\u017cytku m.in. okaza\u0142y budynek TG \u201eSok\u00f3\u0142\u201d i lotnisko turystyczne (5 VII). Obydwa obiekty sta\u0142y si\u0119 jednymi z najwa\u017cniejszych o\u015brodk\u00f3w \u017cycia towarzyskiego miasta, a lotnisko zosta\u0142o w\u0142\u0105czone do trasy corocznej og\u00f3lnopolskiej imprezy lotniczej \u201eLot Po\u0142udniowo-Zachodniej Polski\u201d. Rok 1932 sta\u0142 pod znakiem ch\u0142opskich protest\u00f3w sterowanych przez dynamicznie rozwijaj\u0105ce si\u0119 Stronnictwo Ludowe. 31 III ch\u0142opi zorganizowali strajk targowy w prote\u015bcie przeciwko wysokiej op\u0142acie targowej wprowadzonej w Mielcu. Strajk zosta\u0142 zako\u0144czony po obni\u017ceniu 7 IV taryfy targowej o po\u0142ow\u0119. Drugi strajk targowy, tym razem o pod\u0142o\u017cu politycznym, przeprowadzono w dniach 23-30 X. W jego ramach 27 X na mieleckim rynku odby\u0142 si\u0119 wiec ch\u0142opski z udzia\u0142em ok. 10 tysi\u0119cy os\u00f3b protestuj\u0105cych przeciwko aresztowaniu przez policj\u0119 cz\u0142onk\u00f3w Zarz\u0105du Powiatowego SL. Zgromadzenie to zako\u0144czy\u0142o si\u0119 starciami z policj\u0105. Optymistycznym akcentem by\u0142o natomiast oddanie do u\u017cytku nowego stadionu sportowego im. \u017bwirki i Wigury (obok bursy gimnazjalnej). Tak\u017ce w 1932 r., na podstawie nowej ustawy szkolnej, zreformowano mieleckie szko\u0142y, m.in. gimnazjum podzielono na 4-letnie gimnazjum i 2-letnie liceum (szko\u0142a otrzyma\u0142a nazw\u0119: Pa\u0144stwowe Gimnazjum i Liceum im. St. Konarskiego). W latach 1932-1935 przeprowadzono reform\u0119 podzia\u0142u administracyjnego pa\u0144stwa i w jej rezultacie powsta\u0142y m.in. gminy zbiorowe Mielec (miasto) i Mielec-wie\u015b. Okres ten zapisa\u0142 si\u0119 te\u017c licznymi lokalnymi manifestacjami patriotycznymi, wiecami politycznymi i strajkami, a lipiec 1934 r. dodatkowo wielk\u0105 powodzi\u0105, w czasie kt\u00f3rej wiele gospodarstw w zachodniej cz\u0119\u015bci Mielca zosta\u0142o mocno zniszczonych. W po\u0142owie lat 30., z inicjatywy burmistrza Franciszka Kazany, przeniesiono targowisko z rynku na b\u0142onia opodal budynku \u201eSoko\u0142a\u201d oraz wprowadzono na rynek ziele\u0144 (klomby, drzewka) i chodniki, co zdecydowanie poprawi\u0142o estetyk\u0119 i stan sanitarny centrum miasta. Przebudowywano ulice i uk\u0142adano nowe chodniki. W 1936 r. powsta\u0142y nowe szko\u0142y zawodowe: Prywatna \u017be\u0144ska Szko\u0142a Zawodowa Krawiecko-Bieli\u017aniarska i Szko\u0142a Dokszta\u0142caj\u0105ca Zawodowa \u017be\u0144ska, a w 1937 r. Prywatne Gimnazjum Krawieckie i Prywatne Gimnazjum Kupieckie. 11 XI 1936 r. niezwykle uroczy\u015bcie ods\u0142oni\u0119to Pomnik Jana Kili\u0144skiego (p\u00f3\u017aniej nazywany tak\u017ce Pomnikiem Wolno\u015bci). R\u00f3wnocze\u015bnie od 1936 r. rozpocz\u0119\u0142a si\u0119 nowa jako\u015b\u0107 w rozwoju gospodarczym, a nast\u0119pnie przestrzennym i spo\u0142ecznym Mielca. Po zatwierdzeniu przez Sejm RP planu rozwoju Centralnego Okr\u0119gu Przemys\u0142owego (5 II 1937 r.) \u2013 jesieni\u0105 1937 r. na terenach podmieleckiej Cyranki rozpocz\u0119to budow\u0119 zak\u0142ad\u00f3w lotniczych wraz z potrzebn\u0105 infrastruktur\u0105 techniczn\u0105. Z Mo\u015bcisk k\/Tarnowa doprowadzono lini\u0119 energetyczn\u0105 wysokiego napi\u0119cia, w Szyd\u0142owcu rozpocz\u0119to budow\u0119 uj\u0119cia wodnego, w Woli Mieleckiej most na Wis\u0142oce, a w samym Mielcu zbudowano bocznic\u0119 kolejow\u0105 do nowej fabryki, oczyszczalni\u0119 \u015bciek\u00f3w, stacj\u0119 transformator\u00f3w, sie\u0107 wodno-kanalizacyjn\u0105 i sie\u0107 gazow\u0105. Oddano do u\u017cytku drog\u0119 do Kolbuszowej. Do tych prac anga\u017cowano w wi\u0119kszo\u015bci miejscow\u0105 ludno\u015b\u0107, tote\u017c bezrobocie systematycznie mala\u0142o. Zainteresowanie Mielcem wykazywa\u0142o szereg renomowanych polskich firm, m.in. fabryka obuwia F. Leo w Bydgoszczy i Zak\u0142ady H. Cegielskiego w Poznaniu. Z drugiej za\u015b strony wybucha\u0142y kolejne protesty spo\u0142eczne. 1 V 1938 r. odby\u0142a si\u0119 manifestacja pierwszomajowa robotnik\u00f3w, a 5 VI manifestacja ch\u0142opska (na tzw. rynku zbo\u017cowym zebra\u0142o si\u0119 oko\u0142o 15 tysi\u0119cy os\u00f3b). W zwi\u0105zku z rosn\u0105c\u0105 fal\u0105 antysemityzmu w hitlerowskich Niemczech setki os\u00f3b narodowo\u015bci \u017cydowskiej wyjecha\u0142y do Palestyny, Ameryki P\u00f3\u0142nocnej i niekt\u00f3rych kraj\u00f3w Europy Zachodniej. W sierpniu na terenach Cyranki, Chorzelowa i Trze\u015bni \u2013 przy fabryce samolot\u00f3w \u2013 rozpocz\u0119to budow\u0119 lotniska. Ponadto oddano do u\u017cytku pierwszy budynek wielorodzinny (blok mieszkalny) na osiedlu fabrycznym (kolonii). Intensywn\u0105 budow\u0119 fabryki samolot\u00f3w i rozbudow\u0119 Mielca kontynuowano w 1939 r. W II kwartale rozpocz\u0119to monta\u017c samolot\u00f3w PZL P-37B \u201e\u0141o\u015b\u201d oraz m.in. oddano do u\u017cytku wi\u0119kszo\u015b\u0107 z 16 planowanych blok\u00f3w mieszkalnych osiedla fabrycznego, zorganizowano przychodni\u0119 lekarsk\u0105 i utworzono klub sportowy PZL Mielec, a Ubezpieczalnia Spo\u0142eczna w Tarnobrzegu rozpocz\u0119\u0142a budow\u0119 szpitala. (Oddano go do u\u017cytku jesieni\u0105 1939 r., ju\u017c w czasie okupacji hitlerowskiej.) 13 VI odby\u0142a si\u0119 uroczysto\u015b\u0107 oficjalnego otwarcia \u201ePZL-Wytw\u00f3rni P\u0142atowc\u00f3w Nr 2 w Mielcu\u201d, kt\u00f3rego dokona\u0142 prezydent RP Ignacy Mo\u015bcicki w asy\u015bcie wicepremiera i ministra skarbu Eugeniusza Kwiatkowskiego oraz przedstawicieli wojska. W tym czasie liczba mieszka\u0144c\u00f3w Mielca systematycznie ros\u0142a i przekroczy\u0142a liczb\u0119 11 300.\u00a0<\/p>\r\n\r\n\r\n\r\n<p>II \u00a0 w o j n a \u00a0 \u015b w i a t o w a (1939 \u2013 1945) Ju\u017c w pierwszym dniu II wojny \u015bwiatowej (1 IX) nad miastem pojawi\u0142 si\u0119 niemiecki samolot rozpoznawczy, a 2 IX eskadra samolot\u00f3w Luftwaffe zbombardowa\u0142a wytw\u00f3rni\u0119 samolot\u00f3w. W wyniku nalot\u00f3w \u015bmier\u0107 ponios\u0142o 6 pracownik\u00f3w \u2013 cz\u0142onk\u00f3w obrony przeciwlotniczej, a kilku zosta\u0142o rannych. 8 IX wojska niemieckie wkroczy\u0142y do Mielca. Wprowadzono re\u017cim okupacyjny, zaostrzany niemal z ka\u017cdym dniem. 13 IX zamordowano i spalono kilkudziesi\u0119ciu \u017byd\u00f3w w bo\u017cnicy, rze\u017ani i \u0142a\u017ani. (By\u0142 to prawdopodobnie pierwszy tego rodzaju akt okrucie\u0144stwa hitlerowskiego w podbijanej Polsce.) Fabryk\u0119 samolot\u00f3w (Flugzeugwerk), po naprawie stosunkowo niewielkich zniszcze\u0144, w\u0142\u0105czono do produkcji i remont\u00f3w samolot\u00f3w Luftwaffe. Zlikwidowano powiat mielecki i w\u0142\u0105czono go do powiatu d\u0119bickiego. Zamkni\u0119to polskie szko\u0142y \u015brednie, a w podstawowych ograniczono program i usuni\u0119to tre\u015bci zwi\u0105zane z kultur\u0105 polsk\u0105, m.in. zakazano u\u017cywania dotychczasowych podr\u0119cznik\u00f3w i wprowadzono podr\u0119cznik niemiecki. R\u00f3wnocze\u015bnie rodzi\u0142 si\u0119 polski ruch oporu. Ju\u017c p\u00f3\u017an\u0105 jesieni\u0105 1939 r. powsta\u0142y jego pierwsze zorganizowane struktury (ZWZ, Szare Szeregi), kt\u00f3rych cz\u0142onkowie podj\u0119li szereg akcji sabota\u017cowych i propagandowych. Aby temu przeciwdzia\u0142a\u0107 i zastraszy\u0107 spo\u0142ecze\u0144stwo, niemieckie w\u0142adze okupacyjne wyznaczy\u0142y grup\u0119 zak\u0142adnik\u00f3w (znanych i powszechnie szanowanych os\u00f3b) do rozstrzelania w przypadku powtarzaj\u0105cych si\u0119 akcji sabota\u017cowych. Na prze\u0142omie 1939\/1940 do Mielca przyby\u0142a du\u017ca grupa os\u00f3b wysiedlonych z Pozna\u0144skiego. Cz\u0119\u015b\u0107 z nich w\u0142\u0105czy\u0142a si\u0119 wkr\u00f3tce w r\u00f3\u017cne formy konspiracji (organizacje zbrojne, tajne nauczanie, prasa podziemna). W 1940 r. mno\u017cy\u0142y si\u0119 przypadki bestialskiego traktowania mieszka\u0144c\u00f3w Mielca, zw\u0142aszcza \u017byd\u00f3w, a nawet zastrzelenia bez powodu. Aresztowano kilku nauczycieli mieleckiego gimnazjum, a nast\u0119pnie przewieziono ich do oboz\u00f3w koncentracyjnych. Na wiosn\u0119 1941 r. w podmieleckich lasach stacjonowa\u0142o wojsko niemieckie przygotowuj\u0105ce si\u0119 do ataku na Zwi\u0105zek Radziecki. 9 III 1942 r. gestapo, przy pomocy \u017candarmerii i cz\u0142onk\u00f3w Sonderdienstu, rozpocz\u0119\u0142o akcj\u0119 deportacji i likwidacji ludno\u015bci \u017cydowskiej. Zdolnych do pracy fizycznej skierowano do oboz\u00f3w pracy, a najs\u0142abszych rozstrzelano na terenie Borku. Pozostali zostali przewiezieni do oboz\u00f3w koncentracyjnych. Pod koniec tego roku w FWM gestapo aresztowa\u0142o kilkudziesi\u0119ciu pracownik\u00f3w podejrzanych o dzia\u0142alno\u015b\u0107 dywersyjno-sabota\u017cow\u0105. Z kolei polskie oddzia\u0142y partyzanckie (ZWZ-AK, BCh) wykona\u0142y szereg udanych akcji zbrojnych i sabota\u017cowo-dywersyjnych. Wyj\u0105tkow\u0105 aktywno\u015bci\u0105 wyr\u00f3\u017cnia\u0142 si\u0119 oddzia\u0142 \u201eJ\u0119drusie\u201d (pocz\u0105tkowo samodzielny, potem w AK), kt\u00f3ry zosta\u0142 zorganizowany i wyszkolony przez W\u0142adys\u0142awa Jasi\u0144skiego \u201eJ\u0119drusia\u201d (absolwenta mieleckiego gimnazjum). W. Jasi\u0144ski zgin\u0105\u0142 9 I 1943 r. w niespodziewanej potyczce z \u017candarmami, ale oddzia\u0142 nadal sprawnie funkcjonowa\u0142, m.in. 29 III 1943 r. rozbi\u0142 wi\u0119zienie w Mielcu i uwolni\u0142 oko\u0142o 170 wi\u0119\u017ani\u00f3w. Po tej brawurowej akcji \u201eJ\u0119drusi\u00f3w\u201d okupanci dokonali licznych aresztowa\u0144 cz\u0142onk\u00f3w rodzin partyzant\u00f3w i wywie\u017ali ich do oboz\u00f3w, a tak\u017ce wykonali kilka zbiorowych egzekucji os\u00f3b podejrzanych o dzia\u0142alno\u015b\u0107 dywersyjn\u0105 i sabota\u017cow\u0105. Krwawe represje niemieckie i akcje partyzanckie trwa\u0142y niemal do nadej\u015bcia frontu na pocz\u0105tku sierpnia 1944 r. W lipcu rozpocz\u0119to ewakuacj\u0119 urz\u0105dze\u0144 i cz\u0119\u015bci pracownik\u00f3w FWM, urz\u0119dnik\u00f3w niemieckich i ich rodzin. Po kilku dniach walk we wschodniej cz\u0119\u015bci ziemi mieleckiej i wymianie ognia w nocy z 5 na 6 VII \u2013 przed po\u0142udniem wesz\u0142y do Mielca oddzia\u0142y radzieckiej 5 Armii Gwardyjskiej i oddzia\u0142 AK. Ochron\u0119 opustosza\u0142ych obiekt\u00f3w zak\u0142ad\u00f3w lotniczych podj\u0119\u0142y oddzia\u0142y AK. Wznowi\u0142y dzia\u0142alno\u015b\u0107 urz\u0119dy, instytucje, sklepy, plac\u00f3wki gastronomiczne, zak\u0142ady us\u0142ugowe i przedsi\u0119biorstwa. We wrze\u015bniu rozpocz\u0119to nauk\u0119 w szko\u0142ach podstawowych i \u015brednich, a siostry zakonne zorganizowa\u0142y przedszkola. Ko\u0142a PCK uruchomi\u0142y szpital i ambulatorium. 5 IX, na apel dyrektora, powr\u00f3ci\u0142a do pracy za\u0142oga PZL. Powo\u0142ano Miejsk\u0105 Rad\u0119 Narodow\u0105. Nadal jednak trwa\u0142 ostrza\u0142 niemieckiej artylerii zza Wis\u0142oki, kt\u00f3ry powodowa\u0142 wiele zniszcze\u0144, m.in. sp\u0142on\u0119\u0142a \u201eszko\u0142a pod zegarem\u201d (m\u0119ska). Mimo trudnych warunk\u00f3w rozpocz\u0119\u0142y dzia\u0142alno\u015b\u0107 zespo\u0142y artystyczne. 11 XI zorganizowano uroczyste obchody \u015awi\u0119ta Niepodleg\u0142o\u015bci, a w zimie 1944\/1945 wielokrotnie wystawiano \u201eJase\u0142ka\u201d.\u00a0<\/p>\r\n\r\n\r\n\r\n<p>L a t a 1 9 4 5 &#8211; 1 9 8 8 W 1945 r. powsta\u0142o szereg instytucji pomocowych i organizacji spo\u0142ecznych, kt\u00f3rych celem by\u0142a opieka nad osobami szczeg\u00f3lnie poszkodowanymi w czasie dzia\u0142a\u0144 wojennych. Z dniem 1 IX powiat mielecki zosta\u0142 wy\u0142\u0105czony z granic wojew\u00f3dztwa krakowskiego i w\u0142\u0105czony do nowo utworzonego wojew\u00f3dztwa rzeszowskiego. Trwa\u0142a odbudowa miasta ze zniszcze\u0144 wojennych. Powracali zwolnieni ze s\u0142u\u017cby \u017co\u0142nierze i wi\u0119\u017aniowie oboz\u00f3w koncentracyjnych. W Mielcu postanowi\u0142o zamieszka\u0107 wiele rodzin z przedwojennych polskich ziem wschodnich, a od 1945 r. nale\u017c\u0105cych do ZSRR. Pod koniec 1946 r., mimo ubytku kilku tysi\u0119cy \u017byd\u00f3w, miasto liczy\u0142o oko\u0142o 9750 mieszka\u0144c\u00f3w. Narasta\u0142y konflikty wok\u00f3\u0142 tworzonego w pa\u0144stwie nowego ustroju polityczno-gospodarczego, a wszelkie formy opozycji by\u0142y systematycznie likwidowane, m.in. zawieszono dzia\u0142alno\u015b\u0107 Zarz\u0105du Powiatowego PSL i represjonowano wielu by\u0142ych cz\u0142onk\u00f3w AK i BCh. Cz\u0119\u015b\u0107 partyzant\u00f3w nie ujawni\u0142a si\u0119 i postanowi\u0142a walczy\u0107. Obie strony ponosi\u0142y du\u017ce straty. W 1947 r. og\u0142oszono amnesti\u0119 i ponad 1500 os\u00f3b zdekonspirowa\u0142o si\u0119, ale to nie zako\u0144czy\u0142o represji i prze\u015bladowa\u0144. Mimo tych bolesnych wydarze\u0144 miasto rozwija\u0142o si\u0119. Powsta\u0142y nowe szko\u0142y \u015brednie: Gimnazjum Przemys\u0142owe PZL (1946) i Liceum Pedagogiczne (1947). 8 V 1947 r. na osiedlu fabrycznym erygowano parafi\u0119 rzymskokatolick\u0105 Matki Bo\u017cej Nieustaj\u0105cej Pomocy. W tym roku za\u0142o\u017cono te\u017c Pracownicze Ogr\u00f3dki Dzia\u0142kowe \u201eMetalowiec\u201d oraz zorganizowano pierwsze pokazy lotnicze z udzia\u0142em aeroklub\u00f3w z r\u00f3\u017cnych stron Polski. W 1948 r. powo\u0142ano m.in. Pogotowie Stra\u017cy Po\u017carnej (pocz\u0105tek zawodowej stra\u017cy), utworzono Powszechn\u0105 Sp\u00f3\u0142dzielni\u0119 Spo\u017cywc\u00f3w i oddano do u\u017cytku pierwsz\u0105 stacj\u0119 benzynow\u0105 (przy ul. \u017beromskiego) oraz odbudowano szko\u0142\u0119 \u201epod zegarem\u201d. W 1949 r. dokonano zmiany nazwy \u201ePolskie Zak\u0142ady Lotnicze PPW \u2013 Zak\u0142ad Nr 1\u201d na \u201eWytw\u00f3rnia Sprz\u0119tu Komunikacyjnego \u2013 PPW Zak\u0142ad Nr 1\u201d, tworz\u0105c mo\u017cliwo\u015bci do znacznego rozszerzenia dziedzin produkcji. Lata 50. rozpocz\u0119to reform\u0105 administracji pa\u0144stwowej. Zniesiono Urz\u0105d Starosty Powiatowego, Zarz\u0105d Miejski i stanowisko burmistrza, a wprowadzono rady narodowe i ich prezydia. Przeprowadzono tzw. \u201ebitw\u0119 o handel\u201d, w ramach kt\u00f3rej odebrano sklepy prywatnym w\u0142a\u015bcicielom i przekazano je nowo utworzonym przedsi\u0119biorstwom uspo\u0142ecznionym. Utworzono Pa\u0144stwowe Gimnazjum Przemys\u0142owe i Zasadnicz\u0105 Szko\u0142\u0119 Mechaniczn\u0105 oraz oddano do u\u017cytku budynek szkolny w p\u00f3\u0142nocnej cz\u0119\u015bci osiedla fabrycznego (aktualnie Gimnazjum Nr 1). Pod koniec roku 1950 w Mielcu mieszka\u0142o 10 817 os\u00f3b. W 1951 r. \u201eMiastoprojekt\u201d w Warszawie opracowa\u0142 \u201eOg\u00f3lny plan zagospodarowania miasta Mielca\u201d, co stanowi\u0142o podstaw\u0119 do jego dalszej planowej rozbudowy. Na kontynuowanie budowy osiedla fabrycznego z pe\u0142n\u0105 infrastruktur\u0105 otrzymano wysokie dotacje pa\u0144stwowe. W kolejnych latach 50. budowano osiedle w kierunku po\u0142udniowym (po obu stronach ul. 22 Lipca \u2013 w\u00f3wczas g\u0142\u00f3wnej ulicy osiedla) i wschodnim (do ul. S. \u017beromskiego). Wybudowane bloki mieszkalne oznaczano kolejnymi liczbami. Pomi\u0119dzy blokami powstawa\u0142y \u017c\u0142obki i przedszkola, a w centrum osiedla Zak\u0142adowy Dom Kultury z kinem \u201eMetalowiec\u201d i bibliotek\u0105 (1953). Od 1 IX 1953 r. rozpocz\u0119\u0142a funkcjonowanie 11-letnia Szko\u0142a Og\u00f3lnokszta\u0142c\u0105ca Stopnia Podstawowego i Licealnego (p\u00f3\u017aniejsze II LO). Oddano tak\u017ce do u\u017cytku stadion sportowy FKS Stal. Powsta\u0142y m.in.: Przedsi\u0119biorstwo Pa\u0144stwowej Komunikacji Samochodowej, Powiatowa Stacja Pogotowia Ratunkowego i Oddzia\u0142 Powszechnej Kasy Oszcz\u0119dno\u015bci. W 1954 r. uruchomiono wodoci\u0105gi miejskie oraz powo\u0142ano m.in. Miejskie Przedsi\u0119biorstwo Gospodarki Komunalnej i Powiatow\u0105 Stacj\u0119 Sanitarno-Epidemologiczn\u0105. Pod koniec tego\u017c roku (12 XII) w Kolbuszowej wyst\u0105pi\u0142 z pierwszym koncertem Zesp\u00f3\u0142 Pie\u015bni i Ta\u0144ca ZDK (p\u00f3\u017aniej ZPiT \u201eRzeszowiacy\u201d). Wydarzeniem roku 1955 by\u0142 awans zespo\u0142u pi\u0142ki no\u017cnej \u201eStali\u201d do II ligi. Do pracy w rozwijaj\u0105cej si\u0119 WSK przybywali ludzie z r\u00f3\u017cnych stron kraju, tote\u017c ros\u0142a liczba mieszka\u0144c\u00f3w Mielca (w 1955 r. ok. 19 000). W 1956 r., w rezultacie przemian ustrojowych i \u201eodwil\u017cy politycznej\u201d w Polsce, zniesiono Powiatowe Urz\u0119dy Bezpiecze\u0144stwa Publicznego, kt\u00f3rym (tak\u017ce w Mielcu) zarzucono m.in. aresztowania i represjonowanie wielu niewinnych os\u00f3b oraz stosowanie w \u015bledztwie niedozwolonych metod. R\u00f3wnocze\u015bnie powo\u0142ano S\u0142u\u017cb\u0119 Bezpiecze\u0144stwa. Tak\u017ce w roku 1956 rozpocz\u0119to budow\u0119 osiedla dom\u00f3w jednorodzinnych na b\u0142oniach za laskiem miejskim (p\u00f3\u017aniej osiedle Kazimierza Wielkiego). 26 VI 1957 r. WSK przekaza\u0142a Miejskiej Radzie Narodowej administracj\u0119 Osiedla Fabrycznego. Utworzono w\u00f3wczas Miejski Zarz\u0105d Budynk\u00f3w Mieszkalnych i nadano ulicom nazwy. 1 IX tego roku rozpocz\u0119\u0142y dzia\u0142alno\u015b\u0107: Szko\u0142a Podstawowa Nr 3 przy ul. \u017beromskiego i Szko\u0142a Handlowa. W dniach 1-8 IX 1957 r. uroczy\u015bcie i z rozmachem zorganizowano 500 rocznic\u0119 \u201enadania Mielcowi praw miejskich przez kr\u00f3la Kazimierza Jagiello\u0144czyka\u201d. Rozpocz\u0119to budow\u0119 elektrociep\u0142owni przy WSK oraz utworzono Rejonowy Urz\u0105d Telekomunikacyjny. W roku 1958 za\u0142o\u017cono Mieleck\u0105 Sp\u00f3\u0142dzielni\u0119 Mieszkaniow\u0105, kt\u00f3ra odt\u0105d z roku na rok zwi\u0119ksza\u0142a swe zasoby i z czasem zdominowa\u0142a budownictwo mieszkaniowe. Lokalnym wydarzeniem roku 1958 by\u0142o oddanie do u\u017cytku k\u0142adki wisz\u0105cej nad Wis\u0142ok\u0105. W 1959 r. po raz pierwszy w historii sportu mieleckiego (i wojew\u00f3dztwa rzeszowskiego) awans do I ligi pa\u0144stwowej wywalczyli siatkarze Stali, a w 1960 r. do I ligi awansowa\u0142a tak\u017ce dru\u017cyna pi\u0142ki no\u017cnej Stali. Innymi wa\u017cnymi wydarzeniami tego rok by\u0142y: du\u017cy po\u017car magazynu g\u0142\u00f3wnego PZGS przy ul. Wolno\u015bci (2 I), wylew Wis\u0142oki (lipiec) i rozpocz\u0119cie dzia\u0142alno\u015bci przez kolejne szko\u0142y ponadpodstawowe: Liceum Ekonomiczne, Zasadnicz\u0105 Szko\u0142\u0119 Handlow\u0105 i Zasadnicz\u0105 Szko\u0142\u0119 Og\u00f3lnokszta\u0142c\u0105c\u0105 (1 IX). Rozpocz\u0119to te\u017c planow\u0105 zabudow\u0119 osiedla dom\u00f3w jednorodzinnych w rejonie ul. Westerplatte. Pod koniec tego roku Mielec mia\u0142 24 422 mieszka\u0144c\u00f3w. Na pocz\u0105tku 1961 r. uruchomiono Miejsk\u0105 Komunikacj\u0119 Samochodow\u0105 i nieco p\u00f3\u017aniej Zak\u0142ad Zieleni Miejskiej, a w roku 1963 r. Mieleckie Przedsi\u0119biorstwo Budowlane, co w decyduj\u0105cy spos\u00f3b wp\u0142yn\u0119\u0142o na przy\u015bpieszenie tempa rozwoju budownictwa wielorodzinnego w Mielcu. Jeszcze w tym samym roku rozpocz\u0119to budow\u0119 blok\u00f3w mieszkalnych przy p\u00f3\u0142nocnej cz\u0119\u015bci ul. L. Staffa oraz osiedla dom\u00f3w jednorodzinnych obok Parku Oborskich. Od roku szkolnego 1962\/1963 rozpocz\u0119\u0142y dzia\u0142alno\u015b\u0107 Liceum Medyczne Piel\u0119gniarstwa i Szko\u0142a Podstawowa Nr 6 im. F. \u017bwirki i S. Wigury. Oddano tak\u017ce do u\u017cytku elektrociep\u0142owni\u0119 przy WSK. Stycze\u0144 1963 r. przyni\u00f3s\u0142 fale \u015bnie\u017cyc i mrozu (nawet poni\u017cej \u2013 30 C), w zwi\u0105zku z czym zamkni\u0119to szko\u0142y. Rozpocz\u0119to budow\u0119 blok\u00f3w mieszkalnych przy ul. J. Kusoci\u0144skiego. Szczeg\u00f3lnym wydarzeniem roku by\u0142o uroczyste otwarcie hali sportowo-widowiskowej (9 XI). W styczniu 1964 r. ponownie wyst\u0105pi\u0142y du\u017ce opady \u015bniegu, kt\u00f3re sparali\u017cowa\u0142y komunikacj\u0119. W p\u00f3\u017aniejszych miesi\u0105cach oddano do u\u017cytku m.in. pierwsz\u0105 cz\u0119\u015b\u0107 obiekt\u00f3w Szpitala Powiatowego przy ul. S. \u017beromskiego oraz budynek Urz\u0119du Pocztowego i Telekomunikacyjnego przy ul. H. Sawickiej. Na mocy zarz\u0105dze\u0144 centralnych, m.in. zakazuj\u0105cych w\u0119dr\u00f3wek bez zameldowania, w Mielcu osiedlono na sta\u0142e w Mielcu grup\u0119 Cygan\u00f3w (Rom\u00f3w). W 1965 r. oddano do u\u017cytku m.in. kompleks obiekt\u00f3w Sp\u00f3\u0142dzielni \u201eOdzie\u017c\u201d przy ul. T. Ko\u015bciuszki i zako\u0144czono budow\u0119 Szpitala Powiatowego. W dniach 18-19 IX w Mielcu odby\u0142y si\u0119 centralne uroczysto\u015bci z okazji Dni Lotnictwa. Rok 1966 sta\u0142 pod znakiem Obchod\u00f3w 1000-lecia Pa\u0144stwa Polskiego, m.in. w nowo wybudowanym obiekcie rozpocz\u0119\u0142a prac\u0119 Szko\u0142a Podstawowa nr 7, otwarto zmodernizowany stadion GKS Gryf, wykonano szereg prac spo\u0142ecznych na rzecz miasta i zorganizowano wiele imprez. Artysta rze\u017abiarz Henryk Burzec uko\u0144czy\u0142 realizacj\u0119 serii rze\u017ab plenerowych: \u201eTancerka\u201d, \u201eBiegaczki\u201d, \u201eMiotacz\u201d i \u201eLot\u201d. Powsta\u0142o Towarzystwo Mi\u0142o\u015bnik\u00f3w Ziemi Mieleckiej. Rozbudowywano osiedle MSM w rejonie ulic ks. P. Skargi i Grunwaldzkiej, a w 1967 r. w rejonie p\u00f3\u0142nocnej cz\u0119\u015bci ul. J. Kusoci\u0144skiego. Oddano do u\u017cytku m.in. kryty basen k\u0105pielowy, \u201eDom Rzemios\u0142a\u201d, rozbudowany budynek dla LO Nr 26 (p\u00f3\u017aniej I LO) i zmodernizowany dworzec PKP. Utworzono Zesp\u00f3\u0142 Szk\u00f3\u0142 Zawodowych MPC. Rozpocz\u0119\u0142o funkcjonowanie Technikum Elektryczne. \u0179le rozpocz\u0105\u0142 si\u0119 rok 1968, bowiem w styczniu pali\u0142 si\u0119 hotel MPB przy ul. Torowej, a wkr\u00f3tce potem nast\u0105pi\u0142o silne zanieczyszczenie Wis\u0142oki \u015brodkami chemicznymi. W\u015br\u00f3d wydarze\u0144 w tym i nast\u0119pnym roku wyr\u00f3\u017cni\u0142y si\u0119 inicjatywy kulturalne ZDK WSK: I i II Rzeszowski Jarmark Pie\u015bni i Ta\u0144ca \u201eMielec-68\u201d i \u201eMielec-69\u201d oraz I Spotkania Rze\u017abiarskie \u201eMielec-69\u201d (VII 1968 r.), kt\u00f3rych plonem by\u0142o 11 rze\u017ab plenerowych. Ponadto w 1969 r. rozpocz\u0119\u0142y dzia\u0142alno\u015b\u0107 produkcyjn\u0105 Zak\u0142ady Gaz\u00f3w Technicznych \u201ePolgaz\u201d. Lata 70. cechowa\u0142y si\u0119 dalszym dynamicznym rozwojem WSK i miasta. W zwi\u0105zku ze wzrostem liczby mieszka\u0144c\u00f3w (31 339 os\u00f3b 31 XII 1970 r.) wyra\u017anie zwi\u0119kszono tempo budownictwa wielorodzinnego MSM, wykonywanego przez MPB na terenach pomi\u0119dzy osiedlem fabrycznym i lini\u0105 kolejow\u0105. Rozwija\u0142o si\u0119 te\u017c budownictwo jednorodzinne; rozpocz\u0119to zabudow\u0119 terenu w rejonie ul. K. K. Baczy\u0144skiego, intensywnie budowano w rejonie ul. J. Kili\u0144skiego i M. Reja. 30 VI 1970 r. zako\u0144czy\u0142o dzia\u0142alno\u015b\u0107 Liceum Pedagogiczne, natomiast od 1 IX tego roku rozpocz\u0119\u0142y \u017cywot: Liceum Zawodowe przy ul. Warszawskiej i Pa\u0144stwowa Szko\u0142a Muzyczna I stopnia przy ul. M. Konopnickiej. Sukces artystyczny I i II Jarmarku Pie\u015bni i Ta\u0144ca spowodowa\u0142, \u017ce od 1970 r. ta cykliczna impreza otrzyma\u0142a status og\u00f3lnopolski, a w czasie jej trwania Mielec nazywano w mediach \u201estolic\u0105 folkloru polskiego\u201d. Dobra passa mieleckiej kultury zosta\u0142a ugruntowana zdobyciem przez ZPiT \u201eRzeszowiacy\u201d g\u0142\u00f3wnego trofeum na XXVI Mi\u0119dzynarodowym Festiwalu Folklorystycznym w Nicei i udanym tournee po Francji i W\u0142oszech (4-27 VII 1971 r.) Sukcesem sportowym by\u0142o wywalczenie Pucharu Polski przez dru\u017cyn\u0119 pi\u0142karzy r\u0119cznych \u201eStali\u201d. We wrze\u015bniu przyj\u0105\u0142 pierwszych go\u015bci Dom Wycieczkowy \u201eJubilat\u201d. W 1972 r. obszar Mielca powi\u0119kszono o 1395 ha, przy\u0142\u0105czaj\u0105c Cyrank\u0119, cz\u0119\u015b\u0107 Z\u0142otnik i cz\u0119\u015b\u0107 p\u00f3l Chorzelowa. Rozpocz\u0119to budow\u0119 osiedla jednorodzinnego Dziubk\u00f3w. Oddano do u\u017cytku m.in. baz\u0119 zawodowej stra\u017cy po\u017carnej przy ul. H. Sienkiewicza i Osiedlowy Dom Kultury MSM przy ul. J. Kusoci\u0144skiego. Na Olimpiadzie w Monachium wyst\u0105pili zawodnicy \u201eStali\u201d; z\u0142oty medal w turnieju pi\u0142ki no\u017cnej zdoby\u0142 Grzegorz Lato, a ponadto w zespole pi\u0142ki r\u0119cznej grali: Franciszek G\u0105sior, Jan Wojciech Gmyrek i Robert Zawada. 1 X powsta\u0142 mielecki Punkt Konsultacyjny Politechniki Warszawskiej. Od 1973 r. rozpocz\u0119\u0142a si\u0119 reforma podzia\u0142u administracyjnego kraju; utworzono gminy, a w\u015br\u00f3d nich Gmin\u0119 Mielec obejmuj\u0105c\u0105 miejscowo\u015bci wok\u00f3\u0142 Mielca. 28 VI 1973 r. zesp\u00f3\u0142 pi\u0142ki no\u017cnej Stali zdoby\u0142 1. miejsce w I lidze i tytu\u0142 mistrza Polski, a nast\u0119pnie startowa\u0142 w Pucharze Europy Mistrz\u00f3w Krajowych, przegrywaj\u0105c z \u201eCrven\u0105 Zvezd\u0105\u201d Belgrad. W lipcu WSK go\u015bci\u0142a przedstawicieli najwy\u017cszych pa\u0144stwowych w\u0142adz partyjnych z Edwardem Gierkiem \u2013 I sekretarzem KC PZPR i w\u0142adz pa\u0144stwowych z premierem Piotrem Jaroszewiczem na czele. 17 X w eliminacyjnym meczu pi\u0142ki no\u017cnej Mistrzostw \u015awiata na stadionie Wembley, dzi\u0119ki bramce strzelonej przez Jana Domarskiego po akcji Henryka Kasperczaka i Grzegorza Laty (wszyscy ze \u201eStali\u201d Mielec), Polska zremisowa\u0142a z Angli\u0105 1 : 1 i zakwalifikowa\u0142a si\u0119 do fina\u0142\u00f3w. W grudniu przeprowadzono II etap reformy administracyjnej pa\u0144stwa, m.in. wprowadzaj\u0105c zmieniony podzia\u0142 kompetencji w\u0142adz powiatowych, miejskich i gminnych. Rok 1974 obfitowa\u0142 w wa\u017cne wydarzenia. Oddano do u\u017cytku Fabryk\u0119 Dom\u00f3w przy ul. R. Traugutta i wprowadzono technologi\u0119 wielkop\u0142ytow\u0105 do budownictwa mieszkaniowego. Budow\u0119 pierwszych budynk\u00f3w z \u201ewielkiej p\u0142yty\u201d rozpocz\u0119to w rejonie ulic A. K\u0119dziora i K. Pu\u0142askiego. Oddano do u\u017cytku m.in. zesp\u00f3\u0142 obiekt\u00f3w II LO przy ul. S. \u017beromskiego, \u201eSupersam\u201d PSS przy ul. 22 Lipca (p\u00f3\u017aniej al. Niepodleg\u0142o\u015bci), pawilon administracyjno-handlowy Sp\u00f3\u0142dzielni \u201ePrzysz\u0142o\u015b\u0107\u201d przy ul. L. Wary\u0144skiego (p\u00f3\u017aniej Sandomierska), budynek dla Biblioteki RCK przy ul. J. Kusoci\u0144skiego, baz\u0119 MKS przy ul. Wojs\u0142awskiej i wa\u0142y przeciwpowodziowe przy Wis\u0142oce na odcinku Mielec-Rzoch\u00f3w. W X Pi\u0142karskich Mistrzostwach \u015awiata w RFN, reprezentacja Polski zdoby\u0142a III miejsce, a w jej sk\u0142adzie grali mielczanie: J. Domarski, H. Kasperczak i G. Lato. Indywidualny olbrzymi sukces odni\u00f3s\u0142 G. Lato, zdobywaj\u0105c z 7 bramkami presti\u017cowy tytu\u0142 \u201ekr\u00f3la strzelc\u00f3w\u201d. Od 1 IX rozpocz\u0105\u0142 dzia\u0142alno\u015b\u0107 Zesp\u00f3\u0142 Szk\u00f3\u0142 Zawodowych nr 1 przy ul. J. Kili\u0144skiego, a w pa\u017adzierniku otwarto Punkt Konsultacyjny Politechniki Rzeszowskiej. W ramach reformy administracyjnej kraju z dniem 30 VI 1975 r. zako\u0144czy\u0142y funkcjonowanie powiaty, w tym r\u00f3wnie\u017c powiat mielecki. Mielec pozosta\u0142 oddzieln\u0105 jednostk\u0105 administracyjn\u0105 w ramach wojew\u00f3dztwa rzeszowskiego. Zbudowano m.in. Dom Handlowy \u201eIkar\u201d przy ul. A. Mickiewicza i pierwszy 11-pi\u0119trowy budynek mieszkalny przy ul. K. Pu\u0142askiego. Pod koniec roku miasto liczy\u0142o 34 913 mieszka\u0144c\u00f3w. W 1976 r. oddano do u\u017cytku m.in. zmodernizowany budynek PSS (po by\u0142ej kot\u0142owni osiedlowej) przy ul. W. Sikorskiego, rozbudowany obiekt dawnej bursy gimnazjalnej dla nowo utworzonego Zespo\u0142u Szk\u00f3\u0142 Ekonomicznych przy ul. Warszawskiej i zesp\u00f3\u0142 obiekt\u00f3w Zak\u0142adu Mleczarskiego przy ul. Rac\u0142awickiej. 2 VI po raz drugi zesp\u00f3\u0142 pi\u0142ki no\u017cnej \u201eStali\u201d zdoby\u0142 1. miejsce w ekstraklasie i tytu\u0142 Mistrza Polski. W PEMK spotka\u0142 si\u0119 z \u201eRealem\u201d Madryt i dwukrotnie minimalnie przegra\u0142 (0:1 i 1:2). Mecz w Mielcu ogl\u0105da\u0142o oko\u0142o 40 tysi\u0119cy widz\u00f3w. Na Olimpiadzie w Montrealu mieleccy sportowcy zdobyli medale: H. Kasperczak i G. Lato srebrne (2. miejsce Polski w pi\u0142ce no\u017cnej) oraz J. W. Gmyrek br\u0105zowy (3. miejsce Polski w pi\u0142ce r\u0119cznej). Przykrymi wydarzeniami tego roku by\u0142y dwukrotne powa\u017cne zatrucia Wis\u0142oki \u015brodkami chemicznymi. (W nast\u0119pnych latach przypadki zatru\u0107 powtarza\u0142y si\u0119.) Rok 1977 zapisa\u0142 si\u0119 zako\u0144czeniem budowy ko\u015bcio\u0142a p.w. Matki Bo\u017cej Nieustaj\u0105cej Pomocy przy ul. A. Fredry (p\u00f3\u017aniej ks. H. Arczewskiego) i du\u017cymi inwestycjami w zakresie modernizacji wewn\u0119trznego uk\u0142adu komunikacyjnego miasta. Wykonano przed\u0142u\u017cenie ul. H. Sienkiewicza w kierunku Wojs\u0142awia i zamontowano pierwsz\u0105 sygnalizacj\u0119 \u015bwietln\u0105 na skrzy\u017cowaniu ul. H. Sienkiewicza z ul. A. Mickiewicza. Rozpocz\u0119to tak\u017ce budow\u0119 wiaduktu nad torami kolejowymi. 31 XII powo\u0142ano Muzeum Regionalne jako plac\u00f3wk\u0119 pa\u0144stwow\u0105 i przydzielono na tymczasow\u0105 siedzib\u0119 lokal w budynku przy ul. A. Mickiewicza 13. W 1978 r., w zwi\u0105zku z dynamicznym rozwojem miasta \u2013 podzielono Mielec na 12 osiedli i w ka\u017cdym osiedlu wybrano samorz\u0105d (komitet osiedlowy). PSM I st. przeprowadzi\u0142a si\u0119 do odrestaurowanego budynku przy ul. T. Ko\u015bciuszki 10 (z Sal\u0105 Kr\u00f3lewsk\u0105). Nieszcz\u0119\u015bciem Mielca by\u0142o natomiast coraz cz\u0119stsze zatruwanie Wis\u0142oki przez zak\u0142ady przemys\u0142owe po\u0142o\u017cone przy g\u00f3rnym i \u015brodkowym jej biegu, co powodowa\u0142o wy\u0142\u0105czanie sieci wodoci\u0105g\u00f3w i dowo\u017cenie wody beczkowozami z zewn\u0105trz. Katastrof\u0105 ekologiczn\u0105 by\u0142 wyciek ponad 20 ton oleju maszynowego do Wis\u0142oki w D\u0119bicy i zamkni\u0119cie wodoci\u0105g\u00f3w w dniach od 7 do 10 II 1979 r. W widoczny spos\u00f3b pogarsza\u0142o si\u0119 tak\u017ce zaopatrzenie miasta w produkty spo\u017cywcze (zw\u0142aszcza mi\u0119sne), \u015brodki czysto\u015bci, artyku\u0142y gospodarstwa domowego i meble. W ramach obchod\u00f3w 35-lecia PRL zak\u0142ady pracy i stowarzyszenia wykona\u0142y czyny spo\u0142eczne przy estetyzacji i zagospodarowaniu miasta (urz\u0105dzanie zieleni, budowa chodnik\u00f3w i prostych urz\u0105dze\u0144 sportowych). Efektem II Og\u00f3lnopolskiego Pleneru Rze\u017abiarskiego \u201eMielec-79\u201d by\u0142o powstanie 9 rze\u017ab plenerowych. W dniach 18-21 X odby\u0142y si\u0119 VII Og\u00f3lnopolskie Spotkania Folklorystyczne \u201eJarmark Pie\u015bni i Ta\u0144ca\u201d (ostatnie, jak si\u0119 p\u00f3\u017aniej okaza\u0142o). Liczba mieszka\u0144c\u00f3w miasta przekroczy\u0142a 40 tysi\u0119cy (41 285 os\u00f3b 31 XII 1979 r.). Wyra\u017anie pogarszaj\u0105ca si\u0119 sytuacja spo\u0142eczno-gospodarcza w pa\u0144stwie, a szczeg\u00f3lnie braki na rynku lokalnym, by\u0142y przyczynami strajku w WSK Mielec rozpocz\u0119tego 30 VI 1980 r. (prawdopodobnie pierwszego w tym okresie w Polsce). Zako\u0144czono go po podwy\u017ckach zarobk\u00f3w, ale niezrealizowanie innych postulat\u00f3w by\u0142o przyczyn\u0105 kolejnych \u201eprzestoj\u00f3w\u201d w pracy, a nast\u0119pnie strajku (4 IX), kt\u00f3ry zako\u0144czono podpisaniem porozumienia z kierownictwem przedsi\u0119biorstwa. Od listopada w mieleckich zak\u0142adach pracy rozpocz\u0119to tworzenie kom\u00f3rek organizacyjnych NSZZ \u201eSolidarno\u015b\u0107\u201d. 30 I 1981 r. erygowano parafi\u0119 Ducha \u015awi\u0119tego, kt\u00f3ra obj\u0119\u0142a swym zasi\u0119giem p\u00f3\u0142nocno-zachodni\u0105 cz\u0119\u015b\u0107 Mielca i Z\u0142otniki. W dalszych miesi\u0105cach tego roku narasta\u0142 chaos i mno\u017cy\u0142y si\u0119 konflikty spo\u0142eczne. Organizowano kolejne strajki o charakterze politycznym i ekonomicznym w WSK i innych zak\u0142adach pracy. Ko\u0144czono je jednak po podpisaniu porozumie\u0144 z kierownictwami tych\u017ce zak\u0142ad\u00f3w. 1 IV wprowadzono (w ca\u0142ym kraju) reglamentowan\u0105 (na kartki) sprzeda\u017c mi\u0119sa, w\u0119dlin, mas\u0142a i produkt\u00f3w zbo\u017cowych. 30 VIII odby\u0142y si\u0119 \u201eUroczysto\u015bci po\u015bwi\u0119cenia Lotniska i WSK Mielec\u201d z udzia\u0142em biskupa ordynariusza Jerzego Ablewicza. W nocy z 12 na 13 XII na terenie ca\u0142ego kraju wprowadzono stan wojenny. Aresztowano i internowano wiele os\u00f3b o odmiennych pogl\u0105dach politycznych, m.in. 10 os\u00f3b w Mielcu (wypuszczono je na wolno\u015b\u0107 jeszcze w grudniu 1981 r. lub w pierwszych miesi\u0105cach 1982 r.). W 1982 r. nadal pogarsza\u0142o si\u0119 zaopatrzenie, co powodowa\u0142o rosn\u0105ce kolejki w sklepach. Wprowadzenie wielu ogranicze\u0144 i swob\u00f3d obywatelskich oraz du\u017cych podwy\u017cek cen \u017cywno\u015bci i energii powodowa\u0142o powszechn\u0105 frustracj\u0119. Dodatkowymi k\u0142opotami by\u0142y kolejne zatrucia Wis\u0142oki i zamkni\u0119cia wodoci\u0105g\u00f3w. Tradycyjne \u015awi\u0119to 1 Maja zorganizowano na stadionie FKS Stal i po raz pierwszy od 1945 r. nie organizowano pochodu ulicami miasta. Mimo olbrzymich trudno\u015bci utrzymywano w Mielcu szybkie tempo budownictwa mieszkaniowego oraz realizowano szereg wa\u017cnych inwestycji. Oddano do u\u017cytku m.in. wiadukt i dojazdy do niego, dwa segmenty Szko\u0142y Podstawowej Nr 8, ponad 400 mieszka\u0144 w budynkach wielorodzinnych oraz \u201eszereg\u00f3wki\u201d na osiedlu J. Krasickiego (p\u00f3\u017aniej Lotnik\u00f3w) i osiedlu Wolno\u015bci. 31 XII 1982 r. w Mielcu mieszka\u0142o ok. 45 900 os\u00f3b. Kolejne lata 80. by\u0142y tak\u017ce trudne, ale w wielu dziedzinach \u017cycia mo\u017cna by\u0142o zauwa\u017cy\u0107 stopniow\u0105 popraw\u0119. Od 1 I 1983 r. rozpocz\u0105\u0142 funkcjonowanie Urz\u0105d Skarbowy. W ci\u0105gu tego roku oddano do u\u017cytku m.in.: pierwszy segment Zespo\u0142u Szk\u00f3\u0142 Technicznych przy ul. Kazimierza Jagiello\u0144czyka, dolny ko\u015bci\u00f3\u0142 p.w. Ducha \u015awi\u0119tego i Urz\u0105d Pocztowo-Telekomunikacyjny Nr 4 przy ul. M. Pisarka, kolejny segment Szko\u0142y Podstawowej Nr 8, pawilon spo\u017cywczo-przemys\u0142owy \u201e\u015awit\u201d przy ul. Drzewieckiego, wytw\u00f3rni\u0119 w\u00f3d GS \u201eSamopomoc Ch\u0142opska\u201d przy ul. Piaskowej, 440 mieszka\u0144 na osiedlu J.Krasickiego (p\u00f3\u017aniej Lotnik\u00f3w) i w rejonie ul. S. Moniuszki oraz cmentarz komunalny przy ul. Kr\u00f3lowej Jadwigi. Wydarzeniem tego roku by\u0142a \u201eUroczysto\u015b\u0107 Nawiedzenia przez Matk\u0119 Bo\u017c\u0105 w Jej Jasnog\u00f3rskim Obrazie\u201d, kt\u00f3ra odby\u0142a si\u0119 na ulicach miasta i w ko\u015bciele p.w. Matki Bo\u017cej Nieustaj\u0105cej Pomocy. Z ulg\u0105 przyj\u0119to odwo\u0142anie stanu wojennego (21 VII). W nast\u0119pnym roku rozpocz\u0119\u0142o \u017cywot osiedle MSM Dziubk\u00f3w; a do pierwszego oddanego bloku mieszkalnego wprowadzili si\u0119 lokatorzy. Rozpocz\u0119to budow\u0119 osiedla dom\u00f3w jednorodzinnych \u201eBorek\u201d. Od 1 I 1985 r., w wyniku przy\u0142\u0105czenia do Mielca miejscowo\u015bci: Mo\u015bciska, Smoczka, Wojs\u0142aw i Rzoch\u00f3w (wszystkie zosta\u0142y osiedlami), powierzchnia miasta wzros\u0142a do 47,36 km2, a liczba mieszka\u0144c\u00f3w przekroczy\u0142a 50 tysi\u0119cy (31 XII 1985 r. \u2013 ok. 54 400 os\u00f3b). Tym samym Mielec otrzyma\u0142 status miasta prezydenckiego. W zwi\u0105zku z rozwojem Mielca i regionu biskup ordynariusz Jerzy Ablewicz dokona\u0142 z dniem 10 X podzia\u0142u dekanatu mieleckiego na dwa dekanaty: Mielec-Po\u0142udnie i Mielec-P\u00f3\u0142noc. Oddano nowe obiekty, m.in.: osiedle 6 \u201ewie\u017cowc\u00f3w\u201d przy ul. Dworcowej, szklarnie Pa\u0144stwowego Gospodarstwa Ogrodniczego przy ul. R. Traugutta, rozbudowany obiekt Liceum Medycznego i segment dydaktyczny ZST przy ul. Kazimierza Jagiello\u0144czyka. W tym\u017ce budynku, opr\u00f3cz ZST, umieszczono tymczasowo nowo powo\u0142an\u0105 Szko\u0142\u0119 Podstawow\u0105 Nr 9. Udr\u0119k\u0105 miasta pozostawa\u0142y zanieczyszczenia Wis\u0142oki i wy\u0142\u0105czenia wodoci\u0105g\u00f3w oraz zwi\u0119kszaj\u0105cy si\u0119 niedob\u00f3r wody. W 1986 r. otwarto dla ruchu ko\u0142owego ulic\u0119 22 Lipca (p\u00f3\u017aniej al. Niepodleg\u0142o\u015bci), rozszerzon\u0105 do 4 pas\u00f3w ruchu. W zwi\u0105zku z przebudow\u0105 trasy dojazdowej do WSK rozebrano budynek kina \u201eT\u0119cza\u201d przy skrzy\u017cowaniu Al. E. Kwiatkowskiego z ul. Cyranowsk\u0105). Szko\u0142a Podstawowa Nr 9 przenios\u0142a si\u0119 do nowego obiektu przy ul. Drzewieckiego. Wyra\u017anie spad\u0142o tempo budownictwa wielorodzinnego (315 mieszka\u0144). Wydarzeniem, kt\u00f3re spowodowa\u0142o wielkie zaniepokojenie i zamieszanie, by\u0142o przej\u015bcie 30 IV (m.in. nad regionem mieleckim) ob\u0142oku radioaktywnego, kt\u00f3ry powsta\u0142 po awarii elektrowni atomowej w Czarnobylu (ZSRR). 2 III 1987 r. sp\u0142on\u0119\u0142a g\u00f3rna cz\u0119\u015b\u0107 budynku przy ul. B. G\u0142owackiego (siedziba Zak\u0142adu Energetycznego i Oddzia\u0142u KPKS). Budynek ten zosta\u0142 p\u00f3\u017aniej rozebrany. Oddano do u\u017cytku m.in.: 359 mieszka\u0144 na osiedlu Dziubk\u00f3w i osiedlu budynk\u00f3w wielorodzinnych pomi\u0119dzy ulicami H. Sienkiewicza i F. Dzier\u017cynskiego (p\u00f3\u017aniej S. S\u0119kowskiego), hotel PGO przy ul. J. Gagarina (p\u00f3\u017aniej al. Ducha \u015aw.), \u201eJadern\u00f3wk\u0119\u201d, w kt\u00f3rej umieszczono czasowo Muzeum Regionalne, uj\u0119cie wody w Szyd\u0142owcu i piekarni\u0119 mechaniczn\u0105 PSS przy ul. Rac\u0142awickiej. 4 VIII powsta\u0142a parafia rzymskokatolicka p.w. Tr\u00f3jcy Przenaj\u015bwi\u0119tszej, obejmuj\u0105ca swym zasi\u0119giem m.in. osiedla Dziubk\u00f3w i Smoczka. Do kalendarza imprez miejskich wprowadzono \u201eDni M\u0142odo\u015bci\u201d i \u201eDni Mielca\u201d. 14 XI zako\u0144czono budow\u0119 ko\u015bcio\u0142a p.w. Ducha \u015awi\u0119tego przy ul. M. Pisarka. W 1988 r. zasiedlono pierwsze bloki mieszkalne na osiedlu MSM Smoczka. Dominuj\u0105cymi wydarzeniami tego roku by\u0142y obchody 50-lecia WSK \u201ePZL-Mielec\u201d, po\u0142\u0105czone z 60-leciem Polskich Zak\u0142ad\u00f3w Lotniczych. Jednym z materialnych efekt\u00f3w tych uroczysto\u015bci by\u0142o oddanie do u\u017cytku odrestaurowanego zamku w Przec\u0142awiu. 23 XII Sejm uchwali\u0142 pakiet ustaw liberalizuj\u0105cych przepisy o prowadzeniu dzia\u0142alno\u015bci gospodarczej, co wp\u0142yn\u0119\u0142o na wyra\u017ane zwi\u0119kszenie si\u0119 aktywno\u015bci i przedsi\u0119biorczo\u015bci wielu os\u00f3b. Konsekwencj\u0105 tego zjawiska by\u0142o prze\u0142amanie marazmu w handlu\u00a0(z roku na rok ros\u0142a poda\u017c towar\u00f3w) i w us\u0142ugach.<\/p>\r\n\r\n\r\n\r\n<p>P o\u00a0 r o k u\u00a0 1 9 8 9 Od pocz\u0105tku 1989 r. wzmaga\u0142a si\u0119 aktywno\u015b\u0107 NSZZ \u201eSolidarno\u015b\u0107\u201d (zdelegalizowanego w stanie wojennym), wspieranego przez zdecydowan\u0105 wi\u0119kszo\u015b\u0107 polskiego spo\u0142ecze\u0144stwa i liczne o\u015brodki polityczne poza granicami kraju. Poparcie to ujawni\u0142o si\u0119 z ca\u0142\u0105 moc\u0105 przy wyborach do Sejmu i Senatu PRL (4 VI). Niemal r\u00f3wno z ponown\u0105 rejestracj\u0105 \u201eSolidarno\u015bci\u201d (17 IV) powsta\u0142 w Mielcu Komitet Obywatelski \u201eSolidarno\u015b\u0107\u201d. Zawi\u0105za\u0142y si\u0119 te\u017c ko\u0142a (ogniwa) kilku partii i stronnictw politycznych. Niemal niezale\u017cnie od zmian politycznych realizowano kolejne inwestycje, m.in.: nowy dworzec PKS przy ul. Kazimierza Jagiello\u0144czyka, budownictwo mieszkaniowe na osiedlach MSM Dziubk\u00f3w i Smoczka, bibliotek\u0119 osiedlow\u0105 przy ul. Cz. Ta\u0144skiego oraz zabezpieczenie G\u00f3ry Cyranowskiej (przez wiele lat osuwa\u0142a si\u0119 na ulice 22 Lipca i S. \u017beromskiego). W ko\u0144cu roku miasto przekroczy\u0142o 60 tysi\u0119cy mieszka\u0144c\u00f3w (31 XII \u2013 60 169). Prze\u0142omowy w historii Polski rok 1990 tak\u017ce w Mielcu zapisa\u0142 si\u0119 szeregiem wa\u017cnych wydarze\u0144. W lutym MRN dokona\u0142a zmiany nazw wielu ulic (przywr\u00f3ci\u0142a im patron\u00f3w z lat mi\u0119dzywojennych), rozpocz\u0105\u0142 funkcjonowanie nowy Zak\u0142ad Uzdatniania Wody (w zasadniczy spos\u00f3b poprawiono zaopatrzenie w wod\u0119), powo\u0142ano Miejski O\u015brodek Pomocy Spo\u0142ecznej i zorganizowano bazar na stadionie FKS Stal. 1 III powsta\u0142o Rejonowe Biuro Pracy (p\u00f3\u017aniejszy Urz\u0105d Pracy). 27 V odby\u0142y si\u0119 wybory do Rady Miejskiej, kt\u00f3re zdecydowanie wygra\u0142 Komitet Obywatelski \u201eSolidarno\u015b\u0107\u201d i on obsadzi\u0142 najwa\u017cniejsze stanowiska w samorz\u0105dowych w\u0142adzach miejskich. Od 27 VIII rozpocz\u0105\u0142 dzia\u0142alno\u015b\u0107 Urz\u0105d Rejonowy, a od 1 IX nowe plac\u00f3wki szkolne: Szko\u0142a Podstawowa Nr 13 przy ul. \u0141\u0105kowej i Pa\u0144stwowa Szko\u0142a Muzyczna II stopnia przy ul. T.Ko\u015bciuszki 10. Ponadto rozpocz\u0119to inwentaryzacj\u0119 mienia komunalnego. Dalsze lata 90.,\u00a0w nast\u0119pstwie g\u0142\u0119bokich przemian ustrojowych i gospodarczych w pa\u0144stwie, zdecydowanie pogorszy\u0142y sytuacj\u0119 mieleckiego przemys\u0142u (g\u0142\u00f3wnie WSK) oraz miasta. Za\u0142ama\u0142a si\u0119 wsp\u00f3\u0142praca z ZSRR \u2013 g\u0142\u00f3wnym odbiorc\u0105 mieleckich samolot\u00f3w. Nowe mechanizmy rynkowe niekorzystnie wp\u0142yn\u0119\u0142y na dzia\u0142alno\u015b\u0107 wielkich pa\u0144stwowych przedsi\u0119biorstw przemys\u0142owych, w tym mieleckiej WSK, a ponadto du\u017ce trudno\u015bci powodowa\u0142 tak\u017ce brak jednoznacznych zasad funkcjonowania i finansowania przedsi\u0119biorstw przemys\u0142u obronnego. W tej sytuacji kierownictwo WSK ratowa\u0142o dalszy byt m.in. zwalnianiem pracownik\u00f3w, zrywaniem kontakt\u00f3w kooperacyjnych z innymi mieleckimi zak\u0142adami pracy albo niep\u0142aceniem im nale\u017cno\u015bci za wykonane prace, a to jeszcze bardziej pogarsza\u0142o dramatyczn\u0105 sytuacj\u0119 miasta. Wys\u0142ano listy do najwy\u017cszych w\u0142adz pa\u0144stwowych, organizowano protesty (jesie\u0144 1991 r.), ale bez oczekiwanych rezultat\u00f3w. Pod koniec 1991 r. w RUP zarejestrowanych by\u0142o 4170 bezrobotnych mielczan. R\u00f3wnocze\u015bnie rozwija\u0142y si\u0119 r\u00f3\u017cne formy \u017cycia politycznego i spo\u0142ecznego. Aktywno\u015b\u0107 przejawia\u0142y partie i ugrupowania polityczne (Socjaldemokracja RP, Unia Demokratyczna, Stronnictwo Demokratyczne, Porozumienie Centrum, Polskie Stronnictwo Ludowe, Konfederacja Polski Niepodleg\u0142ej, Unia Pracy\u00a0i inne) oraz stowarzyszenia, m.in. Mieleckie Towarzystwo Gospodarcze. 16 XII powsta\u0142a Agencja Rozwoju Regionalnego \u201eMARR\u201d S.A., jedna z pierwszych w kraju. Rozpocz\u0119to wydawanie Tygodnika \u201eKorso\u201d \u2013 pierwszej prywatnej gazety w Mielcu. W 1992 r. trwa\u0142a dramatyczna walka o \u017cycie WSK i miasta. Opracowano \u201eProgram restrukturyzacji regionu mieleckiego w latach 1992-1994\u201d, pracownicy WSK podj\u0119li akcj\u0119 strajkow\u0105 (14 VII-20 XI). Wci\u0105\u017c powi\u0119kszaj\u0105ce si\u0119 bezrobocie spowodowa\u0142o decyzj\u0119 premier Hanny Suchockiej o zaliczeniu Mielca do rejon\u00f3w zagro\u017conych strukturalnym bezrobociem i przydzieleniu pomocy finansowej. Oddano do u\u017cytku m.in. Hal\u0119 Targow\u0105 przy ul. Wolno\u015bci, Inkubator Przedsi\u0119biorczo\u015bci \u201eIN-MARR\u201d i dworzec autobusowy PKS przy ul. Kazimierza Jagiello\u0144czyka oraz kolejne bloki mieszkalne na osiedlu Smoczka, cho\u0107 ilo\u015b\u0107 i tempo ich oddawania wyra\u017anie mala\u0142y. Rok 1993 rozpocz\u0119to od kolejnych du\u017cych grupowych zwolnie\u0144 z WSK. Niemal r\u00f3wnocze\u015bnie rozpocz\u0119to jej restrukturyzacj\u0119, tworz\u0105c szereg sp\u00f3\u0142ek z ograniczon\u0105 odpowiedzialno\u015bci\u0105. 4 IX oddano do u\u017cytku nowy budynek szkolny na osiedlu Rzoch\u00f3w. Przygn\u0119biaj\u0105cymi wydarzeniami by\u0142y po\u017cary w tym\u017ce Rzochowie, kt\u00f3rych sprawc\u0105 by\u0142 m\u0142ody mieszkaniec tego osiedla, a tak\u017ce po\u017car Szko\u0142y Podstawowej Nr 2. Spore zainteresowanie wywo\u0142a\u0142y owocne prace archeologiczne w rejonie ul. J. Iwaszkiewicza. Pierwsze miesi\u0105ce 1994 r. zosta\u0142y zdominowane przez batali\u0119 (ostatecznie przegran\u0105) w Sejmie i Senacie o przyznanie \u015brodk\u00f3w finansowych na zakup przez wojsko mieleckich samolot\u00f3w \u201eIryda\u201d. Po czerwcowych wyborach do Rady Miejskiej w\u0142adz\u0119 w Mielcu przej\u0119\u0142a koalicja centroprawicowa. Oddano do u\u017cytku m.in.: Warsztaty Terapii Zaj\u0119ciowej przy ul. A. Kocjana, urz\u0105dzenia do ozonowania wody w Zak\u0142adzie Wodoci\u0105g\u00f3w i Lokalny Dom Pomocy Spo\u0142ecznej przy ul. T. Ko\u015bciuszki. Po raz pierwszy oficjalnie rozpocz\u0119\u0142o emitowanie programu Radio \u201eHit-FM\u201d. W dniach 29 IX \u2013 1 X w hali sportowo-widowiskowej odby\u0142 si\u0119 VI Krajowy Zjazd Delegat\u00f3w NSZZ \u201eSolidarno\u015b\u0107\u201d. 28 XII Rada Miejska wyrazi\u0142a zgod\u0119 na utworzenie w Mielcu specjalnej strefy ekonomicznej. W ostatnim dniu roku Mielec liczy\u0142 64 378 mieszka\u0144c\u00f3w. Rok 1995 rozpocz\u0119to od otwarcia pierwszego sklepu w nowym Centrum Handlowo-Us\u0142ugowym \u201ePasa\u017c\u201d przy ul. Dworcowej. W kwietniu nowo powsta\u0142e Przedsi\u0119biorstwo Telekomunikacyjne \u201eCentrala\u201d (drugi, po TP S.A., operator) rozpocz\u0119\u0142o instalowanie telefon\u00f3w na osiedlu W. Szafera, przyczyniaj\u0105c si\u0119 tym do wyra\u017anego przy\u015bpieszenia rozwoju telefonizacji w Mielcu. 29 VIII Rada Ministr\u00f3w podj\u0119\u0142a decyzj\u0119 o utworzeniu w Mielcu pierwszej w Polsce Specjalnej Strefy Ekonomicznej, a jej oficjalne otwarcie, z udzia\u0142em premiera RP J\u00f3zefa Oleksego, odby\u0142o si\u0119 9 X. Dla zarz\u0105dzania SSE EURO-PARK MIELEC powo\u0142ano Oddzia\u0142 Agencji Rozwoju Przemys\u0142u w Mielcu. W dniach 14 i 15 XII, z udzia\u0142em tysi\u0119cy mielczan, odby\u0142y si\u0119 uroczysto\u015bci \u201eNawiedzenia przez Kopi\u0119 Cudownej Figury Matki Bo\u017cej Fatimskiej mieleckich parafii\u201d. Z dniem 1 I 1996 r. samorz\u0105d miasta przej\u0105\u0142 prowadzenie szkolnictwa podstawowego. Tak\u017ce w styczniu zako\u0144czy\u0142 funkcjonowanie Fundusz Dotacji programu PHARE \u201eSTRUDER\u201d, z kt\u00f3rego pomocy skorzysta\u0142o kilkadziesi\u0105t ma\u0142ych i \u015brednich mieleckich przedsi\u0119biorstw. 10 V wr\u0119czono pierwsze zezwolenia na dzia\u0142alno\u015b\u0107 gospodarcz\u0105 w mieleckiej SSE, a pod koniec roku by\u0142o ich ju\u017c 19. Tereny strefy sta\u0142y si\u0119 du\u017cym placem budowy. Podj\u0119cie wielokierunkowych dzia\u0142a\u0144 znacznie wp\u0142yn\u0119\u0142o na obni\u017cenie stopy bezrobocia. Decyzj\u0105 Rady Ministr\u00f3w z dniem 1 VII Mielec zosta\u0142 skre\u015blony z listy miast zagro\u017conych strukturalnym bezrobociem. Dostosowuj\u0105c funkcjonowanie miasta do nowych regu\u0142 gospodarki, przekszta\u0142cono przedsi\u0119biorstwa komunalne w sp\u00f3\u0142ki z ograniczon\u0105 odpowiedzialno\u015bci\u0105. 2 IX rozpocz\u0105\u0142 funkcjonowanie Zesp\u00f3\u0142 Szk\u00f3\u0142 Og\u00f3lnokszta\u0142c\u0105cych Nr 1 przy ul. Cz. Ta\u0144skiego. 6 XII, po zastosowaniu w Stacji Uzdatniania Wody francuskiej technologii oczyszczania wody filtrami w\u0119glowymi, Mielec otrzyma\u0142 wod\u0119 odpowiadaj\u0105c\u0105 standardom europejskim. WSK Mielec przekaza\u0142o Gminie Miejskiej, w zamian za zobowi\u0105zania finansowe, m.in. budynek domu kultury, hal\u0119 sportowo-widowiskow\u0105 i tereny sportowo-rekreacyjne. Systematycznie ros\u0142a liczba abonent\u00f3w telefonicznych (od 6 869 w 1994 r. do 11 694 w 1996 r.). W 1997 r. i latach nast\u0119pnych dynamicznie rozwija\u0142a si\u0119 SSE (12 zezwole\u0144 w 1997, 10 w 1998, 3 w 1999 r. i 30 w 2000) oraz obs\u0142uguj\u0105ce j\u0105 instytucje (m.in. banki), firmy budowlane i transportowe, co wyra\u017anie obni\u017ca\u0142o stop\u0119 bezrobocia (19,5 % w 1997 r., 14,9 % w 2000 r.). 6 III 1997 r. oddano do u\u017cytku nowe sk\u0142adowisko odpad\u00f3w komunalnych w lesie przy ul. Wolno\u015bci. 2 VII zainaugurowano dzia\u0142alno\u015b\u0107 Centrum Kszta\u0142cenia Praktycznego (CKP) i Centrum Transferu Technologii (CTT). 22 VII wystartowa\u0142 z Mielca do lotu dooko\u0142a \u015bwiata AN-2 i uko\u0144czy\u0142 go pomy\u015blnie 22 X. W dniach 30 i 31 VIII, przy rekordowej frekwencji (ok. 50 tys. os\u00f3b), na mieleckim lotnisku odby\u0142y si\u0119 Centralne Uroczysto\u015bci \u015awi\u0119ta Lotnictwa Polskiego \u201eAIR SHOW Mielec-97\u201d. Na osiedlu Smoczka rozpocz\u0119to budow\u0119 Szko\u0142y Podstawowej Nr 11. Pod koniec roku rozpocz\u0119\u0142a dzia\u0142alno\u015b\u0107 Telewizja Kablowa Mielec. W 1998 r. oddano do u\u017cytku m.in. O\u015brodek Sportowo-Rehabilitacyjny przy Szkole Podstawowej Nr 13 na osiedlu Dziubk\u00f3w oraz now\u0105 stacj\u0119 sterylizacji w rozbudowywanym Szpitalu Rejonowym. 7 VIII, na podstawie rozporz\u0105dzenia Rady Ministr\u00f3w, powsta\u0142y samorz\u0105dowe powiaty, a w\u015br\u00f3d nich powiat mielecki. Po wyborach do Rady Miejskiej g\u0142\u00f3wne funkcje powierzono przedstawicielom ugrupowa\u0144 centrowych i lewicowych. Pojawi\u0142a si\u0119 nowa inicjatywa kulturalna \u2013 I Mi\u0119dzynarodowy Festiwal Organowy. (Kontynuowano j\u0105 z powodzeniem w kolejnych latach.) W ramach restrukturyzacji WSK i dzia\u0142a\u0144 ratuj\u0105cych lotniczy charakter mieleckiego przemys\u0142u 19 X powsta\u0142y Polskie Zak\u0142ady Lotnicze Sp. z o.o. Rok 1999 zapisa\u0142 si\u0119 w historii miasta niezwykle przykrymi, cho\u0107 nieuchronnymi, wydarzeniami. 22 III og\u0142oszono upad\u0142o\u015b\u0107 Zak\u0142adu Lotniczego, a 31 V \u2013 sp\u00f3\u0142ki matki WSK \u201ePZL-Mielec\u201d S.A. Optymistycznymi akcentami by\u0142y natomiast: powo\u0142anie Wy\u017cszej Szko\u0142y Gospodarki i Zarz\u0105dzania (pierwszej w historii miasta samodzielnej uczelni wy\u017cszej), rozbudowa Szpitala Powiatowego (nowy pawilon \u0142\u00f3\u017ckowy), oddanie do u\u017cytku Centrum Wystawienniczo-Promocyjnego przy Domu Kultury SCK i otwarcie supermarket\u00f3w: Sklep Polski \u201eJedynka\u201d przy ul. Kazimierza Jagiello\u0144czyka i \u201eSzalony Max\u201d przy ul. A. Kocjana. W rezultacie wprowadzenia \u201ereformy szkolnej\u201d uformowano now\u0105 sie\u0107 plac\u00f3wek szkolnych \u2013 8 szk\u00f3\u0142 podstawowych i 4 gimnazja. Uwidoczni\u0142y si\u0119 efekty zakrojonego na szerok\u0105 skal\u0119 programu unowocze\u015bniania i modernizacji miejskich uk\u0142ad\u00f3w komunikacyjnych i estetyzacji miasta. Sporo emocji wzbudzi\u0142y ronda i zw\u0119\u017cenia, kt\u00f3rych zadaniem by\u0142o zwi\u0119kszenie bezpiecze\u0144stwa na ulicach. Dzia\u0142ania te zintensyfikowano przed \u015awiatowym Zjazdem Mielczan, kt\u00f3ry odby\u0142 si\u0119 w dniach 23-27 VI 2000 r. Szczeg\u00f3lny charakter roku 2000 zosta\u0142 tak\u017ce uczczony licznymi uroczysto\u015bciami \u015bwieckimi i ko\u015bcielnymi (obchody Roku Jubileuszowego). Materialnymi efektami roku by\u0142y ponadto m.in.: cz\u0119\u015b\u0107 dydaktyczna Szko\u0142y Podstawowej Nr 11 przy ul. Kard. Stefana Wyszy\u0144skiego, 3 budynki mieszkalne MSM na osiedlu Smoczka (80 mieszka\u0144), 2 budynki mieszkalne Firmy \u201eSpector Dom\u201d S.C. na zboczu G\u00f3ry Cyranowskiej, \u201eszereg\u00f3wki\u201d Sp\u00f3\u0142dzielni Mieszkaniowej Lokatorsko-W\u0142asno\u015bciowej przy ul. Jaworowej oraz I etap Domu Pomocy Spo\u0142ecznej przy ul. Kard. S. Wyszy\u0144skiego. Rozpocz\u0119to modernizacj\u0119 wn\u0119trz Domu Kultury SCK i zagospodarowywanie teren\u00f3w MOSiR, a WSGiZ przeprowadzi\u0142a adaptacj\u0119 budynku przy ul. S. S\u0119kowskiego 1 dla potrzeb uczelni. Pod koniec 2000 r., zgodnie z reform\u0105 s\u0142u\u017cby zdrowia, powsta\u0142y Niepubliczne Zak\u0142ady Opieki Zdrowotnej, kt\u00f3re zast\u0105pi\u0142y dotychczasowe Przychodnie Rejonowe. Spad\u0142a liczba ludno\u015bci \u2013 przy ko\u0144cu 2000 r. Mielec zamieszkiwa\u0142o 64 250 os\u00f3b. W pierwszych latach XXI wieku realizowano zadania wynikaj\u0105ce z przyj\u0119tej w 2000 r. \u201eStrategii Gminy Miejskiej Mielec na lata 2000-2006\u201d. Priorytetowymi przedsi\u0119wzi\u0119ciami by\u0142y: modernizacja infrastruktury drogowej wewn\u0105trz miasta oraz budowa oczyszczalni \u015bciek\u00f3w i kolektor\u00f3w zbiorczych. Na te zadania pozyskano m.in. \u015brodki pomocowe z Unii Europejskiej w wysoko\u015bci oko\u0142o 23,3 miliona eur. W celu wyprowadzenia ci\u0119\u017ckiego ruchu ko\u0142owego poza centrum miasta budowano \u201eobwodnic\u0119 wewn\u0119trzn\u0105\u201d (ul. W. Witosa \u2013 ul. Wolno\u015bci \u2013 ul. Partyzant\u00f3w \u2013 ul. Wojska Polskiego \u2013 ul. Kazimierza Jagiello\u0144czyka \u2013 H. Sienkiewicza). Oddano do u\u017cytku trzy dalsze ronda: 1) przy skrzy\u017cowaniu ulic Wolno\u015bci, W. Szafera\u00a0i Powsta\u0144c\u00f3w Warszawy, 2) przy skrzy\u017cowaniu ulic Wolno\u015bci i Partyzant\u00f3w, 3) przy ul. Legion\u00f3w w okolicach mostu na rzece Wis\u0142oce. Wybudowano lub zmodernizowano kilkadziesi\u0105t ulic miejskich. Rozbudowywano tak\u017ce sie\u0107 gazow\u0105, wodoci\u0105gow\u0105, kanalizacyjn\u0105\u00a0i ciep\u0142ownicz\u0105. W ramach remontu tych\u017ce sieci w centrum osiedla Niepodleg\u0142o\u015bci zmodernizowano plac Armii Krajowej (dawniej Centralny) i wybudowano na nim fontann\u0119 (2002). W 2001 r. oddano do u\u017cytku odrestaurowany Pa\u0142acyk Oborskich, umieszczaj\u0105c\u00a0w nim siedzib\u0119 g\u0142\u00f3wn\u0105 Muzeum Regionalnego SCK. Powi\u0119kszono baz\u0119 sportowo-rekreacyjn\u0105 poprzez modernizacj\u0119 hali sportowej i basen\u00f3w p\u0142ywackich (2003) oraz wybudowanie sztucznego lodowiska na terenie MOSiR (2002) i hali sportowej przy Szkole Podstawowej Nr 11 na osiedlu Smoczka (2003). Przeprowadzono tak\u017ce remont budynku g\u0142\u00f3wnego Urz\u0119du Miejskiego (2003). Trwa\u0142a rozbudowa Szpitala Powiatowego oraz oddano do u\u017cytku powiatowy Dom Pomocy Spo\u0142ecznej. Parafie rzymskokatolickie zako\u0144czy\u0142y budow\u0119 ko\u015bcio\u0142\u00f3w Tr\u00f3jcy Przenaj\u015bwi\u0119tszej (osiedle Smoczka) i \u015bw. Marka (osiedle Rzoch\u00f3w), a nast\u0119pnie rozpocz\u0119\u0142y prace wewn\u0119trzne. Przy parafii MBNP utworzono Katolickie Centrum Edukacji M\u0142odzie\u017cy \u201eKana\u201d. Powsta\u0142y 4 nowe supermarkety. Og\u00f3lno\u015bwiatowy kryzys gospodarczy os\u0142abi\u0142, ale nie zatrzyma\u0142 rozwoju SSE EURO-PARK-u MIELEC. Do 2003 r. utworzy\u0142a ona ponad 7 tysi\u0119cy nowych miejsc pracy, a nak\u0142ady inwestor\u00f3w na budow\u0119 i rozw\u00f3j firm przekroczy\u0142y 2 miliardy z\u0142otych (w tym 66 % kapita\u0142 zagraniczny).\u00a0W lutym 2003 r. S\u0105d Okr\u0119gowy w Rzeszowie uzna\u0142, \u017ce umowa pomi\u0119dzy WSK \u201ePZL-Mielec\u201d i sp\u00f3\u0142k\u0105 Grand Limited (zarejestrowan\u0105 na Karaibach) w sprawie przej\u0119cia udzia\u0142\u00f3w w mieleckim lotnisku jest niewa\u017cna, co diametralnie zmieni\u0142o jego status i pozwoli\u0142o samorz\u0105dowi miasta na przyj\u0119cie innych plan\u00f3w co do jego wykorzystania. W kwietniu w ramach MPGK utworzono Jednostk\u0119 Realizuj\u0105c\u0105 Projekt ISPA \u201eUporz\u0105dkowanie systemu zbierania i oczyszczania \u015bciek\u00f3w w Mielcu\u201d (w tym budowa nowej miejskiej oczyszczalni \u015bciek\u00f3w). W maju nasilono dzia\u0142ania propaguj\u0105ce Uni\u0119 Europejsk\u0105, m.in. 12 V na placu AK z mieszka\u0144cami Mielca spotka\u0142 si\u0119 premier RP Leszek Miller i przekonywa\u0142 do poparcia wst\u0105pienia Polski do Unii. W czerwcowym referendum na temat wej\u015bcia Polski do UE 81 % g\u0142osuj\u0105cych mielczan (frekwencja 61 %) opowiedzia\u0142o si\u0119 pozytywnie. Rozpocz\u0119to montowanie systemu monitoringu wizyjnego w r\u00f3\u017cnych punktach miasta. Wa\u017cniejszymi zrealizowanymi inwestycjami tego roku by\u0142y: rozbudowany zesp\u00f3\u0142 obiekt\u00f3w Pa\u0144stwowej Stra\u017cy Po\u017carnej przy ul. H. Sienkiewicza, wyremontowane baseny &#8211; odkryty MOSiR przy ul. L. Solskiego i J. Kusoci\u0144skiego oraz kryty w hali sportowo-widowiskowej MOSiR. Wyra\u017anie rozwija\u0142 si\u0119 Szpital Powiatowy, m.in. utworzono Oddzia\u0142 Urologiczny i uruchomiono pracowni\u0119 tomografii komputerowej. Dla wzmocnienia marki Mielca jako \u201elotniczego miasta\u201d wyeksponowano sztandarowe produkty WSK Mielec: samolot Iskra na terenach zielonych MOSiR i samolot An-2 obok ronda przy wje\u017adzie do miasta od strony zachodniej. 14 XII Biskup tarnowski Wiktor Skworc po\u015bwi\u0119ci\u0142 nowy ko\u015bci\u00f3\u0142 \u015bw. Marka Ewangelisty w osiedlu Rzoch\u00f3w. Rok 2004 rozpocz\u0119to od oddania do u\u017cytku nowej hali sportowej przy Gimnazjum nr 2. Przykr\u0105 wiadomo\u015bci\u0105 by\u0142o og\u0142oszenie upad\u0142o\u015bci sp\u00f3\u0142ki \u201eMelex\u201d \u2013 jednej z \u201ewizerunkowych\u201d firm mieleckich. (Kilka miesi\u0119cy p\u00f3\u017aniej uratuj\u0105 j\u0105 Andrzej i Dorota Tyszkiewiczowie.) W dniach 2-3 V zorganizowano uroczysto\u015bci z okazji wst\u0105pienia Polski do Unii Europejskiej. Wzi\u0119\u0142y w nich udzia\u0142 delegacje miast partnerskich Mielca. Fina\u0142em uroczysto\u015bci by\u0142 I Unijny Piknik Lotniczy na lotnisku. W zwi\u0105zku z rozwojem budownictwa indywidualnego na terenie osiedla Smoczka kilku ulicom nadano nazwy. W ostatnich dniach lipca wyla\u0142a Wis\u0142oka, ale nie by\u0142o wi\u0119kszych szk\u00f3d. Od roku szkolnego i akademickiego 2004\/2005 rozpocz\u0119\u0142y dzia\u0142alno\u015b\u0107 Niepubliczna Szko\u0142a Mistrzostwa Sportowego im. Grzegorza Lato oraz Nauczycielskie Kolegium J\u0119zyk\u00f3w Obcych. Obie szko\u0142y zosta\u0142y ulokowane w Zespole Szk\u00f3\u0142 Og\u00f3lnokszta\u0142c\u0105cych nr 1 przy ul. Cz. Ta\u0144skiego. 30 IX Mielec otrzyma\u0142 certyfikat \u201eGmina Fair Play 2004\u201d za ca\u0142okszta\u0142t dzia\u0142alno\u015bci samorz\u0105du miejskiego. Handlowym wydarzeniem tego roku by\u0142o otwarcie pierwszego w Mielcu hipermarketu TESCO (29 X). Wi\u0119ksze mo\u017cliwo\u015bci wyjazd\u00f3w zagranicznych, zw\u0142aszcza do pa\u0144stw UE, spowodowa\u0142y dalszy spadek liczby mieszka\u0144c\u00f3w miasta. Wed\u0142ug GUS 31 XII 2004 r. Mielec zamieszkiwa\u0142o 61 288 os\u00f3b. Rok 2005 w Mielcu cechowa\u0142 si\u0119 zmienno\u015bci\u0105 nastroj\u00f3w spo\u0142ecznych. Na pocz\u0105tku roku nadesz\u0142a wiadomo\u015b\u0107 o mo\u017cliwo\u015bci kolejnej podr\u00f3\u017cy papie\u017ca Jana Paw\u0142a II do Polski i spotkania z wiernymi m.in. w Mielcu. Plany te wkr\u00f3tce okaza\u0142y si\u0119 nierealne. Po ci\u0119\u017ckiej chorobie Ojciec \u015awi\u0119ty zmar\u0142, co przyj\u0119to z ogromnym \u017calem. W Mielcu odby\u0142o si\u0119 wiele nabo\u017ce\u0144stw i miejska Msza \u015awi\u0119ta \u017ca\u0142obna. Rada Miejska nada\u0142a nowej ulicy wjazdowej do Mielca od strony zachodniej nazw\u0119 \u201eAleje Jana Paw\u0142a II\u201d, a Szko\u0142a Podstawowa nr 11 przyj\u0119\u0142a imi\u0119 Jana Paw\u0142a II. Otwarciem nowych mo\u017cliwo\u015bci dla rozwoju przemys\u0142u by\u0142o utworzenie przez Rad\u0119 Miejsk\u0105 Mieleckiego Parku Przemys\u0142owego na dw\u00f3ch obszarach (lotnisko, osiedle Wojs\u0142aw). Na prze\u0142omie sierpnia i wrze\u015bnia w Polskich Zak\u0142adach Lotniczych mia\u0142 miejsce strajk na tle ekonomicznym. 10 IX po tragicznym wypadku m\u0142odego motocyklisty przez dwa dni trwa\u0142y zamieszki uliczne, wywo\u0142ywane przez m\u0142odych m\u0119\u017cczyzn. P\u00f3\u017an\u0105 jesieni\u0105 zako\u0144czono budow\u0119 tzw. obwodnicy wewn\u0119trznej miasta poprzez oddanie do u\u017cytku ul. S. Padyku\u0142y i Alej Jana Paw\u0142a II. To rozwi\u0105zanie komunikacyjne\u00a0w znacz\u0105cym zakresie zmniejszy\u0142o ruch pojazd\u00f3w centralnymi osiedlami mieszkaniowymi Mielca. Wa\u017cnym wydarzeniem by\u0142a uroczysto\u015b\u0107 10-lecia funkcjonowania SSE EUROPARK MIELEC (15 XI). Efektami jej dzia\u0142alno\u015bci w latach 1994-2004 by\u0142y m.in.: 71 wydanych zezwole\u0144 dla inwestor\u00f3w, 2,24 mld z\u0142 nak\u0142ad\u00f3w inwestycyjnych i 11 588 miejsca pracy (w tym 78,5 % nowych). Te i inne wska\u017aniki, znacznie wy\u017csze od planowanych, wp\u0142yn\u0119\u0142y na wyra\u017ane o\u017cywienie \u017cycia gospodarczego i spo\u0142ecznego Mielca i jego subregionu. W 2006 r. nast\u0105pi\u0142 ci\u0105g bardzo wa\u017cnych dla miasta wydarze\u0144. Miejskie Przedsi\u0119biorstwo Gospodarki Komunalnej podpisa\u0142o umow\u0119 z firm\u0105 SKANSKA na budow\u0119 oczyszczalni \u015bciek\u00f3w (III) i kilka miesi\u0119cy potem na budowie wmurowano akt erekcyjny i kamie\u0144 w\u0119gielny. Biskup tarnowski Wiktor Skworc konsekrowa\u0142 ko\u015bci\u00f3\u0142 Ducha \u015awi\u0119tego. ARP w Warszawie, Polskie Zak\u0142ady Lotnicze i ameryka\u0144ska firma Sikorsky Aircraft Company podpisa\u0142y Memorandum of Understanding, a nast\u0119pnie Amerykanie zakupili mieleck\u0105 fabryk\u0119 samolot\u00f3w (18 XII). Utworzono nowy wa\u017cny ci\u0105g komunikacyjny poprzez przed\u0142u\u017cenie ulic W. Szafera i Powsta\u0144c\u00f3w Warszawy. Decyzj\u0105 papie\u017ca Benedykta XVI ko\u015bci\u00f3\u0142 parafialny \u015bw. Mateusza zosta\u0142 podniesiony do godno\u015bci bazyliki mniejszej (21 IX). Rada Miejska przyj\u0119\u0142a \u201eLokalny Program Rewitalizacji dla Miasta Mielca\u201d. Ciekawostk\u0105 roku by\u0142o powstanie pierwszej w Mielcu elektrowni wiatrowej. Nie brakowa\u0142o te\u017c k\u0142opot\u00f3w. Zamkni\u0119to i rozebrano k\u0142adk\u0119 nad rzek\u0105 Wis\u0142ok\u0105. Lekarze strajkowali w ramach Og\u00f3lnopolskiego Strajku Lekarzy (III-IV). Dwukrotnie wyla\u0142a Wis\u0142oka, powoduj\u0105c wiele szk\u00f3d (IV, VI). Rok 2007 r. rozpocz\u0105\u0142 si\u0119 od wielkiej wichury, kt\u00f3ra spowodowa\u0142a du\u017ce straty materialne (18-19 I). Nadal protestowa\u0142o \u015brodowisko lekarskie, a apogeum kryzysu nast\u0105pi\u0142o 1 X, kiedy po rezygnacji z pracy lekarzy rozpocz\u0119to ewakuacj\u0119 pacjent\u00f3w z mieleckiego szpitala do innych plac\u00f3wek szpitalnych. Ostatecznie uda\u0142o si\u0119 znale\u017a\u0107 kompromis i po ponownym zatrudnieniu lekarzy jeszcze w pa\u017adzierniku przywr\u00f3cono normaln\u0105 dzia\u0142alno\u015b\u0107 szpitala. Mimo tych powa\u017cnych perturbacji, w rankingu polskich szpitali, sporz\u0105dzonym przez gazet\u0119 \u201eRzeczpospolita\u201d, mielecki sklasyfikowano na 22. miejscu w kraju i 1. w wojew\u00f3dztwie podkarpackim. Wyra\u017anie rozwija\u0142o si\u0119 budownictwo indywidualne, a dla jego potrzeb nadano patronat kilku nowym ulicom na osiedlach Smoczka i Wojs\u0142aw. Pocz\u0105tek roku 2008 r. by\u0142 dla mielczan przykry, bowiem 24 I og\u0142oszono upad\u0142o\u015b\u0107 Wytw\u00f3rni Silnik\u00f3w \u201ePZL-Mielec\u201d &#8211; sukcesorki jednego z dawnych filar\u00f3w WSK, a dzie\u0144 p\u00f3\u017aniej zako\u0144czy\u0142o dzia\u0142alno\u015b\u0107 mieleckie Radio Puls FM. Kolejne miesi\u0105ce by\u0142y jednak znacznie pomy\u015blniejsze. Rozw\u00f3j mieleckiego rynku pracy spowodowa\u0142 spadek stopy bezrobocia do 9,7 % &#8211; najni\u017cszej po 1990 r. Szpital Powiatowy uruchomi\u0142 nowy Oddzia\u0142 Neurochirurgiczny. Gmina Miejska Mielec zosta\u0142a laureatem og\u00f3lnopolskiego rankingu \u201eEuropejskie Miasto \u2013 Europejska Gmina\u201d (za wysoko\u015b\u0107 pozyskiwanych funduszy UE). Ochotnicze Stra\u017ce Po\u017carne z powiatu mieleckiego zaprezentowa\u0142y si\u0119 na alei Niepodleg\u0142o\u015bci w czasie uroczysto\u015bci plenerowej z okazji 140-lecia zorganizowanej ochrony przeciwpo\u017carowej w Mielcu. W plebiscycie rzeszowskiej gazety codziennej \u201eNowiny\u201d czytelnicy wybrali na \u201eSymbol Podkarpacia\u201d mielecki pojazd elektryczny \u201eMelex\u201d. Z okazji 70-lecia powstania przemys\u0142u lotniczego w Mielcu zorganizowano cykl imprez, w tym Rodzinny Piknik Lotniczy i Air Show na lotnisku. 24 IX oficjalnie uruchomiono now\u0105 miejsk\u0105 oczyszczalni\u0119 \u015bciek\u00f3w \u2013 najdro\u017csz\u0105 w historii miasta inwestycj\u0119 komunaln\u0105. Nadal intensywnie budowano, a kolejnych osiem nowych ulic na osiedlu Smoczka otrzyma\u0142o nazwy. W\u015br\u00f3d uko\u0144czonych inwestycji miejskich wyr\u00f3\u017cni\u0142y si\u0119 dwa kompleksy sportowe na osiedlu Lotnik\u00f3w przy Zespole Szk\u00f3\u0142 Og\u00f3lnokszta\u0142c\u0105cych nr 1 i Szkole Podstawowej nr 9. Og\u0142aszany w mediach kryzys gospodarczy, zw\u0142aszcza w Europie, dotar\u0142 do Mielca w 2009 r. Jego skutkiem by\u0142y zwolnienia w wielu firmach i w konsekwencji rosn\u0105ca stopa bezrobocia (z 9,7 % w 2008 r. do 12,6 % w 2009 r.). Dla z\u0142agodzenia k\u0142opot\u00f3w firm Rada Miejska m.in. obni\u017cy\u0142a podatek od nieruchomo\u015bci. By\u0142y te\u017c wydarzenia napawaj\u0105ce optymizmem. Polskie Zak\u0142ady Lotnicze rozpocz\u0119\u0142y wysy\u0142anie samolot\u00f3w M-28 Skytruck dla ameryka\u0144skiego wojska, a nast\u0119pnie zaprezentowa\u0142y pierwsz\u0105 wyprodukowan\u0105 w Mielcu kabin\u0119 \u015bmig\u0142owca Black Hawk. W maju mielecki szpital wyleczy\u0142 pierwszy w Polsce przypadek zachorowania na gro\u017an\u0105 chorob\u0119 A-H1N1 (tzw. \u201e\u015bwi\u0144sk\u0105 gryp\u0119\u201d). W czerwcu prezydent Janusz Chodorowski odebra\u0142 statuetk\u0119 God\u0142a Promocyjnego \u201eTeraz Polska\u201d dla miasta Mielca w czasie gali w Teatrze Wielkim w Warszawie. P\u00f3\u017aniej nastr\u00f3j pogorszy\u0142y niespodziewane wydarzenia: zawieszenie od 31 VIII ostatniego przeje\u017cd\u017caj\u0105cego przez Mielec osobowego poci\u0105gu pospiesznego \u201eHetman\u201d, pierwszy po II wojnie \u015bwiatowej napad na bank w Mielcu oraz du\u017ce opady \u015bniegu (14-16 X), kt\u00f3re spowodowa\u0142y sporo zniszcze\u0144 i k\u0142opoty komunikacyjne. Wa\u017cnym dla mieleckiej edukacji momentem by\u0142o rozpocz\u0119cie dzia\u0142alno\u015bci przez Zamiejscowy O\u015brodek Dydaktyczny AGH Krak\u00f3w w Mielcu od roku akademickiego 2009\/2010, a istotnym wzbogaceniem bazy sportowo-rekreacyjnej \u2013 oddanie do u\u017cytku nowej p\u0142ywalni MOSiR przy ul. Powsta\u0144c\u00f3w Warszawy na osiedlu Smoczka. W roku 2010 prze\u017cywano ogromn\u0105 amplitud\u0119 nastroj\u00f3w. Pog\u0142\u0119bia\u0142a si\u0119 recesja gospodarcza, ros\u0142a nadal stopa bezrobocia. Z drugiej strony nie brakowa\u0142o osi\u0105gni\u0119\u0107. W marcu w Polskich Zak\u0142adach Lotniczych odby\u0142 si\u0119 pokaz pierwszego \u015bmig\u0142owca Black Hawk S-70i wyprodukowanego w Mielcu, a w mieleckim szpitalu przeprowadzono pierwszy w Polsce zabieg wszczepienia endoprotezy z panewk\u0105 tytanow\u0105. 10 IV szok wywo\u0142a\u0142a wiadomo\u015b\u0107 o katastrofie lotniczej pod Smole\u0144skiem, w kt\u00f3rej zgin\u0119\u0142o 96 os\u00f3b, w tym prezydent RP Lech Kaczy\u0144ski i jego \u017cona Maria Kaczy\u0144ska, a tak\u017ce pose\u0142 z Mielca Leszek Deptu\u0142a. W uroczysto\u015bciach pogrzebowych uczestniczy\u0142o wielu mielczan. W maju i czerwcu dwukrotnie wyla\u0142a Wis\u0142oka, powoduj\u0105c du\u017ce zniszczenia i straty materialne. 1 VII w West Palm Beach na Florydzie (USA) odby\u0142 si\u0119 historyczny i pomy\u015blny pierwszy lot \u015bmig\u0142owca S-70i Black Hawk wyprodukowanego w Polskich Zak\u0142adach Lotniczych w Mielcu, a wkr\u00f3tce potem podpisano pierwszy kontrakt na \u015bmig\u0142owce S-70i wyprodukowane w mieleckiej fabryce. Spo\u015br\u00f3d inwestycji tego roku szczeg\u00f3lnie wa\u017cne by\u0142o rozpocz\u0119cie projektu \u201ePrzywr\u00f3cenie historycznej funkcji centrum handlowo-rekreacyjnego miasta Mielca zabytkowemu \u015br\u00f3dmie\u015bciu z rynkiem i bazylik\u0105 mn. \u015bw. Mateusza\u201d, a m\u0142odzie\u017c rado\u015bnie przyj\u0119\u0142a na pocz\u0105tku lipca przebudowany i zmodernizowany zesp\u00f3\u0142 basen\u00f3w odkrytych MOSiR przy ul. J. Kusoci\u0144skiego. Okazj\u0105 do bilansu osi\u0105gni\u0119\u0107 SSE EURO-PARK Mielec by\u0142a uroczysto\u015b\u0107 15-lecia jej funkcjonowania. Mimo widocznego kryzysu gospodarczego mielecka strefa zosta\u0142a oceniona bardzo dobrze,\u00a0a wypracowane efekty okaza\u0142y si\u0119 znacznie wi\u0119ksze od planowanych. Listopadowe Narodowe \u015awi\u0119to Niepodleg\u0142o\u015bci wzbogacono\u00a0o widowisko historyczne z okazji 540. rocznicy lokacji miasta Mielca. Wiele pozytywnych emocji wywo\u0142a\u0142 pierwszy w Mielcu (i w Polsce) lot \u015bmig\u0142owca S-70i Black Hawk wykonanego w Polskich Zak\u0142adach Lotniczych. Akceptacj\u0119 dotychczasowej dzia\u0142alno\u015bci prezydenta Janusza Chodorowskiego na rzecz systematycznego rozwoju Mielca wyrazili mielczanie, wybieraj\u0105c go po raz pi\u0105ty na t\u0119 funkcj\u0119. Na pocz\u0105tku roku 2011 celem wycieczek mielczan by\u0142 legendarny stadion FKS Stal Mielec, bowiem rozpocz\u0119to jego przebudow\u0119 i modernizacj\u0119. Z r\u00f3wnie wielkim zainteresowaniem \u015bledzono budow\u0119 prawostronnego obwa\u0142owania rzeki Wis\u0142oki oraz ci\u0105g\u00f3w komunikacyjnych na terenie wa\u0142u. Dobra passa miasta trwa\u0142a ca\u0142y rok. Nie wydarzy\u0142o si\u0119 te\u017c nic tragicznego, ale dla wielu mieleckich rodzin kilkunastoprocentowa stopa bezrobocia oznacza\u0142a trudne \u017cycie. Szczeg\u00f3lnie znacz\u0105cymi wydarzeniami by\u0142y: przekazanie zmodernizowanego budynku dla Zamiejscowego O\u015brodka Dydaktycznego AGH, otwarcie Galerii Handlowej Aura, rozpocz\u0119cie produkcji w fabryce firmy Husquarna (pierwszej w Polsce), konsekracja ko\u015bcio\u0142a Matki Bo\u017cej Nieustaj\u0105cej Pomocy, otwarcie nowego dworca autobusowego, plenerowe koncerty piosenkarki Dody (40 tysi\u0119cy widz\u00f3w) w ramach \u201eDni Mielca\u201d i zespo\u0142u \u201eGenesis Klassik\u201d w finale XIV Mi\u0119dzynarodowego Festiwalu Muzycznego na placu AK, oddanie do u\u017cytku zmodernizowanego rynku Starego Mielca i uroczysto\u015b\u0107 \u201eMielecki Rynek otwarty na XXI wiek\u201d, otwarcie \u201eJadern\u00f3wki\u201d \u2013 unikatowej fotograficznej filii Muzeum Regionalnego, oddanie do u\u017cytku wyremontowanego wiaduktu i zmodernizowanej ul. Wolno\u015bci (najd\u0142u\u017cszej w Mielcu) oraz heliportu przy Szpitalu Powiatowym. Szczeg\u00f3lnym wyrazem uznania dla polityki gospodarczej samorz\u0105du miasta by\u0142o I miejsce i Z\u0142ota Statuetka w og\u00f3lnopolskim konkursie \u201eSamorz\u0105d Przyjazny Przedsi\u0119biorczo\u015bci\u201d. Prawdziwym ukoronowaniem szcz\u0119\u015bliwego roku by\u0142y uroczysto\u015bci w dniu 15 XI, w czasie kt\u00f3rych biskup tarnowski dr Wiktor Skworc przekaza\u0142 decyzj\u0119 Stolicy Apostolskiej o obwo\u0142aniu Matki Bo\u017cej Nieustaj\u0105cej Pomocy patronk\u0105 miasta Mielca. (Sta\u0142o si\u0119 to na wniosek TMZM i Rady Miejskiej.) Pozytywnie zapisa\u0142 si\u0119 w historii miasta tak\u017ce rok 2012, a do tego zn\u00f3w zacz\u0119\u0142a zmniejsza\u0107 si\u0119 stopa bezrobocia, z 15,1 % w 2011 r. do 13,9 %. Du\u017cym zainteresowaniem m\u0142odzie\u017cy cieszy\u0142 si\u0119 styczniowy Festiwal Nauki i Techniki, zorganizowany przez CKPiDN i MARR SA. Festiwalowi towarzyszy\u0142y obchody 20-lecia Agencji Rozwoju Regionalnego MARR SA. W dynamicznie rozwijaj\u0105cym si\u0119 Szpitalu Powiatowym uruchomiono nowy Oddzia\u0142 Chirurgii Naczyniowej. W kwietniu popisa\u0142a si\u0119 mielecka m\u0142odzie\u017c. Zesp\u00f3\u0142 uczni\u00f3w z II Liceum Og\u00f3lnokszta\u0142c\u0105cego im.\u00a0M. Kopernika wygra\u0142 og\u00f3lnopolski etap konkursu \u201eOdyseja Umys\u0142u\u201d i p\u00f3\u017aniej z powodzeniem (2. miejsce w rywalizacji spontanicznej, 15. w klasyfikacji generalnej) reprezentowa\u0142 Polsk\u0119 w \u015bwiatowym finale w Iowa State University (USA), a na podstawie wynik\u00f3w centralnego Turnieju Budowlanego \u201eZ\u0142ota Kielnia\u201d w Piotrkowie Trybunalskim Zesp\u00f3\u0142 Szk\u00f3\u0142 Budowlanych im. \u017bo\u0142nierzy AK\u00a0w Mielcu zosta\u0142 uznany za najlepsz\u0105 w Polsce szko\u0142\u0119 kszta\u0142c\u0105c\u0105 w zawodach budowlanych. Historyczn\u0105 chwil\u0105 by\u0142o przekazanie 26 IV przez Podkarpacki Zarz\u0105d Dr\u00f3g Wojew\u00f3dzkich placu budowy I etapu obwodnicy Mielca (od drogi wojew\u00f3dzkiej Mielec-Kolbuszowa do drogi powiatowej Mielec-Szyd\u0142owiec) wykonawcy \u2013 firmie \u201eBudimex\u201d. Chwile rado\u015bci prze\u017cyli kibice sportowi, kiedy dru\u017cyna pi\u0142ki r\u0119cznej m\u0119\u017cczyzn Tauron Stal Mielec zdoby\u0142a br\u0105zowy medal Mistrzostw Polski. 3 VI nast\u0105pi\u0142o kolejne wielkie wydarzenie w \u017cyciu mieleckiej spo\u0142eczno\u015bci katolickiej, bowiem nowy biskup tarnowski ks. dr Andrzej Je\u017c dokona\u0142 konsekracji ko\u015bcio\u0142a Tr\u00f3jcy Przenaj\u015bwi\u0119tszej na osiedlu Smoczka. Spore zainteresowanie w polskich mediach i \u015brodowisku lotniczym wywo\u0142a\u0142a prezentacja modelu sylwetkowego samolotu bombowego PZL 37 \u0141o\u015b, zbudowanego w skali 1:1 przez pracownik\u00f3w PZL Mielec. Jesieni\u0105 zako\u0144czono kolejne inwestycje, m.in. przebudow\u0119 i modernizacj\u0119 stadionu MOSiR przy ul. Warszawskiej (dawniej \u201eGryf\u201d), osiedle socjalne w pobli\u017cu osiedla Rzoch\u00f3w i budow\u0119 kilku dalszych ulic. Kolejne nowo\u015bci wprowadzi\u0142 Szpital Powiatowy, m.in. uruchomi\u0142 pracowni\u0119 angiografii przy Oddziale Naczyniowym, a w Polsko-Ameryka\u0144skiej Klinice Serca w tym\u017ce Szpitalu przeprowadzono pierwsze w wojew\u00f3dztwie podkarpackim zabiegi leczniczego wszczepienia rusztowa\u0144 bioresorbowalnych ABSORB. Wiele wzrusze\u0144 i refleksji wywo\u0142a\u0142y uroczysto\u015bci 100-lecia dawnego gmachu gimnazjalnego \u2013 obecnie Zespo\u0142u Szk\u00f3\u0142 im. prof. J. Groszkowskiego i 45-lecia Technikum Elektrycznego, a p\u00f3\u017aniej 100-lecie bursy gimnazjalnej i kaplicy \u015bw. Stanis\u0142awa Kostki. Efektownym zako\u0144czeniem roku by\u0142o otwarcie Regionalnego Centrum Transferu Nowoczesnych Technologii Wytwarzania przy ul. Wojska Polskiego 2 B (inauguracj\u0105 dzia\u0142alno\u015bci by\u0142 Podkarpacki Festiwal Nauki i Techniki) i uruchomienie przez Polskie Zak\u0142ady Lotnicze nowoczesnego Centrum Bada\u0144 i Pr\u00f3b Statk\u00f3w Powietrznych. Rok 2013 rozpocz\u0105\u0142 si\u0119 bez wi\u0119kszych niespodzianek. W marcu z zadowoleniem przyj\u0119to wiadomo\u015bci o sprzeda\u017cy 5 \u015bmig\u0142owc\u00f3w S-70i do Kolumbii oraz o zdobyciu z\u0142otego medalu przez ch\u00f3r mieleckiego II LO na Mi\u0119dzynarodowym Festiwalu Ch\u00f3r\u00f3w w Petersburgu. \u00a0 W kwietniu Gmina Miejska sta\u0142a si\u0119 w\u0142a\u015bcicielem lotniska. Wydarzeniami kulturalnymi pierwszego p\u00f3\u0142rocza by\u0142y: spotkanie delegacji miast partnerskich w ramach Europejskiej Akademii Obywatelskiej (9-12 V) i plenerowy koncert szkockiej grupy Red Hot Chilli Pipers inauguruj\u0105cy 16. Mi\u0119dzynarodowy Festiwal Muzyczny. Kibice sportowi byli najpierw \u015bwiadkami degrengolady siatk\u00f3wki kobiecej i zako\u0144czenia dzia\u0142alno\u015bci przez zesp\u00f3\u0142 Stali (po wielu latach pobytu w ekstraklasie), a nast\u0119pnie awansu pi\u0142karzy no\u017cnych FKS Stal do II ligi. W maju mielecki senator W\u0142adys\u0142aw Ortyl zosta\u0142 wybrany na marsza\u0142ka wojew\u00f3dztwa podkarpackiego, po odwo\u0142aniu dot\u0105d urz\u0119duj\u0105cego Miros\u0142awa Karapyty. Z okazji 75-lecia przemys\u0142u lotniczego w Mielcu 17 VIII zorganizowano Jubileuszowy Piknik Lotniczy. Dwa tygodnie p\u00f3\u017aniej oddano do u\u017cytku przebudowany stadion miejski (dawniej FKS Stal). Znakiem czasu by\u0142o powstanie klubu futbolu ameryka\u0144skiego Aviators. Wielk\u0105 niespodziank\u0105 by\u0142o zdobycie przez m\u0142odego mielczanina Jakuba Kip\u0119 tytu\u0142u mistrza \u015bwiata w uk\u0142adaniu stopami kostki Rubika\u00a0w Las Vegas (USA). Z dniem 31 XII zaprzestano przyjmowania odpad\u00f3w na sk\u0142adowisko odpad\u00f3w komunalnych. Odt\u0105d odpady z Mielca wywo\u017cono do Regionalnej Instalacji Gospodarki Odpadami Komunalnymi (RIGOK) w Kozodrzy ko\u0142o Ropczyc. Rok 2014 r. obfitowa\u0142 w niecodzienne wydarzenia. Z okazji \u015awiatowego Dnia Chorego (10 II) jednym z laureat\u00f3w Nagrody \u015awi\u0119tego Kamila zosta\u0142a mielecka Fundacja SOS \u017bycie. Powiatowe Centrum Pomocy Rodzinie przenios\u0142o si\u0119 do nowej siedziby przy ul. S. \u017beromskiego. Od lutego rozpocz\u0119\u0142o dzia\u0142alno\u015b\u0107 mieleckie studio Radia Leliwa. Rada Miejska uchwali\u0142a wprowadzenie Karty Rodziny Trzy Plus. W Dniu Kobiet odby\u0142 si\u0119 zjazd Krystyn z Podkarpacia i innych region\u00f3w. Na lotnisku spali\u0142y si\u0119 przechowywane tam kontenery (tzw. domki dla powodzian), a po meczu pi\u0142karskim Stal Mielec \u2013 Stal Stalowa Wola wybuch\u0142y zamieszki, w wyniku kt\u00f3rych powsta\u0142y spore straty materialne na terenie miasta. W wyborach do Parlamentu Europejskiego mandat zdoby\u0142 ponownie mielczanin Tomasz Por\u0119ba (PiS). Pod koniec maja w ko\u015bciele Ducha \u015awi\u0119tego odby\u0142o si\u0119 spotkanie cudownie uzdrowionej za wstawiennictwem \u015bw. Jana Paw\u0142a II kostaryka\u0144skiej prawniczki Floribethy Mory Diaz z mieszka\u0144cami Mielca.\u00a0W czerwcu og\u0142oszono upad\u0142o\u015b\u0107 firmy Leopard Automobil Mielec \u2013 producenta ekskluzywnych samochod\u00f3w. Sierpie\u0144 przyni\u00f3s\u0142 sukces firmie Ankol, kt\u00f3ra na mi\u0119dzynarodowej konwencji w Honolulu (Hawaje, USA) otrzyma\u0142a presti\u017cow\u0105 nagrod\u0119 \u015awiatowej Konfederacji Przedsi\u0119biorc\u00f3w. W tym czasie oddano do u\u017cytku drog\u0119 \u0142\u0105cz\u0105c\u0105 mieleckie \u015br\u00f3dle\u015bne osiedle \u0141u\u017ce z drog\u0105 wojew\u00f3dzk\u0105 Mielec-Kolbuszowa. Wydarzeniem kulturalnym by\u0142 koncert Ch\u00f3ru Filharmonii Krakowskiej i Orkiestry Akademii Beethovenowskiej pod dyrekcj\u0105 Krzysztofa Pendereckiego w ko\u015bciele Matki Bo\u017cej Nieustaj\u0105cej Pomocy. We wrze\u015bniu otwarto Park Le\u015bny na G\u00f3rze Cyranowskiej. Now\u0105 siedzib\u0119 otrzyma\u0142a Powiatowa Stacja Pogotowia Ratunkowego. Elektrociep\u0142ownia odda\u0142a do eksploatacji now\u0105 instalacj\u0119 redukuj\u0105c\u0105 emisj\u0119 py\u0142u. W mieleckich parafiach odby\u0142y si\u0119 uroczysto\u015bci zwi\u0105zane z peregrynacj\u0105 obrazu Jezusa Mi\u0142osiernego oraz relikwii \u015bw. siostry Faustyny i \u015bw. Jana Paw\u0142a II. W listopadowych wyborach samorz\u0105dowych do Rady Powiatu Mieleckiego i Rady Miejskiej zdecydowanie zwyci\u0119\u017cy\u0142 PiS, ale na prezydenta Mielca wybrano Daniela Kozd\u0119b\u0119, popieranego przez SLD. \u00a0Tym samym zako\u0144czy\u0142a si\u0119 jedna z najd\u0142u\u017cszych prezydentur miast w Polsce (Janusz Chodorowski sprawowa\u0142 funkcj\u0119 prezydenta przez 20 lat.) W grudniu lotnisko uzyska\u0142o certyfikat potwierdzaj\u0105cy wymogi Urz\u0119du Lotnictwa Cywilnego, a na rynku stan\u0119\u0142a rze\u017aba gryfa \u2013 znaku rodowego za\u0142o\u017cycieli Mielca \u2013 Gryfit\u00f3w. Wielkie emocje towarzyszy\u0142y zg\u0142oszeniu przez Polskie Zak\u0142ady Lotnicze \u015bmig\u0142owca Black Hawk (produkowanego w Mielcu) do przetargu na \u015bmig\u0142owce dla polskiej armii. Rok 2015 rozpocz\u0119to plenerow\u0105 imprez\u0105 sylwestrow\u0105 na placu AK. W styczniu Starostwo Powiatowe przeprowadzi\u0142o si\u0119 do nowej siedziby przy ul. S. Wyspia\u0144skiego 6. Strajkowa\u0142y piel\u0119gniarki i po negocjacjach podpisano porozumienie o podwy\u017ckach i zwolnieniach. Bud\u017cet miasta po raz pierwszy od denominacji z\u0142otego (1994) przekroczy\u0142 200 milion\u00f3w z\u0142otych. 17 II utworzono Jednostk\u0119 Strzeleck\u0105 nr 2093 im. gen. broni W\u0142adys\u0142awa Sikorskiego z siedzib\u0105 w Mielcu Zwi\u0105zku Strzeleckiego \u201eStrzelec\u201d J\u00f3zefa Pi\u0142sudskiego. W kwietniu Polskie Zak\u0142ady Lotnicze i produkowany przez nie \u015bmig\u0142owiec Black Hawk przegra\u0142y przetarg na \u015bmig\u0142owce dla polskiej armii, a konsekwencj\u0105 tego by\u0142o zwolnienie oko\u0142o 500 pracownik\u00f3w. Liczne protesty w sprawie niejasno\u015bci w przetargu, organizowane g\u0142\u00f3wnie przez NSZZ \u201eSolidarno\u015b\u0107\u201d, nie da\u0142y efektu. W cieniu tych wydarze\u0144 narasta\u0142 protest mieszka\u0144c\u00f3w Mielca i okolic przeciwko powtarzaj\u0105cemu si\u0119 zatruwaniu \u015brodowiska (g\u0142\u00f3wnie powietrza), a zw\u0142aszcza dzia\u0142alno\u015bci firmy Kronospan. 8 VI Mielec ponownie otrzyma\u0142 God\u0142o Promocyjne \u201eTeraz Polska\u201d. Ciekawostk\u0105 lata by\u0142o pobicie rekordu \u015bwiata w szybko\u015bci uk\u0142adania kostki Rubika stopami przez m\u0142odego mielczanina Jakuba Kip\u0119. Z niepokojem o dalszy los Polskich Zak\u0142ad\u00f3w Lotniczych \u00a0przyj\u0119to wiadomo\u015b\u0107 o zamiarze zakupienia firmy Sikorsky przez Lockheed Martin. W lipcu Rada Miejska po raz pierwszy uchwali\u0142a przeznaczenie cz\u0119\u015bci bud\u017cetu miasta w 2016 r. na tzw. bud\u017cet obywatelski. Lato by\u0142o bardzo ciep\u0142e i suche. Przez wiele dni temperatura przekracza\u0142a 30 stopni C. Niski stan wody w Wis\u0142oce nie wp\u0142yn\u0105\u0142 jednak znacz\u0105co na funkcjonowanie wodoci\u0105gu miejskiego. 13 VIII otwarto obwodnic\u0119 Mielca. Bogaty w wydarzenia by\u0142 wrzesie\u0144. Na lotnisku odby\u0142y si\u0119 I Podkarpackie Pokazy Lotnicze \u201eNa skrzyd\u0142ach funduszy europejskich\u201d, a nieco p\u00f3\u017aniej \u2013 uroczysto\u015b\u0107 20-lecia dzia\u0142alno\u015bci SSE EURO-PARK MIELEC. 110 rocznic\u0119 najstarszej szko\u0142y \u015bredniej w Mielcu \u2013 I Liceum Og\u00f3lnokszta\u0142c\u0105cego im. S. Konarskiego \u2013 uczczono specjaln\u0105 uroczysto\u015bci\u0105 i oddaniem do u\u017cytku przebudowanego szkolnego boiska sportowego. Z kolei Fundacja SOS \u201e\u017bycie\u201d upami\u0119tni\u0142a swoje 25-lecie konferencj\u0105 po\u015bwi\u0119con\u0105 profilaktyce chor\u00f3b nowotworowych, zorganizowan\u0105 w Podkarpackim Urz\u0119dzie Marsza\u0142kowskim w Rzeszowie. 6 XI Lockheed Martin oficjalnie potwierdzi\u0142 zakupienie firmy Sikorsky Aircraft Corporation i znajduj\u0105cych si\u0119 w jej strukturze organizacyjnych Polskich Zak\u0142ad\u00f3w Lotniczych. Na podstawie uchwa\u0142y Rady Powiatu Mieleckiego pomnik Wdzi\u0119czno\u015bci stoj\u0105cy od 1953 r. przed d. Domem Partii, a p\u00f3\u017aniej Starostwa Powiatowego, zosta\u0142 zdemontowany i przewieziony do siedziby Fundacji Minionej Epoki w Rudzie \u015al\u0105skiej. W dniach 5-6 XII w hali sportowo-widowiskowej MO i SiR odby\u0142o si\u0119 m\u0142odzie\u017cowe Diecezjalne Spotkanie Synaj. Uroczystej Mszy \u015awi\u0119tej przewodniczy\u0142 biskup Stanis\u0142aw Salaterski. W uroczysto\u015bci wzi\u0119\u0142o udzia\u0142 ok. 2,5 tys. m\u0142odzie\u017cy. By\u0142a to ostatnia du\u017ca uroczysto\u015b\u0107 w hali przed decyzj\u0105 o jej zamkni\u0119ciu. Po wielu protestach mielczan przeciwko zatruwaniu powietrza przez Kronospan &#8211; prezydent miasta Mielca Daniel Kozd\u0119ba i przedstawiciel firmy Kronospan podpisali porozumienie o o\u015bmiokrotnym zmniejszeniu emisji zanieczyszcze\u0144 i poddaniu si\u0119 firmy niezapowiedzianym kontrolom 12 razy w roku. Oddano do u\u017cytku nowy Inkubator Przedsi\u0119biorczo\u015bci dla firm innowacyjnych przy ul. Wojska Polskiego. 23 XII w du\u017cym namiocie na placu AK odby\u0142a si\u0119 pierwsza w historii miasta &#8222;Wigilia dla samotnych i ubogich&#8221; z udzia\u0142em prezydenta Daniela Kozd\u0119by i proboszcza parafii Matki Bo\u017cej Nieustaj\u0105cej Pomocy ks. Kazimierza Czesaka. Na podstawie ekspertyzy rzeczoznawcy i decyzji prezydenta miasta Mielca Daniela Kozd\u0119by hala sportowo-widowiskowa MOSiR (czynna od 1963 r.) zosta\u0142a wy\u0142\u0105czona z u\u017cytkowania z dniem 31 XII 2015 r. Koncertem plenerowym i pokazem ogni sztucznych na placu AK powitano rok 2016. Wydarzeniem kulturalnym by\u0142 koncert kol\u0119d i pastora\u0142ek w wykonaniu ch\u00f3ru Pa\u0144stwowego Zespo\u0142u Ludowego Pie\u015bni i Ta\u0144ca &#8222;Mazowsze&#8221; w ko\u015bciele Ducha \u015awi\u0119tego. Z przykro\u015bci\u0105 przyj\u0119to wiadomo\u015b\u0107 o katastrofie lotniczej, w kt\u00f3rej zgin\u0105\u0142 Jeff Pino &#8211; prezes Sikorsky Aircraft w latach 2006-2012, kt\u00f3ry doprowadzi\u0142 do zakupienia Polskich Zak\u0142ad\u00f3w Lotniczych w Mielcu i wyprowadzenia ich &#8222;na prost\u0105&#8221;. Jeszcze wi\u0119ksz\u0105 tragedi\u0105 by\u0142a \u015bmier\u0107 w wypadku samochodowym pi\u0119ciu m\u0142odych pi\u0142karzy &#8211; wychowank\u00f3w Stali Mielec. 7 IV prezydent Daniel Kozd\u0119ba oficjalnie uruchomi\u0142 o\u015bwietlenie nawigacyjne mieleckiego lotniska, drugie &#8211; po lotnisku w Jasionce &#8211; w wojew\u00f3dztwie podkarpackim. Kilka dni p\u00f3\u017aniej odby\u0142y si\u0119 dwie wa\u017cne konferencje naukowe: w Pa\u0142acyku Oborskich &#8211; Muzeum Regionalnym z okazji 1050. rocznicy chrztu Polski oraz w restauracji &#8222;Imperium&#8221; z okazji 130. rocznicy urodzin prof. W\u0142adys\u0142awa Szafera. W Domu Kultury SCK otwarto wystaw\u0119 &#8222;Ostr\u00f3w Lednicki. U \u017ar\u00f3de\u0142 chrze\u015bcija\u0144stwa w Polsce&#8221; w ramach obchod\u00f3w 1050. rocznicy chrztu Polski. W maju, na 3 kolejki przed ko\u0144cem rozgrywek II ligi, dru\u017cyna pi\u0142ki no\u017cnej FKS Stal Mielec zapewni\u0142a sobie awans do I ligi. W czerwcu Rada Miejska podj\u0119\u0142a uchwa\u0142\u0119 o nadaniu rondu przy ul. Powsta\u0144c\u00f3w Warszawy, przy skrzy\u017cowaniu z ul. Zygmuntowsk\u0105, imienia rotmistrza Witolda Pileckiego. Od 21 do 26 VII w Mielcu przebywa\u0142o ponad 300 pielgrzym\u00f3w przygotowuj\u0105cych si\u0119 do \u015awiatowych Dni M\u0142odzie\u017cy w Krakowie. Mieleccy fani pi\u0142ki r\u0119cznej z rado\u015bci\u0105 powitali decyzj\u0119 o zakwalifikowaniu SPR Stal Mielec SA do rozgrywek zreformowanej zawodowej superligi (ekstraklasy) pi\u0142ki r\u0119cznej. Dwoje mielczan z LKS Stal Mielec reprezentowa\u0142o Polsk\u0119 na Igrzyskach Olimpijskich w Rio de Janeiro &#8211; 2016. Paulina Buziak zaj\u0119\u0142a 28. miejsce w chodzie na 20 km, a Rafa\u0142 Augustyn &#8211; 22. w chodzie na 50 km. Z kolei w Mistrzostwach \u015awiata Modeli Kosmicznych we Lwowie w reprezentacji Polski startowa\u0142o pi\u0119ciu mielczan, kt\u00f3rzy w r\u00f3\u017cnych konkurencjach wywalczyli 10 medali. Najwi\u0119kszy sukces osi\u0105gn\u0105\u0142 Wojciech Koszelski, kt\u00f3ry zdoby\u0142 tytu\u0142 mistrza \u015bwiata junior\u00f3w w klasie S7. By\u0142o te\u017c bardzo gro\u017anie, gdy na terenie SSE, w czasie przygotowywania miejsca pod inwestycje, znaleziono w ziemi ponad 150 pocisk\u00f3w artyleryjskich z czas\u00f3w\u00a0 II wojny \u015bwiatowej. W koncercie fina\u0142owym XIX Mi\u0119dzynarodowego Festiwalu Muzycznego (2 IX) na placu AK wyst\u0105pi\u0142a Edyta G\u00f3rniak. Tak\u017ce we wrze\u015bniu na terenach rekreacyjnych przy ul. Rzecznej odby\u0142y si\u0119 Do\u017cynki Powiatowe z udzia\u0142em delegacji wszystkich gmin powiatu mieleckiego. W pa\u017adzierniku Polskie Zak\u0142ady Lotnicze wizytowali premier Beata Szyd\u0142o i minister obrony narodowej Antoni Macierewicz. Bogaty w wydarzenia by\u0142 listopad. Firma Skanska rozpocz\u0119\u0142a rozbi\u00f3rk\u0119 hali sportowo-widowiskowej MOSiR. Otwarto galeri\u0119 Navigator. Zako\u0144czono przebudow\u0119 ulic Kazimierza Jagiello\u0144czyka i Stanis\u0142awa Padyku\u0142y. Ostatni miesi\u0105c roku by\u0142 r\u00f3wnie owocny. Podpisano porozumienie w sprawie budowy p\u00f3\u0142nocnej obwodnicy Mielca z nowym mostem na rzece Wis\u0142oce. Otwarto market Leroy Merlin przy ul. Powsta\u0144c\u00f3w Warszawy. Przy ko\u015bciele Tr\u00f3jcy Przenaj\u015bwi\u0119tszej odby\u0142a si\u0119 uroczysto\u015b\u0107 ods\u0142oni\u0119cia i po\u015bwi\u0119cenia pomnika b\u0142. ks. Jerzego Popie\u0142uszki. Spokojnie przebieg\u0142a pierwsza po\u0142owa 2017 r. Po raz pierwszy w historii Mielca zorganizowano &#8222;Orszak Trzech Kr\u00f3li&#8221; (6 I). W maju marsza\u0142ek wojew\u00f3dztwa podkarpackiego W\u0142adys\u0142aw Ortyl podpisa\u0142 umow\u0119 z firm\u0105 BUDIMEX na budow\u0119 drugiego mostu na rzece Wis\u0142oce. 13 VI biskup tarnowski dr Andrzej Je\u017c wr\u0119czy\u0142 nominacje na proboszcz\u00f3w. Z zwi\u0105zku z przej\u015bciem ks. Kazimierza Czesaka na emerytur\u0119 &#8211; kolejnym proboszczem parafii Matki Bo\u017cej Nieustaj\u0105cej Pomocy w Mielcu zosta\u0142 ks. dr Bogus\u0142aw Po\u0142e\u0107. W ostatnim dniu pierwszego p\u00f3\u0142rocza oficjalnie otwarto kino CINEMA3D w galerii Navigator przy ul. Powsta\u0144c\u00f3w Warszawy<strong>.\u00a0<\/strong>Wielkim wydarzeniem kulturalnym by\u0142 inauguracyjny koncert nowo powsta\u0142ej Mieleckiej Orkiestry Symfonicznej 8 X w sali widowiskowej Domu Kultury SCK.<strong>\u00a0<\/strong>19 X w ko\u015bciele Matki Bo\u017cej Nieustaj\u0105cej Pomocy i w Szkole Podstawowej nr 3 im. Wojska Polskiego odby\u0142a si\u0119 uroczysto\u015b\u0107 60-lecia szko\u0142y oraz po\u015bwi\u0119cenia i oddania do u\u017cytku nowej szkolnej sali gimnastycznej. W dniach 21 i 22 X Mielec go\u015bci\u0142 uczestnik\u00f3w V Og\u00f3lnopolskiego Zjazdu Agrolotnik\u00f3w. W ramach obchod\u00f3w 100. rocznicy odzyskania przez Polsk\u0119 niepodleg\u0142o\u015bci &#8211; na skwerze pomi\u0119dzy II Liceum Og\u00f3lnokszta\u0142c\u0105cym i Urz\u0119dem Miejskim przy ul. S. \u017beromskiego posadzono &#8222;D\u0105b Niepodleg\u0142o\u015bci&#8221;, w DK SCK pisano kolejne &#8222;Dyktando Niepodleg\u0142o\u015bciowe&#8221;, a w Pa\u0142acyku Oborskich wr\u0119czono medale i statuetki &#8222;Piecz\u0119\u0107 Zas\u0142ug Obywatelskich&#8221; i tradycyjnie \u015bpiewano pie\u015bni patriotyczne. 11 XI w bazylice mn. \u015bw. Mateusza i przed pomnikiem Wolno\u015bci odby\u0142y si\u0119 uroczysto\u015bci z okazji Narodowego \u015awi\u0119ta Niepodleg\u0142o\u015bci, a wieczorem w DK SCK Mielecka Orkiestra Symfoniczna zagra\u0142a &#8222;Koncert Niepodleg\u0142o\u015bciowy&#8221;. Przykrym wydarzeniem i zaskoczeniem dla mielczan by\u0142o zako\u0144czenie dzia\u0142alno\u015bci w Mielcu najwi\u0119kszej w rejonie firmy przewozowej Arriva. Kryzys za\u017cegna\u0142 starosta Zbigniew Tymu\u0142a, zawieraj\u0105c stosowne porozumienia z innymi prywatnymi firmami przewozowymi. 1 XII w kaplicy \u015bw. Stanis\u0142awa Kostki i hali sportowej Zespo\u0142u Szk\u00f3\u0142 im. prof. J. Groszkowskiego odby\u0142a si\u0119 uroczysto\u015b\u0107 50-lecia Technikum Elektrycznego oraz po\u015bwi\u0119cenia i oddania do u\u017cytku przebudowanej i zmodernizowanej szkolnej hali sportowej. W uroczysto\u015b\u0107 Bo\u017cego Narodzenia (25 XII) biskup ordynariusz tarnowski dr Andrzej Je\u017c podpisa\u0142 dekret o erygowaniu Kapitu\u0142y Kolegiackiej pw. \u015bw. Mateusza Aposto\u0142a i Ewangelisty w Mielcu. Rok 2018 powitano tradycyjnie pokazem ogni sztucznych i koncertem na placu AK. Wydarzenia styczniowe zosta\u0142y zdominowane przez narastaj\u0105ce protesty mieszka\u0144c\u00f3w Mielca przeciwko firmie Kronospan, podejrzewanej o zatruwanie \u015brodowiska naturalnego. W zwi\u0105zku z przebudow\u0105 i rozbudow\u0105 g\u0142\u00f3wnej siedziby Biblioteki SCK przy ul. J. Kusoci\u0144skiego, ksi\u0119gozbi\u00f3r i dokumentacj\u0119 przeniesiono do budynku szkolnego przy ul. E. Biernackiego i pawilonu handlowo-us\u0142ugowego przy ul. K. Pu\u0142askiego. Prace budowlane rozpocz\u0119to 2 II 2018 r. 28 II po ci\u0119\u017ckiej chorobie zmar\u0142 Daniel Kozd\u0119ba &#8211; prezydent miasta Mielca. 8 III prezes Rady Ministr\u00f3w Mateusz Morawiecki powierzy\u0142 Fryderykowi Kapinosowi funkcj\u0119 prezydenta miasta Mielca. 24 III w bazylice mniejszej \u015bw. Mateusza, pod przewodnictwem biskupa tarnowskiego Andrzeja Je\u017ca, odby\u0142a si\u0119 uroczysto\u015b\u0107 instalacji &#8211; inauguracji dzia\u0142alno\u015bci Kapitu\u0142y Kolegiackiej pod wezwaniem \u015bw. Mateusza Aposto\u0142a i Ewangelisty. Prepozytem Kapitu\u0142y zosta\u0142 ks. Janusz K\u0142\u0119czek. Nasilaj\u0105cy si\u0119 ruch spo\u0142eczny przeciwko Kronospanowi przybra\u0142 form\u0119 zbiorowego marszu protestacyjnego w dniu 25 III z udzia\u0142em kilkunastu tysi\u0119cy os\u00f3b w r\u00f3\u017cnym wieku. Te i inne formy protestu oraz nag\u0142o\u015bnienie problemu w mediach spowodowa\u0142y, \u017ce 21 IV odby\u0142a si\u0119 sesja nadzwyczajna Rady Miejskiej, na kt\u00f3r\u0105 przybyli m.in. minister \u015brodowiska Henryk Kowalczyk, pos\u0142owie Krystyna Skowro\u0144ska i Buczek, marsza\u0142ek wojew\u00f3dztwa podkarpackiego W\u0142adys\u0142aw Ortyl i wicewojewoda oraz przedstawiciele WIO\u015a. Efektem sesji by\u0142y obietnice ministra dotycz\u0105ce m.in. istotnych zmian w ustawie o \u015brodowisku. Wyr\u00f3\u017cnieniem dla stra\u017cak\u00f3w ochotnik\u00f3w z powiatu mieleckiego by\u0142o zorganizowanie w Mielcu w dniu 20 V Wojew\u00f3dzkich Obchod\u00f3w Dnia Stra\u017caka po\u0142\u0105czonych z 150-leciem powstania Ochotniczych Stra\u017cy Po\u017carnych w powiecie mieleckim. W uroczysto\u015bci wzi\u0119li udzia\u0142 m.in. pose\u0142 na Sejm RP Krystyna Skowro\u0144ska, prezes ZG ZOSP RP Waldemar Pawlak, marsza\u0142ek wojew\u00f3dztwa podkarpackiego W\u0142adys\u0142aw Ortyl i wicewojewoda podkarpacki. W kolejn\u0105 niedziel\u0119 (27 V) na placu Armii Krajowej odby\u0142a si\u0119 uroczysta przysi\u0119ga \u017co\u0142nierzy 3 Podkarpackiej Brygady Obrony Terytorialnej im. p\u0142k. \u0141ukasza Ciepli\u0144skiego. Mimo uruchomienia przez Kronospan instalacji ograniczaj\u0105cej zanieczyszczanie \u015brodowiska, 10 VI ponownie odby\u0142 si\u0119 marsz protestacyjny (od pomnika Wolno\u015bci do budynku Urz\u0119du Miejskiego) i w jego finale wr\u0119czono pe\u0142ni\u0105cemu funkcj\u0119 prezydenta miasta Mielca Fryderykowi Kapinosowi pismo z postulatami ws. dalszej polityki samorz\u0105du wobec Kronospanu. Na prze\u0142omie czerwca i lipca cz\u0119\u015b\u0107 piel\u0119gniarek pracuj\u0105cych w Szpitalu Powiatowym w Mielcu wr\u0119czy\u0142a zwolnienia lekarskie, co w efekcie doprowadzi\u0142o do dezorganizacji i wstrzymania przyj\u0119\u0107, a nawet zamkni\u0119cia Szpitalnego Oddzia\u0142u Ratunkowego. Podobnie sta\u0142o si\u0119 w innych okolicznych szpitalach, st\u0105d opinia publiczna po\u0142\u0105czy\u0142a to z \u017c\u0105daniami podwy\u017cek p\u0142ac piel\u0119gniarek. Po negocjacjach, od 13 VII sukcesywnie uruchomiano normaln\u0105 dzia\u0142alno\u015b\u0107 oddzia\u0142\u00f3w. Wydarzeniami lata by\u0142y: IV Podkarpackie Pokazy Lotnicze na lotnisku (28 VII), Do\u017cynki Wojew\u00f3dztwa Podkarpackiego (26 VIII), Mielecki Festiwal Muzyczny i Dni Mielca (1-2 IX). Jesie\u0144 rozpocz\u0119\u0142a si\u0119 pot\u0119\u017cn\u0105 wichur\u0105, kt\u00f3ra spowodowa\u0142a wiele szk\u00f3d materialnych w Mielcu\u00a0 jego okolicy. Z zadowoleniem przyj\u0119to podpisanie um\u00f3w o rewitalizacji linii kolejowej L-25 na odcinku Padew Narodowa-Mielec-D\u0119bica (17 X) i na budow\u0119 hali sportowo-widowiskowej (18 X). Samorz\u0105dowe wybory (21 X) da\u0142y najwi\u0119cej mandat\u00f3w PiS-owi, ale zawarte koalicje antypisowskie w samorz\u0105dach: miejskim i powiatowym doprowadzi\u0142y do zmian na najwa\u017cniejszych stanowiskach i funkcjach. Prezydentem miasta Mielca zosta\u0142 Jacek Wi\u015bniewski, a starost\u0105 powiatu mieleckiego Stanis\u0142aw Lonczak. Wieloma uroczysto\u015bciami i imprezami uczczono 100. rocznic\u0119 odzyskania przez Polsk\u0119 niepodleg\u0142o\u015bci. W ostatnim miesi\u0105cu roku oddano do u\u017cytku rondo przy ko\u015bciele Matki Bo\u017cej Nieustaj\u0105cej Pomocy i nowy obiekt Centrum Medycznego Medyk przy ul. Partyzant\u00f3w. Rok 2019 rozpocz\u0119to tradycyjn\u0105 nocn\u0105 imprez\u0105 na\u00a0 placu AK. Stycze\u0144 obfitowa\u0142 w wa\u017cne wydarzenia, m.in.: du\u017cy po\u017car w zak\u0142adzie ogrodniczym, podpisanie umowy PZL z MON na wyprodukowanie 4 \u015bmig\u0142owc\u00f3w Black Hawk (przy obecno\u015bci premiera M. Morawieckiego), oddanie do u\u017cytku powi\u0119kszonego i unowocze\u015bnionego Oddzia\u0142u Anestezjologii i Intensywnej Terapii oraz rozpocz\u0119cie budowy Przedszkola Miejskiego nr 20 na osiedlu Smoczka. Zima by\u0142a w miar\u0119 \u0142agodna. Bogaty w wydarzenia by\u0142 marzec, bowiem m.in. rozpocz\u0119to modernizacj\u0119 linii kolejowej i zako\u0144czono budow\u0119 nowego obiektu g\u0142\u00f3wnego Miejskiej Biblioteki Publicznej SCK. Kwiecie\u0144 zosta\u0142 zdominowany przez og\u00f3lnopolski strajk nauczycieli oraz kolejne protesty mielczan przeciwko emisji szkodliwych gaz\u00f3w przez Kronospan. Majowe deszcze, zw\u0142aszcza po 15 V, spowodowa\u0142y wylewy rzek, w tym tak\u017ce Wis\u0142oki (21-26 V), ale woda nie przela\u0142a si\u0119 przez wa\u0142.\u00a0 W ostatnich dniach maja rozpocz\u0119\u0142y si\u0119 upa\u0142y (codziennie do 35 stopni C), a czerwiec okaza\u0142 si\u0119 najcieplejszym czerwcem w historii pomiar\u00f3w prowadzonych na Ziemi. Wielkim i uci\u0105\u017cliwym problemem by\u0142y olbrzymie ilo\u015bci komar\u00f3w i meszek, a nawet tzw. odkomarzanie nie przynosi\u0142o oczekiwanych skutk\u00f3w. Tak\u017ce lipiec by\u0142 rekordowo ciep\u0142y, co spowodowa\u0142o du\u017ce straty w rolnictwie. Po wyposa\u017ceniu wn\u0119trz 5 X 2019 r. oddano do u\u017cytku siedzib\u0119 g\u0142\u00f3wn\u0105 Miejskiej Biblioteki Publicznej SCK przy l. J.Kusoci\u0144skiego 2. W wyborach parlamenranych 13 X mandat poselski uzyska\u0142o dwoje mielczan: Krystyna Skowro\u0144ska (Koalicja Obywatelska) i Fryderyk Kapinos (Prawo i Sprawiedliwo\u015b\u0107). Z okazji 80-lecia powstania FKS Stal Mielec Rada Miejska w Mielcu nada\u0142a Edwardowi Kazimierskiemu i Grzegorzowi Lacie Honorowe Obywatelstwo Mielca. W plebiscycie zorganizowanym z okazji tego\u017c 80-lecia najlepszym sportowcem wybrano Grzegorza Lat\u0119, a drugie miejsce zaj\u0105\u0142 Henryk Kasperczak. Od grudnia rozpocz\u0119to przygotowania do obchod\u00f3w 550-lecia lokacji miasta Mielca, przypadaj\u0105cego 18 XI 2020 r. W styczniu 2020 r. uruchomiono pierwsz\u0105 w Mielcu noclegowni\u0119 i Schronisko dla Kobiet przy ul. Sandomierskiej. Poczynaj\u0105c od lutego z coraz wi\u0119kszym niepokojem obserwowano gwa\u0142townie rozpowszechniaj\u0105c\u0105 si\u0119 na ca\u0142ym \u015bwiecie epidemi\u0119 niezwykle gro\u017anej choroby COVID-19, powodowanej przez koronawirusa CoV-2. 11 III 2020 r. premier Mateusz Morawiecki og\u0142osi\u0142 decyzj\u0119 o zamkni\u0119ciu uczelni, szk\u00f3\u0142, przedszkoli i \u017c\u0142obk\u00f3w, a w kolejnych dniach podejmowano coraz wi\u0119ksze ograniczenia. 16 III potwierdzono medycznie pierwszy przypadek zara\u017cenia si\u0119 chorob\u0105 COVID-19 w powiecie mieleckim. P\u00f3\u017aniej by\u0142o ju\u017c coraz gorzej, a przypadki zachorowa\u0144 i zgon\u00f3w ros\u0142y z ka\u017cdym miesi\u0105cem. W lipcu kilkakrotnie przez Mielec i okolic\u0119 przesz\u0142y gwa\u0142towne burze, czyni\u0105c wiele szk\u00f3d materialnych. Wydarzeniem tego miesi\u0105ca by\u0142o oddanie do u\u017cytku parku sensorycznego na terenie pomi\u0119dzy ulicami: S. Staszica, Sandomiersk\u0105 i S. S\u0119kowskiego. Po wykonaniu modernizacji cz\u0119\u015bci linii kolejowej Mielec \u2013 D\u0119bica, rozpocz\u0105\u0142 si\u0119 ruch poci\u0105g\u00f3w towarowych na odcinku Mielec \u2013 Kochan\u00f3wka. Pod koniec pa\u017adziernika liczba zachorowa\u0144 na COVID-19 w powiecie mieleckim przekroczy\u0142a 1000, po pierwszym tygodniu listopada \u2013 2000, a pod koniec listopada \u2013 3000. Mimo k\u0142opot\u00f3w zwi\u0105zanych z pandemi\u0105 stopa bezrobocia w powiecie mieleckim by\u0142a nadal relatywnie niska (5,5 %, 2. miejsce w wojew\u00f3dztwie). W styczniu 2021 r. uczniowie klas I-III powr\u00f3cili do szk\u00f3\u0142, ale starsi uczniowie pozostali w domach przy nauce zdalnej. Rozpocz\u0119to szczepienia przeciwko COVID-19. Na pocz\u0105tku lutego liczba zachorowa\u0144 na COVID-19 w powiecie mieleckim przekroczy\u0142a 4000. W zwi\u0105zku z rozwojem pandemii 27 II wprowadzono na terenie ca\u0142ego kraju obowi\u0105zek zakrywania ust i nosa wy\u0142\u0105cznie przy pomocy maseczki (wcze\u015bniej dopuszczano r\u00f3wnie\u017c przy\u0142bice i chusty). Do tego nakazu nie wszyscy si\u0119 dostosowali, a niekt\u00f3rzy ostentacyjnie go lekcewa\u017cyli. Chc\u0105c utrzyma\u0107 ci\u0105g\u0142o\u015b\u0107 dzia\u0142alno\u015bci artystycznej, zespo\u0142y Domu Kultury SCK nagrywa\u0142y koncerty, kt\u00f3re odtwarzano na kanale You Tube SCK. W podobny spos\u00f3b popularyzowa\u0142a sw\u0105 dzia\u0142alno\u015b\u0107 r\u00f3wnie\u017c Pa\u0144stwowa Szko\u0142a Muzyczna I i II st. Z r\u00f3\u017cnymi k\u0142opotami prowadzono rozgrywki ligowe w grach zespo\u0142owych. W marcu liczba potwierdzonych medycznie zachorowa\u0144 na COVID-19 w powiecie mieleckim przekroczy\u0142a 5 000, a liczba zmar\u0142ych na t\u0119 chorob\u0119 \u2013 150. Dalszy rozw\u00f3j pandemii spowodowa\u0142, \u017ce wprowadzono nowe ograniczenia, m.in. tradycyjne \u015bwi\u0119cenie pokarm\u00f3w w Wielk\u0105 Sobot\u0119 odbywa\u0142o si\u0119 na placach ko\u015bcielnych. W maju zako\u0144czy\u0142y si\u0119 rozgrywki ekstraklasy pi\u0142ki no\u017cnej. Po emocjonuj\u0105cym finiszu Stal Mielec utrzyma\u0142a si\u0119 w tej najwy\u017cszej klasie rozgrywkowej. 22 V odby\u0142a si\u0119 g\u0142\u00f3wna uroczysto\u015b\u0107 40-lecia Parafii Ducha \u015awi\u0119tego w Mielcu. W czasie uroczysto\u015bci biskup tarnowski Andrzej Je\u017c po\u015bwi\u0119ci\u0142 nowo urz\u0105dzon\u0105 kaplic\u0119 chrzcieln\u0105 (\u201ekaplica nowego \u017cycia\u201d) oraz ko\u015bci\u00f3\u0142 dolny, przystosowany do spotka\u0144 Odnowy w Duchu \u015awi\u0119tym i neokatechumenatu, pod nowym patronatem \u015bw. Micha\u0142a Archanio\u0142a. W ostatnich dniach maja ziemi\u0119 mieleck\u0105 dotkn\u0119\u0142o kolejne nieszcz\u0119\u015bcie. Pojawi\u0142y si\u0119 pierwsze przypadki choroby ASF u dzik\u00f3w (afryka\u0144ski pom\u00f3r \u015bwi\u0144), a p\u00f3\u017aniej ta gro\u017ana choroba rozwin\u0119\u0142a si\u0119 w\u015br\u00f3d trzody chlewnej. W powiecie mieleckim, s\u0142ynnym od lat z rozwini\u0119tej hodowli trzody chlewnej, oznacza\u0142o to likwidacj\u0119 w kolejnych miesi\u0105cach blisko 200 specjalistycznych gospodarstw, g\u0142\u00f3wnie w gminach: Mielec, Wadowice G\u00f3rne, Czermin i Przec\u0142aw. Pocieszeniem by\u0142 natomiast wyra\u017any spadek zachorowa\u0144 na COVID-19 i stopniowe \u0142agodzenie obostrze\u0144 sanitarnych. Wydarzeniem czerwca by\u0142y uroczysto\u015bci z okazji 50-lecia Pa\u0144stwowej Szko\u0142y Muzycznej I i II st. im. M. Kar\u0142owicza w Mielcu. M.in. ods\u0142oni\u0119to pomnik M. Kar\u0142owicza, nagrodzono nauczycieli odznaczeniami i odby\u0142 si\u0119 koncert. Tak\u017ce w czerwcu mielecka firma Euro-Eko otrzyma\u0142a statuetk\u0119 presti\u017cowego God\u0142a Promocyjnego \u201eTeraz Polska\u201d za produkcj\u0119 paliwa alternatywnego RDF. 4 VII w hali budynku u\u017cytkowanego przez Aeroklub Mielecki odby\u0142a si\u0119 prezentacja przeniesionej do Mielca Fundacji Bia\u0142o-Czerwone Skrzyd\u0142a oraz odzyskanego egzemplarza samolotu Iryda, kt\u00f3ry po generalnym remoncie ma zosta\u0107 przygotowany do latania. Miesi\u0105c p\u00f3\u017aniej, w czasie Igrzysk Olimpijskich w Tokio, w chodzie na 20 km reprezentantka Polski Katarzyna Zdzieb\u0142o (LKS Stal Mielec) zaj\u0119\u0142a bardzo dobre 10. miejsce. W ostatnim dniu sierpnia w sali konferencyjnej MBP SCK przy ul. J. Kusoci\u0144skiego odby\u0142a si\u0119 uroczysto\u015b\u0107 30-lecia Stra\u017cy Miejskiej w Mielcu. Okoliczno\u015bciowe przem\u00f3wienie wyg\u0142osi\u0142 komendant Stra\u017cy Arkadiusz Misiak. 1 IX o godz. 5.44 na stacj\u0119 PKP w Mielcu wjecha\u0142 poci\u0105g osobowy relacji D\u0119bica-Mielec. O godz. 5.50 poci\u0105g odjecha\u0142 do D\u0119bicy. By\u0142 to pierwszy poci\u0105g osobowy od 2009 r., kiedy zawieszono ruch poci\u0105g\u00f3w pasa\u017cerskich na mieleckiej linii kolejowej. 3 IX na terenach zielonych przy ul. Rzecznej odby\u0142y si\u0119 uroczysto\u015bci 75-lecia zawodowego po\u017carnictwa na ziemi mieleckiej. Rozpocz\u0119to Msz\u0105 \u015awi\u0119t\u0105 plenerow\u0105 przy ko\u015bci\u00f3\u0142ku \u015bw. Marka nad Wis\u0142ok\u0105, sprawowan\u0105 przez grono kap\u0142an\u00f3w pod przewodnictwem biskupa tarnowskiego ks. dr. Andrzeja Je\u017ca. Biskup po\u015bwi\u0119ci\u0142 nowy sztandar Komendy Powiatowej PSP w Mielcu. W drugiej cz\u0119\u015bci, kt\u00f3r\u0105 rozpocz\u0105\u0142 komendant powiatowy PSP m\u0142. bryg. \u0141ukasz Kapinos, dokonano wbicia \u201egwo\u017adzi\u201d w drzewce sztandaru i pami\u0105tkowych wpis\u00f3w, a nast\u0119pnie odby\u0142o si\u0119 uroczyste przekazanie sztandaru Komendzie Powiatowej PSP i udekorowanie go Z\u0142otym Medalem za Zas\u0142ugi dla Po\u017carnictwa. Wieczorem w tym samym dniu w hotelu \u201eIskierka\u201d odby\u0142o si\u0119 XI Spotkanie Lotniczych Pokole\u0144. W dniach 11-26 IX mieleccy melomani uczestniczyli w 25. Mieleckim Festiwalu Muzycznym, a mi\u0142o\u015bnicy techniki w XI Mieleckim Festiwalu Nauki i Techniki (21-23 IX). W dniach 2-8 X w Buzau (Rumunia) przeprowadzono Mistrzostwa \u015awiata FAI Modeli Kosmicznych Senior\u00f3w i Junior\u00f3w. Startowa\u0142o 188 zawodniczek i zawodnik\u00f3w z 18 pa\u0144stw. W 24-osobowej reprezentacji Polski 10 os\u00f3b by\u0142o przedstawicielami Akademii Leonardo Mielec. Mielczanie zdobyli 37 medali, w tym 16 indywidualnie i 21 w dru\u017cynie. 26 X w Mielcu podpisano mi\u0119dzygminne porozumienie w sprawie utworzenia klastra energii. Porozumienie podpisali przedstawiciele gmin: prezydent miasta Mielca Jacek Wi\u015bniewski, burmistrz Radomy\u015bla Wielkiego J\u00f3zef Rybi\u0144ski, w\u00f3jt gminy Gaw\u0142uszowice Jan Nowak, w\u00f3jt gminy Padew Narodowa Robert Pluta oraz starosta Stanis\u0142aw Lonczak i wicestarosta Andrzej Bry\u0142a. Klaster ma na celu poprawienie lokalnego bezpiecze\u0144stwa energetycznego. \u00a0Ponadto w pa\u017adzierniku zako\u0144czono trzeci i ostatni etap budowy systemu retencji w\u00f3d opadowych, maj\u0105cego zabezpieczy\u0107 niekt\u00f3re miejsca w mie\u015bcie, dotychczas zalewane\u00a0 w czasie burz i ulewnych deszcz\u00f3w. Zbiorniki retencyjne umieszczono w ziemi: przy ul. L. Solskiego (na dawnych kortach tenisowych naprzeciwko SP 6), na terenie zielonym MOSiR w pobli\u017cu Hotelu Polskiego oraz przy ul. Wsp\u00f3lnej. W listopadzie w Podkarpackiej Okr\u0119gowej Izbie In\u017cynier\u00f3w Budownictwa odby\u0142a si\u0119 uroczysto\u015b\u0107 wr\u0119czenia statuetek i dyplom\u00f3w laureatom konkursu Budowa Roku Podkarpacia 2020. W kategorii: Gospodarka Zasobami Wodnymi na Terenach Miejskich zwyci\u0119\u017cy\u0142a wspomniana wy\u017cej\u00a0 \u201eBudowa uk\u0142ad\u00f3w retencji w\u00f3d opadowych i roztopowych na terenie Gminy Miejskiej Mielec\u201d. Ponadto w listopadzie w Inkubatorze Nowych Technologii w Mielcu odby\u0142a si\u0119 konferencja dla przedsi\u0119biorc\u00f3w zainteresowanych nowymi technologiami, nowo\u015bciami w biznesie i perspektywie finansowej Funduszy Europejskich. 3 XII na mieleckim lotnisku uruchomiono Zautomatyzowany System Pomiar\u00f3w Meteorologicznych AWOS, prawdopodobnie pierwsze w Polsce urz\u0105dzenie tego rodzaju. Wielkim zainteresowaniem cieszy\u0142 si\u0119 zorganizowany 12 XII na Rynku Starego Mielca tradycyjny Jarmark \u015awi\u0105teczny. Liczba wystawc\u00f3w z r\u00f3\u017cnych stron kraju przekroczy\u0142a 100. Co prawda nie mala\u0142a ilo\u015b\u0107 potwierdzonych medycznie zachorowa\u0144 na COVID-19, ale znacznie zmniejszy\u0142a si\u0119 liczba zgon\u00f3w, co t\u0142umaczono nabyciem wi\u0119kszej odporno\u015bci spo\u0142ecze\u0144stwa i szczepieniami przeciwko tej chorobie. W lutym 2022 r. \u015bwiat wstrzyma\u0142 oddech, gdy\u017c wojska rosyjskie wesz\u0142y na teren Ukrainy i rozpocz\u0119\u0142a si\u0119 wojna. Spo\u0142ecze\u0144stwo polskie od jej pocz\u0105tku mocno zaanga\u017cowa\u0142o si\u0119 w pomoc humanitarn\u0105 dla spo\u0142ecze\u0144stwa ukrai\u0144skiego. W kolejnych dniach coraz brutalniejsza wojna spowodowa\u0142a ucieczk\u0119 ukrai\u0144skich rodzin (g\u0142\u00f3wnie kobiet i dzieci) do Polski i innych s\u0105siednich pa\u0144stw. Do Mielca, w kt\u00f3rym od lat pracuje wielu Ukrai\u0144c\u00f3w (kobiet i m\u0119\u017cczyzn), przyby\u0142o wielu cz\u0142onk\u00f3w ich rodzin oraz innych os\u00f3b, g\u0142\u00f3wnie kobiet z dzie\u0107mi. Z kolei niema\u0142a grupa m\u0119\u017cczyzn uda\u0142a si\u0119 na Ukrain\u0119, by broni\u0107 swojej ojczyzny. R\u00f3wnocze\u015bnie do Polski (m.in. do Mielca) przyby\u0142o wojsko ameryka\u0144skie, aby zabezpieczy\u0107 wschodni\u0105 flank\u0119 NATO w ramach strategii obronnej NATO. Baz\u0119 ameryka\u0144sk\u0105 urz\u0105dzono na mieleckim lotnisku. Troch\u0119 w cieniu tych wydarze\u0144 Polskie Zak\u0142ady Lotnicze podpisa\u0142y intratn\u0105 umow\u0119 na wyprodukowanie 32 \u015bmig\u0142owc\u00f3w S-70i Black Hawk dla Si\u0142 Powietrznych Filipin (I 2022 r.), a sie\u0107 handlowych plac\u00f3wek wielkopowierzchniowych powi\u0119kszy\u0142a si\u0119 o sklep niemieckiej firmy ALDI. W wiosenne miesi\u0105ce sportowy Mielec prze\u017cywa\u0142 du\u017ce emocje zwi\u0105zane z udzia\u0142em zespo\u0142\u00f3w Stali w rozgrywkach ligowych. Ostatecznie dru\u017cyna pi\u0142ki no\u017cnej utrzyma\u0142a si\u0119 w ekstraklasie, ale dru\u017cyna pi\u0142ki r\u0119cznej zosta\u0142a zdegradowana z ekstraklasy do I ligi. Z kolei zesp\u00f3\u0142 pi\u0142ki siatkowej kobiet zaj\u0105\u0142 2. miejsce w I lidze i nie awansowa\u0142 do ekstraklasy. W lipcu na Mistrzostwach \u015awiata w Lekkoatletyce w Eugene (USA) mielczanka Katarzyna Zdzieb\u0142o (lekarz sta\u017cysta, LKS Stal Mielec) zdoby\u0142a dwa srebrne medale i tytu\u0142y wicemistrzyni \u015bwiata w chodzie na 20 km (1.27.32, rekord Polski) i na 35 km (2.40.03, rekord Polski). Miesi\u0105c p\u00f3\u017aniej podczas Lekkoatletycznych Mistrzostw Europy w Monachium (Niemcy) Katarzyna Zdzieb\u0142o wywalczy\u0142a wicemistrzostwo Europy w chodzie na 20 km. Lato obfitowa\u0142o w wydarzenia kulturalne, spo\u015br\u00f3d kt\u00f3rych najwa\u017cniejsze by\u0142y tradycyjne Dni Mielca, po\u0142\u0105czone ze Spotkaniem Miast Partnerskich Mielca. Na pocz\u0105tku wrze\u015bnia ods\u0142oni\u0119to na G\u00f3rze Cyranowskiej pomnik \u017bo\u0142nierzy Wykl\u0119tych. Kilka dni potem do Mielca przyjecha\u0142 prezes PiS Jaros\u0142aw Kaczy\u0144ski i opr\u00f3cz spotkania z czlonkami PiS z\u0142o\u017cy\u0142 kwiaty przed tym pomnikiem. Mieleckie spo\u0142ecze\u0144stwo z mieszanymi uczuciami \u015bledzi\u0142o zmagania radnych z r\u00f3\u017cnych opcji politycznych w samorz\u0105dach miejskim i powiatowym. Spierano si\u0119 ostro o wiele spraw, a nawet pr\u00f3bowano odwo\u0142a\u0107 starost\u0119. Dy\u017curnym tematem powiatowym by\u0142a sytuacja mieleckiego szpitala, a problemami miejskimi &#8211; baza sportowa i podatki. Nie brakowa\u0142o te\u017c innych k\u0142opot\u00f3w. Zn\u00f3w nasili\u0142a si\u0119 epidemia COVID-19 i chor\u00f3b z ni\u0105 zwiazanych, zw\u0142aszcza grypy, a tragicznym tego skutkiem by\u0142 wyra\u017any wzrost liczby zgon\u00f3w. Powszechnie narzekano na inflacj\u0119 i niemal codzienny wzrost cen. Z nieustaj\u0105cym niepokojem obserwowano wojn\u0119 na Ukrainie i negatywnymi jej skutkami w Polsce. W tym nerwowym klimacie nawet oczywiste sukcesy mielczan i Mielca przyjmowane by\u0142y bez nale\u017cytego aplauzu, co kiedy\u015b by\u0142o\u00a0 norm\u0105. Pochodz\u0105cgo z Mielca architekta Bogus\u0142awa Barnasia i jego pracowni\u0119 BXB nagrodzono kilkoma pierwszymi nagrodami w presti\u017cowych konkursach mi\u0119dzynarodowych, zw\u0142aszcza za projekty pywatnych dom\u00f3w inspirowanych sztuk\u0105 polsk\u0105. Mielczanka, lekarz sta\u017cysta, Katarzyna Zdzieb\u0142o wywalczy\u0142a dwa wicemistrzostwa \u015bwiata i wicemistrzostwo Europy w chodach sportowych, a nast\u0119pnie zosta\u0142a uznana za najlepsz\u0105 polsk\u0105 lekkoatletk\u0119 w 2022 r. By\u0142y szermierz &#8222;Gryfa&#8221; Mielec Janusz M\u0142ynek otrzyma\u0142 tytu\u0142 &#8222;Wybitny Polak w USA&#8221;. Modelarze mieleccy brylowali w zawodach mistrzowskich \u015bwiatowych i europejskich. Wiele pozytywnych emocji dostarcza\u0142y dru\u017cyny sportowe, a zw\u0142aszcza pi\u0142karze no\u017cni.\u00a0 Nowe inwestycje (linia kolejowa, zbiorniki retencyjne, ulice, baza sportowa, tereny zielone itp.) i remonty wielu obiekt\u00f3w, a tak\u017ce wiele innych pozytywnych dzia\u0142a\u0144 samorz\u0105d\u00f3w (powiatowego i miejskiego) oraz dalszy rozw\u00f3j przemys\u0142u i us\u0142ug\u00a0 doceniono natomiast z zewn\u0105trz. W rankingach krajowych i wojew\u00f3dzkich Gmina Miejska Mielec plasowa\u0142a si\u0119 w czo\u0142\u00f3wce, np. otrzyma\u0142a 9. miejsca w Og\u00f3lnopolskim Rankingu Zr\u00f3wnowa\u017conego Rozwoju Jednostek Samorz\u0105du Terytorialnego &#8211; 2021 i 2022, 2. miejsce w Rankingu Gmin Podkarpacia\u00a0 2021 i 1. miejsce w Rankingu Aktywnych Gmin Podkarpacia 2022. Tak\u017ce go\u015bcie przybyli w sierpniu do Mielca na Spotkanie Miast Partnerskich (zw\u0142aszcza ci, kt\u00f3rzy bywali ju\u017c w Mielcu) zgodnie chwalili Mielec za dynamiczny rozw\u00f3j. Cieniem na te osi\u0105gni\u0119cia k\u0142ad\u0142y si\u0119 niedor\u00f3bki wykonawc\u00f3w hali sportowej i hali pneumatycznej (namiotu nad boiskiem), ale nie dopuszczono do ich odbioru. Pozosta\u0142o cierpliwie czeka\u0107 na napraw\u0119 fuszerek i pozytywny fina\u0142.\u00a0 W jesieni\u00a0 szereg instytucji i stowarzysze\u0144 obchodzi\u0142o jubileusze, kt\u00f3re by\u0142y nie tylko okazj\u0105 do podsumowania dzia\u0142alno\u015bci, ale te\u017c \u015bwiadczy\u0142y o d\u0142ugoletniej owocnej pracy wielu os\u00f3b. By\u0142y to m.in.: ZPiT &#8222;Rzeszowiacy&#8221;, Stowarzyszenie Trze\u017awo\u015bciowe &#8222;Nowe \u017bycie&#8221;, Szko\u0142a Podstawowa nr 6, Oddzia\u0142 PTTK w Mielcu i CKPiDN. Wydarzeniem inwestycyjnym pierwszej po\u0142owy 2023 r. bylo oddanie do u\u017cytku (29 IV) wiaduktu nad lini\u0105 kolejow\u0105 i ul. H. Sienkiewicza, prowadz\u0105c\u0105 od SSE EUROPARK MIELEC do mostu nad Wis\u0142ok\u0105 i dalej w kierunku Radomy\u015bla Wielkiego. W maju sportowy Mielec cieszy\u0142 si\u0119 z awansu do ekstraklasy \u017ce\u0144skiej dru\u017cyny ITA TOOLS Stal oraz utrzymania si\u0119 w ekstraklasie pi\u0142karzy no\u017cnych Stali Mielec. Pod koniec czerwca,\u00a0 z okazji 105-lecia\u00a0 polskiego lotnictwa i 85-lecia przemys\u0142u lotniczego w Mielcu, na mieleckim lotnisku odby\u0142y si\u0119 Podkarpackie Pokazy Lotnicze. Nie dopisa\u0142a pogoda, ale ostatecznie organizatorzy i publiczno\u015b\u0107 mogli si\u0119 zachwyca\u0107 fina\u0142em pokaz\u00f3w przy pi\u0119knym zachodzie s\u0142o\u0144ca. 2 VIII przy olbrzymim zainteresowaniu mielczan i go\u015bci oficjalnie otwarto now\u0105 hal\u0119 sportowo-widowiskow\u0105 Miejskiego O\u015brodka Sportu i Rekreacji przy ul. L. Solskiego, a w nast\u0119pnych dw\u00f3ch dniach podziwiano gr\u0119 dw\u00f3ch czo\u0142owych europejskich zespo\u0142\u00f3w pi\u0142ki siatkowej kobiet &#8211; Polski i Turcji (2:3 i 3:1). Z przeszkodami pogodowymi przeprowadzono Dni Mielca &#8211; 2023. 26 VIII odwo\u0142ano koncerty, a w nast\u0119pnym dniu gwiazdami byli raperzy &#8211; Plan Be i O.S.T.R. W kolejnych dniach odby\u0142y si\u0119 VI Mieleckie Dni Seniora, kt\u00f3rych bogaty program u\u015bwiadomi\u0142 \u015brodowisku, \u017ce ludzie &#8222;trzeciego wieku&#8221; stanowi\u0105 w Mielcu realn\u0105 si\u0142\u0119 w r\u00f3\u017cnych dziedzinach \u017cycia. 21 IX\u00a0\u00a0 odby\u0142o si\u0119 uroczyste wprowadzenie relikwii \u015bw. Mateusza do bazyliki mn. pw. \u015bw. Mateusza. Jesie\u0144 sta\u0142a pod znakiem wybor\u00f3w do parlamentu i presti\u017cowych imprez sportowych w nowej hali. W walce o parlament Mielec odwiedzili: premier M. Morawiecki, kandydaci z ramienia Koatlicji Obywatelskiej, PiS i Konfederacji. W hali rozegrano m.in.Mi\u0119dzynarodowy\u00a0 XI Memoria\u0142 Agaty Mr\u00f3z-Olszewskiej w pi\u0142ce siatkowej kobiet, mi\u0119dzypa\u0144stwowy mecz futsalowy w ramach eliminacji do Mistrzostw \u015awiata w Futsalu &#8211; 2024 Polska &#8211; Belgia (7:2)\u00a0 oraz\u00a0 mi\u0119dzypa\u0144stwowy mecz pi\u0142ki r\u0119cznej kobiet w ramach eliminacji do Mistrzostw Europy: Ukraina (jako gospodarz z powodu wojny na Ukrainie) &#8211; S\u0142owacja 25:20. W wyborach do Sejmu i Senatu RP, kt\u00f3re odby\u0142y si\u0119 15 X, mandaty poselskie uzyska\u0142a tr\u00f3jka mielczan: El\u017cbieta Burkiewicz, Fryderyk Kapinos i Krystyna Skowro\u0144ska. Bogaty w wydarzenia pa\u017adziernik zako\u0144czy\u0142 si\u0119 mocnymi akcentami artystycznymi: uroczystym ods\u0142oni\u0119ciem muralu upami\u0119tniaj\u0105cego patron\u00f3w Szko\u0142y Podstawowej nr 6 im. F. \u017bwirki i S. Wigury, spektaklem <em>Pigmalion<\/em> wg G. B. Shawa w wykonaniu Teatru Rozmaito\u015bci SCK im. Stefana Ostrowskiego oraz powo\u0142aniem przez Rad\u0119 Miejsk\u0105\u00a0 samodzielnej instytucji artystycznej &#8211; Mieleckiej Orkiestry Symfonicznej. Rok 2024 rozpocz\u0119to imprezami w hali: Mieleck\u0105 Gal\u0105 Sportu i Koncertem Noworocznym w wykonaniu Mieleckiej Orkiestry Symfonicznej oraz Orszakiem Trzech Kr\u00f3li, kt\u00f3ry przeszed\u0142 ulicami miasta na Rynek, gdzie\u00a0 odby\u0142a si\u0119 dalsza cz\u0119\u015b\u0107 uroczysto\u015bci. Stosunkowo \u0142agodny pocz\u0105tek roku sk\u0142oni\u0142 firmy budowlane do podj\u0119cia prac przy budowie dom\u00f3w w zabudowie szeregowej niemal we wszystkich osiedlach, z wyj\u0105tkiem centrum miasta. Pod koniec lutego 2024 r. oddano do u\u017cytku ulic\u0119 Czes\u0142awa Mi\u0142osza na osiedlu Cyranka, po kt\u00f3rej spacer unaoczni\u0142 rozmach budownictwa indywidualnego i szeregowego w tym rejonie. W kolejnych miesi\u0105cach budownictwo szeregowe rozwin\u0119\u0142o si\u0119 te\u017c na innych osiedlach: J. Kili\u0144skiego, Borek, Cyranka i Smoczka, a budownictwo wielorodzinne na osiedlu T. Ko\u015bciuszki (apartamenty na terenie po rozebranej starej cegielni).Wybory samorz\u0105dowe w kwietniu 2024 r. przynios\u0142y raczej niespodziewane rezultaty. W Gminie Miejskiej Mielec na prezydenta wybrano Rados\u0142awa Sw\u00f3\u0142a (PiS), a ponadto PiS zdoby\u0142 najwi\u0119cej mandat\u00f3w w Radzie Miejskiej i przej\u0105\u0142 w\u0142adz\u0119 w Mielcu. W samorz\u0105dzie powiatowym utrzyma\u0142a si\u0119 przy w\u0142adzy koalicja centrolewicowa. W Gminie Mielec na w\u00f3jta wybrano bezpartyjnego Krzysztofa W\u0119grzyna. Kolejny (czwarty) raz samorz\u0105d wojew\u00f3dztwa podkarpackiego wybra\u0142 na marsza\u0142ka wojew\u00f3dztwa mielczanina W\u0142adys\u0142awa Ortyla, daj\u0105c tym wyraz uznania dla jego kompetentnego i rzetelnego d\u0142ugoletniego kierowania Urz\u0119dem Marsza\u0142kowskim w Rzeszowie. Z umiarkowanym zadowoleniem przyj\u0119to wyniki sportowe, a zw\u0142aszcza utrzymanie si\u0119 w ekstraklasach dru\u017cyn pi\u0142ki siatkowej kobiet i pi\u0142ki no\u017cnej m\u0119\u017cczyzn oraz zdobycie mistrzostwa Polski w chodzie na 20 km przez lek. med. Katarzyn\u0119 Zdzieb\u0142o i br\u0105zowy medal przez jej siostr\u0119 Ann\u0119 na tym samym dystansie. 13 VI oficjalnie nadano patronat gen. W\u0142adys\u0142awa Andersa wiaduktowi nad lini\u0105 kolejow\u0105 na granicy Mielca i Chorzelowa.<\/p>\r\n\r\n\r\n\r\n<p><strong>HITLEROWSKIE OBOZY PRACY<\/strong>, funkcjonowa\u0142y w czasie okupacji hitlerowskiej na terenach Cyranki, Mielca i Por\u0119b\u00f3w Wojs\u0142awskich. Ich celem by\u0142o wykorzystywanie wi\u0119\u017ani\u00f3w do ci\u0119\u017ckiej i darmowej pracy.<\/p>\r\n\r\n\r\n\r\n<p>1. Ob\u00f3z pracy w Cyrance powsta\u0142 na pocz\u0105tku 1940 r. dla potrzeb niemieckiej firmy \u201eBaumer Loesch\u201d, kt\u00f3ra budowa\u0142a drogi i prowadzi\u0142a wyr\u0105b lasu. Jej siedziba powsta\u0142a na terenie Czekaju \u2013 przysi\u00f3\u0142ka Cyranki, po wysiedleniu jego mieszka\u0144c\u00f3w. W niewielkim obozie przebywali wi\u0119\u017aniowie narodowo\u015bci \u017cydowskiej. (Do ko\u0144ca funkcjonowania obozu by\u0142o ich \u0142\u0105cznie oko\u0142o 40.) Byli bardzo \u017ale \u017cywieni i nieludzko traktowani. Niezdolni do pracy i pope\u0142niaj\u0105cy uchybienia regulaminowe byli rozstrzeliwani, najcz\u0119\u015bciej przez gestapowc\u00f3w z Mielca. Okrutni byli tak\u017ce czterej policjanci wybrani spo\u015br\u00f3d wi\u0119\u017ani\u00f3w. Na pocz\u0105tku 1944 r. zlikwidowano ob\u00f3z. Du\u017c\u0105 grup\u0119 wi\u0119\u017ani\u00f3w rozstrzelano, a pozosta\u0142ych (w tym wspomnianych policjant\u00f3w) wywieziono do Mielca i p\u00f3\u017aniej prawdopodobnie tak\u017ce rozstrzelano.<\/p>\r\n\r\n\r\n\r\n<p>2. Ob\u00f3z pracy przy FWM Mielec (Arbeitslager Mielec \u2013 Konzentrationslager P\u0142asz\u00f3w) zosta\u0142 zbudowany w marcu 1942 r. Mia\u0142 kszta\u0142t prostok\u0105ta o powierzchni ok. 1 ha i by\u0142 usytuowany w po\u0142udniowo-wschodniej cz\u0119\u015bci fabryki (dzi\u015b rejon b. budynku ambulatorium). Otoczono go drutem kolczastym, od 1943 r. pod\u0142\u0105czonym do linii wysokiego napi\u0119cia. Obozowe baraki mog\u0142y pomie\u015bci\u0107 oko\u0142o 2 tysi\u0119cy wi\u0119\u017ani\u00f3w. Ponadto zbudowano barak sanitarny, barak gospodarczy i warsztat rzemie\u015blniczy. Pierwszymi wi\u0119\u017aniami byli \u017bydzi wyprowadzeni z Mielca 9 III 1942 r. w czasie akcji deportacyjnej, a p\u00f3\u017aniej przywo\u017cono kolejnych wi\u0119\u017ani\u00f3w z r\u00f3\u017cnych stron GG. Do jednego z barak\u00f3w kierowano Polak\u00f3w za wykroczenia pope\u0142nione w czasie pracy. Wi\u0119\u017aniowie pracowali w FWM przez 12 godzin,\u00a0z przerw\u0105 na posi\u0142ek, z regu\u0142y bardzo skromny i niskiej jako\u015bci. (Niekt\u00f3rym udawa\u0142o si\u0119 zakupi\u0107 lub dosta\u0107 nieco jedzenia od Polak\u00f3w, tak\u017ce cz\u0119sto g\u0142oduj\u0105cych.) Nadz\u00f3r nad obozem sprawowali \u201eWerkschutze\u201d pod komend\u0105 Gottholda Steina, a od 1943 r. grupa SS pod dow\u00f3dztwem Hoeringa i od maja 1944 r. Josefa Schwammbergera. \u017bydzi mieli tak\u017ce w\u0142asn\u0105 obozow\u0105 policj\u0119 (Ordnungsdienst) pod komend\u0105 Bitkowera, kt\u00f3ry z \u017con\u0105 (lekark\u0105) zdoby\u0142 sobie du\u017cy szacunek w\u015br\u00f3d wsp\u00f3\u0142wi\u0119\u017ani\u00f3w. Taki styl kierowania policj\u0105 \u017cydowsk\u0105 nie podoba\u0142 si\u0119 Niemcom i Bitkowerowie zostali rozstrzelani. Byli tak\u017ce policjanci \u017cydowscy przewy\u017cszaj\u0105cy okrucie\u0144stwem nawet Niemc\u00f3w. Wi\u0119\u017ani\u00f3w chorych, niesprawnych i z\u0142apanych na najdrobniejszych wykroczeniach regulaminowych rozstrzeliwano w pobliskim Lesie Berdechowskim (najcz\u0119\u015bciej czyni\u0142 to Rudolf Zimmerman). Zdarza\u0142y si\u0119 ucieczki, tak\u017ce udane, ale wtedy rozstrzeliwano 10 wi\u0119\u017ani\u00f3w, z regu\u0142y z grupy roboczej uciekiniera. Nie ustalono dot\u0105d liczby rozstrzelonych wi\u0119\u017ani\u00f3w, ale niekt\u00f3rzy \u00f3wcze\u015bnie pracuj\u0105cy w FWM Polacy szacowali ilo\u015b\u0107 ofiar na co najmniej tysi\u0105c. W lipcu 1944 r., w zwi\u0105zku ze zbli\u017caj\u0105cym si\u0119 frontem wojennym, ewakuowano wi\u0119\u017ani\u00f3w (oko\u0142o 2 000 m\u0119\u017cczyzn i 300 kobiet) do Wieliczki, gdzie przewieziono tak\u017ce wi\u0119kszo\u015b\u0107 maszyn i urz\u0105dze\u0144 FWM. Nied\u0142ugo potem przetransportowano wi\u0119\u017ani\u00f3w mieleckiego obozu do fabryki samolot\u00f3w w Flossenburgu (Bawaria), a nast\u0119pnie do innych oboz\u00f3w na terenie III Rzeszy. Tylko niewielka grupa \u017byd\u00f3w doczeka\u0142a zako\u0144czenia II wojny \u015bwiatowej.<\/p>\r\n\r\n\r\n\r\n<p>3. Ob\u00f3z dla je\u0144c\u00f3w wojennych w Por\u0119bach Wojs\u0142awskich funkcjonowa\u0142 od wiosny 1942 r. do lipca 1944 r. Zbudowany zosta\u0142 przez niemieck\u0105 firm\u0119 \u201eJ. Hennig\u201c z Mielca. Zajmowa\u0142 tereny przysi\u00f3lka Por\u0119by Wojs\u0142awskie (aktualnie rejon ulic W. Witosa, M. Rataja i F. Wiesio\u0142owskiego) o wymiarach 200 m x 160 m. Ogrodzony by\u0142 kolczastym drutem i dodatkowo zabezpieczony wie\u017cami wartowniczymi ze stanowiskami karabin\u00f3w maszynowych. Obiektami obozowymi by\u0142y: baraki jenieckie (14), kuchnia obozowa, barak sanitarny i ambulatorium lekarskie. Niemieccy stra\u017cnicy mieszkali w 2 barakach w pobli\u017cu obozu. Podstawowym zadaniem obozu by\u0142o obs\u0142ugiwanie hitlerowskiego obozu wojskowego \u201eTruppenubungsplatz Mielec-Sud\u201c, usytuowanego w Lesie Cyranowskim. Pierwszymi mieszka\u0144cami obozu jenieckiego by\u0142o kilkuset Francuz\u00f3w, kt\u00f3rzy zostali przywiezieni w maju 1942 r. Przez ca\u0142y okres pobytu (do jesieni 1942 r.) traktowani byli przez Niemc\u00f3w poprawnie. Nie przeszkadzano te\u017c zbytnio w kontaktach (nielegalnych) je\u0144c\u00f3w z miejscow\u0105 ludno\u015bci\u0105, kt\u00f3ra dostarcza\u0142a im \u017cywno\u015b\u0107. Przestrzegano o\u015bmiogodzinnego dnia pracy. Francuzi pracowali przy karczunku lasu, budowie i naprawach dr\u00f3g oraz przy torach kolejowych. W czasie pracy przy torach we Wojs\u0142awiu zastrzelono Francuza, kt\u00f3ry usi\u0142owa\u0142 uciec. By\u0142o te\u017c kilka udanych ucieczek. Prawdopodobnie 7 je\u0144c\u00f3w zmar\u0142o \u015bmierci\u0105 naturaln\u0105. Pochowani zostali na cmentarzu wojskowym w lesie. W jesieni 1942 r. Francuz\u00f3w wywieziono z Mielca poci\u0105giem w nieznanym kierunku, a do obozu przywieziono je\u0144c\u00f3w radzieckich. (Wed\u0142ug niekt\u00f3rych \u015bwiadk\u00f3w je\u0144cy radzieccy zostali przywiezieni do obozu jeszcze w czasie pobytu Francuz\u00f3w.) Stra\u017cnicy traktowali ich bardzo \u017ale, cz\u0119sto bili i szczuli psami. Posi\u0142ki by\u0142y niskiej jako\u015bci, tote\u017c je\u0144cy prosili miejscow\u0105 ludno\u015b\u0107 o \u017cywno\u015b\u0107. Podrzucano j\u0105 do obozu, cz\u0119sto z nara\u017ceniem \u017cycia. Je\u0144cy radzieccy pracowali na terenie poligonu wojskowego Mielec \u2013 Sud i na lotnisku wojskowym przy FWM. Nieznana jest liczba je\u0144c\u00f3w, kt\u00f3rzy zostali zastrzeleni lub zmarli \u015bmierci\u0105 naturaln\u0105. Pochowano ich tak\u017ce na le\u015bnym cmentarzu wojskowym. W 1944 r. warunki obozowe polepszy\u0142y si\u0119. Likwidacja obozu nast\u0105pi\u0142a w lipcu 1944 r., a je\u0144cy zostali wywiezieni w kierunku zachodnim.<\/p>\r\n\r\n\r\n\r\n<p>4. Ob\u00f3z przy stacji kolejowej Mielec powsta\u0142 w 1942 r. Sk\u0142ada\u0142 si\u0119 z kilkunastu barak\u00f3w, ogrodzony drutem kolczastym. Pocz\u0105tkowo umieszczono w nim je\u0144c\u00f3w francuskich, ale po rozpocz\u0119ciu wojny z ZSRR (22 VI 1941 r.) przeniesiono ich do obozu na terenie Smoczki, a w obozie przy stacji umieszczono je\u0144c\u00f3w radzieckich. Pracowali przy budowie dr\u00f3g i wyr\u0119bie lasu. Traktowani byli bardzo \u017ale. Otrzymywali skromne i niskokaloryczne posi\u0142ki, tote\u017c miejscowi mieszka\u0144cy, ryzykuj\u0105c \u017cyciem, podrzucali do obozu paczki z jedzeniem. W 1943 r. je\u0144cy zostali wywiezieni z Mielca, prawdopodobnie do Majdanu Kr\u00f3lewskiego. Polscy \u015bwiadkowie twierdz\u0105, \u017ce co najmniej kilkunastu wi\u0119\u017ani\u00f3w zmar\u0142o w obozie. W 1984 r. ob\u00f3z zosta\u0142 upami\u0119tniony obeliskiem z tablic\u0105. (Stoi przed budynkiem \u201eRuchu\u201d przy ul. B. G\u0142owackiego.) W latach 1944-1945 na terenie tego obozu przetrzymywano folksdojcz\u00f3w. Ponadto w latach 1943-1944 przy tzw. wy\u0142adowni na stacji (dzi\u015b teren Szko\u0142y Podstawowej nr 9) funkcjonowa\u0142 prowizoryczny ob\u00f3z je\u0144c\u00f3w radzieckich. Przetrzymywano ich na otwartej przestrzeni, w kra\u0144cowo z\u0142ych warunkach, bowiem poza ogrodzeniem z drutu kolczastego nie by\u0142o tam \u017cadnych innych urz\u0105dze\u0144, np. zadasze\u0144 czy zaplecza kuchennego i sanitarnego.<\/p>\r\n\r\n\r\n\r\n<p><strong><img loading=\"lazy\" decoding=\"async\" class=\"alignleft size-full wp-image-1331\" src=\"https:\/\/encyklopedia.mielec.pl\/wp-content\/uploads\/2022\/11\/hnatio_zbigniew_ks.jpg\" alt=\"\" width=\"110\" height=\"150\" \/>HNATIO ZBIGNIEW<\/strong>, urodzony 18 III 1953 r. w Krakowie, syn Tadeusza i Marii z domu Stachel. Do 1971 r. nosi\u0142 nazwisko Stachel. Wychowanek sekcji pi\u0142ki no\u017cnej Wis\u0142y Krak\u00f3w. Do I-ligowej Stali Mielec (\u00f3wczesnego mistrza Polski) przyby\u0142 w 1974 r. ze Stali Stalowa Wola. W mieleckim klubie gra\u0142 do po\u0142owy lat 80. By\u0142 wsp\u00f3\u0142autorem zdobycia przez Stal tytu\u0142u mistrza Polski (1975\/1976), wicemistrza (1974\/1975) i dwukrotnie 3. miejsca (1978\/1979 i 1981\/1982). Og\u00f3\u0142em w I lidze (jako zawodnik mieleckiej Stali) rozegra\u0142 238 spotka\u0144 i zdoby\u0142\u00a04 bramki. W latach 1974-1976 wyst\u0105pi\u0142 w 11 meczach m\u0142odzie\u017cowej reprezentacji Polski, a w 1976 r. rozegra\u0142 1 mecz (z Grecj\u0105) w I reprezentacji Polski. Tygodnik \u201ePi\u0142ka No\u017cna\u201d przyzna\u0142 mu tytu\u0142 \u201eOdkrycie Roku 1975\u201d. Po wyje\u017adzie z Mielca wyst\u0119powa\u0142 w dru\u017cynach: Cracovia (1983-1986), G\u00f3ral \u017bywiec (1986-1987) i Polonia Hamilton (Kanada, od 1989 r.). Zmar\u0142 25 X 2014 r. w Kanadzie.<\/p>\r\n\r\n\r\n\r\n<p><strong>HOCHSTIM FABIAN<\/strong>, urodzony w 1825 r. Prowadzi\u0142 pracowni\u0119 kamieniarsk\u0105 w Krakowie przy ul. Poselskiej. By\u0142 jednym z najbardziej znanych i cenionych rze\u017abiarzy, wykonuj\u0105cych rze\u017aby nagrobne. Jego prace nagrodzono na wystawach w Krakowie w 1870 r. i 1872 r. oraz dyplomem honorowym na wystawie w Wiedniu w 1873 r. Powierzano mu odpowiedzialne zadania, m.in. bra\u0142 udzia\u0142 w renowacji nagrobka kr\u00f3la Kazimierza Wielkiego na Wawelu, wykona\u0142 \u0142awk\u0119 z popiersiem J.I. Kraszewskiego w Krynicy (wg projektu Wojciecha Gersona) oraz szaf\u0119 o\u0142tarzow\u0105 w synagodze Tempel w Krakowie. Wykona\u0142 wiele pomnik\u00f3w i rze\u017ab nagrobnych na cmentarzach w miastach galicyjskich, m.in. w Krakowie (cmentarz \u017cydowski, cmentarz Rakowicki), Rzeszowie, Wieliczce, Jaros\u0142awiu i Mielcu. Na cmentarzu parafialnym w Mielcu przy ul. H. Sienkiewicza do dzi\u015b zachowa\u0142o si\u0119 kilka pi\u0119knych nagrobk\u00f3w sygnowanych jego nazwiskiem, m.in. na miejscu poch\u00f3wku burmistrza J\u00f3zefa K\u0142osa, Barbary z Woll\u00f3w Szaferowej i starosty Piotra Cassiny. Zmar\u0142 w 1906 r.<\/p>\r\n\r\n\r\n\r\n<p><strong><img loading=\"lazy\" decoding=\"async\" class=\"alignleft size-full wp-image-1332\" src=\"https:\/\/encyklopedia.mielec.pl\/wp-content\/uploads\/2022\/11\/hodbod_kazimierz.jpg\" alt=\"\" width=\"110\" height=\"150\" \/>HODBOD KAZIMIERZ<\/strong>, urodzony 31 X 1896 r. w Woli Mieleckiej, syn Edwarda i Stefanii z domu Struzik. Absolwent c.k. Gimnazjum Pa\u0144stwowego w Mielcu, egzaminy maturalne zda\u0142 w 1916 r. podczas wojskowego urlopu. W czasie nauki w gimnazjum nale\u017ca\u0142 do konspiracyjnej Polskiej Dru\u017cyny Strzeleckiej. W sierpniu 1914 r. wraz z kolegami zg\u0142osi\u0142 si\u0119 do Legion\u00f3w J. Pi\u0142sudskiego i zosta\u0142 przydzielony do VI batalionu I Brygady. Od pierwszych walk wyr\u00f3\u017cnia\u0142 si\u0119 odwag\u0105 i patriotyczn\u0105 postaw\u0105, tote\u017c otrzyma\u0142 stopie\u0144 kaprala i p\u00f3\u017aniej sier\u017canta. W listopadzie 1916 r. skierowany zosta\u0142 do szko\u0142y oficerskiej przy 1 pu\u0142ku piechoty Legion\u00f3w w Modlinie. 9 VII 1917 r., stosuj\u0105c si\u0119 do zalecenia J. Pi\u0142sudskiego, odm\u00f3wi\u0142 z\u0142o\u017cenia przysi\u0119gi na \u201eWierne braterstwo broni z Niemcami i Austri\u0105\u201c. Za kar\u0119 zosta\u0142 wcielony do armii austriackiej i wys\u0142any na front w\u0142oski. Po otrzymaniu urlopu w maju 1918 r. przebywa\u0142 w Krakowie i prowadzi\u0142 z m\u0142odzie\u017c\u0105 akademick\u0105 szkolenie wojskowe. Na pocz\u0105tku listopada zg\u0142osi\u0142 si\u0119 do powstaj\u0105cego Wojska Polskiego. Po odzyskaniu niepodleg\u0142o\u015bci by\u0142 organizatorem oddzia\u0142u wojskowego, kt\u00f3ry zaprowadza\u0142 porz\u0105dek na terenach powiat\u00f3w mieleckiego i tarnobrzeskiego, m.in. rozbraja\u0142 oddzia\u0142y milicji ludowej, kt\u00f3ra z polecenia rewolucjonisty Tomasza D\u0105bala nie chcia\u0142a podporz\u0105dkowa\u0107 si\u0119 powo\u0142ywanej polskiej administracji pa\u0144stwowej. W latach 1919-1920 s\u0142u\u017cy\u0142 w kilku jednostkach, m.in. w Rzeszowie, dochodz\u0105c do stopnia podporucznika. Od kwietnia 1920 r., ju\u017c w randze porucznika, uczestniczy\u0142 w wojnie polsko-bolszewickiej, m.in. na terenach Polesia, Wo\u0142ynia i Podola. Walczy\u0142 tak\u017ce w legendarnej bitwie warszawskiej (12-15 VIII) jako dow\u00f3dca 1 kompanii w 5 Armii gen W. Sikorskiego, kt\u00f3ra naciera\u0142a na Rosjan znad rzeki Wkry. Po wojnie pozosta\u0142 w wojsku. S\u0142u\u017cy\u0142 w jednostce w Kobryniu, a p\u00f3\u017aniej w Kowlu. W 1924 r. uko\u0144czy\u0142 kurs dla m\u0142odszych oficer\u00f3w w Warszawie i awansowa\u0142 do stopnia kapitana. Podczas przewrotu majowego w dniu 13 V 1926 r. pocz\u0105tkowo zachowywa\u0142 wierno\u015b\u0107 rz\u0105dowi, ale p\u00f3\u017aniej przeszed\u0142 wraz z kompani\u0105 na stron\u0119 J. Pi\u0142sudskiego. Jeszcze w tym samym dniu zosta\u0142 ci\u0119\u017cko ranny i po kilku godzinach zmar\u0142 w Szpitalu Przemienienia Pa\u0144skiego. Pochowano go na Cmentarzu Garnizonowym w Warszawie. By\u0142 odznaczony m.in. Krzy\u017cem Srebrnym Virtuti Militari, Krzy\u017cem Walecznych, Krzy\u017cem Niepodleg\u0142o\u015bci i Z\u0142otym Krzy\u017cem Zas\u0142ugi.<\/p>\r\n\r\n\r\n\r\n<p><strong>HOLICZ BOLES\u0141AW<\/strong>, urodzony 1 X 1909 r. w Przeciszowie ko\u0142o O\u015bwi\u0119cimia, syn Ludwika i Pauliny z domu Wycza\u0142ek.. Absolwent Pa\u0144stwowego Gimnazjum im. St. Konarskiego w Mielcu, egzaminy maturalne z\u0142o\u017cy\u0142 w roku 1929. Po\u015bwi\u0119ci\u0142 si\u0119 s\u0142u\u017cbie wojskowej, w 1939 r. posiada\u0142 stopie\u0144 porucznika. Walczy\u0142 w kampanii wrze\u015bniowej 1939 r. jako dow\u00f3dca 7 kompanii 8 Pu\u0142ku Piechoty Legion\u00f3w. Poleg\u0142 pod Cze\u015bnikami 22 IX 1939 r. Pochowany w kwaterze wojennej 1939 r. na cmentarzu w Zamo\u015bciu.<\/p>\r\n\r\n\r\n\r\n<p><strong><img loading=\"lazy\" decoding=\"async\" class=\"alignleft size-full wp-image-1333\" src=\"https:\/\/encyklopedia.mielec.pl\/wp-content\/uploads\/2022\/11\/holowicki_kazimierz.jpg\" alt=\"\" width=\"110\" height=\"150\" \/>HO\u0141OWICKI KAZIMIERZ ROMAN<\/strong>, urodzony 5 VIII 1935 r. w D\u0119borzynie, powiat jasielski, syn Antoniego i Marii z domu Lis. Absolwent Technikum Mechanicznego w Wa\u0142brzychu, matur\u0119 zda\u0142 w 1953 r. Prac\u0119 zawodow\u0105 rozpocz\u0105\u0142 w 1957 r. w WSK Mielec i temu przedsi\u0119biorstwu pozosta\u0142 wierny do emerytury w 1993 r. Pracowa\u0142 na stanowiskach: konstruktora, starszego konstruktora, kierownika sekcji, zast\u0119pcy kierownika dzia\u0142u i od roku 1975 \u2013 kierownika Wydzia\u0142u F-01 (fabrykacji). W 1958 r. uko\u0144czy\u0142 studia na Wydziale Mechaniczno-Technologicznym Politechniki Warszawskiej i otrzyma\u0142 tytu\u0142 in\u017cyniera mechanika. Uzyska\u0142 tak\u017ce specjalizacj\u0119 zawodow\u0105 I stopnia w zakresie technologii \u2013 konstrukcji nowoczesnego oprzyrz\u0105dowania technologicznego i urz\u0105dze\u0144 specjalnych. By\u0142 autorem i wsp\u00f3\u0142tw\u00f3rc\u0105 szeregu projekt\u00f3w racjonalizatorskich. W latach 1965-1992 uczy\u0142 przedmiot\u00f3w zawodowych w Zespole Szk\u00f3\u0142 Technicznych w Mielcu. Otrzyma\u0142 te\u017c tytu\u0142 rzeczoznawcy zespo\u0142u SIMP. Opublikowa\u0142 cykl artyku\u0142\u00f3w specjalistycznych w \u201eG\u0142osie Za\u0142ogi\u201d. Posiada\u0142 stopie\u0144 podporucznika i nale\u017ca\u0142 do Klubu Oficer\u00f3w Rezerwy przy WSK. Wyr\u00f3\u017cniony m.in. Srebrnym Krzy\u017cem Zas\u0142ugi. W 1993 r. przeszed\u0142 na emerytur\u0119.<\/p>\r\n\r\n\r\n\r\n<p><strong><img loading=\"lazy\" decoding=\"async\" class=\"alignleft size-full wp-image-1334\" src=\"https:\/\/encyklopedia.mielec.pl\/wp-content\/uploads\/2022\/11\/holowicki_marek_ksiadz.jpg\" alt=\"\" width=\"110\" height=\"150\" \/>HO\u0141OWICKI MAREK (ksi\u0105dz)<\/strong>, urodzony 29 VI 1959 r. w Mielcu, syn Kazimierza i Ireny z domu Rado. Absolwent II Liceum Og\u00f3lnokszta\u0142c\u0105cego im. M. Kopernika w Mielcu, matur\u0119 zda\u0142 w 1978 r. Studiowa\u0142 w tarnowskim Wy\u017cszym Seminarium Duchownym i w 1984 r. przyj\u0105\u0142 \u015bwi\u0119cenia kap\u0142a\u0144skie. Jako wikariusz i katecheta pracowa\u0142 kolejno w Chomranicach, \u0141\u0105kach G\u00f3rnych, Zabrniu i Szczepanowie. W 1995 r. uko\u0144czy\u0142 studia magisterskie z zakresu patrologii w Katolickim Uniwersytecie Lubelskim. Od 1999 r. pe\u0142ni funkcj\u0119 proboszcza parafii Matki Bo\u017cej Kr\u00f3lowej i \u015bw. Judy Tadeusza Aposto\u0142a w \u0141\u0105czkach Brzeskich.<\/p>\r\n\r\n\r\n\r\n<p><strong>HO\u0141UBOWICZ KAZIMIERZ<\/strong>, urodzony w 1859 r. w Podolu ko\u0142o Nowego S\u0105cza, syn W\u0142adys\u0142awa i Heleny z Sobolewskich. Absolwent szko\u0142y realnej w Krakowie. Matur\u0119 zda\u0142 w 1877 r. w Jaros\u0142awiu. W 1883 r. uko\u0144czy\u0142 studia na Wydziale Architektury Wy\u017cszej Szko\u0142y Technicznej w Wiedniu. Odby\u0142 praktyki w renomowanych pracowniach w Krakowie i otrzyma\u0142 koncesj\u0119 na roboty i us\u0142ugi budowlane. Po wygranym konkursie w 1889 r. zosta\u0142 budowniczym miejskim przy Magistracie Miasta Rzeszowa. Wni\u00f3s\u0142 znaczny wk\u0142ad w rozw\u00f3j architektury Rzeszowa poprzez opracowanie planu miasta, projektowanie lub kierowanie zespo\u0142ami projektant\u00f3w szeregu obiekt\u00f3w, m.in. w rejonie ulic: 3 Maja, Zamkowej i alei Pod Kasztanami. Udane realizacje jego projekt\u00f3w spowodowa\u0142y, \u017ce otrzymywa\u0142 zam\u00f3wienia z innych miejscowo\u015bci. Mielec zawdzi\u0119cza mu niezwyk\u0142\u0105 bry\u0142\u0119 Pa\u0142acyku Oborskich. Hrabia Wac\u0142aw Oborski zleci\u0142 Ho\u0142ubowiczowi przebudow\u0119 dworu \u2013 wieloletniej siedziby w\u0142a\u015bcicieli maj\u0105tku mieleckiego. Cho\u0107 rzeszowski architekt wykona\u0142 zlecenie po\u0142owicznie (zaprojektowa\u0142 tylko przebudow\u0119 po\u0142owy obiektu), to pa\u0142acyk z 1905 r. jest do dzi\u015b przedmiotem podziwu zar\u00f3wno mielczan, jak i go\u015bci z zewn\u0105trz. Zmar\u0142 w 1936 r. w Krakowie.\u00a0<\/p>\r\n\r\n\r\n\r\n<p><strong><img loading=\"lazy\" decoding=\"async\" class=\"alignleft  wp-image-3373\" src=\"https:\/\/encyklopedia.mielec.pl\/wp-content\/uploads\/2022\/11\/Homentowska-Antonina-Jozefa-214x300.jpg\" alt=\"\" width=\"113\" height=\"158\" srcset=\"https:\/\/encyklopedia.mielec.pl\/wp-content\/uploads\/2022\/11\/Homentowska-Antonina-Jozefa-214x300.jpg 214w, https:\/\/encyklopedia.mielec.pl\/wp-content\/uploads\/2022\/11\/Homentowska-Antonina-Jozefa-732x1024.jpg 732w, https:\/\/encyklopedia.mielec.pl\/wp-content\/uploads\/2022\/11\/Homentowska-Antonina-Jozefa-768x1075.jpg 768w, https:\/\/encyklopedia.mielec.pl\/wp-content\/uploads\/2022\/11\/Homentowska-Antonina-Jozefa-1098x1536.jpg 1098w, https:\/\/encyklopedia.mielec.pl\/wp-content\/uploads\/2022\/11\/Homentowska-Antonina-Jozefa.jpg 1350w\" sizes=\"auto, (max-width: 113px) 100vw, 113px\" \/>HOMENTOWSKA ANTONINA J\u00d3ZEFA (z domu PRZYBYCIE\u0143),<\/strong> urodzona 8 II 1932 r. w Siarach Dolnych, powiat gorlicki, c\u00f3rka Stanis\u0142awa i Stefanii ze Zwierzy\u0144skich. Absolwentka Pa\u0144stwowego Liceum Handlowego w Gorlicach z matur\u0105 w 1951 r. W m\u0142odo\u015bci uprawia\u0142a r\u00f3\u017cne dyscypliny sportowe, m.in. lekkoatletyk\u0119 i pi\u0142k\u0119 siatkow\u0105. Studia na Wydziale Wychowania Fizycznego Akademii Wychowania Fizycznego w Warszawie uko\u0144czy\u0142a w 1954 r. z tytu\u0142em magistra i uprawnieniami trenera lekkoatletyki II klasy. Po uko\u0144czeniu studi\u00f3w zosta\u0142a zatrudniona w Szkole Og\u00f3lnokszta\u0142c\u0105cej 11-klasowej TPD w Mielcu (p\u00f3\u017aniej LO nr 27 i II LO) jako nauczycielka wychowania fizycznego i w tej szkole pracowa\u0142a do przej\u015bcia na emerytur\u0119 w 1985 r. W latach 70. uko\u0144czy\u0142a Studium Przedmiotowo-Metodyczne w Raciborzu. Mia\u0142a znacz\u0105cy udzia\u0142 w usportowieniu m\u0142odzie\u017cy licealnej i wielokrotnym zdobyciu I miejsca w konkursach na najbardziej usportowion\u0105 szko\u0142\u0119 w regionie. Systematycznie i z powodzeniem przygotowywa\u0142a m\u0142odzie\u017c do konkursu \u201eNa olimpijskim szlaku\u201d. S\u0142yn\u0119\u0142a z dba\u0142o\u015bci o stan uz\u0119bienia uczni\u00f3w, m.in. systematycznie kierowa\u0142a uczni\u00f3w do stomatolog\u00f3w i sprawdza\u0142a efekty. Zosta\u0142a powo\u0142ana na stanowisko profesora szko\u0142y \u015bredniej. Wyr\u00f3\u017cniona m.in. Krzy\u017cem Kawalerskim OOP, Z\u0142otym Krzy\u017cem Zas\u0142ugi oraz nagrodami w\u0142adz o\u015bwiatowych.Zmar\u0142a 20 I 2022 r. Pochowana na cmentarzu parafialnym w Gaw\u0142uszowicach.<\/p>\r\n\r\n\r\n\r\n<p><strong><img loading=\"lazy\" decoding=\"async\" class=\"alignleft size-full wp-image-1336\" src=\"https:\/\/encyklopedia.mielec.pl\/wp-content\/uploads\/2022\/11\/homentowski_leon.jpg\" alt=\"\" width=\"110\" height=\"150\" \/>HOMENTOWSKI LEON<\/strong>, urodzony 26 I 1931 r. w Nowym Yorku (USA), syn Karola i Antoniny z Tomaszewskich. W 1951 r. uko\u0144czy\u0142 Pa\u0144stwowe Liceum Administracyjno-Gospodarcze w Mielcu i zda\u0142 egzaminy maturalne. W tym samym roku rozpocz\u0105\u0142 prac\u0119 w mieleckim oddziale ZBM \u0141\u00f3d\u017a. W latach 1952-1962 (z przerw\u0105 na s\u0142u\u017cb\u0119 wojskow\u0105) pracowa\u0142 w PKS Mielec. By\u0142 organizatorem tej plac\u00f3wki i starszym dyspozytorem, a nast\u0119pnie kierownikiem Oddzia\u0142u Terenowego PKS. W czasie s\u0142u\u017cby wojskowej (1954-1955) s\u0142u\u017cy\u0142 przymusowo w Batalionie Budowlanym Bia\u0142a Podlaska i pracowa\u0142 przy budowie tamtejszego lotniska. Od 1962 r. do 1997 r. pracowa\u0142 w O\u015brodku Szkolenia Zawodowego Kierowc\u00f3w Ligi Obrony Kraju, kt\u00f3rego by\u0142 organizatorem i kierownikiem. Udziela\u0142 si\u0119 w pracy spo\u0142ecznej. Pe\u0142ni\u0142 funkcje cz\u0142onka, wiceprezesa i sekretarza Zarz\u0105du Powiatowego i Rejonowego LOK w Mielcu oraz (przez szereg lat) cz\u0142onka Zarz\u0105du Wojew\u00f3dzkiego LOK w Rzeszowie. By\u0142 wsp\u00f3\u0142organizatorem wielu imprez LOK: motorowych, samochodowych, \u017ceglarskich, modelarskich i strzeleckich. Sprawowa\u0142 funkcj\u0119 radnego Miejskiej Rady Narodowej w Mielcu w kadencjach: 1974-1978 i 1978-1982, przed\u0142u\u017conej do 1984 r. Wyr\u00f3\u017cniony odznaczeniami pa\u0144stwowymi i resortowymi oraz Honorow\u0105 Odznak\u0105 50-lecia LOK i Z\u0142otym Medalem \u201eZa zas\u0142ugi dla LOK\u201c. W 1997 r. przeszed\u0142 na emerytur\u0119. By\u0142 cz\u0142onkiem Zwi\u0105zku \u017bo\u0142nierzy G\u00f3rnik\u00f3w Represjonowanych w latach 1949-1959. Zmar\u0142 2 V 2021 r. Pochowany na cmentarzu parafialnym w Gaw\u0142uszowicach, powiat mielecki.<\/p>\r\n\r\n\r\n\r\n<p><strong>HOMOLACZ JULIUSZ<\/strong>, urodzony 1 I 1855 r. Prac\u0119 zawodow\u0105 rozpocz\u0105\u0142 w 1877 r. w s\u0142u\u017cbie s\u0105dowej w Krakowie. Kolejnym miejscem pracy by\u0142 S\u0105d Powiatowy w Mielcu, gdzie zosta\u0142 adiunktem, a nast\u0119pnie skierowano go do Gorlic i tam orzeka\u0142 jako s\u0119dzia powiatowy. W 1898 r. zosta\u0142 uhonorowany przez ministra tytu\u0142em radcy s\u0105du krajowego i przeniesiony do S\u0105du Obwodowego w Wadowicach. W 1901 r. przeszed\u0142 do pracy w S\u0105dzie Krajowym w Krakowie. Zmar\u0142 22 XII 1904 r.<\/p>\r\n\r\n\r\n\r\n<p><strong><img loading=\"lazy\" decoding=\"async\" class=\"alignleft size-full wp-image-1337\" src=\"https:\/\/encyklopedia.mielec.pl\/wp-content\/uploads\/2022\/11\/honig_psachie.jpg\" alt=\"\" width=\"110\" height=\"150\" \/>HONIG PSACHIE<\/strong>, urodzony w 1890 r. w Mielcu, w rodzinie \u017cydowskich piekarzy. W 1924 r. wydzier\u017cawi\u0142 od Szaszkiewicz\u00f3w spalony m\u0142yn w Rzemieniu i po jego gruntownej odbudowie i unowocze\u015bnieniu produkowa\u0142 m\u0105k\u0119 do 1939 r. Opr\u00f3cz dzia\u0142alno\u015bci przemys\u0142owej udziela\u0142 si\u0119 w pracy spo\u0142ecznej. W latach 30. pe\u0142ni\u0142 funkcj\u0119 radnego Rady Miejskiej w Mielcu. Przyczyni\u0142 si\u0119 do powstania \u017cydowskiego Klubu Sportowego \u201eMaccabi\u201c i zbudowania boiska pi\u0142karskiego z ogrodzeniem. By\u0142 r\u00f3wnie\u017c za\u0142o\u017cycielem Klubu Towarzyskiego \u201eMaccabi\u201c, kt\u00f3ry skupi\u0142 post\u0119pow\u0105 m\u0142odzie\u017c i inteligencj\u0119 \u017cydowsk\u0105. Przez kilka kadencji pe\u0142ni\u0142 funkcj\u0119 prezesa \u017cydowskiej Izby Handlowej. We wrze\u015bniu 1939 r. ewakuowa\u0142 si\u0119 na wsch\u00f3d i zamieszka\u0142 we Lwowie. Po zaj\u0119ciu miasta przez wojska niemieckie (1941 r.) powr\u00f3ci\u0142 z rodzin\u0105 w okolice Mielca. Od 1942 r. ukrywa\u0142 si\u0119 u Stanis\u0142awa Dobrowolskiego w Chrz\u0105stowie. Po zako\u0144czeniu wojny Honigowie zamieszkali w Krakowie, a nast\u0119pnie wyjechali do USA. Zmar\u0142 w Nowym Yorku w 1965 r. Za uratowanie rodziny Honig\u00f3w S. Dobrowolski zosta\u0142 odznaczony medalem \u201eYad Vashem\u201c i wynagrodzony do\u017cywotni\u0105 zapomog\u0105.<\/p>\r\n\r\n\r\n\r\n<p><strong>HONKISZ MA\u0141GORZATA (z domu KAWALEC),<\/strong>\u00a0urodzona 13 VII 1964 roku\u00a0w Mielcu, c\u00f3rka J\u00f3zefa i Wandy. Absolwentka Liceum Ekonomicznego w Mielcu z matur\u0105\u00a0w 1983 r. Studia na Wydziale Ekonomicznym UMCS w Lublinie \u2013 Filia w Rzeszowie uko\u0144czy\u0142a w 1988 r. z tytu\u0142em magistra, a jej praca: \u201eZmiany strukturalne w polskim przemy\u015ble\u201d zosta\u0142a wyr\u00f3\u017cniona I Nagrod\u0105 Rektora za najlepsz\u0105 prac\u0119 magistersk\u0105. R\u00f3wnocze\u015bnie uko\u0144czy\u0142a Studium Pedagogiczne przy Politechnice Rzeszowskiej, uzyskuj\u0105c uprawnienia do nauczania przedmiot\u00f3w ekonomicznych. Prac\u0119 zawodow\u0105 rozpocz\u0119\u0142a od roku akademickiego 1988\/1989 jako asystent w Zak\u0142adzie Geografii Ekonomicznej i Planowania Przestrzennego na Wydziale Ekonomicznym UMCS \u2013 Filia w Rzeszowie. Na podstawie umowy mi\u0119dzynarodowej odby\u0142a studia doktoranckie w Instytucie Mi\u0119dzynarodowych Bada\u0144 Ekonomicznych i Politycznych Akademii Nauk w Moskwie i w 1992 r. otrzyma\u0142a stopie\u0144 naukowy doktora nauk ekonomicznych na podstawie rozprawy: \u201ePolityka ekologiczna Polski. Aspekty ekonomiczne\u201d. Poza zatrudnieniem na UMCS w Rzeszowie i w latach 2001-2004 na Uniwersytecie Rzeszowskim jako adiunkt, od 1996 r. pracowa\u0142a w Wy\u017cszej Szkole Biznesu w Tarnowie na stanowisku adiunkta, a nast\u0119pnie profesora nadzwyczajnego. Ponadto w latach 2005-2007 pe\u0142ni\u0142a funkcj\u0119 dziekana tej szko\u0142y. W zwi\u0105zku z po\u0142\u0105czeniem si\u0119 Wy\u017cszej Szko\u0142y Biznesu w Tarnowie z WSB \u2013 National Louis University w Nowym S\u0105czu, w latach 2007-2012 pe\u0142ni\u0142a funkcj\u0119 dziekana tarnowskiego Wydzia\u0142u Zamiejscowego WSB \u2013 NLU. R\u00f3wnolegle od 1999 r. do 2014 r. pracowa\u0142a na stanowisku kierownika Zak\u0142adu Ekonomii\u00a0i Nauk Spo\u0142ecznych WSB w Tarnowie, a po wspomnianej fuzji uczelni \u2013 kierownika Zak\u0142adu Ekonomii, Nauk Spo\u0142ecznych i Prawa Wydzia\u0142u Zamiejscowego w Tarnowie WSB \u2013 NLU z siedzib\u0105 w Nowym S\u0105czu. Jest autork\u0105 kilku prac naukowych, m.in. monografii: \u201ePolska polityka ekologiczna\u201d. Promotorka kilkuset prac magisterskich i licencjackich. Od 2013 r. pracuje jako nauczyciel przedmiot\u00f3w ekonomicznych w III Liceum Og\u00f3lnokszta\u0142c\u0105cym im. Adama Mickiewicza w Tarnowie. Poza prac\u0105 pedagogiczn\u0105 zajmuje si\u0119 innymi dziedzinami, mi\u0119dzy innymi dzia\u0142alno\u015bci\u0105 gospodarcz\u0105 zwi\u0105zan\u0105 z gospodark\u0105 nieruchomo\u015bciami\u00a0i konsultingiem. Po uko\u0144czeniu w 2010 r. studi\u00f3w podyplomowych z zakresu audytu\u00a0i kontroli wewn\u0119trznej w sektorze prywatnym i administracji zosta\u0142a wpisana na list\u0119 audytor\u00f3w Polskiego Instytutu Kontroli Wewn\u0119trznej. Interesuje si\u0119 polityk\u0105, sytuacj\u0105 mi\u0119dzynarodow\u0105, literatur\u0105 pi\u0119kn\u0105, filmem, muzyk\u0105 powa\u017cn\u0105, architektur\u0105 i sztuk\u0105, turystyk\u0105 g\u00f3rsk\u0105 i sportem.<\/p>\r\n\r\n\r\n\r\n<p><strong>HONOROWE KRWIODAWSTWO<\/strong>, dobrowolne i bezinteresowne oddawanie krwi na potrzeby leczenia innych ludzi. Do ko\u0144ca lat 60. XX w. nie wypracowano w Mielcu systemu pozyskiwania krwi, je\u015bli nie liczy\u0107 oddawania krwi przez poborowych w czasie poboru do wojska. Ide\u0119 systematycznego oddawania krwi rozpropagowa\u0142 Zarz\u0105d Zak\u0142adowy PCK przy WSK w 1969 r. Wtedy to na jego apel ok. 200 pracownik\u00f3w WSK odda\u0142o ok. 50 l krwi. W 1970 r. za\u0142o\u017cono Klub Honorowego Dawcy Krwi przy WSK Mielec, kt\u00f3ry w p\u00f3\u017aniejszych lat dynamicznie si\u0119 rozwija\u0142. W latach 80. i 90. powsta\u0142y i rozwin\u0119\u0142y dzia\u0142alno\u015b\u0107 kolejne KHDK na terenie miasta, m.in. przy Mieleckim Przedsi\u0119biorstwie Budowlanym, Komendzie Rejonowej Milicji Obywatelskiej, Okr\u0119gowej Sp\u00f3\u0142dzielni Mleczarskiej i Zarz\u0105dzie Rejonowym PCK. Pod koniec lat 90. wymienione KHDK zako\u0144czy\u0142y dzia\u0142alno\u015b\u0107, a ich najbardziej wytrwali cz\u0142onkowie zg\u0142osili akces do KHDK im. J. Aleksandrowicza przy WSK \u201ePZL-Mielec\u201d. W 2000 r. czo\u0142\u00f3wka Honorowych Dawc\u00f3w Krwi (powy\u017cej 20 000 ml) przedstawia\u0142a si\u0119 nast\u0119puj\u0105co: Stanis\u0142aw Babiec \u2013 27 950, Mieczys\u0142aw Bana\u015b \u2013 43 589, Artur Bator \u2013 28 200, Zdzis\u0142aw Bator \u2013 37 250, Eugeniusz B\u0105k \u2013 22 250, Sylwester Bia\u0142ek \u2013 23 900, Krzysztof Bo\u017cek \u2013 21 750, Ryszard Bryg \u2013 29 000, Wies\u0142aw Brze\u017aniak \u2013 21 800, Stanis\u0142aw Cebula \u2013 20 950, Ryszard Chydzi\u0144ski \u2013 21 650, Tadeusz Czerwi\u0144ski \u2013 26 950, W\u0142adys\u0142aw Czerwi\u0144ski \u2013 28 100, Zbigniew Czuchro \u2013 28 750, Franciszek \u0106wi\u0119ka\u0142a \u2013 30 800, Stanis\u0142aw Duda \u2013 39 410, Stanis\u0142aw Dudek \u2013 20 500, Zdzis\u0142aw Dzia\u0142o \u2013 21 450, Leszek Dzia\u0142owski \u2013 36 830, Leon Fr\u0105c \u2013 33 350, Wiktor Galwas \u2013 33 375, W\u0142adys\u0142aw Grzelak \u2013 44 850, Janusz Halota \u2013 24 250, Jerzy Jacek \u2013 29 250, Krzysztof Jachyra \u2013 20 600, Janusz Jaworowski \u2013 20 300, Leszek Kaczmarczyk \u2013 31 700, Krzysztof Kami\u0144ski \u2013 27 350, Janusz Kamuda \u2013 25 150, Marek Kamuda \u2013 24 900, Stanis\u0142aw Kaniewski \u2013 24 150, Tadeusz Kaniewski \u2013 25 600, Janusz Kawa 24 350, Stefan Kielar \u2013 23 700, Piotr Kilian \u2013 23 520, Tadeusz Kilia\u0144ski \u2013 34 750, Janusz Kipa \u2013 20 200, Adam Klich \u2013 28 000, Jan Klich \u2013 26 850, Witold Klich 24 550, Ryszard Kobos \u2013 21 950, Kazimierz Kostur \u2013 20 050, Stanis\u0142aw Ko\u015bla \u2013 30 050, Roman Kozaczka \u2013 26 400, Aleksander Krawczyk \u2013 34 650, Kazimierz Krempa \u2013 23 430, Andrzej Krupa \u2013 39 300, Krzysztof Krzysztofik \u2013 21 850, Daniel Kulig \u2013 28 150, Jan Kusik \u2013 21 490, Adam Lasek \u2013 28 000, Andrzej Leksander \u2013 24 650, Bogdan Le\u015bniak \u2013 27 400, Ryszard Liberadzki \u2013 22 550, Jan Lipa \u2013 26 150, Zdzis\u0142aw Lonczak \u2013 23 900, Stanis\u0142aw \u0141abuz \u2013 25 725, Adam Macura \u2013 24 050, Ryszard Madej \u2013 35 050, Janusz Marciniak \u2013 20 800, Zdzis\u0142aw Martinka \u2013 26 910, Bogus\u0142aw Mazur \u2013 21 300, Janusz Mazurek \u2013 23 000, Andrzej Midura \u2013 27 850, Kazimierz Mieszkowicz \u2013 34 050, Zbigniew Mi\u0142o\u015b \u2013 31 200, Jan Misiak \u2013 25 050, Micha\u0142 Morytko \u2013 22 950, Edward Obara\u00a0\u2013 21 850, Zdzis\u0142aw Or\u0142owski \u2013 28 700, Edmund Pawelczyk \u2013 29 800, Grzegorz Pazdyk \u2013 23 200, Zenon Peret \u2013 30 800, Henryk Pi\u0105tek \u2013 20 250, Andrzej Pitner \u2013 32 850, Andrzej Piwanowski \u2013 24 950, Henryk Pleban \u2013 39 400, Marek Pluta \u2013 20 900, Stanis\u0142aw Pociask \u2013 50 050, Kazimierz Polak \u2013 25 150, Jan Przybylski \u2013 25 110, Ryszard Przygoda \u2013 34 550, Andrzej Rabiniak \u2013 23 800, Leszek Romanowski \u2013 27 400, Adam R\u00f3g \u2013 28 100, Daniel Rzepecki \u2013 34 450, Janusz Rzeszutek \u2013 31 720, Kazimierz Sadecki \u2013 20 200, Franciszek Sajek \u2013 25 310, J\u00f3zef Simi\u0144ski \u2013 30 100, Mieczys\u0142aw Skop \u2013 21 950, Adam S\u0142upski \u2013 31 250, Roman Sobczak \u2013 23 050, Marek Soko\u0142owski \u2013 24 800, Jerzy Stabnicki \u2013 31 050, Aleksander Sta\u0144czyk \u2013 24 900, Adam Struga\u0142a \u2013 22 950, W\u0142adys\u0142aw Szady \u2013 27 750, Andrzej Szeglowski \u2013 22 850, Krzysztof Szokruta \u2013 23 250, Edward Szostak \u2013 21 250, J\u00f3zef \u015awi\u0119ch \u2013 27 200, Jan Tetlak \u2013 31 200, Stanis\u0142aw Tokarski \u2013 23 240, Ryszard Tomczak \u2013 30 250, Bogdan Trojnacki \u2013 42 850, Tadeusz Turek \u2013 21 550, Janusz Tuszy\u0144ski \u2013 29 300, Stanis\u0142aw Wasik \u2013 27 370, Zygmunt Werc \u2013 20 350, Krzysztof W\u0119grzyn \u2013 26 500, Marian Wiatr \u2013 25 000, Andrzej Wilk \u2013 46 000, Bogus\u0142aw Wolak \u2013 24 750, Adam Wra\u017ce\u0144 \u2013 44 300, Henryk Wra\u017ce\u0144 \u2013 23 600, Mieczys\u0142aw Wrona \u2013 26 000, Stanis\u0142aw Wr\u00f3bel \u2013 25 300, Zaremba Stanis\u0142aw \u2013 66 000, Wies\u0142aw Z\u0105bek \u2013 24 650, Stanis\u0142aw Zimny \u2013 45 550. Lista Honorowych Dawc\u00f3w Krwi, sporz\u0105dzona z okazji 30-lecia Klubu Honorowych Dawc\u00f3w Krwi im. J. Aleksandrowicza przy WSK \u201ePZL-Mielec\u201d, obejmowa\u0142a 2111 nazwisk. W 2008 r. nast\u0105pi\u0142a kolejna reorganizacja, po kt\u00f3rej dzia\u0142aj\u0105 cztery Kluby HDK. Pierwszy to Rejonowy Klub HDK przy PCK. Jego prezesem zosta\u0142 J\u00f3zef Simi\u0144ski. Wed\u0142ug stanu na koniec kwietnia 2015 r. do grona najbardziej ofiarnych honorowych dawc\u00f3w nale\u017c\u0105: Julian B\u0105k \u2013 31 850 (2015), Ryszard Bryg \u2013 40 600 (ostatni raz odda\u0142 krew w 2013 r.), Wies\u0142aw Brze\u017aniak \u2013 58 250 (2013), Franciszek \u0106wi\u0105ka\u0142a \u2013 59 500 (2012), Leszek Kaczmarczyk \u2013 56 450 (2015), Bogus\u0142aw Ko\u0142acz \u2013 34 650 (2015), Stanis\u0142aw Ko\u015bla \u2013 54 350 (2013), Ryszard Kozio\u0142 \u2013 32 750 (2015), Bogdan Le\u015bniak \u2013 59 800 (2013), Mariusz Nosek \u2013 39 150 (2014), Henryk Pi\u0105tek \u2013 34 650 (2013), S\u0142awomir Pigu\u0142a \u2013 25 650 (2014), Zdzis\u0142aw Rydzowski \u2013 29 700 (2014), Daniel Rzepecki \u2013 73 360 (2014), Franciszek Sajek \u2013 59 510 (2015), Wies\u0142aw Sajek \u2013 45 000 (2013), Janusz Satko \u2013 45 850 (2014), J\u00f3zef Simi\u0144ski \u2013 51 700 (2014), Jerzy Struga\u0142a \u2013 30 300 (2013), Edward Szostek \u2013 42 400 (2015), El\u017cbieta Wojnarowska \u2013 18 450, Krzysztof Wojnarowski \u2013 47 400 (2015), Wies\u0142aw Z\u0105bek \u2013 56 600 (2015), Leszek Zi\u0119ba \u2013 31 950 (2014). W zwi\u0105zku z zagini\u0119ciem cz\u0119\u015bci dokumentacji i nieporozumieniami w gronie dzia\u0142aczy, postanowiono nie podawa\u0107 danych a\u017c do czasu wyja\u015bnienia si\u0119 tych spraw.<\/p>\r\n\r\n\r\n\r\n<p><strong>HONOROWE OBYWATELSTWO MIELCA,<\/strong>\u00a0wyr\u00f3\u017cnienie nadawane przez Rad\u0119 Miasta Mielca za nadzwyczajne zas\u0142ugi dla miasta lub jako wyraz najwy\u017cszego uznania dla dokona\u0144 indywidualnych osoby nie b\u0119d\u0105cej sta\u0142ym obywatelem Mielca. W 2019 r. odst\u0105piono od tego ostatniego warunku. Tytu\u0142 Honorowego Obywatela Miasta Mielca otrzymali:<\/p>\r\n\r\n\r\n\r\n<p>1) Eugeniusz Beneschek, starosta mielecki \u2013 1873 r.;<\/p>\r\n\r\n\r\n\r\n<p>2) Seweryn Chrz\u0105szczewski, starosta mielecki \u2013 1897 r.;<\/p>\r\n\r\n\r\n\r\n<p>3) hr. Mieczys\u0142aw Rey \u2013 prezes Wydzia\u0142u Powiatowego \u2013 1898?;<\/p>\r\n\r\n\r\n\r\n<p>4) hr. Leon Pini\u0144ski, namiestnik Galicji \u2013 1903 r.;<\/p>\r\n\r\n\r\n\r\n<p>5) Stefan S\u0119kowski, marsza\u0142ek powiatu mieleckiego &#8211; ?,<\/p>\r\n\r\n\r\n\r\n<p>6) dr Andrzej K\u0119dzior, dyrektor Krajowego Biura Melioracyjnego we Lwowie \u2013 1913 r.;<\/p>\r\n\r\n\r\n\r\n<p>7) Mieczys\u0142aw Zarzecki, starosta mielecki \u2013 22 III 1928 r.;<\/p>\r\n\r\n\r\n\r\n<p>8) Zygmunt Szlichting, starosta mielecki \u2013 1938 r.;<\/p>\r\n\r\n\r\n\r\n<p>9) Lech Wa\u0142\u0119sa, by\u0142y przyw\u00f3dca NSZZ \u201eSolidarno\u015b\u0107\u201c \u2013 1990;<\/p>\r\n\r\n\r\n\r\n<p>10) Edward Kazimierski, by\u0142y wiceprezes FKS Stal Mielec z czas\u00f3w jego najwi\u0119kszych sukces\u00f3w &#8211; 2019 r.<\/p>\r\n\r\n\r\n\r\n<p>11) Grzegorz Lato, pi\u0142karz FKS Stal Mielec, jeden z najwybitniejszych pi\u0142karzy w historii polskiej pi\u0142ki no\u017cnej &#8211; 2019 r.<\/p>\r\n\r\n\r\n\r\n<p><strong>HONOROWYCH DAWC\u00d3W KRWI (PARK)<\/strong>, og\u00f3lnodost\u0119pny park na terenie pomi\u0119dzy ulicami: S. \u017beromskiego, Kazimierza Jagiello\u0144czyka i Wolno\u015bci oraz placem przy Hali Targowej. Patronat HDK otrzyma\u0142 na podstawie uchwa\u0142y nr XL\/395\/2017 Rady Miejskiej w Mielcu z dnia 28 XI 2017 r.<\/p>\r\n\r\n\r\n\r\n<p>Patroni: HONOROWI DAWCY KRWI dobrowolnie i bezinteresownie oddaj\u0105 krew na potrzeby leczenia innych ludzi. Wnioskuj\u0105c o patronat nad parkiem w pobli\u017cu Szpitala Powiatowego, chciano wyr\u00f3\u017cni\u0107 humanitarn\u0105 postaw\u0119 HDK oraz ukaza\u0107 przyk\u0142ady po\u015bwi\u0119cania si\u0119 ludzi zdrowych na rzecz ludzi chorych.\u00a0<\/p>\r\n\r\n\r\n\r\n<p><strong>HOROWIC JAKUB (JAKUB ROPSZYCER, YAKOV YEKI b\u2019NAFTALI ZVI HOROWITZ RUBIN)<\/strong>, syn Naftalego z Ropczyc, jednego z najs\u0142ynniejszych cadyk\u00f3w. By\u0142 prawnukiem najs\u0142ynniejszego z cadyk\u00f3w \u2013 Ellimelecha z Le\u017cajska, a w pi\u0105tym pokoleniu \u2013 potomkiem Izraela z Mi\u0119dzyborza \u2013 tw\u00f3rcy chasydyzmu. Od 1804 r. sprawowa\u0142 godno\u015b\u0107 rabina Kolbuszowej, a od 1810 r. by\u0142 rabinem Mielca. Zgodnie z legend\u0105 zosta\u0142 wykradziony i wywieziony noc\u0105 z Kolbuszowej przez mielecka gmin\u0119 \u017cydowsk\u0105. Jego potomkowie, kt\u00f3rzy przybrali nazwisko Horowic, tradycyjnie piastowali w Mielcu funkcje rabin\u00f3w. Jakub H. zosta\u0142 pochowany na mieleckim kirkucie, a jego gr\u00f3b stanowi\u0142 miejsce licznych pielgrzymek wsp\u00f3\u0142wyznawc\u00f3w.<\/p>\r\n\r\n\r\n\r\n<p><strong>HOROWITZ ABRAHAM ABBA<\/strong>, urodzony w 1897 r. w Mielcu, syn Naftalego i Racheli z Halbersztam\u00f3w. Nauki pobiera\u0142 od Shmula Engela z Radomy\u015bla Wielkiego i Meira Yehiela Halstocka z Ostrowca. Po o\u017cenku z c\u00f3rk\u0105 rabina w rumu\u0144skiej miejscowo\u015bci Sapanta i przeniesieniu si\u0119 te\u015bcia do Munkacza, obj\u0105\u0142 funkcj\u0119 rabina. Jednym z jego dokona\u0144 w Sapancie by\u0142o zorganizowanie jesziwy (szko\u0142y) dla 50 student\u00f3w. W 1924 r. zosta\u0142 rabinem w Nagykaroly (dzi\u015b Carea) w Rumunii i tam r\u00f3wnie\u017c za\u0142o\u017cy\u0142 jesziw\u0119. By\u0142 autorem szeregu publikacji, m.in. Barukh Matir Assurim (Sienna 1935). W 1942 r. zosta\u0142 aresztowany i wywieziony do hitlerowskiego obozu koncentracyjnego w O\u015bwi\u0119cimiu, a nast\u0119pnie zamordowany (wraz z dwoma synami) w 1944 r.<\/p>\r\n\r\n\r\n\r\n<p><strong>HOROWITZ ELIMELECH<\/strong>, urodzony w 1881 r. w Mielcu, syn Naftalego i Racheli z Halbersztam\u00f3w. Pomaga\u0142 ojcu jako jeden z rabin\u00f3w synagogalnych w Mielcu, st\u0105d u\u017cywa\u0142 te\u017c tytu\u0142u Melicer Rebe. Ponadto, co nie jest pewne, pe\u0142ni\u0142 funkcj\u0119 rabina w Borowej, powiat mielecki. Po I wojnie \u015bwiatowej wyjecha\u0142 do Stan\u00f3w Zjednoczonych AP, ale powr\u00f3ci\u0142 i zamieszka\u0142 w Krakowie. Komponowa\u0142 pie\u015bni i melodie chasydzkie. W czasie okupacji hitlerowskiej zosta\u0142 deportowany przez Niemc\u00f3w do Radomy\u015bla Wielkiego, gdzie prawdopodobnie pe\u0142ni\u0142 funkcj\u0119 rabina. Zgin\u0105\u0142 wraz z grup\u0105 radomyskich \u017byd\u00f3w 19 VII 1942 r. w czasie likwidacji przez hitlerowc\u00f3w spo\u0142eczno\u015bci \u017cydowskiej. Do ostatniej chwili przed egzekucj\u0105 zachowywa\u0142 si\u0119 z godno\u015bci\u0105 i podtrzymywa\u0142 \u017byd\u00f3w na duchu, \u015bpiewaj\u0105c w\u0142asn\u0105 przygotowan\u0105 na chwil\u0119 \u015bmierci pie\u015b\u0144 Nishmat Kol Hai. Spoczywa na kirkucie w Radomy\u015blu Wielkim.<\/p>\r\n\r\n\r\n\r\n<p><strong>HOROWITZ MARKUS<\/strong>, urodzony w Mielcu w 2. po\u0142. XIX w. Przemys\u0142owiec narodowo\u015bci \u017cydowskiej, wsp\u00f3\u0142w\u0142a\u015bciciel fabryki myd\u0142a w Mielcu. Przez szereg lat pe\u0142ni\u0142 funkcj\u0119 radnego Rady Gminnej (Miejskiej) w Mielcu. By\u0142 wsp\u00f3\u0142za\u0142o\u017cycielem i przez pewien czas kierownikiem Towarzystwa Kredytowego dla Handlu i Przemys\u0142u (dzia\u0142a\u0142o w latach 1890-1935 r.). W zwi\u0105zku z czasowym rozwi\u0105zaniem Rady Gminnej w latach 1901-1903 reprezentowa\u0142 gmin\u0119 \u017cydowsk\u0105 w Radzie Przybocznej Burmistrza. W 1911 r. zosta\u0142 wsp\u00f3\u0142za\u0142o\u017cycielem \u017cydowskiego Zak\u0142adu Kredytowego. W latach 1913-1915 udost\u0119pni\u0142 3 pomieszczenia w swojej kamienicy przy ul. Sandomierskiej na zaj\u0119cia \u017be\u0144skiego Seminarium Nauczycielskiego. Po odzyskaniu przez Polsk\u0119 niepodleg\u0142o\u015bci w listopadzie 1918 r. powo\u0142any zosta\u0142, jako przedstawiciel gminy \u017cydowskiej, do Polskiej Rady Szkolnej Okr\u0119gowej nadzoruj\u0105cej o\u015bwiat\u0119 w powiecie mieleckim. By\u0142 tak\u017ce cz\u0142onkiem pierwszej Rady Szkolnej Powiatowej w Mielcu, powo\u0142anej 10 VIII 1921 r., a nast\u0119pnie cz\u0142onkiem tej\u017ce Rady w drugiej kadencji. Data \u015bmierci nieznana.<\/p>\r\n\r\n\r\n\r\n<p><strong><img loading=\"lazy\" decoding=\"async\" class=\"alignleft  wp-image-1338\" src=\"https:\/\/encyklopedia.mielec.pl\/wp-content\/uploads\/2022\/11\/horowitz_menachem.jpg\" alt=\"\" width=\"73\" height=\"100\" \/>HOROWITZ MENACHEM MENDEL<\/strong>, urodzony w Mielcu, syn Naftalego i Racheli z Halbersztam\u00f3w. Mieleckim rabinem zosta\u0142 prawdopodobnie w 1916 r. po \u015bmierci ojca w Wiedniu. W 1939 r. nie uciek\u0142 przed okupacj\u0105 hitlerowsk\u0105 i pozosta\u0142 ze spo\u0142eczno\u015bci\u0105 \u017cydowsk\u0105 w Mielcu. By\u0142 te\u017c w\u015br\u00f3d \u017byd\u00f3w w czasie ich wyprowadzenia z Mielca przez hitlerowc\u00f3w (9 III 1942 r.) i zosta\u0142 zamordowany w jednym z hitlerowskich oboz\u00f3w zag\u0142ady na Lubelszczy\u017anie, prawdopodobnie w Be\u0142\u017ccu.<\/p>\r\n\r\n\r\n\r\n<p>&nbsp;<\/p>\r\n<p><strong><img loading=\"lazy\" decoding=\"async\" class=\"alignleft  wp-image-1339\" src=\"https:\/\/encyklopedia.mielec.pl\/wp-content\/uploads\/2022\/11\/horowitz_naftali.jpg\" alt=\"\" width=\"83\" height=\"113\" \/>HOROWITZ NAFTALI<\/strong>, urodzony w 1845 r. w Mielcu, syn Yehudy (Judy) i Raizel Sury Shapiro. Jego wykszta\u0142ceniem i wychowaniem zajmowa\u0142 si\u0119 pocz\u0105tkowo ojciec, a nast\u0119pnie studiowa\u0142 Tor\u0119 i Talmud u Rabiego Hayima Halbersztama z Nowego S\u0105cza i u Josefa Barucha. Rabinem mieleckim zosta\u0142 po \u015bmierci ojca w 1879 r. W 1915 r. wyjecha\u0142 do Wiednia i tam zmar\u0142 w 1916 r. Jego zw\u0142oki przewieziono do Mielca i pochowano na kirkucie przy drodze do Cyranki (dzi\u015b ul. Jadernych). Jego komentarze do Talmudu \u2013 Kedushat Naftali wydano w Nowym Jorku w 1950 r.<\/p>\r\n\r\n\r\n\r\n<p>&nbsp;<\/p>\r\n<p><strong>HOROWITZ YITZHAK (IZAAK)<\/strong>, urodzony w 1902 r. w Mielcu, syn Naftalego i Racheli\u00a0z Halbersztam\u00f3w. Wychowany i wykszta\u0142cony w rabinackiej rodzinie, maj\u0105c zaledwie kilkana\u015bcie lat zosta\u0142 rabinem w miasteczku na Wo\u0142yniu. Po I wojnie \u015bwiatowej wyemigrowa\u0142 do USA. Mieszka\u0142 w Nowym Jorku, a nast\u0119pnie w Cleveland i ponownie w Nowym Jorku. Zas\u0142yn\u0105\u0142 jako kompozytor i wykonawca pie\u015bni i melodii chasydzkich. By\u0142 tak\u017ce autorem wielu dyskurs\u00f3w teologicznych, m.in. Kedushas Naftali i Kevod Shabbat (Nowy Jork 1942). By\u0142 jednym z najaktywniejszych uczestnik\u00f3w marszu 400 duchownych \u017cydowskich, zorganizowanego w prote\u015bcie przeciwko brakowi reakcji rz\u0105du USA na sytuacj\u0119 \u017byd\u00f3w w Europie. Przewodniczy\u0142 zbiorowej modlitwie na schodkach Kapitolu i \u015bpiewa\u0142 modlitw\u0119 El Mole Rachamin. U\u017cywa\u0142 tytu\u0142u Melicer Rebe. Zmar\u0142 w 1978 r. Jego gr\u00f3b znajduje si\u0119 w Farmingdale (stan Nowy Jork).<\/p>\r\n\r\n\r\n\r\n<p><strong>HORTUS MUSICUS<\/strong>, Zesp\u00f3\u0142 Muzyki Dawnej \u201eHortus Musicus\u201d, m\u0142odzie\u017cowy zesp\u00f3\u0142 artystyczny funkcjonuj\u0105cy od 1998 r. w Samorz\u0105dowym Centrum Kultury w Mielcu. Jest kontynuatorem dzia\u0142alno\u015bci Zespo\u0142u Muzyki Dawnej \u201eMuzyczna Gromada\u201d, funkcjonuj\u0105cego do 1997 r. w Szkole Podstawowej Nr 7 im. I. \u0141ukasiewicza w Mielcu. Za\u0142o\u017cycielem (w 1977 r.) i pierwszym kierownikiem artystycznym \u201eMuzycznej Gromady\u201d by\u0142 Ryszard Krupa \u2013 nauczyciel tej\u017ce szko\u0142y. Pod jego opiek\u0105 zesp\u00f3\u0142 wyst\u0105pi\u0142 w lutym 1983 r. w \u201eSchola Cantorum\u201d w Kaliszu. Od roku szkolnego 1983\/ 1984 prowadzenie zespo\u0142u przej\u0105\u0142 Tomasz Nowakowski (nowy nauczyciel muzyki w SP 7), kt\u00f3ry do dzi\u015b (nieprzerwanie przez 20 lat) jest jego kierownikiem artystycznym, instruktorem i aran\u017cerem cz\u0119\u015bci repertuaru. M\u0142odzi arty\u015bci (ich sk\u0142ad zmienia si\u0119 co kilka lat) wykonuj\u0105 najcz\u0119\u015bciej muzyk\u0119 renesansow\u0105 (XV i XVI w.), rzadziej \u015bredniowieczn\u0105 i barokow\u0105, na instrumentach b\u0119d\u0105cych wsp\u00f3\u0142czesnymi kopiami instrument\u00f3w renesansowych. Tak\u017ce stroje, w kt\u00f3rych wyst\u0119puje zesp\u00f3\u0142, wykonane s\u0105 wed\u0142ug wzor\u00f3w renesansowych. W czasie ponad dwudziestoletniej dzia\u0142alno\u015bci zesp\u00f3\u0142 wyst\u0119powa\u0142 z powodzeniem na imprezach krajowych i ostatnio zagranicznych. By\u0142 wielokrotnie laureatem rejonowych i wojew\u00f3dzkich Przegl\u0105d\u00f3w Tw\u00f3rczo\u015bci Artystycznej Dzieci i M\u0142odzie\u017cy. Uczestniczy\u0142 w wielu mi\u0119dzynarodowych i krajowych festiwalach i konfrontacjach artystycznych, m.in. w Og\u00f3lnopolskim Przegl\u0105dzie Zespo\u0142\u00f3w Muzyki Dawnej \u201eSchola Cantorum\u201d w Kaliszu (1995, 1996, 2000, 2001, 2002 \u2013 \u201eSrebrna Harfa Eola\u201d i nagroda Wielkopolskiego Kuratora O\u015bwiaty), Og\u00f3lnopolskim Festiwalu Muzyki Dawnej w \u015awieradowie, Warsztatach Muzycznych w Bierzwniku, Mi\u0119dzynarodowym Festiwalu Muzyki Odnalezionej w Tarnowie (1997), Konkursie Muzyki Dawnej w \u017bywcu (1998), I i II Mi\u0119dzynarodowym Festiwalu Muzyki Organowej w Mielcu (1998, 1999), Og\u00f3lnopolskich Warsztatach Tw\u00f3rczych \u201eInterpretacja Muzyki Dawnej \u2013 Muzyka Renesansu\u201d w Przemkowie (1999, 2002), Festiwalu Muzyki Organowej i Kameralnej w Le\u017cajsku (1999) i Og\u00f3lnopolskich M\u0142odzie\u017cowych Spotkaniach z Muzyk\u0105 Dawn\u0105 \u201eMusica Antiqua \u2013 Cantores Scholares\u201d w Starachowicach (2000, 2001). Koncertowa\u0142 m.in. w Rzeszowie, Tarnowie, Malborku, J\u0119drzejowie, Kalwarii Zebrzydowskiej, Rozwadowie, Radomiu\u00a0i Sandomierzu oraz wielokrotnie w rodzimym Mielcu. Uczestniczy\u0142 w nagraniach dla TVP (Tarn\u00f3w \u2013 1997) i nagraniach muzyki Miko\u0142aja Gom\u00f3\u0142ki do s\u0142\u00f3w \u201ePsalm\u00f3w Dawidowych\u201d w t\u0142umaczeniu Jana Kochanowskiego (Sandomierz \u2013 2000). Szczeg\u00f3lnym wyr\u00f3\u017cnieniem by\u0142o reprezentowanie wojew\u00f3dztwa podkarpackiego na \u015awiatowej Wystawie EXPO 2000 w Hannowerze oraz udzia\u0142 w koncercie galowym zespo\u0142\u00f3w polskich wyst\u0119puj\u0105cych na EXPO 2000 w Teatrze Wielkim w Warszawie. W 2009 r.\u00a0i w 2010 r. zdoby\u0142 br\u0105zow\u0105 Harf\u0119 Eola, w 2011 r. \u2013 Srebrn\u0105 i Br\u0105zow\u0105 Harf\u0119 Eola, w 2012 r. Srebrn\u0105 Harf\u0119 Eola, a w 2013 r. Z\u0142ot\u0105 Harf\u0119 Eola w Og\u00f3lnopolskim Festiwalu Muzyki Dawnej \u201eSchola Cantorum\u201d w Kaliszu. W 2011 r. zosta\u0142 uhonorowany nagrod\u0105 \u201eAlbertus\u201d przez Fundusz Kulturalno-Charytatywny im. Adama Chmielowskiego w Mielcu za ca\u0142okszta\u0142t dzia\u0142alno\u015bci artystycznej. W 2013 r. wyst\u0105pi\u0142 m.in. na 20. Jubileuszowej Mi\u0119dzynarodowej Akademii Muzyki Dawnej w Pa\u0142acu w Wilanowie. W 2017 r. zdoby\u0142 II miejsce w Festiwalu &#8222;Schola Cantorum&#8221; w Kaliszu. Kolejnym laurem by\u0142a Srebrna Harfa Eola w OFMD &#8222;Schola Cantorum w Kaliszu w 2020 r.<\/p>\r\n\r\n\r\n\r\n<p><strong>HOSZARD TADEUSZ,<\/strong> urodzony 16 V 1886 r. w Mielcu, syn Edwarda. Bra\u0142 udzia\u0142 w I wojnie \u015bwiatowej (1914-1918), a nast\u0119pnie w wojnie polsko-bolszewickiej (1919-1920). W niepodleg\u0142ej Polsce s\u0142u\u017cy\u0142 w 10 Pu\u0142ku Artylerii Polowej w \u0141odzi i w 1922 r. zosta\u0142 zweryfikowany w stopniu kapitana. W 1924 r. mianowano go dow\u00f3dc\u0105 I dywizjonu i 1 XII tego roku awansowano na stopie\u0144 majora. Kolejne miejsca i stanowiska\u00a0 s\u0142u\u017cby wojskowej to: 10 Pu\u0142k (1926-1928) jako kwatermistrz i Powiatowa Komenda Uzupe\u0142nie\u0144 \u0141\u00f3d\u017a Miasto II, pocz\u0105tkowo jako praktykant, a nast\u0119pnie kierownik I\u00a0 referatu administracyjnego rezerw i zast\u0119pca komendanta. W 1929 r. zosta\u0142 zwolniony i przekazany do dyspozycji Okr\u0119gu Korpusu Nr IV, a 31 I 1930 r. przeniesiony w stan spoczynku. Bra\u0142 udzia\u0142 w kampanii wrze\u015bniowej 1939 r. i zosta\u0142 wzi\u0119ty przez Niemc\u00f3w do niewoli. Jako jeniec wojenny wi\u0119ziony by\u0142 w Stalagu XIII A (N\u00fcrnberg \u2013 Langwasser), Oflagu XI B (Braunschweig) i Oflagu II C Woldenberg. Dalsze losy dotychczas nieznane.<\/p>\r\n\r\n\r\n\r\n<p><strong><img loading=\"lazy\" decoding=\"async\" class=\"alignleft size-full wp-image-1340\" src=\"https:\/\/encyklopedia.mielec.pl\/wp-content\/uploads\/2022\/11\/hoszowska_malgorzata.jpg\" alt=\"\" width=\"110\" height=\"150\" \/>HOSZOWSKA MA\u0141GORZATA (z domu M\u0105dracka)<\/strong>, urodzona 4 V 1952 r. w Przec\u0142awiu, c\u00f3rka Mieczys\u0142awa\u00a0i Wandy z domu R\u0105pa\u0142a. Absolwentka II Liceum Og\u00f3lnokszta\u0142c\u0105cego im. M. Kopernika w Mielcu, egzaminy maturalne zda\u0142a w 1971 r. W 1976 r. uko\u0144czy\u0142a studia z zakresu filologii polskiej na Uniwersytecie Jagiello\u0144skim w Krakowie i otrzyma\u0142a tytu\u0142 magistra. Od 1976 r. do 1987 r. pracowa\u0142a jako redaktor w \u201eG\u0142osie Za\u0142ogi\u201d \u2013 gazecie zak\u0142adowej WSK Mielec. W latach 1987-1988 uczestniczy\u0142a w prowadzeniu rodzinnej firmy \u201eBia\u0142a \u017baba\u201d, a w latach 1991-1993 pracowa\u0142a w Liceum Medycznym jako nauczycielka j\u0119zyka polskiego. Od jesieni 1993 r. przez nieca\u0142y rok prowadzi\u0142a Biuro Poselskie pos\u0142a Zbigniewa M\u0105czki, a w latach 1994-1995 pe\u0142ni\u0142a funkcj\u0119 redaktora naczelnego Tygodnika \u201eKORSO\u201d. Od powstania w 1995 r. Oddzia\u0142u Agencji Rozwoju Przemys\u0142u w Mielcu, zarz\u0105dzaj\u0105cego SSE \u201eEuro-Park Mielec\u201d, by\u0142a kierownikiem Biura Obs\u0142ugi Inwestor\u00f3w w tym\u017ce Oddziale oraz zajmowa\u0142a si\u0119 promocj\u0105 mieleckiej SSE. Od wielu lat prowadzi \u0142a dzia\u0142alno\u015b\u0107 polityczn\u0105 i spo\u0142eczn\u0105. W latach 1990-1994 pe\u0142ni\u0142a funkcj\u0119 przewodnicz\u0105cej Ko\u0142a Unii Demokratycznej (p\u00f3\u017aniej Unii Wolno\u015bci) w Mielcu, a w 1998 r. ponownie powierzono jej t\u0119 funkcj\u0119. W tym samym czasie by\u0142a cz\u0142onkiem Rady Regionalnej UW w Rzeszowie. Uczestniczy\u0142a w prowadzeniu kampanii wyborczej dla Z. M\u0105czki, zako\u0144czonej jego wyborem do Sejmu RP\u00a0w 1993 r., a nast\u0119pnie w prowadzeniu dw\u00f3ch kampanii wyborczych na rzecz Komitetu Wyborczego \u201eNasz Mielec\u201d. W 2001 r. kandydowa\u0142a do Sejmu RP z ramienia Unii Wolno\u015bci oraz zainicjowa\u0142a powstanie Mieleckiego Forum Kobiet. Z dniem 14 VIII 2013 r. przesz\u0142a na emerytur\u0119.<\/p>\r\n<p><strong>HOTEL \u201eADELA\u201d,<\/strong> zosta\u0142 zbudowany w latach 2021-2023 w Mielcu przy ul. Partyzant\u00f3w i oddany do u\u017cytku 30 I 2023 r. W\u0142a\u015bcicielem hotelu jest Henryk Bury \u2013 w\u0142a\u015bciciel firmy Bury Sp. z o.o. Nazwa pochodzi od imienia matki Henryka Burego \u2013 Adeli. Autorem projektu budowlanego jest Edward Terczy\u0144ski, a g\u0142\u00f3wnym wykonawc\u0105 \u2013 Firma Budowlana Arkada Mielec. Hotel zasilany jest energi\u0105 s\u0142oneczn\u0105 \u2013 fotowoltaik\u0105. Ma 25 pokoi z 42 miejscami noclegowymi.<\/p>\r\n\r\n\r\n\r\n<p><strong>HOTEL \u201eATENA\u201d<\/strong>, usytuowany przy ul. Przemys\u0142owej obok skrzy\u017cowania z ul. Mazursk\u0105. Rozpocz\u0105\u0142 dzia\u0142alno\u015b\u0107 19 XI 2005 r. Jego w\u0142a\u015bcicielami s\u0105 bracia Piotr i Janusz Mazurowie. Ma 17 pokoi. Prowadzi restauracj\u0119 \u2013 tak\u017ce o nazwie Atena. Organizuje r\u00f3\u017cnego rodzaju imprezy i uroczysto\u015bci, m.in. konferencje, szkolenia, imprezy promocyjne i integracyjne oraz przyj\u0119cia okoliczno\u015bciowe do 200 os\u00f3b. Wykonuje us\u0142ugi cateringowe. Ponadto oferuje saun\u0119 such\u0105 i parow\u0105 oraz hydromasa\u017c ze \u015bwiat\u0142oterapi\u0105.\u00a0Nazwa hotelu ATENA to wyraz fascynacji w\u0142a\u015bcicieli bogat\u0105 histori\u0105 i kultur\u0105 staro\u017cytnej Grecji.<\/p>\r\n\r\n\r\n\r\n<p><strong>HOTELE ROBOTNICZE WSK<\/strong>, wybudowane w latach 50. w ramach infrastruktury Osiedla Fabrycznego WSK. Ich podstawowym celem by\u0142o zapewnienie tymczasowego mieszkania pracownikom WSK, g\u0142\u00f3wnie samotnym, a p\u00f3\u017aniej tak\u017ce m\u0142odym rodzinom.\u00a0W ka\u017cdym z nich, poza pokojami i kuchniami, znajdowa\u0142y si\u0119 m.in. \u015bwietlice, zbiorowe \u0142azienki i ubikacje oraz pralnie i suszarnie. Nosi\u0142y nazwy: 1) \u201eCentralny\u201d (popularna nazwa \u201eSetka\u201d) \u2013 przy ul. E. Biernackiego, 2) \u201eGoplana\u201d \u2013 przy ul. W. Sikorskiego, 3) \u201eIkar\u201d \u2013 przy ul. Wyspia\u0144skiego, 4) \u201eIskra\u201d \u2013 przy ul. 22 Lipca (al. Niepodleg\u0142o\u015bci), 5) \u201eWis\u0142oka\u201d \u2013 przy ul. 22 Lipca (al. Niepodleg\u0142o\u015bci),\u00a06) \u201eSta\u017cysta\u201d \u2013 przy ul. E. Biernackiego. Spo\u0142eczno\u015b\u0107 ka\u017cdego z tych hoteli wybiera\u0142a samorz\u0105d, kt\u00f3ry inspirowa\u0142 i organizowa\u0142, wsp\u00f3lnie z kierownictwami hoteli, r\u00f3\u017cne formy dzia\u0142alno\u015bci o\u015bwiatowej, kulturalnej i sportowej. Uczestniczono w og\u00f3lnopolskich konkursach hoteli robotniczych i zdobywano szereg cennych nagr\u00f3d. W po\u0142owie lat 90. XX w., w rezultacie restrukturyzacji WSK, niekt\u00f3re budynki hotelowe sprzedano innym instytucjom lub oddano za zobowi\u0105zania podatkowe Gminie Miejskiej Mielec. Budynek by\u0142ego Hotelu \u201eIkar\u201d przeznaczono na mieszkania i utworzono Sp\u00f3\u0142dzielni\u0119 Mieszkaniow\u0105 \u201eIkar\u201d, budynek Centralnego\u201d zosta\u0142 zaj\u0119ty przez MZBM oraz m.in. redakcj\u0119 \u201eKorso\u201d, budynek \u201eGoplany\u201d zaj\u0105\u0142 w ca\u0142o\u015bci Oddzia\u0142 ZUS, a pokoje i pomieszczenia \u201eWis\u0142oki\u201d i \u201eIskry\u201d zosta\u0142y wynaj\u0119te firmom prywatnym. Pod koniec 2000 r. jedynie \u201eSta\u017cysta\u201d, po przeznaczeniu wi\u0119kszej cz\u0119\u015bci pomieszcze\u0144 na mieszkania, zachowa\u0142 pokoje go\u015bcinne. (Straci\u0142 jednak status hotelu.)<\/p>\r\n\r\n\r\n\r\n<p><strong>HOTEL \u201eISKIERKA\u201d<\/strong>, trzygwiazdkowy, znajduje si\u0119 w zachodniej cz\u0119\u015bci SSE EURO-PARK MIELEC, przy ul. Strefowej, ale ze starym adresem: Wojska Polskiego 3. Dysponuje 54 pokojami, w tym 12 suite. Posiada: bistro, restauracj\u0119 klubow\u0105, sal\u0119 bankietow\u0105, sal\u0119 konferencyjn\u0105, Klub Muzyczny \u201eONYX\u201d i kr\u0119gielni\u0119. Jest organizatorem imprez artystycznych i towarzyskich. Wykonuje us\u0142ugi cateringowe.<\/p>\r\n\r\n\r\n\r\n<p><strong>HOTEL JASSEGO<\/strong>, zbudowany zosta\u0142 ok. 1902 r. w pobli\u017cu stacji kolejowej (p\u00f3\u017aniej ul. B. G\u0142owackiego), posiada\u0142 kilka pokoi i restauracj\u0119 \u201eAdria\u201d (by\u0142a te\u017c lokalem nocnym). W latach 30. cz\u0119\u015b\u0107 dwupi\u0119trowego budynku przeznaczono na mieszkania. Hotel zako\u0144czy\u0142 oficjaln\u0105 dzia\u0142alno\u015b\u0107 na pocz\u0105tku okupacji hitlerowskiej. Po II wojnie \u015bwiatowej budynek u\u017cytkowany by\u0142 przez firmy handlowe, Zak\u0142ad Energetyczny i PKS. W bardzo mro\u017an\u0105 noc z 1 na 2 III 1987 r. zapali\u0142a si\u0119 jego g\u00f3rna cz\u0119\u015b\u0107 i mimo natychmiastowej interwencji mieleckiej stra\u017cy po\u017carnej budynek uleg\u0142 zniszczeniu. Nie zdecydowano si\u0119 na jego odbudowanie i ostatecznie rozebrano.<\/p>\r\n<p><br \/><strong>HOTEL \u201eJUBILAT\u201d<\/strong>, oddany do u\u017cytku przez WSK we wrze\u015bniu 1971 r. pod nazw\u0105 \u201eDom Wycieczkowy Jubilat\u201d. Nale\u017ca\u0142 do kompleksu sportowo-rekreacyjnego FKS Stal. Wykonywa\u0142 funkcje nie tylko hotelu sportowego, ale tak\u017ce s\u0142u\u017cy\u0142 miastu jako hotel og\u00f3lnodost\u0119pny o wysokim (w\u00f3wczas) standardzie. Na listy jego go\u015bci wpisywano m.in. sportowc\u00f3w \u2013 reprezentant\u00f3w kraj\u00f3w z r\u00f3\u017cnych stron \u015bwiata i wybitnych polskich sportowc\u00f3w, uczestnik\u00f3w mi\u0119dzynarodowych konferencji i misji gospodarczych, przedstawicieli miast partnerskich, artyst\u00f3w i biznesmen\u00f3w. Z biegiem lat jego stan pogarsza\u0142 si\u0119. W 1996 r., w ramach restrukturyzacji WSK \u201ePZL-Mielec\u201d, zosta\u0142 sprzedany firmie \u201eTURBO Audio-Video\u201d Sp. z o.o. (od 1997 r. \u201eJubilat\u201d Sp. z o.o.). Nowi w\u0142a\u015bciciele przeprowadzili jego gruntowny remont i znacznie rozszerzyli zakres us\u0142ug o m.in. Fitness Club, Night Club, Ogr\u00f3dek Le\u015bny i Catering Service. Stworzenie odpowiednich warunk\u00f3w sk\u0142oni\u0142o wielu organizator\u00f3w do lokowania w \u201eJubilacie\u201d sympozj\u00f3w, konferencji, spotka\u0144 i imprez rozrywkowych. Wysoki standard hotelu potwierdzony zosta\u0142 przyznaniem mu trzech gwiazdek. Z dniem 1 I 2001 r. zmieni\u0142 nazw\u0119 na HOTEL POLSKI. Poza podstawowymi us\u0142ugami hotelowymi jest wsp\u00f3\u0142organizatorem i miejscem wielu imprez, m.in.: Targ\u00f3w \u015alubnych, Festiwalu Ryb i Owoc\u00f3w Morza, Bryd\u017cowego Kongresu Noworocznego, Turnieju Bryd\u017cowego o Puchar Prezydenta Miasta Mielca, Gali Mieleckiego Sportu i Gali \u201eMielczanin Roku\u201d oraz konferencji i sympozj\u00f3w.<\/p>\r\n\r\n\r\n\r\n\r\n\r\n\r\n\r\n<p><strong>HOTEL MIEJSKI<\/strong>, rozpocz\u0105\u0142 dzia\u0142alno\u015b\u0107 na pocz\u0105tku lat 50. XX w. po upa\u0144stwowieniu Hotelu Marii Wery\u0144skiej, w budynku przy al. J. Stalina (p\u00f3\u017aniej ul. A. Mickiewicza). Prowadzi\u0142o go Miejskie Przedsi\u0119biorstwo Gospodarki Komunalnej. W latach 60., w zwi\u0105zku z wykupieniem budynku przez PSS \u201eSpo\u0142em\u201d, hotel zosta\u0142 przeniesiony do budynku przy Al. Niepodleg\u0142o\u015bci 14. W latach 80. jego administratorem zosta\u0142 O\u015brodek Sportu i Rekreacji w Mielcu i w\u00f3wczas hotelowi nadano nazw\u0119 \u201eLotnik\u201d. Pod koniec lat 80. przeszed\u0142 pod zarz\u0105d WOSiR \u201eResovia\u201d, a w latach 90. zosta\u0142 zlikwidowany.<\/p>\r\n\r\n\r\n\r\n<p><strong>HOTEL PA\u0143STWOWEGO GOSPODARSTWA OGRODNICZEGO<\/strong>, oddany do u\u017cytku w kwietniu 1987 r. przy ul. J. Gagarina (p\u00f3\u017aniej al. Ducha \u015awi\u0119tego). By\u0142 klasycznym blokiem mieszkalnym, tote\u017c w latach 90. jego pokoje przeznaczono na mieszkania.<\/p>\r\n\r\n\r\n\r\n<p><strong>HOTEL \u201ePOD Z\u0141OTYM OR\u0141EM\u201d<\/strong>, urz\u0105dzony w kamienicy w p\u00f3\u0142nocnej pierzei rynku, prawdopodobnie w 1902 r., po jej odbudowaniu z po\u017caru miasta w 1900 r. Jego w\u0142a\u015bcicielem by\u0142 Walter Fortgang Alter. Funkcjonowanie hotelu potwierdzi\u0142 dr Mieczys\u0142aw Or\u0142owicz w<em>\u00a0Ilustrowanym Przewodniku po Galicyi<\/em>\u00a0(Lw\u00f3w 1914). Opr\u00f3cz hotelu w kamienicy czynne by\u0142y m.in. restauracja i sklep prowadz\u0105cy sprzeda\u017c win. Dzia\u0142alno\u015b\u0107 hotelu, restauracji i sklepu przerwa\u0142a okupacja hitlerowska.<\/p>\r\n\r\n\r\n\r\n<p><strong>HOTEL \u201ePOLSKI\u201d<\/strong>, za\u0142o\u017cony zosta\u0142 w 1893 r. przez mieleckiego kupca Antoniego D\u0119bickiego w budynku w\u0142asnym przy ul. Pa\u0144skiej (obecnie ul. A. Mickiewicza 5). Po wielkim po\u017carze Mielca w 1900 r. i odbudowie kamienicy, wznowiono dzia\u0142alno\u015b\u0107 hotelarsk\u0105 w 4 pokojach go\u015bcinnych. (Mie\u015bci\u0142y si\u0119 na pierwszym pi\u0119trze oficyny od ul. Sandomierskiej.) Hotel dysponowa\u0142 te\u017c w\u0142asn\u0105 restauracj\u0105 i pokojem do \u015bniada\u0144. Go\u015bcie podr\u00f3\u017cuj\u0105cy zaprz\u0119gami konnymi mogli pozostawi\u0107 konie i pojazdy w stajni i wozowni, kt\u00f3re urz\u0105dzono w podw\u00f3rzu s\u0105siedniego budynku nale\u017c\u0105cego tak\u017ce do D\u0119bickich (aktualnie ul. A. Mickiewicza 7). Dzia\u0142alno\u015b\u0107 hotelu odnotowano w<em>\u00a0Ilustrowanym Przewodniku po Galicyi<\/em>\u00a0(Lw\u00f3w, 1914). Po \u015bmierci A. D\u0119bickiego hotel prowadzi\u0142a jego \u017cona Emilia (do po\u0142owy 1922 r.), a nast\u0119pnie ich syn Eugeniusz D\u0119bicki (do oko\u0142o 1925 r.).<\/p>\r\n\r\n\r\n\r\n<p><strong>HOTEL REICHA<\/strong>, powsta\u0142 przed I wojn\u0105 \u015bwiatow\u0105. Znajdowa\u0142 si\u0119 w kamienicy przy ul. Pa\u0144skiej, naprzeciw hotelu \u201ePolskiego\u201d. Jego dzia\u0142alno\u015b\u0107 potwierdzi\u0142 Ilustrowany Przewodnik po Galicyi (Lw\u00f3w, 1914). Zako\u0144czy\u0142 dzia\u0142alno\u015b\u0107 prawdopodobnie w latach 20. W pomieszczeniach na parterze urz\u0105dzono sklepy, a na pi\u0119trze mieszkania i tak ju\u017c pozosta\u0142o do naszych czas\u00f3w.<\/p>\r\n\r\n\r\n\r\n<p><strong>HOTEL WERY\u0143SKICH<\/strong>, powsta\u0142 pod koniec lat 20. XX w. Urz\u0105dzi\u0142 go Mateusz Wery\u0144ski w budynku w\u0142asnym przy ul. Pa\u0144skiej (p\u00f3\u017aniej J. Pi\u0142sudskiego). Opr\u00f3cz pokoi go\u015bcinnych prowadzono cukierni\u0119 i restauracj\u0119, bilard i kasyno gry w karty. W czasie okupacji hitlerowskiej dzia\u0142alno\u015b\u0107 hotelowa i rozrywkowa by\u0142a oficjalnie zabroniona, ale prowadzono j\u0105 dalej nieoficjalnie i w niewielkim zakresie. Po II wojnie \u015bwiatowej Maria Wery\u0144ska (wdowa po zmar\u0142ym w 1941 r. Mateuszu) wznowi\u0142a dzia\u0142alno\u015b\u0107 hotelowo-restauracyjn\u0105. W czasie s\u0142awetnej \u201ebitwy o handel\u201d (1950) odebrano jej zar\u00f3wno hotel, kt\u00f3ry przeznaczono na hotel miejski, (prowadzony przez MPGK), jak i restauracj\u0119, kt\u00f3r\u0105 odt\u0105d pod nazw\u0105 \u201eMy\u015bliwska\u201d prowadzi\u0142a PSS (p\u00f3\u017aniej WSS i ponownie PSS) \u201eSpo\u0142em\u201d. Po wykupieniu (od spadkobierc\u00f3w) budynku przez PSS hotel zosta\u0142 przeniesiony do bloku przy ul. 22 Lipca (p\u00f3\u017aniej al. Niepodleg\u0142o\u015bci).<\/p>\r\n\r\n\r\n\r\n<p><strong>HRYNI\u00d3W KAZIMIERZ ALEKSANDER<\/strong>, urodzony 29 V 1926 r. w Przemy\u015blu, syn Grzegorza i Heleny z domu Plecner. By\u0142 uczestnikiem II wojny \u015bwiatowej. Od 21 X 1944 r. do 8 V 1945 r. s\u0142u\u017cy\u0142 w 27 pp 2 Armii Wojska Polskiego (w stopniu kaprala zwiadowcy) i przeszed\u0142 ca\u0142y jej szlak bojowy, a nast\u0119pnie do 8 IV 1947 r. by\u0142 podoficerem 2 zapasowego pp stacjonuj\u0105cego na Ziemi Lubuskiej. W latach 1947-1954 pracowa\u0142 w PSS \u201eSpo\u0142em\u201d w Rzeszowie i gra\u0142 w siatk\u00f3wk\u0119 w dru\u017cynie Budowlanych Rzesz\u00f3w. Uko\u0144czy\u0142 tak\u017ce Pa\u0144stwowe Gimnazjum i Liceum dla Doros\u0142ych w Rzeszowie oraz zda\u0142 egzaminy maturalne w 1949 r. W 1954 r. przeni\u00f3s\u0142 si\u0119 do Mielca, podj\u0105\u0142 prac\u0119 w WSK i kontynuowa\u0142 gr\u0119 w siatk\u00f3wk\u0119 w Stali. W WSK pracowa\u0142 do 1982 r. m.in. na stanowiskach: kierownika warsztat\u00f3w, nadmistrza, kierownika dzia\u0142u i kierownika wydzia\u0142u pomocniczego. Jako zawodnik Stali przyczyni\u0142 si\u0119 do awansu dru\u017cyny siatk\u00f3wki do II ligi (1957) i do I ligi (1959). W 1956 r. otrzyma\u0142 uprawnienia instruktora I kl. pi\u0142ki siatkowej. Pracowa\u0142 tak\u017ce spo\u0142ecznie w Zarz\u0105dzie FKS Stal i w latach 1968-1969 pe\u0142ni\u0142 funkcj\u0119 opiekuna sekcji siatk\u00f3wki. Od lat 60. by\u0142 wyk\u0142adowc\u0105 przepis\u00f3w ruchu drogowego i instruktorem nauki jazdy w O\u015brodku Kszta\u0142cenia Kierowc\u00f3w LOK w Mielcu. Na emerytur\u0119 przeszed\u0142 w 1982 r. Wyr\u00f3\u017cniony m.in. Br\u0105zowym Medalem \u201eZas\u0142u\u017cony na Polu Chwa\u0142y\u201d, Medalem \u201eZa Odr\u0119, Nys\u0119 i Ba\u0142tyk\u201d, Medalem \u201eZa udzia\u0142 w walkach o Berlin\u201d i Krzy\u017cem Kawalerskim OOP oraz awansami na stopie\u0144 sier\u017canta i podporucznika. Zmar\u0142 14 V 2001 r. Spoczywa na cmentarzu na Pobitnie w Rzeszowie.<\/p>\r\n\r\n\r\n\r\n<p><strong><img loading=\"lazy\" decoding=\"async\" class=\"alignleft size-full wp-image-1341\" src=\"https:\/\/encyklopedia.mielec.pl\/wp-content\/uploads\/2022\/11\/huber_andrzej.jpg\" alt=\"\" width=\"110\" height=\"150\" \/>HUBER ANDRZEJ JAN STANIS\u0141AW<\/strong>, urodzony 24 IV 1938 r. w Ociece k\/D\u0119bicy. Absolwent Technikum Mechanicznego w D\u0119bicy, matur\u0119 zda\u0142 w 1956 r. Pracowa\u0142 jako tokarz w Jelcza\u0144skich Zak\u0142adach Samochodowych (1956-1958) i Tarnobrzeskiej Fabryce Obrabiarek (1958-1959) oraz dorywczo w r\u00f3\u017cnych zak\u0142adach pracy (1959-1961). W 1961 r. zosta\u0142 zatrudniony w WSK Mielec, pocz\u0105tkowo na stanowisku \u015blusarza, a nast\u0119pnie brakarza, mistrza i starszego technologa. W 1971 r. przeszed\u0142 do pracy w O\u015brodku Bada\u0144 Rozwojowych Sprz\u0119tu Komunikacyjnego w Mielcu (OBR SK) i pe\u0142ni\u0142 m.in. funkcje starszego konstruktora, kierownika sekcji, kierownika obs\u0142ugi M-18 i kierownika pracowni patentowej. W 1972 r. uko\u0144czy\u0142 Politechnik\u0119 Krakowsk\u0105 \u2013 Punkt Konsultacyjny w Mielcu i uzyska\u0142 tytu\u0142 in\u017cyniera mechanika, a w 1978 r. otrzyma\u0142 dyplom specjalizacji zawodowej in\u017cyniera I stopnia w zakresie konstrukcji lotniczych. Zdoby\u0142 tak\u017ce licencje mechanika lotniczego napraw i mechanika lotniczego obs\u0142ugi oraz kwalifikacje t\u0142umacza tekst\u00f3w technicznych. W 1995 r. przeszed\u0142 na rent\u0119. W czasie 35 lat pracy w WSK i OBR SK anga\u017cowa\u0142 si\u0119 w prace nad nowymi opracowaniami konstrukcji i technologii wyrob\u00f3w lotniczych. By\u0142 autorem 179 projekt\u00f3w racjonalizatorskich i otrzyma\u0142 4 patenty na wynalazki, kt\u00f3re zastosowano w bie\u017c\u0105cej produkcji. Aktywnie dzia\u0142a\u0142 w Klubie Techniki i Racjonalizacji i okresowo pe\u0142ni\u0142 funkcj\u0119 jego wiceprzewodnicz\u0105cego. By\u0142 tak\u017ce cz\u0142onkiem Zarz\u0105du G\u0142\u00f3wnego Sekcji Lotniczej Stowarzyszenia In\u017cynier\u00f3w i Mechanik\u00f3w Polskich (SIMP) w Warszawie. Nale\u017ca\u0142 ponadto do mieleckich k\u00f3\u0142: Polskiego Zwi\u0105zku Filatelistycznego, Polskiego Zwi\u0105zku Numizmatycznego i Polskiego Zwi\u0105zku Pszczelarzy. Wyr\u00f3\u017cniony m.in. Srebrnym Krzy\u017cem Zas\u0142ugi, Srebrnym Medalem za Zas\u0142ugi dla Obronno\u015bci Kraju oraz Z\u0142otymi Odznakami: SIMP, NOT i Racjonalizatora Produkcji. W 1989 r. wpisany do \u201eKsi\u0119gi Zas\u0142u\u017conych dla Miasta Mielca\u201d. Zmar\u0142 6 XI 2018 r. Pochowany na cmentarzu komunalnym w Mielcu przy ul. Kr\u00f3lowej Jadwigi.<\/p>\r\n\r\n\r\n\r\n<p><strong><img loading=\"lazy\" decoding=\"async\" class=\"alignleft size-full wp-image-1342\" src=\"https:\/\/encyklopedia.mielec.pl\/wp-content\/uploads\/2022\/11\/huber_zdzislaw-c.jpg\" alt=\"\" width=\"110\" height=\"150\" \/>HUBER ZDZIS\u0141AW KAZIMIERZ (ksi\u0105dz)<\/strong>, urodzony 19 V 1965 r. w Mielcu, syn Andrzeja i Marii z Piechot\u00f3w. Uko\u0144czy\u0142 Technikum Elektryczne w Mielcu i zda\u0142 matur\u0119 w 1985 r. 15 VII 1986 r. wst\u0105pi\u0142 do Zakonu Sercan\u00f3w (SCJ). Odby\u0142 nowicjat w Stopnicy, a nast\u0119pnie studia teologiczne w Stadnikach. W 1993 r. przyj\u0105\u0142 \u015bwi\u0119cenia kap\u0142a\u0144skie. W latach 1993-1995 odby\u0142 studia na Uniwersytecie Gregoria\u0144skim w Rzymie, a p\u00f3\u017aniej studia j\u0119zykowe w Dublinie (Irlandia). Od 1996 r. studiowa\u0142 w Turku (Finlandia) i pracowa\u0142 w tamtejszej parafii rzymskokatolickiej, a nast\u0119pnie zosta\u0142 przeniesiony do parafii w Helsinkach. Za wyr\u00f3\u017cniaj\u0105c\u0105 si\u0119 dzia\u0142alno\u015b\u0107 w\u015br\u00f3d fi\u0144skiej Polonii zosta\u0142 odznaczony Krzy\u017cem Kawalerskim OOP. W latach 1996-1998 pe\u0142ni\u0142 funkcj\u0119 sekretarza Rady Kap\u0142a\u0144skiej diecezji helsi\u0144skiej, jedynej diecezji rzymskokatolickiej w Finlandii. W 1997 r. zosta\u0142 przeniesiony z Turku do parafii Naj\u015bwi\u0119tszej Marii Panny Wniebowzi\u0119tej w Helsinkach, gdzie pracowa\u0142 jako wikariusz na obszarze oko\u0142o 10 000 km2. Zajmowa\u0142 si\u0119 r\u00f3wnie\u017c duszpasterstwem polskim na terenie dw\u00f3ch parafii helsi\u0144skich. Dzia\u0142alno\u015b\u0107 w\u015br\u00f3d Polonii pozwoli\u0142a na kontakty z Zjednoczeniem Polskim i Ambasad\u0105 RP w Helsinkach. Kontynuowa\u0142 studia na Wydziale Teologii Systematycznej Uniwersytetu w Helsinkach. Studia te musia\u0142 przerwa\u0107 w 2002 r. po mianowaniu na probostwo parafii w Jyv\u00e4skyl\u00e4 (ok. 80 000 km2). W latach 2001-2004 pe\u0142ni\u0142 tak\u017ce funkcje cz\u0142onka Rady Ekonomicznej i cz\u0142onka Zarz\u0105du Centrum Katechetycznego, a w latach 2001-2008 by\u0142 cz\u0142onkiem Kolegium Doradczego Diecezji i cz\u0142onkiem Rady Doradczej Centrum Katechetycznego. W 2008 r. skierowano go do Rzymu, aby pomaga\u0142 w przygotowaniu materia\u0142\u00f3w archiwalnych o za\u0142o\u017cycielu Zgromadzenia Ksi\u0119\u017cy Sercan\u00f3w na Kapitu\u0142\u0119 Generaln\u0105 Zgromadzenia, kt\u00f3re odby\u0142o si\u0119 w lecie 2009 r. w Rzymie. Zajmowa\u0142 si\u0119 te\u017c digitalizacj\u0105 materia\u0142\u00f3w archiwalnych Zgromadzenia w Kurii Generalnej w Rzymie. W latach 2010-2012 kontynuowa\u0142 studia doktoranckie na Papieskim Uniwersytecie Gregoria\u0144skim w Rzymie. W lecie 2012 r. wr\u00f3ci\u0142 do pracy w Finlandii. W kwietniu 2015 r. zosta\u0142 wys\u0142any na misje w Chile. Po powrocie do Polski od 1 VII 2020 r. pracuje w parafii pw. Dobrego Pasterza w Lublinie.<\/p>\r\n\r\n\r\n\r\n<p><strong><img loading=\"lazy\" decoding=\"async\" class=\"alignleft size-full wp-image-1343\" src=\"https:\/\/encyklopedia.mielec.pl\/wp-content\/uploads\/2022\/11\/hubicki-wladyslaw.jpg\" alt=\"\" width=\"110\" height=\"150\" \/>HUBICKI W\u0141ADYS\u0141AW<\/strong>, urodzony 4 XII 1922 r. w M\u0142oszowej, powiat chrzanowski, syn Ludwika i J\u00f3zefy z Tylutkich. W 1938 r. rozpocz\u0105\u0142 prac\u0119 w PZL Wytw\u00f3rnia P\u0142atowc\u00f3w Nr 2 w Mielcu jako ucze\u0144 tokarski. W czasie II wojny \u015bwiatowej, jako \u017co\u0142nierz Wojska Polskiego, przeszed\u0142 szlak bojowy od Lublina do Berlina. Po wojnie powr\u00f3ci\u0142 do Mielca i w PZL (p\u00f3\u017aniej WSK) pracowa\u0142 na stanowiskach m.in.: tokarza, referenta wsp\u00f3\u0142zawodnictwa pracy, inspektora kadr, sekretarza Rady Zak\u0142adowej, przewodnicz\u0105cego RZ (1954-1957), kierownika obiekt\u00f3w sportowych (1964-1966) i kierownika zmianowego. Udziela\u0142 si\u0119 w pracy spo\u0142ecznej. By\u0142 m.in. prezesem FKS Stal w latach 1960-1962 i d\u0142ugoletnim cz\u0142onkiem zarz\u0105du tego klubu (w latach 50. i 60.), przyczyniaj\u0105c si\u0119 m.in. do pierwszego awansu pi\u0142karzy do ekstraklasy oraz organizacji pracy i wyposa\u017cenia nowo wybudowanych obiekt\u00f3w sportowych. Pe\u0142ni\u0142 tak\u017ce funkcj\u0119 przewodnicz\u0105cego Klubu Techniki i Racjonalizacji. Nale\u017ca\u0142 do Klubu Oficer\u00f3w Rezerwy przy WSK (w stopniu porucznika) i Zwi\u0105zku Bojownik\u00f3w o Wolno\u015b\u0107 i Demokracj\u0119 oraz Zwi\u0105zku Inwalid\u00f3w Wojennych. Odznaczony m.in. Krzy\u017cem Kawalerskim OOP, Medalami: \u201eZa Warszaw\u0119\u201d, \u201eZa Zwyci\u0119stwo\u201d i \u201eZa udzia\u0142 w walkach o Berlin\u201d, \u201eOdznak\u0105 Grunwaldu\u201d, \u201eHonorow\u0105 Odznak\u0105 WSK\u201d, Srebrnym Medalem \u201eZa zas\u0142ugi dla sportu\u201d i Z\u0142ot\u0105 Odznak\u0105 ZZM. W 1984 r. wpisany do \u201eKsi\u0119gi Zas\u0142u\u017conych dla Miasta Mielca\u201d. Zmar\u0142 5 IV 1991 r. Spoczywa na cmentarzu parafialnym w Mielcu przy ul. H. Sienkiewicza.<\/p>\r\n\r\n\r\n\r\n<p><strong>HUDY JAN<\/strong>, urodzony 28 IV 1915 r. w Wojkowie, pow. mielecki. Od 1951 r. pracowa\u0142 w firmach budowlanych, a od 1963 r. w Mieleckim Przedsi\u0119biorstwie Budowlanym. Przez kilkadziesi\u0105t lat uczestniczy\u0142 w budowie wielu wa\u017cnych obiekt\u00f3w mieszkalnych i socjalnych w Mielcu. Pracowa\u0142 g\u0142\u00f3wnie przy uzbrojeniu zewn\u0119trznym i drogach, w r\u00f3\u017cnych warunkach atmosferycznych. By\u0142 wychowawc\u0105 wielu m\u0142odych pracownik\u00f3w budowlanych. Wybierano go do Rady Zak\u0142adowej MPB. Udziela\u0142 si\u0119 w pracy spo\u0142ecznej na rzecz \u015brodowiska jako radny Miejskiej Rady Narodowej w Mielcu. Wyr\u00f3\u017cniony m.in. Z\u0142otym Krzy\u017cem Zas\u0142ugi, Odznak\u0105 \u201eZas\u0142u\u017cony dla Budownictwa i Przemys\u0142u Materia\u0142\u00f3w Budowlanych\u201d oraz wpisem do \u201eKsi\u0119gi Zas\u0142u\u017conych dla Miasta Mielca\u201d w 1979 r. Zmar\u0142 8 II 1986 r. Pochowany na cmentarzu komunalnym w Mielcu przy ul. Kr\u00f3lowej Jadwigi.<\/p>\r\n<p><strong><img loading=\"lazy\" decoding=\"async\" class=\"alignleft  wp-image-6510\" src=\"https:\/\/encyklopedia.mielec.pl\/wp-content\/uploads\/2022\/11\/Hudy-Katarzyna-214x300.jpg\" alt=\"\" width=\"119\" height=\"167\" srcset=\"https:\/\/encyklopedia.mielec.pl\/wp-content\/uploads\/2022\/11\/Hudy-Katarzyna-214x300.jpg 214w, https:\/\/encyklopedia.mielec.pl\/wp-content\/uploads\/2022\/11\/Hudy-Katarzyna.jpg 533w\" sizes=\"auto, (max-width: 119px) 100vw, 119px\" \/>HUDY KATARZYNA MA\u0141GORZATA (z domu OLEKSIAK),<\/strong> urodzona 21 VII 1979 r. w Mielcu, c\u00f3rka J\u00f3zefa i Anny z domu Fedor. Absolwentka Zespo\u0142u Szk\u00f3\u0142 Ekonomicznych w Mielcu z matur\u0105 w 1998 r. W latach 2001-2004 pracowa\u0142a jako operator linii produkcyjnej w Lear Corporation w Mielcu. Od 2005 r. pracuje w O\u015brodku Rewalidacyjno-Wychowawczym w Pniu, powiat mielecki, prowadzonym przez Stowarzyszenie Nasza Gmina. R\u00f3wnocze\u015bnie permanentnie si\u0119 kszta\u0142ci\u0142a. Uko\u0144czy\u0142a: studia w Mi\u0119dzywydzia\u0142owym Instytucie Filozofii (kierunek \u2013 filozofia) Uniwersytetu Rzeszowskiego w Rzeszowie z tytu\u0142em licencjata (2007 r.), studia podyplomowe na kierunku oligofrenopedagogika w Wy\u017cszej Szkole Pedagogicznej w \u0141odzi (2008 r.), studia w Wy\u017cszej Szkole Filozoficzno-Pedagogicznej \u201eIgnatianum\u201d w Krakowie z tytu\u0142em magister pedagogiki opieku\u0144czo-wychowawczej (2010 r.), kursy kwalifikacyjne w zakresie tyflopedagogiki (Krak\u00f3w, 2013 r.) i treningu umiej\u0119tno\u015bci spo\u0142ecznych (Pruszk\u00f3w, 2019 r.) oraz kursy certyfikowane animatora czasu wolnego (Rzesz\u00f3w 2017 r.), terapii r\u0119ki (Pruszk\u00f3w) i instruktora rytmiki (Lublin, 2018 r.), a tak\u017ce r\u00f3wnoczesne studia podyplomowe w zakresie wczesnego wspomagania rozwoju dziecka dla pedagog\u00f3w specjalnych oraz w zakresie muzykoterapii w Wy\u017cszej Szkole Kszta\u0142cenia Zawodowego we Wroc\u0142awiu (2022 r.). Poza prac\u0105 zawodow\u0105 udziela\u0142a si\u0119 spo\u0142ecznie jako wolontariuszka w Centrum Wolontariatu w Mielcu (2002-2006). Drug\u0105 dziedzin\u0105 dzia\u0142alno\u015bci jest tw\u00f3rczo\u015b\u0107 poetycka. Od 2018 r. jest cz\u0142onkiem Mieleckiego Towarzystwa Literackiego i przy jego pomocy organizacyjnej i finansowej wyda\u0142a dotychczas (III 2024 r.) pi\u0119\u0107 ksi\u0105\u017cek poetyckich: <em>Druga Strona My\u015bli<\/em> (2019), <em>Zagubione Skrzyd\u0142o<\/em> (2020), <em>Chleb Posmarowany \u017byciem<\/em> (2021), <em>Wyj\u015bcie <\/em>(2022) i <em>Przystanki <\/em>(2024). Ponadto fragmenty ksi\u0105\u017cki poetyckiej <em>Przystanki<\/em> by\u0142y publikowane w dwutygodniku Polonii ameryka\u0144skiej <em>Bia\u0142y Orze\u0142 \u2013 White Eagle<\/em> w USA. W 2022 r. zosta\u0142a przyj\u0119ta do Zwi\u0105zku Literat\u00f3w Polskich Oddzia\u0142 Rzesz\u00f3w. Uhonorowana m.in. Medalem Zas\u0142u\u017cony dla Kultury Polskiej Gloria Artis oraz wieloma tytu\u0142ami laureatki i wyr\u00f3\u017cnionej w konkursach literackich, m. in.: Konkursie Literackim \u201eRelacja z salon\u00f3w Poezji\u201d (I miejsce, Szczucin 2018), Og\u00f3lnopolskim Konkursie o \u015awi\u0119tym Janie Pawle II (II miejsce, Mielec 2020), Bieszczadzkim Turnieju Jednego Wiersza im. Ryszarda Szoci\u0144skiego \u201eO \u017curawie pi\u00f3ro\u201d, Przystanek Smerek (II miejsce, 2022), Konkursu poetyckiego im. H. Cyganika \u201eW Dolinie Popradu\u201d (laureatka, 2023), Konkursie \u0179r\u00f3d\u0142o \u2013 Ma\u0142opolska Nagroda Literacka za wiersze (wyr\u00f3\u017cnienia, 2020, 2022) oraz Turnieju Jednego Wiersza i Turnieju Jednej Fotografii na Festiwalu \u201eStrojne w Biel\u201d (II miejsce, 2023).<\/p>\r\n\r\n\r\n\r\n<p><strong><img loading=\"lazy\" decoding=\"async\" class=\"alignleft size-full wp-image-1344\" src=\"https:\/\/encyklopedia.mielec.pl\/wp-content\/uploads\/2022\/11\/hudy_ludwik.jpg\" alt=\"\" width=\"110\" height=\"150\" \/>HUDY LUDWIK<\/strong>, urodzony 4 VIII 1952 r. w Mielcu, syn J\u00f3zefa i Wiktorii z domu Ru\u0142a. Absolwent Technikum Elektrycznego w Mielcu (specjalno\u015b\u0107 \u2013 elektromechanika og\u00f3lna), matur\u0119 zda\u0142 w 1972 r. W 1973 r. zosta\u0142 zatrudniony w O\u015brodku Badawczo-Rozwojowym Sprz\u0119tu Komunikacyjnego w Mielcu jako elektromechanik osprz\u0119tu lotniczego. R\u00f3wnocze\u015bnie uko\u0144czy\u0142 kurs naprawy sprz\u0119tu radiowo-telewizyjnego w Mielcu. W latach 1974-1979 studiowa\u0142 na Wydziale Mechanicznym Politechniki Krakowskiej w Krakowie (specjalno\u015b\u0107 \u2013 maszyny robocze ci\u0119\u017ckie), uzyskuj\u0105c tytu\u0142 magistra in\u017cyniera i wyr\u00f3\u017cnienie. W czasie studi\u00f3w nale\u017ca\u0142 do Akademickiego Klubu Tanecznego BAWINEK przy Politechnice Krakowskiej, zdoby\u0142 uprawnienia instruktora ta\u0144ca i przez szereg lat prowadzi\u0142 zaj\u0119cia z zakresu ta\u0144ca towarzyskiego. W 1979 r. zosta\u0142 zatrudniony w Akademii Rolniczej\u00a0w Krakowie jako pracownik naukowo-badawczy, a od 1980 r. do 2007 r. by\u0142 nauczycielem akademickim. Pe\u0142ni\u0142 liczne funkcje, m.in. by\u0142 opiekunem naukowym Ko\u0142a Naukowego Mechanizator\u00f3w na Wydziale Techniki i Energetyki Rolnictwa AR w Krakowie. W 1989 r. uzyska\u0142 doktorat na Wydziale Techniki i Energetyki Rolnictwa Akademii Rolniczej w Krakowie na podstawie rozprawy Badania eksploatacyjno-laboratoryjne i analiza pracy uk\u0142adu spr\u0119\u017carka \u2013 alternator ci\u0105gnika MF-235. Za t\u0119 prac\u0119 otrzyma\u0142 wyr\u00f3\u017cnienie i nagrod\u0119. Uko\u0144czy\u0142 na Uniwersytecie Jagiello\u0144skim Studium J\u0119zykowe Doskonalenia J\u0119zykowego dla Nauczycieli Akademickich w zakresie j\u0119zyka niemieckiego (1990 r.) oraz Studium J\u0119zykowe Doskonalenia J\u0119zykowego dla Nauczycieli Akademickich w zakresie j\u0119zyka angielskiego (1998). Wyje\u017cd\u017ca\u0142 za granic\u0119, m.in. w 1991 r. przebywa\u0142 jako pracownik naukowo-techniczny w Ruedi Geiger Workshop w Hinwil (Szwajcaria), a w latach 1993-1994 by\u0142 konsultantem naukowo-technicznym Kasper &amp; Laughlin Patent Attorneys and Attorneys at Law w Warren (USA). W 1999 r. uko\u0144czy\u0142 na Uniwersytecie Jagiello\u0144skim w Krakowie studium z zakresu ochrony w\u0142asno\u015bci intelektualnej. W dorobku naukowym ma m.in. wsp\u00f3\u0142autorstwo podr\u0119cznika akademickiego Mechanika i wytrzyma\u0142o\u015b\u0107 materia\u0142\u00f3w. Ponadto jest autorem lub wsp\u00f3\u0142autorem ponad dwudziestu publikacji naukowych. Od 2001 r. jest polskim rzecznikiem patentowym i prowadzi Kancelari\u0119 Patentow\u0105 PATELHA w Czernichowie, kt\u00f3ra specjalizuje si\u0119 w zakresie opracowywania i zg\u0142aszania wynalazk\u00f3w wykorzystuj\u0105cych programy komputerowe. Jako pierwszy polski rzecznik patentowy dokonywa\u0142 drog\u0105 elektroniczn\u0105 zg\u0142osze\u0144 wynalazk\u00f3w i wzor\u00f3w u\u017cytkowych. W 2004 r. uzyska\u0142 tytu\u0142 Europejskiego Rzecznika Patentowego uprawnionego do wyst\u0119powania przed Europejskim Urz\u0119dem Patentowym w Monachium i Urz\u0119dem d\/s Harmonizacji Rynku Wewn\u0119trznego Unii Europejskiej w Alicante. Dotychczas dokona\u0142 ponad czterystu zg\u0142osze\u0144 wynalazk\u00f3w w Polsce i za granic\u0105. Tak\u017ce od 2004 r. prowadzi zaj\u0119cia dla kandydat\u00f3w na rzecznik\u00f3w patentowych. Jest cz\u0142onkiem Council of Institute of Professional Representatives before the European Patent Office z siedzib\u0105 w Monachium.<\/p>\r\n\r\n\r\n\r\n<p><strong>HUSQVARNA<\/strong>, jedna z najstarszych, najwi\u0119kszych i najbardziej renomowanych firm na \u015bwiecie produkuj\u0105cych wysokiej klasy urz\u0105dzenia mechaniczne, m.in. kosiarki, pilarki i r\u0119czne urz\u0105dzenia ogrodowe z silnikiem spalinowym. Ponadto jest \u015bwiatowym liderem w produkcji tarcz diamentowych i urz\u0105dze\u0144 tn\u0105cych dla budownictwa i przemys\u0142u. W zwi\u0105zku z rosn\u0105cym zapotrzebowaniem na urz\u0105dzenia do piel\u0119gnacji zieleni w Polsce, firma rozwin\u0119\u0142a sie\u0107 dilersk\u0105, a nast\u0119pnie podj\u0119\u0142a decyzj\u0119 o budowie fabryki w Polsce. W 2010 r. wyb\u00f3r pad\u0142 na Mielec. Budow\u0119 hali produkcyjnej przy ul. COP-u uko\u0144czono po 9 miesi\u0105cach. Oficjalne uroczyste otwarcie fabryki odby\u0142o si\u0119 6 IV 2011 r. W pierwszym okresie dzia\u0142alno\u015bci by\u0142y produkowane kosiarki typu rider i kosiarki tradycyjne, a nast\u0119pnie asortyment systematycznie powi\u0119kszano. W 2019 r. w XXVI edycji i w 2022 r. w XXIX edycji konkursu &#8222;Pracodawca Organizator Pracy Bezpiecznej&#8221; fabryka otrzyma\u0142a I miejsce na Podkarpaciu w kategorii zak\u0142ad\u00f3w zatrudniajacych powy\u017cej 249 pracownik\u00f3w.<\/p>\r\n\r\n\r\n\r\n<p><strong>HUTA &#8211; MIKO\u0141AJ Sp. z o.o.<\/strong>, zezwolenie na prowadzenie dzia\u0142alno\u015bci na terenie SSE EURO-PARK MIELEC otrzyma\u0142a 5 IX 2000 r. Dzia\u0142alno\u015b\u0107 produkcyjn\u0105 rozpocz\u0119\u0142a w lipcu 2001 r. Specjalizuje si\u0119 w produkcji system\u00f3w dachowych z blach powlekanych, ocynkowanych i alucynkowych. G\u0142\u00f3wne jej produkty to: blachy dach\u00f3wkowe, blachy trapezowe i obr\u00f3bki wyko\u0144czeniowe (g\u0105siory, kalenice, okapy, wiatrownice, bariery \u015bniegowe i inne). Odbiorc\u0105 jest g\u0142\u00f3wnie rynek polski, ale od 2002 r. rozpocz\u0119to wsp\u00f3\u0142prac\u0119 z odbiorcami na Litwie i Ukrainie. Siedzibami firmy s\u0105 obiekty H-16 i S-30 oraz budynek administracyjny w p\u00f3\u0142nocno-zachodniej cz\u0119\u015bci SSE. Adres: ul. Wojska Polskiego 3. 19 VI 2008 r. wydano decyzj\u0119 w sprawie cofni\u0119cia zezwolenia na prowadzenie dzia\u0142alno\u015bci gospodarczej na terenie SSE EURO-PARK MIELEC.<\/p>\r\n\r\n\r\n\r\n<p><strong><img loading=\"lazy\" decoding=\"async\" class=\"alignleft size-full wp-image-1345\" src=\"https:\/\/encyklopedia.mielec.pl\/wp-content\/uploads\/2022\/11\/hydel_miroslaw.jpg\" alt=\"\" width=\"110\" height=\"150\" \/>HYDEL MIROS\u0141AW<\/strong>, urodzony 24 VIII 1963 r. w Ja\u015ble, syn Edwarda i Stanis\u0142awy z domu Procanin. Absolwent Technikum Chemicznego w Ja\u015ble, matur\u0119 zda\u0142 w 1983 r. W latach szkolnych trenowa\u0142 siatk\u00f3wk\u0119 i gra\u0142 w dru\u017cynie Liwocza Jas\u0142o oraz rozpocz\u0105\u0142 uprawianie lekkoatletyki i zdoby\u0142 halowe wicemistrzostwo Polski junior\u00f3w w skoku wzwy\u017c (203 cm). W latach 1983-1985 odby\u0142 s\u0142u\u017cb\u0119 wojskow\u0105 i startowa\u0142 w skoku w dal w barwach Legii Warszawa. W tym okresie zosta\u0142 halowym m\u0142odzie\u017cowym mistrzem Polski (1984) i wicemistrzem (1985). Bezpo\u015brednio po s\u0142u\u017cbie wojskowej w 1985 r. przeni\u00f3s\u0142 si\u0119 do FKS Stal Mielec i kontynuowa\u0142 karier\u0119 sportow\u0105 do 1992 r., odnosz\u0105c wiele licz\u0105cych si\u0119 sukces\u00f3w. W halowych Mistrzostwach Polski zdoby\u0142 srebrny medal w 1986 r. (7,77 m &#8211; Zabrze), br\u0105zowy medal w 1987 r. (7,69 m \u2013 Zabrze) i srebrny medal w 1988 r. (7,76 m \u2013 Zabrze). W letnich Mistrzostwach Polski wywalczy\u0142: srebrny medal w 1987 r. (7,78 m \u2013 Pozna\u0144), z\u0142oty medal w 1988 r. (7,90 \u2013 Grudzi\u0105dz) i z\u0142oty medal w 1989 r. (7,62 m \u2013 Krak\u00f3w). W latach 1983-1991 wielokrotnie reprezentowa\u0142 Polsk\u0119 najpierw w kategorii m\u0142odzie\u017cowej, a p\u00f3\u017aniej senior\u00f3w. Startowa\u0142 m.in. w Halowych Mistrzostwach Europy w Madrycie (1986) i Budapeszcie (1988); w obu zakwalifikowa\u0142 si\u0119 do \u015bcis\u0142ych fina\u0142\u00f3w (8. i 7. miejsce). Rekord \u017cyciowy 8,08 m ustanowi\u0142 17 V 1986 r. na zawodach w hiszpa\u0144skiej Granadzie. Po zako\u0144czeniu kariery sportowej podj\u0105\u0142 prac\u0119 zawodow\u0105 w mieleckiej firmie \u201eTechnoplast\u201d (1993-1995). Od 1998 r. pracuje w firmie \u201eKamax\u201d, funkcjonuj\u0105cej w SSE EURO-PARK MIELEC. W plebiscycie na \u201eSportowca 50-lecia FKS STAL\u201d w 1988 r. zaj\u0105\u0142 10. miejsce.\u00a0Zmar\u0142 18 II 2019 r.\u00a0 Pochowany na starym cmentarzu w Ja\u015ble.<\/p>\r\n\r\n\r\n\r\n<p><strong>HYJEK JAK\u00d3B<\/strong>, mieszkaniec Mielca, uczestnik powstania styczniowego 1863 r. Walczy\u0142 w oddziale majora Jana Popiela. W bitwie pod Komorowem zosta\u0142 ranny i leczy\u0142 si\u0119 w szpitalu w Stopnicy. Dalsze losy nieznane.<\/p>\r\n\r\n\r\n\r\n<p><strong><img loading=\"lazy\" decoding=\"async\" class=\"alignleft size-full wp-image-1346\" src=\"https:\/\/encyklopedia.mielec.pl\/wp-content\/uploads\/2022\/11\/hyjek_marian.jpg\" alt=\"\" width=\"104\" height=\"150\" \/>HYJEK MARIAN (ksi\u0105dz),<\/strong> urodzony 31 VII 1957 r. w Baranowie Sandomierskim, syn Edwarda i Aleksandry z domu Surowiec. Absolwent Liceum Ekonomicznego w Mielcu, matur\u0119 zda\u0142 w 1976 r. Studia teologiczne w Wy\u017cszym Seminarium Duchownym w Tarnowie uko\u0144czy\u0142 w 1982 r. z tytu\u0142em magistra teologii. (Napisa\u0142 prac\u0119 magistersk\u0105 na temat zmian w strukturze osobowo\u015bci u alumn\u00f3w przebywaj\u0105cych w wojsku.) 23 V 1982 r. przyj\u0105\u0142 \u015bwi\u0119cenia kap\u0142a\u0144skie. Jako wikariusz pracowa\u0142 w parafiach: Bobowa, Gryb\u00f3w, Szalowa, Muszyna Zdr\u00f3j, Jadowniki Podg\u00f3rne, Lubzina i Rudka. B\u0119d\u0105c dyplomowanym nauczycielem religii, w ka\u017cdej parafii uczy\u0142 i wychowywa\u0142 dzieci w szko\u0142ach podstawowych, a w Muszynie i Grybowie by\u0142 duszpasterzem m\u0142odzie\u017cy szk\u00f3\u0142 zawodowych i \u015brednich. W 1992 r. uko\u0144czy\u0142 studia licencjackie na Wydziale Historii Ko\u015bcio\u0142a Papieskiej Akademii Teologicznej w Krakowie. W latach 1998-2009 pe\u0142ni\u0142 funkcj\u0119 proboszcza parafii pw. Chrystusa Kr\u00f3la Wszech\u015bwiata w Woli Przemykowskiej. W tym czasie by\u0142 tak\u017ce wicedziekanem dekanatu rad\u0142owskiego. W 2009 r. zosta\u0142 przeniesiony na stanowisko proboszcza w parafii pw. Opatrzno\u015bci Bo\u017cej w Jod\u0142\u00f3wce \u2013 Wa\u0142ki k. Tarnowa i pracowa\u0142 tam do 2015 r. W latach 2015-2016 by\u0142 administratorem parafii pw. \u015bw. Miko\u0142aja w Tabaszowej ko\u0142o Nowego S\u0105cza, ale stan zdrowia nie pozwoli\u0142 na dalsze sprawowanie odpowiedzialnej funkcji. Od sierpnia 2016 r. pracuje jako duszpasterz w parafii Tr\u00f3jcy Przenaj\u015bwi\u0119tszej w Mielcu \u2013 osiedle Smoczka. Ponadto pomaga w duszpasterstwie w Szpitalu Powiatowym w Mielcu. Jest uznanym kaznodziej\u0105, tote\u017c otrzymuje zaproszenia do g\u0142oszenia rekolekcji \u015bwi\u0119tych i konferencji religijnych. Wyr\u00f3\u017cniony m.in. Z\u0142otym Medalem za D\u0142ugoletni\u0105 S\u0142u\u017cb\u0119 oraz Medalem Komisji Edukacji Narodowej.\u00a0<\/p>\r\n\r\n\r\n\r\n<p><strong><img loading=\"lazy\" decoding=\"async\" class=\"alignleft size-full wp-image-1347\" src=\"https:\/\/encyklopedia.mielec.pl\/wp-content\/uploads\/2022\/11\/hyjek_stanislaw_2.jpg\" alt=\"\" width=\"110\" height=\"150\" \/>HYJEK STANIS\u0141AW<\/strong>, urodzony 1 V 1895 r. w Czajkowej, syn Walentego i Anny z Dudzik\u00f3w. Absolwent c.k. Gimnazjum Pa\u0144stwowego w Mielcu, egzaminy maturalne zda\u0142 w 1914 r. Ju\u017c w latach szkolnych nale\u017ca\u0142 do tajnych polskich organizacji niepodleg\u0142o\u015bciowych (\u201ePrzebojem\u201d, \u201eZarzewie\u201d), skupiaj\u0105cych starszych uczni\u00f3w gimnazjum. Nale\u017ca\u0142 do pierwszej mieleckiej dru\u017cyny skautowej, za\u0142o\u017conej przez prof. F. Siorka w 1911 r., a w roku szkolnym 1912\/1913 zg\u0142osi\u0142 akces do Zwi\u0105zku Strzeleckiego w Mielcu. Po og\u0142oszeniu mobilizacji do wojska polskiego pod dow\u00f3dztwem J. Pi\u0142sudskiego (2 VIII 1914 r.) stan\u0105\u0142 na czele pierwszego mieleckiego oddzia\u0142u ochotnik\u00f3w i poprowadzi\u0142 go do Krakowa. Tam, wraz z oddzia\u0142em, zosta\u0142 w\u0142\u0105czony do VI batalionu 1 pu\u0142ku Legion\u00f3w, a nied\u0142ugo potem zosta\u0142 zast\u0119pc\u0105 dow\u00f3dcy plutonu i otrzyma\u0142 stopie\u0144 sier\u017canta. Walczy\u0142 pod Anielinem i Laskami (21-26 X 1914 r.), Kielcami (1-2 XI), Krzywop\u0142otami, Za\u0142\u0119\u017cem i Domaniewicami (16-19 XI), Marcinkowicami (6 XII), Pisarzow\u0105 (7 XII), Limanow\u0105 (8 XII), \u0141owcz\u00f3wkiem (22-25 XII), Pi\u0144czowem (II-V 1915 r.), Konarami (16 V), Wszachowem (20-23 V), \u017bernikami (23 V \u2013 20 VI), O\u017carowem (26-29 VI), Tar\u0142owem (30 VI \u2013 2 VII), J\u00f3zefowem i Urz\u0119dowem (7-8 VII) i Jastkowem (30 VII \u2013 2 VIII). Zgin\u0105\u0142 28 VIII 1915 r. w czasie patrolowania okolic Wysokich Litewskich. Zosta\u0142 pochowany na polskim cmentarzu wojskowym w Wysokiem Litewskiem. Za wybitne m\u0119stwo odznaczono go po\u015bmiertnie Orderem Virtuti Militari V klasy (nr 7212), Orderem Odrodzenia Polski i Z\u0142otym Krzy\u017cem Zas\u0142ugi, a w 1932 r. Krzy\u017cem Niepodleg\u0142o\u015bci.<\/p>\r\n\r\n\r\n\r\n<p><strong><img loading=\"lazy\" decoding=\"async\" class=\"alignleft size-full wp-image-1348\" src=\"https:\/\/encyklopedia.mielec.pl\/wp-content\/uploads\/2022\/11\/hyjek_stanislaw_rzem.jpg\" alt=\"\" width=\"110\" height=\"150\" \/>HYJEK STANIS\u0141AW<\/strong>, urodzony 28 II 1932 r. w Borkach Nizi\u0144skich, pow. mielecki, syn Jana i Anny z Szyma\u0144skich. Uko\u0144czy\u0142 Pa\u0144stwow\u0105 \u015aredni\u0105 Szko\u0142\u0119 Elektryczn\u0105 we Wronkach, woj. pozna\u0144skie. Po maturze w 1952 r. rozpocz\u0105\u0142 prac\u0119 w Zak\u0142adzie Elektromechanicznym we Wronkach. W 1955 r. powr\u00f3ci\u0142 w rodzinne strony i podj\u0105\u0142 prac\u0119 w Centralnym Laboratorium WSK Mielec, ale w roku 1956 przeni\u00f3s\u0142 si\u0119 do tarnowskiego \u201eTamelu\u201d, gdzie przez rok pracowa\u0142 w kontroli eksportowej. W 1957 r. zatrudniony zosta\u0142 w mieleckiej Sp\u00f3\u0142dzielni Pracy \u201ePok\u00f3j\u201d i za\u0142o\u017cy\u0142 pierwsz\u0105 w Mielcu przewijalni\u0119 silnik\u00f3w elektrycznych. W 1958 r. Izba Rzemie\u015blnicza w Rzeszowie przyzna\u0142a mu tytu\u0142 mistrzowski w rzemio\u015ble elektromechanika silnikowa. W 1965 r. odszed\u0142 z SP \u201ePok\u00f3j\u201d i za\u0142o\u017cy\u0142 pierwsz\u0105 w Mielcu prywatn\u0105 firm\u0119 \u201eElektromechanika silnik\u00f3w elektrycznych\u201d przy ul. 16 Grudnia. P\u00f3\u017aniej przeni\u00f3s\u0142 si\u0119 do lokalu przy ul. Kr\u00f3tkiej 5. W 1980 r. rozszerzy\u0142 us\u0142ugi o instalatorstwo elektryczne. Tytu\u0142 mistrza w tym rzemio\u015ble otrzyma\u0142 z Izby Rzemie\u015blniczej w Rzeszowie w 1988 r. W obu specjalno\u015bciach wykszta\u0142ci\u0142 40 uczni\u00f3w. Wykona\u0142 wiele instalacji elektrycznych, instalacji odgromowych i pomiar\u00f3w elektrycznych w domach prywatnych i obiektach u\u017cytku publicznego, m.in. w \u201eJadern\u00f3wce\u201d, Pa\u0142acu Oborskich i Pa\u0144stwowej Szkole Muzycznej w Mielcu, Szko\u0142ach Podstawowych w Rz\u0119dzianowicach, Ota\u0142\u0119\u017cy, Rydzowie, Trze\u015bni, Ja\u015blanach i Czerminie oraz nr 1 w Mielcu, Zespole Szk\u00f3\u0142 Specjalnych w Mielcu, budynkach OSP w Krzemienicy, Niwiskach, Kosowach i Siedlance, Urz\u0119dach Pocztowych w Niwiskach i Wide\u0142ce oraz budynkach GS w Tuszowie Narodowym i Gaw\u0142uszowicach. Jest d\u0142ugoletnim rzeczoznawc\u0105 Izby Rzemie\u015blniczej w Rzeszowie oraz cz\u0142onkiem Cechu Rzemios\u0142 R\u00f3\u017cnych i Rzemie\u015blniczej Sp\u00f3\u0142dzielni Wielobran\u017cowej w Mielcu. Wyr\u00f3\u017cniony m.in. Honorow\u0105 Odznak\u0105 Rzemios\u0142a (1983 r.).<\/p>\r\n<p><strong><img loading=\"lazy\" decoding=\"async\" class=\"alignleft  wp-image-6494\" src=\"https:\/\/encyklopedia.mielec.pl\/wp-content\/uploads\/2022\/11\/Hyjek-Stanislaw-226x300.jpg\" alt=\"\" width=\"124\" height=\"165\" srcset=\"https:\/\/encyklopedia.mielec.pl\/wp-content\/uploads\/2022\/11\/Hyjek-Stanislaw-226x300.jpg 226w, https:\/\/encyklopedia.mielec.pl\/wp-content\/uploads\/2022\/11\/Hyjek-Stanislaw.jpg 589w\" sizes=\"auto, (max-width: 124px) 100vw, 124px\" \/>HYJEK STANIS\u0141AW JAN<\/strong>, urodzony 22 IV 1950 r. w\u00a0 Cyrance, powiat mielecki, syn Jana i Antoniny z domu Kr\u0119pa. Absolwent Liceum Og\u00f3lnokszta\u0142c\u0105cego nr 27 (p\u00f3\u017aniej II LO) z matur\u0105 w 1968 r. Prac\u0119 zawodow\u0105 rozpocz\u0105\u0142 w Wytw\u00f3rni Sprz\u0119tu Komunikacyjnego \u201ePZL-Mielec\u201d jako tokarz automatowy i monter p\u0142atowc\u00f3w (1968-1969). Od 1969 r. studiowa\u0142 na Wydziale Humanistycznym Wy\u017cszej Szko\u0142y Pedagogicznej w Krakowie i otrzyma\u0142 tytu\u0142 licencjata w zakresie nauczania pocz\u0105tkowego z wychowaniem fizycznym (1972 r.), a nast\u0119pnie magistra pedagogiki og\u00f3lnej (1974 r.). We wrze\u015bniu 1974 r. zosta\u0142 ponownie zatrudniony w WSK \u201ePZL-Mielec\u201d i pracowa\u0142 kolejno jako: samodzielny inspektor szkolenia, specjalista ds. adaptacji, starszy instruktor kulturalno-wychowawczy w RCK, planista i od IX 1988 r. do VI 1989 r. pedagog szkolny w Zespole Szk\u00f3\u0142 Technicznych w Mielcu. Ponadto w latach 1981-1984 by\u0142 wychowawc\u0105 w internacie ZST (w niepe\u0142nym wymiarze godzin). W \u015brodowisku mieleckim zosta\u0142 zapami\u0119tany za dzia\u0142alno\u015b\u0107 w RCK, a szczeg\u00f3lnie za pomys\u0142 i realizacj\u0119 dziewi\u0119ciu edycji \u201eDzieci\u0119cej Wiosny Teatralnej\u201d (dla 8 \u2013 9 tys. m\u0142odych widz\u00f3w w ka\u017cdej edycji), opiek\u0119 nad zespo\u0142em teatralnym, organizacj\u0119 koncert\u00f3w topowych zespo\u0142\u00f3w muzycznych i rozwini\u0119cie wsp\u00f3\u0142pracy Mielca z Douchy-les-Mines (Francja). R\u00f3wnocze\u015bnie odby\u0142 studia doktoranckie w Wy\u017cszej Szkole Pedagogicznej im. Komisji Edukacji Narodowej w Krakowie i w 1989 r. na podstawie rozprawy pt. <em>Pedagogiczne uwarunkowania adaptacji spo\u0142eczno-zawodowej nowo zatrudnionych pracownik\u00f3w w przedsi\u0119biorstwie przemys\u0142owym<\/em> i z\u0142o\u017ceniu egzamin\u00f3w uzyska\u0142 stopie\u0144 naukowy doktora nauk humanistycznych w zakresie pedagogiki. Opublikowa\u0142 szereg artyku\u0142\u00f3w dotycz\u0105cych pedagogiki pracy w polskich czasopismach naukowych. Od 1989 r. do 1994 r. przebywa\u0142 za granic\u0105. W latach 1997-2010 pracowa\u0142 w PZU \u017bycie S.A. w Mielcu jako specjalista ds. obs\u0142ugi klienta i technik ubezpieczeniowy, a nast\u0119pnie w 2011 r. w PZU S.A. w D\u0119bicy jako specjalista ds. obs\u0142ugi klienta. Ponadto by\u0142 wyk\u0142adowc\u0105 w Wy\u017cszej Szkole Gospodarki i Zarz\u0105dzania w Mielcu i Mieleckiej Szkole Biznesu (w niepe\u0142nym wymiarze godzin). W 2018 r. przeszed\u0142 na emerytur\u0119.<\/p>\r\n\r\n\r\n\r\n<p><strong><img loading=\"lazy\" decoding=\"async\" class=\"alignleft size-full wp-image-1349\" src=\"https:\/\/encyklopedia.mielec.pl\/wp-content\/uploads\/2022\/11\/hyla_henryk.jpg\" alt=\"\" width=\"110\" height=\"150\" \/>HYLA HENRYK<\/strong>, urodzony 18 VII 1933 r. w miejscowo\u015bci Tukl\u0119cz w woj. kieleckim, syn Jana i Anieli. Od lat dziecinnych interesowa\u0142 si\u0119 samolotami. Po uko\u0144czeniu szko\u0142y podstawowej w 1949 r. przyszed\u0142 na piechot\u0119 do Mielca i zda\u0142 egzamin do Gimnazjum Przemys\u0142owego PZL Mielec, kt\u00f3re zosta\u0142o p\u00f3\u017aniej przemianowane na Technikum Mechaniczne MPM w Mielcu. W latach 1950-1952, jako ucze\u0144 GP i junak organizacji S\u0142u\u017cba Polsce pracowa\u0142 fizycznie jako monter samolot\u00f3w (Pe-2, Jak-9P, Po-2, Li-2 i CSS-13). Po maturze w 1953 r. zosta\u0142 zatrudniony w WSK Mielec i do 1993 r. pracowa\u0142 w s\u0142u\u017cbach zwi\u0105zanych z produkcj\u0105 lotnicz\u0105. By\u0142y to m.in.: Grupa Wydzielona (GW), gdzie pracowa\u0142 jako technolog i starszy technolog, S\u0142u\u017cba G\u0142\u00f3wnego Technologa produkcji lotniczej (praca przy samolotach bojowych i cywilnych: MiG-15, MiG-15bis, MiG-17F, TS-8, TS-11, An-2), S\u0142u\u017cby Organizatorskie Przedsi\u0119biorstwa (NO) \u2013 jako organizator technologicznego przygotowania produkcji lotniczej, OBR SK, gdzie by\u0142 kierownikiem sekcji technologicznego przygotowania monta\u017cy samolot\u00f3w M-15, M-17, M-18 i M-20, a nast\u0119pnie kierownikiem sekcji i kierownikiem Dzia\u0142u Uruchomie\u0144 Produkcji Lotniczej. Wyr\u00f3\u017cniony m.in. Srebrnym Medalem \u201eZa Zas\u0142ugi dla Obronno\u015bci Kraju\u201d i Srebrn\u0105 Odznak\u0105 Racjonalizatora Produkcji. Poza prac\u0105 zawodow\u0105 od 1956 r. udziela\u0142 si\u0119 spo\u0142ecznie w Aeroklubie Mieleckim jako pilot szybowcowy i skoczek spadochronowy. Przez pewien czas by\u0142 kierownikiem sekcji spadochronowej. W dniu 18 X 1959 r., uczestnicz\u0105c\u00a0w skoku grupowym z Stefanem Furmaniakiem, Franciszkiem Bujaczem i W\u0142adys\u0142awem Rysiem, by\u0142 wsp\u00f3\u0142autorem rekordu Polski \u2013 5350 m z natychmiastowym otwarciem spadochronu. (Grupa wyl\u0105dowa\u0142a na polach pod Rz\u0119dzianowicami ko\u0142o Mielca.) Rekord ten jest aktualny do dzi\u015b. W 1993 r. przeszed\u0142 na emerytur\u0119. Zmar\u0142 16 X 2004 r. Spoczywa na cmentarzu komunalnym w Mielcu przy ul. Kr\u00f3lowej Jadwigi.<\/p>\r\n\r\n\r\n\r\n<p><strong>HYNKA FRANCISZKA (ULICA)<\/strong>, kr\u00f3tka (156 m) i w\u0105ska ulica na osiedlu Kazimierza Wielkiego. Stanowi jedno z po\u0142\u0105cze\u0144 ulic Piastowskiej i Kredytowej. Powsta\u0142a w 1960 r. w okresie intensywnego rozbudowywania si\u0119 tego osiedla dom\u00f3w jednorodzinnych. Posiada nawierzchni\u0119 asfaltow\u0105 i chodniki z p\u0142yt po obu stronach.<br \/>Patron ulicy: pu\u0142kownik FRANCISZEK HYNEK (1897-1958) to wybitna posta\u0107 w dziejach polskiego lotnictwa i baloniarstwa. By\u0142 legionist\u0105 i walczy\u0142 w I wojnie \u015bwiatowej. W okresie mi\u0119dzywojennym opr\u00f3cz pracy w lotnictwie osi\u0105gn\u0105\u0142 szereg sukces\u00f3w mi\u0119dzynarodowych w sportach balonowych, m.in. zwyci\u0119\u017cy\u0142 w Mi\u0119dzynarodowych Zawodach Balonowych o nagrod\u0119 im. Gordon-Bennetta w 1933 i 1934 r. Uczestniczy\u0142 w kampanii wrze\u015bniowej 1939 r. W 1943 r. pe\u0142ni\u0142 funkcj\u0119 komendanta bazy lotniczej AK. W 1944 r. zosta\u0142 aresztowany przez gestapo i wi\u0119ziony w obozach koncentracyjnych Gross Rosen i Belsen \u2013Bergen. Po wojnie powr\u00f3ci\u0142 do kraju i zaj\u0105\u0142 si\u0119 odbudow\u0105 sportu balonowego w ramach Aeroklubu PRL. Zgin\u0105\u0142 tragicznie w czasie lotu na balonie \u201ePozna\u0144\u201d.\u00a0W 2010 r. po\u0142o\u017cono now\u0105 nawierzchni\u0119 asfaltow\u0105 i chodniki z kostki betonowej.<\/p>\r\n","protected":false},"excerpt":{"rendered":"<p>HADRAWA ADAM, urodzony 1 VIII 1913 r. w Komarnie, wojew\u00f3dztwo lwowskie. Absolwent Pa\u0144stwowej Szko\u0142y Technicznej we Lwowie, matur\u0119 zda\u0142 w 1934 r. i otrzyma\u0142 tytu\u0142 technika mechanika. Uko\u0144czy\u0142 te\u017c kurs wojskowy i szkolenie szybowcowe. W 1937 r. zosta\u0142 zatrudniony w Podlaskiej Wytw\u00f3rni Samolot\u00f3w w Bia\u0142ej Podlaskiej jako m\u0142odszy konstruktor. W czasie okupacji hitlerowskiej nale\u017ca\u0142 do [&hellip;]<\/p>\n","protected":false},"author":1,"featured_media":0,"comment_status":"closed","ping_status":"open","sticky":false,"template":"","format":"standard","meta":{"footnotes":""},"categories":[3],"tags":[],"class_list":["post-58","post","type-post","status-publish","format-standard","hentry","category-hasla"],"_links":{"self":[{"href":"https:\/\/encyklopedia.mielec.pl\/index.php?rest_route=\/wp\/v2\/posts\/58","targetHints":{"allow":["GET"]}}],"collection":[{"href":"https:\/\/encyklopedia.mielec.pl\/index.php?rest_route=\/wp\/v2\/posts"}],"about":[{"href":"https:\/\/encyklopedia.mielec.pl\/index.php?rest_route=\/wp\/v2\/types\/post"}],"author":[{"embeddable":true,"href":"https:\/\/encyklopedia.mielec.pl\/index.php?rest_route=\/wp\/v2\/users\/1"}],"replies":[{"embeddable":true,"href":"https:\/\/encyklopedia.mielec.pl\/index.php?rest_route=%2Fwp%2Fv2%2Fcomments&post=58"}],"version-history":[{"count":0,"href":"https:\/\/encyklopedia.mielec.pl\/index.php?rest_route=\/wp\/v2\/posts\/58\/revisions"}],"wp:attachment":[{"href":"https:\/\/encyklopedia.mielec.pl\/index.php?rest_route=%2Fwp%2Fv2%2Fmedia&parent=58"}],"wp:term":[{"taxonomy":"category","embeddable":true,"href":"https:\/\/encyklopedia.mielec.pl\/index.php?rest_route=%2Fwp%2Fv2%2Fcategories&post=58"},{"taxonomy":"post_tag","embeddable":true,"href":"https:\/\/encyklopedia.mielec.pl\/index.php?rest_route=%2Fwp%2Fv2%2Ftags&post=58"}],"curies":[{"name":"wp","href":"https:\/\/api.w.org\/{rel}","templated":true}]}}