{"id":52,"date":"2022-11-27T19:09:30","date_gmt":"2022-11-27T18:09:30","guid":{"rendered":"https:\/\/encyklopedia.mielec.pl\/?p=52"},"modified":"2024-02-29T17:09:18","modified_gmt":"2024-02-29T16:09:18","slug":"litera-e","status":"publish","type":"post","link":"https:\/\/encyklopedia.mielec.pl\/?p=52","title":{"rendered":"Litera E"},"content":{"rendered":"\r\n<p><strong><img loading=\"lazy\" decoding=\"async\" class=\"alignleft size-full wp-image-1068\" src=\"https:\/\/encyklopedia.mielec.pl\/wp-content\/uploads\/2022\/11\/eber_erene.jpg\" alt=\"\" width=\"104\" height=\"150\" \/>EBER IRENE (z domu GEMINDER)<\/strong>, urodzona w 1930 r. w Halle (Niemcy). W 1938 r. wraz z rodzin\u0105 zosta\u0142a wyp\u0119dzona przez niemieckich nazist\u00f3w i znalaz\u0142a si\u0119 w Mielcu, sk\u0105d pochodzi\u0142 jej ojciec. Po wyprowadzeniu 9 III 1942 r. ludno\u015bci \u017cydowskiej z Mielca przez hitlerowc\u00f3w, znalaz\u0142a si\u0119 z rodzin\u0105 w obozie pracy w D\u0119bicy. Uda\u0142o si\u0119 jej uciec i powr\u00f3ci\u0142a do Mielca, gdzie do ko\u0144ca okupacji hitlerowskiej ukrywano j\u0105. W 1945 r. wyemigrowa\u0142a do USA. Studiowa\u0142a na Wy\u017cszej Szkole w Claremont (Claremont Graduate School), ucz\u0105c si\u0119 j\u0119zyka chi\u0144skiego oraz zapoznaj\u0105c si\u0119 z histori\u0105, kultur\u0105 i polityk\u0105 Chin. Szczeg\u00f3lnie interesowa\u0142a si\u0119 losem uchod\u017ac\u00f3w \u017cydowskich w Chinach w czasie II wojny \u015bwiatowej. W 1966 r. uzyska\u0142a doktorat, a nast\u0119pnie kontynuowa\u0142a badania na temat tych\u017ce \u017cydowskich uchod\u017ac\u00f3w oraz historii i filozofii chi\u0144skiej. Napisa\u0142a i wyda\u0142a 7 ksi\u0105\u017cek, z czego 6 o Chinach., m.in.:<em>\u00a0Chi\u0144skie opowie\u015bci (1998), \u017bydowski biskup i chi\u0144ska Biblia (1999), Biblia w nowoczesnych Chinach. Wp\u0142yw literacki i intelektualny (1999), Chi\u0144czycy i \u017bydzi: spotkania mi\u0119dzy kulturami<\/em>\u00a0(2007) Uzyska\u0142a tytu\u0142 profesora. W 1980 r. przyby\u0142a do Polski i odwiedzi\u0142a Mielec, by raz jeszcze zobaczy\u0107 miejsca, kt\u00f3re zadecydowa\u0142y o jej \u017cyciu. Owocem refleksji z tej podr\u00f3\u017cy by\u0142o napisanie i opublikowanie wspomnie\u0144 o zag\u0142adzie mieleckich \u017byd\u00f3w w czasie okupacji hitlerowskiej:\u00a0<em>The Choince. Poland 1939-1945,<\/em> New York 2004. Pracowa\u0142a na Uniwersytecie Hebrajskim w Jerozolimie i Senior Fellow w Harry S. Truman Research Institute. W 2001 r. przekaza\u0142a do Claremont archiwum historyczne stosunk\u00f3w USA i Chin z czas\u00f3w poprzedzaj\u0105cych II wojn\u0119 \u015bwiatow\u0105, poniewa\u017c obawia\u0142a si\u0119, \u017ce w Jerozolimie mog\u0105 ulec zniszczeniu w czasie palesty\u0144skich akcji terrorystycznych. Po przej\u015bciu na emerytur\u0119 mieszka\u0142a z rodzin\u0105 w Jerozolimie. Zmar\u0142a 10 IV 2019 r.<\/p>\r\n\r\n\r\n\r\n<p><strong><img loading=\"lazy\" decoding=\"async\" class=\"alignleft  wp-image-1069\" src=\"https:\/\/encyklopedia.mielec.pl\/wp-content\/uploads\/2022\/11\/echo_dnia.jpg\" alt=\"\" width=\"75\" height=\"110\" \/>ECHO DNIA<\/strong>, dziennik wydawany w Kielcach od 1 XII 1971 r. Pocz\u0105tkowo swym zasi\u0119giem obejmowa\u0142 wojew\u00f3dztwo kieleckie. W latach 90. sta\u0142 si\u0119 dziennikiem tak\u017ce dla p\u00f3\u0142nocnej cz\u0119\u015bci wojew\u00f3dztwa ma\u0142opolskiego i wojew\u00f3dztwa podkarpackiego (ECHO DNIA PODKARPACIA) oraz zachodniej cz\u0119\u015bci wojew\u00f3dztwa lubelskiego, a redakcja terenowa w Mielcu funkcjonowa\u0142a od maja 1998 r. przez kilka lat.\u00a0<\/p>\r\n\r\n\r\n\r\n<p>&nbsp;<\/p>\r\n<p><strong>EDMA ART<\/strong>, agencja reklamy. Powsta\u0142a w czerwcu 1996 r. Jej za\u0142o\u017cycielem i w\u0142a\u015bcicielem jest Edward Ma\u0142ek (inicjator szeregu nowatorskich przedsi\u0119wzi\u0119\u0107 w Mielcu, m.in. bezp\u0142atnego dwutygodnika reklamowego \u201eProfit\u201d i Radia HIT FM). Firma specjalizuje si\u0119 w projektowaniu i wykonawstwie tablic reklamowych z planami miast (w Mielcu, Kolbuszowej, D\u0119bicy, Stalowej Woli, Przemy\u015blu i Tomaszowie Lubelskim), du\u017cych tablic reklamowych o r\u00f3\u017cnej tematyce, znak\u00f3w firmowych, baner\u00f3w, oklejaniu reklamowym pojazd\u00f3w, folder\u00f3w, kalendarzy, proporczyk\u00f3w i okoliczno\u015bciowych odznak. Wsp\u00f3\u0142pracuje z pras\u0105, radiem i telewizj\u0105 na terenie Polski po\u0142udniowo-wschodniej w zakresie szeroko poj\u0119tej reklamy i promocji. Jest organizatorem szeregu koncert\u00f3w w Mielcu i w innych miastach na terenie kraju. Zako\u0144czy\u0142a dzia\u0142alno\u015b\u0107 w Mielcu.<\/p>\r\n\r\n\r\n\r\n<p><strong>EKOBUD S.C. STANIS\u0141AW I MARZANNA TURKOT MPORT-EXPORT<\/strong>, firma za\u0142o\u017cona w 2008 r. Zajmuje si\u0119 kompleksow\u0105 sprzeda\u017c\u0105 materia\u0142\u00f3w budowlanych oraz us\u0142ugami zwi\u0105zanymi z obs\u0142ug\u0105 inwestycji (projektowanie, wykonawstwo z dostaw\u0105 materia\u0142\u00f3w). Jest przedstawicielem firmy Hufgard Optolith Bauprodukte Polska \u2013 producenta wysokiej jako\u015bci farb, tynk\u00f3w i zapraw budowlanych. Uczestniczy\u0142a w realizacji wielu inwestycji na terenie Mielca , m.in. modernizacji stadionu miejskiego, rewitalizacji osiedla Lotnik\u00f3w, budowie p\u0142ywalni rekreacyjnej MOSiR, rozbudowie zespo\u0142u basen\u00f3w przy ul. L. Solskiego, budowie Inkubatora Przedsi\u0119biorczo\u015bci IN-MARR i budowie budynk\u00f3w mieszkalnych. Wspiera m.in. mieleckie kluby sportowe i Dom Dziecka w Skopaniu.<\/p>\r\n\r\n\r\n\r\n<p><strong>EKOTERM TST TURKOT S.J.<\/strong>, firma za\u0142o\u017cona w 1996 r. przez Tadeusza, Stanis\u0142awa i Tomasza Turkot\u00f3w. Pocz\u0105tkowo zajmowa\u0142a si\u0119 bran\u017c\u0105 gazownicz\u0105, a nast\u0119pnie handlem m.in. materia\u0142ami budowlanymi, wyposa\u017ceniem \u0142azienek, stolark\u0105 budowlan\u0105, systemami docieple\u0144 i chemi\u0105 budowlan\u0105. Wsp\u00f3\u0142pracuje z wieloma renomowanymi firmami zagranicznymi, m.in. z W\u0142och, Szwajcarii, Niemiec, Hiszpanii.<\/p>\r\n\r\n\r\n\r\n<div id=\"attachment_2992\" style=\"width: 199px\" class=\"wp-caption alignleft\"><img loading=\"lazy\" decoding=\"async\" aria-describedby=\"caption-attachment-2992\" class=\"wp-image-2992 size-full\" src=\"https:\/\/encyklopedia.mielec.pl\/wp-content\/uploads\/2022\/11\/eksterminacja_boznica.jpg\" alt=\"\" width=\"189\" height=\"300\" \/><p id=\"caption-attachment-2992\" class=\"wp-caption-text\"><em>Spalona synagoga w Mielcu<\/em><\/p><\/div>\r\n<p><strong>EKSTERMINACJA LUDNO\u015aCI \u017bYDOWSKIEJ W CZASIE II WOJNY \u015aWIATOWEJ<\/strong>, dzia\u0142alno\u015b\u0107 hitlerowskiego okupanta zmierzaj\u0105ca do ca\u0142kowitego wyt\u0119pienia (zag\u0142ady) ludno\u015bci \u017cydowskiej. Pierwszym aktem ludob\u00f3jstwa (i prawdopodobnie pierwszym na tak\u0105 skal\u0119 w podbijanej przez Niemc\u00f3w Polsce) by\u0142o rozstrzelanie i spalenie kilkudziesi\u0119ciu \u017byd\u00f3w w bo\u017cnicy, \u0142a\u017ani i rze\u017ani 13 IX 1939 r., w przeddzie\u0144 \u015bwi\u0119ta \u017cydowskiego. 26 X wprowadzono nakaz pracy dla m\u0119\u017cczyzn, a 23 XI nakaz noszenia opasek z gwiazd\u0105 Dawida. Przy ko\u0144cu 1939 r., na podstawie rozporz\u0105dzenia szefa G\u0142\u00f3wnego Urz\u0119du Bezpiecze\u0144stwa Rzeszy z 28 XI 1939 r., utworzono Judenrat (zarz\u0105d gminy \u017cydowskiej). W latach 1940-1941 zdarza\u0142y si\u0119 pojedyncze przypadki zastrzelenia \u017byd\u00f3w bez jakichkolwiek powod\u00f3w, w czym celowa\u0142 gestapowiec Rudolf Zimmermann. Na pocz\u0105tku 1942 r. centralne w\u0142adze III Rzeszy podj\u0119\u0142y decyzj\u0119 o radykalnym rozwi\u0105zaniu kwestii \u017cydowskiej na podbitych terenach; zdolni do pracy \u017bydzi mieli by\u0107 skoszarowani w obozach pracy, a pozosta\u0142a ludno\u015b\u0107 \u017cydowska wymordowana. Pierwszym miastem, w kt\u00f3rym zrealizowano plan ca\u0142kowitego usuni\u0119cia \u017byd\u00f3w, by\u0142 Mielec, prawdopodobnie ze wzgl\u0119du na miejscowe uwarunkowania (mieszkania dla kadry i pracownik\u00f3w fabryki samolot\u00f3w oraz dla osadnik\u00f3w niemieckich). W pierwszych dniach marca Niemcy zaproponowali mieleckiemu Judenratowi odst\u0105pienie od wysiedlenia w zamian za wysok\u0105 kontrybucj\u0119. \u017b\u0105dany okup dostarczono 8 marca, ale mimo to wczesnym rankiem 9 marca rozpocz\u0119to akcj\u0119 usuni\u0119cia ludno\u015bci \u017cydowskiej z Mielca. Wszystkich, kt\u00f3rzy dobrowolnie zg\u0142osili si\u0119 lub zostali zmuszeni, zebrano na Rynku i dokonano pierwszej selekcji. M\u0119\u017cczyzn zdolnych do ci\u0119\u017ckiej pracy skierowano do oboz\u00f3w pracy w Pustkowie i miejscowej Cyrance. Pozosta\u0142ych poprowadzono ulicami Pi\u0142sudskistrasse (dzi\u015b A. Mickiewicza) i Tarnobrzegerstrasse (H. Sienkiewicza) w kierunku Berdechowa. Ju\u017c po drodze mordowano osoby, kt\u00f3re nie mog\u0142y i\u015b\u0107, pr\u00f3bowa\u0142y ucieka\u0107 lub prosi\u0142y o lito\u015b\u0107. Cia\u0142a zamordowanych wrzucano na w\u00f3z konny jad\u0105cy za kolumn\u0105. Na terenie Berdechowa osoby najstarsze, kalekie i s\u0142abe umieszczono w baraku, a pozosta\u0142ych w hangarach na lotnisku. Wi\u0119\u017ani\u00f3w berdechowskiego baraku (kilkaset os\u00f3b) rozstrzelano za piaszczystym wzg\u00f3rzem na terenie Borku. Wi\u0119\u017ani\u00f3w w hangarach trzymano 4 doby bez dostaw \u017cywno\u015bci (by\u0142y pojedyncze przypadki podawania \u017cywno\u015bci przez miejscow\u0105 ludno\u015b\u0107 w pierwszym dniu, ale p\u00f3\u017aniej surowo zabroniono jakichkolwiek kontakt\u00f3w), a nast\u0119pnie wywieziono poci\u0105gami do oboz\u00f3w w Be\u0142zie, Bia\u0142ej Podlaskiej, Dubience, Krasnymstawie, Mi\u0119dzyrzeczu, Parczewie i W\u0142odawie, sk\u0105d ju\u017c nie wr\u00f3cili do Mielca. Nale\u017cy jednak doda\u0107, \u017ce pewna grupa \u017byd\u00f3w sprawniejszych i nieufnych w ustalenia z Niemcami zdo\u0142a\u0142a ukry\u0107 si\u0119 przed 8 marca u znajomych mielczan i nast\u0119pnie zbiec z Mielca. By\u0142y te\u017c przypadki przechowywania \u017byd\u00f3w w Mielcu i okolicznych miejscowo\u015bciach przez ca\u0142y czas okupacji hitlerowskiej. (Po\u015bwiadczyli to sami uratowani po II wojnie \u015bwiatowej.) Zdecydowana wi\u0119kszo\u015b\u0107 \u017byd\u00f3w pracuj\u0105cych w obozach pracy zosta\u0142a zamordowana na miejscu lub w czasie ewakuacji w 1944 r., kiedy zbli\u017ca\u0142 si\u0119 front. Cz\u0119\u015b\u0107 (oko\u0142o 100 os\u00f3b) prze\u017cy\u0142a obozy pracy i zosta\u0142a uwolniona z r\u0105k niemieckich w 1945 r. Og\u00f3\u0142em z oko\u0142o 5,5 tys. mieszka\u0144c\u00f3w Mielca narodowo\u015bci \u017cydowskiej II wojn\u0119 \u015bwiatow\u0105 prze\u017cy\u0142o (wg mieleckiego badacza historii \u017byd\u00f3w \u2013 Stanis\u0142awa Wanatowicza) niewiele ponad 300 os\u00f3b. Wszystkie miejsca martyrologii ludno\u015bci \u017cydowskiej w Mielcu zosta\u0142y trwale upami\u0119tnione, o czym szerzej w oddzielnych has\u0142ach.<\/p>\r\n\r\n\r\n\r\n<p><strong>EKSTREMALNA DROGA KRZY\u017bOWA,<\/strong>\u00a0forma indywidualnego nabo\u017ce\u0144stwa Drogi Krzy\u017cowej oraz pielgrzymki zwi\u0105zanej z rozwa\u017caniami nad m\u0119cze\u0144stwem, \u015bmierci\u0105 i zmartwychwstaniem Pana Jezusa Chrystusa. Ekstremalna, bo odbywa si\u0119 pieszo, w nocy, na trasie oko\u0142o 40 km, bez rozm\u00f3w i przy ka\u017cdych warunkach atmosferycznych, w okresie Wielkiego Postu. Met\u0105 jest wybrane w danym roku miejsce kultu religijnego. Pomys\u0142odawc\u0105 EDK by\u0142 ksi\u0105dz Jacek Stryczek, przy wsparciu duszpasterstwa \u201eM\u0119ska Strona Rzeczywisto\u015bci\u201d. W 2009 r. odby\u0142a si\u0119 pierwsza tego typu nocna pielgrzymka na trasie Krak\u00f3w \u2013 Kalwaria Zebrzydowska. Z biegiem lat EDK rozpowszechni\u0142a si\u0119 na ca\u0142y kraj, a papie\u017c Franciszek udzieli\u0142 jej b\u0142ogos\u0142awie\u0144stwa. W ka\u017cdym roku ma swoj\u0105 my\u015bl przewodni\u0105, np. w 2010 r. \u2013 \u201eZ\u0142o dobrem zwyci\u0119\u017caj\u201d, 2012 r. \u2013 \u201eIdea\u0142y i po\u015bwi\u0119cenie\u201d, a w 2018 r. \u2013 \u201eDroga Pi\u0119knego \u017bycia\u201d. Pierwsza Mielecka EDK odby\u0142a si\u0119 w 2015 r., a jej inicjatorem by\u0142 Tomasz Bucki \u2013 lektor w parafii Matki Bo\u017cej Nieustaj\u0105cej Pomocy. Odby\u0142a si\u0119 na trasie Mielec \u2013 Sanktuarium Matki Bo\u017cej Pocieszenia w Pilznie. Odt\u0105d co roku organizowana jest w Mielcu, a w zwi\u0105zku z rosn\u0105c\u0105 ilo\u015bci\u0105 uczestnik\u00f3w wytyczane s\u0105 r\u00f3\u017cne trasy.\u00a0<\/p>\r\n\r\n\r\n\r\n<p><strong>ELDAN D. DZIURA, E. BURKIEWICZ Sp. J.<\/strong>, firma dzia\u0142aj\u0105ca od 1998 r. Produkuje odzie\u017c dla pracownik\u00f3w s\u0142u\u017cby zdrowia, m.in. odzie\u017c lekarsk\u0105, ci\u0105\u017cow\u0105, zawodow\u0105; fartuchy medyczne, obuwie medyczne, ubrania dla pracownik\u00f3w pogotowia ratunkowego. Zezwolenie na dzia\u0142alno\u015b\u0107 gospodarcz\u0105 w SSE EURO-PARK MIELEC otrzyma\u0142a 14 IX 2005 r. \u015arodowisko, do kt\u00f3rego kierowana jest produkcja, wymaga zachowania szczeg\u00f3lnych uwarunkowa\u0144 i jako\u015bci wyrob\u00f3w. Rozwijaj\u0105ca si\u0119 mielecka firma spe\u0142nia te wymagania, m.in. wdro\u017cy\u0142a system zarz\u0105dzania jako\u015bci\u0105 zgodny z ISO 9000:2001, a nast\u0119pnie uzyska\u0142a certyfikat ISO 9001:2008. Konsekwentnie promuje si\u0119, uczestnicz\u0105c w bran\u017cowych targach w kraju i poza jego granicami, m.in. w mi\u0119dzynarodowych targach stomatologicznych CEDE w \u0141odzi i p\u00f3\u017aniej w Poznaniu, Krakdent w Krakowie, Dental we Lwowie, International Dental Show w Kolonii (Niemcy) i Pragodent w Pradze (Czechy).<\/p>\r\n\r\n\r\n\r\n<p><strong>ELDOMEX S.C.<\/strong>, firma za\u0142o\u017cona w 1991 r. przez braci \u2013 Andrzeja i W\u0142adys\u0142awa Kremp\u00f3w. Pocz\u0105tkowo posiada\u0142a nazw\u0119 ELDOM i naprawia\u0142a sprz\u0119t AGD oraz handlowa\u0142a cz\u0119\u015bciami zamiennymi. Od roku 1993 uruchomi\u0142a produkcj\u0119 uszczelek magnetycznych i zamra\u017calnik\u00f3w do lod\u00f3wek. W 1998 r. zacz\u0119\u0142a produkowa\u0107 ch\u0142odziarki samochodowe o niekonwencjonalnym sposobie ch\u0142odzenia i grzania, wykorzystuj\u0105c tzw. zjawisko termoelektryczno\u015bci (dotychczas w Polsce niestosowane). Za ten wyr\u00f3b uzyska\u0142a g\u0142\u00f3wn\u0105 nagrod\u0119 na VII Mieleckich Targach Wielobran\u017cowych. Firma otrzyma\u0142a tak\u017ce dyplom Ministra Handlu Wielkiej Brytanii za t\u0119 proekologiczn\u0105 ch\u0142odziark\u0119 i aktywny udzia\u0142 w Programie \u201eCzysty Biznes\u201d. Produkcja prowadzona jest w mieleckim Inkubatorze Przedsi\u0119biorczo\u015bci IN-MARR, a ponadto firma posiada na terenie miasta sklepy z warsztatami us\u0142ugowymi.<\/p>\r\n\r\n\r\n\r\n<p><strong>ELECTRO \u2013 CITY CAR<\/strong>, pierwszy polski samoch\u00f3d o nap\u0119dzie elektrycznym. Prototyp zbudowano w WSK \u201ePZL-Mielec\u201d w 1975 r., wykorzystuj\u0105c do\u015bwiadczenia zdobyte przy produkcji \u201eMelexa\u201d. Z przyczyn obiektywnych nie podj\u0119to produkcji.<\/p>\r\n\r\n\r\n\r\n<p><strong><img loading=\"lazy\" decoding=\"async\" class=\"alignleft size-full wp-image-2993\" src=\"https:\/\/encyklopedia.mielec.pl\/wp-content\/uploads\/2022\/11\/elektrocieplownia.jpg\" alt=\"\" width=\"300\" height=\"210\" \/>ELEKTROCIEP\u0141OWNIA \u201ePZL \u2013 MIELEC\u201d<\/strong>, g\u0142\u00f3wne \u017ar\u00f3d\u0142o ogrzewania miasta w porze grzewczej (pa\u017adziernik \u2013 kwiecie\u0144). Dynamiczny rozw\u00f3j WSK i miasta wp\u0142yn\u0105\u0142 na podj\u0119cie decyzji w 1955 r. o budowie du\u017cej miejscowej elektrociep\u0142owni. Dokumentacja projektowa powsta\u0142a w latach 1956-1958, a budow\u0119 obiekt\u00f3w, usytuowanych w bezpo\u015brednim s\u0105siedztwie WSK (od strony miasta), rozpocz\u0119to w 1958 r. G\u0142\u00f3wnymi wykonawcami by\u0142y firmy \u201eElektromonta\u017c Po\u0142udnie\u201d z Katowic i \u201eMostostal\u201d z Zabrza. Eksploatacj\u0119 urz\u0105dze\u0144 dostarczaj\u0105cych energi\u0119 ciepln\u0105 do WSK rozpocz\u0119to 9 XI 1962 r. W drugim etapie uruchomiono energetyczne turbiny parowe (radzieckie AP-6 i AR-4) wytwarzaj\u0105ce energi\u0119 elektryczn\u0105 dla potrzeb WSK. W kolejnych latach 60. wybudowano ciep\u0142oci\u0105g WSK \u2013 miasto i od 1969 r. rozpocz\u0119to ogrzewanie blok\u00f3w mieszkalnych tzw. Osiedla (do 1957 r. Osiedla Fabrycznego WSK). Dalszy rozw\u00f3j WSK i miasta spowodowa\u0142, \u017ce w latach 70. rozpocz\u0119to budow\u0119 nowej elektrociep\u0142owni z kot\u0142ami polskimi W-25, wykonanymi w S\u0119dziszowie i Raciborzu. Stopniowe w\u0142\u0105czanie obiektu do eksploatacji odby\u0142o si\u0119 w trzech terminach: 6 XI 1981 r., 7 XI 1984 r. i 10 I 1985 r. Ogrzewaniem obj\u0119to inne osiedla w Mielcu. W pierwszym okresie dzia\u0142alno\u015bci (do 1991 r.) Elektrociep\u0142ownia by\u0142a jednostk\u0105 organizacyjn\u0105 WSK, jako wydzia\u0142 w Pionie G\u0142\u00f3wnego Energetyka. W latach 1991-1993 stanowi\u0142a samodzielny zak\u0142ad w ramach holdingu WSK, a od 1993 r. jest Sp\u00f3\u0142k\u0105 z o.o. Usamodzielnienie wp\u0142yn\u0119\u0142o pozytywnie na dalszy jej rozw\u00f3j. Podj\u0119to szereg decyzji i prac maj\u0105cych na celu zminimalizowanie negatywnego oddzia\u0142ywania urz\u0105dze\u0144 na \u015brodowisko. M.in. zdecydowano si\u0119 na zakup dro\u017cszego paliwa w\u0119glowego o wysokiej warto\u015bci opa\u0142owej, przeprowadzono remonty i inwestycje, wprowadzono ulepszenia techniczne i monitorowanie zanieczyszcze\u0144. Dzia\u0142ania te przynios\u0142y znacz\u0105ce efekty i doprowadzi\u0142y do skre\u015blenia mieleckiej elektrociep\u0142owni z listy zak\u0142ad\u00f3w szczeg\u00f3lnie uci\u0105\u017cliwych dla \u015brodowiska naturalnego. Posiada: 4 kot\u0142y parowe OR64 (moc cieplna 118 MWt), 4 kot\u0142y wodne WR25 (moc cieplna 116 MWt, 2 turbiny parowe: kondensacyjno-upustow\u0105 o mocy 6 Mwe i przeciwpr\u0119\u017cn\u0105 o mocy 4 Mwe. 9 X 2000 r. otrzyma\u0142a zezwolenie na prowadzenie dzia\u0142alno\u015bci gospodarczej na terenie SSE EURO-PARK MIELEC. *W latach 1962-1991 Elektrociep\u0142owni\u0105 kierowali: Henryk Pisula, Zenon Brodziak, Stanis\u0142aw Zalewski, Ludwik Niegowski, J\u00f3zef Kru\u017cel, Aleksander Butryn, Marian \u0141agudza, Jan W\u0105sowski i Stanis\u0142aw So\u0142tys, kt\u00f3ry w latach 1991-1993 by\u0142 dyrektorem Zak\u0142adu, a od 1993 r. jest prezesem Sp\u00f3\u0142ki z o.o. *Siedziba: obiekty w po\u0142udniowej cz\u0119\u015bci SSE. Adres: ul. Wojska Polskiego 3. W 2001 r. wi\u0119kszo\u015b\u0107 udzia\u0142\u00f3w Sp\u00f3\u0142ki (85,37 %) naby\u0142a firma EETEK Ltd reprezentuj\u0105ca fundusz inwestycyjny DEXIA-FondElec Energy Efficency and Emissions Reduction Found L.P. W latach 2002-2004 przeprowadzono szereg wa\u017cnych inwestycji. Uruchomiono trzeci turbozesp\u00f3\u0142 parowy (moc 20,44 MW) z ch\u0142odni\u0105 wentylatorow\u0105 i uk\u0142adami wyprowadzania mocy cieplnej i elektrycznej, a tak\u017ce zmodernizowano pozosta\u0142e urz\u0105dzenia wytw\u00f3rcze, m.in. poprzez zastosowanie uk\u0142ad\u00f3w automatyki i wprowadzenie monitoringu proces\u00f3w produkcji. W latach 2010-2011 oddano do eksploatacji dwa uk\u0142ady kogeneracyjne w postaci silnik\u00f3w spalinowych t\u0142okowych zasilanych gazem ziemnym wysokometanowym GZ-50 z sieci \u015bredniopr\u0119\u017cnej, co zmniejszy\u0142o zu\u017cycie w\u0119gla i obni\u017cy\u0142o wska\u017anik emisji CO2 na jednostk\u0119 wyprodukowanej energii. Od VI 2011 r. wi\u0119kszo\u015bciowym udzia\u0142owcem EC sta\u0142a si\u0119 w\u0119gierska sp\u00f3\u0142ka E-Star Polska Sp. z o.o., kt\u00f3ra wykupi\u0142a udzia\u0142y firmy EETEK Ltd. W rezultacie przeprowadzonych inwestycji mielecka Elektrociep\u0142ownia dysponowa\u0142a w 2012 r. \u00a0dwoma obiektami energetycznymi: obiektem Elektrociep\u0142owni \u201eEC\u201c (3 kot\u0142y parowe typu OR-64 i 3 turbozespo\u0142y) \u00a0i obiektem Ciep\u0142owni \u201eC-II\u201c (2 kot\u0142y wodne typu WR-25), po\u0142\u0105czonymi magistral\u0105 ciep\u0142ownicz\u0105 i elektryczn\u0105. \u0141\u0105czna zainstalowana moc cieplna wynosi 177,7 MWt, \u0142\u0105czna zainstalowana moc elektryczna \u2013 38,87 MWe, a \u0142\u0105czna osi\u0105galna moc elektryczna \u2013 32,87 MWe. Dostarcza\u0142a energi\u0119 elektryczn\u0105 (poprzez firm\u0119 dystrybucyjn\u0105 Euro-Energetyka Sp. z o.o.) dla odbiorc\u00f3w w SSE \u201eEURO-PARK\u201d MIELEC i innych odbiorc\u00f3w zewn\u0119trznych, a tak\u017ce ciep\u0142o dla odbiorc\u00f3w z sieci MPEC Mielec, odbiorc\u00f3w z obszaru SSE \u201eEURO-PARK\u201d Mielec i Mieleckiego Parku Przemys\u0142owego oraz gospodarstw ogrodniczych. Ponadto wykonywa\u0142a us\u0142ugi zwi\u0105zane z eksploatacj\u0105 w\u0119z\u0142\u00f3w cieplnych i instalacji centralnego ogrzewania oraz us\u0142ugi laboratoryjne. W listopadzie 2014 r. oddano do eksploatacji now\u0105 instalacj\u0119 redukuj\u0105c\u0105 emisj\u0119 py\u0142u do atmosfery.<\/p>\r\n\r\n\r\n\r\n<p><strong>ELEKTROMONTA\u017b RZESZ\u00d3W SA GRUPA ROB\u00d3T W MIELCU<\/strong>; firma produkcyjno-monta\u017cowa bran\u017cy elektrycznej, jedna z najwi\u0119kszych tego typu w Polsce. Rozpocz\u0119\u0142a dzia\u0142alno\u015b\u0107 w 1968 r. jako Rzeszowskie Przedsi\u0119biorstwo Instalacji Budowlanych i wykonywa\u0142a roboty elektryczne i sanitarne, w tym r\u00f3wnie\u017c na terenie Mielca. Po\u0142\u0105czenie tych dw\u00f3ch specjalno\u015bci tworzy\u0142o wiele problem\u00f3w, tote\u017c w 1971 r. firm\u0119 przekszta\u0142cono w Rzeszowskie Przedsi\u0119biorstwo Rob\u00f3t Elektrycznych (RPRE). W dynamicznie rozwijaj\u0105cych si\u0119 miastach wojew\u00f3dztwa, m.in. Mielcu powo\u0142ano jednostki organizacyjne \u2013 KGR (Kierownictwo Grupy Rob\u00f3t). Zasi\u0119giem dzia\u0142alno\u015bci obj\u0119to po\u0142udniowo-wschodnie tereny Polski i wykonywano instalacje elektryczne dla budownictwa. W 1982 r. przyj\u0119to nazw\u0119 Elektromonta\u017c i dokonano wielu zmian w organizacji. Wiosn\u0105 1991 r. przekszta\u0142cono firm\u0119 z przedsi\u0119biorstwa pa\u0144stwowego w sp\u00f3\u0142k\u0119 akcyjn\u0105 Elektromonta\u017c Rzesz\u00f3w SA o ca\u0142kowicie prywatnym kapitale i 26 VI 1991 r. dokonano rejestracji w S\u0105dzie Rejonowym w Rzeszowie \u2013 V Wydzia\u0142 Gospodarczy. W grudniu 1996 r. uzyskano certyfikat jako\u015bci potwierdzaj\u0105cy, \u017ce firma pracuje zgodnie z norm\u0105 PN-ISO 9001:1996 w zakresie projektowania, produkcji, instalowania i serwisu urz\u0105dze\u0144 i instalacji elektrycznych, linii elektroenergetycznych i telekomunikacyjnych, a we wrze\u015bniu 1998 r. uzyskano certyfikat Systemu Zarz\u0105dzania \u015arodowiskowego ISO 14001. Na li\u015bcie wa\u017cniejszych obiekt\u00f3w w Mielcu, w kt\u00f3rych budowie uczestniczy\u0142 rzeszowski Elektromonta\u017c, s\u0105 m.in. budynki mieszkalne przy ulicach A. Kocjana i ks. P. Skargi, Kirchoff, Krono-Wood, Melnox i Kamax. Aktualnie mielecka jednostka Elektromonta\u017cu \u2013 KGR Zesp\u00f3\u0142 Bud\u00f3w ma siedzib\u0119 przy ul. J. Korczaka.<\/p>\r\n\r\n\r\n\r\n<p>Kierownicy: &#8230;, Eugeniusz Andrusiewicz (1997-2021), &#8230;<\/p>\r\n\r\n\r\n\r\n<p><strong><img loading=\"lazy\" decoding=\"async\" class=\"alignleft  wp-image-1070\" src=\"https:\/\/encyklopedia.mielec.pl\/wp-content\/uploads\/2022\/11\/elektrowania_wiatrowa.jpg\" alt=\"\" width=\"84\" height=\"127\" \/>ELEKTROWNIA WIATROWA TYPU HSW 250T<\/strong>, pierwsza w powiecie mieleckim elektrownia wykorzystuj\u0105ca si\u0142\u0119 wiatru do produkcji energii elektrycznej zbudowana w 2006 r. w rejonie ul. J. Korczaka przez Stanis\u0142awa Ko\u0142ca \u2013 w\u0142a\u015bciciela firmy Kol-Max. Ma wysoko\u015b\u0107 ponad 30 m, promie\u0144 obrotu 3 \u015bmigie\u0142 wynosi oko\u0142o 14 m. Dla bie\u017c\u0105cego monitorowania si\u0142y wiatru w\u0142a\u015bciciel elektrowni zbudowa\u0142 w jej pobli\u017cu stacj\u0119 meteo. Rozpocz\u0119\u0142a prac\u0119 26 IX 2006 r.<\/p>\r\n\r\n\r\n\r\n<p>&nbsp;<\/p>\r\n<p>&nbsp;<\/p>\r\n<p><strong><img loading=\"lazy\" decoding=\"async\" class=\"alignleft size-full wp-image-1071\" src=\"https:\/\/encyklopedia.mielec.pl\/wp-content\/uploads\/2022\/11\/elektrownia_romanowskiego.jpg\" alt=\"\" width=\"150\" height=\"105\" \/>ELEKTROWNIA ZYGMUNTA RYMANOWSKIEGO<\/strong>, pierwsza w dziejach Mielca elektrownia zasilaj\u0105ca miasto w energi\u0119 elektryczn\u0105. Zbudowa\u0142 j\u0105 na swojej posesji przy ul. T. Ko\u015bciuszki (obok willi \u201eIrena\u201d) rodowity mielczanin Zygmunt Rymanowski. Pierwsz\u0105 instytucj\u0105 publiczn\u0105, w kt\u00f3rej zab\u0142ys\u0142o \u015bwiat\u0142o elektryczne, by\u0142a Szko\u0142a M\u0119ska przy ul. T. Ko\u015bciuszki. Sta\u0142o si\u0119 to 14 I 1924 r. w czasie konferencji powizytacyjnej prowadzonej przez inspektora szkolnego Waleriana Gajewskiego. W kolejnych miesi\u0105cach doprowadzono energi\u0119 elektryczn\u0105 do innych wa\u017cnych miejsc w mie\u015bcie, m.in. do kancelarii gminnej i kina przy ul. T. Ko\u015bciuszki, a na pocz\u0105tku jesieni 1925 r. o\u015bwietlono g\u0142\u00f3wne ulice miasta. W latach 30., w zwi\u0105zku z wci\u0105\u017c zwi\u0119kszaj\u0105cym si\u0119 zapotrzebowaniem na energi\u0119 elektryczn\u0105, Z. Rymanowski zakupi\u0142 nowe urz\u0105dzenia do wytwarzania pr\u0105dui zwi\u0119kszy\u0142 moc elektrowni. Ilo\u015b\u0107 pod\u0142\u0105cze\u0144 ros\u0142a szybko i w po\u0142owie lat 30. zn\u00f3w moc elektrowni okaza\u0142a si\u0119 niewystarczaj\u0105ca. Nale\u017cy nadmieni\u0107, \u017ce po \u015bmierci Z. Rymanowskiego (1935 r.) elektrowni\u0105 zarz\u0105dzali jego \u017cona Stefania i syn Eugeniusz, a od strony fachowej Jan Mu\u017c, in\u017cynier elektryk z Krakowa, sprowadzony do Mielca przez E. Rymanowskiego. W 1938 r., w zwi\u0105zku z budow\u0105 Wytw\u00f3rni P\u0142atowc\u00f3w na terenie Cyranki i koniecznym pod\u0142\u0105czeniem linii wysokiego napi\u0119cia z Mo\u015bcisk k\/Tarnowa do Mielca, elektrownia Rymanowskich zosta\u0142a przej\u0119ta przez Okr\u0119gowy Zak\u0142ad Energetyczny w Tarnowie i wy\u0142\u0105czona z u\u017cytkowania.<\/p>\r\n\r\n\r\n\r\n<p><strong>E-MIELEC24.PL<\/strong>, portal za\u0142o\u017cony przez Mariusza Mazura 10 XI 2013 r. W lutym 2014 r. zosta\u0142 wpisany do Rejestru Wydawnictw i Czasopism jako dziennik internetowy pod nazw\u0105 \u201eBie\u017c\u0105ce Informacje Regionalne\u201d. Jest prowadzony przez Huberta Mazura (redaktor naczelny) i Mariusza Mazura, we wsp\u00f3\u0142pracy z mieleckim fotoreporterem Romanem Trojnackim. G\u0142\u00f3wnym celem portalu jest propagowanie nieznanych dot\u0105d epizod\u00f3w z historii Mielca i okolic. M.in. organizuje poszukiwania zestrzelonych samolot\u00f3w w czasie II wojny \u015bwiatowej. W tym zakresie wsp\u00f3\u0142pracuje z instytucjami muzealnymi, m.in. z Parkiem Historycznym w Bli\u017anie i Muzeum Lotniczym w Krakowie oraz PSP \u201eOcali\u0107 od Zapomnienia\u201d i naukowcami. Dzia\u0142y: Miasto i region, Na sygnale, Muzyka, Kultura, Historycznie, Sport.<\/p>\r\n\r\n\r\n\r\n<p><strong>EMIGRACJA ZAROBKOWA<\/strong>, wyjazdy mielczan celach zarobkowych zdarza\u0142y si\u0119 do 1880 r. rzadko. Pierwsza wielka fala emigracji, g\u0142\u00f3wnie do Ameryki P\u00f3\u0142nocnej, pop\u0142yn\u0119\u0142a w ostatnim dwudziestoleciu XIX w. Nie brakowa\u0142o te\u017c ch\u0119tnych do pracy w zachodnich pa\u0144stwach europejskich, zw\u0142aszcza w Niemczech i Francji. Por\u00f3wnanie ilo\u015bci emigrant\u00f3w z r\u00f3\u017cnych powiat\u00f3w w Galicji wskazywa\u0142o, \u017ce Mielec i okolice nale\u017ca\u0142y do najaktywniejszych. Zmusza\u0142a ich do tego bieda, ale wyje\u017cd\u017cali te\u017c bogatsi w celu pomno\u017cenia maj\u0105tk\u00f3w, poznania \u015bwiata i nowo\u015bci technicznych. Spora cz\u0119\u015b\u0107 tych os\u00f3b powraca\u0142a, zak\u0142ada\u0142a firmy, budowa\u0142a domy i zabudowania gospodarcze w nowym stylu, wprowadza\u0142a podpatrzone nowinki techniczne. Jednak ju\u017c wtedy niema\u0142o mielczan pozostawa\u0142o na sta\u0142e na obczy\u017anie. Cz\u0119sto \u015bci\u0105gano potem do siebie rodzin\u0119 i znajomych, tworz\u0105c nawet kilkudziesi\u0119cioosobowe grupy i pomagaj\u0105c sobie wzajemnie. Zdarza\u0142o si\u0119 te\u017c, cho\u0107 rzadko, \u017ce nowy kraj zamieszkania tak bardzo odurzy\u0142 emigranta, i\u017c ten odcina\u0142 si\u0119 zupe\u0142nie od rodziny i zak\u0142ada\u0142 now\u0105. Do wybuchu I wojny \u015bwiatowej nat\u0119\u017cenie emigracji zarobkowej utrzymywa\u0142o si\u0119 na podobnym poziomie. W czasie I wojny \u015bwiatowej mielczanie wcieleni do wojska walczyli na r\u00f3\u017cnych frontach w Europie, ale po zako\u0144czeniu wojny tylko nieliczni zdecydowali si\u0119 pozosta\u0107 na zachodzie Europy. Nowa fala emigracji, spowodowana powojenn\u0105 bied\u0105 i ch\u0119ci\u0105 polepszenia sobie bytu, powsta\u0142a w latach 20. XX w. i trwa\u0142a a\u017c do 1937 r., kiedy to w zwi\u0105zku z budow\u0105 fabryki samolot\u00f3w na terenie Cyranki powsta\u0142o du\u017ce zapotrzebowanie na miejscow\u0105 si\u0142\u0119 robocz\u0105. W tym okresie, opr\u00f3cz tradycyjnych wyjazd\u00f3w do Ameryki P\u00f3\u0142nocnej i zachodniej Europy, niema\u0142a grupa wyemigrowa\u0142a do Brazylii i Argentyny. Zawierucha wojenna 1939-1945 rozrzuci\u0142a kilkuset mielczan po r\u00f3\u017cnych zak\u0105tkach Europy. Nie wszyscy ocaleni z wojny, z r\u00f3\u017cnych przyczyn (o czym mowa w innych has\u0142ach), powr\u00f3cili do rodzinnego domu i zamieszkali na sta\u0142e w zachodnich pa\u0144stwach Europy (Francja, Anglia). Rygorystyczne przepisy w sprawie wyjazd\u00f3w zagranicznych niemal ca\u0142kowicie zlikwidowa\u0142y emigracj\u0119 zarobkow\u0105 a\u017c do ko\u0144ca lat 60. XX w. Rozw\u00f3j produkcji eksportowej mieleckiej WSK na nowo otworzy\u0142 mo\u017cliwo\u015bci wyjazd\u00f3w do r\u00f3\u017cnych kraj\u00f3w \u015bwiata. Niema\u0142\u0105 grup\u0119 mielczan zatrzyma\u0142o w r\u00f3\u017cnych krajach og\u0142oszenie stanu wojennego w Polsce 13 XII 1981 r. i wtedy wielu zdecydowa\u0142o si\u0119 pozosta\u0107 tam na sta\u0142e (g\u0142\u00f3wnie w USA i Kanadzie). Lata 80. zapisa\u0142y si\u0119 w historii mieleckiej emigracji zupe\u0142nie nowymi jej formami. Z roku na rok zdarza\u0142o si\u0119 coraz cz\u0119\u015bciej, \u017ce uczestnicy wycieczek zagranicznych nie wracali do Mielca i prosili o azyl. Zwolennicy legalnego opuszczenia kraju wystawali w d\u0142ugich kolejkach do konsulat\u00f3w pa\u0144stw zachodnich i wcze\u015bniej czy p\u00f3\u017aniej wyje\u017cd\u017cali na \u201ewycieczki\u201d, a w praktyce na zarobek. Tak\u017ce i z tej wielkiej fali emigracji kilkuset mielczan pozosta\u0142o na sta\u0142e za granicami, m.in. w USA (g\u0142\u00f3wne skupisko w Chicago) i Kanadzie (okolice Toronto), Australii (Adelajda, Sydney). Intensywna emigracja utrzyma\u0142a si\u0119 w latach 90. Zmala\u0142a nieco ilo\u015b\u0107 os\u00f3b wyje\u017cd\u017caj\u0105cych do USA i Kanady, ale za to zdecydowanie wzros\u0142a do Francji, W\u0142och, Niemiec, Austrii, Belgii oraz ostatnio do Grecji i Hiszpanii. Tak\u017ce i z tej fali emigracyjnej wielu mielczan pozosta\u0142o na sta\u0142e na obczy\u017anie, a najpopularniejsz\u0105 przystani\u0105 sta\u0142 si\u0119 Madryt. Nale\u017cy jednak zauwa\u017cy\u0107, \u017ce zdecydowana wi\u0119kszo\u015b\u0107 powraca\u0142a do rodzin w Mielcu i anga\u017cowa\u0142a zarobione pieni\u0105dze w dzia\u0142alno\u015b\u0107 gospodarcz\u0105, budownictwo i popraw\u0119 poziomu \u017cycia. Jest to jeden z wa\u017cniejszych czynnik\u00f3w pozwalaj\u0105cych prze\u017cy\u0107 mielczanom w okresie tragicznego dla miasta upadku WSK i wielu pa\u0144stwowych firm po transformacji ustrojowej pa\u0144stwa, zapocz\u0105tkowanej w 1989 r. W pierwszych latach XXI w. nadal g\u0142\u00f3wnym kierunkiem emigracji pozostawa\u0142y Hiszpania, W\u0142ochy i Grecja. Po wej\u015bciu Polski do Unii Europejskiej (2004 r.) wyra\u017anie zmieni\u0142y si\u0119 preferencje mieleckich emigrant\u00f3w zarobkowych, a \u00a0najcz\u0119stszym celem sta\u0142y si\u0119 Wyspy Brytyjskie. Nadal ch\u0119tnie wyje\u017cd\u017cano na okresowe prace do Hiszpanii i W\u0142och oraz rzadziej do Ameryki P\u00f3\u0142nocnej (USA, Kanada) i Skandynawii. Z powodu wyj\u015bcia Wielkiej Brytanii ze struktur Unii Europejskiej wielu Polak\u00f3w mieszkaj\u0105cych na Wyspach zintensyfikowa\u0142o starania o obywatelstwo brytyjskie, ale te\u017c niema\u0142y procent tej populacji postanowi\u0142 powr\u00f3ci\u0107 do Polski.<\/p>\r\n\r\n\r\n\r\n<p><strong>EMISARIUSZ DUCHA \u015aWI\u0118TEGO<\/strong>, pismo Katolickiego Stowarzyszenia M\u0142odzie\u017cy przy Parafii Ducha \u015awi\u0119tego w Mielcu wydawane w latach 90. (XX w.)<\/p>\r\n\r\n\r\n\r\n<p><strong>EMPIS (PRZEDSI\u0118BIORSTWO INSTALACJI SANITARNYCH \u201eEMPIS\u201d SP. Z O.O. W MIELCU)<\/strong>, wywodzi si\u0119 od Przedsi\u0119biorstwa Instalacji Sanitarnych i Elektrycznych w Rzeszowie, kt\u00f3re zosta\u0142o powo\u0142ane przez Rzeszowskie Zjednoczenie Budownictwa 1 I 1963 r. Pionierami tej firmy byli Ryszard Jasi\u0144ski \u2013 dyrektor naczelny i p\u00f3\u017aniejszy wiceminister budownictwa oraz pochodz\u0105cy z podmieleckiego Kie\u0142kowa Franciszek Pomana \u2013 zast\u0119pca dyrektora. Zasi\u0119g rob\u00f3t instalacyjnych i elektrycznych tej firmy obejmowa\u0142 tereny Polski po\u0142udniowo-wschodniej. Ze wzgl\u0119du na rozleg\u0142y teren dzia\u0142alno\u015bci przedsi\u0119biorstwo kilkakrotnie przekszta\u0142cano i dzielono. W rezultacie zmian powsta\u0142y dwie firmy: Rzeszowskie Przedsi\u0119biorstwo Instalacji Elektrycznych i Rzeszowskie Przedsi\u0119biorstwo Instalacji Sanitarnych, posiadaj\u0105ce 16 oddzia\u0142\u00f3w \u2013 Kierownictw Grup Rob\u00f3t (KGR). Wykonywano wewn\u0119trzne instalacje, w szczeg\u00f3lno\u015bci dla budownictwa mieszkaniowego i towarzysz\u0105cego. KGR Mielec obs\u0142ugiwa\u0142o teren Mielca, D\u0119bicy i Kolbuszowej oraz przyleg\u0142e gminy. W latach 70. i 80. XX w. (najwi\u0119kszy rozw\u00f3j budownictwa mieszkaniowego), jako podwykonawca Mieleckiego Przedsi\u0119biorstwa Budowlanego, wykonywa\u0142 rocznie instalacje sanitarne w oko\u0142o 800 mieszkaniach. Realizowano te\u017c wi\u0119ksze inwestycje, m.in. Szpitale Rejonowe w Mielcu i D\u0119bicy. W czasie przekszta\u0142ce\u0144 ustrojowych zmala\u0142a liczba inwestycji, co w 1994 r. zmusi\u0142o kierownictwo mieleckiego KGR do zmniejszenia za\u0142ogi z 120 do 30 os\u00f3b, a nast\u0119pnie przekszta\u0142cenia si\u0119 w sp\u00f3\u0142k\u0119 z ograniczon\u0105 odpowiedzialno\u015bci\u0105. Zacz\u0119to poszukiwa\u0107 inwestycji poza Mielcem i okolicami. Dalsze perturbacje wynik\u0142e z k\u0142opot\u00f3w du\u017cych firm budowlanych spowodowa\u0142y, \u017ce podj\u0119to prace nawet w Warszawie, Wroc\u0142awiu, Krakowie i Lublinie. W rezultacie tych dzia\u0142a\u0144 zwi\u0119kszono stan zatrudnienia do 60 os\u00f3b. W ostatnim okresie firma uczestniczy\u0142a w realizacji takich inwestycji jak m.in. rozbudowa Szpitala Powiatowego w Mielcu, budynki mieszkalne Mieleckiej Sp\u00f3\u0142dzielni Mieszkaniowej, hale przemys\u0142owe na terenie SSE EURO-PARK MIELEC, modernizacja Polskich Zak\u0142ad\u00f3w Lotniczych w Mielcu, budynki mieszkalne w Warszawie, Wroc\u0142awiu i Krakowie, remont Szpitala w Tarnobrzegu oraz Galerie Handlowe w Mielcu i Sandomierzu. Ponadto po zakupieniu odpowiedniego sprz\u0119tu EMPIS podejmuje tak\u017ce roboty zewn\u0119trzne przy budowie sieci wodoci\u0105gowych i kanalizacyjnych. Siedziba firmy znajduje si\u0119 przy ul. Targowej 9.<\/p>\r\n\r\n\r\n\r\n<p><strong>EPIDEMIE<\/strong>, wyst\u0119powanie chor\u00f3b zaka\u017anych u wielu ludzi w nied\u0142ugim okresie czasu by\u0142o przez setki lat, tak\u017ce i w Mielcu, postrachem ludno\u015bci, bowiem w wielu wypadkach ko\u0144czy\u0142o si\u0119 \u015bmierci\u0105. Czynnikami sprzyjaj\u0105cymi powstawaniu i rozprzestrzenianiu si\u0119 tych chor\u00f3b by\u0142 niski poziom higieny i \u00f3wczesnej medycyny. W historii Mielca i okolic zapisano wiele gro\u017anych epidemii chor\u00f3b zaka\u017anych. By\u0142y to: 1587 r. \u2013 d\u017cuma (zwana te\u017c \u201emorow\u0105 zaraz\u0105\u201d, \u201emorem\u201d, \u201emorowym powietrzem\u201d, \u201eczarn\u0105 \u015bmierci\u0105\u201d), 1602 r. \u2013 d\u017cuma, lata 1652 \u2013 1653 \u2013 d\u017cuma, 1661 r. \u2013 d\u017cuma, lata 1705 \u2013 1714 \u2013 d\u017cuma, lata 1768 \u2013 1770 \u2013 d\u017cuma, 1831 r. \u2013 cholera, 1836 r. \u2013 cholera, 1847 r. \u2013 tyfus, lata 1872 \u2013 1873 \u2013 cholera, 1910 r. \u2013 szkarlatyna, 1919 r. \u2013 tyfus plamisty, 1939 r. \u2013 tyfus plamisty. Po II wojnie \u015bwiatowej, w rezultacie wynalezienia odpowiednich lek\u00f3w oraz podniesienia poziomu medycyny i higieny, wymienione choroby na terenie Europy zosta\u0142y niemal ca\u0142kowicie wyeliminowane. Zdarza\u0142y si\u0119 tylko epidemie grypy \u2013 choroby nie zagra\u017caj\u0105cej bezpo\u015brednio \u017cyciu ludzkiemu, ale gro\u017c\u0105cej powa\u017cnymi powik\u0142aniami w przypadku jej zlekcewa\u017cenia. W latach 2019-2020 r. wydarzy\u0142o si\u0119 jednak co\u015b, co wstrz\u0105sn\u0119\u0142o dos\u0142ownie ca\u0142ym \u015bwiatem i obna\u017cy\u0142o s\u0142abo\u015b\u0107 medycyny. W Chinach, a nast\u0119pnie we W\u0142oszech i na ca\u0142ym \u015bwi\u0119cie b\u0142yskawicznie rozprzestrzeni\u0142a si\u0119 nowa, niezwykle gro\u017ana choroba COVID-19 powodowana koronawirusem, na kt\u00f3r\u0105 nie by\u0142o skutecznego leku ani szczepionki.13 IX 2020 r. potwierdzono medycznie pierwszy w powiecie mieleckim przypadek osoby zara\u017conej t\u0105 chorob\u0105; 23 IX liczba zara\u017conych os\u00f3b przekroczy\u0142a 1000, a 25 XI &#8211; 3000. W Polsce, podobnie jak w innych krajach, wprowadzono obostrzenia sanitarne. P\u00f3\u017an\u0105 jesieni\u0105 2020 r. pojawi\u0142y si\u0119 pierwsze szczepionki. W Polsce szczepienia rozpocz\u0119to 27 XII 2020 r. (Akcja ta nadal jest prowadzona.) W kolejnych miesi\u0105cach liczba zara\u017conych nie mala\u0142a, ale stopniowo zmniejsza\u0142a si\u0119 liczba zgon\u00f3w. Sukcesywnie znoszono obostrzenia pandemiczne. W Polsce od 29 III 2022 r. przesta\u0142 obowi\u0105zywa\u0107 nakaz noszenia maseczek w miejscach publicznych (z wyj\u0105tkiem plac\u00f3wek s\u0142u\u017cby zdrowia, gdzie nadal obowi\u0105zywa\u0142), a od 16 V 2022 r. zniesiono stan epidemii, a zacz\u0105\u0142 obowi\u0105zywa\u0107 stan zagro\u017cenia epidemicznego.<\/p>\r\n\r\n\r\n\r\n<p><strong>EPITAFIA<\/strong>, dawniej utwory poetyckie napisane na cze\u015b\u0107 zmar\u0142ego, czasem umieszczone na ozdobnych tablicach, zwykle niezwi\u0105zane z miejscem poch\u00f3wku, najcz\u0119\u015bciej w ko\u015bcio\u0142ach. P\u00f3\u017aniej epitafia pojawia\u0142y si\u0119 te\u017c w innych obiektach (szko\u0142ach, domach prywatnych), zwi\u0105zanych w spos\u00f3b szczeg\u00f3lny z osobami zmar\u0142ych. Wed\u0142ug wsp\u00f3\u0142czesnych s\u0142ownik\u00f3w epitafia to tak\u017ce ozdobne tablice nagrobkowe na cmentarzach. Pierwsze mieleckie epitafia, upami\u0119tniaj\u0105ce niekt\u00f3rych w\u0142a\u015bcicieli Mielca, o kt\u00f3rych pisa\u0142 ju\u017c w 1584 r. Bartosz Paprocki, zosta\u0142y umieszczone w prezbiterium ko\u015bcio\u0142a parafialnego \u015bw. Mateusza. By\u0142y to: 1) e. Stanis\u0142awa Mieleckiego, kasztelana zawichojskiego, 2) e. El\u017cbiety z T\u0119czy\u0144skich, \u017cony Stanis\u0142awa Mieleckiego, 3) e. Jana Mieleckiego, wojewody podolskiego, marsza\u0142ka wielkiego koronnego, zm. 1561 r., 4) e. Waleriana Mieleckiego, podkomorzego sandomierskiego, zm. 1553 r., 5) Andrzeja Mieleckiego, zm. 1529 r., 6) e. Hieronima Mieleckiego (umieszczone za \u017cycia) zmar\u0142ego ok. 1596 r. Prawdopodobnie w czasie po\u017car\u00f3w ko\u015bcio\u0142a w XVII w. niemal wszystkie (poza jednym) zosta\u0142y zniszczone. Przy ko\u0144cu XX w. na terenie miasta, poza cmentarzami, znajdowa\u0142o si\u0119 kilkadziesi\u0105t epitafi\u00f3w i tablic upami\u0119tniaj\u0105cych bezimiennych zmar\u0142ych. Oto ich wykaz: *Ko\u015bci\u00f3\u0142 \u015bw. Mateusza przy ul. T. Ko\u015bciuszki \u2013 I. wewn\u0105trz, w prezbiterium: 1) e. Jana Mieleckiego, wojewody podolskiego, marsza\u0142ka wielkiego koronnego, zmar\u0142ego w 1561 r., 2) e. J\u00f3zefa Ma\u0142achowskiego, starosty karaczkowskiego, zm. 1795 r., 3) e. Micha\u0142a z T\u0119czyna Ossoli\u0144skiego, kasztelana czchowskiego, zm. 1806 r.; II. w wie\u017cy \u2013 przy wej\u015bciu g\u0142\u00f3wnym: 1) e. W\u0142adys\u0142awa Jasi\u0144skiego \u201eJ\u0119drusia\u201d, dow\u00f3dcy oddzia\u0142u \u201eJ\u0119drusie\u201d, poleg\u0142ego w 1943 r., 2) e. ks. Jerzego Popie\u0142uszki, zamordowanego w 1984 r.; III. na murze otaczaj\u0105cym ko\u015bci\u00f3\u0142 \u2013 przy bramie od strony zachodniej: 1) \u201eTablice Katy\u0144skie\u201d czcz\u0105ce pami\u0119\u0107 \u201eSyn\u00f3w Ziemi Mieleckiej\u201d, wi\u0119\u017ani\u00f3w oboz\u00f3w w Kozielsku, Ostaszkowie i Starobielsku, pomordowanych przez NKWD wiosn\u0105 1940 r. (2 tablice og\u00f3lne i 50 tabliczek indywidualnych \u2013 oddzielne has\u0142o); IV. przy bramie od strony wschodniej: 1) Tablica pami\u0119ci Ofiar przymusowych rob\u00f3t w III Rzeszy, 2) Tablica Pami\u0119ci \u017bo\u0142nierzy Wojska Polskiego poleg\u0142ych w czasie II wojny \u015bwiatowej 1939-1945, 3) Tablica pami\u0119ci Polak\u00f3w pomordowanych na polskich ziemiach wschodnich w latach 1939-1945, 4) Tablica pami\u0119ci \u017bo\u0142nierzy G\u00f3rnik\u00f3w represjonowanych w latach 1949-1959, kt\u00f3rzy ponie\u015bli \u015bmier\u0107 w czasie odbywania przymusowej s\u0142u\u017cby wojskowej w Batalionach Pracy, 5) Tablica ho\u0142du Polakom, kt\u00f3rzy zgin\u0119li na Syberii w czasach zabor\u00f3w carskich i deportacji przez NKWD w latach 1939-1945. *Ko\u015bci\u00f3\u0142 Ducha \u015awi\u0119tego przy ul. M. Pisarka: e. ks. W\u0142adys\u0142awa Marcinowskiego, za\u0142o\u017cyciela parafii Ducha \u015awi\u0119tego, budowniczego ko\u015bcio\u0142a Ducha \u015awi\u0119tego. *Kaplica \u015bw. Stanis\u0142awa Kostki (w dawnej bursie gimnazjalnej) przy ul. Warszawskiej: 1) e. B\u0142ogos\u0142awionego ks. Romana Sitki, za\u0142o\u017cyciela i budowniczego bursy, zamordowanego w 1942 r., 2) e. ks. Wincentego Bialika, katechety gimnazjalnego i opiekuna bursy, zamordowanego w 1942 r., 3) e. ks. Boles\u0142awa Gwo\u017adziowskiego, katechety i opiekuna kaplicy, zm. 1978 r. *Ko\u015bci\u00f3\u0142 Matki Bo\u017cej Nieustaj\u0105cej Pomocy przy ul. ks. H. Arczewskiego \u2013 wewn\u0105trz, przy wej\u015bciu g\u0142\u00f3wnym: 1) e. ks. Henryka Arczewskiego, pierwszego proboszcza parafii MBNP, budowniczego ko\u015bcio\u0142a, zm. 1983 r., 2) e. ks. Jana Bia\u0142oboka \u2013 proboszcza parafii MBNP w latach 1978-1997, zmar\u0142ego w 2007 r. *Gmach Centrum Kszta\u0142cenia Ustawicznego (dawniej gimnazjum): 1) e. prof. J\u00f3zefa Ziemskiego i 26 uczni\u00f3w gimnazjum poleg\u0142ych w walkach o Ojczyzn\u0119 w latach 1914 \u2013 1920, 2) e. nauczycieli i uczni\u00f3w gimnazjum i liceum zamordowanych przez hitlerowc\u00f3w i poleg\u0142ych w walce o wolno\u015b\u0107 i demokracj\u0119 w 28 rocznic\u0119 wrze\u015bnia, 3) e. harcerek i harcerzy oraz ich opiekun\u00f3w z lat 1911-1991. *Budynek I Liceum Og\u00f3lnokszta\u0142c\u0105cego przy ul. T. Ko\u015bciuszki: 1) e. Stanis\u0142awa Sabbata, absolwenta mieleckiego gimnazjum, prezydenta RP na Uchod\u017astwie, zm. 1989 r., 2) e. Tadeusza Wa\u017cewskiego, absolwenta gimnazjum, wybitnego matematyka, zm. 1972 r. *Teren przed budynkiem OSP przy ul. J. Kili\u0144skiego 27: 1) e. dr. Stanis\u0142awa Nowaczy\u0144skiego, naczelnika OSP, dzia\u0142acza spo\u0142eczno \u2013 kulturalnego, zm. 1928 r., 2) e. dr. Andrzeja Dziadyka, prezesa OSP, dzia\u0142acza spo\u0142eczno \u2013 kulturalnego, zamordowanego w 1942 r., 3) e. Jana Podolskiego, naczelnika OSP, dzia\u0142acza spo\u0142ecznego, zm. 1963 r. *Willa \u201eIrena\u201d przy ul. T. Ko\u015bciuszki 38: 1) e. Zygmunta Rymanowskiego, budowniczego pierwszej elektrowni w Mielcu, zm. 1935 r. *Budynek przy ul. Jadernych 19 (\u201eJadern\u00f3wka\u201d- filia Muzeum Regionalnego): 1) e. Augusta Jadernego, zm. 1921 r. i Wiktora Jadernego, zm. 1984 r., fotograf\u00f3w i animator\u00f3w \u017cycia kulturalno-o\u015bwiatowego w Mielcu. *Budynek przy ul. I. Krasickiego 1: 1) e. Franciszka Siorka, nauczyciela gimnazjalnego, za\u0142o\u017cyciela i dru\u017cynowego I Mieleckiej Dru\u017cyny Skautowej im. T.Ko\u015bciuszki, zm. 1942 r. w obozie w Oranienburgu. *Budynek przy ul. Sandomierskiej 25 (b. Przychodnia Rejonowa Nr 1): 1) e. dr. Juliana Maja, lekarza i oficera w czasie II wojnie \u015bwiatowej, zm. 1981 r. *Plac apelowy Szko\u0142y Podstawowej Nr 3 im. Wojska Polskiego przy ul. S. \u017beromskiego 30: 1) Tablica ho\u0142du \u017bo\u0142nierzom Ziemi Mieleckiej poleg\u0142ym za Ojczyzn\u0119 w czasie I i II wojny \u015bwiatowej, 2) Tablica ho\u0142du \u017bo\u0142nierzom Polskim pomordowanym przez NKWD, 3) Tablica pami\u0119ci \u017bo\u0142nierzy Armii Krajowej walcz\u0105cych o wolno\u015b\u0107 Ojczyzny w czasie II wojny \u015bwiatowej. *Teren przed budynkiem Powiatowej Komendy Pa\u0144stwowej Stra\u017cy Po\u017carnej przy ul. H. Sienkiewicza: 1) e. Antoniego Maryniaka, Komendanta Powiatowego PSP, zm. 2002 r. *Budynek Szko\u0142y Podstawowej Nr 1 przy ul. J. Kili\u0144skiego: 1) e. prof. W\u0142adys\u0142awa Szafera, patrona Szko\u0142y, zm. 1970 r., 2) e. Stefana Bastyra, pilota my\u015bliwskiego, zm. 1920 r.<\/p>\r\n\r\n\r\n\r\n<p><strong>EPLMSPOTTERS.PL<\/strong>\u00a0( ), mielecki serwis lotniczy po\u015bwi\u0119cony g\u0142\u00f3wnie funkcjonowaniu lotnictwa, a zw\u0142aszcza lotnictwa w Mielcu. Zosta\u0142 uruchomiony 1 XII 2010 r. Jego tw\u00f3rcami s\u0105 mieleccy spotterzy, zorganizowani w EPML Spotters od 2008 r. Dzia\u0142y: aktualno\u015bci, zdj\u0119cia, filmy, lotnisko, ciekawostki, forum, redakcja.<\/p>\r\n\r\n\r\n\r\n<p><strong>\u201eERGO MIX\u201d<\/strong>, pierwszy klasyczny zesp\u00f3\u0142 kabaretowy w Mielcu, dzia\u0142aj\u0105cy w latach 1968 \u2013 1971. Inicjatorem jego za\u0142o\u017cenia i re\u017cyserem program\u00f3w by\u0142 Edward Zachariasz. Grup\u0119 za\u0142o\u017cycielsk\u0105 stanowili: E. Zachariasz oraz Edward Kaczor, Janusz Kami\u0144ski i Jan St\u0119pie\u0144, a ponadto wyst\u0119powali: Halina Kozak, Andrzej Mazur, Zofia Witek i Wies\u0142awa Zachariasz. Baz\u0105 dla jego dzia\u0142alno\u015bci by\u0142y kluby m\u0142odzie\u017cowe: \u201eEcho\u201d (przy ul. A. Mickiewicza 13) i \u201ePod Sosnami\u201d (w lasku za SP Nr 3) oraz budynek PUPiK \u201eRuch\u201d (przy ul. B. G\u0142owackiego). Wyst\u0119powa\u0142 w wymienionych klubach i innych plac\u00f3wkach kultury w Mielcu, a ponadto w Rzeszowie i szeregu innych miejscowo\u015bci, najcz\u0119\u015bciej na terenie powiatu mieleckiego.<\/p>\r\n\r\n\r\n\r\n<p><strong>ERNST HEINKEL FLUGZEUGWERKE (GMBH) \u2013 SEESTADT ROSTOCK<\/strong>, niemiecki koncern fabryk lotniczych, pod kt\u00f3rego zarz\u0105d przekazano mieleck\u0105 fabryk\u0119 samolot\u00f3w (Flugzeugwerk Mielec) w czasie okupacji hitlerowskiej, od X 1939 r. do 5 VIII 1944 r. Z ramienia koncernu mieleckim zak\u0142adem kierowali dyrektor dr Thiel i zast\u0119pca dyrektora Kleinemayer. W celu uruchomienia nieznanej Polakom produkcji (m.in. zespo\u0142\u00f3w usterze\u0144 samolot\u00f3w HE-111) towarzyszy\u0142o im 55 niemieckich specjalist\u00f3w lotniczych, kt\u00f3rzy przeprowadzali szkolenia pracownik\u00f3w i sprawowali nadz\u00f3r techniczny.<\/p>\r\n\r\n\r\n\r\n<p><strong><img loading=\"lazy\" decoding=\"async\" class=\"alignleft size-full wp-image-1072\" src=\"https:\/\/encyklopedia.mielec.pl\/wp-content\/uploads\/2022\/11\/eski_edward.jpg\" alt=\"\" width=\"109\" height=\"150\" \/>ESKI EDWARD<\/strong>, urodzony 15 X 1915 r. w Kamienskoje (Rosja), syn Jana i Bronis\u0142awy z domu Eterowicz. W okresie mi\u0119dzywojennym mieszka\u0142 w rodzicami w Warszawie, a nast\u0119pnie w Starachowicach. Tam uko\u0144czy\u0142 szko\u0142\u0119 zawodow\u0105 dokszta\u0142caj\u0105c\u0105 i zdoby\u0142 zaw\u00f3d tokarza. Powr\u00f3ci\u0142 do Warszawy i podj\u0105\u0142 prac\u0119 w Forcie Bema. W 1938 r. rozpocz\u0105\u0142 zasadnicz\u0105 s\u0142u\u017cb\u0119 wojskow\u0105 w Piotrkowie Trybunalskim. Bra\u0142 udzia\u0142 w kampanii wrze\u015bniowej 1939 r., m.in. pod Lubli\u0144cem i Lublinem. 28 IX dosta\u0142 si\u0119 do niemieckiej niewoli i pracowa\u0142 przymusowo w r\u00f3\u017cnych miejscowo\u015bciach po\u0142udniowych Niemiec. Po wojnie powr\u00f3ci\u0142 do Polski i zamieszka\u0142 z rodzin\u0105 w Ko\u017cuchowie, gdzie podj\u0105\u0142 prac\u0119 w plac\u00f3wce technicznej obs\u0142ugi rolnictwa. W 1950 r. przeni\u00f3s\u0142 si\u0119 do Katowic i tam pracowa\u0142 w bazie transportowej. Od 1951 r. zamieszka\u0142 w Mielcu i zosta\u0142 zatrudniony w WSK, pocz\u0105tkowo jako tokarz, a p\u00f3\u017aniej kontroler w plac\u00f3wce kontroli techniczne. W mi\u0119dzyczasie uko\u0144czy\u0142 Technikum Mechaniczne w Mielcu (specjalno\u015b\u0107: obr\u00f3bka skrawaniem) i uzyska\u0142 tytu\u0142 technika mechanika. Odznaczony m.in. Br\u0105zowym Krzy\u017cem Zas\u0142ugi. Poza prac\u0105 zawodow\u0105 pasjonowa\u0142 si\u0119 sportem i rekreacj\u0105. By\u0142 d\u0142ugoletnim dzia\u0142aczem Zak\u0142adowego Ko\u0142a Towarzystwa Krzewienia Kultury Fizycznej i Turystyki przy WSK Mielec, bra\u0142 udzia\u0142 w organizacji spartakiad i innych imprez, a tak\u017ce prowadzi\u0142 kronik\u0119 tej organizacji. Po przej\u015bciu na emerytur\u0119 w 1981 r. podj\u0105\u0142 si\u0119 roli gospodarza kort\u00f3w tenisowych FKS \u201eStal\u201d przy ul. J. Kusoci\u0144skiego i wykonywa\u0142 j\u0105 w spos\u00f3b budz\u0105cy powszechny szacunek. Zmar\u0142 7 VII 2001 r. Spoczywa na cmentarzu komunalnym w Mielcu przy ul. Kr\u00f3lowej Jadwigi.<\/p>\r\n\r\n\r\n\r\n<p><strong><img loading=\"lazy\" decoding=\"async\" class=\"alignleft size-full wp-image-1074\" src=\"https:\/\/encyklopedia.mielec.pl\/wp-content\/uploads\/2022\/11\/etnograficzny_region_mielec.jpg\" alt=\"\" width=\"108\" height=\"150\" \/>ETNOGRAFICZNY REGION MIELECKI (MIELECKIE)<\/strong>, wed\u0142ug wybitnego etnografa rzeszowskiego doc. Franciszka Kotuli, to odr\u0119bny region etnograficzny obejmuj\u0105cy tereny nad dolnym biegiem Wis\u0142oki, o d\u0142ugo\u015bci oko\u0142o 35 km (od Tuszymy i Przec\u0142awia na po\u0142udniu do uj\u015bcia Wis\u0142oki do Wis\u0142y na p\u00f3\u0142nocy) i szeroko\u015bci oko\u0142o 10 km z Wis\u0142ok\u0105 po\u015brodku. S\u0105siednie regiony etnograficzne to: Lasowiacy (od wschodu), Ropczyckie (od po\u0142udnia), Krakowiacy Wschodni (od zachodu) i Nadwi\u015blanie (od p\u00f3\u0142nocnego wschodu). Wyodr\u0119bnienie regionu mieleckiego nast\u0105pi\u0142o po badaniach etnograficznych, przeprowadzonych w latach 1966 \u2013 1967 przez kilkudziesi\u0119cioosobow\u0105 grup\u0119 specjalist\u00f3w, zaanga\u017cowanych przez Dzia\u0142 Etnograficzny Muzeum Okr\u0119gowego w Rzeszowie, pod kierunkiem doc. Franciszka Kotuli. Badania ujawni\u0142y bogactwo miejscowego folkloru, m.in. ludowej tw\u00f3rczo\u015bci literackiej (poda\u0144, legend, ba\u015bni) i muzycznej, zwyczaj\u00f3w i obrz\u0119d\u00f3w, a tak\u017ce oryginalnej architektury i wyposa\u017cenia wn\u0119trz mieszka\u0144. Nie uda\u0142o si\u0119 natomiast odtworzy\u0107 miejscowego stroju ludowego \u201ew pe\u0142nym zestawie\u201d. Szczeg\u00f3\u0142owe materia\u0142y z tych bada\u0144 opublikowano w wydawnictwie Muzeum Okr\u0119gowego w Rzeszowie \u201e<em>Prace i materia\u0142y z bada\u0144 etnograficznych w Mieleckiem\u201d<\/em>\u00a0w 1970 r.<\/p>\r\n\r\n\r\n\r\n<p><strong>EUROCAST, Sp. z o.o.<\/strong>, firma utworzona przez kapita\u0142 mieszany \u2013 polski i niemiecki, a nast\u0119pnie dzia\u0142aj\u0105ca na bazie kapita\u0142u polskiego. Zezwolenie na prowadzenie dzia\u0142alno\u015bci na terenie SSE EURO-PARK MIELEC otrzyma\u0142a 9 VII 1996 r. Dzia\u0142alno\u015b\u0107 produkcyjn\u0105 rozpocz\u0119\u0142a w kwietniu 1997 r. G\u0142\u00f3wne jej produkty to stolarka okienna z PCV i wyroby z marmuru syntetycznego, m.in. parapety, panele, umywalki i zlewy. Jej dwie nowo wybudowane hale produkcyjne znajduj\u0105 si\u0119 w p\u00f3\u0142nocno-zachodniej cz\u0119\u015bci SSE. Adres: ul. Wojska Polskiego 3.<\/p>\r\n\r\n\r\n\r\n<p><strong>EURO-EKO, Sp. z o.o.<\/strong>, firma utworzona 3 I 2000 r. przez ARP S.A. w Warszawie. Funkcjonowanie rozpocz\u0119\u0142a 17 I 2000 r., a zezwolenie na prowadzenie dzia\u0142alno\u015bci w ramach SSE EURO-PARK MIELEC otrzyma\u0142a 21 XII 2000 r. \u015awiadczy us\u0142ugi komunalne r\u00f3\u017cnego typu, m.in. w zakresie rozprowadzania wody, odbioru, neutralizacji i odprowadzania \u015bciek\u00f3w sanitarnych i przemys\u0142owych oraz w\u00f3d deszczowych, a tak\u017ce us\u0142ugi zwi\u0105zane ze sk\u0142adowaniem, neutralizacj\u0105 lub przerobem odpad\u00f3w przemys\u0142owych, w tym tzw. odpad\u00f3w niebezpiecznych. Dostosowuj\u0105c dzia\u0142alno\u015b\u0107 w zakresie ochrony \u015brodowiska do standard\u00f3w unijnych, w 2003 r. uruchomi\u0142a Wytw\u00f3rni\u0119 Paliw Alternatywnych w Mielcu. Powodzenie tego przedsi\u0119wzi\u0119cia sprawi\u0142o, \u017ce w 2007 r. uruchomi\u0142a drugi Zak\u0142ad Przetw\u00f3rstwa Paliw Alternatywnych przy regionalnym sk\u0142adowisku odpad\u00f3w w Kozodrzy (ZPPA Kozodrza I). Zak\u0142ad ten by\u0142 czynny do 15 IX 2011 r., a nast\u0119pnie maszyny i urz\u0105dzenia przeniesiono do znacznie wi\u0119kszego nowego ZPPA Kozodrza II, tak\u017ce wytwarzaj\u0105cego paliwo alternatywne RDF. Przewiduj\u0105c systematyczny rozw\u00f3j tej produkcji firma EURO-EKO Sp. z o.o. wyodr\u0119bi\u0142a cz\u0119\u015b\u0107 przedsi\u0119biorstwa pod nazw\u0105 EURO-EKO MEDIA Sp. z o.o., a sama zaj\u0119\u0142a si\u0119 produkcj\u0105 paliwa alternatywnego RDF i rozwojem zak\u0142ad\u00f3w produkuj\u0105cych to paliwo. W 2021 r. uruchomiono lini\u0119 nr 2 w ZPPA Kozodrza II , kt\u00f3ra pozwala na przetwarzanie ponad 10 ton odpad\u00f3w na godzin\u0119. Inwestycja ta zosta\u0142a uhonorowana wyr\u00f3\u017cnieniem &#8222;Budowa Roku Podkarpacia 2020&#8221; przez Podkarpack\u0105 Okr\u0119gow\u0105 Izb\u0119 In\u017cynier\u00f3w Budownictwa. Trzeci ZPPA zbudowano w Che\u0142mie w latach 2009-2012 i wytw\u00f3rnia ta tak\u017ce si\u0119 rozwija. G\u0142\u00f3wnym odbiorc\u0105 jej paliwa alternatywnego jest CEMEX Polska Cementownia w Che\u0142mie. W 2020 r. EURO-EKO Sp. z o.o. w Mielcu otrzyma\u0142a dla paliwa alternatywnego RDF Certyfikat &#8222;Libre&#8221; &#8211; zr\u00f3wnowa\u017cony produkt, a w 2021 r. uzyska\u0142a presti\u017cowe wyr\u00f3\u017cnienie &#8211; God\u0142o Promocyjne &#8222;Teraz Polska&#8221;. Ponadto firma posiada certyfikaty systemu zarz\u0105dzania jako\u015bci\u0105: ISO 9001 i 14001. Wed\u0142ug stanu na koniec 2021 r. mielecka firma jest jedyn\u0105 w bran\u017cy wytw\u00f3rc\u00f3w paliwa RDF posiadaj\u0105c\u0105 wspomniane wyr\u00f3\u017cnienie i potwierdzenia wysokiej jako\u015bci produkcji. Sp\u00f3\u0142ka anga\u017cuje si\u0119 w \u017cycie mieleckiego \u015brodowiska. W marcu 2020 r. wraz z EURO-EKO MEDIA Sp. z o.o. przekaza\u0142a wsparcie finansowe dla dzia\u0142a\u0144 maj\u0105cych na celu pomoc dla os\u00f3b nara\u017conych na skutki zagro\u017cenia epidemicznego SARS-CoV-2. Jest tak\u017ce sponsorem ekstraklasowej dru\u017cyny pi\u0142ki no\u017cnej PGE FKS Stal Mielec oraz partnerem zespo\u0142u pi\u0142ki r\u0119cznej m\u0119\u017cczyzn SPR Stal Mielec, graj\u0105cego w PGNiG Superlidze (i p\u00f3\u017aniej I lidze). Ponadto wspiera Akademi\u0119 Pi\u0142karsk\u0105 Stali Mielec. Za bardzo dobre wyniki finansowe zosta\u0142a uhonorowana tytu\u0142em &#8222;Gazela Sukcesu &#8211; 2022&#8221; w rankingu ma\u0142ych i \u015brednich firm, prowadzonym przez gazet\u0119\u00a0 specjalistyczn\u0105 &#8222;Puls Biznesu&#8221;. Siedzib\u0105 Sp\u00f3\u0142ki jest obiekt S-1 w p\u00f3\u0142nocno-zachodniej cz\u0119\u015bci SSE. Adres: ul. Wojska Polskiego 3.<\/p>\r\n\r\n\r\n\r\n<p>Prezes: Andrzej Dr\u00f3\u017cd\u017c (1.03.2000 r. &#8211; 5.11.2011 r.), Jan Wais (01.06 2011 r. &#8211; 30.06.2017 r.), Jaros\u0142aw Dobrowolski (30.06.2017r. &#8211; 01.09.2020 r.), Rados\u0142aw Sw\u00f3\u0142 (01.09.2020 r. &#8211; nadal).<\/p>\r\n\r\n\r\n\r\n<p><strong>EURO-EKO MEDIA SP. z O.O.,<\/strong>\u00a0wyodr\u0119bniona w 2011 r. ze Sp\u00f3\u0142ki EURO-EKO w Mielcu cz\u0119\u015b\u0107 przedsi\u0119biorstwa, w celu zajmowania si\u0119 gospodark\u0105 wodno-\u015bciekow\u0105 na terenie SSE EURO-PARK MIELEC. Otrzyma\u0142a sk\u0142adniki maj\u0105tkowe, wniesione aportem przez EURO-EKO Sp. z o.o., m.in. budowle i urz\u0105dzenia oczyszczaj\u0105ce \u015bcieki: mechaniczno-biologiczn\u0105 oczyszczalni\u0119 \u015bciek\u00f3w sanitarnych, neutralizator \u015bciek\u00f3w technologicznych N-9, zbiorniki u\u015bredniaj\u0105ce i siedzib\u0119 Sp\u00f3\u0142ki z zapleczem technicznym przy ul. Wojska Polskiego 3. Aktualnie zakres us\u0142ug obejmuje: dostaw\u0119 wody dla potrzeb socjalnych i przemys\u0142owych; odbi\u00f3r i oczyszczanie \u015bciek\u00f3w sanitarnych, w\u00f3d opadowo-deszczowych oraz \u015bciek\u00f3w przemys\u0142owych; odbi\u00f3r i neutralizacj\u0119 \u015bciek\u00f3w technologicznych; wykonywanie us\u0142ug zwi\u0105zanych z rozbudow\u0105 i remontami sieci i instalacji wodno-kanalizacyjnych; wykonywanie bada\u0144 laboratoryjnych w zakresie oznacze\u0144 jako\u015bci \u015bciek\u00f3w oraz wykonywanie us\u0142ug asenizacyjnych. Sp\u00f3\u0142ka posiada wdro\u017cony i corocznie akredytowany System Zarz\u0105dzania Jako\u015bci\u0105 ISO 9001 . Systematycznie modernizuje i unowocze\u015bnia baz\u0119 i urz\u0105dzenia. 13 X 2017 r. zakupi\u0142a od syndyka masy upad\u0142o\u015bciowej Zak\u0142adu Utrzymania Ruchu \u201ePZL-Mielec\u201d Sp. z o.o. Stacj\u0119 Uzdatniania Wody w Szyd\u0142owcu, a nast\u0119pnie dokona\u0142a kompleksowej modernizacji Stacji z urz\u0105dzeniami oraz jej budynku socjalnego. Sp\u00f3\u0142ka anga\u017cuje si\u0119 w \u017cycie mieleckiego \u015brodowiska. W marcu 2020 r. wraz z EURO-EKO Sp. z o.o. przekaza\u0142a wsparcie finansowe dla dzia\u0142a\u0144 maj\u0105cych na celu pomoc dla os\u00f3b nara\u017conych na skutki zagro\u017cenia epidemicznego SARS-CoV-2. Jest tak\u017ce sponsorem ekstraklasowej dru\u017cyny pi\u0142ki no\u017cnej PGE FKS Stal Mielec.\u00a0 Adres: 39-300 Mielec, ul. Wojska Polskiego 3.<\/p>\r\n\r\n\r\n\r\n<p><br \/>Prezes: Jan Wais (01.06 2011 r. &#8211; 30.06.2017 r.), Jaros\u0142aw Dobrowolski (30.06.2017r. &#8211; 01.09.2020 r.), Rados\u0142aw Sw\u00f3\u0142 (01.09.2020 r. &#8211; nadal).<\/p>\r\n\r\n\r\n\r\n<p><strong>EURO-ENERGETYKA, Sp. z o.o.<\/strong>, firma utworzona przez Agencj\u0119 Rozwoju Przemys\u0142u S.A. w Warszawie, Polskie Sieci Elektroenergetyczne Sp. z o.o. w Rzeszowie i Elektrociep\u0142owni\u0119 Sp. z o.o. w Mielcu. 18 XI 1998 r. otrzyma\u0142a koncesj\u0119 Urz\u0119du Energetyki w Warszawie na obr\u00f3t, przemys\u0142 i dystrybucj\u0119 energii elektrycznej. Funkcjonuje na terenie SSE EURO \u2013 PARK MIELEC i prowadzi na jej terenie m.in. handel i dystrybucj\u0119 energii elektrycznej, pomiary instalacji elektrycznych, lokalizacj\u0119 uszkodze\u0144 kabli elektro \u2013 energetycznych SN i NN oraz eksploatacj\u0119 rozdzielni SN i NN. Sp\u00f3\u0142ka zlokalizowana jest we wschodniej cz\u0119\u015bci SSE, a jej siedzibami s\u0105 budynek GSZ (G\u0142\u00f3wna Stacja Zasilania 110\/kV) i budynek E 1 (Stacja Zasilania 110\/6 kV). Adres: ul. Wojska Polskiego 3. W dniu 31 III 2014 r. sp\u00f3\u0142ki: Energia Euro Park Sp. z o.o. i Euro-Energetyka Sp. z o.o. po\u0142\u0105czy\u0142y si\u0119 w jedn\u0105 sp\u00f3\u0142k\u0119 pod nazw\u0105: Energia Euro Park Sp. z o.o. Tym samym nowa sp\u00f3\u0142ka zosta\u0142a nast\u0119pc\u0105 prawnym sp\u00f3\u0142ki Euro-Energetyka. Adres: ul. Wojska Polskiego 3.<\/p>\r\n\r\n\r\n\r\n<p><strong>EUROKOL Sp. z o.o.<\/strong>, firma funkcjonuj\u0105ca na terenie SSE EURO \u2013 PARK MIELEC od 1 I 1998 r. Jest posiadaczem bocznicy kolejowej w Mielcu (dawnej bocznicy WSK). Na podstawie um\u00f3w z PKP prowadzi dzia\u0142alno\u015b\u0107 handlow\u0105 i us\u0142ugow\u0105, m.in. wykonuje us\u0142ugi zwi\u0105zane z transportem kolejowym dla wszystkich zainteresowanych podmiot\u00f3w gospodarczych, us\u0142ugi spedycyjne, organizuje za\u0142adunek, przew\u00f3z i wy\u0142adunek towar\u00f3w, magazynuje przesy\u0142ki, importuje i eksportuje towary oraz s\u0142u\u017cy fachowym doradztwem w zakresie transportu towar\u00f3w drog\u0105 kolejow\u0105. Sp\u00f3\u0142ka ulokowana jest w siedzibie firmy \u201eMelnox\u201d. Adres: ul. Wojska Polskiego 3.<\/p>\r\n\r\n\r\n\r\n<p><strong>EURO-MAG Sp. z o.o.<\/strong>, firma powsta\u0142a 28 V 2003 r. z dawnego Zak\u0142adu Zaopatrzeniowo-Magazynowego \u201ePZL-Mielec\u201d Sp. z o.o. Zajmuje si\u0119 po\u015brednictwem w hurtowym zakupie wszelkich materia\u0142\u00f3w i surowc\u00f3w produkcyjnych u producenta lub dealera i prowadzi ich sprzeda\u017c detaliczn\u0105. Ponadto kupuje wszelkiego rodzaju materia\u0142y odpadowe. Posiada magazyn surowc\u00f3w i materia\u0142\u00f3w. Wykonuje us\u0142ugi ci\u0119cia materia\u0142\u00f3w i surowc\u00f3w. Jej siedzib\u0105 jest budynek w centralnej cz\u0119\u015bci SSE. Nale\u017cy do funduszu inwestycyjnego &#8222;FIZAN sp\u00f3\u0142ek Agencji Rozwoju Przemys\u0142u&#8221;. Rozszerzy\u0142a dzia\u0142alno\u015b\u0107 o produkcj\u0119 maszyn i urz\u0105dze\u0144 do odpad\u00f3w. Adres: ul. Wojska Polskiego 3.<\/p>\r\n\r\n\r\n\r\n<p><strong><img loading=\"lazy\" decoding=\"async\" class=\"alignleft size-full wp-image-1077\" src=\"https:\/\/encyklopedia.mielec.pl\/wp-content\/uploads\/2022\/11\/euro_park_03.jpg\" alt=\"\" width=\"150\" height=\"105\" \/>EURO-PARK MIELEC<\/strong>, pierwsza w Polsce Specjalna Strefa Ekonomiczna, utworzona rozporz\u0105dzeniem Rady Ministr\u00f3w z 5 IX 1995 r. na obszarze 627 ha w p\u00f3\u0142nocnej cz\u0119\u015bci Mielca, na okres 20 lat. 4 IX 1995 r. powo\u0142ano w Mielcu Oddzia\u0142 Agencji Rozwoju Przemys\u0142u S.A. w Warszawie w celu zarz\u0105dzania mieleck\u0105 SSE. 9 X 1995 r. odby\u0142a si\u0119 uroczysto\u015b\u0107 oficjalnego otwarcia SSE EURO-PARK z udzia\u0142em premiera RP J\u00f3zefa Oleksego. 24 XI 1995 r. rozpocz\u0119to przejmowanie od WSK \u201ePZL-Mielec\u201d zb\u0119dnych nieruchomo\u015bci i grunt\u00f3w o \u0142\u0105cznej powierzchni 94 ha oraz 53 budynk\u00f3w o \u0142\u0105cznej powierzchni u\u017cytkowej ok. 96 tys. m2. 30 XI 1996 r. przej\u0119to od WSK nieruchomo\u015bci i \u015brodki trwa\u0142e tworz\u0105ce infrastruktur\u0119 techniczn\u0105. 29 I 1996 r. og\u0142oszono pierwsze zaproszenie do rokowa\u0144, a 25 IV 1996 r. wydano pierwsze zezwolenie na prowadzenie dzia\u0142alno\u015bci gospodarczej na terenie SSE. Do ko\u0144ca 1996 r. wydano 19 takich zezwole\u0144. Lata 1997 \u2013 1998 by\u0142y okresem \u201ewielkiej budowy\u201d i rozpoczynania produkcji w poszczeg\u00f3lnych firmach. Zezwolenia otrzymywa\u0142y kolejne podmioty gospodarcze, ale nale\u017cy zaznaczy\u0107, \u017ce niekt\u00f3re z firm funkcjonuj\u0105cych ju\u017c w SSE wycofa\u0142y si\u0119, nie mog\u0105c wype\u0142ni\u0107 warunk\u00f3w przyj\u0119tych w negocjacjach. 30 IV 1999 r. zezwolenia na prowadzenie dzia\u0142alno\u015bci gospodarczej w SSE posiada\u0142y 34 podmioty gospodarcze, a dalszych 19 dzia\u0142a\u0142o na terenie SSE na odr\u0119bnych warunkach (bez zwolnie\u0144 podatkowych i ulg).<\/p>\r\n\r\n\r\n\r\n<p><img loading=\"lazy\" decoding=\"async\" class=\"alignleft size-full wp-image-1078\" src=\"https:\/\/encyklopedia.mielec.pl\/wp-content\/uploads\/2022\/11\/euro_park_05.jpg\" alt=\"\" width=\"150\" height=\"105\" \/><\/p>\r\n<p>Do ko\u0144ca 1999 r. zainwestowano ponad 1 miliard z\u0142, zbudowano 20 nowoczesnych fabryk i utworzono ponad 4 000 nowych miejsc pracy. W 2000 r. wydano 30 kolejnych zezwole\u0144 i utworzono 1548 nowych miejsc pracy. Z okazji uroczysto\u015bci 5 \u2013 lecia SSE EURO\u2013PARK MIELEC, zorganizowanej 29 IX 2000 r. z udzia\u0142em premiera RP Jerzego Buzka, podsumowano efekty dotychczasowej dzia\u0142alno\u015bci. M.in. wydano 53 zezwolenia na dzia\u0142alno\u015b\u0107 gospodarcz\u0105, firmy zainwestowa\u0142y ponad 1,2 miliarda z\u0142, a dalsze 45 milion\u00f3w z\u0142 zainwestowa\u0142a ARP S.A. w modernizacj\u0119 i rozw\u00f3j infrastruktury. Utworzono ponad 5600 nowych miejsc pracy. Efekty zewn\u0119trzne oddzia\u0142ywania SSE to m.in. rozw\u00f3j komunikacji, bank\u00f3w, handlu i us\u0142ug. Najbardziej wymiernym efektem by\u0142 spadek stopy bezrobocia do 14 % (poni\u017cej \u015bredniej krajowej). W rankingu atrakcyjno\u015bci inwestycyjnej, prowadzonym przez Instytut Bada\u0144 nad Gospodark\u0105 Rynkow\u0105, Mielec awansowa\u0142 z kategorii D w 1996 r. do kategorii A (najwy\u017cszej) w 2000 r. Wprowadzenie w 2001 r. zmian uregulowa\u0144 prawnych, dotycz\u0105cych Specjalnych Stref Ekonomicznych w Polsce, znacz\u0105co obni\u017cy\u0142o ich atrakcyjno\u015b\u0107 inwestycyjn\u0105 i spowolni\u0142o tempo rozwoju w nast\u0119pnych latach. Mimo to efekty funkcjonowania SSE EURO-PARK MIELEC znacznie przekroczy\u0142y wska\u017aniki przyj\u0119te w \u201ePlanie Rozwoju Strefy\u201d. Og\u00f3\u0142em w latach 1995-2003 r. wydano 87 zezwole\u0144 na prowadzenie dzia\u0142alno\u015bci gospodarczej, z czego cz\u0119\u015b\u0107 zosta\u0142a p\u00f3\u017aniej cofni\u0119ta. Firmy dzia\u0142aj\u0105ce w SSE zainwestowa\u0142y ponad 2 miliardy z\u0142 i utworzy\u0142y ponad 7 500 nowych miejsc pracy. W 2003 r. funkcjonowa\u0142o 50 firm posiadaj\u0105cych zezwolenie na prowadzenie dzia\u0142alno\u015bci gospodarczej na terenie SSE EURO-PARK MIELEC: AGMAR TELECOM Sp. z o.o., Wytw\u00f3rnia Zespo\u0142\u00f3w Kooperacyjnych \u201ePZL-Mielec\u201d Sp. z o.o., Zak\u0142ad Przetw\u00f3rstwa Tworzyw Sztucznych \u201ePZL-Mielec\u201d Sp. z o.o., Oficyna Wydawnicza PRESS MEDIA Roman<\/p>\r\n\r\n\r\n\r\n<p><img loading=\"lazy\" decoding=\"async\" class=\"alignleft size-full wp-image-1076\" src=\"https:\/\/encyklopedia.mielec.pl\/wp-content\/uploads\/2022\/11\/euro_park_02.jpg\" alt=\"\" width=\"150\" height=\"105\" \/>Oraczewski, EuroCast Sp. z o.o., ATLANTIS MIELEC Sp. z o.o., MELNOX Sp. z o.o., PLASTIC FACTORY \u201eCOBI\u201d S.A., Laboratorium Frakcjonowania Osocza Sp. z o.o., J.W. INDUSTRIES Sp. z o.o., Zak\u0142ad Mechaniczny MECH-GO Zbigniew Gryc, Zak\u0142ad Produkcyjny \u201eKAMAX-MIELEC\u201d S.A., BRW Sp. z o.o., KRONO-WOOD Sp. z o.o., Lear Automotive (EEDS) Poland Sp.z o.o., GEYER &amp; HOSAJA Zak\u0142ady Gumowe w Mielcu Sp. z o.o., Spirofleks Sp. z o.o., FORMAPLAN MIELEC Sp. z o.o., ZIELONA BUDKA ZBIGNIEW GRYCAN MIELEC Sp. z o.o., FAKRO-WDF Sp. z o.o., Zak\u0142ady Farmaceutyczne COLFARM S.A., KIRCHHOFF POLSKA Sp. z o.o., ComputerLand Sp. z o.o., ONDULINE PRODUCTION Sp. z o.o., \u201eFRANTSCHACH IPP MIELEC Sp. z o.o.\u201d, Polskie Zak\u0142ady Lotnicze Sp. z o.o., Henryk Bury \u2013 Mielec Sp. z o.o., PPHU P &amp; S Sp. z o.o., Wire Bind Spiral Sp. z o.o., Sanglass S.A., EURO-ENERGETYKA Sp. z o.o., Zak\u0142ad Produkcyjno-Remontowy \u201ePRODREM\u201d Sp. z o.o., Elektrociep\u0142ownia Sp. z o.o., \u201eEURO-EKO\u201d Sp. z o.o., Zak\u0142ady Narz\u0119dziowe w Mielcu Sp. z o.o., VIG Sp. z o.o., ALUKON Sp. z o.o., FPUH MECHANIKA, Leopard Automobile \u2013Mielec Sp. z o.o., STAMET Stanis\u0142aw Stachura, Firma Tarapata Sp. z o.o., RSM Sp. z o.o., VILLA GLASS STUDIO Sp. z o.o., CENTURION-R Sp. z o.o., KUCHCIK-Okarma, Misio\u0142ek Sp. z o.o., \u201eJOONGPOL\u201d Sp. z o.o., Systemy Lokalizacji Obiekt\u00f3w Lokalizator Sp. z o.o., Huta-Miko\u0142aj Sp. z o.o., \u201eRETECH\u201d Sp. z o.o., GALWEX Cebula Elwira i Wsp\u00f3lnicy Sp.j.<br \/>Ponadto na terenie SSE dzia\u0142a\u0142y inne firmy: Wytw\u00f3rnia Sprz\u0119tu Komunikacyjnego \u201ePZL-Mielec\u201d S.A. \u2013 w upad\u0142o\u015bci, Zak\u0142ad Lotniczy \u201ePZL-Mielec\u201d Sp. z o.o. \u2013 w upad\u0142o\u015bci, Zak\u0142ad Utrzymania Ruchu \u201ePZL-Mielec\u201d Sp. z o.o., Wytw\u00f3rnia Silnik\u00f3w \u201ePZL-Mielec\u201d Sp. z o.o.,<\/p>\r\n\r\n\r\n\r\n<p><img loading=\"lazy\" decoding=\"async\" class=\"alignleft size-full wp-image-1075\" src=\"https:\/\/encyklopedia.mielec.pl\/wp-content\/uploads\/2022\/11\/euro_park_01.jpg\" alt=\"\" width=\"150\" height=\"105\" \/>EURO-MAG Sp. z o.o., MELEX Sp. z o.o., Wytw\u00f3rnia Aparatury Wtryskowej \u201ePZL-Mielec\u201d Sp. z o.o., Centrum Us\u0142ug Socjalno-Bytowych i Turystycznych \u201ePZL-Mielec\u201d Sp. z o.o., TeleNet Mielec Sp. z o.o., TERMINAL Mielec Sp. z o.o., Zak\u0142ad Us\u0142ug Agrolotniczych w Mielcu, Bank Przemys\u0142owo-Handlowy S.A., Bank Polska Kasa Opieki S.A. Grupa Pekao S.A., EUROKOL Sp. z o.o., Kirkham Motorsports Sp. z o.o., Termo Organika S.A.<br \/>W latach 2001-2012 obszar EURO-PARK MIELEC powi\u0119kszy\u0142 si\u0119 do 1246 ha, w tym w Mielcu \u2013 605 ha. Pozosta\u0142a powierzchnia powsta\u0142a w wyniku utworzenia podstref: Rzesz\u00f3w (gminy G\u0142og\u00f3w Ma\u0142opolski i Trzebownisko) \u2013 170 ha, Lublin \u2013 118 ha, Szczecin \u2013 73 ha, Zamo\u015b\u0107 \u2013 54 ha, Ropczyce i gmina Ostr\u00f3w \u2013 39 ha, Krosno \u2013 36 ha, D\u0119bica (miasto i gmina) \u2013 35 ha, Le\u017cajsk (miasto i gmina) \u2013 27 ha, Gorlice \u2013 21 ha, Lubart\u00f3w \u2013 20 ha, Sanok \u2013 15 ha, Jaros\u0142aw (miasto i gmina) \u2013 14 ha, Lubacz\u00f3w \u2013 9 ha, Kolbuszowa \u2013 8 ha i Radzy\u0144 Podlaski \u2013 2 ha. W zwi\u0105zku z potrzebami inwestycyjnymi Strefy Rada Miejska w 2012 r. wyrazi\u0142a zgod\u0119 na powi\u0119kszenie mieleckiego obszaru o 63 a. Wykaz firm w poszczeg\u00f3lnych podstrefach SSE EURO-PARK MIELEC (wed\u0142ug stanu w 2012 r.):<br \/>*Podstrefa Mielec: AERO AT Sp. z o.o. &#8211; produkcja sprz\u0119tu lotniczego, AGMAR S.A. &#8211; produkcja osprz\u0119tu dla telekomunikacji, ALPHA Technology Sp. z o.o. Sp. k. &#8211; wycinanie i formowanie metali, Automotive Coachbuilding and Design Sp. z o.o. &#8211; produkcja cz\u0119\u015bci i podzespo\u0142\u00f3w do samochod\u00f3w klasycznych, BASCO 2 \u00a0Andrzej Nawrot i Wsp\u00f3lnicy Sp. J. &#8211; produkcja element\u00f3w \u0142\u0105cznikowych instalacji grzewczych, Blek Meble Sp. z o.o. &#8211; produkcja mebli, \u00a0Bury Sp. z o.o. &#8211; produkcja akcesori\u00f3w do telefon\u00f3w kom\u00f3rkowych, BRW Sp. z o.o. &#8211; produkcja mebli, C+N Polska Sp. z o.o. &#8211; produkcja opakowa\u0144 plastikowych, \u00a0Casmet &#8211; System J\u00f3zef Ma\u0142ecki &#8211; produkcja element\u00f3w metalowych dla bran\u017cy meblarskiej, Centrum Badawcze \u201eCLEAR AIR\u201d Sp. z o.o. &#8211; ochrona \u015brodowiska naturalnego, bezpiecze\u0144stwo \u017cywno\u015bci, CONTENUR POLSKA Sp. z o.o. &#8211; produkcja system\u00f3w kontenerowych, DUL MAR Sp.j. &#8211; produkcja k\u00f3\u0142 z\u0119batych i przek\u0142adni k\u0105towych, ELDAN D. Dziura, E. Burkiewicz Sp.j. &#8211; produkcja odzie\u017cy, Elektrociep\u0142ownia Mielec E STAR Sp. z o.o. &#8211; dostawca energii cieplnej, VIDOK (d.Eurocast) Sp. z o.o. &#8211; produkcja wyrob\u00f3w z tworzyw sztucznych, Eurotech Sp. z o.o &#8211; produkcja specjalistycznych maszyn i urz\u0105dze\u0144, EURO &#8211; EKO Sp. z o.o. &#8211; odbiorca zanieczyszcze\u0144, EURO &#8211; ENERGETYKA Sp. z o.o. &#8211; dostawca energii elektrycznej, FAKRO WDF Sp. z o.o. &#8211; produkcja okien dachowych, Firma Tarapata Sp. z o.o. &#8211; produkcja \u00a0podzespo\u0142\u00f3w do motoryzacji, FORMAPLAN Komponenty Sp. z o.o. &#8211; produkcja wyrob\u00f3w z drewna, FPUH Mechanika Le\u015bniak Danuta i Adam &#8211; produkcja wyrob\u00f3w z metalu, GALWEX \u00a0Cebula Elwira i Wsp\u00f3lnicy Sp.j. &#8211; galwanizowanie, Geyer &amp; Hosaja Sp. z o.o. &#8211; produkcja wyrob\u00f3w gumowych, Husqvarna Poland Sp. z o.o. &#8211; produkcja kosiarek spalinowych, Interphone Service Sp. z o.o. &#8211; produkcja modem\u00f3w do odbioru internetu bezprzewodowego, Zak\u0142ad<\/p>\r\n\r\n\r\n\r\n<p><img loading=\"lazy\" decoding=\"async\" class=\"alignleft size-full wp-image-1079\" src=\"https:\/\/encyklopedia.mielec.pl\/wp-content\/uploads\/2022\/11\/euro_park_11.jpg\" alt=\"\" width=\"150\" height=\"105\" \/>Produkcyjny Kamot-Mielec S.A. &#8211; produkcja wi\u0105zek elektrycznych do samochod\u00f3w, King &amp; Fowler Polska Sp. z o.o. &#8211; galwanizowanie, Kirchhoff Polska Sp. z o.o. &#8211; produkcja cz\u0119\u015bci i podzespo\u0142\u00f3w dla przemys\u0142u motoryzacyjnego, Kronofloring Sp. z o.o. &#8211; produkcja wyrob\u00f3w z drewna przetw\u00f3rstwo drewna i meble, Kronospan Mielec Sp. z o.o. &#8211; produkcja wyrob\u00f3w z drewna, Lear Corporation Poland II Sp. z o.o. &#8211; produkcja wi\u0105zek elektrycznych do samochod\u00f3w, Leopard Automobile-Mielec Sp. z o.o. &#8211; produkcja zespo\u0142\u00f3w samochodowych i innych pojazd\u00f3w, MELEX A&amp;D Tyszkiewicz Sp.j. &#8211; produkcja w\u00f3zk\u00f3w z nap\u0119dem elektrycznym, METALPOL Sp. z o.o. &#8211; produkcja spr\u0119\u017cyn, Mondi Bags Mielec Sp. z o.o. &#8211; produkcja opakowa\u0144 papierowych, Nordisk Polska Sp. z o.o. &#8211; us\u0142ugi telekomunikacyjne, Oficyna Wydawnicza PRESS MEDIA Oddzia\u0142 w Mielcu &#8211; dzia\u0142alno\u015b\u0107 wydawnicza, ONDULINE PRODUCTION Sp. z o.o. &#8211; produkcja pokry\u0107 dachowych, Plastic Factory COBI S.A. &#8211; produkcja zabawek z tworzyw sztucznych, Plastwag S.A. &#8211; produkcja wyrob\u00f3w z tworzyw, Polskie Zak\u0142ady Lotnicze Sp. z o.o. &#8211; produkcja sprz\u0119tu lotniczego, Polsko &#8211; Korea\u0144skie PP-H JOONGPOL Sp. z o.o. &#8211; produkcja arkuszy i kszta\u0142townik\u00f3w z pianki PE, PPHU P&amp;S Sp. z o.o. &#8211; produkcja wyrob\u00f3w z metali, blach stalowych i aluminiowych, PPHU Wojciech Tycner &#8211; produkcja artyku\u0142\u00f3w instalacyjno-sanitarnych, Purcell Systems International AB Sp. z o.o. &#8211; produkcja szaf telekomunikacyjnych, Gardner Aerospace &#8211; Mielec Sp\u00f3\u0142ka z.o.o. &#8211; produkcja podzespo\u0142\u00f3w lotniczych, REGMOT Sp. z o.o. &#8211; produkcja k\u00f3\u0142 z\u0119batych, Remog Polska Sp. z o.o. &#8211; produkcja podzespo\u0142\u00f3w lotniczych, RSM Zak\u0142.Prod. Maszyn i Urz\u0105dze\u0144 Sp. z o.o. &#8211; produkcja maszyn i urz\u0105dze\u0144 dla budownictwa, RETECH Sp. z o.o. &#8211; obr\u00f3bka stali nierdzewnej, SAMDEX Sp. z o.o. &#8211; produkcja materia\u0142\u00f3w ochronnych dla r\u00f3\u017cnych bran\u017c, SANGLASS S.A. produkcja szk\u0142a hartowanego, SSC Sp. z o.o. Sp\u00f3\u0142ka Komandytowa &#8211; produkcja czujnik\u00f3w temperatury, p\u0142yt steruj\u0105cych i okablowania do urz\u0105dze\u0144 gastronomicznych, SPIROFLEX Sp. z o.o. &#8211; produkcja wyrob\u00f3w z aluminium i ze stali nierdzewnej, STAMET &#8211; Stanis\u0142aw Stachura &#8211; produkcja cz\u0119\u015bci lotniczych, samochodowych, wyposa\u017cenia obrabiarek, Temar Sp. z o.o. &#8211; produkcja opraw o\u015bwietleniowych, FPU WALDREX s.c. &#8211; produkcja wyrob\u00f3w z metalu dla bran\u017cy lotniczej i motoryzacyjnej, WAW Mielec Sp. z o.o. &#8211; produkcja aparatury wtryskowej, Yasa Motors Poland Sp. z o.o. &#8211; produkcja pomp i spr\u0119\u017carek, \u00a0Zak\u0142ad Akcesori\u00f3w Meblowych G\u0142adysek Sp. j. &#8211; produkcja akcesori\u00f3w dla przemys\u0142u meblarskiego metalowy, Zak\u0142ad Narz\u0119dziowy Prodrem Sp. z o.o. &#8211; produkcja oprzyrz\u0105dowania i narz\u0119dzi, Zak\u0142ady Odzie\u017cowe AG Sp. z o.o. &#8211; produkcja odzie\u017cy Zak\u0142ad \u201eRPOL\u201d Roman Polit &#8211; produkcja zawor\u00f3w termostatycznych, Zak\u0142ady Farmaceutyczne COLFARM S.A. &#8211; produkcja wyrob\u00f3w farmaceutycznych, Zielona Budka (Mielec) Sp. z o.o. &#8211; produkcja artyku\u0142\u00f3w spo\u017cywczych, ZPTSz \u201ePZL &#8211; Mielec\u201d Sp. z o.o. &#8211; produkcja form z tworzyw sztucznych.<br \/>*Podstrefa Rzesz\u00f3w (gminy G\u0142og\u00f3w Ma\u0142opolski i Trzebowisko): BEST Construction Sp. z o.o. \u2013 inkubator technologiczno-edukacyjny bran\u017cy budowlano-drogowej, BorgWarner Poland Sp. z o.o. \u2013 produkcja turbospr\u0119\u017carek, \u201eCREO\u201d Sp. z o.o. \u2013 produkcja izolacji przemys\u0142owych, D.A. Glass-Doros Teodora \u2013 obr\u00f3bka chemiczna szk\u0142a, Eko-Hybres Sp. z o.o. \u2013 odzysk metali ze sprz\u0119tu AGD, Goodrich Aerospace Poland Sp. z o.o. \u2013 produkcja cz\u0119\u015bci i podzespo\u0142\u00f3w dla przemys\u0142u lotniczego, Hamilton Sundstrand Polska Sp. z o.o. \u2013 produkcja silnik\u00f3w pomocniczych samolot\u00f3w, Ledolux Sp. z o.o. \u2013 produkcja sprz\u0119tu o\u015bwietleniowego, Wytw\u00f3rnia Szablon\u00f3w Kre\u015blarskich Leniar Sp. J., Leo Minor Wojciech B\u0105k \u2013 produkcja element\u00f3w instalacji sanitarnych, McBraida Polska Sp. z o.o. \u2013 produkcja komponent\u00f3w do silnik\u00f3w lotniczych, MTU Aero Engines Polska Sp. z o.o. \u2013 produkcja komponent\u00f3w do silnik\u00f3w lotniczych, Odlewnia Ci\u015bnieniowa META-ZEL Sp. z o.o. \u2013 obr\u00f3bka metali i nak\u0142adanie pow\u0142ok, OPTeam S.A. \u2013 produkcja oprogramowania komputerowego, Partners in Progress Sp. z o.o. \u2013 produkcja i wdra\u017canie system\u00f3w informatycznych, Polimarky Marek Kyc Sp. J. \u2013 produkcja wyrob\u00f3w z tworzyw sztucznych, \u201ePOLKEMIC II Sp. z o.o.\u201d S.K.A. \u2013 produkcja obrze\u017cy meblowych, POLMAR K. MARCINIEC \u2013produkcja maszyn vendingowych, P.H. \u201eELMAT\u201d Sp. z o.o. \u2013 produkcja asortymentu letekomunikacyjnego, Systemy Informatyczne Set(h) Sp. z o.o. \u2013 produkcja oprogramowania, VAC AERO KALISZ Sp. z o.o. \u2013 galwanizowanie, procesy specjalne, Yanko Sp. z o.o. \u2013 produkcja opakowa\u0144 z tworzyw sztucznych, papieru, etykietowanie, Zak\u0142ad Poligraficzny Offset Druk Adam Motyka \u2013 dzia\u0142alno\u015b\u0107 wydawnicza, Zak\u0142ad Produkcji Folii \u201eEfekt Plus\u201d Sp. z o.o. \u2013 produkcja folii stretch, ZELNAR Sp. z o.o. \u2013 produkcja narz\u0119dzi.<br \/>Podstrefa Lublin: ALIPLAST Sp. z o.o. &#8211; \u00a0produkcja konstrukcji metalowych, Ball Packaging Europe Lublin Sp. z o.o. \u2013 produkcja opakowan metalowych, BIOMAXIMA S.A. \u2013 produkcja odczynnik\u00f3w do test\u00f3w laboratoryjnych, EuroCompass Sp. z o.o. \u2013 centrum przetwarzania danych przestrzennych, D&amp;D Resory Polska Sp. z o.o. \u2013 produkcja spr\u0119\u017cyn, DOBROPLAST Fabryka Okien i Drzwi PCV \u2013 produkcja stolarki okiennej i drzwiowej, Firma \u201eHenryk\u201d \u2013 produkcja maszyn rolniczych, Intrograf Lublin S.A. \u2013 produkcja opakowa\u0144 z tektury, Laboratoria Natury Sp. z o.o. \u2013 produkcja ekologicznych preparat\u00f3w suplement\u00f3w diety, Ledrin Sp. z o.o. \u2013 produkcja galanterii sk\u00f3rzanej, MAX-BUD Grzegorz Paw\u0142owski \u2013 produkcja konstrukcji ze stali i aluminium, MULTIVAC Sp. z o.o. \u2013 maszyny pakuj\u0105ce, MW LUBLIN Sp. z o.o. \u2013 produkcja k\u00f3\u0142 stalowych, Oficyna Wydawnicza \u201eEI-PRESS\u201d s.c. Wojciech Samoli\u0144ski, Marek Tytu\u0142a \u2013 dzia\u0142alno\u015b\u0107 wydawnicza, Wikana Inwest Sp. z o.o. \u2013 centrum logistyczno-magazynowe,Verano Ryszard Miazga \u2013 produkcja grzejnik\u00f3w, Inwest Bistro Sp. z o.o. \u2013 dystrybucja \u017cywno\u015bci mro\u017conej, Przedsi\u0119biorstwo Produkcyjne MARGOMED Stanis\u0142aw Margol \u2013 produkcja sprz\u0119tu medycznego, MPC Metal Sp. z o.o. \u2013 produkcja pr\u0119t\u00f3w.<br \/>Podstrefa Gorlice: Przedsi\u0119biorstwo Us\u0142ug Komunalnych \u201eEMPOL\u201d Sp. z o.o. \u2013 odzysk surowc\u00f3w z materia\u0142\u00f3w segregowanych, G\u00d3R-STAL Sp. z o.o. \u2013 produkcja wyrob\u00f3w metalowych, PPUH Steser S.C. \u2013 galwanizowanie, Severt Polska Sp. z o.o. \u2013 produkcja konstrukcji metalowych, \u201eWERONICA\u201d Sp. z o.o. \u2013 produkcja wyrob\u00f3w cukierniczych.<br \/>Podstrefa Sanok \u2013 Zag\u00f3rz: Centurion-R Sp. z o.o. \u2013 produkcja drzwi, \u201eW.P.S.\u201d Sp. z o.o. \u2013 producent stalowych obr\u0119czy, TRI (Poland) Sp. z o.o. \u2013 producent antywibracyjnych element\u00f3w zawieszenia, Nafta Gaz Serwis S.A. \u2013 produkcja aparatury i komponent\u00f3w do maszyn.<br \/>Podstrefa D\u0119bica (miasto i gmina): Firma Oponiarska D\u0119bica S.A. \u2013 produkcja opon, Kronospan HPL Sp. z o.o. \u2013 produkcja laminatu.<br \/>Podstrefa Le\u017cajsk: CONCRETE LE\u017bAJSK Sp. z o.o. \u2013 produkcja betonu i prefabrykat\u00f3w budowlanych, MP Stal Sp. z o.o. \u2013 produkcja powlekanego metalu, OZONO Sp. z o.o. \u2013 produkcja metali ogrodowych, NETKOM Sp. z o.o. \u2013 produkcja sprz\u0119tu telekomunikacyjnego.<br \/>Podstrefa Ropczyce (Ropczyce i gmina Ostr\u00f3w): REGA YACHT Sp.J. \u2013 produkcja jacht\u00f3w, Ocynkownia Podkarpacie Sp. z o.o. \u2013 obr\u00f3bka metali, Zak\u0142ad Produkcji Cukierniczej Cukromix Bis Sp. z o.o. \u2013 produkcja wyrob\u00f3w cukierniczych.<br \/>Podstrefa Lubacz\u00f3w: Fabryka Maszyn Lubacz\u00f3w Sp. z o.o. \u2013 produkcja przek\u0142adni hydrokinetycznych.<br \/>Podstrefa Zamo\u015b\u0107: Grupa PEP \u2013 Biomasa Energetyczna Wsch\u00f3d Sp. z o.o. \u2013 produkcja energii elektrycznej ze \u017ar\u00f3de\u0142 odnawialnych, Tradis Sp. z o.o. \u2013 us\u0142ugi logistyczne, DACHPOL Sp. z o.o. \u2013 produkcja pokry\u0107 dachowych, Zartmet 2 Sp. z o.o. \u2013 produkcja blachodach\u00f3wki.<br \/>Podstrefa Szczecin: GARO POLSKA Sp. z o.o. \u2013 produkcja urz\u0105dze\u0144 elektrycznych, HKLDekoracja Okien Sp. z o.o. \u2013 produkcja os\u0142on przeciws\u0142onecznych, SANGER METAL Sp. z o.o. \u2013 produkcja element\u00f3w no\u015bnych.<br \/>Podstrefa Lubart\u00f3w: MOTYL S.C. \u2013 produkcja ultracienkich \u015bciernic.<\/p>\r\n\r\n\r\n\r\n<p><strong>Podstawowe dane (stan na 31 XII 2014 r.)<\/strong>: *zezwolenia na dzia\u0142alno\u015b\u0107 \u2013 298 (w Mielcu \u2013 156), *nak\u0142ady \u2013 6,65 mld z\u0142 (w Mielcu \u2013 3,92 mld z\u0142), *miejsca pracy \u2013 26 763 (w Mielcu \u2013 14 159).<\/p>\r\n\r\n\r\n\r\n<p><strong>Podstawowe dane (stan w 2017 r.):<\/strong>\u00a0*33 podstrefy w 5 wojew\u00f3dztwach: podkarpackim, lubelskim, ma\u0142opolskim, \u015bl\u0105skim i zachodniopomorskim, *obszar &#8211; 1 724 ha,\u00a0 *zezwolenia na dzia\u0142alno\u015b\u0107 &#8211; 370, *nak\u0142ady &#8211; 9 mld z\u0142, miejsca pracy &#8211; ok. 30 tysi\u0119cy,\u00a0<\/p>\r\n\r\n\r\n\r\n<p><strong>*Inwestorzy funkcjonuj\u0105cy w SSE EURO-PARK MIELEC w oparciu o wa\u017cne zezwolenie na prowadzenie dzia\u0142alno\u015bci gospodarczej &#8211; podstrefa Mielec (2017 r.)<\/strong>: ADT SA. &#8211; sektor lotniczy, Basco 2 Sp. z o.o. Sp. K. &#8211; s. metalowy, Basco 2 Sp. z o.o. &#8211; s.metalowy, BIOMED-LUBLIN Wytw\u00f3rnia Surowic i Szczepionek SA. &#8211; s. farmaceutyczny, BLEK-MEBLE Sp. z o.o. &#8211; s. przetw\u00f3rstwo drewna, BURY Sp. z o.o. &#8211; s. elektroniczny, C+N POLSKA Sp. z o.o. &#8211; s. przetw\u00f3rstwo tworzyw sztucznych, COBI FACTORY SA. &#8211; s. przetw\u00f3rstwo tworzyw sztucznych, CONTENUR POLSKA Sp. z o.o. &#8211; s. przetw\u00f3rstwo tworzyw sztucznych, DUL MAR S.J. &#8211; s. metalowy, EC ENGINEERING &#8211; s. metalowy, ELDAN Sp. z o.o. Sp. k. &#8211; s. tekstylny, EUROTECH Sp. z o.o. &#8211; s. lotniczy, Firma Waldrex Sp. z o.o. Sp. k. &#8211; s. metalowy, Firma TARAPATA Sp. z o.o. &#8211; s. metalowy, Firma XERIMA Jan Szwakop &#8211; s. poligrafia i opakowania, Gardner Aerospace Mielec Sp. z o.o. &#8211; s. lotniczy, GUMOTIV Sp. z o.o. Sp. k. &#8211; s. przetw\u00f3rstwo tworzyw sztucznych, HUSQVARNA POLAND Sp. z o.o. &#8211; s. elektromaszynowy, Interphone Service Sp. z o.o. &#8211; s. elektroniczny, KIRCHHoff POLSKA Sp. z o.o. &#8211; s. motoryzacyjny, Kronospan Mielec Sp. z o.o. &#8211; s. przetw\u00f3rstwo drewna, Magellan Aerospace (Polska) Sp. z o.o. &#8211; s. lotniczy, MELEX Sp. z o.o. &#8211; s. motoryzacyjny, METALPOL Sp. z o.o. &#8211; s. metalowy, Mielec Power Systems Sp. z o.o. &#8211; s. elektromaszynowy, Mondi Bags Mielec Sp. z o.o. &#8211; s. poligrafia i opakowania, MPT Poland Sp. z o.o. &#8211; s. metalowy, ONDULINE POLSKA Sp. z o.o. &#8211; s. elementy budowlane, PLASTWAG SA. &#8211; s. przetw\u00f3rstwo tworzyw sztucznych, Polskie Zak\u0142ady Lotnicze Sp. z o.o. &#8211; s. lotniczy, Polsko Korea\u0144skie Przedsi\u0119biorstwo Produkcyjno-Handlowe JOONGPOL Sp. z o.o. &#8211; s. przetw\u00f3rstwo tworzyw sztucznych, Purcell Systems International AB Sp. z o.o. Oddzia\u0142 Polska &#8211; s. elektroniczny, PURE ENERGY SYSTEMS Sp. z o.o. &#8211; s. budownictwo\/fotowoltaika, Press-Media Sp. z o.o. Sp. k. &#8211; , P.W.&#8221;R&amp;S&#8221; R\u0104CZKA Sp.j. &#8211; s. metalowy, RADO Sp. z o.o. &#8211; s. metalowy, RBC Bearings Polska Sp. z o.o. &#8211; s. lotniczy, REGMOT MI\u0141O\u015a Sp.j. &#8211; s. metalowy, REG FORM Sp. z o.o. Sp.k. &#8211; s. metalowy, REMOG POLSKA Sp. z o.o. &#8211; s. lotniczy, Retech Sp. z o.o. &#8211; s. metalowy, SAMDEX Sp. z o.o. &#8211; s. przetw\u00f3rstwo tworzyw sztucznych, SIEROS\u0141AWSKI GROUP Jan Sieros\u0142awski &#8211; s. przetw\u00f3rstwo tworzyw sztucznych, Spirofleks Sp. z o.o. &#8211; s. elementy budowlane, SSC Sp. z o.o. Sp. k. &#8211; s. metalowy, SZEL-TECH Szeliga Grzegorz &#8211; s. lotniczy, TEMAR Sp. z o.o. &#8211; s. przetw\u00f3rstwo tworzyw sztucznych, YASA Motors Poland Sp. z o.o. &#8211; s. metalowy, YASA Motors Poland Sp. z o.o. SKA &#8211; s. lotnictwo\/motoryzacja, Zak\u0142ad &#8222;RPOL&#8221; Polit Roman &#8211; s. elektromaszynowy, ZAMTECHNIKA G\u0142adysek Sp.J. &#8211; s. metalowy, Zak\u0142ady Farmaceutyczne COLFARM SA. &#8211; s. farmaceutyczny, Zak\u0142ady Odzie\u017cowe AG Sp. z o.o. &#8211; s. tekstylny, Zielona Budka (Mielec) Sp. z o.o. &#8211; s. spo\u017cywczy.\u00a0<\/p>\r\n\r\n\r\n\r\n<p><strong>Wybrane dane wed\u0142ug stanu na 31 V 2021 r.:<\/strong> powierzchnia &#8211; ok. 1723,97 ha w 33 podstrefach w 5 wojew\u00f3dztwach (podkarpackim, lubelskim, malopolskim, \u015bl\u0105skim i zachodniopomorskim); nak\u0142ady inwestycyjne &#8211; 11,6 mld z\u0142; utworzenie 35,9 tys. miejsc pracy; g\u0142\u00f3wne dziedziny produkcji &#8211; lotnictwo, obr\u00f3bka metali, tworzywa sztuczne i motoryzacja; kapita\u0142 polski &#8211; 67 %; g\u0142\u00f3wnie przedsi\u0119biorstwa \u015brednie i ma\u0142e. Podstrefy w wojew\u00f3dztwie podkarpackim: D\u0119bica, G\u0142og\u00f3w Ma\u0142opolski, Jaros\u0142aw, Jas\u0142o, Jedlicze, Kolbuszowa, Krosno, Le\u017cajsk, Lubacz\u00f3w, \u0141a\u0144cut, Mielec, Ostr\u00f3w, Radomy\u015bl Wielki, Ropczyce, Rzesz\u00f3w, Sanok, Strzy\u017c\u00f3w, Trzebowisko, Zag\u00f3rz. Podstrefy w wojew\u00f3dztwie lubelskim: Che\u0142m, Kra\u015bnik, Lubart\u00f3w, Lublin, Mi\u0119dzyrzec Podlaski, Radzy\u0144 Podlaski, Rejowiec Fabryczny, Zamo\u015b\u0107. Podstrefa w wojew\u00f3dztwie ma\u0142opolskim: Gorlice. *Podstrefa w wojew\u00f3dztwie \u015bl\u0105skim: Cz\u0119stochowa. Podstrefa w wojew\u00f3dztwie zachodniopomorskim: Szczecin.<\/p>\r\n\r\n\r\n\r\n<p><strong>Wybrane dane wed\u0142ug stanu na koniec III kwarta\u0142u 2021 r.:<\/strong>\u00a0zezwolenia og\u00f3\u0142em &#8211; 449, w tym Mielec &#8211; 206; wa\u017cnych zezwole\u0144 og\u00f3\u0142em &#8211; 239, w tym Mielec &#8211; 84; nak\u0142ady og\u00f3\u0142em &#8211; 11,8 mld z\u0142, w tym Mielec &#8211; 3,5 mld z\u0142 (dane dotycz\u0105 wa\u017cnych zezwole\u0144); miejsca pracy og\u00f3\u0142em &#8211; 36,5 tys., w tym Mielec &#8211; 10,5 tys. (dane dotycz\u0105 wa\u017cnych zezwole\u0144). Nale\u017cy nadmieni\u0107, \u017ce ostatnie zezwolenie na prowadzenie dzia\u0142alno\u015bci gospodarczej w strefie mieleckiej zosta\u0142o wydane przez zarz\u0105dzaj\u0105cego SSE (tzn. ARP SA. Warszawa) w 2018 r. W roku znowelizowano system funkcjonowania SSE w Polsce w ramach programu Polska Strefa Inwestycji.<\/p>\r\n\r\n\r\n\r\n\r\n\r\n<p><strong>EUROTECH<\/strong>, firma funkcjonuj\u0105ca od 2001 r. w SSE EURO-PARK MIELEC. Specjalizuje si\u0119 w bran\u017cach naftowej i lotniczej. Dzia\u0142alno\u015b\u0107 w bran\u017cy lotniczej rozpocz\u0119\u0142a w 2005 r. We wsp\u00f3\u0142pracy z naukowcami z Politechniki Rzeszowskiej zaprojektowano i wyprodukowano samolot bezza\u0142ogowy MJ-7 SZOGUN, przystosowany do funkcji imitatora celu powietrznego dla szkolenia Wojsk Obrony Przeciwlotniczej. Z kolei z Wojskowym Instytutem Technicznym Uzbrojenia w Zielonce skonstruowano system manewruj\u0105cych imitator\u00f3w cel\u00f3w powietrznych VERMIN, sk\u0142adaj\u0105cy si\u0119 z naziemnej stacji kontroli lot\u00f3w oraz wyrzutni z nap\u0119dem pneumatycznym, zapewniaj\u0105cy loty grupowe samolot\u00f3w SZOGUN. System ten jest u\u017cywany do szkolenia oddzia\u0142\u00f3w OPL Wojska Polskiego, a jego obs\u0142ug\u0105 zajmuj\u0105 si\u0119 pracownicy EUROTECHU. Od 2013 r. firma pracuje nad nowymi produktami lotniczymi, m.in. platform\u0105 (samolotem) bezza\u0142ogowym o roboczej nazwie E-310. W 2016 r. rozpocz\u0119to prace nad kolejnym samolotem bezza\u0142ogowym o nazwie HAASTA, a w 2017 r. \u2013 nad systemem antykolizyjnym IDAAS w ramach programu INNOLOT, kt\u00f3ry ma przyczyni\u0107 si\u0119 do zwi\u0119kszenia autonomii system\u00f3w bezza\u0142ogowych, niezb\u0119dnych do wykonywania lot\u00f3w w przestrzeni cywilnej. W przysz\u0142o\u015bci firma zak\u0142ada produkcj\u0119 urz\u0105dze\u0144 lotniczych dla instytucji cywilnych, przydatnych m.in. w r\u00f3\u017cnego rodzaju\u00a0 monitoringach. W celu systematycznego unowocze\u015bniania produkt\u00f3w, opracowywania nowych technologii i wytwarzania innowacyjnych urz\u0105dze\u0144 \u2013 EUROTECH aktywnie uczestniczy w pracach badawczo-rozwojowych, wsp\u00f3\u0142pracuje z wieloma o\u015brodkami akademickimi, badawczymi i przemys\u0142owymi polskimi i zagranicznymi. Nale\u017cy do stowarzyszenia firm przemys\u0142u lotniczego Dolina Lotnicza. W 2023 r. otrzyma\u0142a honorowe wyr\u00f3\u017cnienie Tygodnika Wprost &#8211; &#8222;Orze\u0142&#8221; w kategorii &#8222;Przedsi\u0119biorstwo Regionu&#8221;.<\/p>\r\n\r\n\r\n\r\n<p><strong><img loading=\"lazy\" decoding=\"async\" class=\"alignleft size-full wp-image-1080\" src=\"https:\/\/encyklopedia.mielec.pl\/wp-content\/uploads\/2022\/11\/eurozloty-an-2-jelenia-gora.jpg\" alt=\"\" width=\"150\" height=\"105\" \/>EUROZLOTY AN-2<\/strong>, coroczne europejskie zloty samolot\u00f3w An-2. Inicjatywa ich organizowania zrodzi\u0142a si\u0119 w 1997 r. w Mielcu, miejscu produkcji tych samolot\u00f3w, z okazji 50. rocznicy oblotu pierwszego samolotu An-2. Pierwsze spotkanie otrzyma\u0142o nazw\u0119 Mi\u0119dzynarodowy Zlot Samolot\u00f3w An-2 i mia\u0142o miejsce na lotnisku w Mielcu, w czasie AIR-SHOW-97 (29 VIII \u2013 1 IX). Od nast\u0119pnego przyj\u0119to nazw\u0119 Eurozlot An-2.<br \/>*I Mi\u0119dzynarodowy Zlot \u2013 29 VIII \u2013 1 IX 1997 r. \u2013 Mielec (Polska); *II Eurozlot \u2013 1998 r. \u2013 Gotlandia (Szwecja); *III Eurozlot \u2013 1999 r. \u2013 Kowno (Litwa); *IV Eurozlot \u2013 2000 r. \u2013 Lisie K\u0105ty, Grudzi\u0105dz (Polska); *V Eurozlot \u2013 16-19 VIII 2001 r. \u2013 Ryga (\u0141otwa); *VI Eurozlot \u2013 16 VIII 2002 r. \u2013 Jelenia G\u00f3ra (Polska); *VII Eurozlot \u2013 28-31 VIII 2003 r. \u2013 Ramsdorf (Niemcy); *VIII Eurozlot \u2013 2004 r. \u2013 Watorowo, Che\u0142mno (Polska); *IX Eurozlot \u2013 11-14 VIII 2005 r. \u2013 Jaromierz (Czechy); *X Eurozlot \u2013 10-13 VIII 2006 r. \u2013 Jelenia G\u00f3ra (Polska); *XI Eurozlot \u2013 9-12 VIII 2007 r. \u2013 Wilno (Litwa); *XII Eurozlot \u2013 31 VII \u2013 3 VIII 2008 r. \u2013 Wilamowo, K\u0119trzyn (Polska); *XIII Eurozlot \u2013 6-9 VIII 2009 r. \u2013 Gera-Leumnitz (Niemcy); *XIV Eurozlot \u2013 12-15 VIII 2010 r. \u2013 Waskato (Szwecja); *XV Eurozlot \u2013 11-14 VIII 2011 r. \u2013 Teuge (Holandia); *XVI Eurozlot \u2013 9-12 VIII 2012 r. \u2013 Hradec Kralove (Czechy); XVII Eurozlot &#8211; 18 VIII 2015 r, &#8211; Luxemburg; &#8230;; *XIX Eurozlot &#8211; 12 VIII 2017 r. &#8211; Mielec. (Brak wiadomo\u015bci o kolejnych zlotach.)<\/p>\r\n\r\n\r\n\r\n<p><strong><img loading=\"lazy\" decoding=\"async\" class=\"alignleft size-full wp-image-1081\" src=\"https:\/\/encyklopedia.mielec.pl\/wp-content\/uploads\/2022\/11\/extra_mielec_winieta.jpg\" alt=\"\" width=\"150\" height=\"49\" \/>EXTRA MIELEC<\/strong>, tygodnik, gazeta bezp\u0142atna wydawana od 2004 r. Siedzib a redakcji: ul. S. \u017beromskiego 19\/22. Jej wydawc\u0105 by\u0142a Oficyna Wydawnicza Literatura Faktu Sp. z o.o. Tematyk\u0105 artyku\u0142\u00f3w by\u0142y najcz\u0119\u015bciej aktualne problemy miasta i jego regionu, a ponadto du\u017co miejsca przeznaczano na reklamy. Zawieszono wydawanie tygodnika.<\/p>\r\n","protected":false},"excerpt":{"rendered":"<p>EBER IRENE (z domu GEMINDER), urodzona w 1930 r. w Halle (Niemcy). W 1938 r. wraz z rodzin\u0105 zosta\u0142a wyp\u0119dzona przez niemieckich nazist\u00f3w i znalaz\u0142a si\u0119 w Mielcu, sk\u0105d pochodzi\u0142 jej ojciec. Po wyprowadzeniu 9 III 1942 r. ludno\u015bci \u017cydowskiej z Mielca przez hitlerowc\u00f3w, znalaz\u0142a si\u0119 z rodzin\u0105 w obozie pracy w D\u0119bicy. Uda\u0142o si\u0119 [&hellip;]<\/p>\n","protected":false},"author":1,"featured_media":0,"comment_status":"closed","ping_status":"open","sticky":false,"template":"","format":"standard","meta":{"footnotes":""},"categories":[3],"tags":[],"class_list":["post-52","post","type-post","status-publish","format-standard","hentry","category-hasla"],"_links":{"self":[{"href":"https:\/\/encyklopedia.mielec.pl\/index.php?rest_route=\/wp\/v2\/posts\/52","targetHints":{"allow":["GET"]}}],"collection":[{"href":"https:\/\/encyklopedia.mielec.pl\/index.php?rest_route=\/wp\/v2\/posts"}],"about":[{"href":"https:\/\/encyklopedia.mielec.pl\/index.php?rest_route=\/wp\/v2\/types\/post"}],"author":[{"embeddable":true,"href":"https:\/\/encyklopedia.mielec.pl\/index.php?rest_route=\/wp\/v2\/users\/1"}],"replies":[{"embeddable":true,"href":"https:\/\/encyklopedia.mielec.pl\/index.php?rest_route=%2Fwp%2Fv2%2Fcomments&post=52"}],"version-history":[{"count":0,"href":"https:\/\/encyklopedia.mielec.pl\/index.php?rest_route=\/wp\/v2\/posts\/52\/revisions"}],"wp:attachment":[{"href":"https:\/\/encyklopedia.mielec.pl\/index.php?rest_route=%2Fwp%2Fv2%2Fmedia&parent=52"}],"wp:term":[{"taxonomy":"category","embeddable":true,"href":"https:\/\/encyklopedia.mielec.pl\/index.php?rest_route=%2Fwp%2Fv2%2Fcategories&post=52"},{"taxonomy":"post_tag","embeddable":true,"href":"https:\/\/encyklopedia.mielec.pl\/index.php?rest_route=%2Fwp%2Fv2%2Ftags&post=52"}],"curies":[{"name":"wp","href":"https:\/\/api.w.org\/{rel}","templated":true}]}}