{"id":3073,"date":"2022-11-27T20:01:44","date_gmt":"2022-11-27T19:01:44","guid":{"rendered":"https:\/\/encyklopedia.mielec.pl\/?p=3073"},"modified":"2023-01-18T18:17:39","modified_gmt":"2023-01-18T17:17:39","slug":"2009-2012","status":"publish","type":"post","link":"https:\/\/encyklopedia.mielec.pl\/?p=3073","title":{"rendered":"2010 \u2013 2012"},"content":{"rendered":"<p><strong>2010<\/strong><\/p>\n<ul>\n<li><strong>1 I\u00a0 <\/strong>Tradycyjnym pokazem ogni sztucznych nad placem AK powitano Nowy Rok.<\/li>\n<li><strong>1 I<\/strong> Zmar\u0142 Tadeusz Ryczaj (78 lat), d\u0142ugoletni dyrektor naczelny WSK PZL-Mielec, zas\u0142u\u017cony dla przemys\u0142u i regionu mieleckiego dzia\u0142acz spo\u0142eczny i polityczny.<\/li>\n<li><strong>10 I<\/strong> W XVIII Finale Wielkiej Orkiestry \u015awi\u0105tecznej Pomocy zebrano oko\u0142o 105 tysi\u0119cy z\u0142otych.<\/li>\n<li><strong>20 I<\/strong> W\u00a0 szpitalu w Rzeszowie urodzi\u0142y si\u0119 trojaczki: Karolina, Wojciech i Maciej Rawinis z Mielca.<\/li>\n<li><strong>28 II<\/strong> Miss Mielca zosta\u0142a Magdalena Dragan.<\/li>\n<li><strong>15 III<\/strong> W Polskich Zak\u0142adach Lotniczych odby\u0142 si\u0119 pokaz pierwszego \u015bmig\u0142owca Black Hawk S-70i wyprodukowanego w Mielcu.<\/li>\n<li><strong>17 III<\/strong> W mieleckim szpitalu przeprowadzono pierwszy w Polsce zabieg wszczepienia endoprotezy z panewk\u0105 tytanow\u0105. Wykona\u0142 go ordynator Oddzia\u0142u Urazowo-Ortopedycznego Miros\u0142aw Midura.<\/li>\n<li><strong>27 III<\/strong> W sali widowiskowej Domu Kultury SCK wyst\u0105pi\u0142 Kabaret Literacki \u201eWarszawska fScena Bard\u00f3w\u201d, a w nim m.in. Krzysztof Daukszewicz, Kuba Sienkiewicz i mielczanin Jerzy Mamcarz.<\/li>\n<li><strong>10 IV<\/strong> W katastrofie lotniczej pod Smole\u0144skiem, w kt\u00f3rej zgin\u0119\u0142o 96 os\u00f3b, w tym prezydent RP Lech Kaczy\u0144ski i jego \u017cona Maria Kaczy\u0144ska, jedn\u0105 z ofiar by\u0142 Leszek Deptu\u0142a \u2013 pose\u0142 ziemi mieleckiej.<\/li>\n<li><strong>15 IV<\/strong> W bazylice mniejszej \u015bw. Mateusza i przy \u015acianie Katy\u0144skiej obok bazyliki odby\u0142a si\u0119 uroczysto\u015b\u0107 70-lecia zbrodni katy\u0144skiej oraz ods\u0142oni\u0119cie tablicy upami\u0119tniaj\u0105cej katastrof\u0119 lotnicz\u0105 pod Smole\u0144skiem i tabliczek dw\u00f3ch kolejnych ofiar katy\u0144skich z 1940 r.<\/li>\n<li><strong>20 IV<\/strong> W bazylice mniejszej \u015bw. Mateusza i na cmentarzu komunalnym przy ul. Kr\u00f3lowej Jadwigi odby\u0142y si\u0119 uroczysto\u015bci pogrzebowe Leszka Deptu\u0142y.<\/li>\n<li><strong>23 IV<\/strong> W Mielcu odby\u0142o si\u0119 wyjazdowe posiedzenie Zarz\u0105du Zwi\u0105zku Miast Polskich.<\/li>\n<li><strong>8 V<\/strong> W osiedlu Rzoch\u00f3w uroczy\u015bcie zasadzono D\u0105b Pami\u0119ci i ods\u0142oni\u0119to obelisk upami\u0119tniaj\u0105cy rzochowianina Tomasza Wo\u0142ka, kt\u00f3ry zosta\u0142 zamordowany przez NKWD w Bykowni w 1940 r.<\/li>\n<li><strong>13-15 V<\/strong>\u00a0 W plac\u00f3wkach Samorz\u0105dowego Centrum Kultury odby\u0142y si\u0119 \u201eDni L\u00f6hne w Mielcu\u201d.<\/li>\n<li><strong>15 V<\/strong> W hali MOSiR w Mielcu rozegrano fina\u0142 Pucharu Polski w pi\u0142ce r\u0119cznej kobiet,\u00a0 w kt\u00f3rym SPR Lublin pokona\u0142 MKS Zag\u0142\u0119bie Lubin 34:32.<\/li>\n<li><strong>17 V<\/strong> Po intensywnych opadach rzeka Wis\u0142oka wyst\u0105pi\u0142a z brzeg\u00f3w i zala\u0142a rekordow\u0105 ilo\u015b\u0107 gospodarstw i p\u00f3l wzd\u0142u\u017c ca\u0142ego dolnego biegu i uj\u015bciu do Wis\u0142y.<\/li>\n<li><strong>26 V<\/strong> Dla uczczenia 20-lecia funkcjonowania samorz\u0105d\u00f3w terytorialnych (1990-2010) w ko\u015bciele Matki Bo\u017cej Nieustaj\u0105cej Pomocy i Domu Kultury SCK odby\u0142o si\u0119 spotkanie radnych Rady Miejskiej w Mielcu z wszystkich kadencji. Z tej okazji wszyscy radni otrzymali pami\u0105tkowe medale.<\/li>\n<li><strong>28 V<\/strong> Mielczaninem Roku 2009 w Plebiscycie Tygodnika Regionalnego \u201eKorso\u201d zosta\u0142 Janusz Sobo\u0144 \u2013 dyrektor firmy Kirchhoff w Mielcu.<\/li>\n<li><strong>5 VI<\/strong> W nast\u0119pstwie du\u017cych opad\u00f3w 3 i 4 VI \u2013 rzeka Wis\u0142oka wyla\u0142a po raz drugi w roku 2010. Odnotowano rekordowy poziom \u2013 985 cm.<\/li>\n<li><strong>1 VII<\/strong> W Development Flight Center w West Palm Beach na Flotydzie (USA) odby\u0142 si\u0119 pierwszy lot \u015bmig\u0142owca S-70i Black Hawk wyprodukowanego w Polskich Zak\u0142adach Lotniczych w Mielcu.<\/li>\n<li><strong>3 VII <\/strong>Oddano do u\u017cytku przebudowany i zmodernizowany zesp\u00f3\u0142 basen\u00f3w odkrytych MOSiR przy ul. J. Kusoci\u0144skiego i ul. L. Solskiego.<\/li>\n<li><strong>3 VII<\/strong> W Toronto odby\u0142o si\u0119 IV spotkanie mielczan zamieszka\u0142ych w Kanadzie i USA.<\/li>\n<li><strong>4 VII<\/strong> W II turze wybor\u00f3w na prezydenta RP w Mielcu Bronis\u0142aw Komorowski (wybrany na prezydenta RP) otrzyma\u0142 44,28 %, a Jaros\u0142aw Kaczy\u0144ski 55,72 %.<\/li>\n<li><strong>18 VII<\/strong> W inauguracyjnym koncercie XIII MFM \u201eTryptyk Chopinowski\u201d w Sali widowiskowej DK SCK wyst\u0105pili Piotr Paleczny (fortepian) i Polska Orkiestra Sinfonia Iuventus pod dyrekcj\u0105 Tadeusza Wojciechowskiego.<\/li>\n<li><strong>20 VII<\/strong> Podpisano pierwszy kontrakt na \u015bmig\u0142owce S-70i wyprodukowane w mieleckich Polskich Zak\u0142adach Lotniczych. Nabywc\u0105 3 pierwszych \u015bmig\u0142owc\u00f3w by\u0142a Arabia Saudyjska.<\/li>\n<li><strong>20 VII<\/strong> W sali widowiskowej DK SCK odby\u0142 si\u0119 drugi koncert XIII MFM z cyklu \u201eTryptyk Chopinowski\u201d, a wyst\u0105pi\u0142 w nim zesp\u00f3\u0142 Andrzej Jagodzi\u0144ski Trio z jazzowymi interpretacjami mazurk\u00f3w Fryderyka Chopina.<\/li>\n<li><strong>23 VII <\/strong>W trzecim koncercie XIII MFM z cyklu \u201eTryptyk Chopinowski\u201d w sali widowiskowej DK SCK wyst\u0105pili zesp\u00f3\u0142 Lechistan (\u201eChopin\u2019s Makam\u201d) oraz Marek Ba\u0142ata (\u201eChopin Project\u201d).<\/li>\n<li><strong>24 VII<\/strong> Na boiskach sportowych Zespo\u0142u Szk\u00f3\u0142 im. prof. J. Groszkowskiego zorganizowano V edycj\u0119 projektu spo\u0142eczno-kulturalnego M-4 \u2013 Moje Miasto, Moje Miejsce.<\/li>\n<li><strong>VII <\/strong>Film \u201ePraca maszyn\u201d o Mielcu lat 60. i 70. XX w. (autorzy: mielczanie Micha\u0142 i Maciej M\u0105draccy i Szwajcar Gilles Lepore) zosta\u0142 zaprezentowany na Mi\u0119dzynarodowym Festiwalu Film\u00f3w w Marsylii, gdzie zdoby\u0142 Grand Prix.<\/li>\n<li><strong>2 VIII<\/strong> W ramach XIII MFM w ko\u015bciele Matki Bo\u017cej Nieustaj\u0105cej Pomocy wyst\u0105pi\u0142 Ch\u00f3r Kameralny \u201eKij\u00f3w\u201d (Ukraina) pod dyrekcj\u0105 Miko\u0142y Gobdycza.<\/li>\n<li><strong>10 VIII<\/strong> Recital organowy Lady Labziny (Rosja) w ko\u015bciele Matki Bo\u017cej Nieustaj\u0105cej Pomocy by\u0142 kolejnym koncertem XIII MFM.<\/li>\n<li><strong>14 VIII<\/strong> Na ulicach Starego Mielca przeprowadzono 28. Mi\u0119dzynarodowy Memoria\u0142 im. Genera\u0142a W\u0142adys\u0142awa Sikorskiego. W chodzie na dystansie 3 km zwyci\u0119\u017cy\u0142a Paulina Buziak, a na 5 km \u2013 Rafa\u0142 Augustyn.<\/li>\n<li><strong>17 VIII<\/strong> Z Placu Katedralnego w Tarnowie wyruszy\u0142a Pielgrzymka Tarnowska na Jasn\u0105 G\u00f3r\u0119 w Cz\u0119stochowie, w tym wielu mielczan w trzech grupach: 16 (\u015bw. Szymon), 17 (\u015bw. Rafa\u0142) i 18 (\u015bw. Wojciech).<\/li>\n<li><strong>21 VIII<\/strong> Na osiedlu Smoczka otwarto Galeri\u0119 Viva.<\/li>\n<li><strong>24 VIII<\/strong> W sali widowiskowej DK SCK wyst\u0105pi\u0142 z koncertem \u015bwiatowej s\u0142awy tr\u0119bacz jazzowy Tomasz Sta\u0144ko, kt\u00f3remu towarzyszy\u0142 kwartet skandynawskich muzyk\u00f3w. By\u0142 to przedostatni koncert XIII MFM.<\/li>\n<li><strong>26 VIII<\/strong> Mieleckie firmy Polskie Zak\u0142ady Lotnicze \u2013 Sikorsky (inwestor) i Termobud A. J. Kowal (wykonawca) zosta\u0142y laureatami XIV Konkursu \u201eModernizacja Roku 2009\u201d w kategorii \u201eObiekty Przemys\u0142owo-In\u017cynieryjne\u201d za modernizacj\u0119 hali nr 3 PZL w Mielcu.<\/li>\n<li><strong>28-29 VIII<\/strong> W \u201eDniach Mielca\u201d, zorganizowanych na terenach zielonych MOSiR (obok Hotelu Polskiego) wyst\u0105pili m.in.: zespo\u0142y muzyczne Habakuka i Happysad, mieleckie grupy rockowe, Zbigniew Fory\u015b Band, Cezary Pazura z programem satyrycznym i w finale piosenkarka Kayah z zespo\u0142em.<\/li>\n<li><strong>29 VIII<\/strong> Do\u017cynki Powiatowe i Mieleckie Rozmaito\u015bci Folkowe rozpocz\u0119\u0142y si\u0119 Msz\u0105 \u015awi\u0119t\u0105 dzi\u0119kczynn\u0105 w bazylice \u015bw. Mateusza, a nast\u0119pnie przemaszerowano korowodem przez Stary Mielec na stadion MOSiR przy ul. Warszawskiej. Do\u017cynki przebiega\u0142y zgodnie z tradycj\u0105, a nast\u0119pnie rozstrzygni\u0119to szereg konkurs\u00f3w rolniczych. Imprez\u0119 zako\u0144czy\u0142 program artystyczny, w kt\u00f3rym wyst\u0105pili m.in. Orkiestra D\u0119ta Dobrynin, Kapela Drewutnia z Lublina i Big Band z Torokszentmiklos (W\u0119gry).<\/li>\n<li><strong>30-31 VIII<\/strong> W ko\u015bciele Matki Bo\u017cej Nieustaj\u0105cej Pomocy i DK SCK odby\u0142y si\u0119 uroczysto\u015bci.<\/li>\n<li>dla upami\u0119tnienia 600-lecia bitwy pod Grunwaldem i 30-lecia powstania NSZZ \u201eSolidarno\u015b\u0107\u201d.<\/li>\n<li><strong>30 VIII<\/strong> W hali MOSiR odby\u0142 si\u0119 koncert charytatywny zespo\u0142u \u201eSkaldowie\u201d i Ch\u00f3ru Nauczycielskiego \u201eAkord\u201d ZNP i SCK. Doch\u00f3d przeznaczono na leczenie sparali\u017cowanego Paw\u0142a Szkutnickiego.<\/li>\n<li><strong>VIII<\/strong> Kompozycj\u0119 przestrzenn\u0105\u00a0 z samolotem \u201eIryda\u201d umieszczono przy skrzy\u017cowaniu ulic Wolno\u015bci i Powsta\u0144c\u00f3w Warszawy.<\/li>\n<li><strong>7 IX<\/strong> Fina\u0142em XIII MFM by\u0142a Wielka Gala Operowo-Operetkowa w wykonaniu czo\u0142\u00f3wki polskich \u015bpiewak\u00f3w operowych i Orkiestry Filharmonii Rzeszowskiej pod batut\u0105 Miros\u0142awa Jacka B\u0142aszczaka.\u00a0 Gospodarzem koncertu by\u0142 Bogus\u0142aw Kaczy\u0144ski.<\/li>\n<li><strong>IX<\/strong> \u015amig\u0142owiec Black Hawk S-70i wyprodukowany w Mielcu by\u0142 po raz pierwszy eksponowany na Mi\u0119dzynarodowym Salonie Przemys\u0142u Obronnego w Kielcach.<\/li>\n<li><strong>10-11 IX<\/strong> Z okazji 20-lecia Fundacji SOS \u017bycie zorganizowano w Mielcu mi\u0119dzynarodow\u0105 konferencj\u0119 naukowo-szkoleniow\u0105.<\/li>\n<li><strong>11 IX<\/strong> W Jubileuszowym X Samochodowym Rajdzie Mieleckim uczestniczy\u0142y 34 za\u0142ogi.<\/li>\n<li><strong>12 IX<\/strong> W kaplicy \u015bw. Stanis\u0142awa Kostki i przy Sokolni (ul. S. S\u0119kowskiego) odby\u0142y si\u0119 uroczysto\u015bci po\u015bwi\u0119cenia sztandaru Polskiego Towarzystwa Gimnastycznego \u201eSok\u00f3\u0142 1893\u201d i tablicy upami\u0119tniaj\u0105cej 600-lecie bitwy pod Grunwaldem.<\/li>\n<li><strong>20 IX<\/strong> 15-lecie SSE EURO-PARK MIELEC podsumowano uroczysto\u015bci\u0105 w sali widowiskowej DK SCK. Muzycznym upominkiem by\u0142 recital Krystyny Pro\u0144ko.<\/li>\n<li><strong>22 IX<\/strong> Oficjalnie otwarto nowy obiekt gastronomiczny \u201eKarczma Polska\u201d przy ul. Partyzant\u00f3w.<\/li>\n<li><strong>1 X<\/strong> Na alei Niepodleg\u0142o\u015bci zorganizowano XVI Biegi Uliczne o Puchar Prezydenta Miasta Mielca. W biegach g\u0142\u00f3wnych zwyci\u0119\u017cyli Lilia Fiskowich (Mo\u0142dawia) i Tola Bane (Etiopia). Startowa\u0142o oko\u0142o 560 zawodnik\u00f3w.<\/li>\n<li><strong>1 X<\/strong> W sali widowiskowej DK SCK\u00a0 odby\u0142a si\u0119 uroczysto\u015b\u0107 40-lecia dzia\u0142alno\u015bci Pa\u0144stwowej Szko\u0142y Muzycznej I i II stopnia w Mielcu. Jubileuszow\u0105 piosenk\u0119 \u201eCzterdzie\u015bci lat min\u0119\u0142o\u201d za\u015bpiewa\u0142 Andrzej Rosiewicz.<\/li>\n<li><strong>12 X<\/strong> W Muzeum Regionalnym (Pa\u0142acyk Oborskich) otwarto wystaw\u0119 czasow\u0105 \u201eHandel i rzemios\u0142o w Mielcu\u201d.<\/li>\n<li><strong>23 X<\/strong> Uroczy\u015bcie otwarto Centrum Handlowe Smoczka przy ul. W. Szafera.<\/li>\n<li><strong>26 X<\/strong> Film braci M\u0105drackich i G. Lepore \u201ePraca maszyn\u201d o mieleckim przemy\u015ble w latach 60. i 70. otrzyma\u0142 nagrod\u0119 specjaln\u0105 w kategorii \u201eshort\u201d na East Silver Festival 2010 w Jihlavie (Czechy).<\/li>\n<li><strong>31 X<\/strong> Oko\u0142o godz. 14 wybuch\u0142 po\u017car w hurtowni szk\u0142a przy ul. J. Korczaka. W akcji gaszenia bra\u0142o udzia\u0142 20 zast\u0119p\u00f3w stra\u017cy po\u017carnej.<\/li>\n<li><strong>X <\/strong>W og\u00f3lnopolskim rankingu \u201eGazety Prawnej\u201d Gmina Miejska Mielec zaj\u0119\u0142a 7. miejsce (wska\u017anik: pozyskiwanie funduszy UE na 1 mieszka\u0144ca).<\/li>\n<li><strong>X<\/strong> Siedzib\u0119 KH ZHP przeniesiono z pawilonu przy ul. A. Asnyka 2 do pawilonu MOSiR przy ul. J. Kusoci\u0144skiego, obok zespo\u0142u basen\u00f3w odkrytych.<\/li>\n<li><strong>X-XI<\/strong> Rozebrano budynek dawnego szpitala p\u0142ucnego przy ul. E. Biernackiego.<\/li>\n<li><strong>11 XI<\/strong> Tradycyjne uroczysto\u015bci z okazji \u015awi\u0119ta Niepodleg\u0142o\u015bci przy pomniku Wolno\u015bci wzbogacono o widowisko historyczne z okazji 540. rocznicy lokacji miasta Mielca w wykonaniu Chor\u0105gwi Rycerstwa Ziemi Sandomierskiej. W czasie uroczysto\u015bci sk\u0142adania kwiat\u00f3w zaskoczeniem dla niemal wszystkich obecnych by\u0142o z\u0142o\u017cenie wie\u0144ca przez by\u0142ego wicepremiera RP Andrzeja Leppera z \u201eSamoobrony\u201d.<\/li>\n<li><strong>15 XI<\/strong> Na mieleckim lotnisku \u015bmig\u0142owiec S-70i Black Hawk (drugi wykonany w PZL Mielec) wykona\u0142 pierwszy lot w Polsce. (Pierwszy w Polsce nie lata\u0142.)<\/li>\n<li><strong>19-21 XI<\/strong> W DK SCK odby\u0142 si\u0119 IV Og\u00f3lnopolski Festiwal Ta\u0144ca Wsp\u00f3\u0142czesnego. Fina\u0142em imprezy by\u0142 spektakl \u201eZap\u0119tlona\u201d w wykonaniu Laboratorium Choreograficznego \u015al\u0105skiego Teatru Ta\u0144ca w Bytomiu.<\/li>\n<li><strong>21 XI<\/strong> W I turze wybor\u00f3w samorz\u0105dowych wybrano 23-osobow\u0105 Rad\u0119 Miejsk\u0105 oraz 2 kandydat\u00f3w na prezydenta miasta Mielca \u2013 Janusza Chodorowskiego i Krzysztofa Popio\u0142ka.<\/li>\n<li><strong>27-28 XI<\/strong> W hali MOSiR rozegrano dwa towarzyskie mecze mi\u0119dzypa\u0144stwowe w pi\u0142ce r\u0119cznej kobiet\u00a0 Polska \u2013 Turcja 29:28 i 35:21.<\/li>\n<li><strong>5 XII<\/strong> W II turze wybor\u00f3w samorz\u0105dowych na prezydenta miasta Mielca w kadencji 2010-2014 wybrano Janusza Chodorowskiego. (To kolejna pi\u0105ta kadencja prezydenta J. Chodorowskiego.)<\/li>\n<li><strong>14 XII<\/strong> Ukaza\u0142 si\u0119 1000 numer Tygodnika Regionalnego \u201eKorso\u201d.<\/li>\n<\/ul>\n<p><strong>2011<\/strong><\/p>\n<ul>\n<li><strong>4 I <\/strong>Tysi\u0105ce mielczan ogl\u0105da\u0142o cz\u0119\u015bciowe za\u0107mienie S\u0142o\u0144ca (70%). Obserwacj\u0119 utrudnia\u0142y przemieszczaj\u0105ce si\u0119 chmury.<strong> \u00a0<\/strong><\/li>\n<li><strong>15 I <\/strong>W ko\u015bciele MBNP wyst\u0105pi\u0142 z koncertem kol\u0119d Reprezentacyjny Zesp\u00f3\u0142 Artystyczny Wojska Polskiego.<\/li>\n<li><strong>I <\/strong>Firma Tamex z Warszawy rozpocz\u0119\u0142a przebudow\u0119 i modernizacj\u0119 stadionu MOSiR (dawniej FKS Stal Mielec) przy ul. L. Solskiego.<\/li>\n<li><strong>I<\/strong> Miejska Komunikacja Samochodowa Sp. z o.o. wprowadzi\u0142a szereg nowo\u015bci, m.in. tablice elektroniczne na przystankach i e-karty (zamiast bilet\u00f3w papierowych).<\/li>\n<li><strong>2 II<\/strong> Koncertem w wykonaniu pianist\u00f3w: Jakuba Kitowskiego, Krzysztofa Ksi\u0105\u017cka, Romana Sevostyanova (Rosja) i Jurgisa Aleknaviciusa (Litwa) oraz Lwowskiej Narodowej Orkiestry Symfonicznej Akademii Muzycznej im. M. \u0141ysenki pod dyrekcj\u0105 Igora Pylatyuka, zainaugurowano w sali widowiskowej SCK Mi\u0119dzynarodowy Rok Liszta w Mielcu.<\/li>\n<li><strong>13 II<\/strong> Miss Mielca 2011 zosta\u0142a Adrianna Mazur.<\/li>\n<li><strong>II<\/strong> ZOD AGH Krak\u00f3w w Mielcu zainaugurowa\u0142 dzia\u0142alno\u015b\u0107 w wyremontowanym i dostosowanym do potrzeb uczelni budynku przy ul. M. Sk\u0142odowskiej-Curie.<\/li>\n<li><strong>III<\/strong> Samorz\u0105d miasta Mielca udost\u0119pni\u0142 w budynku Urz\u0119du Miejskiego i obok budynku (jako pierwszy w mie\u015bcie) bezp\u0142atny dost\u0119p do bezprzewodowej sieci internetowej.<\/li>\n<li><strong>15 III<\/strong> Na lotnisku w Mielcu odby\u0142o si\u0119 pierwsze w Polsce l\u0105dowanie na lotnisku niekontrolowanym wed\u0142ug procedury APV-I.<\/li>\n<li><strong>24 III<\/strong> SSE EURO-PARK MIELEC wizytowa\u0142a senacka Komisja Gospodarki Narodowej.<\/li>\n<li><strong>30 III<\/strong> Polskie Zak\u0142ady Lotnicze w Mielcu przekaza\u0142y polskiemu wojsku pierwszy (z o\u015bmiu zam\u00f3wionych) samolot M28B\/PT (\u201eBryza\u201d).<\/li>\n<li><strong>5 IV<\/strong> Otwarto Galeri\u0119 Handlow\u0105 AURA przy zbiegu ul. E. Biernackiego i al. Niepodleg\u0142o\u015bci.<\/li>\n<li><strong>6 IV<\/strong> Na terenie SSE przy ul. COP otwarto fabryk\u0119 Husquarna \u2013 \u015bwiatowego potentata w produkcji urz\u0105dze\u0144 mechanicznych.<\/li>\n<li><strong>8 IV<\/strong> W galerii Domu Kultury SCK otwarto wystaw\u0119 z okazji 40-lecia mieleckiego Oddzia\u0142u PTTK.<\/li>\n<li><strong>10 IV<\/strong> W bazylice mniejszej \u015bw. Mateusza i na cmentarzu komunalnym odby\u0142y si\u0119 uroczysto\u015bci upami\u0119tniaj\u0105ce 1. rocznic\u0119 katastrofy lotniczej ko\u0142o Smole\u0144ska i 71. rocznic\u0119 zbrodni katy\u0144skiej.<\/li>\n<li><strong>28 IV <\/strong>\u00a0Mielczaninem Roku 2010 w plebiscycie TR \u201eKorso\u201d zosta\u0142 Antoni Wery\u0144ski, przedsi\u0119biorca i prezes SPR Tauron Stal Mielec.<\/li>\n<li><strong>30 IV \u2013 2 V<\/strong>\u00a0 W partnerskim mie\u015bcie niemieckim L\u00f6hne odby\u0142y si\u0119 \u201eDni Kultury Mielca\u201d. Zaprezentowa\u0142y si\u0119: Ch\u00f3r \u201eAkord\u201d ZNP (dyrygent Pawe\u0142 Lis), Zesp\u00f3\u0142 Muzyki Dawnej \u201eHortus Musicus\u201d (instruktor Tomasz Nowakowski), Grupa Ta\u0144ca \u201eBez Nazwy\u201d (instruktor Joanna Lonczak), Stowarzyszenie j\u2019ART-e i Grupa Literacka \u201eS\u0142owo\u201d. Ponadto zorganizowano wystawy: \u201eMielec wczoraj i dzi\u015b. \u015aladami starej fotografii\u201d (Mielecka Grupa Fotograficzna), \u201eDawne aparaty fotograficzne\u201d (Muzeum Regionalne), \u201ePolski blues\u201d (malarstwo Edwarda Kocia\u0144skiego i Grzegorza Cebuli) i filatelistyczn\u0105 (ze zbior\u00f3w Jerzego Klementowskiego.<\/li>\n<li><strong>2 V <\/strong>Z okazji beatyfikacji Jana Paw\u0142a II na scenie Domu Kultury SCK odby\u0142 si\u0119 spektakl teatralny \u201eHiob\u201d wed\u0142ug poematu Karola Wojty\u0142y w wykonaniu Lwowskiego Teatru Woskresinnia.<\/li>\n<li><strong>19 V<\/strong> W Muzeum Regionalnym (Pa\u0142acyk Oborskich) otwarto wystaw\u0119\u00a0\u201eWszystko, co nasze Polsce oddamy \u2013 w 100 lecie skautingu i harcerstwa w Mielcu. 1911 \u2013 2011\u201d<\/li>\n<li><strong>29 V<\/strong> W Pa\u0142acyku Oborskich \u2013 Muzeum Regionalnym samorz\u0105d miasta Mielca (reprezentowany przez prezydenta miasta Janusza Chodorowskiego) podpisa\u0142 umow\u0119 partnersk\u0105 z francuskim miastem Morlaix oraz gminami Saint-Martin-des-Champs i Saint Thegonnec.<\/li>\n<li><strong>4 VI<\/strong> Zak\u0142ady Elektroniki i Mechaniki Precyzyjnej R&amp;G Sp. z o.o. obchodzi\u0142y 20-lecie dzia\u0142alno\u015bci.<\/li>\n<li><strong>4 VI<\/strong> Biskup tarnowski dr Wiktor Skworc dokona\u0142 konsekracji ko\u015bcio\u0142a Matki Bo\u017cej Nieustaj\u0105cej Pomocy.<\/li>\n<li><strong>20-26 VI<\/strong> W czasie Air Show Paris na lotnisku Le Bourget firma Sikorsky zaprezentowa\u0142a \u015bmig\u0142owiec S-70i Black Hawk zmontowany w Polskich Zak\u0142adach w Mielcu.<\/li>\n<li><strong>2 VII <\/strong>W koncercie inauguracyjnym XIV Mi\u0119dzynarodowego Festiwalu Muzycznego na scenie Domu Kultury SCK wyst\u0105pi\u0142a Maja Sikorowska z zespo\u0142em Korke.<\/li>\n<li><strong>2 VII <\/strong>W Domu Polskim Zwi\u0105zku Narodowego Polskiego w Toronto odby\u0142o si\u0119 tradycyjne coroczne spotkanie mielczan zamieszka\u0142ych w Kanadzie i USA.<\/li>\n<li><strong>VII <\/strong>W budynku Nadle\u015bnictwa Mielec przy ul. Partyzant\u00f3w otwarto Powiatowe Centrum Edukacji Przyrodniczo-Le\u015bnej.<\/li>\n<li><strong>VII<\/strong> Zesp\u00f3\u0142 SMS Stal Mielec (rocznik 1998) wygra\u0142 mi\u0119dzynarodowy turniej pi\u0142ki no\u017cnej \u201eLisboa Cup 2012\u201d w kategorii B. Trenerem zespo\u0142u by\u0142 Pawe\u0142 Mrozik.<\/li>\n<li><strong>12 VII<\/strong> W ko\u015bciele Matki Bo\u017cej Nieustaj\u0105cej Pomocy odby\u0142 si\u0119 koncert organowy \u015bwiatowej s\u0142awy organistki Gail Archer (USA) w ramach XIV MFM w Mielcu.<\/li>\n<li><strong>15 VII<\/strong> Na placu za g\u0142\u00f3wn\u0105 bram\u0105 wjazdow\u0105 do SSE EURO-PARK MIELEC uroczy\u015bcie ods\u0142oni\u0119to tablic\u0119 upami\u0119tniaj\u0105c\u0105 katastrof\u0119 lotnicz\u0105 12 VII 2001 r. w Wenezueli, w kt\u00f3rej zgin\u0119\u0142o m.in. pi\u0119ciu mielczan.<\/li>\n<li><strong>18 VII <\/strong>W sali widowiskowej Domu Kultury SCK odby\u0142 si\u0119 kolejny koncert XIV MFM, kt\u00f3rego wykonawcami byli Micha\u0142 Urbaniak i zesp\u00f3\u0142 oraz O.S.T.R.<\/li>\n<li><strong>23 VII<\/strong> Na placu zabaw przy zbiegu ulic Kazimierza Wielkiego i Wolno\u015bci Stowarzyszenie Kulturalne j\u2019ARTE zorganizowa\u0142o VI edycj\u0119 M4 \u2013 Moje Miasto Moje Miejsce pod has\u0142em \u201eMielec \u017c\u0105da dost\u0119pu do morza\u201d.<\/li>\n<li><strong>VIII <\/strong>\u00a0W ramach XIV MFM w ko\u015bciele Matki Bo\u017cej Nieustaj\u0105cej Pomocy z koncertem \u201eNieszpory Polskie\u201d wyst\u0105pi\u0142y: Polska Orkiestra XVIII wieku \u201eCantores Minores Wratislavienes\u201d i Grupa Chora\u0142owa \u201eKalophonia\u201d (Ukraina). Dyrygowa\u0142 Paul Esswood (Wielka Brytania).<\/li>\n<li><strong>16 VIII<\/strong> Kolejnym koncertem XIV MFM w Mielcu by\u0142 recital organowy Marka Kudlickiego w ko\u015bciele Matki Bo\u017cej Nieustaj\u0105cej Pomocy.<\/li>\n<li><strong>VIII<\/strong> Decyzj\u0105 w\u0142adz powiatu mieleckiego po\u0142\u0105czono Zesp\u00f3\u0142 Szk\u00f3\u0142 Specjalnych im. J. Korczaka ze Specjalnym O\u015brodkiem Szkolno-Wychowawczym im. Kr\u00f3lowej Jadwigi. Na siedzib\u0119 po\u0142\u0105czonych plac\u00f3wek przeznaczono rozbudowywany i modernizowany zesp\u00f3\u0142 obiekt\u00f3w SOSW przy ul. Kr\u00f3lowej Jadwigi.<\/li>\n<li><strong>VIII<\/strong>\u00a0 Zesp\u00f3\u0142 U-14 SMS Mielec zwyci\u0119\u017cy\u0142 w \u0141odzi w turnieju Nike Premier Cup 2011\u00a0 (nieoficjalne mistrzostwa Polski w kategorii 14 lat). Trenerem zespo\u0142u by\u0142 \u0141ukasz Ko\u015bcielski.<\/li>\n<li><strong>23 VIII<\/strong> W ko\u015bciele Matki Bo\u017cej Nieustaj\u0105cej Pomocy odby\u0142 si\u0119 koncert Ch\u00f3ru Kameralnego \u201eSakhioba\u201d (Gruzja) w ramach XIV MFM.<\/li>\n<li><strong>26 VIII<\/strong> Z okazji \u015awi\u0119ta Lotnictwa odby\u0142y si\u0119: w Sali Kr\u00f3lewskiej PSM\u00a0 I i II st. &#8211; \u201eSpotkanie lotniczych pokole\u0144\u201d , a w budynku i ogrodzie ZNP &#8211; \u201eBiesiada lotnicza\u201d.<\/li>\n<li><strong>27 VIII<\/strong> Otwarto nowy dworzec autobusowy przy ul. Kazimierza Jagiello\u0144czyka. Jego u\u017cytkownikiem zosta\u0142a firma przewozowa Veolia.<\/li>\n<li><strong>27-28 VIII<\/strong> Na terenach rekreacyjnych MOSiR odby\u0142 si\u0119 cykl imprez w ramach \u201eDni Mielca\u201d.<\/li>\n<li>G\u0142\u00f3wn\u0105 atrakcj\u0105 by\u0142 niedzielny koncert kontrowersyjnej piosenkarki Dody (z zespo\u0142em) przy rekordowej frekwencji (oko\u0142o 40 tysi\u0119cy).<\/li>\n<li><strong>27-28 VIII<\/strong> ZPiT Rzeszowiacy wyst\u0105pi\u0142 na Mi\u0119dzynarodowym Festiwalu Folklorystycznym Warsfolk w Warszawie.<\/li>\n<li><strong>28 VIII<\/strong> Na boisku sportowym MOSiR przy ul. J. Kili\u0144skiego odby\u0142y si\u0119 Do\u017cynki Powiatowe.<\/li>\n<li><strong>1 IX <\/strong>Fina\u0142em XIV MFM by\u0142 koncert plenerowy (na estradzie przed Domem Kultury SCK) w wykonaniu zespo\u0142u \u201eGenesis Klassik\u201d z Rayem Wilsonem i the Berlin Symphony Ensemble.<strong>\u00a0\u00a0\u00a0\u00a0 <\/strong><\/li>\n<li><strong>3 IX <\/strong>Na terenie Rodzinnego Ogrodu Dzia\u0142kowego Solidarno\u015b\u0107 przy ul. J. Kili\u0144skiego odby\u0142a si\u0119 uroczysto\u015b\u0107 30-lecia funkcjonowania tego Ogrodu.<\/li>\n<li><strong>4 IX<\/strong> Po zako\u0144czeniu remontu i modernizacji rynku Starego Mielca odby\u0142a si\u0119 uroczysto\u015b\u0107 \u201eMielecki Rynek otwarty na XXI wiek\u201d. Cz\u0119\u015b\u0107 I stanowi\u0142o widowisko historyczne o pocz\u0105tkach miasta Mielca, a w cz\u0119\u015bci II wyst\u0105pili z koncertem czo\u0142owi polscy arty\u015bci operowi.<\/li>\n<li><strong>IX<\/strong> W parku przy zamku w Przec\u0142awiu uroczy\u015bcie obchodzono 40-lecie rozpocz\u0119cia seryjnej produkcji mieleckiego pojazdu elektrycznego Melex.<\/li>\n<li><strong>IX<\/strong>\u00a0\u00a0\u00a0\u00a0\u00a0\u00a0 W Gimnazjum nr 4 odby\u0142o si\u0119 spotkanie rzecznika praw dziecka \u2013 Marka Michalaka z m\u0142odzie\u017c\u0105, przedstawicielami samorz\u0105d\u00f3w oraz pedagogami.<\/li>\n<li><strong>7 IX <\/strong>W mieleckich Polskich Zak\u0142adach Lotniczych i PZL Cagro przebywa\u0142 z wizyt\u0105 minister obrony Tomasz Siemoniak.<\/li>\n<li><strong>9 IX<\/strong> Otwarto wyremontowan\u0105 i zmodernizowan\u0105 \u201eJadern\u00f3wk\u0119\u201d \u2013 fili\u0119 Muzeum Regionalnego w Mielcu. W uroczysto\u015bci wzi\u0119\u0142a udzia\u0142 delegacja partnerskiego miasta L\u00f6hne.<\/li>\n<li><strong>23 IX<\/strong> Zako\u0144czono remont wiaduktu. W uroczysto\u015bci oddania do u\u017cytku uczestniczyli m.in. marsza\u0142ek Sejmu Grzegorz Schetyna, parlamentarzy\u015bci i przedstawiciele samorz\u0105d\u00f3w wszystkich szczebli.<\/li>\n<li><strong>24 IX<\/strong> W ramach Og\u00f3lnopolskiego Forum Integracji Spo\u0142ecznej w Zakopanem honorowy tytu\u0142 \u201eSamorz\u0105d R\u00f3wnych Szans 2011\u201d otrzyma\u0142 samorz\u0105d powiatu mieleckiego.<\/li>\n<li><strong>27 IX<\/strong> Oddano do u\u017cytku (po remoncie i modernizacji) ul. Wolno\u015bci \u2013 najd\u0142u\u017csz\u0105 ulic\u0119 w Mielcu.<\/li>\n<li><strong>28 IX<\/strong> Zako\u0144czono termomodernizacj\u0119 i budow\u0119 w\u0142asnego \u017ar\u00f3d\u0142a ogrzewania w Zespole Szk\u00f3\u0142 Technicznych w Mielcu \u2013 prekursorskie w skali kraju przedsi\u0119wzi\u0119cie.<\/li>\n<li><strong>30 IX <\/strong>Premier RP Donald Tusk z\u0142o\u017cy\u0142 wizyt\u0119 w Polskich Zak\u0142adach Lotniczych w Mielcu.<\/li>\n<li><strong>7 X <\/strong>Na alei Niepodleg\u0142o\u015bci przeprowadzono XVII Biegi Uliczne o Puchar Prezydenta Mielca. W biegach g\u0142\u00f3wnych zwyci\u0119\u017cyli Lidia Fiskowicz (Mo\u0142dawia) i Artur Kern (Hrubiesz\u00f3w). Og\u00f3\u0142em w 14 biegach startowa\u0142o oko\u0142o 600 os\u00f3b.<\/li>\n<li><strong>7-8 X<\/strong> W Inkubatorze Nowych Technologii INTECH przy ul. Wojska Polskiego 9 odby\u0142 si\u0119 pierwszy w Mielcu Festiwal Nauki i Techniki.<\/li>\n<li><strong>9 X<\/strong> W wyborach parlamentarnych w okr\u0119gu rzeszowsko-tarnobrzeskim mandaty poselskie powierzono m.in. mielczanom Krystynie Skowro\u0144skiej (PO) i Krzysztofowi Popio\u0142kowi (PiS), a na senatora wybrano m.in. mielczanina W\u0142adys\u0142awa Ortyla.<\/li>\n<li><strong>14 X <\/strong>W czasie I etapu wyprawy lotniczej \u201eJesie\u0144 w Karpatach\u201d, rozpoczynaj\u0105cej si\u0119 w Mielcu, w okolicach Biecza rozbi\u0142 si\u0119 samolot \u201eZodiak\u201d. Zgin\u0119\u0142o ma\u0142\u017ce\u0144stwo stanowi\u0105ce za\u0142og\u0119.<\/li>\n<li><strong>26 X<\/strong> W czasie dorocznej uroczysto\u015bci w \u201eJadern\u00f3wce\u201d Honorowe Nagrody Albertus otrzymali Edward \u017byrkowski i Tadeusz P\u0142eszka, a nagrod\u0119 Albertusa \u2013 Marek Skalski i Zesp\u00f3\u0142 Muzyki Dawnej \u201eHortus Musicus\u201d.<\/li>\n<li><strong>29 X<\/strong> W czasie gali \u201ePolska Przedsi\u0119biorczo\u015b\u0107\u201d w Warszawie prezydent Mielca Janusz Chodorowski odebra\u0142 Z\u0142ot\u0105 Statuetk\u0119 za I miejsce Mielca w konkursie \u201eSamorz\u0105d Przyjazny Przedsi\u0119biorczo\u015bci\u201d.<\/li>\n<li><strong>9 XI <\/strong>Odby\u0142a si\u0119 prezentacja przekazanego do u\u017cytku heliportu przy Szpitalu Powiatowym.<\/li>\n<li><strong>13 XI<\/strong> Na stadionie g\u0142\u00f3wnym MOSiR (dawniej FKS Stal Mielec) przy ul. L. Solskiego rozegrano ostatni mecz przed przebudow\u0105 i modernizacj\u0105 stadionu. W ramach rozgrywek III ligi Stal Mielec pokona\u0142a Stal Sanok 1:0.<\/li>\n<li><strong>15 XI <\/strong>W czasie uroczysto\u015bci w sali obrad Rady Miejskiej i ko\u015bciele MBNP biskup tarnowski dr Wiktor Skworc przekaza\u0142 decyzj\u0119 Stolicy Apostolskiej o obwo\u0142aniu MBNP patronk\u0105 miasta Mielca. Sta\u0142o si\u0119 to na wniosek TMZM i Rady Miejskiej.<\/li>\n<li><strong>30 XI<\/strong> Otwarto pierwszy w Mielcu bar sieci McDonald\u2019s przy ul. S. Moniuszki.<\/li>\n<li><strong>11 XII<\/strong> Na placu przy ko\u015bciele Ducha \u015awi\u0119tego odby\u0142 si\u0119 IV Jarmark \u015awi\u0105teczny. W ko\u015bciele wyst\u0105pili: orkiestra d\u0119ta Arioso, miejscowy ch\u00f3r parafialny i zesp\u00f3\u0142 wokalny Mistic.<\/li>\n<li><strong>XII<\/strong> Okoliczno\u015bciow\u0105 wystaw\u0105 \u201eSzepty duszy\u201d i uroczystym spotkaniem w Centrum Wystawienniczo-Promocyjnym SCK uczczono 30-lecie Klubu \u015arodowisk Tw\u00f3rczych w Mielcu.<\/li>\n<li><strong>20 XII<\/strong> W sali widowiskowej Domu Kultury SCK odby\u0142o si\u0119 Tradycyjne Spotkanie \u015awi\u0105teczno-Noworoczne, a w jego ramach koncert \u201e\u015awi\u0105teczne tradycje d\u017awi\u0119kiem pisane\u201d\u00a0 w wykonaniu Justyny Steczkowskiej i zespo\u0142u rodze\u0144stwa Steczkowskich.<\/li>\n<li><strong>22 XII<\/strong> Na placu AK harcerze z mieleckiego Hufca ZHP przekazali mieszka\u0144com Mielca Betlejemskie \u015awiat\u0142o Pokoju.<\/li>\n<li><strong>XII <\/strong>Wykonano modernizacj\u0119 urz\u0105dze\u0144 kina \u201eGalaktyka\u201d w DK SCK pod potrzeby wy\u015bwietlania film\u00f3w w technice 3D.<\/li>\n<\/ul>\n<p><strong>2012<\/strong><\/p>\n<ul>\n<li><strong>1 I <\/strong>Nowy Rok powitano pokazem sztucznych ogni nad placem AK.<\/li>\n<li><strong>6 I<\/strong> \u201eKoncertem Noworocznym\u201d w wykonaniu Mieleckiej Orkiestry Kameralnej rozpocz\u0119to sezon artystyczny w Domu Kultury SCK.<\/li>\n<li><strong>8 I<\/strong> W XX Finale Wielkiej Orkiestry \u015awi\u0105tecznej Pomocy w Mielcu zebrano oko\u0142o 89 tysi\u0119cy z\u0142otych.<\/li>\n<li><strong>9 I <\/strong>Na terenie Mielca rozpocz\u0119to inwentaryzacj\u0119 wyrob\u00f3w azbestowych, kt\u00f3re ze wzgl\u0119du na szkodliwo\u015b\u0107 dla zdrowia b\u0119d\u0105 sukcesywnie utylizowane.<strong> \u00a0<\/strong><\/li>\n<li><strong>13 I<\/strong> W zmodernizowanej Galerii SCK odby\u0142 si\u0119 wernisa\u017c wystawy Stowarzyszenia Tw\u00f3rc\u00f3w Kultury Plastycznej im. J. Stanis\u0142awskiego w Mielcu.<\/li>\n<li><strong>13-14 I <\/strong>W Domu Kultury SCK odby\u0142 si\u0119 II Festiwal Nauki i Techniki, organizowany przez CKPiDN i MARR SA. Festiwalowi towarzyszy\u0142y obchody 20-lecia Agencji Rozwoju Regionalnego MARR SA.<\/li>\n<li><strong>14 I <\/strong>W ko\u015bciele Matki Bo\u017cej Nieustaj\u0105cej Pomocy we wsp\u00f3lnym koncercie \u201eMieleckie kol\u0119dowanie\u201d wyst\u0105pi\u0142y mieleckie ch\u00f3ry i zespo\u0142y instrumentalne oraz go\u015bcinnie ch\u00f3r \u201eGloria\u201d z Brzezin.<\/li>\n<li><strong>19 I<\/strong> W ko\u015bciele Matki Bo\u017cej Nieustaj\u0105cej Pomocy odby\u0142 si\u0119 koncert kol\u0119d i pastora\u0142ek w wykonaniu Golec uOrkiestry.<\/li>\n<li><strong>29 I<\/strong> W plebiscycie Tygodnika Regionalnego \u201eKorso\u201d Sportowcem Mielca 2011 zosta\u0142 Grzegorz Sobut, a Trenerem Roku \u2013 Ryszard Skutnik \u2013 obaj z ekstraklasowego zespo\u0142u pi\u0142ki r\u0119cznej SPR Stal Mielec. Talentem Roku uznano Konrada Hendzela \u2013 p\u0142ywaka z MKS \u201eIkar\u201d Mielec.<\/li>\n<li><strong>12 II<\/strong> W czasie gali fina\u0142owej Miss Mielca-2012 w sali widowiskowej DK SCK miss zosta\u0142a wybrana Izabela Ejnik.<\/li>\n<li><strong>4 III<\/strong> W sali gimnastycznej Szko\u0142y Podstawowej nr 11 odby\u0142 si\u0119 Og\u00f3lnopolski Turniej Ta\u0144ca Towarzyskiego o Puchar Prezydenta Miasta Mielca. Startowa\u0142o 270 par.<\/li>\n<li><strong>9 III<\/strong> W Galerii DK SCK otwarto wystaw\u0119 \u201eMalarskie \u015bwiaty Wojciecha Weissa\u201d, a w \u201eJadern\u00f3wce\u201d &#8211; filii Muzeum Regionalnego \u2013 otwarcie wystawy \u201eZag\u0142ada \u017byd\u00f3w mieleckich\u201d po\u0142\u0105czono z promocj\u0105 ksi\u0105\u017cki o tym samym tytule.<\/li>\n<li><strong>III<\/strong> W Szpitalu Powiatowym uruchomiono Oddzia\u0142 Chirurgii Naczyniowej.<\/li>\n<li><strong>III<\/strong> W zespole pawilon\u00f3w przy ul. H. Sienkiewicza 12 otwarto Centrum Chi\u0144skie DELIR.<\/li>\n<li><strong>IV<\/strong> Zesp\u00f3\u0142 uczni\u00f3w z II Liceum Og\u00f3lnokszta\u0142c\u0105cego im. M. Kopernika wygra\u0142 og\u00f3lnopolski etap konkursu \u201eOdyseja Umys\u0142u\u201d.<\/li>\n<li><strong>10 IV<\/strong> W bazylice mniejszej \u015bw. Mateusza i przy \u015acianie Katy\u0144skiej oraz na cmentarzu komunalnym przy mogile Leszka Deptu\u0142y odby\u0142y si\u0119 uroczysto\u015bci 2. rocznicy katastrofy lotniczej pod Smole\u0144skiem.<\/li>\n<li><strong>20-21 IV<\/strong> I Liceum Og\u00f3lnokszta\u0142c\u0105ce im. S. Konarskiego by\u0142o gospodarzem 33. Zjazdu Stowarzyszenia na Rzecz Najstarszych Szk\u00f3\u0142 w Polsce.<\/li>\n<li><strong>22 IV<\/strong> W 16. edycji plebiscytu Tygodnika Regionalnego Korso Mielczaninem Roku 2011 zosta\u0142 Czes\u0142aw Kolisz \u2013 za\u0142o\u017cyciel i prezes firmy \u201eAnkol\u201d. Gala konkursowa odby\u0142a si\u0119 w Night Clubie w Hotelu Polskim.<\/li>\n<li><strong>25 IV<\/strong> W rozegranym w hali MOSiR towarzyskim mi\u0119dzypa\u0144stwowym meczu pi\u0142ki siatkowej kobiet Rosja pokona\u0142a Chorwacj\u0119 3:0. Oba zespo\u0142y przygotowywa\u0142y si\u0119 w Polsce do turnieju kwalifikacyjnego do Igrzysk Olimpijskich w Londynie.<\/li>\n<li><strong>26 IV<\/strong> Podkarpacki Zarz\u0105d Dr\u00f3g Wojew\u00f3dzkich przekaza\u0142 plac budowy I etapu obwodnicy Mielca (od drogi wojew\u00f3dzkiej Mielec-Kolbuszowa do drogi powiatowej Mielec-Szyd\u0142owiec) wykonawcy \u2013 firmie \u201eBudimex\u201d.<\/li>\n<li><strong>28 IV<\/strong> Specjalistyczna firma rozpocz\u0119\u0142a rozminowywanie terenu przeznaczonego pod budow\u0119 obwodnicy Mielca. (W czasie II wojny \u015bwiatowej by\u0142 tam niemiecki poligon wojskowy, a po wojnie przez wiele lat czynny by\u0142 poligon Wojska Polskiego.) W pierwszym dniu znaleziono 250-kilogramow\u0105 bomb\u0119 lotnicz\u0105, a w kolejnych dniach nast\u0119pne.<\/li>\n<li><strong>IV<\/strong> Prezydent miasta Mielca Janusz Chodorowski i Gmina Miejska Mielec zostali umieszczeni na 2. miejscu w woj. podkarpackim w rankingu Samorz\u0105dowy Mened\u017cer Regionu sporz\u0105dzonym przez dziennik \u201ePuls Biznesu\u201d i agencj\u0119 badawcz\u0105 TNS Pentor.<\/li>\n<li><strong>IV<\/strong> Agencja Rozwoju Regionalnego MARR SA powr\u00f3ci\u0142a do wyremontowanej modernistycznej siedziby przy ul. F. Chopina.<\/li>\n<li><strong>IV<\/strong> Na podstawie wynik\u00f3w centralnego Turnieju Budowlanego \u201eZ\u0142ota Kielnia\u201d w Piotrkowie Trybunalskim Zesp\u00f3\u0142 Szk\u00f3\u0142 Budowlanych im. \u017bo\u0142nierzy AK w Mielcu zosta\u0142 uznany za najlepsz\u0105 w Polsce szko\u0142\u0119 kszta\u0142c\u0105c\u0105 w zawodach budowlanych.<\/li>\n<li><strong>3 V<\/strong> \u015awi\u0119to Narodowe 3 Maja uczczono Msz\u0105 \u015awi\u0119t\u0105 w bazylice \u015bw. Mateusza, przemarszem przez miasto i uroczystym z\u0142o\u017ceniem kwiat\u00f3w przed pomnikiem Wolno\u015bci. Uroczysto\u015b\u0107 u\u015bwietni\u0142y Orkiestra D\u0119ta Dobrynin i m\u0142odzie\u017c Zespo\u0142u Szk\u00f3\u0142 Ekonomicznych z monta\u017cem s\u0142owno-muzycznym.<\/li>\n<li><strong>3 V<\/strong> Z okazji \u015awi\u0119ta Narodowego 3 Maja w sali widowiskowej DK SCK odby\u0142 si\u0119 koncert Zespo\u0142\u00f3w Pie\u015bni i Ta\u0144ca \u201eLasowiacy\u201d ze Stalowej Woli i \u201eRzeszowiacy\u201d z Mielca.<\/li>\n<li><strong>8 V<\/strong> Dla uczczenia 67. rocznicy zwyci\u0119stwa nad hitlerowskimi Niemcami przed Tablicami Pami\u0119ci Narodowej przy Szkole Podstawowej nr 3 im. Wojska Polskiego odby\u0142a si\u0119 okoliczno\u015bciowa uroczysto\u015b\u0107.<\/li>\n<li><strong>11 V<\/strong> W sali widowiskowej DK SCK odby\u0142 si\u0119 benefis z okazji 40-lecia tw\u00f3rczo\u015bci artystycznej Jerzego Mamcarza \u2013 mieleckiego barda i poety, zwi\u0105zanego z krakowsk\u0105 \u201ePiwnic\u0105 pod Baranami\u201d, a p\u00f3\u017aniej ze scenami warszawskimi. Obok jubilata wyst\u0105pili m.in. Marek Ba\u0142ata, Olgierd \u0141ukaszewicz, Zbigniew Zamachowski i mieleccy piosenkarze.<\/li>\n<li><strong>13 V<\/strong> Z okazji inauguracji obchod\u00f3w 40-lecia Automobilklubu Mieleckiego zorganizowano I Mielecki Zlot Pojazd\u00f3w Zabytkowych. Udzia\u0142 wzi\u0119\u0142y 33 samochody i 5 motocykli.<\/li>\n<li><strong>18 V<\/strong> W siedzibie Pa\u0144stwowej Stra\u017cy Po\u017carnej przy ul. H. Sienkiewicza odby\u0142y si\u0119 uroczysto\u015bci 20-lecia powo\u0142ania PSP.<\/li>\n<li><strong>17-19 V<\/strong> Orkiestra PSM I i II st. w Mielcu pod dyrekcj\u0105 Ryszarda Kuska uczestniczy\u0142a w XI Europejskim Festiwalu M\u0142odzie\u017cy Europy \u2013 Allegro-Mosso 2012 w Rimini (W\u0142ochy).<\/li>\n<li><strong>19 V<\/strong> W trzecim meczu o miejsca III-IV mistrzostw Polski w pi\u0142ce r\u0119cznej m\u0119\u017cczyzn w sezonie 2011\/2012, rozegranym w hali MOSiR w Mielcu, dru\u017cyna Tauron Stal Mielec zwyci\u0119\u017cy\u0142a MMTS Kwidzyn 33:27 i zdoby\u0142a br\u0105zowy medal.<\/li>\n<li><strong>19 V<\/strong> W programie Europejskiej Nocy Muze\u00f3w Muzeum Regionalne w Mielcu przedstawi\u0142o w Pa\u0142acyku Oborskich wystaw\u0119 obrazuj\u0105c\u0105 histori\u0119 Ochotniczych Stra\u017cy Po\u017carnych \u201eZ sikawk\u0105 do po\u017caru\u201d oraz m.in. unikatowe filmy dokumentalne z historii Mielca, a w filii \u201eJadern\u00f3wka\u201d \u2013 r\u00f3\u017cne atrakcje zwi\u0105zane z histori\u0105 roweru.<\/li>\n<li><strong>24 V<\/strong> Urz\u0105d Miejski uruchomi\u0142 internetow\u0105 platform\u0119 informacyjno-us\u0142ugow\u0105 dla miasta Mielca (plan.mielec.pl).<\/li>\n<li><strong>V<\/strong> Opiek\u0119 nad schroniskiem dla bezdomnych zwierz\u0105t przej\u0105\u0142 od Mieleckiego Towarzystwa Opieki nad Zwierz\u0119tami Zak\u0142ad Utylizacji Odpad\u00f3w Komunalnych.<\/li>\n<li><strong>1 VI<\/strong> W hali MOSiR odby\u0142a si\u0119 (po raz pierwszy w Mielcu) Gala MMA (Mixed Martinal Arts \u2013 mieszane sztuki walki).<\/li>\n<li><strong>3 VI<\/strong> Biskup tarnowski ks. dr Andrzej Je\u017c dokona\u0142 konsekracji ko\u015bcio\u0142a Tr\u00f3jcy Przenaj\u015bwi\u0119tszej.<\/li>\n<li><strong>5 VI<\/strong> Zmar\u0142 Stanis\u0142aw Soloch \u2013 d\u0142ugoletni mer Douchy-les-Mines, francuskiego miasta partnerskiego Mielca.<\/li>\n<li><strong>8 VI<\/strong> Na przyszpitalnym heliporcie po raz pierwszy wyl\u0105dowa\u0142 \u015bmig\u0142owiec Lotniczego Pogotowia Ratunkowego z pacjentem.<\/li>\n<li><strong>12 VI<\/strong> Obejrzeniem meczu otwarcia Mistrzostw Europy w Pi\u0142ce No\u017cnej Polska-Grecja (1:1) na wielkim telebimie zainaugurowa\u0142a dzia\u0142alno\u015b\u0107 Mielecka Strefa Kibica, urz\u0105dzona w pawilonie sztucznego lodowiska na terenie MOSiR przy ul. J. Kusoci\u0144skiego.<\/li>\n<li><strong>VI<\/strong> W finale 33. \u015awiatowego Konkursu Odyseja Umys\u0142u w Iowa State University (USA) zesp\u00f3\u0142 II LO im. M. Kopernika w Mielcu (reprezentant Polski) zaj\u0105\u0142 2. miejsce w rywalizacji spontanicznej i 15. miejsce w klasyfikacji generalnej \u015awiatowej Odysei Umys\u0142\u00f3w.<\/li>\n<li><strong>22 VI<\/strong> G\u0142\u00f3wnymi ulicami Mielca przesz\u0142o oko\u0142o tysi\u0105c os\u00f3b w marszu popieraj\u0105cym katolick\u0105 Telewizj\u0119 Trwam w staraniach o miejsce na multipleksie cyfrowym.<\/li>\n<li><strong>26 VI<\/strong> Msza \u015awi\u0119ta pod przewodnictwem biskupa tarnowskiego Andrzeja Je\u017ca jako dzi\u0119kczynienie za obwo\u0142anie Matki Bo\u017cej Nieustaj\u0105cej Pomocy patronk\u0105 miasta Mielca. Uroczysto\u015b\u0107 odby\u0142a si\u0119 w ko\u015bciele MBNP.<\/li>\n<li><strong>7 VII<\/strong> XV Mi\u0119dzynarodowy Festiwal Muzyczny rozpocz\u0119to koncertem Ch\u00f3ru Kameralnego Trecanum (Francja) w ko\u015bciele Matki Bo\u017cej Nieustaj\u0105cej Pomocy.<\/li>\n<li><strong>15 VII<\/strong> Drugi koncert XV MFM odby\u0142 si\u0119 na placu Armii Krajowej, a jego wykonawcami byli Phil Bates i the Berlin String Ensemble-Electric Light Orchestra Klassik.<\/li>\n<li><strong>17 VII<\/strong> W czasie nocnego \u0142owienia ryb dwaj mieleccy w\u0119dkarze z Ko\u0142a PZW WSK \u201ePZL-Mielec\u201d z\u0142owili w Wis\u0142oce pirani\u0119 (ryba \u017cyj\u0105ca w Ameryce Po\u0142udniowej).<\/li>\n<li><strong>20 VII<\/strong> W sali widowiskowej DK SCK odby\u0142 si\u0119 trzeci z koncert\u00f3w XV MFM. Wyst\u0105pili w nim Marcin Wyrostek (akordeon) i Tango Corazon Quintet.<\/li>\n<li><strong>21 VII <\/strong>Na terenie mieleckiej stacji kolejowej odby\u0142 si\u0119 VII fina\u0142 M4 \u2013 Moje Miasto Moje Miejsce pod has\u0142em \u201eKoniec \u015bwiata\u201d.<\/li>\n<li><strong>26 VII<\/strong> W ramach XV MFM w sali widowiskowej DK SCK wyst\u0105pili muzycy jazzowi Robert Majewski i Henryk Mi\u015bkiewicz z zespo\u0142em Quintet Plays Komeda.<\/li>\n<li><strong>31 VII<\/strong> W ko\u015bciele MBNP\u00a0 odby\u0142 si\u0119 koncert \u201eZaginiona Muzyka Cerkwi Grekokatolickiej I Rzeczpospolitej\u201d w ramach XV MKM.<\/li>\n<li><strong>VII<\/strong> Zako\u0144czono budow\u0119 wa\u0142\u00f3w przeciwpowodziowych na lewym brzegu Wis\u0142oki w rejonie Podleszan, Woli Mieleckiej i Rz\u0119dzianowic.<\/li>\n<li><strong>1 VIII<\/strong> Przed pomnikiem \u017bo\u0142nierzy AK przy ul. H. Sienkiewicza odby\u0142y si\u0119 uroczysto\u015bci 68. rocznicy wybuchu powstania warszawskiego 1944.<\/li>\n<li><strong>14 VIII<\/strong> Kolejnym koncertem XV MFM by\u0142 recital organowy J\u00f3zefa Serafina i wyst\u0119p mieleckiego Zespo\u0142u Muzyki Dawnej Hortus Musicus w ko\u015bciele Matki Bo\u017cej Nieustaj\u0105cej Pomocy.<\/li>\n<li><strong>19 VIII <\/strong>W ramach XV MFM w sali widowiskowej DK SCK wyst\u0105pi\u0142 z recitalem Micha\u0142 Bajor.<\/li>\n<li><strong>25-26 VIII<\/strong> W plenerowych \u201eDniach Mielca\u201d na terenach zielonych MOSiR wyst\u0105pili m.in.: mieleckie zespo\u0142y rockowe \u201ePr\u00f3g\u201d, Error\u201d i \u201eTimeofTales\u201d, zespo\u0142y artystyczne SCK oraz go\u015bcinnie &#8211; aktor Andrzej Grabowski, zespo\u0142y \u201eZero Procent\u201d, \u201eChrz\u0105szcze\u201d, \u201eVIDEO\u201d i T.LOVE. Koncertowi towarzyszy\u0142y zawody samochodowe, spadochronowe i balonowe oraz okoliczno\u015bciowe wystawy.<\/li>\n<li><strong>26 VIII<\/strong> W bazylice mniejszej \u015bw. Mateusza i na bocznym boisku MOSiR przy ul. J. Kili\u0144skiego odby\u0142y si\u0119 Do\u017cynki Powiatowe \u2013 Mieleckie Rozmaito\u015bci Folkowe. Przeprowadzono szereg konkurs\u00f3w rolniczych i gastronomicznych. Wyst\u0105pi\u0142y zespo\u0142y muzyczne Boys i Classic Band.<\/li>\n<li><strong>30 VIII <\/strong>W Polskich Zak\u0142adach Lotniczych go\u015bci\u0142 Jerzy Buzek \u2013 by\u0142y premier RP i przewodnicz\u0105cy Parlamentu Europejskiego.<\/li>\n<li><strong>31 VIII<\/strong> Z okazji \u015awi\u0119ta Lotnictwa w sali widowiskowej DK SCK odby\u0142o si\u0119 spotkanie lotniczych pokole\u0144 na temat mieleckiego lotnictwa, m.in. prezentowano osi\u0105gni\u0119cia i og\u0142oszono wyniki konkurs\u00f3w tematycznych. W cz\u0119\u015bci artystycznej wyst\u0105pili \u201eRzeszowiacy\u201d.<\/li>\n<li><strong>VIII <\/strong>W Igrzyskach Olimpijskich w Londynie startowa\u0142o w reprezentacji Polski troje chodziarzy z Mielca: Paulina Buziak (OTG Sok\u00f3\u0142 Mielec) na 20 km (44 miejsce), Rafa\u0142 Augustyn (OTG Sok\u00f3\u0142 Mielec) na 20 km (29 miejsce) i\u00a0 Rafa\u0142 Sikora (AZS AWF Krak\u00f3w) na 50 km (18 miejsce).<\/li>\n<li><strong>10 IX<\/strong> Fina\u0142em XV MFM by\u0142a Gala Operowo-Operetkowa w hali MOSiR. Program prowadzi\u0142 Bogus\u0142aw Kaczy\u0144ski, a wyst\u0105pili czo\u0142owi polscy \u015bpiewacy: Gra\u017cyna Brodzi\u0144ska, Eliza Kruszczy\u0144ska, Witold Matulka, Tadeusz Szlenkier i Adam Szersze\u0144 z towarzyszeniem Orkiestry Symfonicznej\u00a0 Filharmonii \u015al\u0105skiej pod batut\u0105 Miros\u0142awa Jacka B\u0142aszczyka.<\/li>\n<li><strong>6 IX<\/strong> W \u201eJadern\u00f3wce\u201d otwarto wystaw\u0119 fotografii \u201eDworki i pa\u0142ace w obiektywie Jadernych\u201d.<\/li>\n<li><strong>13 IX<\/strong> W Mielcu odby\u0142a si\u0119 jedna z sesji XX \u015awiatowego Forum Medi\u00f3w Polonijnych. W ramach programu zaprezentowano miasto, wybrane firmy i obiekty zabytkowe.<\/li>\n<li><strong>20 IX<\/strong> W Galerii DK SCK otwarto wystaw\u0119 fotograficzn\u0105 \u201eMelitser Jidn Jom Kippur\u201d (o eksterminacji mieleckich \u017byd\u00f3w).<\/li>\n<li><strong>23 IX<\/strong> Z okazji 60-lecia ZPiT \u201eRzeszowiacy\u201d w sali widowiskowej DK SCK odby\u0142y si\u0119 dwa jubileuszowe koncerty.<\/li>\n<li><strong>28-30 IX<\/strong> Z okazji 10-lecia wsp\u00f3\u0142pracy partnerskiej miast Mielec i L\u00f6hne (Niemcy) w Pa\u0142acyku Oborskich odby\u0142o si\u0119 uroczyste spotkanie przedstawicieli samorz\u0105d\u00f3w obu miast. Ponadto go\u015bcie z Niemiec uczestniczyli w kilku imprezach.<\/li>\n<li><strong>29 IX<\/strong> Na terenie Polskich Zak\u0142ad\u00f3w Lotniczych odby\u0142a si\u0119 prezentacja modelu sylwetkowego samolotu bombowego PZL 37 \u0141o\u015b, zbudowanego w skali 1:1 przez pracownik\u00f3w PZL Mielec.<\/li>\n<li><strong>IX <\/strong>Zako\u0144czono przebudow\u0119 i modernizacj\u0119 stadionu MOSiR przy ul. Warszawskiej (dawniej \u201eGryf\u201d).<\/li>\n<li><strong>5 X<\/strong> Inauguracja roku akademickiego 2012\/2013 w Wy\u017cszej Szkole Gospodarki i Zarz\u0105dzania odby\u0142a si\u0119 w nowej siedzibie uczelni \u2013 dawnej bursie gimnazjalnej, b\u0119d\u0105cej obecnie cz\u0119\u015bci\u0105 Zespo\u0142u Szk\u00f3\u0142 Ekonomicznych im. B\u0142. Ks. Romana Sitki.<\/li>\n<li><strong>5 X<\/strong> W Szpitalu Powiatowym otwarto pracowni\u0119 angiografii przy Oddziale Naczyniowym.<\/li>\n<li><strong>10-11 X<\/strong> W sali widowiskowej Domu Kultury SCK Szko\u0142a Podstawowa nr 6 im. F. \u017bwirki i S. Wigury \u015bwi\u0119towa\u0142a 50-lecie dzia\u0142alno\u015bci.<\/li>\n<li><strong>12 X<\/strong> Na alei Niepodleg\u0142o\u015bci odby\u0142y si\u0119 XVIII Biegi Uliczne o Puchar Prezydenta Mielca. Wzi\u0119\u0142o w nich udzia\u0142 oko\u0142o tysi\u0105c os\u00f3b.<\/li>\n<li><strong>12 X<\/strong> W kaplicy \u015bw. Stanis\u0142awa Kostki i Zespole Szk\u00f3\u0142 im. prof. J. Groszkowskiego odby\u0142y si\u0119 uroczysto\u015bci 100-lecia gmachu szkolnego i 45-lecia Technikum Elektrycznego.<\/li>\n<li><strong>14 X<\/strong> Ulicami Mielca przeszed\u0142 3. Diecezjalny Marsz dla \u017bycia i Rodziny. Wzi\u0119\u0142o w nim udzia\u0142 oko\u0142o 2 tysi\u0105ce os\u00f3b z Mielca i innych miejscowo\u015bci diecezji tarnowskiej. Marsz zako\u0144czy\u0142 si\u0119 na placu AK, a nast\u0119pnie odby\u0142 si\u0119 okoliczno\u015bciowy koncert.<\/li>\n<li><strong>19 X<\/strong> W Polsko-Ameryka\u0144skiej Klinice Serca w Szpitalu Powiatowym przeprowadzono pierwsze w wojew\u00f3dztwie podkarpackim zabiegi leczniczego wszczepienia rusztowa\u0144 bioresorbowalnych ABSORB.<\/li>\n<li><strong>25 X<\/strong>\u00a0 W sali widowiskowej DK SCK odby\u0142a si\u0119 uroczysto\u015b\u0107 5-lecia Mieleckiego Uniwersytetu Trzeciego Wieku po\u0142\u0105czona ze zjazdem delegacji Uniwersytet\u00f3w Trzeciego Wieku z Podkarpacia.<\/li>\n<li><strong>27 X<\/strong> W sali widowiskowej Sp\u00f3\u0142dzielczego Domu Kultury MSM odby\u0142a si\u0119 uroczysto\u015b\u0107 40-lecia Klubu Seniora \u201eZ\u0142ota Jesie\u0144\u201d.<\/li>\n<li><strong>6 XI<\/strong> Niepubliczne Gimnazjum, po przeniesieniu si\u0119 z budynku Szko\u0142y Podstawowej nr 2 przy ul. T. Ko\u015bciuszki do budynku PTG Sok\u00f3\u0142 1893 przy ul. S. S\u0119kowskiego, rozpocz\u0119\u0142o lekcje w nowej siedzibie.<\/li>\n<li><strong>9-11 XI<\/strong> Z okazji \u015awi\u0119ta Niepodleg\u0142o\u015bci odby\u0142y si\u0119: uroczysta Msza \u015awi\u0119ta, przemarsz ulicami miasta i z\u0142o\u017cenie kwiat\u00f3w\u00a0 przed pomnikiem Wolno\u015bci. Ponadto zorganizowano m.in. \u201edyktando niepodleg\u0142o\u015bciowe\u201d,\u00a0 wiecz\u00f3r pie\u015bni patriotycznych w \u201eJadern\u00f3wce\u201d, wieczornic\u0119 przy pomniku Wolno\u015bci, turniej strzelecki i \u201ekoncert niepodleg\u0142o\u015bciowy\u201d w DK SCK.<\/li>\n<li><strong>15 XI <\/strong>W ko\u015bciele MBNP odprawiono uroczyst\u0105 Msz\u0119 \u015awi\u0119t\u0105 w 1. rocznic\u0119 obwo\u0142ania MBNP patronk\u0105 miasta Mielca oraz ods\u0142oni\u0119to i po\u015bwi\u0119cono figur\u0119 B\u0142. Jana Paw\u0142a II, kt\u00f3ra zosta\u0142a postawiona na placu przy ko\u015bciele. Uroczysto\u015bciom przewodniczy\u0142 biskup dr Wies\u0142aw Lechowicz.<strong>\u00a0 <\/strong><\/li>\n<li><strong>24-25 XI<\/strong> W Domu Kultury SCK odby\u0142 si\u0119 VI Og\u00f3lnopolski Festiwal Ta\u0144ca Wsp\u00f3\u0142czesnego.<\/li>\n<li><strong>28 XI<\/strong> W Polskich Zak\u0142adach Lotniczych w Mielcu go\u015bci\u0142 nowy ambasador USA w Polsce Stephen Mull. By\u0142a to jego pierwsza wizyta w Polsce po obj\u0119ciu urz\u0119du.<\/li>\n<li><strong>29-30 XI<\/strong> W Domu Kultury SCK odby\u0142 si\u0119 XI Przegl\u0105d Zespo\u0142\u00f3w Tanecznych Pasikonik. Wzi\u0119\u0142o w nim udzia\u0142 46 zespo\u0142\u00f3w.<\/li>\n<li><strong>30 XI<\/strong> W kaplicy \u015bw. Stanis\u0142awa Kostki (w dawnej bursie gimnazjalnej) odby\u0142 si\u0119 koncert w ramach festiwalu Muzyka Duszy i Serca.<\/li>\n<li><strong>XI <\/strong>W rankingu polskich szpitali og\u0142oszonym przez dziennik \u201eRzeczpospolita\u201d Szpital Powiatowy w Mielcu zosta\u0142 sklasyfikowany na 31. miejscu w Polsce i 1. (po raz si\u00f3dmy z rz\u0119du) w wojew\u00f3dztwie podkarpackim.<\/li>\n<li><strong>XI<\/strong> W og\u00f3lnopolskim konkursie \u201eEnter Europa\u201d inwestycja \u201eTermomodernizacja Zespo\u0142u Szk\u00f3\u0142 Technicznych w Mielcu\u201d zaj\u0119\u0142a II miejsce.<\/li>\n<li><strong>2 XII<\/strong> W hali Gimnazjum nr 2 odby\u0142y si\u0119 Mistrzostwa Polski Junior\u00f3w Karate Kyokushinkai w konkurencji kata i kumite. Rywalizowa\u0142o 152 zawodnik\u00f3w z 30 klub\u00f3w Polskiej Federacji Kyokushin Karate i Polskiej Organizacji Shinkyokushinkai. Organizatorem by\u0142 Mielecki Klub Karate Kyokushinkai IFK Saiha, pod auspicjami Polskiej Federacji Karate Kyokushin i Polskiej Organizacji Shinkyokushin.<\/li>\n<li><strong>4 XII<\/strong> W bazylice mn. \u015bw. Mateusza i Sali Kr\u00f3lewskiej PSM I i II st. odby\u0142a si\u0119 uroczysto\u015b\u0107 20-lecia dzia\u0142alno\u015bci mieleckiego oddzia\u0142u Zwi\u0105zku \u017bo\u0142nierzy G\u00f3rnik\u00f3w Represjonowanych w Latach 1949-1959.<\/li>\n<li><strong>9 XII<\/strong> Na placu przy ko\u015bciele Ducha \u015awi\u0119tego odby\u0142 si\u0119 powiatowy Jarmark \u015awi\u0105teczny, a jego dope\u0142nieniem by\u0142 koncert zespo\u0142u Trebunie Tutki w ko\u015bciele g\u00f3rnym.<\/li>\n<li><strong>13 XII<\/strong> W budynku IN-TECH przy ul. Wojska Polskiego odby\u0142a si\u0119 uroczysto\u015b\u0107 20-lecia dzia\u0142alno\u015bci, najpierw jako IN-MARR (1992-2009), a od 2009 r. Inkubatora Nowych Technologii.<\/li>\n<li><strong>13-14 XII<\/strong> Uroczy\u015bcie otwarto Regionalne Centrum Transferu Nowoczesnych Technologii Wytwarzania\u00a0 przy\u00a0 ul. Wojska Polskiego 2 B, a inauguracj\u0105 dzia\u0142alno\u015bci by\u0142 Podkarpacki Festiwal Nauki i Techniki.<\/li>\n<li><strong>14 XII <\/strong>Polskie Zak\u0142ady Lotnicze uruchomi\u0142y nowoczesne Centrum Bada\u0144 i Pr\u00f3b Statk\u00f3w Powietrznych.<\/li>\n<li><strong>18 XII<\/strong>\u00a0 W Muzeum Regionalnym (Pa\u0142acyku Oborskich) otwarto sta\u0142\u0105 wystaw\u0119 obraz\u00f3w Wojciecha Weissa.<\/li>\n<li><strong>19 XII<\/strong> W sali widowiskowej DK SCK odby\u0142o si\u0119 Tradycyjne Spotkanie \u015awi\u0105teczno-Noworoczne. W cz\u0119\u015bci artystycznej wyst\u0105pi\u0142 zesp\u00f3\u0142 \u201ePod Bud\u0105\u201d z Krakowa.<\/li>\n<\/ul>\n<p><strong>Ponadto w 2012 r.<\/strong><\/p>\n<ul>\n<li>Oddano do u\u017cytku osiedle socjalne w Rzochowie.<\/li>\n<\/ul>\n<p>&nbsp;<\/p>\n","protected":false},"excerpt":{"rendered":"<p>2010 1 I\u00a0 Tradycyjnym pokazem ogni sztucznych nad placem AK powitano Nowy Rok. 1 I Zmar\u0142 Tadeusz Ryczaj (78 lat), d\u0142ugoletni dyrektor naczelny WSK PZL-Mielec, zas\u0142u\u017cony dla przemys\u0142u i regionu mieleckiego dzia\u0142acz spo\u0142eczny i polityczny. 10 I W XVIII Finale Wielkiej Orkiestry \u015awi\u0105tecznej Pomocy zebrano oko\u0142o 105 tysi\u0119cy z\u0142otych. 20 I W\u00a0 szpitalu w Rzeszowie [&hellip;]<\/p>\n","protected":false},"author":2,"featured_media":0,"comment_status":"closed","ping_status":"open","sticky":false,"template":"","format":"standard","meta":{"footnotes":""},"categories":[5],"tags":[],"class_list":["post-3073","post","type-post","status-publish","format-standard","hentry","category-kalendarium"],"_links":{"self":[{"href":"https:\/\/encyklopedia.mielec.pl\/index.php?rest_route=\/wp\/v2\/posts\/3073","targetHints":{"allow":["GET"]}}],"collection":[{"href":"https:\/\/encyklopedia.mielec.pl\/index.php?rest_route=\/wp\/v2\/posts"}],"about":[{"href":"https:\/\/encyklopedia.mielec.pl\/index.php?rest_route=\/wp\/v2\/types\/post"}],"author":[{"embeddable":true,"href":"https:\/\/encyklopedia.mielec.pl\/index.php?rest_route=\/wp\/v2\/users\/2"}],"replies":[{"embeddable":true,"href":"https:\/\/encyklopedia.mielec.pl\/index.php?rest_route=%2Fwp%2Fv2%2Fcomments&post=3073"}],"version-history":[{"count":0,"href":"https:\/\/encyklopedia.mielec.pl\/index.php?rest_route=\/wp\/v2\/posts\/3073\/revisions"}],"wp:attachment":[{"href":"https:\/\/encyklopedia.mielec.pl\/index.php?rest_route=%2Fwp%2Fv2%2Fmedia&parent=3073"}],"wp:term":[{"taxonomy":"category","embeddable":true,"href":"https:\/\/encyklopedia.mielec.pl\/index.php?rest_route=%2Fwp%2Fv2%2Fcategories&post=3073"},{"taxonomy":"post_tag","embeddable":true,"href":"https:\/\/encyklopedia.mielec.pl\/index.php?rest_route=%2Fwp%2Fv2%2Ftags&post=3073"}],"curies":[{"name":"wp","href":"https:\/\/api.w.org\/{rel}","templated":true}]}}