{"id":148,"date":"2022-11-27T20:02:59","date_gmt":"2022-11-27T19:02:59","guid":{"rendered":"https:\/\/encyklopedia.mielec.pl\/?p=148"},"modified":"2025-12-27T21:57:36","modified_gmt":"2025-12-27T20:57:36","slug":"2013-2022","status":"publish","type":"post","link":"https:\/\/encyklopedia.mielec.pl\/?p=148","title":{"rendered":"2013 &#8211; 2025"},"content":{"rendered":"\r\n<p><strong>KRONIKA WA\u017bNIEJSZYCH WYDARZE\u0143 W DZIEJACH MIELCA od 1 I 2013 r.\u00a0<\/strong><br \/><br \/><strong>2013<\/strong><\/p>\r\n\r\n\r\n\r\n<ul class=\"wp-block-list\">\r\n<li>1 I Rok 2013 powitano pokazem ogni sztucznych nad placem Armii Krajowej.<\/li>\r\n\r\n\r\n\r\n<li>13 I W 21. edycji Wielkiej Orkiestry \u015awi\u0105tecznej Pomocy w Mielcu zebrano oko\u0142o 100 tysi\u0119cy z\u0142otych.<\/li>\r\n\r\n\r\n\r\n<li>14 I Zainaugurowano handel plenerowy na nowym targowisku przy ul. Sportowej. Tym samym zako\u0144czy\u0142 \u017cywot bazar na stadionie MOSiR (dawniej FKS Stal) przy ul. L. Solskiego.<\/li>\r\n\r\n\r\n\r\n<li>19 I W plebiscycie \u201eKorso\u201d na \u201eSportowca Mielca Roku 2012\u201d tytu\u0142 ten przyznano Rafa\u0142owi Gli\u0144skiemu \u2013 kapitanowi ekstraklasowego zespo\u0142u pi\u0142ki r\u0119cznej SPR Stal Mielec. Trenerem Roku zosta\u0142 Ryszard Skutnik (SPR Stal Mielec), a Talentem Roku \u2013 Laura Czernikowska (szachy).<\/li>\r\n\r\n\r\n\r\n<li>I Oddany do u\u017cytku bulwar nad rzek\u0105 Wis\u0142ok\u0105 sta\u0142 si\u0119 jednym z najbardziej ucz\u0119szczanych w Mielcu miejsc spacerowych.<\/li>\r\n\r\n\r\n\r\n<li>I Tygodnik Regionalny \u201eKorso\u201d zosta\u0142 sklasyfikowany w gronie 15 najpopularniejszych tygodnik\u00f3w lokalnych w Polsce. Ranking przygotowa\u0142 Zwi\u0105zek Kontroli Dystrybucji Prasy.<\/li>\r\n\r\n\r\n\r\n<li>24 II W organizowanym przez \u201eKorso\u201d konkursie \u201eMiss Mielca-2013\u201d koron\u0119 najpi\u0119kniejszej mielczanki otrzyma\u0142a Anna Baran.<\/li>\r\n\r\n\r\n\r\n<li>II PKP podj\u0119\u0142a decyzj\u0119 o zako\u0144czeniu ruchu poci\u0105g\u00f3w osobowych na linii nr 25 z Tarnobrzega przez Mielec do D\u0119bicy.<\/li>\r\n\r\n\r\n\r\n<li>II Towarzystwo Mi\u0142o\u015bnik\u00f3w Ziemi Mieleckiej i. W. Szafera wyda\u0142o I Mielecki Rocznik Literacki \u201eArtefakty\u201d.<\/li>\r\n\r\n\r\n\r\n<li>1-3 III W hali sportowo-widowiskowej rozegrano III M\u0142odzie\u017cowe Mistrzostwa Polski U-16 w Futsalu.<\/li>\r\n\r\n\r\n\r\n<li>18 III 5 \u015bmig\u0142owc\u00f3w S-70i produkowanych w Polskich Zak\u0142adach Lotniczych w Mielcu zosta\u0142o zakupionych przez armi\u0119 kolumbijsk\u0105.<\/li>\r\n\r\n\r\n\r\n<li>III Ch\u00f3r mieszany II Liceum Og\u00f3lnokszta\u0142c\u0105cego im. M. Kopernika w Mielcu pod batut\u0105 dr. Antoniego Sta\u0144czyka zaj\u0105\u0142 1. miejsce i otrzyma\u0142 z\u0142oty medal na 16. Mi\u0119dzynarodowym Festiwalu Dzieci\u0119cych i M\u0142odzie\u017cowych Ch\u00f3r\u00f3w \u201eT\u0119cza\u201d w Sankt-Petersburgu.<\/li>\r\n\r\n\r\n\r\n<li>III Krajowa Rada Radiofonii i Telewizji podj\u0119\u0142a decyzj\u0119 o rozszerzeniu koncesji na nadajnik w Mielcu dla Radia Leliwa.<\/li>\r\n\r\n\r\n\r\n<li>20 IV Gmina Miejska Mielec wykupi\u0142a wszystkie udzia\u0142y w PZL Cargo i zosta\u0142a w\u0142a\u015bcicielem lotniska.<\/li>\r\n\r\n\r\n\r\n<li>26 IV Otwarto biurowiec \u201eSkarabeusz\u201d przy ul. Kazimierza Jagiello\u0144czyka, wybudowany przez firm\u0119 Megaron z Mielca.<\/li>\r\n\r\n\r\n\r\n<li>25 V W plebiscycie \u201eKorso\u201d tytu\u0142 \u201eMielczanina Roku 2012\u201d otrzyma\u0142 Miros\u0142aw Midura \u2013 ordynator Oddzia\u0142u Urazowo-Ortopedycznego Szpitala Powiatowego w Mielcu.<\/li>\r\n\r\n\r\n\r\n<li>9-12 V W Mielcu odby\u0142o si\u0119 Spotkanie Miast Partnerskich \u201eEuropejska Akademia Obywatelska\u201d. Na zaproszenie prezydenta Janusza Chodorowskiego przyby\u0142y reprezentacje partnerskich miast Mielca: Morlaix i jego okr\u0119gu oraz Douchy-les-Mines z Francji, Tiszaf\u00f6ldvar z W\u0119gier i L\u00f6hne z Niemiec.<\/li>\r\n\r\n\r\n\r\n<li>27 V Senator W\u0142adys\u0142aw Ortyl z Mielca zosta\u0142 wybrany na marsza\u0142ka wojew\u00f3dztwa podkarpackiego.<\/li>\r\n\r\n\r\n\r\n<li>22 VI Po zwyci\u0119stwie 3:2 z Izolatorem Boguchwa\u0142a w Mielcu w 29. kolejce rozgrywek o mistrzostwo III ligi lubelsko-podkarpackiej Stal Mielec zapewni\u0142a sobie awans do II ligi pa\u0144stwowej.<\/li>\r\n\r\n\r\n\r\n<li>VI Zesp\u00f3\u0142 Pie\u015bni i Ta\u0144ca \u201eRzeszowiacy\u201d wyst\u0105pi\u0142 na Festiwalu Czere\u015bniowym w Turcji.<\/li>\r\n\r\n\r\n\r\n<li>29 VI XVI Mi\u0119dzynarodowy Festiwal Muzyczny w Mielcu rozpocz\u0119to koncertem szkockiej grupy Red Hot Chilli Pipers na placu Armii Krajowej.<\/li>\r\n\r\n\r\n\r\n<li>1 VII Rozpocz\u0105\u0142 funkcjonowanie nowy system gospodarowania odpadami komunalnymi w Mielcu, m.in. harmonogram odbioru odpad\u00f3w segregowanych.<\/li>\r\n\r\n\r\n\r\n<li>17 VIII Na mieleckim lotnisku odby\u0142 si\u0119 Jubileuszowy Piknik Lotniczy z okazji 75-lecia przemys\u0142u lotniczego w Mielcu.<\/li>\r\n\r\n\r\n\r\n<li>24-25 VIII Na terenach zielonych MOSiR zorganizowano Dni Mielca pod patronatem Prezydenta Miasta Mielca. Na zaproszenie SCK koncertowa\u0142y m.in.: zespo\u0142y Afromental i Golec uOrkiestra oraz grupy artystyczne Domu Kultury SCK.<\/li>\r\n\r\n\r\n\r\n<li>25 VIII Z inicjatywy Starostwa Powiatowego w Mielcu odby\u0142y si\u0119 Do\u017cynki Wojew\u00f3dzkie po\u0142\u0105czone z Do\u017cynkami Diecezji Tarnowskiej i Mieleckimi Rozmaito\u015bciami Folkowymi.<\/li>\r\n\r\n\r\n\r\n<li>30 VIII \u201eDniem Otwartego Stadionu\u201d rozpocz\u0105\u0142 funkcjonowanie przebudowany i zmodernizowany stadion miejski przy ul. L. Solskiego (by\u0142y stadion FKS Stal Mielec).<\/li>\r\n\r\n\r\n\r\n<li>IX W ramach kampanii wyborczej w wyborach uzupe\u0142niaj\u0105cych do Senatu RP w Mielcu odbyli spotkania m.in.: Janusz Piechoci\u0144ski (wicepremier), Bartosz Ar\u0142ukowicz, Jaros\u0142aw Kaczy\u0144ski, Beata Szyd\u0142o, Mariusz B\u0142aszczak i Zbigniew Ziobro. Celem spotka\u0144 by\u0142o wspieranie kandydat\u00f3w z poszczeg\u00f3lnych partii i ugrupowa\u0144 politycznych.<\/li>\r\n\r\n\r\n\r\n<li>8 IX W wyborach uzupe\u0142niaj\u0105cych do Senatu RP najwi\u0119cej g\u0142os\u00f3w w Mielcu zdoby\u0142 Zdzis\u0142aw Pupa (PiS) i on te\u017c zosta\u0142 wybrany na senatora.<\/li>\r\n\r\n\r\n\r\n<li>9 X W sali widowiskowej Domu Kultury SCK odby\u0142a si\u0119 inauguracja dzia\u0142alno\u015bci Mieleckiego Uniwersytetu Dzieci\u0119cego.<\/li>\r\n\r\n\r\n\r\n<li>26 X W auli Zamiejscowego O\u015brodka Dydaktycznego AGH Krak\u00f3w w Mielcu przy ul. M. Curie-Sk\u0142odowskiej rozpocz\u0119\u0142a dzia\u0142alno\u015b\u0107 Politechnika Dzieci\u0119ca.<\/li>\r\n\r\n\r\n\r\n<li>5 XI Powsta\u0142 Klub Futbolu Ameryka\u0144skiego \u201eAviators\u201d Mielec.<\/li>\r\n\r\n\r\n\r\n<li>XI W corocznym og\u00f3lnopolskim rankingu szpitali, prowadzonym przez dziennik \u201eRzeczpospolita\u201d i Centrum Monitorowania Jako\u015bci w Ochronie Zdrowia, Szpital Powiatowy w Mielcu sklasyfikowano na 29. miejscu.<\/li>\r\n\r\n\r\n\r\n<li>3 XII W czasie targ\u00f3w zbrojeniowych Bridex w Brunei su\u0142tanat Brunei odebra\u0142 4 \u015bmig\u0142owce S-70i wyprodukowane w Polskich Zak\u0142adach Lotniczych w Mielcu.<\/li>\r\n\r\n\r\n\r\n<li>8 XII Starostwo Powiatowe zorganizowa\u0142o Jarmark \u015awi\u0105teczny.<\/li>\r\n\r\n\r\n\r\n<li>22 XII Po remoncie ko\u015bcio\u0142a \u015bw. Marka przy ul. Rzecznej proboszcz parafii pw. \u015bw. Mateusza odprawi\u0142 Msz\u0119 \u015awi\u0119t\u0105.<\/li>\r\n\r\n\r\n\r\n<li>31 XII Zaprzestano przyjmowania odpad\u00f3w na sk\u0142adowisko odpad\u00f3w komunalnych.<\/li>\r\n<\/ul>\r\n\r\n\r\n\r\n<p><br \/><strong>2014<\/strong><\/p>\r\n\r\n\r\n\r\n<ul class=\"wp-block-list\">\r\n<li>1 I Tradycyjnym pokazem ogni sztucznych nad placem Armii Krajowej powitano rok 2014.<\/li>\r\n\r\n\r\n\r\n<li>12 I W 22. edycji Wielkiej Orkiestry \u015awi\u0105tecznej Pomocy w Mielcu zebrano oko\u0142o 80 tysi\u0119cy z\u0142otych.<\/li>\r\n\r\n\r\n\r\n<li>2 II Miss Mielca 2014 zosta\u0142a Monika Malicka. G\u0142\u00f3wnym organizatorem konkursu by\u0142 Tygodnik Regionalny Korso,<\/li>\r\n\r\n\r\n\r\n<li>10 II Z okazji \u015awiatowego Dnia Chorego Fundacja SOS \u017bycie z Mielca otrzyma\u0142a w Warszawie presti\u017cowe Wyr\u00f3\u017cnienie \u015awi\u0119tego Kamila za wzorow\u0105 opiek\u0119 nad chorymi i ich rodzinami.<\/li>\r\n\r\n\r\n\r\n<li>21 II \u201eSportowcem Mielca 2013\u201d, wybranym w plebiscycie Tygodnika Regionalnego Korso, zosta\u0142 pi\u0142karz no\u017cny FKS Stal Mielec Sebastian \u0141\u0119tocha.<\/li>\r\n\r\n\r\n\r\n<li>Paulina Buziak (OTG Sok\u00f3\u0142 Mielec) zosta\u0142a halow\u0105 mistrzyni\u0105 Polski na dystansie 3 km w Ergo-Arenie w Sopocie.<\/li>\r\n\r\n\r\n\r\n<li>24 II Oficjalnie otwarto mieleckie studio Radia Leliwa.<\/li>\r\n\r\n\r\n\r\n<li>III W czasie 33. Mi\u0119dzynarodowego Mityngu w Chodzie Sportowym w Dudincach (S\u0142owacja) Rafa\u0142 Augustyn (OTG Sok\u00f3\u0142 Mielec) zdoby\u0142 tytu\u0142 mistrza Polski w chodzie na 50 km.<\/li>\r\n\r\n\r\n\r\n<li>23 V W plebiscycie Tygodnika Regionalnego Korso tytu\u0142 Mielczanina Roku 2013 i \u201eSka\u0142k\u0119 Korso\u201d otrzyma\u0142 Jan Tarapata \u2013 przedsi\u0119biorca i samorz\u0105dowiec.<\/li>\r\n\r\n\r\n\r\n<li>VI Grzegorz Lato (Stal Mielec, reprezentacja Polski, kr\u00f3l strzelc\u00f3w Mistrzostw \u015awiata w Pi\u0142ce No\u017cnej \u2013 1974) zosta\u0142 wybrany do \u201e100 najlepszych pi\u0142karzy mistrzostw \u015bwiata\u201d w klasyfikacji presti\u017cowego dziennika angielskiego \u201eGuardian\u201d.<\/li>\r\n\r\n\r\n\r\n<li>1 VII Koncertem plenerowym na placu AK w wykonaniu znanego brytyjskiego zespo\u0142u Red Box rozpocz\u0119to 17. Mi\u0119dzynarodowy Festiwal Muzyczny w Mielcu.<\/li>\r\n\r\n\r\n\r\n<li>VII Mielczanka Magdalena \u0141\u0105czak zdoby\u0142a br\u0105zowy medal w biegu g\u00f3rskim \u201eultra\u201d na dystansie 80 km podczas Mistrzostw \u015awiata Skyrunning w Chamonix.<\/li>\r\n\r\n\r\n\r\n<li>VII Grzegorz Goryczka, instruktor modelarni w mieleckim CKUiDN, zdoby\u0142 z\u0142oty medal w kategorii S-7 na Mistrzostwach Polski Modeli Kosmicznych w Lisich K\u0105tach.<\/li>\r\n\r\n\r\n\r\n<li>8-10 VIII W czasie Mistrzostw Europy w Speedcubingu, przeprowadzonych w Roskilde (Dania) mielczanin Jakub Kipa wywalczy\u0142 tytu\u0142 mistrza Europy w uk\u0142adaniu kostki Rubika stopami.<\/li>\r\n\r\n\r\n\r\n<li>25 VIII W koncercie fina\u0142owym XVII Mi\u0119dzynarodowego Festiwalu Muzycznego w ko\u015bciele Matki Bo\u017cej Nieustaj\u0105cej Pomocy w Mielcu wyst\u0105pili: Ch\u00f3r Filharmonii Krakowskiej i Orkiestra Akademii Beethovenowskiej pod batut\u0105 Krzysztofa Pendereckiego.<\/li>\r\n\r\n\r\n\r\n<li>30-31 VIII W wielkiej imprezie plenerowej Dni Mielca 2014 na terenach rekreacyjnych MOSiR wyst\u0105pili m.in.: Agnieszka Chyli\u0144ska, Kombi oraz Big Band i zespo\u0142y taneczne DK SCK.<\/li>\r\n\r\n\r\n\r\n<li>IX Otwarto Park Le\u015bny na G\u00f3rce Cyranowskiej.<\/li>\r\n\r\n\r\n\r\n<li>11 IX Po kapitalnym remoncie oddano do u\u017cytku drog\u0119 do przysi\u00f3\u0142ka \u0141u\u017ce.<\/li>\r\n\r\n\r\n\r\n<li>30 X Przy obecno\u015bci Rady Miejskiej i kierownictwa Urz\u0119du Miejskiego w Mielcu z mieleckiego lotniska odlecia\u0142y do Turcji wyprodukowane w PZL Mielec 4 \u015bmig\u0142owce Black Hawk S-70i, zakupione przez tureck\u0105 policj\u0119.<\/li>\r\n\r\n\r\n\r\n<li>3 XI Udost\u0119pniono dla ruchu ko\u0142owego pierwszy odcinek obwodnicy Mielca \u2013 od ul. Wolno\u015bci do drogi powiatowej Mielec-Szyd\u0142owiec.<\/li>\r\n\r\n\r\n\r\n<li>12 XI Oddano do u\u017cytku most na Wi\u015ble, \u0142\u0105cz\u0105cy wojew\u00f3dztwa &#8211; podkarpackie ze \u015bwi\u0119tokrzyskim.<\/li>\r\n\r\n\r\n\r\n<li>Obok Hotelu Polskiego uruchomiono pierwsz\u0105 w Mielcu stacj\u0119 automatycznego monitoringu jako\u015bci powietrza.<\/li>\r\n\r\n\r\n\r\n<li>16 XI W wyborach samorz\u0105dowych w Mielcu do Rady Miejskiej zostali wybrani: Bogdan Mieczys\u0142aw Bieniek, Jakub Maciej Blicharczyk, Jakub Grzegorz Cena, Janusz Franciszek Chodorowski, Krystyna Grzech, Marian Kazimierz Kokoszka, Stanis\u0142aw Marek Mieszkowski, Danuta Pazdro, Mariusz Ryniewicz, Romuald Rzeszutek, Zbigniew Rze\u017anik, Andrzej Jan Skowron, J\u00f3zef Stanis\u0142aw Stala, Dominik Surowiec, Krzysztof Szostak, Kazimierz Les\u0142aw Toto\u0144, Barbara Ma\u0142gorzata Tutro, Barbara Krystyna Wdowiarz, Mieczys\u0142aw J\u00f3zef Wdowiarz, J\u00f3zef Eugeniusz Witek, Marek J\u00f3zef Zaloty\u0144ski, J\u00f3zef W\u0142adys\u0142aw Zaskalski, Andrzej Jan Zemmel.<\/li>\r\n\r\n\r\n\r\n<li>Do II tury wybor\u00f3w na prezydenta miasta przeszli Janusz Chodorowski i Daniel Kozd\u0119ba.<\/li>\r\n\r\n\r\n\r\n<li>30 XI W drugiej turze wybor\u00f3w na prezydenta miasta Mielca wybrano Daniela Kozd\u0119b\u0119.<\/li>\r\n\r\n\r\n\r\n<li>2 XII Na starost\u0119 powiatu mieleckiego zosta\u0142 wybrany Zbigniew Tymu\u0142a.<\/li>\r\n\r\n\r\n\r\n<li>5 XII Lotnisko w Mielcu uzyska\u0142o certyfikat Urz\u0119du Lotnictwa Cywilnego.<\/li>\r\n\r\n\r\n\r\n<li>7 XII Na parkingu przy bazylice \u015bw. Mateusza odby\u0142 si\u0119 tradycyjny jarmark \u015bwi\u0105teczny organizowany przez Starostwo Powiatowe w Mielcu.<\/li>\r\n\r\n\r\n\r\n<li>23 XII Na mieleckim Rynku stan\u0119\u0142a rze\u017aba Gryfa \u2013 znaku rycerzy z rodu Gryfit\u00f3w, za\u0142o\u017cycieli miasta Mielca.<\/li>\r\n<\/ul>\r\n\r\n\r\n\r\n<p><br \/><strong>2015<\/strong><\/p>\r\n\r\n\r\n\r\n<ul class=\"wp-block-list\">\r\n<li>1 I Plenerow\u0105 zabaw\u0105 taneczn\u0105 i pokazem ogni sztucznych powitano Nowy Rok 2015.<\/li>\r\n\r\n\r\n\r\n<li>9 I Otwarto po\u0142udniowy fragment obwodnicy Mielca \u2013 od ul. Wolno\u015bci do ul. D\u0119bickiej.<\/li>\r\n\r\n\r\n\r\n<li>17 I Kandydat na prezydenta RP z ramienia PiS Andrzej Duda odby\u0142 spotkanie przedwyborcze w Mielcu.<\/li>\r\n\r\n\r\n\r\n<li>25 I \u201eSportowcem Mielca\u201d w 2014 r. w plebiscycie Tygodnika Regionalnego Korso zosta\u0142 Rafa\u0142 Augustyn (OTG Sok\u00f3\u0142 Mielec) \u2013 mistrz Polski w chodzie na 50 km i reprezentant Polski. Tytu\u0142 \u201eTrenera Roku\u201d przyznano Zbigniewowi \u017boli \u2013 trenerowi szermierzy PTG Sok\u00f3\u0142 1893 Mielec, a \u201eTalentem Roku\u201d wybrano Juli\u0119 Gancarz (Ikar Mielec) \u2013 p\u0142ywaczk\u0119. Nagrod\u0119 specjaln\u0105 otrzyma\u0142 Roman Murdza \u2013 trener dru\u017cyny siatk\u00f3wki UKS Sz\u00f3stka Mielec.<\/li>\r\n\r\n\r\n\r\n<li>8 II W czasie gali w sali widowiskowej DK SCK tytu\u0142 \u201eMiss Mielca 2015\u201d przyznano Iwonie M\u0142ynarskiej.<\/li>\r\n\r\n\r\n\r\n<li>18 II W CKPiDN w Mielcu rozpocz\u0119\u0142a dzia\u0142alno\u015b\u0107 M\u0142odzie\u017cowa Akademia Umiej\u0119tno\u015bci Technicznych \u201eLeonardo\u201d.<\/li>\r\n\r\n\r\n\r\n<li>19 II W sali gimnastycznej Zespo\u0142u Szk\u00f3\u0142 im. prof. J. Groszkowskiego odby\u0142a si\u0119 uroczysto\u015b\u0107 wr\u0119czenia aktu powo\u0142uj\u0105cego do dzia\u0142ania Powiatow\u0105 Jednostk\u0119 Strzeleck\u0105 nr 2093 im. gen. W\u0142adys\u0142awa Sikorskiego w Mielcu.<\/li>\r\n\r\n\r\n\r\n<li>II Zako\u0144czono przeprowadzk\u0119 siedziby g\u0142\u00f3wnej Starostwa Powiatowego w Mielcu z budynku przy ul. S. S\u0119kowskiego do budynku przy ul. S. Wyspia\u0144skiego 6.<\/li>\r\n\r\n\r\n\r\n<li>1 III Ulicami Mielca przeszed\u0142 I Marsz Pami\u0119ci \u017bo\u0142nierzy Wykl\u0119tych.<\/li>\r\n\r\n\r\n\r\n<li>13 III W okolicy Rzochowa policjanci przypadkowo odkryli zakopany \u201earsena\u0142\u201d radzieckich bomb lotniczych (m.in. 3 bomby po 250 kg i 49 bomb po 100 kg) i innej amunicji. Niewybuchy zosta\u0142y wydobyte z ziemi i przewiezione na poligon w Nowej D\u0119bie w celu zneutralizowania.<\/li>\r\n\r\n\r\n\r\n<li>20 III Po raz pierwszy w Mielcu zorganizowano Ekstremaln\u0105 Drog\u0119 Krzy\u017cow\u0105, podczas kt\u00f3rej 40-kilometrow\u0105 tras\u0119 z Mielca do Pilzna pokona\u0142o 230 uczestnik\u00f3w.<\/li>\r\n\r\n\r\n\r\n<li>21 IV\u00a0\u00a0\u00a0 W przetargu na \u015bmig\u0142owce dla polskiej armii mieleckie Black Hawki przegra\u0142y z francuskimi Caracalami.<\/li>\r\n\r\n\r\n\r\n<li>8 V Z inicjatywy Komisji Zak\u0142adowej NSZZ Solidarno\u015b\u0107 PZL Mielec na placu Armii Krajowej w Mielcu odby\u0142a si\u0119 pikieta, w czasie kt\u00f3rej protestowano przeciwko decyzji o wyborze francuskich \u015bmig\u0142owc\u00f3w Caracal dla polskiej armii. Protest wsparli zwi\u0105zkowcy z kilku innych miast.<\/li>\r\n\r\n\r\n\r\n<li>10 V W I turze wybor\u00f3w na prezydenta RP w Mielcu najwi\u0119cej g\u0142os\u00f3w otrzymali Andrzej Duda i Pawe\u0142 Kukiz, a trzeci by\u0142 Bronis\u0142aw Komorowski. Do II tury przeszli Andrzej Duda i Bronis\u0142aw Komorowski.<\/li>\r\n\r\n\r\n\r\n<li>23 V W czasie uroczysto\u015bci z okazji Dnia Samorz\u0105dowca w Rzeszowie prezydent miasta Mielca Daniel Kozd\u0119ba zosta\u0142 uznany przez kapitu\u0142\u0119 Podkarpackiej Nagrody Samorz\u0105dowej za najlepszego prezydenta najwi\u0119kszych miast w regionie.<\/li>\r\n\r\n\r\n\r\n<li>24 V W II turze wybor\u00f3w na prezydenta RP w Mielcu Andrzej Duda otrzyma\u0142 17 778 g\u0142os\u00f3w (65,22 %), a Bronis\u0142aw Komorowski \u2013 9 482 g\u0142osy (34,78 % ). Na podstawie g\u0142os\u00f3w wszystkich g\u0142osuj\u0105cych w kraju i poza jego granicami na prezydenta wybrano Andrzeja Dud\u0119.<\/li>\r\n\r\n\r\n\r\n<li>8 VI W czasie fina\u0142owej gali konkursu \u201eTeraz Polska\u201d w Teatrze Wielkim w Warszawie jednym z laureat\u00f3w zosta\u0142o miasto Mielec. Statuetk\u0119 Polskiego God\u0142a Promocyjnego \u201eTeraz Polska\u201d odebra\u0142 prezydent miasta Mielca Daniel Kozd\u0119ba.<\/li>\r\n\r\n\r\n\r\n<li>12 VI W plebiscycie Tygodnika Regionalnego Korso tytu\u0142 \u201eMielczanina Roku 2014\u201d przyznano Eugeniuszowi Jerzemu Andrusiewiczowi \u2013 dyrektorowi Oddzia\u0142u Firmy Elektromonta\u017c w Mielcu. Uroczyste wr\u0119czenie \u201eSka\u0142ki Korso\u201d odby\u0142o si\u0119 w Karczmie Polskiej. Tytu\u0142 \u201eSuper Mielczanina Roku 2014\u201d i statuetk\u0119 otrzyma\u0142 Bogdan Rojkowicz \u2013 prezes AWR Korso.<\/li>\r\n\r\n\r\n\r\n<li>19 VI Uchwa\u0142\u0105 Rady Miejskiej powo\u0142ano Mieleck\u0105 Rad\u0119 Senior\u00f3w.<\/li>\r\n\r\n\r\n\r\n<li>Podczas sesji Rady Miejskiej uchwalono pierwszy w historii miasta \u201ebud\u017cet obywatelski\u201d w wysoko\u015bci 700 tysi\u0119cy z\u0142otych.<\/li>\r\n\r\n\r\n\r\n<li>8 VII Halowym koncertem \u201ePolska muzyka filmowa\u201d w wykonaniu Orkiestry Symfonicznej Filharmonii \u015al\u0105skiej w Katowicach pod batut\u0105 Janusza Powolnego rozpocz\u0119to XVIII Mi\u0119dzynarodowy Festiwal Muzyczny.<\/li>\r\n\r\n\r\n\r\n<li>VII Przy pracach konserwatorskich w bazylice \u015bw. Mateusza odkryto i zrekonstruowano fragment sklepienia z XVIII w. Podj\u0119to decyzj\u0119 o kontynuacji prac.<\/li>\r\n\r\n\r\n\r\n<li>VII Lotniczy koncern Lockheed Martin kupi\u0142 firm\u0119 Sikorsky i w jej ramach Polskie Zak\u0142ady Lotnicze w Mielcu.<\/li>\r\n\r\n\r\n\r\n<li>VII Mielczanin Jakub Kipa zosta\u0142 wicemistrzem \u015bwiata w speedcubingu (w konkurencji uk\u0142adania kostki Rubika stopami) podczas mistrzostw \u015bwiata w Sao Paulo (Brazylia).<\/li>\r\n\r\n\r\n\r\n<li>2 VIII Na terenach rekreacyjnych nad Wis\u0142ok\u0105 przy ul. Rzecznej odby\u0142 si\u0119 II Zlot Militarny.<\/li>\r\n\r\n\r\n\r\n<li>9 VIII Mielecki Sztab Kryzysowy AERIS przeprowadzi\u0142 akcj\u0119 zbierania podpis\u00f3w pod petycj\u0105 adresowan\u0105 do Marsza\u0142ka Wojew\u00f3dztwa, Starosty Powiatu i Prezydenta Mielca \u201eo podj\u0119cie natychmiastowych dzia\u0142a\u0144, kt\u00f3re spowoduj\u0105, \u017ce b\u0119dziemy oddycha\u0107 w Mielcu czystym powietrzem a nie trucizn\u0105\u201d.<\/li>\r\n\r\n\r\n\r\n<li>13 VIII Oddano do u\u017cytku trzeci (ostatni) odcinek obwodnicy Mielca \u2013 od drogi Mielec-Szyd\u0142owiec do Tuszowa Narodowego.<\/li>\r\n\r\n\r\n\r\n<li>23 VIII Na terenach rekreacyjnych przy ul. Rzecznej zorganizowano Do\u017cynki Powiatu Mieleckiego. W programie artystycznym wyst\u0105pi\u0142y zespo\u0142y: Mielecka Kapela Podw\u00f3rkowa i Zodiac.<\/li>\r\n\r\n\r\n\r\n<li>29-30 VIII W programie artystycznym \u201eDni Mielca 2015\u201d wyst\u0105pili m.in.: Rafa\u0142 Brzozowski, Patrycja Markowska, Ray Wilson Genesis Classic oraz zespo\u0142y mieleckie: Mr. Pollack, Mielecka Orkiestra D\u0119ta SCK, Big Band SCK i Senior Show.<\/li>\r\n\r\n\r\n\r\n<li>IX Oddano do u\u017cytku przebudowane i zmodernizowane obiekty sportowe przy I Liceum Og\u00f3lnokszta\u0142c\u0105cym im. S. Konarskiego.<\/li>\r\n\r\n\r\n\r\n<li>10 IX W plenerowym koncercie fina\u0142owym XVIII Mi\u0119dzynarodowego Festiwalu Muzycznego na placu AK wyst\u0105pi\u0142 zesp\u00f3\u0142 \u201ePERFECT\u201d.<\/li>\r\n\r\n\r\n\r\n<li>12-13 IX Na mieleckim lotnisku odby\u0142y si\u0119 Podkarpackie Pokazy Lotnicze \u201eNa Skrzyd\u0142ach Funduszy Europejskich\u201d.<\/li>\r\n\r\n\r\n\r\n<li>20-27 IX Zorganizowano I Festiwal Kultury Chrze\u015bcija\u0144skiej \u201eDotkn\u0105\u0107 Zmartwychwsta\u0142ego\u201d.<\/li>\r\n\r\n\r\n\r\n<li>21 IX W sali posiedze\u0144 Urz\u0119du Miejskiego odby\u0142y si\u0119 wybory 12-osobowej Miejskiej Rady Senior\u00f3w.<\/li>\r\n\r\n\r\n\r\n<li>X Wybudowano rondo na skrzy\u017cowaniu al. Kwiatkowskiego z ul. Przemys\u0142ow\u0105.<\/li>\r\n\r\n\r\n\r\n<li>11 X Nadle\u015bnictwo Mielec otwar\u0142o now\u0105 tras\u0119 rowerow\u0105 \u201eBiesiadcza\u0144skie wydmy\u201d.<\/li>\r\n\r\n\r\n\r\n<li>25 X W wyborach do polskiego parlamentu spo\u015br\u00f3d mielczan jedynie Krystyna Skowro\u0144ska zosta\u0142a wybrana na pos\u0142a do Sejmu RP.<\/li>\r\n\r\n\r\n\r\n<li>6 XI Lockheed Martin oficjalnie potwierdzi\u0142 zakupienie firmy Sikorsky Aircraft Corporation i znajduj\u0105cych si\u0119 w jej strukturze organizacyjnej Polskich Zak\u0142ad\u00f3w Lotniczych.<\/li>\r\n\r\n\r\n\r\n<li>10 XI Podczas obchod\u00f3w Narodowego \u015awi\u0119ta Niepodleg\u0142o\u015bci prezydent RP Andrzej Duda odznaczy\u0142 marsza\u0142ka wojew\u00f3dztwa podkarpackiego \u2013 mielczanina W\u0142adys\u0142awa Ortyla Krzy\u017cem Komandorskim Orderu Odrodzenia Polski.<\/li>\r\n\r\n\r\n\r\n<li>XI W mieleckich szko\u0142ach odby\u0142y si\u0119 wybory do M\u0142odzie\u017cowej Rady Miasta.<\/li>\r\n\r\n\r\n\r\n<li>28 XI Na podstawie uchwa\u0142y Rady Powiatu Mieleckiego pomnik Wdzi\u0119czno\u015bci stoj\u0105cy od 1953 r. przed dawnym Domem Partii, a od 1999 r. siedzib\u0105 Starostwa Powiatowego w Mielcu przy ul. Sandomierskiej, zosta\u0142 przewieziony do siedziby Fundacji Minionej Epoki w Rudzie \u015al\u0105skiej.<\/li>\r\n\r\n\r\n\r\n<li>1 XII Oddano do u\u017cytku zmodernizowan\u0105 i przed\u0142u\u017con\u0105 ulic\u0119 COP przy mieleckim lotnisku.<\/li>\r\n\r\n\r\n\r\n<li>5-6 XII W hali sportowo-widowiskowej MOSiR odby\u0142o si\u0119 m\u0142odzie\u017cowe Diecezjalne Spotkanie SYNAJ. Uroczystej Mszy \u015awi\u0119tej przewodniczy\u0142 biskup Stanis\u0142aw Salaterski. W uroczysto\u015bci wzi\u0119\u0142o udzia\u0142 oko\u0142o 2,5 tysi\u0105ca m\u0142odzie\u017cy.<\/li>\r\n\r\n\r\n\r\n<li>14 XII Prezydent miasta Mielca i firma Kronospan podpisali porozumienie o zdecydowanym zmniejszeniu (o\u015bmiokrotnym) emisji zanieczyszcze\u0144 i poddaniu si\u0119 firmy niezapowiedzianym kontrolom (12 razy w roku).<\/li>\r\n\r\n\r\n\r\n<li>15 XII Oddano do u\u017cytku nowy Inkubator Przedsi\u0119biorczo\u015bci dla firm innowacyjnych przy ul. Wojska Polskiego.<\/li>\r\n\r\n\r\n\r\n<li>17 XII Uchwa\u0142\u0105 Rady Miejskiej powo\u0142ano Mieleck\u0105 Rad\u0119 Dzia\u0142alno\u015bci Po\u017cytku Publicznego.<\/li>\r\n\r\n\r\n\r\n<li>23 XII W du\u017cym namiocie na placu AK odby\u0142a si\u0119 pierwsza w historii miasta \u201eWigilia dla samotnych i ubogich\u201d. Poza nimi w Wigilii uczestniczyli prezydent miasta Mielca Daniel Kozd\u0119ba i proboszcz parafii Matki Bo\u017cej Nieustaj\u0105cej Pomocy ks. Kazimierz Czesak.<\/li>\r\n\r\n\r\n\r\n<li>31 XII Na podstawie ekspertyzy rzeczoznawcy i decyzji prezydenta miasta Mielca Daniela Kozd\u0119by hala sportowo-widowiskowa MOSiR (czynna od 1963 r.) zosta\u0142a wy\u0142\u0105czona z u\u017cytkowania. By\u0142 to ostatni dzie\u0144 funkcjonowania tego zas\u0142u\u017conego obiektu.<\/li>\r\n<\/ul>\r\n\r\n\r\n\r\n<p><br \/><strong>2016<\/strong><\/p>\r\n\r\n\r\n\r\n<ul class=\"wp-block-list\">\r\n<li>1 I Koncertem plenerowym, ta\u0144cami i pokazem ogni sztucznych na placu AK powitano Nowy Rok 2016.<\/li>\r\n\r\n\r\n\r\n<li>9 I W parafii Ducha \u015awi\u0119tego odby\u0142o si\u0119 diecezjalne podsumowanie Kol\u0119dy Misyjnej z udzia\u0142em biskupa tarnowskiego ks. dr. Andrzeja Je\u017ca i dzieci\u0119cych grup misyjnych z ca\u0142ej diecezji tarnowskiej.<\/li>\r\n\r\n\r\n\r\n<li>10 I W Mielcu na Wielk\u0105 Orkiestr\u0119 \u015awi\u0105tecznej Pomocy zebrano oko\u0142o 56 tysi\u0119cy z\u0142otych.<\/li>\r\n\r\n\r\n\r\n<li>19 I W ko\u015bciele Ducha \u015awi\u0119tego z koncertem kol\u0119d i pastora\u0142ek wyst\u0105pi\u0142 ch\u00f3r Pa\u0144stwowego Zespo\u0142u Ludowego Pie\u015bni i Ta\u0144ca \u201eMazowsze\u201d im. T. Sygiety\u0144skiego.<\/li>\r\n\r\n\r\n\r\n<li>23 I Zmar\u0142 Tadeusz Go\u0142\u0119biewski (88 lat) \u2013 d\u0142ugoletni pilot do\u015bwiadczalny WSK PZL Mielec.<\/li>\r\n\r\n\r\n\r\n<li>5 II W katastrofie lotniczej w Arizonie zgin\u0105\u0142 Jeff Pino \u2013 prezes Sikorsky Aircraft w latach 2006-2012. Za jego prezesowania Sikorsky Aircraft zakupi\u0142 Polskie Zak\u0142ady Lotnicze w Mielcu.<\/li>\r\n\r\n\r\n\r\n<li>II \u201eSportowcem Mielca roku 2015\u201d w plebiscycie Tygodnika Regionalnego Korso zosta\u0142a Katarzyna Zdzieb\u0142o (LKS Stal Mielec) \u2013 potr\u00f3jna mistrzyni Polski w chodzie sportowymi w kategorii juniorek i reprezentantka Polski. Tytu\u0142 \u201eTrenera Roku\u201d przyznano Grzegorzowi Goryczce \u2013 instruktorowi Mieleckiego Stowarzyszenia Modelarzy Kosmicznych, a \u201eTalentem Roku\u201d wybrano pi\u0142karza no\u017cnego Grzegorza P\u0142atka (Stal Mielec).<\/li>\r\n\r\n\r\n\r\n<li>15 II Polskie Zak\u0142ady Lotnicze w Mielcu wizytowa\u0142a prezes zarz\u0105du i dyrektor naczelny korporacji Lockheed Martin Marillyn Hewson.<\/li>\r\n\r\n\r\n\r\n<li>24 II Zmar\u0142 Tadeusz \u0141akomy (65 lat) \u2013 by\u0142y zawodnik ekstraklasowego zespo\u0142u pi\u0142ki r\u0119cznej FKS Stal Mielec, trener m\u0119skiej i \u017ce\u0144skiej reprezentacji Polski w pi\u0142ce r\u0119cznej.<\/li>\r\n\r\n\r\n\r\n<li>28 II Podczas gali w sali widowiskowej DK SCK tytu\u0142 \u201eMiss Mielca 2016\u201d przyznano Klaudii Skawi\u0144skiej.<\/li>\r\n\r\n\r\n\r\n<li>II E. Lecrerc (francuska sie\u0107 hipermarket\u00f3w) zakupi\u0142a budowan\u0105 w Mielcu galeri\u0119 Aviator i zmieni\u0142a jej nazw\u0119 na Navigator.<\/li>\r\n\r\n\r\n\r\n<li>5 III Paulina Buziak (LKS Stal Mielec) zdoby\u0142a z\u0142oty medal i tytu\u0142 mistrzyni Polski w chodzie sportowym na dystansie 3 km w Halowych Mistrzostwach Polski w Toruniu.<\/li>\r\n\r\n\r\n\r\n<li>22 III Podczas zawod\u00f3w w chodach sportowych z cyklu IAAF Race Walking Challange w Dudincach (S\u0142owacja) Rafa\u0142 Augustyn (LKS Stal Mielec) zwyci\u0119\u017cy\u0142 na dystansie 50 km i zdoby\u0142 tytu\u0142 mistrza Polski. Wynik 3:43:22 da\u0142 mu te\u017c kwalifikacj\u0119 do startu na Igrzyskach Olimpijskich w Rio de Janeiro (Bazylia).<\/li>\r\n\r\n\r\n\r\n<li>III Bartosz Ka\u017amierski z modelarni CKPiDN w Mielcu zdoby\u0142 w Pruszkowie tytu\u0142 mistrza Polski w modelarstwie lotniczym w konkurencji aeromusical.<\/li>\r\n\r\n\r\n\r\n<li>26 III W wypadku samochodowym w Weryni zgin\u0119\u0142o 5 m\u0142odych pi\u0142karzy no\u017cnych \u2013 wychowank\u00f3w Stali Mielec: Patryk Szewczyk, Rafa\u0142 Pydych, Kamil Pydych, Kamil O\u015bliz\u0142o i Mariusz Korz\u0119pa.<\/li>\r\n\r\n\r\n\r\n<li>7 IV Prezydent miasta Mielca Daniel Kozd\u0119ba oficjalnie uruchomi\u0142 o\u015bwietlenie nawigacyjne mieleckiego lotniska, drugie &#8211; po lotnisku w Jasionce &#8211; w wojew\u00f3dztwie podkarpackim.<\/li>\r\n\r\n\r\n\r\n<li>11 IV W Pa\u0142acyku Oborskich \u2013 Muzeum Regionalnym odby\u0142a si\u0119 konferencja naukowa z okazji 1050. rocznicy chrztu Polski.<\/li>\r\n\r\n\r\n\r\n<li>14-15 IV W restauracji \u201eImperium\u201d odby\u0142a si\u0119 konferencja naukowa po\u015bwi\u0119cona prof. W\u0142adys\u0142awowi Szaferowi z okazji 130. rocznicy urodzin.<\/li>\r\n\r\n\r\n\r\n<li>17 IV Paulina Buziak (LKS Stal Mielec) na mi\u0119dzynarodowym mityngu w Podiebradach (Czechy) zaj\u0119\u0142a 2. miejsce i uzyska\u0142a czas 1:30:36, wype\u0142niaj\u0105c minimum uprawniaj\u0105ce do startu na IO w Rio de Janeiro.<\/li>\r\n\r\n\r\n\r\n<li>23 IV W Domu Kultury SCK otwarto wystaw\u0119 \u201eOstr\u00f3w Lednicki. U \u017ar\u00f3de\u0142 chrze\u015bcija\u0144stwa w Polsce\u201d w ramach obchod\u00f3w 1050. rocznicy chrztu Polski.<\/li>\r\n\r\n\r\n\r\n<li>3 V W bazylice mn. \u015bw. Mateusza i przed pomnikiem Wolno\u015bci odby\u0142y si\u0119 uroczysto\u015bci z okazji \u015awi\u0119ta 3 Maja.<\/li>\r\n\r\n\r\n\r\n<li>15 V W 31. kolejce rozgrywek o mistrzostwo II ligi w pi\u0142ce no\u017cnej Stal Mielec pokona\u0142a KS ROW 1964 Rybnik 3:0 i na 3 kolejki przed ko\u0144cem rozgrywek zapewni\u0142a sobie awans do I ligi.<\/li>\r\n\r\n\r\n\r\n<li>18 V Zmar\u0142 Zygmunt Kukla \u2013 bramkarz dru\u017cyny pi\u0142ki no\u017cnej FKS Stal Mielec, w barwach kt\u00f3rej dwukrotnie wywalczy\u0142 tytu\u0142 mistrza Polski; wielokrotny reprezentant Polski m.in. na Mistrzostwach \u015awiata w 1978 r. (5-6. miejsce).<\/li>\r\n\r\n\r\n\r\n<li>1 VI W Specjalnym O\u015brodku Szkolno-Wychowawczym w Smoczce odby\u0142a si\u0119 intronizacja obrazu \u015bw. Jadwigi Kr\u00f3lowej \u2013 patronki O\u015brodka. Uroczysto\u015bci przewodniczy\u0142 biskup Leszek Leszkiewicz.<\/li>\r\n\r\n\r\n\r\n<li>2 VI Zmar\u0142 Andrzej Niemczyk \u2013 by\u0142y siatkarz Stali Mielec, wybitny trener pi\u0142ki siatkowej kobiet, m.in. z reprezentacj\u0105 Polski zdoby\u0142 mistrzostwo Europy w 2003 i 2005 r.<\/li>\r\n\r\n\r\n\r\n<li>3 VI W 20. Plebiscycie Korso tytu\u0142 \u201eMielczanina roku 2015\u201d przyznano prezydentowi miasta Mielca Danielowi Kozd\u0119bie, a tytu\u0142 Mielczanina XX-lecia otrzyma\u0142 by\u0142y prezydent miasta Mielca Janusz Chodorowski. Uroczysto\u015b\u0107 wr\u0119czenia \u201eSka\u0142ek Korso\u201d odby\u0142a si\u0119 w Karczmie Polskiej.<\/li>\r\n\r\n\r\n\r\n<li>11-12 VI Podczas zawod\u00f3w Mielec Cube Days 2016 (uk\u0142adanie kostki Rubika) w Mielcu z udzia\u0142em czo\u0142\u00f3wki krajowej mielczanin Grzegorz Kipa ustanowi\u0142 nowy rekord \u015bwiata w kategorii 3x3x3With Feet (28,16 sek.). Poprzedni rekord by\u0142 gorszy o 0,25 sekundy i nale\u017ca\u0142 do Brazylijczyka Gabriela Pereiry Campanha.<\/li>\r\n\r\n\r\n\r\n<li>23 VI W czasie sesji Rady Miejskiej podj\u0119to uchwa\u0142\u0119 o nadaniu rondu na ul. Powsta\u0144c\u00f3w Warszawy, przy skrzy\u017cowaniu z ul. Zygmuntowsk\u0105 i dojazdem do galerii Aviator, imienia rotmistrza Witolda Pileckiego.<\/li>\r\n\r\n\r\n\r\n<li>24-26 VI Podczas 92. Lekkoatletycznych Mistrzostw Polski w Bydgoszczy Paulina Buziak (LKS Stal Mielec) wywalczy\u0142a z\u0142oty medal i tytu\u0142 mistrzyni Polski w chodzie sportowym na 20 km (1:36:52).<\/li>\r\n\r\n\r\n\r\n<li>28 VI Do numeru 26 Tygodnika Regionalnego Korso do\u0142\u0105czono \u201eEncyklopedi\u0119 miasta Mielca\u201d (4 tomy) na p\u0142ycie CD.<\/li>\r\n\r\n\r\n\r\n<li>21-26 VII W Mielcu przebywa\u0142o ponad 300 pielgrzym\u00f3w przygotowuj\u0105cych si\u0119 do \u015awiatowych Dni M\u0142odzie\u017cy w Krakowie.<\/li>\r\n\r\n\r\n\r\n<li>VII Do rozgrywek zawodowej Superligi (ekstraklasy) w pi\u0142ce r\u0119cznej w sezonie 2016\/2017 zakwalifikowano SPR Stal Mielec SA.<\/li>\r\n\r\n\r\n\r\n<li>19 VIII Podczas Igrzysk Olimpijskich w Rio de Janeiro startowali reprezentuj\u0105cy Polsk\u0119 mielczanie. Paulina Buziak zaj\u0119\u0142a 28. miejsce w chodzie na 20 km, a Rafa\u0142 Augustyn \u2013 22. miejsce w chodzie na 50 km.<\/li>\r\n\r\n\r\n\r\n<li>VIII W Mistrzostwach \u015awiata Modeli Kosmicznych we Lwowie w reprezentacji Polski startowa\u0142o pi\u0119ciu mielczan, kt\u00f3rzy w r\u00f3\u017cnych konkurencjach wywalczyli 10 medali. Najwi\u0119kszy sukces osi\u0105gn\u0119li Wojciech Koszelski, kt\u00f3ry zdoby\u0142 tytu\u0142 mistrza \u015bwiata junior\u00f3w w klasie S7 oraz Przemys\u0142aw \u017burawski \u2013 wicemistrz \u015bwiata w tej klasie. Obaj mielczanie zdobyli te\u017c dru\u017cynowe mistrzostwo \u015bwiata w klasie S7. Ponadto w konkurencji senior\u00f3w Grzegorz Goryczka i Andrzej Rusinowski zdobyli dru\u017cynowe wicemistrzostwo \u015bwiata w klasie S5C i br\u0105zowy medal w S7.<\/li>\r\n\r\n\r\n\r\n<li>26-28 VIII W trzydniowych \u201eDniach Mielca\u201d koncertowali m.in.: \u201eKult\u201d, \u201ePopovacula\u201d, Red Lips, Grzegorz Hy\u017cy, Big Band SCK i Micha\u0142 Grobelny z go\u015bcinnym udzia\u0142em Mieleckiej Orkiestry D\u0119tej.<\/li>\r\n\r\n\r\n\r\n<li>31 VIII Marsza\u0142ek Wojew\u00f3dztwa Podkarpackiego wyda\u0142 decyzj\u0119 wyra\u017caj\u0105c\u0105 zgod\u0119 na zamkni\u0119cie sk\u0142adowiska odpad\u00f3w innych ni\u017c niebezpieczne i oboj\u0119tne w Mielcu.\u00a0<\/li>\r\n\r\n\r\n\r\n<li>IX Na terenie SSE, w czasie przygotowywania terenu pod inwestycj\u0119, znaleziono w ziemi ponad 150 pocisk\u00f3w artyleryjskich z czas\u00f3w II wojny \u015bwiatowej.<\/li>\r\n\r\n\r\n\r\n<li>2 IX W koncercie fina\u0142owym XIX Mi\u0119dzynarodowego Festiwalu Muzycznego na placu AK wyst\u0105pi\u0142a Edyta G\u00f3rniak.<\/li>\r\n\r\n\r\n\r\n<li>4 IX Na terenach rekreacyjnych przy ul. Rzecznej odby\u0142y si\u0119 Do\u017cynki Powiatowe z udzia\u0142em delegacji z wszystkich gmin powiatu mieleckiego.<\/li>\r\n\r\n\r\n\r\n<li>IX W czasie Mistrzostw Europy Modeli Swobodnie Lataj\u0105cych w Zrenjaninie (Serbia) mielczanin Edward Burek zdoby\u0142 z\u0142oty medal dru\u017cynowy (reprezentacja Polski) w klasie F1c (modele z nap\u0119dem silnikowym).<\/li>\r\n\r\n\r\n\r\n<li>IX W kilku firmach na terenie SSE EURO-PARK MIELEC odby\u0142y si\u0119 strajki z \u017c\u0105daniami poprawy warunk\u00f3w pracy.<\/li>\r\n\r\n\r\n\r\n<li>15 X Zmar\u0142a Bronis\u0142awa Blukot (83 lata) \u2013 d\u0142ugoletnia dzia\u0142aczka organizacji kobiecych i przewodnicz\u0105ca Ko\u0142a Zwi\u0105zku Sybirak\u00f3w w Mielcu.<\/li>\r\n\r\n\r\n\r\n<li>24 X Zmar\u0142 W\u0142adys\u0142aw Gajowiec (86 lat) \u2013 d\u0142ugoletni nauczyciel i dyrektor II Liceum Og\u00f3lnokszta\u0142c\u0105cego im. M. Kopernika w Mielcu.<\/li>\r\n\r\n\r\n\r\n<li>X Premier Beata Szyd\u0142o i minister obrony narodowej Antoni Macierewicz wizytowali Polskie Zak\u0142ady Lotnicze w Mielcu. W czasie wizyty minister zapowiedzia\u0142 zakup mieleckich \u015bmig\u0142owc\u00f3w Black Hawk dla polskiej armii.<\/li>\r\n\r\n\r\n\r\n<li>XI Firma Skanska rozpocz\u0119\u0142a rozbi\u00f3rk\u0119 hali sportowo-widowiskowej MOSiR przy ul. L. Solskiego \u2013 zwanej popularnie \u201ehangar-aren\u0105\u201d.<\/li>\r\n\r\n\r\n\r\n<li>6-10 XI Odby\u0142y si\u0119 I Mieleckie Dni Seniora. Fina\u0142owa imprez\u0105 by\u0142 wyb\u00f3r Najsympatyczniejszej Seniorki Mielca, kt\u00f3r\u0105 zosta\u0142a Anna Paprocka.<\/li>\r\n\r\n\r\n\r\n<li>10 XI Towarzystwo Mi\u0142o\u015bnik\u00f3w Ziemi Mieleckiej im. W\u0142adys\u0142awa Szafera przyzna\u0142o po raz pierwszy medale i statuetki \u201ePiecz\u0119\u0107 Zas\u0142ug Obywatelskich \u2013 Sigillum Meriti Civilis\u201d. Otrzymali je: prezydent miasta Mielca w latach 1994-2014 Janusz Chodorowski oraz po\u015bmiertnie b\u0142ogos\u0142awiony ks. Roman Sitko \u2013 budowniczy bursy gimnazjalnej w 1912 r. i d\u0142ugoletni katecheta gimnazjum w Mielcu. Medal i statuetk\u0119 odebrali przedstawiciele Zespo\u0142u Szk\u00f3\u0142 Ekonomicznych im. B\u0142. Ks. Romana Sitki.<\/li>\r\n\r\n\r\n\r\n<li>11 XI W bazylice mn. \u015bw. Mateusza i przed pomnikiem Wolno\u015bci odby\u0142y si\u0119 uroczysto\u015bci z okazji Narodowego \u015awi\u0119ta Niepodleg\u0142o\u015bci.<\/li>\r\n\r\n\r\n\r\n<li>16 XI Otwarto galeri\u0119 Navigator przy ul. Powsta\u0144c\u00f3w Warszawy.<\/li>\r\n\r\n\r\n\r\n<li>30 XI Zmar\u0142a Irena Micho\u0144ska (85 lat) \u2013 lekarz medycyny, by\u0142a ordynator Oddzia\u0142u Zaka\u017anego Szpitala Powiatowego w Mielcu, radna MRN, za\u0142o\u017cycielka Hospicjum Domowego.<\/li>\r\n\r\n\r\n\r\n<li>XI Firma Skanska rozpocz\u0119\u0142a rozbi\u00f3rk\u0119 hali sportowo-widowiskowej MOSiR przy ul. L. Solskiego \u2013 zwanej popularnie \u201ehangar-aren\u0105\u201d.<\/li>\r\n\r\n\r\n\r\n<li>XI Zako\u0144czono przebudow\u0119 ulic Kazimierza Jagiello\u0144czyka i S. Padyku\u0142y z niewielkim rondem przy skrzy\u017cowaniu tych ulic.<\/li>\r\n\r\n\r\n\r\n<li>XII Marsza\u0142ek wojew\u00f3dztwa podkarpackiego, starosta powiatu mieleckiego, prezydent miasta Mielca i w\u00f3jtowie gmin podpisali porozumienie w sprawie budowy p\u00f3\u0142nocnej obwodnicy Mielca z nowym mostem na rzece Wis\u0142oce.<\/li>\r\n\r\n\r\n\r\n<li>12 XII Zmar\u0142a najstarsza mieszkanka Mielca \u2013 Stanis\u0142awa Wery\u0144ska (105 lat).<\/li>\r\n\r\n\r\n\r\n<li>16 XII Otwarto market Leroy Merlin przy ul. Powsta\u0144c\u00f3w Warszawy.<\/li>\r\n\r\n\r\n\r\n<li>26 XII Przy ko\u015bciele pw. Tr\u00f3jcy Przenaj\u015bwi\u0119tszej odby\u0142a si\u0119 uroczysto\u015b\u0107 po\u015bwi\u0119cenia pomnika b\u0142. ks. Jerzego Popie\u0142uszki.<\/li>\r\n\r\n\r\n\r\n<li>17 XII Uchwa\u0142\u0105 Rady Miejskiej rozpocz\u0119to tworzenie Mieleckiej Rady Po\u017cytku Publicznego.<\/li>\r\n<\/ul>\r\n\r\n\r\n\r\n<p><br \/><strong>2017<\/strong><\/p>\r\n\r\n\r\n\r\n<ul class=\"wp-block-list\">\r\n<li>1 I Nowy Rok 2017 powitano na placu AK tradycyjnym pokazem ogni sztucznych i zabaw\u0105 taneczn\u0105.<\/li>\r\n\r\n\r\n\r\n<li>6 I Po raz pierwszy w Mielcu ulicami miasta przeszed\u0142 Orszak Trzech Kr\u00f3li.<\/li>\r\n\r\n\r\n\r\n<li>29 I Podczas gali w sali widowiskowej DK SCK tytu\u0142 \u201eMiss Mielca 2017\u201d otrzyma\u0142a Marta Machnik.<\/li>\r\n\r\n\r\n\r\n<li>5 II Zmar\u0142a Irena Nowakowska (93 lata) \u2013 by\u0142a dyrektor Robotniczego Centrum Kultury i wiceprzewodnicz\u0105ca Miejskiej Rady Narodowej, matka chrzestna statku \u201eMielec\u201d, prezes Funduszu Kulturalno-Charytatywnego im. Adama Chmielowskiego Brata Alberta.<\/li>\r\n\r\n\r\n\r\n<li>9 II Na sesji Rady Miejskiej podj\u0119to uchwa\u0142\u0119 o nadaniu skwerowi pomi\u0119dzy ulicami W\u0105sk\u0105 i Nowy Rynek imienia Abby Fenichela &#8211; malarza artysty zwi\u0105zanego z Mielcem.<\/li>\r\n\r\n\r\n\r\n<li>18 II W czasie Gali Mieleckiego Sportu, kt\u00f3ra odby\u0142a si\u0119 w Karczmie Polskiej, Sportowcem Mielca 2016 zosta\u0142a Paulina Buziak-\u015amiatacz (LKS Stal Mielec) \u2013 wielokrotna mistrzyni Polski w chodzie sportowym, olimpijka z Rio de Janeiro. Talentem Roku uznano tak\u017ce chodziark\u0119 Juli\u0119 M\u0105dry (LKS Stal Mielec), Trenerem Roku \u2013 Janusza Bia\u0142ka (Stal Mielec) i Najlepszym Sportowcem Uczniem \u2013 Macieja Ka\u017amierskiego. Ponadto prezes Stali Mielec Jacek Or\u0142owski otrzyma\u0142 statuetk\u0119 \u201eSportowe Wydarzenie Roku\u201d za awans dru\u017cyny pi\u0142ki no\u017cnej do I ligi.<\/li>\r\n\r\n\r\n\r\n<li>3 III Rozpocz\u0119to zaj\u0119cia pierwszej w historii Mielca Szko\u0142y Lider\u00f3w Miasta.<\/li>\r\n\r\n\r\n\r\n<li>III W czasie presti\u017cowego mi\u0119dzynarodowego mityngu Dudinska Patdesiatka w Dudincach (S\u0142owacja) Rafa\u0142 Augustyn (LKS Stal Mielec) zdoby\u0142 tytu\u0142 mistrza Polski w chodzie na 50 km z czasem 3:44:42.<\/li>\r\n\r\n\r\n\r\n<li>13 III W pa\u0142acyku Oborskich \u2013 Muzeum Regionalnym otwarto wystaw\u0119 \u201eArcheologiczna autostrada \u2013 wykopaliska przy wielkich inwestycjach drogowych pod Krakowem\u201d.<\/li>\r\n\r\n\r\n\r\n<li>IV Wojciech Lubieniecki (PTG Sok\u00f3\u0142 1893 Mielec), jako reprezentant Polski, wywalczy\u0142 tytu\u0142 dru\u017cynowego wicemistrza \u015bwiata junior\u00f3w w szpadzie w P\u0142owdiw (Bu\u0142garia).<\/li>\r\n\r\n\r\n\r\n<li>26 IV W zwi\u0105zku z tzw. ustaw\u0105 dekomunizacyjn\u0105 Rada Miejska zmieni\u0142a trzech patron\u00f3w ulic: Lucjana Szenwalda na pp\u0142k Waleriana Tumanowicza, Lucjana Rudnickiego na Feliksa Borodzika i Tomasz D\u0105bala na Tadeusza Grzybowskiego.<\/li>\r\n\r\n\r\n\r\n<li>3 V W bazylice mn. \u015bw. Mateusza i przed pomnikiem Wolno\u015bci odby\u0142y si\u0119 uroczysto\u015bci z okazji \u015awi\u0119ta 3 Maja.<\/li>\r\n\r\n\r\n\r\n<li>V Marsza\u0142ek wojew\u00f3dztwa podkarpackiego W\u0142adys\u0142aw Ortyl podpisa\u0142 umow\u0119 z firm\u0105 BUDIMEX na budow\u0119 drugiego mostu na rzece Wis\u0142oce. Ulic\u0105 dojazdow\u0105 do mostu b\u0119dzie ul. Kosmonaut\u00f3w i jej przed\u0142u\u017cenie po skrzy\u017cowaniu z ul. H. Sienkiewicza.<\/li>\r\n\r\n\r\n\r\n<li>26 V Na stadionie miejskim w Mielcu odby\u0142a si\u0119 inauguracja mi\u0119dzynarodowych zawod\u00f3w z cyklu Puchar Narod\u00f3w \u201eStrongman\u2013 2017\u201d z udzia\u0142em 8 si\u0142aczy z 7 kraj\u00f3w. By\u0142y to pierwsze w historii miasta zawody w tej niezwyk\u0142ej dyscyplinie sportowej. Zwyci\u0119\u017cy\u0142 Robert Cyrwus (Polska).<\/li>\r\n\r\n\r\n\r\n<li>28 V Po uroczystej Mszy \u015awi\u0119tej w ko\u015bciele pw. \u015bw. Marka Ewangelisty na Rynku Rzochowskim odby\u0142a si\u0119 uroczysto\u015b\u0107 ods\u0142oni\u0119cia i po\u015bwi\u0119cenia \u201ekamienia pami\u0119ci\u201d z okazji 635. rocznicy lokacji miasta Rzochowa.<\/li>\r\n\r\n\r\n\r\n<li>13 VI Biskup tarnowski dr Andrzej Je\u017c wr\u0119czy\u0142 nominacje na proboszcz\u00f3w. Z zwi\u0105zku z przej\u015bciem ks. Kazimierza Czesaka na emerytur\u0119 &#8211; nowym proboszczem parafii Matki Bo\u017cej Nieustaj\u0105cej Pomocy zosta\u0142 ks. dr Bogus\u0142aw Po\u0142e\u0107.<\/li>\r\n\r\n\r\n\r\n<li>22-23 VI Na mieleckim lotnisku odby\u0142y si\u0119 Mistrzostwa Polski w Ratownictwie Medycznym.<\/li>\r\n\r\n\r\n\r\n<li>30 VI Oficjalnie otwarto kino CINEMA3D w galerii Navigator przy ul. Powsta\u0144c\u00f3w Warszawy.<\/li>\r\n\r\n\r\n\r\n<li>1 VII Rozpocz\u0119to rekultywacj\u0119 sk\u0142adowiska odpad\u00f3w komunalnych.<\/li>\r\n\r\n\r\n\r\n<li>21 VII Na mieleckim lotnisku mia\u0142 miejsce wypadek lotniczy prywatnego samolotu. Zgin\u0119\u0142y 2 osoby.<\/li>\r\n\r\n\r\n\r\n<li>23 VII Na terenach rekreacyjnych nad Wis\u0142ok\u0105 odby\u0142 si\u0119 Festiwal &#8222;Youthest&#8221;. W programie g\u0142\u00f3wnymi atrakcjami by\u0142y: Festiwal Baniek, Festiwal Kolor\u00f3w i Festiwal Ognia.<\/li>\r\n\r\n\r\n\r\n<li>28 VII Na stadionie miejskim odby\u0142 si\u0119 inauguracyjny mecz pi\u0142ki no\u017cnej o mistrzostwo I ligi, w kt\u00f3rym Stal Mielec (beniaminek) pokona\u0142a Ruch Chorz\u00f3w 1:0. Mecz ogl\u0105da\u0142o ok. 5000 widz\u00f3w, a ponadto transmitowano go na antenie TV Polsat.<\/li>\r\n\r\n\r\n\r\n<li>29 VII Na bulwarze nad Wis\u0142ok\u0105 odby\u0142 si\u0119 IV Mielecki Zlot Militarny Partyzancki Patrol.<\/li>\r\n\r\n\r\n\r\n<li>30 VII Bulwar nad Wis\u0142ok\u0105 by\u0142 miejscem tradycyjnego Miejskiego Festynu &#8222;Grunt to rodzinka&#8221;.<\/li>\r\n\r\n\r\n\r\n<li>12 VIII W ramach obchod\u00f3w 80-lecia Centralnego Okr\u0119gu Przemys\u0142owego na lotnisku odby\u0142 si\u0119 festyn lotniczy.<\/li>\r\n\r\n\r\n\r\n<li>17 VIII Oko\u0142o 400 mielczan wyruszy\u0142o w 35. Pieszej Pielgrzymce Tarnowskiej na Jasn\u0105 G\u00f3r\u0119.<\/li>\r\n\r\n\r\n\r\n<li>25 VIII W sali widowiskowej Domu Kultury SCK odby\u0142y si\u0119 VII Spotkania Lotniczych Pokole\u0144 &#8211; Mielec 2017.<\/li>\r\n\r\n\r\n\r\n<li>26-27 VIII Na terenach rekreacyjnych MOSiR odby\u0142y si\u0119 tradycyjne Dni Mielca. W programie muzycznym wyst\u0105pili m.in.: piosenkarki Katarzyna Mo\u015b i Ania D\u0105browska oraz zespo\u0142y artystyczne Domu Kultury SCK. Ponadto prezentowa\u0142y si\u0119: Automobilklub Mielecki, Klub \u015arodowisk Tw\u00f3rczych TMZM i SPR Stal Mielec..<\/li>\r\n\r\n\r\n\r\n<li>27 VIII W Centrum Wystawienniczo-Promocyjnym rozegrano XXIII Mi\u0119dzynarodowy Solidarno\u015bciowy Turniej Szachowy &#8222;Sierpie\u0144 2017&#8221;. Zwyci\u0119zc\u0105 turnieju zosta\u0142 arcymistrz Marcin Dziuba.<\/li>\r\n\r\n\r\n\r\n<li>VIII Z okazji 60-lecia rozpocz\u0119cia produkcji samochodu Mikrus w Mielcu odby\u0142 si\u0119 Europejski Dzie\u0144 Mikrusa i Zlot Pojazd\u00f3w Zabytkowych.<\/li>\r\n\r\n\r\n\r\n<li>VIII Reprezentant Polski Rafa\u0142 Augustyn (LKS Stal Mielec) zaj\u0105\u0142 7. miejsce w chodzie na dystansie 50 km w czasie Mistrzostw \u015awiata w Londynie.\u00a0<\/li>\r\n\r\n\r\n\r\n<li>2 IX W ramach og\u00f3lnopolskiej akcji &#8222;Narodowe Czytanie&#8221; w Pa\u0142acyku Oborskich i Galerii Navigator czytano fragmenty &#8222;Wesela&#8221; S. Wyspia\u0144skiego.\u00a0<\/li>\r\n\r\n\r\n\r\n<li>3 IX Po Mszy \u015awi\u0119tej dzi\u0119kczynnej w bazylice mn. \u015bw. Mateusza, na terenach zielonych przy ul. Rzecznej odby\u0142y si\u0119 tradycyjne Do\u017cynki Powiatu Mieleckiego.\u00a0<\/li>\r\n\r\n\r\n\r\n<li>7 IX W Oddziale Fotograficznym &#8222;Jadern\u00f3wka&#8221; Muzeum Regionalnego SCK otwarto wystaw\u0119 &#8222;Zr\u00f3bmy w Mielcu lotnisko&#8221;.<\/li>\r\n\r\n\r\n\r\n<li>9 IX W Sanktuarium Matki Bo\u017cej Kr\u00f3lowej Rodzin w Chorzelowie odby\u0142a si\u0119 Uroczysto\u015b\u0107 Koronacji Obrazu Matki Bo\u017cej Kr\u00f3lowej Rodzin. Mszy \u015awi\u0119tej Koronacyjnej przewodniczy\u0142 arcybiskup Wkktor Skworc Metropolita Katowicki w asy\u015bcie Biskupa Tarnowskiego Andrzeja Je\u017ca.<\/li>\r\n\r\n\r\n\r\n<li>9 IX Po przeprowadzonym remoncie oddano do u\u017cytku plac Armii Krajowej.<\/li>\r\n\r\n\r\n\r\n<li>10 IX Na plenerowej scenie przed Domem Kultury SCK odby\u0142 si\u0119 fina\u0142owy koncert 20. Mieleckiego Festiwalu Muzycznego, w kt\u00f3rym wyst\u0105pili: Atom String Quartet, Sinfonia Varsovia pod dyrekcj\u0105 Adama Sztaby oraz Kasia Wilk (vokal).<\/li>\r\n\r\n\r\n\r\n<li>26 IX W Pa\u0142acyku Oborskich Muzeum Regionalnego SCK otwarto wystaw\u0119 &#8222;Z\u0142oto Ba\u0142tyku&#8221;.<\/li>\r\n\r\n\r\n\r\n<li>27-30 IX Film &#8222;Ojciec i syn&#8221;, dokument nt. bitwy partyzanckiej w Ostrowach Tuszowskich w 1946 r., zrealizowany przez uczennice I LO Aleksandr\u0119 Ko\u015bcieln\u0105 i Wiolett\u0119 Kilian, przy wsparciu nauczycielki Ma\u0142gorzaty Stryczek i radnego Rady Miejskiej Romualda Rzeszutka, zdoby\u0142 I miejsce &#8211; Nagrod\u0119 &#8222;Anio\u0142 Wolno\u015bci&#8221; na IX Festiwalu Filmowym &#8222;Niepokorni Niez\u0142omni Wykl\u0119ci&#8221; w projekcie &#8222;M\u0142odzi dla Historii&#8221; w Gdyni.<\/li>\r\n\r\n\r\n\r\n<li>30 IX Z okazji 65-lecia Zespo\u0142u Pie\u015bni i Ta\u0144ca &#8222;Rzeszowiacy&#8221; w sali widowiskowej Domu Kultury SCK odby\u0142 si\u0119 okoliczno\u015bciowy koncert. Podczas koncertu ZPiT &#8222;Rzeszowiacy&#8221; przyj\u0105\u0142 imi\u0119 Jana Mejzy &#8211; za\u0142o\u017cyciela zespo\u0142u i jego d\u0142ugoletniego kierownika artystycznego i dyrygenta.\u00a0\u00a0<\/li>\r\n\r\n\r\n\r\n<li>5\/6 X W nocy pot\u0119\u017cna wichura wyrz\u0105dzi\u0142a wielkie szkody, m.in. powalaj\u0105c kilkadziesi\u0105t drzew na terenie Mielca. Ofiar w ludziach nie by\u0142o.<\/li>\r\n\r\n\r\n\r\n<li>7-19 X W ramach II Mieleckich Dni Seniora odby\u0142 si\u0119 cykl imprez.<\/li>\r\n\r\n\r\n\r\n<li>8 X &#8222;Koncertem Inauguracyjnym&#8221; w sali widowiskowej DK SCK rozpocz\u0119\u0142a dzia\u0142alno\u015b\u0107 Mielecka Orkiestra Symfoniczna pod dyrekcj\u0105 Franciszka Wyzgi.<\/li>\r\n\r\n\r\n\r\n<li>13 X W mieleckim Zamiejscowym Wydziale Wy\u017cszej Szko\u0142y Gospodarki i Zarz\u0105dzania w Krakowie odby\u0142a si\u0119 inauguracja roku akademickiego 2017\/2018.<\/li>\r\n\r\n\r\n\r\n<li>19 X W ko\u015bciele Matki Bo\u017cej Nieustaj\u0105cej Pomocy i sali widowiskowej DK SCK odby\u0142a si\u0119 uroczysto\u015b\u0107 z okazji 10-lecia Mieleckiego Uniwersytetu Trzeciego Wieku.<\/li>\r\n\r\n\r\n\r\n<li>19 X W ko\u015bciele Matki Bo\u017cej Nieustaj\u0105cej Pomocy i Szkole Podstawowej nr 3 im. Wojska Polskiego odby\u0142a si\u0119 uroczysto\u015b\u0107 60-lecia szko\u0142y oraz po\u015bwi\u0119cenia i oddania do u\u017cytku nowej szkolnej sali gimnastycznej.\u00a0 \u00a0<\/li>\r\n\r\n\r\n\r\n<li>21-22 X W sali widowiskowej DK SCK i Wydziale Us\u0142ug Lotniczych na mieleckim lotnisku odby\u0142 si\u0119 og\u00f3lnopolski V Zjazd Agrolotnik\u00f3w.<\/li>\r\n\r\n\r\n\r\n<li>28 X 20-lecie Stowarzyszenia Senior\u00f3w ZPiT &#8222;Rzeszowiacy&#8221; uczczono koncertem w sali widowiskowej DK SCK.<\/li>\r\n\r\n\r\n\r\n<li>5 XI W sali widowiskowej Domu Kultury SCK odby\u0142a si\u0119 premiera sztuki teatralnej\u00a0<em>Ciotka<\/em>\u00a0W\u0142odzimierza K\u0142aczy\u0144skiego w wykonaniu Teatru Rozmaito\u015bci DK SCK, re\u017cyserowanej przez Jadwig\u0119 Klaus.<\/li>\r\n\r\n\r\n\r\n<li>8 XI W Oddziale Fotograficznym &#8222;Jadern\u00f3wka&#8221; Muzeum Regionalnego SCK odby\u0142 si\u0119 wernisa\u017c wystawy &#8222;Fotografowie wojny&#8221;.<\/li>\r\n\r\n\r\n\r\n<li>9 XI W Galerii ESCEK DK SCK odby\u0142 si\u0119 wernisa\u017c wystawy &#8222;Mistrz i ucze\u0144 Malczewski i Hofman&#8221;.<\/li>\r\n\r\n\r\n\r\n<li>10 XI W ramach obchod\u00f3w 100-lecia Odzyskania Niepodleg\u0142o\u015bci &#8211; na skwerze pomi\u0119dzy II Liceum Og\u00f3lnokszta\u0142c\u0105cym im. M. Kopernika i Urz\u0119dem Miejskim przy ul. S. \u017beromskiego posadzono &#8222;D\u0105b Niepodleg\u0142o\u015bci&#8221;.<\/li>\r\n\r\n\r\n\r\n<li>10 XI Przed tradycyjnymi &#8222;\u015apiewankami patriotycznymi&#8221; w Pa\u0142acyku Oborskich &#8211; Muzeum Regionalnego odby\u0142o si\u0119 wr\u0119czenie medali i statuetek &#8222;Piecz\u0119\u0107 Zas\u0142ug Obywatelskich &#8211; Sigillum Meriti Civillis&#8221;. Otrzymali je: J\u00f3zef Oleksiak &#8211; konstruktor samolotu Dromader oraz po\u015bmiertnie prof. W\u0142adys\u0142aw Szafer &#8211; \u015bwiatowej s\u0142awy botanik i prekursor ochrony przyrody (medal i statuetk\u0119 odebra\u0142a delegacja Szko\u0142y Podstawowej nr 1 im. W. Szafera).<\/li>\r\n\r\n\r\n\r\n<li>11 XI W bazylice mn. \u015bw. Mateusza i przed pomnikiem Wolno\u015bci odby\u0142y si\u0119 uroczysto\u015bci z okazji Narodowego \u015awi\u0119ta Niepodleg\u0142o\u015bci.<\/li>\r\n\r\n\r\n\r\n<li>16 XI W czasie Kongresu 590 w Jasionce ko\u0142o Rzeszowa prezydent RP Andrzej Duda wr\u0119czy\u0142 przedstawicielom firmy &#8222;Melex&#8221; z Mielca Nagrod\u0119 Gospodarcz\u0105 w kategorii Mi\u0119dzynarodowy Sukces.\u00a0<\/li>\r\n\r\n\r\n\r\n<li>23 XI Fundusz Kulturalno-Charytatywny im. Adama Chmielowskiego przyzna\u0142 &#8222;Honorowego Albertusa 2017&#8221; by\u0142emu d\u0142ugoletniemu dyrektorowi SCK Jackowi Tejchmie oraz stypendium Kalinie Rokosz.<\/li>\r\n\r\n\r\n\r\n<li>29 XI W Hotelu &#8222;Iskierka&#8221; odby\u0142o si\u0119 II Mieleckie Forum Biznesu.<\/li>\r\n\r\n\r\n\r\n<li>30 XI Firma przewozowa Arriva zako\u0144czy\u0142a dzia\u0142alno\u015b\u0107 w Mielcu.<\/li>\r\n\r\n\r\n\r\n<li>XI Aeroklub Mielecki im. Braci Dzia\u0142owskich zosta\u0142 wyr\u00f3\u017cniony Nagrod\u0105 Marsza\u0142ka Wojew\u00f3dztwa Podkarpackiego &#8222;NGO Wysokich Lot\u00f3w&#8221; w kategorii: nauka, edukacja, sport i \u015brodowisko za dzia\u0142alno\u015b\u0107 w 2016 r.<\/li>\r\n\r\n\r\n\r\n<li>1 XII W kaplicy \u015bw. Stanis\u0142awa Kostki i hali sportowej Zespo\u0142u Szk\u00f3\u0142 im. J. Groszkowskiego odby\u0142a si\u0119 uroczysto\u015b\u0107 50-lecia Technikum Elektrycznego oraz po\u015bwi\u0119cenia i oddania do u\u017cytku przebudowanej i powi\u0119kszonej szkolnej hali sportowej.<\/li>\r\n\r\n\r\n\r\n<li>25 XII\u00a0 W \u015bwi\u0119to Bo\u017cego Narodzenia biskup ordynariusz tarnowski dr Andrzej Je\u017c podpisa\u0142 dekret o erygowaniu Kapitu\u0142y Kolegiackiej pw. \u015bw. Mateusza Aposto\u0142a i Ewangelisty w Mielcu.<\/li>\r\n\r\n\r\n\r\n<li>31 XII\u00a0 Nowy rok 2018 powitano pokazem ogni sztucznych i koncertem na placu AK.<\/li>\r\n<\/ul>\r\n\r\n\r\n\r\n<p><strong>2018<\/strong><\/p>\r\n\r\n\r\n\r\n<p>\u00a0*1 I\u00a0 \u00a0Szpital Powiatowy w Mielcu rozpocz\u0105\u0142 funkcjonowanie pod now\u0105 nazw\u0105: Szpital Specjalistyczny im. E. Biernackiego na podstawie uchwa\u0142y Rady Powiatu Mieleckiego z dnia 29 XII 2017 r.\u00a0<\/p>\r\n\r\n\r\n\r\n<p><strong>\u00a0*<\/strong>2 II\u00a0 Rozpocz\u0119to rozbi\u00f3rk\u0119 budynku siedziby g\u0142\u00f3wnej Miejskiej Biblioteki Publicznej SCK przy ul. J. Kusoci\u0144skiego 2.<\/p>\r\n\r\n\r\n\r\n<p>\u00a0*28 II Po ci\u0119\u017ckiej chorobie zmar\u0142 prezydent miasta Mielca Daniel Kozd\u0119ba.<\/p>\r\n\r\n\r\n\r\n<p>\u00a0*4 III\u00a0 W ramach IV Marszu \u017bo\u0142nierzy Wykl\u0119tych nast\u0105pi\u0142o oficjalne ods\u0142oni\u0119cie tablicy J\u00f3zefa Pi\u0142sudskiego jako patrona mieleckiego wiaduktu &#8211; przed\u0142u\u017cenia alei Niepodleg\u0142o\u015bci.\u00a0<\/p>\r\n\r\n\r\n\r\n<p>\u00a0*8 III\u00a0 Prezes Rady Ministr\u00f3w powierzy\u0142 Fryderykowi Kapinosowi funkcj\u0119 prezydenta miasta Mielca.<\/p>\r\n\r\n\r\n\r\n<p>\u00a0*24 III W mieleckiej bazylice mn. \u015bw. Mateusza odby\u0142a si\u0119 uroczysto\u015b\u0107 instalacji (rozpocz\u0119cia dzia\u0142alno\u015bci) Kapitu\u0142y Kolegiackiej \u015bw. Mateusza Aposto\u0142a i Ewangelisty.<\/p>\r\n\r\n\r\n\r\n<p>\u00a0*25 III Odby\u0142 si\u0119 protest mieszka\u0144c\u00f3w Mielca i okolic przeciwko zatruwaniu \u015brodowiska przez firm\u0119 Kronospan. W marszu od placu przy G\u00f3rze Cyranowskiej do terenu firmy Kronospan wzi\u0119\u0142o, wed\u0142ug organizator\u00f3w kilkana\u015bcie tysi\u0119cy os\u00f3b.<\/p>\r\n\r\n\r\n\r\n<p>\u00a0*21 IV\u00a0 Odby\u0142a si\u0119 sesja nadzwyczajna Rady Miejskiej w sprawie zatruwaniu \u015brodowiska w Mielcu. Wzi\u0119li w niej udzia\u0142 m.in. minister \u015brodowiska Henryk Kowalczyk, pos\u0142owie Krystyna Skowro\u0144ska i Wojciech Buczak oraz marsza\u0142ek wojew\u00f3dztwa podkarpackiego W\u0142adys\u0142aw Ortyl i wicewojewoda podkarpacki.<\/p>\r\n\r\n\r\n\r\n<p>\u00a0*27 IV\u00a0 W parku przy ul. S. \u017beromskiego i ul. Kazimierza Jagiello\u0144czyka odby\u0142a si\u0119 uroczysto\u015b\u0107 nadania\u00a0temu parkowi patronatu Honorowych Dawc\u00f3w Krwi.<\/p>\r\n\r\n\r\n\r\n<p>\u00a0*20 V\u00a0 W ko\u015bciele Ducha \u015awi\u0119tego i na stadionie MOSiR &#8211; Gryf odby\u0142a si\u0119 uroczysto\u015b\u0107 Wojew\u00f3dzkiego Dnia Stra\u017caka, po\u0142\u0105czona z 150-leciem Ochotniczych Stra\u017cy Po\u017carnych w powiecie mieleckim. W uroczysto\u015bci wzi\u0119li udzia\u0142 m.in.: pose\u0142 na Sejm RP Krystyna Skowro\u0144ska, prezes ZG ZOSP RP Waldemar Pawlak i marsza\u0142ek wojew\u00f3dztwa podkarpackiego W\u0142adys\u0142aw Ortyl.<\/p>\r\n\r\n\r\n\r\n<p>\u00a0*27 V\u00a0 Po Mszy \u015awi\u0119tej w ko\u015bciele Matki Bo\u017cej Nieustaj\u0105cej Pomocy na placu Armii Krajowej odby\u0142a si\u0119 uroczysta przysi\u0119ga \u017co\u0142nierzy 3. Podkarpackiej Brygady Obrony Terytorialnej im. p\u0142k. \u0141ukasza Ciepli\u0144skiego.<\/p>\r\n\r\n\r\n\r\n<p>\u00a0*10 VI\u00a0 Odby\u0142 si\u0119 drugi masowy protest mieszka\u0144c\u00f3w Mielca i okolic przeciwko zatruwaniu \u015brodowiska przez firm\u0119 Kronowood. Protestuj\u0105cy zebrali si\u0119 przy pomniku Wolno\u015bci i przeszli pod siedzib\u0119 Urz\u0119du Miejskiego, gdzie na r\u0119ce p.o. prezydenta miasta Mielca Fryderyka Kapinosa z\u0142o\u017cyli stosown\u0105 petycj\u0119.<\/p>\r\n\r\n\r\n\r\n<p>*13 VI\u00a0 Na cmentarzu komunalnym przy ul. Kr\u00f3lowej Jadwigi odby\u0142 si\u0119 zbiorowy pogrzeb urn z prochami dzieci martwo urodzonych.<\/p>\r\n\r\n\r\n\r\n<p>*30 VI\u00a0 XXI Mielecki Festiwal Muzyczny rozpocz\u0119to koncertem w wykonaniu Orkiestry Kameralnej Polskiego Radia Amadeus pod batut\u0105 Agnieszki Duczmal i solisty \u0141ukasza D\u0142ugosza (flet) w sali widowiskowej Domu Kultury SCK.\u00a0<\/p>\r\n\r\n\r\n\r\n<p>\u00a0*3 VII\u00a0 Do Mielca przyby\u0142 prezydent RP Andrzej Duda. Odwiedzi\u0142 firm\u0119 Melex w jej nowej siedzibie przy ul. Inwestor\u00f3w, a nast\u0119pnie w Pa\u0142acyku Oborskich &#8211; Muzeum Regionalnym spotka\u0142 si\u0119 z przedstawicielami samorz\u0105d\u00f3w: powiatowego i gmin powiatu mieleckiego.<\/p>\r\n\r\n\r\n\r\n<p>\u00a0*4 VII\u00a0 Otwarto nowy wodny plac zabaw przy Zespole Basen\u00f3w Odkrytych MOSiR przy ul. J. Kusoci\u0144skiego.<\/p>\r\n\r\n\r\n\r\n<p>\u00a0*28 VII\u00a0 Na lotnisku w Mielcu odby\u0142y si\u0119 IV Podkarpackie Pokazy Lotnicze. Impreza zgromadzi\u0142a oko\u0142o 40 tysi\u0119cy widz\u00f3w.<\/p>\r\n\r\n\r\n\r\n<p>\u00a0*1 VIII\u00a0 Dla uczczenia 74. rocznicy powstania warszawskiego delegacje w\u0142adz samorz\u0105dowych powiatu i miasta, instytucji i stowarzysze\u0144 z\u0142o\u017cy\u0142y wi\u0105zanki kwiat\u00f3w przed pomnikiem Armii Krajowej.<\/p>\r\n\r\n\r\n\r\n<p>\u00a0*3 VIII\u00a0 Dyrekcja Szpitala Powiatowego zawar\u0142a porozumienie ze zwi\u0105zkami zawodowymi po\u0142o\u017cnych i piel\u0119gniarek. Tym samym zako\u0144czono sp\u00f3r na szczeblu lokalnym i przywr\u00f3cono warunki do normalnego funkcjonowania Szpitala.<\/p>\r\n\r\n\r\n\r\n<p>\u00a0*8 VIII\u00a0 Na terenie Mielca wybuch\u0142y dwa gro\u017ane po\u017cary: w godzinach rannych na terenie firmy Kronospan w SSE EURO-PARK MIELEC, a w nocy (ok. 22.00) w starej cegielni przy ul. Wojs\u0142awskiej.<\/p>\r\n\r\n\r\n\r\n<p>*12 VIII Na terenach zielonych nad Wis\u0142oka odby\u0142 si\u0119 V Zlot Militarny, a w jego ramach pokazano m.in. rekonstrukcj\u0119 bitwy z wrze\u015bnia 1939 r. oraz przeprowadzono II Bieg Hetmana Mieleckiego.<\/p>\r\n\r\n\r\n\r\n<p>*19 VIII W Centrum Promocyjno &#8211; Wystawienniczym SCK przeprowadzono XXIV Mi\u0119dzynarodowy Solidarno\u015bciowy Turniej Szachowy &#8222;Sierpie\u0144 2018&#8221;.<\/p>\r\n\r\n\r\n\r\n<p>*26 VIII Na terenach zielonych nad Wis\u0142ok\u0105 odby\u0142y si\u0119 XVIII Do\u017cynki Wojew\u00f3dztwa Podkarpackiego i Do\u017cynki Powiatu Mieleckiego. W programie artystycznym m.in. wyst\u0105pi\u0142 zesp\u00f3\u0142 Ich Troje.\u00a0<\/p>\r\n\r\n\r\n\r\n<p>*31 VIII W sali widowiskowej Domu Kultury SCK odby\u0142y si\u0119 VIII Spotkania Lotniczych Pokole\u0144 Mielec 2018.<\/p>\r\n\r\n\r\n\r\n<p>*6 IX Koncertem w wykonaniu orkiestry Silesian Chamber Players pod batut\u0105 maestro Jerzego Maksymiuka oraz Agnieszki i Piotra Kopi\u0144skich w ko\u015bciele pw. Ducha \u015awi\u0119tego w Mielcu zako\u0144czono 21. Mielecki Festiwal Muzyczny.\u00a0<\/p>\r\n\r\n\r\n\r\n<p>*12 IX\u00a0 W ko\u015bciele Matki Bo\u017cej Nieustaj\u0105cej Pomocy odby\u0142a si\u0119 Msza \u015awi\u0119ta, w czasie kt\u00f3rej wprowadzono relikwie \u015bw. Jana Paw\u0142a II. Uroczysto\u015bci przewodniczy\u0142 ks. abp Mieczys\u0142aw Mokrzycki.<\/p>\r\n\r\n\r\n\r\n<p>*13 IX\u00a0 Po przebudowie oddano do u\u017cytku skrzy\u017cowanie ulic W. Witosa i Powsta\u0144c\u00f3w Warszawy.<\/p>\r\n\r\n\r\n\r\n<p>*15 IX\u00a0 W Parku Oborskich odby\u0142a si\u0119 uroczysto\u015b\u0107 zasadzenia D\u0119bu Niepodleg\u0142o\u015bci por. Franciszka Dubiela &#8211; legionisty I Brygady.<\/p>\r\n\r\n\r\n\r\n<p>*18 IX\u00a0 Na terenie przy Szkole Podstawowej nr 6 (budynek przy ul. E. Biernackiego) odby\u0142a si\u0119 uroczysto\u015b\u0107 zasadzenia D\u0119bu Niepodleg\u0142o\u015bci por. Franciszka Soko\u0142a &#8211; legionisty I Brygady, komisarza Rz\u0105du RP w Gdyni.<\/p>\r\n\r\n\r\n\r\n<p>*W Mielcu go\u015bci\u0142 wicepremier Jaros\u0142aw Gowin, a g\u0142\u00f3wnym celem jego wizyty by\u0142o poparcie Andrzeja Skowrona w wyborach na prezydenta miasta Mielca.<\/p>\r\n\r\n\r\n\r\n<p>*21 IX\u00a0 W ko\u015bciele pw. Matki Bo\u017cej Nieustaj\u0105cej Pomocy i na placu Armii Krajowej odby\u0142a si\u0119 uroczysto\u015b\u0107 wr\u0119czenia sztandaru dla Komendy Powiatowej Policji w Mielcu.<\/p>\r\n\r\n\r\n\r\n<p>*15 X\u00a0 \u00a0W dorocznym Rankingu Zr\u00f3wnowa\u017conego Rozwoju Jednostek Samorz\u0105du Terytorialnego, kt\u00f3rego wyniki og\u0142oszono w czasie konferencji w Sali Kolumnowej Sejmu RP w Warszawie, miasto Mielec zosta\u0142o jednym z laureat\u00f3w.<\/p>\r\n\r\n\r\n\r\n<p>*16 X\u00a0 Uroczyst\u0105 LII Sesj\u0105, w Sali Kr\u00f3lewskiej PSM I i II st. im. M. Kar\u0142owicza w Mielcu, Rada Miejska zako\u0144czy\u0142a dzia\u0142alno\u015b\u0107 VII kadencji. M.in. przyj\u0119to przez aklamacj\u0119 &#8222;O\u015bwiadczenie z okazji 100. rocznicy odzyskania niepodleg\u0142o\u015bci przez Polsk\u0119.<\/p>\r\n\r\n\r\n\r\n<p>*17 X\u00a0 \u00a0W 40. rocznic\u0119 rozpocz\u0119cia pontyfikatu Jana Paw\u0142a II &#8211; w ko\u015bciele pw. Tr\u00f3jcy Przenaj\u015bwi\u0119tszej i szkolnej hali sportowej Szko\u0142y Podstawowej nr 11 z Oddzia\u0142ami Integracyjnymi im. \u015bw. Jana Paw\u0142a II odby\u0142a si\u0119 uroczysto\u015b\u0107 \u015awi\u0119ta Patrona Szko\u0142y.<\/p>\r\n\r\n\r\n\r\n<p>*17 X\u00a0 \u00a0Na stacji kolejowej w Mielcu podpisano umow\u0119 na modernizacj\u0119 linii kolejowej L-25, przechodz\u0105cej przez m.in. Mielec.<\/p>\r\n\r\n\r\n\r\n<p>*18 X\u00a0 \u00a0Podpisano umow\u0119 na budow\u0119 nowej hali sportowej w Mielcu.<\/p>\r\n\r\n\r\n\r\n<p>*21 X\u00a0 \u00a0Odby\u0142y siw wybory samorz\u0105dowe. W wyborach na prezydenta Mielca startowa\u0142o 5 kandydat\u00f3w. Do II tury przeszli Fryderyk Kapinos (KW PiS) i Jacek Wi\u015bniewski (KW Razem dla Ziemi Mieleckiej). Wybrano Rad\u0119 Miejsk\u0105 w sk\u0142adzie: Bogdan Bieniek, Jakub Blicharczyk, Jakub Cena, Zbigniew G\u0142owacki, Miros\u0142awa Jakubowska, Fryderyk Kapinos, Marian Kokoszka, Krystyna Kowalik, Krzysztof \u0141apa, Urszula Mali\u0144ska, Jacek Mleczko, Jan My\u015bliwiec,\u00a0 Zdzis\u0142aw Nowakowski, Zbigniew Rze\u017anik, J\u00f3zef Stala, Rados\u0142aw Sw\u00f3\u0142, Jaros\u0142aw Szczerba, Krzysztof Szostak, Magdalena Wery\u0144ska-Zarzecka, Jacek Wi\u015bniewski, Jolanta Wolska, Robert W\u00f3jcik, Grzegorz Ziomek.\u00a0<\/p>\r\n\r\n\r\n\r\n<p>*25 X\u00a0 Podczas Targ\u00f3w Kielce odby\u0142a si\u0119 XVIII Og\u00f3lnopolska Konferencja PZPN &#8222;Bezpieczny stadion&#8221;. Jednym z wyr\u00f3\u017cnionych w tym zakresie zosta\u0142o miasto Mielec.\u00a0\u00a0<\/p>\r\n\r\n\r\n\r\n<p>*26 X\u00a0 W sali nr 1 Domu Kultury SCK odby\u0142o si\u0119 spotkanie wyborcze z udzia\u0142em Jaros\u0142awa Kaczy\u0144skiego &#8211; prezesa PiS. Celem tej wizyty by\u0142o wsparcie kampanii wyborczej Fryderyka Kapinosa (PiS) w II turze wybor\u00f3w na prezydenta miasta Mielca.\u00a0<\/p>\r\n\r\n\r\n\r\n<p>*28 X\u00a0 W sali widowiskowej Domu Kultury SCK odby\u0142 si\u0119 koncert jubileuszowy z okazji 70-lecia Mieleckiej Orkiestry D\u0119tej SCK.\u00a0<\/p>\r\n\r\n\r\n\r\n<p>*28 X\u00a0 W czasie Mistrzostw Polski w uk\u0142adaniu kostki Rubika w Bydgoszczy mielczanin Jakub Kipa wygra\u0142 konkurencj\u0119 3x3x3 i ustanowi\u0142 nowy rekord Europy (4,59 sek.)<\/p>\r\n\r\n\r\n\r\n<p>*4 XI\u00a0 W II turze wybor\u00f3w na prezydenta miasta Mielca zwyci\u0119\u017cy\u0142 Jacek Wi\u015bniewski (KW Razem dla Ziemi Mieleckiej).<\/p>\r\n\r\n\r\n\r\n<p>*5 XI\u00a0 W Szkole Podstawowej nr 1 im. W\u0142adys\u0142awa Szafera odby\u0142a si\u0119 uroczysto\u015b\u0107 ods\u0142oni\u0119cia tablicy upami\u0119tniaj\u0105cej kpt. pilota WP Stefana Bastyra (ucznia tej szko\u0142y) &#8211; wsp\u00f3\u0142tw\u00f3rcy polskiego lotnictwa wojskowego w 1918 r.\u00a0<\/p>\r\n\r\n\r\n\r\n<p>*10 XI\u00a0 W ramach obchod\u00f3w 100-lecia odzyskania niepodleg\u0142o\u015bci przez Polsk\u0119 zorganizowano inscenizacj\u0119 &#8222;Przyjazd brygadiera J\u00f3zefa Pi\u0142sudskiego do Mielca&#8221;, a nast\u0119pnie powitanie J\u00f3zefa Pi\u0142sudskiego w Pa\u0142acyku Oborskich i \u015bpiewanki patriotyczne.<\/p>\r\n\r\n\r\n\r\n<p>*11 XI\u00a0 W bazylice mn. \u015bw. Mateusza i przed pomnikiem Wolno\u015bci odby\u0142y si\u0119 uroczysto\u015bci z okazji 100-lecia odzyskania niepodleg\u0142o\u015bci przez Polsk\u0105. W programie m.in. ods\u0142oni\u0119to obelisk 100-lecia Niepodleg\u0142o\u015bci.<\/p>\r\n\r\n\r\n\r\n<p>*23 XI\u00a0 Na terenie Parku Stulecia Harcerstwa (za pomnikiem Wolno\u015bci) harcerze z ZHP ods\u0142onili pami\u0105tkowy g\u0142az z okazji 100-lecia harcerstwa w Mielcu.<\/p>\r\n\r\n\r\n\r\n<p>30 XI\u00a0 Otwarto dla ruchu nowe rondo na skrzy\u017cowaniu ulic S. \u017beromskiego i ks. H. Arczewskiego, przy ko\u015bciele pw. Matki Bo\u017cej Nieustaj\u0105cej Pomocy.<\/p>\r\n\r\n\r\n\r\n<p>*XI\u00a0 Zako\u0144czono remont ko\u015bcio\u0142a parafialnego pw. Ducha \u015awi\u0119tego i kaplicy pw. \u015bw. Stanis\u0142awa Kostki.\u00a0<\/p>\r\n\r\n\r\n\r\n<p>*XI\u00a0 Pracownicy MOPS w Mielcu zorganizowali protest przeciwko niskim wynagrodzeniom &#8211; nieadekwatnym do lawinowo rosn\u0105cych obowi\u0105zk\u00f3w s\u0142u\u017cbowych.<\/p>\r\n\r\n\r\n\r\n<p>*XI\u00a0 W og\u00f3lnopolskim rankingu szpitali, prowadzonym przez dziennik &#8222;Rzeczpospolita&#8221;, Szpital Specjalistyczny im. E. Biernackiego w Mielcu zosta\u0142 najwy\u017cej sklasyfikowany spo\u015br\u00f3d szpitali w wojew\u00f3dztwie podkarpackim.<\/p>\r\n\r\n\r\n\r\n<p><strong>2019<\/strong><\/p>\r\n\r\n\r\n\r\n<p>*1 I\u00a0 Nowy Rok powitano imprez\u0105 plenerow\u0105 na placu Armii Krajowej.<\/p>\r\n\r\n\r\n\r\n<p>*6 I\u00a0 \u015awi\u0119to Trzech Kr\u00f3li uczczono Orszakiem Trzech Kr\u00f3li, kt\u00f3ry przeszed\u0142 tras\u0105 od ko\u015bcio\u0142a Ducha \u015awi\u0119tego do Rynku Starego Mielca. Wielu uczestnik\u00f3w ubra\u0142o si\u0119 w stroje podobne do tych z czas\u00f3w narodzin Pana Jezusa.<\/p>\r\n\r\n\r\n\r\n<p>*7 I\u00a0 W zak\u0142adzie ogrodniczym przy ul. R. Traugutta wybuch\u0142 du\u017cy po\u017car. W akcji ga\u015bniczo-ratowniczej bra\u0142y udzia\u0142 4 zast\u0119py Pa\u0144stwowej Stra\u017cy Po\u017carnej\u00a0 jednostka Ochotniczej Stra\u017cy Po\u017carnej.<\/p>\r\n\r\n\r\n\r\n<p>*13 I\u00a0 W czasie Wielkiej Orkiestry \u015awi\u0105tecznej Pomocy w Mielcu zebrano oko\u0142o 140 tys. z\u0142.<\/p>\r\n\r\n\r\n\r\n<p>*22-27 I\u00a0 W 34. \u015awiatowych Dniach M\u0142odzie\u017cy w Panamie uczestniczy\u0142a 11-osobowa delegacja m\u0142odzie\u017cy z Mielca.\u00a0<\/p>\r\n\r\n\r\n\r\n<p>*25 I\u00a0 W Polskich Zak\u0142adach Lotniczych minister obrony narodowej Mariusz B\u0142aszczak i prezes PZL Mielec Janusz Zakr\u0119cki podpisali umow\u0119 na wyprodukowanie 4 \u015bmig\u0142owc\u00f3w Black Hawk dla jednostki specjalnej GROM. Warto\u015b\u0107 zam\u00f3wienia &#8211; 683,4 mln z\u0142 brutto z pakietami &#8211; logistycznym\u00a0 szkoleniowym oraz doposa\u017ceniem. Przy zawarciu umowy obecny by\u0142 premier Mateusz Morawiecki.<\/p>\r\n\r\n\r\n\r\n<p>*29 I\u00a0 W mieleckim Szpitalu Specjalistycznym oficjalnie otwarto rozbudowany i unowocze\u015bniony Oddzia\u0142 Anestezjologii\u00a0 Intensywnej Terapii oraz oddano do u\u017cytku nowe pomieszczenia Nocnej i \u015awi\u0105tecznej Opieki Zdrowotnej przy Szpitalnym Oddziale Ratunkowym.<\/p>\r\n\r\n\r\n\r\n<p>*I\u00a0 Firma &#8222;Arkada&#8221; z Mielca rozpocz\u0119\u0142a budow\u0119 obiektu dla Przedszkola Miejskiego nr 20 na terenie osiedla Smoczka.<\/p>\r\n\r\n\r\n\r\n<p>*I\u00a0 W siedzibie Starostwa Powiatowego w Mielcu przedstawiciele stacji pogotowia ratunkowego z Kolbuszowej, Mielca, Nowej D\u0119by, Stalowej Woli i Tarnobrzega podpisali umow\u0119 o utworzeniu konsorcjum. Na lidera konsorcjum wybrano Mielec.<\/p>\r\n\r\n\r\n\r\n<p>*1 II\u00a0 Oddano do u\u017cytku system alarmowania i ostrzegania ludno\u015bci na terenie powiatu mieleckiego, obejmuj\u0105cy w I etapie 80% powierzchni powiatu.\u00a0<\/p>\r\n\r\n\r\n\r\n<p>*3\u00a0II\u00a0 W sali widowiskowej DK SCK odby\u0142 si\u0119 koncert Narodowej Orkiestry Symfonicznej Filharmonii Lwowskiej i uczestnik\u00f3w Mi\u0119dzynarodowego Forum Pianistycznego &#8222;Bieszczady bez granic&#8221;. Dyrygowa\u0142 Vladymir Syvokhip.<\/p>\r\n\r\n\r\n\r\n<p>*7 II\u00a0 Na bazarze przy ul. Sportowej kupcy zajmuj\u0105cy si\u0119 handlem obwo\u017anym protestowali przeciwko wprowadzeniu nowych op\u0142at za plac.<\/p>\r\n\r\n\r\n\r\n<p>*14 II\u00a0 Przed pomnikiem Armii Krajowej przy ul. H. Sienkiewicza odby\u0142a si\u0119 uroczysto\u015b\u0107 z okazji 77. rocznicy utworzenia Armii Krajowej.<\/p>\r\n\r\n\r\n\r\n<p>*22 II\u00a0 W Karczmie Polskiej odby\u0142a si\u0119 Gala Sportowa, w czasie kt\u00f3rej og\u0142oszono wyniki plebiscytu sportowego Tygodnika Regionalnego &#8222;Korso&#8221;. Najlepszym sportowcem roku 2018 zosta\u0142 Krystian Getinger &#8211; czo\u0142owy zawodnik I-ligowego zespo\u0142u pi\u0142ki no\u017cnej PGE Stal Mielec. Trenerem roku 2018 zosta\u0142 Roman Murdza &#8211; szkoleniowiec I-ligowego zespo\u0142u pi\u0142ki siatkowej kobiet UKS Sz\u00f3stka Mielec. Tytu\u0142 najlepszego trenera wychowawcy przyznano Jackowi Cyganowskiemu &#8211; trenerowi W Akademii Pi\u0142karskie Nadzieje Mielec.\u00a0<\/p>\r\n\r\n\r\n\r\n<p>*23 II\u00a0 Miejska Komunikacja Samochodowa wprowadzi\u0142a nowy system komunikacyjny, m.in.: nowe trasy, zmienione nazwy linii miejskich i podmiejskich oraz nowy rozk\u0142ad jazdy.<\/p>\r\n\r\n\r\n\r\n<p>*II\u00a0 W finale XLVIII Turnieju Budowlanego &#8222;Z\u0142ota Kielnia&#8221; w Poznaniu w klasyfikacji dru\u017cynowej zwyci\u0119\u017cy\u0142a ekipa Zespo\u0142u Szk\u00f3\u0142 Budowlanych w Mielcu. ZSB Mielec otrzyma\u0142 tytu\u0142 Najlepszej Szko\u0142y Budowlanej w Polsce.<\/p>\r\n\r\n\r\n\r\n<p>*II\u00a0 W Mielcu powsta\u0142a kom\u00f3rka organizacyjna? centrolewicowej partii &#8222;Wiosna&#8221; (za\u0142o\u017cyciel &#8211; Robert Biedro\u0144). Osob\u0105 tworz\u0105c\u0105 struktur\u0119 nowej partii w Mielcu zosta\u0142a Katarzyna Dudek-Demidowska &#8211; pracownik MBP SCK w Mielcu.<\/p>\r\n\r\n\r\n\r\n<p>*1 III\u00a0 Rozpocz\u0119to prace przy modernizacji linii kolejowej Mielec-D\u0119bica.<\/p>\r\n\r\n\r\n\r\n<p>*1 III\u00a0 Na budynku I LO im. S. Konarskiego od strony ul. T. Ko\u015bciuszki ods\u0142oni\u0119to tablic\u0119 upami\u0119tniaj\u0105c\u0105 antykomunistyczn\u0105 dzia\u0142alno\u015b\u0107 organizacji &#8222;Stalowi Polacy&#8221; oraz &#8222;Wolno\u015b\u0107 i Sprawiedliwo\u015b\u0107&#8221;.<\/p>\r\n\r\n\r\n\r\n<p>3 III\u00a0 Na program Narodowego Dnia Pami\u0119ci \u017bo\u0142nierzy Wykl\u0119tych w Mielcu z\u0142o\u017cy\u0142y si\u0119: Msza \u015awi\u0119ta w ko\u015bciele Matki Bo\u017cej Nieustaj\u0105cej Pomocy, sk\u0142adanie kwiat\u00f3w przed pomnikiem Armii Krajowej, bieg &#8222;Wilczym Tropem&#8221;, koncert &#8222;Muzycy Bohaterom&#8221;, pokaz i wystawa sprz\u0119tu wojskowego.<\/p>\r\n\r\n\r\n\r\n<p>*3 III\u00a0 W hali sportowej Szko\u0142y Podstawowej nr 11 odby\u0142 si\u0119 Og\u00f3lnopolski Turniej Ta\u0144ca Towarzyskiego. Uczestniczy\u0142o oko\u0142o 100 tancerzy z o\u015brodk\u00f3w tanecznych w kraju.<\/p>\r\n\r\n\r\n\r\n<p>*10\/11 III\u00a0 W nocy nad powiatem mieleckim przesz\u0142a du\u017ca wichura. Nie by\u0142o ofiar w ludziach, ale wiatr uszkodzi\u0142 m.in. wiele dach\u00f3w i po\u0142ama\u0142 mn\u00f3stwo drzew.<\/p>\r\n\r\n\r\n\r\n<p>*21 III\u00a0 Zako\u0144czono budow\u0119 nowego obiektu Miejskiej Biblioteki Publicznej SCK przy ul. J. Kusoci\u0144skiego 2. Zwyci\u0119ski w konkursie projekt wykona\u0142a firma APA LOESCH &#8211; Autorska Pracownia Architektury Konrad Loesch z Nowego Sacza, a obiekt wybudowa\u0142a firma BAUDZIEDZIC z Rudnej Ma\u0142ej ko\u0142o G\u0142ogowa Ma\u0142opolskiego.<\/p>\r\n\r\n\r\n\r\n<p>*5 IV\u00a0 Po Mszy \u015awi\u0119tej w ko\u015bciele Matki Bo\u017cej Nieustaj\u0105cej Pomocy uczestnicy mieleckiej Ekstremalnej Drogi Krzy\u017cowej udali si\u0119 na nocn\u0105 pielgrzymk\u0119.<\/p>\r\n\r\n\r\n\r\n<p>*8 IV\u00a0 Rozpocz\u0105\u0142 si\u0119 og\u00f3lnopolski strajk nauczycieli. Protest dotyczy\u0142 m.in. post\u0119puj\u0105cej degradacji zawodu nauczyciela i polskiego systemu o\u015bwiaty. Do strajku przyst\u0105pi\u0142a zdecydowana wi\u0119kszo\u015b\u0107 mieleckich nauczycieli.<\/p>\r\n\r\n\r\n\r\n<p>*10 IV\u00a0 Przy grobie \u015bp. Leszka Deptu\u0142y (b. pos\u0142a na Sejm RP) na cmentarzu komunalnym odby\u0142a si\u0119 uroczysto\u015b\u0107 z okazji 9. rocznicy samolotowej katastrofy smole\u0144skiej. W\u015br\u00f3d uczestnik\u00f3w uroczysto\u015bci byli: Micha\u0142 Deptu\u0142a (syn), prezes Polskiego Stronnictwa Ludowego W\u0142adys\u0142aw Kosiniak-Kamysz, starosta Stanis\u0142aw Lonczak i prezydent Mielca Jacek Wi\u015bniewski.<\/p>\r\n\r\n\r\n\r\n<p>*11 IV\u00a0 Otwarto Dzienny Dom Wsparcia w Mielcu przy ul. S. Moniuszki 3. Jego organem prowadz\u0105cym jest Polskie Stowarzyszenie na Rzecz Os\u00f3b z Niepe\u0142nosprawno\u015bci\u0105 Intelektualn\u0105.<\/p>\r\n\r\n\r\n\r\n<p>*11 IV\u00a0 Firma Kronospan Mielec Sp. z o.o. otrzyma\u0142a od Redakcji Gazety Codziennej Nowiny nagrod\u0119-statuetk\u0119 Lidera Regionu w kategorii: Przemys\u0142.<\/p>\r\n\r\n\r\n\r\n<p>*12-14 IV\u00a0 Przed fabryk\u0105 Kronospanu Mielec Sp. z o.o. na terenie SSE EURO-PARK MIELEC mieszka\u0144cy Mielca zorganizowali blokad\u0119 w prote\u015bcie przeciwko emisji szkodliwych gaz\u00f3w i zatruwaniu powietrza w Mielcu. Do protestu mielczan do\u0142\u0105czy\u0142y delegacje miast, w kt\u00f3rych tak\u017ce funkcjonuj\u0105 fabryki tej firmy. Oceniono, \u017ce w czasie blokady protestowa\u0142o oko\u0142o 2,5 tys. os\u00f3b.<\/p>\r\n\r\n\r\n\r\n<p>*13 IV\u00a0 W bazylice mn. \u015bw. Mateusza i przy \u015acianie Katy\u0144skiej odby\u0142a si\u0119 uroczysto\u015b\u0107 z okazji Dnia Pami\u0119ci Ofiar Zbrodni Katy\u0144skiej.<\/p>\r\n\r\n\r\n\r\n<p>*16 IV\u00a0 W Zespole Szk\u00f3\u0142 Technicznych przy ul. Kazimierza Jagiello\u0144czyka odby\u0142y si\u0119 III Targi Pracy z udzia\u0142em ok. 50 przedstawicieli firm oferuj\u0105cych zatrudnienie.<\/p>\r\n\r\n\r\n\r\n<p>*18 IV\u00a0 W czasie nadzwyczajnego walnego zgromadzenia cz\u0142onk\u00f3w Stowarzyszenia FKS Stal podj\u0119to uchwa\u0142\u0119 o samodzielnym powo\u0142aniu Sp\u00f3\u0142ki Akcyjnej FKS Stal Mielec, kt\u00f3rej zadaniem b\u0119dzie prowadzenie zespo\u0142u senior\u00f3w pi\u0142ki no\u017cnej.<\/p>\r\n\r\n\r\n\r\n<p>*24-25 IV W Domu Kultury SCK odby\u0142y si\u0119 XIV Targi Edukacyjne.<\/p>\r\n\r\n\r\n\r\n<p>*29 IV\u00a0 Po zawieszeniu strajku nauczyciele powr\u00f3cili do pracy.<\/p>\r\n\r\n\r\n\r\n<p>*3 V\u00a0 Mimo deszczowej pogody uroczysto\u015b\u0107 \u015awi\u0119ta 3 Maja zgromadzi\u0142a w bazylice mn. \u015bw. Mateusza i przed pomnikiem Wolno\u015bci kilkadziesi\u0105t delegacji oraz spore grono mieszka\u0144c\u00f3w Mielca.<\/p>\r\n\r\n\r\n\r\n<p>*9 V\u00a0 Na terenie po dawnej hali sportowo-widowiskowej MOSiR przy ul. L. Solskiego odby\u0142a si\u0119 uroczysto\u015b\u0107 wmurowania aktu erekcyjnego nowej hali sportowo-widowiskowej. W uroczysto\u015bci uczestniczyli m.in.: pose\u0142 na Sejm RP Krystyna Skowro\u0144ska, sekretarz stanu w Ministerstwie Sportu i Turystyki Anna Krupka oraz samorz\u0105dowe w\u0142adze miasta Mielca.<\/p>\r\n\r\n\r\n\r\n<p>*21-22 V\u00a0 Po d\u0142ugotrwa\u0142ych intensywnych deszczach nast\u0105pi\u0142 wylew rzeki Wis\u0142oki.<\/p>\r\n\r\n\r\n\r\n<p>*VI-VII\u00a0 Czerwiec i lipiec by\u0142y wyj\u0105tkowo upalne. Osi\u0105gn\u0119\u0142y rekordow\u0105 \u015bredni\u0105 temperatur\u0119 od czasu, kiedy na \u015bwiecie wprowadzono takie pomiary.<\/p>\r\n\r\n\r\n\r\n<p>*3 IX\u00a0 Do Mielca przyby\u0142 minister sprawiedliwo\u015bci Zbigniew Ziobro, aby poprze\u0107 kandydatur\u0119 wiceministra sprawiedliwo\u015bci Marcina Warcho\u0142a do Sejmu RP z okr\u0119gu rzeszowskiego. Poruszano m.in. tematy zwi\u0105zane z zanieczyszczaniem powietrza w Mielcu.\u00a0<\/p>\r\n\r\n\r\n\r\n<p>*30 IX\/1 X\u00a0 Nad Mielcem i powiatem mieleckim przesz\u0142a wichura powodujac wiele szk\u00f3d materialnych.<\/p>\r\n\r\n\r\n\r\n<p>*13 X\u00a0 W wyborach parlamentarnych mandat pos\u0142a zdoby\u0142o dwoje mielczan: Krystyna Skowro\u0144ska &#8211; Koalicja Obywatelska i Fryderyk Kapinos &#8211; Prawo i Sprawiedliwo\u015b\u0107.<\/p>\r\n\r\n\r\n\r\n<p>*25 X\u00a0 \u00a0Po rozbudowie i modernizacji uroczy\u015bcie otwarto siedzib\u0119 g\u0142\u00f3wn\u0105 Miejskiej Biblioteki Publicznej SCK przy ul. J. Kusoci\u0144skiego 2.<\/p>\r\n\r\n\r\n\r\n<p>*11 XI Uroczy\u015bcie obchodzono 101. rocznic\u0119 odzyskania niepodleg\u0142o\u015bci przez Polsk\u0119.\u00a0<\/p>\r\n\r\n\r\n\r\n<p>*19 XII Jak donios\u0142a &#8222;Rzeczpospolita&#8221; &#8211; w czasie spotkania z Prezydentem RP Andrzejem Dud\u0105 Kronospan otrzyma\u0142 tytu\u0142 Ambasadora Polskiej Przedsi\u0119biorczo\u015bci i miano Fabryki Roku 2019 r.<\/p>\r\n\r\n\r\n\r\n<p>*31 XII Rok 2019 by\u0142 jednym z najcieplejszych w historii Europy, od kiedy rozpocz\u0119to systematycznie mierzy\u0107 temperatur\u0119.<\/p>\r\n\r\n\r\n\r\n<p><strong>2020<\/strong><\/p>\r\n\r\n\r\n\r\n<p><strong>*1 I\u00a0<\/strong>Nowy Rok witano tradycyjnie na placu AK, ale po raz pierwszy od 25 lat zrezygnowano z pokazu sztucznych ogni, a zaprezentowano pokaz mappingu na \u015bcianie czo\u0142owej Domu Kultury SCK.<\/p>\r\n\r\n\r\n\r\n<p>*12 I Podczas 28. Fina\u0142u Wielkiej Orkiestry \u015awi\u0105tecznej Pomocy w Mielcu zebrano 166 tysi\u0119cy z\u0142.<\/p>\r\n\r\n\r\n\r\n<p>*14 I Otwarto Schronisko dla Kobiet.<\/p>\r\n\r\n\r\n\r\n<p>*I\u00a0\u00a0\u00a0 Po wygraniu konkursu ofertowego Stowarzyszenie &#8222;Oaza&#8221; przej\u0119\u0142o prowadzenie mieleckiego Schroniska dla Zwierz\u0105t.<\/p>\r\n\r\n\r\n\r\n<p>\u00a0\u00a0\u00a0\u00a0 Po serii zara\u017ca\u0144 i \u015bmierci spowodowanych przez koronawirusa w Chinach choroba COVID-19 zacz\u0119\u0142a rozprzestrzenia\u0107 si\u0119 na ca\u0142y \u015bwiat.<\/p>\r\n\r\n\r\n\r\n<p>21 II\u00a0 \u017bona prezydenta RP Andrzeja Dudy &#8211; Agata Kornhauser-Duda by\u0142a go\u015bciem Szko\u0142y Podstawowej nr 9 w Mielcu i uczestniczk\u0105 szkolnej akademii z okazji Mi\u0119dzynarodowego Dnia J\u0119zyka Ojczystego.<\/p>\r\n\r\n\r\n\r\n<p>*1 III\u00a0 W ramach obchod\u00f3w Dnia \u017bo\u0142nierzy Wykl\u0119tych na zachodnim zboczu G\u00f3ry Cyranowskiej wmurowano akt erekcyjny pomnika \u017bo\u0142nierzy Wykl\u0119tych.<\/p>\r\n\r\n\r\n\r\n<p>*1 III\u00a0 W budynku przychodni nr 4 przy ul. S. \u017beromskiego 17 rozpocz\u0119\u0142y funkcjonowanie nowe poradnie szpitalne: okulistyki dzieci\u0119cej, dermatologiczna i ginekologiczno-po\u0142o\u017cnicza.<\/p>\r\n\r\n\r\n\r\n<p>*III\u00a0\u00a0\u00a0\u00a0 Skarbnikiem miasta Mielca zosta\u0142a Anna Kobylarz.<\/p>\r\n\r\n\r\n\r\n<p>\u00a0\u00a0\u00a0\u00a0\u00a0\u00a0\u00a0 Uruchomiono aplikacj\u0119 &#8222;Blisko&#8221;, daj\u0105c\u0105 mo\u017cliwo\u015b\u0107 kontaktu z Urz\u0119dem Miejskim przez ca\u0142\u0105 dob\u0119 i ca\u0142y tydzie\u0144.<\/p>\r\n\r\n\r\n\r\n<p>\u00a0\u00a0\u00a0\u00a0\u00a0\u00a0\u00a0 Koronawirus SARS CoV2, wywo\u0142ywuj\u0105cy chorob\u0119 COVID-19, dotar\u0142 do Polski. Rz\u0105d RP rozpocz\u0105\u0142 wprowadzanie ogranicze\u0144. W Mielcu, poza ograniczeniami og\u00f3lnopa\u0144stwowymi, wprowadzono m.in. ca\u0142kowity zakaz wst\u0119pu na teren Szpitala Specjalistycznego, wstrzymano operacje planowe (z wyj\u0105tkiem zabieg\u00f3w pilnych), ograniczono funkcjonowanie punktu pobierania materia\u0142u do bada\u0144 laboratoryjnych oraz ambulatorium nocnej i \u015bwi\u0105tecznej opieki zdrowotnej. Wstrzymano przyj\u0119cia pacjent\u00f3w w poradniach szpitalnych. Od 17 III zamkni\u0119to budynki urz\u0119d\u00f3w i instytucji, pozostawiaj\u0105c mo\u017cliwo\u015b\u0107 za\u0142atwiania spraw telefonicznie. (Z wyj\u0105tkiem zg\u0142aszania urodze\u0144 i zgon\u00f3w w USC.) Odwo\u0142ano wszystkie imprezy i jakiekolwiek zgromadzenia. Ograniczono przejazdy MKS do rozk\u0142adu sobotniego. Niemal z dnia na dzie\u0144 wprowadzano kolejne ograniczenia.<\/p>\r\n\r\n\r\n\r\n<p>*16 III\u00a0 Wykryto pierwszy przypadek zara\u017cenia koronawirusem w Mielcu. Zamkni\u0119to szko\u0142y, przedszkola i \u017c\u0142obki. W szko\u0142ach wprowadzono zdalne nauczanie (Program &#8222;Zdalna Szko\u0142a&#8221;). Biskup tarnowski Andrzej Je\u017c wyda\u0142 dekret, w kt\u00f3rym udzieli\u0142 dyspensy od obowi\u0105zku niedzielnego uczestnictwa we Mszy \u015awi\u0119tej w ko\u015bciele a\u017c do odwo\u0142ania.<\/p>\r\n\r\n\r\n\r\n<p>*20 III\u00a0\u00a0 Premier Mateusz Morawiecki wprowadzi\u0142 stan epidemii na terenie ca\u0142ego kraju.<\/p>\r\n\r\n\r\n\r\n<p>*4 IV\u00a0 Otwarto targowisko miejskie w Mielcu przy ul. Wolno\u015bci.<\/p>\r\n\r\n\r\n\r\n<p>*16 IV\u00a0 Wprowadzono obowi\u0105zek noszenia maseczki zas\u0142aniaj\u0105cej usta i nos.<\/p>\r\n\r\n\r\n\r\n<p>*20 IV\u00a0 Dopuszczono mo\u017cliwo\u015b\u0107 uczestnictwa wi\u0119kszej ilo\u015bci os\u00f3b w nabo\u017ce\u0144stwach, stosownie do powierzchni \u015bwi\u0105tyni (1 osoba &#8211; 15 m2)<\/p>\r\n\r\n\r\n\r\n<p>*4 V\u00a0\u00a0\u00a0 Otwarto galerie handlowe i hotele. W Mielcu otwarto te\u017c place targowe przy ulicach: Sandomierskiej i Sportowej.<\/p>\r\n\r\n\r\n\r\n<p>*11 V\u00a0\u00a0 Otwarto przedszkola i \u017c\u0142obki.<\/p>\r\n\r\n\r\n\r\n<p>*18 V\u00a0\u00a0 Otwarto restauracje.<\/p>\r\n\r\n\r\n\r\n<p>*20 V\u00a0\u00a0 Oficjalnie otwarto i oddano do u\u017cytku\u00a0 nowy most na rzece Wis\u0142oce w rejonie Z\u0142otnik wraz z drogami dojazdowymi. W uroczysto\u015bci wzi\u0119li udzia\u0142 m.in.: pose\u0142 na Sejm RP Fryderyk Kapinos, marsza\u0142ek wojew\u00f3dztwa podkarpackiego W\u0142adys\u0142aw Ortyl i proboszcz parafii Chorzel\u00f3w ks. Andrzej Rams, kt\u00f3ry po\u015bwi\u0119ci\u0142 nowy most.<\/p>\r\n\r\n\r\n\r\n<p>*20 V\u00a0\u00a0 Rozpocz\u0119to rozbi\u00f3rk\u0119 starego magazynu na stacji kolejowej.<\/p>\r\n\r\n\r\n\r\n<p>*7 VI\u00a0\u00a0\u00a0 W ramach kampanii prezydenckiej do Mielca przyby\u0142 jeden z kandydat\u00f3w &#8211; prezes PSL W\u0142adys\u0142aw Kosiniak-Kamysz i na mieleckim Rynku odby\u0142 konferencj\u0119 prasow\u0105.<\/p>\r\n\r\n\r\n\r\n<p>*8 VI\u00a0\u00a0\u00a0 W zwi\u0105zku z nasilaj\u0105c\u0105 si\u0119 w Polsce chorob\u0105 i stanem epidemii matury rozpocz\u0119to z zachowaniem nadzwyczajnych \u015brodk\u00f3w ostro\u017cno\u015bci.<\/p>\r\n\r\n\r\n\r\n<p>*11 VI\u00a0 We wszystkich mieleckich parafiach rzymskokatolickich odby\u0142y si\u0119 uroczysto\u015bci Bo\u017cego Cia\u0142a, ale znacznie skromniejsze (procesje wok\u00f3\u0142 ko\u015bcio\u0142a parafialnego, r\u00f3\u017cne ograniczenia) ze wzgl\u0119du na zagro\u017cenia koronawirusem.<\/p>\r\n\r\n\r\n\r\n<p>*16 VI\u00a0 W ramach kampanii prezydenckiej do Mielca przyby\u0142a marsza\u0142ek Sejmu RP El\u017cbieta Witek (PiS) i w imieniu kandydata na prezydenta Andrzeja Dudy (dotychczasowego prezydenta RP) przedstawi\u0142a jego program wyborczy. Spotkanie odby\u0142o si\u0119 w sali konferencyjnej restauracji &#8222;Atena&#8221;.\u00a0<\/p>\r\n\r\n\r\n\r\n<p>*16 VI\u00a0 Tygodnik Regionalny Korso poinformowa\u0142, \u017ce dwie mieleckie firmy &#8211; MBA SA. i Navitel Sp. z o.o. jako pierwsze w Polsce (i prawdopodobnie w Europie) opracowa\u0142y innowacyjny produkt Aquasmart NPO3 (woda o strukturze nanop\u0119cherzyk\u00f3w z zamkni\u0119tymi w nich nanocz\u0105steczkami ozonu). Prace prowadzono przez 2 lata we wsp\u00f3\u0142pracy z Politechnik\u0105 \u0141\u00f3dzk\u0105. Nowy produkt mo\u017ce mie\u0107 zastosowanie w medycynie i m.in. do r\u00f3\u017cnego rodzaju dezynfekcji.<\/p>\r\n\r\n\r\n\r\n<p>*26 VI\u00a0 W bazylice mn. \u015bw. Mateusza, przy \u015acianie Katy\u0144skiej i w Domu im. \u015bw. Jana Paw\u0142a II odby\u0142a si\u0119 uroczysto\u015b\u0107 80. rocznicy zbrodni katy\u0144skiej. W czasie uroczysto\u015bci ods\u0142oni\u0119to i po\u015bwi\u0119cono kolejne 9 tabliczek memoratywnych.<\/p>\r\n\r\n\r\n\r\n<p>*27 VI\u00a0 Oko\u0142o godz. 16 nad Mielcem przesz\u0142a nawa\u0142nica, a w czasie jej trwania spad\u0142 grad. Bia\u0142e kulki mia\u0142y \u015brednic\u0119 do 3 cm.<\/p>\r\n\r\n\r\n\r\n<p>*28 VI\u00a0 W I turze wybor\u00f3w na prezydenta RP spo\u015br\u00f3d 11 kandydat\u00f3w najwi\u0119cej g\u0142os\u00f3w otrzymali: Andrzej Duda (43,67%) i Rafa\u0142 Trzaskowski (30,34%) i przeszli do II tury.<\/p>\r\n\r\n\r\n\r\n<p>*VI\u00a0\u00a0\u00a0\u00a0\u00a0\u00a0\u00a0 Centrala TESCO POLSKA poinformowa\u0142a, \u017ce hipermarket TESCO w Mielcu zostanie zlikwidowany do 30 IX 2020 r.<\/p>\r\n\r\n\r\n\r\n<p>*30 VI\u00a0 Liczba zaka\u017conych koronawirusem w powiecie mieleckim utrzymywa\u0142a si\u0119 na tym samym poziomie &#8211; 18.<\/p>\r\n\r\n\r\n\r\n<p>*17 VII\u00a0 W przedostatnim\u00a0 meczu pi\u0142ki no\u017cnej I ligi w sezonie 2019\/2020, rozegranym w Sosnowcu, PGE FKS Stal Mielec wygra\u0142a z Zag\u0142\u0119biem Sosnowiec 3:0 i zapewni\u0142a sobie awans do ekstraklasy.<\/p>\r\n\r\n\r\n\r\n<p>*25 VII\u00a0 W ostatnim meczu sezonu 2019\/2020 I ligi pi\u0142ki no\u017cnej, rozegranym na stadionie MOSiR w Mielcu, PGE FKS Stal Mielec pokona\u0142a Chojniczank\u0119 Chojnice 4:1 i zaj\u0119\u0142a 1. miejsce w tabeli I ligi z bilansem: 34 mecze, 67 punkt\u00f3w i stosunkiem bramek 57-31.<\/p>\r\n\r\n\r\n\r\n<p>*28 VII\u00a0 Otwarto park sensoryczny na terenie pomi\u0119dzy ulicami: S. Staszica, Sandomiersk\u0105 i S. S\u0119kowskiego.<\/p>\r\n\r\n\r\n\r\n<p>*30 VII\u00a0 Otwarto pumptrack (tor dla jedno\u015blad\u00f3w) przy zbiegu ulic Powsta\u0144c\u00f3w Warszawy i Szarych Szereg\u00f3w. Tor ma kszta\u0142t p\u0119tli o d\u0142ugo\u015bci 200 m. Powsta\u0142 w ramach realizacji Mieleckiego Bud\u017cetu Obywatelskiego.<\/p>\r\n\r\n\r\n\r\n<p>*15 VIII Dla uczczenia 100-lecia bitwy warszawskiej na terenie przy Miejskiej Bibliotece Publicznej przedstawiono widowisko s\u0142owno-muzyczne &#8222;Mundur na nim szary&#8221;. Wyst\u0105pi\u0142y zespo\u0142y SCK i ch\u00f3r GOK w Padwi Narodowej.<\/p>\r\n\r\n\r\n\r\n<p>*27 VIII\u00a0 Po przerwie w odbywaniu sesji w Sali im. \u015bw. Jana Paw\u0142a II, spowodowanej przez pandemi\u0119 COVID-19, wznowiono sesje przez Internet (w trybie on line).<\/p>\r\n\r\n\r\n\r\n<p>*28 VIII Oddano do u\u017cytku nowy obiekt Przedszkola Miejskiego nr 20 im. Smoka Felusia przy ul. Warne\u0144czyka.<\/p>\r\n\r\n\r\n\r\n<p>*31 VIII Zako\u0144czy\u0142 dzia\u0142alno\u015b\u0107 hipermarket TESCO przy ul. Kazimierza Jagiello\u0144czyka.<\/p>\r\n\r\n\r\n\r\n<p>*1 IX\u00a0 We wszystkich mieleckich szko\u0142ach rozpocz\u0119to nowy rok szkolny 2020\/2021 z wieloma obostrzeniami zwi\u0105zanymi z pandemi\u0105 koronawirusa.<\/p>\r\n\r\n\r\n\r\n<p>*1 IX\u00a0 Wznowiono ruch kolejowy na odcinku linii nr 25 Mielec &#8211; Kochan\u00f3wka Pustk\u00f3w.<\/p>\r\n\r\n\r\n\r\n<p>1 IX\u00a0\u00a0 W Centrum Kszta\u0142cenia Praktycznego w Mielcu rozpocz\u0105\u0142 funkcjonowanie pierwszy w Polsce kierunek nauczania &#8211; technik robotyki. Nauk\u0119 w pierwszej I klasie rozpocz\u0119\u0142o 32 uczni\u00f3w.<\/p>\r\n\r\n\r\n\r\n<p>*13 IX Na placu AK grupa os\u00f3b protestowa\u0142a przeciwko obostrzeniom zwi\u0105zanym z pandemi\u0105 choroby COVID-19.<\/p>\r\n\r\n\r\n\r\n<p>*17 IX Odby\u0142a si\u0119 uroczysto\u015b\u0107 ods\u0142oni\u0119cia na budynku Komendy Powiatowej Policji przy ul. S. Wyspia\u0144skiego tablicy upami\u0119tniaj\u0105cej funkcjonariuszy Policji Pa\u0144stwowej z terenu powiatu mieleckiego, zamordowanych przez Sowiet\u00f3w w latach 1939-1940.<\/p>\r\n\r\n\r\n\r\n<p>*19 IX Oddano do u\u017cytku zesp\u00f3\u0142 boisk i urz\u0105dze\u0144 sportowych przy Szkole Podstawowej nr 3 im. Wojska Polskiego.<\/p>\r\n\r\n\r\n\r\n<p>*22 IX Ukaza\u0142 si\u0119 nr 1500 Tygodnika Regionalnego &#8222;Korso&#8221;.<\/p>\r\n\r\n\r\n\r\n<p>*IX\u00a0\u00a0\u00a0\u00a0\u00a0 W Mielcu, na bazie Centrum Kszta\u0142cenia Praktycznego i Doskonalenia Nauczycieli, uruchomiono nowy i pierwszy w Polsce kierunek nauczania &#8211; technik robotyki.<\/p>\r\n\r\n\r\n\r\n<p>*IX\u00a0\u00a0\u00a0\u00a0\u00a0 W firmie BRW w Mielcu u 18 pracownik\u00f3w stwierdzono zaka\u017cenie koronawirusem, a w Szpitalu Specjalistycznym &#8211; u 5 os\u00f3b, w tym 2 z personelu.<\/p>\r\n\r\n\r\n\r\n<p>*IX\u00a0\u00a0\u00a0\u00a0\u00a0 Zako\u0144czono remont ul. Wojska Polskiego od ul. Cyranowskiej do bramy g\u0142\u00f3wnej SSE (z wyjatkiem ronda) i do ronda przy O\/ARP oraz odcinka od ronda przy O\/ARP do skrzy\u017cowania przy firmie COLFARM.<\/p>\r\n\r\n\r\n\r\n<p>3 X\u00a0\u00a0\u00a0 W nast\u0119pstwie wzrostu zachorowa\u0144 na COVID-19 w powiecie mieleckim &#8211; od 3 X powiat mielecki zosta\u0142 zaliczony do tzw. strefy \u017c\u00f3\u0142tej, w kt\u00f3rej obowi\u0105zuj\u0105 dodatkowe obostrzenia.<\/p>\r\n\r\n\r\n\r\n<p>10 X\u00a0 Dalszy wzrost zachorowa\u0144 na COVID-19 (SARS-CoV-2) w powiecie mieleckim (w ca\u0142ej Polsce tak\u017ce) spowodowa\u0142, \u017ce podj\u0119to decyzj\u0119 o zakwalifikowaniu powiatu mieleckiego do strefy czerwonej o najwi\u0119kszych obostrzeniach.<\/p>\r\n\r\n\r\n\r\n<p>28 XI\u00a0 W nocy z 28 na 29 XI spad\u0142 pierwszy \u015bnieg.<\/p>\r\n<p>I po\u0142. XII\u00a0 Rozstrzygni\u0119to multidyscyplinarny\u00a0 Og\u00f3lnopolski Konkurs &#8222;Co powiedziec chcia\u0142e\u015b, kiedy w oknie sta\u0142e\u015b&#8221; (plastyczny, literacki, multimedialny, test wiedzy on-line), zorganizowany przez pos\u0142a na Sejm RP Fryderyka Kapinosa z okazji 100. rocznicy urodzin Karola Wojty\u0142y i &#8222;Roku \u015awi\u0119tego Jana Paw\u0142a II&#8221;. Zg\u0142oszono 252 prace z ca\u0142ej Polski.<\/p>\r\n\r\n\r\n\r\n<p>18 XII\u00a0 W ekstraklasie pi\u0142ki no\u017cnej PGE FKS Stal Mielec wygra\u0142a sensacyjnie z Legi\u0105 Warszawa na jej boisku 3:2 (2:2), strzelaj\u0105c wszystkie bramki z rzut\u00f3w karnych, podyktowanych za faule na \u0141ukaszu Zjawi\u0144skim.<\/p>\r\n\r\n\r\n\r\n<p>28 XII\u00a0 Z powodu narastaj\u0105cej liczby zachorowa\u0144 (i zgon\u00f3w) na COVID-19 &#8211; decyzj\u0105 rz\u0105du RP w ca\u0142ym kraju wprowadzono kwarantann\u0119 narodow\u0105 w okresie od 28 XII 2020 r. do 17 I 2021 r., w tym godzin\u0119 policyjn\u0105 w noc sylwestrow\u0105.<\/p>\r\n\r\n\r\n\r\n<p><strong>2021<\/strong><\/p>\r\n\r\n\r\n\r\n<p>15 I\u00a0\u00a0\u00a0 Rozpocz\u0119to rejestracj\u0119 pierwszej grupy (osoby 80+) na szczepienie przeciwko COWID-19.<\/p>\r\n\r\n\r\n\r\n<p>19 I\u00a0\u00a0\u00a0 Spad\u0142 du\u017cy \u015bnieg.<\/p>\r\n\r\n\r\n\r\n<p>23 I\u00a0\u00a0 W plebiscycie &#8222;Korso&#8221; Sportowcem roku 2020 w Mielcu zosta\u0142 wybrany Maciej Doma\u0144ski &#8211; pi\u0142karz ekstraklasowej PGE FKS Stal Mielec.<\/p>\r\n\r\n\r\n\r\n<p>25 I\u00a0\u00a0 W Mielcu rozpocz\u0119to szczepienia przeciw COVID-19 (szczepionka Comirnaty).<\/p>\r\n\r\n\r\n\r\n<p>I\u00a0\u00a0\u00a0\u00a0\u00a0\u00a0\u00a0 Diecezjalna Fundacja Auxilium przej\u0119\u0142a budynek parafii Matki Bo\u017cej Nieustaj\u0105cej Pomocy (po by\u0142ym KCEM KANA).<\/p>\r\n\r\n\r\n\r\n<p>I\u00a0\u00a0\u00a0\u00a0\u00a0\u00a0\u00a0 Sztaby XXIX Wielkiej Orkiestry \u015awi\u0105tecznej Pomocy w Mielcu i Borowej zebra\u0142y \u0142\u0105cznie oko\u0142o 160 tys. z\u0142. (Przeznaczenie: dzieci\u0119ca laryngologia, otolaryngologia i diagnostyka g\u0142owy.)<\/p>\r\n\r\n\r\n\r\n<p>4 II\u00a0\u00a0\u00a0 Powiat mielecki przekroczy\u0142 granic\u0119 4 000 zaka\u017conych (ujawnionych) chorob\u0105 COVID-19.<\/p>\r\n\r\n\r\n\r\n<p>4 II\u00a0\u00a0\u00a0 W budynku parafii Matki Bo\u017cej Nieustaj\u0105cej Pomocy rozpocz\u0105\u0142 dzia\u0142alno\u015b\u0107 Oddzia\u0142 Diecezjalnej Fundacji Auxilium (Poradnia Specjalistyczna i Telefon Zaufania &#8222;Arka&#8221;).<\/p>\r\n\r\n\r\n\r\n<p>7\/8 II Po opadach \u015bniegu na drogach powiatu mieleckiego odnotowano wiele wypadk\u00f3w z udzia\u0142em pojazd\u00f3w.<\/p>\r\n\r\n\r\n\r\n<p>III\u00a0\u00a0\u00a0\u00a0\u00a0 Szpital Specjalistyczny im. E. Biernackiego w Mielcu otrzyma\u0142 presti\u017cow\u0105 akredytacj\u0119 Centrum Monitoringu Jako\u015bci, m.in. za stosowanie nowoczesnych technologii w dokumentacji.<\/p>\r\n\r\n\r\n\r\n<p>1 IV\u00a0\u00a0 Rozpocz\u0119to Narodowy Spis Powszechny Ludno\u015bci i Mieszka\u0144 2021.<\/p>\r\n<p>28 IV\u00a0\u00a0 Utworzono sp\u00f3\u0142k\u0119 miast pn. Spo\u0142eczna Inicjatywa Mieszkaniowa Po\u0142udnie Sp. z o.o. Do sp\u00f3\u0142ki przyst\u0105pi\u0142y: Mielec, Przemy\u015bl, Sanok, Ustrzyki Dolne, Medyka i Krajowy Zas\u00f3b Nieruchomo\u015bci.<\/p>\r\n\r\n\r\n\r\n<p>IV\u00a0\u00a0\u00a0\u00a0\u00a0 W Polskich Zak\u0142adach Lotniczych uruchomiono \u015bwiatowej klasy lakierni\u0119 statk\u00f3w powietrznych, g\u0142\u00f3wnie samolot\u00f3w M28 i \u015bmig\u0142owc\u00f3w Black Hawk.<\/p>\r\n\r\n\r\n\r\n<p>22 V\u00a0 W ko\u015bciele pw. Ducha \u015awi\u0119tego odby\u0142y si\u0119 g\u0142\u00f3wne uroczysto\u015bci 40-lecia parafii pw. Ducha \u015awi\u0119tego w Mielcu. Przewodniczy\u0142 im ks. biskup ordynariusz tarnowski Andrzej Je\u017c. W ramach uroczysto\u015bci m.in. po\u015bwi\u0119ci\u0142 now\u0105 kaplic\u0119 chrzcieln\u0105 oraz wyremontowany i zmodernizowany ko\u015bci\u00f3\u0142 dolny pod patronatem \u015bw. Micha\u0142a Archanio\u0142a.<\/p>\r\n\r\n\r\n\r\n<p>&#8230;<\/p>\r\n\r\n\r\n\r\n<p>27 VI\u00a0 Na terenie Miasteczka M\u0142odego Robotnika wybuch\u0142 konflikt pomi\u0119dzy grup\u0105 Rom\u00f3w i grup\u0105 innych mieszka\u0144c\u00f3w Mielca. Prawdopodobn\u0105 przyczyn\u0105 by\u0142a sprzeczka i b\u00f3jka dw\u00f3ch nastolatk\u00f3w z obu grup. Apogeum konfliktu nast\u0105pi\u0142o w momencie, kiedy w grup\u0119 k\u0142\u00f3c\u0105cych si\u0119 os\u00f3b wjecha\u0142 samoch\u00f3d bmw, kierowany przez m\u0119\u017cczyzn\u0119. Konflikt zosta\u0142 za\u017cegnany przez Policj\u0119.<\/p>\r\n\r\n\r\n\r\n<p>16 VII Nad powiatem mieleckim przesz\u0142a nawa\u0142nica i spowodowa\u0142a liczne zniszczenia.<\/p>\r\n\r\n\r\n\r\n<p>23 VII Ks. kanonik Franciszek Tadeusz Hanek, rezydent w parafii pw. \u015bw. Mateusza, obchodzi\u0142 100. urodziny.<\/p>\r\n\r\n\r\n\r\n<p>6 VIII\u00a0 W czasie Igrzysk Olimpijskich Tokio 2020, przeniesionych ze wzgl\u0119du na pandemi\u0119 COVID-19 na 2021 r., reprezentantka Polski &#8211; zawodniczka LKS Stal Mielec Katarzyna Zdzieb\u0142o zaj\u0119\u0142a wysokie 10. miejsce w chodzie na 20 km (1.31.29), przeprowadzonym w Sapporo. Drugi reprezentant Polski z Mielca &#8211; Rafa\u0142 Augustyn nie uko\u0144czy\u0142 rywalizacji w chodzie na 50 km z powodu kontuzji.<\/p>\r\n\r\n\r\n\r\n<p>13 VIII\u00a0 Rozebrano nieczynn\u0105 k\u0142adk\u0119 dla pieszych nad torami w pobli\u017cu budynku stacji kolejowej.<\/p>\r\n\r\n\r\n\r\n<p>1 IX Po przebudowie linii kolejowej na trasie Padew Narodowa &#8211; Mielec &#8211; D\u0119bica wznowiono kursy poci\u0105g\u00f3w osobowych na trasie Mielec &#8211; D\u0119bica. Pierwszy poci\u0105g przyby\u0142 do Mielca o 5.44, a odjecha\u0142 do D\u0119bicy 5.50. Z okazji wznowienia ruchu na stacji kolejowej w Mielcu zorganizowano skromn\u0105 uroczysto\u015b\u0107 z udzia\u0142em parlamentarzyst\u00f3w i samorz\u0105dowc\u00f3w.<\/p>\r\n\r\n\r\n\r\n<p>3 IX Msz\u0105 \u015awi\u0119t\u0105 plenerow\u0105 przy ko\u015bciele \u015bw. Marka rozpocz\u0119to uroczysto\u015bci 75-lecia po\u017carnictwa zawodowego na ziemi mieleckiej. Dominant\u0105 drugiej cz\u0119\u015bci, kt\u00f3ra odby\u0142a si\u0119 przy Bulwarach Gryfit\u00f3w Mieleckich nad Wis\u0142ok\u0105, by\u0142o wr\u0119czenie po\u015bwi\u0119conego sztandaru Komendzie Powiatowej Pa\u0144stwowej Stra\u017cy Po\u017carnej w Mielcu.<\/p>\r\n\r\n\r\n\r\n<p>18-19 IX Na mieleckim lotnisku odby\u0142a si\u0119 impreza lotnicza z okazji 75-lecia Aeroklubu Mieleckiego.<\/p>\r\n\r\n\r\n\r\n<p>20 IX\u00a0 Budynek Gminy Miejskiej Mielec przy ul. M. Sk\u0142odowskiej &#8211; Curie 4 zosta\u0142 przeznaczony na Centrum Integracji Organizacji Pozarz\u0105dowych.<\/p>\r\n\r\n\r\n\r\n<p>26 IX W Mielcu i na terenie powiatu mieleckiego przebywa\u0142 premier Mateusz Mazowiecki.<\/p>\r\n\r\n\r\n\r\n<p>13 X\u00a0\u00a0 W Pa\u0142acu Prezydenckim w Warszawie odby\u0142a si\u0119 Gala Konkursu Urbanistyczno-Architektonicznego &#8222;Lider Dost\u0119pno\u015bci&#8221;, promuj\u0105cego najlepsze obiekty dostosowane do potrzeb os\u00f3b niepe\u0142nosprawnych. Laureatem w kategorii &#8222;Obiekt us\u0142ug lokalnych&#8221; zosta\u0142 budynek Przedszkola Miejskiego nr 20 im. Smoka Felusia w Mielcu.<\/p>\r\n\r\n\r\n\r\n<p>15 XI\u00a0 Ministerstwo Spraw Wewn\u0119trznych Rumunii i PZL Mielec (Sp\u00f3\u0142ka Lockheed Martin) podpisa\u0142y umow\u0119 na dostaw\u0119 12 \u015bmig\u0142owc\u00f3w Black Hawk S-70 (produkowanych w Mielcu) w ci\u0105gu 4 lat.<\/p>\r\n\r\n\r\n\r\n<p>31 XII Podpisano umow\u0119 na wykonanie w PZL Mielec 32 \u015bmig\u0142owc\u00f3w S-70iBH dla Filipin w latach 2023-2026.<\/p>\r\n\r\n\r\n\r\n<p><strong>2022<\/strong><\/p>\r\n\r\n\r\n\r\n<p>1 I\u00a0\u00a0\u00a0\u00a0\u00a0 W zwi\u0105zku ze znacznym rozszerzeniem zasi\u0119gu dzia\u0142ania, zakresu zada\u0144 i kompetencji, zmieniono nazw\u0119: Powiatowa Stacja Pogotowia Ratunkowego w Mielcu na: Podkarpacka Stacja Pogotowia Ratunkowego w Mielcu.<\/p>\r\n\r\n\r\n\r\n<p>21 I\u00a0\u00a0\u00a0\u00a0 W Karczmie Polskiej odby\u0142a si\u0119 gala Plebiscytu Sportowego &#8211; 2021 Tygodnika Regionalnego &#8222;Korso&#8221; w Mielcu. &#8222;Sportowcem Roku 2021&#8221; zosta\u0142 Rafa\u0142 Str\u0105czek (pi\u0142ka no\u017cna, PGE Stal Mielec), &#8222;Talentem Roku&#8221; &#8211; Maksymilian Sitek (pi\u0142ka no\u017cna, PGE Stal Mielec), &#8222;Trenerem Roku&#8221; &#8211; Marzena Kulig (lekkoatletyka, LKS Stal Mielec), &#8222;Trenerem Wychowawc\u0105 M\u0142odzie\u017cy&#8221; &#8211; Mariusz Bec (pi\u0142ka no\u017cna, AP Pi\u0142karskie Nadzieje Mielec), &#8222;Mecenasami Roku&#8221; &#8211; Krzysztof Kapinos i Piotr Andrusiewicz, &#8222;Sportowym Wydarzeniem&#8221; &#8211; Akcja &#8222;Robi\u0119 to #DLASTALI Mielec &#8211; Alan Rosenbeiger&#8221;.<\/p>\r\n\r\n\r\n\r\n<p>29 I\u00a0\u00a0\u00a0\u00a0 W 30. Finale Wielkiej Orkiestry \u015awi\u0105tecznej Pomocy w Mielcu i powiecie mieleckim zebrano ponad 200 tysi\u0119cy z\u0142otych.<\/p>\r\n\r\n\r\n\r\n<p>I\u00a0\u00a0\u00a0\u00a0\u00a0\u00a0\u00a0\u00a0\u00a0 Z powodu nasilaj\u0105cej si\u0119 pandemii choroby COVID-19 urz\u0119dy i instytucje ograniczy\u0142y bezpo\u015bredni\u0105 obs\u0142ug\u0119 interesant\u00f3w.<\/p>\r\n\r\n\r\n\r\n<p>I\u00a0\u00a0\u00a0\u00a0\u00a0\u00a0\u00a0\u00a0\u00a0 Fundacja Edukacyjna Perspektywy og\u0142osi\u0142a wyniki og\u00f3lnopolskiego rankingu szk\u00f3\u0142 \u015brednich &#8211; 2022. W por\u00f3wnaniu z rokiem 2021 mieleckie szko\u0142y wypad\u0142y nieco gorzej. W kategorii lice\u00f3w og\u00f3lnokszta\u0142c\u0105cych tytu\u0142 &#8222;Z\u0142otej Szko\u0142y&#8221; otrzyma\u0142o II Liceum Og\u00f3lnokszta\u0142c\u0105ce im. M. Kopernika, a &#8222;Br\u0105zowej Szko\u0142y&#8221; &#8211; I Liceum Og\u00f3lnokszta\u0142c\u0105ce im. S. Konarskiego. W kategorii technik\u00f3w tytu\u0142 &#8222;Srebrnej Szko\u0142y&#8221; otrzyma\u0142o Technikum nr 1 (w Zespole Szk\u00f3\u0142 Ekonomicznych im. b\u0142. ks.Romana Sitki), a Technikum nr 2 (w Zespole Szk\u00f3\u0142 Budowlanych im. \u017bo\u0142nierzy AK) i Technikum nr 3 (w Zespole Szk\u00f3\u0142 Technicznych) otrzyma\u0142y tytu\u0142 &#8222;Br\u0105zowej Szko\u0142y&#8221;.<\/p>\r\n\r\n\r\n\r\n<p>12 II\u00a0\u00a0\u00a0\u00a0 Przed Szpitalem Specjalistycznym im. E. Biernackiego w Mielcu odby\u0142a si\u0119 konferencja prasowa pracownik\u00f3w szpitala protestuj\u0105cych przeciwko przymusowym szczepieniom na COVID-19 i segregacji sanitarnej.<\/p>\r\n\r\n\r\n\r\n<p>17 II\u00a0\u00a0\u00a0\u00a0 Nad ca\u0142\u0105 Polsk\u0105 szala\u0142a wichura. W Mielcu i powiecie mieleckim spowodowa\u0142a liczne szkody materialne, m.in. zerwa\u0142a cz\u0119\u015b\u0107 dachu na jednej z kamienic przy Rynku.<\/p>\r\n\r\n\r\n\r\n<p>22 II\u00a0\u00a0\u00a0\u00a0 Polskie Zak\u0142ady Lotnicze\u00a0 w Mielcu podpisa\u0142y kontrakt z filipi\u0144skim Departamentem Obrony Narodowej na wykonanie do 2026 r. 32 \u015bmig\u0142owc\u00f3w Black Hawk S-70i dla Filipi\u0144skich Si\u0142 Powietrznych.<\/p>\r\n\r\n\r\n\r\n<p>24 II\u00a0\u00a0\u00a0\u00a0 Po wybuchu wojny Rosji z Ukrain\u0105 Polska otworzy\u0142a granice dla ukrai\u0144skich uchod\u017ac\u00f3w. Do Mielca, w kt\u00f3rym mieszka i pracuje wielu Ukrai\u0144c\u00f3w, przyby\u0142a spora grupa uchod\u017ac\u00f3w. Samorz\u0105d miasta i mieszka\u0144cy w\u0142\u0105czyli si\u0119 w og\u00f3lnopolsk\u0105 akcj\u0119 pomocy Ukrai\u0144com, udost\u0119pniaj\u0105c lokale i mieszkania, przekazuj\u0105c artyku\u0142y \u017cywno\u015bciowe i przemys\u0142owe oraz przyjmuj\u0105c dzieci do szk\u00f3\u0142, przedszkole i plac\u00f3wek opieku\u0144czych. Cz\u0119\u015b\u0107 os\u00f3b z Ukrainy podj\u0119\u0142a prac\u0119 zarobkow\u0105.<\/p>\r\n\r\n\r\n\r\n<p>II\u00a0\u00a0\u00a0\u00a0\u00a0\u00a0\u00a0\u00a0\u00a0 W zwi\u0105zku z rozwojem wojny rosyjsko-ukrai\u0144skiej i potrzeb\u0105 wzmocnienia wschodniej flanki NATO, do Polski przyby\u0142o wojsko ameryka\u0144skie. W Mielcu baz\u0119 dla cz\u0119\u015bci 82. Dywizji Powietrzno-Desantowej urz\u0105dzono na lotnisku.<\/p>\r\n<p>8 III\u00a0\u00a0\u00a0\u00a0\u00a0 Z okazji Mi\u0119dzynarodowego Dnia Kobiet w Miejskiej Bibliotece Publicznej SCK odby\u0142a si\u0119 multidyscyplinarna impreza &#8222;Mielecka Strefa Kobiet&#8221;. W formach popularyzuj\u0105cych r\u00f3\u017cne formy aktywno\u015bci kobiet wzi\u0119\u0142o udzia\u0142 ponad tysi\u0105c os\u00f3b, g\u0142\u00f3wnie kobiet.<\/p>\r\n\r\n\r\n\r\n<p>9 III\u00a0\u00a0\u00a0\u00a0\u00a0 Na budynku &#8222;\u0141ojczyk\u00f3wki&#8221; przy ul. A. Mickiewicza 2 ods\u0142oni\u0119to tablic\u0119 upami\u0119tniaj\u0105c\u0105 przymusowe wysiedlenie z Mielca wszystkich obywateli polskich narodowo\u015bci \u017cydowskiej w 9 III 1942 r. przez okupant\u00f3w niemieckich w ramach Akcji &#8222;Reinhardt&#8221;.<\/p>\r\n<p>21 III\u00a0\u00a0\u00a0 Na skwerku przy zbiegu ulic J. Kusoci\u0144skiego i K. Jagiello\u0144czyka za\u0142o\u017cono pierwsz\u0105 w Mielcu &#8222;kwietn\u0105 \u0142\u0105k\u0119&#8221;.<\/p>\r\n\r\n\r\n\r\n<p>28 III\u00a0\u00a0\u00a0 Zniesiono obowi\u0105zek noszenia maseczek z wyj\u0105tkiem plac\u00f3wek S\u0142u\u017cby Zdrowia, gdzie nadal utrzymano ten nakaz.<\/p>\r\n\r\n\r\n\r\n<p>21 IV\u00a0\u00a0\u00a0 Katarzyna Zdzieb\u0142o (LKS Stal Mielec) zdoby\u0142a z\u0142oty medal w chodzie na 20 km (1.30.11) podczas Mistrzostw Polski w Sulej\u00f3wku.<\/p>\r\n\r\n\r\n\r\n<p>26 IV\u00a0\u00a0\u00a0 Do Mielca przyby\u0142 z wizyt\u0105 przewodnicz\u0105cy Platformy Obywatelskiej Donald Tusk. G\u0142\u00f3wnym tematem spotkania z mieszka\u0144cami Mielca, kt\u00f3re odby\u0142o si\u0119 w Miejskiej Bibliotece Publicznej SCK, by\u0142y problemy edukacji i sytuacji ekonomicznej nauczycieli.<\/p>\r\n\r\n\r\n\r\n<p>26 IV\u00a0\u00a0\u00a0 W presti\u017cowym 13. og\u00f3lnopolskim Rankingu Zr\u00f3wnowa\u017conego Rozwoju Jednostek Samorz\u0105du Terytorialnego 2021 Gmina Miejska Mielec zosta\u0142a sklasyfikowana na 9. miejscu w\u015br\u00f3d 302 gmin miejskich.<\/p>\r\n\r\n\r\n\r\n<p>IV\u00a0\u00a0\u00a0\u00a0\u00a0\u00a0\u00a0\u00a0 Wybrane dane o uchod\u017acach ukrai\u0144skich w Gminie Miejskiej Mielec: 556 wniosk\u00f3w o wydanie numeru PESEL, 481 wniosk\u00f3w o \u015bwiadczenia jednorazowe, 97 wniosk\u00f3w o pokrycie koszt\u00f3w posi\u0142k\u00f3w dla 109 dzieci w szkole i 24 w przedszkolu, 83 wnioski o \u015bwiadczenia pieni\u0119\u017cne n zakwaterowanie i wy\u017cywienie dla 326 os\u00f3b. Do szk\u00f3\u0142 przyj\u0119to 123 uczni\u00f3w z Ukrainy, w tym do miejskich &#8211; 105 uczni\u00f3w. W przedszkolach ulokowano 57 dzieci, w tym do miejskich &#8211; 45. Ponadto opiekunowie tymczasowi obj\u0119li opiek\u0105 36 ukrai\u0144skich dzieci, kt\u00f3rych rodzice pozostali na Ukrainie.<\/p>\r\n\r\n\r\n\r\n<p>14 V\u00a0\u00a0\u00a0\u00a0 W chodzie sportowym na 35 km kobiet, przeprowadzonym po raz pierwszy na Mistrzostwach Polski w Opolu, Katarzyna Zdzieb\u0142o (LKS Stal Mielec) zdoby\u0142a z\u0142oty medal i wynikiem 2.49.37 ustanowi\u0142a rekord Polski.<\/p>\r\n\r\n\r\n\r\n<p>15 V\u00a0\u00a0\u00a0\u00a0 W zako\u0144czonych rozgrywkach ekstraklasy pi\u0142ki r\u0119cznej m\u0119\u017cczyzn w sezonie 2021\/2022 pi\u0142karze r\u0119czni Handball Stal Mielec zaj\u0119li 14. miejsce (ostatnie) z bilansem: 26\u00a0 16\u00a0 679-801 i zostali zdegradowani do I ligi (Ligi Centralnej).<\/p>\r\n\r\n\r\n\r\n<p>15 V\u00a0\u00a0\u00a0\u00a0 Dru\u017cyna pi\u0142ki siatkowej ITA TOOLS Stal Mielec zaj\u0119\u0142a 2. miejsce w rozgrywkach I ligi w sezonie 2021\/2022. W fina\u0142owej rywalizacji o wej\u015bcie do ekstraklasy przegra\u0142a z dru\u017cyn\u0105 Roleski Grupa Azoty PWSZ Tarn\u00f3w 1:3 (0:3w, 3:0w, 2:3d, 0:3d).<\/p>\r\n\r\n\r\n\r\n<p>18 V\u00a0\u00a0\u00a0\u00a0\u00a0 Rozpocz\u0119\u0142a dzia\u0142alno\u015b\u0107 nowa poradnia onkologiczna w budynku Szpitala Specjalistycznego im. E. Biernackiego przy ul. S. \u017beromskiego 17 w Mielcu.<\/p>\r\n\r\n\r\n\r\n<p>22 V\u00a0\u00a0\u00a0\u00a0\u00a0\u00a0 W ostatnim meczu pi\u0142ki no\u017cnej PKO BP Ekstraklasy sezonu 2021\/2022 Stal Mielec przegra\u0142a na wyje\u017adzie z Wis\u0142\u0105 P\u0142ock 0:3 i w rywalizacji 18 dru\u017cyn zaj\u0119\u0142a 14. miejsce z bilansem: 34\u00a0 37\u00a0 39-52.<\/p>\r\n\r\n\r\n\r\n<p>2 VI\u00a0\u00a0\u00a0\u00a0\u00a0\u00a0\u00a0 Rada Miejska w Mielcu nada\u0142a parkowi przy Miejskiej Bibliotece Publicznej SCK nazw\u0119: Park Zespo\u0142u Pie\u015bni i Ta\u0144ca &#8222;Rzeszowiacy&#8221;.<\/p>\r\n\r\n\r\n\r\n<p>20 VI\u00a0\u00a0\u00a0\u00a0\u00a0 Uroczy\u015bcie otwarto now\u0105 siedzib\u0119 Kasy Rolniczego Ubezpieczenia Spo\u0142ecznego (KRUS) w Mielcu przy ul. S. S\u0119kowskiego.<\/p>\r\n\r\n\r\n\r\n<p>27 VI\u00a0\u00a0\u00a0\u00a0 &#8222;Mielczaninem Roku 2021&#8221; zosta\u0142 ks. Waldemar Ciosek &#8211; proboszcz parafii Ducha \u015awi\u0119tego w Mielcu,g\u0142\u00f3wny kreator obchod\u00f3w 40-lecia tej\u017ce parafii w 2021 r. Wr\u0119czenie &#8222;Ska\u0142ki Korso&#8221; odby\u0142o si\u0119 przy licznej publiczno\u015bci podczas tradycyjnej gali w Karczmie Polskiej. Dodatkowa atrakcj\u0105 by\u0142 okoliczno\u015bciowy wyst\u0119p znanego satyryka Marcina Da\u0144ca &#8211; kolegi ks. Waldemara Cioska od lat dzieci\u0119cych..<\/p>\r\n\r\n\r\n\r\n<p>30 VI\u00a0\u00a0\u00a0\u00a0 Szpital Specjalistyczny im. Edmunda Biernackiego w Mielcu i Grupa American Heart of Poland podpisa\u0142y kontynuacj\u0119 opieki kardiologicznej PAKS w Mielcu zaj\u0119\u0142a przez kolejne 10 lat.<\/p>\r\n<p>12VII\u00a0\u00a0\u00a0\u00a0 Na terenie osiedla Dziubk\u00f3w za\u0142o\u017cono i otwarto Klub Seniora Natura (w budynku Nadle\u015bnictwa).<\/p>\r\n\r\n\r\n\r\n<p>15 VII\u00a0\u00a0\u00a0 W czasie Lekkoatletycznych Mistrzostw \u015awiata w Eugene (USA) reprezentantka Polski Katarzyna Zdzieb\u0142o (LKS Stal Mielec) zdoby\u0142a srebrne medal i tytu\u0142 wicemistrzyni \u015bwiata w chodzie na 20 km (1.27.31).<\/p>\r\n\r\n\r\n\r\n<p>22 VII\u00a0\u00a0 W czasie Lekkoatletycznych Mistrzostw \u015awiata w Eugene (USA) reprezentantka Polski Katarzyna Zdzieb\u0142o (LKS Stal Mielec) zdoby\u0142a srebrne medal i tytu\u0142 wicemistrzyni \u015bwiata w chodzie na 35\u00a0 km (2.40.03).<\/p>\r\n<p>VII\u00a0 W Szpitalu Specjalistycznym im. E. Biernackiego w Mielcu uruchomiono poradni\u0119 kardiologii dzieci.<\/p>\r\n\r\n\r\n\r\n<p>20 VIII\u00a0\u00a0 W czasie Lekkoatletycznych Mistrzostw Europy w Monachium (Niemcy) reprezentantka Polski Katarzyna Zdzieb\u0142o (LKS Stal Mielec) zdoby\u0142a srebrne medal i tytu\u0142 wicemistrzyni Europy w chodzie na 20 km (1.29.20).<\/p>\r\n\r\n\r\n\r\n<p>26-29 VIII\u00a0 W Mielcu odby\u0142o si\u0119 &#8222;Spotkanie miast partnerskich Mielca&#8221;. Przyby\u0142y delegacje w\u0142adz miejskich i zespo\u0142y artystyczne z Douchy-les-Mines (Francja), Loehne (Niemcy), Morlaix (Francja), Tiszafoldvar (W\u0119gry) i Vila Nova de Poiares (Portugalia).<\/p>\r\n<p>27 VIII\u00a0\u00a0 Odby\u0142o si\u0119 uroczyste ods\u0142oni\u0119cie tabliczek informacyjnych na rondzie im. Tadeusza Ryczaja przed g\u0142\u00f3wnym wjazdem do SSE EUROPARK MIELEC.<\/p>\r\n<p>27-28 VIII\u00a0 Na obiektach MOSiR odby\u0142y si\u0119 Dni Mielca. Gwiazd\u0105 imprezy by\u0142 zesp\u00f3\u0142 MYSLOVITZ.<\/p>\r\n<p>VIII\u00a0 W Mi\u0119dzynarodowym Konkursie &#8222;A&#8217;Design Award &amp; Competition podw\u00f3jn\u0105 nagrod\u0119 otrzyma\u0142 polski architekt Bogus\u0142aw Barna\u015b &#8211; BXB Studio (z pochodzenia mielczanin) za realizacj\u0119 dw\u00f3ch dom\u00f3w: Polska Zagroda i Ma\u0142opolska Chata Podcieniowa. Gala fina\u0142owa odby\u0142a si\u0119 w Como (W\u0142ochy).<\/p>\r\n<p>1 IX\u00a0 Odby\u0142o si\u0119 uroczyste ods\u0142oni\u0119cie pomnika \u017bo\u0142nierzy Wykl\u0119tych na G\u00f3rze Cyranowskiej. W uroczysto\u015bci wzi\u0119li udzia\u0142 m.in. wicemarsza\u0142ek Sejmu RP Ryszard Terlecki i wicepremier Piotr Gli\u0144ski.<\/p>\r\n<p>1 IX\u00a0\u00a0 W restauracji &#8222;Iskierka&#8221; odby\u0142o si\u0119 XII Spotkanie Lotniczych Pokole\u0144.<\/p>\r\n<p>2 IX\u00a0\u00a0 Na sesji Rady Powiatu Mieleckiego grupa radnych z\u0142o\u017cy\u0142a wniosek o odwo\u0142anie starosty J\u00f3zefa Lonczaka. Po d\u0142ugiej dyskusji zwolennik\u00f3w i przeciwnik\u00f3w odwo\u0142ania starosty wi\u0119cej by\u0142o tych drugich (10:14) i starosta nie zosta\u0142 odwo\u0142any.<\/p>\r\n<p>4 IX\u00a0\u00a0 W Domu Kultury SCK odby\u0142o si\u0119 spotkanie prezesa PiS Jaros\u0142awa Kaczy\u0144skiego z cz\u0142onkami i sympatykami tej partii. Ponadto prezes J. Kaczy\u0144ski z\u0142o\u017cy\u0142 kwiaty przed pomnikiem \u017bo\u0142nierzy Wykl\u0119tych.<\/p>\r\n<p>4 IX\u00a0\u00a0 W ko\u015bciele pw. Ducha \u015awi\u0119tego odby\u0142 si\u0119 koncert inauguracyjny 25. Mieleckiego Festiwalu Muzycznego.\u00a0 W jazzowej adaptacji <em>Mszy Radosnej i Dzi\u0119kczynnej <\/em>J. Haydna wyst\u0105pili: Marek Ba\u0142ata (mielczanin z Krakowa), Przemyska Orkiestra Kameralna oraz Ch\u00f3r &#8222;Akord&#8221; ZNP i SCK w Mielcu. W programie 25. MFM zaplanowano sze\u015b\u0107 koncert\u00f3w w okresie od 4 IX do 18 IX.<\/p>\r\n<p>12-17 IX\u00a0\u00a0 Zorganizowano V Mieleckie Dni Seniora (Mielecki Tydzie\u0144 Seniora). Efektownym fina\u0142em by\u0142 przemarsz korowodu senior\u00f3w i innych organizacji spo\u0142ecznych ulicami Starego Mielca oraz plenerowy koncert Alicji Majewskiej na Rynku.<\/p>\r\n<p>23 IX\u00a0\u00a0 W zwi\u0105zku z zapowiadan\u0105 wysok\u0105 podwy\u017ck\u0105 cen za energi\u0119 elektryczn\u0105 &#8211; w Przec\u0142awiu odby\u0142 si\u0119 Konwent Samorz\u0105d\u00f3w Powiatu Mieleckiego ws. ustalenia jednolitej strategii o\u015bwietlenia ulicznego w celu racjonalizacji wydatk\u00f3w.<\/p>\r\n<p>23 IX\u00a0 Z okazji 25-lecia powstania CKPiDN w Mielcu w siedzibie Jubilata odby\u0142a si\u0119 konferencja podsumowuj\u0105ca \u0107wier\u0107wiecze dzia\u0142alno\u015bci Centrum.<\/p>\r\n<p>4 X\u00a0\u00a0 W czasie sesji Rady Miejskiej rondo w ci\u0105gu ul. Wolno\u015bci i przy zbiegu ulic W. Szafera i Powsta\u0144c\u00f3w Warszawy otrzyma\u0142o patronat kpt. Jerzego D\u0119bickiego.<\/p>\r\n<p>9 X\u00a0\u00a0 W Bibliotece SCK odby\u0142 si\u0119 wernisa\u017c dorocznej wystawy artyst\u00f3w plastyk\u00f3w skupionych w Klubie \u015arodowisk Tw\u00f3rczych TMZM im. W. Szafera.<\/p>\r\n\r\n\r\n\r\n<p>15 X\u00a0\u00a0\u00a0\u00a0 W og\u00f3lnopolskim finale konkursu &#8222;Aktywna Parafia&#8221; (organizator: Katolicka Agencja Informacyjna) w Warszawie wystartowa\u0142o 10 reprezentacji parafialnych. I miejsce zdoby\u0142a parafia pw. Ducha \u015awi\u0119tego w Mielcu.<\/p>\r\n\r\n\r\n\r\n<p>15 X\u00a0\u00a0\u00a0\u00a0 W Domu Kultury SCK odby\u0142a si\u0119 uroczysto\u015b\u0107 z okazji 25-lecia Stowarzyszenia Trze\u017awo\u015bciowego &#8222;Nowe \u017bycie&#8221;.<\/p>\r\n\r\n\r\n\r\n<p>17 X \u00a0 \u00a0 W czasie konferencji prasowej marsza\u0142ek woj. podkarpackiego przekaza\u0142 wiadomo\u015b\u0107 o przyznaniu rz\u0105dowej dotacji na budow\u0119 drogi lotniskowej, kt\u00f3ra b\u0119dzie w\u0142\u0105czona do p\u00f3\u0142nocnej obwodnicy Mielca. \u00a0<\/p>\r\n\r\n\r\n\r\n<p>18 X\u00a0\u00a0\u00a0\u00a0 Tygodnik Regionalny &#8222;Korso&#8221; poinformowa\u0142, \u017ce Agencja Wydawniczo-Reklamowa &#8222;Korso&#8221; zosta\u0142a jednym z laureat\u00f3w pierwszego konkursu Google News Initiative Innovation Challenge for Europe.<\/p>\r\n\r\n\r\n\r\n<p>20 X\u00a0\u00a0\u00a0\u00a0 W Sali Kr\u00f3lewskiej PSM I i II st. I Liceum Og\u00f3lnokszta\u0142c\u0105ce im. Stanis\u0142awa Konarskiego zorganizowa\u0142o I Forum Academicum J\u0119zyk a Kultura pt. &#8222;Karol Wojty\u0142a Jan Pawe\u0142 II &#8211; mistrz s\u0142owa polskiego&#8221;.<\/p>\r\n\r\n\r\n\r\n<p>20 X\u00a0\u00a0\u00a0\u00a0 W sali widowiskowej Domu Kultury SCK odby\u0142a si\u0119 uroczysto\u015b\u0107 z okazji 60-lecia Szko\u0142y Podstawowej nr 6 w Mielcu.<\/p>\r\n<p>22 X\u00a0\u00a0\u00a0\u00a0 Z okazji 20-lecia wsp\u00f3\u0142pracy partnerskiej miast: Mielec i Loehne (Niemcy) do Mielca przyby\u0142a delegacja Loehne. G\u0142\u00f3wnym punktem programu by\u0142o spotkanie przedstawicieli samorz\u0105d\u00f3w obu miast w Muzeum Fotograficznym &#8222;Jadern\u00f3wka&#8221; Muzeum Regionalnego SCK. Po prezentacji form wsp\u00f3\u0142pracy w ci\u0105gu 20-lecia (2002-2022) burmistrz Loehne Bernd Poggemoller i prezydent Mielca Jacek Wi\u015bniewski oraz Henryk Bury (inicjator partnerstwa miast) zadeklarowali kontynuacj\u0119 wsp\u00f3\u0142pracy na dotychczasowych zasadach. Go\u015bcie niemieccy obejrzeli te\u017c najnowsze mieleckie inwestycje: Miejsk\u0105 Bibliotek\u0119 Publiczn\u0105 SCK oraz hal\u0119 sportow\u0105 i z uznaniem wyra\u017cali si\u0119 o rozwoju Mielca.<\/p>\r\n<p>22 X\u00a0\u00a0\u00a0 W Domu Kultury SCK odby\u0142a si\u0119 uroczysto\u015b\u0107 z okazji 60-lecia dzia\u0142alno\u015bci Szko\u0142y Podstawowej nr 6 im. F. \u017bwirki i S. Wigury z Oddzia\u0142ami Integracyjnymi i Sportowymi.<\/p>\r\n\r\n\r\n\r\n<p>27 X\u00a0\u00a0\u00a0 W dniach 26-27 X w sali audiowizualnej Miejskiej Biblioteki Publicznej SCK odby\u0142 si\u0119 XII Powiatowy Konkurs &#8222;Barwy Mojej Ojczyzny&#8221;.<\/p>\r\n\r\n\r\n\r\n<p>28 X\u00a0\u00a0 Podczas Gali Orlen Z\u0142ote Kolce Stadion \u015al\u0105ski 2022 &#8211; Katarzyna Zdzieb\u0142o (LKS Stal Mielec) zosta\u0142a uznana za najlepsz\u0105 polsk\u0105 lekkoatletk\u0119 w 2022 r. i uhonorowana &#8222;Z\u0142otymi Kolcami&#8221;.<\/p>\r\n\r\n\r\n\r\n<p>29 X\u00a0\u00a0\u00a0 Z okazji 25-lecia Stowarzyszenia Senior\u00f3w Zespo\u0142u Pie\u015bni i Ta\u0144ca &#8222;Rzeszowiacy&#8221; w sali widowiskowej Domu Kultury SCK odby\u0142 si\u0119 Koncert Jubileuszowy, w kt\u00f3rym obok zespo\u0142u Stowarzyszenia wyst\u0105pili: balet ZPiT &#8222;Rzeszowiacy&#8221;, ZPiT &#8222;Mali Rzeszowiacy&#8221; i Kapela Mielecka &#8222;Ale heca&#8221;.<\/p>\r\n\r\n\r\n\r\n<p>29 X\u00a0\u00a0\u00a0 W dniach 21-26-27-29 X przeprowadzono kolejn\u0105 edycj\u0119 &#8222;Shalom Mielec&#8221;. Na program z\u0142o\u017cy\u0142y si\u0119: Spotkanie dyskusyjne, spacer \u015bladami spo\u0142eczno\u015bci \u017cydowskiej w Mielcu i wyjazd studyjny do D\u0105browy Tarnowskiej.<\/p>\r\n<p>X\u00a0\u00a0\u00a0\u00a0\u00a0\u00a0\u00a0\u00a0\u00a0 W Mi\u0119dzynarodowym Konkursie Architectura MasterPrize jury uzna\u0142o dom &#8222;Polska Zagroda&#8221; &#8222;Projektem Roku 2022&#8221;. Autorem projektu jest mielczanin Bogus\u0142aw Barna\u015b. Ponadto jego firma BXB Studio zosta\u0142a uznana &#8222;Firm\u0105 Roku&#8221;.<\/p>\r\n<p>2-6 XI\u00a0\u00a0 W hali sportowej Szko\u0142y Podstawowej nr 11 odby\u0142y si\u0119 M\u0142odzie\u017cowe Mistrzostwa Polski w Boksie Olimpijskim. Rywalizowa\u0142o 250 m\u0142odych pi\u0119\u015bciarzy.<\/p>\r\n<p>6 XI \u00a0 Po zako\u0144czeniu remontu generalnego odcinka linii kolejowej Mielec-Padew Narodowa wznowiono (po 13 latach) ruch poci\u0105g\u00f3w na tej linii.<\/p>\r\n<p>10 XI\u00a0 W przeddzie\u0144 \u015awi\u0119ta Niepodleg\u0142o\u015bci, przy ognisku na placu przy Pa\u0142acyku Oborskich Muzeum Regionalnym SCK, odby\u0142y si\u0119 tradycyjne &#8222;\u015apiewanki patriotyczne&#8221;.<\/p>\r\n<p>10 XI\u00a0\u00a0 W Sali Kr\u00f3lewskiej PSM I i II st. odby\u0142 si\u0119 &#8222;Koncert patriotyczny&#8221;.<\/p>\r\n<p>11 XI\u00a0 W bazylice mn. \u015bw. Mateusza i przed pomnikiem Wolno\u015bci odby\u0142y si\u0119 uroczysto\u015bci z okazji \u015awi\u0119ta Niepodleg\u0142o\u015bci.<\/p>\r\n<p>11 XI\u00a0\u00a0 W sali widowiskowej Domu Kultury SCK odby\u0142 si\u0119 tradycyjny &#8222;Koncert Niepodleg\u0142o\u015bciowy&#8221; w wykonaniu Mieleckiej Orkiestry Symfonicznej. W ramach koncertu wr\u0119czono nagrody zwyci\u0119zcom &#8222;Dyktanda Niepodleg\u0142o\u015bciowego&#8221;.<\/p>\r\n<p>11 XI\u00a0 Wyjazdowym meczem z Wart\u0105 Pozna\u0144, zako\u0144czonym wynikiem 1:1, PGE FKS Stal Mielec zako\u0144czy\u0142a rund\u0119 jesienn\u0105 rozgrywek pi\u0142ki no\u017cnej o mistrzostwo ekstraklasy w sezonie 2022\/2023. Mielecka dru\u017cyna uplasowa\u0142a si\u0119 na wysokim 7. miejscu z bilansem: 17\u00a0 27\u00a0 25-22.<\/p>\r\n<p>16 XI\u00a0\u00a0 Agencja Wydawniczo &#8211; Reklamowa\u00a0 &#8222;Korso&#8221; wyda\u0142a tom 5. &#8222;Encyklopedii miasta Mielca&#8221;.<\/p>\r\n<p>19-20 XI\u00a0\u00a0 W Domu Kultury SCK odby\u0142 si\u0119 XV Og\u00f3lnopolski Festiwal Ta\u0144ca Wsp\u00f3\u0142czesnego.<\/p>\r\n<p>XI\u00a0\u00a0\u00a0\u00a0\u00a0\u00a0 W Zespole Szk\u00f3\u0142 im. J. Groszkowskiego odby\u0142y si\u0119 uroczysto\u015bci 110 rocznicy gmachu szko\u0142y, 55 rocznicy powstania technikum elektrycznego i 50-lecia pierwszej matury w tej szkole.<\/p>\r\n<p>2 XII\u00a0\u00a0 Z okazji 110. rocznicy oddania do u\u017cytku bursy gimnazjalnej z kaplic\u0105 pw. \u015bw. Stanis\u0142awa Kostki &#8211; w kaplicy odprawiono Msz\u0119 \u015awi\u0119t\u0105 oraz przedstawiono histori\u0119 budynku.<\/p>\r\n<p>2 XII\u00a0\u00a0 W Galerii ESCEK DK SCK odby\u0142 si\u0119 wernisa\u017c wystawy krakowskich szopek ze zbior\u00f3w Muzeum Historycznego Miasta Krakowa.<\/p>\r\n<p>9 XII\u00a0\u00a0 Cyklon Brygida przyni\u00f3s\u0142 du\u017ce opady \u015bniegu (miejscami do 30 cm), kt\u00f3re spowodowa\u0142y m.in. du\u017ce k\u0142opoty komunikacyjne oraz awarie sieci i urz\u0105dze\u0144 elektrycznych.<\/p>\r\n<p>9 XII\u00a0\u00a0 Podczas Konwentu Og\u00f3lnopolskiego Porozumienia Rad Senior\u00f3w w Krakowie (8-9 XII) og\u0142oszono wyniki og\u00f3lnopolskiego konkursu &#8222;Liderzy aktywno\u015bci spo\u0142ecznej 60+&#8221;. Jednym z 10 laureat\u00f3w konkursu zosta\u0142a Mielecka Rada Senior\u00f3w.20-15<\/p>\r\n<p>11 XII\u00a0\u00a0 Na mieleckim rynku w \u015bnie\u017cnej scenerii odby\u0142 si\u0119 tradycyjny Powiatowy Jarmark \u015awi\u0105teczny.<\/p>\r\n<p>15 XII \u00a0 Otwarto Vendo Park Mielec &#8211; park handlowy pod adresem: S. \u017beromskiego 15, a faktycznie pomi\u0119dzy ulicami Kazimierza Jagiello\u0144czyka i Le\u015bn\u0105. W ramach nowej plac\u00f3wki handlowej uruchomi\u0142o swoje sklepy 13 firm:\u00a0 Biedronka, Dealz, Kaes, Kakadu, KIK, Media Expert,\u00a0 Peoco, Poczta Polska, Rosman,\u00a0 Sinsay, Takko Fashion, Tedi, Ziko Optyk.<\/p>\r\n<p>15 XII\u00a0\u00a0 Przy Bibliotece SCK otwarto plenerow\u0105 wystaw\u0119 ikony wsp\u00f3\u0142czesnej &#8222;\u015awiat\u0142o Niestworzone&#8221; autorstwa mielczanina brata Marcina \u015awi\u0105dra z Zakonu Braci Mniejszych Kapucyn\u00f3w.<\/p>\r\n<p>16 XII\u00a0\u00a0 I Mielecka Gala Wolontariatu u\u015bwiadomi\u0142a mieleckiemu spo\u0142ecze\u0144stwu rozmiar i potrzeb\u0119 spo\u0142ecznej i bezinteresownej dzia\u0142alno\u015bci na rzecz drugiego cz\u0142owieka.Wyr\u00f3\u017cniono 100 wolontariuszy indywidualnych i zbiorowych.<\/p>\r\n<p>17 XII\u00a0 15-letni mielczanin Kamil Jachyra wygra\u0142 edycj\u0119 2022 programu TVP &#8222;Szansa na sukces&#8221; i otrzyma\u0142 przepustk\u0119 do udzia\u0142u w Krajowym Festiwalu Piosenki Polskiej w Opolu w 2023 r. w koncercie Debiuty o nagrod\u0119 im. Anny Jantar.<\/p>\r\n<p>XII\u00a0 Wicemarsza\u0142ek wojew\u00f3dztwa podkarpackiego Ewa Draus otwar\u0142a ostatni odcinek zachodniej obwodnicy Mielca (Pi\u0105tkowiec &#8211; Rz\u0119dzianowice) i tym samym ca\u0142\u0105 zachodni\u0105 obwodnic\u0119.<\/p>\r\n<p>22 XII\u00a0\u00a0 Na scenie Domu Kultury SCK nauczyciele i uczniowie Powiatowego Zespo\u0142u Plac\u00f3wek Szkolno-Wychowawczych w Mielcu &#8211; Smoczce (80 os\u00f3b) przedstawili &#8222;Jase\u0142ka&#8221;.<\/p>\r\n<p>29 XII\u00a0\u00a0 Dyrektor PSM I i II st. im. M. Kar\u0142owicza w Mielcu Ryszard Kusek podpisa\u0142 (z upowa\u017cnienia Ministra Kultury i Dziedzictwa Narodowego) akt notarialny zakupu nieruchomo\u015bci (z nowym budynkiem) po\u0142o\u017conej pomi\u0119dzy ul. Rzeczn\u0105 i ul. T. Ko\u015bciuszki, w bezpo\u015brednim s\u0105siedztwie PSM, w celu znacz\u0105cego powi\u0119kszenia bazy dydaktycznej.<\/p>\r\n<p>29 XII\u00a0\u00a0 W restauracji &#8222;Frezja&#8221; odby\u0142a si\u0119 uroczysto\u015b\u0107 50-lecia Oddzia\u0142u PTTK w Mielcu.<\/p>\r\n<p>XII \u00a0 Przy S\u0105dzie Rejonowym w Mielcu utworzono o\u015brodek kuratorski.<\/p>\r\n<p>XII\u00a0 &#8211; Mielec liczy\u0142 56 318 mieszka\u0144c\u00f3w zameldowanych na sta\u0142e.<\/p>\r\n<p>XII &#8211;\u00a0 W roku 2022 Pa\u0144stwowa Stra\u017c Po\u017carna w Mielcu interweniowa\u0142a 563 razy. By\u0142y to: 94 po\u017cary, 418 miejscowe zagro\u017cenia i 51 fa\u0142szywych alarm\u00f3w.<\/p>\r\n<p>XII &#8211; W 2022 r. w Mielcu\u00a0 urodzi\u0142o si\u0119 1069 dzieci. Zmar\u0142y 1154 osoby.<\/p>\r\n<p>XII W 2022 r. powiat mielecki liczy\u0142 132 407 os\u00f3b. Urodzi\u0142o si\u0119 1780 dzieci. Zmar\u0142o 1839 os\u00f3b.<\/p>\r\n<p><strong>2023<\/strong><\/p>\r\n<p>2 I\u00a0\u00a0 Rada Miejska w Mielcu uchwali\u0142a utworzenie o\u015brodka wsparcia KLUB SENIOR +. Nowa plac\u00f3wka rozpocz\u0119\u0142a dzia\u0142alno\u015b\u0107 2 I w budynku Centrum Integracji Organizacji Pozarz\u0105dowych przy ul. Marii Sk\u0142odowskiej-Curie.<\/p>\r\n<p>5 I\u00a0\u00a0 Sportowcem Roku 2022 w plebiscycie Tygodnika Regionalnego &#8222;Korso&#8221; zosta\u0142a podw\u00f3jna wicemistrzyni \u015bwiata w chodzie sportowym Katarzyna Zdzieb\u0142o (LKS Stal Mielec); Trenerem Roku &#8211; Adam Majewski (pi\u0142ka no\u017cna, PGE FKS Stal Mielec), Trenerem Wychowawca M\u0142odzie\u017cy &#8211; Zbigniew \u017bola (szermierka, PTG Sok\u00f3\u0142 1893), Talentami Roku &#8211; Patryk Dudek (boks, Iryda Mielec) oraz Alicja Potoczny i Gabriel Krakowski (taniec towarzyski, Gala Mielec), Mecenasem Roku &#8211; Tomasz Nieci\u0105g (ITA TOOLS).<\/p>\r\n<p>6 I\u00a0\u00a0 Po Mszy \u015awi\u0119tej w ko\u015bciele pw. Ducha \u015awi\u0119tego Orszak Trzech Kr\u00f3li przeszed\u0142 ulicami miasta na Rynek, gdzie odby\u0142a si\u0119 dalsza cz\u0119\u015b\u0107 uroczysto\u015bci.<\/p>\r\n<p>6 I\u00a0\u00a0 Koncertem Noworocznym rozpocz\u0119\u0142a dzia\u0142alno\u015b\u0107 artystyczn\u0105 w roku 2023 Mielecka Orkiestra Symfoniczna pod dyrekcj\u0105 Piotra Wyzgi.<\/p>\r\n<p>I\u00a0\u00a0\u00a0\u00a0\u00a0 Oddano do u\u017cytku rozbudowany, zmodernizowany i unowocze\u015bniony Oddzia\u0142 Kardiologiczny Grupy American Heart of Poland (PAKS) w mieleckim Szpitalu Specjalistycznym im. E. Biernackiego.<\/p>\r\n<p>18 I\u00a0\u00a0\u00a0 Agencja Restrukturyzacji i Modernizacji Rolnictwa w Mielcu rozpocz\u0119\u0142a nab\u00f3r wniosk\u00f3w o przyznanie pomocy finansowej w ramach programu &#8222;Pomoc dla rolnik\u00f3w szczeg\u00f3lnie dotkni\u0119tych wp\u0142ywem rosyjskiej inwazji na Ukrain\u0119&#8221;.<\/p>\r\n<p>20-21 I\u00a0\u00a0 Wieczorem 20 I i w\u00a0 nocy z 20 I na 21 I nad powiatem mieleckim przesz\u0142a wichura ze \u015bnie\u017cyc\u0105, po kt\u00f3rej pokrywa \u015bnie\u017cna wynosi\u0142a ok. 20 cm. Wichura powali\u0142a wiele drzew i uszkodzi\u0142a niekt\u00f3re linie energetyczne. Nie bylo ofiar w ludziach.<\/p>\r\n<p>28-29 I\u00a0\u00a0 W Mielcu odby\u0142y si\u0119 Mistrzostwa Polski Junior\u00f3w w szpadzie. W konkurencji juniorek wygra\u0142a Kinga Zgry\u017aniak, a w konkurencji junior\u00f3w &#8211; Wiktor Wa\u0142ach. Mielczanie zaj\u0119li 5. (Stanis\u0142aw Dziura, PTG Sok\u00f3\u0142 1893) i 7. miejsce ( Piotr Urban, AZS AWF Krak\u00f3w).<\/p>\r\n<p>29 I\u00a0\u00a0 31. Fina\u0142 Wielkiej Orkiestry \u015awi\u0105tecznej Pomocy pod has\u0142em: &#8222;Chcemy wygra\u0107 z seps\u0105. Gramy dla wszystkich &#8211; ma\u0142ych i du\u017cych!&#8221; przyni\u00f3s\u0142 w Mielcu sk\u0142adk\u0119 w wysoko\u015bci 233 730 z\u0142. Jest mo\u017cliwe. \u017ce kwota ta b\u0119dzie jeszcze wy\u017csza, bo niekt\u00f3re akcje nie zako\u0144czono w dniu fina\u0142u.<\/p>\r\n<p>30 I\u00a0\u00a0 W Szpitalu Specjalistycznym im. E. Biernackiego w Mielcu rozpocz\u0119\u0142y dzia\u0142alno\u015b\u0107 nowe poradnie: Poradnia Chirurgii Og\u00f3lnej i Poradnia Proktologiczna.<\/p>\r\n<p>I\u00a0\u00a0\u00a0\u00a0 W presti\u017cowym og\u00f3lnopolskim rankingu Lice\u00f3w i Technik\u00f3w Perspektywy 2023 (na podstawie wynik\u00f3w matur i konkurs\u00f3w w 2022 r.) mieleckie szko\u0142y oceniono nast\u0119puj\u0105co: w rankingu lice\u00f3w &#8211; II LO (151. w kraju, 6. w wojew\u00f3dztwie &#8211; z\u0142oty znak), I LO (498. w kraju, 23. w wojew\u00f3dztwie &#8211; srebrny znak), V LO (910. w kraju, 61. w wojew\u00f3dztwie &#8211; br\u0105zowy znak); w rankingu technik\u00f3w &#8211; Technikum nr 1 w ZSE (224. miejsce w kraju, 14. w wojew\u00f3dztwie &#8211; srebrny znak), Technikum ne 3 w ZST (294. miejsce w kraju, 23. w wojew\u00f3dztwie &#8211; srebrny znak).<\/p>\r\n<p>3 II\u00a0\u00a0\u00a0 W nast\u0119pstwie odwo\u0142ania Rady Osiedla Rzoch\u00f3w przez Rad\u0119 Miejsk\u0105 w Mielcu &#8211; w osiedlu Rzoch\u00f3w wybrano now\u0105 Rad\u0119 Osiedla. Przewodnicz\u0105cym Rady zosta\u0142 ponownie Mariusz Mazur.<\/p>\r\n<p>8 II\u00a0\u00a0\u00a0 W sali widowiskowej Domu Kultury SCK odby\u0142 si\u0119 koncert Orkiestry Kameralnej Filharmonii Narodowej pod kierunkiem Jana Lewtaka i Bogdana Ol\u0119dzkiego.\u00a0 Koncert zorganizowano w ramach XVIII Forum Pianistycznego &#8222;Bieszczady bez granic&#8221;.<\/p>\r\n<p>9 II\u00a0\u00a0\u00a0 W Zespole Szk\u00f3\u0142 Technicznych w Mielcu odby\u0142a si\u0119 uroczysto\u015b\u0107 wr\u0119czenia nagr\u00f3d za I miejsce w og\u00f3lnopolskich zawodach esportowych Predator Games 2023. W rywalizacji 128 szk\u00f3\u0142 I miejsce zaj\u0119\u0142a dru\u017cyna Zespo\u0142u Szk\u00f3\u0142 Technicznych w Mielcu.<\/p>\r\n<p>14 II\u00a0\u00a0 Przed Domem Kultury SCK grupa mieszka\u0144c\u00f3w Mielca zata\u0144czy\u0142a przeciwko przemocy w ramach og\u00f3lno\u015bwiatowej akcji &#8222;Nazywam si\u0119 Miliard&#8221;.<\/p>\r\n<p>16 II\u00a0 Do Mielca przybyli politycy Lewicy z wicemarsza\u0142kiem Sejmu RP W\u0142odzimierzem Czarzastym na czele i odbyli otwarte spotkanie z mieszka\u0144cami Mielca.<\/p>\r\n<p>20 II\u00a0 Decyzj\u0105 G\u0142\u00f3wnego Inspektoratu Ochrony \u015arodowiska w Mielcu zosta\u0142 utworzony (jako drugi w Polsce) Zesp\u00f3\u0142 Terenowy Departamentu Zwalczania Przest\u0119pczo\u015bci \u015arodowiskowej GIO\u015a. W zwi\u0105zku z tym wydarzeniem odby\u0142a si\u0119 konferencja prasowa z udzia\u0142em wiceministra klimatu i \u015brodowiska Jacka Ozdoby i wiceministra sprawiedliwo\u015bci Marcina Warcho\u0142a. Kierownikiem nowej plac\u00f3wki zosta\u0142 Wies\u0142aw Kluk.<\/p>\r\n<p>21 II\u00a0 W budynku przy ul. M. Sk\u0142odowskiej-Curie otwarto Klub Seniora Rado\u015b\u0107. Aktu otwarcia dokonali: prezydent miasta Mielca Jacek Wi\u015bniewski i przewodnicz\u0105cy Rady Miejskiej Bogdan Bieniek. Na prezesa Klubu wybrano Mari\u0119 Kolisz.<\/p>\r\n<p>II\u00a0\u00a0 W Urz\u0119dzie Miejskim podpisano umow\u0119 pomi\u0119dzy Gmin\u0105 Miejsk\u0105 Mielec a firm\u0105 Flexipower Group Sp. z o.o. ws. montazu instalacji OZE w gospodarstwach domowych na terenie Mielca.<\/p>\r\n<p>27 II\u00a0\u00a0 Odby\u0142a si\u0119 nadzwyczajna sesja Rady Miejskiej ws. przed\u0142u\u017caj\u0105cego si\u0119 terminu odbioru hali sportowej w Mielcu.<\/p>\r\n<p>6 III\u00a0\u00a0 Zmar\u0142 W\u0142adys\u0142aw Bieniek (l. 80) &#8211; prawnik, przewodnicz\u0105cy Komitetu Obywatelskiego &#8222;S&#8221; w 1990 r., prezydent miasta Mielca w latach 1990-1994.<\/p>\r\n<p>7 III\u00a0 Odby\u0142a si\u0119 uroczysto\u015b\u0107 po\u017cegnania ameryka\u0144skich \u017co\u0142nierzy ze 101. Dywizji, stacjonuj\u0105cych na mieleckim lotnisku od lipca 2022 r. w zwi\u0105zku z wojn\u0105 rosyjsko-ukrai\u0144ska. W imieniu Mielca \u017cegnali ich prezydent miasta Jacek Wi\u015bniewski i prezes Zarz\u0105du Lotnisko Mielec \u0141ukasz Tomasz Kalinka.<\/p>\r\n<p>8 III\u00a0 Powo\u0142ano Mieleck\u0105 Rad\u0119 Kobiet &#8211; cia\u0142o opiniodawczo-doradcze Prezydenta Miasta Mielca w sprawach dotycz\u0105cych \u017cycia spo\u0142eczno-gospodarczego miasta Mielca.<\/p>\r\n<p>31 III\u00a0 Ulicami Mielca przeszli wierni dwiema Drogami Krzy\u017cowymi i w finale Eucharystiami.\u00a0 Pierwsza sz\u0142a tras\u0105: bazylika \u015bw. Mateusza &#8211; ko\u015bci\u00f3\u0142 Ducha \u015awi\u0119tego (Eucharystia); druga &#8211; ulicami: Trynitarsk\u0105, Brata Alberta, \u015aw. Kingi, \u015aw. Matki Teresy i kard. S. Wyszy\u0144skiego do ko\u015bcio\u0142a Tr\u00f3jcy Przenaj\u015bwi\u0119tsze (Eucharystia).<\/p>\r\n<p>3 IV\u00a0\u00a0 Od rana pada\u0142 \u015bnieg.<\/p>\r\n<p>20 IV\u00a0\u00a0 W og\u00f3lnopolskim konkursie &#8222;Lider Rozwoju&#8221; (w\u015br\u00f3d ma\u0142ych i \u015brednich miast polskich) miasto Mielec zosta\u0142o laureatem w kategorii: &#8222;Miasto &#8211; Lider Rozwoju&#8221;. Statuetk\u0119 odebra\u0142 prezydent Mielca Jacek Wi\u015bniewski na gali konkursowej w Che\u0142mie.<\/p>\r\n<p>23 IV\u00a0 &#8222;Koncertem Wiosennym&#8221; w sali widowiskowej DK SCK zako\u0144czy\u0142a sezon artystyczny 2022\/2023 Mielecka Orkiestra Symfoniczna pod dyrekcj\u0105 Piotra Wyzgi.<\/p>\r\n<p>24 IV\u00a0\u00a0 W ramach akcji Koalicji Obywatelskiej &#8222;Tu jest przysz\u0142o\u015b\u0107&#8221; w Domu Kultury SCK odby\u0142o si\u0119 spotkanie grupy parlamentarzyst\u00f3w KO z mieszka\u0144cami Mielca.<\/p>\r\n<p>29 IV\u00a0\u00a0 Oddano do u\u017cytku wiadukt nad lini\u0105 kolejow\u0105 i ul. H. Sienkiewicza, stanowi\u0105cy po\u0142\u0105czenie obwodnicy p\u00f3\u0142nocno-zachodniej Mielca z SSE EURO-PARK MIELEC.<\/p>\r\n<p>14 V\u00a0\u00a0\u00a0\u00a0 Po turnieju fina\u0142owym czterech najlepszych dru\u017cyn I ligi pi\u0142ki siatkowej kobiet w sezonie 2022\/2023, rozegranym w Mielcu w dniach 12-14 V, ITA TOOLS Stal Mielec awansowa\u0142a do ekstraklasy. Trenerem dru\u017cyny by\u0142 Wies\u0142aw Popik.<\/p>\r\n<p>20 V\u00a0\u00a0\u00a0 Na rynku w Wielopolu Skrzy\u0144skim odby\u0142a si\u0119 premiera widowiska muzycznego &#8222;Przechadzka po Wielopolu&#8221; autorstwa mielczan: ks. Waldemara Cioska (pochodz\u0105cego z Wielopola) &#8211; s\u0142owa i Ryszarda Kuska &#8211; muzyka. Wykonawcami byli: soli\u015bci, Kameralny Ch\u00f3r Projektowy i Orkiestra Symfoniczna PSM I i II st. w Mielcu oraz M\u0119ski Ch\u00f3r Rolnik\u00f3w z Wielopola Skrzy\u0144skiego. Ca\u0142o\u015bci\u0105 dyrygowa\u0142 Ryszard Kusek.<\/p>\r\n<p>27 V\u00a0\u00a0 W ostatnim meczu ekstraklasy pi\u0142ki no\u017cnej sezonu 2022\/2023 Stal Mielec wygra\u0142a u siebie z Wart\u0105 Pozna\u0144 1:0 i zaj\u0119\u0142a w ko\u0144cowej tabeli 11. miejsce z bilansem: 34\u00a0 43\u00a0\u00a0 36-40. Mistrzem Polski zosta\u0142 Rak\u00f3w Cz\u0119stochowa. Sklasyfikowano 18 dru\u017cyn.<\/p>\r\n<p>4 VI\u00a0\u00a0\u00a0 W Marszu 4 czerwca w Warszawie uczestniczy\u0142a grupa mielczan z pose\u0142 na Sejm Krystyn\u0105 Skowro\u0144sk\u0105 i prezydentem miasta Mielca Jackiem Wi\u015bniewskim na czele.\u00a0 Prezydent Mielca by\u0142 jednym z przemawiaj\u0105cych w czasie marszu.<\/p>\r\n<p>16 VI\u00a0\u00a0 Mielczaninem roku 2022 w plebiscycie TR &#8222;Korso&#8221; zosta\u0142 Wac\u0142aw \u015awierczy\u0144ski &#8211; przewodnicz\u0105cy Rady Osiedla J. Kili\u0144skiego, inicjator i organizator wielu akcji spo\u0142ecznych, zw\u0142aszcza dla senior\u00f3w.<\/p>\r\n<p>24 VI\u00a0\u00a0 Z okazji 105-lecia\u00a0 polskiego lotnictwa i 85-lecia przemys\u0142u lotniczego w Mielcu na mieleckim lotnisku odby\u0142y si\u0119 Podkarpackie Pokazy Lotnicze. Atrakcyjne popisy pilot\u00f3w usi\u0142owa\u0142a popsu\u0107 pogoda, ale ostatecznie organizatorzy i publiczno\u015b\u0107 wytrwali i mogli si\u0119 zachwyca\u0107 fina\u0142em pokaz\u00f3w przy pi\u0119knym zachodzie s\u0142o\u0144ca.<\/p>\r\n<p>VII\u00a0\u00a0 Podkarpacka Stacja Pogotowia Ratunkowego w Mielcu otrzyma\u0142a od Ministerstwa Zdrowia zadanie przetestowania pierwszego na Podkarpaciu motoambulansu.<\/p>\r\n<p>25 VII\u00a0\u00a0 W ramach Og\u00f3lnopolskiego Dnia Bezpiecznego Kierowcy ks. insp. dr Marian Midura po\u015bwi\u0119ci\u0142 now\u0105 kapliczk\u0119 \u015bw. Krzysztofa (patrona kierowc\u00f3w) obok stacji paliw Orlen przy ul. Legion\u00f3w.<\/p>\r\n<p>2 VIII\u00a0\u00a0 Oficjalnie otwarto now\u0105 hal\u0119 sportowo-widowiskow\u0105 Miejskiego O\u015brodka Sportu i Rekreacji przy ul. L. Solskiego.<\/p>\r\n<p>3-4 VIII W nowej hali sportowo-widowiskowej MOSiR odby\u0142y si\u0119 dwa mecze towarzyskie mi\u0119dzypa\u0144stwowe Polska &#8211; Turcja. W pierwszym wygra\u0142a Turcja 3:2, a w drugim Polska 3:1.<\/p>\r\n<p>26 VIII\u00a0 W zwi\u0105zku z niesprzyjaj\u0105cymi warunkami pogodowymi (burza i deszcz) odwo\u0142ano koncerty w pierwszym dniu &#8222;Dni Mielca&#8221;.<\/p>\r\n<p>27 VIII\u00a0 W drugim dniu &#8222;Dni Mielca&#8221; na estradzie na b\u0142oniach MOSiR wyst\u0105pili: laureaci nagrody &#8222;Mielecki Laur Kultury&#8221;, mielecka grupa Jazz Station, Kinior Family oraz raperzy &#8211; PlanBe i O.S.T.R.\u00a0<\/p>\r\n<p>27 VIII\u00a0 Na placu targowym przy ul. Sportowej odby\u0142 si\u0119 XII Zlot Pojazd\u00f3w Zabytkowych.<\/p>\r\n<p>2 IX\u00a0\u00a0 Na terenach MOSiR odby\u0142y si\u0119 Do\u017cynki Powiatowe.<\/p>\r\n<p>3 IX\u00a0 Ok. godz. 13 mia\u0142o miejsce oberwanie chmury nad Mielcem.<\/p>\r\n<p>\u00a0\u00a0\u00a0\u00a0\u00a0\u00a0\u00a0\u00a0\u00a0 W dniach 27 VIII &#8211; 3 IX odby\u0142y si\u0119 VI Mieleckie Dni Seniora.<\/p>\r\n<p>21 IX\u00a0\u00a0 W parafii pw. \u015bw. Mateusza odby\u0142o si\u0119 uroczyste wprowadzenie relikwii \u015bw. Mateusza do bazyliki mn. Uroczysto\u015bci przewodniczy\u0142 ks. biskup ordynariusz tarnowski Andrzej Je\u017c.<\/p>\r\n<p>24 IX\u00a0 W nowej hali sportowej MOSiR w dniach 22-24 IX rozegrano mi\u0119dzynarodowy turniej pi\u0142ki siatkowej kobiet &#8211; XI Memoria\u0142 Agaty Mr\u00f3z-Olszewskiej. Klasyfikacja ko\u0144cowa: 1. \u0141KS Commercecon \u0141\u00f3d\u017a, 2. Dresdner SC (Niemcy), 3. ITA TOOLS Stal Mielec, 4. DevelopRes Dolina Rzesz\u00f3w.<\/p>\r\n<p>2 X\u00a0\u00a0\u00a0\u00a0 Premier Mateusz Mazowiecki z\u0142o\u017cy\u0142 wizyt\u0119 w Polskich Zak\u0142adach Lotniczych. M.in. poinformowa\u0142 za\u0142og\u0119 o modernizacji i unowocze\u015bnieniu Wojska Polskiego, w czym du\u017c\u0105 rol\u0119 odgrywa i odgrywa\u0107 b\u0119dzie polski przemys\u0142 zbrojeniowy, a wi\u0119c tak\u017ce mielecka produkcja \u015bmig\u0142owc\u00f3w Black Hawk.\u00a0<\/p>\r\n<p>2 X\u00a0\u00a0\u00a0\u00a0 Odby\u0142 si\u0119 briefing prasowy, w czasie kt\u00f3rego pose\u0142 Fryderyk Kapinos poinformowa\u0142, \u017ce w 8. edycji rz\u0105dowego programu Polski Mielec i powiat mielecki otrzymaj\u0105 117 mln z\u0142. BW Mielcu b\u0119d\u0105 to \u015brodki przeznaczone na: *budow\u0119 hali sportowo-widowiskowej z zapleczem i infrastruktura techniczn\u0105 w ZSO nr 1 (18 450 tys. z\u0142), *budow\u0119 hali sportowo-widowiskowej z zapleczem i infrastruktura techniczn\u0105 w II LO (11 mln. z\u0142), *modernizacj\u0119 oraz dostosowanie infrastruktury i wyposa\u017cenia Szpitala Specjalistycznego (2 mln z\u0142), *modernizacj\u0119 &#8222;Zielonego Rynku&#8221; przy ul. Sandomierskiej (ok. 5 mln z\u0142), * budow\u0119 nowej drogi od ul. J. Kili\u0144skiego do ul. L. Teligi (ok. 2 mln z\u0142)<\/p>\r\n<p>4 X\u00a0\u00a0\u00a0\u00a0 W przedwyborczej konferencji prasowej przedstawicieli <em>Ruchu Samorz\u0105dowego Tak! Dla Polski <\/em>w Mielcu wzi\u0119li udzia\u0142 prezydenci: Gda\u0144ska (Aleksandra Dulkiewicz), Wroc\u0142awia (Jacek Sutryk), Sosnowca (Arkadiusz Ch\u0119ci\u0144ski) i Mielca (Jacek Wi\u015bniewski), kt\u00f3ry kandyduje na pos\u0142a do Sejmu.<\/p>\r\n<p>6 X\u00a0\u00a0\u00a0\u00a0 Na placu Armii Krajowej przeprowadzono przedwyborcz\u0105 konferencj\u0119 prasow\u0105 Koalicji Obywatelskiej. Wzi\u0119li w niej udzia\u0142: wicemarsza\u0142ek Sejmu RP Ma\u0142gorzata Kidawa-B\u0142o\u0144ska oraz pose\u0142 Krystyna Skowro\u0144ska i Roman Ko\u0142acz, kt\u00f3rzy kandyduj\u0105 do Sejmu w najbli\u017cszych wyborach.<\/p>\r\n<p>6 X\u00a0\u00a0\u00a0 Na placu Armii Krajowej\u00a0 odby\u0142a si\u0119 przedwyborcza konferencja prasowa z kandydatem na pos\u0142a z ramienia Konfederacji &#8211; Micha\u0142em Poluboczkiem.<\/p>\r\n<p>6 X\u00a0\u00a0\u00a0\u00a0 W nowej hali sportowej rozegrano mi\u0119dzypa\u0144stwowy mecz futsalowy w ramach eliminacji do Mistrzostw \u015awiata w Futsalu &#8211; 2024 Polska &#8211; Belgia. Zwyci\u0119\u017cy\u0142a Polska 7:2. Bramki dla reprezentacji Polski zdobyli: Miko\u0142aj Zastawnik &#8211; 3, Mateusz Mrowiec, Pawe\u0142 Kaniewski, Tomasz Kriezel i samob\u00f3jcza.<\/p>\r\n<p>8 X\u00a0\u00a0\u00a0\u00a0 W sali widowiskowej DK SCK odby\u0142 si\u0119 koncert Mieleckiej Orkiestry Symfonicznej pod batut\u0105 Piotra Wyzgi. By\u0142a to inauguracja 7. sezonu artystycznego MOS.<\/p>\r\n<p>15 X\u00a0\u00a0\u00a0 Odby\u0142y si\u0119 wybory do Sejmu i Senatu RP.<\/p>\r\n<p>15 X\u00a0\u00a0\u00a0 W nowej hali sportowej rozegrano mi\u0119dzypa\u0144stwowy mecz pi\u0142ki r\u0119cznej kobiet w ramach eliminacji do Mistrzostw Europy: Ukraina (jako gospodarz z powodu wojny na Ukrainie) pokona\u0142a S\u0142owacj\u0119 25:20.<\/p>\r\n<p>19 X\u00a0\u00a0\u00a0 W Szkole Podstawowej nr 6 im. F. \u017bwirki i S. Wigury odby\u0142o si\u0119 uroczyste ods\u0142oni\u0119cie muralu upami\u0119tniaj\u0105cego patron\u00f3w szko\u0142y.<\/p>\r\n<p>21 X\u00a0\u00a0\u00a0 W sali widowiskowej DK SCK Teatr Rozmaito\u015bci SCK im. Stefana Ostrowskiego wystawi\u0142 spektakl <em>Pigmalion<\/em> wg G. B. Shawa.<\/p>\r\n<p>28 X\u00a0\u00a0\u00a0 Rada Miejska powo\u0142a\u0142a samodzieln\u0105 instytucj\u0119 artystyczn\u0105 &#8211; Mieleck\u0105 Orkiestr\u0119 Symfoniczn\u0105 z okre\u015bleniem terminu rozpocz\u0119cia dzia\u0142alno\u015bci od 1 I 2024 r.<\/p>\r\n<p><strong>2024<\/strong><\/p>\r\n<p>5 I\u00a0\u00a0\u00a0 W nowej hali sportowo-widowiskowej im. Edwarda Kazimierskiego MOSiR odby\u0142a si\u0119 Mielecka Gala\u00a0 Sportu.<\/p>\r\n<p>6 I\u00a0\u00a0 Zgodnie z tradycj\u0105, po Mszy \u015awi\u0119tej w ko\u015bciele pw. Ducha \u015awi\u0119tego Orszak Trzech Kr\u00f3li przeszed\u0142 ulicami miasta na Rynek i tam odby\u0142a si\u0119 dalsza cz\u0119\u015b\u0107 uroczysto\u015bci.<\/p>\r\n<p>6 I\u00a0\u00a0 Koncertem Noworocznym rozpocz\u0119\u0142a dzia\u0142alno\u015b\u0107 artystyczn\u0105 w roku 2023 Mielecka Orkiestra Symfoniczna pod dyrekcj\u0105 Piotra Wyzgi. W czasie koncertu przedstawiciele samorz\u0105du miejskiego: prezydent miasta Jacek Wi\u015bniewski i przewodnicz\u0105cy Rady Miejskiej wr\u0119czyli Piotrowi Wyzdze akt powo\u0142ania samodzielnej instytucji artystycznej &#8211; Mieleckiej Orkiestry Symfonicznej z okre\u015bleniem terminu rozpocz\u0119cia dzia\u0142alno\u015bci od 1 I 2024 r.<\/p>\r\n<p>26 I\u00a0\u00a0 W siedzibie Ministerstwa Funduszy i Polityki Regionalnej w Warszawie Zarz\u0105d Agencji Rozwoju Regionalnego MARR SA w Mielcu podpisa\u0142 umow\u0119 z Bankiem Gospodarstwa Krajowego na ustanowienie i zarz\u0105dzanie instrumentem finansowym &#8222;Po\u017cyczka na rozw\u00f3j turystyki&#8221; i tym samym ARR MARR w Mielcu zosta\u0142a operatorem finansuj\u0105cym po\u017cyczki na rozw\u00f3j turystyki na terenie wojew\u00f3dztwa podkarpackiego.<\/p>\r\n<p>II\u00a0\u00a0\u00a0\u00a0\u00a0 Oddzia\u0142 Ortopedyczny Szpitala Specjalistycznego im. E. Biernackiego w Mielcu jako pierwszy w woj. podkarpackim przeprowadzi\u0142 operacj\u0119 stawu kolanowego z zastosowaniem specjalnie skonstruowanej i wyprodukowanej dla konkretnej osoby endoprotezy stawu kolanowego.<\/p>\r\n<p>4 IV\u00a0\u00a0 W Urz\u0119dzie Miejskim w Mielcu otwarto Terenowy Punkt Paszportowy Wydzia\u0142u Spraw Obywatelskich i Cudzoziemc\u00f3w Podkarpackiego Urzedu Wojew\u00f3dzkiego w Rzeszowie &#8211; Delegatura w Tarnobrzegu.<\/p>\r\n<p>7 IV\u00a0\u00a0 Odby\u0142y si\u0119 wybory do samorz\u0105d\u00f3w lokalnych. W Borowej na w\u00f3jta wybrano ponownie Stanis\u0142awa Mieszkowskiego, w Gaw\u0142uszowicach &#8211; Bogus\u0142awa Wojnarowskiego, w Padwi Narodowej &#8211; ponownie Roberta Plut\u0119, w Tuszowie Narodowym &#8211; ponownie Andrzeja G\u0142aza, w Wadowicach G\u00f3rnych &#8211; ponownie Micha\u0142a Deptu\u0142\u0119. Do II tury przeszli kandydaci: na prezydenta w Mielcu &#8211; Jacek Klimek i Rados\u0142aw Sw\u00f3\u0142, na burmistrza Przec\u0142awia &#8211; Maciej Jemio\u0142o i Renata Siembab, na burmistrza Radomy\u015bla Wielkiego &#8211; Stanis\u0142aw Lonczak i Agnieszka Machnik, a na w\u00f3jta kandydaci: w gminie Mielec &#8211; J\u00f3zef Pi\u0105tek i Krzysztof W\u0119grzyn oraz w gminie Czermin &#8211; Mariusz Kalicki i S\u0142awomir Sidur.<\/p>\r\n<p>7 IV\u00a0\u00a0 W wyborach do samorz\u0105d\u00f3w lokalnych wybrano na radnych do Rady Powiatu Mieleckiego: Waldemara Barnasia, Andrzeja Bry\u0142\u0119, Andrzeja Chrab\u0105szcza, Edmunda Duszkiewicza, Zbigniewa Dzia\u0142owskiego, Kazimierza Gacka, Kacpra G\u0142aza, Barbar\u0119 Jab\u0142o\u0144sk\u0105, Stanis\u0142awa Kagana, Marka Kami\u0144skiego, Mari\u0119 Napieracz, Mari\u0119 Nale\u017cn\u0105, Wojciecha Napraw\u0119, Zdzis\u0142awa Nowakowskiego, Krzysztofa Olszewskiego, Mari\u0119 Or\u0142owsk\u0105, Tomasza Ortyla, Marka Paprockiego, J\u00f3zefa Rybi\u0144skiego, Antoniego Skawi\u0144skiego, Miko\u0142aja Skrzypca, J\u00f3zefa Smacznego, Jacka Tejchm\u0119, Grzegorza Tychanowicza, Zbigniewa Tymu\u0142\u0119,\u00a0 Miros\u0142awa Wyzg\u0119.<\/p>\r\n<p>7 IV\u00a0 \u00a0 W wyborach do samorz\u0105d\u00f3w lokalnych wybrano na radnych do Rady Miejskiej w Mielcu: Bogdana Bie\u0144ka, Jakuba Blicharczyka, Grzegorza Celarka, Jakuba Cen\u0119, Agnieszk\u0119 Ciepli\u0144sk\u0105, Damiana G\u0105siewskiego, Miros\u0142aw\u0119 Gorazd, Agnieszk\u0119 Jastrz\u0119bsk\u0105, Jacka Klimka, Mariana Kokoszk\u0119, Bogus\u0142awa Ko\u0142acza, Adrian\u0119 Mi\u0142o\u015b, Zdzis\u0142awa Nowakowskiego, Andrzeja Skowrona, J\u00f3zefa Stal\u0119, Ann\u0119 Surowiec, Rados\u0142awa Sw\u00f3\u0142a, Krzysztofa Szostaka, Dorot\u0119 Trzpis, S\u0142awomira Weso\u0142owskiego, Jolant\u0119 Wolsk\u0105, Roberta W\u00f3jcika i Marka Zaloty\u0144skiego.<\/p>\r\n<p>8 IV\u00a0\u00a0\u00a0\u00a0 W zako\u0144czonych rozgrywkach sezonu 2023\/2024 ekstraklasy pi\u0142ki siatkowej kobiet zesp\u00f3\u0142 ITA TOOLS Stal Mielec zaj\u0105\u0142 9. miejsce. Sklasyfikowano 12 zespo\u0142\u00f3w.<\/p>\r\n<p>21 IV\u00a0\u00a0 Odby\u0142a si\u0119 II tura wybor\u00f3w do samorz\u0105d\u00f3w lokalnych. W wyniku wybor\u00f3w: prezydentem miasta Mielca zosta\u0142 Rados\u0142aw Sw\u00f3\u0142, w\u00f3jtem gminy Mielec &#8211; Krzysztof W\u0119grzyn, burmistrzem Przec\u0142awia &#8211; Maciej Jemio\u0142o, burmistrzem Radomy\u015bla Wielkiego &#8211; Agnieszka Machnik, a w\u00f3jtem Czermina &#8211; S\u0142awomir Sidur.<\/p>\r\n<p>5 V\u00a0\u00a0\u00a0\u00a0\u00a0 W Mistrzostwach Polski w Chodzie Sportowym w Warszawie Katarzyna Zdzieb\u0142o (LKS Stal Mielec) zdoby\u0142a z\u0142oty medal i tytu\u0142 mistrzyni Polski, a jej siostra Anna &#8211; br\u0105zowy medal &#8211; obie na dystansie 20 km.<\/p>\r\n<p>6 V\u00a0\u00a0\u00a0\u00a0\u00a0 Na pierwszej sesji VII kadencji Sejmiku Podkarpackiego mielczanin W\u0142adys\u0142aw Ortyl zosta\u0142 wybrany na marsza\u0142ka wojew\u00f3dztwa podkarpackiego (czwarty raz).<\/p>\r\n<p>11 V\u00a0\u00a0\u00a0\u00a0 W hali sportowo-widowiskowej odby\u0142 si\u0119 koncert &#8222;Queen symfonicznie&#8221; w wykonaniu muzyk\u00f3w z \u0141odzi.<\/p>\r\n<p>25 V\u00a0\u00a0\u00a0\u00a0 Zako\u0144czy\u0142y si\u0119 rozgrywki sezonu 2023\/2024 PKO BP Ekstraklasy w pi\u0142ce no\u017cnej. Stal Mielec zaj\u0119\u0142a 11. miejsce z bilansem: 34\u00a0 43\u00a0 42-48. Sklasyfikowano 18 zespo\u0142\u00f3w.<\/p>\r\n<p>9 VI\u00a0\u00a0\u00a0\u00a0 Odby\u0142y si\u0119 wybory do Parlamentu Europejskiego. Na terenie Mielca i powiatu mieleckiego poszczeg\u00f3lne komitety wyborcze uzyska\u0142y: KW PiS &#8211; 45,27%, KKW Koalicja Obywatelska &#8211; 26,88 %, KW Konfederacja &#8211; 13,14 %, KKW Trzecia Droga &#8211; 11,28 %, KKW Lewica &#8211; 2,48 %, KWW Bezpartyjni Samorz\u0105dowcy &#8211; 0,78 %, KW Polexit &#8211; 0,17 %. Na europos\u0142\u00f3w wybrano: Tomasza Wojciecha Buczka (Konfederacja), El\u017cbiet\u0119 Katarzyn\u0119 \u0141ukaciejewsk\u0105 (KO), Bogdana Rzo\u0144c\u0119 (PiS) i Daniela Obajtka (PiS).<\/p>\r\n<p>12 VI\u00a0\u00a0\u00a0 W zako\u0144czonych Mistrzostwach Europy w Lekkoatletyce w Rzymie reprezentuj\u0105cy Polsk\u0119 zawodnicy LKS Stal Mielec nie odnie\u015bli sukces\u00f3w. Borykaj\u0105ca si\u0119 z kontuzj\u0105 (uraz stopy) Katarzyna Zdzieb\u0142o, startuj\u0105ca w chodzie na 20 km, zosta\u0142a zdyskwalifikowana za nieprawid\u0142owy ch\u00f3d, a m\u0142ociarz Dawid Pi\u0142at z wynikiem 71,44 m nie zakwalifikowa\u0142 sie do fina\u0142u.<\/p>\r\n<p>13 VI\u00a0\u00a0\u00a0 Odby\u0142a si\u0119 uroczysto\u015b\u0107 nadania imienia gen. W\u0142adys\u0142awa Andersa wiaduktowi nad lini\u0105 kolejow\u0105 na granicy Mielca z Chorzelowem.<\/p>\r\n<p>7 VII\u00a0\u00a0\u00a0 Oko\u0142o 14.45 nad Mielcem rozszala\u0142a si\u0119 nawa\u0142nica. Deszcz i wiatr o rzadko spotykanej sile spowodowa\u0142y wielkie szkody. Wiele drzew zosta\u0142o po\u0142amanych, a upadaj\u0105ce drzewa uszkodzi\u0142y wiele samochod\u00f3w. Tak\u017ce wiele lu\u017ano stoj\u0105cych dekoracji i reklam zosta\u0142 zniszczonych. Najbardziej ucierpia\u0142y osiedle Niepodleg\u0142o\u015bci i Park Le\u015bny.<\/p>\r\n<p>15-18 VII\u00a0\u00a0 W partnerskim mie\u015bcie Mielca &#8211; Vila Nova de Poiares (Portugalia) przebywa\u0142a z rewizyt\u0105 delegacja mieleckich senior\u00f3w w ramach unijnego programu opieki nad seniorami.<\/p>\r\n<p>16-19 VII\u00a0 W nowej hali sportowo-widowiskowej MOSiR rozegrano Memoria\u0142 Agaty Mr\u00f3z-Olszewskiej w Pi\u0142ce Siatkowej Kobiet. Zwyci\u0119\u017cy\u0142a Serbia, 2. Polska, 3. Dominikana, 4. Francja. By\u0142 to ostatni sprawdzian dru\u017cyn przed Igrzyskami Olimpijskimi Pary\u017c &#8211; 2024.<\/p>\r\n<p>Lato wyj\u0105tkowo gorace, np. w dn. 16 VIII &#8211; o godz. 14.00 &#8211; 38 st. C, o godz. 18.00 &#8211; 33 st. C. Ponadto zjawiska przyrodnicze nadal przy\u015bpieszone o miesi\u0105c. Bociany zbieraj\u0105 si\u0119 do odlotu.<\/p>\r\n<p>23 VIII\u00a0\u00a0\u00a0 Na stadionie miejskim przy ul. L. Solskiego odby\u0142a si\u0119 uroczysto\u015b\u0107 nadania temu stadionowi imienia Grzegorza Laty.<\/p>\r\n<p>31 VIII &#8211; 1 IX\u00a0 Na terenach zielonych MOSiR, przy dobrej pogodzie,\u00a0 odby\u0142y si\u0119 Dni Mielca. W sobot\u0119 wystapili: Zesp\u00f3\u0142 LORUM, Dezydery, Ikarus Feel i Tymek, a w niedziel\u0119 &#8211; laureaci XIV Konkursu Piosenki Przedszkolnej, OUTSIDER, laureaci III Mieleckiego Konkursu Piosenki Ludowej &#8222;Na ludowo &#8211; zespo\u0142owo&#8221;, ZPiT &#8222;Rzeszowiacy&#8221; na rockowo, Summer Voice, Maryla Rodowicz i Smolasty. Ponadto czynny by\u0142 lunaparl. Impreza zgromadzi\u0142a kilkadziesiat tysiecy os\u00f3b z Mielca i okolic.<\/p>\r\n<p>2 IX\u00a0\u00a0 W Zespole Szk\u00f3\u0142 Technicznych w Mielcu odby\u0142a si\u0119 Og\u00f3lnopolska Inauguracja Roku Szkolnego 2024\/2025 z udzia\u0142em minister edukacji Barbary Nowackiej. W zwi\u0105zku ze zmianami organizacyjnymi w nauczaniu religii w szko\u0142ach przed obiektem szko\u0142y przy ul. Kazimierza Jagiello\u0144czyka zebra\u0142a sie grupa kilkuset os\u00f3b, kt\u00f3re protestowa\u0142y przeciwko tym zmianom.<\/p>\r\n<p>5 X\u00a0\u00a0\u00a0\u00a0 W hali sportowo-widowiskowej im. Edwarda Kazimierskiego odby\u0142a si\u0119 pierwsza w Mielcu gala zawodowego boksu Magazimm Boxing Night. W walce wieczoru mielczanin Pawe\u0142 R\u00f3g pokona\u0142 &#8230; z Ukrainy (zosta\u0142 poddany na skutek kontuzji).<\/p>\r\n<p>6 X\u00a0\u00a0\u00a0 Utworami Ludwiga van Beethovena zainaugurowa\u0142a VIII sezon artystyczny Mielecka Orkiestra Symfoniczna. Dyrygowa\u0142 Piotr Wyzga. By\u0142 to pierwszy koncert MOS jako Artystycznej Instytucji Kultury Miasta Mielca i odby\u0142 si\u0119 w sali widowiskowej Domu Kultury SCK.<\/p>\r\n<p>9 X\u00a0\u00a0\u00a0 Na stadionie miejskim im. Grzegorza Laty w Mielcu rozegrano dwa mecze mi\u0119dzypa\u0144stwowe w ramach turnieju kwalifikacyjnego do Mistrzostw Europy w Pi\u0142ce No\u017cnej U19. Turcja wygra\u0142a z Gibraltarem 7:0, a Polska pokona\u0142a Malt\u0119 6:0.<\/p>\r\n<p>9 X\u00a0\u00a0\u00a0 W sali widowiskowej Domu Kultury SCK odby\u0142a si\u0119 uroczysto\u015b\u0107 40-lecia Towarzystwa \u015apiewaczego &#8222;Melodia&#8221;.<\/p>\r\n<p>10 X\u00a0 W hali sportowo-widowiskowej im. Edwarda Kazimierskiego zesp\u00f3\u0142 pi\u0142ki siatkowej kobiet ITA TOOLS Stal Mielec wywalczy\u0142a pierwsze zwyciestwo w ekstraklasie, pokonuj\u0105c mistrza Polski Chemik Police 3:1.<\/p>\r\n<p>12 X\u00a0\u00a0 Efektownym fina\u0142em w hali sportowej im. Edwarda Kazimierskiego zako\u0144czono VII Mieleckie Dni Seniora (7 &#8211; 12 X 2024 r.). Motywem przewodnim programu artystycznego by\u0142a wsp\u00f3\u0142praca Mielca z miastami francuskimi i kultura francuska.<\/p>\r\n<p>25 X\u00a0\u00a0 W hali MOSiR odby\u0142y sie Mistrzostwa Polski w Teqballu.<\/p>\r\n<p>28 X\u00a0\u00a0 W SP nr 6 ods\u0142oni\u0119to mural przedstawiajacy patron\u00f3w Szko\u0142y &#8211; pil. Franciszka \u017bwirk\u0119 i in\u017c. Stanis\u0142awa Wigur\u0119. Autorem muralu jest Wojciech Rokosz .<\/p>\r\n<p>Ponadto w pa\u017adzierniku:<\/p>\r\n<p>Oddano do u\u017cytku drog\u0119 \u0142\u0105cz\u0105c\u0105 ulic\u0119 J. Korczaka i ul. Wojs\u0142awska z rondem na ul. Wojs\u0142awskiej.<\/p>\r\n<p>15 XII\u00a0\u00a0 Po pi\u0119tnastoletniej przerwie i przebudowie linii kolejowej przywr\u00f3cono kolejowe po\u0142\u0105czenie Mielca z krajow\u0105 sieci\u0105 dalekobie\u017cnych przewoz\u00f3w kolejowych. Uroczyst\u0105 inauguracj\u0105 by\u0142o odprawienie poci\u0105gu Hetman do Krakowa o godz. 10,15.<\/p>\r\n<p>2025<\/p>\r\n<p>6 II\u00a0\u00a0\u00a0\u00a0\u00a0\u00a0 W Mielcu podpisano umow\u0119 o wsp\u00f3\u0142pracy V Liceum Og\u00f3lnokszta\u0142c\u0105cego z Politechnik\u0105 Rzeszowsk\u0105 w zakresie prowadzenia nowo tworzonej klasy o profilu lotniczym.<\/p>\r\n<p>7-9 II\u00a0\u00a0\u00a0 Sportowy Mielec triumfowa\u0142 w Mielcu trzykrotnie; pi\u0142karze no\u017cni ekstraklasowej Stali Mielec pokonali mistrza Polski Jagielloni\u0119 Bia\u0142ystok 2:1, pi\u0142karze r\u0119czni wygrali z MMTS Kwidzyn 26:24 i awansowali do fina\u0142u 4 Orlen Pucharu Polski, a siatkarki pokona\u0142y zesp\u00f3\u0142 Moya Radomka Radom 3:2.\u00a0<\/p>\r\n<p>13 III\u00a0\u00a0\u00a0 Nad Polsk\u0105 po\u0142udniowo-wschodni\u0105 przesz\u0142a silna wichura i na terenie powiatu mieleckiego spowodowa\u0142a wiele szk\u00f3d.<\/p>\r\n<p>14 III\u00a0\u00a0\u00a0 W hali sportowo-widowiskowej im. E. Kazimierskiego MOSiR odby\u0142a si\u0119 Gala Boksu Suzuki Boxing Night 34. W jej ramach odby\u0142 si\u0119 mi\u0119dzypa\u0144stwowy mecz bokserski Polska\u00a0 &#8211; Niemcy zako\u0144czony zwyci\u0119stwem Polak\u00f3w 12:8. Ponadto odby\u0142o si\u0119 szereg pojedynk\u00f3w indywidualnych o charakterze mi\u0119dzynarodowym. Gal\u0119 zaszczycili m.in. prezes Polskiego Zwi\u0105zku Bokserskiego Grzegorz Nowaczek oraz byli wybitni pi\u0119\u015bciarze: Andrzej Go\u0142ota, Wojciech Bartnik i \u0141ukasz R\u00f3\u017ca\u0144ski.<\/p>\r\n<p>29 III\u00a0\u00a0\u00a0 W hali sportowo-widowiskowej im. E. Kazimierskiego MOSiR odby\u0142 si\u0119 Og\u00f3lnopolski Turniej Karate Wings Cup. Rywalizowa\u0142o 628 zawodniczek i zawodnik\u00f3w z 45 klub\u00f3w polskich i litewskich. Organizatorem g\u0142\u00f3wnym by\u0142 Mielecki Klub Kyokushin Karate, a wsp\u00f3\u0142organizatorami &#8211; Urz\u0105d Miejski w Mielcu i MOSiR.<\/p>\r\n<p>3 IV\u00a0\u00a0\u00a0 W hali zportowo-widowiskowej im. E. Kazimierskiego MOSiR odby\u0142a si\u0119 20. edycja Targ\u00f3w Edukacyjnych. Organizatorem g\u0142\u00f3wnym by\u0142 tradycyjnie Zesp\u00f3\u0142 Szk\u00f3\u0142 Ekonomicznych, a wsp\u00f3\u0142organizatoremi &#8211; ARP SA. O\/Mielec i MOSiR.<\/p>\r\n<p>3 IV\u00a0\u00a0\u00a0 Rozpocz\u0105\u0142 sie 15. Mielecki Festiwal Nauki i Techniki.<\/p>\r\n<p>30 VIII\u00a0 Nad cz\u0119\u015bci\u0105 powiatu mieleckiego przesz\u0142a nawa\u0142nica. Intensywne opady deszczu i silny wiatr wyrz\u0105dzi\u0142y wiele szk\u00f3d.\u00a0<\/p>\r\n<p>30 VIII\u00a0 W pierwszym dniu Dni Mielca &#8211; 2025 wyst\u0105pi\u0142y zespo\u0142y: Summer Voice, Feel The Beat, Pawe\u0142 Hapta\u015b &#8222;Pablo&#8221;, TEDE i Paktotonika, a ponadto zaprezentowano\u00a0 ekstraklasow\u0105 dru\u017cyn\u0119 pi\u0142ki r\u0119cznej m\u0119\u017cczyzn Stal Mielec. W drugim dniu wyst\u0105pili: EROR404, ZPiT &#8222;Rzeszowiacy&#8221;, Natalia Nykiel i Lady Pank. Zaprezentowano te\u017c ekstraklasowa dru\u017cyn\u0119 pi\u0142ki siatkowej kobiet ITA TOOLS Stal Mielec.<\/p>\r\n<p>1 IX\u00a0 \u00a0 \u00a0W nowym hangarze na Lotnisku Mielec rozpocz\u0119to dzia\u0142alno\u015b\u0107 pierwszej w regionie Mieleckiej Klasy Lotniczej.<\/p>\r\n<p>1 IX\u00a0 \u00a0 \u00a0W Zespole Szk\u00f3l Ekonomicznych rozpocz\u0119\u0142a nauk\u0119 pierwsza w historii szko\u0142y klasa mundurowa, powo\u0142ana na podstawie porozumienia Dyrekcji Szko\u0142y, Policji i Stra\u017cy Granicznej.\u00a0<\/p>\r\n<p>5 IX\u00a0 \u00a0 \u00a0Przed hal\u0105 i w hali sportowo-widowiskowej MOSiR odby\u0142y si\u0119 uroczysto\u015bci 50-lecia MOSiR w Mielcu, W cz\u0119\u015bci I ods\u0142oni\u0119to na placu przed hal\u0105 Skwer Gwiazd Mieleckiego Sportu, a w cz\u0119\u015bci II w hali odby\u0142a sie gala 50-lecia.<\/p>\r\n<p>6 IX\u00a0 \u00a0 \u00a028. Mielecki Festiwal Muzyczny zainaugurowano recitalem Edyty Geppert w sali widowiskowej Domu Kultury SCK.<\/p>\r\n<p>8-20 IX Odby\u0142y si\u0119 VIII Mieleckie Dni Seniora z fina\u0142em w hali sportowo-widowiskowej MOSiR.<\/p>\r\n<p>9 IX\u00a0 \u00a0 Na Lotnisku Mielec oficjalnie oddano do u\u017cytku nowy hangar lotniczyu o powierzchni 1500 m2.<\/p>\r\n<p>12 IX\u00a0 W siedzibie mieleckiego Oddzia\u0142u ARP SA. Firma Efekt Plus Sp. z o.o. otrzyma\u0142a decyzj\u0119 o wsparciu finansowym. Tym samym warto\u015b\u0107 dotychczas zadeklarowanych nak\u0142ad\u00f3w inwestycyjnych w EURO-PARK MIELEC przekroczy\u0142a jeden miliard z\u0142otych.<\/p>\r\n<p>IX\u00a0 \u00a0 \u00a0 \u00a0W Zespole Szk\u00f3\u0142 Ekonomicznych im. B\u0142. ks. Romana Sitki odby\u0142a si\u0119 uroczysto\u015b\u0107 oddania do u\u017cytku szkolnej hali sportowej &#8222;Olimpia&#8221;.<\/p>\r\n<p>IX\u00a0 \u00a0 \u00a0 \u00a0Lotnisko Mielec otrzyma\u0142o presti\u017cowy certyfikat Prezesa Urz\u0119du Lotnictwa Cywilnego, upowa\u017cniajacy do funkcji o\u015brodka szkolenia kadry dla potrzeb lotnictwa.<\/p>\r\n<p>IX\u00a0 \u00a0 \u00a0 \u00a0Urzad Miejski w Mielcu otrzyma\u0142 presti\u017cowy certyfikat ISO 27001 potwierdzaj\u0105cy mi\u0119dzynarodowy standard zarz\u0105dzania bezpieczenstwem informacji i ci\u0105g\u0142o\u015bci\u0105 dzia\u0142ania.<\/p>\r\n<p>IX\u00a0 \u00a0 \u00a0 \u00a0W Muzeum Si\u0142 Powietrznych w D\u0119blinie, w ramach obchod\u00f3w 15-lecia 41. Bazy Lotnictwa Szkolnego w D\u0119blinie, 7 samolot\u00f3w TS-11 &#8222;Iskra&#8221; przekazano Fundacji Bia\u0142o-Czerwone Skrzyd\u0142a w Mielcu.<\/p>\r\n<p>1 X\u00a0 \u00a0 \u00a0 Samorz\u0105d miejski wprowadzi\u0142 bezp\u0142atne przejazdy komunikacj\u0105 miejska (MKS) dla mieszka\u0144c\u00f3w Mielca, kt\u00f3rzy posiadaja mielecki adres zamieszkania i rozliczaj\u0105 podatki w Urz\u0119dzie Skarbowym w Mielcu.<\/p>\r\n<p>3 X\u00a0 \u00a0 \u00a0 W sali widowiskowej Domu Kultury SCK zainaugurowano 19. rok akademicki Mieleckiego Uniwersytetu Trzeciego Wieku.<\/p>\r\n<p>5 X\u00a0 \u00a0 \u00a0 Koncertem Inauguracyjnym w Domu Kultury SCK rozpocz\u0119\u0142a IX sezon artystyczny Mielecka Orkiestra Symfoniczna pod dyrekcj\u0105 Piotra Wyzgi.\u00a0<\/p>\r\n<p>10 X\u00a0 \u00a0 W Szkole Podstawowej nr 9 im. W\u0142adys\u0142awa Jasi\u0144skiego &#8222;J\u0119drusia&#8221; odby\u0142a si\u0119 uroczysto\u015b\u0107 40-lecia dzia\u0142alno\u015bci Szko\u0142y.<\/p>\r\n<p>21 X\u00a0 \u00a0 \u00a0W Zespole Szk\u00f3\u0142 Og\u00f3lnokszta\u0142c\u0105cych nr 1 otwarto now\u0105 hal\u0119 sportowo-widowiskow\u0105.<\/p>\r\n<p>22-29 X\u00a0 W Domu Kultury odby\u0142 si\u0119 serial sztuk teatralnych pod nazw\u0105: &#8222;Teatralia Podkarpackie &#8211; Przestrze\u0144 otwarta dla Teatru&#8221;. Wystapi\u0142y teatry amatorskie z terenu wojew\u00f3dztwa podkarpackiego.\u00a0<\/p>\r\n<p>25 X\u00a0 \u00a0 \u00a0 W ramach &#8222;Tatrali\u00f3w Podkarpackich &#8230;&#8221; Teatr Rozmaito\u015bci Stowarzyszenia Teatralnego &#8222;Proscenium&#8221; i Domu Kultury SCK w Mielcu przedstawi\u0142 sztuk\u0119 &#8222;Ksi\u0119\u017cniczka na opak wywr\u00f3cona&#8221;.<\/p>\r\n<p>25 X\u00a0 \u00a0 \u00a0 Podczas zawod\u00f3w mi\u0119dzynarodowych World Athletics Race Walking Tour Silver z \u017bytawie (Niemcy) Katarzyna Zdzieb\u0142o (Polska, LKS Stal Mielec) wygra\u0142a ch\u00f3d na dystansie marato\u0144skim (42 km) i ustanowi\u0142a nowy rekord \u015bwiata rezultatem 3.24.19; 6. miejsce zaj\u0119\u0142a jej siostra &#8211; Anna.<\/p>\r\n<p>25 X\u00a0 \u00a0 \u00a0 \u00a0W auli Zespo\u0142u Szk\u00f3\u0142 Technicznych odby\u0142a sie uroczysto\u015b\u0107 120-lecia Zwi\u0105zku Nauczycielstwa Polskiego na Podkarpaciu.\u00a0<\/p>\r\n<p>10-11 XI\u00a0 Odby\u0142o si\u0119 szereg imprez z okazji \u015awi\u0119ta Niepodleg\u0142o\u015bci.<\/p>\r\n<p>14 XI\u00a0 \u00a0 \u00a0W bazie Colonel Jesus Villamor Air Base w Pasay City odby\u0142a sie uroczysto\u015b\u0107 odbioru przez Filipi\u0144czyk\u00f3w 5 \u015bmig\u0142owc\u00f3w S-70i Black Hawk wyprodukowanych w PZL Mielec.\u00a0<\/p>\r\n<p>16 XI\u00a0 \u00a0 \u00a0Z okazji 555-lecia lokacji miasta Mielca w hali sportowo-widowiskowej MOSiR wyst\u0105pi\u0142y: Pa\u0144stwowy Zesp\u00f3\u0142 Ludowy Pie\u015bni i Ta\u0144ca &#8222;Mazowsze&#8221; i ZPiT &#8222;Rzeszowiacy&#8221;.<\/p>\r\n<p>18 XI\u00a0 \u00a0 \u00a0Otwarto Bran\u017cowe Centrum Umiej\u0119tno\u015bci (BCU) w dziedzinie przemys\u0142u lotniczego. Nadz\u00f3r powierzono dyrektorowi CKPiDN Zdzis\u0142awowi Nowakowskiemu.<\/p>\r\n<p>21 XI\u00a0 \u00a0 W Domu Kultury SCK go\u015bci\u0142a minister (ministra) kultury Marta Cieszkowska.\u00a0<\/p>\r\n<p>XI\u00a0 \u00a0 \u00a0 \u00a0 \u00a0Odby\u0142o si\u0119 szereg imprez z okazji 555-lecia lokacji miasta Mielca.<\/p>\r\n<p>XI\u00a0 \u00a0 \u00a0 \u00a0 \u00a0W hali sportowo-widowiskowej MOSiR odby\u0142a sie uroczysto\u015b\u0107 30-lecia dzia\u0142alno\u015bci SSE EURO-PARK MIELEC. Wyr\u00f3\u017cniono szereg firm. W cz\u0119\u015bci artystycznej wystapi\u0142a Mielecka Orkiestra Symfoniczna pod batut\u0105 Piotra Wyzgi.<\/p>\r\n<p>&nbsp;<\/p>\r\n<p>6 XII\u00a0 \u00a0 \u00a0Po ulicach Mielca je\u017adzili Miko\u0142aje na motocyklach, tworz\u0105c niepowstarzaln\u0105 atmosfere \u015bwi\u0119ta \u015bw. Miko\u0142aja. Po zebraniu si\u0119 przy kompleksie handlowym Vendo Park Miko\u0142aje pojechali z darami do Domu Dziecka w Skopaniu.\u00a0<\/p>\r\n<p>6 XII\u00a0 \u00a0 \u00a0G\u0142\u00f3wne imprezy pn. &#8222;Miejskie Miko\u0142ajki&#8221; odby\u0142y sie na placu AK i w hali sportowo-widowiskowej MOSiR.<\/p>\r\n<p>7 XII\u00a0 \u00a0 \u00a0W sali widowiskowej Domu Kultury SCK odby\u0142a si\u0119 premiera mieleckiego musicalu: &#8222;Z choinki si\u0119 urwa\u0142e\u015b ?&#8221;<\/p>\r\n<p>13 XII\u00a0 \u00a0Na terenach rekreacyjnych MOSiR otwarto nowe lodowisko.<\/p>\r\n<p>13 XII\u00a0 \u00a0Na mieleckim Rynku odby\u0142 si\u0119 tradycyjny Powiatowy Jarmark \u015awi\u0105teczny po\u0142\u0105czony z programem artystycznym.<\/p>\r\n<p>Ponadto w grudniu:<\/p>\r\n<p>XII\u00a0 \u00a0 \u00a0 \u00a0 \u00a0Dom Pogrzebowy EDEN otwar\u0142 now\u0105 kaplic\u0119 przy cmentarzu w Rzochowie.<\/p>\r\n<p>XII\u00a0 \u00a0 \u00a0 \u00a0 Oddano do u\u017cytku zmodernizowan\u0105 ulic\u0119 Warne\u0144czyka.<\/p>\r\n<p>XII\u00a0 \u00a0 \u00a0 \u00a0Przeprowadzono modernizacj\u0119 Oddzia\u0142u PKO BP w Mielcu. Celem modernizacji by\u0142o dostosowanie plac\u00f3wki do nowoczesnych standard\u00f3w w bankowo\u015bci.\u00a0<\/p>\r\n<p>Ponadto w 2025 roku:<\/p>\r\n<p>\u00a0 \u00a0 \u00a0 \u00a0 \u00a0 \u00a0 \u00a0 Wykryto dwie afery finansowe zwi\u0105zane z tzw. piramid\u0105 finansow\u0105 &#8222;COINPLEX&#8221; i SKOK.<\/p>\r\n<p>&nbsp;<\/p>\r\n<p>&nbsp;<\/p>\r\n<p>&nbsp;<\/p>\r\n<p>&nbsp;<\/p>\r\n<p>&nbsp;<\/p>\r\n<p>&nbsp;<\/p>\r\n","protected":false},"excerpt":{"rendered":"<p>KRONIKA WA\u017bNIEJSZYCH WYDARZE\u0143 W DZIEJACH MIELCA od 1 I 2013 r.\u00a0 2013 2014 2015 2016 2017 2018 \u00a0*1 I\u00a0 \u00a0Szpital Powiatowy w Mielcu rozpocz\u0105\u0142 funkcjonowanie pod now\u0105 nazw\u0105: Szpital Specjalistyczny im. E. Biernackiego na podstawie uchwa\u0142y Rady Powiatu Mieleckiego z dnia 29 XII 2017 r.\u00a0 \u00a0*2 II\u00a0 Rozpocz\u0119to rozbi\u00f3rk\u0119 budynku siedziby g\u0142\u00f3wnej Miejskiej Biblioteki Publicznej [&hellip;]<\/p>\n","protected":false},"author":1,"featured_media":0,"comment_status":"closed","ping_status":"open","sticky":false,"template":"","format":"standard","meta":{"footnotes":""},"categories":[5],"tags":[],"class_list":["post-148","post","type-post","status-publish","format-standard","hentry","category-kalendarium"],"_links":{"self":[{"href":"https:\/\/encyklopedia.mielec.pl\/index.php?rest_route=\/wp\/v2\/posts\/148","targetHints":{"allow":["GET"]}}],"collection":[{"href":"https:\/\/encyklopedia.mielec.pl\/index.php?rest_route=\/wp\/v2\/posts"}],"about":[{"href":"https:\/\/encyklopedia.mielec.pl\/index.php?rest_route=\/wp\/v2\/types\/post"}],"author":[{"embeddable":true,"href":"https:\/\/encyklopedia.mielec.pl\/index.php?rest_route=\/wp\/v2\/users\/1"}],"replies":[{"embeddable":true,"href":"https:\/\/encyklopedia.mielec.pl\/index.php?rest_route=%2Fwp%2Fv2%2Fcomments&post=148"}],"version-history":[{"count":0,"href":"https:\/\/encyklopedia.mielec.pl\/index.php?rest_route=\/wp\/v2\/posts\/148\/revisions"}],"wp:attachment":[{"href":"https:\/\/encyklopedia.mielec.pl\/index.php?rest_route=%2Fwp%2Fv2%2Fmedia&parent=148"}],"wp:term":[{"taxonomy":"category","embeddable":true,"href":"https:\/\/encyklopedia.mielec.pl\/index.php?rest_route=%2Fwp%2Fv2%2Fcategories&post=148"},{"taxonomy":"post_tag","embeddable":true,"href":"https:\/\/encyklopedia.mielec.pl\/index.php?rest_route=%2Fwp%2Fv2%2Ftags&post=148"}],"curies":[{"name":"wp","href":"https:\/\/api.w.org\/{rel}","templated":true}]}}