{"id":146,"date":"2022-11-27T20:00:42","date_gmt":"2022-11-27T19:00:42","guid":{"rendered":"https:\/\/encyklopedia.mielec.pl\/?p=146"},"modified":"2023-01-18T18:12:07","modified_gmt":"2023-01-18T17:12:07","slug":"1989-2009","status":"publish","type":"post","link":"https:\/\/encyklopedia.mielec.pl\/?p=146","title":{"rendered":"1989 &#8211; 2009"},"content":{"rendered":"\r\n<p><strong>MIELEC PO 1989 r.<\/strong><\/p>\r\n\r\n\r\n\r\n<p><br \/><strong>1989<\/strong><\/p>\r\n\r\n\r\n\r\n<ul class=\"wp-block-list\">\r\n<li>25 I Komitet Organizacyjny NSZZ \u201eSolidarno\u015b\u0107\u201d WSK \u201ePZL-Mielec\u201d i OBR SK Mielec zg\u0142osi\u0142 akces do RKW NSZZ \u201eSolidarno\u015b\u0107\u201d w Rzeszowie.<\/li>\r\n\r\n\r\n\r\n<li>31 I W rezultacie przekszta\u0142ce\u0144 w Narodowym Banku Polskim w\u015br\u00f3d 9 bank\u00f3w kredytowych powsta\u0142 Bank Depozytowo-Kredytowy w Lublinie i jego Oddzia\u0142 w Mielcu przy ul. Obro\u0144c\u00f3w Pokoju.<\/li>\r\n\r\n\r\n\r\n<li>I W zwi\u0105zku z tragedi\u0105 w Armenii (7 XII 1988 &#8211; trz\u0119sienie ziemi, zgin\u0119\u0142o ok. 50 tys. os\u00f3b) mielczanie uczestniczyli w zbi\u00f3rce pieni\u0119dzy i dar\u00f3w rzeczowych, kt\u00f3re zosta\u0142y wys\u0142ane do poszkodowanych.<\/li>\r\n\r\n\r\n\r\n<li>I W Halowych Mistrzostwach Polski w Lekkoatletyce w Zabrzu Kazimiera Mosio (LKS \u201eT\u0119cza\u201d zdoby\u0142a tytu\u0142 mistrzowski w chodzie na 3 km i ustanowi\u0142a rekord Polski (13.46).<\/li>\r\n\r\n\r\n\r\n<li>15 II W filii \u201eJadern\u00f3wka\u201d Muzeum Regionalnego otwarto wystaw\u0119 \u201eKultura i sztuka regionu\u201d.<\/li>\r\n\r\n\r\n\r\n<li>IV W Mielcu odby\u0142a si\u0119 Konferencja Ekspert\u00f3w ds. Obs\u0142ugi Techniki Lotniczej i Konferencji Technicznej U\u017cytkownik\u00f3w Samolot\u00f3w Rolniczych RWPG. Uczestniczyli w niej przedstawiciele 8 pa\u0144stw.<\/li>\r\n\r\n\r\n\r\n<li>4 IV Powsta\u0142 Komitet Obywatelski \u201eSolidarno\u015b\u0107\u201d w Mielcu. Jego przewodnicz\u0105cym zosta\u0142 W\u0142adys\u0142aw Bieniek.<\/li>\r\n\r\n\r\n\r\n<li>28 IV Po oficjalnym zarejestrowaniu w Urz\u0119dzie Wojew\u00f3dzkim w Rzeszowie odby\u0142o si\u0119 I Walne Zgromadzenie M\u0142odzie\u017cowego Stowarzyszenia Tw\u00f3rc\u00f3w Kultury \u201eS\u0119k\u201d w Mielcu.<\/li>\r\n\r\n\r\n\r\n<li>3 V Z okazji 198. rocznicy uchwalenia Konstytucji 3 maja zorganizowano uroczysto\u015bci miejskie.<\/li>\r\n\r\n\r\n\r\n<li>4-7 V W Harcerskim Rajdzie Mieleckim uczestniczy\u0142o oko\u0142o 700 harcerek i harcerzy ZHP.<\/li>\r\n\r\n\r\n\r\n<li>17-20 V W RCK odby\u0142a si\u0119 sesja Klubu Matek Chrzestnych Statk\u00f3w Polskiej \u017beglugi Morskiej. Honory gospodarza sesji pe\u0142ni\u0142a Irena Nowakowska \u2013 dyrektor RCK, matka chrzestna statku m\/s \u201eMielec\u201d.<\/li>\r\n\r\n\r\n\r\n<li>20 V Zawi\u0105za\u0142a si\u0119 Grupa Dzia\u0142ania KPN w Mielcu. Jej kierownikiem zosta\u0142 Ryszard Sk\u00f3ra.<\/li>\r\n\r\n\r\n\r\n<li>29 V \u2013 3 VI Zorganizowano III \u201eDni M\u0142odo\u015bci\u201d. G\u0142\u00f3wn\u0105 imprez\u0105 by\u0142 turniej sportowo-kulturalny mieleckich szk\u00f3\u0142 podstawowych i ponadpodstawowych na stadionie FKS \u201eStal\u201d.<\/li>\r\n\r\n\r\n\r\n<li>30 V Otwarto fili\u0119 Miejskiej Biblioteki Publicznej w nowo wybudowanym budynku przy ul. Cz. Ta\u0144skiego.<\/li>\r\n\r\n\r\n\r\n<li>31 V Pierwszy oblot samolotu TB-10 wyprodukowanego w Mielcu wykonali przedstawiciele zak\u0142adu SOCATA: pilot fabryczny Jean Sochor i inspektor nadzoru Bureau Veritas \u2013 Jean Cresever.<\/li>\r\n\r\n\r\n\r\n<li>V Zawi\u0105za\u0142 si\u0119 Mielecki Oddzia\u0142 Miejski \u015awiatowego Zwi\u0105zku \u017bo\u0142nierzy Armii Krajowej.<\/li>\r\n\r\n\r\n\r\n<li>4 VI W I turze wybor\u00f3w do Sejmu i Senatu PRL mandat poselski nr 328 otrzyma\u0142 kandydat Komitetu Obywatelskiego \u201eSolidarno\u015b\u0107\u201d w Mielcu Stanis\u0142aw Padyku\u0142a. Frekwencja w Mielcu przekroczy\u0142a 70 %.<\/li>\r\n\r\n\r\n\r\n<li>16-19 VI Na placu Centralnym odby\u0142 si\u0119 I Jarmark Gryfit\u00f3w \u2013 impreza handlowa z udzia\u0142em kilkudziesi\u0119ciu kupc\u00f3w i kolekcjoner\u00f3w z ca\u0142ego kraju.<\/li>\r\n\r\n\r\n\r\n<li>18 VI W II turze wybor\u00f3w do Sejmu i Senatu PRL wybrani zostali kandydaci spoza Mielca.<\/li>\r\n\r\n\r\n\r\n<li>5 VII Rozpocz\u0119\u0142a funkcjonowanie nowo utworzona Sp\u00f3\u0142dzielnia Rzemie\u015blnicza Us\u0142ugowo-Produkcyjna.<\/li>\r\n\r\n\r\n\r\n<li>13-16 VII Na basenie odkrytym FKS \u201eStal\u201d odby\u0142y si\u0119 fina\u0142y XIV Og\u00f3lnopolskich Igrzysk M\u0142odzie\u017cy Szkolnej w P\u0142ywaniu. Uczestniczy\u0142o w nich ponad 600 zawodniczek i zawodnik\u00f3w z 54 klub\u00f3w.<\/li>\r\n\r\n\r\n\r\n<li>19 VII W Londynie zmar\u0142 Kazimierz Aleksander Sabbat (l. 76) \u2013 absolwent Pa\u0144stwowego Gimnazjum im. S. Konarskiego w Mielcu, harcerz, prezydent RP na Uchod\u017astwie w latach 1986-1989.<\/li>\r\n\r\n\r\n\r\n<li>19 \u2013 21 VII W ramach VIII \u015awiatowego Festiwalu Polonijnych Zespo\u0142\u00f3w Folklorystycznych w Rzeszowie, w Mielcu wyst\u0105pi\u0142y 4 zespo\u0142y: \u201eWile\u0144szczyzna\u201d z Wilna 19 VII, \u201ePolonia\u201d z Porto Alegre (Brazylia) \u2013 20 VII, \u201eKrakus\u201d z Genk (Belgia) \u2013 21 VII i \u201eKrokus\u201d z Rombas (Francja) \u2013 21 VII.<\/li>\r\n\r\n\r\n\r\n<li>31 VII Na Wydziale Lotniczym WSK i w kilku innych jednostkach organizacyjnych WSK og\u0142oszono strajk.<\/li>\r\n\r\n\r\n\r\n<li>3-6 VIII Na basenie odkrytym FKS \u201eStal\u201d odby\u0142y si\u0119 Mistrzostwa Polski Senior\u00f3w w P\u0142ywaniu. Wzi\u0119\u0142o w nich udzia\u0142 212 zawodniczek i zawodnik\u00f3w z oko\u0142o 30 klub\u00f3w.<\/li>\r\n\r\n\r\n\r\n<li>?16 VIII W czasie Mistrzostw Polski w Lekkoatletyce, zorganizowanych w Sopocie, mielczanie zdobyli 3 tytu\u0142y mistrz\u00f3w Polski: Kazimiera Mr\u00f3z-Mosio (LKS \u201eT\u0119cza\u201d) w chodzie na 5 km, Miros\u0142aw Hydel (FKS \u201eStal\u201d) w skoku w dal i Lech Kowalski (FKS \u201eStal\u201d) w rzucie m\u0142otem.<\/li>\r\n\r\n\r\n\r\n<li>31 VIII W zwi\u0105zku z pogarszaj\u0105c\u0105 si\u0119 sytuacj\u0105 ekonomiczn\u0105 i spo\u0142eczno-polityczn\u0105 w WSK zawi\u0105za\u0142 si\u0119 Mi\u0119dzyzak\u0142adowy Komitet Strajkowy i og\u0142osi\u0142 pogotowie strajkowe.<\/li>\r\n\r\n\r\n\r\n<li>1 IX Po negocjacjach dyrekcji WSK z przedstawicielami Komitetu Strajkowego i wypracowaniu ustale\u0144 pogotowie strajkowe zosta\u0142o odwo\u0142ane.<\/li>\r\n\r\n\r\n\r\n<li>3 IX W Mistrzostwach Polski w Chodach D\u0142ugodystansowych w Krakowie zawodniczka LKS \u201eT\u0119cza\u201d Kazimiera Mr\u00f3z-Mosio wywalczy\u0142a tytu\u0142 mistrzyni Polski.<\/li>\r\n\r\n\r\n\r\n<li>9 IX W sali widowiskowej RCK odby\u0142a si\u0119 uroczysta akademia z okazji 50-lecia FKS \u201eStal\u201d.<\/li>\r\n\r\n\r\n\r\n<li>15-21 X W parafii Matki Bo\u017cej Nieustaj\u0105cej Pomocy w Mielcu zorganizowano V Tydzie\u0144 Kultury Chrze\u015bcija\u0144skiej pod has\u0142em: \u201eW obronie godno\u015bci cz\u0142owieka\u201d.<\/li>\r\n\r\n\r\n\r\n<li>3-11 XI Komisja Kultury Komitetu Obywatelskiego \u201eSolidarno\u015b\u0107\u201d zorganizowa\u0142a \u201eTydzie\u0144 Wolnej My\u015bli\u201d.<\/li>\r\n\r\n\r\n\r\n<li>10-11 XI Po raz pierwszy od 1945 r. oficjalnie organizowano w kraju obchody \u015awi\u0119ta Niepodleg\u0142o\u015bci. W Mielcu uroczysto\u015bci zorganizowa\u0142 Komitet Obywatelski \u201eSolidarno\u015b\u0107\u201d, NSZZ \u201eSolidarno\u015b\u0107\u201d, Rejon KPN i Oddzia\u0142 \u015aZ\u017bAK. Rozpocz\u0119to Msz\u0105 \u015bw. w ko\u015bciele \u015bw. Mateusza, p\u00f3\u017aniej uczestnicy przeszli pod pomnik Wolno\u015bci i z\u0142o\u017cyli kwiaty, a nast\u0119pnie przeszli na cmentarz parafialny, gdzie z\u0142o\u017cono kwiaty na grobach \u017co\u0142nierskich i odczytano apel poleg\u0142ych.<\/li>\r\n\r\n\r\n\r\n<li>11 XI 140 mieszka\u0144c\u00f3w Mielca wystosowa\u0142o list do Miejskiego Komitetu Ochrony Pami\u0119ci Walk i M\u0119cze\u0144stwa i mieleckiego Oddzia\u0142u ZBoWiD o pomoc w ujawnieniu miejsc poch\u00f3wku os\u00f3b zamordowanych przez mielecki Urz\u0105d Bezpiecze\u0144stwa.<\/li>\r\n\r\n\r\n\r\n<li>20 XI Drog\u0105 konkursu wybrano Jana Mieczys\u0142awa Szyma\u0144skiego na stanowisko dyrektora naczelnego WSK \u201ePZL-Mielec\u201d.<\/li>\r\n\r\n\r\n\r\n<li>XI Decyzj\u0105 w\u0142adz pa\u0144stwowych rozwi\u0105zano Ochotnicz\u0105 Rezerw\u0119 Milicji Obywatelskiej (ORMO).<\/li>\r\n\r\n\r\n\r\n<li>8 XII Powo\u0142ano Diecezjaln\u0105 \u201eCaritas Polska\u201d i oddzia\u0142y parafialne, tak\u017ce w Mielcu.<\/li>\r\n\r\n\r\n\r\n<li>15-17 XII Po zanieczyszczeniu Wis\u0142oki cykloheksanolem przez ZTS \u201eGamrat\u201d w Ja\u015ble, uj\u0119cie wody i sie\u0107 wodoci\u0105gowa w Mielcu zosta\u0142y wy\u0142\u0105czone na 2 dni.<\/li>\r\n\r\n\r\n\r\n<li>31 XII Mielec liczy\u0142 60 169 mieszka\u0144c\u00f3w.<\/li>\r\n<\/ul>\r\n\r\n\r\n\r\n<p><strong>Ponadto w 1989 r.<\/strong>:<\/p>\r\n\r\n\r\n\r\n<ul class=\"wp-block-list\">\r\n<li>Dyrektor WSK Tadeusz Ryczaj przeszed\u0142 na emerytur\u0119.<\/li>\r\n\r\n\r\n\r\n<li>Rozpocz\u0119to budow\u0119 dworca PKS.<\/li>\r\n\r\n\r\n\r\n<li>Wykonano zabezpieczenie G\u00f3ry Cyranowskiej od strony ul. 22 Lipca.<\/li>\r\n\r\n\r\n\r\n<li>Powsta\u0142a Komisja Rejonowa NSZZ \u201eSolidarno\u015b\u0107\u201d w Mielcu.<\/li>\r\n\r\n\r\n\r\n<li>Na mocy ustawy o podejmowaniu prywatnej dzia\u0142alno\u015bci gospodarczej z XII 1988 r. Urz\u0105d Miejski rozpocz\u0105\u0142 rejestrowanie podmiot\u00f3w gospodarczych.<\/li>\r\n\r\n\r\n\r\n<li>J\u00f3zef, Zdzis\u0142aw i Edward R\u0105czkowie oraz Henryk, Adam i Roman G\u0105siorowie za\u0142o\u017cyli Zak\u0142ad Mechaniki Pojazdowej R&amp;G Sp. z o.o.<\/li>\r\n\r\n\r\n\r\n<li>Po przej\u015bciu na emerytur\u0119 Irena Nowakowska \u2013 by\u0142a dyrektor Robotniczego Centrum Kultury WSK i wiceprzewodnicz\u0105ca Miejskiej Rady Narodowej w Mielcu \u2013 utworzy\u0142a Fundusz Charytatywny im. Adama Chmielowskiego.<\/li>\r\n\r\n\r\n\r\n<li>Ucze\u0144 II LO im. M. Kopernika &#8211; Jacek Nowakowski, przygotowywany przez Jadwig\u0119 i Edwarda Spilarewicz\u00f3w, zdoby\u0142 z\u0142oty medal na Mi\u0119dzynarodowej Olimpiadzie Chemicznej w Halle (NRD).<\/li>\r\n\r\n\r\n\r\n<li>Powsta\u0142y pierwsze dru\u017cyny \u201eHarcerstwa 1918\u201d.<\/li>\r\n\r\n\r\n\r\n<li>Powsta\u0142o Rejonowe Ko\u0142o Pomocy Dzieciom Niepe\u0142nosprawnym. Na przewodnicz\u0105cego wybrano W\u0142adys\u0142awa Betleja \u2013 jednego z za\u0142o\u017cycieli.<\/li>\r\n\r\n\r\n\r\n<li>Powsta\u0142a firma MATBUD Sp. z o.o. produkuj\u0105ca mi\u0119sa i w\u0119dliny. Firma ta rozpocz\u0119\u0142a dzia\u0142alno\u015b\u0107 w Mielcu w 1990 r. po wydzier\u017cawieniu budynku przy ul. E. Dru\u017cbackiej.<\/li>\r\n\r\n\r\n\r\n<li>W osiedlu Rzoch\u00f3w oddano do u\u017cytku budynek wielofunkcyjny, w kt\u00f3rym znalaz\u0142y si\u0119: remiza OSP, przychodnia lekarska, filia Miejskiej Biblioteki Publicznej, sklep i plac\u00f3wka pocztowa.<\/li>\r\n<\/ul>\r\n\r\n\r\n\r\n<p><strong><br \/>1990<\/strong><\/p>\r\n\r\n\r\n\r\n<ul class=\"wp-block-list\">\r\n<li>29 I W czasie XI Zjazdu PZPR w Warszawie nast\u0105pi\u0142o samorozwi\u0105zanie si\u0119 partii i wszystkich jej ogniw terenowych.<\/li>\r\n\r\n\r\n\r\n<li>29 I Dwie grupy by\u0142ych cz\u0142onk\u00f3w PZPR za\u0142o\u017cy\u0142y dwie partie Socjaldemokracj\u0119 Rzeczypospolitej Polskiej (SdRP) i Uni\u0119 Socjaldemokratyczn\u0105 (US).<\/li>\r\n\r\n\r\n\r\n<li>I-II W Mielcu utworzono terenow\u0105 organizacj\u0119 SdRP.<\/li>\r\n\r\n\r\n\r\n<li>22 II W czasie sesji Miejskiej Rady Narodowej powo\u0142ano Miejski O\u015brodek Pomocy Spo\u0142ecznej. Jego pierwszym dyrektorem i organizatorem by\u0142 Jan Bury.<\/li>\r\n\r\n\r\n\r\n<li>Na tej samej sesji MRN zmieni\u0142a nazwy niekt\u00f3rych ulic, przywracaj\u0105c im patron\u00f3w z czas\u00f3w II Rzeczypospolitej lub nadaj\u0105c nowe, zg\u0142oszone przez mieszka\u0144c\u00f3w. Zmieniono nazwy ulic: F. Dzier\u017cy\u0144skiego na S. S\u0119kowskiego, M. Fornalskiej na W. Potockiego, W. Mo\u017adzierza na J. Zamoyskiego, K. Marksa na Lwowsk\u0105, L. Wary\u0144skiego na Sandomiersk\u0105, 1 Maja na Legion\u00f3w, 15 Grudnia na 3 Maja, H. Sawickiej na Augusta i Wiktora Jadernych, M. Nowotki na P. Jasienicy, A. Warskiego na I. Daszy\u0144skiego, Ludowego Wojska Polskiego na Wojska Polskiego, Fabryczn\u0105 na al. E. Kwiatkowskiego, A. Lampego na K. Makuszy\u0144skiego, J. Marchlewskiego na W. Gombrowicza, M. Buczka na ks. S. Kordeckiego. Placowi gen. K. \u015awierczewskiego przywr\u00f3cono nazw\u0119 Rynek, a Rynek w Rzochowie nazwano Rynkiem Rzochowskim. Dla cz\u0119\u015bci ul. A. Fredry wprowadzono patronat ks. H. Arczewskiego, a dla cz\u0119\u015bci ul. Wojska Polskiego Armii Krajowej. Ponadto zmieniono nazw\u0119 osiedla J. Krasickiego na Lotnik\u00f3w.<\/li>\r\n\r\n\r\n\r\n<li>22 II Z inicjatywy dzia\u0142aczy sekcji lekkoatletycznej FKS \u201eStal\u201d uruchomiono czwartkowy bazar na obiektach sportowych przy ul. L. Solskiego.<\/li>\r\n\r\n\r\n\r\n<li>II Oddano do u\u017cytku Zak\u0142ad Uzdatniania Wody przy ul. Wolno\u015bci, zdecydowanie poprawiaj\u0105c zaopatrzenie miasta w wod\u0119.<\/li>\r\n\r\n\r\n\r\n<li>1 III Utworzono Rejonowe Biuro Pracy. Pierwszym kierownikiem i organizatorem Biura by\u0142 J\u00f3zef Malczy\u0144ski.<\/li>\r\n\r\n\r\n\r\n<li>7 III Ukaza\u0142 si\u0119 ostatni numer tygodnika WSK \u201ePZL-Mielec\u201d \u201eG\u0142os Za\u0142ogi\u201d.<\/li>\r\n\r\n\r\n\r\n<li>7 III Odby\u0142o si\u0119 zebranie za\u0142o\u017cycielskie Stronnictwa Pracy w Mielcu. Przewodnicz\u0105cym Zarz\u0105du Ko\u0142a Terenowego zosta\u0142 Tadeusz Wery\u0144ski.<\/li>\r\n\r\n\r\n\r\n<li>8 III Na mocy \u201eUstawy z dnia 8 marca 1990 r. o samorz\u0105dzie terytorialnym\u201d powsta\u0142a Gmina Miejska Mielec jako wsp\u00f3lnota samorz\u0105dowa funkcjonuj\u0105ca na terytorium miasta Mielca.<\/li>\r\n\r\n\r\n\r\n<li>18 III Odby\u0142 si\u0119 zjazd organizacyjny Polskiego Stronnictwa Ludowego z terenu Mielca i gminy Mielec. Pierwszym prezesem zosta\u0142 J\u00f3zef Dziekan.<\/li>\r\n\r\n\r\n\r\n<li>24 III WSK \u201ePZL-Mielec\u201d rozpocz\u0119\u0142a wydawanie tygodnika \u201eNowy G\u0142os Mielecki\u201d, wkr\u00f3tce potem przemianowanego na \u201eG\u0142os Mielecki\u201d.<\/li>\r\n\r\n\r\n\r\n<li>III Urz\u0105d Rejonowy zosta\u0142 przeniesiony z budynku przy ul. S. \u017beromskiego do budynku DAMM-2 przy ul. F. Chopina 16a.<\/li>\r\n\r\n\r\n\r\n<li>III\/IV Powsta\u0142a grupa inicjatywna kom\u00f3rki organizacyjnej Porozumienia Centrum.<\/li>\r\n\r\n\r\n\r\n<li>6 IV Milicj\u0119 Obywatelsk\u0105 przekszta\u0142cono w Policj\u0119. W Mielcu w miejsce Rejonowego Urz\u0119du Spraw Wewn\u0119trznych powo\u0142ano Komend\u0119 Rejonow\u0105 Policji. Siedziba g\u0142\u00f3wna przy ul. S. Wyspia\u0144skiego pozosta\u0142a bez zmian. Z budynku zdj\u0119to tablic\u0119 z nazwiskami funkcjonariuszy poleg\u0142ych w latach 1945-1951 oraz zdemontowano Izb\u0119 Tradycji.<\/li>\r\n\r\n\r\n\r\n<li>25 IV Odby\u0142a si\u0119 ostatnia sesja MRN w skr\u00f3conej kadencji 1988-1990.<\/li>\r\n\r\n\r\n\r\n<li>1 V Obchody \u015awi\u0119ta Pracy ograniczono do imprez sportowo-rekreacyjnych. Nie organizowano wiecu i pochodu.<\/li>\r\n\r\n\r\n\r\n<li>3 V W ramach uroczysto\u015bci z okazji 199. rocznicy uchwalenia Konstytucji 3 maja w ko\u015bciele Matki Bo\u017cej Nieustaj\u0105cej Pomocy odby\u0142o si\u0119 po\u015bwi\u0119cenie sztandaru mieleckiego Ko\u0142a \u015awiatowego Zwi\u0105zku \u017bo\u0142nierzy AK Okr\u0119gu Ma\u0142opolska w Krakowie, a nast\u0119pnie przemaszerowano ulicami Mielca na plac Centralny, gdzie odczytano \u201eApel Poleg\u0142ych\u201d, a oddzia\u0142 WP odda\u0142 salw\u0119 honorow\u0105.<\/li>\r\n\r\n\r\n\r\n<li>6 V Odby\u0142a si\u0119 uroczysto\u015b\u0107 ods\u0142oni\u0119cia i po\u015bwi\u0119cenia \u015aciany Katy\u0144skiej na murze przy ko\u015bciele \u015bw. Mateusza.<\/li>\r\n\r\n\r\n\r\n<li>23 V Zmar\u0142 Jerzy Kopcewicz (l. 61) d\u0142ugoletni pracownik ZDK i RCK WSK Mielec, ch\u00f3rmistrz i II dyrygent ZPiT \u201eRzeszowiacy\u201d, kierownik artystyczny i I dyrygent ch\u00f3ru m\u0119skiego \u201eMelodia\u201d.<\/li>\r\n\r\n\r\n\r\n<li>27 V W wyborach do Rady Miejskiej zwyci\u0119\u017cy\u0142 Komitet Obywatelski \u201eSolidarno\u015b\u0107\u201d, zdobywaj\u0105c 23 mandaty na 36 mo\u017cliwych. Ponadto Obywatelskie Porozumienie Wyborcze uzyska\u0142o 5 mandat\u00f3w, Stronnictwo Demokratyczne 2 i Konfederacja Polski Niepodleg\u0142ej 2.<\/li>\r\n\r\n\r\n\r\n<li>28 V 6 VI W mieleckich plac\u00f3wkach kultury i na obiektach sportowych zorganizowano IV Dni M\u0142odo\u015bci.<\/li>\r\n\r\n\r\n\r\n<li>31 V 3 VI W XXIX Festiwalu Moniuszkowskim w Kudowie Zdroju wyst\u0105pi\u0142 m.in. mielecki ch\u00f3r mieszany \u201eMelodia\u201d z orkiestr\u0105 Filharmonii Opolskiej w Opolu.<\/li>\r\n\r\n\r\n\r\n<li>1 VI Odby\u0142a si\u0119 uroczysto\u015b\u0107 nadania Szkole Podstawowej nr 9 imienia W\u0142adys\u0142awa Jasi\u0144skiego \u201eJ\u0119drusia\u201d oraz po\u015bwi\u0119cenia i wr\u0119czenia sztandaru.<\/li>\r\n\r\n\r\n\r\n<li>12 VI Na przewodnicz\u0105cego Rady Miejskiej wybrano Andrzeja Osnowskiego (KO \u201eS\u201d).<\/li>\r\n\r\n\r\n\r\n<li>13 VI Na prezydenta miasta wybrano W\u0142adys\u0142awa Bie\u0144ka (KO \u201eS\u201d).<\/li>\r\n\r\n\r\n\r\n<li>20 VI Odby\u0142 si\u0119 I Rejonowy Zjazd Socjaldemokracji Rzeczypospolitej Polskiej. Na przewodnicz\u0105cego Rady Rejonowej wybrano J\u00f3zefa Smacznego.<\/li>\r\n\r\n\r\n\r\n<li>30 VI 1 VII Na stadionie FKS \u201eStal\u201d odby\u0142 si\u0119 mi\u0119dzypa\u0144stwowy czw\u00f3rmecz lekkoatletyczny: Polska Rosyjska SRR Ukraina Bu\u0142garia.<\/li>\r\n\r\n\r\n\r\n<li>18 VII Odby\u0142 si\u0119 Zjazd Rejonowy Konfederacji Polski Niepodleg\u0142ej. Kierownikiem Rejonu Mieleckiego zosta\u0142 Ryszard Sk\u00f3ra.<\/li>\r\n\r\n\r\n\r\n<li>21 VII Dekretem Kurii Diecezjalnej w Tarnowie zosta\u0142a erygowana kaplica Podwy\u017cszenia Krzy\u017ca \u015awi\u0119tego w Szpitalu Rejonowym.<\/li>\r\n\r\n\r\n\r\n<li>22 VII Proboszcz parafii Matki Bo\u017cej Nieustaj\u0105cej Pomocy ks. Jan Bia\u0142obok po\u015bwi\u0119ci\u0142 kaplic\u0119 Podwy\u017cszenia Krzy\u017ca \u015awi\u0119tego w Szpitalu Rejonowym.<\/li>\r\n\r\n\r\n\r\n<li>7 VIII Powo\u0142ano Biuro Regionalne Porozumienia Centrum z siedzib\u0105 przy ul. S. \u017beromskiego 26a.<\/li>\r\n\r\n\r\n\r\n<li>15 VIII Z inicjatywy Ko\u0142a Terenowego CHDSP zorganizowano obchody 70. rocznicy \u201eCudu nad Wis\u0142\u0105\u201d.<\/li>\r\n\r\n\r\n\r\n<li>17 VIII W Sali Kr\u00f3lewskiej odby\u0142o si\u0119 uroczyste \u015blubowanie policjant\u00f3w z rejonu mieleckiego.<\/li>\r\n\r\n\r\n\r\n<li>27 VIII Rozpocz\u0105\u0142 dzia\u0142alno\u015b\u0107 Urz\u0105d Rejonowy w Mielcu przy ul. S. \u017beromskiego, obejmuj\u0105c swym zasi\u0119giem gminy: Borowa, Cmolas, Czermin, Kolbuszowa, Mielec, Niwiska, Przec\u0142aw, Rani\u017c\u00f3w, Stary Dzikowiec, Tusz\u00f3w Narodowy i gminy o statusie miast Kolbuszowa i Mielec. Kierownikiem Urz\u0119du zosta\u0142 mianowany Leon Skiba. Po protestach mieszka\u0144c\u00f3w Kolbuszowej i jej okolicznych gmin w Kolbuszowej ustanowiono oddzielny Urz\u0105d Rejonowy, kt\u00f3ry swym zasi\u0119giem obj\u0105\u0142 gminy: Kolbuszowa, Cmolas, Niwiska, Rani\u017c\u00f3w i Stary Dzikowiec.<\/li>\r\n\r\n\r\n\r\n<li>1 IX Rozpocz\u0119\u0142y dzia\u0142alno\u015b\u0107 nowe szko\u0142y: Szko\u0142a Podstawowa nr 13 przy ul. \u0141\u0105kowej w osiedlu Dziubk\u00f3w oraz Pa\u0144stwowa Szko\u0142a Muzyczna II stopnia przy ul. T. Ko\u015bciuszki.<\/li>\r\n\r\n\r\n\r\n<li>9-21 IX Zorganizowano cykl imprez \u201eDekada Solidarno\u015bci 1980-1990\u201d. Do Mielca przybyli m.in. ks. J\u00f3zef Tischner, Kazimierz \u015awito\u0144 i Jan Pietrzak z kabaretem \u201ePod Egid\u0105\u201d. Czynne by\u0142y wystawy: \u201eTa prasa nie k\u0142ama\u0142a\u201d i \u201e\u015aladami minionej dekady 10 lat NSZZ Solidarno\u015b\u0107 Regionu Rzeszowskiego\u201d.<\/li>\r\n\r\n\r\n\r\n<li>4-7 X W Mi\u0119dzynarodowych Targach \u201ePolagra\u201d w Poznaniu wzi\u0119\u0142a udzia\u0142 WSK \u201ePZL-Mielec\u201d, wystawiaj\u0105c zestawy motonarz\u0119dzi \u201eSkrzat\u201d i opryskiwacz podwieszany \u201eSkorpion\u201d.<\/li>\r\n\r\n\r\n\r\n<li>10 X Powsta\u0142o Biuro Podr\u00f3\u017cy \u201eErbus\u201d. Jego za\u0142o\u017cycielem i w\u0142a\u015bcicielem by\u0142 Andrzej Rosak.<\/li>\r\n\r\n\r\n\r\n<li>24 X Rada Miejska zmieni\u0142a nazw\u0119 ulicy 22 Lipca na alej\u0119 Niepodleg\u0142o\u015bci, nazw\u0119 placu Centralnego na plac Armii Krajowej oraz wycofa\u0142a nazw\u0119 ul. Armii Krajowej z cz\u0119\u015bci ul. Wojska Polskiego.<\/li>\r\n\r\n\r\n\r\n<li>24 X Rada Miejska podj\u0119\u0142a uchwa\u0142\u0119 o przyst\u0105pieniu Mielca do Zwi\u0105zku Miast Polskich.<\/li>\r\n\r\n\r\n\r\n<li>26 X Z okazji 520. rocznicy wydania aktu lokacyjnego miasta Mielca odby\u0142a si\u0119 sesja popularnonaukowa TMZM, a w \u201eJadern\u00f3wce\u201d otwarto wystaw\u0119 \u201eDzieje Mielca i regionu\u201d.<\/li>\r\n\r\n\r\n\r\n<li>26 X W hali sportowo-widowiskowej FKS \u201eStal\u201d odby\u0142y si\u0119 dwa seanse znanego radzieckiego psychoterapeuty Anatolija Kaszpirowskiego.<\/li>\r\n\r\n\r\n\r\n<li>X Z inicjatywy \u0141ucji Bielec powsta\u0142a Fundacja \u201eSOS \u017bycie\u201d, kt\u00f3ra pocz\u0105tkowo ratowa\u0142a \u017cycie m\u0142odych ludzi chorych na bia\u0142aczk\u0119, a p\u00f3\u017aniej pomaga\u0142a w leczeniu innych schorze\u0144.<\/li>\r\n\r\n\r\n\r\n<li>30 X 8 XI W Miejskiej Komunikacji Samochodowej odby\u0142a si\u0119 akcja protestacyjna, a nast\u0119pnie strajk ostrzegawczy w sprawie poprawy sytuacji ekonomicznej zak\u0142adu i p\u0142ac.<\/li>\r\n\r\n\r\n\r\n<li>2 XI W hali sportowo-widowiskowej FKS \u201eStal\u201d odby\u0142o si\u0119 spotkanie przedwyborcze z Lechem Wa\u0142\u0119s\u0105 &#8211; kandydatem na prezydenta Rzeczypospolitej Polskiej. W czasie spotkania przedstawiciele w\u0142adz miasta wr\u0119czyli Lechowi Wa\u0142\u0119sie dyplom \u201eHonorowego Obywatela Miasta Mielca\u201d.<\/li>\r\n\r\n\r\n\r\n<li>5 XI Oko\u0142o godziny 19 nad Mielcem przelecia\u0142 \u201eognisty bolid\u201d. Nadlecia\u0142 od zachodu i po kilkudziesi\u0119ciu sekundach znikn\u0105\u0142 na wschodniej cz\u0119\u015bci nieba. Wygl\u0105dem przypomina\u0142 cz\u0142on rakiety kosmicznej i ci\u0105gn\u0105\u0142 za sob\u0105 warkocz ognia i r\u00f3\u017cnokolorowych iskier. To fantastyczne zjawisko widzia\u0142o tysi\u0105ce os\u00f3b w Mielcu i na terenie Polski po\u0142udniowo-wschodniej.<\/li>\r\n\r\n\r\n\r\n<li>5-11 XI W ko\u015bciele Matki Bo\u017cej Nieustaj\u0105cej Pomocy zorganizowano VI Tydzie\u0144 Kultury Chrze\u015bcija\u0144skiej pod has\u0142em \u201eOdnowa narodu przyjdzie przez rodzin\u0119\u201d.<\/li>\r\n\r\n\r\n\r\n<li>8-17 XI Z okazji \u015awi\u0119ta Niepodleg\u0142o\u015bci odby\u0142y si\u0119 liczne uroczysto\u015bci.<\/li>\r\n\r\n\r\n\r\n<li>11 XI W Douchy-les-Mines (Francja) prezydent miasta Mielca W\u0142adys\u0142aw Bieniek i mer Douchy-les-Mines Stanis\u0142aw Soloch podpisali umow\u0119 o partnerstwie miast.<\/li>\r\n\r\n\r\n\r\n<li>13-17 XI W Strasz\u0119cinie odby\u0142a si\u0119 polsko-ameryka\u0144ska konferencja dotycz\u0105ca wsp\u00f3\u0142pracy koncernu Teledyna Incorporation z polskim przemys\u0142em.<\/li>\r\n\r\n\r\n\r\n<li>24 XI Odby\u0142o si\u0119 zebranie za\u0142o\u017cycielskie Ko\u0142a Zwi\u0105zku Sybirak\u00f3w w Mielcu. Przewodnicz\u0105cym Ko\u0142a zosta\u0142 wybrany Edward Wasylczyk.<\/li>\r\n\r\n\r\n\r\n<li>25 XI W I turze wybor\u00f3w na prezydenta RP frekwencja w Mielcu wynios\u0142a 70,4 % (kraj 60,6 %). Lech Wa\u0142\u0119sa otrzyma\u0142 46,13 %, a drugie miejsce zaj\u0105\u0142 Stanis\u0142aw Tymi\u0144ski 25,38 %.<\/li>\r\n\r\n\r\n\r\n<li>9 XII W II turze wybor\u00f3w na prezydenta RP, wygranych przez Lecha Wa\u0142\u0119s\u0119, wzi\u0119\u0142o udzia\u0142 62,6 % mielczan uprawnionych do g\u0142osowania. Za Lechem Wa\u0142\u0119s\u0105 g\u0142osowa\u0142o 78,1 %, a na Stanis\u0142awa Tymi\u0144skiego odda\u0142o g\u0142os 21,9 %.<\/li>\r\n\r\n\r\n\r\n<li>19 XII Ulicy bocznej od ul. S. S\u0119kowskiego na osiedlu J. Kili\u0144skiego nadano patronat Zygmunta Rymanowskiego.<\/li>\r\n\r\n\r\n\r\n<li>21 XII Zmar\u0142 Tadeusz Strza\u0142a (l. 61) \u017co\u0142nierz II wojny \u015bwiatowej, starszy Cechu Rzemios\u0142 R\u00f3\u017cnych w latach 1981-1990, dzia\u0142acz spo\u0142eczny.<\/li>\r\n\r\n\r\n\r\n<li>XII W Galerii RCK eksponowano wystaw\u0119 \u201eMielec w dokumentach z lat 1365-1928\u201d ze zbior\u00f3w Biblioteki Czartoryskich w Krakowie.<\/li>\r\n\r\n\r\n\r\n<li>31 XII Mielec liczy\u0142 61 282 mieszka\u0144c\u00f3w.<\/li>\r\n\r\n\r\n\r\n<li>31 XII Stopa bezrobocia w subregionie mieleckim wynosi\u0142a 6,7 %.<\/li>\r\n<\/ul>\r\n\r\n\r\n\r\n<p><strong>Ponadto w 1990 r.<\/strong>:<\/p>\r\n\r\n\r\n\r\n<ul class=\"wp-block-list\">\r\n<li>W\u0142adze miejskie rozpocz\u0119\u0142y inwentaryzacj\u0119 mienia komunalnego oraz dokona\u0142y na drodze przetargu sprzeda\u017cy cz\u0119\u015bci lokali miejskich osobom prywatnym na sklepy lub zak\u0142ady us\u0142ugowe.<\/li>\r\n\r\n\r\n\r\n<li>Oddano do u\u017cytku 3 segmenty Szko\u0142y Podstawowej nr 13 na osiedlu Dziubk\u00f3w.<\/li>\r\n\r\n\r\n\r\n<li>Zako\u0144czy\u0142 dzia\u0142alno\u015b\u0107 Oddzia\u0142 Zwi\u0105zku Bojownik\u00f3w o Wolno\u015b\u0107 i Demokracj\u0119.<\/li>\r\n\r\n\r\n\r\n<li>Powsta\u0142 Oddzia\u0142 Zwi\u0105zku Kombatant\u00f3w RP i By\u0142ych Wi\u0119\u017ani\u00f3w Politycznych.<\/li>\r\n\r\n\r\n\r\n<li>Powsta\u0142a Firma AUTOPART produkuj\u0105ca akumulatory. Jej za\u0142o\u017cycielem i w\u0142a\u015bcicielem by\u0142 Jacek B\u0105k.<\/li>\r\n\r\n\r\n\r\n<li>Utworzono firm\u0119 TURBO SC.<\/li>\r\n\r\n\r\n\r\n<li>Powsta\u0142a kom\u00f3rka organizacyjna Unii Demokratycznej.<\/li>\r\n\r\n\r\n\r\n<li>Powsta\u0142a Sp\u00f3\u0142dzielnia Pracy Handlowo-Produkcyjna \u201eJedno\u015b\u0107\u201d z przekszta\u0142cenia Zak\u0142adu Handlu Ma\u0142opolskiej Sp\u00f3\u0142dzielni Handlowo-Produkcyjnej \u201eSamopomoc Ch\u0142opska\u201d.<\/li>\r\n\r\n\r\n\r\n<li>W zwi\u0105zku z rezygnacj\u0105 ks. Kazimierza Mularza z probostwa w Rzochowie (ze wzgl\u0119d\u00f3w zdrowotnych) proboszczem mianowano ks. J\u00f3zefa Jaworskiego.<\/li>\r\n\r\n\r\n\r\n<li>W Mielcu za\u0142o\u017cono Towarzystwo Polsko-Korea\u0144skie. Pierwszym przewodnicz\u0105cym zosta\u0142 lekarz Stanis\u0142aw Kowal.<\/li>\r\n\r\n\r\n\r\n<li>Zmar\u0142 Wojciech \u0141\u0105cz (l. 72) wiceprzewodnicz\u0105cy Prezydium Powiatowej Rady Narodowej w latach 1963-1973, prezes Powiatowego Zwi\u0105zku Ochotniczych Stra\u017cy Po\u017carnych.<\/li>\r\n\r\n\r\n\r\n<li>W ramach Miejskiego Przedsi\u0119biorstwa Gospodarki Komunalnej utworzono Zak\u0142ad Us\u0142ug Komunalnych (ZUK) poprzez po\u0142\u0105czenie Zak\u0142adu Oczyszczania Miasta z Gospodarstwem Samochodowym.<\/li>\r\n\r\n\r\n\r\n<li>Powsta\u0142 mielecki Oddzia\u0142 Przemyskiego Towarzystwa Opieki nad Zwierz\u0119tami, kt\u00f3ry w 1993 przekszta\u0142ci\u0142 si\u0119 w Mieleckie Towarzystwo Ochrony Zwierz\u0105t.<\/li>\r\n\r\n\r\n\r\n<li>W czasie Mistrzostw Polski w Lekkoatletyce w Pile Anna \u017baczek (FKS \u201eStal\u201d) zdoby\u0142a tytu\u0142 mistrzyni Polski w rzucie dyskiem.<\/li>\r\n\r\n\r\n\r\n<li>W\u0142odzimierz G\u0105siewski rozpocz\u0105\u0142 wydawanie pisma \u201eWie\u015bci z Gminy\u201d (p\u00f3\u017aniej \u201eWie\u015bci Regionalne\u201d).<\/li>\r\n<\/ul>\r\n\r\n\r\n\r\n<p><br \/><strong>1991<\/strong><\/p>\r\n\r\n\r\n\r\n<ul class=\"wp-block-list\">\r\n<li>8 I Zmar\u0142a Emilia Drabik z domu Rogoyska (l. 78) &#8211; choreograf, trener szermierki, wychowawca wielu mieleckich tancerzy i szermierzy.<\/li>\r\n\r\n\r\n\r\n<li>10 I Biskup ordynariusz dr J\u00f3zef \u017byci\u0144ski po\u015bwi\u0119ci\u0142 kaplic\u0119 w \u0141u\u017cu \u2013 przysi\u00f3\u0142ku osiedla Rzoch\u00f3w.<\/li>\r\n\r\n\r\n\r\n<li>13 I W ko\u015bciele \u015bw. Mateusza biskup tarnowski J\u00f3zef \u017byci\u0144ski po\u015bwi\u0119ci\u0142 sztandar NSZZ \u201eSolidarno\u015b\u0107\u201d WSK \u201ePZL-Mielec\u201d i OBR SK.<\/li>\r\n\r\n\r\n\r\n<li>16 I Radni miasta Mielca na sesji Rady Miejskiej wyrazili poparcie dla narodu litewskiego, przyjmuj\u0105c o\u015bwiadczenie o \u201ezdecydowanym i jednoznacznym prote\u015bcie wobec agresji dokonanej przez oddzia\u0142y Armii Radzieckiej przeciwko walcz\u0105cej o niepodleg\u0142o\u015b\u0107 Litwie.<\/li>\r\n\r\n\r\n\r\n<li>18-20 I W Poznaniu odby\u0142 si\u0119 Kongres Restytucyjny Zwi\u0105zku Miast Polskich, w kt\u00f3rym uczestniczy\u0142 jako przedstawiciel Mielca Jan Wr\u00f3blewski \u2013 zast\u0119pca przewodnicz\u0105cego Rady Miejskiej.<\/li>\r\n\r\n\r\n\r\n<li>23 I Mielczanin Stanis\u0142aw Padyku\u0142a zosta\u0142 mianowany wiceministrem w Ministerstwie Przemys\u0142u.<\/li>\r\n\r\n\r\n\r\n<li>29 I Andrzej i Krzysztof Fudali oraz Stanis\u0142aw Kope\u0107 za\u0142o\u017cyli firm\u0119 FUDKOP S.C. produkuj\u0105c\u0105 akcesoria z polskiej folii i akcesoria metalowe.<\/li>\r\n\r\n\r\n\r\n<li>1 II Na podstawie rozporz\u0105dzenia ministra \u2013 szefa URM z 31 XII 1990 r. rozpocz\u0105\u0142 dzia\u0142alno\u015b\u0107 Urz\u0105d Rejonowy w Kolbuszowej, obejmuj\u0105cy tereny dawnego powiatu kolbuszowskiego, a od 1990 r. b\u0119d\u0105ce cz\u0119\u015bci\u0105 rejonu mieleckiego.<\/li>\r\n\r\n\r\n\r\n<li>9 II Utworzono mieleckie Ko\u0142o Stowarzyszenia Polak\u00f3w Poszkodowanych przez III Rzesz\u0119.<\/li>\r\n\r\n\r\n\r\n<li>25 III Po zwyci\u0119skich bara\u017cach z dru\u017cyn\u0105 \u201ePolonez\u201d Warszawa siatkarki FKS \u201eStal\u201d awansowa\u0142y do ekstraklasy.<\/li>\r\n\r\n\r\n\r\n<li>1 IV Uchwa\u0142\u0105 Rady Miejskiej wydzielono z Miejskiego Przedsi\u0119biorstwa Gospodarki Komunalnej Miejsk\u0105 Komunikacj\u0119 Samochodow\u0105 i nadano jej status odr\u0119bnego przedsi\u0119biorstwa.<\/li>\r\n\r\n\r\n\r\n<li>1 IV Rada Miejska podj\u0119\u0142a uchwa\u0142\u0119 o likwidacji dw\u00f3ch \u017c\u0142obk\u00f3w ze wzgl\u0119du na wysokie koszty utrzymania i malej\u0105c\u0105 ilo\u015b\u0107 dzieci.<\/li>\r\n\r\n\r\n\r\n<li>26 IV Uchwa\u0142\u0105 Zarz\u0105du Regionu NSZZ \u201eSolidarno\u015b\u0107\u201d utworzono Delegatur\u0119 w Mielcu.<\/li>\r\n\r\n\r\n\r\n<li>2-3 V Z okazji 200. rocznicy uchwalenia Konstytucji 3 maja zorganizowano szereg imprez m.in. wieczornic\u0119 miejsk\u0105 i koncert ZPiT \u201eRzeszowiacy\u201d z udzia\u0142em znanych aktor\u00f3w warszawskich, a tak\u017ce eksponowano wystawy \u201eZ Ducha Niepodleg\u0142o\u015bci\u201d oraz \u201eMielec i mielczanie w dobie Konstytucji 3 maja\u201d.<\/li>\r\n\r\n\r\n\r\n<li>22 V Zarz\u0105d Regionu NSZZ \u201eSolidarno\u015b\u0107\u201d w Rzeszowie zorganizowa\u0142 akcj\u0119 protestacyjn\u0105 w zwi\u0105zku z sytuacj\u0105 w s\u0142u\u017cbie zdrowia i dzia\u0142aniami rz\u0105du wymierzonymi w polski przemys\u0142 lotniczy.<\/li>\r\n\r\n\r\n\r\n<li>V Zawi\u0105zano Miejskie Ko\u0142o Terenowe Porozumienia Centrum. Pierwszym przewodnicz\u0105cym zosta\u0142 Tadeusza Wery\u0144ski.<\/li>\r\n\r\n\r\n\r\n<li>2 VI Na rzeszowskich b\u0142oniach przy ko\u015bciele p.w. Naj\u015bwi\u0119tszego Serca Jezusowego Ojciec \u015awi\u0119ty Jan Pawe\u0142 II odprawi\u0142 Msz\u0119 \u015bw., beatyfikowa\u0142 ks. bpa S\u0142ug\u0119 Bo\u017cego J\u00f3zefa Sebastiana Pelczara i dokona\u0142 rekoronacji obrazu Matki Bo\u017cej Pocieszenia z Jod\u0142\u00f3wki, a po nabo\u017ce\u0144stwie po\u015bwi\u0119ci\u0142 kamienie pod budow\u0119 nowych ko\u015bcio\u0142\u00f3w i konsekrowa\u0142 ko\u015bci\u00f3\u0142 Naj\u015bwi\u0119tszego Serca Pana Jezusa w Rzeszowie. W uroczysto\u015bciach uczestniczy\u0142o kilkana\u015bcie tysi\u0119cy mielczan, mieleccy harcerze pe\u0142nili \u201ebia\u0142\u0105 s\u0142u\u017cb\u0119\u201d, a ch\u00f3r \u201eMelodia\u201d by\u0142 jednym z zespo\u0142\u00f3w artystycznych tworz\u0105cych opraw\u0119 muzyczn\u0105.<\/li>\r\n\r\n\r\n\r\n<li>7 VI Zarz\u0105dzeniem nr 226 ministra przemys\u0142u Andrzeja Zawi\u015blaka rozpocz\u0119to \u201epost\u0119powanie naprawcze w stosunku do przedsi\u0119biorstwa pa\u0144stwowego \u2013 Wytw\u00f3rnia Sprz\u0119tu Komunikacyjnego \u201ePZL-Mielec\u201d w Mielcu\u201d i powo\u0142ano komisj\u0119 naprawcz\u0105.<\/li>\r\n\r\n\r\n\r\n<li>14-16 VI W hali sportowo-widowiskowej FKS \u201eStal\u201d przeprowadzono turniej kwalifikacyjny do Mistrzostw Europy w Siatk\u00f3wce Kobiet. Zwyci\u0119\u017cy\u0142a reprezentacja Polski, 2. Francja, 3. W\u0119gry, 4. Dania.<\/li>\r\n\r\n\r\n\r\n<li>17 VI W WSK rozpocz\u0119\u0142a prac\u0119 komisja naprawcza powo\u0142ana przez ministra przemys\u0142u. Jedn\u0105 z pierwszych jej decyzji by\u0142o odwo\u0142anie ze stanowiska dyrektora przedsi\u0119biorstwa Jana Mieczys\u0142awa Szyma\u0144skiego. Na tymczasowego kierownika przedsi\u0119biorstwa powo\u0142ano Stanis\u0142awa \u017bmud\u0119 \u2013 dotychczasowego dyrektora ds. produkcji.<\/li>\r\n\r\n\r\n\r\n<li>17 VI Powsta\u0142a Agencja Informacyjno-Reklamowa \u201eAIR-PRESS\u201d Sp. z o.o. \u2013 wydawca m.in. Tygodnika Mieleckiego \u201eKorso\u201d.<\/li>\r\n\r\n\r\n\r\n<li>VI Okr\u0119gowa Komisja Badania Zbrodni przeciwko Narodowi Polskiemu \u2013 Instytut Pami\u0119ci Narodowej w Rzeszowie rozpocz\u0119\u0142a \u015bledztwo w sprawie zbrodniczej dzia\u0142alno\u015bci, naruszania praw cz\u0142owieka oraz \u0142amania zasad praworz\u0105dno\u015bci przez funkcjonariuszy by\u0142ego Powiatowego Urz\u0119du Bezpiecze\u0144stwa Publicznego w Mielcu, w latach 1944-1956.<\/li>\r\n\r\n\r\n\r\n<li>1 VII Z inicjatywy Towarzystwa Opieki nad Zwierz\u0119tami przy ul. Torowej 6a otwarto schronisko dla zwierz\u0105t.<\/li>\r\n\r\n\r\n\r\n<li>3 VII Ukaza\u0142 si\u0119 pierwszy numer tygodnika reklamowego \u201eProfi\u201d, obejmuj\u0105cego swym zasi\u0119giem Mielec, Kolbuszow\u0105, D\u0119bic\u0119, Tarnobrzeg i Stalow\u0105 Wol\u0119. Wydawc\u0105 tygodnika by\u0142 PRHiU \u201ePrima Vista\u201d.<\/li>\r\n\r\n\r\n\r\n<li>7 VII Na bie\u017cni stadionu O\u015brodka Sportu i Rekreacji przy ul. Warszawskiej 5 odby\u0142y si\u0119 po raz pierwszy w Mielcu wy\u015bcigi samochodowe Fiat 126P \u201eGrand Prix Prince\u201d, sponsorowane przez firm\u0119 budowlan\u0105 Juliusza Podolskiego.<\/li>\r\n\r\n\r\n\r\n<li>9 VII Na lotnisku odby\u0142a si\u0119 uroczysto\u015b\u0107 po\u017cegnania odlatuj\u0105cych do Francji trzech pierwszych egzemplarzy samolot\u00f3w TB-10 \u201eTobago\u201d zmontowanych w WSK w ramach kooperacji z francusk\u0105 firm\u0105 Socata.<\/li>\r\n\r\n\r\n\r\n<li>12-14 VII W czasie Mistrzostw Polski w Lekkoatletyce w Kielcach zawodnik \u201eStali\u201d Mielec Lech Kowalski zdoby\u0142 tytu\u0142 mis-trza Polski w rzucie m\u0142otem.<\/li>\r\n\r\n\r\n\r\n<li>VII W zwi\u0105zku z pojawieniem si\u0119 osadu koloru jasno\u017c\u00f3\u0142tego (kolejny raz) na terenie cz\u0119\u015bci miasta, O\u015brodek Bada\u0144 i Kontroli \u015arodowiska w Rzeszowie przeprowadzi\u0142 biologiczn\u0105 analiz\u0119 osadu i stwierdzi\u0142, \u017ce jest to py\u0142ek kwiatowy pochodz\u0105cy z pylnik\u00f3w sosny zwyczajnej, spadaj\u0105cy z deszczem i po wyschni\u0119ciu wody tworz\u0105cy \u017c\u00f3\u0142ty osad.<\/li>\r\n\r\n\r\n\r\n<li>VII Utworzono lokaln\u0105 organizacj\u0119 Sojuszu Lewicy Demokratycznej (SLD), skupiaj\u0105c\u0105 lewicowe partie i ugrupowania polityczne, zwi\u0105zki zawodowe i organizacje spo\u0142eczne.<\/li>\r\n\r\n\r\n\r\n<li>1 VIII Ukaza\u0142 si\u0119 pierwszy pilota\u017cowy numer Tygodnika Mieleckiego \u201eKorso\u201d.<\/li>\r\n\r\n\r\n\r\n<li>7 VIII Uchwa\u0142\u0105 Rady Miejskiej powo\u0142ano Stra\u017c Miejsk\u0105.<\/li>\r\n\r\n\r\n\r\n<li>7-10 VIII Na Letnich Mistrzostwach Polski w P\u0142ywaniu przeprowadzonych w Poznaniu zawodniczka FKS \u201eStal\u201d Magdalena Modelska zdoby\u0142a tytu\u0142 mistrzyni Polski na 50 m st. grzbietowym.<\/li>\r\n\r\n\r\n\r\n<li>20 VIII W Mielcu go\u015bci\u0142a grupa naukowc\u00f3w Uniwersytet\u00f3w w Oxfordzie, Kolonii i Berlinie Zachodnim pod kierownictwem dr. Jonathana Webbera z Oxfordu. Go\u015bcie zapoznali si\u0119 z miejscami i pami\u0105tkami po spo\u0142eczno\u015bci \u017cydowskiej oraz wydarzeniami zwi\u0105zanymi z zag\u0142ad\u0105 \u017byd\u00f3w w czasie okupacji hitlerowskiej.<\/li>\r\n\r\n\r\n\r\n<li>VIII Z inicjatywy Aeroklubu Mieleckiego zorganizowano w O\u015brodku Wypoczynkowym w Rzemieniu II edycj\u0119 spadochronowych akrobacji AIR DANCE z udzia\u0142em skoczk\u00f3w z Belgii, Danii, Holandii i Polski. Atrakcj\u0105 by\u0142y skoki spadochronowe z Mi-26 \u2013 jednego z najwi\u0119kszych \u015bmig\u0142owc\u00f3w na \u015bwiecie, przyby\u0142ego z Uhty (ZSRR).<\/li>\r\n\r\n\r\n\r\n<li>11 IX Rada Miejska uchwali\u0142a wzory trzech podstawowych element\u00f3w symboliki miejskiej: herbu, flagi i piecz\u0119ci miasta Mielca.<\/li>\r\n\r\n\r\n\r\n<li>14 IX W WSK \u201ePZL-Mielec\u201d powo\u0142ano Komitet Strajkowy protestuj\u0105c przeciwko pogarszaj\u0105cej si\u0119 kondycji przedsi\u0119biorstwa.<\/li>\r\n\r\n\r\n\r\n<li>16 IX W WSK odby\u0142 si\u0119 wiec, a nast\u0119pnie rozpocz\u0119to okupacj\u0119 sali konferencyjnej.<\/li>\r\n\r\n\r\n\r\n<li>16-17 IX Odby\u0142y si\u0119 rozmowy Komitetu Strajkowego z dyrekcj\u0105, ale bez rezultat\u00f3w.<\/li>\r\n\r\n\r\n\r\n<li>20 IX Do WSK \u201ePZL-Mielec\u201d przyby\u0142a minister przemys\u0142u i handlu Henryka Bochniarz. Przeprowadzi\u0142a rozmowy z przedstawicielami Komitetu Strajkowego i dyrekcj\u0105 w sprawie protestu i obieca\u0142a podj\u0105\u0107 konkretne decyzje.<\/li>\r\n\r\n\r\n\r\n<li>5 X Zmar\u0142 Julian Roma\u0144czuk (l. 63) \u2013 lekarz pediatra, ordynator Oddzia\u0142u Dzieci\u0119cego Szpitala Powiatowego, nauczyciel Liceum Medycznego, radny PRN.<\/li>\r\n\r\n\r\n\r\n<li>5 X Odby\u0142a si\u0119 uroczysto\u015b\u0107 po\u015bwi\u0119cenia Obiekt\u00f3w Szko\u0142y Podstawowej nr 13 przy ul. \u0141\u0105kowej.<\/li>\r\n\r\n\r\n\r\n<li>15 X Dokonano s\u0105dowej rejestracji Przedsi\u0119biorstwa Zastosowa\u0144 Informatyki TARAN.<\/li>\r\n\r\n\r\n\r\n<li>18 X Decyzj\u0105 ministra przemys\u0142u i handlu powo\u0142ano w WSK \u201ePZL-Mielec\u201d Zarz\u0105d Komisaryczny w miejsce dotychczasowej komisji naprawczej. Zarz\u0105dc\u0105 komisarycznym zosta\u0142 mianowany Stanis\u0142aw \u017bmuda.<\/li>\r\n\r\n\r\n\r\n<li>18 X W kaplicy \u015bw. Maksymiliana Kolbego przy parafii \u015bw. Mateusza odby\u0142o si\u0119 za\u0142o\u017cycielskie spotkanie Ko\u0142a Terenowego Towarzystwa Pomocy im. Brata Alberta.<\/li>\r\n\r\n\r\n\r\n<li>19 X Na placu pomi\u0119dzy wiaduktem i ul. Dworcow\u0105 Mieleckie Przedsi\u0119biorstwo Budowlane rozpocz\u0119\u0142o budow\u0119 Centrum Handlowo-Us\u0142ugowego \u201ePasa\u017c\u201d.<\/li>\r\n\r\n\r\n\r\n<li>19 X Odby\u0142o si\u0119 za\u0142o\u017cycielskie spotkanie Stowarzyszenia Polskich Kombatant\u00f3w \u2013 Ko\u0142a nr 5 w Mielcu.<\/li>\r\n\r\n\r\n\r\n<li>23 X Przy ul. G. Narutowicza na terenie sk\u0142adnicy maszyn Sp\u00f3\u0142dzielni Pracy Handlowo-Produkcyjnej \u201eJedno\u015b\u0107\u201d otwarto pierwszy w Mielcu \u201eAuto Salon\u201d prowadzony przez Sp\u00f3\u0142k\u0119 Cywiln\u0105 \u201eTurbo\u201d.<\/li>\r\n\r\n\r\n\r\n<li>25 X W RCK odby\u0142o si\u0119 spotkanie senatora Lecha Kaczy\u0144skiego z dzia\u0142aczami i sympatykami Porozumienia Centrum oraz spo\u0142ecze\u0144stwem.<\/li>\r\n\r\n\r\n\r\n<li>16 XII Powsta\u0142a \u2013 jako jedna z pierwszych w Polsce \u2013 Agencja Rozwoju Regionalnego \u201eMARR\u201d SA.<\/li>\r\n\r\n\r\n\r\n<li>17 XII Rozpocz\u0119to strajk w Pa\u0144stwowym Gospodarstwie Ogrodniczym, postuluj\u0105c napraw\u0119 z\u0142ej sytuacji ekonomicznej zak\u0142adu.<\/li>\r\n\r\n\r\n\r\n<li>19 XII Na spotkaniu w Mielcu przedstawiciele 11 komisji zak\u0142adowych NSZZ \u201eSolidarno\u015b\u0107\u201d przemys\u0142u lotniczego z ca\u0142ego kraju utworzyli sekcj\u0119 krajow\u0105.<\/li>\r\n<\/ul>\r\n\r\n\r\n\r\n<p><strong>Ponadto w 1991 r.<\/strong>:<\/p>\r\n\r\n\r\n\r\n<ul class=\"wp-block-list\">\r\n<li>Produkowany w WSK Mielec samolot An-28 zaprezentowano w czasie Salonu Le Bourget we Francji.<\/li>\r\n\r\n\r\n\r\n<li>Przedsi\u0119biorstwa komunalne przekszta\u0142cono na zak\u0142ady bud\u017cetowe.<\/li>\r\n\r\n\r\n\r\n<li>Zako\u0144czono budow\u0119 sieci gazowej i wodoci\u0105gowej w Rzochowie.<\/li>\r\n\r\n\r\n\r\n<li>W czasie Og\u00f3lnopolskiej Spartakiady M\u0142odzie\u017cy w P\u0142ywaniu, przeprowadzonej w O\u015bwi\u0119cimiu, zawodniczka FKS \u201eStal\u201d Mielec Magdalena Modelska zdoby\u0142a z\u0142oty medal i ustanowi\u0142a nowy rekord Polski senior\u00f3w na dystansie 100 m stylem grzbietowym &#8211; 1.06,17.<\/li>\r\n\r\n\r\n\r\n<li>Powsta\u0142a Agencja Wydawnicza \u201ePromocja\u201d (w\u0142a\u015bciciel \u2013 W\u0142odzimierz G\u0105siewski) \u2013 wydawca Czasopisma Spo\u0142eczno-Kulturalnego \u201eWie\u015bci z Gminy\u201d (od 1996 r. \u201eWie\u015bci Regionalne\u201d) i Regionalnego Magazynu Reklamowego \u201eStrefa\u201d (od 1994 r.).<\/li>\r\n\r\n\r\n\r\n<li>Powsta\u0142a Firma Techniczno-Handlowa \u201eANKOL\u201d (za\u0142o\u017cyciel \u2013 Czes\u0142aw Kolisz) z siedzib\u0105 w Woli Mieleckiej, zajmuj\u0105ca si\u0119 obrotem specjalnym w zakresie sprz\u0119tu lotniczego na rynku krajowym i zagranicznym.<\/li>\r\n\r\n\r\n\r\n<li>Reaktywowano dzia\u0142alno\u015b\u0107 Banku Polska Kasa Opieki Oddzia\u0142 Mielec przy ul. Jadernych, a nast\u0119pnie przy ul. M. Pisarka.<\/li>\r\n\r\n\r\n\r\n<li>Powsta\u0142o Ko\u0142o Unii Polityki Realnej.<\/li>\r\n\r\n\r\n\r\n<li>Bracia Wojciech i Jerzy Juraszowie za\u0142o\u017cyli Biuro Projektowe i Obs\u0142ugi Inwestycji Budownictwa \u201eW.J. JURASZ\u201d, wykonuj\u0105ce us\u0142ugi w zakresie projektowania, nadzoru technicznego, kosztorysowania, doradztwa technicznego oraz przygotowania i obs\u0142ugi technicznej inwestycji.<\/li>\r\n\r\n\r\n\r\n<li>Leszek i Bo\u017cena Kaczmarczykowie za\u0142o\u017cyli Przedsi\u0119biorstwo Wielobran\u017cowe \u201eInwest\u201d S.C., specjalizuj\u0105ce si\u0119 w projektowaniu i realizacji rob\u00f3t instalacyjno-budowlanych.<\/li>\r\n\r\n\r\n\r\n<li>Z inicjatywy Henryka Walczaka w Domu Rzemios\u0142a przy ul. Kr\u00f3tkiej rozpocz\u0119\u0142a dzia\u0142alno\u015b\u0107 jedna z nielicznych w kraju pracownia ultrasonograficzna w oparciu o nowoczesny ultrasonograf z przystawk\u0105 dopplerowsk\u0105, umo\u017cliwiaj\u0105cy przeprowadzenie bada\u0144 USG.<\/li>\r\n\r\n\r\n\r\n<li>Utworzono Ko\u0142o Terenowe Polskiego Stowarzyszenia na Rzecz Os\u00f3b z Upo\u015bledzeniem Umys\u0142owym. Jego siedzib\u0105 zosta\u0142 budynek przy ul. I. \u0141ukasiewicza 1c.<\/li>\r\n\r\n\r\n\r\n<li>Tadeusz Tomczyk uruchomi\u0142 zak\u0142ad poligraficzny \u201eMegatom\u201d przy ul. W. Szalay-Groele.<\/li>\r\n\r\n\r\n\r\n<li>Bracia Andrzej i W\u0142adys\u0142aw Krempowie za\u0142o\u017cyli firm\u0119 ELDOM (p\u00f3\u017aniej ELDOMEX S.C.) naprawiaj\u0105c\u0105 sprz\u0119t AGD, a p\u00f3\u017aniej produkuj\u0105c\u0105 m.in. ch\u0142odziarki samochodowe.<\/li>\r\n\r\n\r\n\r\n<li>Izabella Anna \u015awierczy\u0144ska za\u0142o\u017cy\u0142a Laboratorium Analityczne \u201eLabox\u201d.<\/li>\r\n\r\n\r\n\r\n<li>Zbigniew Stanis\u0142aw Gortadt za\u0142o\u017cy\u0142 pierwsz\u0105 w Mielcu multiagencj\u0119 \u2013 Biuro Po\u015brednictwa i Us\u0142ug \u201eA&amp;Z GORTADT\u201d oraz pierwsze w Mielcu Biuro Obrotu Nieruchomo\u015bciami \u201ePRAECURSOR\u201d.<\/li>\r\n\r\n\r\n\r\n<li>Teresa Klonowska za\u0142o\u017cy\u0142a pierwsz\u0105 w Mielcu prywatn\u0105 szko\u0142\u0119 j\u0119zyk\u00f3w obcych \u201eT. Klonowska\u201d.<\/li>\r\n<\/ul>\r\n\r\n\r\n\r\n<p><br \/><strong>1992<\/strong><\/p>\r\n\r\n\r\n\r\n<ul class=\"wp-block-list\">\r\n<li>1 I Rozpocz\u0105\u0142 dzia\u0142alno\u015b\u0107 Zak\u0142ad Elektroniki i Informatyki \u201eMotronik\u201d.<\/li>\r\n\r\n\r\n\r\n<li>9 I Zmar\u0142 Rudolf Karol Junikiewicz (l. 83) \u2013 nauczyciel, uczestnik kampanii wrze\u015bniowej 1939, kierownik Wydzia\u0142u O\u015bwiaty PPRN, przewodnicz\u0105cy PPRN w Mielcu w latach 1957-1971.<\/li>\r\n\r\n\r\n\r\n<li>10 I Mielczanin Stanis\u0142aw Padyku\u0142a powo\u0142any zosta\u0142 na stanowisko wiceministra przemys\u0142u.<\/li>\r\n\r\n\r\n\r\n<li>14 I W polskich zak\u0142adach przemys\u0142u lotniczego odby\u0142 si\u0119 8-godzinny strajk generalny podj\u0119ty przez Komisje Zak\u0142adowe NSZZ \u201eSolidarno\u015b\u0107\u201d i Sekcj\u0119 Krajow\u0105 Przemys\u0142u Lotniczego \u201eSolidarno\u015b\u0107\u201d. Celem strajku by\u0142o zwr\u00f3cenie uwagi na tragiczn\u0105 sytuacj\u0119 zak\u0142ad\u00f3w przemys\u0142u lotniczego.<\/li>\r\n\r\n\r\n\r\n<li>22 I Rada Miejska nada\u0142a ulicy bocznej od ulicy T. Ko\u015bciuszki patronat Wojciecha Lisa.<\/li>\r\n\r\n\r\n\r\n<li>22-24 I Na dorocznej mi\u0119dzynarodowej wystawie sprz\u0119tu golfowego w Orlando (USA) zaprezentowano w\u00f3zek golfowy \u201eMelex\u201d o nap\u0119dzie spalinowym.<\/li>\r\n\r\n\r\n\r\n<li>23 I W RCK odby\u0142 si\u0119 Nadzwyczajny Zjazd Ko\u0142a Zwi\u0105zku Kombatant\u00f3w Rzeczypospolitej Polskiej i By\u0142ych Wi\u0119\u017ani\u00f3w Politycznych. Na prezesa wybrano kpt. rez. Stanis\u0142awa Kortyk\u0119.<\/li>\r\n\r\n\r\n\r\n<li>I W czasie Mistrzostw Europy w P\u0142ywaniu, przeprowadzonych w Gelsenkirchen (Niemcy), reprezentantka Polski Magdalena Modelska z FKS \u201eStal\u201d Mielec zakwalifikowa\u0142a si\u0119 do fina\u0142u B i zaj\u0119\u0142a 12 miejsce w wy\u015bcigu na 50 m stylem grzbietowym (0.30,59).<\/li>\r\n\r\n\r\n\r\n<li>15-16 II W czasie Halowych Mistrzostw Polski w Lekkoatletyce w Spale Krzysztof \u0106wik\u0142a (FKS \u201eStal\u201d) zdoby\u0142 tytu\u0142 mistrza Polski na dystansie 1.500 m.<\/li>\r\n\r\n\r\n\r\n<li>23 II Zmar\u0142 Edward Bo\u017cek (l. 63) \u2013 d\u0142ugoletni zast\u0119pca dyrektora i dyrektor naczelny Mieleckiego Przedsi\u0119biorstwa Budowlanego.<\/li>\r\n\r\n\r\n\r\n<li>1 III Na scenie RCK wyst\u0105pi\u0142 kabaret krakowski \u201ePiwnica pod Baranami\u201d.<\/li>\r\n\r\n\r\n\r\n<li>3 III Reaktywowano Towarzystwo Gimnastyczne \u201eSok\u00f3\u0142\u201d. Pierwszym prezesem zosta\u0142 Tadeusz Tomczyk.<\/li>\r\n\r\n\r\n\r\n<li>3 III Zmar\u0142 Stanis\u0142aw Kostecki (l. 69) \u2013 lekarz stomatolog, powiatowy inspektor ds. stomatologii, kierownik Obwodowej Przychodni Stomatologicznej ZOZ w Mielcu, wychowawca wielu mieleckich stomatolog\u00f3w.<\/li>\r\n\r\n\r\n\r\n<li>7 III W RCK otwarto wystaw\u0119 \u201eSztuka ludowa Korei\u201d. Aktu otwarcia dokona\u0142 ambasador Korei P\u00f3\u0142nocnej (KRLD) w Polsce Hany-Pio przy asy\u015bcie prezydenta Mielca W\u0142adys\u0142awa Bie\u0144ka.<\/li>\r\n\r\n\r\n\r\n<li>17-21 III W Casale Monferrato (W\u0142ochy) przebywa\u0142a delegacja Mielca z prezydentem W\u0142adys\u0142awem Bie\u0144kiem na czele. Omawiano mo\u017cliwo\u015bci wsp\u00f3\u0142pracy gospodarczej obu miast.<\/li>\r\n\r\n\r\n\r\n<li>25 III Wywodz\u0105cy si\u0119 z ziemi mieleckiej biskup Wojciech Ziemba zosta\u0142 mianowany biskupem e\u0142ckim.<\/li>\r\n\r\n\r\n\r\n<li>30 III W WSK z inicjatywy NSZZ \u201eSolidarno\u015b\u0107\u201d przeprowadzono 8-godzinny strajk w ramach strajku rotacyjnego zak\u0142ad\u00f3w bran\u017cy lotniczej.<\/li>\r\n\r\n\r\n\r\n<li>III Mieleckie Radio HIT FM rozpocz\u0119\u0142o nadawanie audycji.<\/li>\r\n\r\n\r\n\r\n<li>III \u2013 VI Rzemie\u015blnicza Sp\u00f3\u0142dzielnia \u201eWielobran\u017cowa\u201d nawi\u0105za\u0142a za po\u015brednictwem mieleckiego Biura Handlu Zagranicznego \u201eEastcom\u201d (dyr. Jan Stra\u017c) wsp\u00f3\u0142prac\u0119 z Izb\u0105 Rzemie\u015blnicz\u0105, Przemys\u0142ow\u0105 i Handlow\u0105 w s\u0142owe\u0144skim mie\u015bcie Mozirje. By\u0142 to historyczny pierwszy kontakt polsko-s\u0142owe\u0144ski po uzyskaniu przez S\u0142oweni\u0119 niepodleg\u0142o\u015bci.<\/li>\r\n\r\n\r\n\r\n<li>1 IV Otwarto hal\u0119 targow\u0105 przy ul. Wolno\u015bci. Projekt wykona\u0142 zesp\u00f3\u0142 pod kierownictwem Apolinarego Rzadkowskiego, a wykonawc\u0105 by\u0142a firma budowlana Juliusza Podolskiego.<\/li>\r\n\r\n\r\n\r\n<li>8 IV W Warszawie odby\u0142o si\u0119 spotkanie premiera Jana Olszewskiego z przedstawicielami zak\u0142adowych organizacji NSZZ \u201eSolidarno\u015b\u0107\u201d przemys\u0142u lotniczego, w tym grupy z WSK \u201ePZL-Mielec\u201d.<\/li>\r\n\r\n\r\n\r\n<li>?11-12 IV Siatkarki FKS \u201eStal\u201d zdoby\u0142y br\u0105zowe medale w rozgrywkach sezonu 1991\/1992.<\/li>\r\n\r\n\r\n\r\n<li>25-26 IV W hali sportowo-widowiskowej FKS \u201eStal\u201d odby\u0142o si\u0119 zgromadzenie \u015awiadk\u00f3w Jehowy, w kt\u00f3rym wzi\u0119\u0142o udzia\u0142 ponad 1 500 os\u00f3b z terenu Polski po\u0142udniowo-wschodniej.<\/li>\r\n\r\n\r\n\r\n<li>26-28 IV W XXIV Festiwalu \u015apiewu Ch\u00f3ralnego im. Wiliama Figusa w Ba\u0144skiej Bystrzycy mielecki Ch\u00f3r Nauczycielski \u201eAkord\u201d pod dyrekcj\u0105 Paw\u0142a Lisa otrzyma\u0142 wyr\u00f3\u017cnienie.<\/li>\r\n\r\n\r\n\r\n<li>29 IV Mielecka grupa muzyczna DNA zdoby\u0142a 3. miejsce w Og\u00f3lnopolskim Przegl\u0105dzie Piosenki Autorskiej w Warszawie.<\/li>\r\n\r\n\r\n\r\n<li>1 V Z okazji \u015awi\u0119ta Pracy przed budynkiem RCK odby\u0142a si\u0119 manifestacja zwolennik\u00f3w partii i ugrupowa\u0144 lewicowych.<\/li>\r\n\r\n\r\n\r\n<li>1-2 V Odby\u0142 si\u0119 pogrzeb \u201epo latach\u201d legendarnego dow\u00f3dcy oddzia\u0142u AK z czas\u00f3w okupacji hitlerowskiej i powojennych represji NKWD i UB \u2013 Wojciecha Lisa oraz jego podw\u0142adnego Konstantego K\u0119dziora. Obaj zostali zamordowani skrytob\u00f3jczo 30 I 1948 r. w Paterakach, a nast\u0119pnie przewiezieni do Mielca i zakopani potajemnie na dziedzi\u0144cu budynku MO przy ul. T. Ko\u015bciuszki 12. Miejsce poch\u00f3wku ujawni\u0142 telefonicznie nieznany m\u0119\u017cczyzna, a ekshumacja potwierdzi\u0142a t\u0119 informacj\u0119.<\/li>\r\n\r\n\r\n\r\n<li>1 V \u2013 30 VI W WSK zwolniono oko\u0142o 2,5 tys. pracownik\u00f3w.<\/li>\r\n\r\n\r\n\r\n<li>10 V W Rzochowie odby\u0142y si\u0119 uroczysto\u015bci 100-lecia miejscowej OSP.<\/li>\r\n\r\n\r\n\r\n<li>10 V W rozgrywkach o mistrzostwo Polski w pi\u0142ce r\u0119cznej m\u0119\u017cczyzn sezonu 1991\/1992 zesp\u00f3\u0142 FKS \u201eStal\u201d zaj\u0105\u0142 15. (przedostatnie) miejsce i zosta\u0142 zdegradowany do II ligi.<\/li>\r\n\r\n\r\n\r\n<li>18 V S\u0105d w Stuttgarcie skaza\u0142 Josefa Schwammbergera \u2013 komendanta oboz\u00f3w w Rozwadowie, Przemy\u015blu i Mielcu w latach okupacji hitlerowskiej, morderc\u0119 wielu ludzi (g\u0142\u00f3wnie \u017byd\u00f3w) \u2013 na do\u017cywotnie wi\u0119zienie.<\/li>\r\n\r\n\r\n\r\n<li>21 V W domu przy ul. Sandomierskiej 19 zorganizowano Schronisko dla Bezdomnych \u015bw. Brata Alberta.<\/li>\r\n\r\n\r\n\r\n<li>14-21 VI Na 64. Mi\u0119dzynarodowych Targach Pozna\u0144skich mielecka WSK eksponowa\u0142a pojazdy elektryczne \u201eMelex\u201d, anteny satelitarne, sejfy, drzwi bankowe i pomp\u0119 wtryskow\u0105 nowej generacji.<\/li>\r\n\r\n\r\n\r\n<li>20 VI W lekkoatletycznych Mistrzostwach Polski w Warszawie zawodnik FKS \u201eStal\u201d Lech Kowalski zdoby\u0142 tytu\u0142 mistrza Polski w rzucie m\u0142otem (75,56 m).<\/li>\r\n\r\n\r\n\r\n<li>23 VI Na zaproszenie by\u0142ego trenera FKS \u201eStal\u201d Konstantego Pawlika\u0144ca dru\u017cyna pi\u0142ki no\u017cnej FKS \u201eStal\u201d wyjecha\u0142a do Kanady.<\/li>\r\n\r\n\r\n\r\n<li>23-26 VI W Mielcu wyst\u0105pi\u0142 z kilkoma koncertami ch\u00f3r \u201eHarmonia\u201d z Mukaczewa (Ukraina Zakarpacka) pod batut\u0105 Wladymira Wo\u0142ontira.<\/li>\r\n\r\n\r\n\r\n<li>28 VI W czasie uroczysto\u015bci odpustowych biskup pomocniczy dr Jan Styrna po\u015bwi\u0119ci\u0142 ko\u015bci\u00f3\u0142 Naj\u015bwi\u0119tszego Serca Pana Jezusa w Wojs\u0142awiu.<\/li>\r\n\r\n\r\n\r\n<li>28 VI W Mielcu ukonstytuowa\u0142 si\u0119 Zarz\u0105d Wojew\u00f3dzki nowo powsta\u0142ego Zwi\u0105zku \u017bo\u0142nierzy G\u00f3rnik\u00f3w Represjonowanych w latach 1949-1959. Prezesem zosta\u0142 wybrany Jerzy Kazana.<\/li>\r\n\r\n\r\n\r\n<li>VI W Krajowym Festiwalu Piosenki Polskiej w Opolu mielczanin Marek Ba\u0142ata (mieszkaj\u0105cy w Krakowie) otrzyma\u0142 Nagrod\u0119 im. K. Musio\u0142a.<\/li>\r\n\r\n\r\n\r\n<li>VI Samorz\u0105dowe w\u0142adze Mielca go\u015bci\u0142y delegacj\u0119 w\u0142oskiego miasta Casale Monferrato, kt\u00f3rej przewodniczy\u0142 Carlo Gaiero. Spotkanie dotyczy\u0142o mo\u017cliwo\u015bci i form wsp\u00f3\u0142pracy obu miast.<\/li>\r\n\r\n\r\n\r\n<li>VI W czasie Memoria\u0142u im. Janusza Kusoci\u0144skiego zawodniczka mieleckiego klubu \u201eT\u0119cza-Sok\u00f3\u0142\u201d Kazimiera Mosio ustanowi\u0142a nowy rekord Polski w chodzie na 3 km \u2013 13.01,72.<\/li>\r\n\r\n\r\n\r\n<li>2 VII KZ NSZZ \u201eSolidarno\u015b\u0107\u201d WSK \u201ePZL-Mielec\u201d podj\u0119\u0142a uchwa\u0142\u0119 o wej\u015bciu w sp\u00f3r zbiorowy z Zarz\u0105dem Komisarycznym WSK \u201ePZL-Mielec\u201d i Ministerstwem Przemys\u0142u i Handlu. Obok \u017c\u0105da\u0144 terminowego wyp\u0142acania wynagrodze\u0144 przedstawiono postulaty z 2 X 1991 r. oraz domagano si\u0119 realizacji ustale\u0144 z URM RP i by\u0142ym premierem Janem Olszewskim.<\/li>\r\n\r\n\r\n\r\n<li>7 VII W filii \u201eJadern\u00f3wka\u201d Muzeum Regionalnego otwarto wystaw\u0119 \u201eShalom \u2013 spo\u0142eczno\u015b\u0107 \u017cydowska w Mielcu\u201d, jako form\u0119 uczczenia pami\u0119ci ofiar w 50-lecie zag\u0142ady \u017byd\u00f3w mieleckich z r\u0105k hitlerowc\u00f3w.<\/li>\r\n\r\n\r\n\r\n<li>8 VII Komisja Zak\u0142adowa NSZZ \u201eSolidarno\u015b\u0107\u201d WSK og\u0142osi\u0142a pogotowie strajkowe z powodu nieterminowej i ratalnej wyp\u0142aty wynagrodze\u0144 oraz niezrealizowania postulat\u00f3w strajkowych z 2 X 1991 r. i ustale\u0144 w URM z czerwca 1992.<\/li>\r\n\r\n\r\n\r\n<li>14 VII Rozporz\u0105dzeniem nr 35 Wojewody Rzeszowskiego utworzono Mielecko \u2013 Kolbuszowsko \u2013 G\u0142ogowski Obszar Chronionego Krajobrazu.<\/li>\r\n\r\n\r\n\r\n<li>14 VII W WSK zorganizowano godzinny (1200 \u2013 1300) strajk ostrzegawczy.<\/li>\r\n\r\n\r\n\r\n<li>15 VII W WSK o godz. 1230 rozpocz\u0119to strajk ca\u0142ej za\u0142ogi w celu wymuszenia kluczowych rozstrzygni\u0119\u0107 dotycz\u0105cych przysz\u0142o\u015bci fabryki, wstrzymania masowych zwolnie\u0144 i poprawy sytuacji ekonomicznej. Do 32-osobowego Komitetu Strajkowego, obok cz\u0142onk\u00f3w \u201eSolidarno\u015bci\u201d, weszli przedstawiciele innych zwi\u0105zk\u00f3w (m.in. OPZZ) i niezrzeszeni.<\/li>\r\n\r\n\r\n\r\n<li>25 VII W RCK odby\u0142o si\u0119 spotkanie przewodnicz\u0105cego NSZZ \u201eSolidarno\u015b\u0107\u201d Mariana Krzaklewskiego z dzia\u0142aczami \u201eSolidarno\u015bci\u201d i pracownikami strajkuj\u0105cej WSK w sprawie gwa\u0142townie pogarszaj\u0105cej si\u0119 sytuacji Mielca.<\/li>\r\n\r\n\r\n\r\n<li>VII WSK wyprodukowa\u0142a i przekaza\u0142a niemieckiej firmie lotniczej STEMME prototypow\u0105 przyczep\u0119 do monta\u017cu i demonta\u017cu, przechowywania i transportu samolotu S-10. Przyczepa ta by\u0142a eksponowana na wystawie lotniczej w USA.<\/li>\r\n\r\n\r\n\r\n<li>15 VIII W ko\u015bciele Matki Bo\u017cej Nieustaj\u0105cej Pomocy i RCK odby\u0142y si\u0119 uroczysto\u015bci po\u015bwi\u0119cenia i wr\u0119czenia sztandaru dla mieleckiego Oddzia\u0142u Zwi\u0105zku Kombatant\u00f3w RP i By\u0142ych Wi\u0119\u017ani\u00f3w Politycznych.<\/li>\r\n\r\n\r\n\r\n<li>27 VIII W przec\u0142awskim zamku podpisano kontrakt pomi\u0119dzy WSK \u201ePZL-Mielec\u201d a Boeingiem na produkcj\u0119 drzwi do samolot\u00f3w tej firmy.<\/li>\r\n\r\n\r\n\r\n<li>1 IX W ramach Zespo\u0142u Szk\u00f3\u0142 Technicznych rozpocz\u0119\u0142o funkcjonowanie III Liceum Og\u00f3lnokszta\u0142c\u0105ce, a w ramach Zespo\u0142u Szk\u00f3\u0142 Zawodowych im. prof. J. Groszkowskiego utworzono IV Liceum Og\u00f3lnokszta\u0142c\u0105ce.<\/li>\r\n\r\n\r\n\r\n<li>9 IX W mi\u0119dzypa\u0144stwowym meczu pi\u0142ki no\u017cnej, rozegranym na stadionie FKS \u201eStal\u201d, Polska zremisowa\u0142a z Izraelem 1 : 1.<\/li>\r\n\r\n\r\n\r\n<li>12 IX W kaplicy \u015bw. Stanis\u0142awa Kostki i auli Zespo\u0142u Szk\u00f3\u0142 Zawodowych odby\u0142 si\u0119 z\u0142az harcerek i harcerzy Szarych Szereg\u00f3w Ziemi Mieleckiej oraz harcerstwa dzia\u0142aj\u0105cego do 1947 r. Ods\u0142oni\u0119to te\u017c pami\u0105tkow\u0105 tablic\u0119 w budynku ZSZ.<\/li>\r\n\r\n\r\n\r\n<li>19-20 IX Z okazji \u015awi\u0119ta Lotnictwa na lotnisku zorganizowano pokazy lotnicze i wystaw\u0119 sprz\u0119tu lotniczego.<\/li>\r\n\r\n\r\n\r\n<li>26 IX \u2013 8 X Zorganizowano \u201eDni Mielca\u201d.<\/li>\r\n\r\n\r\n\r\n<li>1 X Powsta\u0142 Zak\u0142ad Opieku\u0144czo-Leczniczy przy ul. ks. P. Skargi.<\/li>\r\n\r\n\r\n\r\n<li>20 X W Belwederze odby\u0142y si\u0119 rozmowy prezydenta RP Lecha Wa\u0142\u0119sy, ministra przemys\u0142u i handlu Wac\u0142awa Niewiarowskiego oraz wiceministra pracy i polityki socjalnej Micha\u0142a Boniego z delegacj\u0105 Zarz\u0105du Regionu NSZZ \u201eSolidarno\u015b\u0107\u201d w Rzeszowie, Komisji Zak\u0142adowej \u201eSolidarno\u015b\u0107\u201d i samorz\u0105dowych w\u0142adz miasta Mielca, reprezentowanych przez prezydenta Mielca W\u0142adys\u0142awa Bie\u0144ka.<\/li>\r\n\r\n\r\n\r\n<li>24 X Na lotnisku nast\u0105pi\u0142o uroczyste przekazanie przez WSK dw\u00f3ch pierwszych samolot\u00f3w szkolno-bojowych Iryda dla wojska. W uroczysto\u015bci wzi\u0119li udzia\u0142 m.in. sekretarz stanu Jerzy Milewski, minister przemys\u0142u i handlu Wac\u0142aw Niewiarowski, dow\u00f3dca wojsk lotniczych gen. dyw. Jerzy Gotowa\u0142a i prof. Tadeusz So\u0142tyk.<\/li>\r\n\r\n\r\n\r\n<li>29 X W Warszawie odby\u0142o si\u0119 spotkanie premier Hanny Suchockiej z delegacj\u0105 Zarz\u0105du Regionu \u201eSolidarno\u015b\u0107\u201d, \u201eSolidarno\u015bci\u201d mieleckiej WSK i OBR, w\u0142adz miasta Mielca i Mieleckiej Agencji Rozwoju Regionalnego. Rozmawiano o mo\u017cliwo\u015bciach zam\u00f3wie\u0144 na mieleckie samoloty w 1993 r. oraz utworzeniu w Mielcu strefy wolnoc\u0142owej.<\/li>\r\n\r\n\r\n\r\n<li>29 X W gmachu sejmu odby\u0142o si\u0119 spotkanie parlamentarzyst\u00f3w z ministrem obrony Januszem Onyszkiewiczem na temat przysz\u0142o\u015bci przemys\u0142u lotniczego. O\u015bwiadczenie wzywaj\u0105ce rz\u0105d do zdecydowanych dzia\u0142a\u0144 podpisa\u0142o 30 pos\u0142\u00f3w i senator\u00f3w.<\/li>\r\n\r\n\r\n\r\n<li>18 X Funkcjonowanie nowego dworca autobusowego PKS przy ul. Kazimierza Jagiello\u0144czyka rozpocz\u0119to od odprawienia o godz. 500 autobusu relacji Mielec-Warszawa.<\/li>\r\n\r\n\r\n\r\n<li>X Na podstawie porozumienia Zarz\u0105du Komisarycznego WSK \u201ePZL-Mielec\u201d z Zarz\u0105dem Miasta Mielca Dom Kultury Robotniczego Centrum Kultury zosta\u0142 przej\u0119ty wraz z wyposa\u017ceniem i kadr\u0105 przez samorz\u0105d miasta Mielca. Plac\u00f3wka otrzyma\u0142a nazw\u0119 Mielecki O\u015brodek Kultury.<\/li>\r\n\r\n\r\n\r\n<li>2 XI Zarz\u0105d Miasta Mielca uchwa\u0142\u0105 nr 271\/92 przeznaczy\u0142 Pa\u0142acyk Oborskich na siedzib\u0119 g\u0142\u00f3wn\u0105 Muzeum Regionalnego. Ponowienie decyzji nast\u0105pi\u0142o w rezultacie wprowadzenia nowej ustawy o samorz\u0105dzie terytorialnym.<\/li>\r\n\r\n\r\n\r\n<li>11 XI W Zespole Szk\u00f3\u0142 Zawodowych im. prof. J. Groszkowskiego uroczy\u015bcie ods\u0142oni\u0119to odtworzon\u0105 tablic\u0119 upami\u0119tniaj\u0105c\u0105 profesora, absolwent\u00f3w i uczni\u00f3w poleg\u0142ych w czasie I wojny \u015bwiatowej. (Pierwsza tablica zosta\u0142a zdj\u0119ta i zniszczona w latach 40.)<\/li>\r\n\r\n\r\n\r\n<li>20 XI Do WSK przyby\u0142a delegacja rz\u0105dowa pod przewodnictwem ministra przemys\u0142u i handlu Wac\u0142awa Niewiarowskiego.<\/li>\r\n\r\n\r\n\r\n<li>23 XI Po podpisaniu protoko\u0142u uzgodnie\u0144 pomi\u0119dzy zespo\u0142em rz\u0105dowym pod przewodnictwem ministra przemys\u0142u i handlu Wac\u0142awa Niewiarowskiego a Komitetem Strajkowym WSK \u201ePZL-Mielec\u201d pod przewodnictwem Jana P\u0142atka (\u201eS\u201d) i Bogus\u0142awa Biernackiego (OPZZ) zawieszono akcj\u0119 strajkow\u0105.<\/li>\r\n\r\n\r\n\r\n<li>XI Powsta\u0142a Fabryka Samochod\u00f3w \u201eGepard\u201d Sp. z o.o. produkuj\u0105ca luksusowe dwuosobowe kabriolety \u201eGepard\u201d w stylu lat 30. XX w.<\/li>\r\n\r\n\r\n\r\n<li>XI W budynku przy ul. A. Kocjana 15 utworzono Dom Dziennego Pobytu.<\/li>\r\n\r\n\r\n\r\n<li>1-2 XII W Mielcu przebywa\u0142 ambasador Irlandii w Polsce Richard O\u2019Brien. Wizyta wi\u0105za\u0142a si\u0119 z przyjazdem ekspert\u00f3w irlandzkich z wolnego obszaru celnego w Shannon pomagaj\u0105cych w utworzeniu w Mielcu podobnego obszaru.<\/li>\r\n\r\n\r\n\r\n<li>8 XII Anna i Stanis\u0142aw Brygowie za\u0142o\u017cyli firm\u0119 FOTO LAB, prowadz\u0105c\u0105 g\u0142\u00f3wnie handel i us\u0142ugi z zakresu fotografii.<\/li>\r\n\r\n\r\n\r\n<li>12 XII Rodzina D\u0119bickich uruchomi\u0142a stylow\u0105 \u201eKsi\u0119garni\u0119 D\u0119bickich\u201d w budynku w\u0142asnym przy ul. A. Mickiewicza 5.<\/li>\r\n\r\n\r\n\r\n<li>19 XII Oddano do u\u017cytku budynek Inkubatora Przedsi\u0119biorczo\u015bci \u201eIN-MARR\u201d przy ul. Wojska Polskiego 3. W uroczysto\u015bci uczestniczy\u0142 minister ds. wsp\u00f3\u0142pracy z zagranic\u0105 Jan Krzysztof Bielecki.<\/li>\r\n\r\n\r\n\r\n<li>20 XII Biskup ordynariusz dr J\u00f3zef \u017byci\u0144ski po\u015bwi\u0119ci\u0142 nowo zbudowany g\u00f3rny ko\u015bci\u00f3\u0142 Ducha \u015awi\u0119tego.<\/li>\r\n\r\n\r\n\r\n<li>XII Zlikwidowano Sp\u00f3\u0142dzielni\u0119 Pracy \u201eOdzie\u017c\u201d.<\/li>\r\n\r\n\r\n\r\n<li>XII Utworzono Ko\u0142o Towarzystwa Pomocy im. \u015bw. Brata Alberta.<\/li>\r\n<\/ul>\r\n\r\n\r\n\r\n<p><strong>Ponadto w 1992 r.<\/strong>:<\/p>\r\n\r\n\r\n\r\n<ul class=\"wp-block-list\">\r\n<li>OBR SK w\u0142\u0105czono w struktury WSK.<\/li>\r\n\r\n\r\n\r\n<li>Samolot An-28 prezentowano w czasie AVIATION AFRIKA w Johannesburgu (RPA).<\/li>\r\n\r\n\r\n\r\n<li>W osiedlu Rzoch\u00f3w odby\u0142y si\u0119 uroczysto\u015bci 100-lecia miejscowej OSP. Z tej okazji wyr\u00f3\u017cniono jednostk\u0119 Z\u0142otym Krzy\u017cem Zas\u0142ugi dla Po\u017carnictwa.<\/li>\r\n\r\n\r\n\r\n<li>Mieleckie kluby \u2013 Ludowy Klub Sportowy \u201eT\u0119cza\u201d i Towarzystwo Gimnastyczne \u201eSok\u00f3\u0142\u201d po\u0142\u0105czy\u0142y si\u0119 w jeden klub \u201eT\u0119cza-Sok\u00f3\u0142\u201d.<\/li>\r\n\r\n\r\n\r\n<li>Powsta\u0142o Ko\u0142o Unii Pracy.<\/li>\r\n\r\n\r\n\r\n<li>Tadeusz Dzia\u0142o, Krzysztof Le\u015b i Marian \u017belazko za\u0142o\u017cyli firm\u0119 REG BENZ SJ. specjalizuj\u0105c\u0105 si\u0119 w bran\u017cy motoryzacyjnej.<\/li>\r\n\r\n\r\n\r\n<li>Tomasz Kowalik za\u0142o\u017cy\u0142 Zak\u0142ad Produkcyjno-Us\u0142ugowy GAMMA produkuj\u0105cy \u017caluzje poziome i pionowe oraz rolokasety.<\/li>\r\n\r\n\r\n\r\n<li>Powsta\u0142a Grupa Anonimowych Alkoholik\u00f3w (AA) \u201eNadzieja\u201d.<\/li>\r\n\r\n\r\n\r\n<li>Powsta\u0142a firma \u201eKadomex\u201d PPHU Sp. z o.o. produkuj\u0105ca elementy betonowe i drogowe oraz inne wyroby betonowe.<\/li>\r\n\r\n\r\n\r\n<li>Utworzono mielecki region Zwi\u0105zku \u017bo\u0142nierzy G\u00f3rnik\u00f3w Represjonowanych w latach 1949-1959.<\/li>\r\n\r\n\r\n\r\n<li>Na Letnich Mistrzostwach Polski w P\u0142ywaniu w Rzeszowie Magdalena Modelska (FKS \u201eStal\u201d) zdoby\u0142a tytu\u0142 mistrzowski na 50 m stylem grzbietowym.<\/li>\r\n\r\n\r\n\r\n<li>W czasie Mi\u0119dzynarodowej Olimpiady Chemicznej w Pittsburgu-Waszyngtonie (USA) ucze\u0144 II LO im. M. Kopernika \u2013 Wojciech Macyk, przygotowany przez Edwarda Spilarewicza, zdoby\u0142 srebrny medal.<\/li>\r\n\r\n\r\n\r\n<li>Archeolog Piotr Mitura z Rzeszowskiego O\u015brodka Archeologicznego i pracownicy Muzeum Regionalnego w Mielcu rozpocz\u0119li badania na Por\u0119bach Wojs\u0142awskich, gdzie spodziewano si\u0119 odkry\u0107 \u015blady dawnej osady ludzkiej. W czasie bada\u0144 trwaj\u0105cych dwa lata zlokalizowano 40 obiekt\u00f3w z r\u00f3\u017cnych okres\u00f3w historii.<\/li>\r\n\r\n\r\n\r\n<li>Z niewiadomych przyczyn PKP obni\u017cy\u0142a pr\u0119dko\u015b\u0107 szlakow\u0105 poci\u0105g\u00f3w osobowych z 60 km\/godz. do 30 km\/godz. na odcinku Rzoch\u00f3w-Padew Narodowa.<\/li>\r\n<\/ul>\r\n\r\n\r\n\r\n<p><br \/><strong>1993<\/strong><\/p>\r\n\r\n\r\n\r\n<ul class=\"wp-block-list\">\r\n<li>1 I Biuro Pracy w Mielcu zosta\u0142o przekszta\u0142cone na Rejonowy Urz\u0105d Pracy, kt\u00f3ry wy\u0142\u0105czono ze struktury administracji rz\u0105dowej.<\/li>\r\n\r\n\r\n\r\n<li>I W czasie spotkania w Mielcu prezydent Mielca W\u0142adys\u0142aw Bieniek i mer Mukaczewa W. Ilto podpisali umow\u0119 o partnerstwie miast.<\/li>\r\n\r\n\r\n\r\n<li>9 I W zwi\u0105zku z trudno\u015bciami finansowymi zarz\u0105d FKS \u201eStal\u201d wycofa\u0142 zesp\u00f3\u0142 siatk\u00f3wki m\u0119\u017cczyzn z rozgrywek II ligi.<\/li>\r\n\r\n\r\n\r\n<li>15 I W godzinach nocnych wybuch\u0142 po\u017car w internacie Zespo\u0142u Szk\u00f3\u0142 Technicznych przy ul. S. Wyspia\u0144skiego 6. Hospitalizowano 3 uczni\u00f3w. Do ca\u0142kowitego zniszczenia budynku i wyposa\u017cenia nie dosz\u0142o dzi\u0119ki sprawnej akcji stra\u017cy po\u017carnej.<\/li>\r\n\r\n\r\n\r\n<li>19 I Pismem ok\u00f3lnym nr 2 zarz\u0105dcy komisarycznego WSK \u201ePZL-Mielec\u201d Stanis\u0142awa \u017bmudy wprowadzono regulamin zak\u0142adaj\u0105cy m.in. wypowiedzenie um\u00f3w o prac\u0119 3 300 pracownikom w terminach 1 II, 1 III i 1 IV 1993 r.<\/li>\r\n\r\n\r\n\r\n<li>21 I W WSK \u201ePZL-Mielec\u201d zatrudnionych by\u0142o oko\u0142o 11 tysi\u0119cy os\u00f3b.<\/li>\r\n\r\n\r\n\r\n<li>25 I W rezultacie kontroli Pa\u0144stwowej Agencji Radiokomunikacyjnej mieleckie Radio HIT FM zawiesi\u0142o nadawanie programu.<\/li>\r\n\r\n\r\n\r\n<li>28 I W Domu Dziennego Pobytu przy ul. A. Kocjana 15 utworzono Klub Seniora \u201ePogodna Jesie\u0144\u201d pod auspicjami Mieleckiej Sp\u00f3\u0142dzielni Mieszkaniowej.<\/li>\r\n\r\n\r\n\r\n<li>2-3 II W Mielcu podpisano umow\u0119 pomi\u0119dzy ambasadorem USA w Polsce Thomasem Simonsem i prezydentem miasta Mielca W\u0142adys\u0142awem Bienkiem, na mocy kt\u00f3rej rz\u0105d ameryka\u0144ski przyzna\u0142 Mielcowi grant w wysoko\u015bci 400 tysi\u0119cy dolar\u00f3w na opracowanie studium op\u0142acalno\u015bci zaopatrzenia miasta w energi\u0119 ciepln\u0105.<\/li>\r\n\r\n\r\n\r\n<li>4 II Na lotnisku w Rzeszowie wyl\u0105dowa\u0142 samolot Socata wyprodukowany przez francuskie zak\u0142ady lotnicze w Tarbes w kooperacji z WSK \u201ePZL-Mielec\u201d. Samolot zosta\u0142 zakupiony przez rzeszowski O\u015brodek Kszta\u0142cenia Lotniczego.<\/li>\r\n\r\n\r\n\r\n<li>5 II Nadzwyczajne Walne Zgromadzenie przyj\u0119\u0142o wniosek o postawienie Us\u0142ugowo-Wytw\u00f3rczej Sp\u00f3\u0142dzielni Pracy \u201ePrzysz\u0142o\u015b\u0107\u201d w stan likwidacji.<\/li>\r\n\r\n\r\n\r\n<li>24 II W przedsi\u0119biorstwach przemys\u0142u zbrojeniowego (tak\u017ce w Mielcu) w godz. 1000 \u2013 1200 odby\u0142 si\u0119 strajk ostrzegawczy. Pod\u0142o\u017cem protestu by\u0142o narastaj\u0105ce zaniepokojenie coraz gorsz\u0105 kondycj\u0105 przedsi\u0119biorstw i brakiem zdecydowanych dzia\u0142a\u0144 rz\u0105du.<\/li>\r\n\r\n\r\n\r\n<li>II Powsta\u0142a Agencja Ochrony Mienia i Os\u00f3b \u201eKobra\u201d Sp. z o.o.<\/li>\r\n\r\n\r\n\r\n<li>11 III Na zebraniu za\u0142o\u017cycielskim w Mieleckim O\u015brodku Kultury utworzono Mieleck\u0105 Izb\u0119 Gospodarcz\u0105 (MIG) \u2013 samorz\u0105d gospodarczy zrzeszaj\u0105cy podmioty gospodarcze z Mielca i rejonu mieleckiego.<\/li>\r\n\r\n\r\n\r\n<li>25 III Do Mielca przyby\u0142 minister przemys\u0142u Wac\u0142aw Niewiarowski. W Mieleckim O\u015brodku Kultury spotka\u0142 si\u0119 z by\u0142ym i nowym zarz\u0105dc\u0105 komisarycznym WSK \u2013 Stanis\u0142awem \u017bmud\u0105 i Wies\u0142awem Pastu\u0142\u0105 oraz przedstawicielami w\u0142adz wojew\u00f3dzkich i miejskich.<\/li>\r\n\r\n\r\n\r\n<li>30 III Powsta\u0142o Stowarzyszenie Rodzin Katolickich Diecezji Tarnowskiej.<\/li>\r\n\r\n\r\n\r\n<li>III W obiektach przy ul. T. Ko\u015bciuszki rozpocz\u0105\u0142 dzia\u0142alno\u015b\u0107 produkcyjn\u0105 Zak\u0142ad Konfekcyjny \u201eModentex\u201d Stanis\u0142aw Pad\u0142owski.<\/li>\r\n\r\n\r\n\r\n<li>1 IV W rezultacie restrukturyzacji WSK \u201ePZL-Mielec\u201d powsta\u0142y firmy MELEX Sp. z o.o. i Wytw\u00f3rnia Silnik\u00f3w \u201ePZL-Mielec\u201d Sp. z o.o.<\/li>\r\n\r\n\r\n\r\n<li>IV Utworzono Plac\u00f3wk\u0119 Terenow\u0105 Kasy Rolniczego Ubezpieczenia Spo\u0142ecznego (KRUS).<\/li>\r\n\r\n\r\n\r\n<li>1 V W niskim parterze Domu Kultury przy al. Niepodleg\u0142o\u015bci 7 otwarto restauracj\u0119 \u201eOdyseja 2000\u201d.<\/li>\r\n\r\n\r\n\r\n<li>3 V \u015awi\u0119to 3 Maja uczczono Msz\u0105 \u015bw. w ko\u015bciele \u015bw. Mateusza, pochodem ulicami miasta i z\u0142o\u017ceniem kwiat\u00f3w pod pomnikiem Wolno\u015bci. W nast\u0119pnych latach taki przebieg g\u0142\u00f3wnych uroczysto\u015bci sta\u0142 si\u0119 tradycj\u0105.<\/li>\r\n\r\n\r\n\r\n<li>V W 18 mieleckich szko\u0142ach (na 22 funkcjonuj\u0105ce) odby\u0142 si\u0119 jednodniowy strajk. Protestowano przeciwko niskiemu wynagrodzeniu i niew\u0142a\u015bciwym relacjom pomi\u0119dzy w\u0142adzami o\u015bwiatowymi a nauczycielami.<\/li>\r\n\r\n\r\n\r\n<li>VI Bracia Bikowie: Kazimierz, Zdzis\u0142aw i Stanis\u0142aw za\u0142o\u017cyli Przedsi\u0119biorstwo Wielobran\u017cowe BIBMOT specjalizuj\u0105ce si\u0119 w bran\u017cy motoryzacyjnej.<\/li>\r\n\r\n\r\n\r\n<li>1 VII Powsta\u0142o Galicyjskie Towarzystwo Informatyczne Sp. z o.o. w Mielcu (GTI), zajmuj\u0105ce si\u0119 projektowaniem i tworzeniem kompleksowych system\u00f3w informatycznych.<\/li>\r\n\r\n\r\n\r\n<li>1-4 VII Z inicjatywy Towarzystwa Gimnastycznego \u201eSok\u00f3\u0142\u201d Mielec zorganizowano Mi\u0119dzynarodowy Zlot Soko\u0142\u00f3w Polskich dla uczczenia 50. rocznicy tragicznej \u015bmierci gen. W\u0142adys\u0142awa Sikorskiego.<\/li>\r\n\r\n\r\n\r\n<li>23-24 VII W czasie lekkoatletycznych Mistrzostw Polski w Kielcach zawodnik \u201eStali\u201d Mielec Lech Kowalski zdoby\u0142 tytu\u0142 mistrza Polski w rzucie m\u0142otem wynikiem 72,16 m.<\/li>\r\n\r\n\r\n\r\n<li>26 VII Zmar\u0142 Miros\u0142aw Maci\u0105ga (l. 61) \u2013 nauczyciel, doktor nauk humanistycznych, badacz dziej\u00f3w ziemi mieleckiej i autor wielu publikacji na tematy regionalne, wsp\u00f3\u0142za\u0142o\u017cyciel Muzeum Regionalnego w Mielcu.<\/li>\r\n\r\n\r\n\r\n<li>27 VII Piloci Henryk Bronowicki i Tadeusz Franaszczuk wykonali pierwszy lot na samolocie PZL M28 Skytruck, wyprodukowanym w WSK \u201ePZL-Mielec\u201d.<\/li>\r\n\r\n\r\n\r\n<li>28 VIII W zamku w Przec\u0142awiu odby\u0142o si\u0119 spotkanie premier RP Hanny Suchockiej z samorz\u0105dowymi w\u0142adzami wojew\u00f3dztwa rzeszowskiego, miasta Mielca i gmin rejonu mieleckiego oraz biznesmenami z terenu Polski po\u0142udniowo-wschodniej. G\u0142\u00f3wnym tematem spotkania by\u0142a dyskusja nad mo\u017cliwo\u015bciami powstania i rozwoju specjalnej strefy ekonomicznej w Mielcu.<\/li>\r\n\r\n\r\n\r\n<li>4 IX Wesz\u0142o w \u017cycie rozporz\u0105dzenie Rady Ministr\u00f3w z 24 VIII, na mocy kt\u00f3rego miasto Mielec oraz gminy: Borowa, Czermin, Gaw\u0142uszowice, Mielec, Przec\u0142aw i Tusz\u00f3w Narodowy zaliczone zosta\u0142y do gmin zagro\u017conych szczeg\u00f3lnie wysokim bezrobociem strukturalnym. Decyzja ta wi\u0105za\u0142a si\u0119 z przyznaniem tym gminom pomocy finansowej.<\/li>\r\n\r\n\r\n\r\n<li>4 IX W Rzochowie odby\u0142a si\u0119 uroczysto\u015b\u0107 oddania do u\u017cytku i po\u015bwi\u0119cenia nowego budynku szkolnego przy ul. Wandy. W uroczysto\u015bci uczestniczyli m.in. biskup tarnowski dr J\u00f3zef \u017byci\u0144ski, kurator o\u015bwiaty w Rzeszowie Jan Stanisz i prezydent miasta Mielca W\u0142adys\u0142aw Bieniek.<\/li>\r\n\r\n\r\n\r\n<li>4 IX \u2013 17 X Na terenie Rzochowa w wyniku podpale\u0144 wybuch\u0142o kilka po\u017car\u00f3w, co wywo\u0142a\u0142o powszechn\u0105 psychoz\u0119 strachu. Utworzono stra\u017c obywatelsk\u0105 w celu obrony przed kolejnymi podpaleniami. Podpalaczem okaza\u0142 si\u0119 17-letni stra\u017cak z OSP, kt\u00f3ry by\u0142 jednym z pierwszych gasz\u0105cych po\u017car.<\/li>\r\n\r\n\r\n\r\n<li>6 IX Na I Mi\u0119dzynarodowym Salonie Przemys\u0142u Obronnego w Kielcach WSK \u201ePZL-Mielec\u201d zaprezentowa\u0142a samoloty: I-22 \u201eIryd\u0119\u201d, \u201eBryz\u0119\u201d i \u201eIskierk\u0119\u201d.<\/li>\r\n\r\n\r\n\r\n<li>11 IX Ods\u0142oni\u0119to i po\u015bwi\u0119cono pomnik Armii Krajowej na terenie obok cmentarza parafialnego przy ul. H. Sienkiewicza.<\/li>\r\n\r\n\r\n\r\n<li>11-12 IX Na mieleckim lotnisku odby\u0142 si\u0119 festyn lotniczy \u201eMielec\u201393\u201d.<\/li>\r\n\r\n\r\n\r\n<li>18 IX Na lotnisku Balice ko\u0142o Krakowa odby\u0142a si\u0119 uroczysto\u015b\u0107 przekazania przez WSK \u201ePZL-Mielec\u201d samolotu dyspozycyjnego PZL M-20 \u201eMewa\u201d Wojew\u00f3dzkiej Kolumnie Transportu Sanitarnego w Krakowie. Matk\u0105 chrzestn\u0105 samolotu zosta\u0142a znana aktorka Anna Dymna.<\/li>\r\n\r\n\r\n\r\n<li>28 IX Rada Miejska przyj\u0119\u0142a \u201eStudium uwarunkowa\u0144 i kierunk\u00f3w zagospodarowania przestrzennego miasta Mielca\u201d.<\/li>\r\n\r\n\r\n\r\n<li>IX Utworzono O\u015brodek Rehabilitacyjno-Edukacyjno-Wychowaczy z siedzib\u0105 w budynku MOPS przy ul. I. \u0141ukasiewicza.<\/li>\r\n\r\n\r\n\r\n<li>8 X W mieleckiej WSK uroczy\u015bcie przekazano ameryka\u0144skiej firmie Boeing Company pierwsze drzwi do pasa\u017cerskiego samolotu Boeing-757 wyprodukowane w WSK.<\/li>\r\n\r\n\r\n\r\n<li>2 XI Wybuch\u0142 po\u017car na strychu Szko\u0142y Podstawowej nr 2 przy ul. T. Ko\u015bciuszki. Zniszczeniu uleg\u0142a cz\u0119\u015b\u0107 dachu, ale reszta budynku ocala\u0142a.<\/li>\r\n\r\n\r\n\r\n<li>11 XI G\u0142\u00f3wnymi uroczysto\u015bciami z okazji Narodowego \u015awi\u0119ta Niepodleg\u0142o\u015bci by\u0142y: Msza \u015bw. w ko\u015bciele \u015bw. Mateusza, poch\u00f3d ulicami T. Ko\u015bciuszki i A. Mickiewicza oraz z\u0142o\u017cenie kwiat\u00f3w pod pomnikiem Wolno\u015bci. Te formy uczczenia \u015bwi\u0119ta, jako przyj\u0119ta tradycja, organizowane s\u0105 corocznie 11 XI.<\/li>\r\n\r\n\r\n\r\n<li>4 XII W Szkole Podstawowej nr 1 odby\u0142y si\u0119 uroczysto\u015bci z okazji 100-lecia dzia\u0142alno\u015bci tej szko\u0142y.<\/li>\r\n\r\n\r\n\r\n<li>8 XII Powsta\u0142o Stowarzyszenie Rycerstwo Niepokalanej przy Parafii Matki Bo\u017cej Nieustaj\u0105cej Pomocy.<\/li>\r\n\r\n\r\n\r\n<li>31 XII Stopa bezrobocia w subregionie mieleckim wynosi\u0142a 21,9 %. Mielec z rejonem by\u0142 zaliczany do rejon\u00f3w strukturalnego bezrobocia.<\/li>\r\n<\/ul>\r\n\r\n\r\n\r\n<p><strong>Ponadto w 1993 r.<\/strong>:<\/p>\r\n\r\n\r\n\r\n<ul class=\"wp-block-list\">\r\n<li>W mi\u0119dzypa\u0144stwowym tr\u00f3jmeczu lekkoatletycznym Czechy-W\u0119gry-Polska w Pradze reprezentuj\u0105cy Polsk\u0119 zawodnik \u201eStali\u201d Mielec Lech Kowalski zwyci\u0119\u017cy\u0142 w rzucie m\u0142otem (73,60 m).<\/li>\r\n\r\n\r\n\r\n<li>Zmar\u0142 Mieczys\u0142aw Gronek (l. 72) \u2013 dyrektor WSK Mielec w latach 1953-1962, inicjator wielu przedsi\u0119wzi\u0119\u0107 wa\u017cnych dla rozwoju WSK i miasta Mielca.<\/li>\r\n\r\n\r\n\r\n<li>Mielczanin Aleksander Kope\u0107 zosta\u0142 wybrany na prezesa Zarz\u0105du Wojew\u00f3dzkiego Porozumienia Centrum w Rzeszowie i pe\u0142ni\u0142 t\u0119 funkcj\u0119 do 1999 r.<\/li>\r\n\r\n\r\n\r\n<li>W wyborach parlamentarnych na pos\u0142a na Sejm RP wybrany zosta\u0142 mielczanin Zbigniew M\u0105czka z listy Unii Demokratycznej.<\/li>\r\n\r\n\r\n\r\n<li>Wydano pierwszy Oficjalny Informator Miejski \u201eMielec\u201d \u2013 kolorowy folder promocyjno-informacyjny.<\/li>\r\n<\/ul>\r\n\r\n\r\n\r\n<p><br \/><strong>1994<\/strong><\/p>\r\n\r\n\r\n\r\n<ul class=\"wp-block-list\">\r\n<li>1 I Sponsorem ekstraklasowej dru\u017cyny pi\u0142ki no\u017cnej FKS \u201eStal\u201d zosta\u0142a niemiecka firma BMA z Norymbergi. Utworzono Autonomiczn\u0105 Sekcj\u0119 Pi\u0142ki No\u017cnej, a jej prezesem zosta\u0142 Thomas Merkel \u2013 w\u0142a\u015bciciel firmy BMA.<\/li>\r\n\r\n\r\n\r\n<li>26 II Zmar\u0142 Zdzis\u0142aw Dziedzic (l. 57) &#8211; dzia\u0142acz spo\u0142eczno-polityczny, naczelnik miasta Mielca (22 XII 1973 \u2013 30 VI 1975), d\u0142ugoletni kierownik Wydzia\u0142u Gospodarki Komunalnej i Mieszkaniowej Urz\u0119du Miejskiego w Mielcu.<\/li>\r\n\r\n\r\n\r\n<li>2 III Rada Miejska wyrazi\u0142a zgod\u0119 na likwidacj\u0119 Pa\u0144stwowego O\u015brodka Maszynowego w osiedlu Wojs\u0142aw.<\/li>\r\n\r\n\r\n\r\n<li>5 III W ustawie bud\u017cetowej Sejm zapisa\u0142 300 mld z\u0142 na zakup samolot\u00f3w Iryda w WSK \u201ePZL-Mielec\u201d.<\/li>\r\n\r\n\r\n\r\n<li>24 III Senat skre\u015bli\u0142 zapis w ustawie bud\u017cetowej zobowi\u0105zuj\u0105cy MON do przeznaczenia 300 mld na zakup samolot\u00f3w Iryda z WSK \u201ePZL-Mielec\u201d.<\/li>\r\n\r\n\r\n\r\n<li>27 III Sejm odrzuci\u0142 senack\u0105 poprawk\u0119 do bud\u017cetu w sprawie 300 mld zl na zakup samolot\u00f3w Iryda z Mielca.<\/li>\r\n\r\n\r\n\r\n<li>III Zesp\u00f3\u0142 ekspert\u00f3w pod przewodnictwem prof. Tadeusza So\u0142tyka, powo\u0142any przez przewodnicz\u0105cego Sejmowej Komisji Obrony Narodowej, stwierdzi\u0142 m.in.\u201d&#8230;Program Irydy nie ma realnej alternatywy w okresie najbli\u017cszych 10 lat&#8230;Oficjalne wypowiedzi w \u015brodkach masowego przekazu o rzekomej nieprzydatno\u015bci samolotu Iryda oceni\u0107 nale\u017cy ca\u0142kowicie negatywnie&#8230;\u201d<\/li>\r\n\r\n\r\n\r\n<li>1 IV Zak\u0142ad Pogrzebowy MPGK przekszta\u0142cono w firm\u0119 prywatn\u0105.<\/li>\r\n\r\n\r\n\r\n<li>4 IV Zmar\u0142 Henryk Momot (l. 66) \u2013 magister sztuki, kierownik Wydzia\u0142u Kultury PPRN, dyrektor Powiatowej i Miejskiej Biblioteki Publicznej, a nast\u0119pnie dyrektor Muzeum Regionalnego, tw\u00f3rca wielu obraz\u00f3w oraz autor publikacji na temat historii Mielca.<\/li>\r\n\r\n\r\n\r\n<li>IV Z inicjatywy Kazimierza Kr\u00f3likowskiego i gmin rejonu mieleckiego powsta\u0142a Fundacja Mi\u0119dzynarodowe Centrum Kszta\u0142cenia i Rozwoju Gospodarczego (FMCKiRG) w Mielcu.<\/li>\r\n\r\n\r\n\r\n<li>IV Rozpocz\u0119\u0142o dzia\u0142alno\u015b\u0107 Przedsi\u0119biorstwo Instalacji Sanitarnych EMPIS Sp. z o.o., specjalizuj\u0105ce si\u0119 w projektowaniu i wykonawstwie instalacji r\u00f3\u017cnego typu.<\/li>\r\n\r\n\r\n\r\n<li>2 V Siatkarki FKS \u201eStal\u201d zdoby\u0142y 3. miejsce w ekstraklasie i br\u0105zowe medale Mistrzostw Polski w sezonie 1993\/1994.<\/li>\r\n\r\n\r\n\r\n<li>26 V W Urz\u0119dzie Wojew\u00f3dzkim w Rzeszowie zarejestrowano pierwszy w Mielcu Uczniowski Klub Sportowy &#8211; \u201eOrlik\u201d przy Szkole Podstawowej nr 8.<\/li>\r\n\r\n\r\n\r\n<li>28 V \u2013 5 VI Na Mi\u0119dzynarodowej Wystawie Techniki Lotniczej i Astronautycznej ILA\u201994 w Berlinie zaprezentowa\u0142y si\u0119 polskie zak\u0142ady lotnicze, m.in. WSK \u201ePZL-Mielec\u201d.<\/li>\r\n\r\n\r\n\r\n<li>Wiosna Z inicjatywy proboszcza parafii Ducha \u015awi\u0119tego, ks. W\u0142adys\u0142awa Marcinowskiego, w budynku parafialnym utworzono Katolicki O\u015brodek Kultury.<\/li>\r\n\r\n\r\n\r\n<li>V Otwarto zb\u00f3r Ko\u015bcio\u0142a Zielono\u015bwi\u0105tkowego przy ul. M. Reja 1.<\/li>\r\n\r\n\r\n\r\n<li>24-26 VI Na Mistrzostwach Polski w Lekkoatletyce w Pile reprezentuj\u0105cy Mielec Lech Kowalski (FKS \u201eStal\u201d) zdoby\u0142 tytu\u0142 mistrza Polski w rzucie m\u0142otem.<\/li>\r\n\r\n\r\n\r\n<li>30 VI W Ministerstwie Przemys\u0142u i Handlu podpisano akt przekszta\u0142cenia WSK \u201ePZL-Mielec\u201d w jednoosobow\u0105 sp\u00f3\u0142k\u0119 Skarbu Pa\u0144stwa. Funkcjonowanie w nowej formule organizacyjnej rozpocz\u0119to od 1 VII. Pierwszym prezesem zarz\u0105du zosta\u0142 Wies\u0142aw Pastu\u0142a \u2013 dotychczasowy zarz\u0105dca komisaryczny WSK \u201ePZL-Mielec\u201d.<\/li>\r\n\r\n\r\n\r\n<li>6 VII W czasie pierwszej sesji Rada Miejska wybra\u0142a na przewodnicz\u0105cego Andrzeja Osnowskiego.<\/li>\r\n\r\n\r\n\r\n<li>8 VII Rada Miejska wybra\u0142a na prezydenta miasta Janusza Chodorowskiego.<\/li>\r\n\r\n\r\n\r\n<li>21 VII W Caracas (Wenezuela) zaprezentowano samolot Skytruck wyprodukowany w WSK \u201ePZL-Mielec\u201d.<\/li>\r\n\r\n\r\n\r\n<li>27 VII Rada Miejska podj\u0119\u0142a uchwa\u0142\u0119 o utworzeniu Warsztatu Terapii Zaj\u0119ciowej w budynku przy ul. A. Kocjana 15.<\/li>\r\n\r\n\r\n\r\n<li>31 VII W ko\u015bciele \u015bw. Mateusza i na placu OSP przy ul. J. Kili\u0144skiego odby\u0142y si\u0119 uroczysto\u015bci 125-lecia dzia\u0142alno\u015bci Ochotniczej Stra\u017cy Po\u017carnej w Mielcu.<\/li>\r\n\r\n\r\n\r\n<li>17-25 VIII W XII Pieszej Pielgrzymce Tarnowskiej na Jasn\u0105 G\u00f3r\u0119 uczestniczy\u0142o ponad 1000 mieszka\u0144c\u00f3w Mielca.<\/li>\r\n\r\n\r\n\r\n<li>30 VIII W budynku przy ul. E. Biernackiego 2a otwarto Oddzia\u0142 Opieki Paliatywno-Hospicyjnej.<\/li>\r\n\r\n\r\n\r\n<li>1 IX Rozpocz\u0105\u0142 funkcjonowanie Zesp\u00f3\u0142 Szk\u00f3\u0142 Medycznych w budynku Liceum Medycznego przy ul. T. Ko\u015bciuszki 7.<\/li>\r\n\r\n\r\n\r\n<li>10 IX Z inicjatywy mieleckiego Ko\u0142a \u015awiatowego Zwi\u0105zku AK w ko\u015bciele \u015bw. Mateusza odby\u0142y si\u0119 uroczysto\u015bci ods\u0142oni\u0119cia i po\u015bwi\u0119cenia tablicy pami\u0105tkowej ku czci pomordowanych na Polskich Ziemiach Wschodnich w latach 1939-1945.<\/li>\r\n\r\n\r\n\r\n<li>11 IX W czasie II Mi\u0119dzynarodowego Salonu Przemys\u0142u Obronnego \u201eKielce-94\u201d WSK \u201ePZL-Mielec\u201d zaprezentowa\u0142a szereg wyrob\u00f3w, a w\u015br\u00f3d nich samoloty An-28, Iskierka i Iryda.<\/li>\r\n\r\n\r\n\r\n<li>11 IX W Salonie Lotniczym w Farnborough (Wielka Brytania) WSK \u201ePZL-Mielec\u201d zaprezentowa\u0142a samolot Iryd\u0119.<\/li>\r\n\r\n\r\n\r\n<li>12-18 IX ZPiT \u201eRzeszowiacy\u201d koncertowa\u0142 w p\u00f3\u0142nocnych W\u0142oszech.<\/li>\r\n\r\n\r\n\r\n<li>23 IX W Mielcu przebywa\u0142 z wizyt\u0105 minister pracy Leszek Miller.<\/li>\r\n\r\n\r\n\r\n<li>24-29 IX W ramach programu \u201eOuverture\u201d (kontakty partnerskie miast) delegacja Mielca przebywa\u0142a w Shannon (Irlandia), gdzie funkcjonuje specjalna strefa ekonomiczna.<\/li>\r\n\r\n\r\n\r\n<li>27 IX Otwarto Prywatn\u0105 Szko\u0142\u0119 Menad\u017cer\u00f3w z zaj\u0119ciami w budynku Zespo\u0142u Szk\u00f3\u0142 Technicznych przy ul. Kazimierza Jagiello\u0144czyka.<\/li>\r\n\r\n\r\n\r\n<li>29 IX \u2013 1 X W hali sportowo-widowiskowej FKS \u201eStal\u201d odby\u0142 si\u0119 VI Krajowy Zjazd Delegat\u00f3w NSZZ \u201eSolidarno\u015b\u0107\u201d. Go\u015bciem Zjazdu by\u0142 prezydent RP Lech Wa\u0142\u0119sa.<\/li>\r\n\r\n\r\n\r\n<li>30 IX \u2013 1 X W ramach restrukturyzacji WSK \u201ePZL-Mielec\u201d powsta\u0142y dwie sp\u00f3\u0142ki z o.o. Wytw\u00f3rnia Zespo\u0142\u00f3w Kooperacyjnych \u201ePZL-Mielec\u201d i Zak\u0142ad Przetw\u00f3rstwa Tworzyw Sztucznych \u201ePZL-Mielec\u201d.<\/li>\r\n\r\n\r\n\r\n<li>6-7 X W Mielcu odby\u0142 si\u0119 Og\u00f3lnopolski Zjazd Agencji i Fundacji Rozwoju Regionalnego. Uczestniczyli przedstawiciele 50 agencji.<\/li>\r\n\r\n\r\n\r\n<li>12 X W mi\u0119dzypa\u0144stwowym eliminacyjnym meczu pi\u0142ki no\u017cnej do Mistrzostw Europy-96, rozegranym na stadionie FKS \u201eStal\u201d, Polska pokona\u0142a Azerbejd\u017can 1 : 0 (1 : 0).<\/li>\r\n\r\n\r\n\r\n<li>23 X W hali sportowo-widowiskowej odby\u0142 si\u0119 turniej par tanecznych w ramach I Mi\u0119dzynarodowego Festiwalu Ta\u0144ca Towarzyskiego \u201eLeliwa-94\u201d.<\/li>\r\n\r\n\r\n\r\n<li>26 X Rada Miejska podj\u0119\u0142a uchwa\u0142\u0119 o utworzeniu Miejskiego Zarz\u0105du Przedszkoli i \u017b\u0142obk\u00f3w.<\/li>\r\n\r\n\r\n\r\n<li>27 X W budynku po zlikwidowanym \u017c\u0142obku przy ul. A. Kocjana 15 rozpocz\u0105\u0142 funkcjonowanie Warsztat Terapii Zaj\u0119ciowej dla dzieci i m\u0142odzie\u017cy niepe\u0142nosprawnych umys\u0142owo.<\/li>\r\n\r\n\r\n\r\n<li>1-30 XI W Galerii MOK (by\u0142ego RCK) eksponowano wystaw\u0119 \u201eArcydzie\u0142a malarstwa polskiego ze zbior\u00f3w mielczan\u201d.<\/li>\r\n\r\n\r\n\r\n<li>9 XI Rada Miejska zatwierdzi\u0142a nowy miejscowy plan og\u00f3lny zagospodarowania przestrzennego miasta Mielca.<\/li>\r\n\r\n\r\n\r\n<li>10 XI W Zespole Szk\u00f3\u0142 Zawodowych im. prof. J. Groszkowskiego uroczy\u015bcie ods\u0142oni\u0119to odtworzony medalion marsza\u0142ka J\u00f3zefa Pi\u0142sudskiego. (Medalion z 1932 r. zosta\u0142 zdj\u0119ty i zniszczony w latach 40.)<\/li>\r\n\r\n\r\n\r\n<li>10-20 XI W ramach obchod\u00f3w \u015awi\u0119ta Niepodleg\u0142o\u015bci i \u201eDni Mielca-94\u201d zorganizowano ponad 50 imprez kulturalnych, o\u015bwiatowych i sportowych.<\/li>\r\n\r\n\r\n\r\n<li>12-20 XI W ko\u015bcio\u0142ach Matki Bo\u017cej Nieustaj\u0105cej Pomocy i \u015bw. Mateusza odby\u0142 si\u0119 X Tydzie\u0144 Kultury Katolickiej pod has\u0142em \u201eRodzina Ko\u015bcio\u0142em Domowym i Fundamentem Ojczyzny\u201d.<\/li>\r\n\r\n\r\n\r\n<li>21 XI Trybuna\u0142 Konstytucyjny uzna\u0142 skarg\u0119 prezydenta Lecha Wa\u0142\u0119sy na bud\u017cet pa\u0144stwa w cz\u0119\u015bci dotycz\u0105cej zapisu o zakupach krajowego sprz\u0119tu, w tym 300 mld na zakup samolot\u00f3w Iryda z mieleckiej WSK, orzekaj\u0105c, \u017ce \u201eSejm nie mia\u0142 prawa nakaza\u0107 wojsku kupna samolot\u00f3w Iryda\u201d.<\/li>\r\n\r\n\r\n\r\n<li>24-26 XI Radio Hit-FM Sp. z o.o. oficjalnie rozpocz\u0119\u0142o emitowanie programu. Siedzib\u0105 redakcji by\u0142y pomieszczenia pod trybunami od strony ul. L. Solskiego.<\/li>\r\n\r\n\r\n\r\n<li>29 XI \u2013 4 XII W ramach programu \u201eOuverture\u201d delegacja Mielca uczestniczy\u0142a w spotkaniu miast partnerskich w Casale Monferrato (W\u0142ochy).<\/li>\r\n\r\n\r\n\r\n<li>1 XII W ramach restrukturyzacji WSK \u201ePZL-Mielec\u201d powsta\u0142 Zak\u0142ad Pomocy Fabrykacyjnych Sp. z o.o.<\/li>\r\n\r\n\r\n\r\n<li>2 XII Mielecka firma R&amp;G zosta\u0142a laureatem konkursu \u201eZ\u0142ota pi\u0119tnastka firm polskich-1994\u201d.<\/li>\r\n\r\n\r\n\r\n<li>19 XII W willi przy ul. T. Ko\u015bciuszki 30 otwarto Lokalny Dom Pomocy Spo\u0142ecznej \u2013 stacjonarn\u0105 plac\u00f3wk\u0119 pomocy spo\u0142ecznej.<\/li>\r\n\r\n\r\n\r\n<li>19 XII Uruchomiono Stacj\u0119 Uzdatniania Wody z zastosowaniem ozonowania, co zdecydowanie poprawi\u0142o jako\u015b\u0107 wody w sieci miejskiej.<\/li>\r\n\r\n\r\n\r\n<li>28 XII Rada Miejska wyrazi\u0142a zgod\u0119 na utworzenie na terenie miasta Mielca Specjalnej Strefy Ekonomicznej.<\/li>\r\n<\/ul>\r\n\r\n\r\n\r\n<p><strong>Ponadto w 1994 r.<\/strong>:<\/p>\r\n\r\n\r\n\r\n<ul class=\"wp-block-list\">\r\n<li>WSK \u201ePZL-Mielec\u201d zorganizowa\u0142a wielk\u0105 akcj\u0119 promocyjn\u0105 SKYTRUCK DEMO TOUR, w ramach kt\u00f3rej piloci Henryk Bronowicki i Tadeusz Franaszczuk demonstrowali mielecki samolot Skytruck na oko\u0142o 1000 lotniskach w 23 pa\u0144stwach obu Ameryk. Pokonano w\u00f3wczas tras\u0119 o \u0142\u0105cznej d\u0142ugo\u015bci 56 000 km.<\/li>\r\n\r\n\r\n\r\n<li>W mieleckim szpitalu utworzono Oddzia\u0142 Anestezjologii i Intensywnej Terapii.<\/li>\r\n\r\n\r\n\r\n<li>Powsta\u0142a Agencja Restrukturyzacji i Modernizacji Rolnictwa.<\/li>\r\n\r\n\r\n\r\n<li>Zako\u0144czy\u0142 dzia\u0142alno\u015b\u0107 OBR WSK.<\/li>\r\n\r\n\r\n\r\n<li>Powsta\u0142o Ko\u0142o Unii Wolno\u015bci.<\/li>\r\n\r\n\r\n\r\n<li>Powsta\u0142a firma TERMINAL \u2013 MIELEC Sp. z o.o., prowadz\u0105ca sprawy celne.<\/li>\r\n\r\n\r\n\r\n<li>Katarzyna R\u017cany zosta\u0142a wybrana Miss Mielca 1994 w czasie imprezy w kinie \u201eBajka\u201d.<\/li>\r\n\r\n\r\n\r\n<li>Rozebrano budynek by\u0142ego Domu Robotniczego przy ul. Wolno\u015bci.<\/li>\r\n\r\n\r\n\r\n<li>Rada Miejska zmieni\u0142a nazw\u0119 ulicy Gwardii Ludowej na Partyzant\u00f3w.<\/li>\r\n\r\n\r\n\r\n<li>Ukaza\u0142 si\u0119 pierwszy numer pisma \u201eFara Mielecka\u201d, wydawanego przez parafi\u0119 \u015bw. Mateusza.<\/li>\r\n\r\n\r\n\r\n<li>Wydano pierwszy numer pisma \u201eTrinitas\u201d parafii Tr\u00f3jcy Przenaj\u015bwi\u0119tszej w Mielcu.<\/li>\r\n\r\n\r\n\r\n<li>Na bazie zlikwidowanego Pa\u0144stwowego Gospodarstwa Ogrodniczego (PGO) powsta\u0142a firma Gospodarstwo Ogrodnicze \u201eSOBO\u201d S.C.<\/li>\r\n\r\n\r\n\r\n<li>Janusz Kowalski uruchomi\u0142 Zak\u0142ad Produkcji Odzie\u017cy Sk\u00f3rzanej \u201eGracja\u201d przy ul. J. Kili\u0144skiego.<\/li>\r\n\r\n\r\n\r\n<li>W czasie Mistrzostw Europy w Karate Fudokan w Pradze reprezentantki Polski: Edyta Sk\u00f3ra, El\u017cbieta Pawe\u0142ek i Agnieszka Mr\u00f3z (MKK \u201eKaminari\u201d Mielec) zdoby\u0142y srebrne medale w kata dru\u017cynowym.<\/li>\r\n\r\n\r\n\r\n<li>W Mistrzostwach Europy w Karate Tradycyjnym w Passau reprezentuj\u0105ce Polsk\u0119 zawodniczki MKK \u201eKaminari\u201d Mielec: Edyta Sk\u00f3ra, El\u017cbieta Pawe\u0142ek i Agnieszka Mr\u00f3z zdoby\u0142y br\u0105zowe medale w kata dru\u017cynowym.<\/li>\r\n\r\n\r\n\r\n<li>Wydano III tom monografii \u201eMielec. Studia i materia\u0142y z dziej\u00f3w miasta i regionu\u201d pod redakcj\u0105 prof. Feliksa Kiryka.<\/li>\r\n<\/ul>\r\n\r\n\r\n\r\n<p><strong><br \/>1995<\/strong><\/p>\r\n\r\n\r\n\r\n<ul class=\"wp-block-list\">\r\n<li>2 I Otwarto pierwszy sklep w nowo wybudowanym Centrum Handlowo-Us\u0142ugowym \u201ePasa\u017c\u201d.<\/li>\r\n\r\n\r\n\r\n<li>8 I M\u0142odzi organizatorzy \u201eWielkiej Orkiestry \u015awi\u0105tecznej Pomocy\u201d w Mielcu zebrali blisko 130 mln z\u0142 (starych), przedmioty ze z\u0142ota i srebra i kilka milion\u00f3w w walucie obcej. Celem WO\u015aP-95 by\u0142a pomoc dzieciom z chorobami nowotworowymi.<\/li>\r\n\r\n\r\n\r\n<li>25-27 I Delegacja Mielca przebywa\u0142a w partnerskim mie\u015bcie Mukaczewie (Ukraina) i omawia\u0142a z gospodarzami mo\u017cliwo\u015bci wsp\u00f3\u0142pracy gospodarczej.<\/li>\r\n\r\n\r\n\r\n<li>26-29 I Pojazdy Melex eksponowano na mi\u0119dzynarodowej wystawie w Zurichu (Szwajcaria).<\/li>\r\n\r\n\r\n\r\n<li>8-12 II W ramach programu \u201eOuverture\u201d go\u015bci\u0142y w Mielcu delegacje zaprzyja\u017anionych z Mielcem miast Casale Monferrato (W\u0142ochy) i Shannon (Irlandia).<\/li>\r\n\r\n\r\n\r\n<li>15 II 1995 Rozpocz\u0119\u0142a dzia\u0142alno\u015b\u0107 Mielecka Szko\u0142a Biznesu \u2013 Policealne Studium Zawodowe dla Doros\u0142ych.<\/li>\r\n\r\n\r\n\r\n<li>28 II \u2013 1 III W ramach restrukturyzacji WSK \u201ePZL-Mielec\u201d utworzono kolejne sp\u00f3\u0142ki z o.o.: Zak\u0142ad Lotniczy \u201ePZL-Mielec\u201d, Zak\u0142ad Utrzymania Ruchu \u201ePZL-Mielec\u201d i Przedsi\u0119biorstwo Telekomunikacyjne \u201eCentrala\u201d.<\/li>\r\n\r\n\r\n\r\n<li>15-31 III Pojazdy Melex z WSK \u201ePZL-Mielec\u201d zaprezentowano na targach w Kairze (Egipt).<\/li>\r\n\r\n\r\n\r\n<li>18 III W hali sportowo-widowiskowej koncertowa\u0142 zesp\u00f3\u0142 \u201eLady Pank\u201d.<\/li>\r\n\r\n\r\n\r\n<li>26 III W czasie wizytacji kanonicznej w parafii \u015bw. Mateusza biskup tarnowski J\u00f3zef \u017byci\u0144ski po\u015bwi\u0119ci\u0142 Lokalny Dom Pomocy Spo\u0142ecznej.<\/li>\r\n\r\n\r\n\r\n<li>29 III WSK \u201ePZL-Mielec\u201d przekaza\u0142a wojsku 3 samoloty Iryda.<\/li>\r\n\r\n\r\n\r\n<li>III Powsta\u0142o Polsko-Korea\u0144skie Przedsi\u0119biorstwo Produkcyjno-Handlowe \u201eJoongpol\u201d sp. z o.o.<\/li>\r\n\r\n\r\n\r\n<li>Wielkanoc Ukaza\u0142 si\u0119 pierwszy numer gazety parafii Ducha \u015awi\u0119tego \u201eSpod Znaku Ducha \u015awi\u0119tego\u201d.<\/li>\r\n\r\n\r\n\r\n<li>2 IV W sali widowiskowej Mieleckiego Domu Kultury wyst\u0105pi\u0142 z recitalem Czes\u0142aw Niemen.<\/li>\r\n\r\n\r\n\r\n<li>4-10 IV WSK \u201ePZL-Mielec\u201d zaprezentowa\u0142a na Mi\u0119dzynarodowych Targach w Friedrichshafen (Niemcy) samoloty M-28 i M-20 Mewa.<\/li>\r\n\r\n\r\n\r\n<li>7 IV W filii \u201eJadern\u00f3wka\u201d Muzeum Regionalnego otwarto wystaw\u0119 \u201eKaty\u0144 1940\u201d po\u015bwi\u0119con\u0105 mieleckim ofiarom zbrodni katy\u0144skiej NKWD.<\/li>\r\n\r\n\r\n\r\n<li>14 IV Przedsi\u0119biorstwo Telekomunikacyjne \u201eCentrala\u201d rozpocz\u0119\u0142o instalowanie telefon\u00f3w na terenie osiedla W. Szafera.<\/li>\r\n\r\n\r\n\r\n<li>29 IV W ramach restrukturyzacji WSK \u201ePZL-Mielec\u201d utworzono Zak\u0142ad Zaopatrzeniowo-Magazynowy \u201ePZL-Mielec\u201d Sp. z o.o.<\/li>\r\n\r\n\r\n\r\n<li>13 V Na placu apelowym Szko\u0142y Podstawowej nr 3 uroczy\u015bcie ods\u0142oni\u0119to tablic\u0119 pami\u0105tkow\u0105 \u201e\u017bo\u0142nierzom Ziemi Mieleckiej poleg\u0142ym za Ojczyzn\u0119\u201d.<\/li>\r\n\r\n\r\n\r\n<li>15 V W Mielcu i Przec\u0142awiu przebywa\u0142 z wizyt\u0105 ambasador USA w Polsce Nicolas Rey.<\/li>\r\n\r\n\r\n\r\n<li>19 V \u2013 4 VI W czasie \u201eDni M\u0142odo\u015bci-95\u201d zorganizowano na terenie Mielca ponad 60 imprez artystycznych i sportowych.<\/li>\r\n\r\n\r\n\r\n<li>21 V W kinie \u201eBajka\u201d odby\u0142y si\u0119 wybory Miss Mielca 1995, kt\u00f3r\u0105 zosta\u0142a Anna Ratusi\u0144ska.<\/li>\r\n\r\n\r\n\r\n<li>27 V W Mi\u0119dzyzak\u0142adowej Przychodni Medycyny Pracy przy WSK \u201ePZL-Mielec\u201d otwarto pracowni\u0119 mammograficzn\u0105. Mammograf zosta\u0142 zakupiony ze \u015brodk\u00f3w finansowych pozyskanych przez Fundacj\u0119 \u201eS.O.S. \u2013 \u017bycie\u201d.<\/li>\r\n\r\n\r\n\r\n<li>31 V Niepubliczna Szko\u0142a Biznesu Policealne Studium Zawodowe w Mielcu zosta\u0142a wpisana do rejestru Kuratorium O\u015bwiaty w Rzeszowie, co by\u0142o formaln\u0105 podstaw\u0105 do rozpocz\u0119cia dzia\u0142alno\u015bci edukacyjnej.<\/li>\r\n\r\n\r\n\r\n<li>V W fina\u0142owym meczu Pucharu Polski, rozegranym w mieleckiej hali sportowo-widowiskowej, Petrochemia P\u0142ock pokona\u0142a Iskr\u0119 Ceresit Kielce 31 : 29 (14 : 17).<\/li>\r\n\r\n\r\n\r\n<li>18-23 VI W 67 Mi\u0119dzynarodowych Targach Pozna\u0144skich eksponowano wyroby sp\u00f3\u0142ek \u201ePZL-Mielec\u201d i kilku innych firm z Mielca i regionu.<\/li>\r\n\r\n\r\n\r\n<li>20 VI W czasie \u015awiatowego Kongresu Polonii Medycznej dr Teodor Ciencia\u0142a, lekarz zas\u0142u\u017cony dla Mielca i regionu, otrzyma\u0142 presti\u017cowy Medal Kapitu\u0142y \u201eGloria Medicinae\u201d.<\/li>\r\n\r\n\r\n\r\n<li>30 VI W ramach restrukturyzacji WSK \u201ePZL-Mielec\u201d utworzono dwie kolejne sp\u00f3\u0142ki z o.o. \u2013 Przedsi\u0119biorstwo \u201ePolgraf\u201d \u201ePZL-Mielec\u201d i Zak\u0142ad Transportu \u201ePZL-Mielec\u201d.<\/li>\r\n\r\n\r\n\r\n<li>3 VII Zmar\u0142 Tadeusz Grzybowski (l. 84) \u2013 d\u0142ugoletni pracownik WSK Mielec, wybitny konstruktor, autor szeregu wynalazk\u00f3w.<\/li>\r\n\r\n\r\n\r\n<li>8 VII W czasie XXIV Mi\u0119dzynarodowej Olimpiady Biologicznej w Bangkoku (Tajlandia) reprezentuj\u0105cy Polsk\u0119 ucze\u0144 I LO im. S. Konarskiego w Mielcu Marcin Kaczor zdoby\u0142 srebrny medal.<\/li>\r\n\r\n\r\n\r\n<li>VII Zawodnik FKS \u201eStal\u201d Lech Kowalski zdoby\u0142 sz\u00f3sty tytu\u0142 mistrza Polski w rzucie m\u0142otem w czasie Mistrzostw Polski w Lekkoatletyce w Warszawie.<\/li>\r\n\r\n\r\n\r\n<li>13 VII Zmar\u0142a Maria Kostecka (l. 87) \u2013 nauczycielka, d\u0142ugoletni pracownik WSK Mielec, cz\u0142onek kolegium redakcyjnego \u201eG\u0142osu Za\u0142ogi\u201d, d\u0142ugoletnia wyr\u00f3\u017cniaj\u0105ca si\u0119 aktorka teatru ZDK i p\u00f3\u017aniej RCK WSK Mielec.<\/li>\r\n\r\n\r\n\r\n<li>22 VII W czasie mi\u0119dzynarodowych pokaz\u00f3w lotniczych w Faisford (Wielka Brytania) ekipa polska zaprezentowa\u0142a si\u0119 na samolotach PZL TS-11 Iskra wyprodukowanych przez WSK \u201ePZL-Mielec\u201d.<\/li>\r\n\r\n\r\n\r\n<li>26-28 VII W Mielcu aresztowano 5 os\u00f3b podejrzanych o przemyt narkotyk\u00f3w.<\/li>\r\n\r\n\r\n\r\n<li>VII &#8211; VIII W ko\u015bciele Matki Bo\u017cej Nieustaj\u0105cej Pomocy odby\u0142 si\u0119 cykl koncert\u00f3w organowych w wykonaniu uczestnik\u00f3w Mi\u0119dzynarodowego Festiwalu Muzyki Organowej i Kameralnej w Le\u017cajsku.<\/li>\r\n\r\n\r\n\r\n<li>1 VIII W ramach restrukturyzacji WSK \u201ePZL \u2013 Mielec\u201c powsta\u0142a nowa sp\u00f3\u0142ka z o.o. \u2013 O\u015brodek Wczasowo-Rekreacyjny \u201eRzemie\u0144\u201d.<\/li>\r\n\r\n\r\n\r\n<li>17 VIII W czasie pokaz\u00f3w promocyjnych w USA rozbi\u0142 si\u0119 samolot M-26 Iskierka wyprodukowany w Zak\u0142adach Lotniczych \u201ePZL-Mielec\u201d.<\/li>\r\n\r\n\r\n\r\n<li>18-20 VIII W Mi\u0119dzynarodowym Turnieju Pi\u0142ki Siatkowej Kobiet im. Z. Krzy\u017canowskiego, przeprowadzonym w mieleckiej hali sportowo-widowiskowej, zwyci\u0119\u017cy\u0142a reprezentacja Czech przed Polsk\u0105, Ukrain\u0105 i Holandi\u0105.<\/li>\r\n\r\n\r\n\r\n<li>29 VIII W Zak\u0142adzie Lotniczym \u201ePZL-Mielec\u201d Sp. z o.o. odby\u0142 si\u0119 jednodniowy strajk. Po negocjacjach, korzystnych dla strajkuj\u0105cych zw\u0142aszcza w sferze ekonomicznej, strajk zako\u0144czono.<\/li>\r\n\r\n\r\n\r\n<li>29 VIII Rada Ministr\u00f3w podj\u0119\u0142a decyzj\u0119 o utworzeniu Specjalnej Strefy Ekonomicznej w Mielcu.<\/li>\r\n\r\n\r\n\r\n<li>1 IX Kolejnym punktem restrukturyzacji WSK \u201ePZL-Mielec\u201d by\u0142o utworzenie Centrum Us\u0142ug Socjalno-Bytowych i Turystycznych \u201ePZL-Mielec\u201d Sp. z o.o.<\/li>\r\n\r\n\r\n\r\n<li>1 IX W ramach Zespo\u0142u Szk\u00f3\u0142 Technicznych rozpocz\u0119\u0142o dzia\u0142alno\u015b\u0107 Liceum Techniczne.<\/li>\r\n\r\n\r\n\r\n<li>4 IX Utworzono w Mielcu Oddzia\u0142 Agencji Rozwoju Przemys\u0142u w Warszawie S.A., zarz\u0105dzaj\u0105cy pierwsz\u0105 w Polsce Specjaln\u0105 Stref\u0105 Ekonomiczn\u0105 w Mielcu.<\/li>\r\n\r\n\r\n\r\n<li>5 IX Rozporz\u0105dzeniem Rady Ministr\u00f3w utworzona zosta\u0142a pierwsza w Polsce Specjalna Strefa Ekonomiczna EURO-PARK MIELEC na obszarze 627 ha w p\u00f3\u0142nocnej cz\u0119\u015bci miasta.<\/li>\r\n\r\n\r\n\r\n<li>21 IX W Teheranie podpisano kontrakt na ochron\u0119 ro\u015blin w Iranie w 1996 r. przy pomocy samolot\u00f3w rolniczych mieleckiego Zak\u0142adu Us\u0142ug Agrolotniczych.<\/li>\r\n\r\n\r\n\r\n<li>23 IX \u2013 8 X Odby\u0142y si\u0119 \u201eDni Mielca-95\u201d, a w ich programie ponad 60 imprez, m.in. Festyn Lotniczy, 25-lecie Pa\u0144stwowej Szko\u0142y Muzycznej, 90-lecie Gimnazjum i Liceum, I Mistrzostwa Polski Lekarzy, Nocne Biegi Uliczne, Memoria\u0142 Lekkoatletyczny im. Wac\u0142awa G\u0105ssowskiego, Koncert Maryjny w wykonaniu ch\u00f3r\u00f3w z Mukaczewa, Rzeszowa i Mielca.<\/li>\r\n\r\n\r\n\r\n<li>6-8 X Agencja Rozwoju Regionalnego MARR S.A. zorganizowa\u0142a w hali sportowo-widowiskowej I Mieleckie Targi Wielobran\u017cowe z udzia\u0142em oko\u0142o 70 wystawc\u00f3w krajowych.<\/li>\r\n\r\n\r\n\r\n<li>9 X W uroczysto\u015bci otwarcia SSE EURO-PARK MIELEC udzia\u0142 wzi\u0119li m.in.: premier J\u00f3zef Oleksy, minister przemys\u0142u i handlu Klemens \u015acierski oraz minister pracy i polityki socjalnej Leszek Miller.<\/li>\r\n\r\n\r\n\r\n<li>16 X Do Mielca przyby\u0142a z robocz\u0105 wizyt\u0105 minister budownictwa i gospodarki przestrzennej Barbara Blida. G\u0142\u00f3wnym punktem programu by\u0142o spotkanie w Mieleckim Przedsi\u0119biorstwie Budowlanym.<\/li>\r\n\r\n\r\n\r\n<li>22 X Mielecka Izba Gospodarcza otrzyma\u0142a Grand Prix-1995 hiszpa\u0144skiego magazynu gospodarczego \u201eEdicoin\u201d za najlepsze kreowanie przemys\u0142u i handlu.<\/li>\r\n\r\n\r\n\r\n<li>30 X W Mielcu przebywa\u0142 z wizyt\u0105 minister zdrowia i opieki spo\u0142ecznej Jacek \u017bochowski. G\u0142\u00f3wnym celem wizyty by\u0142o zapoznanie si\u0119 z warunkami rozbudowy mieleckiego Szpitala Rejonowego.<\/li>\r\n\r\n\r\n\r\n<li>17 XI W hali sportowo-widowiskowej koncertowa\u0142y czo\u0142owe polskie zespo\u0142y rockowe.<\/li>\r\n\r\n\r\n\r\n<li>19 XI Odby\u0142a si\u0119 II tura wybor\u00f3w prezydenta RP. R\u00f3wnolegle przeprowadzono \u201eReferendum w sprawie op\u0142at za wyw\u00f3z \u015bmieci w Mielcu\u201d. Za samoopodatkowaniem si\u0119 na koszty wywozu opowiedzia\u0142o si\u0119 87% g\u0142osuj\u0105cych, a przeciw 13%.<\/li>\r\n\r\n\r\n\r\n<li>XI W hali sportowo-widowiskowej wyst\u0105pi\u0142y czo\u0142owe polskie zespo\u0142y disco-polo.<\/li>\r\n\r\n\r\n\r\n<li>22 XI W sali widowiskowej Miejskiego O\u015brodka Kultury wyst\u0105pi\u0142a grupa muzyczna HEY.<\/li>\r\n\r\n\r\n\r\n<li>XI Ukaza\u0142 si\u0119 pierwszy numer Mieleckiego Magazynu Gospodarczego \u201eMega\u201d. Jego w\u0142a\u015bcicielem i redaktorem naczelnym by\u0142 Janusz Czajowski, a wydawc\u0105 \u2013 Wydawnictwo \u201eSkorpio\u201d.<\/li>\r\n\r\n\r\n\r\n<li>27 XI W zwi\u0105zku z komunikatem MON o rezygnacji z zakupu samolot\u00f3w Iryda i zamiarze zakupu francuskich samolot\u00f3w Alpha-Jet \u2013 w Zak\u0142adzie Lotniczym \u201ePZL-Mielec\u201d og\u0142oszono pogotowie strajkowe.<\/li>\r\n\r\n\r\n\r\n<li>XI Powsta\u0142a Agencja Marketingowa Market Service (w\u0142a\u015bciciel \u2013 Mieczys\u0142aw Przebieglec) \u2013 wydawca m.in.: \u201eWizjera Regionalnego\u201d, \u201eRegionalnego Informatora Przetargowego\u201d, \u201eWizjera D\u0119bickiego\u201d i \u201eGo\u0144ca Mieleckiego\u201d.<\/li>\r\n\r\n\r\n\r\n<li>1 XII W Zak\u0142adzie Lotniczym \u201ePZL-Mielec\u201d odby\u0142 si\u0119 2-godzinny strajk ostrzegawczy.<\/li>\r\n\r\n\r\n\r\n<li>4 XII W Zak\u0142adzie Lotniczym \u201ePZL-Mielec\u201d rozpocz\u0119to strajk okupacyjny budynku Zarz\u0105du. Akcj\u0119 protestacyjn\u0105 wspar\u0142y m.in. Komisje Zak\u0142adowe NSZZ \u201eSolidarno\u015b\u0107\u201d zrzeszone w Sekcji Krajowej Przemys\u0142u Lotniczego NSZZ \u201eSolidarno\u015b\u0107\u201d.<\/li>\r\n\r\n\r\n\r\n<li>5 XII Rz\u0105d RP podj\u0105\u0142 decyzj\u0119 o wstrzymaniu negocjacji w sprawie zakupu francuskich samolot\u00f3w Alpha-Jet.<\/li>\r\n\r\n\r\n\r\n<li>6 XII Mielecka Grupa M\u0142odzie\u017cowa \u201eMa\u0142a Laponia\u201d zorganizowa\u0142a dla dzieci ca\u0142odniowy \u201eHappening Miko\u0142ajkowy Mielec-95\u201d na placu AK.<\/li>\r\n\r\n\r\n\r\n<li>10 XII W czasie Mistrzostw Europy w Karate Fudokan w Pradze reprezentantka Polski El\u017cbieta Pawe\u0142ek (MKK \u201eKaminari\u201d Mielec) zdoby\u0142a srebrny medal i tytu\u0142 wicemistrzyni Europy w kumite.<\/li>\r\n\r\n\r\n\r\n<li>12 XII Rz\u0105d RP podj\u0105\u0142 decyzj\u0119 o zakupie w latach 1996-1997 6 sztuk samolotu Iryda i zobowi\u0105za\u0142 Zak\u0142ad Lotniczy \u201ePZL-Mielec\u201d do unowocze\u015bnienia tego samolotu.<\/li>\r\n\r\n\r\n\r\n<li>13 XII W Zak\u0142adzie Lotniczym \u201ePZL-Mielec\u201d zawieszono strajk okupacyjny.<\/li>\r\n\r\n\r\n\r\n<li>13 XII Utworzono Porozumienie Prawicy w Mielcu.<\/li>\r\n\r\n\r\n\r\n<li>14-15 XII Odby\u0142y si\u0119 uroczysto\u015bci \u201eNawiedzenia przez Kopi\u0119 Cudownej Figury Matki Bo\u017cej Fatimskiej\u201d mieleckich parafii rzymskokatolickich.<\/li>\r\n\r\n\r\n\r\n<li>29 XII Uchwa\u0142\u0105 Rady Miejskiej zmieniono nazw\u0119 ulicy J. Gagarina na alej\u0119 Ducha \u015awi\u0119tego.<\/li>\r\n\r\n\r\n\r\n<li>XII Uruchomiono \u015arodowiskowy Dom Samopomocy w budynku przy ul. E. Biernackiego 4a \u2013 plac\u00f3wk\u0119 pomocy spo\u0142ecznej dla os\u00f3b z zaburzeniami psychicznymi.<\/li>\r\n\r\n\r\n\r\n<li>31 XII Stopa bezrobocia w subregionie mieleckim wynosi\u0142a 19,8 %.<\/li>\r\n<\/ul>\r\n\r\n\r\n\r\n<p><strong>Ponadto w 1995 r.<\/strong>:<\/p>\r\n\r\n\r\n\r\n<ul class=\"wp-block-list\">\r\n<li>Wyprodukowany w WSK Mielec samolot M-28 uczestniczy\u0142 w AEROEXPO w Wenezueli.<\/li>\r\n\r\n\r\n\r\n<li>Mielczanin Jerzy Wies\u0142aw Pos\u0142uszny zainicjowa\u0142 powo\u0142anie Wy\u017cszej Szko\u0142y Administracji i Zarz\u0105dzania w Przemy\u015blu i zosta\u0142 jej rektorem.<\/li>\r\n\r\n\r\n\r\n<li>Po odej\u015bciu ks. J\u00f3zefa Jaworskiego na probostwo do Jod\u0142\u00f3wki Tuchowskiej &#8211; proboszczem parafii w Rzochowie zosta\u0142 ks. J\u00f3zef W\u0119grzyn, a po jego rezygnacji \u2013 ks. Jerzy Ptak.<\/li>\r\n\r\n\r\n\r\n<li>W mieleckim szpitalu utworzono Oddzia\u0142 Opieki Paliatywnej.<\/li>\r\n\r\n\r\n\r\n<li>W zako\u0144czonych rozgrywkach I ligi pi\u0142ki no\u017cnej w sezonie 1994\/1995 zawodnik \u201eStali\u201d Mielec Bogus\u0142aw Cygan strzeli\u0142 16 goli i zdoby\u0142 tytu\u0142 kr\u00f3la strzelc\u00f3w.<\/li>\r\n\r\n\r\n\r\n<li>Ukaza\u0142 si\u0119 pierwszy numer Mieleckiego Magazynu Promocyjnego \u201eMEGATIK\u201d wydanego przez Janusza Czajowskiego.<\/li>\r\n\r\n\r\n\r\n<li>Dzia\u0142aj\u0105cy w Krakowie mielczanin Krzysztof Droba \u2013 muzykolog, tw\u00f3rca i organizator festiwali muzycznych i autor ksi\u0105\u017cek o muzyce \u2013 zosta\u0142 odznaczony najwy\u017cszym litewskim odznaczeniem pa\u0144stwowym \u2013 Orderem Wielkiego Ksi\u0119cia Giedymina za promowanie muzyki litewskiej.<\/li>\r\n\r\n\r\n\r\n<li>Powsta\u0142 mielecki Oddzia\u0142 Agencji Ochrony \u201eBEZPOL\u201d Sp. z o.o. w Rzeszowie.<\/li>\r\n\r\n\r\n\r\n<li>Przy mieleckich parafiach rzymskokatolickich reaktywowano Oddzia\u0142y Akcji Katolickiej.<\/li>\r\n\r\n\r\n\r\n<li>Powsta\u0142a Fabryka Nadwozi Samochodowych J. Kuczy\u0144ski &amp; Syn S.C., produkuj\u0105ca i montuj\u0105ca nadwozia samochodowe do przewozu r\u00f3\u017cnych towar\u00f3w.<\/li>\r\n\r\n\r\n\r\n<li>Zako\u0144czy\u0142a dzia\u0142alno\u015b\u0107 firma \u201eGepard\u201d.<\/li>\r\n\r\n\r\n\r\n<li>I MDW \u201eWiking\u201d ZHR zorganizowa\u0142a rajd rowerowy tras\u0105: Polska-S\u0142owacja-Austria-W\u0142ochy-Francja-Szwajcaria-Niemcy-Polska, pokonuj\u0105c oko\u0142o 4000 km.<\/li>\r\n<\/ul>\r\n\r\n\r\n\r\n<p><br \/><strong>1996<\/strong><\/p>\r\n\r\n\r\n\r\n<ul class=\"wp-block-list\">\r\n<li>1 I Z mocy ustawy samorz\u0105d miasta Mielca przej\u0105\u0142 prowadzenie szkolnictwa podstawowego.<\/li>\r\n\r\n\r\n\r\n<li>5-7 I W czasie IV edycji Wielkiej Orkiestry \u015awi\u0105tecznej Pomocy w Mielcu m\u0142odzi organizatorzy uzbierali ponad 150 mln z\u0142 (starych) na pomoc dzieciom poszkodowanym w wypadkach.<\/li>\r\n\r\n\r\n\r\n<li>12 I Zako\u0144czy\u0142 si\u0119 program \u201ePHARE STRUDER\u201d, kt\u00f3ry wspiera\u0142 inwestycje z tzw. Funduszu Dotacji dla Ma\u0142ych i \u015arednich Przedsi\u0119biorstw. Z tej formy pomocy skorzysta\u0142o 58 firm z terenu Mielca i gminy Mielec.<\/li>\r\n\r\n\r\n\r\n<li>24 I W czasie lotu szkoleniowego nad miejscowo\u015bci\u0105 Nied\u017awied\u017a ko\u0142o D\u0119blina uleg\u0142 katastrofie samolot PZL I-22 \u201eIryda\u201d wyprodukowany w WSK \u201ePZL-Mielec\u201d.<\/li>\r\n\r\n\r\n\r\n<li>I Powsta\u0142o ogniwo rejonowe Ruchu Odnowy Polski (ROP).<\/li>\r\n\r\n\r\n\r\n<li>I W klubie \u201eBajka\u201d w wyborach Miss Mielca 1996 zwyci\u0119\u017cy\u0142a Dorota Dziewit.<\/li>\r\n\r\n\r\n\r\n<li>11-18 III W Mi\u0119dzynarodowych Targach MUBA w Bazylei (Szwajcaria) wzi\u0119\u0142a udzia\u0142 ekipa z Mielca, kt\u00f3ra zorganizowa\u0142a stoisko promocyjne i wzi\u0119\u0142a udzia\u0142 w seminarium na temat SSE EURO-PARK MIELEC. Ponadto w promocji kultury regionu mieleckiego uczestniczy\u0142 ZPiT \u201eRzeszowiacy\u201d, kt\u00f3ry wyst\u0105pi\u0142 w Zurychu, a jego kapela gra\u0142a przy mieleckim stoisku w Bazylei.<\/li>\r\n\r\n\r\n\r\n<li>III Piosenka mielczanina Jerzego Mamcarza \u201e\u015amieszna lub smutna piosenka o Don Kichotach\u201d uplasowa\u0142a si\u0119 na 1. miejscu na li\u015bcie przeboj\u00f3w Polskiego Radia w kategorii piosenki lirycznej i utrzymywa\u0142a t\u0119 pozycj\u0119 przez dziewi\u0119\u0107 miesi\u0119cy.<\/li>\r\n\r\n\r\n\r\n<li>26-28 IV W hali sportowo-widowiskowej zorganizowano II Mieleckie Targi Wielobran\u017cowe, w kt\u00f3rych uczestniczy\u0142o oko\u0142o 70 wystawc\u00f3w.<\/li>\r\n\r\n\r\n\r\n<li>1 V Na stadionie FKS \u201eStal\u201d rozegrano towarzyski mi\u0119dzypa\u0144stwowy mecz pi\u0142ki no\u017cnej, w kt\u00f3rym Polska zremisowa\u0142a z Bia\u0142orusi\u0105 1 : 1 (1 : 0). Mecz obejrza\u0142o oko\u0142o 5 tysi\u0119cy os\u00f3b.<\/li>\r\n\r\n\r\n\r\n<li>3 V W czasie miejskich obchod\u00f3w \u015awi\u0119ta 3 Maja, w ko\u015bciele \u015bw. Mateusza podczas Mszy \u015bw. w intencji Ojczyzny po\u015bwi\u0119cono sztandar NSZZ \u201eSolidarno\u015b\u0107, a nast\u0119pnie uczestnicy przeszli pod pomnik Wolno\u015bci i z\u0142o\u017cyli kwiaty.<\/li>\r\n\r\n\r\n\r\n<li>3-4 V W brazylijskim mie\u015bcie Anapolis przebywa\u0142a delegacja Mielca z prezydentem miasta Januszem Chodorowskim i przedstawicielami Zak\u0142adu Lotniczego \u201ePZL-Mielec\u201d. G\u0142\u00f3wnym punktem wizyty by\u0142a uroczysto\u015b\u0107 rozpocz\u0119cia budowy montowni mieleckiego samolotu M-18 Dromader.<\/li>\r\n\r\n\r\n\r\n<li>4 V Samolot M-28 Skytruck wyprodukowany przez Zak\u0142ad Lotniczy \u201ePZL-Mielec\u201d eksponowano na wystawie lotniczej w RPA, a nast\u0119pnie w Botswanie i Tanzanii.<\/li>\r\n\r\n\r\n\r\n<li>V Komisja Mi\u0119dzyzak\u0142adowa NSZZ \u201eSolidarno\u015b\u0107\u201d WSK \u201ePZL-Mielec\u201d rozpocz\u0119\u0142a wydawanie \u201eGazetki NSZZ Solidarno\u015b\u0107\u201d.<\/li>\r\n\r\n\r\n\r\n<li>10 V W czasie wizytacji SSE EURO-PARK MIELEC wiceminister przemys\u0142u i handlu Tadeusz Soroka wr\u0119czy\u0142 pierwszym firmom zezwolenia na dzia\u0142alno\u015b\u0107 w strefie. Otrzyma\u0142y je \u201eAgmar Telekom\u201d i Wytw\u00f3rnia Zespo\u0142\u00f3w Kooperacyjnych.<\/li>\r\n\r\n\r\n\r\n<li>18 V Odby\u0142a si\u0119 uroczysto\u015b\u0107 nadania Szkole Podstawowej nr 3 imienia Wojska Polskiego i wr\u0119czenia sztandaru, po\u0142\u0105czona z ods\u0142oni\u0119ciem nowej \u201e\u015aciany Pami\u0119ci Narodowej\u201d i otwarciem Izby Tradycji Szko\u0142y.<\/li>\r\n\r\n\r\n\r\n<li>13-19 V Na Mi\u0119dzynarodowej Wystawie Techniki Lotniczej i Kosmicznej \u201eILA-96\u201d w Berlinie zaprezentowano samoloty produkowane w Zak\u0142adzie Lotniczym \u201ePZL-Mielec\u201d.<\/li>\r\n\r\n\r\n\r\n<li>29 V \u2013 2 VI W ramach \u201eDni M\u0142odo\u015bci-96\u201d zorganizowano szereg imprez kulturalnych i sportowych, b\u0119d\u0105cych przegl\u0105dem osi\u0105gni\u0119\u0107 dzieci i m\u0142odzie\u017cy.<\/li>\r\n\r\n\r\n\r\n<li>30 V W WSK \u201ePZL-Mielec\u201d przebywa\u0142a z wizyt\u0105 delegacja Si\u0142 Zbrojnych Kr\u00f3lestwa Szwecji.<\/li>\r\n\r\n\r\n\r\n<li>18 VI Oficyna Wydawnicza \u201ePress Media\u201d Roman Oraczewski otrzyma\u0142a zezwolenie na dzia\u0142alno\u015b\u0107 w ramach SSE EURO-PARK MIELEC.<\/li>\r\n\r\n\r\n\r\n<li>26 VI Decyzj\u0105 Rady Ministr\u00f3w z dniem 1 VII Mielec zosta\u0142 skre\u015blony z listy miast zagro\u017conych strukturalnym bezrobociem.<\/li>\r\n\r\n\r\n\r\n<li>26 VI Rada Miejska postawi\u0142a w stan likwidacji zak\u0142ady bud\u017cetowe: Przedsi\u0119biorstwo Miejskiej Komunikacji Samochodowej, Miejski Zarz\u0105d Budynk\u00f3w Mieszkalnych i Miejskie Przedsi\u0119biorstwo Gospodarki Komunalnej i z dniem 1 IX 1996 r. utworzy\u0142a sp\u00f3\u0142ki z ograniczon\u0105 odpowiedzialno\u015bci\u0105: MKS, MZBM i MPGK.<\/li>\r\n\r\n\r\n\r\n<li>29 VI 6-osobowa ekipa I MDW \u201eWiking\u201d ZHR zdoby\u0142a Mont Blanc (4810 m) \u2013 najwy\u017cszy szczyt w Europie.<\/li>\r\n\r\n\r\n\r\n<li>1 VII Powsta\u0142 Wydzia\u0142 Zamiejscowy w Mielcu Big Banku S.A. Grupy Kapita\u0142owej Big Bank Gda\u0144ski S.A.<\/li>\r\n\r\n\r\n\r\n<li>9 VII Firma EUROCAST Sp. z o.o. otrzyma\u0142a zezwolenie na prowadzenie dzia\u0142alno\u015bci gospodarczej na terenie SSE EURO-PARK MIELEC.<\/li>\r\n\r\n\r\n\r\n<li>1-7 i 15-21 VII W Mielcu i Mukaczewie (Ukraina) \u2013 partnerskim mie\u015bcie Mielca \u2013 zorganizowano Mi\u0119dzynarodowy Plener Malarski.<\/li>\r\n\r\n\r\n\r\n<li>18 VII Odby\u0142a si\u0119 uroczysto\u015b\u0107 otwarcia i po\u015bwi\u0119cenia \u015arodowiskowego Domu Samopomocy. (Dzia\u0142a\u0142 od 1.03.)<\/li>\r\n\r\n\r\n\r\n<li>23-24 VII W ramach X \u015awiatowego Festiwalu Polonijnych Zespo\u0142\u00f3w Folklorystycznych w Rzeszowie na scenie MOK w Mielcu koncertowa\u0142y zespo\u0142y z Genk (Belgia) i Los Angeles (USA).<\/li>\r\n\r\n\r\n\r\n<li>11 VIII Powsta\u0142o Stowarzyszenie Mieleckich Podlasiak\u00f3w z siedzib\u0105 w Mielcu.<\/li>\r\n\r\n\r\n\r\n<li>4 VIII Ukaza\u0142 si\u0119 pierwszy numer czasopisma \u201eIkona\u201d \u2013 Tygodnik Duszpasterski Parafii Matki Bo\u017cej Nieustaj\u0105cej Pomocy.<\/li>\r\n\r\n\r\n\r\n<li>11 VIII W ko\u015bciele MBNP i na terenie Cyranki odby\u0142y si\u0119 uroczysto\u015bci z okazji 100-lecia powstania OSP Cyranka.<\/li>\r\n\r\n\r\n\r\n<li>12 VIII W S\u0105dzie Wojew\u00f3dzkim w Rzeszowie zarejestrowano Mieleckie Stowarzyszenie Chorych na Stwardnienie Rozsiane.<\/li>\r\n\r\n\r\n\r\n<li>13-14 VIII Rozpocz\u0119\u0142o prac\u0119 Studio Mielec Radia \u201eDobra Nowina\u201d w Tarnowie.<\/li>\r\n\r\n\r\n\r\n<li>14 VIII Oddano do u\u017cytku segment kuchenny Szpitala Rejonowego w Mielcu.<\/li>\r\n\r\n\r\n\r\n<li>15 VIII M\/s Mielec rozpocz\u0105\u0142 p\u0142ywanie pod bander\u0105 Wysp Marshalla.<\/li>\r\n\r\n\r\n\r\n<li>20 VIII Firma Melnox Sp. z o.o. (kapita\u0142 austriacki), produkuj\u0105ca materia\u0142y do wyposa\u017cenia mieszka\u0144 z p\u0142yt drewnopodobnych, otrzyma\u0142a zezwolenie na dzia\u0142alno\u015b\u0107 na terenie SSE EUROPARK MIELEC.<\/li>\r\n\r\n\r\n\r\n<li>20 VIII Zezwolenie na dzia\u0142alno\u015b\u0107 w SSE EURO-PARK MIELEC otrzyma\u0142a firma Atlantis Sp. z o.o. &#8211; producent p\u0142yt warstwowych do budowy m.in. obiekt\u00f3w przemys\u0142owych i gospodarczych.<\/li>\r\n\r\n\r\n\r\n<li>30 VIII W Caracas (Wenezuela) przedstawiciele Zak\u0142adu Lotniczego \u201ePZL-Mielec\u201d podpisali kontrakt na dostaw\u0119 samolot\u00f3w Skytruck dla Gwardii Narodowej w Wenezueli.<\/li>\r\n\r\n\r\n\r\n<li>1 IX Biskup tarnowski J\u00f3zef \u017byci\u0144ski dokona\u0142 po\u015bwi\u0119cenia i wmurowania kamienia w\u0119gielnego w budowanym ko\u015bciele \u015bw. Marka Ewangelisty w Rzochowie.<\/li>\r\n\r\n\r\n\r\n<li>1 IX Z inicjatywy samorz\u0105du miasta Mielca rozpocz\u0119\u0142o funkcjonowanie V Liceum Og\u00f3lnokszta\u0142c\u0105ce w budynkach Szko\u0142y Podstawowej nr 8 przy ul. Cz. Ta\u0144skiego 3 i wraz z t\u0105 plac\u00f3wk\u0105 utworzy\u0142o Zesp\u00f3\u0142 Szk\u00f3\u0142 Og\u00f3lnokszta\u0142c\u0105cych nr 1.<\/li>\r\n\r\n\r\n\r\n<li>2 IX Na podstawie porozumienia pomi\u0119dzy Zarz\u0105dem WSK \u201ePZL-Mielec\u201d i Zarz\u0105dem Miasta Mielca cz\u0119\u015b\u0107 obiekt\u00f3w sportowych WSK (hal\u0119 z basenem krytym, boiska treningowe obok hali i baseny otwarte) przekazane zosta\u0142y Gminie Miejskiej Mielec na w\u0142asno\u015b\u0107 i utrzymanie.<\/li>\r\n\r\n\r\n\r\n<li>6 IX W Kuratorium O\u015bwiaty w Rzeszowie odby\u0142o si\u0119 spotkanie kuratora, prezydenta miasta Mielca oraz dyrektor\u00f3w Zespo\u0142\u00f3w Szk\u00f3\u0142 Technicznych i Zawodowych w Mielcu. W rezultacie spotkania podj\u0119to decyzj\u0119 o utworzeniu w Mielcu Centrum Kszta\u0142cenia Praktycznego.<\/li>\r\n\r\n\r\n\r\n<li>12-15 IX W czasie IV Mi\u0119dzynarodowego Salonu Przemys\u0142u Obronnego \u201eKielce-96\u201d jedno z wyr\u00f3\u017cnie\u0144 otrzyma\u0142 ambulans reanimacyjny wyprodukowany przez Wytw\u00f3rni\u0119 Silnik\u00f3w \u201ePZL-Mielec\u201d.<\/li>\r\n\r\n\r\n\r\n<li>16 IX Utworzono mielecki oddzia\u0142 Akcji Wyborczej Solidarno\u015b\u0107 (AWS). Jego przewodnicz\u0105c\u0105 zosta\u0142a Urszula Mali\u0144ska.<\/li>\r\n\r\n\r\n\r\n<li>21-22 IX Na mieleckim lotnisku i w przec\u0142awskim zamku odby\u0142y si\u0119 uroczysto\u015bci 50-lecia Aeroklubu Mieleckiego i 25-lecia Zak\u0142adu Us\u0142ug Agrolotniczych.<\/li>\r\n\r\n\r\n\r\n<li>27 IX Przy wielotysi\u0119cznej publiczno\u015bci na alei Niepodleg\u0142o\u015bci odby\u0142y si\u0119 II Nocne Biegi Uliczne \u201eOlimpiada 2012\u201d.<\/li>\r\n\r\n\r\n\r\n<li>29 IX W ko\u015bciele Matki Bo\u017cej Nieustaj\u0105cej Pomocy i na placu Armii Krajowej odby\u0142y si\u0119 uroczysto\u015bci po\u015bwi\u0119cenia i wr\u0119czenia sztandaru Komendzie Rejonowej Pa\u0144stwowej Stra\u017cy Po\u017carnej.<\/li>\r\n\r\n\r\n\r\n<li>4-6 X W hali sportowo-widowiskowej zorganizowano III Mieleckie Targi Wielobran\u017cowe, w kt\u00f3rych wzi\u0119\u0142o udzia\u0142 oko\u0142o 80 wystawc\u00f3w krajowych i zagranicznych.<\/li>\r\n\r\n\r\n\r\n<li>6 X Zmar\u0142 Antoni Rybak (l. 84) \u2013 rolnik, \u017co\u0142nierz Samodzielnej Brygady Strzelc\u00f3w Podhala\u0144skich, uczestnik bitwy o Narvik, dzia\u0142acz spo\u0142eczny i polityczny, cz\u0142onek ZSL, pose\u0142 na Sejm PRL w latach 1961-1969.<\/li>\r\n\r\n\r\n\r\n<li>22 X Ulicami Mielca przesz\u0142o kilkaset os\u00f3b, protestuj\u0105c przeciwko ustawie o liberalizacji warunk\u00f3w przerywania ci\u0105\u017cy.<\/li>\r\n\r\n\r\n\r\n<li>23 X Zezwolenie na prowadzenia dzia\u0142alno\u015bci w SSE EURO-PARK MIELEC otrzyma\u0142a firma Plastic Factory \u201eCOBI\u201d SA. \u2013 producent zabawek z tworzyw sztucznych.<\/li>\r\n\r\n\r\n\r\n<li>28 X W ko\u015bciele \u015bw. Mateusza i w Szkole Podstawowej nr 2 przy ul. T. Ko\u015bciuszki 4 odby\u0142y si\u0119 uroczysto\u015bci symbolicznego 500-lecia o\u015bwiaty w Mielcu.<\/li>\r\n\r\n\r\n\r\n<li>29 X Zezwolenie na dzia\u0142alno\u015b\u0107 w SSE EURO-PARK MIELEC otrzyma\u0142a firma J. W. Industries Sp. z o.o.<\/li>\r\n\r\n\r\n\r\n<li>30 X W hali sportowo-widowiskowej FKS \u201eStal\u201d rozegrano mecz eliminacyjny do Mistrzostw \u015awiata w Pi\u0142ce R\u0119cznej M\u0119\u017cczyzn, w kt\u00f3rym Polska pokona\u0142a S\u0142owacj\u0119 28 : 26.<\/li>\r\n\r\n\r\n\r\n<li>30 X II-ligowa dru\u017cyna FKS \u201ePZL-Stal\u201d nie wysz\u0142a na w\u0142asne boisko na ligowy mecz z \u201eCracovi\u0105\u201d i przegra\u0142a walkowerem 0:3. By\u0142 to protest przeciwko rosn\u0105cym zaleg\u0142o\u015bciom finansowym klubu wobec zawodnik\u00f3w i pierwsze takie wydarzenie w dziejach klubu.<\/li>\r\n\r\n\r\n\r\n<li>5 XI Odby\u0142a si\u0119 uroczysto\u015b\u0107 przekazania do u\u017cytku budynku administracyjnego Oddzia\u0142u ARP Warszawa w Mielcu zarz\u0105dzaj\u0105cego SSE EURO-PARK MIELEC przy ul. Partyzant\u00f3w 25. Wr\u0119czono te\u017c zezwolenia na prowadzenie dzia\u0142alno\u015bci nast\u0119puj\u0105cym firmom: Cargo \u201ePZL-Mielec\u201d Sp. z o.o., Laboratorium Frakcjonowania Osocza Sp. z o.o., Plastic Factory \u201eCobi\u201d SA. i J.W. Industries Sp. z o.o.<\/li>\r\n\r\n\r\n\r\n<li>12 XI Przekszta\u0142cono Przedsi\u0119biorstwo Miejskiej Komunikacji Samochodowej w Miejsk\u0105 Komunikacj\u0119 Samochodow\u0105 Sp. z o.o.<\/li>\r\n\r\n\r\n\r\n<li>15 XI W WSK \u201ePZL-Mielec\u201d odby\u0142o si\u0119 uroczyste przekazanie samolotu PZL M-26 Iskierka Wy\u017cszej Szkole Oficerskiej Si\u0142 Powietrznych w D\u0119blinie.<\/li>\r\n\r\n\r\n\r\n<li>26 XI Zak\u0142ad Mechaniczny MECH-GO Zbigniew Gryc otrzyma\u0142 zezwolenie na prowadzenie dzia\u0142alno\u015bci w SSE EURO-PARK MIELEC.<\/li>\r\n\r\n\r\n\r\n<li>23-29 XI W ko\u015bciele Matki Bo\u017cej Nieustaj\u0105cej Pomocy odby\u0142y si\u0119 wyk\u0142ady i koncerty w ramach \u201eDni Kultury Katolickiej\u201d. Jednym z wyk\u0142adowc\u00f3w by\u0142 biskup tarnowski dr J\u00f3zef \u017byci\u0144ski.<\/li>\r\n\r\n\r\n\r\n<li>6 XII W Stacji Uzdatniania Wody zastosowano francusk\u0105 technologi\u0119 oczyszczania wody filtrami w\u0119glowymi, uzyskuj\u0105c jako\u015b\u0107 podawanej wody w Mielcu zgodn\u0105 ze standardami europejskimi.<\/li>\r\n\r\n\r\n\r\n<li>19 XII Firma BRW Sp. z o.o., specjalizuj\u0105ca si\u0119 w wykonywaniu front\u00f3w meblowych i kompletnych zestaw\u00f3w mebli oraz Zak\u0142ad Produkcyjny \u201eKAMAX-MIELEC\u201d, produkuj\u0105cy urz\u0105dzenia do wagon\u00f3w kolejowych, otrzyma\u0142y zezwolenia na dzia\u0142alno\u015b\u0107 w SSE EURO-PARK MIELEC.<\/li>\r\n\r\n\r\n\r\n<li>22 XII Na lotnisku w Babich Do\u0142ach ko\u0142o Gdyni odby\u0142o si\u0119 uroczyste przekazanie samolotu An-28 (wersja Bryza), wyprodukowanego przez Zak\u0142ad Lotniczy \u201ePZL-Mielec\u201d, Brygadzie Lotnictwa Marynarki Wojennej.<\/li>\r\n\r\n\r\n\r\n<li>23 XII W sali konferencyjnej Urz\u0119du Miejskiego odby\u0142o si\u0119 uroczyste spotkanie noworoczne Zarz\u0105du Miasta Mielca z dyrekcjami najwa\u017cniejszych instytucji w mie\u015bcie.<\/li>\r\n\r\n\r\n\r\n<li>31 XII W zamian za zobowi\u0105zania finansowe WSK \u201ePZL-Mielec\u201d przekaza\u0142o Gminie Miejskiej Mielec m.in. budynek MOK (dom kultury), hotel \u201eCentralny\u201d i tereny pomi\u0119dzy basenami odkrytymi a torami kolejowymi.<\/li>\r\n<\/ul>\r\n\r\n\r\n\r\n<p><strong>Ponadto w 1996 r.<\/strong>:<\/p>\r\n\r\n\r\n\r\n<ul class=\"wp-block-list\">\r\n<li>Utworzono mieleck\u0105 kom\u00f3rk\u0119 organizacyjn\u0105 koalicji partii i ugrupowa\u0144 politycznych Akcja Wyborcza Solidarno\u015b\u0107 (AWS).<\/li>\r\n\r\n\r\n\r\n<li>Tarnowski artysta malarz J. Niedojad\u0142o wykona\u0142 polichromi\u0119 w ko\u015bciele \u015bw. Mateusza.<\/li>\r\n\r\n\r\n\r\n<li>Zenon Nykiel i Andrzej Padyku\u0142a za\u0142o\u017cyli firm\u0119 budowlan\u0105 \u201eArkada\u201d SC, specjalizuj\u0105c\u0105 si\u0119 w budownictwie mieszkaniowym, przemys\u0142owym i us\u0142ugowym.<\/li>\r\n\r\n\r\n\r\n<li>Powsta\u0142a firma \u201ePiekarnia i Cukiernia Ewa i Stanis\u0142aw Konieczny\u201d z siedzib\u0105 przy ul. T. Ko\u015bciuszki.<\/li>\r\n\r\n\r\n\r\n<li>Mielczanin Wies\u0142aw Kulikowski zosta\u0142 laureatem Nagrody Literackiej I stopnia Miasta Rzeszowa.<\/li>\r\n\r\n\r\n\r\n<li>Wydawnictwo \u201eSkorpio\u201d rozpocz\u0119\u0142o wydawanie Mieleckiego Magazynu Promocyjnego \u201eMegatik\u201d. Jego w\u0142a\u015bcicielem i redaktorem naczelnym by\u0142 Janusz Czajowski.<\/li>\r\n\r\n\r\n\r\n<li>W Wytw\u00f3rni Silnik\u00f3w \u201ePZL-Mielec\u201d Sp. z o.o. wykonano prototyp ambulansu Fiat\/Mielec-Diesel.<\/li>\r\n\r\n\r\n\r\n<li>Ukaza\u0142o si\u0119 wydawnictwo okoliczno\u015bciowe \u201eMielczanin\u201d b\u0119d\u0105ce oficjalnym informatorem samorz\u0105du miasta Mielca.<\/li>\r\n\r\n\r\n\r\n<li>W WSK \u201ePZL-Mielec\u201d przebywa\u0142a delegacja Dow\u00f3dztwa Wojsk Lotniczych z dow\u00f3dc\u0105 gen dyw. Kazimierzem Dziokiem na czele.<\/li>\r\n\r\n\r\n\r\n<li>Powsta\u0142a plac\u00f3wka Banku Handlowego w Warszawie. Jej pierwsz\u0105 siedzib\u0105 by\u0142 budynek przy ul. Przemys\u0142owej 2.<\/li>\r\n\r\n\r\n\r\n<li>Ch\u00f3r mieszany I LO im. S. Konarskiego pod kierunkiem Paw\u0142a Lisa zdoby\u0142 g\u0142\u00f3wn\u0105 nagrod\u0119 \u201eZ\u0142oty Kamerton\u201d w Og\u00f3lnopolskim Konkursie Ch\u00f3r\u00f3w Dzieci i M\u0142odzie\u017cy w Bydgoszczy.<\/li>\r\n<\/ul>\r\n\r\n\r\n\r\n<p><br \/><strong>1997<\/strong><\/p>\r\n\r\n\r\n\r\n<ul class=\"wp-block-list\">\r\n<li>1 I Kilka tysi\u0119cy mielczan powita\u0142o Nowy Rok ma placu AK na imprezie zorganizowanej przez Urz\u0105d Miejski, Mielecki O\u015brodek Kultury, Radio Hit-FM i STK \u201eS\u0119k\u201d.<\/li>\r\n\r\n\r\n\r\n<li>1 I Przedsi\u0119biorstwa komunalne MZBM i MPGK rozpocz\u0119\u0142y dzia\u0142alno\u015b\u0107 jako sp\u00f3\u0142ki z ograniczon\u0105 odpowiedzialno\u015bci\u0105.<\/li>\r\n\r\n\r\n\r\n<li>1 I Stanis\u0142aw Padyku\u0142a zosta\u0142 odwo\u0142any ze stanowiska wiceministra przemys\u0142u i powo\u0142any na funkcj\u0119 wiceprezesa Agencji Rozwoju Przemys\u0142u.<\/li>\r\n\r\n\r\n\r\n<li>3-5 I W czasie mieleckich imprez V Fina\u0142u WO\u015aP zebrano 20 841,96 z\u0142 oraz pewn\u0105 ilo\u015b\u0107 waluty zagranicznej. Koordynatorem akcji by\u0142o Stowarzyszenie Tw\u00f3rc\u00f3w Kultury \u201eS\u0119k\u201d.<\/li>\r\n\r\n\r\n\r\n<li>13 I Zezwolenia na dzia\u0142alno\u015b\u0107 w SSE EURO-PARK MIELEC otrzyma\u0142y firmy: Zak\u0142ad Mechaniczny Zbigniewa Gryca (wyroby metalowe), ELCOMP ECO Romana Sujkowskiego (artyku\u0142y gospodarstwa domowego), Zak\u0142ad Produkcyjny KAMAX-Mielec SA. (wi\u0105zki elektryczne do samochod\u00f3w osobowych), BRW Sp. z o.o. (meble) i Polska Folia Sp. z o.o. (folia aluminiowa).<\/li>\r\n\r\n\r\n\r\n<li>20 I W Mielcu go\u015bci\u0142a delegacja francuska z ambasadorem Francji w Polsce Danielem Contenay na czele.<\/li>\r\n\r\n\r\n\r\n<li>21 I Na mieleckim cmentarzu parafialnym przy ul. H. Sienkiewicza sprofanowano 27 nagrobk\u00f3w.<\/li>\r\n\r\n\r\n\r\n<li>22 I G\u0142\u00f3wnym tematem XXXI sesji Rady Miejskiej by\u0142o om\u00f3wienie stanu bezrobocia w rejonie mieleckim na podstawie informacji Rejonowego Urz\u0119du Pracy w Mielcu.<\/li>\r\n\r\n\r\n\r\n<li>29 I Wojewoda rzeszowski odwo\u0142a\u0142 Leona Skib\u0119 ze stanowiska kierownika Urz\u0119du Rejonowego w Mielcu.<\/li>\r\n\r\n\r\n\r\n<li>31 I Powsta\u0142o Mieleckie Towarzystwo Muzyczne z siedzib\u0105 w PSM I i II st. przy ul. T. Ko\u015bciuszki 10.<\/li>\r\n\r\n\r\n\r\n<li>I Rozpocz\u0119\u0142a dzia\u0142alno\u015b\u0107 Mielecka Telewizja Kablowa w ramach sieci Ma\u0142opolskiej Telewizji Kablowej S.Tar.<\/li>\r\n\r\n\r\n\r\n<li>15 II Kierownikiem Urz\u0119du Rejonowego zosta\u0142 mianowany J\u00f3zef Smaczny.<\/li>\r\n\r\n\r\n\r\n<li>21-24 II W Mielcu go\u015bci\u0142a delegacja partnerskiego miasta Douchy-les-Mines z Francji. Omawiano kierunki dalszej wsp\u00f3\u0142pracy obu miast.<\/li>\r\n\r\n\r\n\r\n<li>28 II \u2013 1 III Dokonano zmiany numeracji telefon\u00f3w w Mielcu \u2013 wszyscy otrzymali numery siedmiocyfrowe.<\/li>\r\n\r\n\r\n\r\n<li>3 III Zmar\u0142 Stefan \u0106wiok (l. 66) \u2013 d\u0142ugoletni pracownik administracji pa\u0144stwowej, naczelnik powiatu mieleckiego w latach 1973-1975, naczelnik miasta Mielca w latach 1975-1978.<\/li>\r\n\r\n\r\n\r\n<li>6 III Uroczy\u015bcie otwarto mieleckie sk\u0142adowisko odpad\u00f3w komunalnych w lesie obok cmentarza komunalnego z wjazdem od ul. Wolno\u015bci.<\/li>\r\n\r\n\r\n\r\n<li>6 III Otwarto nowy salon samochodowy BIBMOT przy ul. H. Sienkiewicza.<\/li>\r\n\r\n\r\n\r\n<li>13 III W WSK \u201ePZL-Mielec\u201d go\u015bci\u0142 ambasador Republiki Po\u0142udniowej Afryki w Polsce Victor Zazeraj.<\/li>\r\n\r\n\r\n\r\n<li>18 III Prezydent miasta Mielca Janusz Chodorowski uhonorowa\u0142 nowym mieleckim wyr\u00f3\u017cnieniem \u2013 medalem \u201ePrzyjaciel Miasta Mielca\u201d \u2013 dw\u00f3ch Brazylijczyk\u00f3w: Paulo Rodriguesa i Erivana Bueno de Moraisa, kt\u00f3rzy przyczynili si\u0119 do rozpocz\u0119cia wsp\u00f3\u0142pracy Mielca z Anapolis w Brazylii.<\/li>\r\n\r\n\r\n\r\n<li>25 III W zwi\u0105zku ze zrealizowaniem przez WSK \u201ePZL-Mielec\u201d warunk\u00f3w zawartych w \u201eUmowie Ugody Bankowej\u201d Zarz\u0105d Banku Depozytowo-Kredytowego SA. Grupa Pekao SA. O\/Mielec podj\u0105\u0142 uchwa\u0142\u0119 o zako\u0144czeniu post\u0119powania ugodowego.<\/li>\r\n\r\n\r\n\r\n<li>25 III W Og\u00f3lnopolskim Konkursie Ch\u00f3r\u00f3w Dzieci i M\u0142odzie\u017cy w Bydgoszczy \u2013 I miejsce i \u201eZ\u0142oty Kamerton\u201d zdoby\u0142 ch\u00f3r mieszany I LO im. S. Konarskiego pod kierunkiem prof. Paw\u0142a Lisa.<\/li>\r\n\r\n\r\n\r\n<li>IV Austriacka firma Krono-Wood Sp. z o.o. otrzyma\u0142a zezwolenie na prowadzenie dzia\u0142alno\u015bci w SSE EURO-PARK MIELEC.<\/li>\r\n\r\n\r\n\r\n<li>1 IV Zmar\u0142 W\u0142odzimierz Krupi\u0144ski (l. 76) \u2013 nauczyciel, uczestnik kampanii wrze\u015bniowej 1939, dzia\u0142acz i trener lekkoatletyczny FKS \u201eStal\u201d Mielec, wychowawca wielu reprezentant\u00f3w Polski, zast\u0119pca dyrektora Szko\u0142y Podstawowej nr 6 (sportowej).<\/li>\r\n\r\n\r\n\r\n<li>2 IV Zmar\u0142 Bronis\u0142aw Oko\u0144 \u2013 dyrektor Oddzia\u0142u BDK w Mielcu, by\u0142y d\u0142ugoletni kierownik Wydzia\u0142u Finansowego PMRN i zast\u0119pca naczelnika miasta Mielca w latach 1975-1978.<\/li>\r\n\r\n\r\n\r\n<li>7 IV W WSK \u201ePZL-Mielec\u201d przebywa\u0142a z wizyt\u0105 delegacja ameryka\u0144skiej firmy Lockheed Martin w sprawach zwi\u0105zanych z ewentualn\u0105 przysz\u0142\u0105 wsp\u00f3\u0142prac\u0105 przy produkcji samolotu bojowego F-16.<\/li>\r\n\r\n\r\n\r\n<li>10 IV Powsta\u0142o Stowarzyszenie Promocji Polskiego Lotnictwa \u201ePROMLOT\u201d.<\/li>\r\n\r\n\r\n\r\n<li>11 IV W Sali Kr\u00f3lewskiej PSM I i II st. odby\u0142a si\u0119 uroczysto\u015b\u0107 wr\u0119czenia \u201eSka\u0142ki Korso\u201d Cz\u0142owiekowi Roku 1996 w Mielcu \u2013 ks. pra\u0142atowi Stanis\u0142awowi Jurkowi \u2013 proboszczowi parafii \u015bw. Mateusza.<\/li>\r\n\r\n\r\n\r\n<li>14-18 IV Zorganizowano \u201eI Dni Douchy-les-Mines w Mielcu\u201d. Wyst\u0119powa\u0142a m.in. Reprezentacyjna Orkiestra Miejska Douchy-les-Mines i prezentowano prace fotografik\u00f3w francuskich. W czasie koncertu fina\u0142owego w hali sportowo-widowiskowej (18 IV) prezydent miasta Mielca Janusz Chodorowski wr\u0119czy\u0142 Medal \u201ePrzyjaciel Miasta Mielca\u201d Stanis\u0142awowi Solochowi \u2013 merowi Douchy-les-Mines \u2013 za d\u0142ugoletni\u0105 owocn\u0105 wsp\u00f3\u0142prac\u0119 z Mielcem.<\/li>\r\n\r\n\r\n\r\n<li>15 IV W Filii \u201eJadern\u00f3wka\u201d Muzeum Regionalnego otwarto wystaw\u0119 \u201eLiteratura polska inaczej\u201d ze zbior\u00f3w Muzeum Narodowego i Biblioteki Czartoryskich w Krakowie.<\/li>\r\n\r\n\r\n\r\n<li>16 IV W WSK \u201ePZL-Mielec\u201d go\u015bci\u0142a wojskowa delegacja Szwecji z ministrem obrony Bjoernem von Sydowem na czele.<\/li>\r\n\r\n\r\n\r\n<li>17 IV W Filii nr 2 Sp\u00f3\u0142dzielczego Domu Kultury MSM przy ul. Botanicznej rozpocz\u0105\u0142 dzia\u0142alno\u015b\u0107 Klub Seniora \u201eWrzos\u201d.<\/li>\r\n\r\n\r\n\r\n<li>18 IV W MOK odby\u0142o si\u0119 III Sympozjum Ultrasonograficzne z udzia\u0142em lekarzy z terenu Polski po\u0142udniowo-wschodniej.<\/li>\r\n\r\n\r\n\r\n<li>18 IV W Stuttgarcie zmar\u0142 Herbert Helmut Czaja (l. 82) \u2013 nauczyciel Gimnazjum i Liceum im. S. Konarskiego w Mielcu w latach 1938-1939, d\u0142ugoletni pose\u0142 CDU w Bundestagu i przewodnicz\u0105cy Zwi\u0105zku Wysiedle\u0144c\u00f3w w Niemczech.<\/li>\r\n\r\n\r\n\r\n<li>24 IV Koncertem w Sali Kr\u00f3lewskiej PSM I i II st. rozpocz\u0119\u0142a dzia\u0142alno\u015b\u0107 artystyczn\u0105 Mielecka Orkiestra Kameralna.<\/li>\r\n\r\n\r\n\r\n<li>25-27 IV W hali sportowo-widowiskowej zorganizowano IV Mieleckie Targi Wielobran\u017cowe z udzia\u0142em ponad 100 wystawc\u00f3w krajowych i zagranicznych.<\/li>\r\n\r\n\r\n\r\n<li>26 IV Odby\u0142a si\u0119 uroczysto\u015b\u0107 nadania Szkole Podstawowej nr 13 imienia Janka Bytnara \u201eRudego\u201d oraz po\u015bwi\u0119cenia i wr\u0119czenia sztandaru.<\/li>\r\n\r\n\r\n\r\n<li>29 IV Zezwolenie na dzia\u0142alno\u015b\u0107 w SSE EURO-PARK MIELEC otrzyma\u0142a Lear Automotive (EEDS) Poland Sp. z o.o., produkuj\u0105ca wi\u0105zki elektryczne do samochod\u00f3w osobowych.<\/li>\r\n\r\n\r\n\r\n<li>29 IV Powsta\u0142o Stowarzyszenie Promocji Polskiego Lotnictwa \u201ePROMLOT\u201d w Mielcu.<\/li>\r\n\r\n\r\n\r\n<li>1 V W MOK, na placu AK i na stadionach sportowych odby\u0142y si\u0119 imprezy z okazji \u015awi\u0119ta Pracy.<\/li>\r\n\r\n\r\n\r\n<li>9 V Na lotnisku w Caracas (Wenezuela), w obecno\u015bci prezydenta Wenezueli, odby\u0142a si\u0119 uroczysto\u015b\u0107 przekazania tamtejszej Gwardii Narodowej samolot\u00f3w M-28 Skytruck wyprodukowanych w Mielcu.<\/li>\r\n\r\n\r\n\r\n<li>12-15 V W MOK odby\u0142o si\u0119 seminarium nt. \u201eWsp\u00f3\u0142praca organizacji pozarz\u0105dowych z administracj\u0105 lokaln\u0105 w demokratycznym pa\u0144stwie\u201d.<\/li>\r\n\r\n\r\n\r\n<li>14 V Zezwolenie na prowadzenie dzia\u0142alno\u015bci gospodarczej w SSE otrzyma\u0142a Wytw\u00f3rnia Silnik\u00f3w \u201ePZL-Mielec\u201d Sp. z o.o.<\/li>\r\n\r\n\r\n\r\n<li>23 V \u2013 2 VI W ramach \u201eDni M\u0142odo\u015bci\u201d zorganizowano m.in. Festiwal Piosenki \u201e\u015apiewa\u0107 ka\u017cdy mo\u017ce\u201d, \u201eMieleckie Prezentacje Taneczne\u201d, Gitariad\u0119, Festiwal Muzyki Instrument\u00f3w D\u0119tych Drewnianych, XXII Przegl\u0105d Tw\u00f3rczo\u015bci Przedszkolak\u00f3w \u2013 og\u00f3\u0142em oko\u0142o 60 imprez z udzia\u0142em dzieci i m\u0142odzie\u017cy.<\/li>\r\n\r\n\r\n\r\n<li>3 VI Utworzono Lekkoatletyczny Klub Sportowy (LKS), kt\u00f3ry przej\u0105\u0142 sekcj\u0119 lekkoatletyczn\u0105 od likwidowanego FKS \u201eStal\u201d Mielec.<\/li>\r\n\r\n\r\n\r\n<li>4 VI Powsta\u0142 Mielecki Klub Pi\u0142karski \u201eStal\u201d, g\u0142\u00f3wnie dla ocalenia pozosta\u0142o\u015bci po FKS \u201eStal\u201d Mielec w pi\u0142ce no\u017cnej.<\/li>\r\n\r\n\r\n\r\n<li>6 VI W Wojs\u0142awiu odby\u0142a si\u0119 uroczysto\u015b\u0107 po\u015bwi\u0119cenia odrestaurowanej figury \u015bw. Jana Nepomucena z XVIII w., usytuowanej przy ogrodzeniu dworu i parku od strony ul. Wojs\u0142awskiej.<\/li>\r\n\r\n\r\n\r\n<li>6-8 VI Dru\u017cyna kobiet pi\u0142ki siatkowej FKS \u201eStal\u201d awansowa\u0142a do I ligi grupy A (ekstraklasy).<\/li>\r\n\r\n\r\n\r\n<li>10 VI Kilka tysi\u0119cy mielczan uczestniczy\u0142o w spotkaniu z Ojcem \u015awi\u0119tym Janem Paw\u0142em II w Kro\u015bnie. Mieleccy harcerze pe\u0142nili \u201eBia\u0142\u0105 S\u0142u\u017cb\u0119\u201d.<\/li>\r\n\r\n\r\n\r\n<li>12 VI W czasie drugiej cz\u0119\u015bci walnego zebrania cz\u0142onk\u00f3w FKS \u201ePZL-Stal\u201d podj\u0119to decyzj\u0119 o rozwi\u0105zaniu Klubu. R\u00f3wnocze\u015bnie wycofano dru\u017cyn\u0119 pi\u0142karsk\u0105 z rozgrywek II ligi.<\/li>\r\n\r\n\r\n\r\n<li>15 VI Biskup tarnowski dr J\u00f3zef \u017byci\u0144ski wmurowa\u0142 kamie\u0144 w\u0119gielny, po\u015bwi\u0119cony przez papie\u017ca Jana Paw\u0142a II, pod ko\u015bci\u00f3\u0142 Tr\u00f3jcy Przenaj\u015bwi\u0119tszej przy ul. Kardyna\u0142a Stefana Wyszy\u0144skiego.<\/li>\r\n\r\n\r\n\r\n<li>15-19 VI W czasie gie\u0142dy we Frankfurcie (Niemcy) odby\u0142o si\u0119 seminarium dla przedsi\u0119biorc\u00f3w niemieckich, w czasie kt\u00f3rego prezentowano SSE EURO-PARK MIELEC oraz niekt\u00f3re ma\u0142e i \u015brednie przedsi\u0119biorstwa.<\/li>\r\n\r\n\r\n\r\n<li>15-22 VI W 42 Mi\u0119dzynarodowym Salonie Lotniczym w La Bourget pod Pary\u017cem WSK \u201ePZL-Mielec\u201d eksponowa\u0142a produkty lotnicze wytwarzane w Zak\u0142adzie Lotniczym.<\/li>\r\n\r\n\r\n\r\n<li>18 VI Rada Miejska powo\u0142a\u0142a Gminn\u0105 Komisj\u0119 Rozwi\u0105zywania Problem\u00f3w Alkoholowych.<\/li>\r\n\r\n\r\n\r\n<li>26 VI Na bazie autonomicznej sekcji pi\u0142ki siatkowej kobiet zlikwidowanego KS \u201eStal\u201d utworzono Klub Pi\u0142ki Siatkowej.<\/li>\r\n\r\n\r\n\r\n<li>27 VI Odby\u0142o si\u0119 pierwsze Walne Zebranie Mieleckiego Klubu Pi\u0142karskiego \u201eStal\u201d.<\/li>\r\n\r\n\r\n\r\n<li>VI Powsta\u0142o Stowarzyszenie Pi\u0142ki R\u0119cznej (SPR) \u201eStal\u201d.<\/li>\r\n\r\n\r\n\r\n<li>1 VII Rzeszowski Zak\u0142ad Telekomunikacji udost\u0119pni\u0142 sie\u0107 Internetu dla Mielca poprzez numer 020-21-22.<\/li>\r\n\r\n\r\n\r\n<li>2 VII W sali konferencyjnej budynku Oddzia\u0142u ARP przy ul. Partyzant\u00f3w 25 odby\u0142a si\u0119 uroczysta inauguracja dzia\u0142alno\u015bci Centrum Kszta\u0142cenia Praktycznego (CKP) i Centrum Transferu Technologii (CTT).<\/li>\r\n\r\n\r\n\r\n<li>2 VII W Anapolis (Brazylia) otwarto montowni\u0119 mieleckich samolot\u00f3w M-18B Dromader.<\/li>\r\n\r\n\r\n\r\n<li>3 VII W budynku Oddzia\u0142u ARP przy ul. Partyzant\u00f3w rozpocz\u0119\u0142a dzia\u0142alno\u015b\u0107 mielecka Filia Banku Przemys\u0142owo-Handlowego (BPH).<\/li>\r\n\r\n\r\n\r\n<li>5 VII Na podstawie koncesji Ministra \u0141\u0105czno\u015bci rozpocz\u0105\u0142 dzia\u0142alno\u015b\u0107 TELENET Mielec Sp. z o.o., niezale\u017cny operator telekomunikacyjny, kontynuator dzia\u0142alno\u015bci PT Centrala Sp. z o.o.<\/li>\r\n\r\n\r\n\r\n<li>5 VII Na stadionie administrowanym przez Lekkoatletyczny Klub Sportowy Mielec przy ul. L. Solskiego odby\u0142 si\u0119 mityng lekkoatletyczny z cyklu Grand Prix PZLA, w kt\u00f3rym uczestniczy\u0142 m.in. Robert Korzeniowski \u2013 mistrz olimpijski w chodzie na 50 km.<\/li>\r\n\r\n\r\n\r\n<li>6 VII Przy Urz\u0119dzie Rejonowym powo\u0142ano Rad\u0119 ds. Kombatant\u00f3w i Os\u00f3b Represjonowanych, w sk\u0142ad kt\u00f3rej weszli przewodnicz\u0105cy poszczeg\u00f3lnych zwi\u0105zk\u00f3w kombatanckich i os\u00f3b represjonowanych.<\/li>\r\n\r\n\r\n\r\n<li>6 VII W hali sportowo-widowiskowej MOSiR rozegrano towarzyski mi\u0119dzypa\u0144stwowy mecz w pi\u0142ce siatkowej kobiet, w kt\u00f3rym Polska pokona\u0142a Japoni\u0119 3 : 2.<\/li>\r\n\r\n\r\n\r\n<li>11 VII Na skutek intensywnych opad\u00f3w m.in. w regionie mieleckim wyla\u0142y rzeki. W akcji ratowniczej na najbardziej zagro\u017conych terenach (Gminy Borowa i Czermin) wzi\u0119\u0142y udzia\u0142 mieleckie jednostki Pa\u0144stwowej Stra\u017cy Po\u017carnej, Policji, S\u0142u\u017cby Zdrowia i innych instytucji, a spo\u0142ecze\u0144stwo Mielca zorganizowa\u0142o r\u00f3\u017cne formy pomocy powodzianom.<\/li>\r\n\r\n\r\n\r\n<li>22 VII Dla uczczenia 60-lecia Zak\u0142ad\u00f3w Lotniczych w Mielcu z lotniska wystartowa\u0142 samolot An-2 do pierwszego w historii polskiego lotnictwa rajdu dooko\u0142a \u015bwiata. Za\u0142og\u0119 stanowili\u201d Waldemar Miszkurka (pilot), Bogus\u0142aw Gajek (mechanik) i Andrzej Szyma\u0144ski (pilot).<\/li>\r\n\r\n\r\n\r\n<li>2 VIII Dru\u017cyna MKP \u201eStal\u201d zosta\u0142a wycofana z rozgrywek rzeszowskiej klasy \u201eR\u201d.<\/li>\r\n\r\n\r\n\r\n<li>9 VIII W MOK odby\u0142 si\u0119 przedwyborczy mityng Akcji Wyborczej \u201eSolidarno\u015b\u0107\u201d (AWS) z udzia\u0142em przewodnicz\u0105cego Komisji Krajowej NSZZ \u201eSolidarno\u015b\u0107\u201d i AWS Mariana Krzaklewskiego.<\/li>\r\n\r\n\r\n\r\n<li>10 VIII W ko\u015bciele Matki Bo\u017cej Nieustaj\u0105cej Pomocy odby\u0142o si\u0119 uroczyste po\u017cegnanie ks. pra\u0142ata Jana Bia\u0142oboka, kt\u00f3ry zrezygnowa\u0142 z funkcji proboszcza, oraz powitanie nowego proboszcza ks. kanonika Kazimierza Czesaka. Ksi\u0119dzu Janowi Bia\u0142obokowi powierzono zadanie zorganizowania S\u0105du Diecezjalnego w Rzeszowie.<\/li>\r\n\r\n\r\n\r\n<li>29 VIII W mieleckim oddziale Agencji Rozwoju Przemys\u0142u go\u015bci\u0142 minister pracy i polityki socjalnej Tadeusz Zieli\u0144ski.<\/li>\r\n\r\n\r\n\r\n<li>30-31 VIII Na lotnisku w Mielcu odby\u0142y si\u0119 Centralne Uroczysto\u015bci \u015awi\u0119ta Lotnictwa Polskiego AIR SHOW Mielec \u201997. Na program z\u0142o\u017cy\u0142y si\u0119: 30VII &#8211; wystawa stacjonarna (m.in. samoloty F-16, F\/A 18, Mirage 2000-5 i Jas-39 Gripen), wystawa samolot\u00f3w An-2 (\u015bwiatowy zlot), ekspozycja firm lotniczych, spotkanie Krajowej Rady Lotnictwa w Przec\u0142awiu, a 31VII \u2013 pokazy lotnicze i program artystyczny. W imprezie uczestniczy\u0142o oko\u0142o 50 tysi\u0119cy widz\u00f3w.<\/li>\r\n\r\n\r\n\r\n<li>3-5 IX W hali sportowo-widowiskowej odby\u0142y si\u0119 V Mieleckie Targi Wielobran\u017cowe z udzia\u0142em oko\u0142o 60 wystawc\u00f3w z kraju i zagranicy.<\/li>\r\n\r\n\r\n\r\n<li>11-14 IX WSK \u201ePZL-Mielec\u201d eksponowa\u0142a swoje wyroby na V Mi\u0119dzynarodowym Salonie Przemys\u0142u Obronnego w Kielcach.<\/li>\r\n\r\n\r\n\r\n<li>20 IX \u2013 5 X W ramach \u201eDni Mielca\u201d zorganizowano oko\u0142o 60 imprez o r\u00f3\u017cnym charakterze.<\/li>\r\n\r\n\r\n\r\n<li>21 IX W wyborach do Sejmu RP wybrani zostali trzej mielczanie: Andrzej Osnowski (Akcja Wyborcza Solidarno\u015b\u0107), Stanis\u0142aw Janas (Sojusz Lewicy Demokratycznej) i Jan Kr\u00f3l (Unia Wolno\u015bci). Jan Kr\u00f3l zosta\u0142 wybrany na wicemarsza\u0142ka Sejmu RP.<\/li>\r\n\r\n\r\n\r\n<li>21 IX Z okazji 25-lecia Hotelu \u201eJubilat\u201d zorganizowano festyn, w kt\u00f3rym uczestniczy\u0142o kilkana\u015bcie tysi\u0119cy os\u00f3b. Koncertowa\u0142 krakowski zesp\u00f3\u0142 \u201eGrupa pod Bud\u0105\u201d, a ponadto wyst\u0105pi\u0142y zespo\u0142y artystyczne Mieleckiego O\u015brodka Kultury.<\/li>\r\n\r\n\r\n\r\n<li>22 IX Zezwolenie na prowadzenie dzia\u0142alno\u015bci gospodarczej na terenie SSE EURO-PARK MIELEC otrzyma\u0142a firma \u201eCrane Plastic Poland\u201d, produkuj\u0105ca siding winylowy.<\/li>\r\n\r\n\r\n\r\n<li>22 IX Medalem \u201ePrzyjaciel Miasta Mielca\u201d wyr\u00f3\u017cniony zosta\u0142 Jose Paez de Lucena \u2013 prezes Zarz\u0105du \u201ePZL-Mielec\u201d w Anapolis (Brazylia).<\/li>\r\n\r\n\r\n\r\n<li>24 IX W Galerii MOK otwarto wystaw\u0119 \u201eMi\u0119dzynarodowe Triennale Grafiki\u201d.<\/li>\r\n\r\n\r\n\r\n<li>26 IX W ko\u015bciele MBNP i w auli Zespo\u0142u Szk\u00f3\u0142 Technicznych odby\u0142a si\u0119 uroczysto\u015b\u0107 25-lecia Zespo\u0142u Szk\u00f3\u0142 Budowlanych i nadania szkole imienia \u017bo\u0142nierzy Armii Krajowej.<\/li>\r\n\r\n\r\n\r\n<li>29 IX Zezwolenie na dzia\u0142alno\u015b\u0107 w SSE EURO-PARK MIELEC otrzyma\u0142y: Fabryka Produkcji Butli \u201eCyltec-Mielec\u201d Sp. z o.o. , \u201eSpiroflex\u201d Sp. z o.o. oraz Zak\u0142ady Gumowe Geyer&amp;Hosaja.<\/li>\r\n\r\n\r\n\r\n<li>IX Powsta\u0142a firma TERMICO Sp. z o.o, prowadz\u0105ca sprzeda\u017c materia\u0142\u00f3w budowlanych i us\u0142ugi budowlane.<\/li>\r\n\r\n\r\n\r\n<li>3 X Prezydent Mielca Janusz Chodorowski wyr\u00f3\u017cni\u0142 Medalem \u201ePrzyjaciel Miasta Mielca\u201d grup\u0119 os\u00f3b, kt\u00f3re znacz\u0105co przyczyni\u0142y si\u0119 do powstania SSE EURO-PARK MIELEC i restrukturyzacji mieleckiego przemys\u0142u: Teres\u0119 Koryci\u0144sk\u0105, Arkadiusza Kr\u0119\u017cla, Wac\u0142awa Niewiarowskiego, Edwarda Edmunda Nowaka, Marka Pola i Tadeusza Sorok\u0119.<\/li>\r\n\r\n\r\n\r\n<li>3-5 X W hali sportowo-widowiskowej MOSiR zorganizowano V Mi\u0119dzynarodowe Targi Mieleckie, w kt\u00f3rych wzi\u0119\u0142o udzia\u0142 oko\u0142o 60 wystawc\u00f3w z kraju i zagranicy.<\/li>\r\n\r\n\r\n\r\n<li>11 X Na Festiwalu Pie\u015bni Religijnej \u201eCantate Deo\u201d w Rzeszowie nagrod\u0119 g\u0142\u00f3wn\u0105 otrzyma\u0142 ch\u00f3r mieszany I LO im. S. Konarskiego pod kierunkiem prof. Paw\u0142a Lisa.<\/li>\r\n\r\n\r\n\r\n<li>14 X Rada Ministr\u00f3w znowelizowa\u0142a rozporz\u0105dzenie o ustanowieniu SSE EURO-PARK MIELEC, powi\u0119kszaj\u0105c obszar strefy z 575 ha do 627 ha.<\/li>\r\n\r\n\r\n\r\n<li>21 X Wyprodukowany w WSK Mielec samolot An-2 z pilotem Waldemarem Miszkurk\u0105 i mechanikiem Bogus\u0142awem Gajkiem wyl\u0105dowa\u0142 na mieleckim lotnisku po locie dooko\u0142a \u015bwiata, rozpocz\u0119tym 22 VII. Drugi pilot Andrzej Szyma\u0144ski uczestniczy\u0142 tylko w cz\u0119\u015bci lotu.<\/li>\r\n\r\n\r\n\r\n<li>24 X W Mieleckim O\u015brodku Kultury odby\u0142o si\u0119 VI Sympozjum Naukowe \u201ePost\u0119py w onkologii\u201d, w kt\u00f3rym wzi\u0119li udzia\u0142 lekarze z ca\u0142ego kraju.<\/li>\r\n\r\n\r\n\r\n<li>11 XI W ko\u015bciele \u015bw. Mateusza i przy pomniku Wolno\u015bci odby\u0142y si\u0119 miejskie uroczysto\u015bci Narodowego \u015awi\u0119ta Niepodleg\u0142o\u015bci. W filii \u201eJadern\u00f3wka\u201d Muzeum Regionalnego otwarto wystaw\u0119 \u201ePolonia Restituta\u201d, a w Galerii MOK \u2013 wystaw\u0119 \u201ePolskie drogi do niepodleg\u0142o\u015bci\u201d \u2013 malarstwo batalistyczne Stanis\u0142awa Bodesa.<\/li>\r\n\r\n\r\n\r\n<li>20 XI W budynku przy ul. S. Wyspia\u0144skiego 6 uroczy\u015bcie otwarto mieleck\u0105 fili\u0119 Wojew\u00f3dzkiej Biblioteki Pedagogicznej w Rzeszowie.<\/li>\r\n\r\n\r\n\r\n<li>XI Przeniesiono siedzib\u0119 MZBM Sp. z o.o. do budynku przy ul. E. Biernackiego 1.<\/li>\r\n\r\n\r\n\r\n<li>5 XII Z udzia\u0142em kilku tysi\u0119cy dzieci odby\u0142 si\u0119 kolejny \u201eHappening Miko\u0142ajkowy\u201d na placu AK.<\/li>\r\n\r\n\r\n\r\n<li>6 XII W budynku przy ul. ks. P. Skargi firma GOSAT MEDIA Wroc\u0142aw otwar\u0142a Studio Telewizji Kablowej Mielec.<\/li>\r\n\r\n\r\n\r\n<li>18 XII Ukaza\u0142 si\u0119 ostatni (1776) numer tygodnika \u201eG\u0142os Mielecki\u201d wydawanego przez WSK Mielec od 1951 r.<\/li>\r\n\r\n\r\n\r\n<li>13 XI Piloci Zbigniew Nowakowski i Czes\u0142aw \u017bywocki wykonali pierwszy lot na samolocie M18 BS Dromader wyprodukowanym w WSK PZL-Mielec.<\/li>\r\n\r\n\r\n\r\n<li>29 XII W Sali Kr\u00f3lewskiej PSM I i II st. odby\u0142o si\u0119 tradycyjne miejskie spotkanie \u015bwi\u0105teczno-noworoczne. Go\u015bciem honorowym by\u0142 wojewoda rzeszowski Zbigniew Sieczko\u015b.<\/li>\r\n\r\n\r\n\r\n<li>31 XII Stopa bezrobocia w subregionie mieleckim wynosi\u0142a 12,1 %.<\/li>\r\n\r\n\r\n\r\n<li>31 XII \/1 I 1998 Podczas pokazu sztucznych ogni kilka tysi\u0119cy mielczan powita\u0142o Nowy Rok na placu AK.<\/li>\r\n<\/ul>\r\n\r\n\r\n\r\n<p><strong>Ponadto w 1997 r.<\/strong>:<\/p>\r\n\r\n\r\n\r\n<ul class=\"wp-block-list\">\r\n<li>Zezwolenie na dzia\u0142alno\u015b\u0107 w SSE EURO-PARK MIELEC uzyska\u0142a firma Formaplan Polska Sp. z o.o., produkuj\u0105ca meble z drewna litego.<\/li>\r\n\r\n\r\n\r\n<li>W wyborach do Sejmu RP mandaty poselskie uzyskali mielczanie: Andrzej Osnowski (AWS), Stanis\u0142aw Janas (SLD) i Jan Kr\u00f3l (Unia Wolno\u015bci).<\/li>\r\n\r\n\r\n\r\n<li>Mielczanin Jan Kr\u00f3l zosta\u0142 wybrany na wicemarsza\u0142ka Sejmu RP na kadencj\u0119 1997-2001.<\/li>\r\n\r\n\r\n\r\n<li>W AEROEXPO-1997 w Wenezueli pokazywano m.in. samolot M-28 wyprodukowany w Zak\u0142adzie Lotniczym Sp. z o.o. w Mielcu.<\/li>\r\n\r\n\r\n\r\n<li>Firma CONSTRUCTION Sp. z o.o., oferuj\u0105ca materia\u0142y budowlane i akcesoria do wykonywania rob\u00f3t w technologii \u201esuchego tynku\u201d, uruchomi\u0142a plac\u00f3wk\u0119 handlow\u0105 w Mielcu przy ul. Przemys\u0142owej.<\/li>\r\n<\/ul>\r\n\r\n\r\n\r\n<p><br \/><strong>1998<\/strong><\/p>\r\n\r\n\r\n\r\n<ul class=\"wp-block-list\">\r\n<li>1 I Rozpocz\u0119\u0142o dzia\u0142alno\u015b\u0107 Samorz\u0105dowe Centrum Kultury jako inspirator, organizator i koordynator dzia\u0142alno\u015bci kulturalno-o\u015bwiatowej w Mielcu. W jego sk\u0142ad wesz\u0142y: Dom Kultury przy al. Niepodleg\u0142o\u015bci 7, Miejska Biblioteka Publiczna przy ul. J. Kusoci\u0144skiego 2 z filiami oraz Muzeum Regionalne Filia \u201eJadern\u00f3wka\u201d przy ul. Jadernych 19 i pa\u0142acyk Oborskich (w remoncie) przy ul. Legion\u00f3w.<\/li>\r\n\r\n\r\n\r\n<li>1 I Na terenie SSE EURO-PARK MIELEC rozpocz\u0119\u0142a funkcjonowanie firma EUROKOL Sp. z o.o., specjalizuj\u0105ca si\u0119 w us\u0142ugach zwi\u0105zanych z transportem kolejowym.<\/li>\r\n\r\n\r\n\r\n<li>7 I W czasie kolejnej edycji Wielkiej Orkiestry \u015awi\u0105tecznej Pomocy w Mielcu i okolicy zebrano oko\u0142o 31 635 z\u0142otych (nowych).<\/li>\r\n\r\n\r\n\r\n<li>3 II Zezwolenie na prowadzenie dzia\u0142alno\u015bci na terenie SSE EURO-PARK MIELEC otrzyma\u0142a firma \u201eZielona Budka\u201d produkuj\u0105ca lody.<\/li>\r\n\r\n\r\n\r\n<li>3 II Firma FAKRO-WDF Sp. z o.o., produkuj\u0105ca m.in. okna dachowe i w\u0142azy dachowe, otrzyma\u0142a zezwolenie na dzia\u0142alno\u015b\u0107 gospodarcz\u0105 w SSE EURO-PARK MIELEC.<\/li>\r\n\r\n\r\n\r\n<li>4 II W budynku administracyjnym WSK \u201ePZL-Mielec\u201d grupa pracownik\u00f3w stra\u017cy przemys\u0142owej rozpocz\u0119\u0142a strajk okupacyjny jako protest przeciw zwolnieniom z pracy.<\/li>\r\n\r\n\r\n\r\n<li>9 II W Szkole Podstawowej nr 13 odby\u0142a si\u0119 uroczysto\u015b\u0107 otwarcia O\u015brodka Sportowo-Rehabilitacyjnego, w tym hali sportowej.<\/li>\r\n\r\n\r\n\r\n<li>19 II W ko\u015bciele MBNP, sali widowiskowej SCK i budynku szkolnym II Liceum Og\u00f3lnokszta\u0142c\u0105ce im. M. Kopernika obchodzi\u0142o 45-lecie dzia\u0142alno\u015bci.<\/li>\r\n\r\n\r\n\r\n<li>19 II W S\u0105dzie Rejonowym zako\u0144czono proces 12 os\u00f3b zwi\u0105zanych z handlem narkotykami i wydano wyroki.<\/li>\r\n\r\n\r\n\r\n<li>22 II Zmar\u0142 Eugeniusz Janicki (l. 68) \u2013 lekarz internista, d\u0142ugoletni ordynator Oddzia\u0142u Chor\u00f3b Wewn\u0119trznych w mieleckim szpitalu, wychowawca wielu mieleckich internist\u00f3w.<\/li>\r\n\r\n\r\n\r\n<li>1 III Kierownikiem Urz\u0119du Rejonowego zosta\u0142 mianowany Stanis\u0142aw G\u0142odzik.<\/li>\r\n\r\n\r\n\r\n<li>7 III W drugiej edycji plebiscytu Tygodnika Regionalnego \u201eKorso\u201d tytu\u0142 Cz\u0142owieka Roku 1997 otrzyma\u0142a Ma\u0142gorzata Lubieniecka.<\/li>\r\n\r\n\r\n\r\n<li>12 III Rada Nadzorcza WSK \u201ePZL-Mielec\u201d przyj\u0119\u0142a dymisj\u0119 prezesa zarz\u0105du Wies\u0142awa Pastu\u0142y i powierzy\u0142a t\u0119 funkcj\u0119 Ryszardowi Grochowskiemu.<\/li>\r\n\r\n\r\n\r\n<li>12 III W hali sportowo-widowiskowej MOSiR wyst\u0105pi\u0142 zesp\u00f3\u0142 muzyczny \u201eBudka Suflera\u201d.<\/li>\r\n\r\n\r\n\r\n<li>31 III W WSK \u201ePZL-Mielec\u201d i mieleckim Oddziale Agencji Rozwoju Przemys\u0142u go\u015bci\u0142a delegacja Stowarzyszenia Brytyjskich Firm Lotniczych.<\/li>\r\n\r\n\r\n\r\n<li>31 III Po przebudowie i modernizacji (nowe jednolite kramy i stoiska) wznowi\u0142 dzia\u0142alno\u015b\u0107 \u201ezielony rynek\u201d przy ul. Sandomierskiej.<\/li>\r\n\r\n\r\n\r\n<li>4 IV Zamkni\u0119to ulic\u0119 S. Staszica i rozpocz\u0119to jej przebudow\u0119. By\u0142o to rozpocz\u0119cie pierwszego etapu realizacji ulicy w kierunku mostu na Wis\u0142oce, odci\u0105\u017caj\u0105cej Stary Mielec od ci\u0119\u017ckiego ruchu ko\u0142owego.<\/li>\r\n\r\n\r\n\r\n<li>5 IV Reprezentuj\u0105cy Polsk\u0119 Wies\u0142aw Figurski (zawodnik LKS Mielec) wywalczy\u0142 3. miejsce w XVIII mi\u0119dzynarodowym p\u00f3\u0142maratonie w Berlinie.<\/li>\r\n\r\n\r\n\r\n<li>16 IV W drodze na spotkanie z prezydentem W\u0119gier Arpadem G\u00f6nczem w Tarnowie, na mieleckim lotnisku go\u015bci\u0142 prezydent RP Aleksander Kwa\u015bniewski.<\/li>\r\n\r\n\r\n\r\n<li>21 IV Zezwolenie na prowadzenie dzia\u0142alno\u015bci gospodarczej na terenie SSE EURO-PARK MIELEC otrzyma\u0142a firma COLFARM \u2013 producent lek\u00f3w.<\/li>\r\n\r\n\r\n\r\n<li>24-26 IV W hali sportowo-widowiskowej odby\u0142y si\u0119 VI Mieleckie Targi Wielobran\u017cowe, w kt\u00f3rych uczestniczy\u0142o oko\u0142o 70 wystawc\u00f3w.<\/li>\r\n\r\n\r\n\r\n<li>28 IV W sali widowiskowej SCK odby\u0142o si\u0119 Mieleckie Forum Gospodarcze.<\/li>\r\n\r\n\r\n\r\n<li>28 IV Zezwolenie na prowadzenie dzia\u0142alno\u015bci gospodarczej na terenie SSE EURO-PARK MIELEC otrzyma\u0142a firma Kirchhoff Polska Sp. z o.o., specjalizuj\u0105ca si\u0119 w bran\u017cy motoryzacyjnej.<\/li>\r\n\r\n\r\n\r\n<li>13 V W ko\u015bciele Matki Bo\u017cej Nieustaj\u0105cej Pomocy odby\u0142y si\u0119 uroczysto\u015bci zako\u0144czenia Jubileuszowego 50. Roku Parafii Matki Bo\u017cej Nieustaj\u0105cej Pomocy. Mszy \u015bw. przewodniczy\u0142 biskup tarnowski Wiktor Skworc. On tak\u017ce ods\u0142oni\u0142 i po\u015bwi\u0119ci\u0142 pami\u0105tkow\u0105 tablic\u0119 ks. Henryka Arczewskiego \u2013 za\u0142o\u017cyciela parafii i budowniczego ko\u015bcio\u0142a MBNP.<\/li>\r\n\r\n\r\n\r\n<li>14 V S\u0105d Najwy\u017cszy podj\u0105\u0142 uchwa\u0142\u0119 w sprawie wyr\u00f3wnania przez Skarb Pa\u0144stwa strat w wysoko\u015bci 31 mln z\u0142 , poniesionych przez WSK \u201ePZL-Mielec\u201d w latach 1990-1992 na skutek utrzymywania w gotowo\u015bci bezczynnych linii produkcyjnych, do czego obligowa\u0142y go \u00f3wczesne przepisy.<\/li>\r\n\r\n\r\n\r\n<li>15 V Na zlecenie Zarz\u0105du Miasta Ma\u0142opolski Instytut Samorz\u0105du Terytorialnego i Administracji w Krakowie opracowa\u0142 ankiet\u0119 dla mieszka\u0144c\u00f3w Mielca na temat preferencji wydatk\u00f3w z bud\u017cetu miasta.<\/li>\r\n\r\n\r\n\r\n<li>27 V Rada Miejska upowa\u017cni\u0142a Zarz\u0105d ARP SA. w Warszawie do za\u0142atwiania spraw zwi\u0105zanych z podzia\u0142ami ewidencyjnymi nieruchomo\u015bci le\u017c\u0105cych w granicach SSE EURO-PARK MIELEC.<\/li>\r\n\r\n\r\n\r\n<li>29 V W siedzibie Oddzia\u0142u ARP uroczy\u015bcie wr\u0119czono zezwolenia na dzia\u0142alno\u015b\u0107 gospodarcz\u0105 w SSE nast\u0119puj\u0105cym firmom: Kirchhoff Polska Sp. z o.o. (wyr\u00f3b cz\u0119\u015bci i podzespo\u0142\u00f3w samochodowych), Formaplan (produkcja mebli), Zielona Budka SA. (wyr\u00f3b lod\u00f3w), Zak\u0142ady Farmaceutyczne Colfarm (wytwarzanie lek\u00f3w), Farmo-WDF (produkcja okien i akcesori\u00f3w okiennych) i NP. Konstrukcje (wyr\u00f3b element\u00f3w plastycznych).<\/li>\r\n\r\n\r\n\r\n<li>30 V \u2013 4 VI W ramach Mieleckich Dni M\u0142odo\u015bci \u201eJuwenilia\u201d zorganizowano kilkana\u015bcie imprez i konkurs\u00f3w dla dzieci i m\u0142odzie\u017cy.<\/li>\r\n\r\n\r\n\r\n<li>1 VI Galicyjskie Towarzystwo Informatyczne Sp. z o.o. w Mielcu otrzyma\u0142o zezwolenie na dzia\u0142alno\u015b\u0107 w SSE EURO-PARK MIELEC.<\/li>\r\n\r\n\r\n\r\n<li>3-5 VI Agencja Rozwoju Regionalnego MARR SA. Uczestniczy\u0142a w Targach Techniki i Technologii w \u0141odzi.<\/li>\r\n\r\n\r\n\r\n<li>8 VI W sali konferencyjnej Urz\u0119du Miejskiego przy ul. S. \u017beromskiego odby\u0142o si\u0119 spotkanie biskupa tarnowskiego Wiktora Skworca i mieleckich proboszcz\u00f3w z samorz\u0105dowymi w\u0142adzami miasta i przedstawicielami mieleckich instytucji. Wiod\u0105cym tematem by\u0142o kszta\u0142cenie, wychowywanie i zatrudnianie m\u0142odzie\u017cy.<\/li>\r\n\r\n\r\n\r\n<li>10 VI Rada Miejska utworzy\u0142a Zak\u0142ad Utylizacji Odpad\u00f3w Komunalnych Sp. z o.o. oraz nada\u0142a ulicy na osiedlu Mo\u015bciska (bocznej od ul. Pogodnej) patronat Stanis\u0142awa Doliny.<\/li>\r\n\r\n\r\n\r\n<li>15 VI W sali widowiskowej SCK odby\u0142o si\u0119 Mieleckie Forum Spo\u0142eczne.<\/li>\r\n\r\n\r\n\r\n<li>23 VI Pozwolenie na dzia\u0142alno\u015b\u0107 w SSE EURO-PARK MIELEC otrzyma\u0142a firma francuska Onduline Production Sp. z o.o.<\/li>\r\n\r\n\r\n\r\n<li>30 VI \u2013 14 IX Samorz\u0105dowe Centrum Kultury we wsp\u00f3\u0142pracy z Parafi\u0105 Matki Bo\u017cej Nieustaj\u0105cej Pomocy zorganizowa\u0142o I Mi\u0119dzynarodowy Festiwal Organowy w ko\u015bciele MBNP. W ramach festiwalu oby\u0142o si\u0119 6 koncert\u00f3w z udzia\u0142em wybitnych artyst\u00f3w polskich i zagranicznych.<\/li>\r\n\r\n\r\n\r\n<li>30 VI W ko\u015bciele MBNP odby\u0142 si\u0119 koncert inauguracyjny I Mi\u0119dzynarodowego Festiwalu Muzyki Organowej \u201eMielec\u201998\u201d, w kt\u00f3rym wyst\u0105pili Robert Grudzie\u0144 (organy) i Georgij Agratina (fletnia Pana, Ukraina). W koncercie towarzysz\u0105cym wyst\u0105pi\u0142a Orkiestra Kameralna Mieleckiego Towarzystwa Muzycznego.<\/li>\r\n\r\n\r\n\r\n<li>VI W Galerii SCK eksponowano wystaw\u0119 \u201ePolskie malarstwo XIX w.\u201d.<\/li>\r\n\r\n\r\n\r\n<li>13 VII Przed budynkiem administracyjnym WSK \u201ePZL-Mielec\u201d odby\u0142o si\u0119 spotkanie pracownik\u00f3w Zak\u0142adu Lotniczego \u201ePZL-Mielec\u201d z kierownictwami WSK i ZL, w\u0142adzami miasta i pos\u0142ami AWS. G\u0142\u00f3wnym tematem by\u0142y nieterminowe wyp\u0142aty i dalsze funkcjonowanie Zak\u0142adu Lotniczego.<\/li>\r\n\r\n\r\n\r\n<li>14 VII Na Mi\u0119dzynarodowej Olimpiadzie Chemicznej w Melbourne (Australia) mielczanka Joanna Drozd (uczennica II LO im. M. Kopernika), przygotowana przez Ann\u0119 Lewandowsk\u0105, zdoby\u0142a srebrny medal.<\/li>\r\n\r\n\r\n\r\n<li>15 VII W czasie \u015awiatowych Igrzysk M\u0142odzie\u017cy Szkolnej w Moskwie reprezentuj\u0105ca Polsk\u0119 Patrycja Rataj (LKS Mielec) zaj\u0119\u0142a 7. miejsce w skoku wzwy\u017c (175 cm).<\/li>\r\n\r\n\r\n\r\n<li>VII W Chicago powsta\u0142 Klub Pi\u0142karski \u201ePolonia\u201d Mielec.<\/li>\r\n\r\n\r\n\r\n<li>24 VII Na mocy ustawy z 24 VII 1998 r. o wprowadzeniu tr\u00f3jstopniowego podzia\u0142u terytorialnego pa\u0144stwa \u2013 Mielec i okoliczne gminy znalaz\u0142y si\u0119 w granicach wojew\u00f3dztwa podkarpackiego z siedzib\u0105 w\u0142adz w Rzeszowie.<\/li>\r\n\r\n\r\n\r\n<li>7 VIII Rozporz\u0105dzeniem Rady Ministr\u00f3w z dnia 7 VIII 1998 r. w sprawie utworzenia powiat\u00f3w \u2013 utworzono m.in. powiat mielecki w granicach z 1975 r., a wi\u0119c z nast\u0119puj\u0105cymi gminami: Mielec \u2013 miasto, Borowa, Czermin, Gaw\u0142uszowice, Mielec \u2013 gmina wiejska, Padew Narodowa, Przec\u0142aw, Radomy\u015bl Wielki, Tusz\u00f3w Narodowy i Wadowice G\u00f3rne.<\/li>\r\n\r\n\r\n\r\n<li>9 VIII MKP \u201eStal\u201d Mielec zosta\u0142a zg\u0142oszona do rozgrywek V ligi pi\u0142ki no\u017cnej grupy rzeszowskiej w sezonie 1998\/1999.<\/li>\r\n\r\n\r\n\r\n<li>11 VIII W czwartym koncercie I MFO w ko\u015bciele MBNP wyst\u0105pi\u0142 organista Jan van Mol (Holandia). W koncercie towarzysz\u0105cym zaprezentowa\u0142 si\u0119 Zesp\u00f3\u0142 Muzyki Dawnej \u201eHortus Musicus\u201d SCK w Mielcu.<\/li>\r\n\r\n\r\n\r\n<li>17 VIII W XVI Pieszej Pielgrzymce Tarnowskiej na Jasn\u0105 G\u00f3r\u0119 w Cz\u0119stochowie uczestniczy\u0142o oko\u0142o 1,5 tysi\u0105ca mielczan.<\/li>\r\n\r\n\r\n\r\n<li>22 VIII Na terenach MOSiR odby\u0142a si\u0119 wielka plenerowa impreza kulturalno-rekreacyjna \u201eLato z Radiem i Telewizyjn\u0105 Jedynk\u0105\u201d. W koncercie wyst\u0105pili: \u201eLady Pank\u201d, \u201eJust-5\u201d, \u201eViva\u201d, \u201eDona\u201d, \u201eTarget\u201d i \u201e\u017buki\u201d, a dzieci zabawia\u0142 Pan Japa (Krzysztof Ja\u0144czak). Mimo zmiennej pogody w imprezie wzi\u0119\u0142o udzia\u0142 oko\u0142o 20 tysi\u0119cy os\u00f3b z Mielca i okolic.<\/li>\r\n\r\n\r\n\r\n<li>24 VIII We wszystkich polskich zak\u0142adach zbrojeniowych i lotniczych, w tym w Zak\u0142adzie Lotniczym \u201ePZL-Mielec\u201d, zorganizowano jednogodzinny strajk ostrzegawczy w celu zwr\u00f3cenia uwagi na trudn\u0105 sytuacj\u0119 polskiego przemys\u0142u zbrojeniowego.<\/li>\r\n\r\n\r\n\r\n<li>25 VIII Fundacja MCKiRG rozpocz\u0119\u0142a realizacj\u0119 projektu \u201eM\u0142odzi Niezale\u017cni\u201d nakierowanego na wyzwalanie aktywno\u015bci zawodowej m\u0142odzie\u017cy na rynku pracy.<\/li>\r\n\r\n\r\n\r\n<li>29-30 VIII W Mi\u0119dzynarodowym AIR-SHOW-98 w D\u0119blinie m.in. zaprezentowa\u0142y si\u0119 samoloty produkcji WSK \u201ePZL-Mielec\u201d i Zak\u0142adu Lotniczego \u201ePZL-Mielec\u201d \u2013 TS-11 Iskra (zespo\u0142owo) i I-22 Iryda.<\/li>\r\n\r\n\r\n\r\n<li>1 IX Na murze przy ko\u015bciele \u015bw. Mateusza ods\u0142oni\u0119to i po\u015bwi\u0119cono tablic\u0119 upami\u0119tniaj\u0105c\u0105 \u017co\u0142nierzy WP poleg\u0142ych na Ziemi Mieleckiej w czasie II wojny \u015bwiatowej.<\/li>\r\n\r\n\r\n\r\n<li>1 IX Powo\u0142ano Zak\u0142ad Utylizacji Odpad\u00f3w Komunalnych Sp. z o.o. w celu prowadzenia dzia\u0142alno\u015bci gospodarczej na bazie wybudowanego w 1997 r. sk\u0142adowiska odpad\u00f3w komunalnych przy ul. Wolno\u015bci.<\/li>\r\n\r\n\r\n\r\n<li>6-13 IX W pokazach lotniczych w ramach najwi\u0119kszego na \u015bwiecie Salonu Lotnictwa Wojskowego w Farnborough ko\u0142o Londynu uczestniczy\u0142 polski samolot Skytruck wyprodukowany przez Zak\u0142ad Lotniczy \u201ePZL-Mielec\u201d.<\/li>\r\n\r\n\r\n\r\n<li>13 IX W czasie Mszy \u015bw. w ko\u015bciele \u015awi\u0119tego Krzy\u017ca w Warszawie, transmitowanej przez PR, \u015bpiewa\u0142 mielecki ch\u00f3r \u201eMelodia\u201d.<\/li>\r\n\r\n\r\n\r\n<li>14 IX W ko\u015bciele MBNP odby\u0142 si\u0119 sz\u00f3sty i ostatni koncert I MFO, w kt\u00f3rym wyst\u0105pili: \u015bwiatowej s\u0142awy tenor Wies\u0142aw Ochman i organista Robert Grudzie\u0144, a w koncercie towarzysz\u0105cym zaprezentowa\u0142 si\u0119 ch\u00f3r mieszany I LO im. S. Konarskiego. Prezydent Mielca Janusz Chodorowski wyr\u00f3\u017cni\u0142 Medalem \u201ePrzyjaciel Miasta Mielca\u201d Roberta Grudnia \u2013 dyrektora I Mi\u0119dzynarodowego Festiwalu Organowego Mielec-1998.<\/li>\r\n\r\n\r\n\r\n<li>19-20 IX Na lotnisku odby\u0142 si\u0119 Festyn Lotniczy zorganizowany z okazji 80-lecia lotnictwa polskiego. W imprezie uczestniczy\u0142o oko\u0142o 20 tysi\u0119cy publiczno\u015bci.<\/li>\r\n\r\n\r\n\r\n<li>20-26 IX W partnerskim francuskim mie\u015bcie Douchy-les-Mines wyst\u0105pi\u0142 z kilkoma koncertami ch\u00f3r mieszany I LO im. S. Konarskiego pod dyrekcj\u0105 prof. Paw\u0142a Lisa.<\/li>\r\n\r\n\r\n\r\n<li>28 IX W salach Fundacji MCKiRG i Oddzia\u0142u ARP odby\u0142o si\u0119 polsko-bia\u0142oruskie seminarium \u201eRozw\u00f3j specjalnych stref ekonomicznych i ich wp\u0142yw na rozw\u00f3j spo\u0142eczno-gospodarczy regionu\u201d.<\/li>\r\n\r\n\r\n\r\n<li>2 X Na budynku filii \u201eJadern\u00f3wka\u201d Muzeum Regionalnego ods\u0142oni\u0119to tablic\u0119 upami\u0119tniaj\u0105c\u0105 dzia\u0142alno\u015b\u0107 fotograficzn\u0105 i spo\u0142eczn\u0105 Augusta i Wiktora Jadernych.<\/li>\r\n\r\n\r\n\r\n<li>3 X W sali widowiskowej SCK odby\u0142 si\u0119 uroczysty koncert z okazji 50-lecia dzia\u0142alno\u015bci artystycznej Reprezentacyjnej Orkiestry D\u0119tej SCK.<\/li>\r\n\r\n\r\n\r\n<li>6 X WSK \u201ePZL-Mielec\u201d, Zak\u0142ad Lotniczy \u201ePZL-Mielec\u201d i banki podpisa\u0142y porozumienie w sprawie kierunk\u00f3w restrukturyzacji.<\/li>\r\n\r\n\r\n\r\n<li>9-11 X W VII Mieleckich Targach Wielobran\u017cowych, kt\u00f3re zorganizowano w hali sportowo-widowiskowej, wzi\u0119\u0142o udzia\u0142 oko\u0142o 60 wystawc\u00f3w z kraju i zagranicy.<\/li>\r\n\r\n\r\n\r\n<li>3 XI Na pierwszej sesji Rady Miejskiej na prezydenta miasta wybrano ponownie Janusza Chodorowskiego, a przewodnicz\u0105cym Rady zosta\u0142 Zdzis\u0142aw Nowakowski.<\/li>\r\n\r\n\r\n\r\n<li>XI Na pierwszej sesji Rady Powiatu Mieleckiego na starost\u0119 wybrano J\u00f3zefa Smacznego, a na przewodnicz\u0105cego Rady \u2013 Kazimierza Popio\u0142ka.<\/li>\r\n\r\n\r\n\r\n<li>18 XI Firma EURO-ENERGETYKA Sp. z o.o. w Mielcu uzyska\u0142a koncesj\u0119 Urz\u0119du Energetyki na obr\u00f3t, przemys\u0142 i dystrybucj\u0119 energii elektrycznej na terenie SSE EURO-PARK MIELEC.<\/li>\r\n\r\n\r\n\r\n<li>4-27 XI Na Targach Inwestycyjnych INVESTCITY \u201998 w Poznaniu po raz pierwszy zaprezentowa\u0142o si\u0119 miasto Mielec. Na r\u00f3wnocze\u015bnie odbywaj\u0105cych si\u0119 Mi\u0119dzynarodowych Targach POLEKO\u201998 zaprezentowa\u0142y si\u0119 m.in. mieleckie firmy \u2013 Crane Plastics Poland oraz Linde Gaz Polska.<\/li>\r\n\r\n\r\n\r\n<li>25 XI Zmar\u0142 Edmund Toczek (l. 80) \u2013 zas\u0142u\u017cony dla Mielca dzia\u0142acz kultury, artysta plastyk, \u015bpiewak i aktor.<\/li>\r\n\r\n\r\n\r\n<li>XI Ukaza\u0142 si\u0119 pierwszy mielecki bezp\u0142atny miesi\u0119cznik \u2013 \u201eMieleckie Echa\u201d, kt\u00f3ry wyda\u0142o \u201eInfo Market Service\u201d. Redaktorem naczelnym by\u0142a Marzanna Madejska-Patyk.<\/li>\r\n\r\n\r\n\r\n<li>5 XII Na placu AK Stowarzyszenie \u201eMa\u0142a Laponia\u201d zorganizowa\u0142o kolejny \u201eHappening Miko\u0142ajkowy\u201d dla dzieci.<\/li>\r\n\r\n\r\n\r\n<li>11 XII W przec\u0142awskim zamku odby\u0142 si\u0119 I Zjazd Powiatowy Zwi\u0105zku Ochotniczych Stra\u017cy Po\u017carnych w Mielcu.<\/li>\r\n\r\n\r\n\r\n<li>13 XII Odby\u0142a si\u0119 zbi\u00f3rka pieni\u0119dzy na zakup lek\u00f3w dla powodzian z Mukaczewa \u2013 miasta partnerskiego Mielca.<\/li>\r\n\r\n\r\n\r\n<li>29 XII W sali gimnastycznej hali sportowo-widowiskowej MOSiR odby\u0142o si\u0119 tradycyjne miejskie spotkanie \u015bwi\u0105teczno-noworoczne.<\/li>\r\n\r\n\r\n\r\n<li>30 XII Uroczy\u015bcie otwarto stacj\u0119 sterylizacji w Szpitalu Rejonowym.<\/li>\r\n<\/ul>\r\n\r\n\r\n\r\n<p><strong>Ponadto w 1998 r.<\/strong>:<\/p>\r\n\r\n\r\n\r\n<ul class=\"wp-block-list\">\r\n<li>Powsta\u0142y Polskie Zak\u0142ady Lotnicze Sp. z o.o.<\/li>\r\n\r\n\r\n\r\n<li>Mielecki Klub G\u00f3rski \u201eCarpatia\u201d sta\u0142 si\u0119 oddzia\u0142em Polskiego Towarzystwa Tatrza\u0144skiego.<\/li>\r\n\r\n\r\n\r\n<li>Rozpocz\u0119\u0142a dzia\u0142alno\u015b\u0107 Telewizja Kablowa GOSAT MEDIA w Mielcu.<\/li>\r\n\r\n\r\n\r\n<li>W Samorz\u0105dowym Centrum Kultury powsta\u0142 Zesp\u00f3\u0142 Muzyki Dawnej \u201eHortus Musicus\u201d, kontynuuj\u0105cy dzia\u0142alno\u015b\u0107 Zespo\u0142u Muzyki Dawnej \u201eMuzyczna Gromada\u201d przy Szkole Podstawowej nr 7.<\/li>\r\n\r\n\r\n\r\n<li>Zako\u0144czy\u0142o dzia\u0142alno\u015b\u0107 kino \u201eBajka\u201d.<\/li>\r\n\r\n\r\n\r\n<li>Samorz\u0105dowe Centrum Kultury wyda\u0142o \u201eRocznik Mielecki\u201d t. 1. (W kolejnych latach wydawano nast\u0119pne tomy.)<\/li>\r\n\r\n\r\n\r\n<li>Powsta\u0142o Mieleckie Towarzystwo Kupieckie.<\/li>\r\n\r\n\r\n\r\n<li>Wyla\u0142a rzeka Wis\u0142oka.<\/li>\r\n\r\n\r\n\r\n<li>Z nieokre\u015blonych bli\u017cej powod\u00f3w PKP obni\u017cy\u0142a pr\u0119dko\u015b\u0107 szlakow\u0105 poci\u0105g\u00f3w osobowych z 60 km\/godz. do 30 km\/godz. na trasie D\u0119bica-Rzoch\u00f3w.<\/li>\r\n\r\n\r\n\r\n<li>Towarzystwo Mi\u0142o\u015bnik\u00f3w Ziemi Mieleckiej im. W\u0142adys\u0142awa Szafera wyda\u0142o pierwszy numer periodyku \u201eMieleckie Zapiski\u201d.<\/li>\r\n\r\n\r\n\r\n<li>W plebiscycie og\u00f3lnopolskiego magazynu \u201eGitara i Bas\u201d mielczanin Jacek Polak zdoby\u0142 I miejsce w kategorii \u201eNowa Nadzieja Gitary\u201d.<\/li>\r\n\r\n\r\n\r\n<li>Powsta\u0142o Stowarzyszenie Tw\u00f3rc\u00f3w Kultury Plastycznej im. J. Stanis\u0142awskiego.<\/li>\r\n<\/ul>\r\n\r\n\r\n\r\n<p><br \/><strong>1999<\/strong><\/p>\r\n\r\n\r\n\r\n<ul class=\"wp-block-list\">\r\n<li>1 I W ramach reformy podzia\u0142u administracyjnego pa\u0144stwa rozpocz\u0119\u0142y funkcjonowanie powiat mielecki i wojew\u00f3dztwo podkarpackie, w kt\u00f3rego granicach znalaz\u0142 si\u0119 m.in. powiat mielecki.<\/li>\r\n\r\n\r\n\r\n<li>1 I W rezultacie po\u0142\u0105czenia Banku Polska Kasa Opieki S.A. i m.in. BDK Lublin powsta\u0142 Bank Polska Kasa Opieki S.A. Grupa PEKAO S.A., a w Mielcu I i II Oddzia\u0142 tego banku z siedzib\u0105 g\u0142\u00f3wn\u0105 przy ul. Obro\u0144c\u00f3w Pokoju<\/li>\r\n\r\n\r\n\r\n<li>4 I Oddano do u\u017cytku pierwszy segment Szko\u0142y Podstawowej nr 11 przy ul. Kard. Stefana Wyszy\u0144skiego. Do obiektu wprowadzono wszystkich uczni\u00f3w, zwalniaj\u0105c budynek przy ul. Wolno\u015bci i inne pomieszczenia na terenie osiedla Smoczka.<\/li>\r\n\r\n\r\n\r\n<li>5-6 I W\u0142adze samorz\u0105dowe Mielca wys\u0142a\u0142y pomoc humanitarn\u0105 dla Mukaczewa \u2013 partnerskiego miasta, dotkni\u0119tego kl\u0119sk\u0105 powodzi.<\/li>\r\n\r\n\r\n\r\n<li>8-10 I W przeprowadzonym w W\u0119growie finale Pucharu Polski dru\u017cyna pi\u0142ki siatkowej kobiet Autopart-Melnox-Lobo Mielec zaj\u0119\u0142a 2. miejsce i t\u0105 pozycj\u0105 zapewni\u0142a sobie udzia\u0142 w rozgrywkach europejskich.<\/li>\r\n\r\n\r\n\r\n<li>10 I W czasie fina\u0142u Wielkiej Orkiestry \u015awi\u0105tecznej Pomocy w Mielcu zebrano oko\u0142o 45 tys. z\u0142otych.<\/li>\r\n\r\n\r\n\r\n<li>26 I Zezwolenie na dzia\u0142alno\u015b\u0107 w SSE EURO-PARK MIELEC uzyska\u0142a firma Frantschach IPP Mielec Sp. z o.o., produkuj\u0105ca opakowania papierowe.<\/li>\r\n\r\n\r\n\r\n<li>29 I Powo\u0142ano Powiatowe Centrum Pomocy Rodzinie (PCPR).<\/li>\r\n\r\n\r\n\r\n<li>I Rozpocz\u0119to organizowanie Niepublicznych Zak\u0142ad\u00f3w Opieki Zdrowotnej.<\/li>\r\n\r\n\r\n\r\n<li>8 II W sali widowiskowej SCK odby\u0142 si\u0119 premierowy pokaz nowej cyfrowej aparatury nag\u0142a\u015bniaj\u0105cej Dolby Stereo Digital.<\/li>\r\n\r\n\r\n\r\n<li>13 II \u201eMiss Korso 1999\u201d zosta\u0142a Anetta Dzie\u0144. Wybory odby\u0142y si\u0119 w sali widowiskowej SCK.<\/li>\r\n\r\n\r\n\r\n<li>22 II W Zak\u0142adzie Lotniczym \u201ePZL-Mielec\u201d ponownie rozpocz\u0119to akcj\u0119 protestacyjn\u0105 w postaci tzw. strajku krocz\u0105cego.<\/li>\r\n\r\n\r\n\r\n<li>25 II Rada Miejska podj\u0119\u0142a uchwa\u0142\u0119 o utworzeniu od 1 IX 1999 w Mielcu czterech gimnazj\u00f3w: nr 1 przy ul. E. Biernackiego 6, nr 2 przy ul. Grunwaldzkiej 7, nr 3 przy ul. Cz. Ta\u0144skiego 3 i nr 4 przy ul. \u0141\u0105kowej 6. Postanowiono te\u017c, \u017ce w ramach reorganizacji sieci szkolnej po zako\u0144czeniu roku szkolnego 1998\/1999 ulegaj\u0105 likwidacji Szko\u0142y Podstawowe nr 5, 7 i 8.<\/li>\r\n\r\n\r\n\r\n<li>6 III Zarz\u0105d Zak\u0142adu Lotniczego \u201ePZL-Mielec\u201d Sp. z o.o. z\u0142o\u017cy\u0142 wniosek o og\u0142oszenie upad\u0142o\u015bci sp\u00f3\u0142ki w s\u0105dzie w Rzeszowie.<\/li>\r\n\r\n\r\n\r\n<li>6 III W hali sportowo-widowiskowej MOSiR wyst\u0105pi\u0142 zesp\u00f3\u0142 muzyczny \u201ePerfekt\u201d.<\/li>\r\n\r\n\r\n\r\n<li>7 III W sali widowiskowej SCK odby\u0142 si\u0119 recital Krystyny Pro\u0144ko.<\/li>\r\n\r\n\r\n\r\n<li>7 III W czasie powiatowego zjazdu Socjaldemokracji RP wybrano 21-osobow\u0105 rad\u0119 i jej przewodnicz\u0105cego \u2013 Stanis\u0142awa Sokalskiego.<\/li>\r\n\r\n\r\n\r\n<li>13 III W Galerii SCK odby\u0142a si\u0119 uroczysto\u015b\u0107 wr\u0119czenia \u201eSka\u0142ki Korso\u201d dyrektorowi Oddzia\u0142u ARP Mielec Mariuszowi B\u0142\u0119dowskiemu, kt\u00f3ry w plebiscycie \u201eKorso\u201d otrzyma\u0142 tytu\u0142 \u201eMielczanina Roku 1998\u201d.<\/li>\r\n\r\n\r\n\r\n<li>22 III S\u0105d Okr\u0119gowy w Rzeszowie na wniosek zarz\u0105du Zak\u0142adu Lotniczego \u201ePZL-Mielec\u201d Sp. z o.o. og\u0142osi\u0142 upad\u0142o\u015b\u0107 tej firmy.<\/li>\r\n\r\n\r\n\r\n<li>25 III W Domu Kultury SCK odby\u0142o si\u0119 Forum Edukacyjne. G\u0142\u00f3wnym akcentem by\u0142o wyst\u0105pienie wiceminister edukacji Ireny Dzierzgowskiej, kt\u00f3ra wr\u0119czy\u0142a prof. dr. hab. Andrzejowi Pruskowi akt powo\u0142ania Wy\u017cszej Szko\u0142y Gospodarki i Zarz\u0105dzania z siedzib\u0105 w Mielcu.<\/li>\r\n\r\n\r\n\r\n<li>12 IV W SCK otwarto wystaw\u0119 \u201eWsp\u00f3\u0142czesny komiks polski 1991-1997\u201d.<\/li>\r\n\r\n\r\n\r\n<li>14 IV Przedstawiciele firmy Ford wr\u0119czyli presti\u017cow\u0105 nagrod\u0119 Q 1 firmie United Technologies Automotive Poland, funkcjonuj\u0105cej w SSE EURO-PARK MIELEC.<\/li>\r\n\r\n\r\n\r\n<li>16 IV W sali konferencyjnej Urz\u0119du Miejskiego odby\u0142o si\u0119 spotkanie wicemarsza\u0142ka Sejmu RP \u2013 mielczanina Jana Kr\u00f3la z przedstawicielami w\u0142adz miasta i powiatu.<\/li>\r\n\r\n\r\n\r\n<li>16-17 IV Zesp\u00f3\u0142 teatralny II Liceum Og\u00f3lnokszta\u0142c\u0105cego zdoby\u0142 I miejsce i nagrod\u0119 ministra edukacji narodowej w VIII Festiwalu Teatr\u00f3w Obcoj\u0119zycznych w Teatrze im. Wandy Siemaszkowej w Rzeszowie.<\/li>\r\n\r\n\r\n\r\n<li>17-18 IV W hali sportowo-widowiskowej MOSiR odby\u0142o si\u0119 Zgromadzenie \u015awiadk\u00f3w Jehowy.<\/li>\r\n\r\n\r\n\r\n<li>19-23 IV Z inicjatywy w\u0142adz miasta zorganizowano Mielecki Tydzie\u0144 Ekologiczny, a w jego ramach m.in. M\u0142odzie\u017cowe Forum Ekologiczne i Forum Ekologiczne \u201eBatalia o czysty Mielec\u201d.<\/li>\r\n\r\n\r\n\r\n<li>23-25 IV W hali sportowo-widowiskowej odby\u0142y si\u0119 VIII Mieleckie Targi Wielobran\u017cowe, a wystawcami by\u0142y m.in. zaprzyja\u017anione miasta \u2013 Mukaczewo (Ukraina) i Tiszaf\u00f6ldvar (W\u0119gry).<\/li>\r\n\r\n\r\n\r\n<li>28 IV Uroczy\u015bcie wmurowano akt erekcyjny pod budow\u0119 fabryki COLFARM (produkcja lek\u00f3w) na terenie SSE EURO-PARK MIELEC.<\/li>\r\n\r\n\r\n\r\n<li>29 IV \u2013 2 V W SCK zorganizowano Dni Kultury W\u0142oskiej.<\/li>\r\n\r\n\r\n\r\n<li>3 V Na stadionie MOSiR odby\u0142 si\u0119 \u201emecz wspomnie\u0144\u201d FKS \u201eStal\u201d Mielec \u2013 \u201eOr\u0142y G\u00f3rskiego\u201d, z kt\u00f3rego doch\u00f3d przeznaczono na pomoc finansow\u0105 dla chorego Zygmunta Kukli \u2013 by\u0142ego bramkarza \u201eStali\u201d i reprezentacji Polski. Impreza wywo\u0142a\u0142a olbrzymie zainteresowanie, a na trybunach zasiad\u0142o oko\u0142o 20 tysi\u0119cy widz\u00f3w.<\/li>\r\n\r\n\r\n\r\n<li>6 V Budynek przy ul. A. Mickiewicza 19 (\u201eKazan\u00f3wka\u201d) zosta\u0142 zakupiony przez sp\u00f3\u0142k\u0119 akcyjn\u0105 \u201eHotel MUSCARI DAW\u201d (p\u00f3\u017aniej \u201ePapillon\u201d SA.).<\/li>\r\n\r\n\r\n\r\n<li>9 V W hali sportowo-widowiskowej MOSiR wyst\u0105pi\u0142 zesp\u00f3\u0142 muzyczny \u201eElektryczne Gitary\u201d.<\/li>\r\n\r\n\r\n\r\n<li>22 V Uroczy\u015bcie po\u015bwi\u0119cono budynek Starostwa Powiatowego przy ul. S. S\u0119kowskiego.<\/li>\r\n\r\n\r\n\r\n<li>27 V Zarz\u0105d Miasta Mielca wystosowa\u0142 apel do wszystkich inwestor\u00f3w o uwzgl\u0119dnianie przy budowach u\u017cytku publicznego potrzeb os\u00f3b niepe\u0142nosprawnych.<\/li>\r\n\r\n\r\n\r\n<li>28 V Odby\u0142o si\u0119 uroczyste otwarcie i po\u015bwi\u0119cenie obiekt\u00f3w Inkubatora Przedsi\u0119biorczo\u015bci IN-MARR. W uroczysto\u015bci wzi\u0105\u0142 udzia\u0142 by\u0142y premier Jan Krzysztof Bielecki. Tu\u017c przed uroczysto\u015bci\u0105 na plac przed Inkubatorem przybyli pracownicy Zak\u0142adu Lotniczego i WSK \u201ePZL-Mielec\u201d, protestuj\u0105cy przeciwko procesowi likwidacji ZL. Po wyja\u015bnieniach wiceprezesa Ireneusza Drzewieckiego, \u017ce uroczysto\u015b\u0107 otwarcia Inkubatora nie ma nic wsp\u00f3lnego z upad\u0142o\u015bci\u0105 ZL, oraz braku koncepcji organizator\u00f3w co do dalszych form protestu, po pewnym czasie protestuj\u0105cy rozeszli si\u0119.<\/li>\r\n\r\n\r\n\r\n<li>28 V \u2013 2 VI W ramach \u201eJuwenili\u00f3w\u201d zorganizowano szereg imprez dla dzieci i m\u0142odzie\u017cy, m.in. korespondencyjne Mistrzostwa Polski w P\u0142ywaniu Dzieci (10-11 lat) oraz festyny.<\/li>\r\n\r\n\r\n\r\n<li>28-30 V Na zaproszenie prezydenta miasta go\u015bci\u0142y w Mielcu delegacje miast zaprzyja\u017anionych \u2013 Douchy-les-Mines i Vila Nova de Poiares. Omawiano kierunki i formy dalszej wsp\u00f3\u0142pracy miast.<\/li>\r\n\r\n\r\n\r\n<li>30 V Na placu AK odby\u0142y si\u0119 Og\u00f3lnopolskie Prezentacje Folkloru i Rzemios\u0142a Ludowego.<\/li>\r\n\r\n\r\n\r\n<li>31 V S\u0105d Gospodarczy w Rzeszowie og\u0142osi\u0142 upad\u0142o\u015b\u0107 sp\u00f3\u0142ki matki \u2013 Wytw\u00f3rni Sprz\u0119tu Komunikacyjnego \u201ePZL-Mielec\u201d SA.<\/li>\r\n\r\n\r\n\r\n<li>1 VI Na placu sk\u0142adowym firmy \u201eMelnox\u201d sp\u0142on\u0119\u0142a cz\u0119\u015b\u0107 odpad\u00f3w poprodukcyjnych.<\/li>\r\n\r\n\r\n\r\n<li>6 VI Zmar\u0142 Zdzis\u0142aw Wojciech Tkaczyk (l. 76) \u2013 d\u0142ugoletni cz\u0142onek kierownictwa WSK, prezes Aeroklubu Mieleckiego, nauczyciel.<\/li>\r\n\r\n\r\n\r\n<li>12 VI Kilkana\u015bcie tysi\u0119cy mielczan uczestniczy\u0142o w Mszy \u015bw. i spotkaniu z Ojcem \u015awi\u0119tym Janem Paw\u0142em II w Sandomierzu.<\/li>\r\n\r\n\r\n\r\n<li>13-16 V W ramach misji biznesowej w wojew\u00f3dztwie podkarpackim do SSE EURO-PARK MIELEC przyby\u0142a grupa kilkudziesi\u0119ciu przedstawicieli firm z p\u00f3\u0142nocnej Nadrenii-Westfalii.<\/li>\r\n\r\n\r\n\r\n<li>14 VI W czasie uroczystego nabo\u017ce\u0144stwa w Warszawie papie\u017c Jan Pawe\u0142 II og\u0142osi\u0142 b\u0142ogos\u0142awionymi 108 m\u0119czennik\u00f3w z czasu II wojny \u015bwiatowej, a w\u015br\u00f3d nich \u2013 ks. Romana Sitk\u0119 zwi\u0105zanego z Mielcem.<\/li>\r\n\r\n\r\n\r\n<li>26 VI W koncercie inauguruj\u0105cym II MFO Mielec-99 w ko\u015bciele MBNP wyst\u0105pi\u0142 Ch\u00f3r Ch\u0142opi\u0119cy i M\u0119ski Pa\u0144stwowej Filharmonii Pozna\u0144skiej \u201ePozna\u0144skie S\u0142owiki\u201d pod dyrekcj\u0105 Stefana Stuligrosza.<\/li>\r\n\r\n\r\n\r\n<li>VI Biskup pomocniczy dr W\u0142adys\u0142aw Bobowski po\u015bwi\u0119ci\u0142 now\u0105 kaplic\u0119 Podwy\u017cszenia Krzy\u017ca \u015awi\u0119tego na parterze Szpitala Powiatowego.<\/li>\r\n\r\n\r\n\r\n<li>30 VI Na podstawie uchwa\u0142y cz\u0142onk\u00f3w Mielecka Izba Gospodarcza zako\u0144czy\u0142a dzia\u0142alno\u015b\u0107.<\/li>\r\n\r\n\r\n\r\n<li>VI Zawodniczka LKS Mielec Dorota Dydo zdoby\u0142a br\u0105zowy medal w sztafetowym biegu 4&#215;100 m w czasie I Lekkoatletycznych Mistrzostw \u015awiata w Bydgoszczy.<\/li>\r\n\r\n\r\n\r\n<li>1 VII W pawilonie MPB przy ul. S. \u017beromskiego 19 otwarto Oddzia\u0142 Powszechnego Banku Kredytowego, kt\u00f3ry przej\u0105\u0142 PKB S.A. w Lublinie.<\/li>\r\n\r\n\r\n\r\n<li>9 VII Zako\u0144czy\u0142o dzia\u0142alno\u015b\u0107 mieleckie Radio Hit FM.<\/li>\r\n\r\n\r\n\r\n<li>18-25 VII Na lotnisku zorganizowano IX Mistrzostwa Polski w Akrobacji Samolotowej.<\/li>\r\n\r\n\r\n\r\n<li>20 VII W SCK wyst\u0105pi\u0142y zespo\u0142y polonijne \u2013 ZPiT \u201ePiast\u201d z Winthertur (Szwajcaria) i \u201eKwiaty Polskie\u201d ze Szwecji.<\/li>\r\n\r\n\r\n\r\n<li>22 VII Powsta\u0142 Oddzia\u0142 Sp\u00f3\u0142dzielczej Kasy Oszcz\u0119dno\u015bciowo-Kredytowej im. F. Stefczyka.<\/li>\r\n\r\n\r\n\r\n<li>23 VII W pa\u0142acu w Baranowie Sandomierskim podpisano kontrakt na wykonanie przez Polskie Zak\u0142ady Lotnicze 4 samolot\u00f3w M-28 \u201eBryza\u201d dla Marynarski Wojennej.<\/li>\r\n\r\n\r\n\r\n<li>21 VIII Po modernizacji i rozbudowie by\u0142ych warsztat\u00f3w szkolnych Zespo\u0142u Szk\u00f3\u0142 Technicznych przy ul. Le\u015bnej otwarto supermarket \u201ePolski Sklep Jedynka\u201d.<\/li>\r\n\r\n\r\n\r\n<li>1 IX Rozpocz\u0105\u0142 dzia\u0142alno\u015b\u0107 Zesp\u00f3\u0142 Szk\u00f3\u0142 Og\u00f3lnokszta\u0142c\u0105cych nr 1 im. st. sier\u017c. pilota Stanis\u0142awa Dzia\u0142owskiego \u2013 plac\u00f3wka o\u015bwiatowa sk\u0142adaj\u0105ca si\u0119 z Gimnazjum nr 3 z Oddzia\u0142ami Integracyjnymi i V Liceum Og\u00f3lnokszta\u0142c\u0105cego.<\/li>\r\n\r\n\r\n\r\n<li>1 IX Na murze przy ko\u015bciele \u015bw. Mateusza ods\u0142oni\u0119to i po\u015bwi\u0119cono tablic\u0119 upami\u0119tniaj\u0105c\u0105 zmar\u0142ych \u017co\u0142nierzy g\u00f3rnik\u00f3w represjonowanych w latach 1949-1959.<\/li>\r\n\r\n\r\n\r\n<li>19 IX W hali sportowo-widowiskowej wyst\u0105pi\u0142a Beata Kozidrak z zespo\u0142em BAJM.<\/li>\r\n\r\n\r\n\r\n<li>20 IX Po fina\u0142owym koncercie II MFO w ko\u015bciele MBNP Wies\u0142aw Ochman otrzyma\u0142 z r\u0105k prezydenta Mielca Janusza Chodorowskiego Medal \u201ePrzyjaciel Miasta Mielca\u201d za publicznie okazywan\u0105 sympati\u0119 dla naszego miasta.<\/li>\r\n\r\n\r\n\r\n<li>22 IX W SCK otwarto Centrum Wystawienniczo-Promocyjne (CWP).<\/li>\r\n\r\n\r\n\r\n<li>24-26 IX Mieleckie Targi Wielobran\u017cowe zorganizowano po raz pierwszy w nowo oddanym Centrum Wystawienniczo-Promocyjnym w Samorz\u0105dowym Centrum Kultury. Udzia\u0142 wzi\u0119\u0142o 40 wystawc\u00f3w.<\/li>\r\n\r\n\r\n\r\n<li>24 IX Na alei Niepodleg\u0142o\u015bci przeprowadzono tradycyjne biegi uliczne.<\/li>\r\n\r\n\r\n\r\n<li>25 IX W SCK wyst\u0105pi\u0142 lwowski Teatr Opery i Baletu im. I. Franko ze spektaklem baletowym \u201eJezioro \u0142ab\u0119dzie\u201d P. Czajkowskiego.<\/li>\r\n\r\n\r\n\r\n<li>2 XI Pierwsza mielecka samodzielna uczelnia \u2013 Wy\u017csza Szko\u0142a Gospodarki i Zarz\u0105dzania zainaugurowa\u0142a dzia\u0142alno\u015b\u0107 konferencj\u0105 naukow\u0105 \u201eStrategiczne kierunki rozwoju regionalnego Mielca\u201d w sali konferencyjnej CWP.<\/li>\r\n\r\n\r\n\r\n<li>11 X W budynku miejskim przy ul. S. S\u0119kowskiego 1, przekazanym na cele nauki, odby\u0142a si\u0119 uroczysta inauguracja pierwszego roku akademickiego pierwszej samodzielnej mieleckiej uczelni \u2013 Wy\u017cszej Szko\u0142y Gospodarki i Zarz\u0105dzania. Jej pierwszym rektorem i organizatorem by\u0142 prof. dr hab. Andrzej Prusek.<\/li>\r\n\r\n\r\n\r\n<li>16 X Biskup tarnowski dr Wiktor Skworc wyda\u0142 dekret powo\u0142uj\u0105cy Katolickie Centrum Edukacji M\u0142odzie\u017cy \u201eKANA\u201d w Mielcu przy parafii Matki Bo\u017cej Nieustaj\u0105cej Pomocy.<\/li>\r\n\r\n\r\n\r\n<li>9 XI W filii \u201eJadern\u00f3wka\u201d Muzeum Regionalnego SCK otwarto wystaw\u0119 \u201eW kr\u0119gu Biblii\u201d z eksponatami Muzeum Narodowego i Biblioteki Czartoryskich w Krakowie.<\/li>\r\n\r\n\r\n\r\n<li>10-16 XI Odby\u0142 si\u0119 XV Tydzie\u0144 Kultury Katolickiej pod has\u0142em \u201ePrzes\u0142anie VII Pielgrzymki Ojca \u015awi\u0119tego do Ojczyzny \u2013 Ewangelia O\u015bmiu B\u0142ogos\u0142awie\u0144stw\u201d.<\/li>\r\n\r\n\r\n\r\n<li>21 XI W Szkole Podstawowej nr 13 odby\u0142a si\u0119 uroczysto\u015b\u0107 nadania mieleckiemu Hufcowi ZHP imienia dh. Antoniny G\u0119bicowej (z domu Wo\u017aniak) oraz po\u015bwi\u0119cenia i wr\u0119czenia nowego sztandaru.<\/li>\r\n\r\n\r\n\r\n<li>23 XI Na osiedlu Lotnik\u00f3w przy skrzy\u017cowaniu ulic M. Pisarka i H. Sienkiewicza otwarto supermarket \u201eSzalony Max\u201d nale\u017c\u0105cy do holenderskiej grupy kapita\u0142owej \u201eAhold Polska\u201d.<\/li>\r\n\r\n\r\n\r\n<li>5 XII W hali sportowo-widowiskowej MOSiR wyst\u0105pi\u0142a z recitalem piosenkarka Kayah.<\/li>\r\n\r\n\r\n\r\n<li>24 XII W Ko\u015bciele rzymskokatolickim, tak\u017ce we wszystkich mieleckich parafiach, rozpocz\u0119to Rok Jubileuszowy 2000. Ponadto godno\u015bci\u0105 ko\u015bcio\u0142a Roku Jubileuszowego 2000 wyr\u00f3\u017cniono ko\u015bci\u00f3\u0142 \u015bw. Mateusza.<\/li>\r\n\r\n\r\n\r\n<li>23 XII Agencja Rozwoju Regionalnego MARR S.A. w Mielcu podpisa\u0142a porozumienie z przedstawicielstwem farmer\u00f3w z wyspy Jersey w sprawie rekrutacji polskich robotnik\u00f3w rolnych do prac sezonowych w specjalistycznych gospodarstwach rolnych na Jersey.<\/li>\r\n\r\n\r\n\r\n<li>24 XII Uruchomiono stron\u0119 internetow\u0105 miasta Mielca www.mielec.pl.<\/li>\r\n\r\n\r\n\r\n<li>28 XII W CWP odby\u0142o si\u0119 tradycyjne Spotkanie \u015bwi\u0105teczno-noworoczne samorz\u0105dowych w\u0142adz miasta i powiatu z przedstawicielami urz\u0119d\u00f3w, instytucji i firm.<\/li>\r\n<\/ul>\r\n\r\n\r\n\r\n<p><strong>Ponadto w 1999 r.<\/strong>:<\/p>\r\n\r\n\r\n\r\n<ul class=\"wp-block-list\">\r\n<li>Kobiecy zesp\u00f3\u0142 KPS \u201eStal\u201d zdoby\u0142 3. miejsce i br\u0105zowy medal w Mistrzostwach Polski w sezonie 1998\/1999.<\/li>\r\n\r\n\r\n\r\n<li>Powsta\u0142o Stowarzyszenie Amazonek Powiatu Mieleckiego.<\/li>\r\n\r\n\r\n\r\n<li>Zawi\u0105za\u0142o si\u0119 Stowarzyszenie Przyjaci\u00f3\u0142 Francji z siedzib\u0105 w Szkole Podstawowej nr 6.<\/li>\r\n<\/ul>\r\n\r\n\r\n\r\n<p><br \/><strong>2000<\/strong><\/p>\r\n\r\n\r\n\r\n<ul class=\"wp-block-list\">\r\n<li>3 I Agencja Rozwoju Przemys\u0142u S.A. w Warszawie utworzy\u0142a firm\u0119 EURO-EKO Sp. z o.o. w Mielcu, specjalizuj\u0105c\u0105 si\u0119 w us\u0142ugach komunalnych r\u00f3\u017cnego typu. Zezwolenie na t\u0119 dzia\u0142alno\u015b\u0107 na terenie SSE EURO-PARK MIELEC uzyska\u0142a 21 XII 2000 r.<\/li>\r\n\r\n\r\n\r\n<li>8 I W imprezach Wielkiej Orkiestry \u015awi\u0105tecznej Pomocy na terenie Mielca i powiatu mieleckiego zebrano oko\u0142o 75 tys. z\u0142.<\/li>\r\n\r\n\r\n\r\n<li>22 I W budynku przy ul. A. Mickiewicza 19 otwarto Klub \u201ePapillon\u201d.<\/li>\r\n\r\n\r\n\r\n<li>8 II Firma \u201eHenryk Bury \u2013 Mielec\u201d Sp. z o.o., specjalizuj\u0105ca si\u0119 w produkcji zestaw\u00f3w g\u0142o\u015bno m\u00f3wi\u0105cych, akcesori\u00f3w do telefon\u00f3w kom\u00f3rkowych oraz urz\u0105dze\u0144 \u0142\u0105czno\u015bci dla potrzeb motoryzacji, otrzyma\u0142a zezwolenie na prowadzenie dzia\u0142alno\u015bci gospodarczej na terenie SSE EURO-PARK MIELEC.<\/li>\r\n\r\n\r\n\r\n<li>10 II Rada Miejska przyj\u0119\u0142a \u201eStrategi\u0119 rozwoju Gminy Miejskiej Mielec na lata 2000-2006\u201d.<\/li>\r\n\r\n\r\n\r\n<li>10 II Rada Miejska nada\u0142a nowej ulicy na osiedlu Smoczka patronat Stanis\u0142awa Miko\u0142ajczyka.<\/li>\r\n\r\n\r\n\r\n<li>12 II W hali sportowo-widowiskowej koncertowa\u0142 zesp\u00f3\u0142 \u201eD\u017bEM\u201d.<\/li>\r\n\r\n\r\n\r\n<li>19 II W czasie Gali Fina\u0142owej w sali widowiskowej Domu Kultury SCK Miss \u201eKorso\u201d \u2013 2000 i nieoficjaln\u0105 Miss Mielca zosta\u0142a wybrana Ewelina Barszcz.<\/li>\r\n\r\n\r\n\r\n<li>25 II Hotel \u201eJubilat\u201d jako pierwszy w Mielcu otrzyma\u0142 kategori\u0119 \u201etrzy gwiazdki\u201d.<\/li>\r\n\r\n\r\n\r\n<li>25-27 II W CWP odby\u0142y si\u0119 Targi Budownictwa i Wyposa\u017cenia Wn\u0119trz po\u0142\u0105czone z imprez\u0105 informacyjno-konsultacyjn\u0105 \u201eWszystko o budownictwie. Nieruchomo\u015bci \u2013 mieszkania \u2013 ulgi.\u201d<\/li>\r\n\r\n\r\n\r\n<li>2 III W sali widowiskowej SCK wyst\u0105pi\u0142a z recitalem Violetta Villas.<\/li>\r\n\r\n\r\n\r\n<li>9 III W zamku w Przec\u0142awiu Zak\u0142ad Narz\u0119dziowy \u201ePZL-Mielec\u201d i brytyjska firma BAE Systems podpisa\u0142y umow\u0119 o wsp\u00f3\u0142pracy.<\/li>\r\n\r\n\r\n\r\n<li>25 III W sali widowiskowej SCK odby\u0142 si\u0119 spektakl baletowy \u201eDziadek do orzech\u00f3w\u201d P. Czajkowskiego w wykonaniu Pa\u0144stwowego Teatru Opery i Baletu we Lwowie.<\/li>\r\n\r\n\r\n\r\n<li>4 IV W sali widowiskowej SCK wyst\u0105pi\u0142a Hanka Bielicka \u2013 jedna z wybitnych polskich aktorek.<\/li>\r\n\r\n\r\n\r\n<li>5 IV WSGiZ zorganizowa\u0142a konferencj\u0119 naukow\u0105 \u201eKonkurencyjno\u015b\u0107 polskich firm w warunkach globalizacji gospodarki \u015bwiatowej\u201d.<\/li>\r\n\r\n\r\n\r\n<li>6-7 IV W baranowskim zamku odby\u0142o si\u0119 Forum Polsko-Ukrai\u0144skie na temat wsp\u00f3\u0142pracy przedsi\u0119biorstw dzia\u0142aj\u0105cych w SSE w Mielcu i Tarnobrzegu z przedsi\u0119biorstwami ukrai\u0144skimi.<\/li>\r\n\r\n\r\n\r\n<li>7 IV Wyla\u0142a rzeka Wis\u0142oka.<\/li>\r\n\r\n\r\n\r\n<li>11 IV Zezwolenie na dzia\u0142alno\u015b\u0107 w SSE EURO-PARK MIELEC otrzyma\u0142a firma Wire Bind Spiral Sp. z o.o.<\/li>\r\n\r\n\r\n\r\n<li>12 IV W CWP odby\u0142a si\u0119 wojew\u00f3dzka konferencja na temat ochrony \u015brodowiska.<\/li>\r\n\r\n\r\n\r\n<li>13 IV W ko\u015bciele \u015bw. Mateusza odby\u0142y si\u0119 uroczysto\u015bci 60-lecia \u201eZbrodni katy\u0144skiej\u201d.<\/li>\r\n\r\n\r\n\r\n<li>15 IV Na Mi\u0119dzynarodowym Festiwalu Ch\u00f3ralnym w Ba\u0144skiej Bystrzycy (S\u0142owacja) ch\u00f3r mieszany \u201eMelodia\u201d zdoby\u0142 II miejsce i \u201eSrebrny Promie\u0144\u201d.<\/li>\r\n\r\n\r\n\r\n<li>15 IV Kobiecy zesp\u00f3\u0142 Klubu Pi\u0142ki Siatkowej \u201eMelnox-Autopart-Lobo\u201d zdoby\u0142 wicemistrzostwo Polski w sezonie 1999\/2000.<\/li>\r\n\r\n\r\n\r\n<li>18 IV W sali konferencyjnej CWP odby\u0142o si\u0119 II Forum Gospodarcze \u201eOferta eksportowa dla ma\u0142ych i \u015brednich przedsi\u0119biorstw\u201d.<\/li>\r\n\r\n\r\n\r\n<li>18 IV W sali ekspozycyjnej CWP otwarto wystaw\u0119 \u201eCztery strony \u015bwiat\u0142a\u201d prezentuj\u0105c\u0105 profesjonaln\u0105 tw\u00f3rczo\u015b\u0107 plastyczn\u0105 artyst\u00f3w z D\u0119bicy, Tarnobrzega, Stalowej Woli i Mielca.<\/li>\r\n\r\n\r\n\r\n<li>26 IV Zezwolenie na prowadzenie dzia\u0142alno\u015bci na terenie SSE EURO-PARK MIELEC otrzyma\u0142a firma SANGLASS SA. produkuj\u0105ca szk\u0142o hartowane p\u0142askie i szk\u0142o hartowane gi\u0119te.<\/li>\r\n\r\n\r\n\r\n<li>27-28 IV W SCK odby\u0142y si\u0119 \u201eDni Kultury Niemieckiej w Mielcu\u201d.<\/li>\r\n\r\n\r\n\r\n<li>30 IV Na lotnisku odby\u0142 si\u0119 \u201eWielki Piknik Motoryzacyjno-Lotniczy\u201d.<\/li>\r\n\r\n\r\n\r\n<li>4 V W zwi\u0105zku z wizyt\u0105 w D\u0119bicy na mieleckim lotnisku przebywa\u0142 prezydent RP Aleksander Kwa\u015bniewski i spotka\u0142 si\u0119 przedstawicielami lokalnych w\u0142adz.<\/li>\r\n\r\n\r\n\r\n<li>8 V Na murze przy ko\u015bciele \u015bw. Mateusza ods\u0142oni\u0119to i po\u015bwi\u0119cono tablic\u0119 upami\u0119tniaj\u0105c\u0105 ofiary przymusowych prac w III Rzeszy w czasie II wojny \u015bwiatowej.<\/li>\r\n\r\n\r\n\r\n<li>19-21 V Delegacja miasta Mielca uczestniczy\u0142a w uroczysto\u015bciach millenijnych w partnerskim mie\u015bcie Mukaczewie.<\/li>\r\n\r\n\r\n\r\n<li>21 V W hali sportowo-widowiskowej MOSiR wyst\u0105pi\u0142 z recitalem piosenkarz Stachursky.<\/li>\r\n\r\n\r\n\r\n<li>25 V Rada Miejska nada\u0142a patronat b\u0142. ks. Romana Sitki ulicy powsta\u0142ej z po\u0142\u0105czenia ul. Szkolnej i cz\u0119\u015bci ul. Hetma\u0144skiej.<\/li>\r\n\r\n\r\n\r\n<li>28 V W kaplicy \u015bw. Stanis\u0142awa Kostki i ko\u015bciele parafialnym \u015bw. Mateusza odby\u0142y si\u0119 uroczysto\u015bci zwi\u0105zane z wyniesieniem na o\u0142tarze b\u0142ogos\u0142awionego ks. Romana Sitki \u2013 katechety gimnazjalnego i budowniczego bursy gimnazjalnej z kaplic\u0105 \u015bw. Stanis\u0142awa Kostki.<\/li>\r\n\r\n\r\n\r\n<li>26-28 V W Mielcu go\u015bci\u0142y delegacje zaprzyja\u017anionych miast Douchy-les-Mines (Francja) i Vila Nova de Poiares (Portugalia).<\/li>\r\n\r\n\r\n\r\n<li>26 V \u2013 2 VI Zorganizowano \u201eJuwenilia\u201d \u2013 kilkana\u015bcie imprez dla dzieci i m\u0142odzie\u017cy. M.in. koncertowa\u0142 zesp\u00f3\u0142 \u201eTwo Twenty (USA), odby\u0142 si\u0119 spektakl muzyczno-wizyjny \u201eTotenfresser\u201d z Krakowa i wyst\u0119powa\u0142y mieleckie zespo\u0142y dzieci\u0119ce i m\u0142o-dzie\u017cowe.<\/li>\r\n\r\n\r\n\r\n<li>27-28 V W salach SCK i na placu AK odby\u0142y si\u0119 III Og\u00f3lnopolskie Prezentacje Folkloru i Rzemios\u0142a Ludowego, m.in. wyst\u0105pi\u0142 zesp\u00f3\u0142 \u201eTrebunie Tutki\u201d.<\/li>\r\n\r\n\r\n\r\n<li>1 VI Z okazji Mi\u0119dzynarodowego Dnia Dziecka na placu AK wyst\u0105pi\u0142y dzieci\u0119ce i m\u0142odzie\u017cowe zespo\u0142y artystyczne z Nowego S\u0105cza, \u0141a\u0144cuta i Mielca.<\/li>\r\n\r\n\r\n\r\n<li>10 VI W Mielcu zako\u0144czy\u0142 si\u0119 III etap Ostrowiec-Mielec 44 Mi\u0119dzynarodowego Wy\u015bcigu Kolarskiego Przyja\u017ani Polsko-Ukrai\u0144skiej.<\/li>\r\n\r\n\r\n\r\n<li>?14 VI W wypadku samochodowym w okolicach Padwi Narodowej zgin\u0119li pracownicy Polskich Zak\u0142ad\u00f3w Lotniczych w Mielcu Aleksander Palej \u2013 dyrektor operacyjny i Zenon Budaj \u2013 kierowca oraz Rafael Ignacjo Aldereguia \u2013 przedstawiciel firmy wenezuelskiej.<\/li>\r\n\r\n\r\n\r\n<li>23-27 VI Odby\u0142 si\u0119 \u015awiatowy Zjazd Mielczan. G\u0142\u00f3wnymi punktami programu by\u0142y: Msza \u015bw. pod przewodnictwem biskupa Wojciecha Ziemby \u2013 ordynariusza e\u0142ckiego \u2013 rodaka Ziemi Mieleckiej, sesja \u201eNasza Ma\u0142a Ojczyzna \u2013 Mielec\u201d, spotkanie towarzyskie uczestnik\u00f3w, impreza handlowo-kulturalna \u201eHandlowanie po mielecku\u201d, \u201emecz wspomnie\u0144\u201d, koncerty zespo\u0142\u00f3w artystycznych, \u201ePiknik na lotnisku\u201d po\u0142\u0105czony z koncertem \u201eRadio Biwak\u201d (\u201eSkaldowie\u201d, \u201eMyslovitz\u201d), koncert ZPiT UJ \u201eS\u0142owianki\u201d, spotkanie biznesowe i sadzenie pami\u0105tkowych drzewek.<\/li>\r\n\r\n\r\n\r\n<li>26 VI W inauguracyjnym koncercie III MFO w ko\u015bciele MBNP wyst\u0105pili: El\u017cbieta Towarnicka (sopran), Robert Grudzie\u0144 (organy) i \u201eCapella Cracoviensis\u201d.<\/li>\r\n\r\n\r\n\r\n<li>27 VI Rozpocz\u0119\u0142a funkcjonowanie zmodernizowana Stacja Paliw CPN przy ul. H. Sienkiewicza.<\/li>\r\n\r\n\r\n\r\n<li>4 VII W drugim koncercie III MFO w ko\u015bciele MBNP wyst\u0105pili: Konstanty Kulka (skrzypce), W\u0142adys\u0142aw K\u0142osiewicz (klawesyn), Jerzy Dyba\u0142 (kontrabas), kwartet \u201ePrima Vista\u201d i Ludmi\u0142a Laruk (organy, Ukraina).<\/li>\r\n\r\n\r\n\r\n<li>10 VII Powsta\u0142a firma \u201eRETECH\u201d Sp. z o.o., produkuj\u0105ca m.in. elementy toczone i frezowane, meble gastronomiczne.<\/li>\r\n\r\n\r\n\r\n<li>10-12 VII W Abano (W\u0142ochy), na zaproszenie w\u0142adz tego miasta, przebywa\u0142a delegacja Mielca. Rozmawiano na temat rozwini\u0119cia wsp\u00f3\u0142pracy obu miast.<\/li>\r\n\r\n\r\n\r\n<li>27 VII Na obiektach MOSiR odby\u0142a si\u0119 wielka impreza promocyjno-koncertowa \u201eLato z Radiem\u201d. Wyst\u0105pili m.in. Eleni, Norbi i \u201eCzerwone Gitary\u201d. R\u00f3wnocze\u015bnie odby\u0142a si\u0119 uroczysto\u015b\u0107 otwarcia w Mielcu fabryki lod\u00f3w \u201eZielona Budka\u201d \u2013 jednego ze sponsor\u00f3w \u201eLata z Radiem\u201d.<\/li>\r\n\r\n\r\n\r\n<li>1 VIII Zezwolenie na dzia\u0142alno\u015b\u0107 w SSE EURO-PARK MIELEC otrzyma\u0142a polsko-szwedzka firma Leopard Automobile-Mielec Sp. z o.o., produkuj\u0105ca samochody Leopard.<\/li>\r\n\r\n\r\n\r\n<li>16 VIII Z prywatnymi wizytami przebywali w Mielcu by\u0142a premier Wielkiej Brytanii Margaret Thatcher i wicepremier Leszek Balcerowicz.<\/li>\r\n\r\n\r\n\r\n<li>16 VIII W ramach kampanii wyborczej na placu AK z mieleckim spo\u0142ecze\u0144stwem spotka\u0142 si\u0119 kandydat AWS na prezydenta RP Marian Krzaklewski.<\/li>\r\n\r\n\r\n\r\n<li>19-20 VIII Delegacja Mielca i M\u0142odzie\u017cowa Orkiestra D\u0119ta SCK uczestniczy\u0142y w uroczysto\u015bciach Roku Milenijnego w zaprzyja\u017anionym Tiszaf\u0151ldvar na W\u0119grzech.<\/li>\r\n\r\n\r\n\r\n<li>22 VIII W sz\u00f3stym koncercie III MFO w ko\u015bciele MBNP wyst\u0105pi\u0142 organista Rodrigo Valencia (Kolumbia).<\/li>\r\n\r\n\r\n\r\n<li>27 VIII Z udzia\u0142em prezydenta RP Aleksandra Kwa\u015bniewskiego na mieleckim lotnisku odby\u0142 si\u0119 Wielki Festyn \u201eAeroplany i Automobile\u201d.<\/li>\r\n\r\n\r\n\r\n<li>31 VIII \u2013 5 IX ZPiT \u201eRzeszowiacy\u201d wyst\u0105pi\u0142 w Reims (Francja).<\/li>\r\n\r\n\r\n\r\n<li>4 IX W si\u00f3dmym koncercie III MFO w ko\u015bciele MBNP wyst\u0105pili Teresa \u017bylis-Gara (sopran) i Robert Grudzie\u0144 (organy).<\/li>\r\n\r\n\r\n\r\n<li>5 IX Zezwolenie na prowadzenie dzia\u0142alno\u015bci na terenie SSE EURO-PARK MIELEC otrzyma\u0142a \u201eHuta \u2013 Miko\u0142aj\u201d Sp. z o.o., specjalizuj\u0105ca si\u0119 w produkcji system\u00f3w dachowych z blach powlekanych, ocynkowanych i alucynkowych.<\/li>\r\n\r\n\r\n\r\n<li>6-10 IX Zesp\u00f3\u0142 Muzyki Dawnej \u201eHortus Musicus\u201d z mieleckiego SCK wyst\u0105pi\u0142 na \u015awiatowej Wystawie EXPO 2000 w Hannowerze.<\/li>\r\n\r\n\r\n\r\n<li>8-30 IX Zorganizowano \u201eDni Mielca\u201d, a w ich ramach m.in. koncertowa\u0142 zesp\u00f3\u0142 \u201eWieczorny Dzwon\u201d (Rosja) i rozegrano Turniej Siatk\u00f3wki Kobiet o Puchar Prezydenta Miasta Mielca.<\/li>\r\n\r\n\r\n\r\n<li>17 IX Na murze przy ko\u015bciele \u015bw. Mateusza ods\u0142oni\u0119to i po\u015bwi\u0119cono tablic\u0119 upami\u0119tniaj\u0105c\u0105 Polak\u00f3w, kt\u00f3rzy zgin\u0119li na Syberii w czasach zabor\u00f3w carskich i deportacji przez NKWD w latach 1939-1956.<\/li>\r\n\r\n\r\n\r\n<li>19-22 IX W SCK odby\u0142a si\u0119 XVI Og\u00f3lnopolska Konferencja Nauczycieli \u201eInformatyka w Szkole\u201d. Wzi\u0119\u0142o w niej udzia\u0142 oko\u0142o 400 nauczycieli.<\/li>\r\n\r\n\r\n\r\n<li>24 IX Na terenach MOSiR odby\u0142a si\u0119 \u201eBiesiada Korso\u201d, a w jej programie m.in. zaprezentowa\u0142y si\u0119 gminy powiatu mieleckiego.<\/li>\r\n\r\n\r\n\r\n<li>28 IX W Polskich Zak\u0142adach Lotniczych w Mielcu przebywa\u0142 wicepremier Longin Komo\u0142owski.<\/li>\r\n\r\n\r\n\r\n<li>29 IX \u2013 1 X W Centrum Wystawienniczo-Promocyjnym zorganizowano X Mieleckie Targi Wielobran\u017cowe i uroczysto\u015bci z okazji 5. rocznicy powstania SSE EURO-PARK MIELEC.<\/li>\r\n\r\n\r\n\r\n<li>29 IX W ramach uroczysto\u015bciach z okazji 5-lecia SSE EURO-PARK MIELEC zorganizowano seminarium \u201eZ inwencji zrodzi\u0142 si\u0119 sukces\u201d, w kt\u00f3rym uczestniczyli m.in. premier RP Jerzy Buzek i wicemarsza\u0142ek Sejmu RP Jan Kr\u00f3l, pos\u0142owie i senatorowie.<\/li>\r\n\r\n\r\n\r\n<li>IX Podczas VII Mi\u0119dzynarodowego Salonu Przemys\u0142u Obronnego w Kielcach \u2013 produkowany w Polskich Zak\u0142adach Lotniczych w Mielcu samolot M-28B Bryza zosta\u0142 wyr\u00f3\u017cniony presti\u017cow\u0105 statuetk\u0105 \u201eDefendera\u201d.<\/li>\r\n\r\n\r\n\r\n<li>2 X Zmar\u0142 W\u0142adys\u0142aw Micek (l. 92) \u2013 nauczyciel, organizator tajnego nauczania w czasie okupacji hitlerowskiej, kierownik Szko\u0142y M\u0119skiej w latach 1944-1949, dzia\u0142acz kulturalno-o\u015bwiatowy i zwi\u0105zkowy, autor publikacji o historii Mielca i okolic.<\/li>\r\n\r\n\r\n\r\n<li>5 X W wyborach na prezydenta RP zwyci\u0119\u017cy\u0142 Aleksander Kwa\u015bniewski. Tak\u017ce w Mielcu otrzyma\u0142 najwi\u0119cej g\u0142os\u00f3w.<\/li>\r\n\r\n\r\n\r\n<li>9 X Elektrociep\u0142ownia \u201ePZL-Mielec\u201d otrzyma\u0142a zezwolenie na prowadzenie dzia\u0142alno\u015bci gospodarczej na terenie SSE EURO-PARK MIELEC.<\/li>\r\n\r\n\r\n\r\n<li>15 X W Parku Oborskich odby\u0142a si\u0119 uroczysto\u015b\u0107 po\u015bwi\u0119cenia nowej figury Matki Bo\u017cej R\u00f3\u017ca\u0144cowej, ufundowanej ze sk\u0142adek mielczan.<\/li>\r\n\r\n\r\n\r\n<li>17 X Biskup Tarnowski dr Wiktor Skworc erygowa\u0142 kaplic\u0119 Matki Bo\u017cej Fatimskiej w Domu Pomocy Spo\u0142ecznej przy ul. Kard. Stefana Wyszy\u0144skiego.<\/li>\r\n\r\n\r\n\r\n<li>27 X Oddzia\u0142 ARP w Mielcu i Wytw\u00f3rnia Aparatury Wtryskowej \u201ePZL-Mielec\u201d zosta\u0142y laureatami konkursu \u201eCzysty Biznes\u201d.<\/li>\r\n\r\n\r\n\r\n<li>28 X Otwarto Stacj\u0119 Paliw \u201eAral\u201d przy ul. H. Sienkiewicza.<\/li>\r\n\r\n\r\n\r\n<li>3 XI Firma Produkcyjno-Us\u0142ugowo-Handlowa Mechanika uzyska\u0142a zezwolenie na prowadzenie dzia\u0142alno\u015bci w SSE EURO-PARK MIELEC.<\/li>\r\n\r\n\r\n\r\n<li>9 XI Firma \u201eMelnox\u201d zosta\u0142a laureatem Nagrody Ministra Ochrony \u015arodowiska w konkursie \u201eLider Polskiej Ekologii 2000\u201d.<\/li>\r\n\r\n\r\n\r\n<li>11-12 XI Z okazji 10-lecia wsp\u00f3\u0142pracy partnerskiej Douchy-les-Mines (Francja) z Mielcem i Vila Nova de Poiares (Portugalia) w Douchy-les-Mines odby\u0142y si\u0119 specjalne uroczysto\u015bci, a na ich zako\u0144czenie parafowano \u201eUmow\u0119 o dalszej wsp\u00f3\u0142pracy miast\u201d. W imieniu Mielca podpisa\u0142 j\u0105 zast\u0119pca prezydenta miasta Mieczys\u0142aw Wdowiarz.<\/li>\r\n\r\n\r\n\r\n<li>25 XI Na murze przy ko\u015bciele \u015bw. Mateusza ods\u0142oni\u0119to i po\u015bwi\u0119cono tablic\u0119 pami\u0105tkow\u0105 Zwi\u0105zku Sybirak\u00f3w.<\/li>\r\n\r\n\r\n\r\n<li>XI Powsta\u0142o Stowarzyszenie Nauczycieli Polonist\u00f3w (SNAP) Oddzia\u0142 w Mielcu.<\/li>\r\n\r\n\r\n\r\n<li>5 XII Zezwolenie na dzia\u0142alno\u015b\u0107 w SSE EURO-PARK MIELEC otrzyma\u0142a firma VILLA GLASS STUDIO SP. Z O.O., produkuj\u0105ca jako jedyna w kraju \u017cel parafinowy.<\/li>\r\n\r\n\r\n\r\n<li>7 XII W starostwie powiatowym goszczono przedstawicieli Banku \u015awiatowego w zwi\u0105zku z udzia\u0142em powiatu mieleckiego w pilota\u017cowym programie usuwania skutk\u00f3w powodzi.<\/li>\r\n\r\n\r\n\r\n<li>8 XII Na lotnisku Bemowo w Warszawie odby\u0142a si\u0119 promocja samolot\u00f3w M-28 Skytruck i M-28B Bryza.<\/li>\r\n\r\n\r\n\r\n<li>15 XII Zarejestrowano Odrodzone Towarzystwo Gimnastyczne \u201eSok\u00f3\u0142\u201d, stowarzyszenie sportowe nawi\u0105zuj\u0105ce do tradycji TG \u201eSok\u00f3\u0142\u201d w Mielcu. Powsta\u0142o z inicjatywy J\u00f3zefa W\u00f3jtowicza \u2013 trenera lekkoatletycznego i dzia\u0142acza sportowego.<\/li>\r\n\r\n\r\n\r\n<li>17 XII W kaplicy \u015bw. Stanis\u0142awa Kostki i wyremontowanym pawilonie sportowym przy ul. Warszawskiej odby\u0142a si\u0119 uroczysto\u015b\u0107 po\u015bwi\u0119cenia i wr\u0119czenia sztandaru Towarzystwu Gimnastycznemu \u201eSok\u00f3\u0142\u201d.<\/li>\r\n\r\n\r\n\r\n<li>21 XII Firma EURO-EKO Sp. z o.o., specjalizuj\u0105ca si\u0119 w us\u0142ugach komunalnych r\u00f3\u017cnego typu, otrzyma\u0142a zezwolenie na dzia\u0142alno\u015b\u0107 gospodarcz\u0105 na terenie SSE EURO-PARK MIELEC.<\/li>\r\n\r\n\r\n\r\n<li>22 XII Firma Tarapata Sp. z o.o. otrzyma\u0142a zezwolenie na dzia\u0142alno\u015b\u0107 w SSE EURO-PARK MIELEC.<\/li>\r\n\r\n\r\n\r\n<li>27 XII Uroczy\u015bcie otwarto nowy Dom Pomocy Spo\u0142ecznej przy ul. kard. S. Wyszy\u0144skiego \u2013 powiatow\u0105 stacjonarn\u0105 instytucj\u0119 pomocy spo\u0142ecznej.<\/li>\r\n\r\n\r\n\r\n<li>28 XII W CWP zorganizowano tradycyjne Spotkanie \u015awi\u0105teczno-Noworoczne.<\/li>\r\n\r\n\r\n\r\n<li>31 XII Na placu AK, balach (mniej ni\u017c w poprzednich latach) i prywatkach witano Nowy Rok 2001, XXI wiek i III Tysi\u0105clecie naszej ery.<\/li>\r\n<\/ul>\r\n\r\n\r\n\r\n<p><strong>Ponadto w 2000 r.<\/strong>:<\/p>\r\n\r\n\r\n\r\n<ul class=\"wp-block-list\">\r\n<li>Pomi\u0119dzy Zwi\u0105zkiem Farmer\u00f3w na wyspie Jersey i Agencj\u0105 Rozwoju Regionalnego MARR w Mielcu podpisano porozumienie, na mocy kt\u00f3rego na wysp\u0119 kierowane b\u0119d\u0105 osoby zdolne podo\u0142a\u0107 pracy na roli, zgodnie z zapotrzebowaniem farmer\u00f3w. W 2000 r. wyjecha\u0142o na Jersey 218 os\u00f3b z powiatu mieleckiego.<\/li>\r\n\r\n\r\n\r\n<li>W AEROEXPO-2000 w Wenezueli pokazywano m.in. samolot M-28 Skytruck wyprodukowany w Polskich Zak\u0142adach Lotniczych Sp. z o.o.<\/li>\r\n\r\n\r\n\r\n<li>W hali sportowo-widowiskowej MOSiR zorganizowano XI Mistrzostwa Polski w karate tradycyjnym.<\/li>\r\n\r\n\r\n\r\n<li>Marek Stanis\u0142aw Graniczkowski wyda\u0142 poprzez wydawnictwo \u017cony (Barbary) autorski album fotograficzny \u201eMielec i okolice\u201d \u2013 pierwszy tego typu album mielecki.<\/li>\r\n\r\n\r\n\r\n<li>Rejon Telekomunikacji TP S.A. przekszta\u0142cono na Rejon Obs\u0142ugi Klienta TP S.A.<\/li>\r\n<\/ul>\r\n\r\n\r\n\r\n<p><br \/><strong>2001<\/strong><\/p>\r\n\r\n\r\n\r\n<ul class=\"wp-block-list\">\r\n<li>1 I Reprezentacyjny hotel mielecki \u201eJubilat\u201d zosta\u0142 przemianowany na Hotel Polski.<\/li>\r\n\r\n\r\n\r\n<li>5-7 I W IX Finale Wielkiej Orkiestry \u015awi\u0105tecznej Pomocy Mielec i powiat mielecki zebra\u0142y 72 558,95 z\u0142 (wed\u0142ug stanu na 11 I).<\/li>\r\n\r\n\r\n\r\n<li>10 I Protestuj\u0105c przeciwko niskim p\u0142acom, pracownicy Wytw\u00f3rni Silnik\u00f3w Diesel Mielec strajkowali przez dwa dni. Po podwy\u017cce stawki za godzin\u0119 o 1 z\u0142 dla ka\u017cdego pracownika strajk zako\u0144czono.<\/li>\r\n\r\n\r\n\r\n<li>13 I W sali konferencyjnej CWP SCK odby\u0142a si\u0119 uroczysto\u015b\u0107 40-lecia Miejskiej Komunikacji Samochodowej Sp. z o.o.<\/li>\r\n\r\n\r\n\r\n<li>23 I Z inicjatywy Centrum Kszta\u0142cenia Praktycznego w sali wystawowej CWP SCK odby\u0142 si\u0119 pokaz \u201eElementy infostrady cyfrowej\u201d \u2013 pierwszy z cyklu pokaz\u00f3w prezentuj\u0105cych nowoczesne techniki telekomunikacyjne.<\/li>\r\n\r\n\r\n\r\n<li>23-26 I W Mi\u0119dzynarodowych Targach Budownictwa BUDMA w Poznaniu eksponowa\u0142y swoje wyroby firmy z SSE EURO-PARK MIELEC \u2013 Termo Organika (producent styropianu) i Melnox (producent materia\u0142\u00f3w drewnopochodnych).<\/li>\r\n\r\n\r\n\r\n<li>25\/26 I Nieznani sprawcy zniszczyli wiele betonowych i drewnianych krzy\u017cy oraz zdewastowali szereg nagrobk\u00f3w na cmentarzu parafialnym w Mielcu przy ul. H. Sienkiewicza.<\/li>\r\n\r\n\r\n\r\n<li>29 I W SCK odby\u0142 si\u0119 koncert charytatywny, w kt\u00f3rym wyst\u0105pili m.in. Justyna Steczkowska, Marek Ba\u0142ata i Mr Pollack.<\/li>\r\n\r\n\r\n\r\n<li>10 II W Gali Fina\u0142owej Miss Mielca 2001, kt\u00f3r\u0105 zorganizowano w sali widowiskowej Domu Kultury SCK, najpi\u0119kniejsz\u0105 mielczank\u0105 zosta\u0142a wybrana Katarzyna P\u0119giel.<\/li>\r\n\r\n\r\n\r\n<li>14 II Powsta\u0142o pierwsze Centrum Teleinformatyczne.<\/li>\r\n\r\n\r\n\r\n<li>19 II W sali widowiskowej SCK wyst\u0105pi\u0142 z recitalem Daniel Olbrychski.<\/li>\r\n\r\n\r\n\r\n<li>22-23 II W Hotelu Polskim odby\u0142a si\u0119 Podkarpacka Konferencja Endokrynologiczno-Diabetyczna.<\/li>\r\n\r\n\r\n\r\n<li>23-25 II W CWP odby\u0142y si\u0119 II Targi Budownictwa i Wyposa\u017cenia Wn\u0119trz EKO-BUD.<\/li>\r\n\r\n\r\n\r\n<li>II Na Mi\u0119dzynarodowej Wystawie Lotniczej AERO INDIA 2001 zaprezentowano samoloty M-28 Skytruck produkowane przez Polskie Zak\u0142ady Lotnicze w Mielcu.<\/li>\r\n\r\n\r\n\r\n<li>6 III W hali sportowo-widowiskowej odby\u0142 si\u0119 koncert kapeli \u201eGolec uOrkiestra\u201d. Popisy braci Golc\u00f3w poprzedzi\u0142 zesp\u00f3\u0142 \u201eColorado Band\u201d z Januszem Nastarowiczem.<\/li>\r\n\r\n\r\n\r\n<li>7 III W czasie konferencji prasowej, kt\u00f3ra odby\u0142a si\u0119 w sali konferencyjnej Hotelu Sheraton w Warszawie, przedstawiciele British Aerospace Systems i Polskich Zak\u0142ad\u00f3w Lotniczych w Mielcu poinformowali o 10-letnim kontrakcie na produkcj\u0119 i dostaw\u0119 przez stron\u0119 mieleck\u0105 podzespo\u0142\u00f3w do samolotu dyspozycyjnego Hawker 800 XP oraz podali szereg szczeg\u00f3\u0142\u00f3w dotycz\u0105cych tego kontraktu.<\/li>\r\n\r\n\r\n\r\n<li>7 III W Mielcu go\u015bci\u0142 marsza\u0142ek Sejmu Maciej P\u0142a\u017cy\u0144ski. Jednym z cel\u00f3w jego wizyty by\u0142o utworzenie grupy inicjatywnej nowej partii \u2013 Platformy Obywatelskiej.<\/li>\r\n\r\n\r\n\r\n<li>22 III W CWP otwarto wystaw\u0119 \u201e\u017bycie codzienne, kultura i sztuka lud\u00f3w Afryki\u201d.<\/li>\r\n\r\n\r\n\r\n<li>26-27 III W sali konferencyjnej CWP odby\u0142a si\u0119 wojew\u00f3dzka konferencja ekologiczna \u201ePrzemys\u0142 Podkarpackiego a stan \u015brodowiska w regionie\u201d.<\/li>\r\n\r\n\r\n\r\n<li>19 IV Brytyjska firma lotnicza BAE Systems zawar\u0142a z Polskimi Zak\u0142adami Lotniczymi kontrakt na wykonanie przez PZL 18 kompletnych skrzyde\u0142 do samolot\u00f3w Regional Jet RJX.<\/li>\r\n\r\n\r\n\r\n<li>24 IV W Domu Kultury SCK otwarto wystaw\u0119 \u201eTradycje pszczelarstwa w Polsce\u201d.<\/li>\r\n\r\n\r\n\r\n<li>26 IV Dni Kultury Francuskiej w SCK zainaugurowano otwarciem wystaw \u201eArchitektura francuska\u201d i \u201eHistoria komiksu we Francji\u201d.<\/li>\r\n\r\n\r\n\r\n<li>27 IV W Night Clubie Hotelu Polskiego wyst\u0105pi\u0142a z recitalem Anita Lipnicka.<\/li>\r\n\r\n\r\n\r\n<li>27 IV W hali sportowo-widowiskowej wyst\u0105pi\u0142 zesp\u00f3\u0142 muzyczny \u201eAcid Drinkers\u201d. Doch\u00f3d z imprezy przeznaczono na leczenie m\u0142odego mielczanina Paw\u0142a Szkutnickiego.<\/li>\r\n\r\n\r\n\r\n<li>27-28 IV W czasie Mistrzostw Polski w Karate Tradycyjnym w Cz\u0119stochowie zawodnicy MKK \u201eKaminari\u201d Mielec: Andrzej Babula, Andrzej \u017belasko i Pawe\u0142 Parys zdobyli z\u0142ote medale w kata dru\u017cynowym.<\/li>\r\n\r\n\r\n\r\n<li>5 V W mieleckim starostwie powiatowym go\u015bci\u0142a delegacja Stowarzyszenia Przyjaci\u00f3\u0142 Polski w Bretanii.<\/li>\r\n\r\n\r\n\r\n<li>18 V W plebiscycie \u201eKorso\u201d tytu\u0142 \u201eMielczanina Roku 2000\u201d otrzyma\u0142 Jacek B\u0105k \u2013 za\u0142o\u017cyciel i w\u0142a\u015bciciel firmy \u201eAutopart\u201d.<\/li>\r\n\r\n\r\n\r\n<li>25 V Na terenach zielonych MOSiR odby\u0142a si\u0119 impreza promocyjna Firmy \u201ePodravka\u201d, a w jej ramach koncert plenerowy Krzysztofa Krawczyka i zespo\u0142u \u201eCzarno-Czarni\u201d.<\/li>\r\n\r\n\r\n\r\n<li>26-27 V Na placu AK odby\u0142y si\u0119 IV Og\u00f3lnopolskie Prezentacje Folkloru i Rzemios\u0142a Ludowego<\/li>\r\n\r\n\r\n\r\n<li>V W rankingu najta\u0144szych urz\u0119d\u00f3w miejskich w 2001 r. w kategorii miast powiatowych powy\u017cej 30 tys. mieszka\u0144c\u00f3w, sporz\u0105dzonym przez og\u00f3lnopolsk\u0105 gazet\u0119 samorz\u0105dow\u0105 \u201eWsp\u00f3lnota\u201d, Urz\u0105d Miejski w Mielcu zosta\u0142 sklasyfikowany na 2. miejscu w kraju (74,7 z\u0142 na 1 mieszka\u0144ca rocznie).<\/li>\r\n\r\n\r\n\r\n<li>31 V &#8211; 2 VI Odby\u0142y si\u0119 Juwenilia, a w ich programie szereg imprez dla dzieci i m\u0142odzie\u017cy.<\/li>\r\n\r\n\r\n\r\n<li>1-6 VI Odby\u0142 si\u0119 cykl imprez w ramach M\u0142odzie\u017cowego Tygodnia Integracji Europejskiej. Uczestniczy\u0142y w niej ekipy z Douchy-les-Mines (Francja), Erlanden (Niemcy), Mukaczewo (Ukraina), Rottweil (Niemcy), Tiszaf\u0151ldvar (Wegry), Vila Nova de Poiares (Portugalia) i Mielca. Ponadto 4 VI podpisano Umow\u0119 o partnerstwie miast: Vila Nova de Poiares i Mielec.<\/li>\r\n\r\n\r\n\r\n<li>13 VI W CWP otwarto wystaw\u0119 rze\u017ab i obraz\u00f3w zakopia\u0144skiego artysty Henryka Burzca.<\/li>\r\n\r\n\r\n\r\n<li>16 VI Na lotnisku La Bourget ko\u0142o Pary\u017ca rozpocz\u0105\u0142 si\u0119 44. Mi\u0119dzynarodowy Salon Lotnictwa i Astronautyki, w kt\u00f3rym zaprezentowano m.in. samoloty M-28 Skytruck i M-28 Bryz\u0119 wyprodukowane przez Polskie Zak\u0142ady Lotnicze w Mielcu.<\/li>\r\n\r\n\r\n\r\n<li>16 VI \u2013 22 VI Kolejno we wszystkich mieleckich parafiach odby\u0142y si\u0119 uroczysto\u015bci \u201eNawiedzenia kopii obrazu Matki Boskiej Cz\u0119stochowskiej\u201d.<\/li>\r\n\r\n\r\n\r\n<li>22 VI Inauguracj\u0105 \u201eDni Mielca\u201d by\u0142a uroczysto\u015b\u0107 oddania do u\u017cytku Pa\u0142acyku Oborskich jako siedziby g\u0142\u00f3wnej Muzeum Regionalnego i reprezentacyjnego miejsca samorz\u0105du miasta Mielca.<\/li>\r\n\r\n\r\n\r\n<li>22-24 VI W ramach \u201eDni Mielca\u201d, po\u0142\u0105czonych z 10-leciem \u201eKorso\u201d, koncertowali m.in.: Con Brio (trio harmonijek ustnych) i \u201eKazik na \u017bywo\u201d.<\/li>\r\n\r\n\r\n\r\n<li>27 VI W SSE EURO-PARK MIELEC z udzia\u0142em oko\u0142o 180 go\u015bci z 19. kraj\u00f3w uroczy\u015bcie otwarto fabryk\u0119 Onduline \u2013 producenta pokry\u0107 dachowych.<\/li>\r\n\r\n\r\n\r\n<li>30 VI Mielecki zak\u0142ad Linde Gaz zako\u0144czy\u0142 produkcj\u0119 gaz\u00f3w technicznych i zosta\u0142 zamkni\u0119ty.<\/li>\r\n\r\n\r\n\r\n<li>VI Po zako\u0144czeniu roku szkolnego 2000\/2001 Szko\u0142a Podstawowa w osiedlu Wojs\u0142aw zosta\u0142a zlikwidowana.<\/li>\r\n\r\n\r\n\r\n<li>2 VII W inauguracyjnym koncercie IV Mi\u0119dzynarodowego Festiwalu Organowego w ko\u015bciele MBNP wyst\u0105pili Ireneusz Wyrwa (organy) oraz Marek Ba\u0142ata (\u015bpiew), kt\u00f3ry z zespo\u0142em wykona\u0142 \u201eMsz\u0119 kreolsk\u0105\u201d A. Ramireza.<\/li>\r\n\r\n\r\n\r\n<li>4 VII Nad Mielcem i okolicami przesz\u0142a niezwykle gwa\u0142towna burza, po kt\u00f3rej ulice zamieni\u0142y si\u0119 w potoki.<\/li>\r\n\r\n\r\n\r\n<li>12 VII W katastrofie lotniczej samolotu M-28 Skytruck na lotnisku w Puerto Cabello w Wenezueli zgin\u0119\u0142o 13 os\u00f3b, a w\u015br\u00f3d nich mielczanie: Stanis\u0142aw Padyku\u0142a \u2013 wiceprezes Agencji Rozwoju Przemys\u0142u w Warszawie, Daniel Roma\u0144ski \u2013 prezes Polskich Zak\u0142ad\u00f3w Lotniczych w Mielcu, Jan S\u0119k \u2013 przedstawiciel pionu technicznego PZL, Andrzej Koper \u2013 przedstawiciel pionu handlowego PZL i Piotr Bie\u0144 \u2013 przedstawiciel grupy serwisowej PZL. Przyczyn\u0105 katastrofy by\u0142 b\u0142\u0105d pilota wenezuelskiego. W Mielcu og\u0142oszono \u017ca\u0142ob\u0119.<\/li>\r\n\r\n\r\n\r\n<li>22 VII W hangarze Polskich Zak\u0142ad\u00f3w Lotniczych odby\u0142y si\u0119 uroczysto\u015bci po\u017cegnania przed pogrzebami pi\u0119ciu mielczan \u2013 ofiarami katastrofy lotniczej w Wenezueli.<\/li>\r\n\r\n\r\n\r\n<li>24-26 VII Na skutek intensywnych opad\u00f3w wyla\u0142a rzeka Wis\u0142oka.<\/li>\r\n\r\n\r\n\r\n<li>8 VIII Zezwolenie na dzia\u0142alno\u015b\u0107 w SSE EURO-PARK MIELEC otrzyma\u0142a firma RSM Sp. z o.o., produkuj\u0105ca maszyny i urz\u0105dzenia dla budownictwa.<\/li>\r\n\r\n\r\n\r\n<li>13 VIII Z terenu le\u015bnego na Por\u0119bach Wojs\u0142awskich saperzy z D\u0119bicy wywie\u017ali 386 sztuk bomb lotniczych do Nowej D\u0119by, gdzie na poligonie zosta\u0142y zdetonowane.<\/li>\r\n\r\n\r\n\r\n<li>22 VIII W ko\u015bciele MBNP odby\u0142 si\u0119 5. koncert w ramach IV MFO Mielec 2001. Wyst\u0105pili w nim belgijski organista Jan van Mol i polski gitarzysta Romuald Erenc. Promowano te\u017c p\u0142yt\u0119 CD z nagraniami Jana van Mola.<\/li>\r\n\r\n\r\n\r\n<li>23 VIII W Mielcu go\u015bci\u0142o \u201eLato z Radiem\u201d \u2013 najpopularniejszy letni program Polskiego Radia. Do po\u0142udnia emitowano wywiady z g\u0142\u00f3wnymi kreatorami \u017cycia miasta, a po po\u0142udniu na terenach rekreacyjnych MOSiR odby\u0142a si\u0119 wielka impreza artystyczno-promocyjna. Wyst\u0105pili m.in. Andrzej Cierniewski z zespo\u0142em \u201eVarius Manx\u201d i Grzegorz Markowski z zespo\u0142em \u201ePerfekt\u201d.<\/li>\r\n\r\n\r\n\r\n<li>27 VIII Ryszard Michalak z Mielca wywalczy\u0142 tytu\u0142 mistrza Polski w Indywidualnych Mistrzostwach Polski w Bryd\u017cu Sportowym w Warszawie.<\/li>\r\n\r\n\r\n\r\n<li>28 VIII Zarejestrowano Automobilklub Mielecki jako odr\u0119bne stowarzyszenie.<\/li>\r\n\r\n\r\n\r\n<li>30 VIII W uroczysto\u015bciach 20. rocznicy po\u015bwi\u0119cenia lotniska w Mielcu wzi\u0105\u0142 udzia\u0142 przewodnicz\u0105cy Komisji Krajowej NSZZ \u201eSolidarno\u015b\u0107\u201d Marian Krzaklewski.<\/li>\r\n\r\n\r\n\r\n<li>8-9 IX W czasie Mi\u0119dzynarodowych Pokaz\u00f3w i Targ\u00f3w Lotniczych AIR SHOW 2001 w Radomiu m.in. zaprezentowano samoloty wyprodukowane przez PZL Mielec. Na wystawie eksponowano M-28 Bryza i M-18 Dromader, a w pokazach lotniczych wzi\u0119\u0142y udzia\u0142 M-28 Skytruck i M-26 Iskierka. M-28 Skytruck otrzyma\u0142 nagrod\u0119 ministra gospodarki za najlepszy produkt eksportowy roku.<\/li>\r\n\r\n\r\n\r\n<li>12 IX Centrum Diagnostyczne Chor\u00f3b Nowotworowych wizytowa\u0142 Daniel S. Miller \u2013 przedstawiciel Banku \u015awiatowego, z kt\u00f3rego otrzymano \u015brodki finansowe na sprz\u0119t medyczny.<\/li>\r\n\r\n\r\n\r\n<li>19-22 IX Z inicjatywy CKP w Mielcu odby\u0142a si\u0119 XVII Og\u00f3lnopolska Konferencja \u201eInformatyka w Szkole\u201d. Wzi\u0119\u0142o w niej udzia\u0142 ponad 400 nauczycieli oraz go\u015bcie z zagranicy. Prof. Maciej S. Sys\u0142o z Uniwersytetu Wroc\u0142awskiego zosta\u0142 uhonorowany przez prezydenta Mielca Janusza Chodorowskiego Medalem \u201ePrzyjaciel Miasta Mielca\u201d za organizacj\u0119 dw\u00f3ch og\u00f3lnopolskich nauczycielskich konferencji informatycznych w Mielcu i promowanie Mielca jako miasta przyjaznego nowoczesnej edukacji.<\/li>\r\n\r\n\r\n\r\n<li>20 IX W ko\u015bciele MBNP odby\u0142 si\u0119 fina\u0142owy 8. koncert IV MFO, w kt\u00f3rym wyst\u0105pili: J\u00f3zef Serafin &#8211; organy, Piotr Paleczny \u2013 fortepian i Kwartet \u201ePrima Vista\u201d.<\/li>\r\n\r\n\r\n\r\n<li>23 IX W wyborach parlamentarnych wybrano na pos\u0142\u00f3w Krystyn\u0119 Skowro\u0144sk\u0105 (Platforma Obywatelska) i Stanis\u0142awa Janasa (SLD) oraz na senatora Grzegorza Lat\u0119 (SLD).<\/li>\r\n\r\n\r\n\r\n<li>12 X W ko\u015bciele MBNP i Zespole Szk\u00f3\u0142 Technicznych odby\u0142y si\u0119 uroczysto\u015bci z okazji 90-lecia szkolnictwa zawodowego w Mielcu oraz nadania szkole sztandaru.<\/li>\r\n\r\n\r\n\r\n<li>14 X W hali sportowo-widowiskowej odby\u0142 si\u0119 koncert zespo\u0142u muzycznego \u201eBrathanki\u201d.<\/li>\r\n\r\n\r\n\r\n<li>18-19 X W salach konferencyjnych CWP SCK i Hotelu Polskiego odby\u0142a si\u0119 \u201eKonferencja biznesowa miast partnerskich &#8211; Mukaczewa (Ukraina) i Mielca\u201d.<\/li>\r\n\r\n\r\n\r\n<li>19-20 X W V Festiwalu Pie\u015bni Religijnej \u201eCantate Deo\u201d w Rzeszowie Ch\u00f3r Nauczycielski \u201eAkord\u201d zaj\u0105\u0142 1. miejsce, a Ch\u00f3r Mieszany I LO \u2013 2. miejsce. Oboma ch\u00f3rami dyrygowa\u0142 Pawe\u0142 Lis.<\/li>\r\n\r\n\r\n\r\n<li>26 X W Hotelu Polskim odby\u0142a si\u0119 uroczysto\u015b\u0107 10-lecia Tygodnika Regionalnego \u201eKorso\u201d.<\/li>\r\n\r\n\r\n\r\n<li>27 X Zmar\u0142 Edward Jan Janiszewski (l. 65) \u2013 lekarz dermatolog, d\u0142ugoletni ordynator Oddzia\u0142u Dermatologicznego i kierownik Poradni Dermatologicznej w mieleckim szpitalu, kierownik Powiatowej Stacji Sanitarno-Epidemiologicznej.<\/li>\r\n\r\n\r\n\r\n<li>29 X W Domu Kultury SCK odby\u0142o si\u0119 XXXVIII Posiedzenie Krajowej Rady Lotnictwa.<\/li>\r\n\r\n\r\n\r\n<li>29-30 X Z inicjatywy Europejskiego Instytutu na Rzecz Demokracji w Warszawie w mieleckim Hotelu Polskim odby\u0142a si\u0119 konferencja \u201eRomowie w spo\u0142eczno\u015bci lokalnej\u201d.<\/li>\r\n\r\n\r\n\r\n<li>5 XI Mieleckie starostwo powiatowe otrzyma\u0142o od Banku \u015awiatowego bezzwrotn\u0105 po\u017cyczk\u0119 na rzecz ograniczenia skutk\u00f3w powodzi i profilaktyki przeciwpowodziowej.<\/li>\r\n\r\n\r\n\r\n<li>14 XI Uroczy\u015bcie otwarto Centrum Medyczne \u201eZdrowie\u201d przy ul. H. Sienkiewicza i M. Pisarka.<\/li>\r\n\r\n\r\n\r\n<li>22-23 XI W Wy\u017cszej Szkole Gospodarki i Zarz\u0105dzania odby\u0142a si\u0119 konferencja naukowa \u201eStrategiczne kierunki wsp\u00f3\u0142pracy polsko-ukrai\u0144skiej \u2013 wyzwania i szanse dla ma\u0142ych i \u015brednich przedsi\u0119biorstw\u201d.<\/li>\r\n\r\n\r\n\r\n<li>23 XI W Domu Kultury SCK odby\u0142 si\u0119 I Przegl\u0105d Dzieci\u0119cych Zespo\u0142\u00f3w Tanecznych \u201ePasikonik\u201d.<\/li>\r\n\r\n\r\n\r\n<li>27 XI Na konferencji prasowej przedstawiciele British Aerospace poinformowali o przerwaniu kontraktu z Polskimi Zak\u0142adami Lotniczymi dotycz\u0105cego produkcji skrzyde\u0142 do samolotu Reginal Jet X. Jako g\u0142\u00f3wny pow\u00f3d tej decyzji podano wydarzenia z 11 IX w Stanach Zjednoczonych.<\/li>\r\n\r\n\r\n\r\n<li>29 XI Zmar\u0142 Stanis\u0142aw Becker (l. 88) &#8211; pilot i mechanik samolotowy, uczestnik II wojny \u015bwiatowej (m.in. bra\u0142 udzia\u0142 w lotach bojowych nad Niemcami i lotach nad okupowan\u0105 Polsk\u0105 ze zrzutami broni i amunicji dla powstania warszawskiego), d\u0142ugoletni pracownik WSK Mielec, porucznik, prezes Zarz\u0105du Oddzia\u0142u ZIW.<\/li>\r\n\r\n\r\n\r\n<li>4 XII Oddano do u\u017cytku Katolickie Centrum Edukacji M\u0142odzie\u017cy \u201eKANA\u201d. Po\u015bwi\u0119cenia nowej plac\u00f3wki dokona\u0142 biskup tarnowski dr Wiktor Skworc.<\/li>\r\n\r\n\r\n\r\n<li>6-7 XII Z inicjatywy w\u0142adz miasta Mielca w Mukaczewie (Ukraina) przebywa\u0142a misja gospodarcza z Mielca. W jej sk\u0142ad wesz\u0142o kilkudziesi\u0119ciu w\u0142a\u015bcicieli i przedstawicieli ma\u0142ych firm.<\/li>\r\n\r\n\r\n\r\n<li>7 XII Na placu AK Towarzystwo M\u0142odzie\u017cowe Ma\u0142a Laponia zorganizowa\u0142o imprez\u0119 dla dzieci \u201eZ Miko\u0142ajem do Europy\u201d.<\/li>\r\n\r\n\r\n\r\n<li>XII Rozpocz\u0119\u0142o dzia\u0142alno\u015b\u0107 Radio Puls FM.<\/li>\r\n<\/ul>\r\n\r\n\r\n\r\n<p><strong>Ponadto w 2001 r.<\/strong>:<\/p>\r\n\r\n\r\n\r\n<ul class=\"wp-block-list\">\r\n<li>W Szpitalu Powiatowym utworzono Oddzia\u0142 Urazowo-Ortopedyczny.<\/li>\r\n\r\n\r\n\r\n<li>Utworzono mieleckie ko\u0142o partii Prawo i Sprawiedliwo\u015b\u0107.<\/li>\r\n\r\n\r\n\r\n<li>Zorganizowano mieleckie ko\u0142o Platformy Obywatelskiej.<\/li>\r\n\r\n\r\n\r\n<li>Mielecki grawer J\u00f3zef Kardy\u015b otrzyma\u0142 tytu\u0142 \u201eStemplarz Roku 2000\u201d, przyznawany przez og\u00f3lnopolskie czasopismo \u201eStemplarz Polski\u201d.<\/li>\r\n\r\n\r\n\r\n<li>Otwarto pierwsze kafejki internetowe: X-NET, MAUPA i CYBERNETYKA.<\/li>\r\n\r\n\r\n\r\n<li>Gmina Miejska przej\u0119\u0142a od WSK \u201ePZL-Mielec\u201d SA. (w upad\u0142o\u015bci) pozosta\u0142e nieruchomo\u015bci i obiekty sportowe pomi\u0119dzy ulicami J. Kusoci\u0144skiego i L. Solskiego.<\/li>\r\n\r\n\r\n\r\n<li>Wyprodukowany w Polskich Zak\u0142adach Lotniczych Sp. z o.o. samolot M-28 zaprezentowano na wystawie AEROINDIA w Bangalore (Indie).<\/li>\r\n\r\n\r\n\r\n<li>Zak\u0142ad Narz\u0119dziowy \u201ePZL-Mielec\u201d otrzyma\u0142 nagrod\u0119 ministra gospodarki za \u201eNajlepszy wynik eksportowy roku 2000\u201d.<\/li>\r\n<\/ul>\r\n\r\n\r\n\r\n<p><br \/><strong>2002<\/strong><\/p>\r\n\r\n\r\n\r\n<ul class=\"wp-block-list\">\r\n<li>1 I Pokazem ogni sztucznych nad placem AK powitano Nowy Rok 2002.<\/li>\r\n\r\n\r\n\r\n<li>7 I W sali konferencyjnej CWP SCK odby\u0142o si\u0119 seminarium informatyczne, kt\u00f3rego wiod\u0105cym tematem by\u0142y Lokalne Akademie Informatyczne.<\/li>\r\n\r\n\r\n\r\n<li>13 I W czasie X Fina\u0142u Wielkiej Orkiestry \u015awi\u0105tecznej Pomocy zebrano 73 306,46 z\u0142.<\/li>\r\n\r\n\r\n\r\n<li>17 I W sali widowiskowej Domu Kultury SCK wyst\u0105pili z koncertem \u201eGwiazdo \u015bwie\u0107, kol\u0119do le\u0107\u201d piosenkarze: Halina Fr\u0105ckowiak, Alicja Majewska i Zbigniew Wodecki oraz pianista W\u0142odzimierz Korcz.<\/li>\r\n\r\n\r\n\r\n<li>19 I W sali widowiskowej odby\u0142 si\u0119 spektakl teatralny \u201eAtrakcyjny pozna pani\u0105\u201d w wykonaniu Teatru Niepoprawnego z Warszawy.<\/li>\r\n\r\n\r\n\r\n<li>25 I W hali sportowo-widowiskowej MOSiR odby\u0142 si\u0119 koncert zespo\u0142u \u201eArka Noego\u201d.<\/li>\r\n\r\n\r\n\r\n<li>I Ministerstwo Obrony Narodowej zako\u0144czy\u0142o definitywnie finansowanie programu budowy samolotu szkolno-bojowego Iryda produkowanego w Mielcu.<\/li>\r\n\r\n\r\n\r\n<li>I Zamontowano dwie pierwsze kamery monitoruj\u0105ce plac AK przez ca\u0142\u0105 dob\u0119.<\/li>\r\n\r\n\r\n\r\n<li>9 II Miss Mielca 2002 zosta\u0142a Katarzyna Ko\u015bla. Gala odby\u0142a si\u0119 w sali widowiskowej Domu Kultury SCK.<\/li>\r\n\r\n\r\n\r\n<li>15 II W CWP otwarto wystaw\u0119 \u201eIndianie Amazonii i And\u00f3w Peruwia\u0144skich\u201d ze zbior\u00f3w Muzeum Narodowego w Szczecinie.<\/li>\r\n\r\n\r\n\r\n<li>22 II Zmar\u0142 Franciszek \u015aliwa (l. 83) \u2013 dzia\u0142acz polityczny i spo\u0142eczny, pose\u0142 na Sejm PRL, pisarz.<\/li>\r\n\r\n\r\n\r\n<li>5 III Odby\u0142o si\u0119 seminarium \u201eSystem informacji przestrzennej POWIAT dla powiatu mieleckiego\u201d, w kt\u00f3rym om\u00f3wiono mo\u017cliwo\u015bci jego wykorzystania. By\u0142 to pierwszy tego typu system w wojew\u00f3dztwie podkarpackim i jeden z 14. pierwszych w kraju.<\/li>\r\n\r\n\r\n\r\n<li>6 III Z inicjatywy Renaty i Henryka Burych \u2013 w\u0142a\u015bcicieli firmy THB BURY w L\u00f6hne i Mielcu \u2013 do Mielca przyby\u0142a oficjalna delegacja w\u0142adz L\u00f6hne \u2013 miasta w Niemczech &#8211; z misj\u0105 nawi\u0105zania wsp\u00f3\u0142pracy z Mielcem.<\/li>\r\n\r\n\r\n\r\n<li>9 III W czasie zgromadzenia podkarpackiej AWS przewodnicz\u0105cym Zarz\u0105du Podkarpackiego AWS zosta\u0142 wybrany W\u0142adys\u0142aw Ortyl \u2013 wicemarsza\u0142ek wojew\u00f3dztwa podkarpackiego.<\/li>\r\n\r\n\r\n\r\n<li>21-24 III Odby\u0142a si\u0119 Mi\u0119dzynarodowa Konferencja U\u017cytkownik\u00f3w Samolotu M-18 Dromader.<\/li>\r\n\r\n\r\n\r\n<li>III W czasie licytacji na mi\u0119dzynarodowym motoryzacyjnym show w Nowym Jorku replika samochodu Cobra Shelby 427, wykonana w czynie spo\u0142ecznym w mieleckiej firmie Kirkham Motorsports, zosta\u0142a sprzedana za 88 100 dolar\u00f3w. Pracownicy i ameryka\u0144scy w\u0142a\u015bciciele firmy przeznaczyli te pieni\u0105dze dla nowojorskiego szpitala Downtown, ratuj\u0105cego ofiary terrorystycznego ataku na Word Trade Center 11 IX 2001 r.<\/li>\r\n\r\n\r\n\r\n<li>9 IV Szko\u0142a Podstawowa nr 13 im. Jana Bytnara \u201eRudego\u201d \u2013 jako jedna z dw\u00f3ch pierwszych w kraju \u2013 otrzyma\u0142a w gmachu Sejmu z r\u0105k marsza\u0142ka Marka Borowskiego Znak Jako\u015bci Interkl@sa.<\/li>\r\n\r\n\r\n\r\n<li>12-13 IV W Hotelu Polskim odby\u0142a si\u0119 II Podkarpacka Konferencja Endokrynologiczno-Diabetyczna.<\/li>\r\n\r\n\r\n\r\n<li>14 IV W ko\u015bciele \u015bw. Mateusza, na cmentarzu parafialnym przy ul. H. Sienkiewicza i w sali widowiskowej SOKiS w Chorzelowie odby\u0142y si\u0119 uroczysto\u015bci 150. rocznicy urodzin dr. Andrzeja K\u0119dziora \u2013 Honorowego Obywatela Miasta Mielca.<\/li>\r\n\r\n\r\n\r\n<li>25-26 IV W Domu Kultury SCK zorganizowano Dni Kultury Hiszpa\u0144skiej. W imprezie inauguracyjnej uczestniczy\u0142 konsul Kr\u00f3lestwa Hiszpanii Antonio Garcia.<\/li>\r\n\r\n\r\n\r\n<li>15 V Na zaproszenie pose\u0142 Krystyny Skowro\u0144skiej marsza\u0142ek Sejmu Donald Tusk przyby\u0142 do Mielca. Zwiedzi\u0142 Pa\u0142acyk Oborskich, gdzie spotka\u0142 si\u0119 z w\u0142adzami miasta, a nast\u0119pnie przebywa\u0142 w SSE EURO-PARK MIELEC i spotka\u0142 si\u0119 z mieleck\u0105 organizacj\u0105 Platformy Obywatelskiej.<\/li>\r\n\r\n\r\n\r\n<li>16-17 V W sali konferencyjnej CWP SCK odby\u0142a si\u0119 III Ekologiczna Konferencja Szkoleniowa \u201ePrzemys\u0142 Podkarpackiego a stan \u015brodowiska w regionie\u201d.<\/li>\r\n\r\n\r\n\r\n<li>17 V W Pa\u0142acyku Oborskich otwarto wystaw\u0119 \u201eMuzeum Regionalne 1967-2002\u201d.<\/li>\r\n\r\n\r\n\r\n<li>22 V W Mielcu przebywa\u0142a delegacja partnerskiego miasta Mukaczewo (Ukraina).<\/li>\r\n\r\n\r\n\r\n<li>24 V W filii \u201eJadern\u00f3wka\u201d Muzeum Regionalnego otwarto \u201eWystaw\u0119 starych fotografii\u201d.<\/li>\r\n\r\n\r\n\r\n<li>29 V W Hotelu Polskim odby\u0142a si\u0119 uroczysto\u015b\u0107 wr\u0119czenia \u201eSka\u0142ki Korso\u201d Markowi Paprockiemu \u2013 \u201eMielczaninowi 2001\u201d.<\/li>\r\n\r\n\r\n\r\n<li>5-6 VI W ramach Juvenili\u00f3w 2002 odby\u0142y si\u0119 imprezy dla dzieci i m\u0142odzie\u017cy, m.in. koncertowa\u0142 zesp\u00f3\u0142 \u201eMyslovitz\u201d.<\/li>\r\n\r\n\r\n\r\n<li>VI W sali widowiskowej Domu Kultury SCK zespo\u0142y artystyczne D\u0119bicy i Mielca wystawi\u0142y oper\u0119 Stanis\u0142awa Moniuszki \u201eStraszny dw\u00f3r\u201d.<\/li>\r\n\r\n\r\n\r\n<li>21 VI Koncert w wykonaniu Maurycego Merunowicza (organy) i Orkiestry Kameralnej Radia AMADEUS pod dyrekcj\u0105 Agnieszki Duczmal zainaugurowa\u0142 V MFM Mielec-2002.<\/li>\r\n\r\n\r\n\r\n<li>22 VI Zmar\u0142 Antoni Maryniak (l. 42) \u2013 komendant powiatowy Pa\u0144stwowej Stra\u017cy Po\u017carnej, inspirator i organizator rozbudowy, modernizacji i unowocze\u015bnienia wyposa\u017cenia bazy PSP przy ul. H. Sienkiewicza.<\/li>\r\n\r\n\r\n\r\n<li>30 VI Z inicjatywy Wies\u0142awa Bo\u017cka i Romana Marcinka w Rzemieniu i Mielcu (obok Sklepu Polskiego \u201eJedynka\u201d przy ul. Kazimierza Jagiello\u0144czyka) odby\u0142 si\u0119 zlot motocyklist\u00f3w, pierwszy tego typu w Mielcu. Motocykli\u015bci (\u201eharleyowcy\u201d) wykonywali pokazy mo\u017cliwo\u015bci swoich maszyn i uczestniczyli w pikniku wraz z publiczno\u015bci\u0105.<\/li>\r\n\r\n\r\n\r\n<li>VII Przebywaj\u0105cy na leczeniu w USA sparali\u017cowany m\u0142ody mielczanin Pawe\u0142 Szkutnicki (l. 17) otrzyma\u0142 od prezydenta Georga Busha nagrod\u0119 i dyplom za bardzo dobre wyniki w nauce.<\/li>\r\n\r\n\r\n\r\n<li>6 VII W mieleckim szpitalu otwarto Oddzia\u0142 Sztucznej Nerki.<\/li>\r\n\r\n\r\n\r\n<li>12-14 VII Na basenie odkrytym MOSiR przeprowadzono Mistrzostwa Polski Junior\u00f3w 14-letnich w P\u0142ywaniu. Udzia\u0142 wzi\u0119\u0142o oko\u0142o 260 zawodniczek i zawodnik\u00f3w z 80 klub\u00f3w, w tym \u201eIkara\u201d Mielec.<\/li>\r\n\r\n\r\n\r\n<li>17 VII Na jednym z budynk\u00f3w \u015bredniowysokich (tzw. wie\u017cowc\u00f3w) przy ul. Dworcowej zapali\u0142 si\u0119 dach. Stra\u017c Po\u017carna, mimo trudno\u015bci z dotarciem na dach, szybko ugasi\u0142a po\u017car. Nie poniesiono wi\u0119kszych strat.<\/li>\r\n\r\n\r\n\r\n<li>20 VII Zainaugurowa\u0142 dzia\u0142alno\u015b\u0107 Klub Muzyczny \u201eSTUDIO\u201d w pawilonie przy ul. K. Pu\u0142askiego 2.<\/li>\r\n\r\n\r\n\r\n<li>27 VII Z inspiracji MIVA POLSKA (stowarzyszenia katolickiego wspieraj\u0105cego misje) na terenach rekreacyjnych MOSiR obok Hotelu Polskiego odby\u0142 si\u0119 Mi\u0119dzynarodowy Festyn Misyjny. W programie artystycznym m.in. wyst\u0105pi\u0142a piosenkarka Eleni. Prowadzono te\u017c zbi\u00f3rk\u0119 pieni\u0119\u017cn\u0105 na cele misji.<\/li>\r\n\r\n\r\n\r\n<li>10 VIII Na terenach rekreacyjnych MOSiR odby\u0142 si\u0119 Festyn Rekreacyjno-Kulturalny \u201eLato z Radiem Rzesz\u00f3w\u201d. W programie artystycznym wyst\u0105pi\u0142y m.in. zespo\u0142y \u201eNO TO CO\u201d i \u201eDe Press\u201d.<\/li>\r\n\r\n\r\n\r\n<li>18 VIII W czasie przyjazdu do Krakowa i spotkania Ojca \u015awi\u0119tego Jana Paw\u0142a II z wiernymi na krakowskich B\u0142oniach wyst\u0105pi\u0142y mieleckie akcenty. Rol\u0119 \u201epapamobile\u201d na lotnisku w Balicach pe\u0142ni\u0142 specjalnie zam\u00f3wiony na t\u0119 okazj\u0119 Melex wyprodukowany w Mielcu. W spotkaniu uczestniczy\u0142y liczne grupy mielczan, a \u201eBia\u0142\u0105 S\u0142u\u017cb\u0119\u201d pe\u0142nili m.in. mieleccy harcerze.<\/li>\r\n\r\n\r\n\r\n<li>24-25 VIII W ramach Dni Mielca-2002 uroczy\u015bcie oddano do u\u017cytku zmodernizowany plac AK. W koncertach plenerowych m.in. wyst\u0105pi\u0142y zespo\u0142y \u201eSkaldowie\u201d (24) i \u201eBig Day\u201d (25).<\/li>\r\n\r\n\r\n\r\n<li>28 VIII W ratuszu w L\u0151hne (Niemcy) przedstawiciele samorz\u0105dowych w\u0142adz miasta Mielca i L\u0151hne podpisali deklaracj\u0119 o wsp\u00f3\u0142pracy miast.<\/li>\r\n\r\n\r\n\r\n<li>30 VIII Z inicjatywy rodziny i w\u0142adz miasta w Pa\u0142acyku Oborskich odby\u0142a si\u0119 uroczysto\u015b\u0107 100-lecia urodzin Stefana Ostrowskiego \u2013 zas\u0142u\u017conego \u017co\u0142nierza, pracownika WSK i aktora teatru RCK. W uroczysto\u015bci uczestniczyli te\u017c m.in. przedstawiciele duchowie\u0144stwa, WKU, organizacji kombatanckich i Polskich Zak\u0142ad\u00f3w Lotniczych.<\/li>\r\n\r\n\r\n\r\n<li>5 IX W czasie X Mi\u0119dzynarodowego Salonu Przemys\u0142u Obronnego w Kielcach Zak\u0142ad Narz\u0119dziowy \u201ePZL-Mielec\u201d Sp. z o.o. otrzyma\u0142 wyr\u00f3\u017cnienie ministra gospodarki \u201eWyr\u00f3b Eksportowy 2001 roku\u201d za oprzyrz\u0105dowanie do produkcji samolotu Eurofighter EF 2000.<\/li>\r\n\r\n\r\n\r\n<li>IX ZPiT \u201eRzeszowiacy\u201d koncertowa\u0142 w Szwajcarii.<\/li>\r\n\r\n\r\n\r\n<li>18 IX 11 Brygada Powietrzno-Desantowa Kr\u00f3lewskiej Armii Nepalu zakupi\u0142a w Polskich Zak\u0142adach Lotniczych samolot M-28 Skytruck specjalnie przygotowany do cel\u00f3w wojskowych. By\u0142 to pierwszy M-28 sprzedany na kontynent azjatycki.<\/li>\r\n\r\n\r\n\r\n<li>IX Sp\u00f3\u0142dzielnia Mieszkaniowa Lokatorsko-W\u0142asno\u015bciowa odda\u0142a do u\u017cytku blok mieszkalny przy ul. Akacjowej na osiedlu Borek.<\/li>\r\n\r\n\r\n\r\n<li>28 IX W hali sportowo-widowiskowej MOSiR odby\u0142y si\u0119 uroczysto\u015bci z okazji 50-lecia dzia\u0142alno\u015bci artystycznej ZPiT \u201eRzeszowiacy\u201d. Jubilaci wyst\u0105pili ze specjalnym programem.<\/li>\r\n\r\n\r\n\r\n<li>29 IX W hali sportowo-widowiskowej wyst\u0105pi\u0142y ZPiT \u201eS\u0142owianki\u201d UJ w Krakowie i PLZPiT \u201eMazowsze\u201d.<\/li>\r\n\r\n\r\n\r\n<li>17 X Otwarto supermarket \u201eMinimal\u201d przy ul. H. Sienkiewicza.<\/li>\r\n\r\n\r\n\r\n<li>X W Polskich Zak\u0142adach Lotniczych go\u015bci\u0142a delegacja parlamentarna Indonezji, w kt\u00f3rej znajdowa\u0142 si\u0119 gen. pilot armii indonezyjskiej Pieter L. Diez Wattimen. Przedmiotem zainteresowania go\u015bci by\u0142 samolot M-28 Skytruck.<\/li>\r\n\r\n\r\n\r\n<li>X W hali sportowo-widowiskowej MOSiR odby\u0142 si\u0119 koncert zespo\u0142u muzycznego \u201eIch Troje\u201d.<\/li>\r\n\r\n\r\n\r\n<li>27 X W wyborach samorz\u0105dowych do sejmiku wojew\u00f3dzkiego wybrano m.in. mielczan \u2013 W\u0142adys\u0142awa Ortyla (Podkarpacie Razem) i Jana Burego (SLD). Do II tury wybor\u00f3w prezydenckich przeszli Janusz Chodorowski (Nasz Mielec \u2013 Nasz Powiat) i Lucjan Surowiec (SLD).<\/li>\r\n\r\n\r\n\r\n<li>X Zezwolenia na dzia\u0142alno\u015b\u0107 w SSE EURO-PARK MIELEC otrzyma\u0142y: RETECH Sp. z o.o. (cz\u0119\u015bci elektromechaniczne), Kucik-Okarma, Misio\u0142ek Sp. z o.o. (wyr\u00f3b i przetw\u00f3rstwo olej\u00f3w rafinowanych), CENTURION-R Sp. z o.o. (drzwi z p\u0142yt laminowanych), C+N Polska Sp. z o.o. (opakowania do kosmetyk\u00f3w).<\/li>\r\n\r\n\r\n\r\n<li>8 XI Szpital Powiatowy w Mielcu wizytowa\u0142 minister zdrowia Mariusz \u0141api\u0144ski.<\/li>\r\n\r\n\r\n\r\n<li>10 XI W II turze mielczanie wybrali Janusza Chodorowskiego na prezydenta miasta.<\/li>\r\n\r\n\r\n\r\n<li>19 XI Zezwolenie na prowadzenie dzia\u0142alno\u015bci na terenie SSE EURO-PARK MIELEC otrzyma\u0142a firma Galwex Cebula Elwira i Wsp\u00f3lnicy S.J.<\/li>\r\n\r\n\r\n\r\n<li>XI Na przewodnicz\u0105cego Rady Miejskiej wybrano Zdzis\u0142awa Nowakowskiego. Starost\u0105 powiatu mieleckiego zosta\u0142 J\u00f3zef Smaczny, a na przewodnicz\u0105cego Rady Powiatu Mieleckiego wybrano Marka Paprockiego.<\/li>\r\n\r\n\r\n\r\n<li>22 XI Na marsza\u0142ka wojew\u00f3dztwa podkarpackiego na kadencj\u0119 2002-2006 wybrano mielczanina Leszka Romana Deptu\u0142\u0119 (PSL).<\/li>\r\n\r\n\r\n\r\n<li>XII W Klubie Muzycznym \u201eStudio\u201d wyst\u0105pi\u0142 zesp\u00f3\u0142 muzyczny IRA.<\/li>\r\n\r\n\r\n\r\n<li>6-8 XII W hali sportowo-widowiskowej MOSiR rozegrano turniej pi\u0142ki siatkowej kobiet I rundy Pucharu Konfederacji CEV, w kt\u00f3rym zesp\u00f3\u0142 TeleNet Autopart Mielec pokona\u0142 Polo Kalesija (Bo\u015bnia-Hercegowina) 3:0, Ommen (Holandia) 3:1 oraz Charleroi (Belgia) 3:0 i zakwalifikowa\u0142 si\u0119 do II rundy.<\/li>\r\n\r\n\r\n\r\n<li>6 XII Oddano do u\u017cytku sztuczne lodowisko MOSiR przy ul. J. Kusoci\u0144skiego.<\/li>\r\n\r\n\r\n\r\n<li>10 XII W II Liceum Og\u00f3lnokszta\u0142c\u0105cym go\u015bci\u0142 aktor Marek Kondrat jako przedstawiciel Komitetu Integracji Europejskiej w Warszawie.<\/li>\r\n\r\n\r\n\r\n<li>19 XII Z okazji 10-lecia dzia\u0142alno\u015bci Inkubatora Przedsi\u0119biorczo\u015bci IN-MARR zorganizowano konferencj\u0119, w kt\u00f3rej wzi\u0119li udzia\u0142 przedstawiciele Stowarzyszenia O\u015brodk\u00f3w Innowacji i Przedsi\u0119biorczo\u015bci w Polsce.<\/li>\r\n\r\n\r\n\r\n<li>20 XII Rozpocz\u0119\u0142o funkcjonowanie Centrum Powiadamiania Ratunkowego z telefonem 112, obejmuj\u0105c swym zasi\u0119giem ca\u0142y powiat mielecki.<\/li>\r\n\r\n\r\n\r\n<li>31 XII Wed\u0142ug GUS miasto Mielec liczy\u0142o 61 464 mieszka\u0144c\u00f3w, w tym 31 598 kobiet i 29 866 m\u0119\u017cczyzn.<\/li>\r\n<\/ul>\r\n\r\n\r\n\r\n<p><strong>Ponadto w 2002 r.<\/strong>:<\/p>\r\n\r\n\r\n\r\n<ul class=\"wp-block-list\">\r\n<li>W Szpitalu Powiatowym utworzono Oddzia\u0142 Ratownictwa Medycznego i uruchomiono Stacj\u0119 Dializ.<\/li>\r\n\r\n\r\n\r\n<li>Artur Michalak (ucze\u0144 I LO) zaj\u0105\u0142 III miejsce w finale \u015bwiatowym Word Cyber Games-2002 \u2013 kategoria Star Craft (komputerowe gry strategiczne) w Korei Po\u0142udniowej.<\/li>\r\n\r\n\r\n\r\n<li>Ameryka\u0144ska wytw\u00f3rnia p\u0142ytowa \u201eGuitar 9 Records\u201d przyzna\u0142a mieleckiemu gitarzy\u015bcie Jackowi Polakowi tytu\u0142 \u201eNieodkrytego Talentu Gitarowego\u201d.<\/li>\r\n\r\n\r\n\r\n<li>Powsta\u0142o Towarzystwo Mi\u0142o\u015bnik\u00f3w Lwowa i Kres\u00f3w Po\u0142udniowo-Wschodnich \u2013 Kolo w Mielcu.<\/li>\r\n<\/ul>\r\n\r\n\r\n\r\n<p><br \/><br \/><strong>2003<\/strong><\/p>\r\n\r\n\r\n\r\n<ul class=\"wp-block-list\">\r\n<li>10 I W czasie IX Fina\u0142u Wielkiej Orkiestry \u015awi\u0105tecznej Pomocy w Mielcu zebrano ponad 56 tysi\u0119cy z\u0142otych.<\/li>\r\n\r\n\r\n\r\n<li>21 I W czasie Mi\u0119dzynarodowych Targ\u00f3w Pozna\u0144skich \u201eBUDMA 2003\u201d firmy z SSE EURO-PARK MIELEC \u201eMelnox\u201d i \u201eKronowood\u201d eksponowa\u0142y nowy typ paneli pod\u0142ogowych.<\/li>\r\n\r\n\r\n\r\n<li>12 II S\u0105d Okr\u0119gowy w Rzeszowie uzna\u0142, \u017ce umowa pomi\u0119dzy WSK \u201ePZL-Mielec\u201d i karaibsk\u0105 sp\u00f3\u0142k\u0105 Grand Limited w sprawie przej\u0119cia udzia\u0142\u00f3w w mieleckim lotnisku jest niewa\u017cna.<\/li>\r\n\r\n\r\n\r\n<li>14 II Miss Mielca 2003 zosta\u0142a Anna Wolak. Gala odby\u0142a si\u0119 w sali widowiskowej Domu Kultury SCK.<\/li>\r\n\r\n\r\n\r\n<li>21 II Odby\u0142y si\u0119 uroczysto\u015bci 50-lecia powstania i dzia\u0142alno\u015bci II Liceum Og\u00f3lnokszta\u0142c\u0105cego im. M. Kopernika.<\/li>\r\n\r\n\r\n\r\n<li>14 III Ambasador Indii w Polsce Rajamani Lakshmi Narajan w towarzystwie ma\u0142\u017conki i w\u0142adz miasta dokona\u0142 otwarcia wystawy kolekcji lalek w strojach hinduskich. Ambasador przeprowadzi\u0142 rozmowy z kierownictwem Polskich Zak\u0142ad\u00f3w Lotniczych i w\u0142adzami miasta.<\/li>\r\n\r\n\r\n\r\n<li>23 III Zmar\u0142 Leon Skiba (l. 60) \u2013 konstruktor, rzecznik patentowy, pierwszy \u2013 po ponownej rejestracji NSZZ \u201eSolidarno\u015b\u0107\u201d \u2013 przewodnicz\u0105cy Komisji Zak\u0142adowej \u201eS\u201d w 1989 r., organizator i kierownik Urz\u0119du Rejonowego w Mielcu w latach 1990-1997.<\/li>\r\n\r\n\r\n\r\n<li>3-4 IV W Pa\u0142acyku Oborskich \u2013 Muzeum Regionalnym odby\u0142a si\u0119 sesja naukowa \u201eDzieje lokalne po\u015br\u00f3d wydarze\u0144 i proces\u00f3w historycznych\u201d. W czasie sesji prezydent miasta Mielca Janusz Chodorowski wr\u0119czy\u0142 Medal \u201ePrzyjaciel Miasta Mielca\u201d Feliksowi Kirykowi \u2013 profesorowi i by\u0142emu rektorowi Akademii Pedagogicznej w Krakowie za d\u0142ugoletnie kierowanie pracami naukowymi nad trzytomow\u0105 monografi\u0105 Mielca i regionu.<\/li>\r\n\r\n\r\n\r\n<li>7 IV W Mielcu go\u015bci\u0142a delegacja partnerskiego miasta L\u0151hne (Niemcy).<\/li>\r\n\r\n\r\n\r\n<li>25 IV W ramach MPGK powo\u0142ano Jednostk\u0119 Realizuj\u0105c\u0105 Projekt ISPA \u201eUporz\u0105dkowanie systemu zbierania i oczyszczania \u015bciek\u00f3w w Mielcu\u201d.<\/li>\r\n\r\n\r\n\r\n<li>28-29 IV W Domu Kultury SCK odby\u0142y si\u0119 Dni Kultury Japo\u0144skiej. Go\u015bciem honorowym by\u0142 pierwszy sekretarz ambasady Japonii w Polsce Kazohiko Kokubu.<\/li>\r\n\r\n\r\n\r\n<li>28-29 IV Z inicjatywy Stowarzyszenia PROMLOT i Urz\u0119du Miejskiego wykonano kompozycj\u0119 przestrzenn\u0105 z samolotem TS-11 \u201eIskra\u201d na terenach MOSiR. Intencj\u0105 pomys\u0142odawc\u00f3w by\u0142o podkre\u015blenie wieloletnich zwi\u0105zk\u00f3w Mielca z lotnictwem.<\/li>\r\n\r\n\r\n\r\n<li>3-4 V Na lotnisku odby\u0142 si\u0119 Mi\u0119dzynarodowy Festyn Lotniczy, w czasie kt\u00f3rego oko\u0142o 30 tysi\u0119cy widz\u00f3w obserwowa\u0142o popisy m.in. Grupy Akrobacyjnej \u201e\u017belazny\u201d oraz pilot\u00f3w z Ukrainy, Litwy, Aeroklubu Rzeszowskiego i Aeroklubu Mieleckiego.<\/li>\r\n\r\n\r\n\r\n<li>3-4 V W Mielcu go\u015bci\u0142a delegacja samorz\u0105dowo-gospodarcza miasta Olita (Alytus) na Litwie.<\/li>\r\n\r\n\r\n\r\n<li>12 V Na placu AK premier RP Leszek Miller spotka\u0142 si\u0119 ze spo\u0142ecze\u0144stwem Mielca i przekonywa\u0142 do pozytywnego ustosunkowania si\u0119 do wst\u0105pienia Polski do Unii Europejskiej.<\/li>\r\n\r\n\r\n\r\n<li>14 V Policja otrzyma\u0142a pierwsz\u0105 cz\u0119\u015b\u0107 systemu monitoringu wizyjnego w r\u00f3\u017cnych punktach miasta Mielca.<\/li>\r\n\r\n\r\n\r\n<li>14-15 V W SCK odby\u0142a si\u0119 wojew\u00f3dzka konferencja \u201ePrzemys\u0142 Podkarpackiego a stan \u015brodowiska w regionie\u201d.<\/li>\r\n\r\n\r\n\r\n<li>20 V W og\u00f3lnopolskim konkursie \u201eMened\u017cer O\u015bwiaty 2002\u201d Mielec otrzyma\u0142 II nagrod\u0119 w kategorii miast. Uroczysto\u015b\u0107 zako\u0144czenia konkursu odby\u0142a si\u0119 w siedzibie Ministerstwa Edukacji Narodowej i Sportu.<\/li>\r\n\r\n\r\n\r\n<li>23 V W plebiscycie Tygodnika Regionalnego \u201eKorso\u201d Mielczaninem Roku 2002 zosta\u0142a pos\u0142anka na Sejm RP Krystyna Skowro\u0144ska.<\/li>\r\n\r\n\r\n\r\n<li>28 V Na terenie SSE EURO-PARK MIELEC powsta\u0142a firma EURO-MAG Sp. z o.o., zajmuj\u0105ca si\u0119 g\u0142\u00f3wnie po\u015brednictwem w hurtowym zakupie materia\u0142\u00f3w i surowc\u00f3w.<\/li>\r\n\r\n\r\n\r\n<li>30 V W hali sportowo-widowiskowej MOSiR odby\u0142 si\u0119 mi\u0119dzypa\u0144stwowy mecz pi\u0142ki siatkowej kobiet Polska \u2013 Chorwacja (3:0). Po meczu prezydent Mielca Janusz Chodorowski wyr\u00f3\u017cni\u0142 Medalem \u201ePrzyjaciel Miasta Mielca\u201d trenera reprezentacji Polski Andrzeja Niemczyka \u2013 by\u0142ego zawodnika \u201eStali\u201d Mielec (lata 60. XX w.).<\/li>\r\n\r\n\r\n\r\n<li>30-31 V Odby\u0142o si\u0119 V Og\u00f3lnopolskie Forum Koordynator\u00f3w Technologii Informacyjnej.<\/li>\r\n\r\n\r\n\r\n<li>V W Szpitalu Powiatowym uruchomiono Oddzia\u0142 Urologiczny.<\/li>\r\n\r\n\r\n\r\n<li>V Zako\u0144czono pierwszy etap budowy systemu monitoringu wizyjnego wybranych teren\u00f3w na osiedlach: S. \u017beromskiego, M. Kopernika, Niepodleg\u0142o\u015bci i J. Kusoci\u0144skiego.<\/li>\r\n\r\n\r\n\r\n<li>2 VI Z okazji Dnia Dziecka zorganizowano I Sesj\u0119 Dzieci\u0119cej Rady Miasta, a dzieci\u0119cymi radnymi byli przedstawiciele mieleckich szk\u00f3\u0142.<\/li>\r\n\r\n\r\n\r\n<li>6 VI W hali sportowo-widowiskowej MOSiR rozegrano mi\u0119dzypa\u0144stwowy mecz pi\u0142ki r\u0119cznej m\u0119\u017cczyzn, w kt\u00f3rym Polska pokona\u0142a Bia\u0142oru\u015b 27:25.<\/li>\r\n\r\n\r\n\r\n<li>8 VI W referendum na temat przyst\u0105pienia Polski do UE 81 % g\u0142osuj\u0105cych mielczan opowiedzia\u0142o si\u0119 \u201eza\u201d. G\u0142osowa\u0142o 61 % uprawnionych do g\u0142osowania.<\/li>\r\n\r\n\r\n\r\n<li>15 VI W wyniku konkursu funkcj\u0119 Regionalnej Izby Finansuj\u0105cej (RIF) na terenie wojew\u00f3dztwa podkarpackiego wygra\u0142a Agencja Rozwoju Regionalnego MARR SA. w Mielcu. G\u0142\u00f3wnym zadaniem RIF jest administrowanie \u015brodkami pomocowymi przyznanymi przez Uni\u0119 Europejsk\u0105 Polsce w latach 2003-2008 na terenie wojew\u00f3dztwa podkarpackiego.<\/li>\r\n\r\n\r\n\r\n<li>16 VI W gmachu Sejmu odby\u0142a si\u0119 uroczysto\u015b\u0107 wr\u0119czenia Znak\u00f3w Jako\u015bci Interkl@sa. Jednym z pi\u0119ciu laureat\u00f3w zosta\u0142o Gimnazjum nr 2 w Mielcu, kt\u00f3re otrzyma\u0142o najwi\u0119ksz\u0105 ilo\u015b\u0107 punkt\u00f3w.<\/li>\r\n\r\n\r\n\r\n<li>18 VI VI Mi\u0119dzynarodowy Festiwal Muzyczny zainaugurowa\u0142 koncert w ko\u015bciele MBNP w wykonaniu Juliana Gembalskiego (organy), Waldemara Malickiego (fortepian) i Kwartetu Smyczkowego \u201eAmar Corde\u201d.<\/li>\r\n\r\n\r\n\r\n<li>21 VI 2003 Oddano do u\u017cytku rozbudowany i zmodernizowany zesp\u00f3\u0142 obiekt\u00f3w Pa\u0144stwowej Stra\u017cy Po\u017carnej przy ul. H. Sienkiewicza.<\/li>\r\n\r\n\r\n\r\n<li>24 VI Rada Miejska uchwali\u0142a przyst\u0105pienie Gminy Miejskiej Mielec do Komunalnego Zwi\u0105zku Mi\u0119dzygminnego.<\/li>\r\n\r\n\r\n\r\n<li>5 VII Mielec by\u0142 miastem etapowym 14. Mi\u0119dzynarodowego Wy\u015bcigu Solidarno\u015bci i Olimpijczyk\u00f3w. Meta V etapu (jazda indywidualna na czas) znajdowa\u0142a si\u0119 na alei Niepodleg\u0142o\u015bci przed Domem Kultury SCK.<\/li>\r\n\r\n\r\n\r\n<li>6 VII W trzecim koncercie VI MFM w ko\u015bciele MBNP wyst\u0105pi\u0142a Amerykanka Gwendolyn Bradley \u2013 \u015bwiatowej s\u0142awy sopran. Towarzyszyli jej Ludmi\u0142a Worobiec-Witek (skrzypce), Artur Jaro\u0144 (fortepian) i Tomasz \u015alusarczyk (tr\u0105bka).<\/li>\r\n\r\n\r\n\r\n<li>15 VII Po remoncie i modernizacji oddano do u\u017cytku basen odkryty MOSiR. Przy tej okazji wprowadzono atrakcj\u0119 \u2013 zje\u017cd\u017calni\u0119 wodn\u0105 (rynn\u0119) o d\u0142ugo\u015bci 50 m.<\/li>\r\n\r\n\r\n\r\n<li>22 VII W Mielcu go\u015bci\u0142 ambasador Polski w Iranie Witold \u015amidowski. Zwiedzi\u0142 SSE EURO-PARK MIELEC i spotka\u0142 si\u0119 z przedstawicielami samorz\u0105du miasta Mielca, przedstawiaj\u0105c mo\u017cliwo\u015bci i uwarunkowania wsp\u00f3\u0142pracy gospodarczej z Iranem.<\/li>\r\n\r\n\r\n\r\n<li>18 VIII Zmar\u0142 Zdzis\u0142aw Cichocki (l. 76) \u2013 dzia\u0142acz polityczny i spo\u0142eczny, by\u0142y I sekretarz KP PZPR, przewodnicz\u0105cy PPRN w Mielcu i wojewoda przemyski.<\/li>\r\n\r\n\r\n\r\n<li>23-24 VIII W czasie \u201eDni Mielca\u201d wyst\u0105pili m.in. kabaret \u201eNiekiepski\u201d, zesp\u00f3\u0142 muzyczny \u201eRaz, Dwa, Trzy\u201d oraz Robert Janowski z zespo\u0142em muzycznym \u201eAkt\u201d.<\/li>\r\n\r\n\r\n\r\n<li>30 VIII W fina\u0142owym (\u00f3smym) koncercie VI MFM w ko\u015bciele MBNP wys\u0142uchano oratorium \u201eMesjasz\u201d J. F. Haendla. Wykonawcami byli: Katarzyna Wiwer (sopran), Paul Esswood (kontratenor, Wielka Brytania), Benoit Haller (tenor, Niemcy), Manfred Bitner (bas, Niemcy), Orkiestra Kameralist\u00f3w Przemyskich i Filharmonik\u00f3w Krakowskich, Adam Wagner (koncertmistrz) oraz Ch\u00f3r \u201eCollegium Vocale Schwabisch Gmund\u201d pod dyrekcj\u0105 Waltera Jahannesa Becka (Niemcy).<\/li>\r\n\r\n\r\n\r\n<li>15 IX Powsta\u0142 Mielecki Klub Karate Kyokushinkai IFK SAIHA.<\/li>\r\n\r\n\r\n\r\n<li>17 IX Na cmentarzu komunalnym przy ul. Kr\u00f3lowej Jadwigi odby\u0142a si\u0119 uroczysto\u015b\u0107 ods\u0142oni\u0119cia i po\u015bwi\u0119cenia obelisku upami\u0119tniaj\u0105cego Sybirak\u00f3w.<\/li>\r\n\r\n\r\n\r\n<li>IX Komiks o \u201ePanu Gucku\u201d m\u0142odego mielczanina Tomasza Gawrona zdoby\u0142 II nagrod\u0119 w konkursie \u201eAkcja Animacja\u201d znanej dzieci\u0119cej telewizji Cartoon Network.<\/li>\r\n\r\n\r\n\r\n<li>17 X W CWP SCK otwarto wystaw\u0119 prac Franciszka Starowieyskiego.<\/li>\r\n\r\n\r\n\r\n<li>20 X W pa\u0142acu prezydenckim w Warszawie prezydent RP Aleksander Kwa\u015bniewski wr\u0119czy\u0142 przedstawicielom mieleckiego Gimnazjum nr 3 (jako jednemu ze stu wyr\u00f3\u017cnionych) certyfikat \u201eSzko\u0142a z klas\u0105\u201d.<\/li>\r\n\r\n\r\n\r\n<li>25 X Odby\u0142y si\u0119 uroczysto\u015bci 70-lecia ch\u00f3ru m\u0119skiego Towarzystwa \u015apiewaczego \u201eMelodia\u201d.<\/li>\r\n\r\n\r\n\r\n<li>7 XI Przy wje\u017adzie do Mielca od strony zachodniej, obok ronda na ul. Legion\u00f3w, zbudowano kompozycj\u0119 przestrzenn\u0105 z samolotem An-2 i napisem \u201eMielec wita\u201d.<\/li>\r\n\r\n\r\n\r\n<li>11 XI W Og\u00f3lnopolskim Konkursie \u201ePro Publico Bono\u201d I miejsce przyznano Fundacji \u201eSOS \u017bycie\u201d w Mielcu.<\/li>\r\n\r\n\r\n\r\n<li>15-16 XI W SCK odby\u0142y si\u0119 uroczysto\u015bci 50-lecia dzia\u0142alno\u015bci Domu Kultury.<\/li>\r\n\r\n\r\n\r\n<li>19 XI Zmar\u0142 Stefan Ostrowski (l. 101) \u2013 \u017co\u0142nierz, uczestnik I i II wojny \u015bwiatowej, d\u0142ugoletni pracownik WSK Mielec, aktor, dzia\u0142acz kulturalno-o\u015bwiatowy.<\/li>\r\n\r\n\r\n\r\n<li>25 XI Koncertowa\u0142a grupa muzyczna T. LOVE.<\/li>\r\n\r\n\r\n\r\n<li>27 XI Rada Miejska uchwali\u0142a przeznaczenie terenu pomi\u0119dzy wiaduktem i ul. J. D\u0142ugosza na przysz\u0142e centrum administracyjne.<\/li>\r\n\r\n\r\n\r\n<li>27-28 XI W Wojew\u00f3dzkim Przegl\u0105dzie Dzieci\u0119cych i M\u0142odzie\u017cowych Grup Tanecznych \u201ePasikonik\u201d uczestniczy\u0142y 74 zespo\u0142y (oko\u0142o 1500 m\u0142odych artyst\u00f3w).<\/li>\r\n\r\n\r\n\r\n<li>26 XI W\u0142odzimierz G\u0105siewski wyda\u0142 &#8211; poprzez w\u0142asn\u0105 Agencj\u0119 Wydawnicz\u0105 \u201ePromocja\u201d \u2013 pierwszy numer Og\u00f3lnopolskiego Kwartalnika Spo\u0142eczno-Kulturalnego \u201eNadwis\u0142ocze\u201d.<\/li>\r\n\r\n\r\n\r\n<li>6 XII Po przeprowadzeniu remontu i modernizacji oddano do u\u017cytku kryty basen MOSiR.<\/li>\r\n\r\n\r\n\r\n<li>14 XII Ks. biskup ordynariusz Wiktor Skworc po\u015bwi\u0119ci\u0142 nowy ko\u015bci\u00f3\u0142 \u015bw. Marka Ewangelisty w osiedlu Rzoch\u00f3w.<\/li>\r\n<\/ul>\r\n\r\n\r\n\r\n<p><strong>Ponadto w 2003 r.<\/strong>:<\/p>\r\n\r\n\r\n\r\n<ul class=\"wp-block-list\">\r\n<li>W Rzeszowie powo\u0142ano Stowarzyszenie Grupy Przedsi\u0119biorc\u00f3w Przemys\u0142u Lotniczego Dolina Lotnicza, w sk\u0142ad kt\u00f3rego wesz\u0142y m. in. firmy lotnicze z Mielca.<\/li>\r\n\r\n\r\n\r\n<li>W Szpitalu Powiatowym uruchomiono pracowni\u0119 tomografii komputerowej.<\/li>\r\n\r\n\r\n\r\n<li>Zbigniew Gajek uruchomi\u0142 Zak\u0142ad Poligraficzny przy ul. J. Korczaka.<\/li>\r\n\r\n\r\n\r\n<li>Mielecka Sp\u00f3\u0142dzielnia Mleczarska po\u0142\u0105czy\u0142a si\u0119 z Rolnicz\u0105 Sp\u00f3\u0142dzielni\u0105 Mleczarsk\u0105 \u201eRolmlecz\u201d w Radomiu i zosta\u0142a w\u0142\u0105czona w jej struktury.<\/li>\r\n\r\n\r\n\r\n<li>Powsta\u0142a filia Stowarzyszenia Lotnictwa Eksperymentalnego.<\/li>\r\n\r\n\r\n\r\n<li>Szko\u0142a Podstawowa nr 1 obchodzi\u0142a uroczy\u015bcie 110. rocznic\u0119 swego powstania.<\/li>\r\n<\/ul>\r\n\r\n\r\n\r\n<p><br \/><strong>2004<\/strong><\/p>\r\n\r\n\r\n\r\n<ul class=\"wp-block-list\">\r\n<li>22 I W Pa\u0142acyku Oborskich odby\u0142a si\u0119 sesja naukowa \u201eStan wojenny. Wyb\u00f3r mniejszego z\u0142a czy wojna z narodem?\u201d<\/li>\r\n\r\n\r\n\r\n<li>28 I W Szkole Podstawowej nr 11 odby\u0142o si\u0119 uroczyste otwarcie nowej hali sportowej.<\/li>\r\n\r\n\r\n\r\n<li>6 II Og\u0142oszono upad\u0142o\u015b\u0107 firmy MELEX Sp. z o.o.<\/li>\r\n\r\n\r\n\r\n<li>11 II Biskup tarnowski dr Wiktor Skworc zosta\u0142 uhonorowany przez prezydenta Mielca Janusza Chodorowskiego Medalem \u201ePrzyjaciel Miasta Mielca\u201d za wszechstronn\u0105 opiek\u0119 nad mieleckimi parafiami oraz inspirowanie i wspieranie przedsi\u0119-wzi\u0119\u0107 o\u015bwiatowych i kulturalnych.<\/li>\r\n\r\n\r\n\r\n<li>21 II W czasie Gali Miss Mielca 2004, zorganizowanej w Domu Kultury SCK, koron\u0119 najpi\u0119kniejszej otrzyma\u0142a Iwona Batog.<\/li>\r\n\r\n\r\n\r\n<li>27 II Rada Miejska nada\u0142a parkowi przy ul. S. Staszica nazw\u0119 \u201ePark Inwalid\u00f3w Wojennych RP\u201d.<\/li>\r\n\r\n\r\n\r\n<li>9 III W filii \u201eJadern\u00f3wka\u201d Muzeum Regionalnego SCK otwarto wystaw\u0119 \u201eGetta i obozy dla ludno\u015bci \u017cydowskiej na Rzeszowszczy\u017anie podczas II wojny \u015bwiatowej\u201d.<\/li>\r\n\r\n\r\n\r\n<li>29 III Na podstawie Uchwa\u0142y nr XXI\/214\/04 Sejmiku Wojew\u00f3dztwa Podkarpackiego w Rzeszowie powsta\u0142o Nauczycielskie Kolegium J\u0119zyk\u00f3w Obcych (NKJO) i rozpocz\u0119\u0142o dzia\u0142alno\u015b\u0107 dydaktyczn\u0105 od roku szkolnego 2004\/2005 w obiektach Zespo\u0142u Szk\u00f3\u0142 Og\u00f3lnokszta\u0142c\u0105cych nr 1 przy ul. Cz. Ta\u0144skiego 3.<\/li>\r\n\r\n\r\n\r\n<li>25 IV Siatkarki \u201eStali\u201d Mielec zdoby\u0142y br\u0105zowe medale Mistrzostw Polski po wyjazdowym zwyci\u0119stwie nad zespo\u0142em Nafta Gaz Pi\u0142a 3:2.<\/li>\r\n\r\n\r\n\r\n<li>2-3 V Odby\u0142y si\u0119 miejskie uroczysto\u015bci z okazji wst\u0105pienia Polski do Unii Europejskiej. Uczestniczy\u0142y w nich delegacje miast partnerskich Mielca: Douchy-les-Mines (Francja), L\u00f6hne (Niemcy) i Vila Nova de Poiares (Portugalia). Na mieleckim lotnisku odby\u0142 si\u0119 I Unijny Piknik Lotniczy.<\/li>\r\n\r\n\r\n\r\n<li>2 V Werner Hamel \u2013 burmistrz L\u00f6hne (Niemcy) \u2013 partnerskiego miasta Mielca \u2013 zosta\u0142 wyr\u00f3\u017cniony przez prezydenta Mielca Janusza Chodorowskiego Medalem \u201ePrzyjaciel Miasta Mielca\u201d za rozwijanie wsp\u00f3\u0142pracy obu miast.<\/li>\r\n\r\n\r\n\r\n<li>27 V W SCK odby\u0142a si\u0119 konferencja Przemys\u0142owej Grupy Doradczej NATO.<\/li>\r\n\r\n\r\n\r\n<li>4-6 VI W CWP SCK odby\u0142y si\u0119 Regionalne Targi \u201ePrzedsi\u0119biorczo\u015b\u0107 2004\u201d, wystawa i seminarium na temat inkubator\u00f3w przedsi\u0119biorczo\u015bci.<\/li>\r\n\r\n\r\n\r\n<li>18 VI \u201eMielczaninem Roku 2003\u201d w plebiscycie \u201eKorso\u201d zosta\u0142a wybrana \u0141ucja Bielec &#8211; prezes mieleckiej Fundacji \u201eSOS \u017bycie\u201c.<\/li>\r\n\r\n\r\n\r\n<li>29 VI Rada Miejska nada\u0142a nowym ulicom na osiedlu Smoczka nazwy \u2013 \u015aw. Kingi i \u015aw. Brata Alberta.<\/li>\r\n\r\n\r\n\r\n<li>30 VI W koncercie inauguruj\u0105cym VII MFM Mielec 2004, zorganizowanym w ko\u015bciele MBNP, wyst\u0105pi\u0142 zesp\u00f3\u0142 \u201eSinfonietta Cracovia\u201d pod dyr. Krzysztofa Pendereckiego.<\/li>\r\n\r\n\r\n\r\n<li>2 VII Na alei Niepodleg\u0142o\u015bci przed Domem Kultury SCK zako\u0144czy\u0142 si\u0119 4. etap Mi\u0119dzynarodowego Kolarskiego Wy\u015bcigu Solidarno\u015bci i Olimpijczyk\u00f3w.<\/li>\r\n\r\n\r\n\r\n<li>8 VII W 2. koncercie VII MFM Mielec 2004 w ko\u015bciele MBNP wyst\u0105pili Robert Brodacki (organy) oraz M\u0119ski Ch\u00f3r \u201eSwietilen\u201d Staroczerkaskiego Monastyru z Rostowa nad Donem pod dyr. Siergieja Piwowarowa.<\/li>\r\n\r\n\r\n\r\n<li>9-10 VII W czasie turnieju pi\u0142karskiego z okazji 65-lecia powstania FKS \u201eStal\u201d Mielec \u2013 prezydent Mielca Janusz Chodorowski udekorowa\u0142 Henryka Kasperczaka \u2013 trenera \u201eWis\u0142y\u201d Krak\u00f3w, by\u0142ego d\u0142ugoletniego wybitnego zawodnika \u201eStali\u201d Mielec \u2013 Medalem \u201ePrzyjaciel Miasta Mielca\u201d. W turnieju pi\u0142karskim zwyci\u0119\u017cy\u0142a \u201eWis\u0142a\u201d.<\/li>\r\n\r\n\r\n\r\n<li>13 VII Reprezentuj\u0105cy Polsk\u0119 zawodnik LKS Mielec Jakub Gi\u017ca zdoby\u0142 tytu\u0142 wicemistrza \u015bwiata junior\u00f3w w pchni\u0119ciu kul\u0105 (20,05 m) w czasie Mistrzostw \u015awiata we w\u0142oskiej miejscowo\u015bci Grosseto.<\/li>\r\n\r\n\r\n\r\n<li>27 VII Utworzono Forum Organizacji Pozarz\u0105dowych Powiatu Mieleckiego.<\/li>\r\n\r\n\r\n\r\n<li>29-31 VII W nast\u0119pstwie intensywnych opad\u00f3w wyla\u0142a rzeka Wis\u0142oka.<\/li>\r\n\r\n\r\n\r\n<li>11-VIII Ukaza\u0142 si\u0119 I tom niniejszej \u201eEncyklopedii miasta Mielca\u201d.<\/li>\r\n\r\n\r\n\r\n<li>11-20 VIII W Mielcu odby\u0142 si\u0119 mi\u0119dzynarodowy ob\u00f3z chrze\u015bcija\u0144ski Camp Polen 2004 z udzia\u0142em m\u0142odzie\u017cy z Francji, Hiszpanii, Niemiec, Szwajcarii i Polski. Jego organizatorami byli: Ko\u015bci\u00f3\u0142 zielono\u015bwi\u0105tkowy z Mielca i Christen Gemeinde Mullheim z Niemiec.<\/li>\r\n\r\n\r\n\r\n<li>26-VIII W 6. koncercie VII MFM Mielec 2004 w ko\u015bciele MBNP wyst\u0105pili Ma\u0142gorzata Walewska (mezzosopran) i Artur Jaro\u0144 (fortepian).<\/li>\r\n\r\n\r\n\r\n<li>27-29 VIII Na terenach rekreacyjnych MOSiR odby\u0142y si\u0119 koncerty plenerowe w ramach \u201eDni Mielca-2004\u201d. Wyst\u0105pili m.in. Ma\u0142gorzata Ostrowska i Pawe\u0142 Kukiz z zespo\u0142em \u201ePiersi\u201d.<\/li>\r\n\r\n\r\n\r\n<li>28 VIII Nagrod\u0119 \u201eAlbertusa\u201d otrzyma\u0142 Janusz Kr\u0119\u017cel \u2013 kronikarz skautingu i harcerstwa.<\/li>\r\n\r\n\r\n\r\n<li>31 VIII Andrzej Tyszkiewicz kupi\u0142 firm\u0119 MELEX i nada\u0142 jej nazw\u0119: MELEX A&amp;D TYSZKIEWICZ Sp.J.<\/li>\r\n\r\n\r\n\r\n<li>1 IX Rozpocz\u0119\u0142a dzia\u0142alno\u015b\u0107 Niepubliczna Szko\u0142a Mistrzostwa Sportowego im. Grzegorza Lato. Zaj\u0119cia odbywaj\u0105 si\u0119 w Zespole Szk\u00f3\u0142 Og\u00f3lnokszta\u0142c\u0105cych nr 1 przy ul. Cz. Ta\u0144skiego i w Szkole Podstawowej nr 9 im. W\u0142adys\u0142awa Jasi\u0144skiego \u201eJ\u0119drusia\u201d.<\/li>\r\n\r\n\r\n\r\n<li>2 IX W 7. koncercie VII MFM Mielec 2004 w ko\u015bciele MBNP wyst\u0105pili: Stanis\u0142aw Drzewiecki (fortepian), Ma\u0142gorzata Machowska (skrzypce) i Orkiestra Kameralna \u201eWirtuozi Lwowa\u201d.<\/li>\r\n\r\n\r\n\r\n<li>12 IX Na placu Armii Krajowej odby\u0142 si\u0119 I Rodzinny Festyn Charytatywny, z kt\u00f3rego doch\u00f3d przeznaczono na remont ko\u015bci\u00f3\u0142ka \u015bw. Marka nad Wis\u0142ok\u0105. Organizatorem by\u0142o Stowarzyszenie Rodzin Katolickich przy parafii \u015bw. Mateusza.<\/li>\r\n\r\n\r\n\r\n<li>17-19 IX W czasie Mistrzostw Polski Modeli Swobodnie Lataj\u0105cych w Lesznie Edward Burek (Aeroklub Mielecki) zdoby\u0142 tytu\u0142 mistrza Polski w kategorii F 1 C.<\/li>\r\n\r\n\r\n\r\n<li>30 IX Mielec otrzyma\u0142 certyfikat \u201eGmina Fair Play 2004\u201d za dzia\u0142alno\u015b\u0107 samorz\u0105du miejskiego. Wr\u0119czenie certyfikat\u00f3w odby\u0142o si\u0119 w Galerii Porczy\u0144skich w Warszawie.<\/li>\r\n\r\n\r\n\r\n<li>IX Wiktor Cicho\u0144 i Mariusz Lipi\u0144ski za\u0142o\u017cyli firm\u0119 WEKTOR CONSULTING maj\u0105c\u0105 charakter o\u015brodka us\u0142ugowego po\u015brednictwa pracy.<\/li>\r\n\r\n\r\n\r\n<li>5 X W Pa\u0142acyku Oborskich otwarto wystaw\u0119 \u201ePowiat mielecki w latach 1944-1945\u201d.<\/li>\r\n\r\n\r\n\r\n<li>9 X Katolickie Centra Edukacji M\u0142odzie\u017cy KANA, w tym KCEM w Mielcu, zosta\u0142y nominowane do presti\u017cowej nagrody TOTUS.<\/li>\r\n\r\n\r\n\r\n<li>14 X W Samorz\u0105dowym Centrum Kultury odby\u0142a si\u0119 inauguracja roku akademickiego 2004\/2005 w nowo powo\u0142anym Nauczycielskim Kolegium J\u0119zyk\u00f3w Obcych. Na siedzib\u0119 NKJO przeznaczono jeden z segment\u00f3w Zespo\u0142u Szk\u00f3\u0142 Og\u00f3lnokszta\u0142c\u0105cych nr 1 przy ul. Ta\u0144skiego.<\/li>\r\n\r\n\r\n\r\n<li>19 X W Pa\u0142acyku Oborskich Rzecznik Praw Obywatelskich prof. Andrzej Zoll wr\u0119czy\u0142 prezesowi Fundacji \u201eSOS \u017bycie\u201c \u0141ucji Bielec nagrod\u0119 \u201ePro Publico Bono\u201d.<\/li>\r\n\r\n\r\n\r\n<li>29 X Otwarto hipermarket TESCO.<\/li>\r\n\r\n\r\n\r\n<li>25 XI Rada Miejska nada\u0142a patronat Franciszka Krempy nowo zbudowanej ulicy na osiedlu Smoczka.<\/li>\r\n\r\n\r\n\r\n<li>20 XII Zmar\u0142 Kazimierz \u015alaski (l. 75) \u2013 d\u0142ugoletni ordynator Oddzia\u0142u Ginekologiczno-Po\u0142o\u017cniczego Szpitala w Mielcu.<\/li>\r\n\r\n\r\n\r\n<li>31 XII Zmar\u0142 Wrzes\u0142aw Roma\u0144czuk (l. 47) \u2013 mielczanin, doktor habilitowany nauk medycznych, dyrektor Szpitala Wojew\u00f3dzkiego nr 2 w Rzeszowie w latach 1994-2000, profesor w Instytucie Wychowania Fizycznego i Zdrowotnego Uniwersytetu Rzeszowskiego, wsp\u00f3\u0142za\u0142o\u017cyciel i dyrektor Instytutu Piel\u0119gniarstwa i Po\u0142o\u017cnictwa UR.<\/li>\r\n\r\n\r\n\r\n<li>31 XII Wg GUS \u2013 Mielec zamieszkiwa\u0142o 61 288 os\u00f3b, w tym 31 549 kobiet i 29 739 m\u0119\u017cczyzn.<\/li>\r\n<\/ul>\r\n\r\n\r\n\r\n<p><strong>Ponadto w 2004 r.<\/strong>:<\/p>\r\n\r\n\r\n\r\n<ul class=\"wp-block-list\">\r\n<li>W II Mi\u0119dzynarodowych Targach Lokalnego Transportu Zbiorowego \u201eTransExpo-2004\u201d w Kielcach firma R&amp;G z Mielca otrzyma\u0142a Z\u0142oty Medal w kategorii \u201eSystemy pobierania op\u0142at\u201d za system biletowy oparty na karcie elektronicznej bezstykowej.<\/li>\r\n\r\n\r\n\r\n<li>Na mieleckim lotnisku rozpocz\u0119\u0142a dzia\u0142alno\u015b\u0107 Szko\u0142a Pilota\u017cu Royar Star.<\/li>\r\n\r\n\r\n\r\n<li>Rozpocz\u0119to wydawanie bezp\u0142atnego tygodnika \u201eExtra Mielec\u201d.<\/li>\r\n<\/ul>\r\n\r\n\r\n\r\n<p><br \/><strong>2005<\/strong><\/p>\r\n\r\n\r\n\r\n<ul class=\"wp-block-list\">\r\n<li>2 I Na placu AK odby\u0142 si\u0119 wielki koncert plenerowy w ramach Wielkiej Orkiestry \u015awi\u0105tecznej Pomocy. Zebrano ponad 80 tysi\u0119cy z\u0142otych.<\/li>\r\n\r\n\r\n\r\n<li>5 II Miss Mielca 2005 zosta\u0142a wybrana Justyna Stypa. Gala odby\u0142a si\u0119 w sali widowiskowej Domu Kultury SCK.<\/li>\r\n\r\n\r\n\r\n<li>11 II W siedzibie g\u0142\u00f3wnej Miejskiej Biblioteki SCK uruchomiono pierwsz\u0105 w mie\u015bcie czytelni\u0119 internetow\u0105.<\/li>\r\n\r\n\r\n\r\n<li>21 II W Galerii Domu Kultury SCK otwarto wystaw\u0119 \u201eCztery dekady\u201d przedstawiaj\u0105ca 40-letni\u0105 dzia\u0142alno\u015b\u0107 Towarzystwa Mi\u0142o\u015bnik\u00f3w Ziemi Mieleckiej.<\/li>\r\n\r\n\r\n\r\n<li>24 II Rada Miejska wyrazi\u0142a zgod\u0119 na utworzenie Zespo\u0142u Szk\u00f3\u0142 nr 2, z\u0142o\u017conego ze Szko\u0142y Podstawowej nr 13 im. Jana Bytnara \u201eRudego\u201d i Gimnazjum nr 4.<\/li>\r\n\r\n\r\n\r\n<li>24 II Rada Miejska nada\u0142a nowym ulicom na terenie osiedla Borek w rejonie ul. Modelarskiej nazwy: Borowiczan i Michalina.<\/li>\r\n\r\n\r\n\r\n<li>II W Muzeum Regionalnym czynna by\u0142a wystawa \u201eKultura ludowa regionu mieleckiego\u201d.<\/li>\r\n\r\n\r\n\r\n<li>9 III W Filii Muzeum Regionalnego SCK \u201eJadern\u00f3wka\u201d otwarto wystaw\u0119 \u201eSprawiedliwi W\u015br\u00f3d Narod\u00f3w \u015awiata\u201d.<\/li>\r\n\r\n\r\n\r\n<li>19 III W hali sportowej Szko\u0142y Podstawowej nr 11 na Smoczce odby\u0142y si\u0119 Mistrzostwa Polski Karate Shorin \u2013 Ryn.<\/li>\r\n\r\n\r\n\r\n<li>III W Szpitalu Powiatowym powsta\u0142 Oddzia\u0142 Rehabilitacyjny.<\/li>\r\n\r\n\r\n\r\n<li>III Utworzono Powiatowy Ruch Obywatelski (PRO).<\/li>\r\n\r\n\r\n\r\n<li>2-7 IV Z wielkim \u017calem mielczanie przyj\u0119li wiadomo\u015b\u0107 o \u015bmierci Ojca \u015awi\u0119tego, Papie\u017ca Polaka &#8211; Jana Paw\u0142a II. W mieleckich parafiach odbywa\u0142y si\u0119 nabo\u017ce\u0144stwa \u017ca\u0142obne.<\/li>\r\n\r\n\r\n\r\n<li>7 IV Przed ko\u015bcio\u0142em Matki Bo\u017cej Nieustaj\u0105cej Pomocy odprawiono miejsk\u0105 Msz\u0119 \u015bw. \u017ca\u0142obn\u0105 za \u015bp. Ojca \u015awi\u0119tego Jana Paw\u0142a II z udzia\u0142em kilkunastu tysi\u0119cy os\u00f3b.<\/li>\r\n\r\n\r\n\r\n<li>7 IV Na nadzwyczajnej sesji Rada Miejska podj\u0119\u0142a uchwa\u0142\u0119 o nadaniu nazwy: \u201eAleje Jana Paw\u0142a II\u201d ulicy wjazdowej do Mielca od strony Tarnowa.<\/li>\r\n\r\n\r\n\r\n<li>14-15 IV W SCK odby\u0142y si\u0119 Dni Kultury Skandynawskiej.<\/li>\r\n\r\n\r\n\r\n<li>15-17 IV Na Targach Samochodowych \u201eSalon du Cabriolet et du Coupe\u201d w Pary\u017cu eksponowano m.in. samoch\u00f3d sportowy Leopard wykonany przez firm\u0119 Leopard Automobile-Mielec Sp. z o.o.<\/li>\r\n\r\n\r\n\r\n<li>12 V Ambasador Mongolii w Polsce Tugalkhuu Baasansuren dokona\u0142 w CWP SCK otwarcia wystawy \u201eW stepach Mongolii, inne oblicze domostwa\u201d.<\/li>\r\n\r\n\r\n\r\n<li>18 V Rada Miejska uchwa\u0142\u0105 nr XXVI\/218\/05 utworzy\u0142a Mielecki Park Przemys\u0142owy na dw\u00f3ch obszarach o \u0142\u0105cznej powierzchni 95 ha.<\/li>\r\n\r\n\r\n\r\n<li>29 V Na placu AK odby\u0142y si\u0119 VIII Prezentacje Folkloru i Rzemios\u0142a Ludowego.<\/li>\r\n\r\n\r\n\r\n<li>V W Polskich Zak\u0142adach Lotniczych w Mielcu i firmie \u201eAnkol\u201d w Chorzelowie go\u015bci\u0142 ambasador Peru &#8211; Martin Yrioyen.<\/li>\r\n\r\n\r\n\r\n<li>8 VI \u201eMielczaninem Roku 2004\u201d wybrano w plebiscycie Tygodnika Regionalnego \u201eKorso\u201d autora niniejszej \u201eEncyklopedii miasta Mielca\u201d.<\/li>\r\n\r\n\r\n\r\n<li>10 VI Tarnobrzeski S\u0105d Gospodarczy wyda\u0142 postanowienie o upad\u0142o\u015bci Zak\u0142adu Narz\u0119dziowego \u201ePZL-Mielec\u201d Sp. z o.o. w Mielcu.<\/li>\r\n\r\n\r\n\r\n<li>19 VI Zorganizowano Parafialny Festyn Rodzinny, a doch\u00f3d przeznaczono na renowacj\u0119 ko\u015bcio\u0142a \u015bw. Marka nad Wis\u0142ok\u0105.<\/li>\r\n\r\n\r\n\r\n<li>VI Firma \u201eHenryk Bury \u2013 Mielec\u201d Sp. z o.o. zosta\u0142a laureatem presti\u017cowej nagrody \u201eTeraz Polska\u201d za produkt \u201eSystem Samochodowej Nawigacji Satelitarnej NAVIFLASH\u201d.<\/li>\r\n\r\n\r\n\r\n<li>24 VI Agencja Rozwoju Przemys\u0142u SA w Warszawie zatwierdzi\u0142a projekt utworzenia Mieleckiego Parku Przemys\u0142owego.<\/li>\r\n\r\n\r\n\r\n<li>25 VI W ko\u015bciele Matki Bo\u017cej Nieustaj\u0105cej Pomocy i SCK odby\u0142y si\u0119 uroczysto\u015bci z okazji 25-lecia NSZZ \u201eSolidarno\u015b\u0107\u201d Regionu Rzeszowskiego.<\/li>\r\n\r\n\r\n\r\n<li>25 VI W koncercie inauguruj\u0105cym VIII MFM Mielec 2005 w ko\u015bciele MBNP wyst\u0105pili: Zesp\u00f3\u0142 Madrygalist\u00f3w \u201eCapella Cracoviensis\u201d, Anna Miko\u0142ajczyk (sopran), Katarzyna Wiwer (sopran), Pawe\u0142 Ska\u0142uba (tenor), Miros\u0142aw Borczy\u0144ski (bas) i Orkiestra Kameralna Filharmonii Krakowskiej pod dyr. Stanis\u0142awa Krawczy\u0144skiego.<\/li>\r\n\r\n\r\n\r\n<li>3 VII W sali widowiskowej Domu Kultury SCK odby\u0142 si\u0119 2. koncert VIII MFM Mielec 2005, w kt\u00f3rym pod has\u0142em \u201eSkaldowie symfonicznie\u201d wyst\u0105pili Andrzej i Jacek Zieli\u0144scy, a towarzyszy\u0142a im Orkiestra Symfoniczna Filharmonii \u015awi\u0119tokrzyskiej pod dyr. Bohdana Jarmo\u0142owicza.<\/li>\r\n\r\n\r\n\r\n<li>4-9 VII Orkiestra PSM I i II stopnia w Mielcu wyst\u0105pi\u0142a w Mi\u0119dzynarodowym Festiwalu Kultury Europejskiej w Szolnok i Tiszaf\u0151ldvar (W\u0119gry).<\/li>\r\n\r\n\r\n\r\n<li>9-10 VII Na terenach Miejskiego O\u015brodka Sportu i Rekreacji odby\u0142 si\u0119 II Mi\u0119dzynarodowy Festyn Integracyjny \u201eNajsprawniejsi \u2013 Niepe\u0142nosprawnym\u201d, po\u0142\u0105czony z Europejsk\u0105 Akcj\u0105 Trze\u017awo\u015bci Kierowc\u00f3w \u201eKrzy\u015b na Podkarpaciu\u201d.<\/li>\r\n\r\n\r\n\r\n<li>9-10 VII W Milwaukee (USA) rozegrano Jubileuszowy XX Turniej Dru\u017cyn Polonijnych Ameryki P\u00f3\u0142nocnej, w kt\u00f3rym I miejsce zaj\u0119\u0142a Polonia Chicago Mielec. (By\u0142o to trzecie zwyci\u0119stwo ameryka\u0144skich mielczan w tych rozgrywkach.)<\/li>\r\n\r\n\r\n\r\n<li>14 VII W ramach VIII MFM Mielec 2005 w ko\u015bciele MBNP odby\u0142 si\u0119 koncert \u201eSoyka Tryptyk Rzymski\u201d, kt\u00f3ry wykonali Stanis\u0142aw Soyka i zesp\u00f3\u0142.<\/li>\r\n\r\n\r\n\r\n<li>VII W og\u00f3lnopolskim rankingu na najoszcz\u0119dniejsz\u0105 administracj\u0119 samorz\u0105dow\u0105 w miastach \u015bredniej wielko\u015bci Urz\u0105d Miejski w Mielcu zaj\u0105\u0142 I miejsce.<\/li>\r\n\r\n\r\n\r\n<li>6-7 VIII Na Mistrzostwach Polski w Szybownictwie w Cz\u0119stochowie reprezentuj\u0105cy Aeroklub Mielecki Karol Staryszak zdoby\u0142 tytu\u0142 mistrza Polski w klasie Club.<\/li>\r\n\r\n\r\n\r\n<li>18-21 VIII ZPiT \u201eRzeszowiacy\u201d SCK koncertowa\u0142 w Tiszaf\u00f6ldvar \u2013 w\u0119gierskim partnerskim mie\u015bcie Mielca.<\/li>\r\n\r\n\r\n\r\n<li>19-21 VIII Na mieleckim lotnisku odby\u0142y si\u0119 Otwarte Mistrzostwa Polski Modeli Szybowc\u00f3w Zdalnie Sterowanych Klasy F3J.<\/li>\r\n\r\n\r\n\r\n<li>21 VIII Arkadiusz Bialic (organy) i M\u0119ski Ch\u00f3r \u201eRustavi\u201d z Gruzji byli wykonawcami 6. koncertu VIII MFM Mielec 2005 w ko\u015bciele MBNP.<\/li>\r\n\r\n\r\n\r\n<li>27-28 VIII W czasie \u201eDni Mielca \u2013 2005\u201d na estradzie plenerowej koncertowa\u0142y zespo\u0142y muzyczne: IRA, Bracia Cugowscy i VOO VOO. Wyst\u0105pi\u0142 te\u017c artysta kabaretowy Krzysztof Piasecki.<\/li>\r\n\r\n\r\n\r\n<li>VIII Mielecka firma REG-Benz zwyci\u0119\u017cy\u0142a w og\u00f3lnopolskim konkursie sprzeda\u017cy samochod\u00f3w Opel i Chevrolet, og\u0142oszonym przez VIP General Motors Poland.<\/li>\r\n\r\n\r\n\r\n<li>30 VIII W Polskich Zak\u0142adach Lotniczych wybuch\u0142 strajk na tle ekonomicznym.<\/li>\r\n\r\n\r\n\r\n<li>VIII Medyczne Studium Zawodowe Zespo\u0142u Szk\u00f3\u0142 Medycznych przy ul. T. Ko\u015bciuszki 7 zosta\u0142o przemianowane na Medyczn\u0105 Szko\u0142\u0119 Policealn\u0105.<\/li>\r\n\r\n\r\n\r\n<li>9 IX W fina\u0142owym 8. koncercie VIII MFM Mielec 2005 w ko\u015bciele MBNP organista J\u00f3zef Serafin wykona\u0142 utwory promuj\u0105ce p\u0142yt\u0119 z w\u0142asnymi nagraniami na mieleckich organach. W drugiej cz\u0119\u015bci \u201eMsz\u0119 Koronacyjn\u0105\u201d W. A. Mozarta wykonali: Ch\u00f3r I LO im. S. Konarskiego w Mielcu, Ch\u00f3r Nauczycielski \u201eAkord\u201d ZNP i SCK oraz Orkiestra Symfoniczna Filharmonii Rzeszowskiej pod dyr. Jerzego Koska.<\/li>\r\n\r\n\r\n\r\n<li>10 IX Po tragicznym wypadku mieleckiego motocyklisty w Chorzelowie przez dwa dni trwa\u0142y w Mielcu zamieszki uliczne, wywo\u0142ane przez grupy m\u0142odych m\u0119\u017cczyzn.<\/li>\r\n\r\n\r\n\r\n<li>13 IX Do Mielca przyby\u0142 kandydat na prezydenta RP Lech Kaczy\u0144ski i odby\u0142 spotkanie przedwyborcze w SCK.<\/li>\r\n\r\n\r\n\r\n<li>15 IX Zmar\u0142 Jan Rusin (l. 78) \u2013 nauczyciel, lekarz medycyny, internista, za\u0142o\u017cyciel O\u015brodka Terapii Integralnej, radny Rady Miejskiej w Mielcu, dzia\u0142acz spo\u0142eczny.<\/li>\r\n\r\n\r\n\r\n<li>IX W wyborach parlamentarnych wybrano m.in. mielczan: W\u0142adys\u0142awa Ortyla (PiS) do Senatu, a do Sejmu \u2013 ponownie Krystyn\u0119 Skowro\u0144sk\u0105 (PO). Ponadto do Sejmu wybrano Ann\u0119 Paku\u0142\u0119-Sacharczuk (PiS) \u2013 mielczank\u0119 mieszkaj\u0105c\u0105 w Rzeszowie.<\/li>\r\n\r\n\r\n\r\n<li>IX Mielczanin W\u0142adys\u0142aw Ortyl (PiS) zosta\u0142 powo\u0142any na stanowisko wiceministra rozwoju regionalnego.<\/li>\r\n\r\n\r\n\r\n<li>27 IX Nowym prezesem Polskich Zak\u0142ad\u00f3w Lotniczych zosta\u0142 Janusz Zakr\u0119cki.<\/li>\r\n\r\n\r\n\r\n<li>27 IX \u2013 2 X W L\u00f6hne \u2013 partnerskim mie\u015bcie Mielca \u2013 koncertowa\u0142 Big Band SCK pod batut\u0105 Waldemara Ozgi.<\/li>\r\n\r\n\r\n\r\n<li>30 IX \u2013 2 X Najstarsza szko\u0142a \u015brednia w Mielcu \u2013 I Liceum Og\u00f3lnokszta\u0142c\u0105ce im. Stanis\u0142awa Konarskiego przy ul. T. Ko\u015bciuszki uroczy\u015bcie obchodzi\u0142a 100-lecie powstania i dzia\u0142alno\u015bci edukacyjno-wychowawczej.<\/li>\r\n\r\n\r\n\r\n<li>12-18 X Zorganizowano XXI Tydzie\u0144 Kultury Chrze\u015bcija\u0144skiej \u201eKo\u015bci\u00f3\u0142 po Soborze Watyka\u0144skim II\u201d.<\/li>\r\n\r\n\r\n\r\n<li>19 X W auli Zespo\u0142u Szk\u00f3\u0142 Technicznych przy ul. Kazimierza Jagiello\u0144czyka odby\u0142y si\u0119 uroczysto\u015bci 100-lecia powstania Zwi\u0105zku Nauczycielstwa Polskiego.<\/li>\r\n\r\n\r\n\r\n<li>20-21 X Szko\u0142a Podstawowa nr 11 z Klasami Integracyjnymi otrzyma\u0142a imi\u0119 Jana Paw\u0142a II oraz sztandar.<\/li>\r\n\r\n\r\n\r\n<li>23 X Kr\u00f3l Szwecji Karol Gustaw XVI osobi\u015bcie testowa\u0142 wyprodukowany w Mielcu samoch\u00f3d Leopard na terenie w\u0142asnej rezydencji wypoczynkowej.<\/li>\r\n\r\n\r\n\r\n<li>27 X Nowej ulicy na osiedlu Cyranka, biegn\u0105cej od ulicy Wojska Polskiego do ul. H. Sienkiewicza, nadano patronat Stanis\u0142awa Padyku\u0142y.<\/li>\r\n\r\n\r\n\r\n<li>31 X Zmar\u0142 Henryk Burzec (l. 86) \u2013 artysta rze\u017abiarz, tw\u00f3rca wielkich rze\u017ab plenerowych w Mielcu.<\/li>\r\n\r\n\r\n\r\n<li>X Mielczanin Artur Michalak \u2013 student Politechniki Warszawskiej \u2013 zosta\u0142 mistrzem Polski w komputerowych grach strategicznych.<\/li>\r\n\r\n\r\n\r\n<li>X W czasie polsko-ukrai\u0144skiego seminarium w SCK, zorganizowanego przez MARR, eksponowa\u0142o si\u0119 36 firm z Podkarpacia i Ukrainy Zakarpackiej.<\/li>\r\n\r\n\r\n\r\n<li>X Firma transportowa Connex Polska (wcze\u015bniej PKS) zmieni\u0142a nazw\u0119 na Veolia Transport Polska, ale postanowiono, \u017ce lokalne sp\u00f3\u0142ki (w tym w Mielcu) nie b\u0119d\u0105 zmienia\u0107 nazwy.<\/li>\r\n\r\n\r\n\r\n<li>15 XI W sali konferencyjnej CWP SCK odby\u0142a si\u0119 konferencja z okazji 10-lecia funkcjonowania Specjalnej Strefy Ekonomicznej EURO-PARK MIELEC.<\/li>\r\n\r\n\r\n\r\n<li>XI Przebojem Targ\u00f3w Producent\u00f3w Samochod\u00f3w \u201eSEMA\u201d w Las Vegas by\u0142a replika forda z 1940 r., wykonana r\u0119cznie w mieleckiej firmie KIRKHAM MOTORSPORTS Sp\u00f3\u0142ka z o.o.<\/li>\r\n\r\n\r\n\r\n<li>8 XI Polskie Zak\u0142ady Lotnicze otrzyma\u0142y \u201eZ\u0142oty Laur TELEINFO 100\u201d za najlepszy zintegrowany system teleinformacyjny w kategorii \u201ePrzemys\u0142 elektroniczny, elektromaszynowy, maszynowy i motoryzacyjny w 2005 r.\u201d<\/li>\r\n\r\n\r\n\r\n<li>6 XII W dniu \u015bw. Miko\u0142aja odby\u0142a si\u0119 uroczysto\u015b\u0107 otwarcia i po\u015bwi\u0119cenia obwodnicy wewn\u0119trznej miasta, a w jej ci\u0105gu \u2013 nowo wybudowanych Alei Jana Paw\u0142a II i ul. Stanis\u0142awa Padyku\u0142y oraz rond na ulicy H. Sienkiewicza i ul. Legion\u00f3w, wsp\u00f3\u0142finansowanych ze \u015brodk\u00f3w Unii Europejskiej.<\/li>\r\n\r\n\r\n\r\n<li>21 XII Ulicy bocznej od ulicy \u015bw. Kingi na osiedlu Smoczka nadano patronat \u015bw. Anny.<\/li>\r\n\r\n\r\n\r\n<li>XII Oddzia\u0142 PKO Bank Polski rozpocz\u0105\u0142 dzia\u0142alno\u015b\u0107 w nowej siedzibie przy ul. Kazimierza Jagiello\u0144czyka.<\/li>\r\n\r\n\r\n\r\n<li>XII Mielczanka Zofia Rojkowicz zdoby\u0142a tytu\u0142 Foto Models Publiczno\u015bci w fina\u0142owej gali Miss Maxima Models Poland 2005, kt\u00f3ra odby\u0142a si\u0119 w egipskim kurorcie Hurghada nad Morzem Czerwonym.<\/li>\r\n<\/ul>\r\n\r\n\r\n\r\n<p><br \/><strong>2006<\/strong><\/p>\r\n\r\n\r\n\r\n<ul class=\"wp-block-list\">\r\n<li>8 I W czasie XIV Fina\u0142u Wielkiej Orkiestry \u015awi\u0105tecznej Pomocy w Mielcu zebrano ponad 70 tysi\u0119cy z\u0142otych.<\/li>\r\n\r\n\r\n\r\n<li>22 I W hali sportowo-widowiskowej MOSiR odby\u0142 si\u0119 III Turniej Ta\u0144ca Towarzyskiego, w kt\u00f3rym wzi\u0119\u0142o udzia\u0142 oko\u0142o 200 par.<\/li>\r\n\r\n\r\n\r\n<li>30 I W rankingu dziennika \u201eRzeczpospolita\u201d miasto Mielec zosta\u0142o laureatem w konkursie \u201eNajlepsza Gmina Miejska 2005\u201d.<\/li>\r\n\r\n\r\n\r\n<li>2 II Zmar\u0142 Zbigniew \u0141aszyca (l. 60) \u2013 lekarz medycyny, dyrektor Zespo\u0142u Opieki Zdrowotnej w Mielcu i dyrektor Przemys\u0142owego Zespo\u0142u Opieki Zdrowotnej.<\/li>\r\n\r\n\r\n\r\n<li>11 II Miss Mielca 2006 zosta\u0142a Katarzyna Krynicka. Gala odby\u0142a si\u0119 w auli Zespo\u0142u Szk\u00f3\u0142 Technicznych.<\/li>\r\n\r\n\r\n\r\n<li>17 II Z powodu z\u0142ego stanu technicznego zamkni\u0119to dla ruchu k\u0142adk\u0119 nad rzek\u0105 Wis\u0142ok\u0105 w rejonie ul. Rzecznej.<\/li>\r\n\r\n\r\n\r\n<li>4 III Gmina Miejska Mielec otrzyma\u0142a certyfikat akcji \u201ePrzejrzysta Polska\u201d.<\/li>\r\n\r\n\r\n\r\n<li>7 III Miejskie Przedsi\u0119biorstwo Gospodarki Komunalnej podpisa\u0142o umow\u0119 z firm\u0105 SKANSKA na budow\u0119 oczyszczalni \u015bciek\u00f3w komunalnych.<\/li>\r\n\r\n\r\n\r\n<li>24-25 III W Sali Kr\u00f3lewskiej PSM I i II stopnia odby\u0142 si\u0119 V Mi\u0119dzynarodowy Festiwal Instrument\u00f3w D\u0119tych Blaszanych.<\/li>\r\n\r\n\r\n\r\n<li>29 III \u2013 20 IV W Og\u00f3lnopolskim Strajku Lekarzy (domagano si\u0119: minimum 30% podwy\u017cki, zaprzestania wyzysku s\u0142u\u017cby zdrowia, wprowadzenia prawdziwych ubezpiecze\u0144 zdrowotnych i rzetelnej wyceny \u015bwiadcze\u0144 opartej o rzeczywiste koszty), uczestniczy\u0142a cz\u0119\u015b\u0107 mieleckich lekarzy rodzinnych oraz lekarze w Szpitalu Powiatowym.<\/li>\r\n\r\n\r\n\r\n<li>pocz. IV Wyla\u0142a rzeka Wis\u0142oka, ale nie spowodowa\u0142a wi\u0119kszych strat.<\/li>\r\n\r\n\r\n\r\n<li>5 IV Delegacja Brunei, kt\u00f3rej przewodniczy\u0142 wiceminister obrony narodowej Mohammad Yasmin Umar, go\u015bci\u0142a w Polskich Zak\u0142adach Lotniczych i ogl\u0105da\u0142a specjalny pokaz mieleckich samolot\u00f3w.<\/li>\r\n\r\n\r\n\r\n<li>7-30 IV W Centrum Wystawienniczo-Promocyjnym SCK czynna by\u0142a wystawa \u201eEcce Homo\u201d autorstwa uczestnik\u00f3w V Forum Malarstwa Polskiego.<\/li>\r\n\r\n\r\n\r\n<li>8 IV Biskup ordynariusz Wiktor Skworc uroczy\u015bcie konsekrowa\u0142 ko\u015bci\u00f3\u0142 Ducha \u015awi\u0119tego.<\/li>\r\n\r\n\r\n\r\n<li>23 IV Po remoncie i modernizacji sali kinowo-widowiskowej SCK wy\u015bwietlono pierwszy film w kinie \u201eGalaktyka\u201d (dawniej \u201eMetalowiec\u201d).<\/li>\r\n\r\n\r\n\r\n<li>29 IV Po zwyci\u0119stwie 34:27 z zespo\u0142em KS Bochnia pi\u0142karze r\u0119czni SPR BRW \u201eStal\u201d Mielec zdobyli 1. miejsce w I lidze i awansowali do ekstraklasy.<\/li>\r\n\r\n\r\n\r\n<li>12 V Wytw\u00f3rnia Aparatury Wtryskowej uroczy\u015bcie uruchomi\u0142a lini\u0119 produkcyjn\u0105 wody mineralnej \u201eSzyd\u0142owiecka\u201d, pobieranej ze \u017ar\u00f3d\u0142a w podmieleckiej wsi Szyd\u0142owiec.<\/li>\r\n\r\n\r\n\r\n<li>30 V Pochodz\u0105cy z ziemi mieleckiej biskup Wojciech Ziemba zosta\u0142 mianowany przez papie\u017ca Benedykta XVI arcybiskupem metropolit\u0105 warmi\u0144skim.<\/li>\r\n\r\n\r\n\r\n<li>30 V \u201eMielczaninem Roku 2005\u201d zosta\u0142 wybrany W\u0142adys\u0142aw Ortyl \u2013 senator RP.<\/li>\r\n\r\n\r\n\r\n<li>30 V W Mielcu go\u015bci\u0142a delegacja Mukaczewa z Ukrainy \u2013 miasta partnerskiego Mielca.<\/li>\r\n\r\n\r\n\r\n<li>2-6 VI Wylew rzeki Wis\u0142oki spowodowa\u0142 szkody w rejonach ulic: Rzecznej, Zagrody i Teligi oraz zachodniej cz\u0119\u015bci osiedla Rzoch\u00f3w.<\/li>\r\n\r\n\r\n\r\n<li>14 VI Oddano do u\u017cytku przed\u0142u\u017cenie ul. W. Szafera od ul. Mariana Raciborskiego do alei E. Kwiatkowskiego.<\/li>\r\n\r\n\r\n\r\n<li>22 VI \u201eKoncerty Mozartowskie\u201d na orkiestr\u0119, jeden, dwa i trzy fortepiany zainaugurowa\u0142y IX MFM Mielec 2006. Wykonawcami koncertu, kt\u00f3ry odby\u0142 si\u0119 w sali widowiskowej Domu Kultury SCK, byli Stanis\u0142aw Drzewiecki (fortepian), Tatiana Shebanova (fortepian) i Jaros\u0142aw Drzewiecki (fortepian) oraz Orkiestra Symfoniczna Filharmonii Cz\u0119stochowskiej pod dyr. Jerzego Salwarowskiego.<\/li>\r\n\r\n\r\n\r\n<li>27 VI W ramach IX MFM Mielec 2006 na scenie Domu Kultury SCK wyst\u0105pi\u0142a z recitalem Justyna Steczkowska z zespo\u0142em.<\/li>\r\n\r\n\r\n\r\n<li>29 VI Nowym ulicom w rejonie ul. W. Witosa na osiedlu Smoczka nadano nazwy: Szarych Szereg\u00f3w, Antoniego Fibicha i Jana Cio\u0142kosza.<\/li>\r\n\r\n\r\n\r\n<li>29 VI \u2013 4 VII Ch\u00f3r Nauczycielski ZNP i SCK \u201eAkord\u201d pod dyrekcj\u0105 Paw\u0142a Lisa przebywa\u0142 w Niemczech i m.in. koncertowa\u0142 w ko\u015bciele \u015bw. Magdaleny w Herzogenaurach.<\/li>\r\n\r\n\r\n\r\n<li>6 VII W 3. koncercie IX MFM Mielec 2006, kt\u00f3ry odby\u0142 si\u0119 w sali widowiskowej Domu Kultury SCK i mia\u0142 tytu\u0142 \u201eF. Chopin\u201d, wyst\u0105pili piani\u015bci Adam Makowicz i Leszek Mo\u017cd\u017cer.<\/li>\r\n\r\n\r\n\r\n<li>8 VII W parku obok Miejskiej Biblioteki Publicznej SCK przy ul. L. Solskiego Stowarzyszenie Kulturalne \u201ej\u2019Arte\u201d zorganizowa\u0142o imprez\u0119 M4 \u2013 Moje Miasto Moje Miejsce.<\/li>\r\n\r\n\r\n\r\n<li>17 VII W ko\u015bciele MBNP odby\u0142 si\u0119 4. koncert IX MFM Mielec 2006. Wyst\u0105pili w nim Konstanty Andrzej Kulka (skrzypce), Tytus Wojnowicz (ob\u00f3j), Maria Erdman (klawesyn) i Kwartet \u201ePrima Vista\u201d.<\/li>\r\n\r\n\r\n\r\n<li>20 VII W rankingu dziennika \u201eRzeczpospolita\u201d Gmina Miejska Mielec zosta\u0142a laureatem w konkursie \u201eNajlepsza Gmina Miejska 2005\u201d.<\/li>\r\n\r\n\r\n\r\n<li>29 VII Na terenach rekreacyjnych MOSiR odby\u0142a si\u0119 impreza integracyjna \u201eRazem mo\u017cemy wi\u0119cej\u201d. Wyst\u0105pi\u0142 m.in. zesp\u00f3\u0142 muzyczny \u201eBlue Cafe\u201d.<\/li>\r\n\r\n\r\n\r\n<li>1-30 VIII W III Mi\u0119dzynarodowym Rajdzie Samochodowym TRANSSYBERIA 2006 na trasie: Berlin-Gda\u0144sk-Moskwa-Syberia-Mongolia-Jezioro Bajka\u0142 uczestniczy\u0142y dwie za\u0142ogi z Mielca: Krzysztof Ryba (zwyci\u0119zca w klasie sport) oraz Wies\u0142aw W\u00f3jcik i Marcin W\u0105sik.<\/li>\r\n\r\n\r\n\r\n<li>2-10 VIII W Mielcu go\u015bci\u0142 polonijny Zesp\u00f3\u0142 Pie\u015bni i Ta\u0144ca \u201ePiast\u201d ze Szwajcarii.<\/li>\r\n\r\n\r\n\r\n<li>11 VIII W Pa\u0142acyku Oborskich burmistrz miasta Tiszaf\u0151ldvar (W\u0119gry) i prezydent miasta Mielca Janusz Chodorowski podpisali Umow\u0119 o partnerstwie miast.<\/li>\r\n\r\n\r\n\r\n<li>19-20 VIII Na terenach rekreacyjnych MOSiR odby\u0142 si\u0119 I Piknik Country.<\/li>\r\n\r\n\r\n\r\n<li>21 VIII Firma Kirchhoff Polska Sp. z o.o. w Mielcu otrzyma\u0142a nagrod\u0119 General Motors Supplier of the Year 2005.<\/li>\r\n\r\n\r\n\r\n<li>22 VIII W 6. koncercie IX MFM Mielec 2006 w ko\u015bciele MBNP wyst\u0105pi\u0142 Ch\u00f3r Kameralny Madrygalist\u00f3w Sofijskich.<\/li>\r\n\r\n\r\n\r\n<li>27-28 VIII W czasie \u201eDni Mielca 2006\u201d, kt\u00f3re zorganizowano na terenach MOSiR, w koncertach plenerowym wyst\u0105pili m.in. aktor-satyryk Jerzy Kryszak oraz zespo\u0142y muzyczne \u201eBrathanki\u201d i \u201eBajm\u201d z Beat\u0105 Kozidrak.<\/li>\r\n\r\n\r\n\r\n<li>29 VIII Fina\u0142em IX MFM Mielec 2006 w ko\u015bciele MBNP by\u0142o \u201eRequiem d-moll\u201d W. A. Mozarta w wykonaniu Krakowskiej Radiowej Orkiestry Symfonicznej i solist\u00f3w, Ch\u00f3ru M\u0142odzie\u017cowego I LO im. S. Konarskiego w Mielcu oraz Ch\u00f3ru Nauczycielskiego \u201eAkord\u201d ZNP i SCK. Dyrygowa\u0142 Marek Pijarowski.<\/li>\r\n\r\n\r\n\r\n<li>31 VIII Rada Miejska nada\u0142a ulicy na osiedlu Wolno\u015bci patronat ks. Jana Twardowskiego, a ulicy na osiedlu Smoczka &#8211; Stanis\u0142awa Lema.<\/li>\r\n\r\n\r\n\r\n<li>15 IX Na terenie budowy oczyszczalni \u015bciek\u00f3w przy ul. J. Kili\u0144skiego po\u015bwi\u0119cono i wmurowano akt erekcyjny i kamie\u0144 w\u0119gielny.<\/li>\r\n\r\n\r\n\r\n<li>20 IX Agencja Rozwoju Przemys\u0142u w Warszawie, Polskie Zak\u0142ady Lotnicze w Mielcu i ameryka\u0144ska firma Sikorsky Aircraft Company podpisa\u0142y Memorandum of Understanding.<\/li>\r\n\r\n\r\n\r\n<li>21 IX Ko\u015bci\u00f3\u0142 parafialny \u015bw. Mateusza decyzj\u0105 Ojca \u015awi\u0119tego Benedykta XVI zosta\u0142 podniesiony do godno\u015bci bazyliki mniejszej. Uroczysto\u015bci og\u0142oszenia tego aktu przewodniczy\u0142 nuncjusz papieski w Polsce ks. arcybiskup J\u00f3zef Kowalczyk.<\/li>\r\n\r\n\r\n\r\n<li>28 IX Rada Miejska przyj\u0119\u0142a do realizacji \u201eLokalny Program Rewitalizacji dla Miasta Mielca\u201d.<\/li>\r\n\r\n\r\n\r\n<li>28 IX Wyr\u00f3\u017cnienie honorowe \u201eAlbertus\u201d otrzyma\u0142 W\u0142odzimierz K\u0142aczy\u0144ski \u2013 lekarz weterynarii, pisarz, autor m.in. powie\u015bci \u201eMiejsce\u201d.<\/li>\r\n\r\n\r\n\r\n<li>IX Rozebrano k\u0142adk\u0119 nad rzek\u0105 Wis\u0142ok\u0105 w rejonie ul. Rzecznej.<\/li>\r\n\r\n\r\n\r\n<li>11 X Oddano do u\u017cytku przed\u0142u\u017cenie ul. Powsta\u0144c\u00f3w Warszawy od skrzy\u017cowania z ul. kard. S. Wyszy\u0144skiego do ul. W. Witosa.<\/li>\r\n\r\n\r\n\r\n<li>27 X Urz\u0105d Miejski wyda\u0142 album \u201eMielec wczoraj i dzi\u015b\u201d, przedstawiaj\u0105cy miasto poprzez opis ulic i biogramy ich patron\u00f3w.<\/li>\r\n\r\n\r\n\r\n<li>27 X Ukaza\u0142 si\u0119 pierwszy numer Gazety Lokalnej \u201eWydarzenia\u201d.<\/li>\r\n\r\n\r\n\r\n<li>30 X Otwarto bezpieczne przej\u015bcie dla pieszych obok wiaduktu.<\/li>\r\n\r\n\r\n\r\n<li>12 XI W pierwszej turze wybor\u00f3w samorz\u0105dowych wybrano Rad\u0119 Miejsk\u0105 (23 radnych) oraz dw\u00f3ch kandydat\u00f3w na prezydenta miasta Mielca \u2013 Janusza Chodorowskiego i Krzysztofa Popio\u0142ka.<\/li>\r\n\r\n\r\n\r\n<li>26 XI W drugiej turze na prezydenta miasta wybrano Janusza Chodorowskiego (po raz czwarty).<\/li>\r\n\r\n\r\n\r\n<li>27 XI W czasie inauguracyjnej sesji Rady Miejskiej na przewodnicz\u0105cego wybrano Zdzis\u0142awa Nowakowskiego (po raz trzeci).<\/li>\r\n\r\n\r\n\r\n<li>27 XI W czasie sesji Rady Powiatu Mieleckiego starost\u0105 powiatowym zosta\u0142 Andrzej Chrab\u0105szcz.<\/li>\r\n\r\n\r\n\r\n<li>9 XII W finale Miss Fashion TV Award 2006 w Antalaya (Turcja) uczestniczy\u0142a mielczanka Zofia Rojkowicz jako reprezentantka Agencji Maxima Models z Warszawy.<\/li>\r\n\r\n\r\n\r\n<li>15 XII Komisja Europejska zatwierdzi\u0142a modyfikacj\u0119 projektu \u201eUporz\u0105dkowanie systemu zbierania i oczyszczania \u015bciek\u00f3w w Mielcu\u201d polegaj\u0105c\u0105 na rozszerzeniu projektu o zadanie \u201eBudowa kanalizacji sanitarnej w osiedlach Wojs\u0142aw i Rzoch\u00f3w oraz renowacja kanalizacji istniej\u0105cej\u201d.<\/li>\r\n\r\n\r\n\r\n<li>18 XII Na podstawie zawartej w Warszawie umowy Agencja Rozwoju Przemys\u0142u sprzeda\u0142a ameryka\u0144skiej firmie Sikorsky Aircraft Corporation Polskie Zak\u0142ady Lotnicze za 250 milion\u00f3w z\u0142otych.<\/li>\r\n\r\n\r\n\r\n<li>28 XII W Centrum Wystawienniczo-Promocyjnym SCK odby\u0142o si\u0119 tradycyjne Miejskie Spotkanie \u015awi\u0105teczno-Noworoczne. Honorowe wyr\u00f3\u017cnienia prezydenta miasta Janusza Chodorowskiego za szczeg\u00f3lne osi\u0105gni\u0119cia otrzymali: Janusz Zakr\u0119cki \u2013 prezes Zarz\u0105du PZL Mielec, J\u00f3zef Grzesik \u2013 przewodnicz\u0105cy NSZZ \u201eSolidarno\u015b\u0107\u201d PZL Mielec, ks. Stanis\u0142aw Jurek \u2013 proboszcz parafii \u015bw. Mateusza i Pawe\u0142 Lis \u2013 ch\u00f3rmistrz, nauczyciel I LO im. S. Konarskiego.<\/li>\r\n<\/ul>\r\n\r\n\r\n\r\n<p><strong>Ponadto w 2006 r.<\/strong>:<\/p>\r\n\r\n\r\n\r\n<ul class=\"wp-block-list\">\r\n<li>Stanis\u0142aw Ko\u0142c zbudowa\u0142 elektrowni\u0119 wiatrow\u0105 typu HSW 250T, pierwsz\u0105 w powiecie mieleckim elektrowni\u0119 wykorzystuj\u0105c\u0105 si\u0142\u0119 wiatru do produkcji energii elektrycznej.<\/li>\r\n<\/ul>\r\n\r\n\r\n\r\n<p><br \/><strong>2007<\/strong><\/p>\r\n\r\n\r\n\r\n<ul class=\"wp-block-list\">\r\n<li>9-10 I Do Mielca przyby\u0142 Jefrey Pino \u2013 prezes Sikorsky Aircraft Corporation. Spotka\u0142 si\u0119 z w\u0142adzami samorz\u0105dowymi Mielca oraz zarz\u0105dem i pracownikami Polskich Zak\u0142ad\u00f3w Lotniczych.<\/li>\r\n\r\n\r\n\r\n<li>14 I W czasie XV Fina\u0142u Wielkiej Orkiestry \u015awi\u0105tecznej Pomocy w Mielcu zebrano oko\u0142o 86 tysi\u0119cy z\u0142otych.<\/li>\r\n\r\n\r\n\r\n<li>18 I W Galerii Porczy\u0144skich w Warszawie Zbys\u0142aw Szwaj \u2013 prezes Leopard Automobil Mielec \u2013 otrzyma\u0142 z\u0142oty medal Akademii Polskiego Biznesu, przyznawany przez Polski Klub Biznesu.<\/li>\r\n\r\n\r\n\r\n<li>18-19 I Najwi\u0119ksza od oko\u0142o 20 lat wichura szalej\u0105ca nad terenie Polski spowodowa\u0142a wiele szk\u00f3d na terenie Mielca i okolic.<\/li>\r\n\r\n\r\n\r\n<li>9 I Prezydent Mielca Janusz Chodorowski zosta\u0142 laureatem nagrody \u201eUskrzydlony 2006\u201d w kategorii \u201esamorz\u0105d lokalny\u201d. Nagrod\u0119 przyzna\u0142a kapitu\u0142a Tarnowskiej Fundacji Kultury.<\/li>\r\n\r\n\r\n\r\n<li>29 I W ko\u015bciele MBNP odby\u0142 si\u0119 koncert kol\u0119d w wykonaniu Haliny Fr\u0105ckowiak, Alicji Majewskiej i Zygmunta Wodeckiego (\u015bpiew) oraz W\u0142odzimierza Korcza (akompaniament).<\/li>\r\n\r\n\r\n\r\n<li>I Zarz\u0105d RSM Rolmlecz w Radomiu podj\u0105\u0142 decyzj\u0119 o zamkni\u0119ciu produkcji podleg\u0142ej Mieleckiej Sp\u00f3\u0142dzielni Mleczarskiej.<\/li>\r\n\r\n\r\n\r\n<li>4 II Z inicjatywy mieleckiej Szko\u0142y Ta\u0144ca \u201eElida\u201d w hali sportowo-widowiskowej odby\u0142 si\u0119 VI Og\u00f3lnopolski Turniej Ta\u0144ca Towarzyskiego o Puchar Prezydenta Mielca. Zaprezentowa\u0142o si\u0119 257 par.<\/li>\r\n\r\n\r\n\r\n<li>II Lukas Bank otworzy\u0142 plac\u00f3wk\u0119 w budynku przy ul. A. Mickiewicza 8.<\/li>\r\n\r\n\r\n\r\n<li>16-18 II W czasie Halowych Mistrzostw Polski w Lekkoatletyce w Spale zawodnik LKS Mielec Jakub Gi\u017ca zdoby\u0142 z\u0142oty medal w pchni\u0119ciu kul\u0105 (19,82 m).<\/li>\r\n\r\n\r\n\r\n<li>18 II W sali widowiskowej SCK odby\u0142y si\u0119 wybory Miss Mielca 2007. Zosta\u0142a ni\u0105 Larysa Zieli\u0144ska.<\/li>\r\n\r\n\r\n\r\n<li>20 II Laureatami og\u00f3lnopolskiego I Konkursu Inicjatyw Bezpieczne Drogi zostali m.in. Automobilklub Mielecki i Zesp\u00f3\u0142 Szk\u00f3\u0142 Specjalnych im. J. Korczaka w Mielcu. Uroczysto\u015b\u0107 wr\u0119czenia Z\u0142otych Tarcz Bezpiecze\u0144stwa i nagr\u00f3d finansowych odby\u0142a si\u0119 w Zamku Kr\u00f3lewskim w Warszawie.<\/li>\r\n\r\n\r\n\r\n<li>5 III Na zaproszenie prezydenta Mielca Janusza Chodorowskiego go\u015bcili w Mielcu samorz\u0105dowcy z D\u0119bicy. Tematem spotkania by\u0142o rozwini\u0119cie wsp\u00f3\u0142pracy obu miast.<\/li>\r\n\r\n\r\n\r\n<li>5 III Starostwo Powiatowe w Mielcu otrzyma\u0142o Certyfikat Systemu Jako\u015bci ISO 9001:2000.<\/li>\r\n\r\n\r\n\r\n<li>8-9 III W czasie zjazdu Zwi\u0105zku Miast Polskich w Poznaniu Zdzis\u0142aw Nowakowski \u2013 przewodnicz\u0105cy Rady Miejskiej w Mielcu \u2013 zosta\u0142 wybrany do w\u0142adz Zwi\u0105zku.<\/li>\r\n\r\n\r\n\r\n<li>15-17 III W Sali Kr\u00f3lewskiej PSM I i II st. oraz w salach SCK odby\u0142 si\u0119 VI Mi\u0119dzynarodowy Festiwal Instrument\u00f3w D\u0119tych Blaszanych Mielec-2007.<\/li>\r\n\r\n\r\n\r\n<li>16 III Sikorsky Aircraft Corporation zakupi\u0142 od rz\u0105du polskiego Polskie Zak\u0142ady Lotnicze w Mielcu.<\/li>\r\n\r\n\r\n\r\n<li>28 III Gmina Miejska Mielec zaj\u0119\u0142a pierwsze miejsce w wojew\u00f3dztwie podkarpackim w rankingu \u201eEuropejska gmina, europejskie miasto\u201d, kt\u00f3rego przedmiotem jest wykorzystywanie \u015brodk\u00f3w z Unii Europejskiej. Ranking zorganizowali: Ministerstwo Rozwoju Regionalnego, \u201eGazeta Prawna\u201d i Bank Gospodarstwa Krajowego.<\/li>\r\n\r\n\r\n\r\n<li>III S\u0105d Rejonowy w Mielcu uniewinni\u0142 by\u0142ego prezesa WSK \u201ePZL-Mielec\u201d Wies\u0142awa Pastu\u0142\u0119, dyrektora operacyjnego WSK Bogdana Biernackiego i przedstawiciela firmy Grand Limited w sprawie dotycz\u0105cej przew\u0142aszczenia udzia\u0142\u00f3w WSK \u201ePZL-Mielec\u201d w sp\u00f3\u0142ce \u201eCargo\u201d (zarz\u0105dzaj\u0105cej lotniskiem w Mielcu) na rzecz firmy Grand Limited.<\/li>\r\n\r\n\r\n\r\n<li>13 IV W bazylice \u015bw. Mateusza i przy \u015acianie Katy\u0144skiej odby\u0142a si\u0119 uroczysto\u015b\u0107 ods\u0142oni\u0119cia i po\u015bwi\u0119cenia 8. kolejnych tablic z nazwiskami mielczan zamordowanych przez NKWD.<\/li>\r\n\r\n\r\n\r\n<li>16 IV W siedzibie firmy Panasonic Polska w Warszawie zesp\u00f3\u0142 uczni\u00f3w z Gimnazjum nr 3 w Mielcu odebra\u0142 I nagrod\u0119 w polskiej edycji mi\u0119dzynarodowego konkursu Kid Witness News (autorskiego programu Panasonic) za film \u201eWiara czyni cuda\u201d o niepe\u0142nosprawnym fizycznie gimnazjali\u015bcie z Mielca. Film reprezentowa\u0142 Polsk\u0119 w finale europejskim.<\/li>\r\n\r\n\r\n\r\n<li>19 IV W Mielcu go\u015bci\u0142 z robocz\u0105 wizyt\u0105 ambasador USA w Polsce Victor Ashe. Spotka\u0142 si\u0119 z samorz\u0105dowymi w\u0142adzami miasta oraz zwiedzi\u0142 Polskie Zak\u0142ady Lotnicze i obejrza\u0142 pokazy w wykonaniu samolot\u00f3w wyprodukowanych w Mielcu.<\/li>\r\n\r\n\r\n\r\n<li>19 IV W czasie uroczysto\u015bci 70-lecia szkolnictwa ekonomicznego w Mielcu Zesp\u00f3\u0142 Szk\u00f3\u0142 Ekonomicznych otrzyma\u0142 imi\u0119 b\u0142. Ksi\u0119dza Romana Sitki i sztandar.<\/li>\r\n\r\n\r\n\r\n<li>25-26 IV W SCK zorganizowano \u201eDni Kultury Chi\u0144skiej\u201d, a w ich programie m.in. wystaw\u0119 porcelany chi\u0144skiej (15 IV \u2013 15 V) i ceremoni\u0119 parzenia herbaty.<\/li>\r\n\r\n\r\n\r\n<li>27 IV Na wzg\u00f3rzu przy ul. Traugutta w D\u0119bicy samorz\u0105dy D\u0119bicy i Mielca podpisa\u0142y umow\u0119 intencyjn\u0105 o wsp\u00f3\u0142pracy.<\/li>\r\n\r\n\r\n\r\n<li>27 IV W ko\u015bciele Matki Bo\u017cej Nieustaj\u0105cej Pomocy i w Domu Kultury SCK rozpocz\u0119to obchody \u201eStulecia skautingu i harcerstwa w Mielcu 1911-2011\u201d.<\/li>\r\n\r\n\r\n\r\n<li>IV W Mi\u0119dzynarodowych Targach Rzemie\u015blniczych w Monachium eksponowano m.in. najnowsze modele w\u00f3zk\u00f3w akumulatorowych mieleckiej firmy \u201eMelex\u201d.<\/li>\r\n\r\n\r\n\r\n<li>5 V W inauguracji obchod\u00f3w 70-lecia COP, zorganizowanej w Sandomierzu, uczestniczy\u0142a kilkunastoosobowa delegacja Mielca.<\/li>\r\n\r\n\r\n\r\n<li>12-13 V W Mielcu go\u015bci\u0142a delegacja partnerskiego miasta Tiszaf\u0151ldvar z W\u0119gier.<\/li>\r\n\r\n\r\n\r\n<li>12-13 V W rozgrywkach ekstraklasy pi\u0142ki r\u0119cznej m\u0119\u017cczyzn w sezonie 2006\/2007 SPR BRW \u201eStal\u201d Mielec zaj\u0119\u0142a 11. miejsce i zosta\u0142a zdegradowana do I ligi.<\/li>\r\n\r\n\r\n\r\n<li>18-20 V W SCK zorganizowano I Festiwal Ta\u0144ca Wsp\u00f3\u0142czesnego. Fina\u0142em Festiwalu by\u0142 spektakl w wykonaniu Polskiego Teatru Ta\u0144ca w Poznaniu.<\/li>\r\n\r\n\r\n\r\n<li>20 V W ramach wsp\u00f3\u0142pracy mielecko-d\u0119bickiej na scenie Domu Kultury SCK wystawiono operetk\u0119 \u201eNowy Don Kiszot czyli sto szale\u0144stw\u201d A. Fredry i S. Moniuszki, w wykonaniu d\u0119bickich i mieleckich zespo\u0142\u00f3w pod batut\u0105 d\u0119biczanina Paw\u0142a Adamka.<\/li>\r\n\r\n\r\n\r\n<li>21 V Lekarze ze Szpitala Powiatowego w Mielcu przy\u0142\u0105czyli si\u0119 do og\u00f3lnopolskiego bezterminowego strajku lekarzy.<\/li>\r\n\r\n\r\n\r\n<li>23 V Msz\u0105 \u015bw. przed ko\u015bcio\u0142em MBNP, kt\u00f3rej przewodniczy\u0142 biskup tarnowski Wiktor Skworc, zako\u0144czono uroczysto\u015bci 60-lecia parafii Matki Bo\u017cej Nieustaj\u0105cej Pomocy.<\/li>\r\n\r\n\r\n\r\n<li>24 V Laureatami III Og\u00f3lnopolskiego Turnieju Poetyckiego \u201eO Srebrne Pi\u00f3ro Prezydenta Mielca\u201d zostali Marcin Pikula (Stalowa Wola) i Jan St\u0119pie\u0144 (Mielec).<\/li>\r\n\r\n\r\n\r\n<li>V W czasie I Mi\u0119dzynarodowej Wystawy AIR FAIR 2007 w Bydgoszczy specjalne wyr\u00f3\u017cnienie &#8211; statuetk\u0119 za wk\u0142ad w rozw\u00f3j lotnictwa otrzyma\u0142y Polskie Zak\u0142ady Lotnicze w Mielcu.<\/li>\r\n\r\n\r\n\r\n<li>1 VI W czasie uroczysto\u015bci w firmie Kirchhoff prezydent Mielca Janusz Chodorowski uhonorowa\u0142 dr. Jochena Kirchhoffa z Niemiec \u2013 seniora rodu w\u0142a\u015bcicieli firmy Medalem \u201ePrzyjaciel Miasta Mielca\u201d za wszechstronn\u0105 wsp\u00f3\u0142prac\u0119 z mieleckim \u015brodowiskiem.<\/li>\r\n\r\n\r\n\r\n<li>2 VI Zmar\u0142 ks. dr Jan Bia\u0142obok (l. 80) \u2013 d\u0142ugoletni proboszcz parafii Matki Bo\u017cej Nieustaj\u0105cej Pomocy.<\/li>\r\n\r\n\r\n\r\n<li>11 VI W czasie V Mi\u0119dzynarodowych Targ\u00f3w Samolot\u00f3w Lekkich i Ultralekkich w Bydgoszczy Polskie Zak\u0142ady Lotnicze w Mielcu otrzyma\u0142y statuetk\u0119 \u201eZa istotny wk\u0142ad w rozw\u00f3j lotnictwa\u201d.<\/li>\r\n\r\n\r\n\r\n<li>12 VI Urz\u0105d Miejski w Mielcu zaj\u0105\u0142 2. miejsce w rankingu pisma samorz\u0105dowego \u201eWsp\u00f3lnota\u201d na najoszcz\u0119dniejszy urz\u0105d miejski w kraju.<\/li>\r\n\r\n\r\n\r\n<li>15 VI \u201eMielczaninem Roku 2006\u201d w XI Plebiscycie \u201eKorso\u201d zosta\u0142 wybrany Janusz Zakr\u0119cki \u2013 prezes Zarz\u0105du Polskich Zak\u0142ad\u00f3w Lotniczych. Uroczysto\u015b\u0107 og\u0142oszenia wynik\u00f3w i wr\u0119czenia laureatowi \u201eSka\u0142ki Korso\u201d odby\u0142a si\u0119 w Hotelu Polskim.<\/li>\r\n\r\n\r\n\r\n<li>17 VI Na terenach rekreacyjnych MOSiR zorganizowano Charytatywny Festyn Misyjny pod has\u0142em \u201eDotknij serca Afryki\u201d i zbierano \u015brodki finansowe na rzecz Stowarzyszenia Misji Afryka\u0144skich.<\/li>\r\n\r\n\r\n\r\n<li>21 VI \u201eIX Symfonia d-moll\u201d Ludwiga van Beethovena zainaugurowa\u0142a X MFM Mielec 2007 w ko\u015bciele MBNP. Wykonali j\u0105: Katarzyna Wiwer (sopran), Katarzyna Suska (mezzosopran), Pawe\u0142 Sko\u0142uba (tenor) i Piotr Nowacki (bas) oraz Orkiestra Symfoniczna Filharmonii Rzeszowskiej i Ch\u00f3r Polskiego Radia w Krakowie pod dyr. Marka Pijarowskiego.<\/li>\r\n\r\n\r\n\r\n<li>24 VI Miss Mielca 2007 Larysa Zieli\u0144ska zosta\u0142a wybrana I wicemiss Polonia Podkarpacie w czasie wybor\u00f3w w Stalowej Woli i zakwalifikowa\u0142a si\u0119 do eliminacji Miss Polonia.<\/li>\r\n\r\n\r\n\r\n<li>26 VI Wykonawcami \u201eNiemen \u2013 Wspomnienie\u201d &#8211; 2. koncertu X MFM Mielec 2007, kt\u00f3ry odby\u0142 si\u0119 w sali widowiskowej Domu Kultury SCK, byli Marek Ba\u0142ata (\u015bpiew), El\u017cbieta Towarnicka (\u015bpiew), Sekcja Jazzowa, Orkiestra Akademii Beethovenowskiej w Krakowie, Ch\u00f3r Nauczycielski \u201eAkord\u201d ZNP i SCK w Mielcu oraz Ch\u00f3r M\u0142odzie\u017cowy I LO im. S. Konarskiego w Mielcu. Dyrygowa\u0142 Tomasz \u0141askarzewski, a zapowiada\u0142 Pawe\u0142 Brodowski. Go\u015bciem honorowym by\u0142a Ma\u0142gorzata Niemen.<\/li>\r\n\r\n\r\n\r\n<li>29 VI Koncertem nr 3 X MFM Mielec 2007 by\u0142 recital Hanny Banaszak w sali widowiskowej Domu Kultury SCK.<\/li>\r\n\r\n\r\n\r\n<li>2 VII PKS Connex w Mielcu zosta\u0142 w\u0142\u0105czony w sk\u0142ad Veolia Transport Podkarpacie z siedzib\u0105 w S\u0119dziszowie.<\/li>\r\n\r\n\r\n\r\n<li>7 VII Na terenie parku przy Bibliotece SCK mieleckie Stowarzyszenie Kulturalne j\u2019ARTe zorganizowa\u0142o drug\u0105 edycj\u0119 imprezy plenerowej M4 \u2013 Moje Miasto, Moje Miejsce.<\/li>\r\n\r\n\r\n\r\n<li>12 VII W czasie M\u0142odzie\u017cowych Mistrzostw Europy w Lekkoatletyce w Debreczynie (W\u0119gry) reprezentant Polski Jakub Gi\u017ca (LKS Mielec) zdoby\u0142 z\u0142oty medal w pchni\u0119ciu kul\u0105 (19,87 m).<\/li>\r\n\r\n\r\n\r\n<li>13 VII Juniorzy starsi FKS Stal Mielec zdobyli wicemistrzostwo Polski w czasie turnieju fina\u0142owego rozegranego w Toruniu i Nieszawie.<\/li>\r\n\r\n\r\n\r\n<li>14 VII Juniorzy m\u0142odsi FKS Stal Mielec zdobyli tytu\u0142 mistrza Polski w swojej kategorii wiekowej w czasie turnieju fina\u0142owego rozegranego w Siemiatyczach i Mielniku.<\/li>\r\n\r\n\r\n\r\n<li>21-22 VII W zamku w Przec\u0142awiu i na alei Niepodleg\u0142o\u015bci w Mielcu oby\u0142y si\u0119 uroczysto\u015bci 50-lecia rozpocz\u0119cia produkcji mikrosamochodu Mikrus. Wzi\u0119\u0142o w nich udzia\u0142 kilkana\u015bcie sprawnych egzemplarzy tego pojazdu.<\/li>\r\n\r\n\r\n\r\n<li>22 VII Na mieleckim lotnisku odby\u0142 si\u0119 Piknik Lotniczy Mielec-2007, a w jego programie m.in. pokazy lotnicze, desant spadochroniarzy, wystawa samolot\u00f3w, popisy kaskaderskie na motocyklach i pokaz przestrzennych laser\u00f3w \u015bwietlnych.<\/li>\r\n\r\n\r\n\r\n<li>?VII Startuj\u0105cy w reprezentacji Polski Edward Burek (Mieleckie Stowarzyszenie Modelarzy Lotniczych) wywalczy\u0142 dru\u017cynowe wicemistrzostwo \u015bwiata w klasie F1C na Mistrzostwach \u015awiata Modeli Swobodnie Lataj\u0105cych w Odessie (Ukraina).<\/li>\r\n\r\n\r\n\r\n<li>6 VIII Po zawarciu kompromisowego porozumienia pomi\u0119dzy dyrekcj\u0105 Szpitala Powiatowego i lekarzami \u2013 lekarze zawiesili protest, ale podtrzymali wypowiedzenie z pracy z dniem 1 X 2007 r.<\/li>\r\n\r\n\r\n\r\n<li>15 VIII Proboszcz parafii Ducha \u015awi\u0119tego ks. W\u0142adys\u0142aw Marcinowski przeszed\u0142 na emerytur\u0119.<\/li>\r\n\r\n\r\n\r\n<li>19 VIII Proboszczem parafii Ducha \u015awi\u0119tego zosta\u0142 mianowany ks. Waldemar Ciosek.<\/li>\r\n\r\n\r\n\r\n<li>18-19 VIII Na terenach zielonych MOSiR odby\u0142 si\u0119 \u201eWestern Piknik\u201d.<\/li>\r\n\r\n\r\n\r\n<li>22 VIII Reprezentuj\u0105cy Polsk\u0119 zawodnik Aeroklubu Mieleckiego Karol Staryszak zdoby\u0142 tytu\u0142 wicemistrza Europy w klasie 15 m w czasie Szybowcowych Mistrzostw Europy w Issoudun (Francja).<\/li>\r\n\r\n\r\n\r\n<li>25-26 VIII Na terenach zielonych MOSiR odby\u0142y si\u0119 \u201eDni Mielca-2007\u201d. G\u0142\u00f3wnymi atrakcjami by\u0142y wyst\u0119py zespo\u0142\u00f3w muzycznych: \u201eR\u00f3\u017ce Europy\u201d, \u201eHey\u201d, \u201eTercet Egzotyczny\u201d i \u201eMaanam\u201d oraz kabaretu \u201eKo\u0144 Polski\u201d.<\/li>\r\n\r\n\r\n\r\n<li>28 VIII W sali widowiskowej Domu Kultury SCK odby\u0142 si\u0119 koncert nr 6 X MFM Mielec 2007 pod tytu\u0142em \u201eRodzynki z migda\u0142ami czyli Leopold Koz\u0142owski i jego go\u015bcie\u201d. Wyst\u0105pili: L. Koz\u0142owski (fortepian), Halina Jarczyk (skrzypce), Katarzyna Jamr\u00f3z (\u015bpiew) Katarzyna Zieli\u0144ska (\u015bpiew), Renata \u015awierczy\u0144ska (\u015bpiew) i Andrzej R\u00f3g (\u015bpiew). Prowadzi\u0142 i \u015bpiewa\u0142 Jacek Cygan.<\/li>\r\n\r\n\r\n\r\n<li>30 VIII W koncercie nr 7 X MFM Mielec 2007 w ko\u015bciele MBNP wyst\u0105pi\u0142 ch\u00f3r Zespo\u0142u Pie\u015bni i Ta\u0144ca \u201e\u015al\u0105sk\u201d z \u201eRequiem\u201d Josepha Gosseca.<\/li>\r\n\r\n\r\n\r\n<li>3 IX W budynku Szko\u0142y Podstawowej nr 2 przy ul. T. Ko\u015bciuszki 4 rozpocz\u0119\u0142o dzia\u0142alno\u015b\u0107 Niepubliczne Gimnazjum \u2013 pierwsza tego rodzaju plac\u00f3wka o\u015bwiatowa w Mielcu.<\/li>\r\n\r\n\r\n\r\n<li>3 IX Tematem koncertu nr 8 \u2013 fina\u0142u X MFM Mielec 2007 w ko\u015bciele MBNP by\u0142a tw\u00f3rczo\u015b\u0107 Georga Friedricha Haendla: \u201eMuzyka na wodzie\u201d, \u201eMuzyka ogni sztucznych\u201d i \u201eKoncert B-dur na organy i orkiestr\u0119\u201d. Wykonawcami byli: Wac\u0142aw Golonka (organy), \u015al\u0105ska Orkiestra Kameralna i Sekcja D\u0119ta Krakowskiej Orkiestry Radiowej. Dyrygowa\u0142 Bernard Steiner (Niemcy).<\/li>\r\n\r\n\r\n\r\n<li>8 IX Na mieleckim lotnisku zaprezentowano po raz pierwszy \u015bmig\u0142owiec Black Hawk UH-60M wyprodukowany przez koncern Sikorsky AC \u2013 nowego w\u0142a\u015bciciela Polskich Zak\u0142ad\u00f3w Lotniczych w Mielcu.<\/li>\r\n\r\n\r\n\r\n<li>14 IX Miejski Zarz\u0105d Budynk\u00f3w Mieszkalnych obchodzi\u0142 jubileusz 50-lecia dzia\u0142alno\u015bci.<\/li>\r\n\r\n\r\n\r\n<li>15 IX W finale Miss Polonia 2007 w Warszawie wyst\u0105pi\u0142a Larysa Zieli\u0144ska \u2013 miss Mielca 2007 i wicemiss Podkarpacia 2007.<\/li>\r\n\r\n\r\n\r\n<li>15 IX W og\u0142oszonym przez dziennik \u201ePuls Biznesu\u201d raporcie SSE EURO-PARK MIELEC zosta\u0142a uznana przez inwestor\u00f3w za najlepsz\u0105 SSE w Polsce.<\/li>\r\n\r\n\r\n\r\n<li>23 IX W sali widowiskowej SCK odby\u0142 si\u0119 koncert z okazji 550. rocznicy wydania pozwolenia kr\u00f3la Kazimierza Jagiello\u0144czyka na za\u0142o\u017cenie miasta Mielca. Wyst\u0105pili: Big-band SCK, Volkmar Studtrucker, Artur Jaro\u0144 i Orkiestra Filharmonii \u015awi\u0119tokrzyskiej.<\/li>\r\n\r\n\r\n\r\n<li>26 IX Mielecka Filia Pedagogicznej Biblioteki Wojew\u00f3dzkiej w Rzeszowie obchodzi\u0142a 60-lecie dzia\u0142alno\u015bci.<\/li>\r\n\r\n\r\n\r\n<li>27 IX W czasie uroczysto\u015bci w KCEM \u201eKana\u201d mieleckie Nagrody Kulturalno-Charytatywne \u201eAlbertus\u201d-2007 otrzymali: ks. Stanis\u0142aw Jurek \u2013 proboszcz parafii \u015bw. Mateusza, ks. Kazimierz Czesak \u2013 proboszcz parafii Matki Bo\u017cej Nieustaj\u0105cej Pomocy, Stanis\u0142aw Sz\u0119szo\u0142 \u2013 rze\u017abiarz i Jadwiga P\u0119kala \u2013 poetka.<\/li>\r\n\r\n\r\n\r\n<li>29 IX W kaplicy \u015bw. Stanis\u0142awa Kostki, auli WSGiZ oraz budynku Zespo\u0142u Szk\u00f3\u0142 im. J. Groszkowskiego odby\u0142y si\u0119 uroczysto\u015bci 60-lecia powstania Liceum Pedagogicznego. Wzi\u0119\u0142o w nich udzia\u0142 ponad 400 absolwent\u00f3w z r\u00f3\u017cnych stron Polski i zagranicy, kilka os\u00f3b z grona profesorskiego, parlamentarzy\u015bci oraz przedstawiciele w\u0142adz miasta i powiatu.<\/li>\r\n\r\n\r\n\r\n<li>1 X W zwi\u0105zku z brakiem porozumienia lekarzy z dyrekcj\u0105 szpitala \u2013 69 lekarzy, kt\u00f3rzy z\u0142o\u017cyli wypowiedzenia przed trzema miesi\u0105cami, nie przysz\u0142o do pracy. Oko\u0142o 30 innych wzi\u0119\u0142o zwolnienia lekarskie. W zwi\u0105zku z zaistnia\u0142\u0105 sytuacj\u0105 rozpocz\u0119to ewakuacj\u0119 pacjent\u00f3w do innych szpitali w wojew\u00f3dztwie podkarpackim.<\/li>\r\n\r\n\r\n\r\n<li>3-7 X W tradycyjnym \u015bwi\u0119cie niemieckim \u201eOktoberfest\u201d w L\u0151hne wzi\u0119\u0142a udzia\u0142 delegacja Mielca, promuj\u0105c mieleckie osi\u0105gni\u0119cia i wyroby na okoliczno\u015bciowej wystawie.<\/li>\r\n\r\n\r\n\r\n<li>5 X Msz\u0105 \u015bw. w kaplicy \u015bw. Stanis\u0142awa Kostki i wyk\u0142adem w auli WSGiZ zainaugurowano dzia\u0142alno\u015b\u0107 Mieleckiego Uniwersytetu Trzeciego Wieku.<\/li>\r\n\r\n\r\n\r\n<li>X Przy mieleckich Tablicach Katy\u0144skich odby\u0142a si\u0119 uroczysto\u015b\u0107 ods\u0142oni\u0119cia kopii Krzy\u017ca Katy\u0144skiego i p\u0142yty, pod kt\u00f3r\u0105 umieszczono urn\u0119 z ziemi\u0105 przywiezion\u0105 z Katynia, Miednoje, Charkowa, Bykowni, Kozielska, Starobielska i Ostaszkowa.<\/li>\r\n\r\n\r\n\r\n<li>9-13 X Odby\u0142y si\u0119 uroczysto\u015bci 50-lecia Szko\u0142y Podstawowej nr 3 im. Wojska Polskiego.<\/li>\r\n\r\n\r\n\r\n<li>10 X W Muzeum Regionalnym (Pa\u0142acyku Oborskich) otwarto wystaw\u0119 \u201eTrzy powstania narodowe\u201d.<\/li>\r\n\r\n\r\n\r\n<li>12 X Obok siedziby O\u015brodka Diagnostyki Chor\u00f3b Nowotworowych przy ul. Cz. Ta\u0144skiego uroczy\u015bcie oddano do u\u017cytku nowy mammobus Fundacji \u201eSOS \u017bycie\u201c.<\/li>\r\n\r\n\r\n\r\n<li>19 X W sali konferencyjnej CWP SCK odby\u0142a si\u0119 uroczysto\u015b\u0107 40-lecia dzia\u0142alno\u015bci Poradni Psychologiczno-Pedagogicznej w Mielcu.<\/li>\r\n\r\n\r\n\r\n<li>19-20 X W XI Og\u00f3lnopolskim Festiwalu Pie\u015bni Religijnej \u201eCantate Deo\u201d w Rzeszowie dominowa\u0142y mieleckie ch\u00f3ry. I i III miejsce w kategorii ch\u00f3r\u00f3w mieszanych zdoby\u0142y \u201eAkord\u201d (nauczycielski, dyrygent \u2013 Pawe\u0142 Lis) i \u201eMelodia\u201d (dyr. Aleksandra Niezgoda), a w kategorii ch\u00f3r\u00f3w szkolnych II i III miejsce ch\u00f3ry II LO (dyr. Antoni Sta\u0144czyk) i I LO (dyr. Pawe\u0142 Lis).<\/li>\r\n\r\n\r\n\r\n<li>21 X W wyborach parlamentarnych do Sejmu wybrano troje mielczan \u2013 Krystyn\u0119 Skowro\u0144sk\u0105 (Platforma Obywatelska), Krzysztofa Popio\u0142ka (Prawo i Sprawiedliwo\u015b\u0107) i Leszka Deptu\u0142\u0119 (Polskie Stronnictwo Ludowe), a do Senatu \u2013 W\u0142adys\u0142awa Ortyla (Prawo i Sprawiedliwo\u015b\u0107).<\/li>\r\n\r\n\r\n\r\n<li>21 X W hali sportowo-widowiskowej MOSiR wyst\u0105pi\u0142 legendarny rosyjski Ch\u00f3r Aleksandrowa.<\/li>\r\n\r\n\r\n\r\n<li>X Po ponownym zatrudnieniu lekarzy w Szpitalu Powiatowym trwa\u0142 proces rozruchu wygaszonych oddzia\u0142\u00f3w.<\/li>\r\n\r\n\r\n\r\n<li>X ING Bank \u015al\u0105ski uruchomi\u0142 Oddzia\u0142 przy al. Niepodleg\u0142o\u015bci 12.<\/li>\r\n\r\n\r\n\r\n<li>25 X Rada Miejska nada\u0142a nowym ulicom na osiedlu Smoczka patron\u00f3w: Eugeniusza Kahla, ks. Boles\u0142awa Gwo\u017adziowskiego i Franciszka \u015aliwy.<\/li>\r\n\r\n\r\n\r\n<li>25 X Polskie Zak\u0142ady Lotnicze w Mielcu podpisa\u0142y umow\u0119 na wyprodukowanie 15 samolot\u00f3w rolniczo-ga\u015bniczych M-18 Dromader dla Chin.<\/li>\r\n\r\n\r\n\r\n<li>25 X W rankingu dziennika \u201eRzeczpospolita\u201d Szpital Powiatowy w Mielcu zosta\u0142 sklasyfikowany na 22. miejscu w Polsce, najwy\u017cej w woj. podkarpackim.<\/li>\r\n\r\n\r\n\r\n<li>22-23 XI W VI Przegl\u0105dzie Dzieci\u0119cych i M\u0142odzie\u017cowych Zespo\u0142\u00f3w Tamecznych \u201ePasikonik\u201d, zorganizowanym w SCK, uczestniczy\u0142y 103 zespo\u0142y.<\/li>\r\n\r\n\r\n\r\n<li>29 XI Rada Miejska nada\u0142a nowej ulicy \u2013 bocznej ul. kard. Stefana Wyszy\u0144skiego na osiedlu Smoczka \u2013 patronat Matki Teresy.<\/li>\r\n\r\n\r\n\r\n<li>30 XI Otwarto dla ruchu pieszego nowo zbudowan\u0105 metalow\u0105 k\u0142adk\u0119 przez rzek\u0119 Wis\u0142ok\u0119 w rejonie ulicy Rzecznej.<\/li>\r\n\r\n\r\n\r\n<li>20 XII Rada Miejska przyj\u0119\u0142a \u201eStrategi\u0119 rozwoju spo\u0142eczno-gospodarczego miasta Mielca na lata 2007-2015 z prognoz\u0105 do roku 2020\u201d.<\/li>\r\n\r\n\r\n\r\n<li>20 XII Rada Miejska nada\u0142a nowej ulicy na osiedlu Smoczka \u2013 bocznej ul. J. Iwaszkiewicza \u2013 patronat Stanis\u0142awa Kryczy\u0144skiego oraz nowej ulicy na osiedlu Wojs\u0142aw \u2013 bocznej ul. Wojs\u0142awskiej \u2013 patronat Franciszka Saramy.<\/li>\r\n\r\n\r\n\r\n<li>10 XII W sali widowiskowej SCK wyst\u0105pi\u0142 kwartet jazzowy: Zbigniew Jakubek, Marek Raduli, Krzysztof \u015aciera\u0144ski i Tomasz Nosal.<\/li>\r\n\r\n\r\n\r\n<li>28 XII Wygas\u0142a koncesja Radia Puls FM w Mielcu.<\/li>\r\n<\/ul>\r\n\r\n\r\n\r\n<p><br \/><strong>2008<\/strong><\/p>\r\n\r\n\r\n\r\n<ul class=\"wp-block-list\">\r\n<li>1 I Pokazem sztucznych ogni nad placem AK powitano Nowy Rok 2008.<\/li>\r\n\r\n\r\n\r\n<li>13 I W czasie XVI Fina\u0142u Wielkiej Orkiestry \u015awi\u0105tecznej Pomocy w Mielcu zebrano ponad 80 tysi\u0119cy z\u0142otych.<\/li>\r\n\r\n\r\n\r\n<li>20 I Zmar\u0142 ks. pra\u0142at W\u0142adys\u0142aw Marcinowski (l. 66) \u2013 za\u0142o\u017cyciel i organizator parafii Ducha \u015awi\u0119tego oraz budowniczy ko\u015bcio\u0142a parafialnego i zespo\u0142u obiekt\u00f3w parafialnych przy ul. M. Pisarka.<\/li>\r\n\r\n\r\n\r\n<li>24 I S\u0105d Rejonowy w Tarnobrzegu og\u0142osi\u0142 upad\u0142o\u015b\u0107 Wytw\u00f3rni Silnik\u00f3w \u201ePZL-Mielec\u201d.<\/li>\r\n\r\n\r\n\r\n<li>25 I Zako\u0144czy\u0142o dzia\u0142alno\u015b\u0107 mieleckie Radio Puls FM.<\/li>\r\n\r\n\r\n\r\n<li>29 I W sali widowiskowej SCK odby\u0142 si\u0119 koncert, w kt\u00f3rym wyst\u0105pili: Lindsay Davidson (dudziarz), Ryszard Haba (instrumenty perkusyjne) i Cracow Brass Quintet.<\/li>\r\n\r\n\r\n\r\n<li>I W Szpitalu Powiatowym w Mielcu rozpocz\u0105\u0142 dzia\u0142alno\u015b\u0107 Oddzia\u0142 Neurochirurgiczny. Jego ordynatorem zosta\u0142 Wac\u0142aw Pokrywka.<\/li>\r\n\r\n\r\n\r\n<li>3 II Miss Mielca 2008 zosta\u0142a Patrycja Cyganowska. Gala odby\u0142a si\u0119 w sali widowiskowej SCK.<\/li>\r\n\r\n\r\n\r\n<li>14 II W Muzeum Regionalnym otwarto wystaw\u0119 tw\u00f3rczo\u015bci W\u0142adys\u0142awa \u017burawskiego (1888-1963) \u2013 uznanego artysty-malarza i grafika zwi\u0105zanego z Mielcem.<\/li>\r\n\r\n\r\n\r\n<li>15 II Bank Gospodarki \u017bywno\u015bciowej uruchomi\u0142 Oddzia\u0142 w Mielcu przy ul. Obro\u0144c\u00f3w Pokoju 3.<\/li>\r\n\r\n\r\n\r\n<li>17 II W hali sportowo-widowiskowej MOSiR odby\u0142 si\u0119 V Og\u00f3lnopolski Turniej Ta\u0144ca Towarzyskiego o Nagrod\u0119 Prezydenta Mielca. W rywalizacji uczestniczy\u0142o oko\u0142o 250 par z 41 klub\u00f3w.<\/li>\r\n\r\n\r\n\r\n<li>II Rektorem Wy\u017cszego Seminarium Duchownego w Tarnowie zosta\u0142 ks. dr Jacek Nowak \u2013 urodzony w Tuszowie Narodowym, absolwent I LO im. S. Konarskiego w Mielcu.<\/li>\r\n\r\n\r\n\r\n<li>5 III Po podniesieniu pensji piel\u0119gniarkom o 108 z\u0142 (miesi\u0119cznie) zako\u0144czy\u0142 si\u0119 sp\u00f3r WZZ Sierpie\u0144 80 z dyrekcj\u0105 Szpitala Powiatowego.<\/li>\r\n\r\n\r\n\r\n<li>12 III Gmina Mielec zosta\u0142a laureatem rankingu \u201eEuropejskie Miasto \u2013 Europejska Gmina\u201d w rankingu \u201eGazety Prawnej\u201d i Ministerstwa Rozwoju Regionalnego. Wr\u0119czenie wyr\u00f3\u017cnie\u0144 odby\u0142o si\u0119 w Lublinie.<\/li>\r\n\r\n\r\n\r\n<li>14 III W ko\u015bciele MBNP grupa teatralna II LO i ch\u00f3r parafialny przedstawi\u0142y Misterium M\u0119ki Pa\u0144skiej w re\u017cyserii ks. Pio-tra Adamczyka. Spektakl powt\u00f3rzono 16 III.<\/li>\r\n\r\n\r\n\r\n<li>16 III W mieleckiej hali sportowo-widowiskowej odby\u0142 si\u0119 fina\u0142owy mecz o Puchar Polski w pi\u0142ce r\u0119cznej m\u0119\u017cczyzn, w kt\u00f3rym \u201eWis\u0142a\u201d P\u0142ock pokona\u0142a \u201eVive\u201d Kielce 33:29 (14:14).<\/li>\r\n\r\n\r\n\r\n<li>8 IV Powsta\u0142o ugrupowanie Ruch M\u0142odego Pokolenia.<\/li>\r\n\r\n\r\n\r\n<li>24 IV Nominowane do God\u0142a Promocyjnego \u201eTeraz Polska\u201d miasta, w tym Mielec, prezentowa\u0142y si\u0119 na stoiskach promocyjnych w Pa\u0142acu Kultury i Nauki w Warszawie.<\/li>\r\n\r\n\r\n\r\n<li>27 IV W hali sportowo-widowiskowej MOSiR odby\u0142 si\u0119 IV Og\u00f3lnopolski Turniej Ta\u0144ca Towarzyskiego Mielec-2008.<\/li>\r\n\r\n\r\n\r\n<li>29 IV Rada Miejska nada\u0142a ulicom na terenie lotniska nazwy Lotniskowa i COP-u.<\/li>\r\n\r\n\r\n\r\n<li>3 V Pi\u0142karze r\u0119czni \u201eStali\u201d Mielec zdobyli w sezonie 2007\/2008 1. miejsce w I lidze i awansowali do ekstraklasy.<\/li>\r\n\r\n\r\n\r\n<li>8 V Przed \u201e\u015acian\u0105 Pami\u0119ci Narodowej\u201d na placu apelowym Szko\u0142y Podstawowej nr 3 im. Wojska Polskiego odby\u0142a si\u0119 uroczysto\u015b\u0107 z okazji 63. rocznicy zako\u0144czenia II wojny \u015bwiatowej w Europie.<\/li>\r\n\r\n\r\n\r\n<li>9 V W Mielcu przebywa\u0142a delegacja partnerskiego miasta L\u00f6hne (Niemcy).<\/li>\r\n\r\n\r\n\r\n<li>10 V Z okazji 140-lecia zorganizowanej ochrony przeciwpo\u017carowej w Mielcu \u2013 w ko\u015bciele MBNP i na al. Niepodleg\u0142o\u015bci odby\u0142y si\u0119 uroczysto\u015bci po\u015bwi\u0119cenia i przekazania sztandaru Zarz\u0105dowi Powiatowemu Ochotniczych Stra\u017cy Po\u017carnych RP w Mielcu.<\/li>\r\n\r\n\r\n\r\n<li>16-18 V W SCK odby\u0142 si\u0119 II Festiwal Ta\u0144ca Wsp\u00f3\u0142czesnego.<\/li>\r\n\r\n\r\n\r\n<li>21 V Zmar\u0142 Andrzej Tyszkiewicz (l. 62) \u2013 biznesmen, wsp\u00f3\u0142w\u0142a\u015bciciel mieleckiej firmy \u201eMelex\u201d.<\/li>\r\n\r\n\r\n\r\n<li>31 V Dru\u017cyna pi\u0142ki no\u017cnej \u201eStali\u201d Mielec uplasowa\u0142a si\u0119 na 4. miejscu w IV lidze i awansowa\u0142a do III ligi.<\/li>\r\n\r\n\r\n\r\n<li>4 VI W plebiscycie Tygodnika Regionalnego \u201eKorso\u201d Mielczaninem Roku 2007 zosta\u0142 wybrany ks. Kazimierz Czesak \u2013 proboszcz parafii Matki Bo\u017cej Nieustaj\u0105cej Pomocy. Uroczysto\u015b\u0107 wr\u0119czenia symbolicznej \u201eSka\u0142ki Korso\u201d odby\u0142a si\u0119 w Hotelu Polskim.<\/li>\r\n\r\n\r\n\r\n<li>9 VI W czasie uroczystej gali w Teatrze Wielkim w Warszawie Polskie God\u0142o Promocyjne \u201eTeraz Polska\u201d w kategorii firm otrzyma\u0142y dwie mieleckie firmy dzia\u0142aj\u0105ce w SSE: Onduline Production i Zak\u0142ady Gumowe Geyer&amp;Hosaja, a w kategorii gmin miejskich Mielec zosta\u0142 wyr\u00f3\u017cniony nominacj\u0105 do nagrody.<\/li>\r\n\r\n\r\n\r\n<li>16 VI W bazylice mniejszej \u015bw. Mateusza i przy Tablicach Katy\u0144skich zorganizowano uroczysto\u015b\u0107 w zwi\u0105zku z og\u00f3lnopolsk\u0105 akcj\u0105 \u201eKaty\u0144 \u2013 ocali\u0107 od zapomnienia\u201d. Podczas uroczysto\u015bci zasadzono pami\u0105tkowe d\u0119by.<\/li>\r\n\r\n\r\n\r\n<li>17 VI Zmar\u0142 pu\u0142kownik Aleksander Rusin (l. 94) \u2013 dow\u00f3dca oddzia\u0142u partyzanckiego w strukturze ZWZ-AK w czasie II wojny \u015bwiatowej, cz\u0142onek Ko\u0142a \u015awiatowego Zwi\u0105zku \u017bo\u0142nierzy AK w Mielcu.<\/li>\r\n\r\n\r\n\r\n<li>17 VI Pojazd elektryczny \u201eMelex\u201d produkowany przez firm\u0119 Melex A&amp;D Tyszkiewicz w Mielcu zosta\u0142 wybrany \u201eSymbolem Podkarpacia\u201d w plebiscycie rzeszowskiego dziennika \u201eNowiny\u201d.<\/li>\r\n\r\n\r\n\r\n<li>2-26 VI Orkiestra kameralna PSM I i II st. w Mielcu pod dyrekcj\u0105 Ryszarda Kuska uczestniczy\u0142a w Mi\u0119dzynarodowym Festiwalu Muzycznym na W\u0119grzech.<\/li>\r\n\r\n\r\n\r\n<li>24 VI Rada Miejska nada\u0142a nazw\u0119 Mazurska nowej ulicy na osiedlu Cyranka.<\/li>\r\n\r\n\r\n\r\n<li>26 VI Wybrano nowe logo miasta Mielca.<\/li>\r\n\r\n\r\n\r\n<li>30 VI W SSE EUROPARK MIELEC go\u015bci\u0142 wicepremier Waldemar Pawlak.<\/li>\r\n\r\n\r\n\r\n<li>3 VII Na placu AK odby\u0142 si\u0119 inauguracyjny koncert XI MFM Mielec 2008, w kt\u00f3rym wyst\u0105pili: Gwendolyn Bradley (sopran, USA), Jan Wolny (baryton) i Orkiestra Filharmonii Cz\u0119stochowskiej pod dyrekcj\u0105 Janusza Powolnego.<\/li>\r\n\r\n\r\n\r\n<li>7 VII S\u0105d Rejonowy w Tarnobrzegu og\u0142osi\u0142 upad\u0142o\u015b\u0107 dw\u00f3ch mieleckich sp\u00f3\u0142ek dzia\u0142aj\u0105cych na terenie SSE \u2013 Mielec Diesel i CNC \u201ePZL-Mielec\u201d.<\/li>\r\n\r\n\r\n\r\n<li>7 VII W sali widowiskowej Domu Kultury SCK odby\u0142 si\u0119 2. koncert XI MFM Mielec 2008. Jego wykonawcami byli Zen Hu-Gothoni (skrzypce, erhu, Chiny), Jerzy Dyba\u0142 (dyrygent, kontrabas) i Polska Orkiestra Radiowa.<\/li>\r\n\r\n\r\n\r\n<li>30 VII Ukaza\u0142 si\u0119 II tom niniejszej \u201eEncyklopedii miasta Mielca\u201d.<\/li>\r\n\r\n\r\n\r\n<li>4-5 VIII M\u0142odzi mielczanie Iwona Nakoneczna i Marcin \u015awi\u0105tek, wraz z kilkoma osobami z innych miast, zdobyli najwy\u017cszy szczyt Kaukazu i Rosji (5642 m).<\/li>\r\n\r\n\r\n\r\n<li>5 VIII W koncercie nr 3 XI MFM Mielec 2008 w sali widowiskowej Domu Kultury SCK wyst\u0105pi\u0142a z recitalem Anna Maria Jopek.<\/li>\r\n\r\n\r\n\r\n<li>8-24 VIII W Igrzyskach Olimpijskich w Pekinie w lekkoatletycznej reprezentacji Polski startowali m.in. wychowanka LKS Stal Mielec Dorota J\u0119drusi\u0144ska (Dydo) i wychowanek OTG Sok\u00f3\u0142 Mielec \u2013 Rafa\u0142 Augustyn.<\/li>\r\n\r\n\r\n\r\n<li>13-15 VIII W czasie Szybowcowych Mistrzostw \u015awiata na lotnisku Luesse ko\u0142o Berlina reprezentant Polski Karol Staryszak (Aeroklub Mielecki) zdoby\u0142 br\u0105zowy medal w klasie 18 m.<\/li>\r\n\r\n\r\n\r\n<li>15-17 VIII Z inicjatywy OTG \u201eSok\u00f3\u0142\u201d odby\u0142 si\u0119 Rajd Przyja\u017ani Mielec-Lw\u00f3w.<\/li>\r\n\r\n\r\n\r\n<li>15 VIII Proboszcz parafii \u015bw. Mateusza ks. Stanis\u0142aw Jurek przeszed\u0142 na emerytur\u0119, a nowym proboszczem zosta\u0142 mianowany ks. Janusz K\u0142\u0119czek.<\/li>\r\n\r\n\r\n\r\n<li>16-17 VIII Z okazji 70. rocznicy powstania przemys\u0142u lotniczego w Mielcu zorganizowano uroczyst\u0105 akademi\u0119, Msz\u0119 \u015bw., Dzie\u0144 Otwarty w PZL, Rodzinny Piknik Lotniczy, AIR SHOW i koncert zespo\u0142u KOMBI.<\/li>\r\n\r\n\r\n\r\n<li>19 VIII W 4. koncercie w ramach XI MFM Mielec 2008 \u2013 w ko\u015bciele MBNP wyst\u0105pi\u0142 francuski organista Jean Pierre Lecauday.<\/li>\r\n\r\n\r\n\r\n<li>22-30 VIII ZPiT \u201eRzeszowiacy\u201d przebywa\u0142 w Szwajcarii i koncertowa\u0142 w Zurichu (Volkshalle), Solothur i Bernie.<\/li>\r\n\r\n\r\n\r\n<li>25 VIII W ko\u015bciele MBNP odby\u0142 si\u0119 5. koncert w ramach XI MFM Mielec 8. Wyst\u0105pi\u0142 rumu\u0144ski Narodowy Ch\u00f3r \u201eMadrigal\u201d pod dyrekcj\u0105 Marina Constantina.<\/li>\r\n\r\n\r\n\r\n<li>28 VIII Na obszarze B Mieleckiego Parku Przemys\u0142owego w Wojs\u0142awiu rozpocz\u0119\u0142a dzia\u0142alno\u015b\u0107 pierwsza firma \u2013 First Company szyj\u0105ca produkty z dzianin.<\/li>\r\n\r\n\r\n\r\n<li>30-31 VIII Na terenach zielonych MOSiR odby\u0142 si\u0119 Piknik Folk and Country, zorganizowany przez Hotel Polski i AWR \u201eKorso\u201d.<\/li>\r\n\r\n\r\n\r\n<li>31 VIII Na stadionie MOSiR przy ul. Warszawskiej odby\u0142y si\u0119 II Do\u017cynki Powiatu Mieleckiego.<\/li>\r\n\r\n\r\n\r\n<li>1 IX Oddano do u\u017cytku baz\u0119 sportow\u0105 przy Zespole Szk\u00f3\u0142 Og\u00f3lnokszta\u0142c\u0105cych nr 1, w ramach programu \u201eOd przedszkola do matury\u201d.<\/li>\r\n\r\n\r\n\r\n<li>3 IX W sali widowiskowej Domu Kultury SCK odby\u0142 si\u0119 6. koncert w ramach XI MFM Mielec 2008, zatytu\u0142owany \u201eNoc Hiszpa\u0144ska\u201d. Wyst\u0105pili w nim: Miriam Scharoni (sopran), Alina Mleczko (saksofon) i Radiowa Orkiestra Symfoniczna w Krakowie pod dyrekcj\u0105 Harmanna Breuera (Niemcy).<\/li>\r\n\r\n\r\n\r\n<li>5 IX W powt\u00f3rzonym koncercie plenerowym (w czasie Dni Mielca gwa\u0142towny deszcz uniemo\u017cliwi\u0142 przeprowadzenie imprezy) na terenach MOSiR wyst\u0105pi\u0142y zespo\u0142y: \u201eObserwator\u201d z Mielca, The Jet Set i \u201eZakopower\u201d.<\/li>\r\n\r\n\r\n\r\n<li>9 IX Muzyk\u0119 Henryka Miko\u0142aja G\u00f3reckiego w 75. rocznic\u0119 urodzin kompozytora przedstawiono w koncercie fina\u0142owym (nr 7) XI MFM Mielec 2008 w ko\u015bciele MBNP. Wyst\u0105pili: El\u017cbieta Dr\u0105\u017cek-Barcik (sopran) i Andrzej Bia\u0142ko (organy) oraz Ch\u00f3r Polskiego Radia w Krakowie pod dyrekcj\u0105 W\u0142odzimierza Siedlika. Go\u015bciem honorowym by\u0142 H. M. G\u00f3recki, kt\u00f3ry w 2008 r. obchodzi\u0142 75. rocznic\u0119 urodzin.<\/li>\r\n\r\n\r\n\r\n<li>16 IX W wyremontowanym i zmodernizowanym budynku po by\u0142ej szkole w osiedlu Wojs\u0142aw odby\u0142o si\u0119 uroczyste otwarcie nowej siedziby O\u015brodka Rehabilitacyjno-Edukacyjno-Wychowawczego. (Dot\u0105d przez 15 lat mie\u015bci\u0142 si\u0119 w budynku MOPS przy ul. I. \u0141ukasiewicza 1c.)<\/li>\r\n\r\n\r\n\r\n<li>18 IX W Pa\u0142acyku Oborskich odby\u0142y si\u0119 uroczysto\u015bci 30-lecia Muzeum Regionalnego. W ramach uroczysto\u015bci otwarto wystawy retrospektywne w Pa\u0142acyku i sali wystawowej CWP SCK.<\/li>\r\n\r\n\r\n\r\n<li>21 IX W sali widowiskowej Domu Kultury SCK wystawiono oper\u0119 \u201eNabucco\u201d G. Verdiego w polskiej wersji j\u0119zykowej. Wykonanie: zespo\u0142y artystyczne z D\u0119bicy, mielecki ch\u00f3r \u201eMelodia\u201d oraz soli\u015bci z Lublina, Tarnowa i D\u0119bicy. Ca\u0142o\u015bci\u0105 przygotowa\u0144 i realizacji spektaklu kierowa\u0142 Pawe\u0142 Adamek.<\/li>\r\n\r\n\r\n\r\n<li>24 IX Oficjalnie uruchomiono now\u0105 oczyszczalni\u0119 \u015bciek\u00f3w przy ul. J. Kili\u0144skiego.<\/li>\r\n\r\n\r\n\r\n<li>1 X Zainaugurowano rok akademicki w WSGiZ. Nowym rektorem zosta\u0142 doc. dr Wac\u0142aw Nelec.<\/li>\r\n\r\n\r\n\r\n<li>9 X W sali konferencyjnej SCK odby\u0142y si\u0119 uroczysto\u015bci 60-lecia Miejskiej Biblioteki Publicznej SCK.<\/li>\r\n\r\n\r\n\r\n<li>16-17 X W WSGiZ odby\u0142a si\u0119 konferencja naukowa \u201eEfekty polityki sp\u00f3jno\u015bci w polskich regionach\u201d.<\/li>\r\n\r\n\r\n\r\n<li>17 X W czasie uroczysto\u015bci 55-lecia mieleckiego Ko\u0142a Polskiego Towarzystwa Lekarskiego, zorganizowanej w zamku w Przec\u0142awiu, lek. med. Krystyna G\u0142\u0119bocka z Mielca otrzyma\u0142a tytu\u0142 i sygnet \u201eMedicus Nobilis\u201d. Aktu dekoracji dokona\u0142 prof. Jerzy Woy-Wojciechowski \u2013 prezes Zarz\u0105du G\u0142\u00f3wnego PTL.<\/li>\r\n\r\n\r\n\r\n<li>19 X W czasie uroczysto\u015bci w Warszawie nagrod\u0119 im. Grzegorza Palki otrzyma\u0142 senator W\u0142adys\u0142aw Ortyl z Mielca.<\/li>\r\n\r\n\r\n\r\n<li>20 X W auli Wy\u017cszej Szko\u0142y Gospodarki i Zarz\u0105dzania odby\u0142o si\u0119 spotkanie ministra sprawiedliwo\u015bci i prokuratora generalnego RP Zbigniewa \u0106wi\u0105kalskiego ze studentami.<\/li>\r\n\r\n\r\n\r\n<li>30 X W czasie Zjazdu Polskiego Zwi\u0105zku Pi\u0142ki No\u017cnej w Warszawie na prezesa wybrano mielczanina Grzegorza Lat\u0119 \u2013 by\u0142ego zawodnika \u201eStali\u201d Mielec i reprezentanta Polski w pi\u0142ce no\u017cnej.<\/li>\r\n\r\n\r\n\r\n<li>5 XI W czasie sesji Rady Miejskiej nadano patron\u00f3w o\u015bmiu nowym ulicom na osiedlu Smoczka. Patronami ulic zostali zas\u0142u\u017ceni mielczanie: Tadeusz Bigo, Andrzej Dziadyk, Franciszek Kazana, Mieczys\u0142aw Korycki, Karol Popiel, Kazimierz Aleksander Sabbat, Franciszek Siorek i W\u0142adys\u0142aw \u017burawski.<\/li>\r\n\r\n\r\n\r\n<li>14 XI W czasie Wielkiej Gali Samorz\u0105du i Biznesu w Hotelu Gromada w Warszawie reprezentuj\u0105cy Mielec zast\u0119pca prezydenta Bogdan Bieniek odebra\u0142 wyr\u00f3\u017cnienie dla Gminy Miejskiej Mielec w Konkursie \u201eSamorz\u0105d Przyjazny Przedsi\u0119biorczo\u015bci &#8211; 2008\u201d, organizowanym przez Zwi\u0105zek Pracodawc\u00f3w Warszawy i Mazowsza oraz Europa 2000 Consulting w Warszawie pod patronatem Ministerstwa Rozwoju Regionalnego.<\/li>\r\n\r\n\r\n\r\n<li>19 XI W Pa\u0142acyku Oborskich prezydent miasta Mielca Janusz Chodorowski i wicestarosta powiatu mieleckiego J\u00f3zef Smaczny oraz rektor Akademii G\u00f3rniczo \u2013 Hutniczej w Krakowie podpisali porozumienie o wsp\u00f3\u0142pracy.<\/li>\r\n\r\n\r\n\r\n<li>20 XI Zako\u0144czono modernizacj\u0119 chodnik\u00f3w przy alei Niepodleg\u0142o\u015bci.<\/li>\r\n\r\n\r\n\r\n<li>6 XII Otwarto kompleks boisk sportowych \u201eOrlik\u201d przy Szkole Podstawowej nr 9.<\/li>\r\n\r\n\r\n\r\n<li>9 XII Uroczystym koncertem w sali widowiskowej SCK uczczono 70-lecie powstania ch\u00f3ru m\u0119skiego \u201eMelodia\u201d.<\/li>\r\n\r\n\r\n\r\n<li>11 XII W Polskich Zak\u0142adach Lotniczych go\u015bci\u0142 minister obrony narodowej Bogdan Klich.<\/li>\r\n\r\n\r\n\r\n<li>21 XII W ko\u015bciele MBNP i na placu AK odby\u0142a si\u0119 uroczysto\u015b\u0107 przekazania przez ZHP Betlejemskiego \u015awiat\u0142a Pokoju mieszka\u0144com Mielca.<\/li>\r\n<\/ul>\r\n\r\n\r\n\r\n<p><br \/><strong>2009<\/strong><\/p>\r\n\r\n\r\n\r\n<ul class=\"wp-block-list\">\r\n<li>10 I Z okazji 70-lecia powstania FKS Stal Mielec w hali sportowo-widowiskowej MOSiR rozegrano mecze pokazowe z udzia\u0142em najlepszych pi\u0142karzy w historii klubu.<\/li>\r\n\r\n\r\n\r\n<li>11 I W czasie XVII edycji Wielkiej Orkiestry \u015awi\u0105tecznej Pomocy mielczanie uzbierali ponad 76 tysi\u0119cy z\u0142otych.<\/li>\r\n\r\n\r\n\r\n<li>I Dotkliwym skutkiem narastaj\u0105cego \u015bwiatowego kryzysu gospodarczego by\u0142y zwolnienia grupowe i ograniczenia produkcji w wielu mieleckich firmach.<\/li>\r\n\r\n\r\n\r\n<li>II Polskie Zak\u0142ady Lotnicze wys\u0142a\u0142y do USA pierwszy z 10 zam\u00f3wionych samolot\u00f3w M-28 Skytruck dla ameryka\u0144skiego wojska.<\/li>\r\n\r\n\r\n\r\n<li>II W zwi\u0105zku z kryzysem gospodarczym Rada Miejska obni\u017cy\u0142a podatek od nieruchomo\u015bci.<\/li>\r\n\r\n\r\n\r\n<li>12 III W Polskich Zak\u0142adach Lotniczych odby\u0142a si\u0119 prezentacja pierwszej wyprodukowanej w Mielcu kabiny \u015bmig\u0142owca Black Hawk.<\/li>\r\n\r\n\r\n\r\n<li>III Biomed Wytw\u00f3rnia Surowic i Szczepionek Sp. z o.o. w Lublinie wykupi\u0142a Laboratorium Frakcjonowania Osocza.<\/li>\r\n\r\n\r\n\r\n<li>III Mielczanka Bo\u017cena Lubli\u0144ska-Kasprzak zosta\u0142a wybrana na prezesa Polskiej Agencji Rozwoju Przedsi\u0119biorczo\u015bci.<\/li>\r\n\r\n\r\n\r\n<li>9-11 IV W hali MOSiR rozegrano Turniej Eliminacyjny M\u0142odzie\u017cowych Mistrzostw \u015awiata w Pi\u0142ce R\u0119cznej M\u0119\u017cczyzn. Zwyci\u0119\u017cy\u0142a Hiszpania, a Polska zaj\u0119\u0142a II miejsce.<\/li>\r\n\r\n\r\n\r\n<li>15 IV Mielczanin Pawe\u0142 Czarny (alt\u00f3wka) by\u0142 jedynym Polakiem, kt\u00f3ry zagra\u0142 w s\u0142ynnej YouTube Orchestra w nowojorskiej Carnegie Hall.<\/li>\r\n\r\n\r\n\r\n<li>22 IV Zorganizowano \u201eDzie\u0144 otwarty AGH Krak\u00f3w w Mielcu\u201d, a w jego programie przedstawiciele AGH zach\u0119cali do studiowania w Zamiejscowym O\u015brodku Dydaktycznym AGH w Mielcu od roku akademickiego 2009\/2010.<\/li>\r\n\r\n\r\n\r\n<li>11 V Szpital Powiatowy w Mielcu wyleczy\u0142 pierwszy w Polsce przypadek osoby chorej na gro\u017an\u0105 gryp\u0119 A-H1N1 (tzw. \u201e\u015bwi\u0144sk\u0105 gryp\u0119\u201d).<\/li>\r\n\r\n\r\n\r\n<li>22 V W plebiscycie Tygodnika Regionalnego \u201eKorso\u201d- \u201eMielczaninem roku 2008\u201d wybrano Leszka Ko\u0142acza \u2013 dyrektora Szpitala Powiatowego.<\/li>\r\n\r\n\r\n\r\n<li>25 V W sali konferencyjnej CWP SCK odby\u0142a si\u0119 wyjazdowa sesja sejmiku wojew\u00f3dztwa podkarpackiego.<\/li>\r\n\r\n\r\n\r\n<li>30 V W hali sportowo-widowiskowej MOSiR rozegrano pokazowy \u201eMecz Gwiazd\u201d z udzia\u0142em najlepszych zawodnik\u00f3w polskiej ekstraklasy. \u201eP\u00f3\u0142noc\u201d wygra\u0142a z \u201ePo\u0142udniem\u201d 39 : 37.<\/li>\r\n\r\n\r\n\r\n<li>1 VI W czasie gali w Teatrze Wielkim w Warszawie miasto Mielec zosta\u0142o nagrodzone God\u0142em Promocyjnym \u201eTeraz Polska\u201d. Statuetk\u0119 wr\u0119czono prezydentowi miasta Mielca Januszowi Chodorowskiemu.<\/li>\r\n\r\n\r\n\r\n<li>7 VI Mielczanin Tomasz Por\u0119ba zosta\u0142 wybrany do Parlamentu Europejskiego.<\/li>\r\n\r\n\r\n\r\n<li>17 VI W czasie Gali \u201eM\u0142odzi Nieprzeci\u0119tni\u201d w restauracji \u201eIskierka\u201d prezydent Janusz Chodorowski nagrodzi\u0142 najlepszych uczni\u00f3w mieleckich szk\u00f3\u0142.<\/li>\r\n\r\n\r\n\r\n<li>17 VI W rankingu pisma \u201eWsp\u00f3lnota\u201d na najta\u0144szy urz\u0105d w Polsce &#8211; I miejsce (po raz trzeci z rz\u0119du) zdoby\u0142 Urz\u0105d Miejski w Mielcu.<\/li>\r\n\r\n\r\n\r\n<li>18 VI W inauguracyjnym koncercie XII Mi\u0119dzynarodowego Festiwalu Muzycznego, zorganizowanym przed Domem Kultury SCK, wyst\u0105pili trzej wybitni polscy tenorzy: Pawe\u0142 Ska\u0142uba, Dariusz Stachura i Adam Zdunikowski.<\/li>\r\n\r\n\r\n\r\n<li>25 VI Tr\u0105ba powietrzna, kt\u00f3ra przesz\u0142a przez Wojs\u0142aw i po\u0142udniowo-zachodni\u0105 cz\u0119\u015b\u0107 osiedla Smoczka, spowodowa\u0142a du\u017ce straty materialne, m.in. zniszczy\u0142a kilka dach\u00f3w i po\u0142ama\u0142a kilkadziesi\u0105t drzew.<\/li>\r\n<li>\r\n<p>26-28 VI W targach Motomania-2009 w \u0141odzi uczestniczy\u0142a, jako jedyna z Podkarpacia, mielecka firma Bury Technologies.<\/p>\r\n<\/li>\r\n<li>\r\n<p>27-28 VI W plenerowym koncercie \u201ePowitanie Lata\u201d na terenach zielonych MOSiR wyst\u0105pili m.in.: zespo\u0142y \u201eBiesiada Polska\u201d i \u201eAkropolis\u201d oraz Andrzej Piaseczny z zespo\u0142em.<\/p>\r\n<\/li>\r\n<li>\r\n<p>4 VII W ramach XII Mi\u0119dzynarodowego Festiwalu Muzycznego w sali widowiskowej Domu Kultury Samorz\u0105dowego Centrum Kultury wyst\u0105pili: Mariusz Patyra (skrzypce), Agata Kielar (flet), \u0141ukasz D\u0142ugosz (flet) i Orkiestra Sinfonia Iuventus pod dyrekcj\u0105 Jerzego Swobody.\u00a0\u00a0<\/p>\r\n<\/li>\r\n<li>\r\n<p>6 VII W trzecim koncercie XII MFM w sali widowiskowej DK SCK wyst\u0105pili piosenkarze Grzegorz Turnau i Andrzej Sikorowski.<\/p>\r\n<\/li>\r\n<li>\r\n<p>11-18 VII W ramach IV edycji M4 \u2013 Moje Miasto, Moje Miejsce, projektu Stowarzyszenia Kulturalnego j\u2019ARTe, zorganizowano m.in. warsztaty artystyczne i imprez\u0119 fina\u0142ow\u0105\u00a0 z spektaklem teatralnym \u201eMiasto\u201d.<\/p>\r\n<\/li>\r\n<li>\r\n<p>18 VII Turniej jubileuszowy pi\u0142ki no\u017cnej z okazji 70-lecia Stali Mielec zako\u0144czy\u0142 si\u0119 zwyci\u0119stwem Stali Mielec, kt\u00f3ra pokona\u0142a hiszpa\u0144sk\u0105 dru\u017cyn\u0119 CF Amposta 1:0 i Koron\u0119 Kielce 2:1. Zagra\u0142y te\u017c dwie dru\u017cyny z\u0142o\u017cone z by\u0142ych zawodnik\u00f3w (\u201elegend\u201d) Stali (3:3).<\/p>\r\n<\/li>\r\n<li>\r\n<p>VII W ameryka\u0144skiej miejscowo\u015bci \u00a0Bolton odby\u0142o si\u0119 trzecie spotkanie mielczan mieszkaj\u0105cych w USA i Kanadzie. W spotkaniu uczestniczy\u0142 Marek Paprocki \u2013 przewodnicz\u0105cy Rady Powiatu Mieleckiego.\u00a0<\/p>\r\n<\/li>\r\n<li>\r\n<p>31 VII W sali widowiskowej DK SCK odby\u0142 si\u0119 kolejny koncert XII MFM, a jego wykonawc\u0105 by\u0142 rumu\u0144ski zesp\u00f3\u0142 Fanfara Zimbrul.<\/p>\r\n<\/li>\r\n<li>\r\n<p>1 VIII Z okazji 65 rocznicy powstania warszawskiego odby\u0142a si\u0119 uroczysto\u015b\u0107 w bazylice mn. \u015bw. Mateusza i przy Tablicach Pami\u0119ci Narodowej na murze ogradzaj\u0105cym ten ko\u015bci\u00f3\u0142.<\/p>\r\n<\/li>\r\n<li>\r\n<p>VIII W Polskich Zak\u0142adach Lotniczych go\u015bci\u0142 Victor H. Ashe, ambasador USA w Polsce, w zwi\u0105zku z zako\u0144czeniem swego urz\u0119dowania w Polsce.<\/p>\r\n<\/li>\r\n<li>\r\n<p>8-9 VIII W XIV Targach Rzemios\u0142a i Przedsi\u0119biorczo\u015bci w Lesku (w ramach programu \u201eAgrobieszczady 2009\u201d) stoisko powiatu mieleckiego otrzyma\u0142o I miejsce.<\/p>\r\n<\/li>\r\n<li>\r\n<p>17-25 VIII W 27. Pieszej Pielgrzymce Tarnowskiej na Jasn\u0105 G\u00f3r\u0119 w Cz\u0119stochowie uczestniczy\u0142o oko\u0142o 600 mielczan w trzech grupach.<\/p>\r\n<\/li>\r\n<li>\r\n<p>26 VIII W ko\u015bciele Matki Bo\u017cej Nieustaj\u0105cej Pomocy koncertowali Adam Makowicz (fortepian) i Marek Kudlicki (organy). By\u0142 to przedostatni koncert XII MFM.<\/p>\r\n<\/li>\r\n<li>\r\n<p>28 VIII\u00a0 Rekordow\u0105 frekwencj\u0119 oko\u0142o 300 rowerzyst\u00f3w skupi\u0142a mielecka IV Rowerowa Masa Krytyczna \u2013 forma manifestu i integracji rowerzyst\u00f3w. Przejechano ulicami miasta, g\u0142\u00f3wnie \u015bcie\u017ckami rowerowymi (11 km).<\/p>\r\n<\/li>\r\n<li>\r\n<p>29-30 VIII Na terenach zielonych MOSiR, w zmiennej aurze (deszczowo w sobot\u0119 i s\u0142onecznie w niedziel\u0119), odby\u0142y si\u0119\u00a0 \u201eDni Mielca \u2013 2009\u201d. W pierwszym dniu wyst\u0105pi\u0142y zespo\u0142y muzyczne: Funk Street, Freeks, Obserwator, Via Rei i RH+, a w drugim wyst\u0105pili: zesp\u00f3\u0142 kukie\u0142kowy, Tadeusz Drozda z programem \u201eHerbatka u Tadka\u201d, zesp\u00f3\u0142 Abba Cover i w finale \u2013 Budka Suflera.<\/p>\r\n<\/li>\r\n<li>\r\n<p>30 VIII Na boisku MOSiR przy ul. J. Kili\u0144skiego odby\u0142y si\u0119 do\u017cynki powiatowe \u2013 \u201eMieleckie Rozmaito\u015bci Folkowe\u201d. Poza tradycyjnymi obrz\u0119dami do\u017cynkowymi zorganizowano szereg konkurs\u00f3w rolniczych i gastronomicznych, a w cz\u0119\u015bci artystycznej wyst\u0105pi\u0142y m.in. zesp\u00f3\u0142 muzyczny Chutir z Ukrainy i De Press.\u00a0\u00a0<\/p>\r\n<\/li>\r\n<li>\r\n<p>31 VIII Po raz ostatni (przed zawieszeniem linii pasa\u017cerskiej PKP) przejecha\u0142 przez Mielec osobowy poci\u0105g pospieszny \u201eHetman\u201d.<\/p>\r\n<\/li>\r\n<li>\r\n<p>12-13 IX W Ogr\u00f3dku Le\u015bnym Hotelu Polskiego \u015bwi\u0119towano 18. rocznic\u0119 powstania Tygodnika Regionalnego \u201eKorso\u201d.<\/p>\r\n<\/li>\r\n<li>\r\n<p>7 IX Fina\u0142em XII MFM by\u0142 koncert, kt\u00f3ry wykonali Vincent de Pol (organy) i Orkiestra Symfoniczna Filharmonii Rzeszowskiej pod batut\u0105 Tadeusza Wojciechowskiego w ko\u015bciele Matki Bo\u017cej Nieustaj\u0105cej Pomocy.<\/p>\r\n<\/li>\r\n<li>\r\n<p>26 IX W czasie inauguracji roku akademickiego 2009\/2010 w Zamiejscowym O\u015brodku Dydaktycznym AGH w Mielcu wr\u0119czono indeksy pierwszym osobom rozpoczynaj\u0105cym studia w Mielcu.<\/p>\r\n<\/li>\r\n<li>\r\n<p>X Po raz pierwszy od czas\u00f3w okupacji hitlerowskiej w Mielcu napadni\u0119to na bank. Napastnicy zrabowali oko\u0142o 30 tysi\u0119cy z\u0142otych z plac\u00f3wki Banku Gospodarki \u017bywno\u015bciowej przy ul. Obro\u0144c\u00f3w Pokoju.<\/p>\r\n<\/li>\r\n<li>\r\n<p>14-16 X Niespodziewane du\u017ce opady \u015bniegu spowodowa\u0142y olbrzymie k\u0142opoty komunikacyjne i szkody materialne.<\/p>\r\n<\/li>\r\n<li>\r\n<p>X W rankingu gazety \u201eRzeczpospolita\u201d Szpital Powiatowy w Mielcu sklasyfikowano na 21. miejscu w kraju (najwy\u017cej ze szpitali w wojew\u00f3dztwie podkarpackim).<\/p>\r\n<\/li>\r\n<li>\r\n<p>XI Na podstawie wyroku s\u0105dowego Polskie Towarzystwo Gimnastyczne Sok\u00f3\u0142 1893 przej\u0119\u0142o od Gminy Miejskiej Mielec budynek przedwojennej Sokolni przy ul. S. S\u0119kowskiego.<\/p>\r\n<\/li>\r\n<li>\r\n<p>XII Uroczy\u015bcie otwarto now\u0105 p\u0142ywalni\u0119 MOSiR przy ul. Powsta\u0144c\u00f3w Warszawy.<\/p>\r\n<\/li>\r\n<li>\r\n<p>16 XII Agencja Wydawniczo-Reklamowa wyda\u0142a i rozpocz\u0119\u0142a sprzeda\u017c III tomu niniejszej \u201eEncyklopedii miasta Mielca\u201d.\u00a0\u00a0<\/p>\r\n<\/li>\r\n<\/ul>\r\n","protected":false},"excerpt":{"rendered":"<p>MIELEC PO 1989 r. 1989 Ponadto w 1989 r.: 1990 Ponadto w 1990 r.: 1991 Ponadto w 1991 r.: 1992 Ponadto w 1992 r.: 1993 Ponadto w 1993 r.: 1994 Ponadto w 1994 r.: 1995 Ponadto w 1995 r.: 1996 Ponadto w 1996 r.: 1997 Ponadto w 1997 r.: 1998 Ponadto w 1998 r.: 1999 [&hellip;]<\/p>\n","protected":false},"author":1,"featured_media":0,"comment_status":"closed","ping_status":"open","sticky":false,"template":"","format":"standard","meta":{"footnotes":""},"categories":[5],"tags":[],"class_list":["post-146","post","type-post","status-publish","format-standard","hentry","category-kalendarium"],"_links":{"self":[{"href":"https:\/\/encyklopedia.mielec.pl\/index.php?rest_route=\/wp\/v2\/posts\/146","targetHints":{"allow":["GET"]}}],"collection":[{"href":"https:\/\/encyklopedia.mielec.pl\/index.php?rest_route=\/wp\/v2\/posts"}],"about":[{"href":"https:\/\/encyklopedia.mielec.pl\/index.php?rest_route=\/wp\/v2\/types\/post"}],"author":[{"embeddable":true,"href":"https:\/\/encyklopedia.mielec.pl\/index.php?rest_route=\/wp\/v2\/users\/1"}],"replies":[{"embeddable":true,"href":"https:\/\/encyklopedia.mielec.pl\/index.php?rest_route=%2Fwp%2Fv2%2Fcomments&post=146"}],"version-history":[{"count":0,"href":"https:\/\/encyklopedia.mielec.pl\/index.php?rest_route=\/wp\/v2\/posts\/146\/revisions"}],"wp:attachment":[{"href":"https:\/\/encyklopedia.mielec.pl\/index.php?rest_route=%2Fwp%2Fv2%2Fmedia&parent=146"}],"wp:term":[{"taxonomy":"category","embeddable":true,"href":"https:\/\/encyklopedia.mielec.pl\/index.php?rest_route=%2Fwp%2Fv2%2Fcategories&post=146"},{"taxonomy":"post_tag","embeddable":true,"href":"https:\/\/encyklopedia.mielec.pl\/index.php?rest_route=%2Fwp%2Fv2%2Ftags&post=146"}],"curies":[{"name":"wp","href":"https:\/\/api.w.org\/{rel}","templated":true}]}}