{"id":136,"date":"2022-11-27T19:55:25","date_gmt":"2022-11-27T18:55:25","guid":{"rendered":"https:\/\/encyklopedia.mielec.pl\/?p=136"},"modified":"2023-07-01T11:46:28","modified_gmt":"2023-07-01T09:46:28","slug":"pradzieje-1771","status":"publish","type":"post","link":"https:\/\/encyklopedia.mielec.pl\/?p=136","title":{"rendered":"Pradzieje &#8211; 1771"},"content":{"rendered":"<p>[ivory-search id=&#8221;258&#8243; title=&#8221;Wyszukiwarka&#8221;]<\/p>\r\n<p>&nbsp;<\/p>\r\n\r\n<ul>\r\n<li>Oko\u0142o 10 000 \u2013 8 000 lat p.n.e. \u00a0W okresie schy\u0142kowego paleolitu na terenie dzisiejszego Wojs\u0142awia (osiedla miasta Mielca, w rejonie ul. J. Iwaszkiewicza) istnia\u0142a osada ludzka. \u015awiadcz\u0105 o tym narz\u0119dzia kamienne i inne \u015blady znalezione na miejscu osady.<\/li>\r\n<\/ul>\r\n\r\n\r\n\r\n<ul>\r\n<li>Oko\u0142o 4 500 \u2013 1 800 lat p.n.e. W neolicie funkcjonowa\u0142a osada ludzka na terenie dzisiejszego Wojs\u0142awia, o czym \u015bwiadcz\u0105 wykopane toporki kamienne i inne przedmioty.<\/li>\r\n<\/ul>\r\n\r\n\r\n\r\n<ul>\r\n<li>Oko\u0142o 1 800 \u2013 650 lat p.n.e. W epoce br\u0105zu ludno\u015b\u0107 mieszkaj\u0105ca na ziemiach dzisiejszego Wojs\u0142awia znajdowa\u0142a si\u0119 pod wp\u0142ywem kultury Ch\u0142opice \u2013 Vesel\u00e9.<\/li>\r\n<\/ul>\r\n\r\n\r\n\r\n<ul>\r\n<li>II w. n.e. Do skupisk ludno\u015bci na terenie dzisiejszego Mielca dotar\u0142a kultura przeworska. Budowano jamy z dachem i paleniskiem wewn\u0105trz jam. Zajmowano si\u0119 \u0142owiectwem i rybo\u0142\u00f3wstwem. Uprawiano ziemi\u0119, hodowano byd\u0142o. Pojawia\u0142y si\u0119 pierwsze rzemios\u0142a: tkactwo, garncarstwo, prymitywne hutnictwo. Wzd\u0142u\u017c rzeki Wis\u0142oki prowadzi\u0142 szlak handlowy rzymskich kupc\u00f3w, kt\u00f3rzy pod\u0105\u017cali t\u0119dy na p\u00f3\u0142noc, mo\u017ce nawet do brzeg\u00f3w Morza Ba\u0142tyckiego. \u015awiadectwem tego s\u0105 znalezione monety rzymskie.<\/li>\r\n<\/ul>\r\n\r\n\r\n\r\n<ul>\r\n<li>IV \u2013 VI w. Tereny nad Wis\u0142\u0105 najechali Hunowie, a po ich naje\u017adzie zanik\u0142a dzia\u0142alno\u015b\u0107 miejscowej ludno\u015bci. Prawdopodobnie zosta\u0142a wymordowana lub wzi\u0119ta do niewoli.<\/li>\r\n<\/ul>\r\n\r\n\r\n\r\n<ul>\r\n<li>VI \u2013 VII w. Na tereny nadwi\u015bla\u0144skie przybyli S\u0142owianie.<\/li>\r\n<\/ul>\r\n\r\n\r\n\r\n<ul>\r\n<li>IX \u2013 X w. Ziemia mielecka wchodzi\u0142a w sk\u0142ad terytorium Wi\u015blan.<\/li>\r\n<\/ul>\r\n\r\n\r\n\r\n<ul>\r\n<li>Koniec X w. Ziemie Wi\u015blan przesz\u0142y pod w\u0142adanie Mieszka I i sta\u0142y si\u0119 cz\u0119\u015bci\u0105 pierwszego pa\u0144stwa polskiego.<\/li>\r\n<\/ul>\r\n\r\n\r\n\r\n<ul>\r\n<li>Od XI w. Ziemia mielecka podlega\u0142a kasztelanii wi\u015blickiej w dzielnicy sandomierskiej.<\/li>\r\n<\/ul>\r\n\r\n<p>&nbsp;<\/p>\r\n<!-- \/wp:post-content -->\r\n\r\n<!-- wp:paragraph -->\r\n<p><strong>MIELEC OD XII DO XVIII WIEKU<\/strong><\/p>\r\n<!-- \/wp:paragraph -->\r\n\r\n<!-- wp:paragraph -->\r\n<p><strong>XIII wiek<\/strong><\/p>\r\n<!-- \/wp:paragraph -->\r\n\r\n<!-- wp:list -->\r\n<ul><!-- wp:list-item -->\r\n<li>13 VI 1224 r. W dokumencie o rozgraniczeniu posiad\u0142o\u015bci w Pe\u0142czyskach biskupa krakowskiego Iwona w\u015br\u00f3d \u015bwiadk\u00f3w pojawia si\u0119 \u201ePaulik de Melcha\u201d (Pawlik z Mielca). Jest to pierwsza udokumentowana wzmianka o Mielcu.<\/li>\r\n<!-- \/wp:list-item -->\r\n\r\n<!-- wp:list-item -->\r\n<li>1229? Bulla papie\u017ca Grzegorza IX wymienia w\u015br\u00f3d p\u0142ac\u0105cych dziesi\u0119cin\u0119 dla opactwa benedyktyn\u00f3w w Ty\u0144cu dwa Mielce (drugi to prawdopodobnie Wola Mielecka).<\/li>\r\n<!-- \/wp:list-item -->\r\n\r\n<!-- wp:list-item -->\r\n<li>1241 Tereny po\u0142udniowej Polski zosta\u0142y napadni\u0119te i zniszczone przez Tatar\u00f3w.\u00a0<\/li>\r\n<!-- \/wp:list-item -->\r\n\r\n<!-- wp:list-item -->\r\n<li>1259-1260 Na po\u0142udniow\u0105 Polsk\u0119 ponownie napadli Tatarzy.<\/li>\r\n<!-- \/wp:list-item -->\r\n\r\n<!-- wp:list-item -->\r\n<li>1269 Przy zamianie Wojs\u0142awia za wie\u015b Grzegorzowice, dokonanej przez rycerza \u017begot\u0119 z klasztorem na \u0141ysej G\u00f3rze, ksi\u0105\u017c\u0119 Boles\u0142aw Wstydliwy nada\u0142 Wojs\u0142awowi szeroki immunitet i prawo niemieckie.<\/li>\r\n<!-- \/wp:list-item -->\r\n\r\n<!-- wp:list-item -->\r\n<li>1287-1288 Po raz trzeci na polskie tereny nadwi\u015bla\u0144skie napadli Tatarzy.<\/li>\r\n<!-- \/wp:list-item -->\r\n\r\n<!-- wp:list-item -->\r\n<li>XIV w. Rozwin\u0105\u0142 si\u0119 ruch handlowy prowadz\u0105cy szlakiem doliny rzeki Wis\u0142oki (po obu stronach) od Sandomierza na po\u0142udnie, przez D\u0119bic\u0119, Pilzno i Dukl\u0119 do Bardejowa i Koszyc.<\/li>\r\n<!-- \/wp:list-item --><\/ul>\r\n<!-- \/wp:list -->\r\n\r\n<!-- wp:paragraph -->\r\n<p><strong>XIV wiek<\/strong><\/p>\r\n<!-- \/wp:paragraph -->\r\n\r\n<!-- wp:list -->\r\n<ul><!-- wp:list-item -->\r\n<li>1339? W dokumencie o sk\u0142adzie d\u00f3br Pe\u0142ki (kasztelana sieciechowskiego, nie\u015blubnego syna Kazimierza Wielkiego) i jego \u017cony Ma\u0142gorzaty pojawia si\u0119 po raz pierwszy miejscowo\u015b\u0107 Sochow (Rzoch\u00f3w).<\/li>\r\n<!-- \/wp:list-item -->\r\n\r\n<!-- wp:list-item -->\r\n<li>1339 Cudka (Czudka), \u017cona Niemierzy z Go\u0142czy, otrzyma\u0142a w posagu od ojca \u2013 Pe\u0142ki (kasztelana sieciechowskiego) wie\u015b Rzoch\u00f3w<\/li>\r\n<!-- \/wp:list-item -->\r\n\r\n<!-- wp:list-item -->\r\n<li>ok. 1346 Zmar\u0142 Jakub Trestka, herbu Gryf, kasztelan brzeski, w\u0142a\u015bciciel Mielca i okolic.<\/li>\r\n<!-- \/wp:list-item -->\r\n\r\n<!-- wp:list-item -->\r\n<li>1348-1350 Na terenie niemal ca\u0142ej Europy, w tym na terenach nadwi\u015bla\u0144skich, panowa\u0142a epidemia d\u017cumy (\u201emorowego powietrza\u201d).<\/li>\r\n<!-- \/wp:list-item -->\r\n\r\n<!-- wp:list-item -->\r\n<li>2. po\u0142. XIV w. Rozwin\u0105\u0142 si\u0119 ruch handlowy na trakcie od Rzochowa na Ru\u015b \u2013 tzw. go\u015bciniec ruski. \u00a0<\/li>\r\n<!-- \/wp:list-item -->\r\n\r\n<!-- wp:list-item -->\r\n<li>1365 Syn \u00a0Niemierzy \u2013 Pe\u0142ka z Galowa zastawi\u0142 Rafa\u0142owi z Tarnowa (herbu Leliwa), podkomorzemu krakowskiemu, dobra dziedziczne: Trze\u015b\u0144 i po\u0142ow\u0119 Rzochowa za sum\u0119 140 grzywien groszy praskich.<\/li>\r\n<!-- \/wp:list-item -->\r\n\r\n<!-- wp:list-item -->\r\n<li>1372\/1373 Zmar\u0142 Rafa\u0142 z Tarnowa (Tarnowski), a zastaw z Rzochowem otrzyma\u0142 w spadku syn \u2013 Jan Tarnowski.<\/li>\r\n<!-- \/wp:list-item -->\r\n\r\n<!-- wp:list-item -->\r\n<li>Ok. 1373 Powsta\u0142a parafia rzymskokatolicka w Mielcu. Pierwszym ko\u015bcio\u0142em parafialnym by\u0142 prawdopodobnie ko\u015bci\u00f3\u0142 Tr\u00f3jcy \u015awi\u0119tej. Przy ko\u015bciele za\u0142o\u017cono szk\u00f3\u0142k\u0119 parafialn\u0105 kszta\u0142c\u0105c\u0105 ministrant\u00f3w, zgodnie z wytycznymi w\u0142adz ko\u015bcielnych.\u00a0<\/li>\r\n<!-- \/wp:list-item -->\r\n\r\n<!-- wp:list-item -->\r\n<li>26 IV 1379 Syn Pe\u0142ki \u2013 Niemierza, dziedzic Galowa, sprzeda\u0142 Rzoch\u00f3w i Trze\u015b\u0144 Janowi z Tarnowa (Tarnowskiemu), kasztelanowi sandomierskiemu, za 300 grzywien groszy praskich.\u00a0<\/li>\r\n<!-- \/wp:list-item -->\r\n\r\n<!-- wp:list-item -->\r\n<li>7 IX 1379 El\u017cbieta \u0141okietk\u00f3wna, siostra Kazimierza Wielkiego, matka kr\u00f3la Ludwika W\u0119gierskiego, kr\u00f3lowa W\u0119gier i Polski, na pro\u015bb\u0119 Jana z Tarnowa, kasztelana sandomierskiego, przenios\u0142a jego wsie dziedziczne (m.in. Rzoch\u00f3w) z prawa polskiego na prawo magdeburskie.<\/li>\r\n<!-- \/wp:list-item -->\r\n\r\n<!-- wp:list-item -->\r\n<li>1379-1382 Kr\u00f3l Ludwik W\u0119gierski zezwoli\u0142 Janowi Tarnowskiemu na lokacj\u0119 miasta Rzochowa na prawie magdeburskim. Nowemu miastu nadano przywileje, m.in. w postaci trzech jarmark\u00f3w oraz targ\u00f3w tygodniowych w soboty.\u00a0<\/li>\r\n<!-- \/wp:list-item -->\r\n\r\n<!-- wp:list-item -->\r\n<li>1379-1382 W Rzochowie wybudowano z fundacji Tarnowskich ko\u015bci\u00f3\u0142 pod wezwaniem \u015bw. Marka Ewangelisty.<\/li>\r\n<!-- \/wp:list-item -->\r\n\r\n<!-- wp:list-item -->\r\n<li>1379-1382 W dokumencie wymieniono Grabie \u2013 miejscowo\u015b\u0107 po\u0142o\u017con\u0105 w pobli\u017cu Rzochowa.\u00a0<\/li>\r\n<!-- \/wp:list-item -->\r\n\r\n<!-- wp:list-item -->\r\n<li>Ok. 1380-1382 Powsta\u0142a parafia rzymskokatolicka w Rzochowie.\u00a0<\/li>\r\n<!-- \/wp:list-item -->\r\n\r\n<!-- wp:list-item -->\r\n<li>Ok. 1386 Zmar\u0142 Paszko Trestka, herbu Gryf. By\u0142 w\u0142a\u015bcicielem m.in. Brzany, Gierczyc, S\u0119dziszowej i Sieros\u0142awic oraz Mielca i okolic.<\/li>\r\n<!-- \/wp:list-item -->\r\n\r\n<!-- wp:list-item -->\r\n<li>1397? Wojew\u00f3dztwo sandomierskie podzielono na powiaty. Mielec znalaz\u0142 si\u0119 na pograniczu \u00a0powiatu sandomierskiego i pilzne\u0144skiego.<\/li>\r\n<!-- \/wp:list-item --><\/ul>\r\n<!-- \/wp:list -->\r\n\r\n<!-- wp:paragraph -->\r\n<p><strong>XV wiek<\/strong><\/p>\r\n<!-- \/wp:paragraph -->\r\n\r\n<!-- wp:list -->\r\n<ul><!-- wp:list-item -->\r\n<li>10 XI 1405? W podziale d\u00f3br braci Trestk\u00f3w \u2013 Paszki i Jana \u2013 Jan otrzyma\u0142 wi\u0119kszo\u015b\u0107 posiad\u0142o\u015bci Trestk\u00f3w w woj. sandomierskim, w tym ca\u0142y klucz mielecki.<\/li>\r\n<!-- \/wp:list-item -->\r\n\r\n<!-- wp:list-item -->\r\n<li>1408 W\u00f3jtem Rzochowa mianowano Gowork\u0119, prawdopodobnie szlachcica. Pe\u0142ni\u0142 t\u0119 funkcj\u0119 do 1424 r.<\/li>\r\n<!-- \/wp:list-item -->\r\n\r\n<!-- wp:list-item -->\r\n<li>1409 Zmar\u0142 Jan z Tarnowa \u2013 wojewoda krakowski, za\u0142o\u017cyciel miasta Rzochowa, a spadek po nim otrzyma\u0142 syn \u2013 Jan (II) z Tarnowa.<\/li>\r\n<!-- \/wp:list-item -->\r\n\r\n<!-- wp:list-item -->\r\n<li>1410 Jan (II) Tarnowski \u2013 wojewoda krakowski, w\u0142a\u015bciciel m.in. Rzochowa \u2013 uczestniczy\u0142 w bitwie pod Grunwaldem.<\/li>\r\n<!-- \/wp:list-item -->\r\n\r\n<!-- wp:list-item -->\r\n<li>1412 Na uniwersytecie krakowskim pojawi\u0142 si\u0119 pierwszy student z Rzochowa \u2013 Benedykt.<\/li>\r\n<!-- \/wp:list-item -->\r\n\r\n<!-- wp:list-item -->\r\n<li>1416\/1417 Zmar\u0142 Jan (I) Trestka (\u017buk), herbu Gryf, w\u0142a\u015bciciel Mielca, inicjator budowy ko\u015bcio\u0142a \u015bw. Mateusza i Naj\u015bwi\u0119tszej Maryi Panny.<\/li>\r\n<!-- \/wp:list-item -->\r\n\r\n<!-- wp:list-item -->\r\n<li>1427 Dokument wzmiankuje o funkcjonowaniu w Rzochowie samorz\u0105du miejskiego sk\u0142adaj\u0105cego si\u0119 z w\u00f3jta i siedmiu \u0142awnik\u00f3w.<\/li>\r\n<!-- \/wp:list-item -->\r\n\r\n<!-- wp:list-item -->\r\n<li>30 XI 1429 Biskup krakowski Zbigniew Ole\u015bnicki potwierdzi\u0142 erekcj\u0119 nowego ko\u015bcio\u0142a p.w. \u015bw. Mateusza Ewangelisty i\u00a0<\/li>\r\n<!-- \/wp:list-item -->\r\n\r\n<!-- wp:list-item -->\r\n<li>Naj\u015bwi\u0119tszej Maryi Panny, p\u00f3\u017aniejszego ko\u015bcio\u0142a parafialnego.<\/li>\r\n<!-- \/wp:list-item -->\r\n\r\n<!-- wp:list-item -->\r\n<li>Ok. 1430 Zmar\u0142a Anna (I) &#8211; \u017cona Jana (I) Trestki (\u017buka), matka rodu Mieleckich.<\/li>\r\n<!-- \/wp:list-item -->\r\n\r\n<!-- wp:list-item -->\r\n<li>1432\/1433 Zmar\u0142 Jan (II) Tarnowski, a maj\u0105tek rzochowski odziedziczy\u0142 po nim Jan Feliks Tarnowski.<\/li>\r\n<!-- \/wp:list-item -->\r\n\r\n<!-- wp:list-item -->\r\n<li>1443-1446 Proboszczem parafii rzymskokatolickiej w Mielcu by\u0142 ks. Piotr.<\/li>\r\n<!-- \/wp:list-item -->\r\n\r\n<!-- wp:list-item -->\r\n<li>1444 W\u00f3jtem Rzochowa zosta\u0142 szlachcic Urban. Pe\u0142ni\u0142 on t\u0119 funkcj\u0119 do 1452 r.\u00a0<\/li>\r\n<!-- \/wp:list-item -->\r\n\r\n<!-- wp:list-item -->\r\n<li>1445 Jan (II) z Mielca zosta\u0142 mianowany burgrabi\u0105 lubelskim (zast\u0119pc\u0105 kasztelana) i sprawowa\u0142 ten urz\u0105d do 1455 r.<\/li>\r\n<!-- \/wp:list-item -->\r\n\r\n<!-- wp:list-item -->\r\n<li>1446 W dokumencie wzmiankowany jest ks. Jakub Pacossy \u2013 proboszcz parafii rzymskokatolickiej w Mielcu.\u00a0<\/li>\r\n<!-- \/wp:list-item -->\r\n\r\n<!-- wp:list-item -->\r\n<li>1448? Po \u015bmierci El\u017cbiety Tarnowskiej miasto Rzoch\u00f3w i 9 okolicznych \u00a0wsi otrzyma\u0142 w spadku Jan Feliks Tarnowski, p\u00f3\u017aniejszy kasztelan wi\u015blicki i wojewoda lubelski.\u00a0<\/li>\r\n<!-- \/wp:list-item -->\r\n\r\n<!-- wp:list-item -->\r\n<li>1452 W dokumentach Akademii Krakowskiej zapisano studenta Miko\u0142aja syna Jana z Rzochowa.<\/li>\r\n<!-- \/wp:list-item -->\r\n\r\n<!-- wp:list-item -->\r\n<li>17 III 1457 Na pro\u015bb\u0119 Jana (II) z Mielca herbu Gryf, syna Jana (I) Trestki, kr\u00f3l Kazimierz Jagiello\u0144czyk, przebywaj\u0105cy na sejmie walnym w Piotrkowie, wyda\u0142 zezwolenie na za\u0142o\u017cenie miasta Nowy Targ obok wsi Mielec.<\/li>\r\n<!-- \/wp:list-item -->\r\n\r\n<!-- wp:list-item -->\r\n<li>1459\/1460 Zmar\u0142 Jan (II) z Mielca, herbu Gryf, w\u0142a\u015bciciel Mielca. Wystara\u0142 si\u0119 o zezwolenie kr\u00f3lewskie na za\u0142o\u017cenie miasta Mielca i otrzyma\u0142 je 17 III 1457 r.<\/li>\r\n<!-- \/wp:list-item -->\r\n\r\n<!-- wp:list-item -->\r\n<li>1460-1465 Proboszczem mieleckiej parafii by\u0142 ks. Tomasz.<\/li>\r\n<!-- \/wp:list-item -->\r\n\r\n<!-- wp:list-item -->\r\n<li>1462 Z fundacji Jana (III) i Bernardyna Mieleckich powsta\u0142a parafia rzymskokatolicka w Cmolasie.<\/li>\r\n<!-- \/wp:list-item -->\r\n\r\n<!-- wp:list-item -->\r\n<li>18 XI 1470 r. Na podstawie zezwolenia kr\u00f3la Kazimierza Jagiello\u0144czyka z 17 III 1457 r. synowie Jana (II) z Mielca &#8211; Jan (III) i Bernardyn Mieleccy herbu Gryf \u2013 wystawili akt lokacyjny miasta Mielca na prawie magdeburskim.\u00a0<\/li>\r\n<!-- \/wp:list-item -->\r\n\r\n<!-- wp:list-item -->\r\n<li>1470-1490 W czasie dwudziestoletniego okresu zwolnienia z podatk\u00f3w powsta\u0142a pierwsza zabudowa miasta. Rozpocz\u0119to od rynku (100 m x 87 m) i wychodz\u0105cych od niego ulic. Na rynku stan\u0105\u0142 drewniany ratusz, a wok\u00f3\u0142 niego kramy. Ponadto pomi\u0119dzy rynkiem i rzek\u0105 Wis\u0142ok\u0105, na terenach parafialnych sta\u0142 ju\u017c ko\u015bci\u00f3\u0142 z cmentarzem.\u00a0<\/li>\r\n<!-- \/wp:list-item -->\r\n\r\n<!-- wp:list-item -->\r\n<li>1478\/1479 Po ks. Miko\u0142aju Weszarze z Pilzna proboszczem parafii rzochowskiej zosta\u0142 ks. Jakub z Tarnowa.<\/li>\r\n<!-- \/wp:list-item -->\r\n\r\n<!-- wp:list-item -->\r\n<li>1480 Bracia Jan i Bernardyn Mieleccy zakupili od Jana Skr\u0119tki (Skrz\u0105tko?) wsie Wojs\u0142aw i Chorzel\u00f3w.<\/li>\r\n<!-- \/wp:list-item -->\r\n\r\n<!-- wp:list-item -->\r\n<li>1484\/1485 Zmar\u0142 Jan Feliks Tarnowski herbu Leliwa \u2013 wojewoda lubelski, w\u0142a\u015bciciel m.in. Rzochowa i Rzemienia. Maj\u0105tek ten przej\u0105\u0142 w spadku syn Jan \u201eSzram\u201d.<\/li>\r\n<!-- \/wp:list-item -->\r\n\r\n<!-- wp:list-item -->\r\n<li>1487? Zmar\u0142 Jan (III) Mielecki h. Gryf, jeden z za\u0142o\u017cycieli miasta Mielca w 1470 r. i jego wsp\u00f3\u0142w\u0142a\u015bciciel.<\/li>\r\n<!-- \/wp:list-item -->\r\n\r\n<!-- wp:list-item -->\r\n<li>Ok. 1489 Zmar\u0142 Bernardyn Mielecki h. Gryf, wsp\u00f3\u0142za\u0142o\u017cyciel miasta Mielca w 1470 r. Mielec i klucz mielecki otrzyma\u0142 w spadku Stanis\u0142aw Mielecki h. Gryf, syn Jana (III).<\/li>\r\n<!-- \/wp:list-item -->\r\n\r\n<!-- wp:list-item -->\r\n<li>1491 Ks. Jan z Przec\u0142awia zrezygnowa\u0142 z funkcji proboszcza mieleckiej parafii.<\/li>\r\n<!-- \/wp:list-item -->\r\n\r\n<!-- wp:list-item -->\r\n<li>1491 Proboszczem mieleckiej parafii zosta\u0142 ks. Erazm Kromer.<\/li>\r\n<!-- \/wp:list-item -->\r\n\r\n<!-- wp:list-item -->\r\n<li>1492 Anna (II) \u2013 c\u00f3rka Jana (III) z Mielca h. Gryf \u2013 wysz\u0142a za m\u0105\u017c za Miko\u0142aja Firleja, herbu Lewart, hetmana wielkiego koronnego<\/li>\r\n<!-- \/wp:list-item -->\r\n\r\n<!-- wp:list-item -->\r\n<li>1494 Na uniwersytet krakowski zapisali si\u0119 pierwsi mielczanie \u2013 Miko\u0142aj syn Klemensa i Walenty syn Stanis\u0142awa.<\/li>\r\n<!-- \/wp:list-item -->\r\n\r\n<!-- wp:list-item -->\r\n<li>Ok. 1494 Stanis\u0142aw Mielecki o\u017ceni\u0142 si\u0119 z El\u017cbiet\u0105 z T\u0119czy\u0144skich.<\/li>\r\n<!-- \/wp:list-item -->\r\n\r\n<!-- wp:list-item -->\r\n<li>1495 Na uniwersytecie krakowskim rozpocz\u0119li nauk\u0119 m.in. Micha\u0142 z Mielca i Jakub z Rzochowa.<\/li>\r\n<!-- \/wp:list-item -->\r\n\r\n<!-- wp:list-item -->\r\n<li>1497 Stanis\u0142aw Mielecki uczestniczy\u0142 w wyprawie kr\u00f3la Jana Olbrachta na Mo\u0142dawi\u0119.<\/li>\r\n<!-- \/wp:list-item --><\/ul>\r\n<!-- \/wp:list -->\r\n\r\n<!-- wp:paragraph -->\r\n<p><strong>XVI wiek<\/strong><\/p>\r\n<!-- \/wp:paragraph -->\r\n\r\n<!-- wp:list -->\r\n<ul><!-- wp:list-item -->\r\n<li>1502 Wiele miejscowo\u015bci w wojew\u00f3dztwie sandomierskim, w tym Mielec i Rzoch\u00f3w, zosta\u0142o napadni\u0119tych i spalonych przez Tatar\u00f3w.<\/li>\r\n<!-- \/wp:list-item -->\r\n\r\n<!-- wp:list-item -->\r\n<li>3 VI 1502 W Nowym Mie\u015bcie Korczynie kr\u00f3l Aleksander Jagiello\u0144czyk zatwierdzi\u0142 i transmutowa\u0142, na pro\u015bb\u0119 Stanis\u0142awa Mieleckiego, zezwolenie na lokacj\u0119 miasta Mielca.<\/li>\r\n<!-- \/wp:list-item -->\r\n\r\n<!-- wp:list-item -->\r\n<li>1506 Stanis\u0142aw Mielecki zosta\u0142 wybrany pos\u0142em z wojew\u00f3dztwa sandomierskiego na sejm w Lublinie, a nast\u0119pnie uczestniczy\u0142 w zje\u017adzie wielkopolskim w Kole.<\/li>\r\n<!-- \/wp:list-item -->\r\n\r\n<!-- wp:list-item -->\r\n<li>Jesie\u0144 1506 Stanis\u0142aw Mielecki wzi\u0105\u0142 udzia\u0142 z w\u0142asn\u0105 chor\u0105gwi\u0105 (by\u0107 mo\u017ce byli w niej tak\u017ce wybrani mieszka\u0144cy Mielca i okolic) w wyprawie na Pokucie i Mo\u0142dawi\u0119.<\/li>\r\n<!-- \/wp:list-item -->\r\n\r\n<!-- wp:list-item -->\r\n<li>Ok. 1507 Zmar\u0142 Jan \u201eSzram\u201d Tarnowski \u2013 wojewoda krakowski, w\u0142a\u015bciciel m.in. Rzochowa i Rzemienia. Klucz rzochowski otrzyma\u0142 w spadku syn Stanis\u0142aw.<\/li>\r\n<!-- \/wp:list-item -->\r\n\r\n<!-- wp:list-item -->\r\n<li>1508 W kluczu rzochowsko-rzemie\u0144skim Stanis\u0142awa Tarnowskiego znajdowa\u0142o si\u0119 11 wsi.<\/li>\r\n<!-- \/wp:list-item -->\r\n\r\n<!-- wp:list-item -->\r\n<li>1510 Dokonano rozgraniczenia miasta Mielca i wsi Cmolas, b\u0119d\u0105cych w\u0142asno\u015bci\u0105 Stanis\u0142awa Mieleckiego, od miasta Rzochowa i wsi Kolbuszowa, b\u0119d\u0105cych w\u0142asno\u015bci\u0105 Stanis\u0142awa Tarnowskiego.<\/li>\r\n<!-- \/wp:list-item -->\r\n\r\n<!-- wp:list-item -->\r\n<li>1510 Dokument wspomina o dzia\u0142alno\u015bci klokowskiego m\u0142yna, kt\u00f3ry zosta\u0142 wybudowany w pobli\u017cu zamku Mieleckich.\u00a0<\/li>\r\n<!-- \/wp:list-item -->\r\n\r\n<!-- wp:list-item -->\r\n<li>28 IV 1512 Stanis\u0142aw Mielecki \u2013 jako rotmistrz obrony potocznej &#8211; uczestniczy\u0142 w zwyci\u0119skiej bitwie z Tatarami na polach pomi\u0119dzy \u0141opusznem a Wierzbowcem.<\/li>\r\n<!-- \/wp:list-item -->\r\n\r\n<!-- wp:list-item -->\r\n<li>1512 Stanis\u0142aw Mielecki zakupi\u0142 Zg\u00f3rsko od Piotra Pacanowskiego.<\/li>\r\n<!-- \/wp:list-item -->\r\n\r\n<!-- wp:list-item -->\r\n<li>1512 Dokument wspomina o istnieniu m\u0142yna w Rzochowie.<\/li>\r\n<!-- \/wp:list-item -->\r\n\r\n<!-- wp:list-item -->\r\n<li>1513-1515 Proboszczem parafii mieleckiej by\u0142 ks. Stanis\u0142aw.<\/li>\r\n<!-- \/wp:list-item -->\r\n\r\n<!-- wp:list-item -->\r\n<li>Ok. 1513 Proboszczem parafii rzochowskiej zosta\u0142 ks. Mateusz z Lubziny. Pe\u0142ni\u0142 t\u0119 funkcj\u0119 do 1529 r.<\/li>\r\n<!-- \/wp:list-item -->\r\n\r\n<!-- wp:list-item -->\r\n<li>1514 Anna Mielecka (c\u00f3rka Stanis\u0142awa) wysz\u0142a za m\u0105\u017c za Przec\u0142awa Lig\u0119z\u0119.<\/li>\r\n<!-- \/wp:list-item -->\r\n\r\n<!-- wp:list-item -->\r\n<li>1514 Stanis\u0142aw Mielecki zakupi\u0142 Brzy\u015bcie od Hieronima Szczepanowskiego.<\/li>\r\n<!-- \/wp:list-item -->\r\n\r\n<!-- wp:list-item -->\r\n<li>III 1515 Stanis\u0142aw Mielecki, jako dworzanin kr\u00f3la Zygmunta I, uczestniczy\u0142 w spotkaniu Zygmunta I z W\u0142adys\u0142awem\u00a0<\/li>\r\n<!-- \/wp:list-item -->\r\n\r\n<!-- wp:list-item -->\r\n<li>w Pozsoniu (Bratys\u0142awie).<\/li>\r\n<!-- \/wp:list-item -->\r\n\r\n<!-- wp:list-item -->\r\n<li>4 VI 1515 Stanis\u0142aw Mielecki otrzyma\u0142 kasztelani\u0119 po\u0142anieck\u0105.<\/li>\r\n<!-- \/wp:list-item -->\r\n\r\n<!-- wp:list-item -->\r\n<li>17 \u2013 22 VII 1515 Stanis\u0142aw Mielecki uczestniczy\u0142 w zje\u017adzie monarch\u00f3w we Wiedniu.<\/li>\r\n<!-- \/wp:list-item -->\r\n\r\n<!-- wp:list-item -->\r\n<li>31 X 1515 Stanis\u0142aw Mielecki zosta\u0142 kasztelanem zawichojskim.<\/li>\r\n<!-- \/wp:list-item -->\r\n\r\n<!-- wp:list-item -->\r\n<li>1515 Ks. Bart\u0142omiej z Turobina zosta\u0142 mianowany proboszczem parafii \u015bw. Mateusza. Pe\u0142ni\u0142 t\u0119 funkcj\u0119 do 1541 r.<\/li>\r\n<!-- \/wp:list-item -->\r\n\r\n<!-- wp:list-item -->\r\n<li>Lato 1516 Z inicjatywy wojewody krakowskiego Krzysztofa Szyd\u0142owieckiego w Mielcu odby\u0142 si\u0119 zjazd senator\u00f3w i magnat\u00f3w ma\u0142opolskich w sprawie organizowania obrony przed powtarzaj\u0105cymi si\u0119 napadami tatarskimi. Spotkanie odby\u0142o si\u0119 prawdopodobnie w wybudowanym przez Stanis\u0142awa Mieleckiego zamku obronnym nad Wis\u0142ok\u0105.\u00a0<\/li>\r\n<!-- \/wp:list-item -->\r\n\r\n<!-- wp:list-item -->\r\n<li>1519 Kr\u00f3l Zygmunt Stary nada\u0142 w\u0142a\u015bcicielowi Rzochowa i Rzemienia \u2013 Stanis\u0142awowi Tarnowskiemu, kasztelanowi che\u0142mskiemu, c\u0142o mostowe na terenie jego posiad\u0142o\u015bci.<\/li>\r\n<!-- \/wp:list-item -->\r\n\r\n<!-- wp:list-item -->\r\n<li>1522 Kr\u00f3l Zygmunt Stary nada\u0142 w\u0142a\u015bcicielowi Mielca Stanis\u0142awowi Mieleckiemu, kasztelanowi zawichojskiemu, c\u0142o mostowe w Mielcu.<\/li>\r\n<!-- \/wp:list-item -->\r\n\r\n<!-- wp:list-item -->\r\n<li>4 II 1522 Odby\u0142o si\u0119 uroczyste nadanie statutu cechowi kowalskiemu w Mielcu. W uroczysto\u015bci uczestniczyli: w\u0142a\u015bciciel miasta Stanis\u0142aw Mielecki, przedstawiciele cechu, \u015bwiadkowie \u2013 przedstawiciele szlachty: Bernard i Stanis\u0142aw Baranowscy, Jakub Borowski i Andrzej Turski oraz mieleccy rajcowie.<\/li>\r\n<!-- \/wp:list-item -->\r\n\r\n<!-- wp:list-item -->\r\n<li>26 VII 1526 Biskup krakowski Piotr Tomicki ustanowi\u0142 prepozytur\u0119 w Mielcu i podporz\u0105dkowa\u0142 jej ko\u015bci\u00f3\u0142 w Chorzelowie i kaplic\u0119 w Ja\u015blanach. Byt materialny zapewni\u0142a jej fundacja Stanis\u0142awa (I) Mieleckiego. Umo\u017cliwi\u0142o to utrzymanie prepozyta, 6 wikariuszy i rektora szko\u0142y.\u00a0<\/li>\r\n<!-- \/wp:list-item -->\r\n\r\n<!-- wp:list-item -->\r\n<li>1526 Powsta\u0142o Bractwo Literackie \u2013 pierwsze w historii miasta mieszcza\u0144skie stowarzyszenie katolickie.\u00a0<\/li>\r\n<!-- \/wp:list-item -->\r\n\r\n<!-- wp:list-item -->\r\n<li>1527 Stanis\u0142aw Tarnowski, kasztelan che\u0142mski i p\u00f3\u017aniej s\u0105decki, dziedzic Rzochowa i okolicznych d\u00f3br, odnowi\u0142 przywilej lokacyjny dla Rzochowa.<\/li>\r\n<!-- \/wp:list-item -->\r\n\r\n<!-- wp:list-item -->\r\n<li>1527 Na podstawie dokumentu kr\u00f3la Zygmunta Starego Rzochowowi przyznano prawo organizowania trzech jarmark\u00f3w w roku: na \u015bw. Stanis\u0142awa (8 V), na Bo\u017ce Cia\u0142o i na \u015bw. Stanis\u0142awa (29 IX) oraz cotygodniowe targi.\u00a0<\/li>\r\n<!-- \/wp:list-item -->\r\n\r\n<!-- wp:list-item -->\r\n<li>1527 Stanis\u0142aw (II) Mielecki by\u0142 rotmistrzem obrony potocznej i zosta\u0142 starost\u0105 zawichojskim.<\/li>\r\n<!-- \/wp:list-item -->\r\n\r\n<!-- wp:list-item -->\r\n<li>1527 W dokumencie pojawia si\u0119 wzmianka o Janie \u2013 \u0142aziebniku miejskim, prawdopodobnie pierwszym w historii miasta.<\/li>\r\n<!-- \/wp:list-item -->\r\n\r\n<!-- wp:list-item -->\r\n<li>Ok. 1528 Zmar\u0142 Stanis\u0142aw (I) Tarnowski, kasztelan s\u0105decki, w\u0142a\u015bciciel d\u00f3br rzochowsko-rzemie\u0144skich.<\/li>\r\n<!-- \/wp:list-item -->\r\n\r\n<!-- wp:list-item -->\r\n<li>15 V 1529 Zmar\u0142 Andrzej Mielecki \u2013 najstarszy syn Stanis\u0142awa i El\u017cbiety z T\u0119czy\u0144skich, okre\u015blany jako m\u0119\u017cny rycerz. Pochowano go w podziemiach ko\u015bcio\u0142a parafialnego \u015bw. Mateusza w Mielcu.<\/li>\r\n<!-- \/wp:list-item -->\r\n\r\n<!-- wp:list-item -->\r\n<li>9 VIII 1529 Na pro\u015bb\u0119 Stanis\u0142awa Mieleckiego kr\u00f3l Zygmunt Stary potwierdzi\u0142 dokument komisarzy kr\u00f3lewskich z 4 V 1528 r., wystawiony \u00a0w okolicach Mielca, wyznaczaj\u0105cy granice mi\u0119dzy wsiami kr\u00f3lewskimi &#8211; Tuszowem i Ja\u015blanami a dobrami Stanis\u0142awa Mieleckiego: Mielcem, Wojs\u0142awiem, Cyranow\u0105 Wol\u0105, Chorzelowem i Chrz\u0105stowem.\u00a0<\/li>\r\n<!-- \/wp:list-item -->\r\n\r\n<!-- wp:list-item -->\r\n<li>1530 Zmar\u0142 Stanis\u0142aw Tarnowski \u2013 w\u0142a\u015bciciel klucza rzochowskiego. Maj\u0105tek przej\u0119\u0142a \u017cona &#8211; Katarzyna z D\u0105browicy.<\/li>\r\n<!-- \/wp:list-item -->\r\n\r\n<!-- wp:list-item -->\r\n<li>1531 Jan (IV) Mielecki dowodzi\u0142 najwi\u0119ksz\u0105 chor\u0105gwi\u0105 (500 koni) w czasie wyprawy wojsk polskich pod dow\u00f3dztwem hetmana Jana Tarnowskiego na Mo\u0142dawi\u0119.<\/li>\r\n<!-- \/wp:list-item -->\r\n\r\n<!-- wp:list-item -->\r\n<li>22 VIII 1531 Jan (IV) Mielecki uczestniczy\u0142 w bitwach pod Gwo\u017ad\u017acem i Obertynem.<\/li>\r\n<!-- \/wp:list-item -->\r\n\r\n<!-- wp:list-item -->\r\n<li>przed 31 I 1532 Statut otrzyma\u0142 cech krawiecki. Podpisa\u0142 go m.in. Stanis\u0142aw Mielecki.<\/li>\r\n<!-- \/wp:list-item -->\r\n\r\n<!-- wp:list-item -->\r\n<li>31 I 1532 Zmar\u0142 Stanis\u0142aw Mielecki \u2013 rotmistrz kr\u00f3lewski, kasztelan po\u0142aniecki i zawichojski, w\u0142a\u015bciciel klucza mieleckiego. Pochowano go w podziemiach ko\u015bcio\u0142a \u015bw. Mateusza w Mielcu.<\/li>\r\n<!-- \/wp:list-item -->\r\n\r\n<!-- wp:list-item -->\r\n<li>Ok. 1533 Zmar\u0142a El\u017cbieta Mielecka (z T\u0119czy\u0144skich), \u017cona Stanis\u0142awa Mieleckiego. Zosta\u0142a pochowana w podziemiach ko\u015bcio\u0142a parafialnego \u015bw. Mateusza w Mielcu.<\/li>\r\n<!-- \/wp:list-item -->\r\n\r\n<!-- wp:list-item -->\r\n<li>1534 Stanis\u0142aw (II) Mielecki towarzyszy\u0142 Andrzejowi T\u0119czy\u0144skiemu (kasztelanowi krakowskiemu) w pielgrzymce do Ziemi \u015awi\u0119tej i zmar\u0142 w Jerozolimie.\u00a0<\/li>\r\n<!-- \/wp:list-item -->\r\n\r\n<!-- wp:list-item -->\r\n<li>1535? Za zas\u0142ugi w wojnie z Moskw\u0105, m.in. za udzia\u0142 w zdobyciu Homla i Staroduba, Jan (IV) Mielecki otrzyma\u0142 godno\u015b\u0107 kasztelana czchowskiego.<\/li>\r\n<!-- \/wp:list-item -->\r\n\r\n<!-- wp:list-item -->\r\n<li>1537 Jan (IV) Mielecki i Miko\u0142aj Sieniawski dowodzili polskim wojskiem w zwyci\u0119skiej bitwie z Tatarami pod Pankowcami na Podolu.<\/li>\r\n<!-- \/wp:list-item -->\r\n\r\n<!-- wp:list-item -->\r\n<li>Ok. 1537 Sebastian Mielecki o\u017ceni\u0142 si\u0119 z Zofi\u0105 z Ko\u015bcieleckich, kt\u00f3ra wnios\u0142a w posagu m.in. miasto Pleszew i kilkana\u015bcie wsi.<\/li>\r\n<!-- \/wp:list-item -->\r\n\r\n<!-- wp:list-item -->\r\n<li>18 I \u2013 28 II 1538 W czasie sejmu w Piotrkowie Jan (IV) Mielecki zosta\u0142 mianowany kasztelanem wi\u015blickim.<\/li>\r\n<!-- \/wp:list-item -->\r\n\r\n<!-- wp:list-item -->\r\n<li>1538 Pod komend\u0105 hetmana Jana Tarnowskiego Jan (IV) Mielecki z w\u0142asn\u0105 chor\u0105gwi\u0105 bra\u0142 udzia\u0142 w zwyci\u0119skiej bitwie z hospodarem mo\u0142dawskim Piotrem Rereszem pod Chocimiem.<\/li>\r\n<!-- \/wp:list-item -->\r\n\r\n<!-- wp:list-item -->\r\n<li>Ok. 1539 Jan Mielecki (IV) o\u017ceni\u0142 si\u0119 z Ann\u0105 z Kol\u00f3w, kt\u00f3ra wnios\u0142a du\u017cy posag, m.in. kilka miast i kilkana\u015bcie wsi.<\/li>\r\n<!-- \/wp:list-item -->\r\n\r\n<!-- wp:list-item -->\r\n<li>1539 Jan (IV) Mielecki zosta\u0142 pisarzem polnym ma\u0142opolskim i pe\u0142ni\u0142 t\u0119 funkcj\u0119 do 1541 r.\u00a0<\/li>\r\n<!-- \/wp:list-item -->\r\n\r\n<!-- wp:list-item -->\r\n<li>ok. 1542 Wybudowano drewniany ko\u015bci\u00f3\u0142 \u015bw. Anny przy drodze do Wojs\u0142awia.<\/li>\r\n<!-- \/wp:list-item -->\r\n\r\n<!-- wp:list-item -->\r\n<li>1543 Zmar\u0142 Zacheusz (Zawisza?) Mielecki.\u00a0<\/li>\r\n<!-- \/wp:list-item -->\r\n\r\n<!-- wp:list-item -->\r\n<li>ok. 1543 Zmar\u0142a Anna Lig\u0119za (\u017cona Przemys\u0142awa Lig\u0119zy, z domu Mielecka, c\u00f3rka Stanis\u0142awa). By\u0142a dam\u0105 dworu kr\u00f3lowej w\u0119gierskiej Izabeli Jagiellonki.\u00a0<\/li>\r\n<!-- \/wp:list-item -->\r\n\r\n<!-- wp:list-item -->\r\n<li>4 X 1546 lub 5 VII 1546 16 lat po \u015bmierci Stanis\u0142awa Tarnowskiego (w tym czasie spadkiem po nim zarz\u0105dza\u0142a jego \u017cona \u2013 Katarzyna) \u2013 dobra rzochowsko-rzemie\u0144skie przej\u0119li synowie Wojciech i Jan, a pozosta\u0142y maj\u0105tek pozosta\u0142 przy ich matce.\u00a0<\/li>\r\n<!-- \/wp:list-item -->\r\n\r\n<!-- wp:list-item -->\r\n<li>15 III \u2013 20 V 1547 \u2013 W czasie sejmu w Krakowie Jan (IV) Mielecki zosta\u0142 mianowany wojewod\u0105 podolskim.<\/li>\r\n<!-- \/wp:list-item -->\r\n\r\n<!-- wp:list-item -->\r\n<li>13 V 1547 Sebastian Mielecki otrzyma\u0142 kasztelani\u0119 wi\u015blick\u0105 po bracie \u2013 Janie (IV).<\/li>\r\n<!-- \/wp:list-item -->\r\n\r\n<!-- wp:list-item -->\r\n<li>11 VIII 1548 W Krakowie kr\u00f3l Zygmunt August zatwierdzi\u0142 podzia\u0142 d\u00f3br dziedzicznych miasta Mielca i 16 wsi wchodz\u0105cych w sk\u0142ad klucza mieleckiego, dokonany pomi\u0119dzy synami Stanis\u0142awa: Janem \u2013 wojewod\u0105 podolskim, Sebastianem \u2013 kasztelanem wi\u015blickim i Walerianem \u2013 podkomorzym sandomierskim. Mielec zosta\u0142 podzielony na trzy cz\u0119\u015bci, podobnie uczyniono z ca\u0142ym kluczem mieleckim.<\/li>\r\n<!-- \/wp:list-item -->\r\n\r\n<!-- wp:list-item -->\r\n<li>XII 1548 \u2013 II 1549 Sebastian Mielecki znalaz\u0142 si\u0119 w grupie polskich pan\u00f3w towarzysz\u0105cych kr\u00f3lowi Zygmuntowi Augustowi podczas spotkania z Barbar\u0105 Radziwi\u0142\u0142\u00f3wn\u0105 i wjazdu do Krakowa.<\/li>\r\n<!-- \/wp:list-item -->\r\n\r\n<!-- wp:list-item -->\r\n<li>III 1549 Sebastian Mielecki towarzyszy\u0142 biskupowi kujawskiemu Andrzejowi Zebrzydowskiemu w poselstwie do Siedmiogrodu.<\/li>\r\n<!-- \/wp:list-item -->\r\n\r\n<!-- wp:list-item -->\r\n<li>1549 Zmar\u0142 Wojciech Tarnowski, wsp\u00f3\u0142w\u0142a\u015bciciel Rzochowa i Rzemienia. Sukcesj\u0119 po nim obj\u0105\u0142 syn Stanis\u0142aw.<\/li>\r\n<!-- \/wp:list-item -->\r\n\r\n<!-- wp:list-item -->\r\n<li>1549 W akcie odbierania ho\u0142du przez kr\u00f3la Zygmunta Augusta od ksi\u0105\u017c\u0105t pomorskich uczestniczy\u0142 Jan (IV) Mielecki.\u00a0<\/li>\r\n<!-- \/wp:list-item -->\r\n\r\n<!-- wp:list-item -->\r\n<li>1550 Du\u017ca cz\u0119\u015b\u0107 Mielca uleg\u0142a zniszczeniu w czasie wielkiego po\u017caru. W celu zmobilizowania mieszka\u0144c\u00f3w do odbudowy miasta zwolniono ich od wszelkich podatk\u00f3w na okres 10 lat.<\/li>\r\n<!-- \/wp:list-item -->\r\n\r\n<!-- wp:list-item -->\r\n<li>1550 Jan (IV) Mielecki obj\u0105\u0142 starostwo grodeckie.<\/li>\r\n<!-- \/wp:list-item -->\r\n\r\n<!-- wp:list-item -->\r\n<li>27 VI 1552 W wielkim popisie wojskowym we Lwowie wzi\u0105\u0142 udzia\u0142 Jan (IV) z w\u0142asn\u0105 chor\u0105gwi\u0105 (200 koni).<\/li>\r\n<!-- \/wp:list-item -->\r\n\r\n<!-- wp:list-item -->\r\n<li>1553 Zmar\u0142 Walerian Mielecki, podkomorzy sandomierski, a jego mieleckie dobra i trzeci\u0105 cz\u0119\u015b\u0107 miasta przej\u0105\u0142 syn Jan (V).<\/li>\r\n<!-- \/wp:list-item -->\r\n\r\n<!-- wp:list-item -->\r\n<li>21 VI 1555 Kr\u00f3l Zygmunt August mianowa\u0142 Jan (IV) Mieleckiego marsza\u0142kiem wielkim koronnym.<\/li>\r\n<!-- \/wp:list-item -->\r\n\r\n<!-- wp:list-item -->\r\n<li>1555 Miko\u0142aj (I) Mielecki uczestniczy\u0142 w zdobywaniu Sieny przez wojska cesarskie, co uwieczni\u0142 w elegii jego przyjaciel Jan Kochanowski.<\/li>\r\n<!-- \/wp:list-item -->\r\n\r\n<!-- wp:list-item -->\r\n<li>1556 Wsp\u00f3\u0142w\u0142a\u015bciciele Mielca Jan i Sebastian Mieleccy ponowili nadanie statutu Cechowi Krawieckiemu.\u00a0<\/li>\r\n<!-- \/wp:list-item -->\r\n\r\n<!-- wp:list-item -->\r\n<li>1556? Sukiennicy wsp\u00f3lnie z rzemie\u015blnikami pokrewnych zawod\u00f3w utworzyli cech sukienniczy.<\/li>\r\n<!-- \/wp:list-item -->\r\n\r\n<!-- wp:list-item -->\r\n<li>6 XII 1556 \u2013 14 I 1557 W sejmie koronnym w Warszawie uczestniczy\u0142 Jan (IV) Mielecki jako marsza\u0142ek wielki koronny.\u00a0<\/li>\r\n<!-- \/wp:list-item -->\r\n\r\n<!-- wp:list-item -->\r\n<li>Lato 1557 Janowi (IV) Mieleckiemu powierzono funkcj\u0119 hetmana okresowego i dowodzenie wojskami polskimi w wyprawie na Inflanty. Do wojny nie dosz\u0142o, poniewa\u017c 14 IX 1557 r. mistrz inflancki Johann Wilhelm F\u00fcrstenberg ukorzy\u0142 si\u0119 przed kr\u00f3lem Zygmuntem Augustem w Pozwolu i zawar\u0142 uk\u0142ad na nowych warunkach, m.in. zobowi\u0105za\u0142 si\u0119 pokry\u0107 koszty wymienionej wyprawy wojennej. W wyprawie wzi\u0105\u0142 tak\u017ce udzia\u0142 Miko\u0142aj (I) Mielecki i w obozie pod Pozwolem zosta\u0142 przyj\u0119ty do grona dworzan kr\u00f3lewskich.<\/li>\r\n<!-- \/wp:list-item -->\r\n\r\n<!-- wp:list-item -->\r\n<li>1557 Miko\u0142aj (I) Mielecki zosta\u0142 starost\u0105 chmielnickim. Nied\u0142ugo potem kr\u00f3l Zygmunt August nada\u0142 mu starostwo grodeckie i w\u00f3wczas Mielecki zrzek\u0142 si\u0119 starostwa chmielnickiego.<\/li>\r\n<!-- \/wp:list-item -->\r\n\r\n<!-- wp:list-item -->\r\n<li>1557 Tarnowscy zbudowali na przedmie\u015bciu Rzochowa kaplic\u0119 pod wezwaniem \u015bw. Anny i szpital dla ubogich.<\/li>\r\n<!-- \/wp:list-item -->\r\n\r\n<!-- wp:list-item -->\r\n<li>22 XII 1557 Mielecki mieszczanin Wawrzyniec Wysz uposa\u017cy\u0142 ko\u015bci\u00f3\u0142 szpitalny \u015awi\u0119tego Ducha przy szpitalu (przytu\u0142ku dla ubogich) w pobli\u017cu ko\u015bcio\u0142a parafialnego.<\/li>\r\n<!-- \/wp:list-item -->\r\n\r\n<!-- wp:list-item -->\r\n<li>1558 Jan (IV) Mielecki otrzyma\u0142 starostwo samborskie.<\/li>\r\n<!-- \/wp:list-item -->\r\n\r\n<!-- wp:list-item -->\r\n<li>1560 Miko\u0142aj (I) Mielecki wszed\u0142 do senatu koronnego.<\/li>\r\n<!-- \/wp:list-item -->\r\n\r\n<!-- wp:list-item -->\r\n<li>13 III 1561 Zmar\u0142 Jan (IV) Mielecki, wojewoda podolski i marsza\u0142ek wielki koronny, wsp\u00f3\u0142w\u0142a\u015bciciel Mielca. Pochowany zosta\u0142 w podziemiach ko\u015bcio\u0142a \u015bw. Mateusza w Mielcu. Spadek po nim otrzyma\u0142 syn Miko\u0142aj (I).<\/li>\r\n<!-- \/wp:list-item -->\r\n\r\n<!-- wp:list-item -->\r\n<li>ok. 1561 Proboszczem parafii rzochowskiej by\u0142 ks. Jan Szyd\u0142owski.<\/li>\r\n<!-- \/wp:list-item -->\r\n\r\n<!-- wp:list-item -->\r\n<li>ok. 1561 Po przy\u0142\u0105czeniu si\u0119 do reformacji kalwi\u0144skiej w\u0142a\u015bciciel Rzochowa Jan Tarnowski (zwany Rzemie\u0144skim) nakaza\u0142 duchownym katolickim opu\u015bci\u0107 ko\u015bci\u00f3\u0142 w Rzochowie i zamieni\u0142 go na zb\u00f3r kalwi\u0144ski.\u00a0<\/li>\r\n<!-- \/wp:list-item -->\r\n\r\n<!-- wp:list-item -->\r\n<li>VI 1563 W ko\u015bciele rzochowskim i zamku rzemie\u0144skim odby\u0142y si\u0119 spotkania wyznawc\u00f3w kalwinizmu z teologiem Franciszkiem Stankerem.<\/li>\r\n<!-- \/wp:list-item -->\r\n\r\n<!-- wp:list-item -->\r\n<li>22 IX 1563 \u2013 1 IV 1564 W czasie sejmu w Warszawie Sebastian Mielecki zosta\u0142 delegatem senatu do lustracji d\u00f3br kr\u00f3lewskich w Wielkopolsce.<\/li>\r\n<!-- \/wp:list-item -->\r\n\r\n<!-- wp:list-item -->\r\n<li>1563 Sebastian Mielecki otrzyma\u0142 starostwo brzeskie na terenie Wielkopolski.<\/li>\r\n<!-- \/wp:list-item -->\r\n\r\n<!-- wp:list-item -->\r\n<li>1564 Miko\u0142aj (I) Mielecki wzi\u0105\u0142 udzia\u0142 w zwyci\u0119skich bitwach z armi\u0105 moskiewsk\u0105 pod Cza\u015bnikami (26 I), Orsz\u0105 (7 II) i Ozieryszczami oraz nieudanym obl\u0119\u017ceniu twierdzy Po\u0142ock. Wojskami litewskimi dowodzi\u0142 hetman wielki litewski Miko\u0142aj Radziwi\u0142\u0142 \u201eRudy\u201d.<\/li>\r\n<!-- \/wp:list-item -->\r\n\r\n<!-- wp:list-item -->\r\n<li>1565 Zmar\u0142 Wojciech Tarnowski, wsp\u00f3\u0142w\u0142a\u015bciciel d\u00f3br rzochowsko-rzemie\u0144skich.<\/li>\r\n<!-- \/wp:list-item -->\r\n\r\n<!-- wp:list-item -->\r\n<li>12 IX 1566 Odby\u0142 si\u0119 \u015blub Miko\u0142aja (I) Mieleckiego z El\u017cbiet\u0105 Eleonor\u0105 z Radziwi\u0142\u0142\u00f3w (c\u00f3rk\u0105 Miko\u0142aja \u201eCzarnego\u201d).\u00a0<\/li>\r\n<!-- \/wp:list-item -->\r\n\r\n<!-- wp:list-item -->\r\n<li>1567 Miko\u0142aj (I) Mielecki zosta\u0142 mianowany kasztelanem wojnickim.<\/li>\r\n<!-- \/wp:list-item -->\r\n\r\n<!-- wp:list-item -->\r\n<li>20 XI 1568 Sebastian Mielecki zosta\u0142 kasztelanem krakowskim, czyli pierwszym senatorem.<\/li>\r\n<!-- \/wp:list-item -->\r\n\r\n<!-- wp:list-item -->\r\n<li>1 VII 1569 W Lublinie Polska i Litwa zawar\u0142y uni\u0119, na mocy kt\u00f3rej powsta\u0142o jedno pa\u0144stwo Rzeczpospolita Obojga Narod\u00f3w z jednym w\u0142adc\u0105, jednym sejmem, senatem i monet\u0105 oraz wsp\u00f3ln\u0105 polityk\u0105 zagraniczn\u0105 i wojskow\u0105. W tym wiekopom-nym wydarzeniu uczestniczy\u0142 Miko\u0142aj (I) Mielecki.<\/li>\r\n<!-- \/wp:list-item -->\r\n\r\n<!-- wp:list-item -->\r\n<li>5 IX 1569 Miko\u0142aj (I) Mielecki zosta\u0142 mianowany wojewod\u0105 podolskim.<\/li>\r\n<!-- \/wp:list-item -->\r\n\r\n<!-- wp:list-item -->\r\n<li>III 1571 Miko\u0142aj (I) Mielecki reprezentowa\u0142 kr\u00f3la Zygmunta Augusta na pogrzebie kr\u00f3lewicza Jana Zygmunta Zapolyi w Siedmiogrodzie i bra\u0142 udzia\u0142 w realizacji jego testamentu.\u00a0<\/li>\r\n<!-- \/wp:list-item -->\r\n\r\n<!-- wp:list-item -->\r\n<li>Ok. 1571 Zmar\u0142 Jan Amor Tarnowski \u201eRzemie\u0144ski\u201d \u2013 wsp\u00f3\u0142w\u0142a\u015bciciel klucza rzemie\u0144sko-rzochowskiego.<\/li>\r\n<!-- \/wp:list-item -->\r\n\r\n<!-- wp:list-item -->\r\n<li>19-24 VII 1572 Sebastian Mielecki \u2013 kasztelan krakowski \u2013 patronowa\u0142 zjazdowi szlachty ma\u0142opolskiej w Krakowie.\u00a0<\/li>\r\n<!-- \/wp:list-item -->\r\n\r\n<!-- wp:list-item -->\r\n<li>1572 Klucz rzemie\u0144sko-rzochowski otrzyma\u0142 Stanis\u0142aw (II) Tarnowski \u2013 syn Jana Tarnowskiego \u201eRzemie\u0144skiego\u201d.<\/li>\r\n<!-- \/wp:list-item -->\r\n\r\n<!-- wp:list-item -->\r\n<li>1572 Miko\u0142aj (I) Mielecki dowodzi\u0142 &#8211; jako hetman zaci\u0119\u017cny \u2013 wypraw\u0105 do Mo\u0142dawii. Po pocz\u0105tkowych sukcesach nad Mo\u0142dawianami zosta\u0142 zmuszony przez armi\u0119 tureck\u0105 do odwrotu. Po zaci\u0119tych walkach pod Chocimiem, przy wsparciu przyby\u0142ego na pomoc hetmana Jerzego Jaz\u0142owieckiego, uda\u0142o si\u0119 zawrze\u0107 uk\u0142ad z Turkami i Miko\u0142aj powr\u00f3ci\u0142 do kraju.<\/li>\r\n<!-- \/wp:list-item -->\r\n\r\n<!-- wp:list-item -->\r\n<li>1572 Zmar\u0142 Stanis\u0142aw Mielecki (jezuita) \u2013 syn Waleriana Mieleckiego.<\/li>\r\n<!-- \/wp:list-item -->\r\n\r\n<!-- wp:list-item -->\r\n<li>28 I 1573 Miko\u0142aj (I) Mielecki znacz\u0105co przyczyni\u0142 si\u0119 do uchwalenia przez sejm konwokacyjny w Warszawie \u201epokoju pospolitego mi\u0119dzy rozerwanymi i r\u00f3\u017cnymi w wierze\u201d, zwanego te\u017c \u201epokojem religijnym\u201d. W konwokacji uczestniczy\u0142 tak\u017ce Sebastian Mielecki.<\/li>\r\n<!-- \/wp:list-item -->\r\n\r\n<!-- wp:list-item -->\r\n<li>III 1573 W czasie obrad sejmik\u00f3w ziemskich pokonwokacyjnych, b\u0119d\u0105cych r\u00f3wnocze\u015bnie przedelekcyjnymi, rozpatrywano m.in. mo\u017cliwe kandydatury na kr\u00f3la Rzeczpospolitej. Do grona polskich kandydat\u00f3w zaliczano Miko\u0142aja (I) Mieleckiego. \u00a0\u00a0<\/li>\r\n<!-- \/wp:list-item -->\r\n\r\n<!-- wp:list-item -->\r\n<li>1573 Po raz pierwszy do mieleckiej ksi\u0119gi w\u00f3jtowskiej wpisano informacj\u0119 o \u017bydach \u2013 Izraelu i Barbarze.\u00a0<\/li>\r\n<!-- \/wp:list-item -->\r\n\r\n<!-- wp:list-item -->\r\n<li>21 II 1574 W czasie koronacji Henryka Walezego w katedrze na Wawelu Sebastian Mielecki pe\u0142ni\u0142 jedn\u0105 z g\u0142\u00f3wnych funkcji, bowiem jako pierwszy senator podawa\u0142 koron\u0119 prymasowi Jakubowi Ucha\u0144skiemu, kt\u00f3ry koronowa\u0142 kr\u00f3la.\u00a0<\/li>\r\n<!-- \/wp:list-item -->\r\n\r\n<!-- wp:list-item -->\r\n<li>22 II \u2013 2 IV 1574 W czasie sejmu koronacyjnego na zamku wawelskim Sebastian Mielecki ostro domaga\u0142 si\u0119 zaprzysi\u0119\u017cenia przez kr\u00f3la \u201epokoju religijnego\u201d.<\/li>\r\n<!-- \/wp:list-item -->\r\n\r\n<!-- wp:list-item -->\r\n<li>Jesie\u0144 1574 Zmar\u0142 Sebastian Mielecki \u2013 kasztelan krakowski i pierwszy senator Rzeczypospolitej. Pochowany zosta\u0142 w podziemiach ko\u015bcio\u0142a \u015bw. Mateusza w Mielcu. Sukcesorem jego cz\u0119\u015bci Mielca zosta\u0142 syn Hieronim.<\/li>\r\n<!-- \/wp:list-item -->\r\n\r\n<!-- wp:list-item -->\r\n<li>1575 Miko\u0142aj (I) Mielecki i M. Sieniawski dowodzili obron\u0105 ziem ruskich przed Tatarami.\u00a0<\/li>\r\n<!-- \/wp:list-item -->\r\n\r\n<!-- wp:list-item -->\r\n<li>1575 W\u00f3jtem mieleckim by\u0142 Miko\u0142aj Strzelec &#8211; jeden z najbogatszych mieszczan mieleckich w latach 70. XVI w.<\/li>\r\n<!-- \/wp:list-item -->\r\n\r\n<!-- wp:list-item -->\r\n<li>4 XI 1575 W Mielcu wybuch\u0142 du\u017cy po\u017car, kt\u00f3ry zniszczy\u0142 po\u0142ow\u0119 miasta. Przyczyn\u0105 po\u017caru by\u0142o zapr\u00f3szenie ognia w stajni Szcz\u0119snego Bogaczka przez przyby\u0142ych na jarmark rzemie\u015blnik\u00f3w z Iwanisk.<\/li>\r\n<!-- \/wp:list-item -->\r\n\r\n<!-- wp:list-item -->\r\n<li>1575 Dokument informuje o browarze prowadzonym przez mieleckiego w\u00f3jta Miko\u0142aja Strzelca.\u00a0<\/li>\r\n<!-- \/wp:list-item -->\r\n\r\n<!-- wp:list-item -->\r\n<li>1577 W rezultacie wieloletnich stara\u0144 jezuit\u00f3w Miko\u0142aj (I) Mielecki powr\u00f3ci\u0142 do wiary katolickiej.<\/li>\r\n<!-- \/wp:list-item -->\r\n\r\n<!-- wp:list-item -->\r\n<li>ok. 1577 Stanis\u0142aw Tarnowski przeprowadzi\u0142 rekatolizacj\u0119 ko\u015bcio\u0142a w Rzochowie.<\/li>\r\n<!-- \/wp:list-item -->\r\n\r\n<!-- wp:list-item -->\r\n<li>ok. 1577 Wybudowano ko\u015bci\u00f3\u0142 szpitalny \u015bw. Anny przy szpitalu (przytu\u0142ku dla ubogich) w Rzochowie.\u00a0<\/li>\r\n<!-- \/wp:list-item -->\r\n\r\n<!-- wp:list-item -->\r\n<li>1577 Rektorem szko\u0142y w Mielcu by\u0142 Jakub \u2013 baka\u0142arz sztuk wyzwolonych.<\/li>\r\n<!-- \/wp:list-item -->\r\n\r\n<!-- wp:list-item -->\r\n<li>ok. 1577 Zbudowano drewniany ko\u015bci\u00f3\u0142 Naj\u015bwi\u0119tszej Panny Maryi \u0141askawej na wzg\u00f3rzu Piasek przy drodze do Sandomierza.<\/li>\r\n<!-- \/wp:list-item -->\r\n\r\n<!-- wp:list-item -->\r\n<li>1578 W rejestrze poborowym wymieniono 40 rzemie\u015blnik\u00f3w p\u0142ac\u0105cych podatek do skarbu kr\u00f3lewskiego.<\/li>\r\n<!-- \/wp:list-item -->\r\n\r\n<!-- wp:list-item -->\r\n<li>ok. 1578 Zmar\u0142 Jan (V) Mielecki. W spadku po nim trzeci\u0105 cz\u0119\u015b\u0107 Mielca otrzyma\u0142 syn Jan (VI).<\/li>\r\n<!-- \/wp:list-item -->\r\n\r\n<!-- wp:list-item -->\r\n<li>ok. 1578 Powsta\u0142 Cech Garncarski w Mielcu.<\/li>\r\n<!-- \/wp:list-item -->\r\n\r\n<!-- wp:list-item -->\r\n<li>2 II 1579 kr\u00f3l Stefan Batory mianowa\u0142 Miko\u0142aja (I) Mieleckiego hetmanem wielkim koronnym.<\/li>\r\n<!-- \/wp:list-item -->\r\n\r\n<!-- wp:list-item -->\r\n<li>VI \u2013 IX 1579 Hetman wielki koronny Miko\u0142aj Mielecki by\u0142 jedn\u0105 z g\u0142\u00f3wnych postaci zorganizowanej przez kr\u00f3la Stefana Batorego zwyci\u0119skiej wyprawy przeciwko Moskwie. Dow\u00f3dc\u0105 chor\u0105gwi jazdy by\u0142 Hieronim Mielecki. Zdobyto w\u00f3wczas twierdze: Po\u0142ock (dowodzi\u0142 kr\u00f3l), Sok\u00f3\u0142 i Susz\u0119 (dow\u00f3dc\u0105 wojsk by\u0142 Mielecki) oraz Turowl\u0119 i kilka mniejszych zamk\u00f3w.<\/li>\r\n<!-- \/wp:list-item -->\r\n\r\n<!-- wp:list-item -->\r\n<li>VII \u2013 IX 1580 W wyprawie na Moskw\u0119 uczestniczy\u0142 Hieronim Mielecki. Zdobyto w\u00f3wczas twierdz\u0119 Wielkie \u0141uki.<\/li>\r\n<!-- \/wp:list-item -->\r\n\r\n<!-- wp:list-item -->\r\n<li>1580 El\u017cbieta Eleonora Mielecka (z Radziwi\u0142\u0142\u00f3w) przesz\u0142a na katolicyzm.<\/li>\r\n<!-- \/wp:list-item -->\r\n\r\n<!-- wp:list-item -->\r\n<li>1580 W dokumencie cechowym pojawi\u0142 si\u0119 zapis o sukienniku Grzegorzu \u2013 jednym z pierwszych mistrz\u00f3w tego rzemios\u0142a w Mielcu.<\/li>\r\n<!-- \/wp:list-item -->\r\n\r\n<!-- wp:list-item -->\r\n<li>ok. 1580 Proboszczem parafii w Rzochowie mianowano ks. Stanis\u0142awa Ga\u0142\u0105zk\u0119.<\/li>\r\n<!-- \/wp:list-item -->\r\n\r\n<!-- wp:list-item -->\r\n<li>1581 Miko\u0142aj (I) Mielecki odm\u00f3wi\u0142 \u2013 z powodu choroby \u2013 udzia\u0142u w nast\u0119pnej wyprawie na Moskw\u0119. Kr\u00f3l mianowa\u0142 Jana Zamoyskiego hetmanem wielkim koronnym, a ura\u017cony tym Mielecki odes\u0142a\u0142 kr\u00f3lowi bu\u0142aw\u0119 hetma\u0144sk\u0105.<\/li>\r\n<!-- \/wp:list-item -->\r\n\r\n<!-- wp:list-item -->\r\n<li>1582 Proboszczem parafii \u015bw. Mateusza zosta\u0142 ks. Miko\u0142aj Koczowski i pe\u0142ni\u0142 t\u0119 funkcj\u0119 do 1596 r.\u00a0<\/li>\r\n<!-- \/wp:list-item -->\r\n\r\n<!-- wp:list-item -->\r\n<li>1582 W\u0142a\u015bciciele Mielca nadali proboszczowi parafii \u015bw. Mateusza c\u0142o mostowe oraz op\u0142aty jarmarczne i targowe w Mielcu.<\/li>\r\n<!-- \/wp:list-item -->\r\n\r\n<!-- wp:list-item -->\r\n<li>1583 Dosz\u0142o do pojednania Miko\u0142aja (I) Mieleckiego z Janem Zamoyskim. W tym roku Mielecki otrzyma\u0142 starostwo doli\u0144skie na Rusi.<\/li>\r\n<!-- \/wp:list-item -->\r\n\r\n<!-- wp:list-item -->\r\n<li>1584 Siedemnastoletni Miko\u0142aj (II) Mielecki zosta\u0142 mianowany przez kr\u00f3la Stefana Batorego opatem tynieckim.<\/li>\r\n<!-- \/wp:list-item -->\r\n\r\n<!-- wp:list-item -->\r\n<li>ok. 1585 Po bezpotomnej \u015bmierci Stanis\u0142awa (II) Tarnowskiego i jego \u017cony Zofii (z Mieleckich) \u2013 Rzoch\u00f3w i okolice przej\u0105\u0142 Hieronim Mielecki, a p\u00f3\u017aniej \u2013 jego c\u00f3rka Anna (po m\u0119\u017cu Ratowska).\u00a0<\/li>\r\n<!-- \/wp:list-item -->\r\n\r\n<!-- wp:list-item -->\r\n<li>11 V 1585 W czasie leczenia w Krakowie zmar\u0142 Miko\u0142aj (I) Mielecki. Pochowano go w podziemiach ko\u015bcio\u0142a \u015bw. Mateusza w Mielcu. Trzeci\u0105 cz\u0119\u015b\u0107 Mielca w spadku po nim otrzyma\u0142a c\u00f3rka Zofia.<\/li>\r\n<!-- \/wp:list-item -->\r\n\r\n<!-- wp:list-item -->\r\n<li>1586 Zofia Mielecka, c\u00f3rka Miko\u0142aja, wysz\u0142a za m\u0105\u017c za ksi\u0119cia Symeona Olelkowicza S\u0142uckiego.<\/li>\r\n<!-- \/wp:list-item -->\r\n\r\n<!-- wp:list-item -->\r\n<li>1587 Biskup krakowski Piotr Myszkowski erygowa\u0142 prepozytur\u0119 szpitaln\u0105 w Rzochowie.<\/li>\r\n<!-- \/wp:list-item -->\r\n\r\n<!-- wp:list-item -->\r\n<li>1587 W Mielcu rozprzestrzeni\u0142a si\u0119 d\u017cuma (\u201emorowe powietrze\u201d, \u201eczarna \u015bmier\u0107\u201d), poch\u0142aniaj\u0105c wiele ofiar.<\/li>\r\n<!-- \/wp:list-item -->\r\n\r\n<!-- wp:list-item -->\r\n<li>1588 Hieronim Mielecki zosta\u0142 kasztelanem czechowskim i starost\u0105 sandomierskim.<\/li>\r\n<!-- \/wp:list-item -->\r\n\r\n<!-- wp:list-item -->\r\n<li>1588 W dokumencie pojawi\u0142a si\u0119 pierwsza wzmianka o aptece w Mielcu prowadzonej przez Wojciecha Pharmacopol\u0119.<\/li>\r\n<!-- \/wp:list-item -->\r\n\r\n<!-- wp:list-item -->\r\n<li>Ok. 1589 Anna Mielecka wysz\u0142a za m\u0105\u017c za Joachima Ocieskiego i wnios\u0142a w posagu trzeci\u0105 cz\u0119\u015b\u0107 Mielca, 8 okolicznych wsi oraz maj\u0105tek rzochowsko-rzemie\u0144ski.<\/li>\r\n<!-- \/wp:list-item -->\r\n\r\n<!-- wp:list-item -->\r\n<li>1589-1592 Joachim Ocieski dowodzi\u0142 rot\u0105 husarsk\u0105 w wojsku kwarcianym i bra\u0142 udzia\u0142 w obronie Rusi przed najazdem Tatar\u00f3w.<\/li>\r\n<!-- \/wp:list-item -->\r\n\r\n<!-- wp:list-item -->\r\n<li>1589 W dokumencie odnotowano pierwszego mieleckiego kotlarza \u2013 Stanis\u0142awa Madejskiego.<\/li>\r\n<!-- \/wp:list-item -->\r\n\r\n<!-- wp:list-item -->\r\n<li>Ok. 1590 W\u00f3jtem mieleckim by\u0142 Wojciech Aptekarz vel Albert Pharmacopola.<\/li>\r\n<!-- \/wp:list-item -->\r\n\r\n<!-- wp:list-item -->\r\n<li>Koniec XVI w.(?) Na niewielkim piaszczystym pag\u00f3rku przy drodze z Mielca do Cyranki powsta\u0142 cmentarz \u017cydowski.\u00a0<\/li>\r\n<!-- \/wp:list-item -->\r\n\r\n<!-- wp:list-item -->\r\n<li>1590 W Rzochowie zbudowano drewniany ko\u015bci\u00f3\u0142 szpitalny.<\/li>\r\n<!-- \/wp:list-item -->\r\n\r\n<!-- wp:list-item -->\r\n<li>Ok. 1590 Proboszczem parafii rzochowskiej zosta\u0142 ks. J\u00f3zef Piotrowski i pe\u0142ni\u0142 t\u0119 funkcj\u0119 do 1594 r.<\/li>\r\n<!-- \/wp:list-item -->\r\n\r\n<!-- wp:list-item -->\r\n<li>8 IV 1591 W U\u015bciu zmar\u0142a El\u017cbieta Mielecka (z Radziwi\u0142\u0142\u00f3w) \u2013 \u017cona Miko\u0142aja Mieleckiego, w ostatnich latach \u017cycia dobrodziejka wielu \u015bwi\u0105ty\u0144 katolickich. Pochowana zosta\u0142a w podziemiach ko\u015bcio\u0142a \u015bw. Mateusza w Mielcu.<\/li>\r\n<!-- \/wp:list-item -->\r\n\r\n<!-- wp:list-item -->\r\n<li>1592 Zmar\u0142 ksi\u0105\u017c\u0119 Symeon (Siemion) Olelkowicz S\u0142ucki \u2013 m\u0105\u017c Zofii z Mieleckich.\u00a0<\/li>\r\n<!-- \/wp:list-item -->\r\n\r\n<!-- wp:list-item -->\r\n<li>1592 Katarzyna, c\u00f3rka Miko\u0142aja Mieleckiego (hetmana), wysz\u0142a za m\u0105\u017c za Jana Ostroroga \u2013 podczaszego koronnego.<\/li>\r\n<!-- \/wp:list-item -->\r\n\r\n<!-- wp:list-item -->\r\n<li>1593 Po \u015bmierci opata Andrzeja Brzechwy \u2013 w\u0142adz\u0119 w klasztorze w Ty\u0144cu przej\u0105\u0142 Miko\u0142aj (II) Mielecki. Ocenia si\u0119, \u017ce czas sprawowania funkcji opata przez Mieleckiego stanowi\u0142 apogeum \u015bwietno\u015bci klasztoru.<\/li>\r\n<!-- \/wp:list-item -->\r\n\r\n<!-- wp:list-item -->\r\n<li>1593(?) Zofia z Mieleckich, wdowa po S. S\u0142uckim, wysz\u0142a za m\u0105\u017c za Jana Karola Chodkiewicza i wnios\u0142a w posagu cz\u0119\u015b\u0107 mieleckich d\u00f3br, w tym trzeci\u0105 cz\u0119\u015b\u0107 Mielca.<\/li>\r\n<!-- \/wp:list-item -->\r\n\r\n<!-- wp:list-item -->\r\n<li>1594 Hieronim Mielecki pom\u00f3g\u0142 zbrojnie hetmanowi Janowi Zamojskiemu skutecznie zastawi\u0107 drog\u0119 Tatarom, kt\u00f3rzy zrezygnowali z przej\u015bcia przez ziemie polskie.<\/li>\r\n<!-- \/wp:list-item -->\r\n\r\n<!-- wp:list-item -->\r\n<li>1594 Proboszczem parafii w Rzochowie zosta\u0142 ks. Albert Silicki i pe\u0142ni\u0142 t\u0119 funkcj\u0119 do 1596 r.\u00a0<\/li>\r\n<!-- \/wp:list-item -->\r\n\r\n<!-- wp:list-item -->\r\n<li>1595 W\u00f3jtem w Rzochowie by\u0142 Jakub Zdeb.<\/li>\r\n<!-- \/wp:list-item -->\r\n\r\n<!-- wp:list-item -->\r\n<li>1595 Ksi\u0119\u017cna s\u0142ucka Zofia Mielecka uposa\u017cy\u0142a probostwo mieleckie.<\/li>\r\n<!-- \/wp:list-item -->\r\n\r\n<!-- wp:list-item -->\r\n<li>Ok. 1595 Kardyna\u0142 krakowski Jerzy Radziwi\u0142\u0142 utworzy\u0142 dekanat mielecki.<\/li>\r\n<!-- \/wp:list-item -->\r\n\r\n<!-- wp:list-item -->\r\n<li>12 V 1596 Zmar\u0142 Hieronim Mielecki \u2013 wsp\u00f3\u0142w\u0142a\u015bciciel Mielca, a spadek po nim otrzyma\u0142a c\u00f3rka Anna.<\/li>\r\n<!-- \/wp:list-item -->\r\n\r\n<!-- wp:list-item -->\r\n<li>1596 Proboszczem parafii \u015bw. Mateusza zosta\u0142 ks. Jakub O\u0142tarzowski.<\/li>\r\n<!-- \/wp:list-item -->\r\n\r\n<!-- wp:list-item -->\r\n<li>1599 Joachim i Anna Ociescy odbyli podr\u00f3\u017c do W\u0142och.\u00a0<\/li>\r\n<!-- \/wp:list-item -->\r\n\r\n<!-- wp:list-item -->\r\n<li>1599 W ksi\u0119dze w\u00f3jtowsko-\u0142awniczej wymieniono Ambro\u017cego \u2013 pierwszego znanego z imienia mieleckiego kotlarza.\u00a0<\/li>\r\n<!-- \/wp:list-item -->\r\n\r\n<!-- wp:list-item -->\r\n<li>ok. 1600 Zmar\u0142a Zofia Tarnowska (z Mieleckich), \u017cona Stanis\u0142awa Tarnowskiego, zarz\u0105dzaj\u0105ca po jego \u015bmierci kluczem rzochowskim. Po niej dobra rzochowskie otrzyma\u0142a c\u00f3rka jej brata Hieronima \u2013 Anna z Mieleckich Ocieska, a p\u00f3\u017aniej Ratowska.<\/li>\r\n<!-- \/wp:list-item --><\/ul>\r\n<!-- \/wp:list -->\r\n\r\n<!-- wp:paragraph -->\r\n<p>XVII wiek<\/p>\r\n<!-- \/wp:paragraph -->\r\n\r\n<!-- wp:list -->\r\n<ul><!-- wp:list-item -->\r\n<li>pocz. XVII w. Powsta\u0142y cechy: p\u0142\u00f3ciennik\u00f3w, sukienniczy i szewski w Mielcu.<\/li>\r\n<!-- \/wp:list-item -->\r\n\r\n<!-- wp:list-item -->\r\n<li>1602 Wiele ofiar spowodowa\u0142a epidemia d\u017cumy w Mielcu.<\/li>\r\n<!-- \/wp:list-item -->\r\n\r\n<!-- wp:list-item -->\r\n<li>1602 Wyla\u0142a rzeka Wis\u0142oka.<\/li>\r\n<!-- \/wp:list-item -->\r\n\r\n<!-- wp:list-item -->\r\n<li>1603 Proboszczem parafii rzymskokatolickiej w Rzochowie zosta\u0142 Jan z Wielopola.<\/li>\r\n<!-- \/wp:list-item -->\r\n\r\n<!-- wp:list-item -->\r\n<li>1603 Dokument wspomina o Sebastianie Budce \u2013 w\u00f3jcie w Rzochowie.<\/li>\r\n<!-- \/wp:list-item -->\r\n\r\n<!-- wp:list-item -->\r\n<li>1603 Zmar\u0142a Jadwiga z Kormanic \u2013 \u017cona Hieronima Mieleckiego \u2013 kasztelana sandomierskiego i wsp\u00f3\u0142w\u0142a\u015bciciela Mielca.<\/li>\r\n<!-- \/wp:list-item -->\r\n\r\n<!-- wp:list-item -->\r\n<li>ok. 1603 Proboszczem parafii rzochowskiej by\u0142 ks. Jakub Nie\u0107ko.<\/li>\r\n<!-- \/wp:list-item -->\r\n\r\n<!-- wp:list-item -->\r\n<li>29 VI 1604 W \u0141apczycy zmar\u0142 Miko\u0142aj (II) Mielecki \u2013 opat tyniecki, wielce zas\u0142u\u017cony dla\u00a0<\/li>\r\n<!-- \/wp:list-item -->\r\n\r\n<!-- wp:list-item -->\r\n<li>klasztoru tynieckiego.<\/li>\r\n<!-- \/wp:list-item -->\r\n\r\n<!-- wp:list-item -->\r\n<li>1604 Sp\u0142on\u0105\u0142 drewniany ko\u015bci\u00f3\u0142 parafialny \u015bw. Mateusza. Prawdopodobnie zachowa\u0142a si\u0119 murowana kaplica \u015bw. Anny (mauzoleum Mieleckich) \u2013 zbudowana po 1595 r. Z inicjatywy proboszcza ks. Jakuba O\u0142tarzowskiego jeszcze w tym samym roku rozpocz\u0119to budow\u0119 ko\u015bcio\u0142a \u015bw. Mateusza.<\/li>\r\n<!-- \/wp:list-item -->\r\n\r\n<!-- wp:list-item -->\r\n<li>27 IX 1605 Jan Karol Chodkiewicz odni\u00f3s\u0142 \u015bwietne zwyci\u0119stwo nad wojskami szwedzkimi (kilkakrotnie wi\u0119kszymi) w bitwie pod Kircholmem. Prawdopodobnie wzi\u0119li w niej udzia\u0142 \u017co\u0142nierze wywodz\u0105cy si\u0119 z mieleckich d\u00f3br Chodkiewicza i posiadaj\u0105cy bogate do\u015bwiadczenia wojenne z czas\u00f3w s\u0142u\u017cby w wojsku hetmana Miko\u0142aja Mieleckiego.<\/li>\r\n<!-- \/wp:list-item -->\r\n\r\n<!-- wp:list-item -->\r\n<li>1606 Joachim Ocieski (wsp\u00f3\u0142w\u0142a\u015bciciel Mielca) uczestniczy\u0142 w zje\u017adzie szlachty pod Lublinem i pe\u0142ni\u0142 obowi\u0105zki marsza\u0142ka Trybuna\u0142u Koronnego.<\/li>\r\n<!-- \/wp:list-item -->\r\n\r\n<!-- wp:list-item -->\r\n<li>1608-1610 Rozbudowano drewniany ko\u015bci\u00f3\u0142 parafialny \u015bw. Mateusza i odremontowano murowana kaplic\u0119 \u015bw. Anny. Kolatorami ko\u015bcio\u0142a byli wsp\u00f3\u0142w\u0142a\u015bciciele Mielca: Jan Karol Chodkiewicz, Joachin Ocieski i Marcin Mielecki.<\/li>\r\n<!-- \/wp:list-item -->\r\n\r\n<!-- wp:list-item -->\r\n<li>1607 W\u00f3jtem w Mielcu by\u0142 Jan Czapnik, a burmistrzem Miko\u0142aj Wolski.<\/li>\r\n<!-- \/wp:list-item -->\r\n\r\n<!-- wp:list-item -->\r\n<li>1608 Miko\u0142aj Wolski zosta\u0142 w\u00f3jtem w Mielcu.\u00a0<\/li>\r\n<!-- \/wp:list-item -->\r\n\r\n<!-- wp:list-item -->\r\n<li>1608-1611 Jan Karol Chodkiewicz sprzeda\u0142 Janowi Zbigniewowi Ossoli\u0144skiemu trzeci\u0105 cz\u0119\u015b\u0107 Mielca i dobra mieleckie stanowi\u0105ce posag \u017cony (Zofii z Mieleckich) za 130 tys. z\u0142otych polskich.<\/li>\r\n<!-- \/wp:list-item -->\r\n\r\n<!-- wp:list-item -->\r\n<li>1608-1613 Utworzono cech zbiorowy i nadano mu statut.<\/li>\r\n<!-- \/wp:list-item -->\r\n\r\n<!-- wp:list-item -->\r\n<li>1611 Mielec otrzyma\u0142 potwierdzenie targ\u00f3w cotygodniowych we wtorki oraz trzech jarmark\u00f3w w ci\u0105gu roku.\u00a0<\/li>\r\n<!-- \/wp:list-item -->\r\n\r\n<!-- wp:list-item -->\r\n<li>1611 Wyla\u0142a rzeka Wis\u0142oka.<\/li>\r\n<!-- \/wp:list-item -->\r\n\r\n<!-- wp:list-item -->\r\n<li>1613-1649 O\u017cywiony handel z Krakowem prowadzi\u0142 kupiec Sebastian Pastrzygowicz (Fastrzygowicz?).<\/li>\r\n<!-- \/wp:list-item -->\r\n\r\n<!-- wp:list-item -->\r\n<li>1615? Pochodz\u0105cy z mieleckiej rodziny mieszcza\u0144skiej \u00a0Szymon Z\u0119dzianowski uzyska\u0142 w Akademii Krakowskiej magisterium sztuk wyzwolonych i doktorat z filozofii.<\/li>\r\n<!-- \/wp:list-item -->\r\n\r\n<!-- wp:list-item -->\r\n<li>1616 Anna Ratowska (z domu Mielecka, c\u00f3rka Hieronima) sprzeda\u0142a trzeci\u0105 cz\u0119\u015b\u0107 Mielca i przypisane jej okoliczne wsie Janowi Zbigniewowi Ossoli\u0144skiemu, a klucz rzochowsko-rzemie\u0144ski &#8211; Stanis\u0142awowi Lubomirskiemu. \u00a0<\/li>\r\n<!-- \/wp:list-item -->\r\n\r\n<!-- wp:list-item -->\r\n<li>1617 Marcin z Mielca zosta\u0142 mianowany prepozytem kapeli rorantyst\u00f3w na Wawelu. Funkcj\u0119 t\u0119 pe\u0142ni\u0142 do 1628 r., po czym w nieznanych okoliczno\u015bciach znik\u0142 z \u017cycia publicznego.<\/li>\r\n<!-- \/wp:list-item -->\r\n\r\n<!-- wp:list-item -->\r\n<li>4 VIII 1617 Za zas\u0142ugi dla rodziny Ossoli\u0144skich szlachcic w\u0142oskiego pochodzenia Ferdynand Dziurdziani (starosta w Nowym Korczynie) otrzyma\u0142 dworek i \u201erol\u0119 aptekarzowsk\u0105\u201d w Mielcu.<\/li>\r\n<!-- \/wp:list-item -->\r\n\r\n<!-- wp:list-item -->\r\n<li>1618 (1619) Zmar\u0142a Zofia z Mieleckich Chodkiewiczowa. Pochowano j\u0105 w dobrach Chodkiewicz\u00f3w w Kretyndze.<\/li>\r\n<!-- \/wp:list-item -->\r\n\r\n<!-- wp:list-item -->\r\n<li>1618 Proboszczem parafii mieleckiej zosta\u0142 ks. Jan \u0141ada Skrzy\u0144ski. (Nie wiadomo, ile lat pe\u0142ni\u0142 t\u0119 funkcj\u0119.)\u00a0<\/li>\r\n<!-- \/wp:list-item -->\r\n\r\n<!-- wp:list-item -->\r\n<li>ok. 1618 Proboszczem parafii rzochowskiej zosta\u0142 ks. Samuel Kozorowski. Pe\u0142ni\u0142 t\u0119 funkcj\u0119 do 1644 r.<\/li>\r\n<!-- \/wp:list-item -->\r\n\r\n<!-- wp:list-item -->\r\n<li>1619 Burmistrzem Mielca by\u0142 Wojciech Rojek.<\/li>\r\n<!-- \/wp:list-item -->\r\n\r\n<!-- wp:list-item -->\r\n<li>18-20 IX 1620 W bitwie pod Cecor\u0105 bra\u0142 udzia\u0142 Miko\u0142aj (III) Mielecki.<\/li>\r\n<!-- \/wp:list-item -->\r\n\r\n<!-- wp:list-item -->\r\n<li>1620(?) J. Z. Ossoli\u0144ski przekaza\u0142 2\/3 Mielca i okolicznego maj\u0105tku synowi Maksymilianowi.<\/li>\r\n<!-- \/wp:list-item -->\r\n\r\n<!-- wp:list-item -->\r\n<li>2 IX \u2013 9 X 1621 W obronie Chocimia przed inwazj\u0105 tureck\u0105 uczestniczy\u0142 Miko\u0142aj (III) Mielecki. \u00a0<\/li>\r\n<!-- \/wp:list-item -->\r\n\r\n<!-- wp:list-item -->\r\n<li>24 IX 1621 W obozie wojsk Rzeczpospolitej pod Chocimiem zmar\u0142 hetman Jan Karol Chodkiewicz.\u00a0<\/li>\r\n<!-- \/wp:list-item -->\r\n\r\n<!-- wp:list-item -->\r\n<li>1623 Zmar\u0142 Jan Zbigniew Ossoli\u0144ski \u2013 w\u0142a\u015bciciel 2\/3 Mielca i d\u00f3br mieleckich w latach 1611-1615.<\/li>\r\n<!-- \/wp:list-item -->\r\n\r\n<!-- wp:list-item -->\r\n<li>1623? Anna z Mieleckich (c\u00f3rka Hieronima) wysz\u0142a za m\u0105\u017c za Stanis\u0142awa Derszniaka.<\/li>\r\n<!-- \/wp:list-item -->\r\n\r\n<!-- wp:list-item -->\r\n<li>1625 W\u00f3jtem w Rzochowie by\u0142 Jan Koz\u0142owski.<\/li>\r\n<!-- \/wp:list-item -->\r\n\r\n<!-- wp:list-item -->\r\n<li>1626 Bractwo \u015awi\u0119tej Anny w Mielcu otrzyma\u0142o prebend\u0119 i kapelana. Fundatorem prebendy by\u0142 Joannes Godzisovius, mansjonarz, wikariusz parafii \u015bw. Mateusza.<\/li>\r\n<!-- \/wp:list-item -->\r\n\r\n<!-- wp:list-item -->\r\n<li>1627-1629 W\u00f3jtem w Rzochowie by\u0142 Marcin Ciep\u0142o.<\/li>\r\n<!-- \/wp:list-item -->\r\n\r\n<!-- wp:list-item -->\r\n<li>1631 W Rzochowie zamieszka\u0142 pierwszy \u017byd.<\/li>\r\n<!-- \/wp:list-item -->\r\n\r\n<!-- wp:list-item -->\r\n<li>1631-1632 W Rzochowie w\u00f3jtem by\u0142 Wojciech Budka.\u00a0<\/li>\r\n<!-- \/wp:list-item -->\r\n\r\n<!-- wp:list-item -->\r\n<li>27 IX \u2013 15 XI 1632 W zje\u017adzie elekcyjnym, kt\u00f3ry wybra\u0142 W\u0142adys\u0142awa Waz\u0119 kr\u00f3lem Rzeczpospolitej Obojga Narod\u00f3w, elektorem z wojew\u00f3dztwa sandomierskiego by\u0142 Jan (VI) Mielecki, a elektorem z wojew\u00f3dztwa ruskiego \u2013 Marcin (I) Mielecki.<\/li>\r\n<!-- \/wp:list-item -->\r\n\r\n<!-- wp:list-item -->\r\n<li>1638 Biskup Tadeusz Oborski konsekrowa\u0142 ko\u015bci\u00f3\u0142 szpitalny w Rzochowie.<\/li>\r\n<!-- \/wp:list-item -->\r\n\r\n<!-- wp:list-item -->\r\n<li>6 VIII 1640 Zmar\u0142 Miko\u0142aj (III) Mielecki. Pochowany zosta\u0142 u OO. Franciszkan\u00f3w w Krakowie.<\/li>\r\n<!-- \/wp:list-item -->\r\n\r\n<!-- wp:list-item -->\r\n<li>1641 Ks. Radostka przesta\u0142 pe\u0142ni\u0107 funkcj\u0119 proboszcza mieleckiej parafii.<\/li>\r\n<!-- \/wp:list-item -->\r\n\r\n<!-- wp:list-item -->\r\n<li>1641 W dokumencie wymieniono mieleckiego miecznika Augustyna.<\/li>\r\n<!-- \/wp:list-item -->\r\n\r\n<!-- wp:list-item -->\r\n<li>24 II 1645 Zmar\u0142 Krzysztof Ossoli\u0144ski (l. 58) \u2013 wielokrotny pose\u0142 z woj. sandomierskiego, wojewoda sandomierski, w\u0142a\u015bciciel 2\/3 Mielca i d\u00f3br mieleckich w latach 1615-1619.<\/li>\r\n<!-- \/wp:list-item -->\r\n\r\n<!-- wp:list-item -->\r\n<li>6 X \u2013 20 XI 1648 W zje\u017adzie elekcyjnym, kt\u00f3ry wybra\u0142 Jana Kazimierza kr\u00f3lem Rzeczpospolitej, jednym z elektor\u00f3w z wojew\u00f3dztwa sandomierskiego by\u0142 Marcin (I) Mielecki.<\/li>\r\n<!-- \/wp:list-item -->\r\n\r\n<!-- wp:list-item -->\r\n<li>1649 Zmar\u0142 Stanis\u0142aw Lubomirski (l. 66) \u2013 w\u0142a\u015bciciel d\u00f3br rzochowsko-rzemie\u0144skich, wojewoda krakowski i ruski, starosta krakowski i kilku innych miast, w 1621 r. dow\u00f3dca, po \u015bmierci Jana Karola Chodkiewicza, wojsk polskich i litewskich pod Chocimiem. Spadek rzochowsko-rzemie\u0144ski otrzyma\u0142 po nim syn Aleksander Micha\u0142.<\/li>\r\n<!-- \/wp:list-item -->\r\n\r\n<!-- wp:list-item -->\r\n<li>1650 Zmar\u0142 Marcin Mielecki, w\u0142a\u015bciciel trzeciej cz\u0119\u015bci Mielca i maj\u0105tku mieleckiego. Spadek po nim otrzyma\u0142 syn Jan (VII).\u00a0<\/li>\r\n<!-- \/wp:list-item -->\r\n\r\n<!-- wp:list-item -->\r\n<li>IX 1651 W Warszawie zmar\u0142 Marcin Mielczewski (wcze\u015bniej Marcin z Mielca?) \u2013 wybitny kompozytor muzyki barokowej. Jego utwory grywano w r\u00f3\u017cnych krajach europejskich.<\/li>\r\n<!-- \/wp:list-item -->\r\n\r\n<!-- wp:list-item -->\r\n<li>1652 Proboszczem parafii mieleckiej zosta\u0142 mianowany ks. Wojciech Karol Wa\u015bniowski. Pe\u0142ni\u0142 t\u0119 funkcj\u0119 do 1681 r.<\/li>\r\n<!-- \/wp:list-item -->\r\n\r\n<!-- wp:list-item -->\r\n<li>1652-1653 D\u0142ugotrwa\u0142a epidemia d\u017cumy w Mielcu spowodowa\u0142a wiele ofiar.\u00a0<\/li>\r\n<!-- \/wp:list-item -->\r\n\r\n<!-- wp:list-item -->\r\n<li>I 1655 Zmar\u0142 Maksymilian (I) Ossoli\u0144ski \u2013 wielokrotny pose\u0142 z woj. sandomierskiego, podskarbi nadworny koronny, w\u0142a\u015bciciel 2\/3 Mielca i maj\u0105tku mieleckiego w latach 1619-1655. Spadek po nim otrzyma\u0142 syn Zbigniew \u2013 opat koprzywnicki i sekretarz kr\u00f3lewski.<\/li>\r\n<!-- \/wp:list-item -->\r\n\r\n<!-- wp:list-item -->\r\n<li>13 XI 1655 W okolicy Mielca wojsko polskie pod dow\u00f3dztwem hetmana wielkiego koronnego Stanis\u0142awa Rewery Potockiego podda\u0142o si\u0119 Szwedom.<\/li>\r\n<!-- \/wp:list-item -->\r\n\r\n<!-- wp:list-item -->\r\n<li>ok. 1655 Burmistrzem Rzochowa by\u0142 Tomasz Zdebski.<\/li>\r\n<!-- \/wp:list-item -->\r\n\r\n<!-- wp:list-item -->\r\n<li>1655 Wojska szwedzkie spali\u0142y Rzoch\u00f3w za op\u00f3r stawiany przez rzochowian.<\/li>\r\n<!-- \/wp:list-item -->\r\n\r\n<!-- wp:list-item -->\r\n<li>ok. 1658 Proboszczem rzochowskim zosta\u0142 ks. Walenty Po\u0142ecki i pe\u0142ni\u0142 t\u0119 funkcj\u0119 do 1704 r.\u00a0<\/li>\r\n<!-- \/wp:list-item -->\r\n\r\n<!-- wp:list-item -->\r\n<li>1661 Ludno\u015b\u0107 Mielca zn\u00f3w ponios\u0142a du\u017ce ofiary w czasie epidemii d\u017cumy.<\/li>\r\n<!-- \/wp:list-item -->\r\n\r\n<!-- wp:list-item -->\r\n<li>1662 Liczba ludno\u015bci Mielca spad\u0142a do 458.<\/li>\r\n<!-- \/wp:list-item -->\r\n\r\n<!-- wp:list-item -->\r\n<li>1663 Burmistrzem Mielca by\u0142 Kilian Piechowicz, a w\u00f3jtem Albert Brozinowicz..<\/li>\r\n<!-- \/wp:list-item -->\r\n\r\n<!-- wp:list-item -->\r\n<li>31 VII\/1 VIII 1665 \u2013 W czasie po\u015bcigu za rokosza\u0144skim wojskiem Jerzego Lubomirskiego na nocleg w Mielcu zatrzyma\u0142o si\u0119 wojsko kr\u00f3lewskie dowodzone przez hetmana wielkiego koronnego Jana Sobieskiego, kt\u00f3ry nocowa\u0142 u Marcina Mieleckiego \u2013 w\u0142a\u015bciciela trzeciej cz\u0119\u015bci miasta.<\/li>\r\n<!-- \/wp:list-item -->\r\n\r\n<!-- wp:list-item -->\r\n<li>9 XII 1665 Powsta\u0142o Bractwo R\u00f3\u017ca\u0144cowe \u2013 mieszcza\u0144skie stowarzyszenie katolickie.\u00a0<\/li>\r\n<!-- \/wp:list-item -->\r\n\r\n<!-- wp:list-item -->\r\n<li>2 V \u2013 6 VII 1669 W czasie elekcji Micha\u0142a Korybuta Wi\u015bniowieckiego na kr\u00f3la Rzeczpospolitej Obojga Narod\u00f3w jednym z elektor\u00f3w z wojew\u00f3dztwa sieradzkiego by\u0142 Marcin (III) Mielecki.<\/li>\r\n<!-- \/wp:list-item -->\r\n\r\n<!-- wp:list-item -->\r\n<li>1669 Rzoch\u00f3w ucierpia\u0142 na skutek wylewu rzeki Wis\u0142oki.<\/li>\r\n<!-- \/wp:list-item -->\r\n\r\n<!-- wp:list-item -->\r\n<li>1675? Zmar\u0142 Zbigniew Ossoli\u0144ski \u2013 opat koprzywnicki. 2\/3 Mielca i d\u00f3br mieleckich otrzyma\u0142 po nim Maksymilian Hieronim \u2013 drugi syn Maksymiliana Ossoli\u0144skiego.<\/li>\r\n<!-- \/wp:list-item -->\r\n\r\n<!-- wp:list-item -->\r\n<li>1676 (1677?) Zmar\u0142 Aleksander Micha\u0142 Lubomirski (l. 62) \u2013 w\u0142a\u015bciciel m.in. d\u00f3br rzochowsko-rzemie\u0144skich, koniuszy koronny, wojewoda krakowski i starosta sandomierski, pose\u0142 i senator. Spadek rzochowsko-rzemie\u0144ski otrzyma\u0142 po nim J\u00f3zef Karol.\u00a0<\/li>\r\n<!-- \/wp:list-item -->\r\n\r\n<!-- wp:list-item -->\r\n<li>1678-1721? Z fundacji Ossoli\u0144skich wybudowano murowany ko\u015bci\u00f3\u0142 \u015bw. Mateusza, kt\u00f3ry przetrwa\u0142 do naszych czas\u00f3w.<\/li>\r\n<!-- \/wp:list-item -->\r\n\r\n<!-- wp:list-item -->\r\n<li>1681 (1683?) Proboszczem parafii \u015bw. Mateusza w Mielcu zosta\u0142 ks. Konstanty z Koniecpola Przedb\u00f3rz. Sprawowa\u0142 t\u0119 funkcj\u0119 do 1695 r.<\/li>\r\n<!-- \/wp:list-item -->\r\n\r\n<!-- wp:list-item -->\r\n<li>1685 Wyla\u0142a rzeka Wis\u0142oka.<\/li>\r\n<!-- \/wp:list-item -->\r\n\r\n<!-- wp:list-item -->\r\n<li>1689? Zmar\u0142 Maksymilian Hieronim Ossoli\u0144ski \u2013 w\u0142a\u015bciciel 2\/3 Mielca i d\u00f3br mieleckich, a maj\u0105tek ten przej\u0105\u0142 Micha\u0142 Sieciech Ossoli\u0144ski \u2013 trzeci syn Maksymiliana.<\/li>\r\n<!-- \/wp:list-item -->\r\n\r\n<!-- wp:list-item -->\r\n<li>ok. 1691 Burmistrzem Rzochowa by\u0142 Stanis\u0142aw Kucharczyk.\u00a0<\/li>\r\n<!-- \/wp:list-item -->\r\n\r\n<!-- wp:list-item -->\r\n<li>12 VII 1692 W metrykach za\u015blubionych Chorzelowa odnotowano Krzysztofa Niemi\u0142owskiego \u2013 chirurga miejskiego w Mielcu. \u00a0<\/li>\r\n<!-- \/wp:list-item -->\r\n\r\n<!-- wp:list-item -->\r\n<li>1695 Proboszczem parafii \u015bw. Mateusza zosta\u0142 ks. J\u00f3zef G\u0142\u0119bocki. Pe\u0142ni\u0142 t\u0119 funkcj\u0119 do 1707 r.\u00a0<\/li>\r\n<!-- \/wp:list-item -->\r\n\r\n<!-- wp:list-item -->\r\n<li>XVII w. Zbudowano ko\u015bci\u00f3\u0142 Matki Bo\u017cej R\u00f3\u017ca\u0144cowej przy zbiegu dr\u00f3g do Cyranki i Sandomierza.<\/li>\r\n<!-- \/wp:list-item -->\r\n\r\n<!-- wp:list-item -->\r\n<li>1699 Wylew rzeki Wis\u0142oki spowodowa\u0142 szkody w Rzochowie.<\/li>\r\n<!-- \/wp:list-item -->\r\n\r\n<!-- wp:list-item -->\r\n<li>Koniec XVII w. \u015alusarze rzochowscy realizowali zam\u00f3wienia dla pa\u0142acu kr\u00f3lewskiego w Wilanowie i Lublina. \u00a0\u00a0<\/li>\r\n<!-- \/wp:list-item --><\/ul>\r\n<!-- \/wp:list -->\r\n\r\n<!-- wp:paragraph -->\r\n<p><strong>XVIII wiek<\/strong><\/p>\r\n<!-- \/wp:paragraph -->\r\n\r\n<!-- wp:list -->\r\n<ul><!-- wp:list-item -->\r\n<li>VII-VIII 1702 W czasie wojny domowej miasto zosta\u0142o spustoszone przez wojska polskie i szwedzkie pod dow\u00f3dztwem genera\u0142a Magnusa Stenbocka.<\/li>\r\n<!-- \/wp:list-item -->\r\n\r\n<!-- wp:list-item -->\r\n<li>15 V \u2013 27 VI 1697 W zje\u017adzie elekcyjnym, kt\u00f3ry wybra\u0142 Augusta II Wettyna kr\u00f3lem Rzeczpospolitej, uczestniczy\u0142 Marcin (III) Mielecki jako jeden z elektor\u00f3w delegowanych z wojew\u00f3dztwa krakowskiego.\u00a0<\/li>\r\n<!-- \/wp:list-item -->\r\n\r\n<!-- wp:list-item -->\r\n<li>1702 lub 1703 Zmar\u0142 J\u00f3zef Karol Lubomirski (l. 64) \u2013 w\u0142a\u015bciciel m.in. maj\u0105tku rzochowsko-rzemie\u0144skiego, koniuszy koronny, marsza\u0142ek nadworny, marsza\u0142ek wielki koronny i starosta sandomierski. Spadek rzochowsko-rzemie\u0144ski po nim otrzyma\u0142a c\u00f3rka \u2013 J\u00f3zefa Maria.<\/li>\r\n<!-- \/wp:list-item -->\r\n\r\n<!-- wp:list-item -->\r\n<li>ok. 1703 Zmar\u0142 Marcin (III) Mielecki, starosta brze\u017anicki, w\u0142a\u015bciciel trzeciej cz\u0119\u015bci Mielca i d\u00f3br mieleckich. Starostwo brze\u017anickie oraz 1\/3 Mielca maj\u0105tku mieleckiego odziedziczy\u0142 jego brat Rafa\u0142.<\/li>\r\n<!-- \/wp:list-item -->\r\n\r\n<!-- wp:list-item -->\r\n<li>ok. 1704 Proboszczem parafii rzochowskiej zosta\u0142 ks. Jakub Dziekanowicz i pe\u0142ni\u0142 t\u0119 funkcj\u0119 do 1707 r.\u00a0<\/li>\r\n<!-- \/wp:list-item -->\r\n\r\n<!-- wp:list-item -->\r\n<li>1705-1711 Burmistrzem i w\u00f3jtem Mielca by\u0142 Kazimierz Polak vel Rynnowic.<\/li>\r\n<!-- \/wp:list-item -->\r\n\r\n<!-- wp:list-item -->\r\n<li>1705-1714 Ludno\u015b\u0107 Mielca ponios\u0142a du\u017ce straty w czasie d\u0142ugotrwa\u0142ej epidemii d\u017cumy.<\/li>\r\n<!-- \/wp:list-item -->\r\n\r\n<!-- wp:list-item -->\r\n<li>1707 Proboszczem parafii \u015bw. Mateusza mianowano ks. Sebastiana G\u0142\u0119bockiego. Pe\u0142ni\u0142 t\u0119 funkcj\u0119 do 1733 r.\u00a0<\/li>\r\n<!-- \/wp:list-item -->\r\n\r\n<!-- wp:list-item -->\r\n<li>ok. 1707 Proboszczem parafii w Rzochowie zosta\u0142 ks. Hiacenty \u0141ab\u0119cki i pe\u0142ni\u0142 t\u0119 funkcj\u0119 do 1740 r.<\/li>\r\n<!-- \/wp:list-item -->\r\n\r\n<!-- wp:list-item -->\r\n<li>1708 W\u00f3jtem w Rzochowie by\u0142 Marcin Dyborowicz.<\/li>\r\n<!-- \/wp:list-item -->\r\n\r\n<!-- wp:list-item -->\r\n<li>ok. 1708 Burmistrzem Rzochowa by\u0142 Wawrzyniec Snopkiewicz.\u00a0<\/li>\r\n<!-- \/wp:list-item -->\r\n\r\n<!-- wp:list-item -->\r\n<li>1710 J\u00f3zefa Maria Lubomirska wysz\u0142a za m\u0105\u017c za ksi\u0119cia Jana Sanguszk\u0119 i wnios\u0142a w posagu m.in. maj\u0105tek rzochowsko-rzemie\u0144ski. \u00a0<\/li>\r\n<!-- \/wp:list-item -->\r\n\r\n<!-- wp:list-item -->\r\n<li>1710-1711 \u201ePowietrze morowe\u201d zn\u00f3w poch\u0142on\u0119\u0142o wiele ofiar.<\/li>\r\n<!-- \/wp:list-item -->\r\n\r\n<!-- wp:list-item -->\r\n<li>1715 Po\u017car zniszczy\u0142 cz\u0119\u015b\u0107 zabudowy Mielca.\u00a0<\/li>\r\n<!-- \/wp:list-item -->\r\n\r\n<!-- wp:list-item -->\r\n<li>ok. 1715 Starosta brze\u017anicki Rafa\u0142 Mielecki zastawi\u0142 trzeci\u0105 cz\u0119\u015b\u0107 Mielca i maj\u0105tku mieleckiego za d\u0142ugi Stanis\u0142awowi Morsztynowi \u2013 wojewodzie sandomierskiemu.<\/li>\r\n<!-- \/wp:list-item -->\r\n\r\n<!-- wp:list-item -->\r\n<li>1715 Proboszcz parafii \u015bw. Mateusza ks. Sebastian G\u0142\u0119bocki po\u017cyczy\u0142 mieleckim \u017bydom 300 z\u0142otych polskich na budow\u0119 b\u00f3\u017cnicy.<\/li>\r\n<!-- \/wp:list-item -->\r\n\r\n<!-- wp:list-item -->\r\n<li>1717\/1718 W\u0142a\u015bcicielem 2\/3 Mielca i maj\u0105tku mieleckiego zosta\u0142 Jerzy Zbigniew Ossoli\u0144ski \u2013 kasztelan po\u0142aniecki.\u00a0<\/li>\r\n<!-- \/wp:list-item -->\r\n\r\n<!-- wp:list-item -->\r\n<li>1717-1743 Burmistrzem i w\u00f3jtem Mielca by\u0142 \u0141ukasz Bro\u017conowicz.<\/li>\r\n<!-- \/wp:list-item -->\r\n\r\n<!-- wp:list-item -->\r\n<li>1717 Wyla\u0142a rzeka Wis\u0142oka.<\/li>\r\n<!-- \/wp:list-item -->\r\n\r\n<!-- wp:list-item -->\r\n<li>1719 Zmar\u0142 Stanis\u0142aw Morsztyn \u2013 kasztelan czerski, wojewoda mazowiecki i sandomierski, posiadacz wielu nieruchomo\u015bci oraz m.in. zastawu w postaci trzeciej cz\u0119\u015bci miasta Mielca i maj\u0105tku mieleckiego. Wspomniany zastaw przej\u0119\u0142a \u017cona \u2013 Konstancja.<\/li>\r\n<!-- \/wp:list-item -->\r\n\r\n<!-- wp:list-item -->\r\n<li>1719 Wsp\u00f3\u0142w\u0142a\u015bciciel Mielca Jerzy Zbigniew Ossoli\u0144ski nakaza\u0142 traktowanie \u017byd\u00f3w na r\u00f3wni z chrze\u015bcija\u0144skimi mieszka\u0144cami miasta i obu nacjom zaleci\u0142 wzajemn\u0105 tolerancj\u0119.<\/li>\r\n<!-- \/wp:list-item -->\r\n\r\n<!-- wp:list-item -->\r\n<li>ok. 1720 Zbudowano drewnian\u0105 bo\u017cnic\u0119.<\/li>\r\n<!-- \/wp:list-item -->\r\n\r\n<!-- wp:list-item -->\r\n<li>1721? Zako\u0144czono budow\u0119 ko\u015bcio\u0142a murowanego \u015bw. Mateusza fundowanego przez w\u0142a\u015bciciela dw\u00f3ch cz\u0119\u015bci Mielca i maj\u0105tku mieleckiego &#8211; Jerzego Zbigniewa Ossoli\u0144skiego.<\/li>\r\n<!-- \/wp:list-item -->\r\n\r\n<!-- wp:list-item -->\r\n<li>1721 Ko\u015bcielny wizytator szk\u00f3\u0142 stwierdzi\u0142 brak dzia\u0142alno\u015bci szko\u0142y w Mielcu<\/li>\r\n<!-- \/wp:list-item -->\r\n\r\n<!-- wp:list-item -->\r\n<li>1721 Wylew rzeki Wis\u0142oki (jeden z wi\u0119kszych w historii Mielca) i kolejny po\u017car wyrz\u0105dzi\u0142y wielkie szkody.<\/li>\r\n<!-- \/wp:list-item -->\r\n\r\n<!-- wp:list-item -->\r\n<li>1721 W celu odbudowy miasta Mielca jego wsp\u00f3\u0142w\u0142a\u015bciciele wystarali si\u0119 u kr\u00f3la Augusta II o przywilej na organizacj\u0119 3 nowych jarmark\u00f3w.<\/li>\r\n<!-- \/wp:list-item -->\r\n\r\n<!-- wp:list-item -->\r\n<li>1722 Antoni Morsztyn \u2013 wojewoda inflancki i starosta czorszty\u0144ski \u2013 otrzyma\u0142 trzeci\u0105 cz\u0119\u015b\u0107 \u00a0Mielca i maj\u0105tku mieleckiego jako zastaw.<\/li>\r\n<!-- \/wp:list-item -->\r\n\r\n<!-- wp:list-item -->\r\n<li>1722 Mieleccy sukiennicy podpisali z ekonomem skarbu koronnego Andrzejem Prokopowiczem umow\u0119 na wyprodukowanie sukna.\u00a0<\/li>\r\n<!-- \/wp:list-item -->\r\n\r\n<!-- wp:list-item -->\r\n<li>1723 Trzecia cz\u0119\u015b\u0107 Mielca i maj\u0105tku mieleckiego Rafa\u0142a Mieleckiego przesz\u0142a na w\u0142asno\u015b\u0107 Antoniego Morsztyna.<\/li>\r\n<!-- \/wp:list-item -->\r\n\r\n<!-- wp:list-item -->\r\n<li>1724 W ksi\u0119dze cechu zbiorowego zapisano obecno\u015b\u0107 w Mielcu pierwszego mistrza grzebieniarstwa.<\/li>\r\n<!-- \/wp:list-item -->\r\n\r\n<!-- wp:list-item -->\r\n<li>1725 W\u0142a\u015bciciel Rzochowa zach\u0119ci\u0142 do osiedlania si\u0119 w tym mie\u015bcie przywilejem zwalniaj\u0105cym nowych mieszka\u0144c\u00f3w z p\u0142acenia czynsz\u00f3w przez 6 lat.<\/li>\r\n<!-- \/wp:list-item -->\r\n\r\n<!-- wp:list-item -->\r\n<li>1726 W\u0142a\u015bciciel Rzochowa wystara\u0142 si\u0119 o prawo organizowania w tym mie\u015bcie 4 jarmark\u00f3w.\u00a0<\/li>\r\n<!-- \/wp:list-item -->\r\n\r\n<!-- wp:list-item -->\r\n<li>1729 Zmar\u0142 Jerzy Zbigniew Ossoli\u0144ski \u2013 kasztelan po\u0142aniecki i zawichojski, w\u0142a\u015bciciel 2\/3 Mielca w latach 1718-1729. 2\/3 Mielca i maj\u0105tek mielecki przej\u0105\u0142 J\u00f3zef Ossoli\u0144ski \u2013 kasztelan czchowski i genera\u0142 wojsk kr\u00f3lewskich.<\/li>\r\n<!-- \/wp:list-item -->\r\n\r\n<!-- wp:list-item -->\r\n<li>1735 Zmar\u0142 Antoni Morsztyn \u2013 w\u0142a\u015bciciel trzeciej cz\u0119\u015bci Mielca, kt\u00f3r\u0105 przej\u0119\u0142a wdowa po nim \u2013 Helena z Potockich Morsztynowa. .\u00a0<\/li>\r\n<!-- \/wp:list-item -->\r\n\r\n<!-- wp:list-item -->\r\n<li>1736 Na zlecenie Ossoli\u0144skich wykonano kamienn\u0105 figur\u0119 \u015bw. Jana Nepomucena i ustawiono j\u0105 nad brzegiem Wis\u0142oki w pobli\u017cu dawnego zamku Mieleckich.<\/li>\r\n<!-- \/wp:list-item -->\r\n\r\n<!-- wp:list-item -->\r\n<li>1739 Kanonik kujawski ks. Wojciech Morsztyn zosta\u0142 proboszczem parafii \u015bw. Mateusza w Mielcu i pe\u0142ni\u0142 t\u0119 funkcj\u0119\u00a0<\/li>\r\n<!-- \/wp:list-item -->\r\n\r\n<!-- wp:list-item -->\r\n<li>do 1743 r.<\/li>\r\n<!-- \/wp:list-item -->\r\n\r\n<!-- wp:list-item -->\r\n<li>1739-1759? Z fundacji Heleny z Potockich Morsztynowej, w\u0142a\u015bcicielki trzeciej cz\u0119\u015bci Mielca, zbudowano ko\u015bci\u00f3\u0142 Naj\u015bwi\u0119tszej Panny Maryi i klasztor trynitarzy na wzg\u00f3rzu Piasek przy drodze do Sandomierza.\u00a0<\/li>\r\n<!-- \/wp:list-item -->\r\n\r\n<!-- wp:list-item -->\r\n<li>1740 W\u00f3jtem miasta Rzochowa by\u0142 Jan Albert Pezikiewicz.<\/li>\r\n<!-- \/wp:list-item -->\r\n\r\n<!-- wp:list-item -->\r\n<li>ok. 1740 Proboszczem rzochowskim zosta\u0142 mianowany ks. Jan Zembecki i pe\u0142ni\u0142 t\u0119 funkcj\u0119 do 1758 r.<\/li>\r\n<!-- \/wp:list-item -->\r\n\r\n<!-- wp:list-item -->\r\n<li>1750 Zmar\u0142 Pawe\u0142 Karol Sanguszko (l. 70) \u2013 w\u0142a\u015bciciel Rzochowa w pierwszej \u0107wierci XVIII w.<\/li>\r\n<!-- \/wp:list-item -->\r\n\r\n<!-- wp:list-item -->\r\n<li>1753 Po rozwi\u0105zaniu ordynacji Sanguszk\u00f3w (na skutek d\u0142ug\u00f3w) \u2013 dobra rzochowsko-rzemie\u0144skie otrzyma\u0142 J\u00f3zef Lubomirski \u2013 podstoli litewski i sprzeda\u0142 je J\u00f3zefowi Antoniemu Lasockiemu.\u00a0<\/li>\r\n<!-- \/wp:list-item -->\r\n\r\n<!-- wp:list-item -->\r\n<li>1753 Dobra wojs\u0142awskie zakupi\u0142 Andrzej Wiesio\u0142owski \u2013 stolnik i pods\u0119dek pilzne\u0144ski.<\/li>\r\n<!-- \/wp:list-item -->\r\n\r\n<!-- wp:list-item -->\r\n<li>1755 Zmar\u0142 J\u00f3zef Lubomirski \u2013 w\u0142a\u015bciciel m.in. maj\u0105tku rzochowsko-rzemie\u0144skiego, podstoli litewski.\u00a0<\/li>\r\n<!-- \/wp:list-item -->\r\n\r\n<!-- wp:list-item -->\r\n<li>1757 W\u0142a\u015bcicielem 2\/3 Mielca i mieleckiego maj\u0105tku zosta\u0142 Micha\u0142 Ossoli\u0144ski \u2013 kasztelanic czchowski.\u00a0<\/li>\r\n<!-- \/wp:list-item -->\r\n\r\n<!-- wp:list-item -->\r\n<li>ok. 1758 Proboszczem parafii w Rzochowie zosta\u0142 ks. J\u00f3zef S\u0119dzimir. Pe\u0142ni\u0142 t\u0119 funkcj\u0119 do 1770 r.<\/li>\r\n<!-- \/wp:list-item -->\r\n\r\n<!-- wp:list-item -->\r\n<li>1762 Zmar\u0142a Helena Morsztynowa \u2013 w\u0142a\u015bcicielka trzeciej cz\u0119\u015bci Mielca.<\/li>\r\n<!-- \/wp:list-item -->\r\n\r\n<!-- wp:list-item -->\r\n<li>1762 Biskup H. Wielog\u0142owski konsekrowa\u0142 ko\u015bci\u00f3\u0142 \u015bw. Mateusza.<\/li>\r\n<!-- \/wp:list-item -->\r\n\r\n<!-- wp:list-item -->\r\n<li>1763 Trzeci\u0105 cz\u0119\u015b\u0107 Mielca po Morsztynach przej\u0119li Ma\u0142achowscy.<\/li>\r\n<!-- \/wp:list-item -->\r\n\r\n<!-- wp:list-item -->\r\n<li>1763 J\u00f3zef Antoni Lasocki sprzeda\u0142 J\u00f3zefowi Stadnickiemu maj\u0105tek rzemie\u0144sko-rzochowski. Po \u015bmierci J\u00f3zefa maj\u0105tek\u00a0<\/li>\r\n<!-- \/wp:list-item -->\r\n\r\n<!-- wp:list-item -->\r\n<li>odziedziczy\u0142 jego syn \u2013 Piotr.<\/li>\r\n<!-- \/wp:list-item -->\r\n\r\n<!-- wp:list-item -->\r\n<li>1765 W Mielcu, licz\u0105cym blisko 3 tysi\u0105ce mieszka\u0144c\u00f3w, \u017cy\u0142o oko\u0142o 900 \u017byd\u00f3w.<\/li>\r\n<!-- \/wp:list-item -->\r\n\r\n<!-- wp:list-item -->\r\n<li>ok. 1767 Rozebrano zniszczony ko\u015bci\u00f3\u0142 \u015awi\u0119tej Tr\u00f3jcy. Prawdopodobnie dla upami\u0119tnienia tego miejsca wybudowano kapliczk\u0119, kt\u00f3ra przetrwa\u0142a do naszych czas\u00f3w (stoi przy ul. J. Lelewela).<\/li>\r\n<!-- \/wp:list-item -->\r\n\r\n<!-- wp:list-item -->\r\n<li>1768-1770 Wiele ofiar poch\u0142on\u0119\u0142a d\u0142ugotrwa\u0142a epidemia d\u017cumy.<\/li>\r\n<!-- \/wp:list-item -->\r\n\r\n<!-- wp:list-item -->\r\n<li>1770-1774 Proboszczem rzochowskim by\u0142 ks. Stefan Nowakowski.<\/li>\r\n<!-- \/wp:list-item -->\r\n\r\n<!-- wp:list-item -->\r\n<li>V 1771 W okolicy Mielca polskie wojsko pod dow\u00f3dztwem Kazimierza Pu\u0142askiego stoczy\u0142o zwyci\u0119sk\u0105 potyczk\u0119 z oddzia\u0142em rosyjskim. Nie wiadomo, czy K. Pu\u0142aski przebywa\u0142 w samym Mielcu.<\/li>\r\n<!-- \/wp:list-item --><\/ul>\r\n<!-- \/wp:list -->","protected":false},"excerpt":{"rendered":"<p>[ivory-search id=&#8221;258&#8243; title=&#8221;Wyszukiwarka&#8221;] &nbsp; &nbsp; MIELEC OD XII DO XVIII WIEKU XIII wiek 13 VI 1224 r. W dokumencie o rozgraniczeniu posiad\u0142o\u015bci w Pe\u0142czyskach biskupa krakowskiego Iwona w\u015br\u00f3d \u015bwiadk\u00f3w pojawia si\u0119 \u201ePaulik de Melcha\u201d (Pawlik z Mielca). Jest to pierwsza udokumentowana wzmianka o Mielcu. 1229? Bulla papie\u017ca Grzegorza IX wymienia w\u015br\u00f3d p\u0142ac\u0105cych dziesi\u0119cin\u0119 dla opactwa [&hellip;]<\/p>\n","protected":false},"author":1,"featured_media":0,"comment_status":"closed","ping_status":"open","sticky":false,"template":"","format":"standard","meta":{"footnotes":""},"categories":[5],"tags":[],"class_list":["post-136","post","type-post","status-publish","format-standard","hentry","category-kalendarium"],"_links":{"self":[{"href":"https:\/\/encyklopedia.mielec.pl\/index.php?rest_route=\/wp\/v2\/posts\/136","targetHints":{"allow":["GET"]}}],"collection":[{"href":"https:\/\/encyklopedia.mielec.pl\/index.php?rest_route=\/wp\/v2\/posts"}],"about":[{"href":"https:\/\/encyklopedia.mielec.pl\/index.php?rest_route=\/wp\/v2\/types\/post"}],"author":[{"embeddable":true,"href":"https:\/\/encyklopedia.mielec.pl\/index.php?rest_route=\/wp\/v2\/users\/1"}],"replies":[{"embeddable":true,"href":"https:\/\/encyklopedia.mielec.pl\/index.php?rest_route=%2Fwp%2Fv2%2Fcomments&post=136"}],"version-history":[{"count":0,"href":"https:\/\/encyklopedia.mielec.pl\/index.php?rest_route=\/wp\/v2\/posts\/136\/revisions"}],"wp:attachment":[{"href":"https:\/\/encyklopedia.mielec.pl\/index.php?rest_route=%2Fwp%2Fv2%2Fmedia&parent=136"}],"wp:term":[{"taxonomy":"category","embeddable":true,"href":"https:\/\/encyklopedia.mielec.pl\/index.php?rest_route=%2Fwp%2Fv2%2Fcategories&post=136"},{"taxonomy":"post_tag","embeddable":true,"href":"https:\/\/encyklopedia.mielec.pl\/index.php?rest_route=%2Fwp%2Fv2%2Ftags&post=136"}],"curies":[{"name":"wp","href":"https:\/\/api.w.org\/{rel}","templated":true}]}}